{"id":1905,"date":"2012-02-22T23:30:25","date_gmt":"2012-02-22T22:30:25","guid":{"rendered":"http:\/\/fjala.shkoder.net\/?p=1905"},"modified":"2012-02-22T23:30:25","modified_gmt":"2012-02-22T22:30:25","slug":"paul-tedeschini-pergjigje-kongresmenit-amerikan-joe-dioguardi","status":"publish","type":"post","link":"https:\/\/fjala.info\/2009-2015\/paul-tedeschini-pergjigje-kongresmenit-amerikan-joe-dioguardi\/","title":{"rendered":"Paul Tedeschini: P\u00ebrgjigje kongresmenit amerikan Joe DioGuardi"},"content":{"rendered":"<p><img decoding=\"async\" class=\"alignright size-thumbnail wp-image-7236\" title=\"Paul Tedeschini\" src=\"http:\/\/www.shkoder.net\/2012\/paul_tedeschini.jpg\" alt=\"\" width=\"200\" \/><br \/>\nT\u00eb ndertit<br \/>\nKryetari i Lidhjes Qytetare Shqiptaro-Amerikane Joe DioGuardi,<br \/>\nK\u00ebshilltarja p\u00ebr \u00c7\u00ebshtje t\u00eb Ballkanit Shirley Cloyes DioGuardi,<br \/>\ndhe disa an\u00ebtar\u00eb t\u00eb Komitetit Ekzekutiv t\u00eb Bordit t\u00eb Drejtor\u00ebve t\u00eb LQSHA-s\u00eb !<\/p>\n<p>Lexova me vem\u00ebndje letr\u00ebn tuej q\u00eb ma keni dergue me dat\u00ebn 01.01.2012 si dhe pers\u00ebri ma keni dergue me dat\u00ebn 21.02.2012 ( http:\/\/tribunashqiptare.net\/?p=3801 ) , n\u00eb t\u00eb cil\u00ebn ju paraqitni arsyet e jueja se pse Amerika duhet t\u00eb vazhdoj\u00eb ta mbaj n\u00eb Kosov\u00eb Kampin ushtarak Bondsteel n\u00eb kundershtim me mendimin e Administrates\u00eb Obama-s, e cila ka zgjedhur q\u00eb t\u00eb marr\u00eb nj\u00eb rol dyt\u00ebsor prapa Evrop\u00ebs kur \u00ebsht\u00eb fjala p\u00ebr Kosov\u00ebn dhe Ballkanin.<\/p>\n<p>Per k\u00ebt\u00eb mendim tuejin un personalisht kam tri v\u00ebrejtje kryesore:<br \/>\nS\u00eb pari nuk m\u00eb duket se ju keni t\u00eb drejt\u00eb t\u00eb pretendoni se perfaq\u00ebsoni mendimin e t\u00eb gjith\u00eb 750.000 shqiptar\u00ebve q\u00eb banojn\u00eb n\u00eb Shtetet e Bashkueme t\u00eb Amerik\u00ebs perderisa nuk asht ba nga ana e juej dhe nga ana e askerkuj tjet\u00ebr nj\u00eb lloj verifikimi t\u00eb mendimit t\u00eb k\u00ebtyne 750.000 shqiptarve rreth mbajtjes ose jo t\u00eb baz\u00ebs ushtarake amerikane Bondsteel n\u00eb Kosov\u00eb. Kjo i ngjan\u00eb tamam metodave t\u00eb koh\u00ebs s\u00eb diktatur\u00ebs komuniste n\u00eb Shqipni ku rezultati i zgjedhjeve ka qen\u00eb gjithmon\u00eb per nji gjys\u00ebm shekulli rresht 99.99 % n\u00eb favor t\u00eb shtetit t\u00eb diktatures komuniste.<\/p>\n<p>S\u00eb dyti krejt\u00eb arsyetimi i juej t\u00eb len t\u00eb kuptosh se mjerisht ju nuk e njihni fare historin\u00eb e Ballkanit dhe per pasoj\u00eb ajo q\u00eb ju propozoni asht antihistorike, antipraktike dhe kundra interesave t\u00eb paq\u00ebs n\u00eb Ballkan e kryesisht kundra interesave t\u00eb vet\u00eb popullit shqiptar\/kosovar per drejt\u00ebsi dhe qet\u00ebsi.<br \/>\nN\u00eb momente t\u00eb ndryshme her\u00eb paravlen\u00eb zgjidhja ushtarake e her\u00eb paravlen\u00eb zgjidhja politike e problemeve simbas rastit.<\/p>\n<p>N\u00eb k\u00ebt\u00eb moment historik per shqiptar\u00ebt\/kosovar\u00ebt, mbas zgjidhjes ushtarake t\u00eb nderhymjes s\u00eb detyrueme n\u00eb vitin 1999 kundra forcave shoviniste serbe, t\u00eb cilat po kryejshin krime t\u00eb shemtueme ndaj popullsis\u00eb v\u00ebndase dhe t\u00eb pafajshme shqip\u00ebtare t\u00eb Kosov\u00ebs, sot mbas nj\u00eb dekade, n\u00eb ket\u00eb moment tjeter ku 85 v\u00ebnde t\u00eb bot\u00ebs e kan\u00eb njoht\u00eb tashma pavar\u00ebsin\u00eb e Kosov\u00ebs, shqiptar\u00ebt\/kosovar\u00ebt kan nevoj\u00eb per zgjidhje politike\/paq\u00ebsore e jo per zgjidhje ushtarake, sepse shqiptar\u00ebt kan nevoj\u00eb per paq\u00eb dhe rindertim. Vazhdimi vet\u00ebm i zgjidhjeve ushtarake do t\u00eb ishte i damsh\u00ebm po nuk u alternue me zgjidhjet politike, pamvarsisht nga qellimi pro o kunder i Administrates s\u00eb Obama-s, e cila ka zgjedhur q\u00eb t\u00eb marr\u00eb nj\u00eb rol dyt\u00ebsor prapa Evrop\u00ebs kur \u00ebsht\u00eb fjala p\u00ebr Kosov\u00ebn dhe Ballkanin me arsyetimin, q\u00eb Amerika \u00ebsht\u00eb zhytur n\u00eb luft\u00eb n\u00eb Afganistan.<\/p>\n<p>Se treti ju nder t\u00eb tjera pohoni: \u201cGjat\u00eb vitit t\u00eb kaluar \u00ebsht\u00eb raportuar se Kampi Bondsteel, i cili u nd\u00ebrtua n\u00eb Kosov\u00eb nga Shtetet e Bashkuara pasi sulmet ajrore t\u00eb NATO-s kund\u00ebr Serbis\u00eb i dhan\u00eb fund luft\u00ebs s\u00eb Kosov\u00ebs n\u00eb qershor t\u00eb vitit 1999, do t\u00eb vihet n\u00ebn komand\u00ebn turke. Meqen\u00ebse Turqia \u00ebsht\u00eb nj\u00eb aleate e fort\u00eb e Kosov\u00ebs, n\u00eb teori largimi i trupave amerikane nga Kampi Bondsteel do t\u00eb kishte kuptim.\u201d<br \/>\nMe k\u00ebt\u00eb pohim ju tregoni se nuk e njihni fare historin\u00eb e Ballkanit dhe se me k\u00ebt\u00eb ju veproni kund\u00ebr m\u00ebsimeve t\u00eb historis\u00eb dhe prandej ju do t\u00eb deshtojshit dhe do ta damtojshit rand\u00eb situat\u00ebn e Kosov\u00ebs.<\/p>\n<p>Ju pohoni se \u201cTurqia \u00ebsht\u00eb nj\u00eb aleate e fort\u00eb e Kosov\u00ebs, n\u00eb teori largimi i trupave amerikane nga Kampi Bondsteel do t\u00eb kishte kuptim.\u201d. S\u00eb pari nuk rezulton fare, nga asnj\u00eb aleanc\u00eb dhe nga asnj\u00eb fakt historik q\u00eb Turqia t\u00eb jet\u00eb aleate e Kosov\u00ebs. Turqia mund t\u00eb jet\u00eb aleate e Amerik\u00ebs n\u00eb politiken e saj\u00eb t\u00eb jashtme n\u00eb raport me v\u00ebndet e Lindjes dhe me NATO-n, por jo aleate e ballkansve perfshi k\u00ebtu edhe shqiptar\u00ebt.<\/p>\n<p>Me \u00e7\u2019far\u00eb bazash historike e provoni ju se Turqia q\u00ebnka aleate e shqiptarve dhe e ballkansve?! Me historin\u00eb e pushtimit pes\u00eb shekullor dhune mizore t\u00eb turqve kundra t\u00eb cil\u00ebve i gjith\u00eb Ballkani, perfshi edhe vet\u00eb Europen Prendimore, luftoi kundra ketij pushtimi?! Me masakrat q\u00eb gjat\u00eb atij pushtimi turqit kan ba ndaj popujve t\u00eb Ballkanit perfshi k\u00ebtu edhe ndaj shqiptarve, ashtu njilloj si ndaj popullit armen, per t\u00eb cilat vet\u00eb Amerika e ka kritikue Turqin\u00eb, sepse Turqia nuk pranon gjenocidin ndaj armenve dhe nuk i kerkon t\u00eb falun popullit armen?! T\u00eb njajtat gjenocide ka ba Turqia edhe n\u00eb Ballkan. At\u00ebher\u00eb ku na q\u00ebnkan aleat\u00ebt e Turqis\u00eb n\u00eb Kosov\u00eb apo Ballkan ?!?!<\/p>\n<p>Me perjashtim t\u00eb disa pakicave mbetjesh kolonsh turqish apo t\u00eb nostalgjikve gjakperzjersish shqiptar\u00eb me kolon afro-aziatik\u00eb turq, ashkeli e romesh etj n\u00eb Ballkan, i gjith\u00eb Ballkani pa perjashtim i urren me t\u00eb drejt\u00eb turqit, aq\u00eb ma tep\u00ebr q\u00eb ato nuk u kan k\u00ebrkue kurr falje popujve t\u00eb Ballkani per k\u00ebto krimet t\u00eb bame. Zevend\u00ebsimi i forcave ushtarake amerikane n\u00eb Kampin Bondsteel n\u00eb Kosov\u00eb me forcat ushtarake turke do t\u00eb ishte kundra historike dhe do t\u00eb ishte si ti futej benzin\u00eb zjarrit n\u00eb Ballkan. Pasojat do t\u00eb ishin shum\u00eb t\u00eb damshme dhe t\u00eb pak\u00ebthyeshme. N\u00eb k\u00ebt\u00eb rast do t\u00eb kishte pretekst edhe Rusia t\u00eb nderhynte n\u00eb Ballkan.<\/p>\n<p>Jo zotni kongresmen\u00eb amerikan\u00eb, me ose pa origjine shqiptare! Jo! Populli shqiptar dhe t\u00eb gjith\u00eb popujt e Ballkanit nuk i don\u00eb ma forcat ushtarake turke n\u00eb Ballkan. N\u00eb k\u00ebt\u00eb rast Serbis\u00eb do ti jepej nji pretekst real per aleanca ballkanike antishqiptare dhe antiamerikane. Le ta zgjidhin politikisht vet\u00eb Europa problemin e Ballkanit. N\u00eb k\u00ebt\u00eb faz\u00eb zevend\u00ebsimi i forcave ushtarake amerikane me forcat turke do t\u00eb ishte shum\u00eb e damshme per paqen n\u00eb rajon.<\/p>\n<p>Pamvarsisht nga arsyet q\u00eb e shtyjn\u00eb administraten amerikane t\u00eb presidentit Obama, un personalisht e mb\u00ebshtes plot\u00ebsisht zgjidhjen, q\u00eb ka ba Administrata e Obama-s, q\u00eb t\u00eb marr\u00eb nj\u00eb rol dyt\u00ebsor prapa Evrop\u00ebs kur \u00ebsht\u00eb fjala p\u00ebr Kosov\u00ebn dhe Ballkanin.<br \/>\nKush nuk m\u00ebson nga historia gabon e gabon rande.<\/p>\n<p>\u201cHistoria magistra vitae est\u201d ( \u201cHistoria \u00ebsht\u00eb m\u00ebsuesja e jet\u00ebs\u201d )<br \/>\nPaul Tedeschini-Europ\u00eb, 22.02.2012<br \/>\nPublikue n\u00eb http:\/\/kosova.albemigrant.com\/?p=4960<\/p>\n<p>&#8212;&#8212;&#8212;&#8212;&#8212;&#8212;<\/p>\n<p><img decoding=\"async\" class=\"alignright size-thumbnail wp-image-7236\" title=\"AACL\" src=\"http:\/\/www.shkoder.net\/2012\/aacl.jpg\" alt=\"\" width=\"200\" \/> <strong><em>Liga Qytetare Shqiptaro-Amerikane paraqet argumentet p\u00ebr mbajtjen e pranis\u00eb amerikane n\u00eb Kampin Bondsteel<\/em><\/strong><\/p>\n<p><strong>Liga Qytetare Shqiptaro-Amerikane<\/strong><\/p>\n<p>M\u00eb 12 dhjetor, 2011, Kryetari i Lidhjes Qytetare Shqiptaro-Amerikane Joe DioGuardi, K\u00ebshilltarja p\u00ebr \u00c7\u00ebshtje t\u00eb Ballkanit Shirley Cloyes DioGuardi, dhe disa an\u00ebtar\u00eb t\u00eb Komitetit Ekzekutiv t\u00eb Bordit t\u00eb Drejtor\u00ebve t\u00eb LQSHA-s\u00eb u takuan me Kongresistin<\/p>\n<p>Buck McKeon (R-CA) n\u00eb Manhattan. Q\u00ebllimi i takimit ishte q\u00eb Kongresisti McKeon, i cili \u00ebsht\u00eb Kryetar i Komitetit t\u00eb Sh\u00ebrbimeve t\u00eb Armatosura n\u00eb Dhom\u00ebn e P\u00ebrfaq\u00ebsuesve, t\u00eb informohet shkurt\u00ebr p\u00ebr p\u00ebrshkall\u00ebzimin e konfliktit n\u00eb veri t\u00eb Kosov\u00ebs dhe nevoj\u00ebn<\/p>\n<p>p\u00ebr t\u00eb zgjidhur konfliktin para se largimi i planifikuar i trupave amerikane nga Kampi i Bondsteel-it t\u00eb ndodh.<\/p>\n<p>Prezantimi n\u00eb vijim u b\u00eb nga Shirley Cloyes DioGuardi n\u00eb em\u00ebr t\u00eb Lidhjes Qytetare n\u00eb mb\u00ebshtetje t\u00eb mbajtjes s\u00eb lidershipit amerikan n\u00eb Kampin Bondsteel:<\/p>\n<p>Ne jemi t\u00eb gjith\u00eb t\u00eb vet\u00ebdijsh\u00ebm p\u00ebr faktin se shkurtimet do t\u00eb b\u00ebhen n\u00eb buxhetin e Departamentit t\u00eb Mbrojtjes dhe se kjo do t\u00eb p\u00ebrfshij\u00eb mbylljen e disa bazave ushtarake amerikane n\u00eb vend dhe jasht\u00eb vendit. Gjat\u00eb vitit t\u00eb kaluar \u00ebsht\u00eb raportuar se Kampi Bondsteel, i cili u nd\u00ebrtua n\u00eb Kosov\u00eb nga Shtetet e Bashkuara pasi sulmet ajrore t\u00eb NATO-s kund\u00ebr Serbis\u00eb i dhan\u00eb fund luft\u00ebs s\u00eb Kosov\u00ebs n\u00eb qershor t\u00eb vitit 1999, do t\u00eb vihet n\u00ebn komand\u00ebn turke. Meqen\u00ebse Turqia \u00ebsht\u00eb nj\u00eb aleate e fort\u00eb e Kosov\u00ebs, n\u00eb teori largimi i trupave amerikane nga Kampi Bondsteel do t\u00eb kishte kuptim. Megjithat\u00eb, n\u00eb praktik\u00eb, un\u00eb do t\u00eb argumentoja se \u00ebsht\u00eb e parakohshme p\u00ebr Shtetet e Bashkuara t\u00eb<\/p>\n<p>sinjalizojn\u00eb largimin e tyre nga Kosova, pasi ajo \u00ebsht\u00eb e vetmja penges\u00eb e v\u00ebrtet\u00eb ndaj q\u00ebllimeve ekspansioniste t\u00eb Serbis\u00eb.<\/p>\n<p>N\u00eb fund t\u00eb luft\u00ebs s\u00eb Kosov\u00ebs Beogradi krijoi dhe financoi strukturat paralele politike dhe ekonomike n\u00eb veri t\u00eb Kosov\u00ebs t\u00eb drejtuara nga serb\u00ebt e Kosov\u00ebs. Me vet\u00ebm nj\u00eb kund\u00ebrshtim n\u00eb form\u00eb retorike boshe nga Per\u00ebndimi, Beogradi ka qen\u00eb n\u00eb gjendje ta destabilizoje Kosov\u00ebn, dhe me at\u00eb, edhe rajonin p\u00ebr m\u00eb shum\u00eb se nj\u00eb dekad\u00eb. Beogradi ka qen\u00eb n\u00eb gjendje t\u00eb ket\u00eb dor\u00ebn e sip\u00ebrme n\u00eb veri, sepse vet\u00ebm 85 vende kan\u00eb njohur pavar\u00ebsin\u00eb e Kosov\u00ebs (SHBA ishte e para) q\u00eb kur ajo shpalli pavar\u00ebsin\u00eb n\u00eb shkurt t\u00eb vitit 2008.<\/p>\n<p>Serbia ka th\u00ebn\u00eb vazhdimisht se ajo ka p\u00ebr q\u00ebllim ta b\u00ebj t\u00eb p\u00ebrhershme dhe realitet de jure ndarjen e tanishme de facto t\u00eb veriut t\u00eb Kosov\u00ebs, dhe kjo \u00ebsht\u00eb m\u00eb af\u00ebr realizimit, n\u00eb nj\u00eb mas\u00eb t\u00eb madhe p\u00ebr shkak t\u00eb mosveprimit nga ana e administrat\u00ebs s\u00eb Obama-s. Administrata e Obama-s ka zgjedhur q\u00eb t\u00eb marr\u00eb nj\u00eb rol dyt\u00ebsor prapa Evrop\u00ebs kur \u00ebsht\u00eb fjala p\u00ebr Kosov\u00ebn dhe Ballkanin. P\u00ebrderisa n\u00eb sip\u00ebrfaqe kjo do t\u00eb dukej t\u00eb jet\u00eb nj\u00eb vendim logjik pasi q\u00eb Amerika \u00ebsht\u00eb zhytur n\u00eb luft\u00eb n\u00eb Afganistan, megjithat\u00eb \u00ebsht\u00eb nj\u00eb gabim. Siq e di mir\u00eb Kongresi, sa her\u00eb q\u00eb Amerika ka marr\u00eb nj\u00eb dyt\u00ebsor prapa Europ\u00ebs n\u00eb Ballkan, Shtetet e Bashkuara kan\u00eb paguar \u00e7mimin n\u00eb fund t\u00eb fundit me \u201cgjak dhe thesar.\u201d<\/p>\n<p>Kriza n\u00eb veri u p\u00ebrshkall\u00ebzua me 23 n\u00ebntor 2011 kur serb\u00ebt e Kosov\u00ebs u p\u00ebrleshen me trupat NATO-s (t\u00eb njohur si KFOR), duke plagosur r\u00ebnd\u00eb 21, n\u00eb p\u00ebrpjekjet e tyre p\u00ebr t\u00eb ruajtur barrikadat q\u00eb i kishin ngritur q\u00eb n\u00eb shtator p\u00ebr t\u00eb bllokuar zyrtar\u00ebt e doganave kufitare t\u00eb Kosoves q\u00eb ata t\u00eb mos mund t\u00eb shkojn\u00eb n\u00eb kufirin mes Kosov\u00ebs dhe Serbis\u00eb.<\/p>\n<p>Kat\u00ebr trupa t\u00eb NATO-s dhe gjasht\u00ebmb\u00ebdhjet\u00eb civil\u00eb serb\u00eb u plagos\u00ebn dhe nj\u00eb polic shqiptar e nj\u00eb serb u vran\u00eb n\u00eb p\u00ebrleshjet e m\u00ebparshme. Zyrtar\u00ebt e doganave t\u00eb Kosov\u00ebs t\u00eb ndihmuar nga p\u00ebrfaq\u00ebsuesit e BE-s\u00eb, kan\u00eb qen\u00eb duke u p\u00ebrpjekur q\u00eb t\u00eb heqin barrikadat dhe q\u00eb t\u00eb udh\u00ebtojn\u00eb deri n\u00eb kufi n\u00eb m\u00ebnyr\u00eb q\u00eb t\u00eb zbatojn\u00eb nj\u00eb marr\u00ebveshje paraprake doganore q\u00eb u n\u00ebnshkrua bashkarisht nga negociator\u00ebt n\u00eb bisedimet Prishtin\u00eb-Beograd,<\/p>\n<p>t\u00eb cilat filluan n\u00eb pranver\u00ebn e kaluar n\u00eb Bruksel dhe jan\u00eb duke u leht\u00ebsuar nga Bashkimi Evropian. Megjithat\u00eb, ekstremist\u00ebt n\u00eb veri t\u00eb mb\u00ebshtetur nga Beogradi refuzojn\u00eb t\u00eb njohin pavar\u00ebsin\u00eb e Kosov\u00ebs dhe duan ta parandolojne qeverin\u00eb e Kosov\u00ebs q\u00eb t\u00eb shtrij\u00eb autoritetin e saj n\u00eb t\u00eb gjith\u00eb territorin.<\/p>\n<p>Siq deklaroi me t\u00eb drejt\u00eb nj\u00eb raport i fundit i Grupit Nd\u00ebrkomb\u00ebtar t\u00eb Krizave, \u201ckonflikti n\u00eb veri jo vet\u00ebm q\u00eb i v\u00eb serb\u00ebt e veriut kund\u00ebr Kosov\u00ebs dhe Kosov\u00ebn kunder Serbis\u00eb, por edhe Serbin\u00eb kund\u00ebr Bashkimit Evropian.\u201d Kjo \u00ebsht\u00eb arsyeja p\u00ebrse Liga Qytetare Shqiptaro-Amerikane, e cila \u00ebsht\u00eb nj\u00eb grup vullnetar avokues q\u00eb p\u00ebrfaq\u00ebson shqet\u00ebsimet e 750.000 shqiptaro-amerikan\u00ebve, beson se Shtetet e Bashkuara duhet t\u00eb vonojn\u00eb largimin e saj nga Kampi Bondsteel deri sa konflikti n\u00eb veri t\u00eb jet\u00eb zgjidhur.<\/p>\n<p>P\u00ebr fat t\u00eb mir\u00eb, dinamikat ndryshuan m\u00eb 9 dhjetor kur kryeministrja gjermane Angela Merkel me sukses parandaloi BE-n\u00eb nga dh\u00ebnia Serbis\u00eb e statusit t\u00eb vendit kandidat p\u00ebr an\u00ebtar\u00ebsim n\u00eb BE k\u00ebt\u00eb muaj. Serbis\u00eb iu tha se deri n\u00eb Mars duhet t\u00eb demonstroj\u00eb se ka shp\u00ebrb\u00ebr\u00eb barrikadat n\u00eb veri t\u00eb Kosov\u00ebs dhe se ka lejuar lirin\u00eb e l\u00ebvizjes p\u00ebr trupat e KFOR-it dhe zyrtar\u00ebt e BE-s\u00eb dhe Kosov\u00ebs.<\/p>\n<p>Merkel tashm\u00eb ka sinjalizuar nj\u00eb ndryshim t\u00eb ri e premtues n\u00eb mb\u00ebshtetjen e pand\u00ebrprer\u00eb t\u00eb BE-s\u00eb p\u00ebr Beogradin kur ajo u takua me presidentin serb Boris Tadi\u00e7 n\u00eb Beograd n\u00eb gushtin e kaluar dhe i tha atij se n\u00ebse Serbia d\u00ebshiron t\u00eb arrij\u00eb statusin e vendit t\u00eb kandidatit p\u00ebr an\u00ebtar\u00ebsim n\u00eb BE, ajo duhet t\u00eb arrij\u00eb rezultate n\u00eb dialogun me Kosov\u00ebn, duhet t\u00eb shfuqizoj\u00eb t\u00eb gjitha strukturat paralele t\u00eb paligjshme n\u00eb veri t\u00eb Kosov\u00ebs, dhe p\u00ebrfundimisht t\u00eb njoh\u00eb sovranitetin e plot\u00eb e t\u00eb pandar\u00eb t\u00eb Kosov\u00ebs gjat\u00eb integrimit t\u00eb Serbis\u00eb n\u00eb BE.<\/p>\n<p>Edhe pse Serbia d\u00ebshironte t\u00eb arrinte statusin e vendit kandidat deri n\u00eb fund t\u00eb vitit 2011, Tadi\u00e7 iu p\u00ebrgjigj k\u00ebrkesave t\u00eb Merkel-it duke th\u00ebn\u00eb se Serbia nuk do ti leshonte pe BE-s\u00eb p\u00ebr Kosov\u00ebn. Tani ai p\u00ebrballet n\u00eb m\u00ebnyr\u00eb t\u00eb qart\u00eb me nj\u00eb zgjedhje n\u00eb mes t\u00eb pranimit nga BE-ja dhe mbajtjes mbi Kosov\u00ebn.<\/p>\n<p>Ka shum\u00eb gjasa q\u00eb Tadi\u00e7 t\u00eb provoj\u00eb ta mbaj\u00eb veriun dhe kjo do t\u00eb v\u00ebr\u00eb Kosov\u00ebn dhe Evrop\u00ebn Juglindore n\u00eb rrezik t\u00eb nj\u00eb dhune t\u00eb re. Duke p\u00ebrq\u00ebndruar v\u00ebmendjen amerikane diplomatike dhe ushtarake n\u00eb Kosov\u00eb dhe n\u00eb Ballkan tani, ne mund t\u00eb parandalojm\u00eb nj\u00eb konflikt t\u00eb kushtueshem dhe potencialisht vdekjeprur\u00ebs n\u00eb muajt p\u00ebrpara.<\/p>\n<p>Perktheu: <strong>Luan Mazreku<\/strong><\/p>\n","protected":false},"excerpt":{"rendered":"<p>T\u00eb ndertit Kryetari i Lidhjes Qytetare Shqiptaro-Amerikane Joe DioGuardi, K\u00ebshilltarja p\u00ebr \u00c7\u00ebshtje t\u00eb Ballkanit Shirley Cloyes DioGuardi, dhe disa an\u00ebtar\u00eb t\u00eb Komitetit Ekzekutiv t\u00eb Bordit t\u00eb Drejtor\u00ebve t\u00eb LQSHA-s\u00eb ! Lexova me vem\u00ebndje letr\u00ebn tuej q\u00eb ma keni dergue me dat\u00ebn 01.01.2012 si dhe pers\u00ebri ma keni dergue me dat\u00ebn 21.02.2012 ( http:\/\/tribunashqiptare.net\/?p=3801 ) , [&hellip;]<\/p>\n","protected":false},"author":1,"featured_media":0,"comment_status":"open","ping_status":"closed","sticky":false,"template":"","format":"standard","meta":{"footnotes":""},"categories":[2],"tags":[],"class_list":{"0":"post-1905","1":"post","2":"type-post","3":"status-publish","4":"format-standard","6":"category-artikuj"},"yoast_head":"<!-- This site is optimized with the Yoast SEO plugin v27.4 - https:\/\/yoast.com\/product\/yoast-seo-wordpress\/ -->\n<title>Paul Tedeschini: P\u00ebrgjigje kongresmenit amerikan Joe DioGuardi - FjALA e LIR\u00cb - Arkivi<\/title>\n<meta name=\"robots\" content=\"index, follow, max-snippet:-1, max-image-preview:large, max-video-preview:-1\" \/>\n<link rel=\"canonical\" href=\"https:\/\/fjala.info\/2009-2015\/paul-tedeschini-pergjigje-kongresmenit-amerikan-joe-dioguardi\/\" \/>\n<meta property=\"og:locale\" content=\"sq_AL\" \/>\n<meta property=\"og:type\" content=\"article\" \/>\n<meta property=\"og:title\" content=\"Paul Tedeschini: P\u00ebrgjigje kongresmenit amerikan Joe DioGuardi - FjALA e LIR\u00cb - Arkivi\" \/>\n<meta property=\"og:description\" content=\"T\u00eb ndertit Kryetari i Lidhjes Qytetare Shqiptaro-Amerikane Joe DioGuardi, K\u00ebshilltarja p\u00ebr \u00c7\u00ebshtje t\u00eb Ballkanit Shirley Cloyes DioGuardi, dhe disa an\u00ebtar\u00eb t\u00eb Komitetit Ekzekutiv t\u00eb Bordit t\u00eb Drejtor\u00ebve t\u00eb LQSHA-s\u00eb ! Lexova me vem\u00ebndje letr\u00ebn tuej q\u00eb ma keni dergue me dat\u00ebn 01.01.2012 si dhe pers\u00ebri ma keni dergue me dat\u00ebn 21.02.2012 ( http:\/\/tribunashqiptare.net\/?p=3801 ) , [&hellip;]\" \/>\n<meta property=\"og:url\" content=\"https:\/\/fjala.info\/2009-2015\/paul-tedeschini-pergjigje-kongresmenit-amerikan-joe-dioguardi\/\" \/>\n<meta property=\"og:site_name\" content=\"FjALA e LIR\u00cb - Arkivi\" \/>\n<meta property=\"article:published_time\" content=\"2012-02-22T22:30:25+00:00\" \/>\n<meta property=\"og:image\" content=\"http:\/\/www.shkoder.net\/2012\/paul_tedeschini.jpg\" \/>\n<meta name=\"author\" content=\"admin\" \/>\n<meta name=\"twitter:card\" content=\"summary_large_image\" \/>\n<meta name=\"twitter:label1\" content=\"Written by\" \/>\n\t<meta name=\"twitter:data1\" content=\"admin\" \/>\n\t<meta name=\"twitter:label2\" content=\"Est. reading time\" \/>\n\t<meta name=\"twitter:data2\" content=\"11 minutes\" \/>\n<script type=\"application\/ld+json\" class=\"yoast-schema-graph\">{\"@context\":\"https:\\\/\\\/schema.org\",\"@graph\":[{\"@type\":\"Article\",\"@id\":\"https:\\\/\\\/fjala.info\\\/2009-2015\\\/paul-tedeschini-pergjigje-kongresmenit-amerikan-joe-dioguardi\\\/#article\",\"isPartOf\":{\"@id\":\"https:\\\/\\\/fjala.info\\\/2009-2015\\\/paul-tedeschini-pergjigje-kongresmenit-amerikan-joe-dioguardi\\\/\"},\"author\":{\"name\":\"admin\",\"@id\":\"https:\\\/\\\/fjala.info\\\/2009-2015\\\/#\\\/schema\\\/person\\\/3aa1163ef05469c496fc94e77611ada2\"},\"headline\":\"Paul Tedeschini: P\u00ebrgjigje kongresmenit amerikan Joe DioGuardi\",\"datePublished\":\"2012-02-22T22:30:25+00:00\",\"mainEntityOfPage\":{\"@id\":\"https:\\\/\\\/fjala.info\\\/2009-2015\\\/paul-tedeschini-pergjigje-kongresmenit-amerikan-joe-dioguardi\\\/\"},\"wordCount\":2191,\"commentCount\":0,\"publisher\":{\"@id\":\"https:\\\/\\\/fjala.info\\\/2009-2015\\\/#organization\"},\"image\":{\"@id\":\"https:\\\/\\\/fjala.info\\\/2009-2015\\\/paul-tedeschini-pergjigje-kongresmenit-amerikan-joe-dioguardi\\\/#primaryimage\"},\"thumbnailUrl\":\"http:\\\/\\\/www.shkoder.net\\\/2012\\\/paul_tedeschini.jpg\",\"articleSection\":[\"Artikuj\"],\"inLanguage\":\"sq-AL\",\"potentialAction\":[{\"@type\":\"CommentAction\",\"name\":\"Comment\",\"target\":[\"https:\\\/\\\/fjala.info\\\/2009-2015\\\/paul-tedeschini-pergjigje-kongresmenit-amerikan-joe-dioguardi\\\/#respond\"]}]},{\"@type\":\"WebPage\",\"@id\":\"https:\\\/\\\/fjala.info\\\/2009-2015\\\/paul-tedeschini-pergjigje-kongresmenit-amerikan-joe-dioguardi\\\/\",\"url\":\"https:\\\/\\\/fjala.info\\\/2009-2015\\\/paul-tedeschini-pergjigje-kongresmenit-amerikan-joe-dioguardi\\\/\",\"name\":\"Paul Tedeschini: P\u00ebrgjigje kongresmenit amerikan Joe DioGuardi - FjALA e LIR\u00cb - Arkivi\",\"isPartOf\":{\"@id\":\"https:\\\/\\\/fjala.info\\\/2009-2015\\\/#website\"},\"primaryImageOfPage\":{\"@id\":\"https:\\\/\\\/fjala.info\\\/2009-2015\\\/paul-tedeschini-pergjigje-kongresmenit-amerikan-joe-dioguardi\\\/#primaryimage\"},\"image\":{\"@id\":\"https:\\\/\\\/fjala.info\\\/2009-2015\\\/paul-tedeschini-pergjigje-kongresmenit-amerikan-joe-dioguardi\\\/#primaryimage\"},\"thumbnailUrl\":\"http:\\\/\\\/www.shkoder.net\\\/2012\\\/paul_tedeschini.jpg\",\"datePublished\":\"2012-02-22T22:30:25+00:00\",\"breadcrumb\":{\"@id\":\"https:\\\/\\\/fjala.info\\\/2009-2015\\\/paul-tedeschini-pergjigje-kongresmenit-amerikan-joe-dioguardi\\\/#breadcrumb\"},\"inLanguage\":\"sq-AL\",\"potentialAction\":[{\"@type\":\"ReadAction\",\"target\":[\"https:\\\/\\\/fjala.info\\\/2009-2015\\\/paul-tedeschini-pergjigje-kongresmenit-amerikan-joe-dioguardi\\\/\"]}]},{\"@type\":\"ImageObject\",\"inLanguage\":\"sq-AL\",\"@id\":\"https:\\\/\\\/fjala.info\\\/2009-2015\\\/paul-tedeschini-pergjigje-kongresmenit-amerikan-joe-dioguardi\\\/#primaryimage\",\"url\":\"http:\\\/\\\/www.shkoder.net\\\/2012\\\/paul_tedeschini.jpg\",\"contentUrl\":\"http:\\\/\\\/www.shkoder.net\\\/2012\\\/paul_tedeschini.jpg\"},{\"@type\":\"BreadcrumbList\",\"@id\":\"https:\\\/\\\/fjala.info\\\/2009-2015\\\/paul-tedeschini-pergjigje-kongresmenit-amerikan-joe-dioguardi\\\/#breadcrumb\",\"itemListElement\":[{\"@type\":\"ListItem\",\"position\":1,\"name\":\"Home\",\"item\":\"https:\\\/\\\/fjala.info\\\/2009-2015\\\/\"},{\"@type\":\"ListItem\",\"position\":2,\"name\":\"Paul Tedeschini: P\u00ebrgjigje kongresmenit amerikan Joe DioGuardi\"}]},{\"@type\":\"WebSite\",\"@id\":\"https:\\\/\\\/fjala.info\\\/2009-2015\\\/#website\",\"url\":\"https:\\\/\\\/fjala.info\\\/2009-2015\\\/\",\"name\":\"FjALA e LIR\u00cb - Arkivi\",\"description\":\"Arkivi 2009-2015\",\"publisher\":{\"@id\":\"https:\\\/\\\/fjala.info\\\/2009-2015\\\/#organization\"},\"potentialAction\":[{\"@type\":\"SearchAction\",\"target\":{\"@type\":\"EntryPoint\",\"urlTemplate\":\"https:\\\/\\\/fjala.info\\\/2009-2015\\\/?s={search_term_string}\"},\"query-input\":{\"@type\":\"PropertyValueSpecification\",\"valueRequired\":true,\"valueName\":\"search_term_string\"}}],\"inLanguage\":\"sq-AL\"},{\"@type\":\"Organization\",\"@id\":\"https:\\\/\\\/fjala.info\\\/2009-2015\\\/#organization\",\"name\":\"FjALA e LIR\u00cb - Arkivi\",\"url\":\"https:\\\/\\\/fjala.info\\\/2009-2015\\\/\",\"logo\":{\"@type\":\"ImageObject\",\"inLanguage\":\"sq-AL\",\"@id\":\"https:\\\/\\\/fjala.info\\\/2009-2015\\\/#\\\/schema\\\/logo\\\/image\\\/\",\"url\":\"\",\"contentUrl\":\"\",\"caption\":\"FjALA e LIR\u00cb - Arkivi\"},\"image\":{\"@id\":\"https:\\\/\\\/fjala.info\\\/2009-2015\\\/#\\\/schema\\\/logo\\\/image\\\/\"}},{\"@type\":\"Person\",\"@id\":\"https:\\\/\\\/fjala.info\\\/2009-2015\\\/#\\\/schema\\\/person\\\/3aa1163ef05469c496fc94e77611ada2\",\"name\":\"admin\",\"image\":{\"@type\":\"ImageObject\",\"inLanguage\":\"sq-AL\",\"@id\":\"https:\\\/\\\/fjala.info\\\/2009-2015\\\/wp-content\\\/uploads\\\/2012\\\/02\\\/arben_cokaj-120x150.jpg\",\"url\":\"https:\\\/\\\/fjala.info\\\/2009-2015\\\/wp-content\\\/uploads\\\/2012\\\/02\\\/arben_cokaj-120x150.jpg\",\"contentUrl\":\"https:\\\/\\\/fjala.info\\\/2009-2015\\\/wp-content\\\/uploads\\\/2012\\\/02\\\/arben_cokaj-120x150.jpg\",\"caption\":\"admin\"},\"description\":\"Admin, Fjala e Lir\u00eb\",\"sameAs\":[\"https:\\\/\\\/fjala.info\\\/\"],\"url\":\"https:\\\/\\\/fjala.info\\\/2009-2015\\\/author\\\/admin\\\/\"}]}<\/script>\n<!-- \/ Yoast SEO plugin. -->","yoast_head_json":{"title":"Paul Tedeschini: P\u00ebrgjigje kongresmenit amerikan Joe DioGuardi - FjALA e LIR\u00cb - Arkivi","robots":{"index":"index","follow":"follow","max-snippet":"max-snippet:-1","max-image-preview":"max-image-preview:large","max-video-preview":"max-video-preview:-1"},"canonical":"https:\/\/fjala.info\/2009-2015\/paul-tedeschini-pergjigje-kongresmenit-amerikan-joe-dioguardi\/","og_locale":"sq_AL","og_type":"article","og_title":"Paul Tedeschini: P\u00ebrgjigje kongresmenit amerikan Joe DioGuardi - FjALA e LIR\u00cb - Arkivi","og_description":"T\u00eb ndertit Kryetari i Lidhjes Qytetare Shqiptaro-Amerikane Joe DioGuardi, K\u00ebshilltarja p\u00ebr \u00c7\u00ebshtje t\u00eb Ballkanit Shirley Cloyes DioGuardi, dhe disa an\u00ebtar\u00eb t\u00eb Komitetit Ekzekutiv t\u00eb Bordit t\u00eb Drejtor\u00ebve t\u00eb LQSHA-s\u00eb ! Lexova me vem\u00ebndje letr\u00ebn tuej q\u00eb ma keni dergue me dat\u00ebn 01.01.2012 si dhe pers\u00ebri ma keni dergue me dat\u00ebn 21.02.2012 ( http:\/\/tribunashqiptare.net\/?p=3801 ) , [&hellip;]","og_url":"https:\/\/fjala.info\/2009-2015\/paul-tedeschini-pergjigje-kongresmenit-amerikan-joe-dioguardi\/","og_site_name":"FjALA e LIR\u00cb - Arkivi","article_published_time":"2012-02-22T22:30:25+00:00","og_image":[{"url":"http:\/\/www.shkoder.net\/2012\/paul_tedeschini.jpg","type":"","width":"","height":""}],"author":"admin","twitter_card":"summary_large_image","twitter_misc":{"Written by":"admin","Est. reading time":"11 minutes"},"schema":{"@context":"https:\/\/schema.org","@graph":[{"@type":"Article","@id":"https:\/\/fjala.info\/2009-2015\/paul-tedeschini-pergjigje-kongresmenit-amerikan-joe-dioguardi\/#article","isPartOf":{"@id":"https:\/\/fjala.info\/2009-2015\/paul-tedeschini-pergjigje-kongresmenit-amerikan-joe-dioguardi\/"},"author":{"name":"admin","@id":"https:\/\/fjala.info\/2009-2015\/#\/schema\/person\/3aa1163ef05469c496fc94e77611ada2"},"headline":"Paul Tedeschini: P\u00ebrgjigje kongresmenit amerikan Joe DioGuardi","datePublished":"2012-02-22T22:30:25+00:00","mainEntityOfPage":{"@id":"https:\/\/fjala.info\/2009-2015\/paul-tedeschini-pergjigje-kongresmenit-amerikan-joe-dioguardi\/"},"wordCount":2191,"commentCount":0,"publisher":{"@id":"https:\/\/fjala.info\/2009-2015\/#organization"},"image":{"@id":"https:\/\/fjala.info\/2009-2015\/paul-tedeschini-pergjigje-kongresmenit-amerikan-joe-dioguardi\/#primaryimage"},"thumbnailUrl":"http:\/\/www.shkoder.net\/2012\/paul_tedeschini.jpg","articleSection":["Artikuj"],"inLanguage":"sq-AL","potentialAction":[{"@type":"CommentAction","name":"Comment","target":["https:\/\/fjala.info\/2009-2015\/paul-tedeschini-pergjigje-kongresmenit-amerikan-joe-dioguardi\/#respond"]}]},{"@type":"WebPage","@id":"https:\/\/fjala.info\/2009-2015\/paul-tedeschini-pergjigje-kongresmenit-amerikan-joe-dioguardi\/","url":"https:\/\/fjala.info\/2009-2015\/paul-tedeschini-pergjigje-kongresmenit-amerikan-joe-dioguardi\/","name":"Paul Tedeschini: P\u00ebrgjigje kongresmenit amerikan Joe DioGuardi - FjALA e LIR\u00cb - Arkivi","isPartOf":{"@id":"https:\/\/fjala.info\/2009-2015\/#website"},"primaryImageOfPage":{"@id":"https:\/\/fjala.info\/2009-2015\/paul-tedeschini-pergjigje-kongresmenit-amerikan-joe-dioguardi\/#primaryimage"},"image":{"@id":"https:\/\/fjala.info\/2009-2015\/paul-tedeschini-pergjigje-kongresmenit-amerikan-joe-dioguardi\/#primaryimage"},"thumbnailUrl":"http:\/\/www.shkoder.net\/2012\/paul_tedeschini.jpg","datePublished":"2012-02-22T22:30:25+00:00","breadcrumb":{"@id":"https:\/\/fjala.info\/2009-2015\/paul-tedeschini-pergjigje-kongresmenit-amerikan-joe-dioguardi\/#breadcrumb"},"inLanguage":"sq-AL","potentialAction":[{"@type":"ReadAction","target":["https:\/\/fjala.info\/2009-2015\/paul-tedeschini-pergjigje-kongresmenit-amerikan-joe-dioguardi\/"]}]},{"@type":"ImageObject","inLanguage":"sq-AL","@id":"https:\/\/fjala.info\/2009-2015\/paul-tedeschini-pergjigje-kongresmenit-amerikan-joe-dioguardi\/#primaryimage","url":"http:\/\/www.shkoder.net\/2012\/paul_tedeschini.jpg","contentUrl":"http:\/\/www.shkoder.net\/2012\/paul_tedeschini.jpg"},{"@type":"BreadcrumbList","@id":"https:\/\/fjala.info\/2009-2015\/paul-tedeschini-pergjigje-kongresmenit-amerikan-joe-dioguardi\/#breadcrumb","itemListElement":[{"@type":"ListItem","position":1,"name":"Home","item":"https:\/\/fjala.info\/2009-2015\/"},{"@type":"ListItem","position":2,"name":"Paul Tedeschini: P\u00ebrgjigje kongresmenit amerikan Joe DioGuardi"}]},{"@type":"WebSite","@id":"https:\/\/fjala.info\/2009-2015\/#website","url":"https:\/\/fjala.info\/2009-2015\/","name":"FjALA e LIR\u00cb - Arkivi","description":"Arkivi 2009-2015","publisher":{"@id":"https:\/\/fjala.info\/2009-2015\/#organization"},"potentialAction":[{"@type":"SearchAction","target":{"@type":"EntryPoint","urlTemplate":"https:\/\/fjala.info\/2009-2015\/?s={search_term_string}"},"query-input":{"@type":"PropertyValueSpecification","valueRequired":true,"valueName":"search_term_string"}}],"inLanguage":"sq-AL"},{"@type":"Organization","@id":"https:\/\/fjala.info\/2009-2015\/#organization","name":"FjALA e LIR\u00cb - Arkivi","url":"https:\/\/fjala.info\/2009-2015\/","logo":{"@type":"ImageObject","inLanguage":"sq-AL","@id":"https:\/\/fjala.info\/2009-2015\/#\/schema\/logo\/image\/","url":"","contentUrl":"","caption":"FjALA e LIR\u00cb - Arkivi"},"image":{"@id":"https:\/\/fjala.info\/2009-2015\/#\/schema\/logo\/image\/"}},{"@type":"Person","@id":"https:\/\/fjala.info\/2009-2015\/#\/schema\/person\/3aa1163ef05469c496fc94e77611ada2","name":"admin","image":{"@type":"ImageObject","inLanguage":"sq-AL","@id":"https:\/\/fjala.info\/2009-2015\/wp-content\/uploads\/2012\/02\/arben_cokaj-120x150.jpg","url":"https:\/\/fjala.info\/2009-2015\/wp-content\/uploads\/2012\/02\/arben_cokaj-120x150.jpg","contentUrl":"https:\/\/fjala.info\/2009-2015\/wp-content\/uploads\/2012\/02\/arben_cokaj-120x150.jpg","caption":"admin"},"description":"Admin, Fjala e Lir\u00eb","sameAs":["https:\/\/fjala.info\/"],"url":"https:\/\/fjala.info\/2009-2015\/author\/admin\/"}]}},"_links":{"self":[{"href":"https:\/\/fjala.info\/2009-2015\/wp-json\/wp\/v2\/posts\/1905","targetHints":{"allow":["GET"]}}],"collection":[{"href":"https:\/\/fjala.info\/2009-2015\/wp-json\/wp\/v2\/posts"}],"about":[{"href":"https:\/\/fjala.info\/2009-2015\/wp-json\/wp\/v2\/types\/post"}],"author":[{"embeddable":true,"href":"https:\/\/fjala.info\/2009-2015\/wp-json\/wp\/v2\/users\/1"}],"replies":[{"embeddable":true,"href":"https:\/\/fjala.info\/2009-2015\/wp-json\/wp\/v2\/comments?post=1905"}],"version-history":[{"count":0,"href":"https:\/\/fjala.info\/2009-2015\/wp-json\/wp\/v2\/posts\/1905\/revisions"}],"wp:attachment":[{"href":"https:\/\/fjala.info\/2009-2015\/wp-json\/wp\/v2\/media?parent=1905"}],"wp:term":[{"taxonomy":"category","embeddable":true,"href":"https:\/\/fjala.info\/2009-2015\/wp-json\/wp\/v2\/categories?post=1905"},{"taxonomy":"post_tag","embeddable":true,"href":"https:\/\/fjala.info\/2009-2015\/wp-json\/wp\/v2\/tags?post=1905"}],"curies":[{"name":"wp","href":"https:\/\/api.w.org\/{rel}","templated":true}]}}