{"id":1899,"date":"2012-02-22T10:27:35","date_gmt":"2012-02-22T09:27:35","guid":{"rendered":"http:\/\/fjala.shkoder.net\/?p=1899"},"modified":"2012-02-22T10:27:35","modified_gmt":"2012-02-22T09:27:35","slug":"talibanetet-tane","status":"publish","type":"post","link":"https:\/\/fjala.info\/2009-2015\/talibanetet-tane\/","title":{"rendered":"Talibanet\/\u00ebt tan\u00eb!"},"content":{"rendered":"<p><img decoding=\"async\" class=\"alignleft size-thumbnail wp-image-7236\" title=\"Taliban\" src=\"http:\/\/www.shkoder.net\/2012\/taliban.jpg\" alt=\"\" width=\"300\" \/> Nga <strong>Bledi Mane<\/strong> &#8211; <em><strong>Public Enemy<\/strong><\/em>, <em>21 Shkurt 2012<\/em><br \/>\nwww.facebook.com\/bledi.mane<\/p>\n<p><strong>1\/. Lajme t\u00eb frikshme, lajme bajate<\/strong><\/p>\n<p>Ministria e Mbrojtjes e gjeneral Arben Imamit dje n\u00eb drek\u00eb e shpalli t\u00eb vdekur, nd\u00ebrsa n\u00eb or\u00ebt e muzgut deklaroi se komandoja shqiptar Aleksand\u00ebr Peci \u00ebsht\u00eb i gjall\u00eb, por n\u00eb koma dhe pritet transferimi i tij n\u00eb nj\u00eb spital t\u00eb specializuar n\u00eb Gjermani. Sot bashkia e Xhelal Mziut n\u00eb Kam\u00ebz e shpalli me urgjenc\u00eb \u201cqytetar nderi\u201d nd\u00ebrsa CNN i Ted Turner-it n\u00eb Atlanta thot\u00eb q\u00eb polici kandahars hapi zjarr ndaj ushtar\u00ebve t\u00eb NATO-s pas nj\u00eb z\u00ebnke t\u00eb \u00e7astit.<\/p>\n<p>Dje nd\u00ebrsa plumbat i p\u00ebr\u00e7onin trupin tropojanit Peci pse shqiptarisht&amp;fisnik\u00ebrisht tregoi se mbron vlerat e liris\u00eb dhe ngjyrat e flamurit ton\u00eb, tropojani tjet\u00ebr Berish\u00eb nuk denjoi t\u00eb anulonte koncertin bajat t\u00eb \u00c7iljet\u00ebs q\u00eb k\u00ebndonte p\u00ebr rr\u00ebzimin e bustit t\u00eb burrit t\u00eb Nexhmijes.<\/p>\n<p>Sot, vet\u00ebm sot kur gjithkush para apo pas kamerave t\u00eb televizioneve n\u00eb shenj\u00eb respekti ndaj kodit t\u00eb vdekjes s\u00eb t\u00eb ndjerit Feti Vogli duhej t\u00eb mbyllte goj\u00ebn e t\u00eb q\u00ebndronte n\u00eb heshtje, shfaqet nj\u00eb nga \u201cndrikullat\u201d blu t\u00eb parlamentit me emrin Rajmond\u00eb(\u00eb\u00eb\u00eb\u00eb\u00eb) e fillon atakon presidentin e Republik\u00ebs me muhabete kooperativash. Sot pra rikujtonte kooperativat bolshevike shoqja e PD-s\u00eb s\u00eb Doktorit nd\u00ebrsa qysh her\u00ebt n\u00eb m\u00ebngjes gazetat rifotografonin ish komunistin Berish\u00eb kapur krahut me shoqen Vito Kapo (kujdes se ia ndrydhe krahun o doktor).<\/p>\n<p>Sot nd\u00ebrsa njer\u00ebzia dhe mediat b\u00ebnin llogarit\u00eb e shefit t\u00eb shtabit t\u00eb p\u00ebrgjithsh\u00ebm Xhemal Gjunkshi, i cili vet\u00ebm 7 mij\u00eb dollar\u00eb k\u00ebrkon p\u00ebr rekrutimin (vdekjen) e nj\u00eb ushtari n\u00eb Irak a Afganistan, familja Peci kujtonte varf\u00ebrisht se i biri i tyre Aleksandri kishte shkuar me mision p\u00ebr t\u00eb b\u00ebr\u00eb edhe parat\u00eb e dasm\u00ebs.<\/p>\n<p>Nd\u00ebrsa komanda e forcave amerikane dhe mjek\u00ebt e misionit n\u00eb Kandahar po p\u00ebrpiqen ta mbajn\u00eb n\u00eb jet\u00eb e ta d\u00ebrgojn\u00eb drejt spitaleve t\u00eb Gjermanis\u00eb ushtarin trim Peci, sot pra lektor\u00ebt dhe doktor\u00ebt e fakultetit ton\u00eb t\u00eb vet\u00ebm t\u00eb mjek\u00ebsis\u00eb n\u00eb Tiran\u00eb ziheshin me garuzhde kok\u00ebs pse votat e Hys\u00ebs k\u00ebrkonte t\u2019i vidhte Pip\u2026ero.<\/p>\n<p>Ndryshe nga surealizmi i tragjikomedis\u00eb Ubu t\u00eb francezit Alfred Jarry, e cila skandalizoi Parisin e 1896-\u00ebs, skena t\u00eb ngjashme reale shfaqen \u00e7do or\u00eb t\u00eb dit\u00ebs e nuk skandalizojn\u00eb as Tiran\u00eb, Durr\u00ebs, Vlor\u00eb, Shkod\u00ebr\u2026<\/p>\n<p><strong>2.\/ Kandaharse talibanse albanistanse!<\/strong><\/p>\n<p>Duket se jemi t\u00eb mir\u00eb e t\u00eb rehatosur edhe kur shohim t\u00eb shajn\u00eb e anatemojm\u00eb komunizmin dy pleq t\u00eb vjet\u00ebr, komunist\u00ebt Luan Malltezi e Sali Berisha.<\/p>\n<p>Spiralja e heshtjes, kjo shkenc\u00eb vrastare politike duket se funksionin mrekullisht n\u00eb vend. Mjaft mrekulluesh\u00ebm kjo spirale ka rifilluar t\u00eb mos jet\u00eb m\u00eb e ekspozuar vet\u00ebm n\u00eb stendat e muzeut t\u00eb krushkut por edhe te reprezaljet e p\u00ebr\u00e7arjes dhe izolimit me nesh. N\u00ebse studiuesja gjermane e opinioneve Noelle Neuman do t\u00eb merrte nj\u00eb kampion nga opinioni publik shqiptar e t\u00eb studionte shkaqet e kontraversitetit t\u00eb k\u00ebsaj lloj \u201cindiference\u201d do t\u00eb nxirrte arsye tmerruese dhe bajate pse ne, kjo rac\u00eb mesdhetare ezel\u00ebsh apo menekshesh nuk pip\u00ebtijm\u00eb as kur gj\u00ebma na futet edhe n\u00eb krevat.<\/p>\n<p>Ne rehatosemi me \u00e7do lloj diktati sepse ia m\u00ebsuam hilet diktatur\u00ebs s\u00eb para \u201990 dhe i kamuflojm\u00eb me indiferenc\u00eb m\u00ebkatet tona. Bashk\u00ebfajtor\u00eb e bashk\u00ebvuejt\u00ebs \u00ebsht\u00eb filozofia jon\u00eb permanente e kjo ka t\u00eb ngjar\u00eb q\u00eb kur na erdhi sulltani i par\u00eb osman n\u00eb trojet tona.<\/p>\n<p>Nuk p\u00ebrb\u00ebn lajm m\u00eb, sepse qysh nga 2002 kur ik\u00ebm nizam n\u00eb Afganistan e Irak ishim e jemi koshient\u00eb se mund t\u00eb na vrisnin, por aman gjysmat e parave ia jepnim bakshish paradh\u00ebnie komandantit t\u00eb na sh\u00ebnonte emrin n\u00eb list\u00eb. Qeverit\u00eb e majta e t\u00eb djathta mbyllnin nj\u00ebrin sy me paaft\u00ebsin\u00eb ton\u00eb dhe korrupsionin jeshil sepse vdekjet tona t\u00eb korruptuara kap\u00ebrdihen n\u00ebn amballazhin e aleancave kund\u00ebr terrorizmit vet\u00ebm e vet\u00ebm se kur t\u00eb vjedhin votat e radh\u00ebs duan q\u00eb Washingtoni t\u2019ua shkel\u00eb pak syrin n\u00eb shenj\u00eb solidariteti. Heshtjen diplomatike e blejn\u00eb pak shtrenjt\u00eb por kjo pak r\u00ebnd\u00ebsi ka, nj\u00eb vot\u00eb m\u00eb pak nuk e tremb Arben Ristanin.<\/p>\n<p>Madje meqen\u00ebse po flasim p\u00ebr vota, nuk ka aspak r\u00ebnd\u00ebsi pse votojm\u00eb dekan\u00eb a rektor\u00eb t\u00eb ndryshkur edhe p\u00ebr mandate t\u00eb tjera t\u00eb mandatosura sepse plog\u00ebshtia q\u00eb na ka kapur si pedagog\u00eb partie apo injoranca analfabete si student\u00eb me k\u00ebpuc\u00eb caterpillar \u00ebsht\u00eb vet\u00ebm nj\u00eb imitim i rutin\u00ebs son\u00eb t\u00eb p\u00ebrditshme por befas kur nj\u00eb dit\u00eb na bie halli n\u00eb gjykata, spitale, uj\u00ebsjell\u00ebs, polici dhe vuajm\u00eb padrejt\u00ebsit\u00eb q\u00eb themelet i kan\u00eb qysh n\u00eb bankat e shkoll\u00ebs thjesht l\u00ebngojm\u00eb e kap\u00ebrdijm\u00eb vuajtjet.<\/p>\n<p>Spiralja e heshtjes sa vjen dhe thellohet m\u00eb tej e k\u00ebshtu i zgjasim jet\u00ebn Zogut, Enverit, Ramizit, Berish\u00ebs.<\/p>\n<p>Shqet\u00ebsuese mbetet trash\u00ebgimija e k\u00ebsaj spiraleje te m\u00eb t\u00eb vegjlit t\u00eb cil\u00ebt sh\u00ebmtuar kopjojn\u00eb ata ose ato q\u00eb u shfaqen \u00e7do nat\u00eb ekraneve (jo vajzat e motit sot dhe nes\u00ebr).<\/p>\n<p>Ka baz\u00eb t\u00eb fort\u00eb kjo \u201cindiferenc\u00eb\u201d e jona. E gatuajm\u00eb t\u00eb par\u00ebt k\u00ebt\u00eb \u00e7orb\u00eb e kur na e rasin lug\u00ebn n\u00eb goj\u00eb shtremb\u00ebrojm\u00eb buz\u00ebt. E pat\u00eb? Nuk e luajti bukur loj\u00ebn e fundit presidenca e Topit e k\u00ebsisoj i dha arsye t\u00eb dal\u00eb e t\u00eb shaj\u00eb Rajmonda Bulku n\u00ebp\u00ebr ekrane. Rajmonda, Rajmonda pra kjo kandaharse talebanse albanistanse.<\/p>\n","protected":false},"excerpt":{"rendered":"<p>Nga Bledi Mane &#8211; Public Enemy, 21 Shkurt 2012 www.facebook.com\/bledi.mane 1\/. Lajme t\u00eb frikshme, lajme bajate Ministria e Mbrojtjes e gjeneral Arben Imamit dje n\u00eb drek\u00eb e shpalli t\u00eb vdekur, nd\u00ebrsa n\u00eb or\u00ebt e muzgut deklaroi se komandoja shqiptar Aleksand\u00ebr Peci \u00ebsht\u00eb i gjall\u00eb, por n\u00eb koma dhe pritet transferimi i tij n\u00eb nj\u00eb spital [&hellip;]<\/p>\n","protected":false},"author":1,"featured_media":0,"comment_status":"open","ping_status":"closed","sticky":false,"template":"","format":"standard","meta":{"footnotes":""},"categories":[2],"tags":[],"class_list":{"0":"post-1899","1":"post","2":"type-post","3":"status-publish","4":"format-standard","6":"category-artikuj"},"yoast_head":"<!-- This site is optimized with the Yoast SEO plugin v27.4 - https:\/\/yoast.com\/product\/yoast-seo-wordpress\/ -->\n<title>Talibanet\/\u00ebt tan\u00eb! - FjALA e LIR\u00cb - Arkivi<\/title>\n<meta name=\"robots\" content=\"index, follow, max-snippet:-1, max-image-preview:large, max-video-preview:-1\" \/>\n<link rel=\"canonical\" href=\"https:\/\/fjala.info\/2009-2015\/talibanetet-tane\/\" \/>\n<meta property=\"og:locale\" content=\"sq_AL\" \/>\n<meta property=\"og:type\" content=\"article\" \/>\n<meta property=\"og:title\" content=\"Talibanet\/\u00ebt tan\u00eb! - FjALA e LIR\u00cb - Arkivi\" \/>\n<meta property=\"og:description\" content=\"Nga Bledi Mane &#8211; Public Enemy, 21 Shkurt 2012 www.facebook.com\/bledi.mane 1\/. Lajme t\u00eb frikshme, lajme bajate Ministria e Mbrojtjes e gjeneral Arben Imamit dje n\u00eb drek\u00eb e shpalli t\u00eb vdekur, nd\u00ebrsa n\u00eb or\u00ebt e muzgut deklaroi se komandoja shqiptar Aleksand\u00ebr Peci \u00ebsht\u00eb i gjall\u00eb, por n\u00eb koma dhe pritet transferimi i tij n\u00eb nj\u00eb spital [&hellip;]\" \/>\n<meta property=\"og:url\" content=\"https:\/\/fjala.info\/2009-2015\/talibanetet-tane\/\" \/>\n<meta property=\"og:site_name\" content=\"FjALA e LIR\u00cb - Arkivi\" \/>\n<meta property=\"article:published_time\" content=\"2012-02-22T09:27:35+00:00\" \/>\n<meta property=\"og:image\" content=\"http:\/\/www.shkoder.net\/2012\/taliban.jpg\" \/>\n<meta name=\"author\" content=\"admin\" \/>\n<meta name=\"twitter:card\" content=\"summary_large_image\" \/>\n<meta name=\"twitter:label1\" content=\"Written by\" \/>\n\t<meta name=\"twitter:data1\" content=\"admin\" \/>\n\t<meta name=\"twitter:label2\" content=\"Est. reading time\" \/>\n\t<meta name=\"twitter:data2\" content=\"5 minutes\" \/>\n<script type=\"application\/ld+json\" class=\"yoast-schema-graph\">{\"@context\":\"https:\\\/\\\/schema.org\",\"@graph\":[{\"@type\":\"Article\",\"@id\":\"https:\\\/\\\/fjala.info\\\/2009-2015\\\/talibanetet-tane\\\/#article\",\"isPartOf\":{\"@id\":\"https:\\\/\\\/fjala.info\\\/2009-2015\\\/talibanetet-tane\\\/\"},\"author\":{\"name\":\"admin\",\"@id\":\"https:\\\/\\\/fjala.info\\\/2009-2015\\\/#\\\/schema\\\/person\\\/3aa1163ef05469c496fc94e77611ada2\"},\"headline\":\"Talibanet\\\/\u00ebt tan\u00eb!\",\"datePublished\":\"2012-02-22T09:27:35+00:00\",\"mainEntityOfPage\":{\"@id\":\"https:\\\/\\\/fjala.info\\\/2009-2015\\\/talibanetet-tane\\\/\"},\"wordCount\":939,\"commentCount\":0,\"publisher\":{\"@id\":\"https:\\\/\\\/fjala.info\\\/2009-2015\\\/#organization\"},\"image\":{\"@id\":\"https:\\\/\\\/fjala.info\\\/2009-2015\\\/talibanetet-tane\\\/#primaryimage\"},\"thumbnailUrl\":\"http:\\\/\\\/www.shkoder.net\\\/2012\\\/taliban.jpg\",\"articleSection\":[\"Artikuj\"],\"inLanguage\":\"sq-AL\",\"potentialAction\":[{\"@type\":\"CommentAction\",\"name\":\"Comment\",\"target\":[\"https:\\\/\\\/fjala.info\\\/2009-2015\\\/talibanetet-tane\\\/#respond\"]}]},{\"@type\":\"WebPage\",\"@id\":\"https:\\\/\\\/fjala.info\\\/2009-2015\\\/talibanetet-tane\\\/\",\"url\":\"https:\\\/\\\/fjala.info\\\/2009-2015\\\/talibanetet-tane\\\/\",\"name\":\"Talibanet\\\/\u00ebt tan\u00eb! - FjALA e LIR\u00cb - Arkivi\",\"isPartOf\":{\"@id\":\"https:\\\/\\\/fjala.info\\\/2009-2015\\\/#website\"},\"primaryImageOfPage\":{\"@id\":\"https:\\\/\\\/fjala.info\\\/2009-2015\\\/talibanetet-tane\\\/#primaryimage\"},\"image\":{\"@id\":\"https:\\\/\\\/fjala.info\\\/2009-2015\\\/talibanetet-tane\\\/#primaryimage\"},\"thumbnailUrl\":\"http:\\\/\\\/www.shkoder.net\\\/2012\\\/taliban.jpg\",\"datePublished\":\"2012-02-22T09:27:35+00:00\",\"breadcrumb\":{\"@id\":\"https:\\\/\\\/fjala.info\\\/2009-2015\\\/talibanetet-tane\\\/#breadcrumb\"},\"inLanguage\":\"sq-AL\",\"potentialAction\":[{\"@type\":\"ReadAction\",\"target\":[\"https:\\\/\\\/fjala.info\\\/2009-2015\\\/talibanetet-tane\\\/\"]}]},{\"@type\":\"ImageObject\",\"inLanguage\":\"sq-AL\",\"@id\":\"https:\\\/\\\/fjala.info\\\/2009-2015\\\/talibanetet-tane\\\/#primaryimage\",\"url\":\"http:\\\/\\\/www.shkoder.net\\\/2012\\\/taliban.jpg\",\"contentUrl\":\"http:\\\/\\\/www.shkoder.net\\\/2012\\\/taliban.jpg\"},{\"@type\":\"BreadcrumbList\",\"@id\":\"https:\\\/\\\/fjala.info\\\/2009-2015\\\/talibanetet-tane\\\/#breadcrumb\",\"itemListElement\":[{\"@type\":\"ListItem\",\"position\":1,\"name\":\"Home\",\"item\":\"https:\\\/\\\/fjala.info\\\/2009-2015\\\/\"},{\"@type\":\"ListItem\",\"position\":2,\"name\":\"Talibanet\\\/\u00ebt tan\u00eb!\"}]},{\"@type\":\"WebSite\",\"@id\":\"https:\\\/\\\/fjala.info\\\/2009-2015\\\/#website\",\"url\":\"https:\\\/\\\/fjala.info\\\/2009-2015\\\/\",\"name\":\"FjALA e LIR\u00cb - Arkivi\",\"description\":\"Arkivi 2009-2015\",\"publisher\":{\"@id\":\"https:\\\/\\\/fjala.info\\\/2009-2015\\\/#organization\"},\"potentialAction\":[{\"@type\":\"SearchAction\",\"target\":{\"@type\":\"EntryPoint\",\"urlTemplate\":\"https:\\\/\\\/fjala.info\\\/2009-2015\\\/?s={search_term_string}\"},\"query-input\":{\"@type\":\"PropertyValueSpecification\",\"valueRequired\":true,\"valueName\":\"search_term_string\"}}],\"inLanguage\":\"sq-AL\"},{\"@type\":\"Organization\",\"@id\":\"https:\\\/\\\/fjala.info\\\/2009-2015\\\/#organization\",\"name\":\"FjALA e LIR\u00cb - Arkivi\",\"url\":\"https:\\\/\\\/fjala.info\\\/2009-2015\\\/\",\"logo\":{\"@type\":\"ImageObject\",\"inLanguage\":\"sq-AL\",\"@id\":\"https:\\\/\\\/fjala.info\\\/2009-2015\\\/#\\\/schema\\\/logo\\\/image\\\/\",\"url\":\"\",\"contentUrl\":\"\",\"caption\":\"FjALA e LIR\u00cb - Arkivi\"},\"image\":{\"@id\":\"https:\\\/\\\/fjala.info\\\/2009-2015\\\/#\\\/schema\\\/logo\\\/image\\\/\"}},{\"@type\":\"Person\",\"@id\":\"https:\\\/\\\/fjala.info\\\/2009-2015\\\/#\\\/schema\\\/person\\\/3aa1163ef05469c496fc94e77611ada2\",\"name\":\"admin\",\"image\":{\"@type\":\"ImageObject\",\"inLanguage\":\"sq-AL\",\"@id\":\"https:\\\/\\\/fjala.info\\\/2009-2015\\\/wp-content\\\/uploads\\\/2012\\\/02\\\/arben_cokaj-120x150.jpg\",\"url\":\"https:\\\/\\\/fjala.info\\\/2009-2015\\\/wp-content\\\/uploads\\\/2012\\\/02\\\/arben_cokaj-120x150.jpg\",\"contentUrl\":\"https:\\\/\\\/fjala.info\\\/2009-2015\\\/wp-content\\\/uploads\\\/2012\\\/02\\\/arben_cokaj-120x150.jpg\",\"caption\":\"admin\"},\"description\":\"Admin, Fjala e Lir\u00eb\",\"sameAs\":[\"https:\\\/\\\/fjala.info\\\/\"],\"url\":\"https:\\\/\\\/fjala.info\\\/2009-2015\\\/author\\\/admin\\\/\"}]}<\/script>\n<!-- \/ Yoast SEO plugin. -->","yoast_head_json":{"title":"Talibanet\/\u00ebt tan\u00eb! - FjALA e LIR\u00cb - Arkivi","robots":{"index":"index","follow":"follow","max-snippet":"max-snippet:-1","max-image-preview":"max-image-preview:large","max-video-preview":"max-video-preview:-1"},"canonical":"https:\/\/fjala.info\/2009-2015\/talibanetet-tane\/","og_locale":"sq_AL","og_type":"article","og_title":"Talibanet\/\u00ebt tan\u00eb! - FjALA e LIR\u00cb - Arkivi","og_description":"Nga Bledi Mane &#8211; Public Enemy, 21 Shkurt 2012 www.facebook.com\/bledi.mane 1\/. Lajme t\u00eb frikshme, lajme bajate Ministria e Mbrojtjes e gjeneral Arben Imamit dje n\u00eb drek\u00eb e shpalli t\u00eb vdekur, nd\u00ebrsa n\u00eb or\u00ebt e muzgut deklaroi se komandoja shqiptar Aleksand\u00ebr Peci \u00ebsht\u00eb i gjall\u00eb, por n\u00eb koma dhe pritet transferimi i tij n\u00eb nj\u00eb spital [&hellip;]","og_url":"https:\/\/fjala.info\/2009-2015\/talibanetet-tane\/","og_site_name":"FjALA e LIR\u00cb - Arkivi","article_published_time":"2012-02-22T09:27:35+00:00","og_image":[{"url":"http:\/\/www.shkoder.net\/2012\/taliban.jpg","type":"","width":"","height":""}],"author":"admin","twitter_card":"summary_large_image","twitter_misc":{"Written by":"admin","Est. reading time":"5 minutes"},"schema":{"@context":"https:\/\/schema.org","@graph":[{"@type":"Article","@id":"https:\/\/fjala.info\/2009-2015\/talibanetet-tane\/#article","isPartOf":{"@id":"https:\/\/fjala.info\/2009-2015\/talibanetet-tane\/"},"author":{"name":"admin","@id":"https:\/\/fjala.info\/2009-2015\/#\/schema\/person\/3aa1163ef05469c496fc94e77611ada2"},"headline":"Talibanet\/\u00ebt tan\u00eb!","datePublished":"2012-02-22T09:27:35+00:00","mainEntityOfPage":{"@id":"https:\/\/fjala.info\/2009-2015\/talibanetet-tane\/"},"wordCount":939,"commentCount":0,"publisher":{"@id":"https:\/\/fjala.info\/2009-2015\/#organization"},"image":{"@id":"https:\/\/fjala.info\/2009-2015\/talibanetet-tane\/#primaryimage"},"thumbnailUrl":"http:\/\/www.shkoder.net\/2012\/taliban.jpg","articleSection":["Artikuj"],"inLanguage":"sq-AL","potentialAction":[{"@type":"CommentAction","name":"Comment","target":["https:\/\/fjala.info\/2009-2015\/talibanetet-tane\/#respond"]}]},{"@type":"WebPage","@id":"https:\/\/fjala.info\/2009-2015\/talibanetet-tane\/","url":"https:\/\/fjala.info\/2009-2015\/talibanetet-tane\/","name":"Talibanet\/\u00ebt tan\u00eb! - FjALA e LIR\u00cb - Arkivi","isPartOf":{"@id":"https:\/\/fjala.info\/2009-2015\/#website"},"primaryImageOfPage":{"@id":"https:\/\/fjala.info\/2009-2015\/talibanetet-tane\/#primaryimage"},"image":{"@id":"https:\/\/fjala.info\/2009-2015\/talibanetet-tane\/#primaryimage"},"thumbnailUrl":"http:\/\/www.shkoder.net\/2012\/taliban.jpg","datePublished":"2012-02-22T09:27:35+00:00","breadcrumb":{"@id":"https:\/\/fjala.info\/2009-2015\/talibanetet-tane\/#breadcrumb"},"inLanguage":"sq-AL","potentialAction":[{"@type":"ReadAction","target":["https:\/\/fjala.info\/2009-2015\/talibanetet-tane\/"]}]},{"@type":"ImageObject","inLanguage":"sq-AL","@id":"https:\/\/fjala.info\/2009-2015\/talibanetet-tane\/#primaryimage","url":"http:\/\/www.shkoder.net\/2012\/taliban.jpg","contentUrl":"http:\/\/www.shkoder.net\/2012\/taliban.jpg"},{"@type":"BreadcrumbList","@id":"https:\/\/fjala.info\/2009-2015\/talibanetet-tane\/#breadcrumb","itemListElement":[{"@type":"ListItem","position":1,"name":"Home","item":"https:\/\/fjala.info\/2009-2015\/"},{"@type":"ListItem","position":2,"name":"Talibanet\/\u00ebt tan\u00eb!"}]},{"@type":"WebSite","@id":"https:\/\/fjala.info\/2009-2015\/#website","url":"https:\/\/fjala.info\/2009-2015\/","name":"FjALA e LIR\u00cb - Arkivi","description":"Arkivi 2009-2015","publisher":{"@id":"https:\/\/fjala.info\/2009-2015\/#organization"},"potentialAction":[{"@type":"SearchAction","target":{"@type":"EntryPoint","urlTemplate":"https:\/\/fjala.info\/2009-2015\/?s={search_term_string}"},"query-input":{"@type":"PropertyValueSpecification","valueRequired":true,"valueName":"search_term_string"}}],"inLanguage":"sq-AL"},{"@type":"Organization","@id":"https:\/\/fjala.info\/2009-2015\/#organization","name":"FjALA e LIR\u00cb - Arkivi","url":"https:\/\/fjala.info\/2009-2015\/","logo":{"@type":"ImageObject","inLanguage":"sq-AL","@id":"https:\/\/fjala.info\/2009-2015\/#\/schema\/logo\/image\/","url":"","contentUrl":"","caption":"FjALA e LIR\u00cb - Arkivi"},"image":{"@id":"https:\/\/fjala.info\/2009-2015\/#\/schema\/logo\/image\/"}},{"@type":"Person","@id":"https:\/\/fjala.info\/2009-2015\/#\/schema\/person\/3aa1163ef05469c496fc94e77611ada2","name":"admin","image":{"@type":"ImageObject","inLanguage":"sq-AL","@id":"https:\/\/fjala.info\/2009-2015\/wp-content\/uploads\/2012\/02\/arben_cokaj-120x150.jpg","url":"https:\/\/fjala.info\/2009-2015\/wp-content\/uploads\/2012\/02\/arben_cokaj-120x150.jpg","contentUrl":"https:\/\/fjala.info\/2009-2015\/wp-content\/uploads\/2012\/02\/arben_cokaj-120x150.jpg","caption":"admin"},"description":"Admin, Fjala e Lir\u00eb","sameAs":["https:\/\/fjala.info\/"],"url":"https:\/\/fjala.info\/2009-2015\/author\/admin\/"}]}},"_links":{"self":[{"href":"https:\/\/fjala.info\/2009-2015\/wp-json\/wp\/v2\/posts\/1899","targetHints":{"allow":["GET"]}}],"collection":[{"href":"https:\/\/fjala.info\/2009-2015\/wp-json\/wp\/v2\/posts"}],"about":[{"href":"https:\/\/fjala.info\/2009-2015\/wp-json\/wp\/v2\/types\/post"}],"author":[{"embeddable":true,"href":"https:\/\/fjala.info\/2009-2015\/wp-json\/wp\/v2\/users\/1"}],"replies":[{"embeddable":true,"href":"https:\/\/fjala.info\/2009-2015\/wp-json\/wp\/v2\/comments?post=1899"}],"version-history":[{"count":0,"href":"https:\/\/fjala.info\/2009-2015\/wp-json\/wp\/v2\/posts\/1899\/revisions"}],"wp:attachment":[{"href":"https:\/\/fjala.info\/2009-2015\/wp-json\/wp\/v2\/media?parent=1899"}],"wp:term":[{"taxonomy":"category","embeddable":true,"href":"https:\/\/fjala.info\/2009-2015\/wp-json\/wp\/v2\/categories?post=1899"},{"taxonomy":"post_tag","embeddable":true,"href":"https:\/\/fjala.info\/2009-2015\/wp-json\/wp\/v2\/tags?post=1899"}],"curies":[{"name":"wp","href":"https:\/\/api.w.org\/{rel}","templated":true}]}}