{"id":1877,"date":"2012-02-20T12:12:58","date_gmt":"2012-02-20T11:12:58","guid":{"rendered":"http:\/\/fjala.shkoder.net\/?p=1877"},"modified":"2012-02-20T12:12:58","modified_gmt":"2012-02-20T11:12:58","slug":"kultura-politike-gjermane","status":"publish","type":"post","link":"https:\/\/fjala.info\/2009-2015\/kultura-politike-gjermane\/","title":{"rendered":"Kultura politike gjermane"},"content":{"rendered":"<p style=\"text-align: right;\"><img decoding=\"async\" class=\"alignright size-thumbnail wp-image-7236\" title=\"Christian Wulff\" src=\"http:\/\/www.shkoder.net\/2012\/christian_wulff.jpg\" alt=\"\" width=\"150\" \/> <em>Christian Wulff\u00a0 <\/em><\/p>\n<p>Nga <strong>Beq\u00eb Cufaj<\/strong>, <em>18 Shkurt 2012<\/em><\/p>\n<p>\u00cbsht\u00eb nj\u00eb ngjarje e cila duhet t\u00eb sh\u00ebnohet. Edhe pse politike deri n\u00eb thelb, megjithat\u00eb ajo \u00ebsht\u00eb nj\u00eb peisazh dhe leksion nj\u00ebkoh\u00ebsisht, se si politika, ose th\u00ebn\u00eb edhe m\u00eb sakt\u00eb politikan\u00ebt \u2013 qofshin ata edhe n\u00eb postet m\u00eb t\u00eb larta t\u00eb mundshme, nuk mund t\u2019i rezistojn\u00eb asaj q\u00eb quhet opinion publik. Me opinion publik mund t\u00eb p\u00ebrmbledhim k\u00ebtu: mediet dhe ndikimin e tyre te qytetar\u00ebt (votuesit?), por edhe drejt\u00ebsia e cila e kryen pun\u00ebn e saj, sepse n\u00eb baz\u00eb t\u00eb asaj q\u00eb mediet printojn\u00eb a emetojn\u00eb edhe reagojn\u00eb.<\/p>\n<p>Rasti i presidentit t\u00eb Republik\u00ebs Federale t\u00eb Gjermanis\u00eb, Christian Wulff, i cili dje dha dor\u00ebheqje nga posti m\u00eb i lart\u00eb shtet\u00ebror n\u00eb k\u00ebt\u00eb shtet, tregon se si pik\u00ebrisht roli i medieve jo vet\u00ebm q\u00eb \u00ebsht\u00eb esencial p\u00ebr shpirtin dhe para s\u00eb gjithash funksionimin e nj\u00eb demokracie, por n\u00eb pah nxjerr edhe nj\u00eb t\u00eb v\u00ebrtet\u00eb t\u00eb madhe, e cila i ka dy an\u00eb t\u00eb cilat mbase jan\u00eb nj\u00eb dhe e vetmja gj\u00eb: sado q\u00eb nj\u00eb shtet t\u00eb ket\u00eb tradit\u00eb dhe institucione t\u00eb sh\u00ebndosha, megjithat\u00eb politika dhe politikan\u00ebt dijn\u00eb t\u00eb jen\u00eb t\u00eb korruptuar.<\/p>\n<p>Por ja q\u00eb jan\u00eb mediet, \u00ebsht\u00eb dimensioni i \u201cpushtetit t\u00eb kat\u00ebrt\u201d- pra i medieve, ai i cili edhe pse jo i shkruar n\u00eb kushtetutat e vendeve demokratike megjithat\u00eb si akter\u00eb qen\u00ebsor\u00eb luan k\u00ebt\u00eb rol kaq t\u00eb r\u00ebnd\u00ebsish\u00ebm p\u00ebr t\u00eb ruajtur sh\u00ebndetin e shteteve nga s\u00ebmundjet e korrupsionit, joligjshm\u00ebris\u00eb e jokorrekt\u00ebsis\u00eb.<\/p>\n<p>Pak a shum\u00eb e k\u00ebsaj natyre mund t\u00eb quhet historia e ngritjes dhe r\u00ebnies s\u00eb ish-presidentit t\u00eb Gjermanis\u00eb, Christian Wulff.<\/p>\n<p>I zgjedhur si president i Gjermanis\u00eb, post ky i cili ka m\u00eb shum\u00eb karakter etik dhe reprezentativ dhe p\u00ebr k\u00ebt\u00eb \u00ebsht\u00eb edhe m\u00ebse i \u00e7muar p\u00ebr \u00e7do politikan, Wulff ishte i p\u00ebrzgjedhuri i kancelares Angela Merkel, por edhe partner\u00ebve t\u00eb saj t\u00eb koalicionit nga liberal\u00ebt. Me shtr\u00ebngime dh\u00ebmb\u00ebsh- pse ishte i ri nga mosha, pse prapa vetes linte nj\u00eb post t\u00eb kryeministrit t\u00eb Niedersachsen-it, pse ishte tep\u00ebr af\u00ebr kancelares (para dy vitesh kishte deklaruar edhe vet\u00eb q\u00eb nuk donte dhe nuk do t\u00eb b\u00ebhej kurr\u00eb kancelar i Gjermanis\u00eb as pas Merkelit)\u2026 disi u arrit\u00ebn votat n\u00eb Asamblen\u00eb Federale t\u00eb Gjermanis\u00eb dhe Wulff fitoi.<\/p>\n<p>Dhe kjo u b\u00eb pas turbulencave q\u00eb ngjan\u00eb kur Horst Koehler, paraardh\u00ebsi i tij n\u00eb m\u00ebnyr\u00eb befasuese pati dh\u00ebn\u00eb dor\u00ebheqje sepse ndjehej i injoruar nga kancelarja. Gj\u00eb kjo e cila dihej dhe deri diku edhe u kuptua si nj\u00eb nd\u00ebrskamc\u00eb e k\u00ebsaj gruaje me talente t\u00eb jasht\u00ebzakonshme si p\u00ebr politik\u00eb t\u00eb brendshme ashtu edhe t\u00eb jashtme. Wulff pra ishte i p\u00ebrzgjedhuri i saj dhe \u00ebsht\u00eb v\u00ebrtet larg mend\u00ebsh q\u00eb Merkel ishte prapa loj\u00ebrave q\u00eb presidentit t\u00eb saj dhe t\u00eb Gjermanis\u00eb dal\u00ebngadal\u00eb por sigurt t\u2019i nxirreshin n\u00eb shesh afera t\u00eb m\u00ebdha dhe pak m\u00eb t\u00eb vogla t\u00eb cilat at\u00eb e detyruan q\u00eb dje t\u00eb jepte dor\u00ebheqje. Thjesht- politikan\u00ebt jo rrall\u00eb din\u00eb ta luajn\u00eb edhe mikun n\u00eb publik dhe armikun n\u00eb prapavi. K\u00ebt\u00eb gj\u00eb e kemi ne, e kan\u00eb gjerman\u00ebt, francez\u00ebt e amerikan\u00ebt. Por kauza Wulff, kjo gj\u00eb nuk vlen.<\/p>\n<p>Natyrisht q\u00eb p\u00ebr pik\u00ebshikimin ton\u00eb- ajo q\u00eb Wulff kishte b\u00ebr\u00eb nuk ishte asgj\u00eb. Ose ishte di\u00e7ka q\u00eb nuk do t\u2019ia vlente t\u00eb p\u00ebrmendej sepse\u2026 sepse te ne politikan\u00ebt b\u00ebjn\u00eb\u2026 e \u00e7\u2019nuk l\u00ebn\u00eb pa b\u00ebr\u00eb dhe jan\u00eb aty ku jan\u00eb. Edhe m\u00eb t\u00eb fort\u00eb se sa q\u00eb mund t\u00eb imagjinojm\u00eb. Christian Wulff-in e kishte p\u00ebrcjell\u00eb me vete posti i kryeministrit t\u00eb Niedersachsenit. Atje, duke e mbajtur k\u00ebt\u00eb post- ai kishte marr\u00eb nj\u00eb kredi private nga nj\u00eb nd\u00ebrmarr\u00ebs i madh gjerman dhe at\u00eb kredi nuk e kishte lajm\u00ebruar si\u00e7 e do rregulli. K\u00ebtu- kur ky lajm u b\u00eb i ditur Wulff b\u00ebri gabimin e tij fatal.<\/p>\n<p>Nga Arabia kishte kapur telefonin dhe i kishte thirrur nj\u00eb kryeredaktor t\u00eb nj\u00eb gazete (asaj m\u00eb t\u00eb madhes dhe m\u00eb t\u00eb verdh\u00ebs) \u201cBild Zeitung\u201d dhe pas tij edhe shefin e krejt imperiumit Axel Springer- dhe t\u00eb dyve u ishte k\u00ebrc\u00ebnuar me \u201cluft\u00eb\u201d n\u00ebse do ta botonin lajmin n\u00eb fjal\u00eb\u2026 M\u00eb pas, si n\u00eb form\u00eb t\u00eb nj\u00eb orteku bore\u2026 nuk u ndal\u00ebn ngjarjet me dhe rreth presidentit.<\/p>\n<p>P\u00ebrkund\u00ebr mbrojtjes morale e publike q\u00eb kancelarja e koalicioni i b\u00ebnin, mediat n\u00eb form\u00eb sistematike zbuluan q\u00eb kredia q\u00eb e kishte marr\u00eb p\u00ebr kthimin e borxhit ishte kthyer me nj\u00eb kamat\u00eb shum\u00eb m\u00eb t\u00eb ul\u00ebt se sa qytetar\u00ebt tjer\u00eb e paguajn\u00eb. Q\u00eb kishte udh\u00ebtuar e pushuar me kostot e miqve t\u00eb tij bujar\u00eb t\u00eb biznesit n\u00eb pjes\u00eb t\u00eb ndryshme t\u00eb bot\u00ebs\u2026 dhe ata p\u00ebr k\u00ebt\u00eb kishin marr\u00eb privilegje nga ky sa ishte kryeminist\u00ebr.<\/p>\n<p>Nj\u00eb afer\u00eb, jo dramatike por p\u00ebr k\u00ebt\u00eb sistematike ku dilte e qart\u00eb q\u00eb t\u00eb qenit politikan atij i jepte privilegje- t\u00eb cilat ky ua kthente miqve t\u00eb tij. Rreth 4 muaj luft\u00eb mediale dhe zig-zage mes presidentit dhe medieve t\u00eb pavarura gjermane- t\u00eb t\u00eb gjitha ngjyrave.<\/p>\n<p>Derisa parmbr\u00ebm\u00eb, prokuroria e Hannoverit k\u00ebrkoi nga Bundestagu q\u00eb t\u00eb fillonte me procedur\u00ebn e heqjes s\u00eb imunitetit t\u00eb presidentit t\u00eb Gjermanis\u00eb. P\u00ebr her\u00eb t\u00eb par\u00eb n\u00eb historin\u00eb e k\u00ebtij shteti.<\/p>\n<p>Nuk mjaftuan as 12 or\u00eb\u2026 dhe Wulff shkoi. P\u00ebrgjithmon\u00eb dhe i p\u00ebrulur ndaj demokracis\u00eb, shtetit t\u00eb s\u00eb drejt\u00ebs dhe\u2026 kultur\u00ebs politike gjermane. Kaq.<\/p>\n","protected":false},"excerpt":{"rendered":"<p>Christian Wulff\u00a0 Nga Beq\u00eb Cufaj, 18 Shkurt 2012 \u00cbsht\u00eb nj\u00eb ngjarje e cila duhet t\u00eb sh\u00ebnohet. Edhe pse politike deri n\u00eb thelb, megjithat\u00eb ajo \u00ebsht\u00eb nj\u00eb peisazh dhe leksion nj\u00ebkoh\u00ebsisht, se si politika, ose th\u00ebn\u00eb edhe m\u00eb sakt\u00eb politikan\u00ebt \u2013 qofshin ata edhe n\u00eb postet m\u00eb t\u00eb larta t\u00eb mundshme, nuk mund t\u2019i rezistojn\u00eb asaj [&hellip;]<\/p>\n","protected":false},"author":1,"featured_media":0,"comment_status":"open","ping_status":"closed","sticky":false,"template":"","format":"standard","meta":{"footnotes":""},"categories":[2],"tags":[],"class_list":{"0":"post-1877","1":"post","2":"type-post","3":"status-publish","4":"format-standard","6":"category-artikuj"},"yoast_head":"<!-- This site is optimized with the Yoast SEO plugin v27.4 - https:\/\/yoast.com\/product\/yoast-seo-wordpress\/ -->\n<title>Kultura politike gjermane - FjALA e LIR\u00cb - Arkivi<\/title>\n<meta name=\"robots\" content=\"index, follow, max-snippet:-1, max-image-preview:large, max-video-preview:-1\" \/>\n<link rel=\"canonical\" href=\"https:\/\/fjala.info\/2009-2015\/kultura-politike-gjermane\/\" \/>\n<meta property=\"og:locale\" content=\"sq_AL\" \/>\n<meta property=\"og:type\" content=\"article\" \/>\n<meta property=\"og:title\" content=\"Kultura politike gjermane - FjALA e LIR\u00cb - Arkivi\" \/>\n<meta property=\"og:description\" content=\"Christian Wulff\u00a0 Nga Beq\u00eb Cufaj, 18 Shkurt 2012 \u00cbsht\u00eb nj\u00eb ngjarje e cila duhet t\u00eb sh\u00ebnohet. Edhe pse politike deri n\u00eb thelb, megjithat\u00eb ajo \u00ebsht\u00eb nj\u00eb peisazh dhe leksion nj\u00ebkoh\u00ebsisht, se si politika, ose th\u00ebn\u00eb edhe m\u00eb sakt\u00eb politikan\u00ebt \u2013 qofshin ata edhe n\u00eb postet m\u00eb t\u00eb larta t\u00eb mundshme, nuk mund t\u2019i rezistojn\u00eb asaj [&hellip;]\" \/>\n<meta property=\"og:url\" content=\"https:\/\/fjala.info\/2009-2015\/kultura-politike-gjermane\/\" \/>\n<meta property=\"og:site_name\" content=\"FjALA e LIR\u00cb - Arkivi\" \/>\n<meta property=\"article:published_time\" content=\"2012-02-20T11:12:58+00:00\" \/>\n<meta property=\"og:image\" content=\"http:\/\/www.shkoder.net\/2012\/christian_wulff.jpg\" \/>\n<meta name=\"author\" content=\"admin\" \/>\n<meta name=\"twitter:card\" content=\"summary_large_image\" \/>\n<meta name=\"twitter:label1\" content=\"Written by\" \/>\n\t<meta name=\"twitter:data1\" content=\"admin\" \/>\n\t<meta name=\"twitter:label2\" content=\"Est. reading time\" \/>\n\t<meta name=\"twitter:data2\" content=\"5 minutes\" \/>\n<script type=\"application\/ld+json\" class=\"yoast-schema-graph\">{\"@context\":\"https:\\\/\\\/schema.org\",\"@graph\":[{\"@type\":\"Article\",\"@id\":\"https:\\\/\\\/fjala.info\\\/2009-2015\\\/kultura-politike-gjermane\\\/#article\",\"isPartOf\":{\"@id\":\"https:\\\/\\\/fjala.info\\\/2009-2015\\\/kultura-politike-gjermane\\\/\"},\"author\":{\"name\":\"admin\",\"@id\":\"https:\\\/\\\/fjala.info\\\/2009-2015\\\/#\\\/schema\\\/person\\\/3aa1163ef05469c496fc94e77611ada2\"},\"headline\":\"Kultura politike gjermane\",\"datePublished\":\"2012-02-20T11:12:58+00:00\",\"mainEntityOfPage\":{\"@id\":\"https:\\\/\\\/fjala.info\\\/2009-2015\\\/kultura-politike-gjermane\\\/\"},\"wordCount\":953,\"commentCount\":0,\"publisher\":{\"@id\":\"https:\\\/\\\/fjala.info\\\/2009-2015\\\/#organization\"},\"image\":{\"@id\":\"https:\\\/\\\/fjala.info\\\/2009-2015\\\/kultura-politike-gjermane\\\/#primaryimage\"},\"thumbnailUrl\":\"http:\\\/\\\/www.shkoder.net\\\/2012\\\/christian_wulff.jpg\",\"articleSection\":[\"Artikuj\"],\"inLanguage\":\"sq-AL\",\"potentialAction\":[{\"@type\":\"CommentAction\",\"name\":\"Comment\",\"target\":[\"https:\\\/\\\/fjala.info\\\/2009-2015\\\/kultura-politike-gjermane\\\/#respond\"]}]},{\"@type\":\"WebPage\",\"@id\":\"https:\\\/\\\/fjala.info\\\/2009-2015\\\/kultura-politike-gjermane\\\/\",\"url\":\"https:\\\/\\\/fjala.info\\\/2009-2015\\\/kultura-politike-gjermane\\\/\",\"name\":\"Kultura politike gjermane - FjALA e LIR\u00cb - Arkivi\",\"isPartOf\":{\"@id\":\"https:\\\/\\\/fjala.info\\\/2009-2015\\\/#website\"},\"primaryImageOfPage\":{\"@id\":\"https:\\\/\\\/fjala.info\\\/2009-2015\\\/kultura-politike-gjermane\\\/#primaryimage\"},\"image\":{\"@id\":\"https:\\\/\\\/fjala.info\\\/2009-2015\\\/kultura-politike-gjermane\\\/#primaryimage\"},\"thumbnailUrl\":\"http:\\\/\\\/www.shkoder.net\\\/2012\\\/christian_wulff.jpg\",\"datePublished\":\"2012-02-20T11:12:58+00:00\",\"breadcrumb\":{\"@id\":\"https:\\\/\\\/fjala.info\\\/2009-2015\\\/kultura-politike-gjermane\\\/#breadcrumb\"},\"inLanguage\":\"sq-AL\",\"potentialAction\":[{\"@type\":\"ReadAction\",\"target\":[\"https:\\\/\\\/fjala.info\\\/2009-2015\\\/kultura-politike-gjermane\\\/\"]}]},{\"@type\":\"ImageObject\",\"inLanguage\":\"sq-AL\",\"@id\":\"https:\\\/\\\/fjala.info\\\/2009-2015\\\/kultura-politike-gjermane\\\/#primaryimage\",\"url\":\"http:\\\/\\\/www.shkoder.net\\\/2012\\\/christian_wulff.jpg\",\"contentUrl\":\"http:\\\/\\\/www.shkoder.net\\\/2012\\\/christian_wulff.jpg\"},{\"@type\":\"BreadcrumbList\",\"@id\":\"https:\\\/\\\/fjala.info\\\/2009-2015\\\/kultura-politike-gjermane\\\/#breadcrumb\",\"itemListElement\":[{\"@type\":\"ListItem\",\"position\":1,\"name\":\"Home\",\"item\":\"https:\\\/\\\/fjala.info\\\/2009-2015\\\/\"},{\"@type\":\"ListItem\",\"position\":2,\"name\":\"Kultura politike gjermane\"}]},{\"@type\":\"WebSite\",\"@id\":\"https:\\\/\\\/fjala.info\\\/2009-2015\\\/#website\",\"url\":\"https:\\\/\\\/fjala.info\\\/2009-2015\\\/\",\"name\":\"FjALA e LIR\u00cb - Arkivi\",\"description\":\"Arkivi 2009-2015\",\"publisher\":{\"@id\":\"https:\\\/\\\/fjala.info\\\/2009-2015\\\/#organization\"},\"potentialAction\":[{\"@type\":\"SearchAction\",\"target\":{\"@type\":\"EntryPoint\",\"urlTemplate\":\"https:\\\/\\\/fjala.info\\\/2009-2015\\\/?s={search_term_string}\"},\"query-input\":{\"@type\":\"PropertyValueSpecification\",\"valueRequired\":true,\"valueName\":\"search_term_string\"}}],\"inLanguage\":\"sq-AL\"},{\"@type\":\"Organization\",\"@id\":\"https:\\\/\\\/fjala.info\\\/2009-2015\\\/#organization\",\"name\":\"FjALA e LIR\u00cb - Arkivi\",\"url\":\"https:\\\/\\\/fjala.info\\\/2009-2015\\\/\",\"logo\":{\"@type\":\"ImageObject\",\"inLanguage\":\"sq-AL\",\"@id\":\"https:\\\/\\\/fjala.info\\\/2009-2015\\\/#\\\/schema\\\/logo\\\/image\\\/\",\"url\":\"\",\"contentUrl\":\"\",\"caption\":\"FjALA e LIR\u00cb - Arkivi\"},\"image\":{\"@id\":\"https:\\\/\\\/fjala.info\\\/2009-2015\\\/#\\\/schema\\\/logo\\\/image\\\/\"}},{\"@type\":\"Person\",\"@id\":\"https:\\\/\\\/fjala.info\\\/2009-2015\\\/#\\\/schema\\\/person\\\/3aa1163ef05469c496fc94e77611ada2\",\"name\":\"admin\",\"image\":{\"@type\":\"ImageObject\",\"inLanguage\":\"sq-AL\",\"@id\":\"https:\\\/\\\/fjala.info\\\/2009-2015\\\/wp-content\\\/uploads\\\/2012\\\/02\\\/arben_cokaj-120x150.jpg\",\"url\":\"https:\\\/\\\/fjala.info\\\/2009-2015\\\/wp-content\\\/uploads\\\/2012\\\/02\\\/arben_cokaj-120x150.jpg\",\"contentUrl\":\"https:\\\/\\\/fjala.info\\\/2009-2015\\\/wp-content\\\/uploads\\\/2012\\\/02\\\/arben_cokaj-120x150.jpg\",\"caption\":\"admin\"},\"description\":\"Admin, Fjala e Lir\u00eb\",\"sameAs\":[\"https:\\\/\\\/fjala.info\\\/\"],\"url\":\"https:\\\/\\\/fjala.info\\\/2009-2015\\\/author\\\/admin\\\/\"}]}<\/script>\n<!-- \/ Yoast SEO plugin. -->","yoast_head_json":{"title":"Kultura politike gjermane - FjALA e LIR\u00cb - Arkivi","robots":{"index":"index","follow":"follow","max-snippet":"max-snippet:-1","max-image-preview":"max-image-preview:large","max-video-preview":"max-video-preview:-1"},"canonical":"https:\/\/fjala.info\/2009-2015\/kultura-politike-gjermane\/","og_locale":"sq_AL","og_type":"article","og_title":"Kultura politike gjermane - FjALA e LIR\u00cb - Arkivi","og_description":"Christian Wulff\u00a0 Nga Beq\u00eb Cufaj, 18 Shkurt 2012 \u00cbsht\u00eb nj\u00eb ngjarje e cila duhet t\u00eb sh\u00ebnohet. Edhe pse politike deri n\u00eb thelb, megjithat\u00eb ajo \u00ebsht\u00eb nj\u00eb peisazh dhe leksion nj\u00ebkoh\u00ebsisht, se si politika, ose th\u00ebn\u00eb edhe m\u00eb sakt\u00eb politikan\u00ebt \u2013 qofshin ata edhe n\u00eb postet m\u00eb t\u00eb larta t\u00eb mundshme, nuk mund t\u2019i rezistojn\u00eb asaj [&hellip;]","og_url":"https:\/\/fjala.info\/2009-2015\/kultura-politike-gjermane\/","og_site_name":"FjALA e LIR\u00cb - Arkivi","article_published_time":"2012-02-20T11:12:58+00:00","og_image":[{"url":"http:\/\/www.shkoder.net\/2012\/christian_wulff.jpg","type":"","width":"","height":""}],"author":"admin","twitter_card":"summary_large_image","twitter_misc":{"Written by":"admin","Est. reading time":"5 minutes"},"schema":{"@context":"https:\/\/schema.org","@graph":[{"@type":"Article","@id":"https:\/\/fjala.info\/2009-2015\/kultura-politike-gjermane\/#article","isPartOf":{"@id":"https:\/\/fjala.info\/2009-2015\/kultura-politike-gjermane\/"},"author":{"name":"admin","@id":"https:\/\/fjala.info\/2009-2015\/#\/schema\/person\/3aa1163ef05469c496fc94e77611ada2"},"headline":"Kultura politike gjermane","datePublished":"2012-02-20T11:12:58+00:00","mainEntityOfPage":{"@id":"https:\/\/fjala.info\/2009-2015\/kultura-politike-gjermane\/"},"wordCount":953,"commentCount":0,"publisher":{"@id":"https:\/\/fjala.info\/2009-2015\/#organization"},"image":{"@id":"https:\/\/fjala.info\/2009-2015\/kultura-politike-gjermane\/#primaryimage"},"thumbnailUrl":"http:\/\/www.shkoder.net\/2012\/christian_wulff.jpg","articleSection":["Artikuj"],"inLanguage":"sq-AL","potentialAction":[{"@type":"CommentAction","name":"Comment","target":["https:\/\/fjala.info\/2009-2015\/kultura-politike-gjermane\/#respond"]}]},{"@type":"WebPage","@id":"https:\/\/fjala.info\/2009-2015\/kultura-politike-gjermane\/","url":"https:\/\/fjala.info\/2009-2015\/kultura-politike-gjermane\/","name":"Kultura politike gjermane - FjALA e LIR\u00cb - Arkivi","isPartOf":{"@id":"https:\/\/fjala.info\/2009-2015\/#website"},"primaryImageOfPage":{"@id":"https:\/\/fjala.info\/2009-2015\/kultura-politike-gjermane\/#primaryimage"},"image":{"@id":"https:\/\/fjala.info\/2009-2015\/kultura-politike-gjermane\/#primaryimage"},"thumbnailUrl":"http:\/\/www.shkoder.net\/2012\/christian_wulff.jpg","datePublished":"2012-02-20T11:12:58+00:00","breadcrumb":{"@id":"https:\/\/fjala.info\/2009-2015\/kultura-politike-gjermane\/#breadcrumb"},"inLanguage":"sq-AL","potentialAction":[{"@type":"ReadAction","target":["https:\/\/fjala.info\/2009-2015\/kultura-politike-gjermane\/"]}]},{"@type":"ImageObject","inLanguage":"sq-AL","@id":"https:\/\/fjala.info\/2009-2015\/kultura-politike-gjermane\/#primaryimage","url":"http:\/\/www.shkoder.net\/2012\/christian_wulff.jpg","contentUrl":"http:\/\/www.shkoder.net\/2012\/christian_wulff.jpg"},{"@type":"BreadcrumbList","@id":"https:\/\/fjala.info\/2009-2015\/kultura-politike-gjermane\/#breadcrumb","itemListElement":[{"@type":"ListItem","position":1,"name":"Home","item":"https:\/\/fjala.info\/2009-2015\/"},{"@type":"ListItem","position":2,"name":"Kultura politike gjermane"}]},{"@type":"WebSite","@id":"https:\/\/fjala.info\/2009-2015\/#website","url":"https:\/\/fjala.info\/2009-2015\/","name":"FjALA e LIR\u00cb - Arkivi","description":"Arkivi 2009-2015","publisher":{"@id":"https:\/\/fjala.info\/2009-2015\/#organization"},"potentialAction":[{"@type":"SearchAction","target":{"@type":"EntryPoint","urlTemplate":"https:\/\/fjala.info\/2009-2015\/?s={search_term_string}"},"query-input":{"@type":"PropertyValueSpecification","valueRequired":true,"valueName":"search_term_string"}}],"inLanguage":"sq-AL"},{"@type":"Organization","@id":"https:\/\/fjala.info\/2009-2015\/#organization","name":"FjALA e LIR\u00cb - Arkivi","url":"https:\/\/fjala.info\/2009-2015\/","logo":{"@type":"ImageObject","inLanguage":"sq-AL","@id":"https:\/\/fjala.info\/2009-2015\/#\/schema\/logo\/image\/","url":"","contentUrl":"","caption":"FjALA e LIR\u00cb - Arkivi"},"image":{"@id":"https:\/\/fjala.info\/2009-2015\/#\/schema\/logo\/image\/"}},{"@type":"Person","@id":"https:\/\/fjala.info\/2009-2015\/#\/schema\/person\/3aa1163ef05469c496fc94e77611ada2","name":"admin","image":{"@type":"ImageObject","inLanguage":"sq-AL","@id":"https:\/\/fjala.info\/2009-2015\/wp-content\/uploads\/2012\/02\/arben_cokaj-120x150.jpg","url":"https:\/\/fjala.info\/2009-2015\/wp-content\/uploads\/2012\/02\/arben_cokaj-120x150.jpg","contentUrl":"https:\/\/fjala.info\/2009-2015\/wp-content\/uploads\/2012\/02\/arben_cokaj-120x150.jpg","caption":"admin"},"description":"Admin, Fjala e Lir\u00eb","sameAs":["https:\/\/fjala.info\/"],"url":"https:\/\/fjala.info\/2009-2015\/author\/admin\/"}]}},"_links":{"self":[{"href":"https:\/\/fjala.info\/2009-2015\/wp-json\/wp\/v2\/posts\/1877","targetHints":{"allow":["GET"]}}],"collection":[{"href":"https:\/\/fjala.info\/2009-2015\/wp-json\/wp\/v2\/posts"}],"about":[{"href":"https:\/\/fjala.info\/2009-2015\/wp-json\/wp\/v2\/types\/post"}],"author":[{"embeddable":true,"href":"https:\/\/fjala.info\/2009-2015\/wp-json\/wp\/v2\/users\/1"}],"replies":[{"embeddable":true,"href":"https:\/\/fjala.info\/2009-2015\/wp-json\/wp\/v2\/comments?post=1877"}],"version-history":[{"count":0,"href":"https:\/\/fjala.info\/2009-2015\/wp-json\/wp\/v2\/posts\/1877\/revisions"}],"wp:attachment":[{"href":"https:\/\/fjala.info\/2009-2015\/wp-json\/wp\/v2\/media?parent=1877"}],"wp:term":[{"taxonomy":"category","embeddable":true,"href":"https:\/\/fjala.info\/2009-2015\/wp-json\/wp\/v2\/categories?post=1877"},{"taxonomy":"post_tag","embeddable":true,"href":"https:\/\/fjala.info\/2009-2015\/wp-json\/wp\/v2\/tags?post=1877"}],"curies":[{"name":"wp","href":"https:\/\/api.w.org\/{rel}","templated":true}]}}