{"id":1873,"date":"2012-02-20T10:32:17","date_gmt":"2012-02-20T09:32:17","guid":{"rendered":"http:\/\/fjala.shkoder.net\/?p=1873"},"modified":"2012-02-20T10:32:17","modified_gmt":"2012-02-20T09:32:17","slug":"afrim-morina-ukshin-hoti-dhe-e-verteta-mbi-rambujene","status":"publish","type":"post","link":"https:\/\/fjala.info\/2009-2015\/afrim-morina-ukshin-hoti-dhe-e-verteta-mbi-rambujene\/","title":{"rendered":"Afrim Morina: Ukshin Hoti dhe e v\u00ebrteta mbi Rambujen\u00eb"},"content":{"rendered":"<p>Sot e asaj dite gj\u00ebrat ky\u00e7e rreth marr\u00ebveshjes s\u00eb Rambuje nuk thuhen. Arsyet i din\u00eb ata t\u00eb cil\u00ebt jan\u00eb marr\u00eb me k\u00ebt\u00eb tem\u00eb, madje edhe jan\u00eb mbrojtur tema doktorature. Besoj\u00eb se me kalimin e koh\u00ebs dhe kur edhe t\u00eb tjer\u00ebt do ta trajtojn\u00eb k\u00ebt\u00eb tem\u00eb n\u00eb m\u00ebnyr\u00eb objektive, ata t\u00eb cil\u00ebt kan\u00eb p\u00ebrshpejtuar n\u00eb k\u00ebt\u00eb fush\u00eb, do t\u00eb k\u00ebndell\u00ebn dhe ose do t\u00eb k\u00ebrkojn\u00eb falje, ose do t\u2019i t\u00ebrheqin botimet veta.<\/p>\n<p style=\"text-align: center;\"><img decoding=\"async\" class=\"aligncenter size-thumbnail wp-image-7236\" title=\"Ukshin Hoti pas hekurave dhe lider\u00eb Kosovasr\u00eb n\u00eb Rambuje\" src=\"http:\/\/www.shkoder.net\/2012\/ukshin_hoti_lidere_kos.jpg\" alt=\"\" width=\"450\" \/><em>Ukshin Hoti pas hekurave dhe lider\u00eb Kosovasr\u00eb n\u00eb Rambuje<\/em><\/p>\n<p><strong>Takim apo Konferenc\u00eb?<\/strong><br \/>\nPo b\u00ebhen tremb\u00ebdhjet\u00eb vite q\u00eb kur \u00ebsht\u00eb mbajtur Takimi i Rambujese dhe ende trajtohet si Konferenc\u00eb nga aktor\u00ebt e takimit dhe atyre q\u00eb n\u00eb forma t\u00eb ndryshme kan\u00eb qen\u00eb t\u00eb p\u00ebrfshir\u00eb n\u00eb p\u00ebrgatitjen e saj. T\u00eb till\u00eb e trajtojn\u00eb edhe ak\u00ebcili q\u00eb \u00ebsht\u00eb marr\u00eb me k\u00ebt\u00eb tem\u00eb bukur me pesh\u00ebn historike q\u00eb ka pasur, pa marr\u00eb parasysh p\u00ebrfundimin.<\/p>\n<p>N\u00eb Rambuile jan\u00eb takuar dy pal\u00ebt q\u00eb kan\u00eb qen\u00eb t\u00eb p\u00ebrfshir\u00eb n\u00eb luft\u00eb, ky \u00ebsht\u00eb mendim imi, t\u00eb cilin e kam th\u00ebn\u00eb edhe n\u00eb takim n\u00eb kuad\u00ebr t\u00eb LBD-s\u00eb, n\u00eb tryez\u00eb bisedimesh, t\u00eb cil\u00ebn e organizuan dhe e mund\u00ebsuan faktor\u00ebt nd\u00ebrkomb\u00ebtar, sepse ishte momenti ku mund t\u00eb p\u00ebrhapej lufta n\u00eb Ballkan e regjion, si domosdoshm\u00ebri e p\u00ebrfshirjes s\u00eb shqiptar\u00ebve, nga t\u00eb gjitha trevat, t\u00eb cil\u00ebt ishin t\u00eb detyruar t\u00eb luftonin p\u00ebr t\u00eb siguruar mbijetes\u00ebn e nj\u00eb pjese t\u00eb kombit t\u00eb vet dhe territoret ku ata banonin.<\/p>\n<p>Tre p\u00ebrfaq\u00ebsuesit jan\u00eb munduar t\u00eb mbik\u00ebqyrin rrjedh\u00ebn e takimit, p\u00ebr t\u00eb gjendur nj\u00eb mund\u00ebsi marr\u00ebveshje p\u00ebr t\u00eb nd\u00ebrprer\u00eb luft\u00ebn n\u00eb mes shqiptar\u00ebve dhe serb\u00ebve. D\u00ebshmi se ka qen\u00eb Takim e jo Konferenc\u00eb \u00ebsht\u00eb edhe n\u00ebnshkrimi i p\u00ebrfaq\u00ebsuesve nd\u00ebrkomb\u00ebtare si: nd\u00ebrmjet\u00ebsues t\u00eb Takimit, e jo si garantues p\u00ebr t\u00eb zbatuar marr\u00ebveshjes e Rambuiles. Kjo i n\u00ebnkupton t\u00eb gjitha ato q\u00eb duhet th\u00ebn\u00eb e shkruar p\u00ebr at\u00eb Takim, mir\u00ebpo, si Takim po del m\u00eb i zbeht\u00eb dhe p\u00ebr\u00e7mues me situat\u00ebn e krijuar n\u00eb at\u00eb koh\u00eb, nd\u00ebrsa si Konferenc\u00eb del pesha m\u00eb e madhe dhe b\u00ebhen krahasime me at\u00eb t\u00eb Dejtonit.<\/p>\n<p><strong>Parap\u00ebrgatitja p\u00ebr Takim<\/strong><br \/>\nTakimi p\u00ebr n\u00eb Rambuje kishte filluar her\u00ebt, p\u00ebrmes diplomacis\u00eb s\u00eb Hillit, p\u00ebrfaq\u00ebsues i SHBA- ve, i cili p\u00ebrcillte gjendjen n\u00eb Kosov\u00eb. Jan\u00eb t\u00eb njohura propozimet e Tij, sidomos ai i fundit, q\u00eb iu dha p\u00ebrfaq\u00ebsuesve politike n\u00eb Prishtin\u00eb n\u00eb Shkup. Projekti, jo vet\u00ebm se nuk kishte asgj\u00eb, por edhe ishte p\u00ebr\u00e7mues p\u00ebr pal\u00ebn shqiptare dhe n\u00eb kuad\u00ebr t\u00eb LBD- s\u00eb (L\u00ebvizjes s\u00eb Bashkuar Demokratike) u diskutua holl\u00ebsisht dhe mendimi ishte se ky projekt nuk b\u00ebn\u00eb t\u00eb jet\u00eb n\u00eb tryez\u00eb bisedimesh. Ashtu edhe u b\u00eb. K\u00ebt\u00eb projekt e pranoi LDK- ja, por e kishte refuzuar edhe P\u00ebrfaq\u00ebsuesi i U\u00c7K- s\u00eb n\u00eb Prishtin\u00eb, z. Adem Dema\u00e7i. Kur u caktua vendi dhe se nga sa p\u00ebrfaq\u00ebsues t\u00eb secilit subjekt t\u00eb udh\u00ebtonte p\u00ebr n\u00eb Rambuje, edhe n\u00eb kuad\u00ebr t\u00eb LBD- s\u00eb filloi kjo t\u00eb trajtohej. Sikurse t\u00eb tjer\u00ebt edhe ky subjekt politik duhej t\u00eb p\u00ebrfaq\u00ebsohej me pes\u00eb veta.<\/p>\n<p>Tre u vendos\u00ebn t\u00eb shkojn\u00eb nga L\u00ebvizja Demokratike Shqiptare: akademik Rexhep \u00c7osja, Mehmet Hajrizi dhe Hydajet Hyseni; nga Partia Parlamentare, Bajram Kosumi dhe nga UNIKOMB t\u00eb shkonte Ukshin Hoti. Ukshin Hoti ishte n\u00eb Burg, mir\u00ebpo me 14 Maj t\u00eb vitit 1997, Parlamenti Evropian kishte nxjerr nj\u00eb Rezolut\u00eb p\u00ebr lirimin e Tij dhe shpresonim se ishte momenti i duhur p\u00ebr ta shfryt\u00ebzuar q\u00eb Ai t\u00eb dilte nga burgu. Autori i k\u00ebtij shkrimi, p\u00ebrfaq\u00ebsues i UNIKOMB- it, me k\u00ebmb\u00ebngulje pati k\u00ebrkuar q\u00eb t\u00eb sh\u00ebnohej n\u00eb procesverbal, t\u00eb cilin e mbante Basri Musmurati, kjo: \u201cKryetari i delegacionit &#8211; Rexhep Qosje t\u00eb mbante nj\u00eb konferenc\u00eb shtypi dhe t\u00eb k\u00ebrkonte q\u00eb Ukshin Hoti t\u2019i bashk\u00ebngjitej delegacionit p\u00ebr n\u00eb Rambuje.<\/p>\n<p>N\u00ebse ky takim me t\u00eb v\u00ebrtet \u00ebsht\u00eb serioz dhe pal\u00ebt nd\u00ebrmjet\u00ebsuese d\u00ebshiroj\u00eb t\u00eb arrihet nj\u00eb marr\u00ebveshje, do ta lirojn\u00eb Ukshinin nga burgu, sepse ka nj\u00eb Rezolut\u00eb lirimi nga Parlamenti Evropian p\u00ebr T\u00eb. Konferenc\u00eb shtypi t\u00eb tentoj\u00eb t\u00eb mbaj edhe n\u00eb Paris, e n\u00ebse kjo nuk i mund\u00ebsohet, n\u00eb nj\u00eb karrige t\u00eb vendoset nj\u00eb karton dhe t\u00eb sh\u00ebnohet emri Ukshin Hoti. N\u00ebse k\u00ebto veprime nuk nd\u00ebrmerren, ky delegacion nuk e p\u00ebrfaq\u00ebson UNIKOMB- in\u201d. Asnj\u00eb veprim nuk u nd\u00ebrmor n\u00eb k\u00ebt\u00eb drejtim. Delegacioni i LBD- s\u00eb ka udh\u00ebtuar me kat\u00ebr veta, sepse nga UNIKOMB- i nuk ka dashur askush ta z\u00ebvend\u00ebsoj\u00eb Ukshin Hotin.<\/p>\n<p><strong>Hilli kishin caktuar dy intelektual\u00eb t\u00eb \u201cpavarur\u201d<\/strong>P\u00ebr t\u00eb p\u00ebrfaq\u00ebsuar Kosov\u00ebn n\u00eb takimin e Rambujese, Hili kishte caktuar edhe dy intelektuale t\u00eb \u201cpavarur\u201d. Se ku i kishte gjetur dhe kush ua ka propozuar, mbetet Ai t\u00eb jep shpjegim p\u00ebr qytetar\u00ebt e Kosov\u00ebs. N\u00eb nj\u00eb takim n\u00eb LBD, q\u00eb kishin k\u00ebrkuar k\u00ebta dy intelektuale: Veton Suroi dhe Blerim Shala, n\u00eb bised\u00eb e sip\u00ebr, rash\u00eb ndesh me p\u00ebrfaq\u00ebsuesit e LBD dhe n\u00ebse procesmbajt\u00ebsi Basri Musmurati e ka sh\u00ebnuar, k\u00ebshtu kam th\u00ebn\u00eb: \u201cIntelektuali i pavarur duhet t\u00eb ket\u00eb nj\u00eb mosh\u00eb rreth t\u00eb gjasht\u00ebdhjetave.<\/p>\n<p>T\u00eb mos ket\u00eb anuar politikisht p\u00ebr asnj\u00eb subjekt politik. Veprimtaria e tij t\u00eb jet\u00eb vet\u00ebm n\u00eb k\u00ebndv\u00ebshtrimin komb\u00ebtar dhe t\u00eb ket\u00eb t\u00eb publikuara s\u00eb paku tri libra. I till\u00eb p\u00ebr mua \u00ebsht\u00eb vet\u00ebm Kadri Halimi. Ju asnj\u00ebrin nga k\u00ebto kritere nuk i plot\u00ebsoni dhe madje jeni t\u00eb varur n\u00eb Beograd.\u201d. Ua thash mendimin tim pse jan\u00eb t\u00eb varur n\u00eb Beograd dhe p\u00ebr k\u00ebt\u00eb kund\u00ebrshtoi vet\u00ebm Bajram Kosumi, pse e ndjeu vet\u00ebn t\u00eb fyer, nuk e kam pyetur asnj\u00ebher\u00eb. Mendimi im se k\u00ebta dy nuk kan\u00eb t\u00eb drejt\u00eb votimi n\u00eb mb\u00ebshtetje t\u00eb ak\u00ebcilit delegacion dhe n\u00ebnshkrimi n\u00eb asnj\u00eb dokument nuk u aprovua me z\u00eb, por heshtja tregonte se e kisha mb\u00ebshtetjen e subjektit.<\/p>\n<p><strong>Kush do t\u2019i printe delegacionit?<\/strong><br \/>\nEdhe kjo tem\u00eb \u00ebsht\u00eb trajtuar n\u00eb kuad\u00ebr t\u00eb LBD. Q\u00ebndrimi ishte se delegacionit duhej t\u2019i printe p\u00ebrfaq\u00ebsuesi i U\u00c7K- s\u00eb. LDK- ja mundohej q\u00eb p\u00ebrfaq\u00ebsuesi i saj- Rugova ta udh\u00ebhiqte delegacionin. Dy her\u00eb pat\u00ebm kontaktuar me Fehmi Aganin, mir\u00ebpo nuk e kishte mandatin t\u00eb \u201cl\u00ebshonte\u201d pe n\u00eb k\u00ebt\u00eb drejtim. At\u00ebher\u00eb u vendos se delegacionit do t\u2019i printe ai q\u00eb kishte mb\u00ebshtetjen edhe t\u00eb nj\u00eb subjekti politik. Pasi LBD- ja ishte krijuar q\u00eb t\u2019i ndihmoj dhe mb\u00ebshtet U\u00c7K- n\u00eb n\u00eb t\u00eb gjitha planet, dihej se vota shkonte p\u00ebr ta dhe ashtu edhe u b\u00eb.<\/p>\n<p><strong>Mb\u00ebshtetje nga turqit dhe mysliman\u00ebt<\/strong><br \/>\nPas udh\u00ebtimit t\u00eb delegacionit un\u00eb mbeta q\u00eb ta udh\u00ebheq LBD. I pata ftuar Klajiqin dhe Arif Bozagjin\u00eb p\u00ebr t\u00eb biseduar me ta, q\u00eb edhe ata t\u00eb japin mendimin e vet dhe t\u00eb mb\u00ebshtetin delegacioni n\u00eb Rambuile. Arif Bozagji pranoi menj\u00ebher\u00eb dhe e b\u00ebn\u00eb nj\u00eb deklarat\u00eb turqisht, shqip dhe anglisht. Klaiqi hezitonte, sepse ndihej i fyer pse nuk ishte n\u00eb p\u00ebrb\u00ebrje t\u00eb delegacionit. Un\u00eb i pata th\u00ebn\u00eb, se p\u00ebr ju ka qen\u00eb dasht\u00eb t\u00eb jep mendimin Rugova, sepse i takoni atij spektri politik dhe jeni n\u00eb \u201cParlamentin\u201d e Kosov\u00ebs.<\/p>\n<p>Duke e par\u00eb t\u00eb arsyeshme q\u00eb ju nuk jeni ftuar nga Ai, at\u00ebher\u00eb ju kam ftuar un\u00eb q\u00eb ta mb\u00ebshtesni k\u00ebt\u00eb delegacion dhe udh\u00ebheq\u00ebsin e tij. M\u00eb von\u00eb rash\u00eb n\u00eb kontakt me Numan Baliqin, i cili menj\u00ebher\u00eb dha mendim pozitiv\u00eb dhe autorizoi Klajiqin q\u00eb t\u00eb kryente detyr\u00ebn. Pasi i morra nga t\u00eb dyt\u00eb mb\u00ebshtetjet, i kemi d\u00ebrguar dymb\u00ebdhjet\u00ebshes Evropiane, treshes nd\u00ebrmjet\u00ebsuese dhe udh\u00ebheqjes s\u00eb k\u00ebtij delegacioni n\u00eb Rambuje. Pse hesht\u00ebt edhe sot ky fenomen nuk e di.<\/p>\n<p><strong>Pjes\u00ebmarr\u00ebs n\u00eb Rambuje edhe Ukshin Hoti:!!!<\/strong><br \/>\nIshte apo jo Ukshin Hoti n\u00eb Rambuje?! Si\u00e7 e theksova edhe m\u00eb lart\u00eb rreth kushteve t\u00eb parashtruara nga Un\u00eb (sepse n\u00eb at\u00eb koh\u00eb udh\u00ebhiqja UNIKOMB- in n\u00eb munges\u00eb t\u00eb Hotit), Ai nuk ishte as si em\u00ebr n\u00eb Rambuje. Pas Takimit ua kam t\u00ebrhequr v\u00ebrejtjen e mos kryerjes s\u00eb obligimit q\u00eb kishin marre. Pas lufte kam lexuar se edhe Ukshini paska qen\u00eb n\u00eb Rambuje! Se pse kalkulohet me emrin e Tij mund ta thon\u00eb vet\u00ebm ata t\u00eb cil\u00ebve u ka konvenuar nj\u00eb koh\u00eb q\u00eb t\u00eb thirr\u00ebn n\u00eb b\u00ebmat dhe mendjen e Tij.<\/p>\n<p>M\u00eb von\u00eb u pa se asnj\u00ebri nga ata m\u00eb nuk u kujdes t\u00eb flas e interesohet p\u00ebr fatin e Ukshinit, edhe pse kan\u00eb pasur takime me personalitete t\u00eb m\u00ebdha t\u00eb politik\u00ebs e diplomacis\u00eb nd\u00ebrkomb\u00ebtare, t\u00eb cil\u00ebt edhe mund t\u00eb b\u00ebnin shum\u00eb\u00e7ka p\u00ebr Ukshin Hotin. Un\u00eb deri tash kam heshtur, jo vet\u00ebm p\u00ebr k\u00ebt\u00eb rast, duke menduar se do t\u00eb dali nga burgu Hoti dhe t\u2019i thot\u00eb vet\u00eb gj\u00ebrat. E ndershme dhe n\u00eb sh\u00ebrbim t\u00eb s\u00eb drejt\u00ebs e historis\u00eb \u00ebsht\u00eb q\u00eb t\u00eb gjith\u00eb ata q\u00eb kan\u00eb shkruar n\u00eb nj\u00eb far\u00eb forme se Ukshini ishte n\u00eb p\u00ebrb\u00ebrje t\u00eb delegacionit n\u00eb Rambuje, t\u00eb t\u00ebrheqin emrin e Tij dhe t\u00eb k\u00ebrkojn\u00eb falje publike familjar\u00ebve dhe bashk\u00ebveprimtar\u00ebve t\u00eb Tij.<\/p>\n<p><strong>Fati n\u00eb fatkeq\u00ebsi<\/strong><br \/>\nPas kthimit t\u00eb delegacionit nga Rambujea kam reaguar p\u00ebr keqp\u00ebrdorimin e emrit t\u00eb Ukshinit. \u00cbsht\u00eb analizuar e gjith\u00eb projektmarr\u00ebveshja, jan\u00eb thirre edhe eksperte t\u00eb fushave t\u00eb ndryshme dhe p\u00ebrfundimi ka qen\u00eb se UNIKOMB- i nuk e mb\u00ebshtet k\u00ebt\u00eb marr\u00ebveshje p\u00ebr arsye politike dhe ushtarake, e t\u00eb mos flasim p\u00ebr ato ekonomike. Nj\u00eb delegacion i ardhur nga Holanda, n\u00eb p\u00ebrb\u00ebrjen e t\u00eb cilit ishin nga Ministria e Pun\u00ebve t\u00eb Jashtme dhe atasheu ushtarak n\u00eb Beograd, nd\u00ebrsa nga LBD- ja ishim un\u00eb dhe Qosja. P\u00ebrkthyes ishte Ilir Dugolli, tash ambasador n\u00eb Bruksel.<\/p>\n<p>\u00cbsht\u00eb pyetur Qosja rreth bisedimeve me baz\u00ebn elektorale, se ashtu ishte nxjerre koha dyjavore p\u00ebr n\u00ebnshkrim t\u00eb projektmarr\u00ebveshjes s\u00eb Rambujese, Ai p\u00ebrgjigjet: \u201cNe kemi pranuar pluralizmin politik dhe kjo demokraci te ne n\u00eb LBD funksionon mir\u00eb. Morina nuk e pranon projektmarr\u00ebveshjen, mir\u00ebpo ne e pranojm\u00eb dhe si shumic\u00eb q\u00eb jemi p\u00ebrgjigja \u00ebsht\u00eb pozitive.\u201d T\u00eb interesuar se pse nuk e kishte pranuar UNIKOMB- i k\u00ebt\u00eb projekt marr\u00ebveshje, dhash\u00eb p\u00ebrgjigj\u00ebn: \u201cNuk e pranojm\u00eb n\u00eb dy plane, n\u00eb at\u00eb politik dhe ushtarak. Plani ushtarak na b\u00ebn\u00eb m\u00eb k\u00ebmb\u00ebngul\u00ebs p\u00ebr t\u00eb mos e pranuar.\u201d \u201cPse?\u201d- Pyet atasheu \u201cU\u00c7K- ja \u00ebsht\u00eb krijuar nga populli dhe nuk ka mandat askush ta shuaje at\u00eb. N\u00eb projekt marr\u00ebveshje \u00ebsht\u00eb parapar\u00eb nj\u00eb gj\u00eb e till\u00eb, prandaj ne nuk e mb\u00ebshtesim at\u00eb.<\/p>\n<p>Pra kjo nuk \u00ebsht\u00eb krijuar nga asnj\u00eb parti q\u00eb i takon k\u00ebtij bashkimi dhe asnj\u00ebra nuk ka mandat p\u00ebr ta shuar at\u00eb!\u201d Ra nj\u00eb heshtje dhe pastaj \u00ebsht\u00eb biseduar p\u00ebr gj\u00ebra t\u00eb nj\u00eb r\u00ebnd\u00ebsie m\u00eb t\u00eb vog\u00ebl, sa p\u00ebr t\u00eb mbushur koh\u00ebn e parapar\u00eb p\u00ebr takim. Pas takimit me at\u00eb delegacion Qosja shprehu mos k\u00ebnaq\u00ebsin\u00eb e kund\u00ebrshtimit tim, por un\u00eb nuk ia vara veshin p\u00ebr k\u00ebt\u00eb. P\u00ebr takimin e dyt\u00eb n\u00eb Paris, kan\u00eb hyr\u00eb \u201ceksperte\u201d e \u201cp\u00ebrfaq\u00ebsues\u201d t\u00eb LBD- s\u00eb dhe as q\u00eb \u00ebsht\u00eb b\u00ebr\u00eb k\u00ebrkes\u00eb p\u00ebr t\u00eb shkuar dikush nga UNIKOMB- i, sepse kishin marr\u00eb p\u00ebrgjigje t\u00eb prer\u00eb nga ne. N\u00eb Paris n\u00ebnshkruan edhe Veton Surroi, q\u00eb dikush ia mund\u00ebsoi dhe u prish marr\u00ebveshja n\u00eb mes LBD- s\u00eb dhe t\u00eb tjerave. Sidoqoft\u00eb, ne pat\u00ebm nj\u00eb fat n\u00eb fatkeq\u00ebsi p\u00ebr n\u00ebnshkrimin e dh\u00ebn\u00eb nga p\u00ebrfaq\u00ebsuesit e delegacionit shqiptar.<\/p>\n<p>Kjo marr\u00ebveshje nuk u n\u00ebnshkrua nga pala serbe, por si pasoj\u00eb nxori marr\u00ebveshjen e Kumanov\u00ebs, n\u00eb t\u00eb cil\u00ebn arrihet vet\u00ebm nd\u00ebrprerja e luft\u00ebs dhe jo mbarimi i luft\u00ebs. N\u00eb at\u00eb marr\u00ebveshje nuk b\u00ebhet fare fjal\u00eb p\u00ebr rob\u00ebrit e luft\u00ebs, p\u00ebr d\u00ebmet q\u00eb i ka shkaktuar nazifashizmi serb me aleat\u00ebt e vet, d\u00ebmshp\u00ebrblimin q\u00eb duhet b\u00ebr\u00eb dhe kjo marr\u00ebveshje nxori edhe Rezolut\u00ebn 1244, q\u00eb sot na rri si medaljon varur n\u00eb qaf\u00eb. Mu p\u00ebr k\u00ebt\u00eb edhe jan\u00eb b\u00ebr\u00eb kalkulime t\u00eb tmerrshme rreth Kosov\u00ebs e p\u00ebr shqiptar\u00ebt. Qeveria e Kosov\u00ebs duhet t\u2019i ndal kalkulimet e m\u00ebtejme n\u00eb dialog me Serbin\u00eb dhe t\u00eb mos hyj n\u00eb loj\u00ebra edhe m\u00eb t\u00eb pista, se ato q\u00eb kan\u00eb ndodhur.<\/p>\n<p>Fusnotat jan\u00eb rrjedhoj\u00eb e strategjis\u00eb s\u00eb Serbis\u00eb e cila ka mb\u00ebshtetje t\u00eb Evropian\u00ebt dhe kjo u pa edhe n\u00eb takimin e p\u00ebrfaq\u00ebsuesve t\u00eb NATO- s\u00eb, ku u theksua nga kryesuesi se do t\u00eb ket\u00eb edhe biseda politike p\u00ebr veriun e Kosov\u00ebs, p\u00ebr t\u00eb cil\u00ebn p\u00ebrgjegj\u00ebsin\u00eb q\u00eb nga krijimi i acarimit t\u00eb situat\u00ebs n\u00eb veri, k\u00ebt\u00eb e kam th\u00ebn\u00eb edhe m\u00eb her\u00ebt, e mban Bajram Rexhepi. Shqiptar\u00ebt dhe bashk\u00ebsia nd\u00ebrkomb\u00ebtare duhet menj\u00ebher\u00eb t\u00eb k\u00ebrkojn\u00eb shfuqizimin e Kushtetut\u00ebs s\u00eb Serbis\u00eb dhe t\u00eb t\u00ebrhiqet \u00e7\u00ebshtja e Kosov\u00ebs nga ajo, t\u00eb kund\u00ebrt\u00ebn t\u00eb nd\u00ebrpriten t\u00eb gjitha takimet dhe Evropian\u00ebt duhet t\u2019i p\u00ebrmbahen marr\u00ebveshjes s\u00eb Helsinkut, pa u zgjidh \u00e7\u00ebshtja e shqiptar\u00ebve Serbis\u00eb nuk duhet lejuar as fillimi i bisedimeve p\u00ebr t\u2019iu bashk\u00ebngjit\u00eb k\u00ebsaj bashk\u00ebsie.<\/p>\n<p>Gabimin e par\u00eb Evropian\u00ebt e kan\u00eb b\u00ebr\u00eb me pranimin e Greqis\u00eb, madje edhe me t\u00eb drejt\u00eb vetoje, sepse sot e asaj dite ka n\u00eb fuqi Ligjin mbi luft\u00ebn me Shqip\u00ebrin\u00eb. Mos t\u00eb p\u00ebrs\u00ebritet ky gabim dhe p\u00ebr k\u00ebt\u00eb edhe diplomacia e Shqip\u00ebris\u00eb londineze duhet t\u00eb ngre z\u00ebrin fuqish\u00ebm p\u00ebr t\u00eb pastruar pun\u00ebt me serb\u00ebt e grek\u00ebt, sepse q\u00eb t\u00eb dyja kan\u00eb t\u00eb pushtuara toka shqiptare, madje edhe b\u00ebjn\u00eb krime e gjenocid mbi shqiptar\u00ebt, k\u00ebt\u00eb e b\u00ebjn\u00eb sepse po i shohin shqiptar\u00ebt vet\u00ebn n\u00eb mbrojtje t\u00eb asaj q\u00eb mund t\u00eb mbrohet ku jan\u00eb me shumic\u00eb mbi absolute.<\/p>\n<p>Pris<em>htin\u00eb, 06. 02. 2012<\/em><\/p>\n","protected":false},"excerpt":{"rendered":"<p>Sot e asaj dite gj\u00ebrat ky\u00e7e rreth marr\u00ebveshjes s\u00eb Rambuje nuk thuhen. Arsyet i din\u00eb ata t\u00eb cil\u00ebt jan\u00eb marr\u00eb me k\u00ebt\u00eb tem\u00eb, madje edhe jan\u00eb mbrojtur tema doktorature. Besoj\u00eb se me kalimin e koh\u00ebs dhe kur edhe t\u00eb tjer\u00ebt do ta trajtojn\u00eb k\u00ebt\u00eb tem\u00eb n\u00eb m\u00ebnyr\u00eb objektive, ata t\u00eb cil\u00ebt kan\u00eb p\u00ebrshpejtuar n\u00eb k\u00ebt\u00eb [&hellip;]<\/p>\n","protected":false},"author":1,"featured_media":0,"comment_status":"open","ping_status":"closed","sticky":false,"template":"","format":"standard","meta":{"footnotes":""},"categories":[2],"tags":[],"class_list":{"0":"post-1873","1":"post","2":"type-post","3":"status-publish","4":"format-standard","6":"category-artikuj"},"yoast_head":"<!-- This site is optimized with the Yoast SEO plugin v27.4 - https:\/\/yoast.com\/product\/yoast-seo-wordpress\/ -->\n<title>Afrim Morina: Ukshin Hoti dhe e v\u00ebrteta mbi Rambujen\u00eb - FjALA e LIR\u00cb - Arkivi<\/title>\n<meta name=\"robots\" content=\"index, follow, max-snippet:-1, max-image-preview:large, max-video-preview:-1\" \/>\n<link rel=\"canonical\" href=\"https:\/\/fjala.info\/2009-2015\/afrim-morina-ukshin-hoti-dhe-e-verteta-mbi-rambujene\/\" \/>\n<meta property=\"og:locale\" content=\"sq_AL\" \/>\n<meta property=\"og:type\" content=\"article\" \/>\n<meta property=\"og:title\" content=\"Afrim Morina: Ukshin Hoti dhe e v\u00ebrteta mbi Rambujen\u00eb - FjALA e LIR\u00cb - Arkivi\" \/>\n<meta property=\"og:description\" content=\"Sot e asaj dite gj\u00ebrat ky\u00e7e rreth marr\u00ebveshjes s\u00eb Rambuje nuk thuhen. Arsyet i din\u00eb ata t\u00eb cil\u00ebt jan\u00eb marr\u00eb me k\u00ebt\u00eb tem\u00eb, madje edhe jan\u00eb mbrojtur tema doktorature. Besoj\u00eb se me kalimin e koh\u00ebs dhe kur edhe t\u00eb tjer\u00ebt do ta trajtojn\u00eb k\u00ebt\u00eb tem\u00eb n\u00eb m\u00ebnyr\u00eb objektive, ata t\u00eb cil\u00ebt kan\u00eb p\u00ebrshpejtuar n\u00eb k\u00ebt\u00eb [&hellip;]\" \/>\n<meta property=\"og:url\" content=\"https:\/\/fjala.info\/2009-2015\/afrim-morina-ukshin-hoti-dhe-e-verteta-mbi-rambujene\/\" \/>\n<meta property=\"og:site_name\" content=\"FjALA e LIR\u00cb - Arkivi\" \/>\n<meta property=\"article:published_time\" content=\"2012-02-20T09:32:17+00:00\" \/>\n<meta property=\"og:image\" content=\"http:\/\/www.shkoder.net\/2012\/ukshin_hoti_lidere_kos.jpg\" \/>\n<meta name=\"author\" content=\"admin\" \/>\n<meta name=\"twitter:card\" content=\"summary_large_image\" \/>\n<meta name=\"twitter:label1\" content=\"Written by\" \/>\n\t<meta name=\"twitter:data1\" content=\"admin\" \/>\n\t<meta name=\"twitter:label2\" content=\"Est. reading time\" \/>\n\t<meta name=\"twitter:data2\" content=\"12 minutes\" \/>\n<script type=\"application\/ld+json\" class=\"yoast-schema-graph\">{\"@context\":\"https:\\\/\\\/schema.org\",\"@graph\":[{\"@type\":\"Article\",\"@id\":\"https:\\\/\\\/fjala.info\\\/2009-2015\\\/afrim-morina-ukshin-hoti-dhe-e-verteta-mbi-rambujene\\\/#article\",\"isPartOf\":{\"@id\":\"https:\\\/\\\/fjala.info\\\/2009-2015\\\/afrim-morina-ukshin-hoti-dhe-e-verteta-mbi-rambujene\\\/\"},\"author\":{\"name\":\"admin\",\"@id\":\"https:\\\/\\\/fjala.info\\\/2009-2015\\\/#\\\/schema\\\/person\\\/3aa1163ef05469c496fc94e77611ada2\"},\"headline\":\"Afrim Morina: Ukshin Hoti dhe e v\u00ebrteta mbi Rambujen\u00eb\",\"datePublished\":\"2012-02-20T09:32:17+00:00\",\"mainEntityOfPage\":{\"@id\":\"https:\\\/\\\/fjala.info\\\/2009-2015\\\/afrim-morina-ukshin-hoti-dhe-e-verteta-mbi-rambujene\\\/\"},\"wordCount\":2483,\"commentCount\":0,\"publisher\":{\"@id\":\"https:\\\/\\\/fjala.info\\\/2009-2015\\\/#organization\"},\"image\":{\"@id\":\"https:\\\/\\\/fjala.info\\\/2009-2015\\\/afrim-morina-ukshin-hoti-dhe-e-verteta-mbi-rambujene\\\/#primaryimage\"},\"thumbnailUrl\":\"http:\\\/\\\/www.shkoder.net\\\/2012\\\/ukshin_hoti_lidere_kos.jpg\",\"articleSection\":[\"Artikuj\"],\"inLanguage\":\"sq-AL\",\"potentialAction\":[{\"@type\":\"CommentAction\",\"name\":\"Comment\",\"target\":[\"https:\\\/\\\/fjala.info\\\/2009-2015\\\/afrim-morina-ukshin-hoti-dhe-e-verteta-mbi-rambujene\\\/#respond\"]}]},{\"@type\":\"WebPage\",\"@id\":\"https:\\\/\\\/fjala.info\\\/2009-2015\\\/afrim-morina-ukshin-hoti-dhe-e-verteta-mbi-rambujene\\\/\",\"url\":\"https:\\\/\\\/fjala.info\\\/2009-2015\\\/afrim-morina-ukshin-hoti-dhe-e-verteta-mbi-rambujene\\\/\",\"name\":\"Afrim Morina: Ukshin Hoti dhe e v\u00ebrteta mbi Rambujen\u00eb - FjALA e LIR\u00cb - Arkivi\",\"isPartOf\":{\"@id\":\"https:\\\/\\\/fjala.info\\\/2009-2015\\\/#website\"},\"primaryImageOfPage\":{\"@id\":\"https:\\\/\\\/fjala.info\\\/2009-2015\\\/afrim-morina-ukshin-hoti-dhe-e-verteta-mbi-rambujene\\\/#primaryimage\"},\"image\":{\"@id\":\"https:\\\/\\\/fjala.info\\\/2009-2015\\\/afrim-morina-ukshin-hoti-dhe-e-verteta-mbi-rambujene\\\/#primaryimage\"},\"thumbnailUrl\":\"http:\\\/\\\/www.shkoder.net\\\/2012\\\/ukshin_hoti_lidere_kos.jpg\",\"datePublished\":\"2012-02-20T09:32:17+00:00\",\"breadcrumb\":{\"@id\":\"https:\\\/\\\/fjala.info\\\/2009-2015\\\/afrim-morina-ukshin-hoti-dhe-e-verteta-mbi-rambujene\\\/#breadcrumb\"},\"inLanguage\":\"sq-AL\",\"potentialAction\":[{\"@type\":\"ReadAction\",\"target\":[\"https:\\\/\\\/fjala.info\\\/2009-2015\\\/afrim-morina-ukshin-hoti-dhe-e-verteta-mbi-rambujene\\\/\"]}]},{\"@type\":\"ImageObject\",\"inLanguage\":\"sq-AL\",\"@id\":\"https:\\\/\\\/fjala.info\\\/2009-2015\\\/afrim-morina-ukshin-hoti-dhe-e-verteta-mbi-rambujene\\\/#primaryimage\",\"url\":\"http:\\\/\\\/www.shkoder.net\\\/2012\\\/ukshin_hoti_lidere_kos.jpg\",\"contentUrl\":\"http:\\\/\\\/www.shkoder.net\\\/2012\\\/ukshin_hoti_lidere_kos.jpg\"},{\"@type\":\"BreadcrumbList\",\"@id\":\"https:\\\/\\\/fjala.info\\\/2009-2015\\\/afrim-morina-ukshin-hoti-dhe-e-verteta-mbi-rambujene\\\/#breadcrumb\",\"itemListElement\":[{\"@type\":\"ListItem\",\"position\":1,\"name\":\"Home\",\"item\":\"https:\\\/\\\/fjala.info\\\/2009-2015\\\/\"},{\"@type\":\"ListItem\",\"position\":2,\"name\":\"Afrim Morina: Ukshin Hoti dhe e v\u00ebrteta mbi Rambujen\u00eb\"}]},{\"@type\":\"WebSite\",\"@id\":\"https:\\\/\\\/fjala.info\\\/2009-2015\\\/#website\",\"url\":\"https:\\\/\\\/fjala.info\\\/2009-2015\\\/\",\"name\":\"FjALA e LIR\u00cb - Arkivi\",\"description\":\"Arkivi 2009-2015\",\"publisher\":{\"@id\":\"https:\\\/\\\/fjala.info\\\/2009-2015\\\/#organization\"},\"potentialAction\":[{\"@type\":\"SearchAction\",\"target\":{\"@type\":\"EntryPoint\",\"urlTemplate\":\"https:\\\/\\\/fjala.info\\\/2009-2015\\\/?s={search_term_string}\"},\"query-input\":{\"@type\":\"PropertyValueSpecification\",\"valueRequired\":true,\"valueName\":\"search_term_string\"}}],\"inLanguage\":\"sq-AL\"},{\"@type\":\"Organization\",\"@id\":\"https:\\\/\\\/fjala.info\\\/2009-2015\\\/#organization\",\"name\":\"FjALA e LIR\u00cb - Arkivi\",\"url\":\"https:\\\/\\\/fjala.info\\\/2009-2015\\\/\",\"logo\":{\"@type\":\"ImageObject\",\"inLanguage\":\"sq-AL\",\"@id\":\"https:\\\/\\\/fjala.info\\\/2009-2015\\\/#\\\/schema\\\/logo\\\/image\\\/\",\"url\":\"\",\"contentUrl\":\"\",\"caption\":\"FjALA e LIR\u00cb - Arkivi\"},\"image\":{\"@id\":\"https:\\\/\\\/fjala.info\\\/2009-2015\\\/#\\\/schema\\\/logo\\\/image\\\/\"}},{\"@type\":\"Person\",\"@id\":\"https:\\\/\\\/fjala.info\\\/2009-2015\\\/#\\\/schema\\\/person\\\/3aa1163ef05469c496fc94e77611ada2\",\"name\":\"admin\",\"image\":{\"@type\":\"ImageObject\",\"inLanguage\":\"sq-AL\",\"@id\":\"https:\\\/\\\/fjala.info\\\/2009-2015\\\/wp-content\\\/uploads\\\/2012\\\/02\\\/arben_cokaj-120x150.jpg\",\"url\":\"https:\\\/\\\/fjala.info\\\/2009-2015\\\/wp-content\\\/uploads\\\/2012\\\/02\\\/arben_cokaj-120x150.jpg\",\"contentUrl\":\"https:\\\/\\\/fjala.info\\\/2009-2015\\\/wp-content\\\/uploads\\\/2012\\\/02\\\/arben_cokaj-120x150.jpg\",\"caption\":\"admin\"},\"description\":\"Admin, Fjala e Lir\u00eb\",\"sameAs\":[\"https:\\\/\\\/fjala.info\\\/\"],\"url\":\"https:\\\/\\\/fjala.info\\\/2009-2015\\\/author\\\/admin\\\/\"}]}<\/script>\n<!-- \/ Yoast SEO plugin. -->","yoast_head_json":{"title":"Afrim Morina: Ukshin Hoti dhe e v\u00ebrteta mbi Rambujen\u00eb - FjALA e LIR\u00cb - Arkivi","robots":{"index":"index","follow":"follow","max-snippet":"max-snippet:-1","max-image-preview":"max-image-preview:large","max-video-preview":"max-video-preview:-1"},"canonical":"https:\/\/fjala.info\/2009-2015\/afrim-morina-ukshin-hoti-dhe-e-verteta-mbi-rambujene\/","og_locale":"sq_AL","og_type":"article","og_title":"Afrim Morina: Ukshin Hoti dhe e v\u00ebrteta mbi Rambujen\u00eb - FjALA e LIR\u00cb - Arkivi","og_description":"Sot e asaj dite gj\u00ebrat ky\u00e7e rreth marr\u00ebveshjes s\u00eb Rambuje nuk thuhen. Arsyet i din\u00eb ata t\u00eb cil\u00ebt jan\u00eb marr\u00eb me k\u00ebt\u00eb tem\u00eb, madje edhe jan\u00eb mbrojtur tema doktorature. Besoj\u00eb se me kalimin e koh\u00ebs dhe kur edhe t\u00eb tjer\u00ebt do ta trajtojn\u00eb k\u00ebt\u00eb tem\u00eb n\u00eb m\u00ebnyr\u00eb objektive, ata t\u00eb cil\u00ebt kan\u00eb p\u00ebrshpejtuar n\u00eb k\u00ebt\u00eb [&hellip;]","og_url":"https:\/\/fjala.info\/2009-2015\/afrim-morina-ukshin-hoti-dhe-e-verteta-mbi-rambujene\/","og_site_name":"FjALA e LIR\u00cb - Arkivi","article_published_time":"2012-02-20T09:32:17+00:00","og_image":[{"url":"http:\/\/www.shkoder.net\/2012\/ukshin_hoti_lidere_kos.jpg","type":"","width":"","height":""}],"author":"admin","twitter_card":"summary_large_image","twitter_misc":{"Written by":"admin","Est. reading time":"12 minutes"},"schema":{"@context":"https:\/\/schema.org","@graph":[{"@type":"Article","@id":"https:\/\/fjala.info\/2009-2015\/afrim-morina-ukshin-hoti-dhe-e-verteta-mbi-rambujene\/#article","isPartOf":{"@id":"https:\/\/fjala.info\/2009-2015\/afrim-morina-ukshin-hoti-dhe-e-verteta-mbi-rambujene\/"},"author":{"name":"admin","@id":"https:\/\/fjala.info\/2009-2015\/#\/schema\/person\/3aa1163ef05469c496fc94e77611ada2"},"headline":"Afrim Morina: Ukshin Hoti dhe e v\u00ebrteta mbi Rambujen\u00eb","datePublished":"2012-02-20T09:32:17+00:00","mainEntityOfPage":{"@id":"https:\/\/fjala.info\/2009-2015\/afrim-morina-ukshin-hoti-dhe-e-verteta-mbi-rambujene\/"},"wordCount":2483,"commentCount":0,"publisher":{"@id":"https:\/\/fjala.info\/2009-2015\/#organization"},"image":{"@id":"https:\/\/fjala.info\/2009-2015\/afrim-morina-ukshin-hoti-dhe-e-verteta-mbi-rambujene\/#primaryimage"},"thumbnailUrl":"http:\/\/www.shkoder.net\/2012\/ukshin_hoti_lidere_kos.jpg","articleSection":["Artikuj"],"inLanguage":"sq-AL","potentialAction":[{"@type":"CommentAction","name":"Comment","target":["https:\/\/fjala.info\/2009-2015\/afrim-morina-ukshin-hoti-dhe-e-verteta-mbi-rambujene\/#respond"]}]},{"@type":"WebPage","@id":"https:\/\/fjala.info\/2009-2015\/afrim-morina-ukshin-hoti-dhe-e-verteta-mbi-rambujene\/","url":"https:\/\/fjala.info\/2009-2015\/afrim-morina-ukshin-hoti-dhe-e-verteta-mbi-rambujene\/","name":"Afrim Morina: Ukshin Hoti dhe e v\u00ebrteta mbi Rambujen\u00eb - FjALA e LIR\u00cb - Arkivi","isPartOf":{"@id":"https:\/\/fjala.info\/2009-2015\/#website"},"primaryImageOfPage":{"@id":"https:\/\/fjala.info\/2009-2015\/afrim-morina-ukshin-hoti-dhe-e-verteta-mbi-rambujene\/#primaryimage"},"image":{"@id":"https:\/\/fjala.info\/2009-2015\/afrim-morina-ukshin-hoti-dhe-e-verteta-mbi-rambujene\/#primaryimage"},"thumbnailUrl":"http:\/\/www.shkoder.net\/2012\/ukshin_hoti_lidere_kos.jpg","datePublished":"2012-02-20T09:32:17+00:00","breadcrumb":{"@id":"https:\/\/fjala.info\/2009-2015\/afrim-morina-ukshin-hoti-dhe-e-verteta-mbi-rambujene\/#breadcrumb"},"inLanguage":"sq-AL","potentialAction":[{"@type":"ReadAction","target":["https:\/\/fjala.info\/2009-2015\/afrim-morina-ukshin-hoti-dhe-e-verteta-mbi-rambujene\/"]}]},{"@type":"ImageObject","inLanguage":"sq-AL","@id":"https:\/\/fjala.info\/2009-2015\/afrim-morina-ukshin-hoti-dhe-e-verteta-mbi-rambujene\/#primaryimage","url":"http:\/\/www.shkoder.net\/2012\/ukshin_hoti_lidere_kos.jpg","contentUrl":"http:\/\/www.shkoder.net\/2012\/ukshin_hoti_lidere_kos.jpg"},{"@type":"BreadcrumbList","@id":"https:\/\/fjala.info\/2009-2015\/afrim-morina-ukshin-hoti-dhe-e-verteta-mbi-rambujene\/#breadcrumb","itemListElement":[{"@type":"ListItem","position":1,"name":"Home","item":"https:\/\/fjala.info\/2009-2015\/"},{"@type":"ListItem","position":2,"name":"Afrim Morina: Ukshin Hoti dhe e v\u00ebrteta mbi Rambujen\u00eb"}]},{"@type":"WebSite","@id":"https:\/\/fjala.info\/2009-2015\/#website","url":"https:\/\/fjala.info\/2009-2015\/","name":"FjALA e LIR\u00cb - Arkivi","description":"Arkivi 2009-2015","publisher":{"@id":"https:\/\/fjala.info\/2009-2015\/#organization"},"potentialAction":[{"@type":"SearchAction","target":{"@type":"EntryPoint","urlTemplate":"https:\/\/fjala.info\/2009-2015\/?s={search_term_string}"},"query-input":{"@type":"PropertyValueSpecification","valueRequired":true,"valueName":"search_term_string"}}],"inLanguage":"sq-AL"},{"@type":"Organization","@id":"https:\/\/fjala.info\/2009-2015\/#organization","name":"FjALA e LIR\u00cb - Arkivi","url":"https:\/\/fjala.info\/2009-2015\/","logo":{"@type":"ImageObject","inLanguage":"sq-AL","@id":"https:\/\/fjala.info\/2009-2015\/#\/schema\/logo\/image\/","url":"","contentUrl":"","caption":"FjALA e LIR\u00cb - Arkivi"},"image":{"@id":"https:\/\/fjala.info\/2009-2015\/#\/schema\/logo\/image\/"}},{"@type":"Person","@id":"https:\/\/fjala.info\/2009-2015\/#\/schema\/person\/3aa1163ef05469c496fc94e77611ada2","name":"admin","image":{"@type":"ImageObject","inLanguage":"sq-AL","@id":"https:\/\/fjala.info\/2009-2015\/wp-content\/uploads\/2012\/02\/arben_cokaj-120x150.jpg","url":"https:\/\/fjala.info\/2009-2015\/wp-content\/uploads\/2012\/02\/arben_cokaj-120x150.jpg","contentUrl":"https:\/\/fjala.info\/2009-2015\/wp-content\/uploads\/2012\/02\/arben_cokaj-120x150.jpg","caption":"admin"},"description":"Admin, Fjala e Lir\u00eb","sameAs":["https:\/\/fjala.info\/"],"url":"https:\/\/fjala.info\/2009-2015\/author\/admin\/"}]}},"_links":{"self":[{"href":"https:\/\/fjala.info\/2009-2015\/wp-json\/wp\/v2\/posts\/1873","targetHints":{"allow":["GET"]}}],"collection":[{"href":"https:\/\/fjala.info\/2009-2015\/wp-json\/wp\/v2\/posts"}],"about":[{"href":"https:\/\/fjala.info\/2009-2015\/wp-json\/wp\/v2\/types\/post"}],"author":[{"embeddable":true,"href":"https:\/\/fjala.info\/2009-2015\/wp-json\/wp\/v2\/users\/1"}],"replies":[{"embeddable":true,"href":"https:\/\/fjala.info\/2009-2015\/wp-json\/wp\/v2\/comments?post=1873"}],"version-history":[{"count":0,"href":"https:\/\/fjala.info\/2009-2015\/wp-json\/wp\/v2\/posts\/1873\/revisions"}],"wp:attachment":[{"href":"https:\/\/fjala.info\/2009-2015\/wp-json\/wp\/v2\/media?parent=1873"}],"wp:term":[{"taxonomy":"category","embeddable":true,"href":"https:\/\/fjala.info\/2009-2015\/wp-json\/wp\/v2\/categories?post=1873"},{"taxonomy":"post_tag","embeddable":true,"href":"https:\/\/fjala.info\/2009-2015\/wp-json\/wp\/v2\/tags?post=1873"}],"curies":[{"name":"wp","href":"https:\/\/api.w.org\/{rel}","templated":true}]}}