{"id":1867,"date":"2012-02-20T09:58:04","date_gmt":"2012-02-20T08:58:04","guid":{"rendered":"http:\/\/fjala.shkoder.net\/?p=1867"},"modified":"2012-02-20T09:58:04","modified_gmt":"2012-02-20T08:58:04","slug":"kriteri-ali-beu-dhe-nacionalizmi-etnik-ne-shqiperi","status":"publish","type":"post","link":"https:\/\/fjala.info\/2009-2015\/kriteri-ali-beu-dhe-nacionalizmi-etnik-ne-shqiperi\/","title":{"rendered":"Kriteri Ali-Beu dhe nacionalizmi etnik n\u00eb Shqip\u00ebri"},"content":{"rendered":"<p><img decoding=\"async\" class=\"alignright size-thumbnail wp-image-7236\" title=\"Mero Baze\" src=\"http:\/\/www.shkoder.net\/images\/fjala\/mero_baze1.jpg\" alt=\"\" width=\"150\" \/> Nga <strong>Mero Baze<\/strong>, <em>19 Shkurt 2012<\/em><\/p>\n<p>Nj\u00eb deputet i partis\u00eb n\u00eb pushtet, i keqp\u00ebrdorur tradicionalisht nga Sali Berisha, me nj\u00eb em\u00ebr fem\u00ebror dhe mbiem\u00ebr turk (Ali Bej), ka hapur nj\u00eb debat delikat mbi nacionalizmin etnik n\u00eb Shqip\u00ebri, duke tentuar t\u00eb p\u00ebrjashtoj\u00eb nga t\u00eb qenit shqiptar, shtetas q\u00eb sipas tij, nga \u201clegjendat urbane\u201d kan\u00eb ardhur n\u00eb territoret tona gjat\u00eb sundimit t\u00eb perandoris\u00eb otomane. N\u00eb fakt, i referohet Kreshnik Spahiut, i cili n\u00eb origjin\u00eb t\u00eb larg\u00ebt nga st\u00ebrgjyshi i tij, \u00ebsht\u00eb nga zona mes Kuk\u00ebsit dhe Prizrenit.<\/p>\n<p>Nuk dua t\u00eb hap debat mbi pem\u00ebn gjenealogjike t\u00eb fisit Spahiu n\u00eb Kuk\u00ebs, por \u00ebsht\u00eb e udh\u00ebs t\u00eb shihet se qeveria e Sali Berish\u00ebs po fut vendin n\u00eb nj\u00eb spirale t\u00eb rrezikshme, duke provokuar me nj\u00eb nga tezat m\u00eb antishqiptare dhe m\u00eb t\u00eb rrezikshme q\u00eb fqinj\u00ebt tan\u00eb, sidomos fqinj\u00ebt sllav\u00eb, p\u00ebrdorin ndaj popullsis\u00eb s\u00eb Kosov\u00ebs dhe nj\u00eb pjes\u00eb t\u00eb popullsis\u00eb shqiptare me fe myslimane n\u00eb Shqip\u00ebri. Akuza e tyre \u00ebsht\u00eb se shqiptar\u00ebt mysliman\u00eb t\u00eb Kosov\u00ebs dhe t\u00eb nj\u00eb pjese t\u00eb Shqip\u00ebris\u00eb, jan\u00eb me origjin\u00eb nga Azia e larg\u00ebt, t\u00eb sjell\u00eb k\u00ebtu gjat\u00eb periudh\u00ebs otomane dhe pak m\u00eb par\u00eb. Edhe gjat\u00eb vizit\u00ebs s\u00eb fundit n\u00eb Azerbaxhain, Sali Berisha n\u00eb p\u00ebrshtypjet e tij t\u00eb udh\u00ebtimit foli p\u00ebr nj\u00eb \u201cAlbani\u201d n\u00eb Azerbaxhain dhe lidhjet tona me t\u00eb.<\/p>\n<p>Ky trend i ri i shumic\u00ebs, e cila nuk p\u00ebrballon dot \u00e7\u2019mitizimin e Sali Berish\u00ebs si nj\u00eb patriot pas skandaleve t\u00eb tij politike edhe ndaj \u00e7\u00ebshtjes shqiptare, po ngjall nj\u00eb debat t\u00eb rreziksh\u00ebm n\u00eb Shqip\u00ebri, at\u00eb t\u00eb futjes s\u00eb kriterit t\u00eb nacionalizmit etnik n\u00eb kualifikimin e individ\u00ebve apo prirjeve politike n\u00eb Shqip\u00ebri.<\/p>\n<p>Rreziku i par\u00eb i madh q\u00eb sjell t\u00eb bazuarit mbi sajime t\u00eb origjin\u00ebs s\u00eb larg\u00ebt t\u00eb nj\u00eb pjese t\u00eb shqiptar\u00ebve, \u00ebsht\u00eb ndarja e vendit mbi baza fetare, dhe pse jo dhe produkte t\u00eb luft\u00ebs etnike bazuar mbi fen\u00eb. Kjo \u00ebsht\u00eb m\u00ebnyra m\u00eb e mir\u00eb q\u00eb ortodoksit t\u2019i quajm\u00eb grek, mysliman\u00ebt turq dhe katolik\u00ebt venecian\u00eb t\u00eb mbetur k\u00ebtu. Kjo \u00ebsht\u00eb m\u00ebnyra reale se si i vihet zjarri k\u00ebtij vendi dhe si frika nga patriotizmi i nj\u00eb pjese t\u00eb popullsis\u00eb, prodhon si reaksion nj\u00eb fitil benzine, e cila n\u00eb logjik\u00ebn e Sali Berish\u00ebs do t\u00eb thot\u00eb, ose \u201cky vend \u00ebsht\u00eb imi, ose pas meje qameti\u201d.<\/p>\n<p>Edhe pse shum\u00eb njer\u00ebz injorojn\u00eb prirjet radikale myslimane t\u00eb nj\u00eb klani n\u00eb qeverin\u00eb Berisha, \u00ebsht\u00eb evidente se ata jan\u00eb lidhje personale e f\u00ebmij\u00ebve t\u00eb Sali Berish\u00ebs, t\u00eb cil\u00ebt falen pes\u00eb her\u00eb n\u00eb dit\u00eb p\u00ebr t\u2019u dukur mysliman\u00eb, por n\u00eb fakt e kan\u00eb at\u00eb nj\u00eb m\u00ebnyr\u00eb p\u00ebr t\u00eb mbajtur nj\u00eb klan t\u00eb tyre fanatik n\u00eb pushtet. Ali-Bej \u00ebsht\u00eb nj\u00eb prej tyre. Edhe pse duksh\u00ebm shfaqet si nj\u00eb figurin\u00eb qesharake, ai \u00ebsht\u00eb shum\u00eb serioz kur debaton p\u00ebr tema t\u00eb tilla t\u00eb rrezikshme, q\u00eb n\u00eb t\u00eb v\u00ebrtet\u00eb jan\u00eb k\u00ebrc\u00ebnimi m\u00eb serioz p\u00ebr kombin shqiptar.<\/p>\n<p>Rreziku i dyt\u00eb \u00ebsht\u00eb q\u00eb politika t\u00eb p\u00ebrfshihet n\u00eb nj\u00eb debat ku t\u00eb p\u00ebrdor\u00eb origjin\u00ebn etnike t\u00eb rival\u00ebve, p\u00ebr t\u00eb b\u00ebr\u00eb politik\u00eb. Deri m\u00eb sot kjo nuk ka ndodhur. Jo vet\u00ebm politikan\u00ebt, por gjith\u00eb shoq\u00ebria shqiptare, \u00ebsht\u00eb nj\u00eb nga shoq\u00ebrit\u00eb m\u00eb t\u00eb moderuara dhe m\u00eb t\u00eb emancipuara t\u00eb Ballkanit. Asnj\u00eb shoq\u00ebri tjet\u00ebr n\u00eb Ballkan, dhe k\u00ebt\u00eb e them me siguri, as serb\u00ebt dhe as grek\u00ebt, nuk do t\u00eb kishin pranuar kurr\u00eb q\u00eb gjyshja e f\u00ebmij\u00ebve t\u00eb kryeministrit t\u00eb ishte shqiptare. Ne jemi e vetmja shoq\u00ebri q\u00eb nuk na pengon fare fakti q\u00eb Shk\u00eblzeni dhe Argita e kan\u00eb gjyshen serbe. Dhe p\u00ebr hir t\u00eb s\u00eb v\u00ebrtet\u00ebs, kan\u00eb pas nj\u00eb gjyshe krenare dhe shum\u00eb m\u00eb dinjitoze se vajza e vet dhe nipat e mbesat e saj.<\/p>\n<p>Megjith\u00eb urrejtjen dhe dashurin\u00eb q\u00eb ekziston mes shqiptar\u00ebve p\u00ebr Sali Berish\u00ebn dhe familjen e tij, asnj\u00eb shqiptar nuk e ka sulmuar at\u00eb si dh\u00ebnd\u00ebr serb, dhe as f\u00ebmij\u00ebt e tij, si nipa dhe mbesa t\u00eb nj\u00eb gjysheje serbe. Me kriterin e Ali\u2013Bej, ne duhet t\u00eb rr\u00ebmbjeme ur\u00ebn e zjarrit dhe t\u2019i \u00e7ojm\u00eb ata n\u00eb Beograd apo Vojvodin\u00eb, nga ku e kan\u00eb origjin\u00ebn dajat e n\u00ebn\u00ebs s\u00eb tyre. P\u00ebr fat t\u00eb mir\u00eb, Ali-Bej \u00ebsht\u00eb n\u00ebn nivelin ordiner t\u00eb shoq\u00ebris\u00eb shqiptare dhe shoq\u00ebria nuk ndjek kurr\u00eb shijet apo idet\u00eb e tij anadalloke. Por, fakti q\u00eb ai flet si p\u00ebrfaq\u00ebsues i nj\u00eb klani t\u00eb Berish\u00ebs n\u00eb pushtet, na b\u00ebn t\u00eb dyshojm\u00eb p\u00ebr nj\u00eb beteje t\u00eb re, p\u00ebr t\u00eb cil\u00ebn Berisha duket se po b\u00ebhet gati.<\/p>\n<p>Politika shqiptare duhet ta shmang\u00eb k\u00ebt\u00eb debat dhe q\u00eb t\u00eb shmang\u00eb dhe ta harroj\u00eb k\u00ebt\u00eb skandal, Sali Berisha duhet t\u00eb distancohet qart\u00eb nga deklarata e deputetit Ali \u2013 Bej, e cila gjeneron nj\u00eb rrezik t\u00eb ri p\u00ebr shoq\u00ebrin\u00eb shqiptare.<\/p>\n<p>Rreziku i tret\u00eb i madh q\u00eb sjell kjo deklarat\u00eb, \u00ebsht\u00eb zgjimi i friksh\u00ebm i pakicave t\u00eb vogla etnike n\u00eb vend, t\u00eb cilat jan\u00eb thuajse t\u00eb integruara me shqiptar\u00ebt dhe ndjehen t\u00ebr\u00ebsisht shqiptar\u00eb. Un\u00eb realisht nuk di \u00e7far\u00eb origjin\u00eb ka fisi Spahiu apo Berisha n\u00eb veri, apo fisi Ali Bej n\u00eb Mallakast\u00ebr, por di t\u00eb them se brenda shoq\u00ebris\u00eb son\u00eb ka disa pakica etnike thuajse t\u00eb integruara n\u00eb shoq\u00ebri si shqiptar\u00eb. Nj\u00eb prej tyre \u00ebsht\u00eb pakica boshnjake, e formuar nga t\u00eb ashtuquajtur muhaxhir\u00eb n\u00eb fillim shekullit XX, q\u00eb u vendos\u00ebn n\u00eb rrethinat e Shijakut dhe Sukthit.<\/p>\n<p>Nj\u00eb prej k\u00ebtyre familjeve \u00ebsht\u00eb dhe Jamarb\u00ebr Malltezi, dh\u00ebndri i Sali Berish\u00ebs. P\u00ebrkushtimi i t\u00eb atit t\u00eb tij ndaj \u00e7\u00ebshtjes shqiptare dhe vet\u00ebdija e formuar shqiptare, ka b\u00ebr\u00eb q\u00eb ai djalit t\u2019i v\u00ebr\u00eb emrin \u201cJamarb\u00ebr\u201d, edhe pse \u00ebsht\u00eb boshnjak. Ne duhet t\u00eb jemi krenar\u00eb p\u00ebr k\u00ebt\u00eb gj\u00eb dhe jo t\u2019i kujtojm\u00eb dh\u00ebndrit t\u00eb Sali Berish\u00ebs, se atdheu i tij \u00ebsht\u00eb n\u00eb Bosnj\u00eb, tek Damir Fazlli\u00e7i. Debati i Ali \u2013 Bej hap pik\u00ebrisht k\u00ebto makthe n\u00eb shoq\u00ebri, makthet e pakicave t\u00eb fjetura apo t\u00eb integruara dhe rrit agresivitetin e pjes\u00ebs jourbane t\u00eb shoq\u00ebris\u00eb shqiptare, ndaj feve dhe legjendave urbane, si\u00e7 i quan ai debatet p\u00ebr origjin\u00ebn.<\/p>\n<p>Kultura shqiptare e bashk\u00ebjetes\u00ebs i ka rezistuar shekujve, pasi politika nuk e ka p\u00ebrdorur at\u00eb si ur\u00eb zjarri p\u00ebr t\u00eb shkretuar vendin. Kjo \u00ebsht\u00eb deklarata e par\u00eb e rrezikshme q\u00eb nj\u00eb deputet dhe njeri i af\u00ebrt i nj\u00eb kryeministri t\u00eb k\u00ebtij vendi, i cili vet familjen e tij e ka shqiptaro-serbo-boshnjake, jo me legjenda urbane, por me \u00e7ertifikata n\u00eb gjendje civile, dhe \u00ebsht\u00eb nj\u00eb sinjal i friksh\u00ebm se ky i fundit, kryeministri, \u00ebsht\u00eb gati t\u2019i v\u00ebr\u00eb zjarrin k\u00ebtij vendi, n\u00ebse i rrezikohet pushteti qoft\u00eb dhe nga patriot\u00ebt e rinj shqiptar\u00eb.<\/p>\n<p>\u00cbsht\u00eb urgjente q\u00eb Sali Berisha jo vet\u00ebm t\u00eb distancohet nga kjo deklarat\u00eb, por dhe t\u00eb b\u00ebj\u00eb gjeste t\u00eb qarta t\u00eb p\u00ebrjashtimit politik t\u00eb k\u00ebtij njeriu t\u00eb gjymtuar mend\u00ebrisht dhe t\u00eb frustruar psiqikisht nga fakti q\u00eb \u00ebndrra e tij e fsheht\u00eb e ngulitur kur studionte tek Gadafi apo kur d\u00ebrgohej me mision nga sh\u00ebrbimet n\u00eb Mek\u00eb, t\u00eb marr\u00eb fund bashk\u00eb me karrier\u00ebn e tij. <\/p>\n<p>Nuk ka betej\u00eb m\u00eb t\u00eb dobishme se beteja p\u00ebr t\u00eb mbrojtur Shqip\u00ebrin\u00eb nga nj\u00eb zjarrv\u00ebn\u00ebs i till\u00eb. Nuk ka motiv m\u00eb t\u00eb qart\u00eb p\u00ebr t\u00eb fuqizuar nj\u00eb l\u00ebvizje politike si l\u00ebvizja Kuq e Zi, se sa t\u00eb p\u00ebrballoj\u00eb nj\u00eb debat t\u00eb till\u00eb prodhuar nga frika e pushtetit prej patriotizmit. \u00cbsht\u00eb beteja me nj\u00eb njeri q\u00eb ka lindur m\u00eb 11 shtator, \u00ebsht\u00eb shkolluar n\u00eb Libi, \u00ebsht\u00eb b\u00ebr\u00eb Haxhi n\u00eb Mek\u00eb dhe beson tek \u2026Sali Berisha.<\/p>\n","protected":false},"excerpt":{"rendered":"<p>Nga Mero Baze, 19 Shkurt 2012 Nj\u00eb deputet i partis\u00eb n\u00eb pushtet, i keqp\u00ebrdorur tradicionalisht nga Sali Berisha, me nj\u00eb em\u00ebr fem\u00ebror dhe mbiem\u00ebr turk (Ali Bej), ka hapur nj\u00eb debat delikat mbi nacionalizmin etnik n\u00eb Shqip\u00ebri, duke tentuar t\u00eb p\u00ebrjashtoj\u00eb nga t\u00eb qenit shqiptar, shtetas q\u00eb sipas tij, nga \u201clegjendat urbane\u201d kan\u00eb ardhur n\u00eb [&hellip;]<\/p>\n","protected":false},"author":1,"featured_media":0,"comment_status":"open","ping_status":"closed","sticky":false,"template":"","format":"standard","meta":{"footnotes":""},"categories":[2],"tags":[],"class_list":{"0":"post-1867","1":"post","2":"type-post","3":"status-publish","4":"format-standard","6":"category-artikuj"},"yoast_head":"<!-- This site is optimized with the Yoast SEO plugin v27.4 - https:\/\/yoast.com\/product\/yoast-seo-wordpress\/ -->\n<title>Kriteri Ali-Beu dhe nacionalizmi etnik n\u00eb Shqip\u00ebri - FjALA e LIR\u00cb - Arkivi<\/title>\n<meta name=\"robots\" content=\"index, follow, max-snippet:-1, max-image-preview:large, max-video-preview:-1\" \/>\n<link rel=\"canonical\" href=\"https:\/\/fjala.info\/2009-2015\/kriteri-ali-beu-dhe-nacionalizmi-etnik-ne-shqiperi\/\" \/>\n<meta property=\"og:locale\" content=\"sq_AL\" \/>\n<meta property=\"og:type\" content=\"article\" \/>\n<meta property=\"og:title\" content=\"Kriteri Ali-Beu dhe nacionalizmi etnik n\u00eb Shqip\u00ebri - FjALA e LIR\u00cb - Arkivi\" \/>\n<meta property=\"og:description\" content=\"Nga Mero Baze, 19 Shkurt 2012 Nj\u00eb deputet i partis\u00eb n\u00eb pushtet, i keqp\u00ebrdorur tradicionalisht nga Sali Berisha, me nj\u00eb em\u00ebr fem\u00ebror dhe mbiem\u00ebr turk (Ali Bej), ka hapur nj\u00eb debat delikat mbi nacionalizmin etnik n\u00eb Shqip\u00ebri, duke tentuar t\u00eb p\u00ebrjashtoj\u00eb nga t\u00eb qenit shqiptar, shtetas q\u00eb sipas tij, nga \u201clegjendat urbane\u201d kan\u00eb ardhur n\u00eb [&hellip;]\" \/>\n<meta property=\"og:url\" content=\"https:\/\/fjala.info\/2009-2015\/kriteri-ali-beu-dhe-nacionalizmi-etnik-ne-shqiperi\/\" \/>\n<meta property=\"og:site_name\" content=\"FjALA e LIR\u00cb - Arkivi\" \/>\n<meta property=\"article:published_time\" content=\"2012-02-20T08:58:04+00:00\" \/>\n<meta property=\"og:image\" content=\"http:\/\/www.shkoder.net\/images\/fjala\/mero_baze1.jpg\" \/>\n<meta name=\"author\" content=\"admin\" \/>\n<meta name=\"twitter:card\" content=\"summary_large_image\" \/>\n<meta name=\"twitter:label1\" content=\"Written by\" \/>\n\t<meta name=\"twitter:data1\" content=\"admin\" \/>\n\t<meta name=\"twitter:label2\" content=\"Est. reading time\" \/>\n\t<meta name=\"twitter:data2\" content=\"7 minutes\" \/>\n<script type=\"application\/ld+json\" class=\"yoast-schema-graph\">{\"@context\":\"https:\\\/\\\/schema.org\",\"@graph\":[{\"@type\":\"Article\",\"@id\":\"https:\\\/\\\/fjala.info\\\/2009-2015\\\/kriteri-ali-beu-dhe-nacionalizmi-etnik-ne-shqiperi\\\/#article\",\"isPartOf\":{\"@id\":\"https:\\\/\\\/fjala.info\\\/2009-2015\\\/kriteri-ali-beu-dhe-nacionalizmi-etnik-ne-shqiperi\\\/\"},\"author\":{\"name\":\"admin\",\"@id\":\"https:\\\/\\\/fjala.info\\\/2009-2015\\\/#\\\/schema\\\/person\\\/3aa1163ef05469c496fc94e77611ada2\"},\"headline\":\"Kriteri Ali-Beu dhe nacionalizmi etnik n\u00eb Shqip\u00ebri\",\"datePublished\":\"2012-02-20T08:58:04+00:00\",\"mainEntityOfPage\":{\"@id\":\"https:\\\/\\\/fjala.info\\\/2009-2015\\\/kriteri-ali-beu-dhe-nacionalizmi-etnik-ne-shqiperi\\\/\"},\"wordCount\":1345,\"commentCount\":0,\"publisher\":{\"@id\":\"https:\\\/\\\/fjala.info\\\/2009-2015\\\/#organization\"},\"image\":{\"@id\":\"https:\\\/\\\/fjala.info\\\/2009-2015\\\/kriteri-ali-beu-dhe-nacionalizmi-etnik-ne-shqiperi\\\/#primaryimage\"},\"thumbnailUrl\":\"http:\\\/\\\/www.shkoder.net\\\/images\\\/fjala\\\/mero_baze1.jpg\",\"articleSection\":[\"Artikuj\"],\"inLanguage\":\"sq-AL\",\"potentialAction\":[{\"@type\":\"CommentAction\",\"name\":\"Comment\",\"target\":[\"https:\\\/\\\/fjala.info\\\/2009-2015\\\/kriteri-ali-beu-dhe-nacionalizmi-etnik-ne-shqiperi\\\/#respond\"]}]},{\"@type\":\"WebPage\",\"@id\":\"https:\\\/\\\/fjala.info\\\/2009-2015\\\/kriteri-ali-beu-dhe-nacionalizmi-etnik-ne-shqiperi\\\/\",\"url\":\"https:\\\/\\\/fjala.info\\\/2009-2015\\\/kriteri-ali-beu-dhe-nacionalizmi-etnik-ne-shqiperi\\\/\",\"name\":\"Kriteri Ali-Beu dhe nacionalizmi etnik n\u00eb Shqip\u00ebri - FjALA e LIR\u00cb - Arkivi\",\"isPartOf\":{\"@id\":\"https:\\\/\\\/fjala.info\\\/2009-2015\\\/#website\"},\"primaryImageOfPage\":{\"@id\":\"https:\\\/\\\/fjala.info\\\/2009-2015\\\/kriteri-ali-beu-dhe-nacionalizmi-etnik-ne-shqiperi\\\/#primaryimage\"},\"image\":{\"@id\":\"https:\\\/\\\/fjala.info\\\/2009-2015\\\/kriteri-ali-beu-dhe-nacionalizmi-etnik-ne-shqiperi\\\/#primaryimage\"},\"thumbnailUrl\":\"http:\\\/\\\/www.shkoder.net\\\/images\\\/fjala\\\/mero_baze1.jpg\",\"datePublished\":\"2012-02-20T08:58:04+00:00\",\"breadcrumb\":{\"@id\":\"https:\\\/\\\/fjala.info\\\/2009-2015\\\/kriteri-ali-beu-dhe-nacionalizmi-etnik-ne-shqiperi\\\/#breadcrumb\"},\"inLanguage\":\"sq-AL\",\"potentialAction\":[{\"@type\":\"ReadAction\",\"target\":[\"https:\\\/\\\/fjala.info\\\/2009-2015\\\/kriteri-ali-beu-dhe-nacionalizmi-etnik-ne-shqiperi\\\/\"]}]},{\"@type\":\"ImageObject\",\"inLanguage\":\"sq-AL\",\"@id\":\"https:\\\/\\\/fjala.info\\\/2009-2015\\\/kriteri-ali-beu-dhe-nacionalizmi-etnik-ne-shqiperi\\\/#primaryimage\",\"url\":\"http:\\\/\\\/www.shkoder.net\\\/images\\\/fjala\\\/mero_baze1.jpg\",\"contentUrl\":\"http:\\\/\\\/www.shkoder.net\\\/images\\\/fjala\\\/mero_baze1.jpg\"},{\"@type\":\"BreadcrumbList\",\"@id\":\"https:\\\/\\\/fjala.info\\\/2009-2015\\\/kriteri-ali-beu-dhe-nacionalizmi-etnik-ne-shqiperi\\\/#breadcrumb\",\"itemListElement\":[{\"@type\":\"ListItem\",\"position\":1,\"name\":\"Home\",\"item\":\"https:\\\/\\\/fjala.info\\\/2009-2015\\\/\"},{\"@type\":\"ListItem\",\"position\":2,\"name\":\"Kriteri Ali-Beu dhe nacionalizmi etnik n\u00eb Shqip\u00ebri\"}]},{\"@type\":\"WebSite\",\"@id\":\"https:\\\/\\\/fjala.info\\\/2009-2015\\\/#website\",\"url\":\"https:\\\/\\\/fjala.info\\\/2009-2015\\\/\",\"name\":\"FjALA e LIR\u00cb - Arkivi\",\"description\":\"Arkivi 2009-2015\",\"publisher\":{\"@id\":\"https:\\\/\\\/fjala.info\\\/2009-2015\\\/#organization\"},\"potentialAction\":[{\"@type\":\"SearchAction\",\"target\":{\"@type\":\"EntryPoint\",\"urlTemplate\":\"https:\\\/\\\/fjala.info\\\/2009-2015\\\/?s={search_term_string}\"},\"query-input\":{\"@type\":\"PropertyValueSpecification\",\"valueRequired\":true,\"valueName\":\"search_term_string\"}}],\"inLanguage\":\"sq-AL\"},{\"@type\":\"Organization\",\"@id\":\"https:\\\/\\\/fjala.info\\\/2009-2015\\\/#organization\",\"name\":\"FjALA e LIR\u00cb - Arkivi\",\"url\":\"https:\\\/\\\/fjala.info\\\/2009-2015\\\/\",\"logo\":{\"@type\":\"ImageObject\",\"inLanguage\":\"sq-AL\",\"@id\":\"https:\\\/\\\/fjala.info\\\/2009-2015\\\/#\\\/schema\\\/logo\\\/image\\\/\",\"url\":\"\",\"contentUrl\":\"\",\"caption\":\"FjALA e LIR\u00cb - Arkivi\"},\"image\":{\"@id\":\"https:\\\/\\\/fjala.info\\\/2009-2015\\\/#\\\/schema\\\/logo\\\/image\\\/\"}},{\"@type\":\"Person\",\"@id\":\"https:\\\/\\\/fjala.info\\\/2009-2015\\\/#\\\/schema\\\/person\\\/3aa1163ef05469c496fc94e77611ada2\",\"name\":\"admin\",\"image\":{\"@type\":\"ImageObject\",\"inLanguage\":\"sq-AL\",\"@id\":\"https:\\\/\\\/fjala.info\\\/2009-2015\\\/wp-content\\\/uploads\\\/2012\\\/02\\\/arben_cokaj-120x150.jpg\",\"url\":\"https:\\\/\\\/fjala.info\\\/2009-2015\\\/wp-content\\\/uploads\\\/2012\\\/02\\\/arben_cokaj-120x150.jpg\",\"contentUrl\":\"https:\\\/\\\/fjala.info\\\/2009-2015\\\/wp-content\\\/uploads\\\/2012\\\/02\\\/arben_cokaj-120x150.jpg\",\"caption\":\"admin\"},\"description\":\"Admin, Fjala e Lir\u00eb\",\"sameAs\":[\"https:\\\/\\\/fjala.info\\\/\"],\"url\":\"https:\\\/\\\/fjala.info\\\/2009-2015\\\/author\\\/admin\\\/\"}]}<\/script>\n<!-- \/ Yoast SEO plugin. -->","yoast_head_json":{"title":"Kriteri Ali-Beu dhe nacionalizmi etnik n\u00eb Shqip\u00ebri - FjALA e LIR\u00cb - Arkivi","robots":{"index":"index","follow":"follow","max-snippet":"max-snippet:-1","max-image-preview":"max-image-preview:large","max-video-preview":"max-video-preview:-1"},"canonical":"https:\/\/fjala.info\/2009-2015\/kriteri-ali-beu-dhe-nacionalizmi-etnik-ne-shqiperi\/","og_locale":"sq_AL","og_type":"article","og_title":"Kriteri Ali-Beu dhe nacionalizmi etnik n\u00eb Shqip\u00ebri - FjALA e LIR\u00cb - Arkivi","og_description":"Nga Mero Baze, 19 Shkurt 2012 Nj\u00eb deputet i partis\u00eb n\u00eb pushtet, i keqp\u00ebrdorur tradicionalisht nga Sali Berisha, me nj\u00eb em\u00ebr fem\u00ebror dhe mbiem\u00ebr turk (Ali Bej), ka hapur nj\u00eb debat delikat mbi nacionalizmin etnik n\u00eb Shqip\u00ebri, duke tentuar t\u00eb p\u00ebrjashtoj\u00eb nga t\u00eb qenit shqiptar, shtetas q\u00eb sipas tij, nga \u201clegjendat urbane\u201d kan\u00eb ardhur n\u00eb [&hellip;]","og_url":"https:\/\/fjala.info\/2009-2015\/kriteri-ali-beu-dhe-nacionalizmi-etnik-ne-shqiperi\/","og_site_name":"FjALA e LIR\u00cb - Arkivi","article_published_time":"2012-02-20T08:58:04+00:00","og_image":[{"url":"http:\/\/www.shkoder.net\/images\/fjala\/mero_baze1.jpg","type":"","width":"","height":""}],"author":"admin","twitter_card":"summary_large_image","twitter_misc":{"Written by":"admin","Est. reading time":"7 minutes"},"schema":{"@context":"https:\/\/schema.org","@graph":[{"@type":"Article","@id":"https:\/\/fjala.info\/2009-2015\/kriteri-ali-beu-dhe-nacionalizmi-etnik-ne-shqiperi\/#article","isPartOf":{"@id":"https:\/\/fjala.info\/2009-2015\/kriteri-ali-beu-dhe-nacionalizmi-etnik-ne-shqiperi\/"},"author":{"name":"admin","@id":"https:\/\/fjala.info\/2009-2015\/#\/schema\/person\/3aa1163ef05469c496fc94e77611ada2"},"headline":"Kriteri Ali-Beu dhe nacionalizmi etnik n\u00eb Shqip\u00ebri","datePublished":"2012-02-20T08:58:04+00:00","mainEntityOfPage":{"@id":"https:\/\/fjala.info\/2009-2015\/kriteri-ali-beu-dhe-nacionalizmi-etnik-ne-shqiperi\/"},"wordCount":1345,"commentCount":0,"publisher":{"@id":"https:\/\/fjala.info\/2009-2015\/#organization"},"image":{"@id":"https:\/\/fjala.info\/2009-2015\/kriteri-ali-beu-dhe-nacionalizmi-etnik-ne-shqiperi\/#primaryimage"},"thumbnailUrl":"http:\/\/www.shkoder.net\/images\/fjala\/mero_baze1.jpg","articleSection":["Artikuj"],"inLanguage":"sq-AL","potentialAction":[{"@type":"CommentAction","name":"Comment","target":["https:\/\/fjala.info\/2009-2015\/kriteri-ali-beu-dhe-nacionalizmi-etnik-ne-shqiperi\/#respond"]}]},{"@type":"WebPage","@id":"https:\/\/fjala.info\/2009-2015\/kriteri-ali-beu-dhe-nacionalizmi-etnik-ne-shqiperi\/","url":"https:\/\/fjala.info\/2009-2015\/kriteri-ali-beu-dhe-nacionalizmi-etnik-ne-shqiperi\/","name":"Kriteri Ali-Beu dhe nacionalizmi etnik n\u00eb Shqip\u00ebri - FjALA e LIR\u00cb - Arkivi","isPartOf":{"@id":"https:\/\/fjala.info\/2009-2015\/#website"},"primaryImageOfPage":{"@id":"https:\/\/fjala.info\/2009-2015\/kriteri-ali-beu-dhe-nacionalizmi-etnik-ne-shqiperi\/#primaryimage"},"image":{"@id":"https:\/\/fjala.info\/2009-2015\/kriteri-ali-beu-dhe-nacionalizmi-etnik-ne-shqiperi\/#primaryimage"},"thumbnailUrl":"http:\/\/www.shkoder.net\/images\/fjala\/mero_baze1.jpg","datePublished":"2012-02-20T08:58:04+00:00","breadcrumb":{"@id":"https:\/\/fjala.info\/2009-2015\/kriteri-ali-beu-dhe-nacionalizmi-etnik-ne-shqiperi\/#breadcrumb"},"inLanguage":"sq-AL","potentialAction":[{"@type":"ReadAction","target":["https:\/\/fjala.info\/2009-2015\/kriteri-ali-beu-dhe-nacionalizmi-etnik-ne-shqiperi\/"]}]},{"@type":"ImageObject","inLanguage":"sq-AL","@id":"https:\/\/fjala.info\/2009-2015\/kriteri-ali-beu-dhe-nacionalizmi-etnik-ne-shqiperi\/#primaryimage","url":"http:\/\/www.shkoder.net\/images\/fjala\/mero_baze1.jpg","contentUrl":"http:\/\/www.shkoder.net\/images\/fjala\/mero_baze1.jpg"},{"@type":"BreadcrumbList","@id":"https:\/\/fjala.info\/2009-2015\/kriteri-ali-beu-dhe-nacionalizmi-etnik-ne-shqiperi\/#breadcrumb","itemListElement":[{"@type":"ListItem","position":1,"name":"Home","item":"https:\/\/fjala.info\/2009-2015\/"},{"@type":"ListItem","position":2,"name":"Kriteri Ali-Beu dhe nacionalizmi etnik n\u00eb Shqip\u00ebri"}]},{"@type":"WebSite","@id":"https:\/\/fjala.info\/2009-2015\/#website","url":"https:\/\/fjala.info\/2009-2015\/","name":"FjALA e LIR\u00cb - Arkivi","description":"Arkivi 2009-2015","publisher":{"@id":"https:\/\/fjala.info\/2009-2015\/#organization"},"potentialAction":[{"@type":"SearchAction","target":{"@type":"EntryPoint","urlTemplate":"https:\/\/fjala.info\/2009-2015\/?s={search_term_string}"},"query-input":{"@type":"PropertyValueSpecification","valueRequired":true,"valueName":"search_term_string"}}],"inLanguage":"sq-AL"},{"@type":"Organization","@id":"https:\/\/fjala.info\/2009-2015\/#organization","name":"FjALA e LIR\u00cb - Arkivi","url":"https:\/\/fjala.info\/2009-2015\/","logo":{"@type":"ImageObject","inLanguage":"sq-AL","@id":"https:\/\/fjala.info\/2009-2015\/#\/schema\/logo\/image\/","url":"","contentUrl":"","caption":"FjALA e LIR\u00cb - Arkivi"},"image":{"@id":"https:\/\/fjala.info\/2009-2015\/#\/schema\/logo\/image\/"}},{"@type":"Person","@id":"https:\/\/fjala.info\/2009-2015\/#\/schema\/person\/3aa1163ef05469c496fc94e77611ada2","name":"admin","image":{"@type":"ImageObject","inLanguage":"sq-AL","@id":"https:\/\/fjala.info\/2009-2015\/wp-content\/uploads\/2012\/02\/arben_cokaj-120x150.jpg","url":"https:\/\/fjala.info\/2009-2015\/wp-content\/uploads\/2012\/02\/arben_cokaj-120x150.jpg","contentUrl":"https:\/\/fjala.info\/2009-2015\/wp-content\/uploads\/2012\/02\/arben_cokaj-120x150.jpg","caption":"admin"},"description":"Admin, Fjala e Lir\u00eb","sameAs":["https:\/\/fjala.info\/"],"url":"https:\/\/fjala.info\/2009-2015\/author\/admin\/"}]}},"_links":{"self":[{"href":"https:\/\/fjala.info\/2009-2015\/wp-json\/wp\/v2\/posts\/1867","targetHints":{"allow":["GET"]}}],"collection":[{"href":"https:\/\/fjala.info\/2009-2015\/wp-json\/wp\/v2\/posts"}],"about":[{"href":"https:\/\/fjala.info\/2009-2015\/wp-json\/wp\/v2\/types\/post"}],"author":[{"embeddable":true,"href":"https:\/\/fjala.info\/2009-2015\/wp-json\/wp\/v2\/users\/1"}],"replies":[{"embeddable":true,"href":"https:\/\/fjala.info\/2009-2015\/wp-json\/wp\/v2\/comments?post=1867"}],"version-history":[{"count":0,"href":"https:\/\/fjala.info\/2009-2015\/wp-json\/wp\/v2\/posts\/1867\/revisions"}],"wp:attachment":[{"href":"https:\/\/fjala.info\/2009-2015\/wp-json\/wp\/v2\/media?parent=1867"}],"wp:term":[{"taxonomy":"category","embeddable":true,"href":"https:\/\/fjala.info\/2009-2015\/wp-json\/wp\/v2\/categories?post=1867"},{"taxonomy":"post_tag","embeddable":true,"href":"https:\/\/fjala.info\/2009-2015\/wp-json\/wp\/v2\/tags?post=1867"}],"curies":[{"name":"wp","href":"https:\/\/api.w.org\/{rel}","templated":true}]}}