{"id":186,"date":"2011-11-16T22:10:36","date_gmt":"2011-11-16T21:10:36","guid":{"rendered":"http:\/\/fjala.shkoder.net\/?p=186"},"modified":"2011-11-16T22:10:36","modified_gmt":"2011-11-16T21:10:36","slug":"cfare-berishajt-jane-turbulluar-shpirterisht-e-jane-fyer-ne-nder-toube-estagfurullah","status":"publish","type":"post","link":"https:\/\/fjala.info\/2009-2015\/cfare-berishajt-jane-turbulluar-shpirterisht-e-jane-fyer-ne-nder-toube-estagfurullah\/","title":{"rendered":"\u00c7far\u00eb, Berishajt jan\u00eb turbulluar shpirt\u00ebrisht e jan\u00eb fyer n\u00eb nder? Toube estagfurullah!"},"content":{"rendered":"<p><img decoding=\"async\" class=\"alignleft size-thumbnail wp-image-7236\" title=\"Argita - Shk\u00eblzeni\" src=\"http:\/\/www.shkoder.net\/images\/fjala\/2011\/argita_shkelzeni.jpg\" alt=\"\" width=\"300\" \/><strong>TemA Online<\/strong>, <em>16 N\u00ebntor 2011<\/em><\/p>\n<p>F\u00ebmij\u00ebt e kryeministrit shqiptar kan\u00eb ngritur nj\u00eb padi kund\u00ebr Saimir Tahirit, q\u00eb i ka akuzuar n\u00eb Kuvend si njer\u00ebz t\u00eb p\u00ebrzjer\u00eb n\u00eb afera e korrupsion. Dhe n\u00eb tekstin e akt-padis\u00eb pretendohet nga ana e tyre se u \u00ebsht\u00eb shkaktuar \u201cnj\u00eb d\u00ebm moral q\u00eb ka sjell\u00eb turbullimin e padrejt\u00eb t\u00eb gjendjes shpirt\u00ebrore t\u00eb tyre, si pasoj\u00eb e fakteve t\u00eb paligjshme, deklaratave t\u00eb pav\u00ebrteta shpif\u00ebse dhe fyese\u201d. Po aty thon\u00eb se jan\u00eb c\u00ebnuar n\u00eb nderin e personalitetit t\u00eb tyre, \u2026. duke ndikuar negativisht edhe n\u00eb opinionin publik e n\u00eb k\u00ebt\u00eb m\u00ebnyr\u00eb, duke c\u00ebnuar reputacionin dhe imazhin e tyre\u201d.<\/p>\n<p>Tani, t\u00eb rrim\u00eb shtremb\u00ebr e t\u00eb flasim drejt, kjo q\u00eb kan\u00eb b\u00ebr\u00eb Berishajt \u00ebsht\u00eb gj\u00ebja m\u00eb normale p\u00ebr k\u00ebdo. Dhe e v\u00ebrteta \u00ebsht\u00eb se secili duhet t\u00eb p\u00ebrgjigjet p\u00ebr ato q\u00eb nxjerr nga goja. Por Berishajt, megjithat\u00eb, nuk kan\u00eb t\u00eb drejt\u00eb ta b\u00ebjn\u00eb nj\u00eb gj\u00eb t\u00eb till\u00eb. E n\u00eb momentin q\u00eb e b\u00ebjn\u00eb, rezulton t\u00eb jet\u00eb nj\u00eb karagjozll\u00ebk me brir\u00eb. Babai i tyre nuk ka l\u00ebn\u00eb ndyr\u00ebsi pa nxjerr\u00eb nga goja, e nuk ka l\u00ebn\u00eb njeri pa e turbulluar n\u00eb gjendjen shpirt\u00ebrore e pa e fyer n\u00eb nder e dinjitet. E prandaj, bash p\u00ebr k\u00ebt\u00eb arsye, edhe sikur t\u00eb ishin \u00ebngj\u00ebj vet\u00eb, atyre nuk u takon t\u00eb ngrejn\u00eb padi t\u00eb tilla. Ata duhet t\u2019i durojn\u00eb t\u00eb gjitha akuzat q\u00eb bien mbi ta, qofshin dhe m\u00eb t\u00eb padrejtat n\u00eb bot\u00eb, si nj\u00eb taks\u00eb q\u00eb duhet paguar p\u00ebr babain e tyre rruga\u00e7.<\/p>\n<p>P\u00ebrs\u00ebris, kjo \u00ebsht\u00eb pun\u00eb pala\u00e7osh. Duhet t\u2019iu vij\u00eb turp, kur u shkon mendja t\u00eb ngrejn\u00eb padi e t\u00eb flasin p\u00ebr nder e dinjitet t\u00eb c\u00ebnuar. Sidomos t\u00eb birit, p\u00ebr t\u00eb cilin dihet mir\u00eb dhe mund t\u00eb provohet qart\u00eb se ka qen\u00eb kok\u00eb e k\u00ebmb\u00eb i zhytur n\u00eb afer\u00ebn e paligjshme t\u00eb G\u00ebrdecit, q\u00eb pati nj\u00eb fund shum\u00eb tragjik.<\/p>\n<p><em>respublica.al<\/em><\/p>\n<p>http:\/\/respublica.al\/artikuj\/2011\/11\/15\/cfare-berishajt-jane-turbulluar-shpirterisht-e-jane-fyer-ne-nder-toube<\/p>\n","protected":false},"excerpt":{"rendered":"<p>TemA Online, 16 N\u00ebntor 2011 F\u00ebmij\u00ebt e kryeministrit shqiptar kan\u00eb ngritur nj\u00eb padi kund\u00ebr Saimir Tahirit, q\u00eb i ka akuzuar n\u00eb Kuvend si njer\u00ebz t\u00eb p\u00ebrzjer\u00eb n\u00eb afera e korrupsion. Dhe n\u00eb tekstin e akt-padis\u00eb pretendohet nga ana e tyre se u \u00ebsht\u00eb shkaktuar \u201cnj\u00eb d\u00ebm moral q\u00eb ka sjell\u00eb turbullimin e padrejt\u00eb t\u00eb gjendjes [&hellip;]<\/p>\n","protected":false},"author":1,"featured_media":0,"comment_status":"open","ping_status":"closed","sticky":false,"template":"","format":"standard","meta":{"footnotes":""},"categories":[5],"tags":[],"class_list":{"0":"post-186","1":"post","2":"type-post","3":"status-publish","4":"format-standard","6":"category-lajme"},"yoast_head":"<!-- This site is optimized with the Yoast SEO plugin v27.4 - https:\/\/yoast.com\/product\/yoast-seo-wordpress\/ -->\n<title>\u00c7far\u00eb, Berishajt jan\u00eb turbulluar shpirt\u00ebrisht e jan\u00eb fyer n\u00eb nder? Toube estagfurullah! - FjALA e LIR\u00cb - Arkivi<\/title>\n<meta name=\"robots\" content=\"index, follow, max-snippet:-1, max-image-preview:large, max-video-preview:-1\" \/>\n<link rel=\"canonical\" href=\"https:\/\/fjala.info\/2009-2015\/cfare-berishajt-jane-turbulluar-shpirterisht-e-jane-fyer-ne-nder-toube-estagfurullah\/\" \/>\n<meta property=\"og:locale\" content=\"sq_AL\" \/>\n<meta property=\"og:type\" content=\"article\" \/>\n<meta property=\"og:title\" content=\"\u00c7far\u00eb, Berishajt jan\u00eb turbulluar shpirt\u00ebrisht e jan\u00eb fyer n\u00eb nder? Toube estagfurullah! - FjALA e LIR\u00cb - Arkivi\" \/>\n<meta property=\"og:description\" content=\"TemA Online, 16 N\u00ebntor 2011 F\u00ebmij\u00ebt e kryeministrit shqiptar kan\u00eb ngritur nj\u00eb padi kund\u00ebr Saimir Tahirit, q\u00eb i ka akuzuar n\u00eb Kuvend si njer\u00ebz t\u00eb p\u00ebrzjer\u00eb n\u00eb afera e korrupsion. Dhe n\u00eb tekstin e akt-padis\u00eb pretendohet nga ana e tyre se u \u00ebsht\u00eb shkaktuar \u201cnj\u00eb d\u00ebm moral q\u00eb ka sjell\u00eb turbullimin e padrejt\u00eb t\u00eb gjendjes [&hellip;]\" \/>\n<meta property=\"og:url\" content=\"https:\/\/fjala.info\/2009-2015\/cfare-berishajt-jane-turbulluar-shpirterisht-e-jane-fyer-ne-nder-toube-estagfurullah\/\" \/>\n<meta property=\"og:site_name\" content=\"FjALA e LIR\u00cb - Arkivi\" \/>\n<meta property=\"article:published_time\" content=\"2011-11-16T21:10:36+00:00\" \/>\n<meta property=\"og:image\" content=\"http:\/\/www.shkoder.net\/images\/fjala\/2011\/argita_shkelzeni.jpg\" \/>\n<meta name=\"author\" content=\"admin\" \/>\n<meta name=\"twitter:card\" content=\"summary_large_image\" \/>\n<meta name=\"twitter:label1\" content=\"Written by\" \/>\n\t<meta name=\"twitter:data1\" content=\"admin\" \/>\n\t<meta name=\"twitter:label2\" content=\"Est. reading time\" \/>\n\t<meta name=\"twitter:data2\" content=\"2 minutes\" \/>\n<script type=\"application\/ld+json\" class=\"yoast-schema-graph\">{\"@context\":\"https:\\\/\\\/schema.org\",\"@graph\":[{\"@type\":\"Article\",\"@id\":\"https:\\\/\\\/fjala.info\\\/2009-2015\\\/cfare-berishajt-jane-turbulluar-shpirterisht-e-jane-fyer-ne-nder-toube-estagfurullah\\\/#article\",\"isPartOf\":{\"@id\":\"https:\\\/\\\/fjala.info\\\/2009-2015\\\/cfare-berishajt-jane-turbulluar-shpirterisht-e-jane-fyer-ne-nder-toube-estagfurullah\\\/\"},\"author\":{\"name\":\"admin\",\"@id\":\"https:\\\/\\\/fjala.info\\\/2009-2015\\\/#\\\/schema\\\/person\\\/3aa1163ef05469c496fc94e77611ada2\"},\"headline\":\"\u00c7far\u00eb, Berishajt jan\u00eb turbulluar shpirt\u00ebrisht e jan\u00eb fyer n\u00eb nder? Toube estagfurullah!\",\"datePublished\":\"2011-11-16T21:10:36+00:00\",\"mainEntityOfPage\":{\"@id\":\"https:\\\/\\\/fjala.info\\\/2009-2015\\\/cfare-berishajt-jane-turbulluar-shpirterisht-e-jane-fyer-ne-nder-toube-estagfurullah\\\/\"},\"wordCount\":360,\"commentCount\":0,\"publisher\":{\"@id\":\"https:\\\/\\\/fjala.info\\\/2009-2015\\\/#organization\"},\"image\":{\"@id\":\"https:\\\/\\\/fjala.info\\\/2009-2015\\\/cfare-berishajt-jane-turbulluar-shpirterisht-e-jane-fyer-ne-nder-toube-estagfurullah\\\/#primaryimage\"},\"thumbnailUrl\":\"http:\\\/\\\/www.shkoder.net\\\/images\\\/fjala\\\/2011\\\/argita_shkelzeni.jpg\",\"articleSection\":[\"Lajme\"],\"inLanguage\":\"sq-AL\",\"potentialAction\":[{\"@type\":\"CommentAction\",\"name\":\"Comment\",\"target\":[\"https:\\\/\\\/fjala.info\\\/2009-2015\\\/cfare-berishajt-jane-turbulluar-shpirterisht-e-jane-fyer-ne-nder-toube-estagfurullah\\\/#respond\"]}]},{\"@type\":\"WebPage\",\"@id\":\"https:\\\/\\\/fjala.info\\\/2009-2015\\\/cfare-berishajt-jane-turbulluar-shpirterisht-e-jane-fyer-ne-nder-toube-estagfurullah\\\/\",\"url\":\"https:\\\/\\\/fjala.info\\\/2009-2015\\\/cfare-berishajt-jane-turbulluar-shpirterisht-e-jane-fyer-ne-nder-toube-estagfurullah\\\/\",\"name\":\"\u00c7far\u00eb, Berishajt jan\u00eb turbulluar shpirt\u00ebrisht e jan\u00eb fyer n\u00eb nder? Toube estagfurullah! - FjALA e LIR\u00cb - Arkivi\",\"isPartOf\":{\"@id\":\"https:\\\/\\\/fjala.info\\\/2009-2015\\\/#website\"},\"primaryImageOfPage\":{\"@id\":\"https:\\\/\\\/fjala.info\\\/2009-2015\\\/cfare-berishajt-jane-turbulluar-shpirterisht-e-jane-fyer-ne-nder-toube-estagfurullah\\\/#primaryimage\"},\"image\":{\"@id\":\"https:\\\/\\\/fjala.info\\\/2009-2015\\\/cfare-berishajt-jane-turbulluar-shpirterisht-e-jane-fyer-ne-nder-toube-estagfurullah\\\/#primaryimage\"},\"thumbnailUrl\":\"http:\\\/\\\/www.shkoder.net\\\/images\\\/fjala\\\/2011\\\/argita_shkelzeni.jpg\",\"datePublished\":\"2011-11-16T21:10:36+00:00\",\"breadcrumb\":{\"@id\":\"https:\\\/\\\/fjala.info\\\/2009-2015\\\/cfare-berishajt-jane-turbulluar-shpirterisht-e-jane-fyer-ne-nder-toube-estagfurullah\\\/#breadcrumb\"},\"inLanguage\":\"sq-AL\",\"potentialAction\":[{\"@type\":\"ReadAction\",\"target\":[\"https:\\\/\\\/fjala.info\\\/2009-2015\\\/cfare-berishajt-jane-turbulluar-shpirterisht-e-jane-fyer-ne-nder-toube-estagfurullah\\\/\"]}]},{\"@type\":\"ImageObject\",\"inLanguage\":\"sq-AL\",\"@id\":\"https:\\\/\\\/fjala.info\\\/2009-2015\\\/cfare-berishajt-jane-turbulluar-shpirterisht-e-jane-fyer-ne-nder-toube-estagfurullah\\\/#primaryimage\",\"url\":\"http:\\\/\\\/www.shkoder.net\\\/images\\\/fjala\\\/2011\\\/argita_shkelzeni.jpg\",\"contentUrl\":\"http:\\\/\\\/www.shkoder.net\\\/images\\\/fjala\\\/2011\\\/argita_shkelzeni.jpg\"},{\"@type\":\"BreadcrumbList\",\"@id\":\"https:\\\/\\\/fjala.info\\\/2009-2015\\\/cfare-berishajt-jane-turbulluar-shpirterisht-e-jane-fyer-ne-nder-toube-estagfurullah\\\/#breadcrumb\",\"itemListElement\":[{\"@type\":\"ListItem\",\"position\":1,\"name\":\"Home\",\"item\":\"https:\\\/\\\/fjala.info\\\/2009-2015\\\/\"},{\"@type\":\"ListItem\",\"position\":2,\"name\":\"\u00c7far\u00eb, Berishajt jan\u00eb turbulluar shpirt\u00ebrisht e jan\u00eb fyer n\u00eb nder? Toube estagfurullah!\"}]},{\"@type\":\"WebSite\",\"@id\":\"https:\\\/\\\/fjala.info\\\/2009-2015\\\/#website\",\"url\":\"https:\\\/\\\/fjala.info\\\/2009-2015\\\/\",\"name\":\"FjALA e LIR\u00cb - Arkivi\",\"description\":\"Arkivi 2009-2015\",\"publisher\":{\"@id\":\"https:\\\/\\\/fjala.info\\\/2009-2015\\\/#organization\"},\"potentialAction\":[{\"@type\":\"SearchAction\",\"target\":{\"@type\":\"EntryPoint\",\"urlTemplate\":\"https:\\\/\\\/fjala.info\\\/2009-2015\\\/?s={search_term_string}\"},\"query-input\":{\"@type\":\"PropertyValueSpecification\",\"valueRequired\":true,\"valueName\":\"search_term_string\"}}],\"inLanguage\":\"sq-AL\"},{\"@type\":\"Organization\",\"@id\":\"https:\\\/\\\/fjala.info\\\/2009-2015\\\/#organization\",\"name\":\"FjALA e LIR\u00cb - Arkivi\",\"url\":\"https:\\\/\\\/fjala.info\\\/2009-2015\\\/\",\"logo\":{\"@type\":\"ImageObject\",\"inLanguage\":\"sq-AL\",\"@id\":\"https:\\\/\\\/fjala.info\\\/2009-2015\\\/#\\\/schema\\\/logo\\\/image\\\/\",\"url\":\"\",\"contentUrl\":\"\",\"caption\":\"FjALA e LIR\u00cb - Arkivi\"},\"image\":{\"@id\":\"https:\\\/\\\/fjala.info\\\/2009-2015\\\/#\\\/schema\\\/logo\\\/image\\\/\"}},{\"@type\":\"Person\",\"@id\":\"https:\\\/\\\/fjala.info\\\/2009-2015\\\/#\\\/schema\\\/person\\\/3aa1163ef05469c496fc94e77611ada2\",\"name\":\"admin\",\"image\":{\"@type\":\"ImageObject\",\"inLanguage\":\"sq-AL\",\"@id\":\"https:\\\/\\\/fjala.info\\\/2009-2015\\\/wp-content\\\/uploads\\\/2012\\\/02\\\/arben_cokaj-120x150.jpg\",\"url\":\"https:\\\/\\\/fjala.info\\\/2009-2015\\\/wp-content\\\/uploads\\\/2012\\\/02\\\/arben_cokaj-120x150.jpg\",\"contentUrl\":\"https:\\\/\\\/fjala.info\\\/2009-2015\\\/wp-content\\\/uploads\\\/2012\\\/02\\\/arben_cokaj-120x150.jpg\",\"caption\":\"admin\"},\"description\":\"Admin, Fjala e Lir\u00eb\",\"sameAs\":[\"https:\\\/\\\/fjala.info\\\/\"],\"url\":\"https:\\\/\\\/fjala.info\\\/2009-2015\\\/author\\\/admin\\\/\"}]}<\/script>\n<!-- \/ Yoast SEO plugin. -->","yoast_head_json":{"title":"\u00c7far\u00eb, Berishajt jan\u00eb turbulluar shpirt\u00ebrisht e jan\u00eb fyer n\u00eb nder? Toube estagfurullah! - FjALA e LIR\u00cb - Arkivi","robots":{"index":"index","follow":"follow","max-snippet":"max-snippet:-1","max-image-preview":"max-image-preview:large","max-video-preview":"max-video-preview:-1"},"canonical":"https:\/\/fjala.info\/2009-2015\/cfare-berishajt-jane-turbulluar-shpirterisht-e-jane-fyer-ne-nder-toube-estagfurullah\/","og_locale":"sq_AL","og_type":"article","og_title":"\u00c7far\u00eb, Berishajt jan\u00eb turbulluar shpirt\u00ebrisht e jan\u00eb fyer n\u00eb nder? Toube estagfurullah! - FjALA e LIR\u00cb - Arkivi","og_description":"TemA Online, 16 N\u00ebntor 2011 F\u00ebmij\u00ebt e kryeministrit shqiptar kan\u00eb ngritur nj\u00eb padi kund\u00ebr Saimir Tahirit, q\u00eb i ka akuzuar n\u00eb Kuvend si njer\u00ebz t\u00eb p\u00ebrzjer\u00eb n\u00eb afera e korrupsion. Dhe n\u00eb tekstin e akt-padis\u00eb pretendohet nga ana e tyre se u \u00ebsht\u00eb shkaktuar \u201cnj\u00eb d\u00ebm moral q\u00eb ka sjell\u00eb turbullimin e padrejt\u00eb t\u00eb gjendjes [&hellip;]","og_url":"https:\/\/fjala.info\/2009-2015\/cfare-berishajt-jane-turbulluar-shpirterisht-e-jane-fyer-ne-nder-toube-estagfurullah\/","og_site_name":"FjALA e LIR\u00cb - Arkivi","article_published_time":"2011-11-16T21:10:36+00:00","og_image":[{"url":"http:\/\/www.shkoder.net\/images\/fjala\/2011\/argita_shkelzeni.jpg","type":"","width":"","height":""}],"author":"admin","twitter_card":"summary_large_image","twitter_misc":{"Written by":"admin","Est. reading time":"2 minutes"},"schema":{"@context":"https:\/\/schema.org","@graph":[{"@type":"Article","@id":"https:\/\/fjala.info\/2009-2015\/cfare-berishajt-jane-turbulluar-shpirterisht-e-jane-fyer-ne-nder-toube-estagfurullah\/#article","isPartOf":{"@id":"https:\/\/fjala.info\/2009-2015\/cfare-berishajt-jane-turbulluar-shpirterisht-e-jane-fyer-ne-nder-toube-estagfurullah\/"},"author":{"name":"admin","@id":"https:\/\/fjala.info\/2009-2015\/#\/schema\/person\/3aa1163ef05469c496fc94e77611ada2"},"headline":"\u00c7far\u00eb, Berishajt jan\u00eb turbulluar shpirt\u00ebrisht e jan\u00eb fyer n\u00eb nder? Toube estagfurullah!","datePublished":"2011-11-16T21:10:36+00:00","mainEntityOfPage":{"@id":"https:\/\/fjala.info\/2009-2015\/cfare-berishajt-jane-turbulluar-shpirterisht-e-jane-fyer-ne-nder-toube-estagfurullah\/"},"wordCount":360,"commentCount":0,"publisher":{"@id":"https:\/\/fjala.info\/2009-2015\/#organization"},"image":{"@id":"https:\/\/fjala.info\/2009-2015\/cfare-berishajt-jane-turbulluar-shpirterisht-e-jane-fyer-ne-nder-toube-estagfurullah\/#primaryimage"},"thumbnailUrl":"http:\/\/www.shkoder.net\/images\/fjala\/2011\/argita_shkelzeni.jpg","articleSection":["Lajme"],"inLanguage":"sq-AL","potentialAction":[{"@type":"CommentAction","name":"Comment","target":["https:\/\/fjala.info\/2009-2015\/cfare-berishajt-jane-turbulluar-shpirterisht-e-jane-fyer-ne-nder-toube-estagfurullah\/#respond"]}]},{"@type":"WebPage","@id":"https:\/\/fjala.info\/2009-2015\/cfare-berishajt-jane-turbulluar-shpirterisht-e-jane-fyer-ne-nder-toube-estagfurullah\/","url":"https:\/\/fjala.info\/2009-2015\/cfare-berishajt-jane-turbulluar-shpirterisht-e-jane-fyer-ne-nder-toube-estagfurullah\/","name":"\u00c7far\u00eb, Berishajt jan\u00eb turbulluar shpirt\u00ebrisht e jan\u00eb fyer n\u00eb nder? Toube estagfurullah! - FjALA e LIR\u00cb - Arkivi","isPartOf":{"@id":"https:\/\/fjala.info\/2009-2015\/#website"},"primaryImageOfPage":{"@id":"https:\/\/fjala.info\/2009-2015\/cfare-berishajt-jane-turbulluar-shpirterisht-e-jane-fyer-ne-nder-toube-estagfurullah\/#primaryimage"},"image":{"@id":"https:\/\/fjala.info\/2009-2015\/cfare-berishajt-jane-turbulluar-shpirterisht-e-jane-fyer-ne-nder-toube-estagfurullah\/#primaryimage"},"thumbnailUrl":"http:\/\/www.shkoder.net\/images\/fjala\/2011\/argita_shkelzeni.jpg","datePublished":"2011-11-16T21:10:36+00:00","breadcrumb":{"@id":"https:\/\/fjala.info\/2009-2015\/cfare-berishajt-jane-turbulluar-shpirterisht-e-jane-fyer-ne-nder-toube-estagfurullah\/#breadcrumb"},"inLanguage":"sq-AL","potentialAction":[{"@type":"ReadAction","target":["https:\/\/fjala.info\/2009-2015\/cfare-berishajt-jane-turbulluar-shpirterisht-e-jane-fyer-ne-nder-toube-estagfurullah\/"]}]},{"@type":"ImageObject","inLanguage":"sq-AL","@id":"https:\/\/fjala.info\/2009-2015\/cfare-berishajt-jane-turbulluar-shpirterisht-e-jane-fyer-ne-nder-toube-estagfurullah\/#primaryimage","url":"http:\/\/www.shkoder.net\/images\/fjala\/2011\/argita_shkelzeni.jpg","contentUrl":"http:\/\/www.shkoder.net\/images\/fjala\/2011\/argita_shkelzeni.jpg"},{"@type":"BreadcrumbList","@id":"https:\/\/fjala.info\/2009-2015\/cfare-berishajt-jane-turbulluar-shpirterisht-e-jane-fyer-ne-nder-toube-estagfurullah\/#breadcrumb","itemListElement":[{"@type":"ListItem","position":1,"name":"Home","item":"https:\/\/fjala.info\/2009-2015\/"},{"@type":"ListItem","position":2,"name":"\u00c7far\u00eb, Berishajt jan\u00eb turbulluar shpirt\u00ebrisht e jan\u00eb fyer n\u00eb nder? Toube estagfurullah!"}]},{"@type":"WebSite","@id":"https:\/\/fjala.info\/2009-2015\/#website","url":"https:\/\/fjala.info\/2009-2015\/","name":"FjALA e LIR\u00cb - Arkivi","description":"Arkivi 2009-2015","publisher":{"@id":"https:\/\/fjala.info\/2009-2015\/#organization"},"potentialAction":[{"@type":"SearchAction","target":{"@type":"EntryPoint","urlTemplate":"https:\/\/fjala.info\/2009-2015\/?s={search_term_string}"},"query-input":{"@type":"PropertyValueSpecification","valueRequired":true,"valueName":"search_term_string"}}],"inLanguage":"sq-AL"},{"@type":"Organization","@id":"https:\/\/fjala.info\/2009-2015\/#organization","name":"FjALA e LIR\u00cb - Arkivi","url":"https:\/\/fjala.info\/2009-2015\/","logo":{"@type":"ImageObject","inLanguage":"sq-AL","@id":"https:\/\/fjala.info\/2009-2015\/#\/schema\/logo\/image\/","url":"","contentUrl":"","caption":"FjALA e LIR\u00cb - Arkivi"},"image":{"@id":"https:\/\/fjala.info\/2009-2015\/#\/schema\/logo\/image\/"}},{"@type":"Person","@id":"https:\/\/fjala.info\/2009-2015\/#\/schema\/person\/3aa1163ef05469c496fc94e77611ada2","name":"admin","image":{"@type":"ImageObject","inLanguage":"sq-AL","@id":"https:\/\/fjala.info\/2009-2015\/wp-content\/uploads\/2012\/02\/arben_cokaj-120x150.jpg","url":"https:\/\/fjala.info\/2009-2015\/wp-content\/uploads\/2012\/02\/arben_cokaj-120x150.jpg","contentUrl":"https:\/\/fjala.info\/2009-2015\/wp-content\/uploads\/2012\/02\/arben_cokaj-120x150.jpg","caption":"admin"},"description":"Admin, Fjala e Lir\u00eb","sameAs":["https:\/\/fjala.info\/"],"url":"https:\/\/fjala.info\/2009-2015\/author\/admin\/"}]}},"_links":{"self":[{"href":"https:\/\/fjala.info\/2009-2015\/wp-json\/wp\/v2\/posts\/186","targetHints":{"allow":["GET"]}}],"collection":[{"href":"https:\/\/fjala.info\/2009-2015\/wp-json\/wp\/v2\/posts"}],"about":[{"href":"https:\/\/fjala.info\/2009-2015\/wp-json\/wp\/v2\/types\/post"}],"author":[{"embeddable":true,"href":"https:\/\/fjala.info\/2009-2015\/wp-json\/wp\/v2\/users\/1"}],"replies":[{"embeddable":true,"href":"https:\/\/fjala.info\/2009-2015\/wp-json\/wp\/v2\/comments?post=186"}],"version-history":[{"count":0,"href":"https:\/\/fjala.info\/2009-2015\/wp-json\/wp\/v2\/posts\/186\/revisions"}],"wp:attachment":[{"href":"https:\/\/fjala.info\/2009-2015\/wp-json\/wp\/v2\/media?parent=186"}],"wp:term":[{"taxonomy":"category","embeddable":true,"href":"https:\/\/fjala.info\/2009-2015\/wp-json\/wp\/v2\/categories?post=186"},{"taxonomy":"post_tag","embeddable":true,"href":"https:\/\/fjala.info\/2009-2015\/wp-json\/wp\/v2\/tags?post=186"}],"curies":[{"name":"wp","href":"https:\/\/api.w.org\/{rel}","templated":true}]}}