{"id":1849,"date":"2012-02-16T23:34:55","date_gmt":"2012-02-16T22:34:55","guid":{"rendered":"http:\/\/fjala.shkoder.net\/?p=1849"},"modified":"2012-02-16T23:34:55","modified_gmt":"2012-02-16T22:34:55","slug":"libani-pergenjeshtron-topallin-nuk-na-kerkoi-njohjen-e-kosoves","status":"publish","type":"post","link":"https:\/\/fjala.info\/2009-2015\/libani-pergenjeshtron-topallin-nuk-na-kerkoi-njohjen-e-kosoves\/","title":{"rendered":"Libani p\u00ebrg\u00ebnjeshtron Topallin: Nuk na k\u00ebrkoi njohjen e Kosov\u00ebs!"},"content":{"rendered":"<p><img decoding=\"async\" class=\"alignleft size-thumbnail wp-image-7236\" title=\"Topalli n\u00eb Bejrut\" src=\"http:\/\/www.shkoder.net\/2012\/zhozi_ne_bejrut.jpg\" alt=\"\" width=\"300\" \/> <strong>TemA<\/strong>, <em>16 Shkurt 2012<\/em><\/p>\n<p>Libani p\u00ebrg\u00ebnjeshtron kryeparlamentaren Jozefina Topalli n\u00eb lidhje me deklarat\u00ebn e saj se kishte pasur n\u00eb axhend\u00eb t\u00eb bisedimeve Kosov\u00ebn dhe njohjen e Pavar\u00ebsis\u00eb. Topalli q\u00ebndroi p\u00ebr dy dit\u00eb n\u00eb Bejrut duke takuar homologun e saj dhe komunitetin e biznesit me q\u00ebllimin e vet\u00ebm p\u00ebr t\u00eb k\u00ebrkuar para n\u00eb k\u00ebt\u00eb koh\u00eb krize dhe rivendosur marr\u00ebdh\u00ebniet dypal\u00ebshe q\u00eb ishin prishur prej vitesh. M\u00eb par\u00eb Topalli kishte qen\u00eb n\u00eb Indonezi gjat\u00eb Konferenc\u00ebs Islamike ku Shqip\u00ebria \u00ebsht\u00eb an\u00ebtare prej vitit 1993. Dy nga mediat e njohura af\u00ebr qeveris\u00eb libaneze pasqyruan vizit\u00ebn e Topallit that\u00eb dhe me p\u00ebrqendrim pik\u00ebrisht te axhenda e saj.<\/p>\n<p>\u201cDaily News\u201d theksonte se \u201cTopalli mb\u00ebrriti n\u00eb Bejrut p\u00ebr nj\u00eb vizit\u00eb zyrtare, e ftuar nga homologu i saj Nabih Berri\u201d. Vet\u00ebm ky fakt hedh posht\u00eb pretendimin e komunikat\u00ebs s\u00eb kryeparlamentares se \u201cloboi p\u00ebr pavar\u00ebsin\u00eb e Kosov\u00ebs\u201d. Duket se Topalli e l\u00ebshoi k\u00ebt\u00eb justifikim p\u00ebr t\u00eb mos u akuzuar se kryente vizita qejfi n\u00eb vendet e Orientit kur Shqip\u00ebria vuan kriz\u00ebn e d\u00ebbor\u00ebs. Gjithashtu u takua me presidentin Michel Sleiman ne pallatin presidencial \u201cBaabda\u201d, kurse homologun Berri e takoi ne rezidencen e tij ne Ain el-Tineh, ne Bejrut.<\/p>\n<p>\u201cBerri ka programuar edhe nje drek\u00eb p\u00ebr nder t\u00eb kryeparlamentares Topalli\u201d, njoftonte kjo agjenci. Kurse \u201cLeban Now\u201d, nj\u00eb tjet\u00ebr media af\u00ebr qeveris\u00eb, shkruante m\u00eb t\u00eb holl\u00ebsishme tem\u00ebn e bisedimeve. \u201cBerri dhe Topalli ritheksuan v\u00ebmendjen p\u00ebr rivendosjen e bisedimeve dhe marr\u00ebdh\u00ebnieve mes dy vendeve pas kaq koh\u00ebsh. Forcimin e tyre me marr\u00ebveshje t\u00eb p\u00ebrbashk\u00ebta n\u00eb fusha me interes\u201d, shkruan kjo media. Por NNA, e cila \u00ebsht\u00eb edhe Agjencia Shtet\u00ebrore Libaneze (simot\u00ebr e ATSH), shkon edhe m\u00eb tej.<\/p>\n<p>\u201cKa nevoj\u00eb p\u00ebr forcim marr\u00ebdh\u00ebniesh Shqip\u00ebri-Liban n\u00eb t\u00eb gjitha fushat e sektor\u00ebt. Duke iu kthyer historis\u00eb s\u00eb dy vendeve, Berri theksoi se ka t\u00eb p\u00ebrbashk\u00ebta t\u00eb shumta mes tyre, q\u00eb mund t\u00eb p\u00ebrdoren p\u00ebr benefite n\u00eb t\u00eb ardhmen\u201d, shkruan agjencia shtet\u00ebrore e lajmeve libaneze. Me poshte keni linket e lajmeve ku mund te lexoni raportimin per takimet e Topallit dhe se per \u00e7fare ka folur kryeparlamentarja shqiptare. Ne asnj\u00eb rresht nuk permendet lotimi per Kosoven dhe njohjen e pavaresise.<\/p>\n<p>http:\/\/www.nowlebanon.com\/NewsArchiveDetails.aspx?ID=364324#ixzz1mZBeBD2J<br \/>\nhttp:\/\/www.dailystar.com.lb\/News\/Politics\/2012\/Feb-13\/163081-albanian-house-speaker-begins-lebanon-visit.ashx#ixzz1mZBF1zEZ<\/p>\n","protected":false},"excerpt":{"rendered":"<p>TemA, 16 Shkurt 2012 Libani p\u00ebrg\u00ebnjeshtron kryeparlamentaren Jozefina Topalli n\u00eb lidhje me deklarat\u00ebn e saj se kishte pasur n\u00eb axhend\u00eb t\u00eb bisedimeve Kosov\u00ebn dhe njohjen e Pavar\u00ebsis\u00eb. Topalli q\u00ebndroi p\u00ebr dy dit\u00eb n\u00eb Bejrut duke takuar homologun e saj dhe komunitetin e biznesit me q\u00ebllimin e vet\u00ebm p\u00ebr t\u00eb k\u00ebrkuar para n\u00eb k\u00ebt\u00eb koh\u00eb krize [&hellip;]<\/p>\n","protected":false},"author":1,"featured_media":0,"comment_status":"open","ping_status":"closed","sticky":false,"template":"","format":"standard","meta":{"footnotes":""},"categories":[2,5],"tags":[],"class_list":{"0":"post-1849","1":"post","2":"type-post","3":"status-publish","4":"format-standard","6":"category-artikuj","7":"category-lajme"},"yoast_head":"<!-- This site is optimized with the Yoast SEO plugin v27.4 - https:\/\/yoast.com\/product\/yoast-seo-wordpress\/ -->\n<title>Libani p\u00ebrg\u00ebnjeshtron Topallin: Nuk na k\u00ebrkoi njohjen e Kosov\u00ebs! - FjALA e LIR\u00cb - Arkivi<\/title>\n<meta name=\"robots\" content=\"index, follow, max-snippet:-1, max-image-preview:large, max-video-preview:-1\" \/>\n<link rel=\"canonical\" href=\"https:\/\/fjala.info\/2009-2015\/libani-pergenjeshtron-topallin-nuk-na-kerkoi-njohjen-e-kosoves\/\" \/>\n<meta property=\"og:locale\" content=\"sq_AL\" \/>\n<meta property=\"og:type\" content=\"article\" \/>\n<meta property=\"og:title\" content=\"Libani p\u00ebrg\u00ebnjeshtron Topallin: Nuk na k\u00ebrkoi njohjen e Kosov\u00ebs! - FjALA e LIR\u00cb - Arkivi\" \/>\n<meta property=\"og:description\" content=\"TemA, 16 Shkurt 2012 Libani p\u00ebrg\u00ebnjeshtron kryeparlamentaren Jozefina Topalli n\u00eb lidhje me deklarat\u00ebn e saj se kishte pasur n\u00eb axhend\u00eb t\u00eb bisedimeve Kosov\u00ebn dhe njohjen e Pavar\u00ebsis\u00eb. Topalli q\u00ebndroi p\u00ebr dy dit\u00eb n\u00eb Bejrut duke takuar homologun e saj dhe komunitetin e biznesit me q\u00ebllimin e vet\u00ebm p\u00ebr t\u00eb k\u00ebrkuar para n\u00eb k\u00ebt\u00eb koh\u00eb krize [&hellip;]\" \/>\n<meta property=\"og:url\" content=\"https:\/\/fjala.info\/2009-2015\/libani-pergenjeshtron-topallin-nuk-na-kerkoi-njohjen-e-kosoves\/\" \/>\n<meta property=\"og:site_name\" content=\"FjALA e LIR\u00cb - Arkivi\" \/>\n<meta property=\"article:published_time\" content=\"2012-02-16T22:34:55+00:00\" \/>\n<meta property=\"og:image\" content=\"http:\/\/www.shkoder.net\/2012\/zhozi_ne_bejrut.jpg\" \/>\n<meta name=\"author\" content=\"admin\" \/>\n<meta name=\"twitter:card\" content=\"summary_large_image\" \/>\n<meta name=\"twitter:label1\" content=\"Written by\" \/>\n\t<meta name=\"twitter:data1\" content=\"admin\" \/>\n\t<meta name=\"twitter:label2\" content=\"Est. reading time\" \/>\n\t<meta name=\"twitter:data2\" content=\"2 minutes\" \/>\n<script type=\"application\/ld+json\" class=\"yoast-schema-graph\">{\"@context\":\"https:\\\/\\\/schema.org\",\"@graph\":[{\"@type\":\"Article\",\"@id\":\"https:\\\/\\\/fjala.info\\\/2009-2015\\\/libani-pergenjeshtron-topallin-nuk-na-kerkoi-njohjen-e-kosoves\\\/#article\",\"isPartOf\":{\"@id\":\"https:\\\/\\\/fjala.info\\\/2009-2015\\\/libani-pergenjeshtron-topallin-nuk-na-kerkoi-njohjen-e-kosoves\\\/\"},\"author\":{\"name\":\"admin\",\"@id\":\"https:\\\/\\\/fjala.info\\\/2009-2015\\\/#\\\/schema\\\/person\\\/3aa1163ef05469c496fc94e77611ada2\"},\"headline\":\"Libani p\u00ebrg\u00ebnjeshtron Topallin: Nuk na k\u00ebrkoi njohjen e Kosov\u00ebs!\",\"datePublished\":\"2012-02-16T22:34:55+00:00\",\"mainEntityOfPage\":{\"@id\":\"https:\\\/\\\/fjala.info\\\/2009-2015\\\/libani-pergenjeshtron-topallin-nuk-na-kerkoi-njohjen-e-kosoves\\\/\"},\"wordCount\":438,\"commentCount\":0,\"publisher\":{\"@id\":\"https:\\\/\\\/fjala.info\\\/2009-2015\\\/#organization\"},\"image\":{\"@id\":\"https:\\\/\\\/fjala.info\\\/2009-2015\\\/libani-pergenjeshtron-topallin-nuk-na-kerkoi-njohjen-e-kosoves\\\/#primaryimage\"},\"thumbnailUrl\":\"http:\\\/\\\/www.shkoder.net\\\/2012\\\/zhozi_ne_bejrut.jpg\",\"articleSection\":[\"Artikuj\",\"Lajme\"],\"inLanguage\":\"sq-AL\",\"potentialAction\":[{\"@type\":\"CommentAction\",\"name\":\"Comment\",\"target\":[\"https:\\\/\\\/fjala.info\\\/2009-2015\\\/libani-pergenjeshtron-topallin-nuk-na-kerkoi-njohjen-e-kosoves\\\/#respond\"]}]},{\"@type\":\"WebPage\",\"@id\":\"https:\\\/\\\/fjala.info\\\/2009-2015\\\/libani-pergenjeshtron-topallin-nuk-na-kerkoi-njohjen-e-kosoves\\\/\",\"url\":\"https:\\\/\\\/fjala.info\\\/2009-2015\\\/libani-pergenjeshtron-topallin-nuk-na-kerkoi-njohjen-e-kosoves\\\/\",\"name\":\"Libani p\u00ebrg\u00ebnjeshtron Topallin: Nuk na k\u00ebrkoi njohjen e Kosov\u00ebs! - FjALA e LIR\u00cb - Arkivi\",\"isPartOf\":{\"@id\":\"https:\\\/\\\/fjala.info\\\/2009-2015\\\/#website\"},\"primaryImageOfPage\":{\"@id\":\"https:\\\/\\\/fjala.info\\\/2009-2015\\\/libani-pergenjeshtron-topallin-nuk-na-kerkoi-njohjen-e-kosoves\\\/#primaryimage\"},\"image\":{\"@id\":\"https:\\\/\\\/fjala.info\\\/2009-2015\\\/libani-pergenjeshtron-topallin-nuk-na-kerkoi-njohjen-e-kosoves\\\/#primaryimage\"},\"thumbnailUrl\":\"http:\\\/\\\/www.shkoder.net\\\/2012\\\/zhozi_ne_bejrut.jpg\",\"datePublished\":\"2012-02-16T22:34:55+00:00\",\"breadcrumb\":{\"@id\":\"https:\\\/\\\/fjala.info\\\/2009-2015\\\/libani-pergenjeshtron-topallin-nuk-na-kerkoi-njohjen-e-kosoves\\\/#breadcrumb\"},\"inLanguage\":\"sq-AL\",\"potentialAction\":[{\"@type\":\"ReadAction\",\"target\":[\"https:\\\/\\\/fjala.info\\\/2009-2015\\\/libani-pergenjeshtron-topallin-nuk-na-kerkoi-njohjen-e-kosoves\\\/\"]}]},{\"@type\":\"ImageObject\",\"inLanguage\":\"sq-AL\",\"@id\":\"https:\\\/\\\/fjala.info\\\/2009-2015\\\/libani-pergenjeshtron-topallin-nuk-na-kerkoi-njohjen-e-kosoves\\\/#primaryimage\",\"url\":\"http:\\\/\\\/www.shkoder.net\\\/2012\\\/zhozi_ne_bejrut.jpg\",\"contentUrl\":\"http:\\\/\\\/www.shkoder.net\\\/2012\\\/zhozi_ne_bejrut.jpg\"},{\"@type\":\"BreadcrumbList\",\"@id\":\"https:\\\/\\\/fjala.info\\\/2009-2015\\\/libani-pergenjeshtron-topallin-nuk-na-kerkoi-njohjen-e-kosoves\\\/#breadcrumb\",\"itemListElement\":[{\"@type\":\"ListItem\",\"position\":1,\"name\":\"Home\",\"item\":\"https:\\\/\\\/fjala.info\\\/2009-2015\\\/\"},{\"@type\":\"ListItem\",\"position\":2,\"name\":\"Libani p\u00ebrg\u00ebnjeshtron Topallin: Nuk na k\u00ebrkoi njohjen e Kosov\u00ebs!\"}]},{\"@type\":\"WebSite\",\"@id\":\"https:\\\/\\\/fjala.info\\\/2009-2015\\\/#website\",\"url\":\"https:\\\/\\\/fjala.info\\\/2009-2015\\\/\",\"name\":\"FjALA e LIR\u00cb - Arkivi\",\"description\":\"Arkivi 2009-2015\",\"publisher\":{\"@id\":\"https:\\\/\\\/fjala.info\\\/2009-2015\\\/#organization\"},\"potentialAction\":[{\"@type\":\"SearchAction\",\"target\":{\"@type\":\"EntryPoint\",\"urlTemplate\":\"https:\\\/\\\/fjala.info\\\/2009-2015\\\/?s={search_term_string}\"},\"query-input\":{\"@type\":\"PropertyValueSpecification\",\"valueRequired\":true,\"valueName\":\"search_term_string\"}}],\"inLanguage\":\"sq-AL\"},{\"@type\":\"Organization\",\"@id\":\"https:\\\/\\\/fjala.info\\\/2009-2015\\\/#organization\",\"name\":\"FjALA e LIR\u00cb - Arkivi\",\"url\":\"https:\\\/\\\/fjala.info\\\/2009-2015\\\/\",\"logo\":{\"@type\":\"ImageObject\",\"inLanguage\":\"sq-AL\",\"@id\":\"https:\\\/\\\/fjala.info\\\/2009-2015\\\/#\\\/schema\\\/logo\\\/image\\\/\",\"url\":\"\",\"contentUrl\":\"\",\"caption\":\"FjALA e LIR\u00cb - Arkivi\"},\"image\":{\"@id\":\"https:\\\/\\\/fjala.info\\\/2009-2015\\\/#\\\/schema\\\/logo\\\/image\\\/\"}},{\"@type\":\"Person\",\"@id\":\"https:\\\/\\\/fjala.info\\\/2009-2015\\\/#\\\/schema\\\/person\\\/3aa1163ef05469c496fc94e77611ada2\",\"name\":\"admin\",\"image\":{\"@type\":\"ImageObject\",\"inLanguage\":\"sq-AL\",\"@id\":\"https:\\\/\\\/fjala.info\\\/2009-2015\\\/wp-content\\\/uploads\\\/2012\\\/02\\\/arben_cokaj-120x150.jpg\",\"url\":\"https:\\\/\\\/fjala.info\\\/2009-2015\\\/wp-content\\\/uploads\\\/2012\\\/02\\\/arben_cokaj-120x150.jpg\",\"contentUrl\":\"https:\\\/\\\/fjala.info\\\/2009-2015\\\/wp-content\\\/uploads\\\/2012\\\/02\\\/arben_cokaj-120x150.jpg\",\"caption\":\"admin\"},\"description\":\"Admin, Fjala e Lir\u00eb\",\"sameAs\":[\"https:\\\/\\\/fjala.info\\\/\"],\"url\":\"https:\\\/\\\/fjala.info\\\/2009-2015\\\/author\\\/admin\\\/\"}]}<\/script>\n<!-- \/ Yoast SEO plugin. -->","yoast_head_json":{"title":"Libani p\u00ebrg\u00ebnjeshtron Topallin: Nuk na k\u00ebrkoi njohjen e Kosov\u00ebs! - FjALA e LIR\u00cb - Arkivi","robots":{"index":"index","follow":"follow","max-snippet":"max-snippet:-1","max-image-preview":"max-image-preview:large","max-video-preview":"max-video-preview:-1"},"canonical":"https:\/\/fjala.info\/2009-2015\/libani-pergenjeshtron-topallin-nuk-na-kerkoi-njohjen-e-kosoves\/","og_locale":"sq_AL","og_type":"article","og_title":"Libani p\u00ebrg\u00ebnjeshtron Topallin: Nuk na k\u00ebrkoi njohjen e Kosov\u00ebs! - FjALA e LIR\u00cb - Arkivi","og_description":"TemA, 16 Shkurt 2012 Libani p\u00ebrg\u00ebnjeshtron kryeparlamentaren Jozefina Topalli n\u00eb lidhje me deklarat\u00ebn e saj se kishte pasur n\u00eb axhend\u00eb t\u00eb bisedimeve Kosov\u00ebn dhe njohjen e Pavar\u00ebsis\u00eb. Topalli q\u00ebndroi p\u00ebr dy dit\u00eb n\u00eb Bejrut duke takuar homologun e saj dhe komunitetin e biznesit me q\u00ebllimin e vet\u00ebm p\u00ebr t\u00eb k\u00ebrkuar para n\u00eb k\u00ebt\u00eb koh\u00eb krize [&hellip;]","og_url":"https:\/\/fjala.info\/2009-2015\/libani-pergenjeshtron-topallin-nuk-na-kerkoi-njohjen-e-kosoves\/","og_site_name":"FjALA e LIR\u00cb - Arkivi","article_published_time":"2012-02-16T22:34:55+00:00","og_image":[{"url":"http:\/\/www.shkoder.net\/2012\/zhozi_ne_bejrut.jpg","type":"","width":"","height":""}],"author":"admin","twitter_card":"summary_large_image","twitter_misc":{"Written by":"admin","Est. reading time":"2 minutes"},"schema":{"@context":"https:\/\/schema.org","@graph":[{"@type":"Article","@id":"https:\/\/fjala.info\/2009-2015\/libani-pergenjeshtron-topallin-nuk-na-kerkoi-njohjen-e-kosoves\/#article","isPartOf":{"@id":"https:\/\/fjala.info\/2009-2015\/libani-pergenjeshtron-topallin-nuk-na-kerkoi-njohjen-e-kosoves\/"},"author":{"name":"admin","@id":"https:\/\/fjala.info\/2009-2015\/#\/schema\/person\/3aa1163ef05469c496fc94e77611ada2"},"headline":"Libani p\u00ebrg\u00ebnjeshtron Topallin: Nuk na k\u00ebrkoi njohjen e Kosov\u00ebs!","datePublished":"2012-02-16T22:34:55+00:00","mainEntityOfPage":{"@id":"https:\/\/fjala.info\/2009-2015\/libani-pergenjeshtron-topallin-nuk-na-kerkoi-njohjen-e-kosoves\/"},"wordCount":438,"commentCount":0,"publisher":{"@id":"https:\/\/fjala.info\/2009-2015\/#organization"},"image":{"@id":"https:\/\/fjala.info\/2009-2015\/libani-pergenjeshtron-topallin-nuk-na-kerkoi-njohjen-e-kosoves\/#primaryimage"},"thumbnailUrl":"http:\/\/www.shkoder.net\/2012\/zhozi_ne_bejrut.jpg","articleSection":["Artikuj","Lajme"],"inLanguage":"sq-AL","potentialAction":[{"@type":"CommentAction","name":"Comment","target":["https:\/\/fjala.info\/2009-2015\/libani-pergenjeshtron-topallin-nuk-na-kerkoi-njohjen-e-kosoves\/#respond"]}]},{"@type":"WebPage","@id":"https:\/\/fjala.info\/2009-2015\/libani-pergenjeshtron-topallin-nuk-na-kerkoi-njohjen-e-kosoves\/","url":"https:\/\/fjala.info\/2009-2015\/libani-pergenjeshtron-topallin-nuk-na-kerkoi-njohjen-e-kosoves\/","name":"Libani p\u00ebrg\u00ebnjeshtron Topallin: Nuk na k\u00ebrkoi njohjen e Kosov\u00ebs! - FjALA e LIR\u00cb - Arkivi","isPartOf":{"@id":"https:\/\/fjala.info\/2009-2015\/#website"},"primaryImageOfPage":{"@id":"https:\/\/fjala.info\/2009-2015\/libani-pergenjeshtron-topallin-nuk-na-kerkoi-njohjen-e-kosoves\/#primaryimage"},"image":{"@id":"https:\/\/fjala.info\/2009-2015\/libani-pergenjeshtron-topallin-nuk-na-kerkoi-njohjen-e-kosoves\/#primaryimage"},"thumbnailUrl":"http:\/\/www.shkoder.net\/2012\/zhozi_ne_bejrut.jpg","datePublished":"2012-02-16T22:34:55+00:00","breadcrumb":{"@id":"https:\/\/fjala.info\/2009-2015\/libani-pergenjeshtron-topallin-nuk-na-kerkoi-njohjen-e-kosoves\/#breadcrumb"},"inLanguage":"sq-AL","potentialAction":[{"@type":"ReadAction","target":["https:\/\/fjala.info\/2009-2015\/libani-pergenjeshtron-topallin-nuk-na-kerkoi-njohjen-e-kosoves\/"]}]},{"@type":"ImageObject","inLanguage":"sq-AL","@id":"https:\/\/fjala.info\/2009-2015\/libani-pergenjeshtron-topallin-nuk-na-kerkoi-njohjen-e-kosoves\/#primaryimage","url":"http:\/\/www.shkoder.net\/2012\/zhozi_ne_bejrut.jpg","contentUrl":"http:\/\/www.shkoder.net\/2012\/zhozi_ne_bejrut.jpg"},{"@type":"BreadcrumbList","@id":"https:\/\/fjala.info\/2009-2015\/libani-pergenjeshtron-topallin-nuk-na-kerkoi-njohjen-e-kosoves\/#breadcrumb","itemListElement":[{"@type":"ListItem","position":1,"name":"Home","item":"https:\/\/fjala.info\/2009-2015\/"},{"@type":"ListItem","position":2,"name":"Libani p\u00ebrg\u00ebnjeshtron Topallin: Nuk na k\u00ebrkoi njohjen e Kosov\u00ebs!"}]},{"@type":"WebSite","@id":"https:\/\/fjala.info\/2009-2015\/#website","url":"https:\/\/fjala.info\/2009-2015\/","name":"FjALA e LIR\u00cb - Arkivi","description":"Arkivi 2009-2015","publisher":{"@id":"https:\/\/fjala.info\/2009-2015\/#organization"},"potentialAction":[{"@type":"SearchAction","target":{"@type":"EntryPoint","urlTemplate":"https:\/\/fjala.info\/2009-2015\/?s={search_term_string}"},"query-input":{"@type":"PropertyValueSpecification","valueRequired":true,"valueName":"search_term_string"}}],"inLanguage":"sq-AL"},{"@type":"Organization","@id":"https:\/\/fjala.info\/2009-2015\/#organization","name":"FjALA e LIR\u00cb - Arkivi","url":"https:\/\/fjala.info\/2009-2015\/","logo":{"@type":"ImageObject","inLanguage":"sq-AL","@id":"https:\/\/fjala.info\/2009-2015\/#\/schema\/logo\/image\/","url":"","contentUrl":"","caption":"FjALA e LIR\u00cb - Arkivi"},"image":{"@id":"https:\/\/fjala.info\/2009-2015\/#\/schema\/logo\/image\/"}},{"@type":"Person","@id":"https:\/\/fjala.info\/2009-2015\/#\/schema\/person\/3aa1163ef05469c496fc94e77611ada2","name":"admin","image":{"@type":"ImageObject","inLanguage":"sq-AL","@id":"https:\/\/fjala.info\/2009-2015\/wp-content\/uploads\/2012\/02\/arben_cokaj-120x150.jpg","url":"https:\/\/fjala.info\/2009-2015\/wp-content\/uploads\/2012\/02\/arben_cokaj-120x150.jpg","contentUrl":"https:\/\/fjala.info\/2009-2015\/wp-content\/uploads\/2012\/02\/arben_cokaj-120x150.jpg","caption":"admin"},"description":"Admin, Fjala e Lir\u00eb","sameAs":["https:\/\/fjala.info\/"],"url":"https:\/\/fjala.info\/2009-2015\/author\/admin\/"}]}},"_links":{"self":[{"href":"https:\/\/fjala.info\/2009-2015\/wp-json\/wp\/v2\/posts\/1849","targetHints":{"allow":["GET"]}}],"collection":[{"href":"https:\/\/fjala.info\/2009-2015\/wp-json\/wp\/v2\/posts"}],"about":[{"href":"https:\/\/fjala.info\/2009-2015\/wp-json\/wp\/v2\/types\/post"}],"author":[{"embeddable":true,"href":"https:\/\/fjala.info\/2009-2015\/wp-json\/wp\/v2\/users\/1"}],"replies":[{"embeddable":true,"href":"https:\/\/fjala.info\/2009-2015\/wp-json\/wp\/v2\/comments?post=1849"}],"version-history":[{"count":0,"href":"https:\/\/fjala.info\/2009-2015\/wp-json\/wp\/v2\/posts\/1849\/revisions"}],"wp:attachment":[{"href":"https:\/\/fjala.info\/2009-2015\/wp-json\/wp\/v2\/media?parent=1849"}],"wp:term":[{"taxonomy":"category","embeddable":true,"href":"https:\/\/fjala.info\/2009-2015\/wp-json\/wp\/v2\/categories?post=1849"},{"taxonomy":"post_tag","embeddable":true,"href":"https:\/\/fjala.info\/2009-2015\/wp-json\/wp\/v2\/tags?post=1849"}],"curies":[{"name":"wp","href":"https:\/\/api.w.org\/{rel}","templated":true}]}}