{"id":1841,"date":"2012-02-16T10:29:05","date_gmt":"2012-02-16T09:29:05","guid":{"rendered":"http:\/\/fjala.shkoder.net\/?p=1841"},"modified":"2012-02-16T10:29:05","modified_gmt":"2012-02-16T09:29:05","slug":"denon-veten-me-vdekje-nga-uria-per-dashuri","status":"publish","type":"post","link":"https:\/\/fjala.info\/2009-2015\/denon-veten-me-vdekje-nga-uria-per-dashuri\/","title":{"rendered":"D\u00ebnon veten me vdekje nga uria p\u00ebr dashuri"},"content":{"rendered":"<p><img decoding=\"async\" class=\"alignleft size-thumbnail wp-image-7236\" title=\"Christina Symanski me t\u00eb dashurin\" src=\"http:\/\/www.shkoder.net\/2012\/christina_symanski_me_te_dashurin.jpg\" alt=\"\" width=\"150\" \/> Nj\u00eb vajz\u00eb amerikane vendosi t\u00eb vdiste duke mos ngr\u00ebn\u00eb p\u00ebr dy muaj me radh\u00eb, n\u00eb m\u00ebnyr\u00eb q\u00eb i dashuri i saj t\u00eb vazhdonte jet\u00ebn e tij, pasi ajo kishte mbetur n\u00eb karrige me rrota.<\/p>\n<p>Historia e dhimbshme i p\u00ebrket nj\u00eb 24-vje\u00e7areje nga Nju Xhersi, e quajtur Christina Symanski.<\/p>\n<p>Pas nj\u00eb lidhje t\u00eb m\u00ebparshme t\u00eb d\u00ebshtuar, ajo u njoh me nj\u00eb djal\u00eb, me t\u00eb cilin kaloi ato q\u00eb n\u00eb letr\u00ebn e lamtumir\u00ebs i konsideronte si \u201c\u00e7astet m\u00eb t\u00eb lumtura t\u00eb jet\u00ebs s\u00eb saj\u201d.<\/p>\n<p>Megjithat\u00eb, gjith\u00e7ka ndryshoi p\u00ebrgjithmon\u00eb n\u00eb 4 korrik 2005, kur gjat\u00eb nj\u00eb mbr\u00ebmje t\u00eb kaluar s\u00eb bashku me t\u00eb dashurin e gjasht\u00eb muajve dhe disa miq, ajo vendosi t\u00eb zhytej n\u00eb pishin\u00ebn e sht\u00ebpis\u00eb s\u00eb shok\u00ebve t\u00eb saj.<\/p>\n<p><img decoding=\"async\" class=\"aligncenter size-thumbnail wp-image-7236\" title=\"Christina Symanski n\u00eb karrigen me rrota\" src=\"http:\/\/www.shkoder.net\/2012\/christina_symanski_karrige.jpg\" alt=\"\" width=\"450\" \/><\/p>\n<p>Pa ditur thell\u00ebsin\u00eb, e reja u hodh me kok\u00eb, por duke qen\u00eb se pishina ishte shum\u00eb e cek\u00ebt, p\u00ebsoi d\u00ebmtime t\u00eb parikuperueshme n\u00eb shtyll\u00ebn kurrizore, t\u00eb cilat e lan\u00eb p\u00ebr t\u00eb gjith\u00eb jet\u00ebn n\u00eb nj\u00eb karrige me rrota.<\/p>\n<p>Sidoqoft\u00eb, i dashuri i saj, Jimmy Morganti, nuk u shk\u00ebput m\u00eb kurr\u00eb dhe n\u00eb gjasht\u00eb vitet e ardhshme, i q\u00ebndroi gjat\u00eb t\u00eb gjith\u00eb koh\u00ebs n\u00eb krah, duke vazhduar t\u00eb ishte thell\u00ebsisht i dashuruar, pavar\u00ebsisht lutjeve t\u00eb saj p\u00ebr ta l\u00ebn\u00eb t\u00eb vetme n\u00eb vuajtjen e saj.<\/p>\n<p>\u201dNuk mund ta p\u00ebrballoj dot m\u00eb k\u00ebt\u00eb situat\u00eb. E di q\u00eb nuk kam m\u00eb asnj\u00eb shpres\u00eb q\u00eb t\u00eb ec dhe vet\u00ebm p\u00ebrkeq\u00ebsohem. Duhet t\u00eb jetoj me ila\u00e7e dhe s\u2019mund t\u00eb b\u00ebj asgj\u00eb pa ndihm\u00ebn e t\u00eb tjer\u00ebve. Ky \u00ebsht\u00eb nj\u00eb ferr, t\u00eb cilin nuk duhet ta ndaj me asnjeri. Jimmy duhet t\u00eb shk\u00ebputet dhe t\u00eb b\u00ebj\u00eb jet\u00ebn e tij, edhe n\u00ebse kjo do t\u00eb k\u00ebrkoj\u00eb q\u00eb un\u00eb t\u2019i jap fund jet\u00ebs sime\u201d.<\/p>\n<p>Kjo ishte nj\u00eb pjes\u00eb nga letra e lamtumir\u00ebs, e vajz\u00ebs q\u00eb u shua n\u00eb mosh\u00ebn 31-vje\u00e7are.<\/p>\n<p>E larguar nga Jimmy me preteksin p\u00ebr t\u00eb q\u00ebndruar pran\u00eb n\u00ebn\u00ebs s\u00eb saj disa koh\u00eb, Christina d\u00ebnoi veten me uri dhe ishte n\u00eb gjendje t\u00eb fshehte trupin e saj t\u00eb drobitur n\u00eb vizitat e p\u00ebrditshme t\u00eb t\u00eb dashurit t\u00eb saj.<\/p>\n<p>Zemra e saj pushoi dy muaj, pasi h\u00ebngri ushqimin e saj t\u00eb preferuar, n\u00eb dhjetor 2011.<\/p>\n","protected":false},"excerpt":{"rendered":"<p>Nj\u00eb vajz\u00eb amerikane vendosi t\u00eb vdiste duke mos ngr\u00ebn\u00eb p\u00ebr dy muaj me radh\u00eb, n\u00eb m\u00ebnyr\u00eb q\u00eb i dashuri i saj t\u00eb vazhdonte jet\u00ebn e tij, pasi ajo kishte mbetur n\u00eb karrige me rrota. Historia e dhimbshme i p\u00ebrket nj\u00eb 24-vje\u00e7areje nga Nju Xhersi, e quajtur Christina Symanski. Pas nj\u00eb lidhje t\u00eb m\u00ebparshme t\u00eb d\u00ebshtuar, [&hellip;]<\/p>\n","protected":false},"author":1,"featured_media":0,"comment_status":"open","ping_status":"closed","sticky":false,"template":"","format":"standard","meta":{"footnotes":""},"categories":[2],"tags":[],"class_list":{"0":"post-1841","1":"post","2":"type-post","3":"status-publish","4":"format-standard","6":"category-artikuj"},"yoast_head":"<!-- This site is optimized with the Yoast SEO plugin v27.4 - https:\/\/yoast.com\/product\/yoast-seo-wordpress\/ -->\n<title>D\u00ebnon veten me vdekje nga uria p\u00ebr dashuri - FjALA e LIR\u00cb - Arkivi<\/title>\n<meta name=\"robots\" content=\"index, follow, max-snippet:-1, max-image-preview:large, max-video-preview:-1\" \/>\n<link rel=\"canonical\" href=\"https:\/\/fjala.info\/2009-2015\/denon-veten-me-vdekje-nga-uria-per-dashuri\/\" \/>\n<meta property=\"og:locale\" content=\"sq_AL\" \/>\n<meta property=\"og:type\" content=\"article\" \/>\n<meta property=\"og:title\" content=\"D\u00ebnon veten me vdekje nga uria p\u00ebr dashuri - FjALA e LIR\u00cb - Arkivi\" \/>\n<meta property=\"og:description\" content=\"Nj\u00eb vajz\u00eb amerikane vendosi t\u00eb vdiste duke mos ngr\u00ebn\u00eb p\u00ebr dy muaj me radh\u00eb, n\u00eb m\u00ebnyr\u00eb q\u00eb i dashuri i saj t\u00eb vazhdonte jet\u00ebn e tij, pasi ajo kishte mbetur n\u00eb karrige me rrota. Historia e dhimbshme i p\u00ebrket nj\u00eb 24-vje\u00e7areje nga Nju Xhersi, e quajtur Christina Symanski. Pas nj\u00eb lidhje t\u00eb m\u00ebparshme t\u00eb d\u00ebshtuar, [&hellip;]\" \/>\n<meta property=\"og:url\" content=\"https:\/\/fjala.info\/2009-2015\/denon-veten-me-vdekje-nga-uria-per-dashuri\/\" \/>\n<meta property=\"og:site_name\" content=\"FjALA e LIR\u00cb - Arkivi\" \/>\n<meta property=\"article:published_time\" content=\"2012-02-16T09:29:05+00:00\" \/>\n<meta property=\"og:image\" content=\"http:\/\/www.shkoder.net\/2012\/christina_symanski_me_te_dashurin.jpg\" \/>\n<meta name=\"author\" content=\"admin\" \/>\n<meta name=\"twitter:card\" content=\"summary_large_image\" \/>\n<meta name=\"twitter:label1\" content=\"Written by\" \/>\n\t<meta name=\"twitter:data1\" content=\"admin\" \/>\n\t<meta name=\"twitter:label2\" content=\"Est. reading time\" \/>\n\t<meta name=\"twitter:data2\" content=\"2 minutes\" \/>\n<script type=\"application\/ld+json\" class=\"yoast-schema-graph\">{\"@context\":\"https:\\\/\\\/schema.org\",\"@graph\":[{\"@type\":\"Article\",\"@id\":\"https:\\\/\\\/fjala.info\\\/2009-2015\\\/denon-veten-me-vdekje-nga-uria-per-dashuri\\\/#article\",\"isPartOf\":{\"@id\":\"https:\\\/\\\/fjala.info\\\/2009-2015\\\/denon-veten-me-vdekje-nga-uria-per-dashuri\\\/\"},\"author\":{\"name\":\"admin\",\"@id\":\"https:\\\/\\\/fjala.info\\\/2009-2015\\\/#\\\/schema\\\/person\\\/3aa1163ef05469c496fc94e77611ada2\"},\"headline\":\"D\u00ebnon veten me vdekje nga uria p\u00ebr dashuri\",\"datePublished\":\"2012-02-16T09:29:05+00:00\",\"mainEntityOfPage\":{\"@id\":\"https:\\\/\\\/fjala.info\\\/2009-2015\\\/denon-veten-me-vdekje-nga-uria-per-dashuri\\\/\"},\"wordCount\":413,\"commentCount\":0,\"publisher\":{\"@id\":\"https:\\\/\\\/fjala.info\\\/2009-2015\\\/#organization\"},\"image\":{\"@id\":\"https:\\\/\\\/fjala.info\\\/2009-2015\\\/denon-veten-me-vdekje-nga-uria-per-dashuri\\\/#primaryimage\"},\"thumbnailUrl\":\"http:\\\/\\\/www.shkoder.net\\\/2012\\\/christina_symanski_me_te_dashurin.jpg\",\"articleSection\":[\"Artikuj\"],\"inLanguage\":\"sq-AL\",\"potentialAction\":[{\"@type\":\"CommentAction\",\"name\":\"Comment\",\"target\":[\"https:\\\/\\\/fjala.info\\\/2009-2015\\\/denon-veten-me-vdekje-nga-uria-per-dashuri\\\/#respond\"]}]},{\"@type\":\"WebPage\",\"@id\":\"https:\\\/\\\/fjala.info\\\/2009-2015\\\/denon-veten-me-vdekje-nga-uria-per-dashuri\\\/\",\"url\":\"https:\\\/\\\/fjala.info\\\/2009-2015\\\/denon-veten-me-vdekje-nga-uria-per-dashuri\\\/\",\"name\":\"D\u00ebnon veten me vdekje nga uria p\u00ebr dashuri - FjALA e LIR\u00cb - Arkivi\",\"isPartOf\":{\"@id\":\"https:\\\/\\\/fjala.info\\\/2009-2015\\\/#website\"},\"primaryImageOfPage\":{\"@id\":\"https:\\\/\\\/fjala.info\\\/2009-2015\\\/denon-veten-me-vdekje-nga-uria-per-dashuri\\\/#primaryimage\"},\"image\":{\"@id\":\"https:\\\/\\\/fjala.info\\\/2009-2015\\\/denon-veten-me-vdekje-nga-uria-per-dashuri\\\/#primaryimage\"},\"thumbnailUrl\":\"http:\\\/\\\/www.shkoder.net\\\/2012\\\/christina_symanski_me_te_dashurin.jpg\",\"datePublished\":\"2012-02-16T09:29:05+00:00\",\"breadcrumb\":{\"@id\":\"https:\\\/\\\/fjala.info\\\/2009-2015\\\/denon-veten-me-vdekje-nga-uria-per-dashuri\\\/#breadcrumb\"},\"inLanguage\":\"sq-AL\",\"potentialAction\":[{\"@type\":\"ReadAction\",\"target\":[\"https:\\\/\\\/fjala.info\\\/2009-2015\\\/denon-veten-me-vdekje-nga-uria-per-dashuri\\\/\"]}]},{\"@type\":\"ImageObject\",\"inLanguage\":\"sq-AL\",\"@id\":\"https:\\\/\\\/fjala.info\\\/2009-2015\\\/denon-veten-me-vdekje-nga-uria-per-dashuri\\\/#primaryimage\",\"url\":\"http:\\\/\\\/www.shkoder.net\\\/2012\\\/christina_symanski_me_te_dashurin.jpg\",\"contentUrl\":\"http:\\\/\\\/www.shkoder.net\\\/2012\\\/christina_symanski_me_te_dashurin.jpg\"},{\"@type\":\"BreadcrumbList\",\"@id\":\"https:\\\/\\\/fjala.info\\\/2009-2015\\\/denon-veten-me-vdekje-nga-uria-per-dashuri\\\/#breadcrumb\",\"itemListElement\":[{\"@type\":\"ListItem\",\"position\":1,\"name\":\"Home\",\"item\":\"https:\\\/\\\/fjala.info\\\/2009-2015\\\/\"},{\"@type\":\"ListItem\",\"position\":2,\"name\":\"D\u00ebnon veten me vdekje nga uria p\u00ebr dashuri\"}]},{\"@type\":\"WebSite\",\"@id\":\"https:\\\/\\\/fjala.info\\\/2009-2015\\\/#website\",\"url\":\"https:\\\/\\\/fjala.info\\\/2009-2015\\\/\",\"name\":\"FjALA e LIR\u00cb - Arkivi\",\"description\":\"Arkivi 2009-2015\",\"publisher\":{\"@id\":\"https:\\\/\\\/fjala.info\\\/2009-2015\\\/#organization\"},\"potentialAction\":[{\"@type\":\"SearchAction\",\"target\":{\"@type\":\"EntryPoint\",\"urlTemplate\":\"https:\\\/\\\/fjala.info\\\/2009-2015\\\/?s={search_term_string}\"},\"query-input\":{\"@type\":\"PropertyValueSpecification\",\"valueRequired\":true,\"valueName\":\"search_term_string\"}}],\"inLanguage\":\"sq-AL\"},{\"@type\":\"Organization\",\"@id\":\"https:\\\/\\\/fjala.info\\\/2009-2015\\\/#organization\",\"name\":\"FjALA e LIR\u00cb - Arkivi\",\"url\":\"https:\\\/\\\/fjala.info\\\/2009-2015\\\/\",\"logo\":{\"@type\":\"ImageObject\",\"inLanguage\":\"sq-AL\",\"@id\":\"https:\\\/\\\/fjala.info\\\/2009-2015\\\/#\\\/schema\\\/logo\\\/image\\\/\",\"url\":\"\",\"contentUrl\":\"\",\"caption\":\"FjALA e LIR\u00cb - Arkivi\"},\"image\":{\"@id\":\"https:\\\/\\\/fjala.info\\\/2009-2015\\\/#\\\/schema\\\/logo\\\/image\\\/\"}},{\"@type\":\"Person\",\"@id\":\"https:\\\/\\\/fjala.info\\\/2009-2015\\\/#\\\/schema\\\/person\\\/3aa1163ef05469c496fc94e77611ada2\",\"name\":\"admin\",\"image\":{\"@type\":\"ImageObject\",\"inLanguage\":\"sq-AL\",\"@id\":\"https:\\\/\\\/fjala.info\\\/2009-2015\\\/wp-content\\\/uploads\\\/2012\\\/02\\\/arben_cokaj-120x150.jpg\",\"url\":\"https:\\\/\\\/fjala.info\\\/2009-2015\\\/wp-content\\\/uploads\\\/2012\\\/02\\\/arben_cokaj-120x150.jpg\",\"contentUrl\":\"https:\\\/\\\/fjala.info\\\/2009-2015\\\/wp-content\\\/uploads\\\/2012\\\/02\\\/arben_cokaj-120x150.jpg\",\"caption\":\"admin\"},\"description\":\"Admin, Fjala e Lir\u00eb\",\"sameAs\":[\"https:\\\/\\\/fjala.info\\\/\"],\"url\":\"https:\\\/\\\/fjala.info\\\/2009-2015\\\/author\\\/admin\\\/\"}]}<\/script>\n<!-- \/ Yoast SEO plugin. -->","yoast_head_json":{"title":"D\u00ebnon veten me vdekje nga uria p\u00ebr dashuri - FjALA e LIR\u00cb - Arkivi","robots":{"index":"index","follow":"follow","max-snippet":"max-snippet:-1","max-image-preview":"max-image-preview:large","max-video-preview":"max-video-preview:-1"},"canonical":"https:\/\/fjala.info\/2009-2015\/denon-veten-me-vdekje-nga-uria-per-dashuri\/","og_locale":"sq_AL","og_type":"article","og_title":"D\u00ebnon veten me vdekje nga uria p\u00ebr dashuri - FjALA e LIR\u00cb - Arkivi","og_description":"Nj\u00eb vajz\u00eb amerikane vendosi t\u00eb vdiste duke mos ngr\u00ebn\u00eb p\u00ebr dy muaj me radh\u00eb, n\u00eb m\u00ebnyr\u00eb q\u00eb i dashuri i saj t\u00eb vazhdonte jet\u00ebn e tij, pasi ajo kishte mbetur n\u00eb karrige me rrota. Historia e dhimbshme i p\u00ebrket nj\u00eb 24-vje\u00e7areje nga Nju Xhersi, e quajtur Christina Symanski. Pas nj\u00eb lidhje t\u00eb m\u00ebparshme t\u00eb d\u00ebshtuar, [&hellip;]","og_url":"https:\/\/fjala.info\/2009-2015\/denon-veten-me-vdekje-nga-uria-per-dashuri\/","og_site_name":"FjALA e LIR\u00cb - Arkivi","article_published_time":"2012-02-16T09:29:05+00:00","og_image":[{"url":"http:\/\/www.shkoder.net\/2012\/christina_symanski_me_te_dashurin.jpg","type":"","width":"","height":""}],"author":"admin","twitter_card":"summary_large_image","twitter_misc":{"Written by":"admin","Est. reading time":"2 minutes"},"schema":{"@context":"https:\/\/schema.org","@graph":[{"@type":"Article","@id":"https:\/\/fjala.info\/2009-2015\/denon-veten-me-vdekje-nga-uria-per-dashuri\/#article","isPartOf":{"@id":"https:\/\/fjala.info\/2009-2015\/denon-veten-me-vdekje-nga-uria-per-dashuri\/"},"author":{"name":"admin","@id":"https:\/\/fjala.info\/2009-2015\/#\/schema\/person\/3aa1163ef05469c496fc94e77611ada2"},"headline":"D\u00ebnon veten me vdekje nga uria p\u00ebr dashuri","datePublished":"2012-02-16T09:29:05+00:00","mainEntityOfPage":{"@id":"https:\/\/fjala.info\/2009-2015\/denon-veten-me-vdekje-nga-uria-per-dashuri\/"},"wordCount":413,"commentCount":0,"publisher":{"@id":"https:\/\/fjala.info\/2009-2015\/#organization"},"image":{"@id":"https:\/\/fjala.info\/2009-2015\/denon-veten-me-vdekje-nga-uria-per-dashuri\/#primaryimage"},"thumbnailUrl":"http:\/\/www.shkoder.net\/2012\/christina_symanski_me_te_dashurin.jpg","articleSection":["Artikuj"],"inLanguage":"sq-AL","potentialAction":[{"@type":"CommentAction","name":"Comment","target":["https:\/\/fjala.info\/2009-2015\/denon-veten-me-vdekje-nga-uria-per-dashuri\/#respond"]}]},{"@type":"WebPage","@id":"https:\/\/fjala.info\/2009-2015\/denon-veten-me-vdekje-nga-uria-per-dashuri\/","url":"https:\/\/fjala.info\/2009-2015\/denon-veten-me-vdekje-nga-uria-per-dashuri\/","name":"D\u00ebnon veten me vdekje nga uria p\u00ebr dashuri - FjALA e LIR\u00cb - Arkivi","isPartOf":{"@id":"https:\/\/fjala.info\/2009-2015\/#website"},"primaryImageOfPage":{"@id":"https:\/\/fjala.info\/2009-2015\/denon-veten-me-vdekje-nga-uria-per-dashuri\/#primaryimage"},"image":{"@id":"https:\/\/fjala.info\/2009-2015\/denon-veten-me-vdekje-nga-uria-per-dashuri\/#primaryimage"},"thumbnailUrl":"http:\/\/www.shkoder.net\/2012\/christina_symanski_me_te_dashurin.jpg","datePublished":"2012-02-16T09:29:05+00:00","breadcrumb":{"@id":"https:\/\/fjala.info\/2009-2015\/denon-veten-me-vdekje-nga-uria-per-dashuri\/#breadcrumb"},"inLanguage":"sq-AL","potentialAction":[{"@type":"ReadAction","target":["https:\/\/fjala.info\/2009-2015\/denon-veten-me-vdekje-nga-uria-per-dashuri\/"]}]},{"@type":"ImageObject","inLanguage":"sq-AL","@id":"https:\/\/fjala.info\/2009-2015\/denon-veten-me-vdekje-nga-uria-per-dashuri\/#primaryimage","url":"http:\/\/www.shkoder.net\/2012\/christina_symanski_me_te_dashurin.jpg","contentUrl":"http:\/\/www.shkoder.net\/2012\/christina_symanski_me_te_dashurin.jpg"},{"@type":"BreadcrumbList","@id":"https:\/\/fjala.info\/2009-2015\/denon-veten-me-vdekje-nga-uria-per-dashuri\/#breadcrumb","itemListElement":[{"@type":"ListItem","position":1,"name":"Home","item":"https:\/\/fjala.info\/2009-2015\/"},{"@type":"ListItem","position":2,"name":"D\u00ebnon veten me vdekje nga uria p\u00ebr dashuri"}]},{"@type":"WebSite","@id":"https:\/\/fjala.info\/2009-2015\/#website","url":"https:\/\/fjala.info\/2009-2015\/","name":"FjALA e LIR\u00cb - Arkivi","description":"Arkivi 2009-2015","publisher":{"@id":"https:\/\/fjala.info\/2009-2015\/#organization"},"potentialAction":[{"@type":"SearchAction","target":{"@type":"EntryPoint","urlTemplate":"https:\/\/fjala.info\/2009-2015\/?s={search_term_string}"},"query-input":{"@type":"PropertyValueSpecification","valueRequired":true,"valueName":"search_term_string"}}],"inLanguage":"sq-AL"},{"@type":"Organization","@id":"https:\/\/fjala.info\/2009-2015\/#organization","name":"FjALA e LIR\u00cb - Arkivi","url":"https:\/\/fjala.info\/2009-2015\/","logo":{"@type":"ImageObject","inLanguage":"sq-AL","@id":"https:\/\/fjala.info\/2009-2015\/#\/schema\/logo\/image\/","url":"","contentUrl":"","caption":"FjALA e LIR\u00cb - Arkivi"},"image":{"@id":"https:\/\/fjala.info\/2009-2015\/#\/schema\/logo\/image\/"}},{"@type":"Person","@id":"https:\/\/fjala.info\/2009-2015\/#\/schema\/person\/3aa1163ef05469c496fc94e77611ada2","name":"admin","image":{"@type":"ImageObject","inLanguage":"sq-AL","@id":"https:\/\/fjala.info\/2009-2015\/wp-content\/uploads\/2012\/02\/arben_cokaj-120x150.jpg","url":"https:\/\/fjala.info\/2009-2015\/wp-content\/uploads\/2012\/02\/arben_cokaj-120x150.jpg","contentUrl":"https:\/\/fjala.info\/2009-2015\/wp-content\/uploads\/2012\/02\/arben_cokaj-120x150.jpg","caption":"admin"},"description":"Admin, Fjala e Lir\u00eb","sameAs":["https:\/\/fjala.info\/"],"url":"https:\/\/fjala.info\/2009-2015\/author\/admin\/"}]}},"_links":{"self":[{"href":"https:\/\/fjala.info\/2009-2015\/wp-json\/wp\/v2\/posts\/1841","targetHints":{"allow":["GET"]}}],"collection":[{"href":"https:\/\/fjala.info\/2009-2015\/wp-json\/wp\/v2\/posts"}],"about":[{"href":"https:\/\/fjala.info\/2009-2015\/wp-json\/wp\/v2\/types\/post"}],"author":[{"embeddable":true,"href":"https:\/\/fjala.info\/2009-2015\/wp-json\/wp\/v2\/users\/1"}],"replies":[{"embeddable":true,"href":"https:\/\/fjala.info\/2009-2015\/wp-json\/wp\/v2\/comments?post=1841"}],"version-history":[{"count":0,"href":"https:\/\/fjala.info\/2009-2015\/wp-json\/wp\/v2\/posts\/1841\/revisions"}],"wp:attachment":[{"href":"https:\/\/fjala.info\/2009-2015\/wp-json\/wp\/v2\/media?parent=1841"}],"wp:term":[{"taxonomy":"category","embeddable":true,"href":"https:\/\/fjala.info\/2009-2015\/wp-json\/wp\/v2\/categories?post=1841"},{"taxonomy":"post_tag","embeddable":true,"href":"https:\/\/fjala.info\/2009-2015\/wp-json\/wp\/v2\/tags?post=1841"}],"curies":[{"name":"wp","href":"https:\/\/api.w.org\/{rel}","templated":true}]}}