{"id":1834,"date":"2012-02-16T09:42:56","date_gmt":"2012-02-16T08:42:56","guid":{"rendered":"http:\/\/fjala.shkoder.net\/?p=1834"},"modified":"2012-02-16T09:42:56","modified_gmt":"2012-02-16T08:42:56","slug":"leter-reagim-kunder-qendrimit-te-rexhep-qosjes-per-ndarjen-e-kosoves","status":"publish","type":"post","link":"https:\/\/fjala.info\/2009-2015\/leter-reagim-kunder-qendrimit-te-rexhep-qosjes-per-ndarjen-e-kosoves\/","title":{"rendered":"Let\u00ebr-reagim kund\u00ebr q\u00ebndrimit t\u00eb Rexhep Qosjes p\u00ebr ndarjen e Kosov\u00ebs!"},"content":{"rendered":"<p><img decoding=\"async\" class=\"alignright size-thumbnail wp-image-7236\" title=\"Asllan Dibrani\" src=\"http:\/\/www.shkoder.net\/images\/fjala\/asllan_dibrani.jpg\" alt=\"\" width=\"150\" \/> Nga <strong>Luan (Asllan) Dibrani<\/strong><br \/>\n<a href=\"mailto:info@asllandibrani.com\">info@asllandibrani.com<\/a><\/p>\n<p><em><strong>Rexhep Qosja, bagazhin e dijes dhe intelektin e vet e shprehu p\u00ebrmes nj\u00eb deklarate lidhur me termin &#8220;ndarje t\u00eb Kosov\u00ebs&#8221;<\/strong><\/em><\/p>\n<p>Koh\u00ebt e fundit po p\u00ebrmendet statusi special p\u00ebr veriun e Mitrovic\u00ebs dhe, se ndarja e Kosov\u00ebs \u00ebsht\u00eb si shprehje e shpesht\u00eb nga qarqe serbe, evropiane por edhe nga ndonj\u00eb qyqar politik shqiptar qe sa jan\u00eb irituese, po aq banale n\u00eb propozimet e tyre!Nj\u00eb gj\u00eb e till\u00eb u theksua edhe nga Ish-koordinatori i Paktit t\u00eb Stabilitetit p\u00ebr Evrop\u00ebn Juglindore, Erhard Busek, n\u00eb takimin e Munihut n\u00eb Gjermani. Idet\u00eb p\u00ebr ndarjen e Kosov\u00ebs dhe p\u00ebr shk\u00ebmbimet e territoreve midis Kosov\u00ebs dhe Serbis\u00eb, ka deklaruar se Prishtina dhe Beogradi duhet t\u00eb nisin diskutimet p\u00ebr ndarjen. Fill pas k\u00ebsaj doli me nj\u00eb deklarate edhe i &#8220;madhi akademik Rexhep Qosja &#8220;!?&#8230;<\/p>\n<p>Po, Rexhep Qosja, bagazhin e dijes dhe intelektin e vet e shprehu p\u00ebrmes nj\u00eb deklarate lidhur me termin &#8220;ndarje t\u00eb Kosov\u00ebs&#8221; prononcohet me sa vijon nga pyetje se \u00e7ka mendon rreth disa ideve p\u00ebr ndarje e Kosov\u00ebs apo shk\u00ebmbimin e territoreve, profesor Rexhep Qosja \u00ebsht\u00eb p\u00ebrgjigjur se (Un\u00eb mendoj se p\u00ebr t\u2019u zgjidhur p\u00ebrfundimisht \u00e7\u00ebshtja e Kosov\u00ebs, duhet t\u00eb zgjidhet edhe nj\u00eb breng\u00eb e brendshme n\u00eb Kosov\u00eb, p\u00ebr t\u2019u \u00e7liruar nga serb\u00ebt e Veriut dhe kush \u00ebsht\u00eb interesuar nga k\u00ebta serb\u00eb nga brendia e Kosov\u00ebs, mund t\u00eb kalojn\u00eb atje n\u00eb Veri dhe ajo pjes\u00eb t\u2019i jepet Serbis\u00eb, nd\u00ebrsa Lugina e Preshev\u00ebs t\u2019i bashkohet Kosov\u00ebs. Do t\u00eb thot\u00eb t\u00eb b\u00ebhet shk\u00ebmbi i territoreve, p\u00ebr t\u00eb cilin opsion un\u00eb jam dakord), k\u00ebshtu ka deklaruar akademik Rexhep Qosja, p\u00ebr agjencin\u00eb &#8220;Presheva Jon\u00eb&#8221;.<\/p>\n<p>Po fillojm\u00eb me nj\u00eb fjal\u00eb te urt\u00eb nga i Sami Frash\u00ebri kur thot\u00eb; &#8220;Njeriu merret me dituri dhe me shkenc\u00eb gjat\u00eb gjith\u00eb jet\u00ebs s\u00eb tij. N\u00eb f\u00ebmij\u00ebri i m\u00ebson ato, n\u00eb rini i v\u00eb n\u00eb zbatim e n\u00eb pleq\u00ebri m\u00ebson t\u00eb tjer\u00ebt, por te zoti Rexhep Qosja kjo e fundit sikur nuk p\u00ebrputhet me realitetin dhe q\u00ebndrimet e tij p\u00ebr \u00e7\u00ebshtjen komb\u00ebtare, jo qe po m\u00ebson po, po denigron, \u00e7&#8217;orjenton, abuzon dhe po dezinformon !!!<\/p>\n<p><strong>Rexhep Qosja n\u00eb prononcim shk\u00ebmbim territoresh shqiptaro -shqiptare me Serbin\u00eb!<\/strong><\/p>\n<p>Gjithher\u00eb, ndar\u00ebsit, p\u00ebr t\u00eb mos th\u00ebn\u00eb p\u00ebr\u00e7ar\u00ebsit e popullit, gjegj\u00ebsisht t\u00eb kombit ton\u00eb, mjerisht n\u00eb forma dhe nga motive t\u00eb ndryshme, akoma vazhdojn\u00eb t\u00eb jen\u00eb prezent\u00eb, p\u00ebr fat t\u00eb keq edhe aktiv, m\u00eb, apo pa vet\u00ebdije, le t\u00eb mbet\u00ebt ta vler\u00ebsojn\u00eb publiku se me prononcime, deklarata dhe opinione t\u00eb tilla po e d\u00ebmtojn\u00eb kauz\u00ebn e b\u00ebrtham\u00ebs autoktone shqiptare, qe p\u00ebr fat te keq k\u00ebsaj po i frymojn\u00eb disa njer\u00ebz me reputacion letrar, por n\u00eb konceptin politik zero si\u00e7 \u00ebsht\u00eb zoti Rexhep Qosja!?&#8230;<\/p>\n<p><img decoding=\"async\" class=\"alignleft size-thumbnail wp-image-7236\" title=\"Rexhep Qosja\" src=\"http:\/\/www.shkoder.net\/2012\/rexhep_qosja.jpg\" alt=\"\" width=\"300\" \/>Prononcimi i Rexhep Qosjes, Lugina e Preshev\u00ebs me Kosov\u00ebn, Veriu me Serbin\u00eb, absurditet, denigrim, naivitet dhe abuzim drejt shkall\u00ebzimit t\u00eb vet\u00ebfundosjes si personalitet me vler\u00eb ne fush\u00ebn e let\u00ebrsis\u00eb !<\/p>\n<p>Me nj\u00eb parull\u00eb t\u00eb Qosjes, &#8220;Lugina e Presheves me Kosov\u00ebn&#8221; nd\u00ebrsa &#8220;veriu i Mitrovic\u00ebs me Serbin\u00eb&#8221;, jo qe \u00ebsht\u00eb i bindsh\u00ebm p\u00ebr shqiptar\u00ebt, por ai opsion nuk e bind as faktorin nd\u00ebrkomb\u00ebtar, madje, madje edhe vet politikajt e Serbis\u00eb, po qe jan\u00eb largpam\u00ebs, sikur qe u shpreh para disa dit\u00ebsh edhe presidenti serb Tadiqi, (&#8220;Ndarja nuk \u00ebsht\u00eb qasje e mir\u00eb, dhe n\u00eb nj\u00eb far\u00eb m\u00ebnyre madje \u00ebsht\u00eb edhe e rrezikshme, sepse do t\u00eb kishte pasoja t\u00eb k\u00ebqija edhe n\u00eb shtetet tjera t\u00eb rajonit\u201d, por politika serbe e provon qe n\u00eb &#8220;hang\u00ebsh e bajsh me sh\u00ebndet&#8221; Referendumi qe po mbahet n\u00eb veri t\u00eb Kosov\u00ebs nga minoriteti serb, \u00ebsht\u00eb garantuesi i d\u00ebshtimit p\u00ebrfundimtar t\u00eb bisedimeve Kosov\u00eb-Serbi. Qeveria e Kosov\u00ebs n\u00eb nj\u00eb mbledhje t\u00eb jasht\u00ebzakonshme duhet t\u00eb mblidhet dhe t\u00eb shpall\u00eb d\u00ebshtimin e bisedimeve p\u00ebr shkak se n\u00eb veri t\u00eb Kosov\u00ebs \u00ebsht\u00eb shkel sovraniteti dhe integriteti i vendit dhe \u00ebsht\u00eb b\u00ebr\u00eb agresioni i Serbis\u00eb, p\u00ebrmes strukturave t\u00eb saja t\u00eb instaluara n\u00eb Veri t\u00eb Kosov\u00ebs ).<\/p>\n<p>&#8211; Prononcimi i Rexhep Qosjes, Lugina e Preshev\u00ebs me Kosov\u00ebn, Veriu me Serbin\u00eb, absurditet, denigrim, naivitet dhe abuzim drejt shkall\u00ebzimit t\u00eb vetfundosjes si personalitet me vlere ne fush\u00ebn e let\u00ebrsis\u00eb !<\/p>\n<p>Nj\u00eb fjal\u00eb e urte popullore thot\u00eb: &#8220;Mos e nis nj\u00eb pun\u00eb, n\u00eb t\u00eb cil\u00ebn ti sheh p\u00ebr veten t\u00ebnde 9 dobi dhe nj\u00eb d\u00ebm p\u00ebr publikun, sepse do t\u2019i humbas\u00ebsh t\u00eb 9 dobit\u00eb, nd\u00ebrsa konsekuenc\u00ebn e d\u00ebmit t\u00eb<br \/>\np\u00ebrgjithsh\u00ebm do ta heq\u00ebsh p\u00ebr se gjalli dhe pas vdekjes sate&#8221; andaj kujdes zoti Qosja p\u00ebr imponimin tuaj te nj\u00eb p\u00ebrfitimi skeptik ndaj teje. deklarata e juaj na ka indinjuar n\u00eb ne mase te madhe nga q\u00ebndrimi aq naiv, aq t\u00eb ult\u00eb dhe aq t\u00eb pa vlere qe u gjete si akademik. Profesor, Qosja, do ishte mire t\u00eb merret me pleq\u00ebrin\u00eb e vet. Le te merret me gjurmime dhe studime n\u00eb krijimtarin\u00eb letrare t\u00eb gjuh\u00ebs shqipe, t\u00eb pasuroi, thesarin e Institutit Albanologjik, k\u00ebto jan\u00eb vlerat e tij ma te mira sesa me dh\u00ebn\u00eb konstruksione shk\u00ebmbimesh t\u00eb vendeve me territore shqiptaro-shqiptare, tu dhuroj armiqve shekullor tok\u00eb shqiptare !!!!???&#8230;<\/p>\n<p>Zoti profesor Qosja, p\u00ebr fat te keq, ju keni anatemuar, historin\u00eb e Shqip\u00ebris\u00eb etnike dhe d\u00ebmeve t\u00eb b\u00ebra nga qarqet serbe dhe evropiane,se k\u00ebt\u00eb ide destruktive, tep\u00ebr antishqiptare dhe proserbe, japin impulse, e cila e rrite Serbin\u00eb me territor dhe nuk ia zvog\u00eblon pretendimet ndaj territoreve shqiptare, \u00ebsht\u00eb p\u00ebr tu gjykuar nga faktori shqiptar po edhe ma gj\u00ebr\u00eb.<\/p>\n<p>Rexhep Qosja nuk p\u00ebrpiqet ta p\u00ebrmir\u00ebsoje gjendjen e shqiptareve t\u00eb Malit te Zi atje dhe t&#8217;i bashkoj me shtetin am\u00eb Shqip\u00ebrin\u00eb apo edhe me Kosov\u00ebn!<\/p>\n<p>Profesor Qosja ke nj\u00eb prejardhjeje nga territoret shqiptare t\u00eb Malit t\u00eb zi, nga Plav\u00eb e Guci, qe si pasoje e nj\u00eb nd\u00ebshkimi sllav, ke nd\u00ebrruar vendbanimin ,pse nuk shkon ti ndihmoj dhe jap m\u00ebsime instruksionesh Plav\u00ebs e Gucis\u00eb qe bab\u00eb- babadem \u00ebsht\u00eb shqiptare, qytetit t\u00eb bukur turistik Ulqinit ,Tivarit dhe territoreve tjera n\u00ebn administrimin sllav t\u00eb Malit te Zi.<\/p>\n<p>Lind pyetja se \u00e7ka b\u00ebri Rexhep Qosja, p\u00ebr gjendjen aktuale t\u00eb shqiptar\u00ebve n\u00eb Mal t\u00eb Zi, p\u00ebr nj\u00eb status politik p\u00ebr t\u00eb part\u00eb e tij ? Po thuajse u boshatis ai vend ne t\u00ebr\u00ebsi si pasoj\u00eb e politikes sllave. P\u00ebrse i &#8220;madhi&#8221; Rexhep Qosja nuk p\u00ebrpiqet ta p\u00ebrmir\u00ebsoje gjendjen e shqiptareve t\u00eb Malit te Zi atje dhe t&#8217;i bashkoj me shtetin am\u00eb Shqip\u00ebrin\u00eb apo edhe me Kosov\u00ebn, po derdh lot krokodili p\u00ebr gjendjen e kat\u00ebr fshatrave serbe n\u00eb veriun e Mitrovic\u00ebs, si ardhacak n\u00eb tokat tona?<\/p>\n<p>Edhe ato territore, Presheva, Bujanovci, Medvegja 90% jan\u00eb shqiptare. Vraja, Leskovci dhe Periferia e Nishit jan\u00eb &#8220;Toka&#8221; nga k\u00ebto pjes\u00eb ku u ndoq\u00ebn me dhun\u00eb, terror dhe djegie shqiptar\u00ebt autokton!!!.<\/p>\n<p>Kjo deklarat\u00eb qe ma se shumti n\u00ebnshtron &#8220;Kombin Shqiptar&#8221; \u00ebsht\u00eb, kur d\u00ebgjohet nj\u00eb shprehje e till\u00eb nga goja e nj\u00eb akademiku me nj\u00eb memorie t\u00eb skaduar, me nj\u00eb pseodopolitik\u00eb t\u00eb gabuar, ku harron pjes\u00ebt tjera t\u00eb Sanxhakut. T&#8217;i kujtojm\u00eb zotit Qosja se nuk \u00ebsht\u00eb moti, sllav\u00ebt b\u00ebn\u00eb pazarll\u00ebqet e vata dhe i ndan\u00eb n\u00eb mes vete k\u00ebto territore, duke i shporuar me dhune e zjarre shqiptaret, ku si pasoje e asaj kohe edhe Zoti Rexhep Qosja u shp\u00ebrngul nga vendi ku ke lindur.<\/p>\n<p>Mendimi i juaj p\u00ebr shk\u00ebmbim territoresh dhe nd\u00ebrrim kufijsh p\u00ebr brenda Kosov\u00ebs do t\u00eb thot\u00eb akoma humbje territoresh shqiptare. Edhe ato territore, Presheva,Bujanovci, Medvegja 90% jan\u00eb shqiptare. Vraja,Leskovci dhe Periferia e Nishit jan\u00eb &#8220;Toka&#8221; nga k\u00ebto pjes\u00eb ku u ndoq\u00ebn me dhun\u00eb, terror dhe djegie shqiptar\u00ebt autokton!!!. Ata shqiptar\u00eb qe kan\u00eb mbet jan\u00eb asimilua n\u00eb serb edhe pse sot nuk po mundemi t&#8217;i fusim n\u00ebn administrat\u00ebn shtet\u00ebrore t\u00eb Republik\u00ebs se Kosov\u00ebs, s\u00eb paku mos t\u00eb humbim territore tjera. Nuk i dihet koh\u00ebs dhe t\u00eb nes\u00ebrmes?.<\/p>\n<p>Ti, zoti akademik n\u00ebse nuk je i ngopur me t\u00eb kaluar\u00ebn tuaj ne sensin politik nga disfatat, ti rikujtoj dhe nd\u00ebrgjegj\u00ebsohu qe t\u00eb mbetesh se paku nj\u00eb njeri me vlere n\u00eb let\u00ebrsi dhe asgj\u00eb ma tep\u00ebr! Me rastin e k\u00ebtyre provokimeve, po me befason fakti ,se si &#8220;Intelektual\u00ebt shqiptar, akademit\u00eb dhe njer\u00ebzit adekuat nuk reaguan ,por kane heshtur dhe po heshtin ndaj nj\u00eb deklarate destruktive t\u00eb d\u00ebmshme dhe shume naive ?!!!. P\u00ebrse mos t\u00eb reagohet nga zyrtar\u00ebt tan\u00eb p\u00ebr (Z\u00ebrat ) t\u00eb ngjash\u00ebm, qe si zgjedhje adekuate shkundin plag\u00eb te reja p\u00ebr gjakderdhje dhe lufta t\u00eb reja, gjejn\u00eb ndarjen e Kosov\u00ebs si ky tipi, edhe nga t\u00eb tjer\u00eb duke u prononcuar, pos ndarjes, edhe shk\u00ebmbimin e territoreve, (Lugina e Preshev\u00ebs t\u2019i bashkohet Kosov\u00ebs dhe veriu i Kosov\u00ebs Serbis\u00eb)!.<\/p>\n<p>Nga njeriu i nd\u00ebrgjegjsh\u00ebm, i vet\u00ebdijsh\u00ebm, largpam\u00ebs, me vizione t\u00eb spektrit politik, duhet ta gjykojn\u00eb dhe mos t\u00eb pranohet nj\u00eb marketing politik i till\u00eb, kur dihet se ato territore jan\u00eb shqiptaro-kosovare, aq sa jan\u00eb territore tonat Lugina e Preshev\u00ebs po aq \u00ebsht\u00eb edhe pjesa veriore e Kosov\u00ebs qe pretendohet ti p\u00ebrfitoj\u00eb Serbia p\u00ebrmes diplomacis\u00eb se vet, por edhe nga individ shqiptar si\u00e7 \u00ebsht\u00eb Rexhep Qosja. Zot\u00ebri i nderuar Akademik Qosja, gjeneza e shqiptareve n\u00eb &#8220;Kosov\u00ebn Lindore&#8221; \u00ebsht\u00eb autokton n\u00eb trojet e tyre etnike.<\/p>\n<p>Besoj qe ket\u00eb e din edhe ti shum\u00eb mir\u00eb, nd\u00ebrsa serb\u00ebt n\u00eb veri t\u00eb Kosoves, jan\u00eb ardhacak nga Karpatet, t\u00eb cil\u00ebt pastaj nga Serbia me dhun\u00eb jan\u00eb vendosur n\u00eb tokat dhe trojet shqiptare, qe po pretendojn\u00eb akoma ta zvog\u00eblojn tok\u00ebn ton\u00eb, sipas projekteve t\u00eb akademive serbe qe p\u00ebr \u00e7\u00ebshtjen komb\u00ebtare jan\u00eb ma patriot se ne shqiptar\u00ebt qe p\u00ebr toka t\u00eb huaja b\u00ebjn\u00eb projekte dhe memorandume antishqiptare shum\u00eb shpesh, nd\u00ebrsa ju n\u00eb Akademin\u00eb e Kosov\u00ebs as qe brengoseni, as qe flisni ne mes vete ,as qe bashk\u00ebpunoni me Akademin\u00eb e Shqip\u00ebris\u00eb me qellim qe t\u00eb jeni z\u00ebdh\u00ebn\u00ebse t\u00eb planeve dhe koncepteve mbar\u00ebkomb\u00ebtare.<\/p>\n<p>T&#8217;i kujtojm\u00eb disfatat e karrier\u00ebs politike dhe d\u00ebshtimet n\u00eb te gjitha betejat e humbura si politikan, duke kaluar si p\u00ebr\u00e7ar\u00ebs i shoq\u00ebris\u00eb shqiptare n\u00eb Kosov\u00eb dhe ma gjer\u00eb!<\/p>\n<p>T&#8217;i kujtojm\u00eb disfatat e karrier\u00ebs politike dhe d\u00ebshtimet n\u00eb te gjitha betejat e humbura si politikan, kur u b\u00eb nj\u00eb l\u00ebvizje e veprimeve p\u00ebr ndryshimin e statusit t\u00eb Kosov\u00ebs, n\u00eb status republike, p\u00ebrshpejtove me formuar edhe ti nj\u00eb parti politike &#8220;Partin\u00eb demokracia e bashkuar&#8221; me \u00e7ka n\u00eb zgjedhjet e asaj kohe humbe, pos qe ja zbehe autoritetin vetit u deklasove politikisht n\u00eb rival te partive tjera! Pastaj vajte me veprimtarin\u00eb e juaj, karshi proceseve politike si &#8220;intelektual i pa varur&#8221; nga i cili destrutivitetin tuaj e tregove ne em\u00ebr t\u00eb q\u00ebndrimeve tua t\u00eb nj\u00ebanshme duke ra pre e interesave personale a thua p\u00ebrse, ti e din ma se miri?<\/p>\n<p>Nd\u00ebrrimi i sistemit komunist n\u00eb Shqip\u00ebri dhe l\u00ebvizjet p\u00ebr nj\u00eb demokraci qe u digjte Shqiperia n\u00eb flak\u00eb, ti u gjete n\u00eb rolin e ndez\u00ebsit t\u00eb zjarrit, propagandistik n\u00eb nj\u00eb krah politik me \u00e7ka dole me opinionin tuaj me &#8220;Demokracia e Vonuar n\u00eb Shqip\u00ebri&#8221;. N\u00eb vitin e kaluar kur ishin zgjedhjet p\u00ebr kryetar bashkie n\u00eb Tiran\u00eb dhe ishte mjaft gjendje alarmante dhe e elektrizuar n\u00eb shkall\u00eb vendi, ti prap\u00eb, dole ne krahun e partis\u00eb socialiste, pro Edi Rames kund\u00ebr kandidatit demokrat Lulzim Bashes, me \u00e7ka mjaft solle p\u00ebr\u00e7arje dhe shokiz\u00ebm me deklarat\u00ebn tuaj, qe gati e solle vendin n\u00eb luft\u00eb civile kur dihet se ju keni mundur te luani nj\u00eb rol pozitiv me i ul gjakrat se aty ishte populli po thuajse i p\u00ebrgjysmuar ne vendvotime!!!<\/p>\n<p>Gara e juaj politike me partin\u00eb tuaj n\u00eb zgjedhjet e lira n\u00eb Kosov\u00eb, si rezultat ishte me o vota, andaj u shpreht\u00eb se &#8220;ky popull nuk don\u00eb pavar\u00ebsi&#8221;. Kur dol\u00ebn me larguar foton e Enver Hoxh\u00ebs n\u00eb Tirane ti dole n\u00eb krahun e socialisteve gj\u00eb qe nuk p\u00ebrkon me njer\u00ebzit e artit kultur\u00ebs dhe shkenc\u00ebs ?&#8230;Nuk e di zot\u00ebri Qosja pse, pos p\u00ebr\u00e7arjeve n\u00eb Kosov\u00eb, ju keni arritur edhe n\u00eb Shqip\u00ebri t\u00eb prononcoheni, ndaj nj\u00eb krahu politik, e nuk e dini se fjala e juaj qon ne uj\u00eb ne mullirin shkap\u00ebrderdhjes e jo bashkimit. Kur del dikush p\u00ebr projekt &#8220;Bashkim me Shqip\u00ebrin\u00eb&#8221; prap\u00eb dilni me lloj, lloj shpifjesh duke i injoruar planet e kund\u00ebrshtar\u00ebve , me \u00e7ka, ma n\u00eb fund, ju po mbeteni ma i injoruar se ata, kur nuk ja q\u00eblloni prognoz\u00ebs politike.<\/p>\n<p>Ismail Kadare para disa ditsh doli me nj\u00eb deklarat\u00eb, se integriteti dhe sovraniteti i vendit duhet t\u00eb ruhet, ju pas pak dol\u00ebt me projekt t\u00eb ri me &#8220;coptuar &#8220;Kosov\u00ebn. Vitin e kaluar ekstremiteti islamik morri hov me b\u00ebr\u00eb \u00e7do gj\u00eb fetare n\u00eb Kosov\u00eb saq\u00eb u b\u00ebn\u00eb objekt diskutimi, se \u00e7ka jan\u00eb ky popull edhe n\u00eb aren\u00ebn nd\u00ebrkomb\u00ebtare ,ju prap\u00eb, zoti Rexhep Qosja keni dal me prononcime dhe shkrime propagandistike dhe p\u00ebr\u00e7ar\u00ebse pro fes\u00eb islame gj\u00eb qe harrove edhe dy fe tjera qe ekzistojn\u00eb n\u00eb Kosov\u00eb, nga e cila keni ndezur akoma revolt\u00ebn e pa arsyeshme te ekstremitetit islamik vehabiste. Nga ato nxitje sot t\u00eb rinjt\u00eb tan\u00eb n\u00eb shum\u00eb vende per\u00ebndimore po gjinden n\u00eb krahun vehabist me \u00e7ka po bien ndesh me shtetet ku jetojn\u00eb dhe po nxisin nj\u00eb urrejtje ndaj kombit shqiptar n\u00eb t\u00ebr\u00ebsi.<\/p>\n<p>Veprimet destruktive t\u00eb tyre po e humbin edhe imazhin dhe vler\u00ebn e kombit shqiptar, po e cenojn\u00eb edhe vete Qendr\u00ebn Islame t\u00eb Kosov\u00ebs qe asnj\u00ebher\u00eb nuk kishin mosmarr\u00ebveshje fetare deri ne k\u00ebt\u00eb shkalle qe reflektohet sot n\u00eb shoq\u00ebrin\u00eb shqiptare. Nga kjo rrjedh se njeriu nuk mundet me u pajtuar assesi me konfuzoitetin tuaj t\u00eb pa qart\u00eb ,qe me vet\u00ebdije a pa vet\u00ebdije je duke kaluar ne nj\u00eb njeri p\u00ebr\u00e7ar\u00ebs i shoq\u00ebris\u00eb shqiptare n\u00eb Kosov\u00eb dhe ma gjer\u00eb?<\/p>\n<p>I vetmi koncept p\u00ebrfundimtar \u00ebsht\u00eb p\u00ebrmir\u00ebsimi i gabuar i historis\u00eb, pro ribashkimit n\u00eb nj\u00eb shtete t\u00eb bashkuar n\u00eb Shqip\u00ebrin\u00eb ajo qe ishte, ajo qe ka qen\u00eb dhe ajo qe nes\u00ebr do t\u00eb jet\u00eb!<\/p>\n<p>T&#8217;i kthehemi edhe nj\u00ebher\u00eb tem\u00ebs: M\u00eb duhet t\u2019ua p\u00ebrkujtoj zot\u00ebri akademik dhe politikan Qosja, se populli shqiptar nuk ka toka me fal, por ne duhet ta ndjekim nj\u00eb politik\u00eb qe ti kthejm\u00eb ato, qe na u kan\u00eb marr\u00eb me dhun\u00eb, qe padrejt\u00ebsisht ju aneksuan dhe ju dhan\u00eb vendeve ballkanike. Lugina e Preshev\u00ebs ju dha Serbis\u00eb, gjysma e Maqedonis\u00eb \u00ebsht\u00eb shqiptare, pjes\u00ebt e banuara me shqiptar n\u00eb krahin\u00ebn e \u00c7am\u00ebris\u00eb ju dhan\u00eb Greqis\u00eb, si\u00e7 cekem ma lart, gjysma e territorit n\u00eb Mal t\u00eb Zi \u00ebsht\u00eb shqiptare, prandaj zoti Qosja ne duhet te p\u00ebrpiqemi qe ti p\u00ebrmir\u00ebsojm\u00eb gabim tona historike n\u00eb d\u00ebmin e kombit shqiptar, drejt konceptit t\u00eb bashkimit e jo ndarjes, drejt forcimit e jo dob\u00ebsimit, drejt rim\u00ebk\u00ebmbjes e jo rr\u00ebnimit, drejt integritetit t\u00eb vendit e jo cop\u00ebtimit t\u00eb m\u00ebtutjesh\u00ebm, drejt liris\u00eb e jo rob\u00ebris\u00eb, drejt stabilitetit e jo destrutivitetit, dmth i vetmi koncept p\u00ebrfundimtar \u00ebsht\u00eb p\u00ebrmir\u00ebsimi i gabuar i historis\u00eb, pro ribashkimit n\u00eb nj\u00eb shtete t\u00eb bashkuar n\u00eb Shqip\u00ebrin\u00eb ajo qe ishte, ajo qe ka qen\u00eb dhe ajo qe nes\u00ebr do t\u00eb jet\u00eb. Nj\u00eb Shqip\u00ebri natyrale as e madhe as e vog\u00ebl ajo q\u00eb ishte me nj\u00eb gjuh\u00eb , kultur\u00eb dhe gjak , me kufijt\u00eb e vet pa kufi n\u00eb zemr\u00ebn shqiptare!!!???.. .<\/p>\n<p>Ky do t\u00eb jet\u00eb nj\u00eb &#8220;kompromis qe duhet politika kosovaro-shqiptare ta ndjek pran faktorit nd\u00ebrkomb\u00ebtar&#8221;, atij serb dhe pran faktor\u00ebve n\u00eb Ballkan, ku edhe ti edhe un\u00eb edhe te gjith\u00eb shqiptar\u00ebt duhet me qene n\u00eb sh\u00ebrbimin k\u00ebtij programi.<\/p>\n<p>Asnj\u00ebher\u00eb n\u00eb histori, shqiptar\u00ebt nuk kan\u00eb vendosur p\u00ebr kufijt\u00eb e Shqip\u00ebris\u00eb, pos kur kan\u00eb b\u00ebr\u00eb kinse &#8220;kompromise t\u00eb dhimbshme n\u00eb d\u00ebmin e Shqip\u00ebris\u00eb&#8221; nga &#8220;kuisling\u00eb dhe bashibozuk&#8221; qe e tradhtuan Shqip\u00ebrin\u00eb!<\/p>\n<p>Pra edhe ti zoti Qosja duhet te pajtohesh se teza p\u00ebr ndarjen e Kosov\u00ebs do te jete nj\u00eb skandal politik n\u00eb rajon dhe nxitje kah destabiliteti i Ballkanit me \u00e7ka do ti harroni presionet, imponimet apo lakmit\u00eb qe te jeni nj\u00eb politikan i moderuar pro politikes agresive serbe qe keni shprehur ne k\u00ebto koh\u00eb t\u00eb nxehta poetike n\u00eb rajon! Asnj\u00ebher\u00eb n\u00eb histori, shqiptar\u00ebt nuk kan\u00eb vendosur p\u00ebr kufijt\u00eb e Shqip\u00ebris\u00eb, pos kur kan\u00eb b\u00ebr\u00eb kinse &#8220;kompromise t\u00eb dhimbshme n\u00eb d\u00ebmin e Shqip\u00ebris\u00eb&#8221; nga &#8220;kuisling\u00eb dhe bashibozuk&#8221;, largoju k\u00ebtij epiteti i nderuari Rexhep Qosja sa nuk \u00ebsht\u00eb von\u00eb se ky popull e ka paguar shume shtrenjt\u00eb lirin\u00eb dhe tok\u00ebn e vet p\u00ebr ndryshe mos harro se ne nuk kishim pas nevoj\u00eb as me hy ne burgje, as me demonstruar p\u00ebr te drejtat tona qe 100 vjet, as me hy n\u00eb front t\u00eb luft\u00ebs e lavdishmja dhe e shtrenjta Ushtria \u00c7lirimtare e Kosov\u00ebs p\u00ebr ta mbrojtur sovranitetin e Kosov\u00ebs.<\/p>\n<p>Shkruan <strong>Asllan Dibrani<\/strong>, <em>Shkurt 2012<\/em><\/p>\n","protected":false},"excerpt":{"rendered":"<p>Nga Luan (Asllan) Dibrani info@asllandibrani.com Rexhep Qosja, bagazhin e dijes dhe intelektin e vet e shprehu p\u00ebrmes nj\u00eb deklarate lidhur me termin &#8220;ndarje t\u00eb Kosov\u00ebs&#8221; Koh\u00ebt e fundit po p\u00ebrmendet statusi special p\u00ebr veriun e Mitrovic\u00ebs dhe, se ndarja e Kosov\u00ebs \u00ebsht\u00eb si shprehje e shpesht\u00eb nga qarqe serbe, evropiane por edhe nga ndonj\u00eb qyqar [&hellip;]<\/p>\n","protected":false},"author":1,"featured_media":0,"comment_status":"open","ping_status":"closed","sticky":false,"template":"","format":"standard","meta":{"footnotes":""},"categories":[2],"tags":[],"class_list":{"0":"post-1834","1":"post","2":"type-post","3":"status-publish","4":"format-standard","6":"category-artikuj"},"yoast_head":"<!-- This site is optimized with the Yoast SEO plugin v27.4 - https:\/\/yoast.com\/product\/yoast-seo-wordpress\/ -->\n<title>Let\u00ebr-reagim kund\u00ebr q\u00ebndrimit t\u00eb Rexhep Qosjes p\u00ebr ndarjen e Kosov\u00ebs! - FjALA e LIR\u00cb - Arkivi<\/title>\n<meta name=\"robots\" content=\"index, follow, max-snippet:-1, max-image-preview:large, max-video-preview:-1\" \/>\n<link rel=\"canonical\" href=\"https:\/\/fjala.info\/2009-2015\/leter-reagim-kunder-qendrimit-te-rexhep-qosjes-per-ndarjen-e-kosoves\/\" \/>\n<meta property=\"og:locale\" content=\"sq_AL\" \/>\n<meta property=\"og:type\" content=\"article\" \/>\n<meta property=\"og:title\" content=\"Let\u00ebr-reagim kund\u00ebr q\u00ebndrimit t\u00eb Rexhep Qosjes p\u00ebr ndarjen e Kosov\u00ebs! - FjALA e LIR\u00cb - Arkivi\" \/>\n<meta property=\"og:description\" content=\"Nga Luan (Asllan) Dibrani info@asllandibrani.com Rexhep Qosja, bagazhin e dijes dhe intelektin e vet e shprehu p\u00ebrmes nj\u00eb deklarate lidhur me termin &#8220;ndarje t\u00eb Kosov\u00ebs&#8221; Koh\u00ebt e fundit po p\u00ebrmendet statusi special p\u00ebr veriun e Mitrovic\u00ebs dhe, se ndarja e Kosov\u00ebs \u00ebsht\u00eb si shprehje e shpesht\u00eb nga qarqe serbe, evropiane por edhe nga ndonj\u00eb qyqar [&hellip;]\" \/>\n<meta property=\"og:url\" content=\"https:\/\/fjala.info\/2009-2015\/leter-reagim-kunder-qendrimit-te-rexhep-qosjes-per-ndarjen-e-kosoves\/\" \/>\n<meta property=\"og:site_name\" content=\"FjALA e LIR\u00cb - Arkivi\" \/>\n<meta property=\"article:published_time\" content=\"2012-02-16T08:42:56+00:00\" \/>\n<meta property=\"og:image\" content=\"http:\/\/www.shkoder.net\/images\/fjala\/asllan_dibrani.jpg\" \/>\n<meta name=\"author\" content=\"admin\" \/>\n<meta name=\"twitter:card\" content=\"summary_large_image\" \/>\n<meta name=\"twitter:label1\" content=\"Written by\" \/>\n\t<meta name=\"twitter:data1\" content=\"admin\" \/>\n\t<meta name=\"twitter:label2\" content=\"Est. reading time\" \/>\n\t<meta name=\"twitter:data2\" content=\"15 minutes\" \/>\n<script type=\"application\/ld+json\" class=\"yoast-schema-graph\">{\"@context\":\"https:\\\/\\\/schema.org\",\"@graph\":[{\"@type\":\"Article\",\"@id\":\"https:\\\/\\\/fjala.info\\\/2009-2015\\\/leter-reagim-kunder-qendrimit-te-rexhep-qosjes-per-ndarjen-e-kosoves\\\/#article\",\"isPartOf\":{\"@id\":\"https:\\\/\\\/fjala.info\\\/2009-2015\\\/leter-reagim-kunder-qendrimit-te-rexhep-qosjes-per-ndarjen-e-kosoves\\\/\"},\"author\":{\"name\":\"admin\",\"@id\":\"https:\\\/\\\/fjala.info\\\/2009-2015\\\/#\\\/schema\\\/person\\\/3aa1163ef05469c496fc94e77611ada2\"},\"headline\":\"Let\u00ebr-reagim kund\u00ebr q\u00ebndrimit t\u00eb Rexhep Qosjes p\u00ebr ndarjen e Kosov\u00ebs!\",\"datePublished\":\"2012-02-16T08:42:56+00:00\",\"mainEntityOfPage\":{\"@id\":\"https:\\\/\\\/fjala.info\\\/2009-2015\\\/leter-reagim-kunder-qendrimit-te-rexhep-qosjes-per-ndarjen-e-kosoves\\\/\"},\"wordCount\":3003,\"commentCount\":1,\"publisher\":{\"@id\":\"https:\\\/\\\/fjala.info\\\/2009-2015\\\/#organization\"},\"image\":{\"@id\":\"https:\\\/\\\/fjala.info\\\/2009-2015\\\/leter-reagim-kunder-qendrimit-te-rexhep-qosjes-per-ndarjen-e-kosoves\\\/#primaryimage\"},\"thumbnailUrl\":\"http:\\\/\\\/www.shkoder.net\\\/images\\\/fjala\\\/asllan_dibrani.jpg\",\"articleSection\":[\"Artikuj\"],\"inLanguage\":\"sq-AL\",\"potentialAction\":[{\"@type\":\"CommentAction\",\"name\":\"Comment\",\"target\":[\"https:\\\/\\\/fjala.info\\\/2009-2015\\\/leter-reagim-kunder-qendrimit-te-rexhep-qosjes-per-ndarjen-e-kosoves\\\/#respond\"]}]},{\"@type\":\"WebPage\",\"@id\":\"https:\\\/\\\/fjala.info\\\/2009-2015\\\/leter-reagim-kunder-qendrimit-te-rexhep-qosjes-per-ndarjen-e-kosoves\\\/\",\"url\":\"https:\\\/\\\/fjala.info\\\/2009-2015\\\/leter-reagim-kunder-qendrimit-te-rexhep-qosjes-per-ndarjen-e-kosoves\\\/\",\"name\":\"Let\u00ebr-reagim kund\u00ebr q\u00ebndrimit t\u00eb Rexhep Qosjes p\u00ebr ndarjen e Kosov\u00ebs! - FjALA e LIR\u00cb - Arkivi\",\"isPartOf\":{\"@id\":\"https:\\\/\\\/fjala.info\\\/2009-2015\\\/#website\"},\"primaryImageOfPage\":{\"@id\":\"https:\\\/\\\/fjala.info\\\/2009-2015\\\/leter-reagim-kunder-qendrimit-te-rexhep-qosjes-per-ndarjen-e-kosoves\\\/#primaryimage\"},\"image\":{\"@id\":\"https:\\\/\\\/fjala.info\\\/2009-2015\\\/leter-reagim-kunder-qendrimit-te-rexhep-qosjes-per-ndarjen-e-kosoves\\\/#primaryimage\"},\"thumbnailUrl\":\"http:\\\/\\\/www.shkoder.net\\\/images\\\/fjala\\\/asllan_dibrani.jpg\",\"datePublished\":\"2012-02-16T08:42:56+00:00\",\"breadcrumb\":{\"@id\":\"https:\\\/\\\/fjala.info\\\/2009-2015\\\/leter-reagim-kunder-qendrimit-te-rexhep-qosjes-per-ndarjen-e-kosoves\\\/#breadcrumb\"},\"inLanguage\":\"sq-AL\",\"potentialAction\":[{\"@type\":\"ReadAction\",\"target\":[\"https:\\\/\\\/fjala.info\\\/2009-2015\\\/leter-reagim-kunder-qendrimit-te-rexhep-qosjes-per-ndarjen-e-kosoves\\\/\"]}]},{\"@type\":\"ImageObject\",\"inLanguage\":\"sq-AL\",\"@id\":\"https:\\\/\\\/fjala.info\\\/2009-2015\\\/leter-reagim-kunder-qendrimit-te-rexhep-qosjes-per-ndarjen-e-kosoves\\\/#primaryimage\",\"url\":\"http:\\\/\\\/www.shkoder.net\\\/images\\\/fjala\\\/asllan_dibrani.jpg\",\"contentUrl\":\"http:\\\/\\\/www.shkoder.net\\\/images\\\/fjala\\\/asllan_dibrani.jpg\"},{\"@type\":\"BreadcrumbList\",\"@id\":\"https:\\\/\\\/fjala.info\\\/2009-2015\\\/leter-reagim-kunder-qendrimit-te-rexhep-qosjes-per-ndarjen-e-kosoves\\\/#breadcrumb\",\"itemListElement\":[{\"@type\":\"ListItem\",\"position\":1,\"name\":\"Home\",\"item\":\"https:\\\/\\\/fjala.info\\\/2009-2015\\\/\"},{\"@type\":\"ListItem\",\"position\":2,\"name\":\"Let\u00ebr-reagim kund\u00ebr q\u00ebndrimit t\u00eb Rexhep Qosjes p\u00ebr ndarjen e Kosov\u00ebs!\"}]},{\"@type\":\"WebSite\",\"@id\":\"https:\\\/\\\/fjala.info\\\/2009-2015\\\/#website\",\"url\":\"https:\\\/\\\/fjala.info\\\/2009-2015\\\/\",\"name\":\"FjALA e LIR\u00cb - Arkivi\",\"description\":\"Arkivi 2009-2015\",\"publisher\":{\"@id\":\"https:\\\/\\\/fjala.info\\\/2009-2015\\\/#organization\"},\"potentialAction\":[{\"@type\":\"SearchAction\",\"target\":{\"@type\":\"EntryPoint\",\"urlTemplate\":\"https:\\\/\\\/fjala.info\\\/2009-2015\\\/?s={search_term_string}\"},\"query-input\":{\"@type\":\"PropertyValueSpecification\",\"valueRequired\":true,\"valueName\":\"search_term_string\"}}],\"inLanguage\":\"sq-AL\"},{\"@type\":\"Organization\",\"@id\":\"https:\\\/\\\/fjala.info\\\/2009-2015\\\/#organization\",\"name\":\"FjALA e LIR\u00cb - Arkivi\",\"url\":\"https:\\\/\\\/fjala.info\\\/2009-2015\\\/\",\"logo\":{\"@type\":\"ImageObject\",\"inLanguage\":\"sq-AL\",\"@id\":\"https:\\\/\\\/fjala.info\\\/2009-2015\\\/#\\\/schema\\\/logo\\\/image\\\/\",\"url\":\"\",\"contentUrl\":\"\",\"caption\":\"FjALA e LIR\u00cb - Arkivi\"},\"image\":{\"@id\":\"https:\\\/\\\/fjala.info\\\/2009-2015\\\/#\\\/schema\\\/logo\\\/image\\\/\"}},{\"@type\":\"Person\",\"@id\":\"https:\\\/\\\/fjala.info\\\/2009-2015\\\/#\\\/schema\\\/person\\\/3aa1163ef05469c496fc94e77611ada2\",\"name\":\"admin\",\"image\":{\"@type\":\"ImageObject\",\"inLanguage\":\"sq-AL\",\"@id\":\"https:\\\/\\\/fjala.info\\\/2009-2015\\\/wp-content\\\/uploads\\\/2012\\\/02\\\/arben_cokaj-120x150.jpg\",\"url\":\"https:\\\/\\\/fjala.info\\\/2009-2015\\\/wp-content\\\/uploads\\\/2012\\\/02\\\/arben_cokaj-120x150.jpg\",\"contentUrl\":\"https:\\\/\\\/fjala.info\\\/2009-2015\\\/wp-content\\\/uploads\\\/2012\\\/02\\\/arben_cokaj-120x150.jpg\",\"caption\":\"admin\"},\"description\":\"Admin, Fjala e Lir\u00eb\",\"sameAs\":[\"https:\\\/\\\/fjala.info\\\/\"],\"url\":\"https:\\\/\\\/fjala.info\\\/2009-2015\\\/author\\\/admin\\\/\"}]}<\/script>\n<!-- \/ Yoast SEO plugin. -->","yoast_head_json":{"title":"Let\u00ebr-reagim kund\u00ebr q\u00ebndrimit t\u00eb Rexhep Qosjes p\u00ebr ndarjen e Kosov\u00ebs! - FjALA e LIR\u00cb - Arkivi","robots":{"index":"index","follow":"follow","max-snippet":"max-snippet:-1","max-image-preview":"max-image-preview:large","max-video-preview":"max-video-preview:-1"},"canonical":"https:\/\/fjala.info\/2009-2015\/leter-reagim-kunder-qendrimit-te-rexhep-qosjes-per-ndarjen-e-kosoves\/","og_locale":"sq_AL","og_type":"article","og_title":"Let\u00ebr-reagim kund\u00ebr q\u00ebndrimit t\u00eb Rexhep Qosjes p\u00ebr ndarjen e Kosov\u00ebs! - FjALA e LIR\u00cb - Arkivi","og_description":"Nga Luan (Asllan) Dibrani info@asllandibrani.com Rexhep Qosja, bagazhin e dijes dhe intelektin e vet e shprehu p\u00ebrmes nj\u00eb deklarate lidhur me termin &#8220;ndarje t\u00eb Kosov\u00ebs&#8221; Koh\u00ebt e fundit po p\u00ebrmendet statusi special p\u00ebr veriun e Mitrovic\u00ebs dhe, se ndarja e Kosov\u00ebs \u00ebsht\u00eb si shprehje e shpesht\u00eb nga qarqe serbe, evropiane por edhe nga ndonj\u00eb qyqar [&hellip;]","og_url":"https:\/\/fjala.info\/2009-2015\/leter-reagim-kunder-qendrimit-te-rexhep-qosjes-per-ndarjen-e-kosoves\/","og_site_name":"FjALA e LIR\u00cb - Arkivi","article_published_time":"2012-02-16T08:42:56+00:00","og_image":[{"url":"http:\/\/www.shkoder.net\/images\/fjala\/asllan_dibrani.jpg","type":"","width":"","height":""}],"author":"admin","twitter_card":"summary_large_image","twitter_misc":{"Written by":"admin","Est. reading time":"15 minutes"},"schema":{"@context":"https:\/\/schema.org","@graph":[{"@type":"Article","@id":"https:\/\/fjala.info\/2009-2015\/leter-reagim-kunder-qendrimit-te-rexhep-qosjes-per-ndarjen-e-kosoves\/#article","isPartOf":{"@id":"https:\/\/fjala.info\/2009-2015\/leter-reagim-kunder-qendrimit-te-rexhep-qosjes-per-ndarjen-e-kosoves\/"},"author":{"name":"admin","@id":"https:\/\/fjala.info\/2009-2015\/#\/schema\/person\/3aa1163ef05469c496fc94e77611ada2"},"headline":"Let\u00ebr-reagim kund\u00ebr q\u00ebndrimit t\u00eb Rexhep Qosjes p\u00ebr ndarjen e Kosov\u00ebs!","datePublished":"2012-02-16T08:42:56+00:00","mainEntityOfPage":{"@id":"https:\/\/fjala.info\/2009-2015\/leter-reagim-kunder-qendrimit-te-rexhep-qosjes-per-ndarjen-e-kosoves\/"},"wordCount":3003,"commentCount":1,"publisher":{"@id":"https:\/\/fjala.info\/2009-2015\/#organization"},"image":{"@id":"https:\/\/fjala.info\/2009-2015\/leter-reagim-kunder-qendrimit-te-rexhep-qosjes-per-ndarjen-e-kosoves\/#primaryimage"},"thumbnailUrl":"http:\/\/www.shkoder.net\/images\/fjala\/asllan_dibrani.jpg","articleSection":["Artikuj"],"inLanguage":"sq-AL","potentialAction":[{"@type":"CommentAction","name":"Comment","target":["https:\/\/fjala.info\/2009-2015\/leter-reagim-kunder-qendrimit-te-rexhep-qosjes-per-ndarjen-e-kosoves\/#respond"]}]},{"@type":"WebPage","@id":"https:\/\/fjala.info\/2009-2015\/leter-reagim-kunder-qendrimit-te-rexhep-qosjes-per-ndarjen-e-kosoves\/","url":"https:\/\/fjala.info\/2009-2015\/leter-reagim-kunder-qendrimit-te-rexhep-qosjes-per-ndarjen-e-kosoves\/","name":"Let\u00ebr-reagim kund\u00ebr q\u00ebndrimit t\u00eb Rexhep Qosjes p\u00ebr ndarjen e Kosov\u00ebs! - FjALA e LIR\u00cb - Arkivi","isPartOf":{"@id":"https:\/\/fjala.info\/2009-2015\/#website"},"primaryImageOfPage":{"@id":"https:\/\/fjala.info\/2009-2015\/leter-reagim-kunder-qendrimit-te-rexhep-qosjes-per-ndarjen-e-kosoves\/#primaryimage"},"image":{"@id":"https:\/\/fjala.info\/2009-2015\/leter-reagim-kunder-qendrimit-te-rexhep-qosjes-per-ndarjen-e-kosoves\/#primaryimage"},"thumbnailUrl":"http:\/\/www.shkoder.net\/images\/fjala\/asllan_dibrani.jpg","datePublished":"2012-02-16T08:42:56+00:00","breadcrumb":{"@id":"https:\/\/fjala.info\/2009-2015\/leter-reagim-kunder-qendrimit-te-rexhep-qosjes-per-ndarjen-e-kosoves\/#breadcrumb"},"inLanguage":"sq-AL","potentialAction":[{"@type":"ReadAction","target":["https:\/\/fjala.info\/2009-2015\/leter-reagim-kunder-qendrimit-te-rexhep-qosjes-per-ndarjen-e-kosoves\/"]}]},{"@type":"ImageObject","inLanguage":"sq-AL","@id":"https:\/\/fjala.info\/2009-2015\/leter-reagim-kunder-qendrimit-te-rexhep-qosjes-per-ndarjen-e-kosoves\/#primaryimage","url":"http:\/\/www.shkoder.net\/images\/fjala\/asllan_dibrani.jpg","contentUrl":"http:\/\/www.shkoder.net\/images\/fjala\/asllan_dibrani.jpg"},{"@type":"BreadcrumbList","@id":"https:\/\/fjala.info\/2009-2015\/leter-reagim-kunder-qendrimit-te-rexhep-qosjes-per-ndarjen-e-kosoves\/#breadcrumb","itemListElement":[{"@type":"ListItem","position":1,"name":"Home","item":"https:\/\/fjala.info\/2009-2015\/"},{"@type":"ListItem","position":2,"name":"Let\u00ebr-reagim kund\u00ebr q\u00ebndrimit t\u00eb Rexhep Qosjes p\u00ebr ndarjen e Kosov\u00ebs!"}]},{"@type":"WebSite","@id":"https:\/\/fjala.info\/2009-2015\/#website","url":"https:\/\/fjala.info\/2009-2015\/","name":"FjALA e LIR\u00cb - Arkivi","description":"Arkivi 2009-2015","publisher":{"@id":"https:\/\/fjala.info\/2009-2015\/#organization"},"potentialAction":[{"@type":"SearchAction","target":{"@type":"EntryPoint","urlTemplate":"https:\/\/fjala.info\/2009-2015\/?s={search_term_string}"},"query-input":{"@type":"PropertyValueSpecification","valueRequired":true,"valueName":"search_term_string"}}],"inLanguage":"sq-AL"},{"@type":"Organization","@id":"https:\/\/fjala.info\/2009-2015\/#organization","name":"FjALA e LIR\u00cb - Arkivi","url":"https:\/\/fjala.info\/2009-2015\/","logo":{"@type":"ImageObject","inLanguage":"sq-AL","@id":"https:\/\/fjala.info\/2009-2015\/#\/schema\/logo\/image\/","url":"","contentUrl":"","caption":"FjALA e LIR\u00cb - Arkivi"},"image":{"@id":"https:\/\/fjala.info\/2009-2015\/#\/schema\/logo\/image\/"}},{"@type":"Person","@id":"https:\/\/fjala.info\/2009-2015\/#\/schema\/person\/3aa1163ef05469c496fc94e77611ada2","name":"admin","image":{"@type":"ImageObject","inLanguage":"sq-AL","@id":"https:\/\/fjala.info\/2009-2015\/wp-content\/uploads\/2012\/02\/arben_cokaj-120x150.jpg","url":"https:\/\/fjala.info\/2009-2015\/wp-content\/uploads\/2012\/02\/arben_cokaj-120x150.jpg","contentUrl":"https:\/\/fjala.info\/2009-2015\/wp-content\/uploads\/2012\/02\/arben_cokaj-120x150.jpg","caption":"admin"},"description":"Admin, Fjala e Lir\u00eb","sameAs":["https:\/\/fjala.info\/"],"url":"https:\/\/fjala.info\/2009-2015\/author\/admin\/"}]}},"_links":{"self":[{"href":"https:\/\/fjala.info\/2009-2015\/wp-json\/wp\/v2\/posts\/1834","targetHints":{"allow":["GET"]}}],"collection":[{"href":"https:\/\/fjala.info\/2009-2015\/wp-json\/wp\/v2\/posts"}],"about":[{"href":"https:\/\/fjala.info\/2009-2015\/wp-json\/wp\/v2\/types\/post"}],"author":[{"embeddable":true,"href":"https:\/\/fjala.info\/2009-2015\/wp-json\/wp\/v2\/users\/1"}],"replies":[{"embeddable":true,"href":"https:\/\/fjala.info\/2009-2015\/wp-json\/wp\/v2\/comments?post=1834"}],"version-history":[{"count":0,"href":"https:\/\/fjala.info\/2009-2015\/wp-json\/wp\/v2\/posts\/1834\/revisions"}],"wp:attachment":[{"href":"https:\/\/fjala.info\/2009-2015\/wp-json\/wp\/v2\/media?parent=1834"}],"wp:term":[{"taxonomy":"category","embeddable":true,"href":"https:\/\/fjala.info\/2009-2015\/wp-json\/wp\/v2\/categories?post=1834"},{"taxonomy":"post_tag","embeddable":true,"href":"https:\/\/fjala.info\/2009-2015\/wp-json\/wp\/v2\/tags?post=1834"}],"curies":[{"name":"wp","href":"https:\/\/api.w.org\/{rel}","templated":true}]}}