{"id":183,"date":"2011-11-16T16:04:41","date_gmt":"2011-11-16T15:04:41","guid":{"rendered":"http:\/\/fjala.shkoder.net\/?p=183"},"modified":"2011-11-16T16:04:41","modified_gmt":"2011-11-16T15:04:41","slug":"nese-shqiptaret-tregojne-vullnet-per-te-kerkuar-ndryshim-mund-te-jete-hapi-me-i-madh-drejt-anetaresimit","status":"publish","type":"post","link":"https:\/\/fjala.info\/2009-2015\/nese-shqiptaret-tregojne-vullnet-per-te-kerkuar-ndryshim-mund-te-jete-hapi-me-i-madh-drejt-anetaresimit\/","title":{"rendered":"\u201cN\u00ebse shqiptar\u00ebt tregojn\u00eb vullnet p\u00ebr t\u00eb k\u00ebrkuar ndryshim, mund t\u00eb jet\u00eb hapi m\u00eb i madh drejt an\u00ebtar\u00ebsimit\u201d"},"content":{"rendered":"<p><img decoding=\"async\" class=\"alignright size-thumbnail wp-image-7236\" title=\"Karsten Ankjaer Jensen\" src=\"http:\/\/www.shkoder.net\/images\/fjala\/2010\/karsten_ankjaer_jensen.jpg\" alt=\"\" width=\"300\" \/>Nga <strong>Karsten Ankjaer Jensen<\/strong>, <em>16 N\u00ebntor 2011<\/em><br \/>\n<em>Ambasadori i Danimark\u00ebs<\/em><\/p>\n<p>Sot do t\u00eb flas p\u00ebr nj\u00eb nga \u00e7\u00ebshtjet e mia t\u00eb preferuara: trafikun.<\/p>\n<p>P\u00ebr shumic\u00ebn e t\u00eb huajve, trafiku shqiptar \u00ebsht\u00eb shikimi i par\u00eb q\u00eb hedhin ata n\u00eb problemet e integrimit evropian t\u00eb shqiptar\u00ebve.<\/p>\n<p>Dhe nuk t\u00eb duhet shum\u00eb koh\u00eb duke ngar\u00eb makin\u00ebn ose duke sh\u00ebtitur k\u00ebtu p\u00ebrpara se ti si vizitor t\u00eb arrish n\u00eb p\u00ebrfundimin se integrimi n\u00eb BE k\u00ebrkon nj\u00eb ndryshim rr\u00ebnj\u00ebsor t\u00eb zakoneve dhe sjelljeve. T\u00eb pakt\u00ebn mes disa shqiptar\u00ebve.<\/p>\n<p>Natyrisht q\u00eb trafiku \u00ebsht\u00eb nj\u00eb ilustrim i thjesht\u00eb se si funksionon shoq\u00ebria. Megjithat\u00eb, ai t\u00eb tregon shum\u00eb mbi m\u00ebnyr\u00ebn se si nd\u00ebrveprojn\u00eb dhe bashk\u00ebpunojn\u00eb njer\u00ebzit. N\u00eb terma t\u00eb duksh\u00ebm dhe konkret, ai demonstron aft\u00ebsin\u00eb e nj\u00eb shoq\u00ebrie p\u00ebr t\u00eb funksionuar si shoq\u00ebri.<\/p>\n<p>T\u00eb ngar\u00ebt e makin\u00ebs nuk \u00ebsht\u00eb nj\u00eb aktivitet individual. \u00cbsht\u00eb nj\u00eb nd\u00ebrveprim i komplikuar me t\u00eb tjer\u00eb shofer\u00eb, k\u00ebmb\u00ebsor\u00eb, \u00e7iklist\u00eb, kushtet e rrug\u00ebs, vij\u00ebzimet dhe sinjalet e trafikut. \u00cbsht\u00eb qen\u00ebsisht nj\u00eb aktivitet social. K\u00ebrkon q\u00eb secili t\u00eb bindet ndaj rregullave dhe q\u00eb shofer\u00ebt secili t\u00eb kuptoj\u00eb dhe t\u00eb punoj\u00eb p\u00ebr q\u00ebllimin e p\u00ebrbashk\u00ebt- q\u00eb trafiku t\u00eb l\u00ebviz\u00eb dhe q\u00eb t\u00eb arrihet e mira e p\u00ebrbashk\u00ebt- q\u00eb n\u00eb t\u00eb v\u00ebrtet\u00eb trafiku t\u00eb rrjedh\u00eb.<\/p>\n<p>Mendoj se p\u00ebr shum\u00eb vizitor\u00eb t\u00eb huaj, gjendja e trafikut n\u00eb Shqip\u00ebri sh\u00ebrben si nj\u00eb tregues \u2018i shpejt\u00eb dhe i pist\u00eb\u2019 p\u00ebr gatishm\u00ebrin\u00eb e vendit tuaj p\u00ebr t\u00eb qen\u00eb pjes\u00eb e komunitetit t\u00eb Bashkimit Europian.<\/p>\n<p>Ajo q\u00eb p\u00ebrjetojn\u00eb ata nuk \u00ebsht\u00eb inkurajuese.<\/p>\n<p>Nj\u00eb sjellje q\u00eb dikush e has shpesh \u00ebsht\u00eb kjo: nevojat e mia jan\u00eb t\u00eb parat dhe nuk m\u00eb b\u00ebhet von\u00eb p\u00ebr pasojat mbi t\u00eb tjer\u00ebt.<\/p>\n<p>Dikush ndjen nevoj\u00ebn p\u00ebr nj\u00eb kafe dhe mesa duket e gjen t\u00eb p\u00ebrshtatshme t\u00eb parkoj\u00eb makin\u00ebn e tij ose t\u00eb saj dyshe ose treshe duke shkat\u00ebrruar rrjedh\u00ebn e trafikut, duke shkaktuar frustrim dhe duke shpenzuar koh\u00eb p\u00ebr ndoshta mij\u00ebra t\u00eb tjer\u00eb q\u00eb p\u00ebrpiqen t\u00eb shkojn\u00eb nga nj\u00eb vend n\u00eb tjetrin. Kjo \u00ebsht\u00eb nj\u00eb kafe e shtrenjt\u00eb p\u00ebr shoq\u00ebrin\u00eb n\u00eb fakt.<\/p>\n<p>Jam i sigurt q\u00eb ju takoni \u00e7do dit\u00eb personin q\u00eb nuk d\u00ebshiron t\u00eb q\u00ebndroj\u00eb n\u00eb radh\u00eb p\u00ebr t\u00eb pritur q\u00eb e kuqja t\u00eb b\u00ebhet jeshile. Ai futet n\u00eb korsin\u00eb e ndaluar, parakalon makinat e tjera q\u00eb po presin, futet keq, nd\u00ebrpret trafikun dhe rrezikon jet\u00ebn e t\u00eb tjer\u00ebve.<\/p>\n<p>Tani, sigurisht q\u00eb shofer\u00eb t\u00eb till\u00eb gjenden n\u00eb gjitha vendet. Sigurisht q\u00eb do gjeni nga k\u00ebta t\u00eb pap\u00ebrgjegjsh\u00ebm si\u00e7 ju p\u00ebrshkrova m\u00eb sip\u00ebr. Por ndryshimi \u00ebsht\u00eb se n\u00eb ndryshim nga shumica e vendeve me t\u00eb cilat synon t\u00eb bashkohet Shqip\u00ebria, shum\u00eb pak e shfaqin k\u00ebt\u00eb sjellje, p\u00ebr shkak se e din\u00eb se \u00ebsht\u00eb e gabuar dhe do d\u00ebnohen.<\/p>\n<p>Shofer\u00eb t\u00eb till\u00eb t\u00eb \u00e7mendur do ndaloheshin, do u viheshin prangat dhe do p\u00ebrfundonin n\u00eb burg, do u hiqej patenta, e ndoshta makina do u sekuestrohej, n\u00eb var\u00ebsi t\u00eb rrethanave. Dhe personi q\u00eb bllokon trafikun me parkimin e pap\u00ebrshtatsh\u00ebm do paguante nj\u00eb gjob\u00eb t\u00eb majme dhe ndoshta do i hiqej makina e do i vendosej n\u00eb nj\u00eb pik\u00eb policore jasht\u00eb qytetit.<\/p>\n<p>Kjo ndodh shum\u00eb rrall\u00eb n\u00eb Shqip\u00ebri, pavar\u00ebsisht prezenc\u00ebs s\u00eb dendur t\u00eb policis\u00eb. Ndoshta \u00ebsht\u00eb akoma m\u00eb dekurajuese q\u00eb ju shihni \u00e7do dit\u00eb q\u00eb ata q\u00eb duhet t\u00eb jen\u00eb gardian\u00ebt suprem\u00eb t\u00eb ligjit: policia, politikan\u00ebt dhe zyrtar\u00ebt e ministrat e qeveris\u00eb shfaqin t\u00eb till\u00eb sjellje si nj\u00eb gj\u00eb rutin\u00eb.<\/p>\n<p>\u201cPse duhet t\u00eb bindemi ndaj ligjit kur lider\u00ebt tan\u00eb duksh\u00ebm nuk e b\u00ebjn\u00eb k\u00ebt\u00eb,\u201d \u00ebsht\u00eb nj\u00eb pyetje q\u00eb e d\u00ebgjova s\u00eb fundmi nga nj\u00eb kamerier dhe t\u00eb jem i sinqert\u00eb, kjo \u00ebsht\u00eb nj\u00eb pyetje e mir\u00eb.<\/p>\n<p>Lidershipi nuk \u00ebsht\u00eb p\u00ebr tu treguar njer\u00ebzve \u00e7far\u00eb duhet t\u00eb b\u00ebjn\u00eb. Duhet t\u2019u tregoj\u00eb \u00e7far\u00eb t\u00eb b\u00ebjn\u00eb. T\u00eb b\u00ebhen nj\u00eb shembull p\u00ebr tu pasuar nga t\u00eb tjer\u00ebt.<\/p>\n<p>P\u00ebr fat t\u00eb keq, shpesh shembujt q\u00eb jepen nga qeveria, politikan\u00ebt, t\u00eb fuqishmit, gardian\u00ebt e ligjit dhe rendit, etj, jan\u00eb t\u00eb tilla q\u00eb nuk e \u00e7ojn\u00eb k\u00ebt\u00eb vend drejt BE.<\/p>\n<p>Nuk mund t\u00eb faj\u00ebsosh shqiptar\u00ebt e thjesht\u00eb se kan\u00eb marr\u00eb mesazhin e gabuar- ose se kan\u00eb ndjekur shembujt e k\u00ebqij. Ajo q\u00eb ne si nd\u00ebrkomb\u00ebtar\u00eb mund t\u00eb themi dhe duhet ta themi, mendoj, \u00ebsht\u00eb se t\u00eb ndjek\u00ebsh shembuj t\u00eb till\u00eb nuk e \u00e7on Shqip\u00ebrin\u00eb askund. Kjo vet\u00ebm sa e izolon vendin n\u00eb t\u00eb shkuar\u00ebn. Nj\u00eb e shkuar, t\u00eb cil\u00ebs Shqip\u00ebria duhej t\u2019i kishte treguar der\u00ebn q\u00eb p\u00ebrpara 20 vitesh.<\/p>\n<p>K\u00ebshtu pra, nj\u00eb nga \u00e7\u00ebshtjet kryesore q\u00eb duhet t\u00eb luftohet nga Shqip\u00ebria p\u00ebr t\u00eb rihyr\u00eb s\u00ebrish n\u00eb rrug\u00ebn drejt BE \u00ebsht\u00eb ajo q\u00eb mund ta quajm\u00eb \u2018problemi i sjelljes\u2019.<\/p>\n<p>Sigurisht nuk jam duke faj\u00ebsuar t\u00eb gjith\u00eb shqiptar\u00ebt dhe popullin shqiptar si t\u00eb till\u00eb. N\u00eb eksperienc\u00ebn time, shumica e shqiptar\u00ebve jan\u00eb jasht\u00ebzakonisht t\u00eb sjellsh\u00ebm. Disa madje edhe kur jan\u00eb pas timonit. Por mes jush ka mjaftuesh\u00ebm element\u00eb t\u00eb pap\u00ebrgjegjsh\u00ebm n\u00eb t\u00eb gjitha fushat e jet\u00ebs q\u00eb v\u00ebrtet shkat\u00ebrrojn\u00eb gjith\u00e7ka p\u00ebr t\u00eb gjith\u00eb t\u00eb tjer\u00ebt.<\/p>\n<p>P\u00ebr sa koh\u00eb ju pranoni q\u00eb kjo minoranc\u00eb t\u00eb shkat\u00ebrroj\u00eb at\u00eb p\u00ebr ju dhe pjes\u00ebn tjet\u00ebr t\u00eb shoq\u00ebris\u00eb, ju jeni duke pranuar se perspektiva evropiane do vazhdojn\u00eb e do jet\u00eb nj\u00eb \u00ebnd\u00ebrr e larg\u00ebt.<\/p>\n<p>Sigurisht, nj\u00eb p\u00ebrgjegj\u00ebsi speciale p\u00ebr ndryshimin e sjelljes q\u00ebndron tek elitat e fuqishme, p\u00ebr shkak se ato jan\u00eb si nj\u00eb fanar ndri\u00e7ues p\u00ebr shum\u00ebk\u00ebnd. P\u00ebr mir\u00eb e p\u00ebr keq, ata tregojn\u00eb drejtimin.<\/p>\n<p>Megjithat\u00eb, kjo nuk duhet marr\u00eb si nj\u00eb k\u00ebrkes\u00eb p\u00ebr ndjes\u00eb. \u00cbsht\u00eb nj\u00eb zgjedhje individuale p\u00ebr secilin dhe p\u00ebr \u00e7do shqiptar se \u00e7far\u00eb do pranojn\u00eb e ku do i \u00e7oj\u00eb kjo. Dhe t\u00eb jem i sinqert\u00eb: n\u00eb k\u00ebt\u00eb dit\u00eb dhe n\u00eb epok\u00ebn e internetit, \u00ebsht\u00eb e pamundur t\u00eb pretendosh injoranc\u00ebn.<\/p>\n<p>Sjellja \u2018un\u00eb i pari\u2019 ka nj\u00eb kush\u00ebri: \u2018vet\u00ebm un\u00eb\u2019. Nd\u00ebrsa sjellja \u2018un\u00eb i pari\u2019 mund t\u00eb jet\u00eb nj\u00eb forc\u00eb shtyt\u00ebse n\u00eb shoq\u00ebri dhe nj\u00eb vler\u00eb, \u2018vet\u00ebm un\u00eb\u2019 duket jasht\u00ebzakonisht destruktive.<\/p>\n<p>Jam duke u p\u00ebrpjekur t\u00eb gjej nj\u00eb metafor\u00eb me trafikun p\u00ebr k\u00ebt\u00eb fenomen. Mendoj se t\u00eb shkat\u00ebrrosh ose t\u00eb rirregullosh t\u00eb gjith\u00eb rrug\u00ebt dhe urat e nd\u00ebrtuara nga lidershipi i m\u00ebparsh\u00ebm, vet\u00ebm pse e kan\u00eb b\u00ebr\u00eb k\u00ebt\u00eb, do mjaftonte si nj\u00eb metafor\u00eb e \u00e7uditshme e k\u00ebsaj forme ekstreme e sindrom\u00ebs \u201cnuk \u00ebsht\u00eb shpikur k\u00ebtu\u201d, q\u00eb mbizot\u00ebron n\u00eb politik\u00ebn shqiptare.<\/p>\n<p>N\u00eb k\u00ebndv\u00ebshtrimin tim, mbi t\u00eb gjitha s\u00ebmundjet e politik\u00ebs shqiptare, kjo \u00ebsht\u00eb ajo q\u00eb po shkakton m\u00eb shum\u00eb d\u00ebme n\u00eb perspektiv\u00ebn e an\u00ebtar\u00ebsimit n\u00eb BE.<\/p>\n<p>P\u00ebr historin\u00eb e Shqip\u00ebris\u00eb gjat\u00eb k\u00ebtyre 20 viteve duket se rip\u00ebrs\u00ebritet historia e nd\u00ebrtimit t\u00eb k\u00ebshtjell\u00ebs s\u00eb Rozaf\u00ebs n\u00eb Shkod\u00ebr. Muret nd\u00ebrtoheshin dit\u00ebn p\u00ebr tu rr\u00ebzuar nat\u00ebn. Por ndryshe nga sa ndodhi n\u00eb historin\u00eb e Rozaf\u00ebs, askush nuk duket i gatsh\u00ebm p\u00ebr t\u00eb b\u00ebr\u00eb nj\u00eb sakrific\u00eb q\u00eb muret t\u00eb q\u00ebndrojn\u00eb.<\/p>\n<p>Natyrisht q\u00eb konkluzioni i pashmangsh\u00ebm \u00ebsht\u00eb q\u00eb Europa do vendos\u00eb- n\u00eb fakt ka vendosur se Shqip\u00ebria nuk \u00ebsht\u00eb gati. Nuk \u00ebsht\u00eb gati as p\u00ebr tu b\u00ebr\u00eb kandidate p\u00ebr an\u00ebtar\u00ebsim.<\/p>\n<p>Lajmi i mir\u00eb \u00ebsht\u00eb se sjelljet dhe zakonet mund t\u00eb ndryshohen. N\u00eb parim: nga nj\u00eb moment n\u00eb tjetrin. \u00cbsht\u00eb nj\u00eb \u00e7\u00ebshtje vullneti. Ndryshimi do vij\u00eb.<\/p>\n<p>N\u00ebse shqiptar\u00ebt tregojn\u00eb vullnet dhe kurajo p\u00ebr t\u00eb k\u00ebrkuar ndryshim, mund t\u00eb jet\u00eb hapi m\u00eb i madh drejt an\u00ebtar\u00ebsimit. Si\u00e7 kam th\u00ebn\u00eb n\u00eb shum\u00eb raste, i mbetem fort besimit se zelli dhe prirja e shqiptar\u00ebve menj\u00ebher\u00eb do kujdeset p\u00ebr pjes\u00ebn e mbetur.<\/p>\n<p>Ndoshta politikan\u00ebt kan\u00eb nisur t\u00eb kuptojn\u00eb se \u00e7far\u00eb \u00ebsht\u00eb n\u00eb loj\u00eb. Kam d\u00ebgjuar se vitet e fundit me ng\u00ebr\u00e7 politik do jen\u00eb thjesht histori. N\u00ebse \u00ebsht\u00eb e v\u00ebrtet\u00eb, ky \u00ebsht\u00eb nj\u00eb lajm i mir\u00eb. Mund t\u00eb jet\u00eb nj\u00eb hap i par\u00eb i vog\u00ebl, por sigurisht q\u00eb udh\u00ebtimi nis me nj\u00eb hap t\u00eb par\u00eb. Le t\u00eb shpresojm\u00eb se politikan\u00ebt do vazhdojn\u00eb t\u00eb ecin. S\u00eb shpejti m\u00eb pas t\u00eb nisin vrapin.<\/p>\n<p>Treni p\u00ebr Europ\u00eb po niset. Shqiptar\u00ebt duhet t\u00eb jen\u00eb n\u00eb t\u00eb.<\/p>\n<p>*<em>Fjalimi i mbajtur n\u00eb forumin e politikave \u201c12 detyrat e Shqip\u00ebris\u00eb: Ku jemi sot ?\u201d, organizuar L\u00ebvizja Europiane n\u00eb Shqip\u00ebri (EMA) n\u00eb bashk\u00ebpunim me Friedrich Ebert Stiftung (FES) <\/em><\/p>\n","protected":false},"excerpt":{"rendered":"<p>Nga Karsten Ankjaer Jensen, 16 N\u00ebntor 2011 Ambasadori i Danimark\u00ebs Sot do t\u00eb flas p\u00ebr nj\u00eb nga \u00e7\u00ebshtjet e mia t\u00eb preferuara: trafikun. P\u00ebr shumic\u00ebn e t\u00eb huajve, trafiku shqiptar \u00ebsht\u00eb shikimi i par\u00eb q\u00eb hedhin ata n\u00eb problemet e integrimit evropian t\u00eb shqiptar\u00ebve. Dhe nuk t\u00eb duhet shum\u00eb koh\u00eb duke ngar\u00eb makin\u00ebn ose duke [&hellip;]<\/p>\n","protected":false},"author":1,"featured_media":0,"comment_status":"open","ping_status":"closed","sticky":false,"template":"","format":"standard","meta":{"footnotes":""},"categories":[2],"tags":[],"class_list":{"0":"post-183","1":"post","2":"type-post","3":"status-publish","4":"format-standard","6":"category-artikuj"},"yoast_head":"<!-- This site is optimized with the Yoast SEO plugin v27.4 - https:\/\/yoast.com\/product\/yoast-seo-wordpress\/ -->\n<title>\u201cN\u00ebse shqiptar\u00ebt tregojn\u00eb vullnet p\u00ebr t\u00eb k\u00ebrkuar ndryshim, mund t\u00eb jet\u00eb hapi m\u00eb i madh drejt an\u00ebtar\u00ebsimit\u201d - FjALA e LIR\u00cb - Arkivi<\/title>\n<meta name=\"robots\" content=\"index, follow, max-snippet:-1, max-image-preview:large, max-video-preview:-1\" \/>\n<link rel=\"canonical\" href=\"https:\/\/fjala.info\/2009-2015\/nese-shqiptaret-tregojne-vullnet-per-te-kerkuar-ndryshim-mund-te-jete-hapi-me-i-madh-drejt-anetaresimit\/\" \/>\n<meta property=\"og:locale\" content=\"sq_AL\" \/>\n<meta property=\"og:type\" content=\"article\" \/>\n<meta property=\"og:title\" content=\"\u201cN\u00ebse shqiptar\u00ebt tregojn\u00eb vullnet p\u00ebr t\u00eb k\u00ebrkuar ndryshim, mund t\u00eb jet\u00eb hapi m\u00eb i madh drejt an\u00ebtar\u00ebsimit\u201d - FjALA e LIR\u00cb - Arkivi\" \/>\n<meta property=\"og:description\" content=\"Nga Karsten Ankjaer Jensen, 16 N\u00ebntor 2011 Ambasadori i Danimark\u00ebs Sot do t\u00eb flas p\u00ebr nj\u00eb nga \u00e7\u00ebshtjet e mia t\u00eb preferuara: trafikun. P\u00ebr shumic\u00ebn e t\u00eb huajve, trafiku shqiptar \u00ebsht\u00eb shikimi i par\u00eb q\u00eb hedhin ata n\u00eb problemet e integrimit evropian t\u00eb shqiptar\u00ebve. Dhe nuk t\u00eb duhet shum\u00eb koh\u00eb duke ngar\u00eb makin\u00ebn ose duke [&hellip;]\" \/>\n<meta property=\"og:url\" content=\"https:\/\/fjala.info\/2009-2015\/nese-shqiptaret-tregojne-vullnet-per-te-kerkuar-ndryshim-mund-te-jete-hapi-me-i-madh-drejt-anetaresimit\/\" \/>\n<meta property=\"og:site_name\" content=\"FjALA e LIR\u00cb - Arkivi\" \/>\n<meta property=\"article:published_time\" content=\"2011-11-16T15:04:41+00:00\" \/>\n<meta property=\"og:image\" content=\"http:\/\/www.shkoder.net\/images\/fjala\/2010\/karsten_ankjaer_jensen.jpg\" \/>\n<meta name=\"author\" content=\"admin\" \/>\n<meta name=\"twitter:card\" content=\"summary_large_image\" \/>\n<meta name=\"twitter:label1\" content=\"Written by\" \/>\n\t<meta name=\"twitter:data1\" content=\"admin\" \/>\n\t<meta name=\"twitter:label2\" content=\"Est. reading time\" \/>\n\t<meta name=\"twitter:data2\" content=\"8 minutes\" \/>\n<script type=\"application\/ld+json\" class=\"yoast-schema-graph\">{\"@context\":\"https:\\\/\\\/schema.org\",\"@graph\":[{\"@type\":\"Article\",\"@id\":\"https:\\\/\\\/fjala.info\\\/2009-2015\\\/nese-shqiptaret-tregojne-vullnet-per-te-kerkuar-ndryshim-mund-te-jete-hapi-me-i-madh-drejt-anetaresimit\\\/#article\",\"isPartOf\":{\"@id\":\"https:\\\/\\\/fjala.info\\\/2009-2015\\\/nese-shqiptaret-tregojne-vullnet-per-te-kerkuar-ndryshim-mund-te-jete-hapi-me-i-madh-drejt-anetaresimit\\\/\"},\"author\":{\"name\":\"admin\",\"@id\":\"https:\\\/\\\/fjala.info\\\/2009-2015\\\/#\\\/schema\\\/person\\\/3aa1163ef05469c496fc94e77611ada2\"},\"headline\":\"\u201cN\u00ebse shqiptar\u00ebt tregojn\u00eb vullnet p\u00ebr t\u00eb k\u00ebrkuar ndryshim, mund t\u00eb jet\u00eb hapi m\u00eb i madh drejt an\u00ebtar\u00ebsimit\u201d\",\"datePublished\":\"2011-11-16T15:04:41+00:00\",\"mainEntityOfPage\":{\"@id\":\"https:\\\/\\\/fjala.info\\\/2009-2015\\\/nese-shqiptaret-tregojne-vullnet-per-te-kerkuar-ndryshim-mund-te-jete-hapi-me-i-madh-drejt-anetaresimit\\\/\"},\"wordCount\":1537,\"commentCount\":0,\"publisher\":{\"@id\":\"https:\\\/\\\/fjala.info\\\/2009-2015\\\/#organization\"},\"image\":{\"@id\":\"https:\\\/\\\/fjala.info\\\/2009-2015\\\/nese-shqiptaret-tregojne-vullnet-per-te-kerkuar-ndryshim-mund-te-jete-hapi-me-i-madh-drejt-anetaresimit\\\/#primaryimage\"},\"thumbnailUrl\":\"http:\\\/\\\/www.shkoder.net\\\/images\\\/fjala\\\/2010\\\/karsten_ankjaer_jensen.jpg\",\"articleSection\":[\"Artikuj\"],\"inLanguage\":\"sq-AL\",\"potentialAction\":[{\"@type\":\"CommentAction\",\"name\":\"Comment\",\"target\":[\"https:\\\/\\\/fjala.info\\\/2009-2015\\\/nese-shqiptaret-tregojne-vullnet-per-te-kerkuar-ndryshim-mund-te-jete-hapi-me-i-madh-drejt-anetaresimit\\\/#respond\"]}]},{\"@type\":\"WebPage\",\"@id\":\"https:\\\/\\\/fjala.info\\\/2009-2015\\\/nese-shqiptaret-tregojne-vullnet-per-te-kerkuar-ndryshim-mund-te-jete-hapi-me-i-madh-drejt-anetaresimit\\\/\",\"url\":\"https:\\\/\\\/fjala.info\\\/2009-2015\\\/nese-shqiptaret-tregojne-vullnet-per-te-kerkuar-ndryshim-mund-te-jete-hapi-me-i-madh-drejt-anetaresimit\\\/\",\"name\":\"\u201cN\u00ebse shqiptar\u00ebt tregojn\u00eb vullnet p\u00ebr t\u00eb k\u00ebrkuar ndryshim, mund t\u00eb jet\u00eb hapi m\u00eb i madh drejt an\u00ebtar\u00ebsimit\u201d - FjALA e LIR\u00cb - Arkivi\",\"isPartOf\":{\"@id\":\"https:\\\/\\\/fjala.info\\\/2009-2015\\\/#website\"},\"primaryImageOfPage\":{\"@id\":\"https:\\\/\\\/fjala.info\\\/2009-2015\\\/nese-shqiptaret-tregojne-vullnet-per-te-kerkuar-ndryshim-mund-te-jete-hapi-me-i-madh-drejt-anetaresimit\\\/#primaryimage\"},\"image\":{\"@id\":\"https:\\\/\\\/fjala.info\\\/2009-2015\\\/nese-shqiptaret-tregojne-vullnet-per-te-kerkuar-ndryshim-mund-te-jete-hapi-me-i-madh-drejt-anetaresimit\\\/#primaryimage\"},\"thumbnailUrl\":\"http:\\\/\\\/www.shkoder.net\\\/images\\\/fjala\\\/2010\\\/karsten_ankjaer_jensen.jpg\",\"datePublished\":\"2011-11-16T15:04:41+00:00\",\"breadcrumb\":{\"@id\":\"https:\\\/\\\/fjala.info\\\/2009-2015\\\/nese-shqiptaret-tregojne-vullnet-per-te-kerkuar-ndryshim-mund-te-jete-hapi-me-i-madh-drejt-anetaresimit\\\/#breadcrumb\"},\"inLanguage\":\"sq-AL\",\"potentialAction\":[{\"@type\":\"ReadAction\",\"target\":[\"https:\\\/\\\/fjala.info\\\/2009-2015\\\/nese-shqiptaret-tregojne-vullnet-per-te-kerkuar-ndryshim-mund-te-jete-hapi-me-i-madh-drejt-anetaresimit\\\/\"]}]},{\"@type\":\"ImageObject\",\"inLanguage\":\"sq-AL\",\"@id\":\"https:\\\/\\\/fjala.info\\\/2009-2015\\\/nese-shqiptaret-tregojne-vullnet-per-te-kerkuar-ndryshim-mund-te-jete-hapi-me-i-madh-drejt-anetaresimit\\\/#primaryimage\",\"url\":\"http:\\\/\\\/www.shkoder.net\\\/images\\\/fjala\\\/2010\\\/karsten_ankjaer_jensen.jpg\",\"contentUrl\":\"http:\\\/\\\/www.shkoder.net\\\/images\\\/fjala\\\/2010\\\/karsten_ankjaer_jensen.jpg\"},{\"@type\":\"BreadcrumbList\",\"@id\":\"https:\\\/\\\/fjala.info\\\/2009-2015\\\/nese-shqiptaret-tregojne-vullnet-per-te-kerkuar-ndryshim-mund-te-jete-hapi-me-i-madh-drejt-anetaresimit\\\/#breadcrumb\",\"itemListElement\":[{\"@type\":\"ListItem\",\"position\":1,\"name\":\"Home\",\"item\":\"https:\\\/\\\/fjala.info\\\/2009-2015\\\/\"},{\"@type\":\"ListItem\",\"position\":2,\"name\":\"\u201cN\u00ebse shqiptar\u00ebt tregojn\u00eb vullnet p\u00ebr t\u00eb k\u00ebrkuar ndryshim, mund t\u00eb jet\u00eb hapi m\u00eb i madh drejt an\u00ebtar\u00ebsimit\u201d\"}]},{\"@type\":\"WebSite\",\"@id\":\"https:\\\/\\\/fjala.info\\\/2009-2015\\\/#website\",\"url\":\"https:\\\/\\\/fjala.info\\\/2009-2015\\\/\",\"name\":\"FjALA e LIR\u00cb - Arkivi\",\"description\":\"Arkivi 2009-2015\",\"publisher\":{\"@id\":\"https:\\\/\\\/fjala.info\\\/2009-2015\\\/#organization\"},\"potentialAction\":[{\"@type\":\"SearchAction\",\"target\":{\"@type\":\"EntryPoint\",\"urlTemplate\":\"https:\\\/\\\/fjala.info\\\/2009-2015\\\/?s={search_term_string}\"},\"query-input\":{\"@type\":\"PropertyValueSpecification\",\"valueRequired\":true,\"valueName\":\"search_term_string\"}}],\"inLanguage\":\"sq-AL\"},{\"@type\":\"Organization\",\"@id\":\"https:\\\/\\\/fjala.info\\\/2009-2015\\\/#organization\",\"name\":\"FjALA e LIR\u00cb - Arkivi\",\"url\":\"https:\\\/\\\/fjala.info\\\/2009-2015\\\/\",\"logo\":{\"@type\":\"ImageObject\",\"inLanguage\":\"sq-AL\",\"@id\":\"https:\\\/\\\/fjala.info\\\/2009-2015\\\/#\\\/schema\\\/logo\\\/image\\\/\",\"url\":\"\",\"contentUrl\":\"\",\"caption\":\"FjALA e LIR\u00cb - Arkivi\"},\"image\":{\"@id\":\"https:\\\/\\\/fjala.info\\\/2009-2015\\\/#\\\/schema\\\/logo\\\/image\\\/\"}},{\"@type\":\"Person\",\"@id\":\"https:\\\/\\\/fjala.info\\\/2009-2015\\\/#\\\/schema\\\/person\\\/3aa1163ef05469c496fc94e77611ada2\",\"name\":\"admin\",\"image\":{\"@type\":\"ImageObject\",\"inLanguage\":\"sq-AL\",\"@id\":\"https:\\\/\\\/fjala.info\\\/2009-2015\\\/wp-content\\\/uploads\\\/2012\\\/02\\\/arben_cokaj-120x150.jpg\",\"url\":\"https:\\\/\\\/fjala.info\\\/2009-2015\\\/wp-content\\\/uploads\\\/2012\\\/02\\\/arben_cokaj-120x150.jpg\",\"contentUrl\":\"https:\\\/\\\/fjala.info\\\/2009-2015\\\/wp-content\\\/uploads\\\/2012\\\/02\\\/arben_cokaj-120x150.jpg\",\"caption\":\"admin\"},\"description\":\"Admin, Fjala e Lir\u00eb\",\"sameAs\":[\"https:\\\/\\\/fjala.info\\\/\"],\"url\":\"https:\\\/\\\/fjala.info\\\/2009-2015\\\/author\\\/admin\\\/\"}]}<\/script>\n<!-- \/ Yoast SEO plugin. -->","yoast_head_json":{"title":"\u201cN\u00ebse shqiptar\u00ebt tregojn\u00eb vullnet p\u00ebr t\u00eb k\u00ebrkuar ndryshim, mund t\u00eb jet\u00eb hapi m\u00eb i madh drejt an\u00ebtar\u00ebsimit\u201d - FjALA e LIR\u00cb - Arkivi","robots":{"index":"index","follow":"follow","max-snippet":"max-snippet:-1","max-image-preview":"max-image-preview:large","max-video-preview":"max-video-preview:-1"},"canonical":"https:\/\/fjala.info\/2009-2015\/nese-shqiptaret-tregojne-vullnet-per-te-kerkuar-ndryshim-mund-te-jete-hapi-me-i-madh-drejt-anetaresimit\/","og_locale":"sq_AL","og_type":"article","og_title":"\u201cN\u00ebse shqiptar\u00ebt tregojn\u00eb vullnet p\u00ebr t\u00eb k\u00ebrkuar ndryshim, mund t\u00eb jet\u00eb hapi m\u00eb i madh drejt an\u00ebtar\u00ebsimit\u201d - FjALA e LIR\u00cb - Arkivi","og_description":"Nga Karsten Ankjaer Jensen, 16 N\u00ebntor 2011 Ambasadori i Danimark\u00ebs Sot do t\u00eb flas p\u00ebr nj\u00eb nga \u00e7\u00ebshtjet e mia t\u00eb preferuara: trafikun. P\u00ebr shumic\u00ebn e t\u00eb huajve, trafiku shqiptar \u00ebsht\u00eb shikimi i par\u00eb q\u00eb hedhin ata n\u00eb problemet e integrimit evropian t\u00eb shqiptar\u00ebve. Dhe nuk t\u00eb duhet shum\u00eb koh\u00eb duke ngar\u00eb makin\u00ebn ose duke [&hellip;]","og_url":"https:\/\/fjala.info\/2009-2015\/nese-shqiptaret-tregojne-vullnet-per-te-kerkuar-ndryshim-mund-te-jete-hapi-me-i-madh-drejt-anetaresimit\/","og_site_name":"FjALA e LIR\u00cb - Arkivi","article_published_time":"2011-11-16T15:04:41+00:00","og_image":[{"url":"http:\/\/www.shkoder.net\/images\/fjala\/2010\/karsten_ankjaer_jensen.jpg","type":"","width":"","height":""}],"author":"admin","twitter_card":"summary_large_image","twitter_misc":{"Written by":"admin","Est. reading time":"8 minutes"},"schema":{"@context":"https:\/\/schema.org","@graph":[{"@type":"Article","@id":"https:\/\/fjala.info\/2009-2015\/nese-shqiptaret-tregojne-vullnet-per-te-kerkuar-ndryshim-mund-te-jete-hapi-me-i-madh-drejt-anetaresimit\/#article","isPartOf":{"@id":"https:\/\/fjala.info\/2009-2015\/nese-shqiptaret-tregojne-vullnet-per-te-kerkuar-ndryshim-mund-te-jete-hapi-me-i-madh-drejt-anetaresimit\/"},"author":{"name":"admin","@id":"https:\/\/fjala.info\/2009-2015\/#\/schema\/person\/3aa1163ef05469c496fc94e77611ada2"},"headline":"\u201cN\u00ebse shqiptar\u00ebt tregojn\u00eb vullnet p\u00ebr t\u00eb k\u00ebrkuar ndryshim, mund t\u00eb jet\u00eb hapi m\u00eb i madh drejt an\u00ebtar\u00ebsimit\u201d","datePublished":"2011-11-16T15:04:41+00:00","mainEntityOfPage":{"@id":"https:\/\/fjala.info\/2009-2015\/nese-shqiptaret-tregojne-vullnet-per-te-kerkuar-ndryshim-mund-te-jete-hapi-me-i-madh-drejt-anetaresimit\/"},"wordCount":1537,"commentCount":0,"publisher":{"@id":"https:\/\/fjala.info\/2009-2015\/#organization"},"image":{"@id":"https:\/\/fjala.info\/2009-2015\/nese-shqiptaret-tregojne-vullnet-per-te-kerkuar-ndryshim-mund-te-jete-hapi-me-i-madh-drejt-anetaresimit\/#primaryimage"},"thumbnailUrl":"http:\/\/www.shkoder.net\/images\/fjala\/2010\/karsten_ankjaer_jensen.jpg","articleSection":["Artikuj"],"inLanguage":"sq-AL","potentialAction":[{"@type":"CommentAction","name":"Comment","target":["https:\/\/fjala.info\/2009-2015\/nese-shqiptaret-tregojne-vullnet-per-te-kerkuar-ndryshim-mund-te-jete-hapi-me-i-madh-drejt-anetaresimit\/#respond"]}]},{"@type":"WebPage","@id":"https:\/\/fjala.info\/2009-2015\/nese-shqiptaret-tregojne-vullnet-per-te-kerkuar-ndryshim-mund-te-jete-hapi-me-i-madh-drejt-anetaresimit\/","url":"https:\/\/fjala.info\/2009-2015\/nese-shqiptaret-tregojne-vullnet-per-te-kerkuar-ndryshim-mund-te-jete-hapi-me-i-madh-drejt-anetaresimit\/","name":"\u201cN\u00ebse shqiptar\u00ebt tregojn\u00eb vullnet p\u00ebr t\u00eb k\u00ebrkuar ndryshim, mund t\u00eb jet\u00eb hapi m\u00eb i madh drejt an\u00ebtar\u00ebsimit\u201d - FjALA e LIR\u00cb - Arkivi","isPartOf":{"@id":"https:\/\/fjala.info\/2009-2015\/#website"},"primaryImageOfPage":{"@id":"https:\/\/fjala.info\/2009-2015\/nese-shqiptaret-tregojne-vullnet-per-te-kerkuar-ndryshim-mund-te-jete-hapi-me-i-madh-drejt-anetaresimit\/#primaryimage"},"image":{"@id":"https:\/\/fjala.info\/2009-2015\/nese-shqiptaret-tregojne-vullnet-per-te-kerkuar-ndryshim-mund-te-jete-hapi-me-i-madh-drejt-anetaresimit\/#primaryimage"},"thumbnailUrl":"http:\/\/www.shkoder.net\/images\/fjala\/2010\/karsten_ankjaer_jensen.jpg","datePublished":"2011-11-16T15:04:41+00:00","breadcrumb":{"@id":"https:\/\/fjala.info\/2009-2015\/nese-shqiptaret-tregojne-vullnet-per-te-kerkuar-ndryshim-mund-te-jete-hapi-me-i-madh-drejt-anetaresimit\/#breadcrumb"},"inLanguage":"sq-AL","potentialAction":[{"@type":"ReadAction","target":["https:\/\/fjala.info\/2009-2015\/nese-shqiptaret-tregojne-vullnet-per-te-kerkuar-ndryshim-mund-te-jete-hapi-me-i-madh-drejt-anetaresimit\/"]}]},{"@type":"ImageObject","inLanguage":"sq-AL","@id":"https:\/\/fjala.info\/2009-2015\/nese-shqiptaret-tregojne-vullnet-per-te-kerkuar-ndryshim-mund-te-jete-hapi-me-i-madh-drejt-anetaresimit\/#primaryimage","url":"http:\/\/www.shkoder.net\/images\/fjala\/2010\/karsten_ankjaer_jensen.jpg","contentUrl":"http:\/\/www.shkoder.net\/images\/fjala\/2010\/karsten_ankjaer_jensen.jpg"},{"@type":"BreadcrumbList","@id":"https:\/\/fjala.info\/2009-2015\/nese-shqiptaret-tregojne-vullnet-per-te-kerkuar-ndryshim-mund-te-jete-hapi-me-i-madh-drejt-anetaresimit\/#breadcrumb","itemListElement":[{"@type":"ListItem","position":1,"name":"Home","item":"https:\/\/fjala.info\/2009-2015\/"},{"@type":"ListItem","position":2,"name":"\u201cN\u00ebse shqiptar\u00ebt tregojn\u00eb vullnet p\u00ebr t\u00eb k\u00ebrkuar ndryshim, mund t\u00eb jet\u00eb hapi m\u00eb i madh drejt an\u00ebtar\u00ebsimit\u201d"}]},{"@type":"WebSite","@id":"https:\/\/fjala.info\/2009-2015\/#website","url":"https:\/\/fjala.info\/2009-2015\/","name":"FjALA e LIR\u00cb - Arkivi","description":"Arkivi 2009-2015","publisher":{"@id":"https:\/\/fjala.info\/2009-2015\/#organization"},"potentialAction":[{"@type":"SearchAction","target":{"@type":"EntryPoint","urlTemplate":"https:\/\/fjala.info\/2009-2015\/?s={search_term_string}"},"query-input":{"@type":"PropertyValueSpecification","valueRequired":true,"valueName":"search_term_string"}}],"inLanguage":"sq-AL"},{"@type":"Organization","@id":"https:\/\/fjala.info\/2009-2015\/#organization","name":"FjALA e LIR\u00cb - Arkivi","url":"https:\/\/fjala.info\/2009-2015\/","logo":{"@type":"ImageObject","inLanguage":"sq-AL","@id":"https:\/\/fjala.info\/2009-2015\/#\/schema\/logo\/image\/","url":"","contentUrl":"","caption":"FjALA e LIR\u00cb - Arkivi"},"image":{"@id":"https:\/\/fjala.info\/2009-2015\/#\/schema\/logo\/image\/"}},{"@type":"Person","@id":"https:\/\/fjala.info\/2009-2015\/#\/schema\/person\/3aa1163ef05469c496fc94e77611ada2","name":"admin","image":{"@type":"ImageObject","inLanguage":"sq-AL","@id":"https:\/\/fjala.info\/2009-2015\/wp-content\/uploads\/2012\/02\/arben_cokaj-120x150.jpg","url":"https:\/\/fjala.info\/2009-2015\/wp-content\/uploads\/2012\/02\/arben_cokaj-120x150.jpg","contentUrl":"https:\/\/fjala.info\/2009-2015\/wp-content\/uploads\/2012\/02\/arben_cokaj-120x150.jpg","caption":"admin"},"description":"Admin, Fjala e Lir\u00eb","sameAs":["https:\/\/fjala.info\/"],"url":"https:\/\/fjala.info\/2009-2015\/author\/admin\/"}]}},"_links":{"self":[{"href":"https:\/\/fjala.info\/2009-2015\/wp-json\/wp\/v2\/posts\/183","targetHints":{"allow":["GET"]}}],"collection":[{"href":"https:\/\/fjala.info\/2009-2015\/wp-json\/wp\/v2\/posts"}],"about":[{"href":"https:\/\/fjala.info\/2009-2015\/wp-json\/wp\/v2\/types\/post"}],"author":[{"embeddable":true,"href":"https:\/\/fjala.info\/2009-2015\/wp-json\/wp\/v2\/users\/1"}],"replies":[{"embeddable":true,"href":"https:\/\/fjala.info\/2009-2015\/wp-json\/wp\/v2\/comments?post=183"}],"version-history":[{"count":0,"href":"https:\/\/fjala.info\/2009-2015\/wp-json\/wp\/v2\/posts\/183\/revisions"}],"wp:attachment":[{"href":"https:\/\/fjala.info\/2009-2015\/wp-json\/wp\/v2\/media?parent=183"}],"wp:term":[{"taxonomy":"category","embeddable":true,"href":"https:\/\/fjala.info\/2009-2015\/wp-json\/wp\/v2\/categories?post=183"},{"taxonomy":"post_tag","embeddable":true,"href":"https:\/\/fjala.info\/2009-2015\/wp-json\/wp\/v2\/tags?post=183"}],"curies":[{"name":"wp","href":"https:\/\/api.w.org\/{rel}","templated":true}]}}