{"id":1826,"date":"2012-02-15T22:31:27","date_gmt":"2012-02-15T21:31:27","guid":{"rendered":"http:\/\/fjala.shkoder.net\/?p=1826"},"modified":"2012-02-15T22:31:27","modified_gmt":"2012-02-15T21:31:27","slug":"me-ke-eshte-ne-lufte-qeveria","status":"publish","type":"post","link":"https:\/\/fjala.info\/2009-2015\/me-ke-eshte-ne-lufte-qeveria\/","title":{"rendered":"Me k\u00eb \u00ebsht\u00eb n\u00eb luft\u00eb qeveria?"},"content":{"rendered":"<p><img decoding=\"async\" class=\"alignright size-thumbnail wp-image-7236\" title=\"Mero Baze\" src=\"http:\/\/www.shkoder.net\/images\/fjala\/mero_baze1.jpg\" alt=\"\" width=\"150\" \/> Nga <strong>Mero Baze<\/strong>, <em>15 Shkurt 2012<\/em><\/p>\n<p>Qeveria shqiptare po shk\u00eblqen n\u00eb p\u00ebrpjekjet e saj p\u00ebr t\u00eb b\u00ebr\u00eb t\u00eb padobish\u00ebm \u00e7do faktor tjet\u00ebr q\u00eb tenton t\u00eb ndihmoj\u00eb n\u00eb leht\u00ebsimin e fatkeq\u00ebsis\u00eb natyrore q\u00eb ka pllakosur vendin. Ajo jo vet\u00ebm q\u00eb nuk \u00ebsht\u00eb e angazhuar n\u00eb kanalizimin e gjith\u00eb energjive t\u00eb shoq\u00ebris\u00eb dhe institucioneve n\u00eb nj\u00eb qend\u00ebr t\u00eb vetme p\u00ebr ta b\u00ebr\u00eb m\u00eb t\u00eb leht\u00eb menaxhimin e kriz\u00ebs, por po harxhon energjit\u00eb e saj p\u00ebr t\u2019i \u201ctreguar vendin\u201d gjithkujt q\u00eb do t\u00eb ndihmoj\u00eb n\u00eb k\u00ebt\u00eb situat\u00eb. Ajo i ka shpallur luft\u00eb presidentit, opozit\u00ebs, medies dhe kujtdo q\u00eb tenton t\u00eb b\u00ebj\u00eb di\u00e7ka.<\/p>\n<p>Ka nj\u00eb s\u00ebr\u00eb aktesh irrituese t\u00eb saj, t\u00eb cilat e b\u00ebjn\u00eb m\u00eb t\u00eb r\u00ebnd\u00eb k\u00ebt\u00eb fatkeq\u00ebsi. Qeveria sillet me t\u00eb humburit, t\u00eb izoluarit, t\u00eb vdekurit, t\u00eb uriturit dhe t\u00eb pashpres\u00ebt, sikur t\u00eb mos jen\u00eb viktima t\u00eb motit, por viktima t\u00eb saj dhe ajo duhet t\u2019i mbaj\u00eb fshehur. Berisha po tenton t\u00eb fsheh\u00eb pleqt\u00eb e vdekur n\u00eb Tropoj\u00eb si baxhanakun n\u00eb tragjedin\u00eb e G\u00ebrdecit, a thua i ka vrar\u00eb dhe ata me dor\u00eb t\u00eb vet. Koshiente p\u00ebr p\u00ebrgjegj\u00ebsin\u00eb e saj q\u00eb ka l\u00ebn\u00eb zona t\u00eb t\u00ebra pa furnizim, rrug\u00ebt pa krip\u00eb, dhe kompanit\u00eb e rrug\u00ebve pa lek, ajo po sillet me situat\u00ebn si e z\u00ebn\u00eb n\u00eb faj dhe p\u00ebrpiqet ta fsheh\u00eb pa pik\u00eb kuptimi.<\/p>\n<p>Ministri i Brendsh\u00ebm i Shqip\u00ebris\u00eb, nj\u00eb i paaft\u00eb mediok\u00ebr, informacionin e vet\u00ebm q\u00eb i ka dh\u00ebn\u00eb publikut deri tani \u00ebsht\u00eb se telefonatat alarmuese p\u00ebr situat\u00ebn jan\u00eb b\u00ebr\u00eb nga kafenet\u00eb e Tiran\u00ebs dhe ky i paska zbuluar. N\u00eb \u00e7do vend t\u00eb bot\u00ebs, n\u00eb situata t\u00eb tilla, ata q\u00eb informojn\u00eb publikun dhe ngren\u00eb alarme p\u00ebr nj\u00eb situat\u00eb t\u00eb keqe jan\u00eb p\u00ebr t&#8217;u shp\u00ebrblyer, pasi rrisin angazhimin e shoq\u00ebris\u00eb dhe qeveris\u00eb p\u00ebr situat\u00ebn.<\/p>\n<p>Ministri jon\u00eb i Brendsh\u00ebm, jo vet\u00ebm q\u00eb i urren ata q\u00eb thon\u00eb po vdesim n\u00ebn d\u00ebbor\u00eb, por dhe paska koh\u00eb t\u00eb hetoj\u00eb dhe t\u00eb p\u00ebrgjoj\u00eb telefona redaksish k\u00ebto dit\u00eb, p\u00ebr t\u00eb zbuluar nga cili telefon rruge jan\u00eb b\u00ebr\u00eb telefonatat. Dhe k\u00ebt\u00eb e thot\u00eb kur situata n\u00eb Veri po b\u00ebhet ora- or\u00ebs m\u00eb e keqe, dhe kur z\u00ebrat p\u00ebr ndihm\u00eb po shterojn\u00eb nga fikja e celular\u00ebve, nga ikja e energjis\u00eb dhe ndoshta larg qoft\u00eb dhe shuarja e jet\u00ebve. M\u00eb gjeni nj\u00eb minist\u00ebr tjet\u00ebr t\u00eb till\u00eb n\u00eb bot\u00eb q\u00eb n\u00eb nj\u00eb situat\u00eb t\u00eb till\u00eb ka shqet\u00ebsim kush raporton p\u00ebr situat\u00ebn e keqe dhe shantazhon redaksit\u00eb se u p\u00ebrgjon telefonat!<\/p>\n<p>M\u00eb gjeni n\u00eb bot\u00eb nj\u00eb rast t\u00eb dyt\u00eb kur raportet informative t\u00eb qeveris\u00eb jan\u00eb qesharake dhe fyese p\u00ebr intelektin e qytetar\u00ebve, ku thuhet se rruga \u00ebsht\u00eb plot\u00ebsisht e hapur, por ka disa vende t\u00eb pakalueshme, apo rruga \u00ebsht\u00eb 80 p\u00ebr qind e hapur, por kujdes kur t\u00eb ecni!!! N\u00eb nj\u00eb situat\u00eb t\u00eb till\u00eb krize, detyra e atij ministri \u00ebsht\u00eb q\u00eb t\u00eb informoj\u00eb shqiptar\u00ebt \u00e7do sekond\u00eb p\u00ebr gjendjen, biles duke na dh\u00ebn\u00eb lajmin m\u00eb t\u00eb keq t\u00eb parin, p\u00ebr ta ditur si po shkon situata, detyra e tij \u00ebsht\u00eb t\u2019i shkoj\u00eb \u00e7do banori n\u00eb rrezik me helikopter apo makin\u00eb tek sht\u00ebpia, t\u00eb falenderoj\u00eb medien q\u00eb sensibilizon situat\u00ebn p\u00ebr kriz\u00ebn dhe kur e gjith\u00eb kjo t\u00eb mbaroj\u00eb, t\u00eb k\u00ebrkoj\u00eb ndjes\u00eb q\u00eb u shkaktoi aq mundime njer\u00ebzve nga paaft\u00ebsia e tij.<\/p>\n<p>Ai p\u00ebrpara se t\u00eb verifikoj\u00eb telefonatat e b\u00ebra n\u00eb redaksi televizionesh apo gazetash, duhet t\u00eb verifikoj\u00eb situat\u00ebn p\u00ebr t\u00eb cil\u00ebn ata flasin. Ka telefonata q\u00eb nuk b\u00ebhen n\u00ebn ortek, ka telefonata q\u00eb nuk b\u00ebhen dot nga vendet ku tashm\u00eb s\u2019ka m\u00eb as energji elektrike. Nj\u00eb i af\u00ebrm i t\u00eb zhdukurve n\u00eb Nikaj- M\u00ebrtur merr nga SHBA, por kjo s\u2019do t\u00eb thot\u00eb se ai k\u00ebrkon t\u00eb ngrej\u00eb alarm fallco. E vetmja gj\u00eb fallco q\u00eb t\u00eb irriton n\u00eb k\u00ebt\u00eb histori, \u00ebsht\u00eb qet\u00ebsia fallco q\u00eb p\u00ebrpiqet t\u00eb transmetoj\u00eb Bujar Nishani, maskuar me nj\u00eb pal\u00eb mustaqe primitive dhe nga viskoziteti i gjymtyr\u00ebve t\u00eb tij.<\/p>\n<p>Shqiptar\u00ebt jan\u00eb n\u00eb luft\u00eb me fatkeq\u00ebsin\u00eb natyrore, nd\u00ebrsa Berisha \u00ebsht\u00eb n\u00eb lufte me shqiptar\u00ebt q\u00eb duan t\u00eb ndihmojn\u00eb shqiptar\u00ebt t\u00eb shp\u00ebtojn\u00eb nga kjo fatkeq\u00ebsi natyrore. N\u00eb gjith\u00eb k\u00ebt\u00eb kriz\u00eb, ende nuk kemi nj\u00eb em\u00ebr, nj\u00eb figur\u00eb t\u00eb shtetit apo pushtetit, nj\u00eb minist\u00ebr, nj\u00eb prefekt apo komandant ushtarak t\u00eb jet\u00eb b\u00ebr\u00eb simbol i shp\u00ebtimit. \u00cbsht\u00eb ndoshta e vetmja kriz\u00eb humanitare n\u00eb bot\u00eb q\u00eb ka prodhuar dordolec\u00eb dhe barsoleta. Gjith\u00eb energjit\u00eb e qeveris\u00eb deri m\u00eb sot po harxhohen kund\u00ebr opozit\u00ebs dhe medies q\u00eb merret me kriz\u00ebn.<\/p>\n<p>Ministri i Brendsh\u00ebm me shantazhe, Sali Berisha me nekrofili dhe Jozefina Topalli me pap\u00ebrgjegj\u00ebsi, po sillen me kriz\u00ebn si me xhelati me viktim\u00ebn. Nishani pa shum\u00eb sforcim i b\u00ebn njer\u00ebzit t\u00eb ken\u00eb neveri, Berisha pa shum\u00eb mundim, her\u00eb me lajthitjen e tij, e her\u00eb me diabolizmin e tij, e gjezdis kriz\u00ebn sa nga varrezat shqiptare tek Muri Kinez, kurse Jozefina Topalli vet\u00ebm k\u00ebt\u00eb jav\u00eb ka marr\u00eb 10 mij\u00eb euro dieta p\u00ebr t\u00eb sh\u00ebtitur n\u00eb bot\u00eb arabe dhe 10 euro dieta p\u00ebr t\u00eb shkuar n\u00eb Shkod\u00ebr e p\u00ebr t\u00eb k\u00ebputur bro\u00e7kulla p\u00ebr situat\u00ebn.<\/p>\n<p>Duke qen\u00eb nj\u00eb kriz\u00eb, ku Berisha po tenton t\u2019i orientoj\u00eb energjit\u00eb e njer\u00ebzve larg saj, ne sot gjendemi para nj\u00eb situate paradoksale, ku Presidentit i duhet t\u00eb marr\u00eb ekipin e tij dhe t\u00eb shkoj\u00eb n\u00eb disa komuna dhe nj\u00eb hidrocentral p\u00ebr t\u00eb ngritur alarmin p\u00ebr gjendjen. \u00cbsht\u00eb qesharake p\u00ebr nj\u00eb shtet q\u00eb Presidenti t\u00eb shkoj\u00eb n\u00eb vendngjarje t\u00eb kriz\u00ebs dhe t\u00eb informohet nga rrethana spontane se nj\u00eb familje ka nevoj\u00eb t\u00eb evakuohet dhe ajo pastaj t\u00eb evakuohet. \u00c7\u2019do t\u00eb ndodhte n\u00ebse ajo familja nuk njihte njeri af\u00ebr Presidentit?<\/p>\n<p>Kjo zbulon pik\u00ebrisht faktin q\u00eb shteti nuk funksionon, shteti nuk ka hart\u00eb emergjencash, nuk ka statistika, nuk ka informacion t\u00eb update-ar p\u00ebr situat\u00ebn dhe gjithkush p\u00ebrpiqet t\u00eb b\u00ebj\u00eb di\u00e7ka spontanisht. Presidenti e ka vendin n\u00eb zyr\u00ebn e vet dhe duhet t\u00eb b\u00ebj\u00eb presionin e duhur mbi Kryeministrin dhe qeverin\u00eb t\u00eb p\u00ebrballojn\u00eb kriz\u00ebn duke koordinuar gjith\u00eb strukturat, p\u00ebrfshi dhe pushtetin lokal t\u00eb opozit\u00ebs. Por ai e ka t\u00eb pamundur. Pyetja e par\u00eb e Jozefina Topallit n\u00eb Shkod\u00ebr ishte \u201ckush e ka prit\u00eb Bamirin\u201d dhe jo kush ka vdekur e kush \u00ebsht\u00eb gjall\u00eb.<\/p>\n<p>E nj\u00ebjta situat\u00eb ka \u00e7uar n\u00eb pozicion t\u00eb padobish\u00ebm dhe gjith\u00eb p\u00ebrpjekjen e opozit\u00ebs. \u00cbsht\u00eb e pazakont\u00eb q\u00eb nj\u00eb opozit\u00eb t\u00eb marr\u00eb thas\u00eb me miell dhe \u00e7anta me ndihma dhe t\u00eb shkoj\u00eb t\u2019ua ndaj banor\u00ebve. Jo se b\u00ebn gabim, por nuk \u00ebsht\u00eb ai roli i saj. Gjeste bamir\u00ebsie mund t\u00eb b\u00ebjm\u00eb t\u00eb gjith\u00eb, por jo n\u00eb rolin t\u00ebnd institucional. Un\u00eb jam gazetar dhe n\u00eb k\u00ebt\u00eb kriz\u00eb duhet t\u00eb raportoj. Po qe se kam 100 dollar\u00eb dhe mund t\u2019i dhuroj. Opozita \u00ebsht\u00eb opozit\u00eb dhe n\u00eb k\u00ebt\u00eb kriz\u00eb duhet t\u00eb korrigjoj\u00eb pushtetin dhe t\u00eb mobilizoj\u00eb strukturat e saj t\u00eb bashk\u00ebpunojn\u00eb me qeverin\u00eb p\u00ebr t\u00eb p\u00ebrballuar gjendjen.<\/p>\n<p>N\u00ebse dikush prej opozitar\u00ebve ka mund\u00ebsi, mund t\u00eb b\u00ebj\u00eb dhe bamir\u00ebsi. Presidenti \u00ebsht\u00eb president dhe n\u00eb koh\u00eb krize duhet t\u00eb jap\u00eb garanci se shteti funksionon. K\u00ebshtu si po sillet qeveria ndaj kriz\u00ebs, ka nxjerr\u00eb jasht\u00eb loje jo vet\u00ebm veten e saj, por gjith\u00eb aktor\u00ebt e tjer\u00eb t\u00eb shoq\u00ebris\u00eb, ku secili p\u00ebrpiqet t\u00eb b\u00ebj\u00eb di\u00e7ka q\u00eb t\u00eb mos duket sikur rri duarkryq, por n\u00eb fakt n\u00eb t\u00ebr\u00ebsi nuk b\u00ebjn\u00eb dot asgj\u00eb.<\/p>\n<p>Krizat p\u00ebrballohen nga pushteti dhe jan\u00eb p\u00ebrgjegj\u00ebsi e tij. Pushteti duhet t\u00eb b\u00ebj\u00eb efektive jo vet\u00ebm fuqit\u00eb e veta, por energjit\u00eb e t\u00eb gjith\u00ebve q\u00eb duan t\u00eb ndihmojn\u00eb n\u00eb k\u00ebt\u00eb kriz\u00eb, edhe at\u00eb q\u00eb telefonon p\u00ebr rreziqet q\u00eb shikon, edhe gazetarin q\u00eb raporton nga d\u00ebbora, edhe opozitarin q\u00eb do t\u00eb ngrej\u00eb shqet\u00ebsimin p\u00ebr fatkeq\u00ebsin\u00eb natyrore dhe t\u00eb jap\u00eb nj\u00eb dor\u00eb t\u00eb kalohet, dhe Presidentin q\u00eb duhet t\u00eb drejtoj\u00eb strukturat e shtetit p\u00ebr t\u00eb p\u00ebrballuar situat\u00ebn. Por kjo qeveri jo vet\u00ebm q\u00eb s\u2019po b\u00ebn vet\u00eb asgj\u00eb, por po ndihmon q\u00eb t\u00eb gjith\u00eb t\u00eb vijn\u00eb v\u00ebrdall\u00eb dhe askush t\u00eb mos jet\u00eb efektiv n\u00eb d\u00ebshir\u00ebn p\u00ebr t\u00eb ndihmuar.<\/p>\n<p>T\u00eb qart\u00eb se vet\u00eb jan\u00eb t\u00eb paaft\u00eb ta p\u00ebrballojn\u00eb k\u00ebt\u00eb kriz\u00eb, jan\u00eb gati t\u00eb rrisin \u00e7mimin e saj, me jet\u00ebn e qytetar\u00ebve, mjafton q\u00eb askush tjet\u00ebr t\u00eb mos krahasohet me ta si m\u00eb i aft\u00eb. \u00cbsht\u00eb kjo arsyeja q\u00eb Nishani ka fuqi vet\u00ebm t\u00eb shantazhoj\u00eb median duke u kujtuar se i p\u00ebrgjon, Berisha ka fuqi vet\u00ebm t\u00eb shantazhoj\u00eb opozit\u00ebn dhe na heq mendjen nga kriza me gallate kineze, dhe Jozefina ka fuqi vet\u00ebm t\u00eb ruaj\u00eb kush takon Bamir Topin. Askush prej tyre nuk e ka mendjen tek ata shqiptar\u00eb fatzinj q\u00eb po vdesin n\u00ebn terrorin e bardh\u00eb t\u00eb bor\u00ebs. Ata s\u2019kan\u00eb fuqi t\u00eb prekin dhe ndryshojn\u00eb pushtetin e tyre. Prej tyre u duhen vet\u00ebm emrat n\u00eb listat e votimit. Votat i hedhin vet\u00eb, qofshin dhe t\u00eb vdekur.<\/p>\n","protected":false},"excerpt":{"rendered":"<p>Nga Mero Baze, 15 Shkurt 2012 Qeveria shqiptare po shk\u00eblqen n\u00eb p\u00ebrpjekjet e saj p\u00ebr t\u00eb b\u00ebr\u00eb t\u00eb padobish\u00ebm \u00e7do faktor tjet\u00ebr q\u00eb tenton t\u00eb ndihmoj\u00eb n\u00eb leht\u00ebsimin e fatkeq\u00ebsis\u00eb natyrore q\u00eb ka pllakosur vendin. Ajo jo vet\u00ebm q\u00eb nuk \u00ebsht\u00eb e angazhuar n\u00eb kanalizimin e gjith\u00eb energjive t\u00eb shoq\u00ebris\u00eb dhe institucioneve n\u00eb nj\u00eb qend\u00ebr [&hellip;]<\/p>\n","protected":false},"author":1,"featured_media":0,"comment_status":"open","ping_status":"closed","sticky":false,"template":"","format":"standard","meta":{"footnotes":""},"categories":[2],"tags":[],"class_list":{"0":"post-1826","1":"post","2":"type-post","3":"status-publish","4":"format-standard","6":"category-artikuj"},"yoast_head":"<!-- This site is optimized with the Yoast SEO plugin v27.4 - https:\/\/yoast.com\/product\/yoast-seo-wordpress\/ -->\n<title>Me k\u00eb \u00ebsht\u00eb n\u00eb luft\u00eb qeveria? - FjALA e LIR\u00cb - Arkivi<\/title>\n<meta name=\"robots\" content=\"index, follow, max-snippet:-1, max-image-preview:large, max-video-preview:-1\" \/>\n<link rel=\"canonical\" href=\"https:\/\/fjala.info\/2009-2015\/me-ke-eshte-ne-lufte-qeveria\/\" \/>\n<meta property=\"og:locale\" content=\"sq_AL\" \/>\n<meta property=\"og:type\" content=\"article\" \/>\n<meta property=\"og:title\" content=\"Me k\u00eb \u00ebsht\u00eb n\u00eb luft\u00eb qeveria? - FjALA e LIR\u00cb - Arkivi\" \/>\n<meta property=\"og:description\" content=\"Nga Mero Baze, 15 Shkurt 2012 Qeveria shqiptare po shk\u00eblqen n\u00eb p\u00ebrpjekjet e saj p\u00ebr t\u00eb b\u00ebr\u00eb t\u00eb padobish\u00ebm \u00e7do faktor tjet\u00ebr q\u00eb tenton t\u00eb ndihmoj\u00eb n\u00eb leht\u00ebsimin e fatkeq\u00ebsis\u00eb natyrore q\u00eb ka pllakosur vendin. Ajo jo vet\u00ebm q\u00eb nuk \u00ebsht\u00eb e angazhuar n\u00eb kanalizimin e gjith\u00eb energjive t\u00eb shoq\u00ebris\u00eb dhe institucioneve n\u00eb nj\u00eb qend\u00ebr [&hellip;]\" \/>\n<meta property=\"og:url\" content=\"https:\/\/fjala.info\/2009-2015\/me-ke-eshte-ne-lufte-qeveria\/\" \/>\n<meta property=\"og:site_name\" content=\"FjALA e LIR\u00cb - Arkivi\" \/>\n<meta property=\"article:published_time\" content=\"2012-02-15T21:31:27+00:00\" \/>\n<meta property=\"og:image\" content=\"http:\/\/www.shkoder.net\/images\/fjala\/mero_baze1.jpg\" \/>\n<meta name=\"author\" content=\"admin\" \/>\n<meta name=\"twitter:card\" content=\"summary_large_image\" \/>\n<meta name=\"twitter:label1\" content=\"Written by\" \/>\n\t<meta name=\"twitter:data1\" content=\"admin\" \/>\n\t<meta name=\"twitter:label2\" content=\"Est. reading time\" \/>\n\t<meta name=\"twitter:data2\" content=\"8 minutes\" \/>\n<script type=\"application\/ld+json\" class=\"yoast-schema-graph\">{\"@context\":\"https:\\\/\\\/schema.org\",\"@graph\":[{\"@type\":\"Article\",\"@id\":\"https:\\\/\\\/fjala.info\\\/2009-2015\\\/me-ke-eshte-ne-lufte-qeveria\\\/#article\",\"isPartOf\":{\"@id\":\"https:\\\/\\\/fjala.info\\\/2009-2015\\\/me-ke-eshte-ne-lufte-qeveria\\\/\"},\"author\":{\"name\":\"admin\",\"@id\":\"https:\\\/\\\/fjala.info\\\/2009-2015\\\/#\\\/schema\\\/person\\\/3aa1163ef05469c496fc94e77611ada2\"},\"headline\":\"Me k\u00eb \u00ebsht\u00eb n\u00eb luft\u00eb qeveria?\",\"datePublished\":\"2012-02-15T21:31:27+00:00\",\"mainEntityOfPage\":{\"@id\":\"https:\\\/\\\/fjala.info\\\/2009-2015\\\/me-ke-eshte-ne-lufte-qeveria\\\/\"},\"wordCount\":1610,\"commentCount\":0,\"publisher\":{\"@id\":\"https:\\\/\\\/fjala.info\\\/2009-2015\\\/#organization\"},\"image\":{\"@id\":\"https:\\\/\\\/fjala.info\\\/2009-2015\\\/me-ke-eshte-ne-lufte-qeveria\\\/#primaryimage\"},\"thumbnailUrl\":\"http:\\\/\\\/www.shkoder.net\\\/images\\\/fjala\\\/mero_baze1.jpg\",\"articleSection\":[\"Artikuj\"],\"inLanguage\":\"sq-AL\",\"potentialAction\":[{\"@type\":\"CommentAction\",\"name\":\"Comment\",\"target\":[\"https:\\\/\\\/fjala.info\\\/2009-2015\\\/me-ke-eshte-ne-lufte-qeveria\\\/#respond\"]}]},{\"@type\":\"WebPage\",\"@id\":\"https:\\\/\\\/fjala.info\\\/2009-2015\\\/me-ke-eshte-ne-lufte-qeveria\\\/\",\"url\":\"https:\\\/\\\/fjala.info\\\/2009-2015\\\/me-ke-eshte-ne-lufte-qeveria\\\/\",\"name\":\"Me k\u00eb \u00ebsht\u00eb n\u00eb luft\u00eb qeveria? - FjALA e LIR\u00cb - Arkivi\",\"isPartOf\":{\"@id\":\"https:\\\/\\\/fjala.info\\\/2009-2015\\\/#website\"},\"primaryImageOfPage\":{\"@id\":\"https:\\\/\\\/fjala.info\\\/2009-2015\\\/me-ke-eshte-ne-lufte-qeveria\\\/#primaryimage\"},\"image\":{\"@id\":\"https:\\\/\\\/fjala.info\\\/2009-2015\\\/me-ke-eshte-ne-lufte-qeveria\\\/#primaryimage\"},\"thumbnailUrl\":\"http:\\\/\\\/www.shkoder.net\\\/images\\\/fjala\\\/mero_baze1.jpg\",\"datePublished\":\"2012-02-15T21:31:27+00:00\",\"breadcrumb\":{\"@id\":\"https:\\\/\\\/fjala.info\\\/2009-2015\\\/me-ke-eshte-ne-lufte-qeveria\\\/#breadcrumb\"},\"inLanguage\":\"sq-AL\",\"potentialAction\":[{\"@type\":\"ReadAction\",\"target\":[\"https:\\\/\\\/fjala.info\\\/2009-2015\\\/me-ke-eshte-ne-lufte-qeveria\\\/\"]}]},{\"@type\":\"ImageObject\",\"inLanguage\":\"sq-AL\",\"@id\":\"https:\\\/\\\/fjala.info\\\/2009-2015\\\/me-ke-eshte-ne-lufte-qeveria\\\/#primaryimage\",\"url\":\"http:\\\/\\\/www.shkoder.net\\\/images\\\/fjala\\\/mero_baze1.jpg\",\"contentUrl\":\"http:\\\/\\\/www.shkoder.net\\\/images\\\/fjala\\\/mero_baze1.jpg\"},{\"@type\":\"BreadcrumbList\",\"@id\":\"https:\\\/\\\/fjala.info\\\/2009-2015\\\/me-ke-eshte-ne-lufte-qeveria\\\/#breadcrumb\",\"itemListElement\":[{\"@type\":\"ListItem\",\"position\":1,\"name\":\"Home\",\"item\":\"https:\\\/\\\/fjala.info\\\/2009-2015\\\/\"},{\"@type\":\"ListItem\",\"position\":2,\"name\":\"Me k\u00eb \u00ebsht\u00eb n\u00eb luft\u00eb qeveria?\"}]},{\"@type\":\"WebSite\",\"@id\":\"https:\\\/\\\/fjala.info\\\/2009-2015\\\/#website\",\"url\":\"https:\\\/\\\/fjala.info\\\/2009-2015\\\/\",\"name\":\"FjALA e LIR\u00cb - Arkivi\",\"description\":\"Arkivi 2009-2015\",\"publisher\":{\"@id\":\"https:\\\/\\\/fjala.info\\\/2009-2015\\\/#organization\"},\"potentialAction\":[{\"@type\":\"SearchAction\",\"target\":{\"@type\":\"EntryPoint\",\"urlTemplate\":\"https:\\\/\\\/fjala.info\\\/2009-2015\\\/?s={search_term_string}\"},\"query-input\":{\"@type\":\"PropertyValueSpecification\",\"valueRequired\":true,\"valueName\":\"search_term_string\"}}],\"inLanguage\":\"sq-AL\"},{\"@type\":\"Organization\",\"@id\":\"https:\\\/\\\/fjala.info\\\/2009-2015\\\/#organization\",\"name\":\"FjALA e LIR\u00cb - Arkivi\",\"url\":\"https:\\\/\\\/fjala.info\\\/2009-2015\\\/\",\"logo\":{\"@type\":\"ImageObject\",\"inLanguage\":\"sq-AL\",\"@id\":\"https:\\\/\\\/fjala.info\\\/2009-2015\\\/#\\\/schema\\\/logo\\\/image\\\/\",\"url\":\"\",\"contentUrl\":\"\",\"caption\":\"FjALA e LIR\u00cb - Arkivi\"},\"image\":{\"@id\":\"https:\\\/\\\/fjala.info\\\/2009-2015\\\/#\\\/schema\\\/logo\\\/image\\\/\"}},{\"@type\":\"Person\",\"@id\":\"https:\\\/\\\/fjala.info\\\/2009-2015\\\/#\\\/schema\\\/person\\\/3aa1163ef05469c496fc94e77611ada2\",\"name\":\"admin\",\"image\":{\"@type\":\"ImageObject\",\"inLanguage\":\"sq-AL\",\"@id\":\"https:\\\/\\\/fjala.info\\\/2009-2015\\\/wp-content\\\/uploads\\\/2012\\\/02\\\/arben_cokaj-120x150.jpg\",\"url\":\"https:\\\/\\\/fjala.info\\\/2009-2015\\\/wp-content\\\/uploads\\\/2012\\\/02\\\/arben_cokaj-120x150.jpg\",\"contentUrl\":\"https:\\\/\\\/fjala.info\\\/2009-2015\\\/wp-content\\\/uploads\\\/2012\\\/02\\\/arben_cokaj-120x150.jpg\",\"caption\":\"admin\"},\"description\":\"Admin, Fjala e Lir\u00eb\",\"sameAs\":[\"https:\\\/\\\/fjala.info\\\/\"],\"url\":\"https:\\\/\\\/fjala.info\\\/2009-2015\\\/author\\\/admin\\\/\"}]}<\/script>\n<!-- \/ Yoast SEO plugin. -->","yoast_head_json":{"title":"Me k\u00eb \u00ebsht\u00eb n\u00eb luft\u00eb qeveria? - FjALA e LIR\u00cb - Arkivi","robots":{"index":"index","follow":"follow","max-snippet":"max-snippet:-1","max-image-preview":"max-image-preview:large","max-video-preview":"max-video-preview:-1"},"canonical":"https:\/\/fjala.info\/2009-2015\/me-ke-eshte-ne-lufte-qeveria\/","og_locale":"sq_AL","og_type":"article","og_title":"Me k\u00eb \u00ebsht\u00eb n\u00eb luft\u00eb qeveria? - FjALA e LIR\u00cb - Arkivi","og_description":"Nga Mero Baze, 15 Shkurt 2012 Qeveria shqiptare po shk\u00eblqen n\u00eb p\u00ebrpjekjet e saj p\u00ebr t\u00eb b\u00ebr\u00eb t\u00eb padobish\u00ebm \u00e7do faktor tjet\u00ebr q\u00eb tenton t\u00eb ndihmoj\u00eb n\u00eb leht\u00ebsimin e fatkeq\u00ebsis\u00eb natyrore q\u00eb ka pllakosur vendin. Ajo jo vet\u00ebm q\u00eb nuk \u00ebsht\u00eb e angazhuar n\u00eb kanalizimin e gjith\u00eb energjive t\u00eb shoq\u00ebris\u00eb dhe institucioneve n\u00eb nj\u00eb qend\u00ebr [&hellip;]","og_url":"https:\/\/fjala.info\/2009-2015\/me-ke-eshte-ne-lufte-qeveria\/","og_site_name":"FjALA e LIR\u00cb - Arkivi","article_published_time":"2012-02-15T21:31:27+00:00","og_image":[{"url":"http:\/\/www.shkoder.net\/images\/fjala\/mero_baze1.jpg","type":"","width":"","height":""}],"author":"admin","twitter_card":"summary_large_image","twitter_misc":{"Written by":"admin","Est. reading time":"8 minutes"},"schema":{"@context":"https:\/\/schema.org","@graph":[{"@type":"Article","@id":"https:\/\/fjala.info\/2009-2015\/me-ke-eshte-ne-lufte-qeveria\/#article","isPartOf":{"@id":"https:\/\/fjala.info\/2009-2015\/me-ke-eshte-ne-lufte-qeveria\/"},"author":{"name":"admin","@id":"https:\/\/fjala.info\/2009-2015\/#\/schema\/person\/3aa1163ef05469c496fc94e77611ada2"},"headline":"Me k\u00eb \u00ebsht\u00eb n\u00eb luft\u00eb qeveria?","datePublished":"2012-02-15T21:31:27+00:00","mainEntityOfPage":{"@id":"https:\/\/fjala.info\/2009-2015\/me-ke-eshte-ne-lufte-qeveria\/"},"wordCount":1610,"commentCount":0,"publisher":{"@id":"https:\/\/fjala.info\/2009-2015\/#organization"},"image":{"@id":"https:\/\/fjala.info\/2009-2015\/me-ke-eshte-ne-lufte-qeveria\/#primaryimage"},"thumbnailUrl":"http:\/\/www.shkoder.net\/images\/fjala\/mero_baze1.jpg","articleSection":["Artikuj"],"inLanguage":"sq-AL","potentialAction":[{"@type":"CommentAction","name":"Comment","target":["https:\/\/fjala.info\/2009-2015\/me-ke-eshte-ne-lufte-qeveria\/#respond"]}]},{"@type":"WebPage","@id":"https:\/\/fjala.info\/2009-2015\/me-ke-eshte-ne-lufte-qeveria\/","url":"https:\/\/fjala.info\/2009-2015\/me-ke-eshte-ne-lufte-qeveria\/","name":"Me k\u00eb \u00ebsht\u00eb n\u00eb luft\u00eb qeveria? - FjALA e LIR\u00cb - Arkivi","isPartOf":{"@id":"https:\/\/fjala.info\/2009-2015\/#website"},"primaryImageOfPage":{"@id":"https:\/\/fjala.info\/2009-2015\/me-ke-eshte-ne-lufte-qeveria\/#primaryimage"},"image":{"@id":"https:\/\/fjala.info\/2009-2015\/me-ke-eshte-ne-lufte-qeveria\/#primaryimage"},"thumbnailUrl":"http:\/\/www.shkoder.net\/images\/fjala\/mero_baze1.jpg","datePublished":"2012-02-15T21:31:27+00:00","breadcrumb":{"@id":"https:\/\/fjala.info\/2009-2015\/me-ke-eshte-ne-lufte-qeveria\/#breadcrumb"},"inLanguage":"sq-AL","potentialAction":[{"@type":"ReadAction","target":["https:\/\/fjala.info\/2009-2015\/me-ke-eshte-ne-lufte-qeveria\/"]}]},{"@type":"ImageObject","inLanguage":"sq-AL","@id":"https:\/\/fjala.info\/2009-2015\/me-ke-eshte-ne-lufte-qeveria\/#primaryimage","url":"http:\/\/www.shkoder.net\/images\/fjala\/mero_baze1.jpg","contentUrl":"http:\/\/www.shkoder.net\/images\/fjala\/mero_baze1.jpg"},{"@type":"BreadcrumbList","@id":"https:\/\/fjala.info\/2009-2015\/me-ke-eshte-ne-lufte-qeveria\/#breadcrumb","itemListElement":[{"@type":"ListItem","position":1,"name":"Home","item":"https:\/\/fjala.info\/2009-2015\/"},{"@type":"ListItem","position":2,"name":"Me k\u00eb \u00ebsht\u00eb n\u00eb luft\u00eb qeveria?"}]},{"@type":"WebSite","@id":"https:\/\/fjala.info\/2009-2015\/#website","url":"https:\/\/fjala.info\/2009-2015\/","name":"FjALA e LIR\u00cb - Arkivi","description":"Arkivi 2009-2015","publisher":{"@id":"https:\/\/fjala.info\/2009-2015\/#organization"},"potentialAction":[{"@type":"SearchAction","target":{"@type":"EntryPoint","urlTemplate":"https:\/\/fjala.info\/2009-2015\/?s={search_term_string}"},"query-input":{"@type":"PropertyValueSpecification","valueRequired":true,"valueName":"search_term_string"}}],"inLanguage":"sq-AL"},{"@type":"Organization","@id":"https:\/\/fjala.info\/2009-2015\/#organization","name":"FjALA e LIR\u00cb - Arkivi","url":"https:\/\/fjala.info\/2009-2015\/","logo":{"@type":"ImageObject","inLanguage":"sq-AL","@id":"https:\/\/fjala.info\/2009-2015\/#\/schema\/logo\/image\/","url":"","contentUrl":"","caption":"FjALA e LIR\u00cb - Arkivi"},"image":{"@id":"https:\/\/fjala.info\/2009-2015\/#\/schema\/logo\/image\/"}},{"@type":"Person","@id":"https:\/\/fjala.info\/2009-2015\/#\/schema\/person\/3aa1163ef05469c496fc94e77611ada2","name":"admin","image":{"@type":"ImageObject","inLanguage":"sq-AL","@id":"https:\/\/fjala.info\/2009-2015\/wp-content\/uploads\/2012\/02\/arben_cokaj-120x150.jpg","url":"https:\/\/fjala.info\/2009-2015\/wp-content\/uploads\/2012\/02\/arben_cokaj-120x150.jpg","contentUrl":"https:\/\/fjala.info\/2009-2015\/wp-content\/uploads\/2012\/02\/arben_cokaj-120x150.jpg","caption":"admin"},"description":"Admin, Fjala e Lir\u00eb","sameAs":["https:\/\/fjala.info\/"],"url":"https:\/\/fjala.info\/2009-2015\/author\/admin\/"}]}},"_links":{"self":[{"href":"https:\/\/fjala.info\/2009-2015\/wp-json\/wp\/v2\/posts\/1826","targetHints":{"allow":["GET"]}}],"collection":[{"href":"https:\/\/fjala.info\/2009-2015\/wp-json\/wp\/v2\/posts"}],"about":[{"href":"https:\/\/fjala.info\/2009-2015\/wp-json\/wp\/v2\/types\/post"}],"author":[{"embeddable":true,"href":"https:\/\/fjala.info\/2009-2015\/wp-json\/wp\/v2\/users\/1"}],"replies":[{"embeddable":true,"href":"https:\/\/fjala.info\/2009-2015\/wp-json\/wp\/v2\/comments?post=1826"}],"version-history":[{"count":0,"href":"https:\/\/fjala.info\/2009-2015\/wp-json\/wp\/v2\/posts\/1826\/revisions"}],"wp:attachment":[{"href":"https:\/\/fjala.info\/2009-2015\/wp-json\/wp\/v2\/media?parent=1826"}],"wp:term":[{"taxonomy":"category","embeddable":true,"href":"https:\/\/fjala.info\/2009-2015\/wp-json\/wp\/v2\/categories?post=1826"},{"taxonomy":"post_tag","embeddable":true,"href":"https:\/\/fjala.info\/2009-2015\/wp-json\/wp\/v2\/tags?post=1826"}],"curies":[{"name":"wp","href":"https:\/\/api.w.org\/{rel}","templated":true}]}}