{"id":1823,"date":"2012-02-15T09:47:18","date_gmt":"2012-02-15T08:47:18","guid":{"rendered":"http:\/\/fjala.shkoder.net\/?p=1823"},"modified":"2012-02-15T09:47:18","modified_gmt":"2012-02-15T08:47:18","slug":"shurdheri-e-trefishte","status":"publish","type":"post","link":"https:\/\/fjala.info\/2009-2015\/shurdheri-e-trefishte\/","title":{"rendered":"Shurdh\u00ebri e trefisht\u00eb"},"content":{"rendered":"<p><img decoding=\"async\" class=\"alignright size-thumbnail wp-image-7236\" title=\"Edi Rama\" src=\"http:\/\/www.shkoder.net\/images\/fjala\/2011\/edi_rama4.jpg\" alt=\"\" width=\"200\" \/> <strong>Edi Rama<\/strong><\/p>\n<p>Sot Shqip\u00ebria po vuan p\u00ebrve\u00e7 t\u00ebrbimit t\u00eb motit dhe shurdhimin e qeveris\u00eb s\u00eb saj. Qeveria ishte shurdhe n\u00eb n\u00ebntorin e shkuar kur ne k\u00ebrkuam me ngulm q\u00eb buxheti i k\u00ebtij viti t\u00eb parashikonte problemet e r\u00ebnda q\u00eb sot kan\u00eb gjunj\u00ebzuar vendin.<\/p>\n<p>Qeveria ishte shurdhe kur ne propozuam q\u00eb buxheti i k\u00ebtij viti t\u00eb parashikonte para t\u00eb mjaftueshme p\u00ebr sigurimin e energjis\u00eb dhe p\u00ebrballimin e emergjencave civile.<\/p>\n<p>Qeveria ishte shurdhe kur ne argumentuam se duheshin garantuar kontratat e blerjes s\u00eb energjis\u00eb dhe duhej parashikuar kriza e sotme e borxhit t\u00eb KESH-it. Ashtu si\u00e7 ishte shurdhe qoft\u00eb kur ne k\u00ebrkuam q\u00eb d\u00ebmshp\u00ebrblimet p\u00ebr zonat e p\u00ebrmbytura t\u00eb Shkodr\u00ebs t\u00eb futeshin n\u00eb buxhet, qoft\u00eb kur argumentuam se t\u00eb tjera fonde duheshin v\u00ebn\u00eb m\u00ebnjan\u00eb p\u00ebr p\u00ebrmbytje t\u00eb tjera t\u00eb mundshme.<\/p>\n<p>Sot Shqip\u00ebria p\u00ebrballet me koston e trefisht\u00eb t\u00eb shurdh\u00ebris\u00eb s\u00eb qeveris\u00eb sepse jemi p\u00ebrball\u00eb nj\u00eb kriz\u00ebs s\u00eb izolimit nga d\u00ebbora t\u00eb mij\u00ebra familjeve q\u00eb po ziejn\u00eb kokrrat e fundit t\u00eb misrit, p\u00ebrball\u00eb kriz\u00ebs energjitike q\u00eb ka nisur t\u00eb ndjehet n\u00eb \u00e7do sht\u00ebpi ku fiken dritat me or\u00eb t\u00eb t\u00ebra, p\u00ebrball\u00eb p\u00ebrmbytjeve t\u00eb radh\u00ebs q\u00eb me k\u00ebt\u00eb d\u00ebbor\u00eb masive jan\u00eb t\u00eb pashmangshme.<\/p>\n<p>Dje ne pam\u00eb nga m\u00ebngjezi n\u00eb dark\u00eb nj\u00eb shfaqje shurdh\u00ebrie me z\u00eb e me figur\u00eb dhe aktor protagonist kryeministrin. I cili e harroi Shqip\u00ebrin\u00eb q\u00eb digjet n\u00ebn d\u00ebbor\u00eb dhe u kreh me or\u00eb t\u00eb t\u00ebra n\u00eb ekranin e televizorit duke folur p\u00ebr Azerbajxhanin, Ahmet Zogun, Enver Hoxh\u00ebn e p\u00ebr k\u00eb tjet\u00ebr i erdhi ngoje nga mendja e arratisur prej realitetit dramatik t\u00eb Shqip\u00ebris\u00eb s\u00eb sotme.<\/p>\n<p>Telefonatat n\u00eb selin\u00eb ton\u00eb nuk rreshtin. Vijn\u00eb nga komuna e fshatra t\u00eb izoluar q\u00eb k\u00ebrkojn\u00eb ndihm\u00eb. K\u00ebrkojn\u00eb ushqim. K\u00ebrkojn\u00eb dik\u00eb q\u00eb t\u2019i ndihmoj\u00eb t\u00eb nxjerrin t\u00eb s\u00ebmur\u00ebt nga ferri i d\u00ebbor\u00ebs p\u00ebr t\u2019i \u00e7uar n\u00eb spital. K\u00ebrkojn\u00eb shtetin q\u00eb shfaqet me fadroma pa karburant. Me ministra pa axhend\u00eb. Me forca pa plan. Dhe zhduket sapo zhduken kamerat q\u00eb e filmojn\u00eb n\u00eb vizitat e veta propagandistike.<\/p>\n<p>Q\u00eb shteti yn\u00eb i degraduar vit pas viti n\u00eb burime njer\u00ebzore e financiare t\u00eb mos ket\u00eb fuqi t\u00eb p\u00ebrballoj\u00eb k\u00ebt\u00eb kriz\u00eb me p\u00ebrmasa t\u00eb jasht\u00ebzakonshme kjo \u00ebsht\u00eb nj\u00ebra an\u00eb. Por q\u00eb kryeministri t\u00eb mos ket\u00eb as ndjenj\u00ebn m\u00eb elementare t\u00eb detyr\u00ebs n\u00eb k\u00ebto kushte dhe t\u00eb bro\u00e7kullis\u00eb t\u00ebr\u00eb dit\u00ebn para televizorit budallall\u00ebqe pas budallall\u00ebqesh kjo \u00ebsht\u00eb ana tjet\u00ebr, krejt e turpshme e k\u00ebsaj historie t\u00eb p\u00ebrs\u00ebritur. N\u00ebse e b\u00ebn sepse ka humbur mendjen kjo \u00ebsht\u00eb rr\u00ebqeth\u00ebse, po n\u00ebse e b\u00ebn p\u00ebr t\u00eb spostuar v\u00ebmendjen kjo \u00ebsht\u00eb e tmerrshme.<\/p>\n<p>Por k\u00ebto nuk jan\u00eb or\u00eb p\u00ebr t\u2019u zgjatur me marrin\u00eb e kryeministrit, sepse \u00e7do or\u00eb q\u00eb kalon r\u00ebndon m\u00eb keq situat\u00ebn e mij\u00ebra e mij\u00ebra shqiptar\u00ebve q\u00eb po u shterrojn\u00eb ushqimet e mund\u00ebsit\u00eb e mbijetes\u00ebs n\u00eb mes t\u00eb d\u00ebbor\u00ebs.<\/p>\n<p>U jam mir\u00ebnjoh\u00ebs deputet\u00ebve tan\u00eb t\u00eb zonave t\u00eb prekura keqaz nga t\u00ebrbimi i motit. Por edhe p\u00ebr ata deputet\u00eb t\u00eb shumic\u00ebs parlamentare q\u00eb nj\u00ebsoj si deputet\u00ebt tan\u00eb kan\u00eb q\u00ebndruar pran\u00eb njer\u00ebzve dhe kan\u00eb ndihmuar mesa kan\u00eb pasur mund\u00ebsi nuk mund t\u00eb mos shpreh respekt.<\/p>\n<p>Ne kemi mobilizuar t\u00eb gjitha forcat q\u00eb kemi n\u00eb dispozicion. U kemi k\u00ebrkuar t\u00eb zgjedhurve tan\u00eb vendor\u00eb n\u00eb zonat e paprekura nga d\u00ebbora t\u00eb grumbullojn\u00eb ndihma dhe do t\u2019i \u00e7ojm\u00eb ato sa m\u00eb par\u00eb n\u00eb zonat e k\u00ebrc\u00ebnuara.<\/p>\n<p>Por e gjitha kjo nuk mjafton, nuk ka se si t\u00eb mjaftoj\u00eb. Duhet t\u00eb nd\u00ebrhyj\u00eb urgjentisht Parlamenti dhe t\u00eb k\u00ebrkoj\u00eb e imponoj\u00eb masa konkrete financiare nga qeveria. Nes\u00ebr ne do t\u00eb b\u00ebjm\u00eb publik planin ton\u00eb afatshkurt\u00ebr dhe afatmes\u00ebm p\u00ebr kriz\u00ebn e d\u00ebbor\u00ebs, kriz\u00ebn energjitike dhe kriz\u00ebn e pritshme t\u00eb p\u00ebrmbytjeve q\u00eb do t\u00eb pasojn\u00eb. Nj\u00eb grup deputet\u00ebsh jan\u00eb ngarkuar me p\u00ebrpilimin e k\u00ebtij plani q\u00eb do ta mbrojm\u00eb n\u00eb seanc\u00ebn parlamentare t\u00eb s\u00eb enjtes.<\/p>\n<p>Nuk \u00ebsht\u00eb or\u00eb politizimesh t\u00eb panevojshme kjo, por nuk mund t\u00eb mos ngrihet z\u00ebrifortedhep\u00ebr shkeljen e ligjit p\u00ebr emergjencat nga ana e qeveris\u00eb. Shkelja e hapur e k\u00ebtij ligji \u00ebsht\u00eb nj\u00eb nd\u00ebr shkaqet thelb\u00ebsore t\u00eb pafuqis\u00eb s\u00eb sotme t\u00eb shtetit dhe t\u00eb qeveris\u00eb p\u00ebr t\u00eb v\u00ebn\u00eb n\u00eb l\u00ebvizje si duhet strukturat p\u00ebrkat\u00ebse t\u00eb emergjenc\u00ebs civile.<\/p>\n<p>Kjo q\u00eb shohim \u00ebsht\u00eb vet\u00ebm nj\u00ebra pamje e kriz\u00ebs dhe kriza nuk do t\u00eb mbaroj\u00eb as me mbarimin e d\u00ebbor\u00ebs dhe as me shkrirjen e saj. Plag\u00ebt q\u00eb d\u00ebbora po hap aty ka goditur fort do t\u00eb duan nj\u00eb plan t\u00eb posa\u00e7\u00ebm sh\u00ebrimi dhe ne jemi gati t\u00eb japim kontributin ton\u00eb.<\/p>\n<p>Do t\u00eb votojm\u00eb n\u00eb parlament \u00e7do mas\u00eb imediate p\u00ebr p\u00ebrballimin sot p\u00ebr sot kriz\u00ebs dhe duam po ashtu q\u00eb parlamenti t\u00eb marr\u00eb masa edhe p\u00ebr kurimin afatmes\u00ebm e afatgjat\u00eb t\u00eb plag\u00ebve t\u00eb hapura nga kjo kriz\u00eb. Qeveria duhet t\u00eb d\u00ebgjoj\u00eb. Shurdh\u00ebria nuk \u00ebsht\u00eb plan, po kosto q\u00eb rritet n\u00ebse qeveria zgjedh t\u00eb mbyll\u00eb vesh\u00ebt e t\u00eb hap\u00eb vet\u00ebm goj\u00ebn p\u00ebr t\u00eb sulmuar opozit\u00ebn. Ata q\u00eb jan\u00eb n\u00ebn d\u00ebbor\u00eb jan\u00eb shqiptar\u00eb si gjith\u00eb t\u00eb tjer\u00ebt, jan\u00eb edhe socialist\u00eb edhe demokrat\u00eb, interesi p\u00ebr t\u2019u ardhur n\u00eb ndihm\u00eb duhet t\u00eb jet\u00eb i p\u00ebrbashk\u00ebt dhe p\u00ebrpjekja p\u00ebr t\u2019i ndihmuar sa m\u00eb shum\u00eb duhet t\u00eb jet\u00eb e p\u00ebrbashk\u00ebt po ashtu. Ne jemi gati dhe t\u00eb nj\u00ebjt\u00ebn gatishm\u00ebri k\u00ebrkojm\u00eb nga qeveria. Duke filluar nga seanca e ardhshme parlamentare.<\/p>\n","protected":false},"excerpt":{"rendered":"<p>Edi Rama Sot Shqip\u00ebria po vuan p\u00ebrve\u00e7 t\u00ebrbimit t\u00eb motit dhe shurdhimin e qeveris\u00eb s\u00eb saj. Qeveria ishte shurdhe n\u00eb n\u00ebntorin e shkuar kur ne k\u00ebrkuam me ngulm q\u00eb buxheti i k\u00ebtij viti t\u00eb parashikonte problemet e r\u00ebnda q\u00eb sot kan\u00eb gjunj\u00ebzuar vendin. Qeveria ishte shurdhe kur ne propozuam q\u00eb buxheti i k\u00ebtij viti t\u00eb [&hellip;]<\/p>\n","protected":false},"author":1,"featured_media":0,"comment_status":"open","ping_status":"closed","sticky":false,"template":"","format":"standard","meta":{"footnotes":""},"categories":[2],"tags":[],"class_list":{"0":"post-1823","1":"post","2":"type-post","3":"status-publish","4":"format-standard","6":"category-artikuj"},"yoast_head":"<!-- This site is optimized with the Yoast SEO plugin v27.4 - https:\/\/yoast.com\/product\/yoast-seo-wordpress\/ -->\n<title>Shurdh\u00ebri e trefisht\u00eb - FjALA e LIR\u00cb - Arkivi<\/title>\n<meta name=\"robots\" content=\"index, follow, max-snippet:-1, max-image-preview:large, max-video-preview:-1\" \/>\n<link rel=\"canonical\" href=\"https:\/\/fjala.info\/2009-2015\/shurdheri-e-trefishte\/\" \/>\n<meta property=\"og:locale\" content=\"sq_AL\" \/>\n<meta property=\"og:type\" content=\"article\" \/>\n<meta property=\"og:title\" content=\"Shurdh\u00ebri e trefisht\u00eb - FjALA e LIR\u00cb - Arkivi\" \/>\n<meta property=\"og:description\" content=\"Edi Rama Sot Shqip\u00ebria po vuan p\u00ebrve\u00e7 t\u00ebrbimit t\u00eb motit dhe shurdhimin e qeveris\u00eb s\u00eb saj. Qeveria ishte shurdhe n\u00eb n\u00ebntorin e shkuar kur ne k\u00ebrkuam me ngulm q\u00eb buxheti i k\u00ebtij viti t\u00eb parashikonte problemet e r\u00ebnda q\u00eb sot kan\u00eb gjunj\u00ebzuar vendin. Qeveria ishte shurdhe kur ne propozuam q\u00eb buxheti i k\u00ebtij viti t\u00eb [&hellip;]\" \/>\n<meta property=\"og:url\" content=\"https:\/\/fjala.info\/2009-2015\/shurdheri-e-trefishte\/\" \/>\n<meta property=\"og:site_name\" content=\"FjALA e LIR\u00cb - Arkivi\" \/>\n<meta property=\"article:published_time\" content=\"2012-02-15T08:47:18+00:00\" \/>\n<meta property=\"og:image\" content=\"http:\/\/www.shkoder.net\/images\/fjala\/2011\/edi_rama4.jpg\" \/>\n<meta name=\"author\" content=\"admin\" \/>\n<meta name=\"twitter:card\" content=\"summary_large_image\" \/>\n<meta name=\"twitter:label1\" content=\"Written by\" \/>\n\t<meta name=\"twitter:data1\" content=\"admin\" \/>\n\t<meta name=\"twitter:label2\" content=\"Est. reading time\" \/>\n\t<meta name=\"twitter:data2\" content=\"5 minutes\" \/>\n<script type=\"application\/ld+json\" class=\"yoast-schema-graph\">{\"@context\":\"https:\\\/\\\/schema.org\",\"@graph\":[{\"@type\":\"Article\",\"@id\":\"https:\\\/\\\/fjala.info\\\/2009-2015\\\/shurdheri-e-trefishte\\\/#article\",\"isPartOf\":{\"@id\":\"https:\\\/\\\/fjala.info\\\/2009-2015\\\/shurdheri-e-trefishte\\\/\"},\"author\":{\"name\":\"admin\",\"@id\":\"https:\\\/\\\/fjala.info\\\/2009-2015\\\/#\\\/schema\\\/person\\\/3aa1163ef05469c496fc94e77611ada2\"},\"headline\":\"Shurdh\u00ebri e trefisht\u00eb\",\"datePublished\":\"2012-02-15T08:47:18+00:00\",\"mainEntityOfPage\":{\"@id\":\"https:\\\/\\\/fjala.info\\\/2009-2015\\\/shurdheri-e-trefishte\\\/\"},\"wordCount\":1016,\"commentCount\":0,\"publisher\":{\"@id\":\"https:\\\/\\\/fjala.info\\\/2009-2015\\\/#organization\"},\"image\":{\"@id\":\"https:\\\/\\\/fjala.info\\\/2009-2015\\\/shurdheri-e-trefishte\\\/#primaryimage\"},\"thumbnailUrl\":\"http:\\\/\\\/www.shkoder.net\\\/images\\\/fjala\\\/2011\\\/edi_rama4.jpg\",\"articleSection\":[\"Artikuj\"],\"inLanguage\":\"sq-AL\",\"potentialAction\":[{\"@type\":\"CommentAction\",\"name\":\"Comment\",\"target\":[\"https:\\\/\\\/fjala.info\\\/2009-2015\\\/shurdheri-e-trefishte\\\/#respond\"]}]},{\"@type\":\"WebPage\",\"@id\":\"https:\\\/\\\/fjala.info\\\/2009-2015\\\/shurdheri-e-trefishte\\\/\",\"url\":\"https:\\\/\\\/fjala.info\\\/2009-2015\\\/shurdheri-e-trefishte\\\/\",\"name\":\"Shurdh\u00ebri e trefisht\u00eb - FjALA e LIR\u00cb - Arkivi\",\"isPartOf\":{\"@id\":\"https:\\\/\\\/fjala.info\\\/2009-2015\\\/#website\"},\"primaryImageOfPage\":{\"@id\":\"https:\\\/\\\/fjala.info\\\/2009-2015\\\/shurdheri-e-trefishte\\\/#primaryimage\"},\"image\":{\"@id\":\"https:\\\/\\\/fjala.info\\\/2009-2015\\\/shurdheri-e-trefishte\\\/#primaryimage\"},\"thumbnailUrl\":\"http:\\\/\\\/www.shkoder.net\\\/images\\\/fjala\\\/2011\\\/edi_rama4.jpg\",\"datePublished\":\"2012-02-15T08:47:18+00:00\",\"breadcrumb\":{\"@id\":\"https:\\\/\\\/fjala.info\\\/2009-2015\\\/shurdheri-e-trefishte\\\/#breadcrumb\"},\"inLanguage\":\"sq-AL\",\"potentialAction\":[{\"@type\":\"ReadAction\",\"target\":[\"https:\\\/\\\/fjala.info\\\/2009-2015\\\/shurdheri-e-trefishte\\\/\"]}]},{\"@type\":\"ImageObject\",\"inLanguage\":\"sq-AL\",\"@id\":\"https:\\\/\\\/fjala.info\\\/2009-2015\\\/shurdheri-e-trefishte\\\/#primaryimage\",\"url\":\"http:\\\/\\\/www.shkoder.net\\\/images\\\/fjala\\\/2011\\\/edi_rama4.jpg\",\"contentUrl\":\"http:\\\/\\\/www.shkoder.net\\\/images\\\/fjala\\\/2011\\\/edi_rama4.jpg\"},{\"@type\":\"BreadcrumbList\",\"@id\":\"https:\\\/\\\/fjala.info\\\/2009-2015\\\/shurdheri-e-trefishte\\\/#breadcrumb\",\"itemListElement\":[{\"@type\":\"ListItem\",\"position\":1,\"name\":\"Home\",\"item\":\"https:\\\/\\\/fjala.info\\\/2009-2015\\\/\"},{\"@type\":\"ListItem\",\"position\":2,\"name\":\"Shurdh\u00ebri e trefisht\u00eb\"}]},{\"@type\":\"WebSite\",\"@id\":\"https:\\\/\\\/fjala.info\\\/2009-2015\\\/#website\",\"url\":\"https:\\\/\\\/fjala.info\\\/2009-2015\\\/\",\"name\":\"FjALA e LIR\u00cb - Arkivi\",\"description\":\"Arkivi 2009-2015\",\"publisher\":{\"@id\":\"https:\\\/\\\/fjala.info\\\/2009-2015\\\/#organization\"},\"potentialAction\":[{\"@type\":\"SearchAction\",\"target\":{\"@type\":\"EntryPoint\",\"urlTemplate\":\"https:\\\/\\\/fjala.info\\\/2009-2015\\\/?s={search_term_string}\"},\"query-input\":{\"@type\":\"PropertyValueSpecification\",\"valueRequired\":true,\"valueName\":\"search_term_string\"}}],\"inLanguage\":\"sq-AL\"},{\"@type\":\"Organization\",\"@id\":\"https:\\\/\\\/fjala.info\\\/2009-2015\\\/#organization\",\"name\":\"FjALA e LIR\u00cb - Arkivi\",\"url\":\"https:\\\/\\\/fjala.info\\\/2009-2015\\\/\",\"logo\":{\"@type\":\"ImageObject\",\"inLanguage\":\"sq-AL\",\"@id\":\"https:\\\/\\\/fjala.info\\\/2009-2015\\\/#\\\/schema\\\/logo\\\/image\\\/\",\"url\":\"\",\"contentUrl\":\"\",\"caption\":\"FjALA e LIR\u00cb - Arkivi\"},\"image\":{\"@id\":\"https:\\\/\\\/fjala.info\\\/2009-2015\\\/#\\\/schema\\\/logo\\\/image\\\/\"}},{\"@type\":\"Person\",\"@id\":\"https:\\\/\\\/fjala.info\\\/2009-2015\\\/#\\\/schema\\\/person\\\/3aa1163ef05469c496fc94e77611ada2\",\"name\":\"admin\",\"image\":{\"@type\":\"ImageObject\",\"inLanguage\":\"sq-AL\",\"@id\":\"https:\\\/\\\/fjala.info\\\/2009-2015\\\/wp-content\\\/uploads\\\/2012\\\/02\\\/arben_cokaj-120x150.jpg\",\"url\":\"https:\\\/\\\/fjala.info\\\/2009-2015\\\/wp-content\\\/uploads\\\/2012\\\/02\\\/arben_cokaj-120x150.jpg\",\"contentUrl\":\"https:\\\/\\\/fjala.info\\\/2009-2015\\\/wp-content\\\/uploads\\\/2012\\\/02\\\/arben_cokaj-120x150.jpg\",\"caption\":\"admin\"},\"description\":\"Admin, Fjala e Lir\u00eb\",\"sameAs\":[\"https:\\\/\\\/fjala.info\\\/\"],\"url\":\"https:\\\/\\\/fjala.info\\\/2009-2015\\\/author\\\/admin\\\/\"}]}<\/script>\n<!-- \/ Yoast SEO plugin. -->","yoast_head_json":{"title":"Shurdh\u00ebri e trefisht\u00eb - FjALA e LIR\u00cb - Arkivi","robots":{"index":"index","follow":"follow","max-snippet":"max-snippet:-1","max-image-preview":"max-image-preview:large","max-video-preview":"max-video-preview:-1"},"canonical":"https:\/\/fjala.info\/2009-2015\/shurdheri-e-trefishte\/","og_locale":"sq_AL","og_type":"article","og_title":"Shurdh\u00ebri e trefisht\u00eb - FjALA e LIR\u00cb - Arkivi","og_description":"Edi Rama Sot Shqip\u00ebria po vuan p\u00ebrve\u00e7 t\u00ebrbimit t\u00eb motit dhe shurdhimin e qeveris\u00eb s\u00eb saj. Qeveria ishte shurdhe n\u00eb n\u00ebntorin e shkuar kur ne k\u00ebrkuam me ngulm q\u00eb buxheti i k\u00ebtij viti t\u00eb parashikonte problemet e r\u00ebnda q\u00eb sot kan\u00eb gjunj\u00ebzuar vendin. Qeveria ishte shurdhe kur ne propozuam q\u00eb buxheti i k\u00ebtij viti t\u00eb [&hellip;]","og_url":"https:\/\/fjala.info\/2009-2015\/shurdheri-e-trefishte\/","og_site_name":"FjALA e LIR\u00cb - Arkivi","article_published_time":"2012-02-15T08:47:18+00:00","og_image":[{"url":"http:\/\/www.shkoder.net\/images\/fjala\/2011\/edi_rama4.jpg","type":"","width":"","height":""}],"author":"admin","twitter_card":"summary_large_image","twitter_misc":{"Written by":"admin","Est. reading time":"5 minutes"},"schema":{"@context":"https:\/\/schema.org","@graph":[{"@type":"Article","@id":"https:\/\/fjala.info\/2009-2015\/shurdheri-e-trefishte\/#article","isPartOf":{"@id":"https:\/\/fjala.info\/2009-2015\/shurdheri-e-trefishte\/"},"author":{"name":"admin","@id":"https:\/\/fjala.info\/2009-2015\/#\/schema\/person\/3aa1163ef05469c496fc94e77611ada2"},"headline":"Shurdh\u00ebri e trefisht\u00eb","datePublished":"2012-02-15T08:47:18+00:00","mainEntityOfPage":{"@id":"https:\/\/fjala.info\/2009-2015\/shurdheri-e-trefishte\/"},"wordCount":1016,"commentCount":0,"publisher":{"@id":"https:\/\/fjala.info\/2009-2015\/#organization"},"image":{"@id":"https:\/\/fjala.info\/2009-2015\/shurdheri-e-trefishte\/#primaryimage"},"thumbnailUrl":"http:\/\/www.shkoder.net\/images\/fjala\/2011\/edi_rama4.jpg","articleSection":["Artikuj"],"inLanguage":"sq-AL","potentialAction":[{"@type":"CommentAction","name":"Comment","target":["https:\/\/fjala.info\/2009-2015\/shurdheri-e-trefishte\/#respond"]}]},{"@type":"WebPage","@id":"https:\/\/fjala.info\/2009-2015\/shurdheri-e-trefishte\/","url":"https:\/\/fjala.info\/2009-2015\/shurdheri-e-trefishte\/","name":"Shurdh\u00ebri e trefisht\u00eb - FjALA e LIR\u00cb - Arkivi","isPartOf":{"@id":"https:\/\/fjala.info\/2009-2015\/#website"},"primaryImageOfPage":{"@id":"https:\/\/fjala.info\/2009-2015\/shurdheri-e-trefishte\/#primaryimage"},"image":{"@id":"https:\/\/fjala.info\/2009-2015\/shurdheri-e-trefishte\/#primaryimage"},"thumbnailUrl":"http:\/\/www.shkoder.net\/images\/fjala\/2011\/edi_rama4.jpg","datePublished":"2012-02-15T08:47:18+00:00","breadcrumb":{"@id":"https:\/\/fjala.info\/2009-2015\/shurdheri-e-trefishte\/#breadcrumb"},"inLanguage":"sq-AL","potentialAction":[{"@type":"ReadAction","target":["https:\/\/fjala.info\/2009-2015\/shurdheri-e-trefishte\/"]}]},{"@type":"ImageObject","inLanguage":"sq-AL","@id":"https:\/\/fjala.info\/2009-2015\/shurdheri-e-trefishte\/#primaryimage","url":"http:\/\/www.shkoder.net\/images\/fjala\/2011\/edi_rama4.jpg","contentUrl":"http:\/\/www.shkoder.net\/images\/fjala\/2011\/edi_rama4.jpg"},{"@type":"BreadcrumbList","@id":"https:\/\/fjala.info\/2009-2015\/shurdheri-e-trefishte\/#breadcrumb","itemListElement":[{"@type":"ListItem","position":1,"name":"Home","item":"https:\/\/fjala.info\/2009-2015\/"},{"@type":"ListItem","position":2,"name":"Shurdh\u00ebri e trefisht\u00eb"}]},{"@type":"WebSite","@id":"https:\/\/fjala.info\/2009-2015\/#website","url":"https:\/\/fjala.info\/2009-2015\/","name":"FjALA e LIR\u00cb - Arkivi","description":"Arkivi 2009-2015","publisher":{"@id":"https:\/\/fjala.info\/2009-2015\/#organization"},"potentialAction":[{"@type":"SearchAction","target":{"@type":"EntryPoint","urlTemplate":"https:\/\/fjala.info\/2009-2015\/?s={search_term_string}"},"query-input":{"@type":"PropertyValueSpecification","valueRequired":true,"valueName":"search_term_string"}}],"inLanguage":"sq-AL"},{"@type":"Organization","@id":"https:\/\/fjala.info\/2009-2015\/#organization","name":"FjALA e LIR\u00cb - Arkivi","url":"https:\/\/fjala.info\/2009-2015\/","logo":{"@type":"ImageObject","inLanguage":"sq-AL","@id":"https:\/\/fjala.info\/2009-2015\/#\/schema\/logo\/image\/","url":"","contentUrl":"","caption":"FjALA e LIR\u00cb - Arkivi"},"image":{"@id":"https:\/\/fjala.info\/2009-2015\/#\/schema\/logo\/image\/"}},{"@type":"Person","@id":"https:\/\/fjala.info\/2009-2015\/#\/schema\/person\/3aa1163ef05469c496fc94e77611ada2","name":"admin","image":{"@type":"ImageObject","inLanguage":"sq-AL","@id":"https:\/\/fjala.info\/2009-2015\/wp-content\/uploads\/2012\/02\/arben_cokaj-120x150.jpg","url":"https:\/\/fjala.info\/2009-2015\/wp-content\/uploads\/2012\/02\/arben_cokaj-120x150.jpg","contentUrl":"https:\/\/fjala.info\/2009-2015\/wp-content\/uploads\/2012\/02\/arben_cokaj-120x150.jpg","caption":"admin"},"description":"Admin, Fjala e Lir\u00eb","sameAs":["https:\/\/fjala.info\/"],"url":"https:\/\/fjala.info\/2009-2015\/author\/admin\/"}]}},"_links":{"self":[{"href":"https:\/\/fjala.info\/2009-2015\/wp-json\/wp\/v2\/posts\/1823","targetHints":{"allow":["GET"]}}],"collection":[{"href":"https:\/\/fjala.info\/2009-2015\/wp-json\/wp\/v2\/posts"}],"about":[{"href":"https:\/\/fjala.info\/2009-2015\/wp-json\/wp\/v2\/types\/post"}],"author":[{"embeddable":true,"href":"https:\/\/fjala.info\/2009-2015\/wp-json\/wp\/v2\/users\/1"}],"replies":[{"embeddable":true,"href":"https:\/\/fjala.info\/2009-2015\/wp-json\/wp\/v2\/comments?post=1823"}],"version-history":[{"count":0,"href":"https:\/\/fjala.info\/2009-2015\/wp-json\/wp\/v2\/posts\/1823\/revisions"}],"wp:attachment":[{"href":"https:\/\/fjala.info\/2009-2015\/wp-json\/wp\/v2\/media?parent=1823"}],"wp:term":[{"taxonomy":"category","embeddable":true,"href":"https:\/\/fjala.info\/2009-2015\/wp-json\/wp\/v2\/categories?post=1823"},{"taxonomy":"post_tag","embeddable":true,"href":"https:\/\/fjala.info\/2009-2015\/wp-json\/wp\/v2\/tags?post=1823"}],"curies":[{"name":"wp","href":"https:\/\/api.w.org\/{rel}","templated":true}]}}