{"id":1813,"date":"2012-02-15T00:44:51","date_gmt":"2012-02-14T23:44:51","guid":{"rendered":"http:\/\/fjala.shkoder.net\/?p=1813"},"modified":"2012-02-15T00:44:51","modified_gmt":"2012-02-14T23:44:51","slug":"e-paimagjinueshmja-te-vrasesh-dhe-te-rrish-ne-pushtet","status":"publish","type":"post","link":"https:\/\/fjala.info\/2009-2015\/e-paimagjinueshmja-te-vrasesh-dhe-te-rrish-ne-pushtet\/","title":{"rendered":"E PAIMAGJINUESHMJA, T\u00cb VRAS\u00cbSH DHE T\u00cb RRISH N\u00cb PUSHTET"},"content":{"rendered":"<p><img decoding=\"async\" class=\"alignleft size-thumbnail wp-image-7236\" title=\"Andrea Stefani\" src=\"http:\/\/www.shkoder.net\/images\/fjala\/andrea_stefani.jpg\" alt=\"\" width=\"120\" \/><strong>Andrea Stefani<\/strong>, <em>14.02.2012<\/em><\/p>\n<p>Do t\u00eb shohim n\u00ebse g\u00ebnjeshtra e pushtetit, e ngritur n\u00eb podiumet e propagand\u00ebs, do t\u00eb jet\u00eb n\u00eb gjendje t\u00eb imponoj\u00eb si t\u00eb pranueshme m\u00eb t\u00eb papranueshmen, vrasjen e qytetar\u00ebve t\u00eb pafajsh\u00ebm n\u00eb demokraci. P\u00ebrpjekja po b\u00ebhet. Altoparlant\u00ebt e qeveris\u00eb jan\u00eb ngritur n\u00eb maksimum. Fabrika e akuzave dhe mashtrimeve po punon me intensitet t\u00eb plot\u00eb. Dhe \u00e7far\u00eb llomotit, n\u00eb thelb, propaganda e Kryeministrit, por edhe ai vet\u00eb? Thon\u00eb: B\u00ebm\u00eb mir\u00eb q\u00eb i vram\u00eb! Thon\u00eb se vrasjet m\u00eb 21 janar ishin t\u00eb p\u00ebrligjura ngaq\u00eb godina e Kryeministris\u00eb u sulmua. Pretendime t\u00eb g\u00ebnjesht\u00ebrta q\u00eb nuk bindin njeri. Ve\u00e7 mas\u00ebs s\u00eb fanatik\u00ebve t\u00eb regjimit, q\u00eb do t\u00eb jen\u00eb t\u00eb till\u00eb edhe sikur t\u00eb kish vrar\u00eb e plagosur edhe m\u00eb shum\u00eb protestues.<\/p>\n<p>Edhe sikur nes\u00ebr t\u00eb vras\u00eb t\u00eb tjer\u00eb. Gjuha e pushtetit berishist \u00ebsht\u00eb ajo e vdekjes dhe e p\u00ebrligjjes s\u00eb vrasjes. Por nd\u00ebrkaq, Europa po flet me nj\u00eb gjuh\u00eb krejt tjet\u00ebr, po flet me gjuh\u00ebn e jet\u00ebs. Dhe jo vet\u00ebm me an\u00eb t\u00eb p\u00ebrfaq\u00ebsuesve t\u00eb saj. Europa po tregon me vepra, si p\u00ebr shembull n\u00eb Athin\u00eb, sesi p\u00ebrballen protestat e dhunshme, pa derdhur gjak qytetar, n\u00eb nj\u00eb shtet q\u00eb ka p\u00ebr detyr\u00eb mbrojtjen e jet\u00ebs s\u00eb qytetar\u00ebve edhe kur ata jan\u00eb t\u00eb zem\u00ebruar me qeverin\u00eb dhe k\u00ebrkojn\u00eb largimin e saj.<\/p>\n<p>* * *<\/p>\n<p>I pari q\u00eb, menj\u00ebher\u00eb pas masakr\u00ebs s\u00eb 21 janarit, formuloi shum\u00eb qart\u00eb dallimin mes shtetit diktatorial, t\u00eb prirur t\u00eb vras\u00eb qytetar\u00ebt dhe atij demokratik, ku vrasja e protestuesve p\u00ebrb\u00ebn krimin m\u00eb t\u00eb r\u00ebnd\u00eb, ishte Presidenti francez Sarkozi. N\u00eb demokraci \u00ebsht\u00eb e ndaluar t\u00eb p\u00ebrdoren fishek\u00eb luftarak\u00eb kund\u00ebr protestuesve, edhe pse protestat mund t\u00eb ndodh\u00eb t\u00eb jen\u00eb t\u00eb dhunshme \u2013 kish deklaruar Sarkozi, i pyetur p\u00ebr vrasjet n\u00eb Tiran\u00eb. Qe koha kur Per\u00ebndimi po denonconte vrasjet e protestuesve n\u00eb vendet arabe nga Gedaf\u00ebt dhe Ben Alinjt\u00eb.<\/p>\n<p>Dhe pyetja shtrohej: Mos jeta e 4 qytetar\u00ebve shqiptar\u00eb ishte m\u00eb pak e shtrenjt\u00eb se ajo e atyre arab\u00eb? Sarkozi reagoi prer\u00eb: Jet\u00ebt e qytetar\u00ebve jan\u00eb nj\u00ebsoj t\u00eb \u00e7muara kudo. Por propaganda e regjimit n\u00eb Tiran\u00eb nuk u ndal. Pasi d\u00ebshtoi n\u00eb fabrikimin e g\u00ebnjeshtr\u00ebs p\u00ebr vrasjen e protestuesve nga vet\u00eb opozita, pasi d\u00ebshtoi n\u00eb mashtrimin p\u00ebr \u201cpu\u00e7\u201d-in e organizuar nga opozita, regjimi vazhdon t\u2019i fryj\u00eb borive p\u00ebr sulmin e eg\u00ebr t\u00eb b\u00ebr\u00eb nga protestuesit mbi forcat e policis\u00eb, p\u00ebr shishet me benzin\u00eb apo gur\u00ebt e shumt\u00eb t\u00eb hedhur mbi policin\u00eb.<\/p>\n<p>Q\u00ebllimi i k\u00ebsaj propagande \u00ebsht\u00eb t\u00eb bind\u00eb njer\u00ebzit se vrasjet e protestuesve kan\u00eb qen\u00eb t\u00eb p\u00ebrligjura p\u00ebr \u201ct\u00eb mir\u00ebn e demokracis\u00eb\u201d, p\u00ebr \u201ct\u00eb mir\u00ebn e popullit\u201d. Nj\u00eb propagand\u00eb tipike p\u00ebr nj\u00eb regjim diktatorial, si ai i dikurshmi i Enver Hoxh\u00ebs. Nj\u00eb propagand\u00eb tipike p\u00ebr regjime si ato t\u00eb sapo rr\u00ebzuara t\u00eb Gedafit apo si ai i Asadit, q\u00eb ende mbahet n\u00eb k\u00ebmb\u00eb, duke q\u00eblluar me artileri qytetar\u00ebt. Madje deputet\u00eb t\u00eb regjimit nuk kan\u00eb ngurruar t\u00eb k\u00ebrc\u00ebnojn\u00eb se do t\u2019i varin deputet\u00ebt e opozit\u00ebs, n\u00ebse k\u00ebta do t\u00eb guxojn\u00eb t\u00eb organizojn\u00eb p\u00ebrs\u00ebri protesta para Kryeministris\u00eb! Paralajm\u00ebrime dhe g\u00ebrmushje t\u00eb egra tiran\u00ebsh, q\u00eb nuk kan\u00eb asgj\u00eb t\u00eb p\u00ebrbashk\u00ebt me nj\u00eb qeverisje demokratike.<\/p>\n<p>E nd\u00ebrsa pushteti i Berish\u00ebs p\u00ebrpiqet t\u00eb fabrikoj\u00eb \u201ct\u00eb drejt\u00ebn\u201d e vrasjes s\u00eb demonstruesve m\u00eb 21 janar, p\u00ebrs\u00ebri Europa ka folur qart\u00eb me gjuh\u00ebn e jet\u00ebs: T\u00eb paimagjinueshme(!) k\u00ebshtu i kan\u00eb cil\u00ebsuar vrasjet e 21 janarit Robert Kukan dhe Hanes Svoboda, dy p\u00ebrfaq\u00ebsuesit m\u00eb t\u00eb lart\u00eb t\u00eb s\u00eb majt\u00ebs dhe s\u00eb djatht\u00ebs n\u00eb Parlamentin Europian. Dhe kan\u00eb sqaruar se vrasjet e protestuesve jan\u00eb t\u00eb papranueshme, pavar\u00ebsisht dhun\u00ebs me gur\u00eb apo shishe me benzin\u00eb q\u00eb mund t\u00eb ushtrojn\u00eb ata. Sepse qeverit\u00eb demokratike nuk vrasin.<\/p>\n<p>Nj\u00eb e v\u00ebrtet\u00eb q\u00eb po provohet k\u00ebto dit\u00eb edhe n\u00eb Athin\u00eb ku protestuesit jo vet\u00ebm kan\u00eb sulmuar policin\u00eb me gur\u00eb e bomba molotov\u00eb, por i kan\u00eb v\u00ebn\u00eb zjarrin edhe disa nd\u00ebrtesave, dyqaneve apo bankave. Tensioni \u00ebsht\u00eb sot n\u00eb rrug\u00ebt e Athin\u00ebs shum\u00eb m\u00eb i lart\u00eb se \u00e7\u2019qe n\u00eb Tiran\u00eb m\u00eb 21 janar, e megjithat\u00eb nuk kemi d\u00ebgjuar p\u00ebr ndonj\u00eb t\u00eb vrar\u00eb n\u00eb Athin\u00eb. Pse? Sepse qeveria greke nuk ka p\u00ebr q\u00ebllim t\u00eb vras\u00eb, nuk e shikon vrasjen e protestuesve grek\u00eb si mjet p\u00ebr t\u00eb \u201cmbrojtur popullin\u201d sikund\u00ebr ishte optika e qeveris\u00eb \u201cBerisha\u201d n\u00eb Tiran\u00eb.<\/p>\n<p>* * *<\/p>\n<p>N\u00eb fakt, demokracia \u00ebsht\u00eb nj\u00eb biznes i v\u00ebshtir\u00eb. \u00cbsht\u00eb e kollajt\u00eb dhe e k\u00ebndshme t\u00eb merresh me turmat kur ato t\u00eb duartrokasin dhe t\u00eb sjellin n\u00eb pushtet me hosanara. Por nd\u00ebrkaq duhet t\u00eb dish q\u00eb nga lart\u00ebsia e pushtetit, t\u00eb durosh edhe eg\u00ebrsin\u00eb e turm\u00ebs, kund\u00ebrshtimin dhe dhun\u00ebn e saj ndaj pushtetit t\u00ebnd, etjen e saj p\u00ebr t\u00eb t\u00eb p\u00ebrmbysur. Duhet t\u2019i pranosh, pa u eg\u00ebrsuar, si form\u00eb e demokracis\u00eb q\u00eb dallon nga diktatura ku s\u2019pip\u00ebtin asgj\u00eb kund\u00ebr pushtetit. Duhet t\u00eb dish ta qeveris\u00ebsh zem\u00ebrimin e turm\u00ebs dhe jo ta urresh me sedr\u00ebn e prekur t\u00eb liderit t\u00eb pagabuesh\u00ebm e t\u00eb plotfuqish\u00ebm. Rrall\u00eb mund t\u00eb ket\u00eb ndodhur q\u00eb nj\u00eb lider apo qeveri edhe n\u00eb demokracit\u00eb per\u00ebndimore, t\u00eb mos jen\u00eb p\u00ebrballur, n\u00eb nj\u00eb moment t\u00eb caktuar, me protesta t\u00eb dhunshme qytetar\u00ebsh. Dhe sikur t\u00eb kishin vepruar si qeveria \u201cBerisha\u201d n\u00eb Tiran\u00eb, demokracia do t\u00eb ishte zhdukur me koh\u00eb nga faqja e globit si opsion qeverisjeje.<\/p>\n<p>Por qeverit\u00eb kan\u00eb mbetur demokratike, t\u00eb popullit, nga populli dhe p\u00ebr popullin, sepse kan\u00eb ditur ta p\u00ebrballojn\u00eb paq\u00ebsisht dhun\u00ebn e popullit. Pik\u00ebrisht at\u00eb dhun\u00eb q\u00eb sot qeveria e Berish\u00ebs orvatet ta p\u00ebrdor\u00eb si justifikim p\u00ebr t\u00eb p\u00ebrligjur me propagand\u00eb aktin m\u00eb kriminal q\u00eb mund t\u00eb kryej\u00eb nj\u00eb qeveri, vrasjen e protestuesve, \u201cvrasjen e popullit n\u00eb em\u00ebr t\u00eb popullit\u201d, vrasjen e demokracis\u00eb. Nj\u00eb propagand\u00eb dhe nj\u00eb gjuh\u00eb q\u00eb ve\u00e7se denoncon, si pa dashje, koshienc\u00ebn p\u00ebr nj\u00eb krim kapital q\u00eb n\u00eb \u00e7do vend demokratik, nuk mund t\u00eb mos \u00e7onte n\u00eb r\u00ebnien e qeveris\u00eb. Por n\u00eb Tiran\u00eb, nj\u00eb qeveri nuk bie kur vret \u201cpopullin p\u00ebr popullin\u201d, sepse Shqip\u00ebria nuk \u00ebsht\u00eb demokraci, nuk \u00ebsht\u00eb Europ\u00eb. N\u00eb Tiran\u00eb vazhdon t\u00eb ndodh\u00eb ajo q\u00eb p\u00ebr Europ\u00ebn \u00ebsht\u00eb e paimagjinueshme!<\/p>\n","protected":false},"excerpt":{"rendered":"<p>Andrea Stefani, 14.02.2012 Do t\u00eb shohim n\u00ebse g\u00ebnjeshtra e pushtetit, e ngritur n\u00eb podiumet e propagand\u00ebs, do t\u00eb jet\u00eb n\u00eb gjendje t\u00eb imponoj\u00eb si t\u00eb pranueshme m\u00eb t\u00eb papranueshmen, vrasjen e qytetar\u00ebve t\u00eb pafajsh\u00ebm n\u00eb demokraci. P\u00ebrpjekja po b\u00ebhet. Altoparlant\u00ebt e qeveris\u00eb jan\u00eb ngritur n\u00eb maksimum. Fabrika e akuzave dhe mashtrimeve po punon me intensitet [&hellip;]<\/p>\n","protected":false},"author":1,"featured_media":0,"comment_status":"open","ping_status":"closed","sticky":false,"template":"","format":"standard","meta":{"footnotes":""},"categories":[2],"tags":[],"class_list":{"0":"post-1813","1":"post","2":"type-post","3":"status-publish","4":"format-standard","6":"category-artikuj"},"yoast_head":"<!-- This site is optimized with the Yoast SEO plugin v27.4 - https:\/\/yoast.com\/product\/yoast-seo-wordpress\/ -->\n<title>E PAIMAGJINUESHMJA, T\u00cb VRAS\u00cbSH DHE T\u00cb RRISH N\u00cb PUSHTET - FjALA e LIR\u00cb - Arkivi<\/title>\n<meta name=\"robots\" content=\"index, follow, max-snippet:-1, max-image-preview:large, max-video-preview:-1\" \/>\n<link rel=\"canonical\" href=\"https:\/\/fjala.info\/2009-2015\/e-paimagjinueshmja-te-vrasesh-dhe-te-rrish-ne-pushtet\/\" \/>\n<meta property=\"og:locale\" content=\"sq_AL\" \/>\n<meta property=\"og:type\" content=\"article\" \/>\n<meta property=\"og:title\" content=\"E PAIMAGJINUESHMJA, T\u00cb VRAS\u00cbSH DHE T\u00cb RRISH N\u00cb PUSHTET - FjALA e LIR\u00cb - Arkivi\" \/>\n<meta property=\"og:description\" content=\"Andrea Stefani, 14.02.2012 Do t\u00eb shohim n\u00ebse g\u00ebnjeshtra e pushtetit, e ngritur n\u00eb podiumet e propagand\u00ebs, do t\u00eb jet\u00eb n\u00eb gjendje t\u00eb imponoj\u00eb si t\u00eb pranueshme m\u00eb t\u00eb papranueshmen, vrasjen e qytetar\u00ebve t\u00eb pafajsh\u00ebm n\u00eb demokraci. P\u00ebrpjekja po b\u00ebhet. Altoparlant\u00ebt e qeveris\u00eb jan\u00eb ngritur n\u00eb maksimum. Fabrika e akuzave dhe mashtrimeve po punon me intensitet [&hellip;]\" \/>\n<meta property=\"og:url\" content=\"https:\/\/fjala.info\/2009-2015\/e-paimagjinueshmja-te-vrasesh-dhe-te-rrish-ne-pushtet\/\" \/>\n<meta property=\"og:site_name\" content=\"FjALA e LIR\u00cb - Arkivi\" \/>\n<meta property=\"article:published_time\" content=\"2012-02-14T23:44:51+00:00\" \/>\n<meta property=\"og:image\" content=\"http:\/\/www.shkoder.net\/images\/fjala\/andrea_stefani.jpg\" \/>\n<meta name=\"author\" content=\"admin\" \/>\n<meta name=\"twitter:card\" content=\"summary_large_image\" \/>\n<meta name=\"twitter:label1\" content=\"Written by\" \/>\n\t<meta name=\"twitter:data1\" content=\"admin\" \/>\n\t<meta name=\"twitter:label2\" content=\"Est. reading time\" \/>\n\t<meta name=\"twitter:data2\" content=\"6 minutes\" \/>\n<script type=\"application\/ld+json\" class=\"yoast-schema-graph\">{\"@context\":\"https:\\\/\\\/schema.org\",\"@graph\":[{\"@type\":\"Article\",\"@id\":\"https:\\\/\\\/fjala.info\\\/2009-2015\\\/e-paimagjinueshmja-te-vrasesh-dhe-te-rrish-ne-pushtet\\\/#article\",\"isPartOf\":{\"@id\":\"https:\\\/\\\/fjala.info\\\/2009-2015\\\/e-paimagjinueshmja-te-vrasesh-dhe-te-rrish-ne-pushtet\\\/\"},\"author\":{\"name\":\"admin\",\"@id\":\"https:\\\/\\\/fjala.info\\\/2009-2015\\\/#\\\/schema\\\/person\\\/3aa1163ef05469c496fc94e77611ada2\"},\"headline\":\"E PAIMAGJINUESHMJA, T\u00cb VRAS\u00cbSH DHE T\u00cb RRISH N\u00cb PUSHTET\",\"datePublished\":\"2012-02-14T23:44:51+00:00\",\"mainEntityOfPage\":{\"@id\":\"https:\\\/\\\/fjala.info\\\/2009-2015\\\/e-paimagjinueshmja-te-vrasesh-dhe-te-rrish-ne-pushtet\\\/\"},\"wordCount\":1110,\"commentCount\":1,\"publisher\":{\"@id\":\"https:\\\/\\\/fjala.info\\\/2009-2015\\\/#organization\"},\"image\":{\"@id\":\"https:\\\/\\\/fjala.info\\\/2009-2015\\\/e-paimagjinueshmja-te-vrasesh-dhe-te-rrish-ne-pushtet\\\/#primaryimage\"},\"thumbnailUrl\":\"http:\\\/\\\/www.shkoder.net\\\/images\\\/fjala\\\/andrea_stefani.jpg\",\"articleSection\":[\"Artikuj\"],\"inLanguage\":\"sq-AL\",\"potentialAction\":[{\"@type\":\"CommentAction\",\"name\":\"Comment\",\"target\":[\"https:\\\/\\\/fjala.info\\\/2009-2015\\\/e-paimagjinueshmja-te-vrasesh-dhe-te-rrish-ne-pushtet\\\/#respond\"]}]},{\"@type\":\"WebPage\",\"@id\":\"https:\\\/\\\/fjala.info\\\/2009-2015\\\/e-paimagjinueshmja-te-vrasesh-dhe-te-rrish-ne-pushtet\\\/\",\"url\":\"https:\\\/\\\/fjala.info\\\/2009-2015\\\/e-paimagjinueshmja-te-vrasesh-dhe-te-rrish-ne-pushtet\\\/\",\"name\":\"E PAIMAGJINUESHMJA, T\u00cb VRAS\u00cbSH DHE T\u00cb RRISH N\u00cb PUSHTET - FjALA e LIR\u00cb - Arkivi\",\"isPartOf\":{\"@id\":\"https:\\\/\\\/fjala.info\\\/2009-2015\\\/#website\"},\"primaryImageOfPage\":{\"@id\":\"https:\\\/\\\/fjala.info\\\/2009-2015\\\/e-paimagjinueshmja-te-vrasesh-dhe-te-rrish-ne-pushtet\\\/#primaryimage\"},\"image\":{\"@id\":\"https:\\\/\\\/fjala.info\\\/2009-2015\\\/e-paimagjinueshmja-te-vrasesh-dhe-te-rrish-ne-pushtet\\\/#primaryimage\"},\"thumbnailUrl\":\"http:\\\/\\\/www.shkoder.net\\\/images\\\/fjala\\\/andrea_stefani.jpg\",\"datePublished\":\"2012-02-14T23:44:51+00:00\",\"breadcrumb\":{\"@id\":\"https:\\\/\\\/fjala.info\\\/2009-2015\\\/e-paimagjinueshmja-te-vrasesh-dhe-te-rrish-ne-pushtet\\\/#breadcrumb\"},\"inLanguage\":\"sq-AL\",\"potentialAction\":[{\"@type\":\"ReadAction\",\"target\":[\"https:\\\/\\\/fjala.info\\\/2009-2015\\\/e-paimagjinueshmja-te-vrasesh-dhe-te-rrish-ne-pushtet\\\/\"]}]},{\"@type\":\"ImageObject\",\"inLanguage\":\"sq-AL\",\"@id\":\"https:\\\/\\\/fjala.info\\\/2009-2015\\\/e-paimagjinueshmja-te-vrasesh-dhe-te-rrish-ne-pushtet\\\/#primaryimage\",\"url\":\"http:\\\/\\\/www.shkoder.net\\\/images\\\/fjala\\\/andrea_stefani.jpg\",\"contentUrl\":\"http:\\\/\\\/www.shkoder.net\\\/images\\\/fjala\\\/andrea_stefani.jpg\"},{\"@type\":\"BreadcrumbList\",\"@id\":\"https:\\\/\\\/fjala.info\\\/2009-2015\\\/e-paimagjinueshmja-te-vrasesh-dhe-te-rrish-ne-pushtet\\\/#breadcrumb\",\"itemListElement\":[{\"@type\":\"ListItem\",\"position\":1,\"name\":\"Home\",\"item\":\"https:\\\/\\\/fjala.info\\\/2009-2015\\\/\"},{\"@type\":\"ListItem\",\"position\":2,\"name\":\"E PAIMAGJINUESHMJA, T\u00cb VRAS\u00cbSH DHE T\u00cb RRISH N\u00cb PUSHTET\"}]},{\"@type\":\"WebSite\",\"@id\":\"https:\\\/\\\/fjala.info\\\/2009-2015\\\/#website\",\"url\":\"https:\\\/\\\/fjala.info\\\/2009-2015\\\/\",\"name\":\"FjALA e LIR\u00cb - Arkivi\",\"description\":\"Arkivi 2009-2015\",\"publisher\":{\"@id\":\"https:\\\/\\\/fjala.info\\\/2009-2015\\\/#organization\"},\"potentialAction\":[{\"@type\":\"SearchAction\",\"target\":{\"@type\":\"EntryPoint\",\"urlTemplate\":\"https:\\\/\\\/fjala.info\\\/2009-2015\\\/?s={search_term_string}\"},\"query-input\":{\"@type\":\"PropertyValueSpecification\",\"valueRequired\":true,\"valueName\":\"search_term_string\"}}],\"inLanguage\":\"sq-AL\"},{\"@type\":\"Organization\",\"@id\":\"https:\\\/\\\/fjala.info\\\/2009-2015\\\/#organization\",\"name\":\"FjALA e LIR\u00cb - Arkivi\",\"url\":\"https:\\\/\\\/fjala.info\\\/2009-2015\\\/\",\"logo\":{\"@type\":\"ImageObject\",\"inLanguage\":\"sq-AL\",\"@id\":\"https:\\\/\\\/fjala.info\\\/2009-2015\\\/#\\\/schema\\\/logo\\\/image\\\/\",\"url\":\"\",\"contentUrl\":\"\",\"caption\":\"FjALA e LIR\u00cb - Arkivi\"},\"image\":{\"@id\":\"https:\\\/\\\/fjala.info\\\/2009-2015\\\/#\\\/schema\\\/logo\\\/image\\\/\"}},{\"@type\":\"Person\",\"@id\":\"https:\\\/\\\/fjala.info\\\/2009-2015\\\/#\\\/schema\\\/person\\\/3aa1163ef05469c496fc94e77611ada2\",\"name\":\"admin\",\"image\":{\"@type\":\"ImageObject\",\"inLanguage\":\"sq-AL\",\"@id\":\"https:\\\/\\\/fjala.info\\\/2009-2015\\\/wp-content\\\/uploads\\\/2012\\\/02\\\/arben_cokaj-120x150.jpg\",\"url\":\"https:\\\/\\\/fjala.info\\\/2009-2015\\\/wp-content\\\/uploads\\\/2012\\\/02\\\/arben_cokaj-120x150.jpg\",\"contentUrl\":\"https:\\\/\\\/fjala.info\\\/2009-2015\\\/wp-content\\\/uploads\\\/2012\\\/02\\\/arben_cokaj-120x150.jpg\",\"caption\":\"admin\"},\"description\":\"Admin, Fjala e Lir\u00eb\",\"sameAs\":[\"https:\\\/\\\/fjala.info\\\/\"],\"url\":\"https:\\\/\\\/fjala.info\\\/2009-2015\\\/author\\\/admin\\\/\"}]}<\/script>\n<!-- \/ Yoast SEO plugin. -->","yoast_head_json":{"title":"E PAIMAGJINUESHMJA, T\u00cb VRAS\u00cbSH DHE T\u00cb RRISH N\u00cb PUSHTET - FjALA e LIR\u00cb - Arkivi","robots":{"index":"index","follow":"follow","max-snippet":"max-snippet:-1","max-image-preview":"max-image-preview:large","max-video-preview":"max-video-preview:-1"},"canonical":"https:\/\/fjala.info\/2009-2015\/e-paimagjinueshmja-te-vrasesh-dhe-te-rrish-ne-pushtet\/","og_locale":"sq_AL","og_type":"article","og_title":"E PAIMAGJINUESHMJA, T\u00cb VRAS\u00cbSH DHE T\u00cb RRISH N\u00cb PUSHTET - FjALA e LIR\u00cb - Arkivi","og_description":"Andrea Stefani, 14.02.2012 Do t\u00eb shohim n\u00ebse g\u00ebnjeshtra e pushtetit, e ngritur n\u00eb podiumet e propagand\u00ebs, do t\u00eb jet\u00eb n\u00eb gjendje t\u00eb imponoj\u00eb si t\u00eb pranueshme m\u00eb t\u00eb papranueshmen, vrasjen e qytetar\u00ebve t\u00eb pafajsh\u00ebm n\u00eb demokraci. P\u00ebrpjekja po b\u00ebhet. Altoparlant\u00ebt e qeveris\u00eb jan\u00eb ngritur n\u00eb maksimum. Fabrika e akuzave dhe mashtrimeve po punon me intensitet [&hellip;]","og_url":"https:\/\/fjala.info\/2009-2015\/e-paimagjinueshmja-te-vrasesh-dhe-te-rrish-ne-pushtet\/","og_site_name":"FjALA e LIR\u00cb - Arkivi","article_published_time":"2012-02-14T23:44:51+00:00","og_image":[{"url":"http:\/\/www.shkoder.net\/images\/fjala\/andrea_stefani.jpg","type":"","width":"","height":""}],"author":"admin","twitter_card":"summary_large_image","twitter_misc":{"Written by":"admin","Est. reading time":"6 minutes"},"schema":{"@context":"https:\/\/schema.org","@graph":[{"@type":"Article","@id":"https:\/\/fjala.info\/2009-2015\/e-paimagjinueshmja-te-vrasesh-dhe-te-rrish-ne-pushtet\/#article","isPartOf":{"@id":"https:\/\/fjala.info\/2009-2015\/e-paimagjinueshmja-te-vrasesh-dhe-te-rrish-ne-pushtet\/"},"author":{"name":"admin","@id":"https:\/\/fjala.info\/2009-2015\/#\/schema\/person\/3aa1163ef05469c496fc94e77611ada2"},"headline":"E PAIMAGJINUESHMJA, T\u00cb VRAS\u00cbSH DHE T\u00cb RRISH N\u00cb PUSHTET","datePublished":"2012-02-14T23:44:51+00:00","mainEntityOfPage":{"@id":"https:\/\/fjala.info\/2009-2015\/e-paimagjinueshmja-te-vrasesh-dhe-te-rrish-ne-pushtet\/"},"wordCount":1110,"commentCount":1,"publisher":{"@id":"https:\/\/fjala.info\/2009-2015\/#organization"},"image":{"@id":"https:\/\/fjala.info\/2009-2015\/e-paimagjinueshmja-te-vrasesh-dhe-te-rrish-ne-pushtet\/#primaryimage"},"thumbnailUrl":"http:\/\/www.shkoder.net\/images\/fjala\/andrea_stefani.jpg","articleSection":["Artikuj"],"inLanguage":"sq-AL","potentialAction":[{"@type":"CommentAction","name":"Comment","target":["https:\/\/fjala.info\/2009-2015\/e-paimagjinueshmja-te-vrasesh-dhe-te-rrish-ne-pushtet\/#respond"]}]},{"@type":"WebPage","@id":"https:\/\/fjala.info\/2009-2015\/e-paimagjinueshmja-te-vrasesh-dhe-te-rrish-ne-pushtet\/","url":"https:\/\/fjala.info\/2009-2015\/e-paimagjinueshmja-te-vrasesh-dhe-te-rrish-ne-pushtet\/","name":"E PAIMAGJINUESHMJA, T\u00cb VRAS\u00cbSH DHE T\u00cb RRISH N\u00cb PUSHTET - FjALA e LIR\u00cb - Arkivi","isPartOf":{"@id":"https:\/\/fjala.info\/2009-2015\/#website"},"primaryImageOfPage":{"@id":"https:\/\/fjala.info\/2009-2015\/e-paimagjinueshmja-te-vrasesh-dhe-te-rrish-ne-pushtet\/#primaryimage"},"image":{"@id":"https:\/\/fjala.info\/2009-2015\/e-paimagjinueshmja-te-vrasesh-dhe-te-rrish-ne-pushtet\/#primaryimage"},"thumbnailUrl":"http:\/\/www.shkoder.net\/images\/fjala\/andrea_stefani.jpg","datePublished":"2012-02-14T23:44:51+00:00","breadcrumb":{"@id":"https:\/\/fjala.info\/2009-2015\/e-paimagjinueshmja-te-vrasesh-dhe-te-rrish-ne-pushtet\/#breadcrumb"},"inLanguage":"sq-AL","potentialAction":[{"@type":"ReadAction","target":["https:\/\/fjala.info\/2009-2015\/e-paimagjinueshmja-te-vrasesh-dhe-te-rrish-ne-pushtet\/"]}]},{"@type":"ImageObject","inLanguage":"sq-AL","@id":"https:\/\/fjala.info\/2009-2015\/e-paimagjinueshmja-te-vrasesh-dhe-te-rrish-ne-pushtet\/#primaryimage","url":"http:\/\/www.shkoder.net\/images\/fjala\/andrea_stefani.jpg","contentUrl":"http:\/\/www.shkoder.net\/images\/fjala\/andrea_stefani.jpg"},{"@type":"BreadcrumbList","@id":"https:\/\/fjala.info\/2009-2015\/e-paimagjinueshmja-te-vrasesh-dhe-te-rrish-ne-pushtet\/#breadcrumb","itemListElement":[{"@type":"ListItem","position":1,"name":"Home","item":"https:\/\/fjala.info\/2009-2015\/"},{"@type":"ListItem","position":2,"name":"E PAIMAGJINUESHMJA, T\u00cb VRAS\u00cbSH DHE T\u00cb RRISH N\u00cb PUSHTET"}]},{"@type":"WebSite","@id":"https:\/\/fjala.info\/2009-2015\/#website","url":"https:\/\/fjala.info\/2009-2015\/","name":"FjALA e LIR\u00cb - Arkivi","description":"Arkivi 2009-2015","publisher":{"@id":"https:\/\/fjala.info\/2009-2015\/#organization"},"potentialAction":[{"@type":"SearchAction","target":{"@type":"EntryPoint","urlTemplate":"https:\/\/fjala.info\/2009-2015\/?s={search_term_string}"},"query-input":{"@type":"PropertyValueSpecification","valueRequired":true,"valueName":"search_term_string"}}],"inLanguage":"sq-AL"},{"@type":"Organization","@id":"https:\/\/fjala.info\/2009-2015\/#organization","name":"FjALA e LIR\u00cb - Arkivi","url":"https:\/\/fjala.info\/2009-2015\/","logo":{"@type":"ImageObject","inLanguage":"sq-AL","@id":"https:\/\/fjala.info\/2009-2015\/#\/schema\/logo\/image\/","url":"","contentUrl":"","caption":"FjALA e LIR\u00cb - Arkivi"},"image":{"@id":"https:\/\/fjala.info\/2009-2015\/#\/schema\/logo\/image\/"}},{"@type":"Person","@id":"https:\/\/fjala.info\/2009-2015\/#\/schema\/person\/3aa1163ef05469c496fc94e77611ada2","name":"admin","image":{"@type":"ImageObject","inLanguage":"sq-AL","@id":"https:\/\/fjala.info\/2009-2015\/wp-content\/uploads\/2012\/02\/arben_cokaj-120x150.jpg","url":"https:\/\/fjala.info\/2009-2015\/wp-content\/uploads\/2012\/02\/arben_cokaj-120x150.jpg","contentUrl":"https:\/\/fjala.info\/2009-2015\/wp-content\/uploads\/2012\/02\/arben_cokaj-120x150.jpg","caption":"admin"},"description":"Admin, Fjala e Lir\u00eb","sameAs":["https:\/\/fjala.info\/"],"url":"https:\/\/fjala.info\/2009-2015\/author\/admin\/"}]}},"_links":{"self":[{"href":"https:\/\/fjala.info\/2009-2015\/wp-json\/wp\/v2\/posts\/1813","targetHints":{"allow":["GET"]}}],"collection":[{"href":"https:\/\/fjala.info\/2009-2015\/wp-json\/wp\/v2\/posts"}],"about":[{"href":"https:\/\/fjala.info\/2009-2015\/wp-json\/wp\/v2\/types\/post"}],"author":[{"embeddable":true,"href":"https:\/\/fjala.info\/2009-2015\/wp-json\/wp\/v2\/users\/1"}],"replies":[{"embeddable":true,"href":"https:\/\/fjala.info\/2009-2015\/wp-json\/wp\/v2\/comments?post=1813"}],"version-history":[{"count":0,"href":"https:\/\/fjala.info\/2009-2015\/wp-json\/wp\/v2\/posts\/1813\/revisions"}],"wp:attachment":[{"href":"https:\/\/fjala.info\/2009-2015\/wp-json\/wp\/v2\/media?parent=1813"}],"wp:term":[{"taxonomy":"category","embeddable":true,"href":"https:\/\/fjala.info\/2009-2015\/wp-json\/wp\/v2\/categories?post=1813"},{"taxonomy":"post_tag","embeddable":true,"href":"https:\/\/fjala.info\/2009-2015\/wp-json\/wp\/v2\/tags?post=1813"}],"curies":[{"name":"wp","href":"https:\/\/api.w.org\/{rel}","templated":true}]}}