{"id":1811,"date":"2012-02-15T00:41:56","date_gmt":"2012-02-14T23:41:56","guid":{"rendered":"http:\/\/fjala.shkoder.net\/?p=1811"},"modified":"2012-02-15T00:41:56","modified_gmt":"2012-02-14T23:41:56","slug":"nga-spahiu-tek-nano-enigma-e-2013","status":"publish","type":"post","link":"https:\/\/fjala.info\/2009-2015\/nga-spahiu-tek-nano-enigma-e-2013\/","title":{"rendered":"Nga Spahiu tek Nano, enigma e 2013"},"content":{"rendered":"<p><img decoding=\"async\" class=\"alignright size-thumbnail wp-image-7236\" title=\"Sk\u00ebnder Minxhozi\" src=\"http:\/\/www.shkoder.net\/images\/fjala\/skender_minxhozi.jpg\" alt=\"\" width=\"150\" \/> <strong>Sk\u00ebnder Minxhozi<\/strong>, <em>14.02.2012<\/em><\/p>\n<p>N\u00eb hapat e par\u00eb t\u00eb vitit 2012, kur shum\u00ebkush pret fillimin e telenovel\u00ebs presidenciale, ka nisur t\u00eb ravij\u00ebzohet n\u00eb fakt ajo q\u00eb mund t\u00eb jet\u00eb skema politike q\u00eb do ta fus\u00eb Shqip\u00ebrin\u00eb n\u00eb fushat\u00ebn e vitit 2013. Duke zgjedhur presidentin, klasa politike e mban nj\u00ebrin sy tek viti i ardhsh\u00ebm, tek zgjedhjet e v\u00ebrteta. Megjith\u00ebse Kryeministri, me an\u00eb t\u00eb mjesht\u00ebris\u00eb s\u00eb vjet\u00ebr t\u00eb menaxhimit t\u00eb krizave t\u00eb papritura (kjo e motit t\u00eb keq \u00ebsht\u00eb nj\u00eb e till\u00eb), ka arritur ta devijoj\u00eb momentalisht v\u00ebmendjen nga zhvillimet politike n\u00eb Tiran\u00eb, l\u00ebvizjet dhe kalkulimet e rreshtimeve t\u00eb m\u00ebdha e t\u00eb vogla, n\u00eb funksion t\u00eb 2013, kan\u00eb nisur tashm\u00eb.<\/p>\n<p>Largimi i papritur i Kreshnik Spahiut nga poltroni i nxeht\u00eb i K\u00ebshillit t\u00eb Lart\u00eb t\u00eb Drejt\u00ebsis\u00eb, p\u00ebr t\u2019u lan\u00e7uar \u201cme koh\u00eb t\u00eb plot\u00eb\u201d n\u00eb aventur\u00ebn e Aleanc\u00ebs Kuq e Zi, nuk \u00ebsht\u00eb e vetmja prurje e re n\u00eb sken\u00ebn politike. Bashk\u00eb me t\u00eb, brenda pak dit\u00ebve, n\u00eb podium do t\u00eb ngjitet partia e re e Bamir Topit. Ky pol i ri politik, t\u00eb cilit pritet t\u2019i bashkohet jo vet\u00ebm nj\u00eb \u201cnebuloz\u00eb\u201d zyrtar\u00ebsh brenda mazhoranc\u00ebs, por edhe parti e l\u00ebvizje t\u00eb djathta, \u00ebsht\u00eb e reja e madhe e zgjedhjeve t\u00eb ardhshme.<\/p>\n<p>Nisma e kreut t\u00eb shtetit, e cila disa muaj m\u00eb par\u00eb shihej si nj\u00eb l\u00ebvizje e ngjashme me at\u00eb t\u00eb LSI n\u00eb prag t\u00eb zgjedhjeve t\u00eb 2005, tashm\u00eb duket se do t\u00eb marr\u00eb form\u00ebn e nj\u00eb koalicioni m\u00eb t\u00eb gjer\u00eb, ku Aleanca Kuq e Zi ka marr\u00eb p\u00ebrsip\u00ebr t\u00eb luaj\u00eb rolin e lojtarit t\u00eb sulmit, q\u00eb t\u00ebrheq pas vetes dhe q\u00eb motivon gjith\u00eb karvanin e t\u00eb djatht\u00ebs alternative. Inercia e l\u00ebvizjes q\u00eb pritet t\u00eb krijoj\u00eb ky front partish mund t\u00eb fus\u00eb n\u00eb \u201cmendime\u201d, teorikisht, edhe disa parti t\u00eb tjera q\u00eb sot gjenden brenda gardhit t\u00eb shumic\u00ebs, p\u00ebrfshi partin\u00eb \u00e7ame. Megjith\u00ebse kjo e fundit ndodhet n\u00eb konkurrenc\u00eb t\u00eb hapur me Aleanc\u00ebn Kuq e Zi.<\/p>\n<p>Kjo fabul e re politike, e cila po merr gradualisht form\u00eb dhe rrug\u00eb, do t\u00eb sjell\u00eb me shum\u00eb gjas\u00eb rib\u00ebrjen e shifrave dhe parashikimeve elektorale p\u00ebr vitin e ardhsh\u00ebm. N\u00eb k\u00ebt\u00eb proces t\u00eb v\u00ebshtir\u00eb afirmimi, duket se po ndihmon pa dashje edhe vet\u00eb mazhoranca, e cila nuk arrin ta frenoj\u00eb marazin e saj, duke u hedhur n\u00eb nj\u00eb sulm frontal ndaj Topit, Spahiut e t\u00eb tjer\u00ebve. \u00c7ka, n\u00eb fund fare, mund t\u00eb jet\u00eb reklama m\u00eb e mir\u00eb p\u00ebr k\u00ebta t\u00eb fundit, n\u00eb prag t\u00eb nj\u00eb sfide ku njohja dhe afirmimi tek publiku i gjer\u00eb, jan\u00eb elemente vendimtare.<\/p>\n<p>Partit\u00eb e vogla, nj\u00eb tjet\u00ebr faktor n\u00eb loj\u00ebn parazgjedhore, jan\u00eb nj\u00eb e panjohur e dyt\u00eb e madhe. Si\u00e7 kan\u00eb b\u00ebr\u00eb sa her\u00eb q\u00eb kan\u00eb par\u00eb t\u00eb m\u00ebdhenjt\u00eb t\u00eb ulen n\u00eb tryez\u00eb p\u00ebr rregullat e loj\u00ebs, kan\u00eb rinisur k\u00ebrc\u00ebnimet n\u00eb kor, p\u00ebr t\u00eb provokuar ndryshimin e ligjit aktual zgjedhor. Sipas Sk\u00ebnder Gjinushit, vet\u00ebm sistemi aktual si i till\u00eb, pa elementin e korrektimit komb\u00ebtar, ka b\u00ebr\u00eb q\u00eb 160 mij\u00eb vota, ose 11% e votave n\u00eb total, t\u00eb rrjedhin nga xhepat e partive t\u00eb vogla, drejt PD e PS. Meta, Milo, Dule, Ndoka e Ko\u00e7i e shohin edhe nj\u00eb her\u00eb veten p\u00ebrball\u00eb dy partive t\u00eb m\u00ebdha, n\u00eb transhen\u00eb e luft\u00ebs ndaj Kodit aktual Zgjedhor.<\/p>\n<p>Nj\u00eb tjet\u00ebr element q\u00eb e shton surpriz\u00ebn dhe befasin\u00eb e stin\u00ebs zgjedhore q\u00eb pritet t\u00eb filloj\u00eb, \u00ebsht\u00eb roli dhe pozita e Fatos Nanos n\u00eb loj\u00eb. Potencialisht \u00ebsht\u00eb e vetmja figur\u00eb e madhe politike, mes Berish\u00ebs, Ram\u00ebs dhe Met\u00ebs, q\u00eb mund t\u00eb rezervoj\u00eb nj\u00eb t\u00eb papritur n\u00eb zgjedhjet e ardhshme. Fati politik i Nanos mund t\u00eb mbaj\u00eb lidhur deri n\u00eb nj\u00eb mas\u00eb t\u00eb caktuar, e kjo \u00ebsht\u00eb paksa paradoksale, edhe vet\u00eb fatin e opozit\u00ebs n\u00eb zgjedhje. P\u00ebrtej p\u00ebr\u00e7mimit dhe n\u00ebnvler\u00ebsimit q\u00eb PS i ka b\u00ebr\u00eb vitet e fundit pesh\u00ebs elektorale t\u00eb ish-kryetarit socialist, afrimi i ndrojtur q\u00eb Rama po d\u00ebshmon me paraardh\u00ebsin e tij, \u00ebsht\u00eb nj\u00eb prov\u00eb e t\u00ebrthort\u00eb se opozita do ta ndryshoj\u00eb m\u00eb n\u00eb fund taktik\u00ebn e hershme \u201cedhe i vet\u00ebm trim n\u00eb luft\u00eb\u201d.<\/p>\n<p>Me sistemin aktual, nj\u00eb kalim eventual i p\u00ebrkrah\u00ebsve t\u00eb Nanos, nga LSI tek PS, do t\u00eb sillte nj\u00eb efekt t\u00eb caktuar, i cili s\u00eb bashku me rrethanat e tjera negative p\u00ebr qeverin\u00eb, mund t\u00eb ishte jo pak i r\u00ebnd\u00ebsish\u00ebm. Natyrsh\u00ebm, Nano sot \u00ebsht\u00eb ende nj\u00eb enigm\u00eb e madhe politike. Ai pretendon p\u00ebr her\u00eb t\u00eb fundit postin e presidentit, \u00e7ka Berisha deklaroi para pak dit\u00ebsh se nuk do t\u2019ia jap\u00eb. Ky ndryshim i mundsh\u00ebm i konjuktur\u00ebs rreth Fatos Nanos, krahasuar me ver\u00ebn e vitit 2007, mund t\u00eb sillte afrimin e tij n\u00eb vitin e ardhsh\u00ebm me partin\u00eb q\u00eb themeloi. Gjithsesi, kjo mbetet e gjitha p\u00ebr t\u2019u par\u00eb dhe p\u00ebr t\u2019u provuar.<\/p>\n<p>Skena politike po i drejtohet zgjedhjeve t\u00eb ardhshme, me nj\u00eb potencial jo t\u00eb vog\u00ebl transformizmi, aleancash, premtimesh e llogarish t\u00eb vogla e t\u00eb m\u00ebdha. Nga e djathta n\u00eb t\u00eb majt\u00eb, ose e th\u00ebn\u00eb ndryshe, nga ajo pjes\u00eb e spektrit e dominuar nga konsumi i pushtetit, tek pjesa q\u00eb e synon at\u00eb me m\u00eb shum\u00eb forc\u00eb e bindje se kurr\u00eb. Politika shqiptare mund t\u00eb ofroj\u00eb surpriza dhe goditje me efekt, nga ato q\u00eb mund t\u00eb p\u00ebrmbysin shifrat q\u00eb ne njohim sot, nj\u00eb e ca para mbajtjes s\u00eb zgjedhjes. Loja \u00ebsht\u00eb hapur, lojtar\u00ebt po zbresin gradualisht n\u00eb fush\u00eb.<\/p>\n","protected":false},"excerpt":{"rendered":"<p>Sk\u00ebnder Minxhozi, 14.02.2012 N\u00eb hapat e par\u00eb t\u00eb vitit 2012, kur shum\u00ebkush pret fillimin e telenovel\u00ebs presidenciale, ka nisur t\u00eb ravij\u00ebzohet n\u00eb fakt ajo q\u00eb mund t\u00eb jet\u00eb skema politike q\u00eb do ta fus\u00eb Shqip\u00ebrin\u00eb n\u00eb fushat\u00ebn e vitit 2013. Duke zgjedhur presidentin, klasa politike e mban nj\u00ebrin sy tek viti i ardhsh\u00ebm, tek zgjedhjet [&hellip;]<\/p>\n","protected":false},"author":1,"featured_media":0,"comment_status":"open","ping_status":"closed","sticky":false,"template":"","format":"standard","meta":{"footnotes":""},"categories":[2],"tags":[],"class_list":{"0":"post-1811","1":"post","2":"type-post","3":"status-publish","4":"format-standard","6":"category-artikuj"},"yoast_head":"<!-- This site is optimized with the Yoast SEO plugin v27.4 - https:\/\/yoast.com\/product\/yoast-seo-wordpress\/ -->\n<title>Nga Spahiu tek Nano, enigma e 2013 - FjALA e LIR\u00cb - Arkivi<\/title>\n<meta name=\"robots\" content=\"index, follow, max-snippet:-1, max-image-preview:large, max-video-preview:-1\" \/>\n<link rel=\"canonical\" href=\"https:\/\/fjala.info\/2009-2015\/nga-spahiu-tek-nano-enigma-e-2013\/\" \/>\n<meta property=\"og:locale\" content=\"sq_AL\" \/>\n<meta property=\"og:type\" content=\"article\" \/>\n<meta property=\"og:title\" content=\"Nga Spahiu tek Nano, enigma e 2013 - FjALA e LIR\u00cb - Arkivi\" \/>\n<meta property=\"og:description\" content=\"Sk\u00ebnder Minxhozi, 14.02.2012 N\u00eb hapat e par\u00eb t\u00eb vitit 2012, kur shum\u00ebkush pret fillimin e telenovel\u00ebs presidenciale, ka nisur t\u00eb ravij\u00ebzohet n\u00eb fakt ajo q\u00eb mund t\u00eb jet\u00eb skema politike q\u00eb do ta fus\u00eb Shqip\u00ebrin\u00eb n\u00eb fushat\u00ebn e vitit 2013. Duke zgjedhur presidentin, klasa politike e mban nj\u00ebrin sy tek viti i ardhsh\u00ebm, tek zgjedhjet [&hellip;]\" \/>\n<meta property=\"og:url\" content=\"https:\/\/fjala.info\/2009-2015\/nga-spahiu-tek-nano-enigma-e-2013\/\" \/>\n<meta property=\"og:site_name\" content=\"FjALA e LIR\u00cb - Arkivi\" \/>\n<meta property=\"article:published_time\" content=\"2012-02-14T23:41:56+00:00\" \/>\n<meta property=\"og:image\" content=\"http:\/\/www.shkoder.net\/images\/fjala\/skender_minxhozi.jpg\" \/>\n<meta name=\"author\" content=\"admin\" \/>\n<meta name=\"twitter:card\" content=\"summary_large_image\" \/>\n<meta name=\"twitter:label1\" content=\"Written by\" \/>\n\t<meta name=\"twitter:data1\" content=\"admin\" \/>\n\t<meta name=\"twitter:label2\" content=\"Est. reading time\" \/>\n\t<meta name=\"twitter:data2\" content=\"5 minutes\" \/>\n<script type=\"application\/ld+json\" class=\"yoast-schema-graph\">{\"@context\":\"https:\\\/\\\/schema.org\",\"@graph\":[{\"@type\":\"Article\",\"@id\":\"https:\\\/\\\/fjala.info\\\/2009-2015\\\/nga-spahiu-tek-nano-enigma-e-2013\\\/#article\",\"isPartOf\":{\"@id\":\"https:\\\/\\\/fjala.info\\\/2009-2015\\\/nga-spahiu-tek-nano-enigma-e-2013\\\/\"},\"author\":{\"name\":\"admin\",\"@id\":\"https:\\\/\\\/fjala.info\\\/2009-2015\\\/#\\\/schema\\\/person\\\/3aa1163ef05469c496fc94e77611ada2\"},\"headline\":\"Nga Spahiu tek Nano, enigma e 2013\",\"datePublished\":\"2012-02-14T23:41:56+00:00\",\"mainEntityOfPage\":{\"@id\":\"https:\\\/\\\/fjala.info\\\/2009-2015\\\/nga-spahiu-tek-nano-enigma-e-2013\\\/\"},\"wordCount\":955,\"commentCount\":2,\"publisher\":{\"@id\":\"https:\\\/\\\/fjala.info\\\/2009-2015\\\/#organization\"},\"image\":{\"@id\":\"https:\\\/\\\/fjala.info\\\/2009-2015\\\/nga-spahiu-tek-nano-enigma-e-2013\\\/#primaryimage\"},\"thumbnailUrl\":\"http:\\\/\\\/www.shkoder.net\\\/images\\\/fjala\\\/skender_minxhozi.jpg\",\"articleSection\":[\"Artikuj\"],\"inLanguage\":\"sq-AL\",\"potentialAction\":[{\"@type\":\"CommentAction\",\"name\":\"Comment\",\"target\":[\"https:\\\/\\\/fjala.info\\\/2009-2015\\\/nga-spahiu-tek-nano-enigma-e-2013\\\/#respond\"]}]},{\"@type\":\"WebPage\",\"@id\":\"https:\\\/\\\/fjala.info\\\/2009-2015\\\/nga-spahiu-tek-nano-enigma-e-2013\\\/\",\"url\":\"https:\\\/\\\/fjala.info\\\/2009-2015\\\/nga-spahiu-tek-nano-enigma-e-2013\\\/\",\"name\":\"Nga Spahiu tek Nano, enigma e 2013 - FjALA e LIR\u00cb - Arkivi\",\"isPartOf\":{\"@id\":\"https:\\\/\\\/fjala.info\\\/2009-2015\\\/#website\"},\"primaryImageOfPage\":{\"@id\":\"https:\\\/\\\/fjala.info\\\/2009-2015\\\/nga-spahiu-tek-nano-enigma-e-2013\\\/#primaryimage\"},\"image\":{\"@id\":\"https:\\\/\\\/fjala.info\\\/2009-2015\\\/nga-spahiu-tek-nano-enigma-e-2013\\\/#primaryimage\"},\"thumbnailUrl\":\"http:\\\/\\\/www.shkoder.net\\\/images\\\/fjala\\\/skender_minxhozi.jpg\",\"datePublished\":\"2012-02-14T23:41:56+00:00\",\"breadcrumb\":{\"@id\":\"https:\\\/\\\/fjala.info\\\/2009-2015\\\/nga-spahiu-tek-nano-enigma-e-2013\\\/#breadcrumb\"},\"inLanguage\":\"sq-AL\",\"potentialAction\":[{\"@type\":\"ReadAction\",\"target\":[\"https:\\\/\\\/fjala.info\\\/2009-2015\\\/nga-spahiu-tek-nano-enigma-e-2013\\\/\"]}]},{\"@type\":\"ImageObject\",\"inLanguage\":\"sq-AL\",\"@id\":\"https:\\\/\\\/fjala.info\\\/2009-2015\\\/nga-spahiu-tek-nano-enigma-e-2013\\\/#primaryimage\",\"url\":\"http:\\\/\\\/www.shkoder.net\\\/images\\\/fjala\\\/skender_minxhozi.jpg\",\"contentUrl\":\"http:\\\/\\\/www.shkoder.net\\\/images\\\/fjala\\\/skender_minxhozi.jpg\"},{\"@type\":\"BreadcrumbList\",\"@id\":\"https:\\\/\\\/fjala.info\\\/2009-2015\\\/nga-spahiu-tek-nano-enigma-e-2013\\\/#breadcrumb\",\"itemListElement\":[{\"@type\":\"ListItem\",\"position\":1,\"name\":\"Home\",\"item\":\"https:\\\/\\\/fjala.info\\\/2009-2015\\\/\"},{\"@type\":\"ListItem\",\"position\":2,\"name\":\"Nga Spahiu tek Nano, enigma e 2013\"}]},{\"@type\":\"WebSite\",\"@id\":\"https:\\\/\\\/fjala.info\\\/2009-2015\\\/#website\",\"url\":\"https:\\\/\\\/fjala.info\\\/2009-2015\\\/\",\"name\":\"FjALA e LIR\u00cb - Arkivi\",\"description\":\"Arkivi 2009-2015\",\"publisher\":{\"@id\":\"https:\\\/\\\/fjala.info\\\/2009-2015\\\/#organization\"},\"potentialAction\":[{\"@type\":\"SearchAction\",\"target\":{\"@type\":\"EntryPoint\",\"urlTemplate\":\"https:\\\/\\\/fjala.info\\\/2009-2015\\\/?s={search_term_string}\"},\"query-input\":{\"@type\":\"PropertyValueSpecification\",\"valueRequired\":true,\"valueName\":\"search_term_string\"}}],\"inLanguage\":\"sq-AL\"},{\"@type\":\"Organization\",\"@id\":\"https:\\\/\\\/fjala.info\\\/2009-2015\\\/#organization\",\"name\":\"FjALA e LIR\u00cb - Arkivi\",\"url\":\"https:\\\/\\\/fjala.info\\\/2009-2015\\\/\",\"logo\":{\"@type\":\"ImageObject\",\"inLanguage\":\"sq-AL\",\"@id\":\"https:\\\/\\\/fjala.info\\\/2009-2015\\\/#\\\/schema\\\/logo\\\/image\\\/\",\"url\":\"\",\"contentUrl\":\"\",\"caption\":\"FjALA e LIR\u00cb - Arkivi\"},\"image\":{\"@id\":\"https:\\\/\\\/fjala.info\\\/2009-2015\\\/#\\\/schema\\\/logo\\\/image\\\/\"}},{\"@type\":\"Person\",\"@id\":\"https:\\\/\\\/fjala.info\\\/2009-2015\\\/#\\\/schema\\\/person\\\/3aa1163ef05469c496fc94e77611ada2\",\"name\":\"admin\",\"image\":{\"@type\":\"ImageObject\",\"inLanguage\":\"sq-AL\",\"@id\":\"https:\\\/\\\/fjala.info\\\/2009-2015\\\/wp-content\\\/uploads\\\/2012\\\/02\\\/arben_cokaj-120x150.jpg\",\"url\":\"https:\\\/\\\/fjala.info\\\/2009-2015\\\/wp-content\\\/uploads\\\/2012\\\/02\\\/arben_cokaj-120x150.jpg\",\"contentUrl\":\"https:\\\/\\\/fjala.info\\\/2009-2015\\\/wp-content\\\/uploads\\\/2012\\\/02\\\/arben_cokaj-120x150.jpg\",\"caption\":\"admin\"},\"description\":\"Admin, Fjala e Lir\u00eb\",\"sameAs\":[\"https:\\\/\\\/fjala.info\\\/\"],\"url\":\"https:\\\/\\\/fjala.info\\\/2009-2015\\\/author\\\/admin\\\/\"}]}<\/script>\n<!-- \/ Yoast SEO plugin. -->","yoast_head_json":{"title":"Nga Spahiu tek Nano, enigma e 2013 - FjALA e LIR\u00cb - Arkivi","robots":{"index":"index","follow":"follow","max-snippet":"max-snippet:-1","max-image-preview":"max-image-preview:large","max-video-preview":"max-video-preview:-1"},"canonical":"https:\/\/fjala.info\/2009-2015\/nga-spahiu-tek-nano-enigma-e-2013\/","og_locale":"sq_AL","og_type":"article","og_title":"Nga Spahiu tek Nano, enigma e 2013 - FjALA e LIR\u00cb - Arkivi","og_description":"Sk\u00ebnder Minxhozi, 14.02.2012 N\u00eb hapat e par\u00eb t\u00eb vitit 2012, kur shum\u00ebkush pret fillimin e telenovel\u00ebs presidenciale, ka nisur t\u00eb ravij\u00ebzohet n\u00eb fakt ajo q\u00eb mund t\u00eb jet\u00eb skema politike q\u00eb do ta fus\u00eb Shqip\u00ebrin\u00eb n\u00eb fushat\u00ebn e vitit 2013. Duke zgjedhur presidentin, klasa politike e mban nj\u00ebrin sy tek viti i ardhsh\u00ebm, tek zgjedhjet [&hellip;]","og_url":"https:\/\/fjala.info\/2009-2015\/nga-spahiu-tek-nano-enigma-e-2013\/","og_site_name":"FjALA e LIR\u00cb - Arkivi","article_published_time":"2012-02-14T23:41:56+00:00","og_image":[{"url":"http:\/\/www.shkoder.net\/images\/fjala\/skender_minxhozi.jpg","type":"","width":"","height":""}],"author":"admin","twitter_card":"summary_large_image","twitter_misc":{"Written by":"admin","Est. reading time":"5 minutes"},"schema":{"@context":"https:\/\/schema.org","@graph":[{"@type":"Article","@id":"https:\/\/fjala.info\/2009-2015\/nga-spahiu-tek-nano-enigma-e-2013\/#article","isPartOf":{"@id":"https:\/\/fjala.info\/2009-2015\/nga-spahiu-tek-nano-enigma-e-2013\/"},"author":{"name":"admin","@id":"https:\/\/fjala.info\/2009-2015\/#\/schema\/person\/3aa1163ef05469c496fc94e77611ada2"},"headline":"Nga Spahiu tek Nano, enigma e 2013","datePublished":"2012-02-14T23:41:56+00:00","mainEntityOfPage":{"@id":"https:\/\/fjala.info\/2009-2015\/nga-spahiu-tek-nano-enigma-e-2013\/"},"wordCount":955,"commentCount":2,"publisher":{"@id":"https:\/\/fjala.info\/2009-2015\/#organization"},"image":{"@id":"https:\/\/fjala.info\/2009-2015\/nga-spahiu-tek-nano-enigma-e-2013\/#primaryimage"},"thumbnailUrl":"http:\/\/www.shkoder.net\/images\/fjala\/skender_minxhozi.jpg","articleSection":["Artikuj"],"inLanguage":"sq-AL","potentialAction":[{"@type":"CommentAction","name":"Comment","target":["https:\/\/fjala.info\/2009-2015\/nga-spahiu-tek-nano-enigma-e-2013\/#respond"]}]},{"@type":"WebPage","@id":"https:\/\/fjala.info\/2009-2015\/nga-spahiu-tek-nano-enigma-e-2013\/","url":"https:\/\/fjala.info\/2009-2015\/nga-spahiu-tek-nano-enigma-e-2013\/","name":"Nga Spahiu tek Nano, enigma e 2013 - FjALA e LIR\u00cb - Arkivi","isPartOf":{"@id":"https:\/\/fjala.info\/2009-2015\/#website"},"primaryImageOfPage":{"@id":"https:\/\/fjala.info\/2009-2015\/nga-spahiu-tek-nano-enigma-e-2013\/#primaryimage"},"image":{"@id":"https:\/\/fjala.info\/2009-2015\/nga-spahiu-tek-nano-enigma-e-2013\/#primaryimage"},"thumbnailUrl":"http:\/\/www.shkoder.net\/images\/fjala\/skender_minxhozi.jpg","datePublished":"2012-02-14T23:41:56+00:00","breadcrumb":{"@id":"https:\/\/fjala.info\/2009-2015\/nga-spahiu-tek-nano-enigma-e-2013\/#breadcrumb"},"inLanguage":"sq-AL","potentialAction":[{"@type":"ReadAction","target":["https:\/\/fjala.info\/2009-2015\/nga-spahiu-tek-nano-enigma-e-2013\/"]}]},{"@type":"ImageObject","inLanguage":"sq-AL","@id":"https:\/\/fjala.info\/2009-2015\/nga-spahiu-tek-nano-enigma-e-2013\/#primaryimage","url":"http:\/\/www.shkoder.net\/images\/fjala\/skender_minxhozi.jpg","contentUrl":"http:\/\/www.shkoder.net\/images\/fjala\/skender_minxhozi.jpg"},{"@type":"BreadcrumbList","@id":"https:\/\/fjala.info\/2009-2015\/nga-spahiu-tek-nano-enigma-e-2013\/#breadcrumb","itemListElement":[{"@type":"ListItem","position":1,"name":"Home","item":"https:\/\/fjala.info\/2009-2015\/"},{"@type":"ListItem","position":2,"name":"Nga Spahiu tek Nano, enigma e 2013"}]},{"@type":"WebSite","@id":"https:\/\/fjala.info\/2009-2015\/#website","url":"https:\/\/fjala.info\/2009-2015\/","name":"FjALA e LIR\u00cb - Arkivi","description":"Arkivi 2009-2015","publisher":{"@id":"https:\/\/fjala.info\/2009-2015\/#organization"},"potentialAction":[{"@type":"SearchAction","target":{"@type":"EntryPoint","urlTemplate":"https:\/\/fjala.info\/2009-2015\/?s={search_term_string}"},"query-input":{"@type":"PropertyValueSpecification","valueRequired":true,"valueName":"search_term_string"}}],"inLanguage":"sq-AL"},{"@type":"Organization","@id":"https:\/\/fjala.info\/2009-2015\/#organization","name":"FjALA e LIR\u00cb - Arkivi","url":"https:\/\/fjala.info\/2009-2015\/","logo":{"@type":"ImageObject","inLanguage":"sq-AL","@id":"https:\/\/fjala.info\/2009-2015\/#\/schema\/logo\/image\/","url":"","contentUrl":"","caption":"FjALA e LIR\u00cb - Arkivi"},"image":{"@id":"https:\/\/fjala.info\/2009-2015\/#\/schema\/logo\/image\/"}},{"@type":"Person","@id":"https:\/\/fjala.info\/2009-2015\/#\/schema\/person\/3aa1163ef05469c496fc94e77611ada2","name":"admin","image":{"@type":"ImageObject","inLanguage":"sq-AL","@id":"https:\/\/fjala.info\/2009-2015\/wp-content\/uploads\/2012\/02\/arben_cokaj-120x150.jpg","url":"https:\/\/fjala.info\/2009-2015\/wp-content\/uploads\/2012\/02\/arben_cokaj-120x150.jpg","contentUrl":"https:\/\/fjala.info\/2009-2015\/wp-content\/uploads\/2012\/02\/arben_cokaj-120x150.jpg","caption":"admin"},"description":"Admin, Fjala e Lir\u00eb","sameAs":["https:\/\/fjala.info\/"],"url":"https:\/\/fjala.info\/2009-2015\/author\/admin\/"}]}},"_links":{"self":[{"href":"https:\/\/fjala.info\/2009-2015\/wp-json\/wp\/v2\/posts\/1811","targetHints":{"allow":["GET"]}}],"collection":[{"href":"https:\/\/fjala.info\/2009-2015\/wp-json\/wp\/v2\/posts"}],"about":[{"href":"https:\/\/fjala.info\/2009-2015\/wp-json\/wp\/v2\/types\/post"}],"author":[{"embeddable":true,"href":"https:\/\/fjala.info\/2009-2015\/wp-json\/wp\/v2\/users\/1"}],"replies":[{"embeddable":true,"href":"https:\/\/fjala.info\/2009-2015\/wp-json\/wp\/v2\/comments?post=1811"}],"version-history":[{"count":0,"href":"https:\/\/fjala.info\/2009-2015\/wp-json\/wp\/v2\/posts\/1811\/revisions"}],"wp:attachment":[{"href":"https:\/\/fjala.info\/2009-2015\/wp-json\/wp\/v2\/media?parent=1811"}],"wp:term":[{"taxonomy":"category","embeddable":true,"href":"https:\/\/fjala.info\/2009-2015\/wp-json\/wp\/v2\/categories?post=1811"},{"taxonomy":"post_tag","embeddable":true,"href":"https:\/\/fjala.info\/2009-2015\/wp-json\/wp\/v2\/tags?post=1811"}],"curies":[{"name":"wp","href":"https:\/\/api.w.org\/{rel}","templated":true}]}}