{"id":1808,"date":"2012-02-15T00:38:07","date_gmt":"2012-02-14T23:38:07","guid":{"rendered":"http:\/\/fjala.shkoder.net\/?p=1808"},"modified":"2012-02-15T00:38:07","modified_gmt":"2012-02-14T23:38:07","slug":"per-nje-zgjedhje-te-presidentit-nga-populli","status":"publish","type":"post","link":"https:\/\/fjala.info\/2009-2015\/per-nje-zgjedhje-te-presidentit-nga-populli\/","title":{"rendered":"P\u00ebr nj\u00eb zgjedhje t\u00eb Presidentit nga populli"},"content":{"rendered":"<p><img decoding=\"async\" class=\"alignright size-thumbnail wp-image-7236\" title=\"Zef Brozi\" src=\"http:\/\/www.shkoder.net\/2012\/zef_brozi.jpg\" alt=\"\" width=\"300\" \/> <strong>Zef Brozi<\/strong>, <em>14.02.2012<\/em><\/p>\n<p>&#8211; <strong>M\u00ebnyra m\u00eb demokratike, m\u00eb efikase dhe m\u00eb e p\u00ebrshtatshme p\u00ebr Shqip\u00ebrin\u00eb<\/strong><\/p>\n<p>N\u00eb k\u00ebt\u00eb shkrim, dua t\u00eb jap mendimin tim lidhur me zgjedhjen e Presidentit me votim direkt nga populli, si nj\u00eb nd\u00ebr m\u00ebnyrat m\u00eb demokratike dhe m\u00eb t\u00eb p\u00ebrshtatshme p\u00ebr vendin ton\u00eb. Ata q\u00eb sot n\u00eb Shqip\u00ebri jan\u00eb kund\u00ebr zgjedhjes s\u00eb presidentit nga populli d\u00ebshmojn\u00eb se kan\u00eb frik\u00eb nga populli, prandaj ata edhe meritojn\u00eb nd\u00ebshkimin m\u00eb t\u00eb fort\u00eb prej popullit dhe jo vet\u00ebm kur ka zgjedhje. M\u00eb t\u00eb frik\u00ebsuarit nga populli n\u00eb Shqip\u00ebri e kudo jan\u00eb diktator\u00ebt dhe pushtetar\u00ebt e korruptuar.<\/p>\n<p>Mbase do t\u00eb ishte m\u00eb demokratike dhe e p\u00ebrshtatshme q\u00eb edhe Prokurori i P\u00ebrgjithsh\u00ebm, edhe kryetari e an\u00ebtar\u00ebt e Gjykat\u00ebs s\u00eb Lart\u00eb dhe t\u00eb Gjykat\u00ebs Kushtetuese t\u00eb zgjidheshin nga populli dhe kriteret e detajuara se kush mund t\u00eb zgjidhet n\u00eb k\u00ebto funksione t\u00eb p\u00ebrcaktoheshin me Kushtetut\u00eb.<\/p>\n<p>Mendimi q\u00eb disa n\u00eb Shqip\u00ebri kan\u00eb pasur, se vet\u00ebm n\u00eb republikat presidenciale, presidenti zgjidhet direkt nga populli, \u00ebsht\u00eb nj\u00eb teori q\u00eb i p\u00ebrket shekullit dhe mij\u00ebvje\u00e7arit t\u00eb kaluar dhe q\u00eb \u00ebsht\u00eb hedhur posht\u00eb nga realiteti i sot\u00ebm bot\u00ebror. Aktualisht n\u00eb mjaft vende, p\u00ebrfshir\u00eb dhe ato t\u00eb Europ\u00ebs Lindore, edhe pse n\u00eb Kushtetut\u00eb kan\u00eb fiksuar form\u00ebn republikane t\u00eb qeverisjes, presidenti zgjidhet nga populli. Edhe shteti m\u00eb i ri, Kosova, ndon\u00ebse Republik\u00eb Parlamentare, e ndryshoi Kushtetut\u00ebn dhe s\u00eb shpejti do t\u00eb b\u00ebj\u00eb zgjedhjen e presidentit me votim nga populli.<\/p>\n<p>Propozimi q\u00eb presidenti t\u00eb zgjidhet direkt nga populli nuk \u00ebsht\u00eb nj\u00eb diskutim a propozim i ri n\u00eb Shqip\u00ebri. Edhe n\u00eb Komisionin p\u00ebr Hartimin e Kushtetut\u00ebs n\u00eb vitet 1993-1994 ka pasur propozim q\u00eb presidenti t\u00eb zgjidhet nga populli, por presidenti i asaj kohe synonte t\u00eb rizgjidhej dhe nuk kishte siguri q\u00eb populli mund ta votonte p\u00ebr nj\u00eb mandat t\u00eb dyt\u00eb. Rezultati i referendumit p\u00ebr Kushtetut\u00ebn n\u00eb N\u00ebntor 1994, befasoi dhe alarmoi pushtetin, por d\u00ebshmoi edhe pjekurin\u00eb politike t\u00eb popullit.<\/p>\n<p>Ndon\u00ebse pritej q\u00eb Kushtetuta e 1998-s t\u00eb vendoste q\u00eb presidenti t\u00eb zgjidhej nga populli, ajo ruajti po at\u00eb model t\u00eb Kushtetut\u00ebs q\u00eb humbi n\u00eb referendumin e 1994-s. Mesa duket dhe Nj\u00ebshi i s\u00eb Majt\u00ebs n\u00eb pushtet, ashtu si ai i s\u00eb Djatht\u00ebs, donte q\u00eb Presidentin ta em\u00ebronte vet\u00eb q\u00eb ta kishte kukull t\u00eb tij. \u00cbsht\u00eb dometh\u00ebn\u00ebs fakti q\u00eb kur jan\u00eb n\u00eb opozit\u00eb, kryetar\u00ebt e partive t\u00eb m\u00ebdha k\u00ebrkojn\u00eb zgjedhjen e presidentit nga populli, por sa vijn\u00eb n\u00eb pushtet b\u00ebjn\u00eb t\u00eb kund\u00ebrt\u00ebn.<\/p>\n<p>At\u00ebher\u00eb shtrohet pyetja: kush pengoi m\u00eb 1994, m\u00eb 1998 dhe kush e pengon edhe sot vendosjen n\u00eb Kushtetut\u00eb q\u00eb presidenti t\u00eb zgjidhet nga populli? P\u00ebrgjigjja \u00ebsht\u00eb e thjesht\u00eb: N\u00eb Shqip\u00ebri, Kushtetuta dhe ligjet nuk jan\u00eb hartuar e as hartohen duke pasur si q\u00ebllim interesat e Shqip\u00ebris\u00eb dhe nd\u00ebrtimin e nj\u00eb shteti t\u00eb v\u00ebrtet\u00eb ligjor e demokratik, por diktohen nga interesat e Nj\u00ebshit a Nj\u00ebshave n\u00eb pushtet e politik\u00eb. N\u00ebse kjo praktik\u00eb nuk merr fund, Shqip\u00ebria nuk do t\u00eb arrij\u00eb t\u00eb ket\u00eb as stabilitet kushtetues e ligjor, as shtet t\u00eb konsoliduar demokratik.<\/p>\n<p>1. Pse duke filluar q\u00eb k\u00ebt\u00eb vit, presidenti duhet t\u00eb zgjidhet nga populli?<\/p>\n<p>Presidenti mendoj se q\u00eb k\u00ebt\u00eb vit duhet t\u00eb zgjidhet me votim direkt nga populli, n\u00eb \u00e7do kat\u00ebr vjet me t\u00eb drejt\u00eb rizgjedhjeje vet\u00ebm edhe p\u00ebr nj\u00eb mandat tjet\u00ebr. N\u00eb k\u00ebt\u00eb m\u00ebnyr\u00eb, presidenti del si p\u00ebrfaq\u00ebsues jo i nj\u00eb partie politike, por i shumic\u00ebs s\u00eb popullit; ushtron n\u00eb m\u00ebnyr\u00eb m\u00eb t\u00eb pavarur kompetencat e tij dhe luan rol aktiv e merr vendime t\u00eb guximshme sidomos n\u00eb raste krizash politike dhe ngjarjesh tragjike, si ajo e terrorit shtet\u00ebror t\u00eb 21 janarit 2011, tragjedis\u00eb s\u00eb G\u00ebrdecit etj.<\/p>\n<p>Zgjedhja e presidentit nga populli i jep mund\u00ebsi t\u00eb gjith\u00eb votuesve q\u00eb ata dhe jo kryetar\u00ebt e dy a tre partive parlamentare t\u00eb vendosin se kush do t\u00eb jet\u00eb kreu i shtetit dhe p\u00ebrfaq\u00ebsuesi i unitetit t\u00eb popullit. Kryetar\u00ebt e partive nuk mund t\u00eb p\u00ebrfaq\u00ebsojn\u00eb as unitetin, as vullnetin e popullit. Partit\u00eb politike nuk mund t\u00eb barazohen me popullin, sepse ato jan\u00eb vet\u00ebm nj\u00eb pjes\u00eb e tij, nj\u00eb fragment i organizimit t\u00eb tij social e politik.<\/p>\n<p>Zgjedhja e presidentit nga populli do t\u2019u krijonte mund\u00ebsi konkurrimi t\u00eb gjith\u00eb atyre q\u00eb plot\u00ebsonin kriteret p\u00ebr president dhe q\u00eb vendosnin t\u00eb hynin n\u00eb nj\u00eb gar\u00eb t\u00eb till\u00eb. Kandidat\u00ebt do t\u00eb vinin si nga partit\u00eb e m\u00ebdha, ashtu edhe nga partit\u00eb e vogla, shoq\u00ebria civile, rrethet m\u00ebsimore e kulturore, biznesi etj. Kandidat\u00ebt do t\u00eb duhej t\u00eb b\u00ebnin fushat\u00eb, t\u00eb b\u00ebnin takime me zgjedh\u00ebsit dhe t\u00eb shpjegonin programin e tyre dhe t\u2019u p\u00ebrgjigjeshin pyetjeve t\u00eb zgjedh\u00ebsve. Me interes \u00ebsht\u00eb organizimi i debateve publike dhe debateve t\u00eb drejtp\u00ebrdrejta n\u00eb televizion me kandidat\u00ebt p\u00ebr president.<\/p>\n<p>N\u00eb k\u00ebto debate b\u00ebhen edhe pyetje jo vet\u00ebm nga ata q\u00eb jan\u00eb prezent\u00eb n\u00eb sall\u00ebn ku b\u00ebhet debati, por edhe nga publiku i gjer\u00eb, p\u00ebrfshir\u00eb edhe shqiptar\u00ebt q\u00eb jan\u00eb me qindra a mij\u00ebra kilometra larg, gj\u00eb q\u00eb sot mund\u00ebsohet nga mjetet e shumta t\u00eb komunikimit elektronik. Konkurrenca e disa kandidat\u00ebve dhe komunikimi i tyre i hapur dhe direkt me publikun do t\u00eb mund\u00ebsojn\u00eb q\u00eb zgjedh\u00ebsit t\u00eb njohin mir\u00eb kandidat\u00ebt dhe t\u00eb p\u00ebrzgjedhin m\u00eb t\u00eb mirin midis tyre. Pra do t\u00eb marrin fund m\u00ebnyrat mafioze, korruptive, madje edhe qesharake t\u00eb zgjedhjes s\u00eb presidentit. Do t\u00eb marr\u00eb fund edhe humbja e koh\u00ebs p\u00ebr t\u00eb arritur n\u00eb t\u00eb ashtuquajturin \u201cpresident konsensual\u201d, q\u00eb do t\u00eb thot\u00eb nj\u00eb president kukull n\u00eb duart e kryetarit t\u00eb partis\u00eb.<\/p>\n<p>2. Duhen b\u00ebr\u00eb brenda muajit mars 2012 ndryshimet e nevojshme n\u00eb Kushtetut\u00eb lidhur me zgjedhjen e Presidentit nga populli q\u00eb k\u00ebt\u00eb vit, si dhe p\u00ebr kriteret e kandidat\u00ebve p\u00ebr president dhe kompetencat e presidentit.<\/p>\n<p>Po t\u00eb jet\u00eb vullneti politik p\u00ebr ta zgjedhur presidentin nga populli, ndryshimet e neneve p\u00ebrkat\u00ebse n\u00eb Kushtetut\u00eb jan\u00eb shum\u00eb t\u00eb thjeshta, pra mund t\u00eb b\u00ebhen shum\u00eb shpejt, brenda muajit mars t\u00eb k\u00ebtij viti. Me q\u00ebllim q\u00eb t\u2019i vij\u00eb n\u00eb ndihm\u00eb Komisionit q\u00eb mund t\u00eb krijohet p\u00ebr k\u00ebto ndryshime sugjeroj edhe formulimet e disa neneve m\u00eb kryesore lidhur me Presidentin.<\/p>\n<p>Mendoj se Neni 86 i Kushtetut\u00ebs mund t\u00eb formulohet k\u00ebshtu:<\/p>\n<p>President i Republik\u00ebs \u00ebsht\u00eb Kryetar i Shtetit dhe p\u00ebrfaq\u00ebson unitetin e popullit.<\/p>\n<p>President mund t\u00eb zgjidhet vet\u00ebm shtetasi shqiptar q\u00eb nga lindja, q\u00eb ka mbushur mosh\u00ebn 35 vje\u00e7 dhe q\u00eb ka banuar n\u00eb Shqip\u00ebri jo m\u00eb pak se 10 vjet.<\/p>\n<p>Presidenti zgjidhet me votim t\u00eb drejtp\u00ebrdrejt\u00eb e t\u00eb fsheht\u00eb nga populli.<\/p>\n<p>Presidenti zgjidhet p\u00ebr 4 vjet dhe me t\u00eb drejt\u00eb rizgjedhje vet\u00ebm nj\u00eb her\u00eb.<\/p>\n<p>Si\u00e7 shihet n\u00eb k\u00ebt\u00eb formulim sugjerohet q\u00eb mosha minimale e k\u00ebrkuar p\u00ebr Presidentin t\u00eb ulet nga 40 vje\u00e7 q\u00eb \u00ebsht\u00eb sot, n\u00eb 35 vje\u00e7. Kjo p\u00ebr faktin se Shqip\u00ebria ka nj\u00eb p\u00ebrqindje t\u00eb lart\u00eb popullsie t\u00eb re n\u00eb mosh\u00eb dhe se u duhet krijuar mund\u00ebsi edhe grupmosh\u00ebs 35-40 vje\u00e7, k\u00ebsaj pjese vitale t\u00eb popullsis\u00eb, q\u00eb t\u00eb konkurrojn\u00eb p\u00ebr President. Edhe n\u00eb Amerik\u00ebn q\u00eb ka sot mbi 300 milion\u00eb banor\u00eb, kufiri minimal i mosh\u00ebs p\u00ebr President \u00ebsht\u00eb 35 vje\u00e7. Gjithashtu mendoj se mandati i Presidentit duhet t\u00eb jet\u00eb 4 vjet dhe jo 5 vjet sa \u00ebsht\u00eb sot. Edhe n\u00eb Amerik\u00eb mandati i Presidentit \u00ebsht\u00eb 4 vjet dhe me t\u00eb drejt\u00eb rizgjedhjeje edhe p\u00ebr 4 vjet t\u00eb tjera. N\u00eb kushtet e Shqip\u00ebris\u00eb, t\u00eb kesh 10 vjet t\u00eb nj\u00ebjtin person si President \u00ebsht\u00eb nj\u00eb koh\u00eb shum\u00eb e gjat\u00eb dhe kufizon konkurrenc\u00ebn e brezave te rinj.<\/p>\n<p>N\u00eb vitin 1998, nj\u00eb profesor i s\u00eb Drejt\u00ebs Kushtetuese k\u00ebtu n\u00eb Washington, DC dhe njoh\u00ebs shum\u00eb i mir\u00eb edhe i Kushtetutave dhe situat\u00ebs n\u00eb Europ\u00eb, p\u00ebrfshir\u00eb edhe Shqip\u00ebrin\u00eb, duke komentuar projektkushtetut\u00ebn e vitit 1998 (Kushtetuta e sotme e Shqip\u00ebris\u00eb) kishte kapur nj\u00eb detaj t\u00eb r\u00ebnd\u00ebsish\u00ebm t\u00eb saj: v\u00ebnia e kushtit q\u00eb p\u00ebr t\u2019u zgjedhur president, personi duhet t\u00eb ket\u00eb banuar 10 vjet\u00ebt e fundit pa shk\u00ebputje n\u00eb Shqip\u00ebri. Nd\u00ebr t\u00eb tjera ai arsyetonte: \u201cMe k\u00ebt\u00eb kufizim, duket se q\u00ebllimisht politikan\u00ebt n\u00eb Shqip\u00ebri duan t\u00eb pengojn\u00eb intelektual\u00ebt dhe t\u00eb rinjt\u00eb e t\u00eb rejat shqiptare q\u00eb studiojn\u00eb, punojn\u00eb dhe jetojn\u00eb n\u00eb Per\u00ebndim. Pra k\u00ebta nuk lejohen t\u00eb angazhohen n\u00eb jet\u00ebn politike t\u00eb vendit t\u00eb tyre p\u00ebrfshir\u00eb edhe konkurrenc\u00ebn p\u00ebr k\u00ebt\u00eb post t\u00eb lart\u00eb. Duket se edhe projektkushtetuta e 1998-s nuk i ka shp\u00ebtuar mend\u00ebsive e praktikave t\u00eb diktatur\u00ebs komuniste\u2026\u201d.<\/p>\n<p>Ndon\u00ebse v\u00ebnia e kriterit q\u00eb personi q\u00eb konkurron p\u00ebr president t\u00eb ket\u00eb banuar nj\u00ebfar\u00eb kohe n\u00eb Shqip\u00ebri \u00ebsht\u00eb i drejt\u00eb, kushti q\u00eb kjo koh\u00eb t\u00eb jet\u00eb pa shk\u00ebputje n\u00eb 10 vjet\u00ebt e fundit \u00ebsht\u00eb i padrejt\u00eb. Aq m\u00eb tep\u00ebr kjo n\u00eb kushtet e vendit ton\u00eb q\u00eb ka nj\u00eb emigracion unik n\u00eb bot\u00eb me m\u00eb se 1\/3 e popullsis\u00eb jasht\u00eb vendit dhe n\u00eb k\u00ebt\u00eb shekull t\u00eb globalizmit dhe l\u00ebvizjes s\u00eb lir\u00eb. P\u00ebrse edhe ish-student\u00ebt e L\u00ebvizjes Studentore t\u00eb Dhjetorit 1990, q\u00eb p\u00ebrmbys\u00ebn diktatur\u00ebn, por q\u00eb ka vite q\u00eb jan\u00eb n\u00eb imigracion t\u00eb pengohen nga ky kufizim p\u00ebr t\u00eb konkurruar p\u00ebr president? Kushtetuta Amerikane k\u00ebrkon q\u00eb personi q\u00eb kandidon p\u00ebr president duhet t\u00eb ket\u00eb banuar jo m\u00eb pak se 10 vjet n\u00eb Amerik\u00eb, por ndryshe nga Kushtetuta e Shqip\u00ebris\u00eb, ajo nuk v\u00eb asnj\u00eb kufizim tjet\u00ebr se kur duhet t\u00eb jet\u00eb ky afat 10- vje\u00e7ar.<\/p>\n<p>Neni 87 i Kushtetut\u00ebs mund t\u00eb formulohet si vijon:<\/p>\n<p>Kandidat\u00ebt p\u00ebr president mund t\u00eb propozohen nga partit\u00eb politike, shoq\u00ebria civile ose dalin si kandidat\u00eb t\u00eb pavarur.<\/p>\n<p>Zgjedhjet p\u00ebr president b\u00ebhen jo m\u00eb von\u00eb se dy muaj para mbarimit t\u00eb mandatit t\u00eb Presidentit.<\/p>\n<p>N\u00ebse asnj\u00eb kandidat nuk merr m\u00eb shum\u00eb se gjysm\u00ebn e votave t\u00eb p\u00ebrgjithshme, at\u00ebher\u00eb b\u00ebhet votim i dyt\u00eb, jo m\u00eb von\u00eb se 2 jav\u00eb pas shpalljes s\u00eb rezultateve, ku votohet p\u00ebr dy kandidat\u00ebt q\u00eb kan\u00eb marr\u00eb m\u00eb shum\u00eb vota n\u00eb raundin e par\u00eb. Quhet i zgjedhur kandidati q\u00eb siguron m\u00eb shum\u00eb vota.<\/p>\n<p>N\u00ebse n\u00eb votimin e dyt\u00eb kandidat\u00ebt marrin num\u00ebr t\u00eb barabart\u00eb votash, at\u00ebher\u00eb t\u00eb dy kandidat\u00ebt votohen n\u00eb Kuvend dhe kandidati q\u00eb merr m\u00eb shum\u00eb vota, quhet i zgjedhur.<\/p>\n<p>N\u00eb rast se n\u00eb votimin e par\u00eb n\u00eb Kuvend, t\u00eb dy kandidat\u00ebt marrin num\u00ebr t\u00eb barabart\u00eb votash, b\u00ebhet votim i dyt\u00eb brenda nj\u00eb jave. N\u00eb rast se edhe n\u00eb k\u00ebt\u00eb votim, rezultati i votave \u00ebsht\u00eb i barabart\u00eb, Kuvendi shp\u00ebrndahet dhe b\u00ebhen zgjedhje t\u00eb reja p\u00ebr Kuvendin dhe Presidentin.<\/p>\n<p>Presidenti q\u00ebndron n\u00eb detyr\u00eb deri n\u00eb zgjedhjen e Presidentit t\u00eb ri.<\/p>\n<p>3. Mendoj se duhen rishikuar edhe disa kompetenca t\u00eb presidentit me q\u00ebllim q\u00eb t\u00eb mos jet\u00eb thjesht nj\u00eb figur\u00eb pa tagra pushteti.<\/p>\n<p>M\u00eb kryesorja, mendoj se duhet t\u00eb ndryshoj\u00eb neni i Kushtetut\u00ebs, q\u00eb ka t\u00eb b\u00ebj\u00eb me veton e presidentit p\u00ebr ligjet dhe duhet sanksionuar q\u00eb n\u00eb rast se presidenti ia kthen ligjin Parlamentit p\u00ebr rishqyrtim, ky ligj mund t\u00eb miratohet me jo m\u00eb pak se 2\/3 e gjith\u00eb deputet\u00ebve t\u00eb Kuvendit. Sot n\u00eb nj\u00eb rast t\u00eb till\u00eb, Kuvendi e miraton ligjin e kthyer nga president me shumic\u00ebn e thjesht\u00eb t\u00eb an\u00ebtar\u00ebve t\u00eb Kuvendit. Nj\u00eb zgjidhje e till\u00eb e b\u00ebn veton praktikisht pa asnj\u00eb vler\u00eb.<\/p>\n<p>Prandaj mendoj q\u00eb neni 85 duhet ndryshuar dhe mund t\u00eb formulohet k\u00ebshtu :<\/p>\n<p>Presidenti i Republik\u00ebs ka t\u00eb drejt\u00eb ta kthej\u00eb ligjin p\u00ebr rishqyrtim vet\u00ebm nj\u00eb her\u00eb.<\/p>\n<p>Ligji i kthyer nga presidenti p\u00ebr rishqyrtim mund t\u00eb miratohet nga Kuvendi, kur p\u00ebr t\u00eb votojn\u00eb jo m\u00eb pak se 2\/3 e t\u00eb gjith\u00eb an\u00ebtar\u00ebve t\u00eb Kuvendit. N\u00eb k\u00ebt\u00eb rast Presidenti nuk ka m\u00eb t\u00eb drejt\u00eb ta kthej\u00eb p\u00ebr rishqyrtim k\u00ebt\u00eb ligj.<\/p>\n<p>Mendoj se do ishte mir\u00eb q\u00eb Garda e Republik\u00ebs t\u00eb jet\u00eb n\u00eb vart\u00ebsin\u00eb direkte t\u00eb Presidentit dhe komandanti i saj t\u00eb em\u00ebrohej dhe shkarkohej nga Presidenti. Garda t\u00eb mos jet\u00eb n\u00eb struktur\u00ebn e var\u00ebsin\u00eb e Ministris\u00eb s\u00eb Brendshme a t\u00eb ndonj\u00eb ministrie tjet\u00ebr. Gjithashtu mendoj se do t\u00eb ishte efektive q\u00eb n\u00eb rastet kur p\u00ebr shkak t\u00eb implikimit t\u00eb qeveritar\u00ebve n\u00eb korrupsion, n\u00eb akte t\u00eb r\u00ebnda diskredituese dhe n\u00eb pengim t\u00eb organeve t\u00eb drejt\u00ebsis\u00eb, presidenti t\u00eb ket\u00eb t\u00eb drejt\u00eb t\u00eb shkarkoj\u00eb kryeministrin a ministra t\u00eb ve\u00e7ant\u00eb.<\/p>\n<p>S\u00eb fundi, mendoj se p\u00ebr k\u00ebto ndryshime kushtetuese lidhur me zgjedhjen e presidentit nga populli nuk ka asnj\u00eb nevoj\u00eb p\u00ebr t\u00eb humbur koh\u00eb me ekspert\u00eb konstitucionalist\u00eb t\u00eb huaj, madje as me Komisionin e Venecias a institucione t\u00eb tjera. Q\u00eb zgjedhja e Presidentit nga populli \u00ebsht\u00eb rruga m\u00eb demokratike, k\u00ebt\u00eb e din\u00eb t\u00eb gjith\u00eb shqiptar\u00ebt, p\u00ebrfshir\u00eb edhe fshatar\u00ebt e zonave m\u00eb t\u00eb thella dhe shqiptar\u00ebt (me p\u00ebrjashtim t\u00eb ndonj\u00eb pushtetari t\u00eb inkriminuar) nuk kan\u00eb m\u00eb nevoj\u00eb p\u00ebr leksione a k\u00ebshilla p\u00ebr k\u00ebt\u00eb \u00e7\u00ebshtje. Kjo duhet b\u00ebr\u00eb edhe p\u00ebr t\u00eb kursyer parat\u00eb e taksapaguesve per\u00ebndimor\u00eb n\u00eb k\u00ebt\u00eb periudh\u00eb t\u00eb v\u00ebshtir\u00eb ekonomike, edhe p\u00ebr t\u00eb mos u marr\u00eb koh\u00ebn e \u00e7muar institucioneve nd\u00ebrkomb\u00ebtare dhe ekspert\u00ebve t\u00eb huaj.<\/p>\n<p>Dhe m\u00eb e r\u00ebnd\u00ebsishmja \u00ebsht\u00eb se sot, n\u00eb Shqip\u00ebri, ka specialist\u00eb shum\u00eb t\u00eb mir\u00eb p\u00ebr Kushtetut\u00ebn dhe fusha t\u00eb tjera t\u00eb ligjit, t\u00eb cil\u00ebt kan\u00eb studiuar, ose jan\u00eb kualifikuar, ose edhe kan\u00eb punuar n\u00eb Per\u00ebndim e n\u00eb institucione nd\u00ebrkomb\u00ebtare dhe lexojn\u00eb edhe literatur\u00eb n\u00eb disa gjuh\u00eb t\u00eb huaja. N\u00eb Tiran\u00eb \u00ebsht\u00eb edhe ish-gjykat\u00ebsi i nderuar i Gjykat\u00ebs Europiane t\u00eb t\u00eb Drejtave t\u00eb Njeriut dhe ish-an\u00ebtar i Komisioneve Kushtetuese. Politikan\u00ebt dhe pushtetar\u00ebt shqiptar\u00eb duhet t\u00eb ken\u00eb m\u00eb shum\u00eb besim n\u00eb k\u00ebt\u00eb pasuri t\u00eb \u00e7muar intelektuale q\u00eb ka sot vendi yn\u00eb dhe ta d\u00ebgjojn\u00eb realisht z\u00ebrin e tyre. At\u00ebher\u00eb edhe Kushtetuta, edhe ligjet do t\u00eb jen\u00eb shum\u00eb m\u00eb t\u00eb mira, m\u00eb demokratike, m\u00eb jet\u00ebgjata.<\/p>\n<p><em>Washington, DC, 12 Shkurt 2012<\/em><\/p>\n","protected":false},"excerpt":{"rendered":"<p>Zef Brozi, 14.02.2012 &#8211; M\u00ebnyra m\u00eb demokratike, m\u00eb efikase dhe m\u00eb e p\u00ebrshtatshme p\u00ebr Shqip\u00ebrin\u00eb N\u00eb k\u00ebt\u00eb shkrim, dua t\u00eb jap mendimin tim lidhur me zgjedhjen e Presidentit me votim direkt nga populli, si nj\u00eb nd\u00ebr m\u00ebnyrat m\u00eb demokratike dhe m\u00eb t\u00eb p\u00ebrshtatshme p\u00ebr vendin ton\u00eb. Ata q\u00eb sot n\u00eb Shqip\u00ebri jan\u00eb kund\u00ebr zgjedhjes s\u00eb [&hellip;]<\/p>\n","protected":false},"author":1,"featured_media":0,"comment_status":"open","ping_status":"closed","sticky":false,"template":"","format":"standard","meta":{"footnotes":""},"categories":[2],"tags":[],"class_list":{"0":"post-1808","1":"post","2":"type-post","3":"status-publish","4":"format-standard","6":"category-artikuj"},"yoast_head":"<!-- This site is optimized with the Yoast SEO plugin v27.4 - https:\/\/yoast.com\/product\/yoast-seo-wordpress\/ -->\n<title>P\u00ebr nj\u00eb zgjedhje t\u00eb Presidentit nga populli - FjALA e LIR\u00cb - Arkivi<\/title>\n<meta name=\"robots\" content=\"index, follow, max-snippet:-1, max-image-preview:large, max-video-preview:-1\" \/>\n<link rel=\"canonical\" href=\"https:\/\/fjala.info\/2009-2015\/per-nje-zgjedhje-te-presidentit-nga-populli\/\" \/>\n<meta property=\"og:locale\" content=\"sq_AL\" \/>\n<meta property=\"og:type\" content=\"article\" \/>\n<meta property=\"og:title\" content=\"P\u00ebr nj\u00eb zgjedhje t\u00eb Presidentit nga populli - FjALA e LIR\u00cb - Arkivi\" \/>\n<meta property=\"og:description\" content=\"Zef Brozi, 14.02.2012 &#8211; M\u00ebnyra m\u00eb demokratike, m\u00eb efikase dhe m\u00eb e p\u00ebrshtatshme p\u00ebr Shqip\u00ebrin\u00eb N\u00eb k\u00ebt\u00eb shkrim, dua t\u00eb jap mendimin tim lidhur me zgjedhjen e Presidentit me votim direkt nga populli, si nj\u00eb nd\u00ebr m\u00ebnyrat m\u00eb demokratike dhe m\u00eb t\u00eb p\u00ebrshtatshme p\u00ebr vendin ton\u00eb. Ata q\u00eb sot n\u00eb Shqip\u00ebri jan\u00eb kund\u00ebr zgjedhjes s\u00eb [&hellip;]\" \/>\n<meta property=\"og:url\" content=\"https:\/\/fjala.info\/2009-2015\/per-nje-zgjedhje-te-presidentit-nga-populli\/\" \/>\n<meta property=\"og:site_name\" content=\"FjALA e LIR\u00cb - Arkivi\" \/>\n<meta property=\"article:published_time\" content=\"2012-02-14T23:38:07+00:00\" \/>\n<meta property=\"og:image\" content=\"http:\/\/www.shkoder.net\/2012\/zef_brozi.jpg\" \/>\n<meta name=\"author\" content=\"admin\" \/>\n<meta name=\"twitter:card\" content=\"summary_large_image\" \/>\n<meta name=\"twitter:label1\" content=\"Written by\" \/>\n\t<meta name=\"twitter:data1\" content=\"admin\" \/>\n\t<meta name=\"twitter:label2\" content=\"Est. reading time\" \/>\n\t<meta name=\"twitter:data2\" content=\"12 minutes\" \/>\n<script type=\"application\/ld+json\" class=\"yoast-schema-graph\">{\"@context\":\"https:\\\/\\\/schema.org\",\"@graph\":[{\"@type\":\"Article\",\"@id\":\"https:\\\/\\\/fjala.info\\\/2009-2015\\\/per-nje-zgjedhje-te-presidentit-nga-populli\\\/#article\",\"isPartOf\":{\"@id\":\"https:\\\/\\\/fjala.info\\\/2009-2015\\\/per-nje-zgjedhje-te-presidentit-nga-populli\\\/\"},\"author\":{\"name\":\"admin\",\"@id\":\"https:\\\/\\\/fjala.info\\\/2009-2015\\\/#\\\/schema\\\/person\\\/3aa1163ef05469c496fc94e77611ada2\"},\"headline\":\"P\u00ebr nj\u00eb zgjedhje t\u00eb Presidentit nga populli\",\"datePublished\":\"2012-02-14T23:38:07+00:00\",\"mainEntityOfPage\":{\"@id\":\"https:\\\/\\\/fjala.info\\\/2009-2015\\\/per-nje-zgjedhje-te-presidentit-nga-populli\\\/\"},\"wordCount\":2422,\"commentCount\":0,\"publisher\":{\"@id\":\"https:\\\/\\\/fjala.info\\\/2009-2015\\\/#organization\"},\"image\":{\"@id\":\"https:\\\/\\\/fjala.info\\\/2009-2015\\\/per-nje-zgjedhje-te-presidentit-nga-populli\\\/#primaryimage\"},\"thumbnailUrl\":\"http:\\\/\\\/www.shkoder.net\\\/2012\\\/zef_brozi.jpg\",\"articleSection\":[\"Artikuj\"],\"inLanguage\":\"sq-AL\",\"potentialAction\":[{\"@type\":\"CommentAction\",\"name\":\"Comment\",\"target\":[\"https:\\\/\\\/fjala.info\\\/2009-2015\\\/per-nje-zgjedhje-te-presidentit-nga-populli\\\/#respond\"]}]},{\"@type\":\"WebPage\",\"@id\":\"https:\\\/\\\/fjala.info\\\/2009-2015\\\/per-nje-zgjedhje-te-presidentit-nga-populli\\\/\",\"url\":\"https:\\\/\\\/fjala.info\\\/2009-2015\\\/per-nje-zgjedhje-te-presidentit-nga-populli\\\/\",\"name\":\"P\u00ebr nj\u00eb zgjedhje t\u00eb Presidentit nga populli - FjALA e LIR\u00cb - Arkivi\",\"isPartOf\":{\"@id\":\"https:\\\/\\\/fjala.info\\\/2009-2015\\\/#website\"},\"primaryImageOfPage\":{\"@id\":\"https:\\\/\\\/fjala.info\\\/2009-2015\\\/per-nje-zgjedhje-te-presidentit-nga-populli\\\/#primaryimage\"},\"image\":{\"@id\":\"https:\\\/\\\/fjala.info\\\/2009-2015\\\/per-nje-zgjedhje-te-presidentit-nga-populli\\\/#primaryimage\"},\"thumbnailUrl\":\"http:\\\/\\\/www.shkoder.net\\\/2012\\\/zef_brozi.jpg\",\"datePublished\":\"2012-02-14T23:38:07+00:00\",\"breadcrumb\":{\"@id\":\"https:\\\/\\\/fjala.info\\\/2009-2015\\\/per-nje-zgjedhje-te-presidentit-nga-populli\\\/#breadcrumb\"},\"inLanguage\":\"sq-AL\",\"potentialAction\":[{\"@type\":\"ReadAction\",\"target\":[\"https:\\\/\\\/fjala.info\\\/2009-2015\\\/per-nje-zgjedhje-te-presidentit-nga-populli\\\/\"]}]},{\"@type\":\"ImageObject\",\"inLanguage\":\"sq-AL\",\"@id\":\"https:\\\/\\\/fjala.info\\\/2009-2015\\\/per-nje-zgjedhje-te-presidentit-nga-populli\\\/#primaryimage\",\"url\":\"http:\\\/\\\/www.shkoder.net\\\/2012\\\/zef_brozi.jpg\",\"contentUrl\":\"http:\\\/\\\/www.shkoder.net\\\/2012\\\/zef_brozi.jpg\"},{\"@type\":\"BreadcrumbList\",\"@id\":\"https:\\\/\\\/fjala.info\\\/2009-2015\\\/per-nje-zgjedhje-te-presidentit-nga-populli\\\/#breadcrumb\",\"itemListElement\":[{\"@type\":\"ListItem\",\"position\":1,\"name\":\"Home\",\"item\":\"https:\\\/\\\/fjala.info\\\/2009-2015\\\/\"},{\"@type\":\"ListItem\",\"position\":2,\"name\":\"P\u00ebr nj\u00eb zgjedhje t\u00eb Presidentit nga populli\"}]},{\"@type\":\"WebSite\",\"@id\":\"https:\\\/\\\/fjala.info\\\/2009-2015\\\/#website\",\"url\":\"https:\\\/\\\/fjala.info\\\/2009-2015\\\/\",\"name\":\"FjALA e LIR\u00cb - Arkivi\",\"description\":\"Arkivi 2009-2015\",\"publisher\":{\"@id\":\"https:\\\/\\\/fjala.info\\\/2009-2015\\\/#organization\"},\"potentialAction\":[{\"@type\":\"SearchAction\",\"target\":{\"@type\":\"EntryPoint\",\"urlTemplate\":\"https:\\\/\\\/fjala.info\\\/2009-2015\\\/?s={search_term_string}\"},\"query-input\":{\"@type\":\"PropertyValueSpecification\",\"valueRequired\":true,\"valueName\":\"search_term_string\"}}],\"inLanguage\":\"sq-AL\"},{\"@type\":\"Organization\",\"@id\":\"https:\\\/\\\/fjala.info\\\/2009-2015\\\/#organization\",\"name\":\"FjALA e LIR\u00cb - Arkivi\",\"url\":\"https:\\\/\\\/fjala.info\\\/2009-2015\\\/\",\"logo\":{\"@type\":\"ImageObject\",\"inLanguage\":\"sq-AL\",\"@id\":\"https:\\\/\\\/fjala.info\\\/2009-2015\\\/#\\\/schema\\\/logo\\\/image\\\/\",\"url\":\"\",\"contentUrl\":\"\",\"caption\":\"FjALA e LIR\u00cb - Arkivi\"},\"image\":{\"@id\":\"https:\\\/\\\/fjala.info\\\/2009-2015\\\/#\\\/schema\\\/logo\\\/image\\\/\"}},{\"@type\":\"Person\",\"@id\":\"https:\\\/\\\/fjala.info\\\/2009-2015\\\/#\\\/schema\\\/person\\\/3aa1163ef05469c496fc94e77611ada2\",\"name\":\"admin\",\"image\":{\"@type\":\"ImageObject\",\"inLanguage\":\"sq-AL\",\"@id\":\"https:\\\/\\\/fjala.info\\\/2009-2015\\\/wp-content\\\/uploads\\\/2012\\\/02\\\/arben_cokaj-120x150.jpg\",\"url\":\"https:\\\/\\\/fjala.info\\\/2009-2015\\\/wp-content\\\/uploads\\\/2012\\\/02\\\/arben_cokaj-120x150.jpg\",\"contentUrl\":\"https:\\\/\\\/fjala.info\\\/2009-2015\\\/wp-content\\\/uploads\\\/2012\\\/02\\\/arben_cokaj-120x150.jpg\",\"caption\":\"admin\"},\"description\":\"Admin, Fjala e Lir\u00eb\",\"sameAs\":[\"https:\\\/\\\/fjala.info\\\/\"],\"url\":\"https:\\\/\\\/fjala.info\\\/2009-2015\\\/author\\\/admin\\\/\"}]}<\/script>\n<!-- \/ Yoast SEO plugin. -->","yoast_head_json":{"title":"P\u00ebr nj\u00eb zgjedhje t\u00eb Presidentit nga populli - FjALA e LIR\u00cb - Arkivi","robots":{"index":"index","follow":"follow","max-snippet":"max-snippet:-1","max-image-preview":"max-image-preview:large","max-video-preview":"max-video-preview:-1"},"canonical":"https:\/\/fjala.info\/2009-2015\/per-nje-zgjedhje-te-presidentit-nga-populli\/","og_locale":"sq_AL","og_type":"article","og_title":"P\u00ebr nj\u00eb zgjedhje t\u00eb Presidentit nga populli - FjALA e LIR\u00cb - Arkivi","og_description":"Zef Brozi, 14.02.2012 &#8211; M\u00ebnyra m\u00eb demokratike, m\u00eb efikase dhe m\u00eb e p\u00ebrshtatshme p\u00ebr Shqip\u00ebrin\u00eb N\u00eb k\u00ebt\u00eb shkrim, dua t\u00eb jap mendimin tim lidhur me zgjedhjen e Presidentit me votim direkt nga populli, si nj\u00eb nd\u00ebr m\u00ebnyrat m\u00eb demokratike dhe m\u00eb t\u00eb p\u00ebrshtatshme p\u00ebr vendin ton\u00eb. Ata q\u00eb sot n\u00eb Shqip\u00ebri jan\u00eb kund\u00ebr zgjedhjes s\u00eb [&hellip;]","og_url":"https:\/\/fjala.info\/2009-2015\/per-nje-zgjedhje-te-presidentit-nga-populli\/","og_site_name":"FjALA e LIR\u00cb - Arkivi","article_published_time":"2012-02-14T23:38:07+00:00","og_image":[{"url":"http:\/\/www.shkoder.net\/2012\/zef_brozi.jpg","type":"","width":"","height":""}],"author":"admin","twitter_card":"summary_large_image","twitter_misc":{"Written by":"admin","Est. reading time":"12 minutes"},"schema":{"@context":"https:\/\/schema.org","@graph":[{"@type":"Article","@id":"https:\/\/fjala.info\/2009-2015\/per-nje-zgjedhje-te-presidentit-nga-populli\/#article","isPartOf":{"@id":"https:\/\/fjala.info\/2009-2015\/per-nje-zgjedhje-te-presidentit-nga-populli\/"},"author":{"name":"admin","@id":"https:\/\/fjala.info\/2009-2015\/#\/schema\/person\/3aa1163ef05469c496fc94e77611ada2"},"headline":"P\u00ebr nj\u00eb zgjedhje t\u00eb Presidentit nga populli","datePublished":"2012-02-14T23:38:07+00:00","mainEntityOfPage":{"@id":"https:\/\/fjala.info\/2009-2015\/per-nje-zgjedhje-te-presidentit-nga-populli\/"},"wordCount":2422,"commentCount":0,"publisher":{"@id":"https:\/\/fjala.info\/2009-2015\/#organization"},"image":{"@id":"https:\/\/fjala.info\/2009-2015\/per-nje-zgjedhje-te-presidentit-nga-populli\/#primaryimage"},"thumbnailUrl":"http:\/\/www.shkoder.net\/2012\/zef_brozi.jpg","articleSection":["Artikuj"],"inLanguage":"sq-AL","potentialAction":[{"@type":"CommentAction","name":"Comment","target":["https:\/\/fjala.info\/2009-2015\/per-nje-zgjedhje-te-presidentit-nga-populli\/#respond"]}]},{"@type":"WebPage","@id":"https:\/\/fjala.info\/2009-2015\/per-nje-zgjedhje-te-presidentit-nga-populli\/","url":"https:\/\/fjala.info\/2009-2015\/per-nje-zgjedhje-te-presidentit-nga-populli\/","name":"P\u00ebr nj\u00eb zgjedhje t\u00eb Presidentit nga populli - FjALA e LIR\u00cb - Arkivi","isPartOf":{"@id":"https:\/\/fjala.info\/2009-2015\/#website"},"primaryImageOfPage":{"@id":"https:\/\/fjala.info\/2009-2015\/per-nje-zgjedhje-te-presidentit-nga-populli\/#primaryimage"},"image":{"@id":"https:\/\/fjala.info\/2009-2015\/per-nje-zgjedhje-te-presidentit-nga-populli\/#primaryimage"},"thumbnailUrl":"http:\/\/www.shkoder.net\/2012\/zef_brozi.jpg","datePublished":"2012-02-14T23:38:07+00:00","breadcrumb":{"@id":"https:\/\/fjala.info\/2009-2015\/per-nje-zgjedhje-te-presidentit-nga-populli\/#breadcrumb"},"inLanguage":"sq-AL","potentialAction":[{"@type":"ReadAction","target":["https:\/\/fjala.info\/2009-2015\/per-nje-zgjedhje-te-presidentit-nga-populli\/"]}]},{"@type":"ImageObject","inLanguage":"sq-AL","@id":"https:\/\/fjala.info\/2009-2015\/per-nje-zgjedhje-te-presidentit-nga-populli\/#primaryimage","url":"http:\/\/www.shkoder.net\/2012\/zef_brozi.jpg","contentUrl":"http:\/\/www.shkoder.net\/2012\/zef_brozi.jpg"},{"@type":"BreadcrumbList","@id":"https:\/\/fjala.info\/2009-2015\/per-nje-zgjedhje-te-presidentit-nga-populli\/#breadcrumb","itemListElement":[{"@type":"ListItem","position":1,"name":"Home","item":"https:\/\/fjala.info\/2009-2015\/"},{"@type":"ListItem","position":2,"name":"P\u00ebr nj\u00eb zgjedhje t\u00eb Presidentit nga populli"}]},{"@type":"WebSite","@id":"https:\/\/fjala.info\/2009-2015\/#website","url":"https:\/\/fjala.info\/2009-2015\/","name":"FjALA e LIR\u00cb - Arkivi","description":"Arkivi 2009-2015","publisher":{"@id":"https:\/\/fjala.info\/2009-2015\/#organization"},"potentialAction":[{"@type":"SearchAction","target":{"@type":"EntryPoint","urlTemplate":"https:\/\/fjala.info\/2009-2015\/?s={search_term_string}"},"query-input":{"@type":"PropertyValueSpecification","valueRequired":true,"valueName":"search_term_string"}}],"inLanguage":"sq-AL"},{"@type":"Organization","@id":"https:\/\/fjala.info\/2009-2015\/#organization","name":"FjALA e LIR\u00cb - Arkivi","url":"https:\/\/fjala.info\/2009-2015\/","logo":{"@type":"ImageObject","inLanguage":"sq-AL","@id":"https:\/\/fjala.info\/2009-2015\/#\/schema\/logo\/image\/","url":"","contentUrl":"","caption":"FjALA e LIR\u00cb - Arkivi"},"image":{"@id":"https:\/\/fjala.info\/2009-2015\/#\/schema\/logo\/image\/"}},{"@type":"Person","@id":"https:\/\/fjala.info\/2009-2015\/#\/schema\/person\/3aa1163ef05469c496fc94e77611ada2","name":"admin","image":{"@type":"ImageObject","inLanguage":"sq-AL","@id":"https:\/\/fjala.info\/2009-2015\/wp-content\/uploads\/2012\/02\/arben_cokaj-120x150.jpg","url":"https:\/\/fjala.info\/2009-2015\/wp-content\/uploads\/2012\/02\/arben_cokaj-120x150.jpg","contentUrl":"https:\/\/fjala.info\/2009-2015\/wp-content\/uploads\/2012\/02\/arben_cokaj-120x150.jpg","caption":"admin"},"description":"Admin, Fjala e Lir\u00eb","sameAs":["https:\/\/fjala.info\/"],"url":"https:\/\/fjala.info\/2009-2015\/author\/admin\/"}]}},"_links":{"self":[{"href":"https:\/\/fjala.info\/2009-2015\/wp-json\/wp\/v2\/posts\/1808","targetHints":{"allow":["GET"]}}],"collection":[{"href":"https:\/\/fjala.info\/2009-2015\/wp-json\/wp\/v2\/posts"}],"about":[{"href":"https:\/\/fjala.info\/2009-2015\/wp-json\/wp\/v2\/types\/post"}],"author":[{"embeddable":true,"href":"https:\/\/fjala.info\/2009-2015\/wp-json\/wp\/v2\/users\/1"}],"replies":[{"embeddable":true,"href":"https:\/\/fjala.info\/2009-2015\/wp-json\/wp\/v2\/comments?post=1808"}],"version-history":[{"count":0,"href":"https:\/\/fjala.info\/2009-2015\/wp-json\/wp\/v2\/posts\/1808\/revisions"}],"wp:attachment":[{"href":"https:\/\/fjala.info\/2009-2015\/wp-json\/wp\/v2\/media?parent=1808"}],"wp:term":[{"taxonomy":"category","embeddable":true,"href":"https:\/\/fjala.info\/2009-2015\/wp-json\/wp\/v2\/categories?post=1808"},{"taxonomy":"post_tag","embeddable":true,"href":"https:\/\/fjala.info\/2009-2015\/wp-json\/wp\/v2\/tags?post=1808"}],"curies":[{"name":"wp","href":"https:\/\/api.w.org\/{rel}","templated":true}]}}