{"id":1799,"date":"2012-02-14T23:42:43","date_gmt":"2012-02-14T22:42:43","guid":{"rendered":"http:\/\/fjala.shkoder.net\/?p=1799"},"modified":"2012-02-14T23:42:43","modified_gmt":"2012-02-14T22:42:43","slug":"foli-prape-me-te-vdekurit-e-tij","status":"publish","type":"post","link":"https:\/\/fjala.info\/2009-2015\/foli-prape-me-te-vdekurit-e-tij\/","title":{"rendered":"Foli prap\u00eb me t\u00eb vdekurit e tij!"},"content":{"rendered":"<p><img decoding=\"async\" class=\"alignright size-thumbnail wp-image-7236\" title=\"Mero Baze\" src=\"http:\/\/www.shkoder.net\/images\/fjala\/mero_baze1.jpg\" alt=\"\" width=\"150\" \/> Nga <strong>Mero Baze<\/strong>, <em>14 Shkurt 2012<\/em><\/p>\n<p>Iu kujtuan dje duke folur n\u00eb mbledhje t\u00eb Komitetit t\u00eb Emergjencave. I ulur para ministrave dhe zyrtar\u00ebve t\u00eb tij, q\u00eb m\u00eb shum\u00eb se sa nga t\u00eb ftoht\u00ebt ngjajn\u00eb t\u00eb ngrir\u00eb nga makthi q\u00eb u krijon takimi me t\u00eb, harroi p\u00ebrse ishin mbledhur. Nuk pati n\u00eb fjal\u00ebn e tij as shifra p\u00ebr ndihmat e \u00e7uara, as shifra p\u00ebr fshatrat e izoluar, as shifra p\u00ebr shtrirjen e fatkeq\u00ebsis\u00eb dhe as ndonj\u00eb ide se si mund t\u00eb shp\u00ebtohet.<\/p>\n<p>Si n\u00eb \u00e7do dit\u00eb krize, kur ai p\u00ebrballet me pafuqin\u00eb e tij, i shfaqet p\u00ebrpara rreziku i ikjes s\u00eb pushtetit dhe s\u2019di pse subkoshienca e merr p\u00ebrdore, e nxjerr nga mbledhja e qeveris\u00eb, e shk\u00ebput nga njer\u00ebzit q\u00eb ka para, e ngre lart n\u00eb qiell dhe ai flet me t\u00eb vdekurit e vet, me ata t\u00eb cilit i rrin\u00eb me sa duket ende para syve, n\u00eb momentet m\u00eb t\u00eb v\u00ebshtira t\u00eb pushtetit. I pari iu shfaq Kosta Trebicka. T\u00eb ndjerin e vetvrau n\u00eb nj\u00eb fshat t\u00eb humbur p\u00ebrtej Voskopoj\u00ebs, atje ku sot ka 2 metra d\u00ebbor\u00eb dhe askush nuk kalon.<\/p>\n<p>E quajti kontrabandist, horr q\u00eb donte t\u2019i \u00e7onte kurva djalit tij, dhe sapo e vetvrau, e quajti njeri t\u00eb mir\u00eb q\u00eb nuk tha asgj\u00eb t\u00eb keqe p\u00ebr djalin e tij. Ishte momenti kur tragjedis\u00eb s\u00eb G\u00ebrdecit, ku vdiq\u00ebn 26 vet\u00eb n\u00eb biznesin e lobuar prej t\u00eb birit, i ishte shtuar trafiku i arm\u00ebve me Afganistanin. Kosta Trebicka zbuloi nj\u00eb pjes\u00eb t\u00eb vog\u00ebl t\u00eb k\u00ebtij mozaiku dhe historia p\u00ebrfundoi n\u00eb gazet\u00ebn m\u00eb prestigjioze n\u00eb bot\u00eb, New York Times. Berisha ishte n\u00eb dit\u00ebt e tij m\u00eb t\u00eb k\u00ebqija. Ajo vdekje e qet\u00ebsoi shum\u00eb, pasi iku d\u00ebshmitari kryesor, ai q\u00eb thoshte dhe nuk thoshte se ishte apo nuk ishte i biri i tij apo shoku i t\u00eb birit t\u00eb tij n\u00eb nj\u00eb takim sekret n\u00eb nj\u00eb sht\u00ebpi af\u00ebr ish- sht\u00ebpis\u00eb s\u00eb tij t\u00eb vjet\u00ebr, p\u00ebr t\u00eb shantazhuar pal\u00ebn amerikane.<\/p>\n<p>T\u00eb gjith\u00eb menduam se ajo vdekje e qet\u00ebsoi, por qenkemi gabuar. I ka ngelur thell\u00eb n\u00eb koshienc\u00eb si makth dhe i kujtohet sa her\u00eb karrigia e tij ka nevoj\u00eb p\u00ebr vdekje t\u00eb tjera p\u00ebr t\u00eb q\u00ebndruar. S\u2019di \u00e7\u2019ia kujtoi Kost\u00ebn n\u00eb at\u00eb sall\u00eb. Ndoshta fytyra pa gjak e Bujar Nishanit, mikut t\u00eb Kosta Trebick\u00ebs, me familjen e t\u00eb cilit u b\u00eb ortak n\u00eb nj\u00eb biznes universiteti me nj\u00eb trafikant italian dhe siguroi familjen se Kosta i ndjer\u00eb ka vdekur n\u00eb aksident, ende pa e par\u00eb, ende pa e k\u00ebqyrur as vendngjarjen.<\/p>\n<p>Pastaj iu kujtua Aleks Nika. Prej kat\u00ebr t\u00eb vrar\u00ebve prej Gard\u00ebs s\u00eb tij, ky i vrar\u00eb e mundon m\u00eb shum\u00eb. Plumbi q\u00eb i ka marr\u00eb jet\u00ebn i ngjan paksa plumbit t\u00eb Ndreas, por \u00ebsht\u00eb d\u00ebmtuar. S\u2019di pse ky njeri e trondit m\u00eb shum\u00eb. Iu kujtua dje nd\u00ebrsa fliste p\u00ebr d\u00ebbor\u00ebn, nj\u00ebsoj si\u00e7 ju kujtua m\u00eb 21 janar n\u00eb or\u00ebn 19:35 minuta kur fliste para gazetar\u00ebve. Aleksi i ndjer\u00eb at\u00eb \u00e7ast ende nuk kish vdekur, por Berisha e kish llogaritur p\u00ebr t\u00eb till\u00eb dhe tha se motra e tij kishte zbuar nj\u00eb drejtues t\u00eb opozit\u00ebs nga spitali duke i ul\u00ebritur se i kish vrar\u00eb v\u00ebllain. Kjo sken\u00eb s\u2019ka ndodhur kurr\u00eb, por Berish\u00ebs i duhej. E kish vendosur q\u00eb t\u00eb vrar\u00ebt do t\u2019ia linte n\u00eb shpin\u00eb opozit\u00ebs. Sidomos Aleksin.<\/p>\n<p>S\u2019di pse e ka frik\u00eb at\u00eb vdekje. Familjar\u00ebt e tij dyshojn\u00eb se ai \u00ebsht\u00eb selektuar n\u00eb gjuajtje. Dyshojn\u00eb se dikush aty brenda gardhit e ka p\u00ebrzgjedhur at\u00eb nga turma. Ai e di mir\u00eb kush mund ta ket\u00eb b\u00ebr\u00eb at\u00eb. Mund ta ket\u00eb dhe n\u00eb fis. Di dhe kode t\u00eb tjera pas k\u00ebsaj. Xhaxhain e tij e ka pasur komshi dikur dhe ai po k\u00ebrkon drejt\u00ebsi p\u00ebr Aleksin. Nga t\u00eb kat\u00ebrt, vet\u00ebm ai iu shfaq dje n\u00eb at\u00eb sall\u00eb. Iu duk p\u00ebrs\u00ebri sikur gjakun e Aleksit ia k\u00ebrkojn\u00eb Edi Ram\u00ebs dhe jo atij q\u00eb e ka vrar\u00eb. E dashka shum\u00eb k\u00ebt\u00eb gj\u00eb. E trembka shum\u00eb kjo gj\u00eb.<\/p>\n<p>Pak para se t\u00eb hynte n\u00eb at\u00eb sall\u00eb n\u00eb fakt i ishin kujtuar t\u00eb kat\u00ebr t\u00eb vrar\u00ebt. Takoi nj\u00eb diplomat arab dhe i tha se n\u00eb Siri nuk duhen vrar\u00eb protestues t\u00eb pafajsh\u00ebm dhe t\u00eb pambrojtur. Ka nj\u00eb tmerr ngaq\u00eb Per\u00ebndimi po i kthehet duke e krahasuar me Presidentin sirian Bashar. Ka nj\u00eb makth se t\u00eb vdekurit e tij i ruan bora dhe ia shkrin opozita. Ka nj\u00eb p\u00ebrhumbje n\u00eb bisedat e tij q\u00eb nuk \u00ebsht\u00eb vet\u00ebm sh\u00ebndet\u00ebsore, nuk \u00ebsht\u00eb vet\u00ebm politike, por mbi t\u00eb gjitha psikike.<\/p>\n<p>N\u00eb koshienc\u00ebn e tij \u00e7dokush q\u00eb \u00ebsht\u00eb vrar\u00eb p\u00ebr t\u00eb ruajtur pushtetin e tij, i duket sikur do b\u00ebhet aleat me opozit\u00ebn dhe do hakmerren ndaj tij. I duket sikur Kosta Trebicka, Aleks Nika, kat\u00ebr t\u00eb vrar\u00ebt s\u00eb bashku dhe simbole t\u00eb tilla vdekjesh q\u00eb shoq\u00ebrojn\u00eb karrier\u00ebn e tij, tashm\u00eb jan\u00eb ngritur diku n\u00eb qiell dhe jan\u00eb b\u00ebr\u00eb me opozit\u00ebn. Kjo e lodh, e tremb, e fut n\u00eb makth, dhe n\u00eb salla t\u00eb ngrohta, p\u00ebrball\u00eb t\u00eb vet\u00ebve, ai nis e flet me ta, i qet\u00ebson, u thot\u00eb se jan\u00eb t\u00eb tijt\u00eb, u thot\u00eb se i ka aleat\u00eb, u thot\u00eb se nuk \u00ebsht\u00eb e mundur t\u00eb jeni me opozit\u00ebn, u thot\u00eb se Edi Rama u ka p\u00ebrdhosur kur vdiq\u00ebt, kurse ai i ka mbrojtur\u2026<\/p>\n<p>Po flet me t\u00eb vdekurit e tij, me ata q\u00eb i \u00e7oi n\u00eb bot\u00ebn tjet\u00ebr p\u00ebr pushtetin e tij, me ata q\u00eb i vrau dhe vetvrau n\u00eb em\u00ebr t\u00eb karriges s\u00eb tij. \u00cbsht\u00eb momenti i keq kur njeriu p\u00ebrballet me at\u00eb q\u00eb ka b\u00ebr\u00eb dhe e kupton se vdekja nuk \u00ebsht\u00eb nj\u00eb m\u00ebnyr\u00eb p\u00ebr t\u00eb shp\u00ebtuar nga armiqt\u00eb. Ata t\u00eb ndjekin pas dhe t\u00eb vdekur dhe hakmerren ndaj teje duke t\u00eb b\u00ebr\u00eb t\u00eb flas\u00ebsh me vete, t\u00eb flas\u00ebsh me ata q\u00eb s\u2019i ke p\u00ebrball\u00eb. Si\u00e7 fliste dje, nd\u00ebrsa miliona shqiptar\u00eb q\u00eb po vdesin n\u00ebn d\u00ebbor\u00eb prisnin t\u00eb fliste me ta. Ai fliste me t\u00eb vdekurit e tij. Me krimet e tij.<\/p>\n","protected":false},"excerpt":{"rendered":"<p>Nga Mero Baze, 14 Shkurt 2012 Iu kujtuan dje duke folur n\u00eb mbledhje t\u00eb Komitetit t\u00eb Emergjencave. I ulur para ministrave dhe zyrtar\u00ebve t\u00eb tij, q\u00eb m\u00eb shum\u00eb se sa nga t\u00eb ftoht\u00ebt ngjajn\u00eb t\u00eb ngrir\u00eb nga makthi q\u00eb u krijon takimi me t\u00eb, harroi p\u00ebrse ishin mbledhur. Nuk pati n\u00eb fjal\u00ebn e tij as [&hellip;]<\/p>\n","protected":false},"author":1,"featured_media":0,"comment_status":"open","ping_status":"closed","sticky":false,"template":"","format":"standard","meta":{"footnotes":""},"categories":[2],"tags":[],"class_list":{"0":"post-1799","1":"post","2":"type-post","3":"status-publish","4":"format-standard","6":"category-artikuj"},"yoast_head":"<!-- This site is optimized with the Yoast SEO plugin v27.4 - https:\/\/yoast.com\/product\/yoast-seo-wordpress\/ -->\n<title>Foli prap\u00eb me t\u00eb vdekurit e tij! - FjALA e LIR\u00cb - Arkivi<\/title>\n<meta name=\"robots\" content=\"index, follow, max-snippet:-1, max-image-preview:large, max-video-preview:-1\" \/>\n<link rel=\"canonical\" href=\"https:\/\/fjala.info\/2009-2015\/foli-prape-me-te-vdekurit-e-tij\/\" \/>\n<meta property=\"og:locale\" content=\"sq_AL\" \/>\n<meta property=\"og:type\" content=\"article\" \/>\n<meta property=\"og:title\" content=\"Foli prap\u00eb me t\u00eb vdekurit e tij! - FjALA e LIR\u00cb - Arkivi\" \/>\n<meta property=\"og:description\" content=\"Nga Mero Baze, 14 Shkurt 2012 Iu kujtuan dje duke folur n\u00eb mbledhje t\u00eb Komitetit t\u00eb Emergjencave. I ulur para ministrave dhe zyrtar\u00ebve t\u00eb tij, q\u00eb m\u00eb shum\u00eb se sa nga t\u00eb ftoht\u00ebt ngjajn\u00eb t\u00eb ngrir\u00eb nga makthi q\u00eb u krijon takimi me t\u00eb, harroi p\u00ebrse ishin mbledhur. Nuk pati n\u00eb fjal\u00ebn e tij as [&hellip;]\" \/>\n<meta property=\"og:url\" content=\"https:\/\/fjala.info\/2009-2015\/foli-prape-me-te-vdekurit-e-tij\/\" \/>\n<meta property=\"og:site_name\" content=\"FjALA e LIR\u00cb - Arkivi\" \/>\n<meta property=\"article:published_time\" content=\"2012-02-14T22:42:43+00:00\" \/>\n<meta property=\"og:image\" content=\"http:\/\/www.shkoder.net\/images\/fjala\/mero_baze1.jpg\" \/>\n<meta name=\"author\" content=\"admin\" \/>\n<meta name=\"twitter:card\" content=\"summary_large_image\" \/>\n<meta name=\"twitter:label1\" content=\"Written by\" \/>\n\t<meta name=\"twitter:data1\" content=\"admin\" \/>\n\t<meta name=\"twitter:label2\" content=\"Est. reading time\" \/>\n\t<meta name=\"twitter:data2\" content=\"5 minutes\" \/>\n<script type=\"application\/ld+json\" class=\"yoast-schema-graph\">{\"@context\":\"https:\\\/\\\/schema.org\",\"@graph\":[{\"@type\":\"Article\",\"@id\":\"https:\\\/\\\/fjala.info\\\/2009-2015\\\/foli-prape-me-te-vdekurit-e-tij\\\/#article\",\"isPartOf\":{\"@id\":\"https:\\\/\\\/fjala.info\\\/2009-2015\\\/foli-prape-me-te-vdekurit-e-tij\\\/\"},\"author\":{\"name\":\"admin\",\"@id\":\"https:\\\/\\\/fjala.info\\\/2009-2015\\\/#\\\/schema\\\/person\\\/3aa1163ef05469c496fc94e77611ada2\"},\"headline\":\"Foli prap\u00eb me t\u00eb vdekurit e tij!\",\"datePublished\":\"2012-02-14T22:42:43+00:00\",\"mainEntityOfPage\":{\"@id\":\"https:\\\/\\\/fjala.info\\\/2009-2015\\\/foli-prape-me-te-vdekurit-e-tij\\\/\"},\"wordCount\":1088,\"commentCount\":0,\"publisher\":{\"@id\":\"https:\\\/\\\/fjala.info\\\/2009-2015\\\/#organization\"},\"image\":{\"@id\":\"https:\\\/\\\/fjala.info\\\/2009-2015\\\/foli-prape-me-te-vdekurit-e-tij\\\/#primaryimage\"},\"thumbnailUrl\":\"http:\\\/\\\/www.shkoder.net\\\/images\\\/fjala\\\/mero_baze1.jpg\",\"articleSection\":[\"Artikuj\"],\"inLanguage\":\"sq-AL\",\"potentialAction\":[{\"@type\":\"CommentAction\",\"name\":\"Comment\",\"target\":[\"https:\\\/\\\/fjala.info\\\/2009-2015\\\/foli-prape-me-te-vdekurit-e-tij\\\/#respond\"]}]},{\"@type\":\"WebPage\",\"@id\":\"https:\\\/\\\/fjala.info\\\/2009-2015\\\/foli-prape-me-te-vdekurit-e-tij\\\/\",\"url\":\"https:\\\/\\\/fjala.info\\\/2009-2015\\\/foli-prape-me-te-vdekurit-e-tij\\\/\",\"name\":\"Foli prap\u00eb me t\u00eb vdekurit e tij! - FjALA e LIR\u00cb - Arkivi\",\"isPartOf\":{\"@id\":\"https:\\\/\\\/fjala.info\\\/2009-2015\\\/#website\"},\"primaryImageOfPage\":{\"@id\":\"https:\\\/\\\/fjala.info\\\/2009-2015\\\/foli-prape-me-te-vdekurit-e-tij\\\/#primaryimage\"},\"image\":{\"@id\":\"https:\\\/\\\/fjala.info\\\/2009-2015\\\/foli-prape-me-te-vdekurit-e-tij\\\/#primaryimage\"},\"thumbnailUrl\":\"http:\\\/\\\/www.shkoder.net\\\/images\\\/fjala\\\/mero_baze1.jpg\",\"datePublished\":\"2012-02-14T22:42:43+00:00\",\"breadcrumb\":{\"@id\":\"https:\\\/\\\/fjala.info\\\/2009-2015\\\/foli-prape-me-te-vdekurit-e-tij\\\/#breadcrumb\"},\"inLanguage\":\"sq-AL\",\"potentialAction\":[{\"@type\":\"ReadAction\",\"target\":[\"https:\\\/\\\/fjala.info\\\/2009-2015\\\/foli-prape-me-te-vdekurit-e-tij\\\/\"]}]},{\"@type\":\"ImageObject\",\"inLanguage\":\"sq-AL\",\"@id\":\"https:\\\/\\\/fjala.info\\\/2009-2015\\\/foli-prape-me-te-vdekurit-e-tij\\\/#primaryimage\",\"url\":\"http:\\\/\\\/www.shkoder.net\\\/images\\\/fjala\\\/mero_baze1.jpg\",\"contentUrl\":\"http:\\\/\\\/www.shkoder.net\\\/images\\\/fjala\\\/mero_baze1.jpg\"},{\"@type\":\"BreadcrumbList\",\"@id\":\"https:\\\/\\\/fjala.info\\\/2009-2015\\\/foli-prape-me-te-vdekurit-e-tij\\\/#breadcrumb\",\"itemListElement\":[{\"@type\":\"ListItem\",\"position\":1,\"name\":\"Home\",\"item\":\"https:\\\/\\\/fjala.info\\\/2009-2015\\\/\"},{\"@type\":\"ListItem\",\"position\":2,\"name\":\"Foli prap\u00eb me t\u00eb vdekurit e tij!\"}]},{\"@type\":\"WebSite\",\"@id\":\"https:\\\/\\\/fjala.info\\\/2009-2015\\\/#website\",\"url\":\"https:\\\/\\\/fjala.info\\\/2009-2015\\\/\",\"name\":\"FjALA e LIR\u00cb - Arkivi\",\"description\":\"Arkivi 2009-2015\",\"publisher\":{\"@id\":\"https:\\\/\\\/fjala.info\\\/2009-2015\\\/#organization\"},\"potentialAction\":[{\"@type\":\"SearchAction\",\"target\":{\"@type\":\"EntryPoint\",\"urlTemplate\":\"https:\\\/\\\/fjala.info\\\/2009-2015\\\/?s={search_term_string}\"},\"query-input\":{\"@type\":\"PropertyValueSpecification\",\"valueRequired\":true,\"valueName\":\"search_term_string\"}}],\"inLanguage\":\"sq-AL\"},{\"@type\":\"Organization\",\"@id\":\"https:\\\/\\\/fjala.info\\\/2009-2015\\\/#organization\",\"name\":\"FjALA e LIR\u00cb - Arkivi\",\"url\":\"https:\\\/\\\/fjala.info\\\/2009-2015\\\/\",\"logo\":{\"@type\":\"ImageObject\",\"inLanguage\":\"sq-AL\",\"@id\":\"https:\\\/\\\/fjala.info\\\/2009-2015\\\/#\\\/schema\\\/logo\\\/image\\\/\",\"url\":\"\",\"contentUrl\":\"\",\"caption\":\"FjALA e LIR\u00cb - Arkivi\"},\"image\":{\"@id\":\"https:\\\/\\\/fjala.info\\\/2009-2015\\\/#\\\/schema\\\/logo\\\/image\\\/\"}},{\"@type\":\"Person\",\"@id\":\"https:\\\/\\\/fjala.info\\\/2009-2015\\\/#\\\/schema\\\/person\\\/3aa1163ef05469c496fc94e77611ada2\",\"name\":\"admin\",\"image\":{\"@type\":\"ImageObject\",\"inLanguage\":\"sq-AL\",\"@id\":\"https:\\\/\\\/fjala.info\\\/2009-2015\\\/wp-content\\\/uploads\\\/2012\\\/02\\\/arben_cokaj-120x150.jpg\",\"url\":\"https:\\\/\\\/fjala.info\\\/2009-2015\\\/wp-content\\\/uploads\\\/2012\\\/02\\\/arben_cokaj-120x150.jpg\",\"contentUrl\":\"https:\\\/\\\/fjala.info\\\/2009-2015\\\/wp-content\\\/uploads\\\/2012\\\/02\\\/arben_cokaj-120x150.jpg\",\"caption\":\"admin\"},\"description\":\"Admin, Fjala e Lir\u00eb\",\"sameAs\":[\"https:\\\/\\\/fjala.info\\\/\"],\"url\":\"https:\\\/\\\/fjala.info\\\/2009-2015\\\/author\\\/admin\\\/\"}]}<\/script>\n<!-- \/ Yoast SEO plugin. -->","yoast_head_json":{"title":"Foli prap\u00eb me t\u00eb vdekurit e tij! - FjALA e LIR\u00cb - Arkivi","robots":{"index":"index","follow":"follow","max-snippet":"max-snippet:-1","max-image-preview":"max-image-preview:large","max-video-preview":"max-video-preview:-1"},"canonical":"https:\/\/fjala.info\/2009-2015\/foli-prape-me-te-vdekurit-e-tij\/","og_locale":"sq_AL","og_type":"article","og_title":"Foli prap\u00eb me t\u00eb vdekurit e tij! - FjALA e LIR\u00cb - Arkivi","og_description":"Nga Mero Baze, 14 Shkurt 2012 Iu kujtuan dje duke folur n\u00eb mbledhje t\u00eb Komitetit t\u00eb Emergjencave. I ulur para ministrave dhe zyrtar\u00ebve t\u00eb tij, q\u00eb m\u00eb shum\u00eb se sa nga t\u00eb ftoht\u00ebt ngjajn\u00eb t\u00eb ngrir\u00eb nga makthi q\u00eb u krijon takimi me t\u00eb, harroi p\u00ebrse ishin mbledhur. Nuk pati n\u00eb fjal\u00ebn e tij as [&hellip;]","og_url":"https:\/\/fjala.info\/2009-2015\/foli-prape-me-te-vdekurit-e-tij\/","og_site_name":"FjALA e LIR\u00cb - Arkivi","article_published_time":"2012-02-14T22:42:43+00:00","og_image":[{"url":"http:\/\/www.shkoder.net\/images\/fjala\/mero_baze1.jpg","type":"","width":"","height":""}],"author":"admin","twitter_card":"summary_large_image","twitter_misc":{"Written by":"admin","Est. reading time":"5 minutes"},"schema":{"@context":"https:\/\/schema.org","@graph":[{"@type":"Article","@id":"https:\/\/fjala.info\/2009-2015\/foli-prape-me-te-vdekurit-e-tij\/#article","isPartOf":{"@id":"https:\/\/fjala.info\/2009-2015\/foli-prape-me-te-vdekurit-e-tij\/"},"author":{"name":"admin","@id":"https:\/\/fjala.info\/2009-2015\/#\/schema\/person\/3aa1163ef05469c496fc94e77611ada2"},"headline":"Foli prap\u00eb me t\u00eb vdekurit e tij!","datePublished":"2012-02-14T22:42:43+00:00","mainEntityOfPage":{"@id":"https:\/\/fjala.info\/2009-2015\/foli-prape-me-te-vdekurit-e-tij\/"},"wordCount":1088,"commentCount":0,"publisher":{"@id":"https:\/\/fjala.info\/2009-2015\/#organization"},"image":{"@id":"https:\/\/fjala.info\/2009-2015\/foli-prape-me-te-vdekurit-e-tij\/#primaryimage"},"thumbnailUrl":"http:\/\/www.shkoder.net\/images\/fjala\/mero_baze1.jpg","articleSection":["Artikuj"],"inLanguage":"sq-AL","potentialAction":[{"@type":"CommentAction","name":"Comment","target":["https:\/\/fjala.info\/2009-2015\/foli-prape-me-te-vdekurit-e-tij\/#respond"]}]},{"@type":"WebPage","@id":"https:\/\/fjala.info\/2009-2015\/foli-prape-me-te-vdekurit-e-tij\/","url":"https:\/\/fjala.info\/2009-2015\/foli-prape-me-te-vdekurit-e-tij\/","name":"Foli prap\u00eb me t\u00eb vdekurit e tij! - FjALA e LIR\u00cb - Arkivi","isPartOf":{"@id":"https:\/\/fjala.info\/2009-2015\/#website"},"primaryImageOfPage":{"@id":"https:\/\/fjala.info\/2009-2015\/foli-prape-me-te-vdekurit-e-tij\/#primaryimage"},"image":{"@id":"https:\/\/fjala.info\/2009-2015\/foli-prape-me-te-vdekurit-e-tij\/#primaryimage"},"thumbnailUrl":"http:\/\/www.shkoder.net\/images\/fjala\/mero_baze1.jpg","datePublished":"2012-02-14T22:42:43+00:00","breadcrumb":{"@id":"https:\/\/fjala.info\/2009-2015\/foli-prape-me-te-vdekurit-e-tij\/#breadcrumb"},"inLanguage":"sq-AL","potentialAction":[{"@type":"ReadAction","target":["https:\/\/fjala.info\/2009-2015\/foli-prape-me-te-vdekurit-e-tij\/"]}]},{"@type":"ImageObject","inLanguage":"sq-AL","@id":"https:\/\/fjala.info\/2009-2015\/foli-prape-me-te-vdekurit-e-tij\/#primaryimage","url":"http:\/\/www.shkoder.net\/images\/fjala\/mero_baze1.jpg","contentUrl":"http:\/\/www.shkoder.net\/images\/fjala\/mero_baze1.jpg"},{"@type":"BreadcrumbList","@id":"https:\/\/fjala.info\/2009-2015\/foli-prape-me-te-vdekurit-e-tij\/#breadcrumb","itemListElement":[{"@type":"ListItem","position":1,"name":"Home","item":"https:\/\/fjala.info\/2009-2015\/"},{"@type":"ListItem","position":2,"name":"Foli prap\u00eb me t\u00eb vdekurit e tij!"}]},{"@type":"WebSite","@id":"https:\/\/fjala.info\/2009-2015\/#website","url":"https:\/\/fjala.info\/2009-2015\/","name":"FjALA e LIR\u00cb - Arkivi","description":"Arkivi 2009-2015","publisher":{"@id":"https:\/\/fjala.info\/2009-2015\/#organization"},"potentialAction":[{"@type":"SearchAction","target":{"@type":"EntryPoint","urlTemplate":"https:\/\/fjala.info\/2009-2015\/?s={search_term_string}"},"query-input":{"@type":"PropertyValueSpecification","valueRequired":true,"valueName":"search_term_string"}}],"inLanguage":"sq-AL"},{"@type":"Organization","@id":"https:\/\/fjala.info\/2009-2015\/#organization","name":"FjALA e LIR\u00cb - Arkivi","url":"https:\/\/fjala.info\/2009-2015\/","logo":{"@type":"ImageObject","inLanguage":"sq-AL","@id":"https:\/\/fjala.info\/2009-2015\/#\/schema\/logo\/image\/","url":"","contentUrl":"","caption":"FjALA e LIR\u00cb - Arkivi"},"image":{"@id":"https:\/\/fjala.info\/2009-2015\/#\/schema\/logo\/image\/"}},{"@type":"Person","@id":"https:\/\/fjala.info\/2009-2015\/#\/schema\/person\/3aa1163ef05469c496fc94e77611ada2","name":"admin","image":{"@type":"ImageObject","inLanguage":"sq-AL","@id":"https:\/\/fjala.info\/2009-2015\/wp-content\/uploads\/2012\/02\/arben_cokaj-120x150.jpg","url":"https:\/\/fjala.info\/2009-2015\/wp-content\/uploads\/2012\/02\/arben_cokaj-120x150.jpg","contentUrl":"https:\/\/fjala.info\/2009-2015\/wp-content\/uploads\/2012\/02\/arben_cokaj-120x150.jpg","caption":"admin"},"description":"Admin, Fjala e Lir\u00eb","sameAs":["https:\/\/fjala.info\/"],"url":"https:\/\/fjala.info\/2009-2015\/author\/admin\/"}]}},"_links":{"self":[{"href":"https:\/\/fjala.info\/2009-2015\/wp-json\/wp\/v2\/posts\/1799","targetHints":{"allow":["GET"]}}],"collection":[{"href":"https:\/\/fjala.info\/2009-2015\/wp-json\/wp\/v2\/posts"}],"about":[{"href":"https:\/\/fjala.info\/2009-2015\/wp-json\/wp\/v2\/types\/post"}],"author":[{"embeddable":true,"href":"https:\/\/fjala.info\/2009-2015\/wp-json\/wp\/v2\/users\/1"}],"replies":[{"embeddable":true,"href":"https:\/\/fjala.info\/2009-2015\/wp-json\/wp\/v2\/comments?post=1799"}],"version-history":[{"count":0,"href":"https:\/\/fjala.info\/2009-2015\/wp-json\/wp\/v2\/posts\/1799\/revisions"}],"wp:attachment":[{"href":"https:\/\/fjala.info\/2009-2015\/wp-json\/wp\/v2\/media?parent=1799"}],"wp:term":[{"taxonomy":"category","embeddable":true,"href":"https:\/\/fjala.info\/2009-2015\/wp-json\/wp\/v2\/categories?post=1799"},{"taxonomy":"post_tag","embeddable":true,"href":"https:\/\/fjala.info\/2009-2015\/wp-json\/wp\/v2\/tags?post=1799"}],"curies":[{"name":"wp","href":"https:\/\/api.w.org\/{rel}","templated":true}]}}