{"id":1791,"date":"2012-02-13T23:25:28","date_gmt":"2012-02-13T22:25:28","guid":{"rendered":"http:\/\/fjala.shkoder.net\/?p=1791"},"modified":"2012-02-13T23:25:28","modified_gmt":"2012-02-13T22:25:28","slug":"orteku-nga-veriu","status":"publish","type":"post","link":"https:\/\/fjala.info\/2009-2015\/orteku-nga-veriu\/","title":{"rendered":"Orteku nga Veriu"},"content":{"rendered":"<p><img decoding=\"async\" class=\"alignright size-thumbnail wp-image-7236\" title=\"Beq\u00eb Cufaj\" src=\"http:\/\/www.shkoder.net\/images\/fjala\/beqe_cufaj.jpg\" alt=\"\" width=\"150\" \/> Nga <strong>Beq\u00eb Cufaj<\/strong>, <em>13 Shkurt 2012<\/em><\/p>\n<p>Derisa vendi ende vazhdon t\u00eb jet\u00eb i shokuar me tragjedin\u00eb e r\u00ebnd\u00eb t\u00eb Restelic\u00ebs dhe p\u00ebrgjith\u00ebsisht me p\u00ebrmasat e eg\u00ebrsis\u00eb s\u00eb k\u00ebtij dimri t\u00eb dekad\u00ebs, nuk do t\u00eb shkojn\u00eb as m\u00eb shum\u00eb se dy dit\u00eb nga sot dhe Republik\u00ebn e Kosov\u00ebs e pret nj\u00eb ortek tjet\u00ebr, k\u00ebso radhe politik, q\u00eb mund ta trand\u00eb jo vet\u00ebm p\u00ebr \u201csimbolik\u00ebn\u201d por edhe t\u00eb tashmen dhe t\u00eb ardhmen e saj.<\/p>\n<p>Gati se n\u00eb m\u00ebnyr\u00eb simbolike dhe p\u00ebr k\u00ebt\u00eb edhe t\u00eb frikshme, ka mbret\u00ebruar nj\u00eb qet\u00ebsi q\u00eb ka p\u00ebrcjell\u00eb p\u00ebrgatitjen e 35.000 flet\u00ebvotimeve p\u00ebr t\u00eb ashtuquajturin referendum t\u00eb kat\u00ebr komunave me shumic\u00eb serbe n\u00eb veriun e Kosov\u00ebs, kur t\u00eb m\u00ebrkur\u00ebn q\u00eb vjen ata do t\u00eb dalin para kutive p\u00ebr t\u2019u p\u00ebrgjigjur n\u00eb pyetjen \u201cn\u00ebse i pranojn\u00eb institucionet e s\u00eb ashtuquajtur\u00ebs Republik\u00eb e Kosov\u00ebs\u201d. Q\u00eb ta konstatojm\u00eb menj\u00ebher\u00eb: p\u00ebrgjigjja n\u00eb k\u00ebt\u00eb pyetje dihet se cila do t\u00eb jet\u00eb. Edhe (jo)legjitimiteti i rezultateve q\u00eb do shpallen dihet qysh tashti.<\/p>\n<p>Por, ajo q\u00eb do jo ve\u00e7 v\u00ebshtrim, por edhe q\u00ebndrim \u00ebsht\u00eb n\u00ebse ky i ashtuquajtur referendum po heshtet n\u00eb m\u00ebnyr\u00eb t\u00eb koordinuar nga t\u00eb tre faktor\u00ebt a aktor\u00ebt kryesor\u00eb t\u00eb krejt problemit n\u00eb fjal\u00eb: Beogradi, Prishtina dhe e ashtuquajtura bashk\u00ebsi nd\u00ebrkomb\u00ebtare.<\/p>\n<p>T\u00eb shkojm\u00eb me radh\u00eb. Nuk \u00ebsht\u00eb aspak e v\u00ebrtet\u00eb q\u00eb hapi i s\u00eb m\u00ebrkur\u00ebs i serb\u00ebve n\u00eb veri \u00ebsht\u00eb vet\u00ebm nj\u00eb defilim i Koshtunic\u00ebs (DSS) e Nikoliqit (SNS). Vet\u00ebm fakti sesi \u00ebsht\u00eb formuluar pyetja p\u00ebr qytetar\u00ebt serb\u00eb t\u00eb Kosov\u00ebs tregon p\u00ebr at\u00eb q\u00eb prapa \u201creferendumit\u201d q\u00ebndron edhe, apo sidomos, Tadiqi. Tekefundit, p\u00ebr k\u00ebt\u00eb flasin shum\u00eb e shum\u00eb elemente.<\/p>\n<p>S\u00eb pari krejt mediat serbe t\u00eb Beogradit nuk jan\u00eb duke i dh\u00ebn\u00eb shum\u00eb hap\u00ebsir\u00eb k\u00ebtij hapi t\u00eb serb\u00ebve. S\u00eb paku jo deri t\u00eb m\u00ebrkur\u00ebn. Nd\u00ebrlidhur me k\u00ebt\u00eb, Jeremiqi dhe krejt diplomacia serbe, sidomos n\u00eb prapavij\u00eb, jan\u00eb duke punuar q\u00eb t\u2019i bindin miqt\u00eb e Beogradit por sidomos kund\u00ebrshtar\u00ebt e marrjes s\u00eb statusit t\u00eb kandidatit p\u00ebr an\u00ebtar\u00ebsim n\u00eb BE q\u00eb vet\u00eb formulimi i pyetjes s\u00eb serb\u00ebve t\u00eb veriut nuk b\u00ebn asgj\u00eb tjet\u00ebr pos v\u00ebrteton politik\u00ebn e Tadiqit p\u00ebr bashk\u00ebpunim dhe dialog- por para se t\u00eb b\u00ebhet kjo duhet pik\u00ebrisht legjitimiteti legal i q\u00ebndrimit dhe avokimit t\u00eb Beogradit p\u00ebr at\u00eb q\u00eb serb\u00ebt e veriut nuk i pranojn\u00eb institucionet e Prishtin\u00ebs.<\/p>\n<p>Dhe fare n\u00eb fund, me k\u00ebt\u00eb formulim, i cili t\u00eb m\u00ebrkur\u00ebn do ta ket\u00eb edhe q\u00ebndrimin me letra, Tadiqi mund t\u00eb jet\u00eb vet\u00ebm fitues- e mori apo jo statusin e kandidatit tashti n\u00eb mars\u2026 Sepse t\u00eb mos harrojm\u00eb: n\u00eb Serbi n\u00eb maj pritet t\u00eb mbahen zgjedhjet parlamentare dhe ato ai duhet t\u2019i fitoj\u00eb. Jo edhe aq p\u00ebr vete sa p\u00ebr partin\u00eb e tij. P\u00ebr vete, Tadi\u00e7i edhe ashtu zor q\u00eb do ta ket\u00eb ndonj\u00eb kund\u00ebrshtar t\u00eb denj\u00eb kur t\u00eb mbahen zgjedhjet presidenciale- deri n\u00eb fund t\u00eb k\u00ebtij viti\u2026 Th\u00ebn\u00eb shkurt- Tadiqi \u00ebsht\u00eb n\u00eb pozit\u00eb komode dhe p\u00ebr k\u00ebt\u00eb edhe i ka t\u00eb gjitha kartat n\u00eb tryez\u00eb- p\u00ebrfshir\u00eb, ose sidomos, at\u00eb t\u00eb Prishtin\u00ebs me t\u00eb cil\u00ebn luan kur dhe si t\u00eb doj\u00eb.<\/p>\n<p>Q\u00eb t\u00eb jemi edhe m\u00eb t\u00eb sakt\u00eb, Prishtina nuk \u00ebsht\u00eb gj\u00eb tjet\u00ebr pos sinomim p\u00ebr partnerin e tij kryesor: Hashim Tha\u00e7in. \u00cbsht\u00eb m\u00eb tep\u00ebr se p\u00ebr keqardhje sesi opozita e Prishtin\u00ebs, ose nj\u00eb pjes\u00eb e saj, pranojn\u00eb t\u00eb hyjn\u00eb n\u00eb k\u00ebt\u00eb valle, e cila atyre jo vet\u00ebm q\u00eb u kushton, por sidomos do t\u2019u kushtoj\u00eb. P\u00ebr t\u2019u par\u00eb me Tha\u00e7in n\u00eb restorante apo edhe takime konspirative, mundet secili. Puna \u00ebsht\u00eb q\u00eb kjo opozit\u00eb e ka p\u00ebr detyr\u00eb q\u00eb opinionin dhe qytetar\u00ebt t\u2019i informoj\u00eb sakt\u00ebsisht se \u00e7far\u00eb po p\u00ebrgatitet dhe ku do t\u00eb dal\u00eb t\u00ebr\u00eb kjo loj\u00eb e re dhe sipas gjas\u00ebs tragjike p\u00ebr vendin n\u00eb veri. Sepse interesat dhe problemet e Hashim Tha\u00e7it dallojn\u00eb rr\u00ebnj\u00ebsisht prej atyre q\u00eb Kosova dhe qytetar\u00ebt e saj i kan\u00eb.<\/p>\n<p>N\u00ebse Tha\u00e7i e ka ta shp\u00ebtoj\u00eb kok\u00ebn nga dy- tri halle t\u00eb m\u00ebdha q\u00eb po e ndjekin si hije t\u00eb paikshme, Kosova ka tjera prioritete dhe pun\u00eb. N\u00eb k\u00ebt\u00eb frym\u00eb, ka ardhur koha dhe do t\u00eb vij\u00eb \u00e7asti t\u2019u iket provokimeve dhe inskenimeve ditore t\u00eb k\u00ebsaj politike, e cila \u00ebsht\u00eb e gatshme t\u00eb b\u00ebj\u00eb \u00e7do gj\u00eb, nga SHIK-u e deri tek SHIK-u, vet\u00ebm e vet\u00ebm q\u00eb t\u00eb mos e prish\u00eb planin\u2026 p\u00ebr dor\u00ebzimin edhe me letra, t\u00eb veriut t\u00eb vendit.<\/p>\n<p>Dimensioni i tret\u00eb i s\u00eb m\u00ebrkur\u00ebs quhet bashk\u00ebsi nd\u00ebrkomb\u00ebtare. Dhe ajo tashm\u00eb ka folur. P\u00ebrmes komandantit t\u00eb KFOR-it Drews k\u00ebt\u00eb fundjav\u00eb dhe shefit p\u00ebr zgjerim t\u00eb BE-s\u00eb F\u00fchles, jav\u00ebn e kaluar.<\/p>\n<p>Nuk na mbetet gj\u00eb tjet\u00ebr pos ta pyesim veten: k\u00eb do ta z\u00ebr\u00eb p\u00ebrfundi ky ortek i s\u00eb m\u00ebrkur\u00ebs q\u00eb vjen n\u00eb veri t\u00eb vendit\u2026<\/p>\n","protected":false},"excerpt":{"rendered":"<p>Nga Beq\u00eb Cufaj, 13 Shkurt 2012 Derisa vendi ende vazhdon t\u00eb jet\u00eb i shokuar me tragjedin\u00eb e r\u00ebnd\u00eb t\u00eb Restelic\u00ebs dhe p\u00ebrgjith\u00ebsisht me p\u00ebrmasat e eg\u00ebrsis\u00eb s\u00eb k\u00ebtij dimri t\u00eb dekad\u00ebs, nuk do t\u00eb shkojn\u00eb as m\u00eb shum\u00eb se dy dit\u00eb nga sot dhe Republik\u00ebn e Kosov\u00ebs e pret nj\u00eb ortek tjet\u00ebr, k\u00ebso radhe politik, [&hellip;]<\/p>\n","protected":false},"author":1,"featured_media":0,"comment_status":"open","ping_status":"closed","sticky":false,"template":"","format":"standard","meta":{"footnotes":""},"categories":[2],"tags":[],"class_list":{"0":"post-1791","1":"post","2":"type-post","3":"status-publish","4":"format-standard","6":"category-artikuj"},"yoast_head":"<!-- This site is optimized with the Yoast SEO plugin v27.4 - https:\/\/yoast.com\/product\/yoast-seo-wordpress\/ -->\n<title>Orteku nga Veriu - FjALA e LIR\u00cb - Arkivi<\/title>\n<meta name=\"robots\" content=\"index, follow, max-snippet:-1, max-image-preview:large, max-video-preview:-1\" \/>\n<link rel=\"canonical\" href=\"https:\/\/fjala.info\/2009-2015\/orteku-nga-veriu\/\" \/>\n<meta property=\"og:locale\" content=\"sq_AL\" \/>\n<meta property=\"og:type\" content=\"article\" \/>\n<meta property=\"og:title\" content=\"Orteku nga Veriu - FjALA e LIR\u00cb - Arkivi\" \/>\n<meta property=\"og:description\" content=\"Nga Beq\u00eb Cufaj, 13 Shkurt 2012 Derisa vendi ende vazhdon t\u00eb jet\u00eb i shokuar me tragjedin\u00eb e r\u00ebnd\u00eb t\u00eb Restelic\u00ebs dhe p\u00ebrgjith\u00ebsisht me p\u00ebrmasat e eg\u00ebrsis\u00eb s\u00eb k\u00ebtij dimri t\u00eb dekad\u00ebs, nuk do t\u00eb shkojn\u00eb as m\u00eb shum\u00eb se dy dit\u00eb nga sot dhe Republik\u00ebn e Kosov\u00ebs e pret nj\u00eb ortek tjet\u00ebr, k\u00ebso radhe politik, [&hellip;]\" \/>\n<meta property=\"og:url\" content=\"https:\/\/fjala.info\/2009-2015\/orteku-nga-veriu\/\" \/>\n<meta property=\"og:site_name\" content=\"FjALA e LIR\u00cb - Arkivi\" \/>\n<meta property=\"article:published_time\" content=\"2012-02-13T22:25:28+00:00\" \/>\n<meta property=\"og:image\" content=\"http:\/\/www.shkoder.net\/images\/fjala\/beqe_cufaj.jpg\" \/>\n<meta name=\"author\" content=\"admin\" \/>\n<meta name=\"twitter:card\" content=\"summary_large_image\" \/>\n<meta name=\"twitter:label1\" content=\"Written by\" \/>\n\t<meta name=\"twitter:data1\" content=\"admin\" \/>\n\t<meta name=\"twitter:label2\" content=\"Est. reading time\" \/>\n\t<meta name=\"twitter:data2\" content=\"5 minutes\" \/>\n<script type=\"application\/ld+json\" class=\"yoast-schema-graph\">{\"@context\":\"https:\\\/\\\/schema.org\",\"@graph\":[{\"@type\":\"Article\",\"@id\":\"https:\\\/\\\/fjala.info\\\/2009-2015\\\/orteku-nga-veriu\\\/#article\",\"isPartOf\":{\"@id\":\"https:\\\/\\\/fjala.info\\\/2009-2015\\\/orteku-nga-veriu\\\/\"},\"author\":{\"name\":\"admin\",\"@id\":\"https:\\\/\\\/fjala.info\\\/2009-2015\\\/#\\\/schema\\\/person\\\/3aa1163ef05469c496fc94e77611ada2\"},\"headline\":\"Orteku nga Veriu\",\"datePublished\":\"2012-02-13T22:25:28+00:00\",\"mainEntityOfPage\":{\"@id\":\"https:\\\/\\\/fjala.info\\\/2009-2015\\\/orteku-nga-veriu\\\/\"},\"wordCount\":905,\"commentCount\":0,\"publisher\":{\"@id\":\"https:\\\/\\\/fjala.info\\\/2009-2015\\\/#organization\"},\"image\":{\"@id\":\"https:\\\/\\\/fjala.info\\\/2009-2015\\\/orteku-nga-veriu\\\/#primaryimage\"},\"thumbnailUrl\":\"http:\\\/\\\/www.shkoder.net\\\/images\\\/fjala\\\/beqe_cufaj.jpg\",\"articleSection\":[\"Artikuj\"],\"inLanguage\":\"sq-AL\",\"potentialAction\":[{\"@type\":\"CommentAction\",\"name\":\"Comment\",\"target\":[\"https:\\\/\\\/fjala.info\\\/2009-2015\\\/orteku-nga-veriu\\\/#respond\"]}]},{\"@type\":\"WebPage\",\"@id\":\"https:\\\/\\\/fjala.info\\\/2009-2015\\\/orteku-nga-veriu\\\/\",\"url\":\"https:\\\/\\\/fjala.info\\\/2009-2015\\\/orteku-nga-veriu\\\/\",\"name\":\"Orteku nga Veriu - FjALA e LIR\u00cb - Arkivi\",\"isPartOf\":{\"@id\":\"https:\\\/\\\/fjala.info\\\/2009-2015\\\/#website\"},\"primaryImageOfPage\":{\"@id\":\"https:\\\/\\\/fjala.info\\\/2009-2015\\\/orteku-nga-veriu\\\/#primaryimage\"},\"image\":{\"@id\":\"https:\\\/\\\/fjala.info\\\/2009-2015\\\/orteku-nga-veriu\\\/#primaryimage\"},\"thumbnailUrl\":\"http:\\\/\\\/www.shkoder.net\\\/images\\\/fjala\\\/beqe_cufaj.jpg\",\"datePublished\":\"2012-02-13T22:25:28+00:00\",\"breadcrumb\":{\"@id\":\"https:\\\/\\\/fjala.info\\\/2009-2015\\\/orteku-nga-veriu\\\/#breadcrumb\"},\"inLanguage\":\"sq-AL\",\"potentialAction\":[{\"@type\":\"ReadAction\",\"target\":[\"https:\\\/\\\/fjala.info\\\/2009-2015\\\/orteku-nga-veriu\\\/\"]}]},{\"@type\":\"ImageObject\",\"inLanguage\":\"sq-AL\",\"@id\":\"https:\\\/\\\/fjala.info\\\/2009-2015\\\/orteku-nga-veriu\\\/#primaryimage\",\"url\":\"http:\\\/\\\/www.shkoder.net\\\/images\\\/fjala\\\/beqe_cufaj.jpg\",\"contentUrl\":\"http:\\\/\\\/www.shkoder.net\\\/images\\\/fjala\\\/beqe_cufaj.jpg\"},{\"@type\":\"BreadcrumbList\",\"@id\":\"https:\\\/\\\/fjala.info\\\/2009-2015\\\/orteku-nga-veriu\\\/#breadcrumb\",\"itemListElement\":[{\"@type\":\"ListItem\",\"position\":1,\"name\":\"Home\",\"item\":\"https:\\\/\\\/fjala.info\\\/2009-2015\\\/\"},{\"@type\":\"ListItem\",\"position\":2,\"name\":\"Orteku nga Veriu\"}]},{\"@type\":\"WebSite\",\"@id\":\"https:\\\/\\\/fjala.info\\\/2009-2015\\\/#website\",\"url\":\"https:\\\/\\\/fjala.info\\\/2009-2015\\\/\",\"name\":\"FjALA e LIR\u00cb - Arkivi\",\"description\":\"Arkivi 2009-2015\",\"publisher\":{\"@id\":\"https:\\\/\\\/fjala.info\\\/2009-2015\\\/#organization\"},\"potentialAction\":[{\"@type\":\"SearchAction\",\"target\":{\"@type\":\"EntryPoint\",\"urlTemplate\":\"https:\\\/\\\/fjala.info\\\/2009-2015\\\/?s={search_term_string}\"},\"query-input\":{\"@type\":\"PropertyValueSpecification\",\"valueRequired\":true,\"valueName\":\"search_term_string\"}}],\"inLanguage\":\"sq-AL\"},{\"@type\":\"Organization\",\"@id\":\"https:\\\/\\\/fjala.info\\\/2009-2015\\\/#organization\",\"name\":\"FjALA e LIR\u00cb - Arkivi\",\"url\":\"https:\\\/\\\/fjala.info\\\/2009-2015\\\/\",\"logo\":{\"@type\":\"ImageObject\",\"inLanguage\":\"sq-AL\",\"@id\":\"https:\\\/\\\/fjala.info\\\/2009-2015\\\/#\\\/schema\\\/logo\\\/image\\\/\",\"url\":\"\",\"contentUrl\":\"\",\"caption\":\"FjALA e LIR\u00cb - Arkivi\"},\"image\":{\"@id\":\"https:\\\/\\\/fjala.info\\\/2009-2015\\\/#\\\/schema\\\/logo\\\/image\\\/\"}},{\"@type\":\"Person\",\"@id\":\"https:\\\/\\\/fjala.info\\\/2009-2015\\\/#\\\/schema\\\/person\\\/3aa1163ef05469c496fc94e77611ada2\",\"name\":\"admin\",\"image\":{\"@type\":\"ImageObject\",\"inLanguage\":\"sq-AL\",\"@id\":\"https:\\\/\\\/fjala.info\\\/2009-2015\\\/wp-content\\\/uploads\\\/2012\\\/02\\\/arben_cokaj-120x150.jpg\",\"url\":\"https:\\\/\\\/fjala.info\\\/2009-2015\\\/wp-content\\\/uploads\\\/2012\\\/02\\\/arben_cokaj-120x150.jpg\",\"contentUrl\":\"https:\\\/\\\/fjala.info\\\/2009-2015\\\/wp-content\\\/uploads\\\/2012\\\/02\\\/arben_cokaj-120x150.jpg\",\"caption\":\"admin\"},\"description\":\"Admin, Fjala e Lir\u00eb\",\"sameAs\":[\"https:\\\/\\\/fjala.info\\\/\"],\"url\":\"https:\\\/\\\/fjala.info\\\/2009-2015\\\/author\\\/admin\\\/\"}]}<\/script>\n<!-- \/ Yoast SEO plugin. -->","yoast_head_json":{"title":"Orteku nga Veriu - FjALA e LIR\u00cb - Arkivi","robots":{"index":"index","follow":"follow","max-snippet":"max-snippet:-1","max-image-preview":"max-image-preview:large","max-video-preview":"max-video-preview:-1"},"canonical":"https:\/\/fjala.info\/2009-2015\/orteku-nga-veriu\/","og_locale":"sq_AL","og_type":"article","og_title":"Orteku nga Veriu - FjALA e LIR\u00cb - Arkivi","og_description":"Nga Beq\u00eb Cufaj, 13 Shkurt 2012 Derisa vendi ende vazhdon t\u00eb jet\u00eb i shokuar me tragjedin\u00eb e r\u00ebnd\u00eb t\u00eb Restelic\u00ebs dhe p\u00ebrgjith\u00ebsisht me p\u00ebrmasat e eg\u00ebrsis\u00eb s\u00eb k\u00ebtij dimri t\u00eb dekad\u00ebs, nuk do t\u00eb shkojn\u00eb as m\u00eb shum\u00eb se dy dit\u00eb nga sot dhe Republik\u00ebn e Kosov\u00ebs e pret nj\u00eb ortek tjet\u00ebr, k\u00ebso radhe politik, [&hellip;]","og_url":"https:\/\/fjala.info\/2009-2015\/orteku-nga-veriu\/","og_site_name":"FjALA e LIR\u00cb - Arkivi","article_published_time":"2012-02-13T22:25:28+00:00","og_image":[{"url":"http:\/\/www.shkoder.net\/images\/fjala\/beqe_cufaj.jpg","type":"","width":"","height":""}],"author":"admin","twitter_card":"summary_large_image","twitter_misc":{"Written by":"admin","Est. reading time":"5 minutes"},"schema":{"@context":"https:\/\/schema.org","@graph":[{"@type":"Article","@id":"https:\/\/fjala.info\/2009-2015\/orteku-nga-veriu\/#article","isPartOf":{"@id":"https:\/\/fjala.info\/2009-2015\/orteku-nga-veriu\/"},"author":{"name":"admin","@id":"https:\/\/fjala.info\/2009-2015\/#\/schema\/person\/3aa1163ef05469c496fc94e77611ada2"},"headline":"Orteku nga Veriu","datePublished":"2012-02-13T22:25:28+00:00","mainEntityOfPage":{"@id":"https:\/\/fjala.info\/2009-2015\/orteku-nga-veriu\/"},"wordCount":905,"commentCount":0,"publisher":{"@id":"https:\/\/fjala.info\/2009-2015\/#organization"},"image":{"@id":"https:\/\/fjala.info\/2009-2015\/orteku-nga-veriu\/#primaryimage"},"thumbnailUrl":"http:\/\/www.shkoder.net\/images\/fjala\/beqe_cufaj.jpg","articleSection":["Artikuj"],"inLanguage":"sq-AL","potentialAction":[{"@type":"CommentAction","name":"Comment","target":["https:\/\/fjala.info\/2009-2015\/orteku-nga-veriu\/#respond"]}]},{"@type":"WebPage","@id":"https:\/\/fjala.info\/2009-2015\/orteku-nga-veriu\/","url":"https:\/\/fjala.info\/2009-2015\/orteku-nga-veriu\/","name":"Orteku nga Veriu - FjALA e LIR\u00cb - Arkivi","isPartOf":{"@id":"https:\/\/fjala.info\/2009-2015\/#website"},"primaryImageOfPage":{"@id":"https:\/\/fjala.info\/2009-2015\/orteku-nga-veriu\/#primaryimage"},"image":{"@id":"https:\/\/fjala.info\/2009-2015\/orteku-nga-veriu\/#primaryimage"},"thumbnailUrl":"http:\/\/www.shkoder.net\/images\/fjala\/beqe_cufaj.jpg","datePublished":"2012-02-13T22:25:28+00:00","breadcrumb":{"@id":"https:\/\/fjala.info\/2009-2015\/orteku-nga-veriu\/#breadcrumb"},"inLanguage":"sq-AL","potentialAction":[{"@type":"ReadAction","target":["https:\/\/fjala.info\/2009-2015\/orteku-nga-veriu\/"]}]},{"@type":"ImageObject","inLanguage":"sq-AL","@id":"https:\/\/fjala.info\/2009-2015\/orteku-nga-veriu\/#primaryimage","url":"http:\/\/www.shkoder.net\/images\/fjala\/beqe_cufaj.jpg","contentUrl":"http:\/\/www.shkoder.net\/images\/fjala\/beqe_cufaj.jpg"},{"@type":"BreadcrumbList","@id":"https:\/\/fjala.info\/2009-2015\/orteku-nga-veriu\/#breadcrumb","itemListElement":[{"@type":"ListItem","position":1,"name":"Home","item":"https:\/\/fjala.info\/2009-2015\/"},{"@type":"ListItem","position":2,"name":"Orteku nga Veriu"}]},{"@type":"WebSite","@id":"https:\/\/fjala.info\/2009-2015\/#website","url":"https:\/\/fjala.info\/2009-2015\/","name":"FjALA e LIR\u00cb - Arkivi","description":"Arkivi 2009-2015","publisher":{"@id":"https:\/\/fjala.info\/2009-2015\/#organization"},"potentialAction":[{"@type":"SearchAction","target":{"@type":"EntryPoint","urlTemplate":"https:\/\/fjala.info\/2009-2015\/?s={search_term_string}"},"query-input":{"@type":"PropertyValueSpecification","valueRequired":true,"valueName":"search_term_string"}}],"inLanguage":"sq-AL"},{"@type":"Organization","@id":"https:\/\/fjala.info\/2009-2015\/#organization","name":"FjALA e LIR\u00cb - Arkivi","url":"https:\/\/fjala.info\/2009-2015\/","logo":{"@type":"ImageObject","inLanguage":"sq-AL","@id":"https:\/\/fjala.info\/2009-2015\/#\/schema\/logo\/image\/","url":"","contentUrl":"","caption":"FjALA e LIR\u00cb - Arkivi"},"image":{"@id":"https:\/\/fjala.info\/2009-2015\/#\/schema\/logo\/image\/"}},{"@type":"Person","@id":"https:\/\/fjala.info\/2009-2015\/#\/schema\/person\/3aa1163ef05469c496fc94e77611ada2","name":"admin","image":{"@type":"ImageObject","inLanguage":"sq-AL","@id":"https:\/\/fjala.info\/2009-2015\/wp-content\/uploads\/2012\/02\/arben_cokaj-120x150.jpg","url":"https:\/\/fjala.info\/2009-2015\/wp-content\/uploads\/2012\/02\/arben_cokaj-120x150.jpg","contentUrl":"https:\/\/fjala.info\/2009-2015\/wp-content\/uploads\/2012\/02\/arben_cokaj-120x150.jpg","caption":"admin"},"description":"Admin, Fjala e Lir\u00eb","sameAs":["https:\/\/fjala.info\/"],"url":"https:\/\/fjala.info\/2009-2015\/author\/admin\/"}]}},"_links":{"self":[{"href":"https:\/\/fjala.info\/2009-2015\/wp-json\/wp\/v2\/posts\/1791","targetHints":{"allow":["GET"]}}],"collection":[{"href":"https:\/\/fjala.info\/2009-2015\/wp-json\/wp\/v2\/posts"}],"about":[{"href":"https:\/\/fjala.info\/2009-2015\/wp-json\/wp\/v2\/types\/post"}],"author":[{"embeddable":true,"href":"https:\/\/fjala.info\/2009-2015\/wp-json\/wp\/v2\/users\/1"}],"replies":[{"embeddable":true,"href":"https:\/\/fjala.info\/2009-2015\/wp-json\/wp\/v2\/comments?post=1791"}],"version-history":[{"count":0,"href":"https:\/\/fjala.info\/2009-2015\/wp-json\/wp\/v2\/posts\/1791\/revisions"}],"wp:attachment":[{"href":"https:\/\/fjala.info\/2009-2015\/wp-json\/wp\/v2\/media?parent=1791"}],"wp:term":[{"taxonomy":"category","embeddable":true,"href":"https:\/\/fjala.info\/2009-2015\/wp-json\/wp\/v2\/categories?post=1791"},{"taxonomy":"post_tag","embeddable":true,"href":"https:\/\/fjala.info\/2009-2015\/wp-json\/wp\/v2\/tags?post=1791"}],"curies":[{"name":"wp","href":"https:\/\/api.w.org\/{rel}","templated":true}]}}