{"id":1787,"date":"2012-02-13T23:21:37","date_gmt":"2012-02-13T22:21:37","guid":{"rendered":"http:\/\/fjala.shkoder.net\/?p=1787"},"modified":"2012-02-13T23:21:37","modified_gmt":"2012-02-13T22:21:37","slug":"qeverisja-xxl","status":"publish","type":"post","link":"https:\/\/fjala.info\/2009-2015\/qeverisja-xxl\/","title":{"rendered":"Qeverisja XXL"},"content":{"rendered":"<p><img decoding=\"async\" class=\"alignright size-thumbnail wp-image-7236\" title=\"Sk\u00ebnder Minxhozi\" src=\"http:\/\/www.shkoder.net\/images\/fjala\/skender_minxhozi.jpg\" alt=\"\" width=\"150\" \/> Nga <strong>Sk\u00ebnder Minxhozi<\/strong>, <em>13 Shkurt 2012<\/em><\/p>\n<p>N\u00eb \u00e7do dyqan veshjesh, numri m\u00eb i madh i nj\u00eb bluze apo pantalloni xhins \u00ebsht\u00eb XXL. Th\u00ebn\u00eb ndryshe nj\u00eb mas\u00eb q\u00eb u rri mir\u00eb vet\u00ebm atyre q\u00eb kan\u00eb problem me kilet e tep\u00ebrta. Jasht\u00eb bot\u00ebs s\u00eb madhe t\u00eb artikujve t\u00eb konsumit, XXL p\u00ebrfaq\u00ebson nj\u00eb simbol q\u00eb lidhet me gjith\u00e7ka q\u00eb \u00ebsht\u00eb e madhe, e tepruar dhe jasht\u00eb standardit normal. N\u00ebse ne shqiptar\u00ebt e vrasim pak mendjen, do t\u00eb gjejm\u00eb p\u00ebr shembull, se kemi, ve\u00e7 xhinseve e bluzave, edhe nj\u00eb qeverisje t\u00eb formatit XXL.<\/p>\n<p>Le ta shpjegojm\u00eb konceptin, pasi \u00ebsht\u00eb shum\u00eb i thjesht\u00eb. Na \u00ebsht\u00eb th\u00ebn\u00eb k\u00ebto vite se jemi ekonomia e dyt\u00eb n\u00eb Europ\u00eb, pas asaj gjermane. Na \u00ebsht\u00eb th\u00ebn\u00eb gjithashtu se modeli yn\u00eb ekonomik \u00ebsht\u00eb m\u00eb i suksesshmi, m\u00eb largpam\u00ebsi dhe m\u00eb i imunizuari nga kriza, aq e shpesht\u00eb n\u00eb k\u00ebt\u00eb kontinent k\u00ebto koh\u00eb. A nuk \u00ebsht\u00eb ky nj\u00eb vizion prej \u201cqeverisjeje XXL\u201d?<\/p>\n<p>M\u00eb tej akoma, na kan\u00eb th\u00ebn\u00eb se n\u00eb Shqip\u00ebri jan\u00eb shtruar 9 mij\u00eb kilometra rrug\u00eb n\u00eb gjasht\u00eb vjet e pak. Dometh\u00ebn\u00eb, sa larg\u00ebsia q\u00eb na ndan nga t\u00eb af\u00ebrmit tan\u00eb diku n\u00eb Nju Xhersi apo Detroit, pa\u00e7ka se shum\u00ebkujt kjo i duket nj\u00eb g\u00ebnjesht\u00ebr e madhe sa nj\u00eb sht\u00ebpi! Na kan\u00eb th\u00ebn\u00eb edhe se do t\u00eb mbjellim 20 milion rr\u00ebnj\u00eb ullinj, edhe se arror\u00ebt jan\u00eb e ardhmja jon\u00eb, megjith\u00ebse me k\u00ebto deklarata qeshin edhe f\u00ebmij\u00ebt. M\u00eb tej akoma, na kan\u00eb th\u00ebn\u00eb se Shqip\u00ebria do t\u00eb jet\u00eb shum\u00eb shpejt fuqi atomike dhe superfuqi energjetike n\u00eb Ballkan, megjith\u00ebse po t\u2019ua thuash k\u00ebt\u00eb mij\u00ebra familjeve n\u00eb Veri e n\u00eb Jug q\u00eb sot kalojn\u00eb net\u00ebt e ftohta n\u00eb terr, merr mbrapsht nj\u00eb mij\u00eb t\u00eb shara.<\/p>\n<p>Po ashtu na thon\u00eb se tek ne ka vet\u00ebm rritje pagash, nd\u00ebrkoh\u00eb q\u00eb grek\u00ebt e italian\u00ebt po i shkurtojn\u00eb ato p\u00ebrdit\u00eb, ashtu si\u00e7 na tregojn\u00eb statistikat me miliona turist\u00eb (t\u00eb paduksh\u00ebm) q\u00eb derdhen rrug\u00ebve t\u00eb Shqip\u00ebris\u00eb \u00e7do vit. Na thon\u00eb, m\u00eb n\u00eb fund, edhe se do t\u00eb privatizojm\u00eb gjith\u00e7ka, p\u00ebrve\u00e7 sht\u00ebpive ku flem\u00eb e ham\u00eb. Gjith\u00e7ka n\u00eb ekstrem, e mesmja, laramania, relativja dhe e pjesshmja nuk kan\u00eb vend tek ne! Boll\u00ebku virtual ka z\u00ebvend\u00ebsuar t\u00ebr\u00ebsisht varf\u00ebrin\u00eb reale.<\/p>\n<p>Ky stil qeverisjeje, i frym\u00ebzuar nga kryeministri Berisha in personam, nuk e njeh rrug\u00ebn e mesme, as frik\u00ebn e shifrave, as dyshimin e natyrsh\u00ebm q\u00eb duhet t\u00eb ket\u00eb dikush q\u00eb drejton nj\u00eb shtet t\u00eb rr\u00ebnuar si ky i yni. V\u00ebreni shefin e qeveris\u00eb dhe an\u00ebtar\u00ebt e kabinetit, apo edhe deputet\u00ebt e maxhoranc\u00ebs! Nuk kan\u00eb asnj\u00eb hije dyshimi kur rreshtojn\u00eb statistika pafund, t\u00eb cilat nuk i besojn\u00eb as vet\u00eb. Shtrohet \u00e7eshtja e heqjes s\u00eb imunitetit, hidhen p\u00ebrpjet\u00eb q\u00eb t\u00eb hiqet ai p\u00ebr t\u00eb gjitha postet, q\u00eb t\u00eb zhduket nga faqja e dheut. Dhe \u00e7far\u00eb ka ndodhur?! Imuniteti \u00ebsht\u00eb s\u00ebrish aty, i paprekur dhe i plotfuqish\u00ebm.<\/p>\n<p>Qeverisja XXL refuzon \u00e7do gj\u00eb q\u00eb nuk futet brenda imazhit idilik t\u00eb vendit t\u00eb lumtur, ajo shp\u00ebrfill zerot, duke i shtuar e hequr ato sipas rastit, pa m\u00eb t\u00eb vogl\u00ebn m\u00ebdyshje. Fluturojn\u00eb qindra milion euro investime n\u00eb t\u00eb gjitha drejtimet, turma turist\u00ebsh gjerman\u00eb e suedez\u00eb q\u00eb s\u2019i ka par\u00eb askush, oxhaqe fabrikash e linja prodhimi q\u00eb egzistojn\u00eb faktikisht vet\u00ebm n\u00eb let\u00ebr, parqe eolike me shtylla t\u00eb bukura plot elika q\u00eb prodhojn\u00eb energji t\u00eb past\u00ebr, por q\u00eb ende s\u2019dihet se ku jan\u00eb. \u00cbsht\u00eb nd\u00ebrtuar n\u00eb k\u00ebto gjasht\u00eb vjet nj\u00eb univers paralel, i cili s\u2019ka asgj\u00eb t\u00eb p\u00ebrbashk\u00ebt me realitetin q\u00eb jetojm\u00eb dhe q\u00eb qeveria po mundohet t\u2019ia imponoj\u00eb shqiptarit t\u00eb thjesht\u00eb si lug\u00eb t\u00eb mbushur supe. Nj\u00eb lug\u00eb e cila, n\u00eb jet\u00ebn reale, jasht\u00eb qeverisjes XXL, \u00ebsht\u00eb bosh.<\/p>\n<p>*<em>Revista Java<\/em><\/p>\n","protected":false},"excerpt":{"rendered":"<p>Nga Sk\u00ebnder Minxhozi, 13 Shkurt 2012 N\u00eb \u00e7do dyqan veshjesh, numri m\u00eb i madh i nj\u00eb bluze apo pantalloni xhins \u00ebsht\u00eb XXL. Th\u00ebn\u00eb ndryshe nj\u00eb mas\u00eb q\u00eb u rri mir\u00eb vet\u00ebm atyre q\u00eb kan\u00eb problem me kilet e tep\u00ebrta. Jasht\u00eb bot\u00ebs s\u00eb madhe t\u00eb artikujve t\u00eb konsumit, XXL p\u00ebrfaq\u00ebson nj\u00eb simbol q\u00eb lidhet me gjith\u00e7ka [&hellip;]<\/p>\n","protected":false},"author":1,"featured_media":0,"comment_status":"open","ping_status":"closed","sticky":false,"template":"","format":"standard","meta":{"footnotes":""},"categories":[2],"tags":[],"class_list":{"0":"post-1787","1":"post","2":"type-post","3":"status-publish","4":"format-standard","6":"category-artikuj"},"yoast_head":"<!-- This site is optimized with the Yoast SEO plugin v27.4 - https:\/\/yoast.com\/product\/yoast-seo-wordpress\/ -->\n<title>Qeverisja XXL - FjALA e LIR\u00cb - Arkivi<\/title>\n<meta name=\"robots\" content=\"index, follow, max-snippet:-1, max-image-preview:large, max-video-preview:-1\" \/>\n<link rel=\"canonical\" href=\"https:\/\/fjala.info\/2009-2015\/qeverisja-xxl\/\" \/>\n<meta property=\"og:locale\" content=\"sq_AL\" \/>\n<meta property=\"og:type\" content=\"article\" \/>\n<meta property=\"og:title\" content=\"Qeverisja XXL - FjALA e LIR\u00cb - Arkivi\" \/>\n<meta property=\"og:description\" content=\"Nga Sk\u00ebnder Minxhozi, 13 Shkurt 2012 N\u00eb \u00e7do dyqan veshjesh, numri m\u00eb i madh i nj\u00eb bluze apo pantalloni xhins \u00ebsht\u00eb XXL. Th\u00ebn\u00eb ndryshe nj\u00eb mas\u00eb q\u00eb u rri mir\u00eb vet\u00ebm atyre q\u00eb kan\u00eb problem me kilet e tep\u00ebrta. Jasht\u00eb bot\u00ebs s\u00eb madhe t\u00eb artikujve t\u00eb konsumit, XXL p\u00ebrfaq\u00ebson nj\u00eb simbol q\u00eb lidhet me gjith\u00e7ka [&hellip;]\" \/>\n<meta property=\"og:url\" content=\"https:\/\/fjala.info\/2009-2015\/qeverisja-xxl\/\" \/>\n<meta property=\"og:site_name\" content=\"FjALA e LIR\u00cb - Arkivi\" \/>\n<meta property=\"article:published_time\" content=\"2012-02-13T22:21:37+00:00\" \/>\n<meta property=\"og:image\" content=\"http:\/\/www.shkoder.net\/images\/fjala\/skender_minxhozi.jpg\" \/>\n<meta name=\"author\" content=\"admin\" \/>\n<meta name=\"twitter:card\" content=\"summary_large_image\" \/>\n<meta name=\"twitter:label1\" content=\"Written by\" \/>\n\t<meta name=\"twitter:data1\" content=\"admin\" \/>\n\t<meta name=\"twitter:label2\" content=\"Est. reading time\" \/>\n\t<meta name=\"twitter:data2\" content=\"3 minutes\" \/>\n<script type=\"application\/ld+json\" class=\"yoast-schema-graph\">{\"@context\":\"https:\\\/\\\/schema.org\",\"@graph\":[{\"@type\":\"Article\",\"@id\":\"https:\\\/\\\/fjala.info\\\/2009-2015\\\/qeverisja-xxl\\\/#article\",\"isPartOf\":{\"@id\":\"https:\\\/\\\/fjala.info\\\/2009-2015\\\/qeverisja-xxl\\\/\"},\"author\":{\"name\":\"admin\",\"@id\":\"https:\\\/\\\/fjala.info\\\/2009-2015\\\/#\\\/schema\\\/person\\\/3aa1163ef05469c496fc94e77611ada2\"},\"headline\":\"Qeverisja XXL\",\"datePublished\":\"2012-02-13T22:21:37+00:00\",\"mainEntityOfPage\":{\"@id\":\"https:\\\/\\\/fjala.info\\\/2009-2015\\\/qeverisja-xxl\\\/\"},\"wordCount\":668,\"commentCount\":0,\"publisher\":{\"@id\":\"https:\\\/\\\/fjala.info\\\/2009-2015\\\/#organization\"},\"image\":{\"@id\":\"https:\\\/\\\/fjala.info\\\/2009-2015\\\/qeverisja-xxl\\\/#primaryimage\"},\"thumbnailUrl\":\"http:\\\/\\\/www.shkoder.net\\\/images\\\/fjala\\\/skender_minxhozi.jpg\",\"articleSection\":[\"Artikuj\"],\"inLanguage\":\"sq-AL\",\"potentialAction\":[{\"@type\":\"CommentAction\",\"name\":\"Comment\",\"target\":[\"https:\\\/\\\/fjala.info\\\/2009-2015\\\/qeverisja-xxl\\\/#respond\"]}]},{\"@type\":\"WebPage\",\"@id\":\"https:\\\/\\\/fjala.info\\\/2009-2015\\\/qeverisja-xxl\\\/\",\"url\":\"https:\\\/\\\/fjala.info\\\/2009-2015\\\/qeverisja-xxl\\\/\",\"name\":\"Qeverisja XXL - FjALA e LIR\u00cb - Arkivi\",\"isPartOf\":{\"@id\":\"https:\\\/\\\/fjala.info\\\/2009-2015\\\/#website\"},\"primaryImageOfPage\":{\"@id\":\"https:\\\/\\\/fjala.info\\\/2009-2015\\\/qeverisja-xxl\\\/#primaryimage\"},\"image\":{\"@id\":\"https:\\\/\\\/fjala.info\\\/2009-2015\\\/qeverisja-xxl\\\/#primaryimage\"},\"thumbnailUrl\":\"http:\\\/\\\/www.shkoder.net\\\/images\\\/fjala\\\/skender_minxhozi.jpg\",\"datePublished\":\"2012-02-13T22:21:37+00:00\",\"breadcrumb\":{\"@id\":\"https:\\\/\\\/fjala.info\\\/2009-2015\\\/qeverisja-xxl\\\/#breadcrumb\"},\"inLanguage\":\"sq-AL\",\"potentialAction\":[{\"@type\":\"ReadAction\",\"target\":[\"https:\\\/\\\/fjala.info\\\/2009-2015\\\/qeverisja-xxl\\\/\"]}]},{\"@type\":\"ImageObject\",\"inLanguage\":\"sq-AL\",\"@id\":\"https:\\\/\\\/fjala.info\\\/2009-2015\\\/qeverisja-xxl\\\/#primaryimage\",\"url\":\"http:\\\/\\\/www.shkoder.net\\\/images\\\/fjala\\\/skender_minxhozi.jpg\",\"contentUrl\":\"http:\\\/\\\/www.shkoder.net\\\/images\\\/fjala\\\/skender_minxhozi.jpg\"},{\"@type\":\"BreadcrumbList\",\"@id\":\"https:\\\/\\\/fjala.info\\\/2009-2015\\\/qeverisja-xxl\\\/#breadcrumb\",\"itemListElement\":[{\"@type\":\"ListItem\",\"position\":1,\"name\":\"Home\",\"item\":\"https:\\\/\\\/fjala.info\\\/2009-2015\\\/\"},{\"@type\":\"ListItem\",\"position\":2,\"name\":\"Qeverisja XXL\"}]},{\"@type\":\"WebSite\",\"@id\":\"https:\\\/\\\/fjala.info\\\/2009-2015\\\/#website\",\"url\":\"https:\\\/\\\/fjala.info\\\/2009-2015\\\/\",\"name\":\"FjALA e LIR\u00cb - Arkivi\",\"description\":\"Arkivi 2009-2015\",\"publisher\":{\"@id\":\"https:\\\/\\\/fjala.info\\\/2009-2015\\\/#organization\"},\"potentialAction\":[{\"@type\":\"SearchAction\",\"target\":{\"@type\":\"EntryPoint\",\"urlTemplate\":\"https:\\\/\\\/fjala.info\\\/2009-2015\\\/?s={search_term_string}\"},\"query-input\":{\"@type\":\"PropertyValueSpecification\",\"valueRequired\":true,\"valueName\":\"search_term_string\"}}],\"inLanguage\":\"sq-AL\"},{\"@type\":\"Organization\",\"@id\":\"https:\\\/\\\/fjala.info\\\/2009-2015\\\/#organization\",\"name\":\"FjALA e LIR\u00cb - Arkivi\",\"url\":\"https:\\\/\\\/fjala.info\\\/2009-2015\\\/\",\"logo\":{\"@type\":\"ImageObject\",\"inLanguage\":\"sq-AL\",\"@id\":\"https:\\\/\\\/fjala.info\\\/2009-2015\\\/#\\\/schema\\\/logo\\\/image\\\/\",\"url\":\"\",\"contentUrl\":\"\",\"caption\":\"FjALA e LIR\u00cb - Arkivi\"},\"image\":{\"@id\":\"https:\\\/\\\/fjala.info\\\/2009-2015\\\/#\\\/schema\\\/logo\\\/image\\\/\"}},{\"@type\":\"Person\",\"@id\":\"https:\\\/\\\/fjala.info\\\/2009-2015\\\/#\\\/schema\\\/person\\\/3aa1163ef05469c496fc94e77611ada2\",\"name\":\"admin\",\"image\":{\"@type\":\"ImageObject\",\"inLanguage\":\"sq-AL\",\"@id\":\"https:\\\/\\\/fjala.info\\\/2009-2015\\\/wp-content\\\/uploads\\\/2012\\\/02\\\/arben_cokaj-120x150.jpg\",\"url\":\"https:\\\/\\\/fjala.info\\\/2009-2015\\\/wp-content\\\/uploads\\\/2012\\\/02\\\/arben_cokaj-120x150.jpg\",\"contentUrl\":\"https:\\\/\\\/fjala.info\\\/2009-2015\\\/wp-content\\\/uploads\\\/2012\\\/02\\\/arben_cokaj-120x150.jpg\",\"caption\":\"admin\"},\"description\":\"Admin, Fjala e Lir\u00eb\",\"sameAs\":[\"https:\\\/\\\/fjala.info\\\/\"],\"url\":\"https:\\\/\\\/fjala.info\\\/2009-2015\\\/author\\\/admin\\\/\"}]}<\/script>\n<!-- \/ Yoast SEO plugin. -->","yoast_head_json":{"title":"Qeverisja XXL - FjALA e LIR\u00cb - Arkivi","robots":{"index":"index","follow":"follow","max-snippet":"max-snippet:-1","max-image-preview":"max-image-preview:large","max-video-preview":"max-video-preview:-1"},"canonical":"https:\/\/fjala.info\/2009-2015\/qeverisja-xxl\/","og_locale":"sq_AL","og_type":"article","og_title":"Qeverisja XXL - FjALA e LIR\u00cb - Arkivi","og_description":"Nga Sk\u00ebnder Minxhozi, 13 Shkurt 2012 N\u00eb \u00e7do dyqan veshjesh, numri m\u00eb i madh i nj\u00eb bluze apo pantalloni xhins \u00ebsht\u00eb XXL. Th\u00ebn\u00eb ndryshe nj\u00eb mas\u00eb q\u00eb u rri mir\u00eb vet\u00ebm atyre q\u00eb kan\u00eb problem me kilet e tep\u00ebrta. Jasht\u00eb bot\u00ebs s\u00eb madhe t\u00eb artikujve t\u00eb konsumit, XXL p\u00ebrfaq\u00ebson nj\u00eb simbol q\u00eb lidhet me gjith\u00e7ka [&hellip;]","og_url":"https:\/\/fjala.info\/2009-2015\/qeverisja-xxl\/","og_site_name":"FjALA e LIR\u00cb - Arkivi","article_published_time":"2012-02-13T22:21:37+00:00","og_image":[{"url":"http:\/\/www.shkoder.net\/images\/fjala\/skender_minxhozi.jpg","type":"","width":"","height":""}],"author":"admin","twitter_card":"summary_large_image","twitter_misc":{"Written by":"admin","Est. reading time":"3 minutes"},"schema":{"@context":"https:\/\/schema.org","@graph":[{"@type":"Article","@id":"https:\/\/fjala.info\/2009-2015\/qeverisja-xxl\/#article","isPartOf":{"@id":"https:\/\/fjala.info\/2009-2015\/qeverisja-xxl\/"},"author":{"name":"admin","@id":"https:\/\/fjala.info\/2009-2015\/#\/schema\/person\/3aa1163ef05469c496fc94e77611ada2"},"headline":"Qeverisja XXL","datePublished":"2012-02-13T22:21:37+00:00","mainEntityOfPage":{"@id":"https:\/\/fjala.info\/2009-2015\/qeverisja-xxl\/"},"wordCount":668,"commentCount":0,"publisher":{"@id":"https:\/\/fjala.info\/2009-2015\/#organization"},"image":{"@id":"https:\/\/fjala.info\/2009-2015\/qeverisja-xxl\/#primaryimage"},"thumbnailUrl":"http:\/\/www.shkoder.net\/images\/fjala\/skender_minxhozi.jpg","articleSection":["Artikuj"],"inLanguage":"sq-AL","potentialAction":[{"@type":"CommentAction","name":"Comment","target":["https:\/\/fjala.info\/2009-2015\/qeverisja-xxl\/#respond"]}]},{"@type":"WebPage","@id":"https:\/\/fjala.info\/2009-2015\/qeverisja-xxl\/","url":"https:\/\/fjala.info\/2009-2015\/qeverisja-xxl\/","name":"Qeverisja XXL - FjALA e LIR\u00cb - Arkivi","isPartOf":{"@id":"https:\/\/fjala.info\/2009-2015\/#website"},"primaryImageOfPage":{"@id":"https:\/\/fjala.info\/2009-2015\/qeverisja-xxl\/#primaryimage"},"image":{"@id":"https:\/\/fjala.info\/2009-2015\/qeverisja-xxl\/#primaryimage"},"thumbnailUrl":"http:\/\/www.shkoder.net\/images\/fjala\/skender_minxhozi.jpg","datePublished":"2012-02-13T22:21:37+00:00","breadcrumb":{"@id":"https:\/\/fjala.info\/2009-2015\/qeverisja-xxl\/#breadcrumb"},"inLanguage":"sq-AL","potentialAction":[{"@type":"ReadAction","target":["https:\/\/fjala.info\/2009-2015\/qeverisja-xxl\/"]}]},{"@type":"ImageObject","inLanguage":"sq-AL","@id":"https:\/\/fjala.info\/2009-2015\/qeverisja-xxl\/#primaryimage","url":"http:\/\/www.shkoder.net\/images\/fjala\/skender_minxhozi.jpg","contentUrl":"http:\/\/www.shkoder.net\/images\/fjala\/skender_minxhozi.jpg"},{"@type":"BreadcrumbList","@id":"https:\/\/fjala.info\/2009-2015\/qeverisja-xxl\/#breadcrumb","itemListElement":[{"@type":"ListItem","position":1,"name":"Home","item":"https:\/\/fjala.info\/2009-2015\/"},{"@type":"ListItem","position":2,"name":"Qeverisja XXL"}]},{"@type":"WebSite","@id":"https:\/\/fjala.info\/2009-2015\/#website","url":"https:\/\/fjala.info\/2009-2015\/","name":"FjALA e LIR\u00cb - Arkivi","description":"Arkivi 2009-2015","publisher":{"@id":"https:\/\/fjala.info\/2009-2015\/#organization"},"potentialAction":[{"@type":"SearchAction","target":{"@type":"EntryPoint","urlTemplate":"https:\/\/fjala.info\/2009-2015\/?s={search_term_string}"},"query-input":{"@type":"PropertyValueSpecification","valueRequired":true,"valueName":"search_term_string"}}],"inLanguage":"sq-AL"},{"@type":"Organization","@id":"https:\/\/fjala.info\/2009-2015\/#organization","name":"FjALA e LIR\u00cb - Arkivi","url":"https:\/\/fjala.info\/2009-2015\/","logo":{"@type":"ImageObject","inLanguage":"sq-AL","@id":"https:\/\/fjala.info\/2009-2015\/#\/schema\/logo\/image\/","url":"","contentUrl":"","caption":"FjALA e LIR\u00cb - Arkivi"},"image":{"@id":"https:\/\/fjala.info\/2009-2015\/#\/schema\/logo\/image\/"}},{"@type":"Person","@id":"https:\/\/fjala.info\/2009-2015\/#\/schema\/person\/3aa1163ef05469c496fc94e77611ada2","name":"admin","image":{"@type":"ImageObject","inLanguage":"sq-AL","@id":"https:\/\/fjala.info\/2009-2015\/wp-content\/uploads\/2012\/02\/arben_cokaj-120x150.jpg","url":"https:\/\/fjala.info\/2009-2015\/wp-content\/uploads\/2012\/02\/arben_cokaj-120x150.jpg","contentUrl":"https:\/\/fjala.info\/2009-2015\/wp-content\/uploads\/2012\/02\/arben_cokaj-120x150.jpg","caption":"admin"},"description":"Admin, Fjala e Lir\u00eb","sameAs":["https:\/\/fjala.info\/"],"url":"https:\/\/fjala.info\/2009-2015\/author\/admin\/"}]}},"_links":{"self":[{"href":"https:\/\/fjala.info\/2009-2015\/wp-json\/wp\/v2\/posts\/1787","targetHints":{"allow":["GET"]}}],"collection":[{"href":"https:\/\/fjala.info\/2009-2015\/wp-json\/wp\/v2\/posts"}],"about":[{"href":"https:\/\/fjala.info\/2009-2015\/wp-json\/wp\/v2\/types\/post"}],"author":[{"embeddable":true,"href":"https:\/\/fjala.info\/2009-2015\/wp-json\/wp\/v2\/users\/1"}],"replies":[{"embeddable":true,"href":"https:\/\/fjala.info\/2009-2015\/wp-json\/wp\/v2\/comments?post=1787"}],"version-history":[{"count":0,"href":"https:\/\/fjala.info\/2009-2015\/wp-json\/wp\/v2\/posts\/1787\/revisions"}],"wp:attachment":[{"href":"https:\/\/fjala.info\/2009-2015\/wp-json\/wp\/v2\/media?parent=1787"}],"wp:term":[{"taxonomy":"category","embeddable":true,"href":"https:\/\/fjala.info\/2009-2015\/wp-json\/wp\/v2\/categories?post=1787"},{"taxonomy":"post_tag","embeddable":true,"href":"https:\/\/fjala.info\/2009-2015\/wp-json\/wp\/v2\/tags?post=1787"}],"curies":[{"name":"wp","href":"https:\/\/api.w.org\/{rel}","templated":true}]}}