{"id":1780,"date":"2012-02-14T23:02:39","date_gmt":"2012-02-14T22:02:39","guid":{"rendered":"http:\/\/fjala.shkoder.net\/?p=1780"},"modified":"2012-02-14T23:02:39","modified_gmt":"2012-02-14T22:02:39","slug":"intervista-qe-pergenjeshtron-shperthimin-nervor-te-berishes-kunder-rames","status":"publish","type":"post","link":"https:\/\/fjala.info\/2009-2015\/intervista-qe-pergenjeshtron-shperthimin-nervor-te-berishes-kunder-rames\/","title":{"rendered":"Intervista q\u00eb p\u00ebrg\u00ebnjeshtron shp\u00ebrthimin nervor t\u00eb Berish\u00ebs kund\u00ebr Ram\u00ebs"},"content":{"rendered":"<p><img decoding=\"async\" class=\"alignright size-thumbnail wp-image-7236\" title=\"Bor\u00eb\" src=\"http:\/\/www.shkoder.net\/2012\/bora.jpg\" alt=\"\" width=\"200\" \/> (<em>AUDIO<\/em>)<\/p>\n<p><strong>TemA<\/strong>, <em>14 Shkurt 2012<\/em><\/p>\n<p>Kryeministri Sali Berisha u shfaq n\u00eb mbr\u00ebmje i shp\u00ebrfytyruar, i skuqur n\u00eb fytyr\u00eb. Fakti q\u00eb opozita doli q\u00eb n\u00eb m\u00ebngjes dhe b\u00ebri rolin e qeveris\u00eb duke b\u00ebr\u00eb nj\u00eb pasqyrim t\u00eb mir\u00eb t\u00eb situat\u00ebs n\u00eb vend dhe lajmet e medias se operacionet e shp\u00ebtimit dhe t\u00eb ndihm\u00ebs jan\u00eb nj\u00eb skandal i v\u00ebrtet\u00eb, b\u00ebn\u00eb q\u00eb ai t\u00eb shp\u00ebrthente n\u00eb akuza ndaj medias dhe kryetarit t\u00eb opozit\u00ebs.<\/p>\n<p>K\u00ebt\u00eb t\u00eb fundit e akuzoi r\u00ebndsh\u00ebm se po shkel kodin e vdekjes pasi selia e PS paska deklaruar se n\u00eb Tropoj\u00eb qenka nj\u00eb person i pakallur n\u00eb dhe p\u00ebr shkak t\u00eb d\u00ebbor\u00ebs. Ky \u00ebsht\u00eb nj\u00eb lajm q\u00eb \u00ebsht\u00eb pasqyruar nga Shqiptarja.com, i konfirmuar nga vet\u00eb kryetari i komun\u00ebs n\u00eb Tropoj\u00eb. Shqiptarja ka disa or\u00eb q\u00eb e ka n\u00eb faqen e saj online intervist\u00ebn, madje edhe me audio. Ne po e botojm\u00eb t\u00eb zbardhur dhe n\u00eb audio.<\/p>\n<p>Nj\u00eb 85 vje\u00e7ar prej dy dit\u00ebsh po q\u00ebndron i pajet\u00eb n\u00eb sht\u00ebpin\u00eb e tij, p\u00ebr shkak t\u00eb motit t\u00eb keq n\u00eb komun\u00ebn Tropoj\u00eb e Vog\u00ebl. Elez Dema ka humbur jet\u00ebn p\u00ebr shkaqe natyrore dit\u00ebn e h\u00ebn\u00eb, por lart\u00ebsia e bor\u00ebs prej 3 metrash e ka b\u00ebr\u00eb t\u00eb pamundur varrimin e tij nga ana e familjar\u00ebve. Kryetari i komun\u00ebs Ram Korto\u00e7i n\u00eb nj\u00eb intervist\u00eb telefonike p\u00ebr Shqiptarja.com tha se as traktor\u00ebt nuk mundin dot t\u00eb hapin rrug\u00ebn, \u00e7ka ka b\u00ebr\u00eb q\u00eb i ndjeri t\u00eb mos p\u00ebrcillet dot p\u00ebr n\u00eb banes\u00ebn e fundit.<\/p>\n<p><strong>Z.Korto\u00e7i, si paraqitet gjendja n\u00eb komun\u00ebn tuaj?<\/strong><\/p>\n<p>Jan\u00eb t\u00eb gjitha rrug\u00ebt e bllokuara dhe situat\u00ebn e p\u00ebrkeq\u00ebsojn\u00eb orteqet, t\u00eb cilat rrezikojn\u00eb banesat. Ata kan\u00eb shkaktuar d\u00ebme n\u00eb disa sht\u00ebpi dhe 4 familjen n\u00eb lagjen Gegaj jan\u00eb evakuuar deri m\u00eb tani.<\/p>\n<p><strong>Cilat jan\u00eb nevojat e momentit?<\/strong><\/p>\n<p>Nj\u00eb familjeje n\u00eb fshat i \u00ebsht\u00eb shembur t\u00ebr\u00ebsisht sht\u00ebpia nga d\u00ebbora dhe un\u00eb kam lajm\u00ebruar helikopterin q\u00eb t\u2019i evakuoj\u00eb, mes tyre ka edhe f\u00ebmij\u00eb.<\/p>\n<p><strong>Ka nj\u00eb informacion p\u00ebr nj\u00eb person t\u00eb vdekur, i cili ka humbur jet\u00ebn?<\/strong><\/p>\n<p>Po, ai \u00ebsht\u00eb edhe kush\u00ebri i imi. \u00cbsht\u00eb 85 vje\u00e7 dhe quhet Elez Dema. Ne kemi q\u00eb mbr\u00ebm\u00eb q\u00eb mundohemi ta transportojm\u00eb p\u00ebr n\u00eb varreza, por \u00ebsht\u00eb e pamundur. L\u00ebvizin vet\u00ebm traktor\u00ebt e m\u00ebdhenj por lart\u00ebsia e bor\u00ebs shkon deri n\u00eb 3 metra dhe transporti \u00ebsht\u00eb deri m\u00eb tani i pamundur.<\/p>\n<p><strong>Ku po e mbani tani?<\/strong><\/p>\n<p>N\u00eb sht\u00ebpi \u00ebsht\u00eb akoma.<\/p>\n<p><strong>Si \u00ebsht\u00eb furnizimi me ila\u00e7e dhe ushqime?<\/strong><\/p>\n<p>Ndihmat ushqimore kan\u00eb arritur deri n\u00eb Bajram Curri, por nuk jan\u00eb shp\u00ebrndar\u00eb dot p\u00ebr shkak t\u00eb bllokimit t\u00eb rrug\u00ebve. Vet\u00ebm 300 pako kan\u00eb mundur t\u00eb mb\u00ebrrijn\u00eb por jan\u00eb t\u00eb pamjaftueshme. Sa p\u00ebr ila\u00e7et, disa prej familjeve q\u00eb kan\u00eb nevoj\u00eb urgjente po mundohemi tua \u00e7ojm\u00eb dorazi, por e kemi shum\u00eb t\u00eb v\u00ebshtir\u00eb.<\/p>\n","protected":false},"excerpt":{"rendered":"<p>(AUDIO) TemA, 14 Shkurt 2012 Kryeministri Sali Berisha u shfaq n\u00eb mbr\u00ebmje i shp\u00ebrfytyruar, i skuqur n\u00eb fytyr\u00eb. Fakti q\u00eb opozita doli q\u00eb n\u00eb m\u00ebngjes dhe b\u00ebri rolin e qeveris\u00eb duke b\u00ebr\u00eb nj\u00eb pasqyrim t\u00eb mir\u00eb t\u00eb situat\u00ebs n\u00eb vend dhe lajmet e medias se operacionet e shp\u00ebtimit dhe t\u00eb ndihm\u00ebs jan\u00eb nj\u00eb skandal i [&hellip;]<\/p>\n","protected":false},"author":1,"featured_media":0,"comment_status":"open","ping_status":"closed","sticky":false,"template":"","format":"standard","meta":{"footnotes":""},"categories":[2,5],"tags":[],"class_list":{"0":"post-1780","1":"post","2":"type-post","3":"status-publish","4":"format-standard","6":"category-artikuj","7":"category-lajme"},"yoast_head":"<!-- This site is optimized with the Yoast SEO plugin v27.4 - https:\/\/yoast.com\/product\/yoast-seo-wordpress\/ -->\n<title>Intervista q\u00eb p\u00ebrg\u00ebnjeshtron shp\u00ebrthimin nervor t\u00eb Berish\u00ebs kund\u00ebr Ram\u00ebs - FjALA e LIR\u00cb - Arkivi<\/title>\n<meta name=\"robots\" content=\"index, follow, max-snippet:-1, max-image-preview:large, max-video-preview:-1\" \/>\n<link rel=\"canonical\" href=\"https:\/\/fjala.info\/2009-2015\/intervista-qe-pergenjeshtron-shperthimin-nervor-te-berishes-kunder-rames\/\" \/>\n<meta property=\"og:locale\" content=\"sq_AL\" \/>\n<meta property=\"og:type\" content=\"article\" \/>\n<meta property=\"og:title\" content=\"Intervista q\u00eb p\u00ebrg\u00ebnjeshtron shp\u00ebrthimin nervor t\u00eb Berish\u00ebs kund\u00ebr Ram\u00ebs - FjALA e LIR\u00cb - Arkivi\" \/>\n<meta property=\"og:description\" content=\"(AUDIO) TemA, 14 Shkurt 2012 Kryeministri Sali Berisha u shfaq n\u00eb mbr\u00ebmje i shp\u00ebrfytyruar, i skuqur n\u00eb fytyr\u00eb. Fakti q\u00eb opozita doli q\u00eb n\u00eb m\u00ebngjes dhe b\u00ebri rolin e qeveris\u00eb duke b\u00ebr\u00eb nj\u00eb pasqyrim t\u00eb mir\u00eb t\u00eb situat\u00ebs n\u00eb vend dhe lajmet e medias se operacionet e shp\u00ebtimit dhe t\u00eb ndihm\u00ebs jan\u00eb nj\u00eb skandal i [&hellip;]\" \/>\n<meta property=\"og:url\" content=\"https:\/\/fjala.info\/2009-2015\/intervista-qe-pergenjeshtron-shperthimin-nervor-te-berishes-kunder-rames\/\" \/>\n<meta property=\"og:site_name\" content=\"FjALA e LIR\u00cb - Arkivi\" \/>\n<meta property=\"article:published_time\" content=\"2012-02-14T22:02:39+00:00\" \/>\n<meta property=\"og:image\" content=\"http:\/\/www.shkoder.net\/2012\/bora.jpg\" \/>\n<meta name=\"author\" content=\"admin\" \/>\n<meta name=\"twitter:card\" content=\"summary_large_image\" \/>\n<meta name=\"twitter:label1\" content=\"Written by\" \/>\n\t<meta name=\"twitter:data1\" content=\"admin\" \/>\n\t<meta name=\"twitter:label2\" content=\"Est. reading time\" \/>\n\t<meta name=\"twitter:data2\" content=\"3 minutes\" \/>\n<script type=\"application\/ld+json\" class=\"yoast-schema-graph\">{\"@context\":\"https:\\\/\\\/schema.org\",\"@graph\":[{\"@type\":\"Article\",\"@id\":\"https:\\\/\\\/fjala.info\\\/2009-2015\\\/intervista-qe-pergenjeshtron-shperthimin-nervor-te-berishes-kunder-rames\\\/#article\",\"isPartOf\":{\"@id\":\"https:\\\/\\\/fjala.info\\\/2009-2015\\\/intervista-qe-pergenjeshtron-shperthimin-nervor-te-berishes-kunder-rames\\\/\"},\"author\":{\"name\":\"admin\",\"@id\":\"https:\\\/\\\/fjala.info\\\/2009-2015\\\/#\\\/schema\\\/person\\\/3aa1163ef05469c496fc94e77611ada2\"},\"headline\":\"Intervista q\u00eb p\u00ebrg\u00ebnjeshtron shp\u00ebrthimin nervor t\u00eb Berish\u00ebs kund\u00ebr Ram\u00ebs\",\"datePublished\":\"2012-02-14T22:02:39+00:00\",\"mainEntityOfPage\":{\"@id\":\"https:\\\/\\\/fjala.info\\\/2009-2015\\\/intervista-qe-pergenjeshtron-shperthimin-nervor-te-berishes-kunder-rames\\\/\"},\"wordCount\":526,\"commentCount\":0,\"publisher\":{\"@id\":\"https:\\\/\\\/fjala.info\\\/2009-2015\\\/#organization\"},\"image\":{\"@id\":\"https:\\\/\\\/fjala.info\\\/2009-2015\\\/intervista-qe-pergenjeshtron-shperthimin-nervor-te-berishes-kunder-rames\\\/#primaryimage\"},\"thumbnailUrl\":\"http:\\\/\\\/www.shkoder.net\\\/2012\\\/bora.jpg\",\"articleSection\":[\"Artikuj\",\"Lajme\"],\"inLanguage\":\"sq-AL\",\"potentialAction\":[{\"@type\":\"CommentAction\",\"name\":\"Comment\",\"target\":[\"https:\\\/\\\/fjala.info\\\/2009-2015\\\/intervista-qe-pergenjeshtron-shperthimin-nervor-te-berishes-kunder-rames\\\/#respond\"]}]},{\"@type\":\"WebPage\",\"@id\":\"https:\\\/\\\/fjala.info\\\/2009-2015\\\/intervista-qe-pergenjeshtron-shperthimin-nervor-te-berishes-kunder-rames\\\/\",\"url\":\"https:\\\/\\\/fjala.info\\\/2009-2015\\\/intervista-qe-pergenjeshtron-shperthimin-nervor-te-berishes-kunder-rames\\\/\",\"name\":\"Intervista q\u00eb p\u00ebrg\u00ebnjeshtron shp\u00ebrthimin nervor t\u00eb Berish\u00ebs kund\u00ebr Ram\u00ebs - FjALA e LIR\u00cb - Arkivi\",\"isPartOf\":{\"@id\":\"https:\\\/\\\/fjala.info\\\/2009-2015\\\/#website\"},\"primaryImageOfPage\":{\"@id\":\"https:\\\/\\\/fjala.info\\\/2009-2015\\\/intervista-qe-pergenjeshtron-shperthimin-nervor-te-berishes-kunder-rames\\\/#primaryimage\"},\"image\":{\"@id\":\"https:\\\/\\\/fjala.info\\\/2009-2015\\\/intervista-qe-pergenjeshtron-shperthimin-nervor-te-berishes-kunder-rames\\\/#primaryimage\"},\"thumbnailUrl\":\"http:\\\/\\\/www.shkoder.net\\\/2012\\\/bora.jpg\",\"datePublished\":\"2012-02-14T22:02:39+00:00\",\"breadcrumb\":{\"@id\":\"https:\\\/\\\/fjala.info\\\/2009-2015\\\/intervista-qe-pergenjeshtron-shperthimin-nervor-te-berishes-kunder-rames\\\/#breadcrumb\"},\"inLanguage\":\"sq-AL\",\"potentialAction\":[{\"@type\":\"ReadAction\",\"target\":[\"https:\\\/\\\/fjala.info\\\/2009-2015\\\/intervista-qe-pergenjeshtron-shperthimin-nervor-te-berishes-kunder-rames\\\/\"]}]},{\"@type\":\"ImageObject\",\"inLanguage\":\"sq-AL\",\"@id\":\"https:\\\/\\\/fjala.info\\\/2009-2015\\\/intervista-qe-pergenjeshtron-shperthimin-nervor-te-berishes-kunder-rames\\\/#primaryimage\",\"url\":\"http:\\\/\\\/www.shkoder.net\\\/2012\\\/bora.jpg\",\"contentUrl\":\"http:\\\/\\\/www.shkoder.net\\\/2012\\\/bora.jpg\"},{\"@type\":\"BreadcrumbList\",\"@id\":\"https:\\\/\\\/fjala.info\\\/2009-2015\\\/intervista-qe-pergenjeshtron-shperthimin-nervor-te-berishes-kunder-rames\\\/#breadcrumb\",\"itemListElement\":[{\"@type\":\"ListItem\",\"position\":1,\"name\":\"Home\",\"item\":\"https:\\\/\\\/fjala.info\\\/2009-2015\\\/\"},{\"@type\":\"ListItem\",\"position\":2,\"name\":\"Intervista q\u00eb p\u00ebrg\u00ebnjeshtron shp\u00ebrthimin nervor t\u00eb Berish\u00ebs kund\u00ebr Ram\u00ebs\"}]},{\"@type\":\"WebSite\",\"@id\":\"https:\\\/\\\/fjala.info\\\/2009-2015\\\/#website\",\"url\":\"https:\\\/\\\/fjala.info\\\/2009-2015\\\/\",\"name\":\"FjALA e LIR\u00cb - Arkivi\",\"description\":\"Arkivi 2009-2015\",\"publisher\":{\"@id\":\"https:\\\/\\\/fjala.info\\\/2009-2015\\\/#organization\"},\"potentialAction\":[{\"@type\":\"SearchAction\",\"target\":{\"@type\":\"EntryPoint\",\"urlTemplate\":\"https:\\\/\\\/fjala.info\\\/2009-2015\\\/?s={search_term_string}\"},\"query-input\":{\"@type\":\"PropertyValueSpecification\",\"valueRequired\":true,\"valueName\":\"search_term_string\"}}],\"inLanguage\":\"sq-AL\"},{\"@type\":\"Organization\",\"@id\":\"https:\\\/\\\/fjala.info\\\/2009-2015\\\/#organization\",\"name\":\"FjALA e LIR\u00cb - Arkivi\",\"url\":\"https:\\\/\\\/fjala.info\\\/2009-2015\\\/\",\"logo\":{\"@type\":\"ImageObject\",\"inLanguage\":\"sq-AL\",\"@id\":\"https:\\\/\\\/fjala.info\\\/2009-2015\\\/#\\\/schema\\\/logo\\\/image\\\/\",\"url\":\"\",\"contentUrl\":\"\",\"caption\":\"FjALA e LIR\u00cb - Arkivi\"},\"image\":{\"@id\":\"https:\\\/\\\/fjala.info\\\/2009-2015\\\/#\\\/schema\\\/logo\\\/image\\\/\"}},{\"@type\":\"Person\",\"@id\":\"https:\\\/\\\/fjala.info\\\/2009-2015\\\/#\\\/schema\\\/person\\\/3aa1163ef05469c496fc94e77611ada2\",\"name\":\"admin\",\"image\":{\"@type\":\"ImageObject\",\"inLanguage\":\"sq-AL\",\"@id\":\"https:\\\/\\\/fjala.info\\\/2009-2015\\\/wp-content\\\/uploads\\\/2012\\\/02\\\/arben_cokaj-120x150.jpg\",\"url\":\"https:\\\/\\\/fjala.info\\\/2009-2015\\\/wp-content\\\/uploads\\\/2012\\\/02\\\/arben_cokaj-120x150.jpg\",\"contentUrl\":\"https:\\\/\\\/fjala.info\\\/2009-2015\\\/wp-content\\\/uploads\\\/2012\\\/02\\\/arben_cokaj-120x150.jpg\",\"caption\":\"admin\"},\"description\":\"Admin, Fjala e Lir\u00eb\",\"sameAs\":[\"https:\\\/\\\/fjala.info\\\/\"],\"url\":\"https:\\\/\\\/fjala.info\\\/2009-2015\\\/author\\\/admin\\\/\"}]}<\/script>\n<!-- \/ Yoast SEO plugin. -->","yoast_head_json":{"title":"Intervista q\u00eb p\u00ebrg\u00ebnjeshtron shp\u00ebrthimin nervor t\u00eb Berish\u00ebs kund\u00ebr Ram\u00ebs - FjALA e LIR\u00cb - Arkivi","robots":{"index":"index","follow":"follow","max-snippet":"max-snippet:-1","max-image-preview":"max-image-preview:large","max-video-preview":"max-video-preview:-1"},"canonical":"https:\/\/fjala.info\/2009-2015\/intervista-qe-pergenjeshtron-shperthimin-nervor-te-berishes-kunder-rames\/","og_locale":"sq_AL","og_type":"article","og_title":"Intervista q\u00eb p\u00ebrg\u00ebnjeshtron shp\u00ebrthimin nervor t\u00eb Berish\u00ebs kund\u00ebr Ram\u00ebs - FjALA e LIR\u00cb - Arkivi","og_description":"(AUDIO) TemA, 14 Shkurt 2012 Kryeministri Sali Berisha u shfaq n\u00eb mbr\u00ebmje i shp\u00ebrfytyruar, i skuqur n\u00eb fytyr\u00eb. Fakti q\u00eb opozita doli q\u00eb n\u00eb m\u00ebngjes dhe b\u00ebri rolin e qeveris\u00eb duke b\u00ebr\u00eb nj\u00eb pasqyrim t\u00eb mir\u00eb t\u00eb situat\u00ebs n\u00eb vend dhe lajmet e medias se operacionet e shp\u00ebtimit dhe t\u00eb ndihm\u00ebs jan\u00eb nj\u00eb skandal i [&hellip;]","og_url":"https:\/\/fjala.info\/2009-2015\/intervista-qe-pergenjeshtron-shperthimin-nervor-te-berishes-kunder-rames\/","og_site_name":"FjALA e LIR\u00cb - Arkivi","article_published_time":"2012-02-14T22:02:39+00:00","og_image":[{"url":"http:\/\/www.shkoder.net\/2012\/bora.jpg","type":"","width":"","height":""}],"author":"admin","twitter_card":"summary_large_image","twitter_misc":{"Written by":"admin","Est. reading time":"3 minutes"},"schema":{"@context":"https:\/\/schema.org","@graph":[{"@type":"Article","@id":"https:\/\/fjala.info\/2009-2015\/intervista-qe-pergenjeshtron-shperthimin-nervor-te-berishes-kunder-rames\/#article","isPartOf":{"@id":"https:\/\/fjala.info\/2009-2015\/intervista-qe-pergenjeshtron-shperthimin-nervor-te-berishes-kunder-rames\/"},"author":{"name":"admin","@id":"https:\/\/fjala.info\/2009-2015\/#\/schema\/person\/3aa1163ef05469c496fc94e77611ada2"},"headline":"Intervista q\u00eb p\u00ebrg\u00ebnjeshtron shp\u00ebrthimin nervor t\u00eb Berish\u00ebs kund\u00ebr Ram\u00ebs","datePublished":"2012-02-14T22:02:39+00:00","mainEntityOfPage":{"@id":"https:\/\/fjala.info\/2009-2015\/intervista-qe-pergenjeshtron-shperthimin-nervor-te-berishes-kunder-rames\/"},"wordCount":526,"commentCount":0,"publisher":{"@id":"https:\/\/fjala.info\/2009-2015\/#organization"},"image":{"@id":"https:\/\/fjala.info\/2009-2015\/intervista-qe-pergenjeshtron-shperthimin-nervor-te-berishes-kunder-rames\/#primaryimage"},"thumbnailUrl":"http:\/\/www.shkoder.net\/2012\/bora.jpg","articleSection":["Artikuj","Lajme"],"inLanguage":"sq-AL","potentialAction":[{"@type":"CommentAction","name":"Comment","target":["https:\/\/fjala.info\/2009-2015\/intervista-qe-pergenjeshtron-shperthimin-nervor-te-berishes-kunder-rames\/#respond"]}]},{"@type":"WebPage","@id":"https:\/\/fjala.info\/2009-2015\/intervista-qe-pergenjeshtron-shperthimin-nervor-te-berishes-kunder-rames\/","url":"https:\/\/fjala.info\/2009-2015\/intervista-qe-pergenjeshtron-shperthimin-nervor-te-berishes-kunder-rames\/","name":"Intervista q\u00eb p\u00ebrg\u00ebnjeshtron shp\u00ebrthimin nervor t\u00eb Berish\u00ebs kund\u00ebr Ram\u00ebs - FjALA e LIR\u00cb - Arkivi","isPartOf":{"@id":"https:\/\/fjala.info\/2009-2015\/#website"},"primaryImageOfPage":{"@id":"https:\/\/fjala.info\/2009-2015\/intervista-qe-pergenjeshtron-shperthimin-nervor-te-berishes-kunder-rames\/#primaryimage"},"image":{"@id":"https:\/\/fjala.info\/2009-2015\/intervista-qe-pergenjeshtron-shperthimin-nervor-te-berishes-kunder-rames\/#primaryimage"},"thumbnailUrl":"http:\/\/www.shkoder.net\/2012\/bora.jpg","datePublished":"2012-02-14T22:02:39+00:00","breadcrumb":{"@id":"https:\/\/fjala.info\/2009-2015\/intervista-qe-pergenjeshtron-shperthimin-nervor-te-berishes-kunder-rames\/#breadcrumb"},"inLanguage":"sq-AL","potentialAction":[{"@type":"ReadAction","target":["https:\/\/fjala.info\/2009-2015\/intervista-qe-pergenjeshtron-shperthimin-nervor-te-berishes-kunder-rames\/"]}]},{"@type":"ImageObject","inLanguage":"sq-AL","@id":"https:\/\/fjala.info\/2009-2015\/intervista-qe-pergenjeshtron-shperthimin-nervor-te-berishes-kunder-rames\/#primaryimage","url":"http:\/\/www.shkoder.net\/2012\/bora.jpg","contentUrl":"http:\/\/www.shkoder.net\/2012\/bora.jpg"},{"@type":"BreadcrumbList","@id":"https:\/\/fjala.info\/2009-2015\/intervista-qe-pergenjeshtron-shperthimin-nervor-te-berishes-kunder-rames\/#breadcrumb","itemListElement":[{"@type":"ListItem","position":1,"name":"Home","item":"https:\/\/fjala.info\/2009-2015\/"},{"@type":"ListItem","position":2,"name":"Intervista q\u00eb p\u00ebrg\u00ebnjeshtron shp\u00ebrthimin nervor t\u00eb Berish\u00ebs kund\u00ebr Ram\u00ebs"}]},{"@type":"WebSite","@id":"https:\/\/fjala.info\/2009-2015\/#website","url":"https:\/\/fjala.info\/2009-2015\/","name":"FjALA e LIR\u00cb - Arkivi","description":"Arkivi 2009-2015","publisher":{"@id":"https:\/\/fjala.info\/2009-2015\/#organization"},"potentialAction":[{"@type":"SearchAction","target":{"@type":"EntryPoint","urlTemplate":"https:\/\/fjala.info\/2009-2015\/?s={search_term_string}"},"query-input":{"@type":"PropertyValueSpecification","valueRequired":true,"valueName":"search_term_string"}}],"inLanguage":"sq-AL"},{"@type":"Organization","@id":"https:\/\/fjala.info\/2009-2015\/#organization","name":"FjALA e LIR\u00cb - Arkivi","url":"https:\/\/fjala.info\/2009-2015\/","logo":{"@type":"ImageObject","inLanguage":"sq-AL","@id":"https:\/\/fjala.info\/2009-2015\/#\/schema\/logo\/image\/","url":"","contentUrl":"","caption":"FjALA e LIR\u00cb - Arkivi"},"image":{"@id":"https:\/\/fjala.info\/2009-2015\/#\/schema\/logo\/image\/"}},{"@type":"Person","@id":"https:\/\/fjala.info\/2009-2015\/#\/schema\/person\/3aa1163ef05469c496fc94e77611ada2","name":"admin","image":{"@type":"ImageObject","inLanguage":"sq-AL","@id":"https:\/\/fjala.info\/2009-2015\/wp-content\/uploads\/2012\/02\/arben_cokaj-120x150.jpg","url":"https:\/\/fjala.info\/2009-2015\/wp-content\/uploads\/2012\/02\/arben_cokaj-120x150.jpg","contentUrl":"https:\/\/fjala.info\/2009-2015\/wp-content\/uploads\/2012\/02\/arben_cokaj-120x150.jpg","caption":"admin"},"description":"Admin, Fjala e Lir\u00eb","sameAs":["https:\/\/fjala.info\/"],"url":"https:\/\/fjala.info\/2009-2015\/author\/admin\/"}]}},"_links":{"self":[{"href":"https:\/\/fjala.info\/2009-2015\/wp-json\/wp\/v2\/posts\/1780","targetHints":{"allow":["GET"]}}],"collection":[{"href":"https:\/\/fjala.info\/2009-2015\/wp-json\/wp\/v2\/posts"}],"about":[{"href":"https:\/\/fjala.info\/2009-2015\/wp-json\/wp\/v2\/types\/post"}],"author":[{"embeddable":true,"href":"https:\/\/fjala.info\/2009-2015\/wp-json\/wp\/v2\/users\/1"}],"replies":[{"embeddable":true,"href":"https:\/\/fjala.info\/2009-2015\/wp-json\/wp\/v2\/comments?post=1780"}],"version-history":[{"count":0,"href":"https:\/\/fjala.info\/2009-2015\/wp-json\/wp\/v2\/posts\/1780\/revisions"}],"wp:attachment":[{"href":"https:\/\/fjala.info\/2009-2015\/wp-json\/wp\/v2\/media?parent=1780"}],"wp:term":[{"taxonomy":"category","embeddable":true,"href":"https:\/\/fjala.info\/2009-2015\/wp-json\/wp\/v2\/categories?post=1780"},{"taxonomy":"post_tag","embeddable":true,"href":"https:\/\/fjala.info\/2009-2015\/wp-json\/wp\/v2\/tags?post=1780"}],"curies":[{"name":"wp","href":"https:\/\/api.w.org\/{rel}","templated":true}]}}