{"id":1778,"date":"2012-02-14T22:57:51","date_gmt":"2012-02-14T21:57:51","guid":{"rendered":"http:\/\/fjala.shkoder.net\/?p=1778"},"modified":"2012-02-14T22:57:51","modified_gmt":"2012-02-14T21:57:51","slug":"kush-i-koordinon-keto-operacione","status":"publish","type":"post","link":"https:\/\/fjala.info\/2009-2015\/kush-i-koordinon-keto-operacione\/","title":{"rendered":"Kush i koordinon k\u00ebto operacione?!"},"content":{"rendered":"<p><img decoding=\"async\" class=\"alignleft size-thumbnail wp-image-7236\" title=\"Helikopter me ndihma\" src=\"http:\/\/www.shkoder.net\/2012\/helikopter_ndihma.jpg\" alt=\"\" width=\"300\" \/> (<em>VIDEO<\/em>)<\/p>\n<p><strong>TemA<\/strong>, <em>14 Shkurt 2012<\/em><\/p>\n<p>Rrumpall\u00eb me operacionet e d\u00ebrgimit t\u00eb ndihmave nga ajri. Helikopter\u00ebt shkojn\u00eb p\u00ebr t\u00eb dor\u00ebzuar ndihmat, por askush nuk i pret<\/p>\n<p>N\u00eb nj\u00eb koh\u00eb me diell, pas nj\u00eb jave t\u00eb t\u00ebr\u00eb gri, helikopter\u00ebt ishin gati t\u00eb nisnin menj\u00ebher\u00eb operacionet p\u00ebr d\u00ebrgimin e ndihmave ushqimore n\u00eb zonat e izoluara.<\/p>\n<p>Por pilot\u00ebt e Regjimentit t\u00eb Fark\u00ebs q\u00eb kishin b\u00ebr\u00eb gati helikopter\u00ebt q\u00eb n\u00eb m\u00ebngjes prit\u00ebn mbi tre or\u00eb mb\u00ebrritjen e kamion\u00ebve me pakot me ushqime nga rezervat e shtetit.<\/p>\n<p>Destinacioni i nj\u00eb prej helikopter\u00ebve \u00ebsht\u00eb stadiumi i qytetit t\u00eb Puk\u00ebs, nj\u00eb zon\u00eb kjo q\u00eb ka nevoja emergjente p\u00ebr ushqime.<\/p>\n<p>Pas fluturimit mbi dhjet\u00ebra fshatra t\u00eb izoluar, helikopteri mb\u00ebrriti n\u00eb Puk\u00eb, por n\u00eb vendin ku duhej t\u00eb kryhej shkarkimi nuk ishte askush. As zyrtar\u00eb lokal\u00eb e as qytetar\u00eb. Pilotet i shkarkuan pakot me ushqime, nd\u00ebrsa helikopteri duhet t\u00eb q\u00ebndronte pezull pasi rrezikonte t\u00eb mbetej n\u00eb d\u00ebbor\u00eb.<\/p>\n<p>Pasi u shkarkuan, pilot\u00ebt u detyruan t\u2019i ringarkonin serish pakot me ushqime, duke u ngritur edhe nj\u00ebher\u00eb n\u00eb fluturim. Por pas pes\u00eb minutave n\u00eb qiell, pilot\u00ebt u urdh\u00ebruan t\u00eb rikthehen s\u00ebrish n\u00eb stadium. Dhe ishin s\u00ebrish pilotet q\u00eb i shkarkuan ndihmat ushqimore.<\/p>\n<p>T\u00eb nj\u00ebjtin fat kishte patur edhe nj\u00eb tjet\u00ebr ekuipazh, i cili priti edhe mbi 20 minuta n\u00eb aj\u00ebr q\u00eb dikush t\u00eb merrte pakot me ushqime q\u00eb u shkarkuan. Madje piloti kryesor i helikopterit, pasi shkarkimit t\u00eb ndihmave zbriti vet\u00eb p\u00ebr t\u00eb lajm\u00ebruar autoritetet lokale apo \u00e7dok\u00ebnd q\u00eb mund te shikonte, se ne Puke mb\u00ebrrit\u00ebn d\u00ebrgesat e ushqimeve.<\/p>\n<p>Pilotet u larguan nga stadiumi duke i l\u00ebn\u00eb pakot me ushqime n\u00eb fush\u00ebn e bardh\u00eb, me shpres\u00ebn se autoritetet lokale do t\u2019i marrin para se t\u2019i mbuloj\u00eb d\u00ebbora. \/TCH<\/p>\n<p><iframe loading=\"lazy\" src=\"http:\/\/www.youtube.com\/embed\/x6W-C7p5H5U?fs=1&amp;feature=oembed\" frameborder=\"0\" width=\"500\" height=\"375\"><\/iframe><\/p>\n","protected":false},"excerpt":{"rendered":"<p>(VIDEO) TemA, 14 Shkurt 2012 Rrumpall\u00eb me operacionet e d\u00ebrgimit t\u00eb ndihmave nga ajri. Helikopter\u00ebt shkojn\u00eb p\u00ebr t\u00eb dor\u00ebzuar ndihmat, por askush nuk i pret N\u00eb nj\u00eb koh\u00eb me diell, pas nj\u00eb jave t\u00eb t\u00ebr\u00eb gri, helikopter\u00ebt ishin gati t\u00eb nisnin menj\u00ebher\u00eb operacionet p\u00ebr d\u00ebrgimin e ndihmave ushqimore n\u00eb zonat e izoluara. Por pilot\u00ebt e [&hellip;]<\/p>\n","protected":false},"author":1,"featured_media":0,"comment_status":"open","ping_status":"closed","sticky":false,"template":"","format":"standard","meta":{"footnotes":""},"categories":[2],"tags":[],"class_list":{"0":"post-1778","1":"post","2":"type-post","3":"status-publish","4":"format-standard","6":"category-artikuj"},"yoast_head":"<!-- This site is optimized with the Yoast SEO plugin v27.4 - https:\/\/yoast.com\/product\/yoast-seo-wordpress\/ -->\n<title>Kush i koordinon k\u00ebto operacione?! - FjALA e LIR\u00cb - Arkivi<\/title>\n<meta name=\"robots\" content=\"index, follow, max-snippet:-1, max-image-preview:large, max-video-preview:-1\" \/>\n<link rel=\"canonical\" href=\"https:\/\/fjala.info\/2009-2015\/kush-i-koordinon-keto-operacione\/\" \/>\n<meta property=\"og:locale\" content=\"sq_AL\" \/>\n<meta property=\"og:type\" content=\"article\" \/>\n<meta property=\"og:title\" content=\"Kush i koordinon k\u00ebto operacione?! - FjALA e LIR\u00cb - Arkivi\" \/>\n<meta property=\"og:description\" content=\"(VIDEO) TemA, 14 Shkurt 2012 Rrumpall\u00eb me operacionet e d\u00ebrgimit t\u00eb ndihmave nga ajri. Helikopter\u00ebt shkojn\u00eb p\u00ebr t\u00eb dor\u00ebzuar ndihmat, por askush nuk i pret N\u00eb nj\u00eb koh\u00eb me diell, pas nj\u00eb jave t\u00eb t\u00ebr\u00eb gri, helikopter\u00ebt ishin gati t\u00eb nisnin menj\u00ebher\u00eb operacionet p\u00ebr d\u00ebrgimin e ndihmave ushqimore n\u00eb zonat e izoluara. Por pilot\u00ebt e [&hellip;]\" \/>\n<meta property=\"og:url\" content=\"https:\/\/fjala.info\/2009-2015\/kush-i-koordinon-keto-operacione\/\" \/>\n<meta property=\"og:site_name\" content=\"FjALA e LIR\u00cb - Arkivi\" \/>\n<meta property=\"article:published_time\" content=\"2012-02-14T21:57:51+00:00\" \/>\n<meta property=\"og:image\" content=\"http:\/\/www.shkoder.net\/2012\/helikopter_ndihma.jpg\" \/>\n<meta name=\"author\" content=\"admin\" \/>\n<meta name=\"twitter:card\" content=\"summary_large_image\" \/>\n<meta name=\"twitter:label1\" content=\"Written by\" \/>\n\t<meta name=\"twitter:data1\" content=\"admin\" \/>\n\t<meta name=\"twitter:label2\" content=\"Est. reading time\" \/>\n\t<meta name=\"twitter:data2\" content=\"2 minutes\" \/>\n<script type=\"application\/ld+json\" class=\"yoast-schema-graph\">{\"@context\":\"https:\\\/\\\/schema.org\",\"@graph\":[{\"@type\":\"Article\",\"@id\":\"https:\\\/\\\/fjala.info\\\/2009-2015\\\/kush-i-koordinon-keto-operacione\\\/#article\",\"isPartOf\":{\"@id\":\"https:\\\/\\\/fjala.info\\\/2009-2015\\\/kush-i-koordinon-keto-operacione\\\/\"},\"author\":{\"name\":\"admin\",\"@id\":\"https:\\\/\\\/fjala.info\\\/2009-2015\\\/#\\\/schema\\\/person\\\/3aa1163ef05469c496fc94e77611ada2\"},\"headline\":\"Kush i koordinon k\u00ebto operacione?!\",\"datePublished\":\"2012-02-14T21:57:51+00:00\",\"mainEntityOfPage\":{\"@id\":\"https:\\\/\\\/fjala.info\\\/2009-2015\\\/kush-i-koordinon-keto-operacione\\\/\"},\"wordCount\":325,\"commentCount\":0,\"publisher\":{\"@id\":\"https:\\\/\\\/fjala.info\\\/2009-2015\\\/#organization\"},\"image\":{\"@id\":\"https:\\\/\\\/fjala.info\\\/2009-2015\\\/kush-i-koordinon-keto-operacione\\\/#primaryimage\"},\"thumbnailUrl\":\"http:\\\/\\\/www.shkoder.net\\\/2012\\\/helikopter_ndihma.jpg\",\"articleSection\":[\"Artikuj\"],\"inLanguage\":\"sq-AL\",\"potentialAction\":[{\"@type\":\"CommentAction\",\"name\":\"Comment\",\"target\":[\"https:\\\/\\\/fjala.info\\\/2009-2015\\\/kush-i-koordinon-keto-operacione\\\/#respond\"]}]},{\"@type\":\"WebPage\",\"@id\":\"https:\\\/\\\/fjala.info\\\/2009-2015\\\/kush-i-koordinon-keto-operacione\\\/\",\"url\":\"https:\\\/\\\/fjala.info\\\/2009-2015\\\/kush-i-koordinon-keto-operacione\\\/\",\"name\":\"Kush i koordinon k\u00ebto operacione?! - FjALA e LIR\u00cb - Arkivi\",\"isPartOf\":{\"@id\":\"https:\\\/\\\/fjala.info\\\/2009-2015\\\/#website\"},\"primaryImageOfPage\":{\"@id\":\"https:\\\/\\\/fjala.info\\\/2009-2015\\\/kush-i-koordinon-keto-operacione\\\/#primaryimage\"},\"image\":{\"@id\":\"https:\\\/\\\/fjala.info\\\/2009-2015\\\/kush-i-koordinon-keto-operacione\\\/#primaryimage\"},\"thumbnailUrl\":\"http:\\\/\\\/www.shkoder.net\\\/2012\\\/helikopter_ndihma.jpg\",\"datePublished\":\"2012-02-14T21:57:51+00:00\",\"breadcrumb\":{\"@id\":\"https:\\\/\\\/fjala.info\\\/2009-2015\\\/kush-i-koordinon-keto-operacione\\\/#breadcrumb\"},\"inLanguage\":\"sq-AL\",\"potentialAction\":[{\"@type\":\"ReadAction\",\"target\":[\"https:\\\/\\\/fjala.info\\\/2009-2015\\\/kush-i-koordinon-keto-operacione\\\/\"]}]},{\"@type\":\"ImageObject\",\"inLanguage\":\"sq-AL\",\"@id\":\"https:\\\/\\\/fjala.info\\\/2009-2015\\\/kush-i-koordinon-keto-operacione\\\/#primaryimage\",\"url\":\"http:\\\/\\\/www.shkoder.net\\\/2012\\\/helikopter_ndihma.jpg\",\"contentUrl\":\"http:\\\/\\\/www.shkoder.net\\\/2012\\\/helikopter_ndihma.jpg\"},{\"@type\":\"BreadcrumbList\",\"@id\":\"https:\\\/\\\/fjala.info\\\/2009-2015\\\/kush-i-koordinon-keto-operacione\\\/#breadcrumb\",\"itemListElement\":[{\"@type\":\"ListItem\",\"position\":1,\"name\":\"Home\",\"item\":\"https:\\\/\\\/fjala.info\\\/2009-2015\\\/\"},{\"@type\":\"ListItem\",\"position\":2,\"name\":\"Kush i koordinon k\u00ebto operacione?!\"}]},{\"@type\":\"WebSite\",\"@id\":\"https:\\\/\\\/fjala.info\\\/2009-2015\\\/#website\",\"url\":\"https:\\\/\\\/fjala.info\\\/2009-2015\\\/\",\"name\":\"FjALA e LIR\u00cb - Arkivi\",\"description\":\"Arkivi 2009-2015\",\"publisher\":{\"@id\":\"https:\\\/\\\/fjala.info\\\/2009-2015\\\/#organization\"},\"potentialAction\":[{\"@type\":\"SearchAction\",\"target\":{\"@type\":\"EntryPoint\",\"urlTemplate\":\"https:\\\/\\\/fjala.info\\\/2009-2015\\\/?s={search_term_string}\"},\"query-input\":{\"@type\":\"PropertyValueSpecification\",\"valueRequired\":true,\"valueName\":\"search_term_string\"}}],\"inLanguage\":\"sq-AL\"},{\"@type\":\"Organization\",\"@id\":\"https:\\\/\\\/fjala.info\\\/2009-2015\\\/#organization\",\"name\":\"FjALA e LIR\u00cb - Arkivi\",\"url\":\"https:\\\/\\\/fjala.info\\\/2009-2015\\\/\",\"logo\":{\"@type\":\"ImageObject\",\"inLanguage\":\"sq-AL\",\"@id\":\"https:\\\/\\\/fjala.info\\\/2009-2015\\\/#\\\/schema\\\/logo\\\/image\\\/\",\"url\":\"\",\"contentUrl\":\"\",\"caption\":\"FjALA e LIR\u00cb - Arkivi\"},\"image\":{\"@id\":\"https:\\\/\\\/fjala.info\\\/2009-2015\\\/#\\\/schema\\\/logo\\\/image\\\/\"}},{\"@type\":\"Person\",\"@id\":\"https:\\\/\\\/fjala.info\\\/2009-2015\\\/#\\\/schema\\\/person\\\/3aa1163ef05469c496fc94e77611ada2\",\"name\":\"admin\",\"image\":{\"@type\":\"ImageObject\",\"inLanguage\":\"sq-AL\",\"@id\":\"https:\\\/\\\/fjala.info\\\/2009-2015\\\/wp-content\\\/uploads\\\/2012\\\/02\\\/arben_cokaj-120x150.jpg\",\"url\":\"https:\\\/\\\/fjala.info\\\/2009-2015\\\/wp-content\\\/uploads\\\/2012\\\/02\\\/arben_cokaj-120x150.jpg\",\"contentUrl\":\"https:\\\/\\\/fjala.info\\\/2009-2015\\\/wp-content\\\/uploads\\\/2012\\\/02\\\/arben_cokaj-120x150.jpg\",\"caption\":\"admin\"},\"description\":\"Admin, Fjala e Lir\u00eb\",\"sameAs\":[\"https:\\\/\\\/fjala.info\\\/\"],\"url\":\"https:\\\/\\\/fjala.info\\\/2009-2015\\\/author\\\/admin\\\/\"}]}<\/script>\n<!-- \/ Yoast SEO plugin. -->","yoast_head_json":{"title":"Kush i koordinon k\u00ebto operacione?! - FjALA e LIR\u00cb - Arkivi","robots":{"index":"index","follow":"follow","max-snippet":"max-snippet:-1","max-image-preview":"max-image-preview:large","max-video-preview":"max-video-preview:-1"},"canonical":"https:\/\/fjala.info\/2009-2015\/kush-i-koordinon-keto-operacione\/","og_locale":"sq_AL","og_type":"article","og_title":"Kush i koordinon k\u00ebto operacione?! - FjALA e LIR\u00cb - Arkivi","og_description":"(VIDEO) TemA, 14 Shkurt 2012 Rrumpall\u00eb me operacionet e d\u00ebrgimit t\u00eb ndihmave nga ajri. Helikopter\u00ebt shkojn\u00eb p\u00ebr t\u00eb dor\u00ebzuar ndihmat, por askush nuk i pret N\u00eb nj\u00eb koh\u00eb me diell, pas nj\u00eb jave t\u00eb t\u00ebr\u00eb gri, helikopter\u00ebt ishin gati t\u00eb nisnin menj\u00ebher\u00eb operacionet p\u00ebr d\u00ebrgimin e ndihmave ushqimore n\u00eb zonat e izoluara. Por pilot\u00ebt e [&hellip;]","og_url":"https:\/\/fjala.info\/2009-2015\/kush-i-koordinon-keto-operacione\/","og_site_name":"FjALA e LIR\u00cb - Arkivi","article_published_time":"2012-02-14T21:57:51+00:00","og_image":[{"url":"http:\/\/www.shkoder.net\/2012\/helikopter_ndihma.jpg","type":"","width":"","height":""}],"author":"admin","twitter_card":"summary_large_image","twitter_misc":{"Written by":"admin","Est. reading time":"2 minutes"},"schema":{"@context":"https:\/\/schema.org","@graph":[{"@type":"Article","@id":"https:\/\/fjala.info\/2009-2015\/kush-i-koordinon-keto-operacione\/#article","isPartOf":{"@id":"https:\/\/fjala.info\/2009-2015\/kush-i-koordinon-keto-operacione\/"},"author":{"name":"admin","@id":"https:\/\/fjala.info\/2009-2015\/#\/schema\/person\/3aa1163ef05469c496fc94e77611ada2"},"headline":"Kush i koordinon k\u00ebto operacione?!","datePublished":"2012-02-14T21:57:51+00:00","mainEntityOfPage":{"@id":"https:\/\/fjala.info\/2009-2015\/kush-i-koordinon-keto-operacione\/"},"wordCount":325,"commentCount":0,"publisher":{"@id":"https:\/\/fjala.info\/2009-2015\/#organization"},"image":{"@id":"https:\/\/fjala.info\/2009-2015\/kush-i-koordinon-keto-operacione\/#primaryimage"},"thumbnailUrl":"http:\/\/www.shkoder.net\/2012\/helikopter_ndihma.jpg","articleSection":["Artikuj"],"inLanguage":"sq-AL","potentialAction":[{"@type":"CommentAction","name":"Comment","target":["https:\/\/fjala.info\/2009-2015\/kush-i-koordinon-keto-operacione\/#respond"]}]},{"@type":"WebPage","@id":"https:\/\/fjala.info\/2009-2015\/kush-i-koordinon-keto-operacione\/","url":"https:\/\/fjala.info\/2009-2015\/kush-i-koordinon-keto-operacione\/","name":"Kush i koordinon k\u00ebto operacione?! - FjALA e LIR\u00cb - Arkivi","isPartOf":{"@id":"https:\/\/fjala.info\/2009-2015\/#website"},"primaryImageOfPage":{"@id":"https:\/\/fjala.info\/2009-2015\/kush-i-koordinon-keto-operacione\/#primaryimage"},"image":{"@id":"https:\/\/fjala.info\/2009-2015\/kush-i-koordinon-keto-operacione\/#primaryimage"},"thumbnailUrl":"http:\/\/www.shkoder.net\/2012\/helikopter_ndihma.jpg","datePublished":"2012-02-14T21:57:51+00:00","breadcrumb":{"@id":"https:\/\/fjala.info\/2009-2015\/kush-i-koordinon-keto-operacione\/#breadcrumb"},"inLanguage":"sq-AL","potentialAction":[{"@type":"ReadAction","target":["https:\/\/fjala.info\/2009-2015\/kush-i-koordinon-keto-operacione\/"]}]},{"@type":"ImageObject","inLanguage":"sq-AL","@id":"https:\/\/fjala.info\/2009-2015\/kush-i-koordinon-keto-operacione\/#primaryimage","url":"http:\/\/www.shkoder.net\/2012\/helikopter_ndihma.jpg","contentUrl":"http:\/\/www.shkoder.net\/2012\/helikopter_ndihma.jpg"},{"@type":"BreadcrumbList","@id":"https:\/\/fjala.info\/2009-2015\/kush-i-koordinon-keto-operacione\/#breadcrumb","itemListElement":[{"@type":"ListItem","position":1,"name":"Home","item":"https:\/\/fjala.info\/2009-2015\/"},{"@type":"ListItem","position":2,"name":"Kush i koordinon k\u00ebto operacione?!"}]},{"@type":"WebSite","@id":"https:\/\/fjala.info\/2009-2015\/#website","url":"https:\/\/fjala.info\/2009-2015\/","name":"FjALA e LIR\u00cb - Arkivi","description":"Arkivi 2009-2015","publisher":{"@id":"https:\/\/fjala.info\/2009-2015\/#organization"},"potentialAction":[{"@type":"SearchAction","target":{"@type":"EntryPoint","urlTemplate":"https:\/\/fjala.info\/2009-2015\/?s={search_term_string}"},"query-input":{"@type":"PropertyValueSpecification","valueRequired":true,"valueName":"search_term_string"}}],"inLanguage":"sq-AL"},{"@type":"Organization","@id":"https:\/\/fjala.info\/2009-2015\/#organization","name":"FjALA e LIR\u00cb - Arkivi","url":"https:\/\/fjala.info\/2009-2015\/","logo":{"@type":"ImageObject","inLanguage":"sq-AL","@id":"https:\/\/fjala.info\/2009-2015\/#\/schema\/logo\/image\/","url":"","contentUrl":"","caption":"FjALA e LIR\u00cb - Arkivi"},"image":{"@id":"https:\/\/fjala.info\/2009-2015\/#\/schema\/logo\/image\/"}},{"@type":"Person","@id":"https:\/\/fjala.info\/2009-2015\/#\/schema\/person\/3aa1163ef05469c496fc94e77611ada2","name":"admin","image":{"@type":"ImageObject","inLanguage":"sq-AL","@id":"https:\/\/fjala.info\/2009-2015\/wp-content\/uploads\/2012\/02\/arben_cokaj-120x150.jpg","url":"https:\/\/fjala.info\/2009-2015\/wp-content\/uploads\/2012\/02\/arben_cokaj-120x150.jpg","contentUrl":"https:\/\/fjala.info\/2009-2015\/wp-content\/uploads\/2012\/02\/arben_cokaj-120x150.jpg","caption":"admin"},"description":"Admin, Fjala e Lir\u00eb","sameAs":["https:\/\/fjala.info\/"],"url":"https:\/\/fjala.info\/2009-2015\/author\/admin\/"}]}},"_links":{"self":[{"href":"https:\/\/fjala.info\/2009-2015\/wp-json\/wp\/v2\/posts\/1778","targetHints":{"allow":["GET"]}}],"collection":[{"href":"https:\/\/fjala.info\/2009-2015\/wp-json\/wp\/v2\/posts"}],"about":[{"href":"https:\/\/fjala.info\/2009-2015\/wp-json\/wp\/v2\/types\/post"}],"author":[{"embeddable":true,"href":"https:\/\/fjala.info\/2009-2015\/wp-json\/wp\/v2\/users\/1"}],"replies":[{"embeddable":true,"href":"https:\/\/fjala.info\/2009-2015\/wp-json\/wp\/v2\/comments?post=1778"}],"version-history":[{"count":0,"href":"https:\/\/fjala.info\/2009-2015\/wp-json\/wp\/v2\/posts\/1778\/revisions"}],"wp:attachment":[{"href":"https:\/\/fjala.info\/2009-2015\/wp-json\/wp\/v2\/media?parent=1778"}],"wp:term":[{"taxonomy":"category","embeddable":true,"href":"https:\/\/fjala.info\/2009-2015\/wp-json\/wp\/v2\/categories?post=1778"},{"taxonomy":"post_tag","embeddable":true,"href":"https:\/\/fjala.info\/2009-2015\/wp-json\/wp\/v2\/tags?post=1778"}],"curies":[{"name":"wp","href":"https:\/\/api.w.org\/{rel}","templated":true}]}}