{"id":1764,"date":"2012-02-13T23:24:01","date_gmt":"2012-02-13T22:24:01","guid":{"rendered":"http:\/\/fjala.shkoder.net\/?p=1764"},"modified":"2012-02-13T23:24:01","modified_gmt":"2012-02-13T22:24:01","slug":"nese-historia-ndryshon-gjithmone-padron-iii","status":"publish","type":"post","link":"https:\/\/fjala.info\/2009-2015\/nese-historia-ndryshon-gjithmone-padron-iii\/","title":{"rendered":"N\u00ebse historia ndryshon gjithmon\u00eb padron ( III )"},"content":{"rendered":"<p><img decoding=\"async\" class=\"alignright size-thumbnail wp-image-7236\" title=\"Arjan Th. Kall\u00e7o\" src=\"http:\/\/www.shkoder.net\/images\/fjala\/2011\/arjan_kallco.jpg\" alt=\"\" width=\"150\" \/> <strong>Arjan Th. Kall\u00e7o<\/strong> dhe akademiku <strong>Emlio Benvenuto<\/strong><\/p>\n<p>N\u00eb k\u00ebto rrethana nuk duhet t\u00eb \u00e7uditemi p\u00ebrse emri i saj u propozua si nj\u00eb mbret\u00ebresh\u00eb e mundshme. Barnesi dhe Williamsi shoq\u00ebroheshin shum\u00eb bashk\u00eb, pasi n\u00eb Tiran\u00eb kishte shum\u00eb pak anglez\u00eb, si n\u00eb k\u00ebshtjell\u00ebn e Petrel\u00ebs, ashtu edhe n\u00eb ndonj\u00eb lokalitet t\u00eb bukur, aq sa u p\u00ebrhap z\u00ebri i nj\u00eb lidhje mes tyre apo deri edhe t\u00eb fejuar. Paris\u00eb shqiptare kjo histori edhe disi e sajuar dhe e forcuar, dukej se ia k\u00ebnaqte d\u00ebshirat e veta p\u00ebr nj\u00eb zgjidhje alla angleze t\u00eb \u00e7\u00ebshtjes. Filluan t\u00eb l\u00ebvizin t\u00eb 4 t\u00eb urt\u00ebt q\u00eb kjo lidhje t\u00eb ligj\u00ebrohej dhe t\u2019i shkohej deri n\u00eb fund ides\u00eb s\u00eb nisur, pasi \u00e7asti e k\u00ebrkonte nj\u00eb mbret n\u00eb front \u00eb kuror\u00ebzuar. I pari q\u00eb hodhi hapin drejt ligj\u00ebrimit t\u00eb lidhjes ishte p\u00ebrfaq\u00ebsuesi i ortodoks\u00ebve, Turtulis, i cili i k\u00ebrkoi takim Barnesit p\u00ebr nj\u00eb propozim t\u00eb r\u00ebnd\u00ebsish\u00ebm.<\/p>\n<p>Mendohet se propozimi gati i miratuar nga 3 prej 4 Drejtuesve t\u00eb K\u00ebshillit ishte nj\u00eb rast i mir\u00eb dhe po t\u00eb ishte martuar me Pegin, do t\u00eb kishte q\u00ebn\u00eb nj\u00eb ngjarje me fat p\u00ebr Shqip\u00ebrin\u00eb dhe lidhja e tyre mund ta kishte zgjidhur problemin insitucional. Por nga ana tjet\u00ebr Barnesi, duke q\u00ebn\u00eb katolik, mund t\u00eb mb\u00ebshtetej edhe tek vota e peshkopit Bum\u00e7i dhe e Ahid Pash\u00eb Elbasanit, bektashi dhe q\u00eb ishte kryetar i K\u00ebshillit dhe mik i Pegit. Edhe p\u00ebrfaq\u00ebsuesi katolik u mundua q\u00eb ta mb\u00ebshteste k\u00ebmb\u00ebnguljen e Turtulisit dhe u premtoi se do t\u2019i kuror\u00ebzonte n\u00eb katedralen e Shkodr\u00ebs. Vet\u00eb Pegi n\u00eb shaka e sip\u00ebr propozoi si kumbar Bajram Currin, udh\u00ebheq\u00ebsin e kryengritjeve dhe muhamendan.<\/p>\n<p>Bajram Curri i informuar p\u00ebr k\u00ebt\u00eb histori, tha se do t\u00eb vinte personalisht me nja 100 burra n\u00eb ceremoni. Barnesi n\u00eb rr\u00ebfimet e tij e pranoi se u josh nga kjo ide, por lind pyetja, a do t\u00eb martoheshin p\u00ebr arsye shtet\u00ebrore? A do t\u2019ia dilnin mban\u00eb? Do t\u2019ia vlente barra qeran\u00eb? Ideja filloi t\u00eb p\u00ebrhapej dhe u duk se do t\u00eb realizohej, pasi edhe Barnesi po quhej Duka i Petrel\u00ebs. Por n\u00eb t\u00eb v\u00ebrtet\u00eb nuk kishte asnj\u00eb gjas\u00eb q\u00eb martesa e tyre t\u00eb kishte sukses. Pegi edhe mund t\u00eb q\u00ebndronte n\u00eb Shqip\u00ebri, por Barnesi do t\u00eb vinte me shk\u00ebputje, pasi ishte pagamarr\u00ebs dhe jo i pasur.<\/p>\n<p>Intrigat dhe kund\u00ebrintrigat ishin trondit\u00ebse, ndryshonin nga dita n\u00eb dit\u00eb. Askush nuk mund t\u00eb jepte garanci dhe pozicioni i partis\u00eb s\u00eb Nolit (po t\u2019i hedhim nj\u00eb sy wikipedias, enciklopedia on line, \u00ebsht\u00eb turp, por ka shum\u00eb pak materiale p\u00ebr t\u00eb, pothuaj vet\u00ebm nj\u00eb faqe p\u00ebr nj\u00eb prej personaliteteve m\u00eb t\u00eb m\u00ebdhenj shqiptar\u00eb) po fitonte popullaritet si opozitar i ngjarjeve personale t\u00eb Zogut q\u00eb synonte drejt pushtetit.<\/p>\n<p>Ja se \u00e7far\u00eb shkruhej p\u00ebr dyshen Noli &#8211; Zogu n\u00eb at\u00eb koh\u00eb :<br \/>\nM\u00eb 1924, midis Zogut dhe Nolit zhvillohej luft\u00eb, e cila nga nga larg dukej si nj\u00eb gar\u00eb mes t\u00eb mir\u00ebs e t\u00eb keqes. \u201cFan Noli simbolizonte dijen, demokracin\u00eb e p\u00ebrparimin; Ahmet Zogu p\u00ebrfaq\u00ebsonte padijen, autokracin\u00eb e reaksionin. Konkursin e fitoi m\u00eb i keqi\u201d, shkruante dikush n\u00eb shtypin shqiptar t\u00eb diaspor\u00ebs n\u00eb at\u00eb koh\u00eb. (J.Tomes)<\/p>\n<p>Por nj\u00eb vet\u00ebdije e qart\u00eb mendohet se e kishin edhe vet\u00eb protagonist\u00ebt e revolucionit demokratik :<br \/>\n\u201cGabuam Gurakuq\u201d mendohet t\u00eb ken\u00eb qen\u00eb fjalet e fundit t\u00eb Nolit n\u00eb token shqiptare.(P.Tako) Pas pak, anija me t\u00eb dhe ministrin Luigj Gurakuqi n\u00eb bord do t\u2019i largohej me nxitim brigjeve shqiptare. Forcat e rivalit te tij po afroheshin. Revolucioni i qershorit kishte d\u00ebshtuar. Noli kishte humbur. Arsyet dihen, por kjo humbje Nolit i kujtoi edhe dicka tjet\u00ebr; se nj\u00eb politikan \u00ebsht\u00eb me leht\u00eb te tregohet idealist kur ndodhet ne opozit\u00eb sesa kur ndeshet me realitetin e ashp\u00ebr t\u00eb drejtimit t\u00eb pushtetit. K\u00ebt\u00eb ai e m\u00ebsoi nga p\u00ebrvoja e vet.<\/p>\n<p>Historia bot\u00ebrore dhe e jona gjithmon\u00eb i ka gjykuar ngjarjet e saj m\u00eb t\u00eb bujshme dhe ky \u00ebsht\u00eb parimi i pashmangsh\u00ebm i brezave. A \u00ebsht\u00eb gjykimi gjithmon\u00eb objektiv? N\u00eb shumic\u00ebn e rasteve objektiviteti \u00ebsht\u00eb m\u00eb shum\u00eb subjektivitet, duke u nisur edhe nga pozicionet q\u00eb marrin fituesit pas betejave t\u00eb ashpra p\u00ebr pushtet ose pas revolucioneve, treguesit m\u00eb t\u00eb qart\u00eb t\u00eb pak\u00ebnaq\u00ebsis\u00eb kolektive dhe t\u00eb masave t\u00eb gjera t\u00eb popullsis\u00eb.<\/p>\n<p>Zogu e Noli jan\u00eb gjykuar, rigjykuar e do t\u00eb rigjykohen p\u00ebrs\u00ebri. Kjo \u00ebsht\u00eb natyra e historis\u00eb; \u00e7do brez d\u00ebshiron ta shkruaj\u00eb at\u00eb si\u00e7 e sheh vet\u00eb dhe jo si\u00e7 e kan\u00eb par\u00eb t\u00eb tjer\u00ebt para tij.(R. G. Collingwood) Gjykime ndaj tyre nuk kan\u00eb dh\u00ebn\u00eb vet\u00ebm historian\u00ebt, por shpesh edhe politikan\u00ebt duke treguar me vepra mb\u00ebshtetjen ndaj nj\u00ebrit apo tjetrit dhe duke e rritur m\u00eb shum\u00eb konfuzionin n\u00eb vler\u00ebsimet dhe gjykimet ndaj tyre.<\/p>\n<p>Nj\u00eb gjyq m\u00eb i drejt\u00eb n\u00eb dukje do t\u00eb ishte ai mes vet\u00eb protagonist\u00ebve, por shpesh \u00ebsht\u00eb tep\u00ebr i rrept\u00eb dhe i dhunsh\u00ebm q\u00eb i \u00e7oi deri n\u00eb urrjetje t\u00eb hapur, me pasoj\u00eb largimin e personalitetit m\u00eb t\u00eb spikatur politik, gjuh\u00ebsor dhe letrar p\u00ebrfundimisht drejt Amerik\u00ebs. Largimi i trurit ka patur gjithmon\u00eb nj\u00eb shkak, p\u00ebrndjekjen nga ana e figurave q\u00eb n\u00eb vetvete kan\u00eb patur gjithmon\u00eb kompleksitetin e t\u00eb q\u00ebnit t\u00eb vegj\u00ebl. Akuzat e d\u00ebnimet e rrepta ata nuk ia kursyen as nj\u00ebri-tjetrit. Noli e d\u00ebnoi \u201ctradh\u00ebtarin, t\u00eb shiturin tek serb\u00ebt\u201d me vdekje n\u00eb munges\u00eb, nd\u00ebrsa Zogu e d\u00ebnoi \u201c agjentin e Mosk\u00ebs, bishopin e kuq\u201d me \u201csyrgjyn gjall\u00eb<\/p>\n<p>Ti kthehemi historis\u00eb kur Barnesi m\u00eb n\u00eb fund vendosi p\u00ebr nj\u00eb zgjidhje tjet\u00ebr, duke provokuar nj\u00eb k\u00ebshill lufte. U mblodh\u00ebn bashk\u00eb me disa drejtues monarkist\u00eb, Zogun, Turtulisin, Vrionin, Mitrovic\u00ebn, dy Frash\u00ebllinj etj. Barnesi ekspozoi planin e vet dhe vuri re se ishin dakord p\u00ebr nj\u00eb monarki dhe si mbret n\u00eb mos nj\u00eb mbret\u00ebror i familjes angleze, t\u00eb pakt\u00ebn nj\u00eb i barabart\u00eb q\u00eb t\u00eb kishte ndikim apo edhe nj\u00eb ushtarak me p\u00ebrvoj\u00eb por q\u00eb t\u00eb ishte edhe ekspert n\u00eb politik\u00eb dhe ekonomi, t\u00eb ishte i guximsh\u00ebm dhe i aft\u00eb. Zogu asnj\u00ebher\u00eb n\u00eb at\u00eb \u00e7ast nuk e shfaqi hapur mendimin e tij, nd\u00ebrsa t\u00eb tjer\u00ebt e miratuan k\u00ebt\u00eb projekt q\u00eb ishte i mir\u00eb.<\/p>\n<p>Po t\u00eb ecej sipas kushtetut\u00ebs, do t\u00eb ishte m\u00ebnyra m\u00eb e mir\u00eb p\u00ebr t\u00eb zgjidhur problemet dhe vet\u00eb Barnesi q\u00eb kishte edhe nj\u00eb em\u00ebr, do t\u00eb ishte b\u00ebr\u00eb k\u00ebshilltar i tij dhe aft\u00ebsit\u00eb e tij do t\u00eb ishin n\u00eb sh\u00ebrbim t\u00eb koror\u00ebs mbret\u00ebrore. Zgjedhja e tij ishte Duka i Atholl-it, lord fisnik q\u00eb e deshte aventur\u00ebn, p\u00ebrve\u00e7 se ishte edhe nj\u00eb luft\u00ebtar trim dhe ekspert n\u00eb ekonomi. Nj\u00eb duk\u00eb \u00e7eltik, Barnesi mendonte se edhe shqiptar\u00ebt ishin t\u00eb till\u00eb, nj\u00eb njeri me temperament t\u00eb guximsh\u00ebm dhe aventurier, do t\u00eb ishte imponuar dhe do t\u00eb kishte patur sukses n\u00eb Shqip\u00ebri e cila ishte e ndar\u00eb n\u00eb klane si dhe Irlanda.<\/p>\n<p>Duka e mir\u00ebpriti projektin dhe e mendoi si nj\u00eb detyr\u00eb p\u00ebr t\u00eb udh\u00ebhequr nj\u00eb komb t\u00eb ri drejt progresit, por nuk donte q\u00eb t\u00eb ishte mbret. Gruaja e tij nuk ishte deputete dhe ambicjet e saj ishin ende t\u00eb paqarta, tek Shqip\u00ebria shihte nj\u00eb fush\u00eb t\u00eb lir\u00eb p\u00ebr t\u00eb shtrir\u00eb aft\u00ebsit\u00eb e saja. Propozimin p\u00ebr t\u00eb q\u00ebn\u00eb p\u00ebr 5 vjet n\u00eb krye t\u00eb nj\u00eb kombi t\u00eb ri vet\u00ebm njer\u00ebz t\u00eb ndrojtur dhe t\u00eb poshpirt mund ta refuzonin. Mospranimi i tyre q\u00eb t\u00eb hipnin n\u00eb fron ishte e kuptueshme, pasi dukej si di\u00e7ka qesharake kur oferta ishte e kusht\u00ebzuar dhe n\u00eb fakt ishte e till\u00eb.<\/p>\n<p>Pjesa m\u00eb e madhe e miqve t\u00eb Barnesit e miratuan zgjedhjen dhe duhj vet\u00ebm t\u00eb prisnin aktin kushtetues. U zjgodh asamblea kushtetuese, por u shmang diskutimi i form\u00ebs s\u00eb ardhshme kostitucionale p\u00ebr shkak t\u00eb luft\u00ebs s\u00eb partive, t\u00eb rival;itetit t\u00eb grupeve dhe t\u00eb nevoj\u00ebs urgjente q\u00eb t\u00eb rregulloheshin juridikisht disa \u00e7\u00ebshtje. N\u00eb k\u00ebt\u00eb luft\u00eb u dalluan Noli dhe Zogu q\u00eb po q\u00ebndronte m\u00ebnjan\u00eb dhe vepronte p\u00ebr llogarit\u00eb e veta. Talenti i tij, guximi dhe prirja p\u00ebr komandim e b\u00ebnin t\u00eb domosdosh\u00ebm p\u00ebr partin\u00eb e tij. Taktika ishte q\u00eb t\u00eb vononte vendimin dhe q\u00eb t\u00eb b\u00ebhej m\u00eb i njohur dhe me influenc\u00eb. Por nuk ia doli dot shpejt dhe fati nuk I buz\u00ebqeshi, k\u00ebshtu q\u00eb p\u00ebrfitoi partia republikane.<\/p>\n<p><strong>Shakaja tek hoteli Claridge<\/strong><br \/>\nPak dit\u00eb para se Barnesi t\u00eb nisej p\u00ebr n\u00eb Shqip\u00ebri, nj\u00eb gazet\u00eb Daily Mail doli me nj\u00eb titulll t\u00eb madh : Shqip\u00ebria d\u00ebshiron nj\u00eb mbret.Preferohen fshatar\u00eb xhent\u00ebllmen\u00eb anglez\u00eb. Gazetat e Lordit Rothermere e kishin marr\u00eb vesh t\u00eb v\u00ebrtet\u00ebn. Zogu ishte Minist\u00ebr i Brendsh\u00ebm. N\u00eb nj\u00eb takim t\u00eb rast\u00ebsish\u00ebm, Zogu i tregoi se qeveria kishte marr\u00eb nj\u00eb pirg me letra t\u00eb qytetar\u00ebve anglez\u00eb q\u00eb synonin fronin e Shqip\u00ebris\u00eb. Ishin 72 letra q\u00eb ia dor\u00ebzuan Barnesit q\u00eb ndoshta p\u00ebrfunduan n\u00eb arkivat e Ministris\u00eb s\u00eb Jashtme angleze q\u00eb e gajas\u00ebn bot\u00ebn. T\u00eb gjitha letrat vinin nga lagjet e Londr\u00ebs, dy nga Dhoma e Lord\u00ebve, nj\u00eb nga v\u00ebllai i nj\u00eb gjenerali dhe nj\u00eb nga Franca. Nj\u00ebr\u00ebn prej tyre Barnesi e m\u00ebsoi edhe p\u00ebrmend\u00ebsh :<\/p>\n<p><strong>Qeveris\u00eb Shqiptare<\/strong><br \/>\nN\u00eb p\u00ebrgjigje t\u00eb lajm\u00ebrimit tuaj n\u00eb Daily Mail, kam nderin ta propozoj emrin tim si kandidat i fronit tuaj. Nuk jam personalisht nj\u00eb fisnik fshati, por vij nga nj\u00eb familje e till\u00eb nga ana e n\u00ebn\u00ebs sime. Jam i gjat\u00eb 6 k\u00ebmbv\u00eb e dy gishta dhe 44 gishta gjoksin. M\u00eb intereson shum\u00eb mir\u00ebq\u00ebnia e klas\u00ebs pun\u00ebtore. Besoj se jam m\u00eb i p\u00ebrshtatshmi p\u00ebr rastin tuaj. Me devotshm\u00ebri\u2026<\/p>\n<p>Kur u kthye n\u00eb Lond\u00ebr Barnesi i b\u00ebri nj\u00eb shaka t\u00eb bukur dikujt. Kishte marr\u00eb me vete flet\u00eb me logon e Ministris\u00eb s\u00eb Jashtme shqiptare dhe u shkroi pretendent\u00ebve nga nj\u00eb let\u00ebr ftes\u00eb me firm\u00eb, sikur t\u00eb vinte nga Qeveria shqiptare q\u00eb u k\u00ebrkonte t\u00eb prezantoheshin p\u00ebr nj\u00eb bised\u00eb, pasi ishte marr\u00eb n\u00eb konsiderat\u00eb k\u00ebrkesa e tyre. Do t\u00eb paraqiteshin n\u00eb nj\u00eb or\u00eb t\u00eb caktuar dhe me veshje me dekorata, n\u00ebse kishin t\u00eb tilla. Aspirant\u00ebt vinin dhe kishte mes tyre q\u00eb n\u00eb vend t\u00eb dekoratave, mbanin stemat e shoqatave sportive. Por qyfyret nuk kishin t\u00eb sosur, pasi nj\u00eb bujt\u00ebs hoteli, thirri nj\u00ebrin prej tyre, duke e ngat\u00ebrruar me nj\u00eb kamarier.<\/p>\n<p><strong>Nd\u00ebrhyrja e Lodrit Curzon<\/strong><br \/>\nE gjith\u00eb ngjarja kulmoi me nj\u00eb bised\u00eb me Lordin Curzon q\u00eb Barnesi duhej t\u00eb b\u00ebnte me t\u00eb. Lordi Atholl i telefonoi Barnesit se duhet t\u00eb paraqiteshin n\u00eb MPJ p\u00ebr nj\u00eb bised\u00eb: n\u00eb qend\u00ebr ishte Shqip\u00ebria. Intriga ishte b\u00ebr\u00eb nj\u00eb \u00e7\u00ebshtje nd\u00ebrkomb\u00ebtare. Lordi i priti dhe pyetjes se cili do t\u00eb d\u00ebshironte t\u00eb b\u00ebhej Mbreti i Shqip\u00ebris\u00eb, askush nuk guxoi ta pranonte. Ambasadori Italian i kishte treguar nj\u00eb num\u00ebr gazetash ty\u00eb shtypit Italian ku pohohej se nj\u00ebri prej tyre ose t\u00eb dy ishin konsideruar si kandidat\u00eb p\u00ebr fronin.<\/p>\n<p>U besua se ishte nj\u00eb makinacion i qeveris\u00eb angleze. Barnesi i dha t\u00eb gjitha shpjegimet e tij t\u00eb mundshme lordit Curzon dhe se ishte e v\u00ebrtet\u00eb q\u00eb nj\u00eb num\u00ebr i konsideruesh\u00ebm i paris\u00eb shqiptare e vler\u00ebsonin q\u00eb p\u00ebr t\u00eb zgjidhur nj\u00eb problem insitucional, mund t\u00eb em\u00ebrohej Komisar i lart\u00eb nj\u00eb anglez p\u00ebr 5 vjet. Kishte patur kandidat\u00eb, por askush nuk kishte marr\u00eb propozimin formal. Ishin t\u00eb gjitha montime gazetash*.<\/p>\n<p>*<em>Half a life left \u2013 libri me kujtime i J. S. Barnes<\/em><\/p>\n","protected":false},"excerpt":{"rendered":"<p>Arjan Th. Kall\u00e7o dhe akademiku Emlio Benvenuto N\u00eb k\u00ebto rrethana nuk duhet t\u00eb \u00e7uditemi p\u00ebrse emri i saj u propozua si nj\u00eb mbret\u00ebresh\u00eb e mundshme. Barnesi dhe Williamsi shoq\u00ebroheshin shum\u00eb bashk\u00eb, pasi n\u00eb Tiran\u00eb kishte shum\u00eb pak anglez\u00eb, si n\u00eb k\u00ebshtjell\u00ebn e Petrel\u00ebs, ashtu edhe n\u00eb ndonj\u00eb lokalitet t\u00eb bukur, aq sa u p\u00ebrhap z\u00ebri [&hellip;]<\/p>\n","protected":false},"author":1,"featured_media":0,"comment_status":"open","ping_status":"closed","sticky":false,"template":"","format":"standard","meta":{"footnotes":""},"categories":[2],"tags":[],"class_list":{"0":"post-1764","1":"post","2":"type-post","3":"status-publish","4":"format-standard","6":"category-artikuj"},"yoast_head":"<!-- This site is optimized with the Yoast SEO plugin v27.4 - https:\/\/yoast.com\/product\/yoast-seo-wordpress\/ -->\n<title>N\u00ebse historia ndryshon gjithmon\u00eb padron ( III ) - FjALA e LIR\u00cb - Arkivi<\/title>\n<meta name=\"robots\" content=\"index, follow, max-snippet:-1, max-image-preview:large, max-video-preview:-1\" \/>\n<link rel=\"canonical\" href=\"https:\/\/fjala.info\/2009-2015\/nese-historia-ndryshon-gjithmone-padron-iii\/\" \/>\n<meta property=\"og:locale\" content=\"sq_AL\" \/>\n<meta property=\"og:type\" content=\"article\" \/>\n<meta property=\"og:title\" content=\"N\u00ebse historia ndryshon gjithmon\u00eb padron ( III ) - FjALA e LIR\u00cb - Arkivi\" \/>\n<meta property=\"og:description\" content=\"Arjan Th. Kall\u00e7o dhe akademiku Emlio Benvenuto N\u00eb k\u00ebto rrethana nuk duhet t\u00eb \u00e7uditemi p\u00ebrse emri i saj u propozua si nj\u00eb mbret\u00ebresh\u00eb e mundshme. Barnesi dhe Williamsi shoq\u00ebroheshin shum\u00eb bashk\u00eb, pasi n\u00eb Tiran\u00eb kishte shum\u00eb pak anglez\u00eb, si n\u00eb k\u00ebshtjell\u00ebn e Petrel\u00ebs, ashtu edhe n\u00eb ndonj\u00eb lokalitet t\u00eb bukur, aq sa u p\u00ebrhap z\u00ebri [&hellip;]\" \/>\n<meta property=\"og:url\" content=\"https:\/\/fjala.info\/2009-2015\/nese-historia-ndryshon-gjithmone-padron-iii\/\" \/>\n<meta property=\"og:site_name\" content=\"FjALA e LIR\u00cb - Arkivi\" \/>\n<meta property=\"article:published_time\" content=\"2012-02-13T22:24:01+00:00\" \/>\n<meta property=\"og:image\" content=\"http:\/\/www.shkoder.net\/images\/fjala\/2011\/arjan_kallco.jpg\" \/>\n<meta name=\"author\" content=\"admin\" \/>\n<meta name=\"twitter:card\" content=\"summary_large_image\" \/>\n<meta name=\"twitter:label1\" content=\"Written by\" \/>\n\t<meta name=\"twitter:data1\" content=\"admin\" \/>\n\t<meta name=\"twitter:label2\" content=\"Est. reading time\" \/>\n\t<meta name=\"twitter:data2\" content=\"10 minutes\" \/>\n<script type=\"application\/ld+json\" class=\"yoast-schema-graph\">{\"@context\":\"https:\\\/\\\/schema.org\",\"@graph\":[{\"@type\":\"Article\",\"@id\":\"https:\\\/\\\/fjala.info\\\/2009-2015\\\/nese-historia-ndryshon-gjithmone-padron-iii\\\/#article\",\"isPartOf\":{\"@id\":\"https:\\\/\\\/fjala.info\\\/2009-2015\\\/nese-historia-ndryshon-gjithmone-padron-iii\\\/\"},\"author\":{\"name\":\"admin\",\"@id\":\"https:\\\/\\\/fjala.info\\\/2009-2015\\\/#\\\/schema\\\/person\\\/3aa1163ef05469c496fc94e77611ada2\"},\"headline\":\"N\u00ebse historia ndryshon gjithmon\u00eb padron ( III )\",\"datePublished\":\"2012-02-13T22:24:01+00:00\",\"mainEntityOfPage\":{\"@id\":\"https:\\\/\\\/fjala.info\\\/2009-2015\\\/nese-historia-ndryshon-gjithmone-padron-iii\\\/\"},\"wordCount\":2017,\"commentCount\":0,\"publisher\":{\"@id\":\"https:\\\/\\\/fjala.info\\\/2009-2015\\\/#organization\"},\"image\":{\"@id\":\"https:\\\/\\\/fjala.info\\\/2009-2015\\\/nese-historia-ndryshon-gjithmone-padron-iii\\\/#primaryimage\"},\"thumbnailUrl\":\"http:\\\/\\\/www.shkoder.net\\\/images\\\/fjala\\\/2011\\\/arjan_kallco.jpg\",\"articleSection\":[\"Artikuj\"],\"inLanguage\":\"sq-AL\",\"potentialAction\":[{\"@type\":\"CommentAction\",\"name\":\"Comment\",\"target\":[\"https:\\\/\\\/fjala.info\\\/2009-2015\\\/nese-historia-ndryshon-gjithmone-padron-iii\\\/#respond\"]}]},{\"@type\":\"WebPage\",\"@id\":\"https:\\\/\\\/fjala.info\\\/2009-2015\\\/nese-historia-ndryshon-gjithmone-padron-iii\\\/\",\"url\":\"https:\\\/\\\/fjala.info\\\/2009-2015\\\/nese-historia-ndryshon-gjithmone-padron-iii\\\/\",\"name\":\"N\u00ebse historia ndryshon gjithmon\u00eb padron ( III ) - FjALA e LIR\u00cb - Arkivi\",\"isPartOf\":{\"@id\":\"https:\\\/\\\/fjala.info\\\/2009-2015\\\/#website\"},\"primaryImageOfPage\":{\"@id\":\"https:\\\/\\\/fjala.info\\\/2009-2015\\\/nese-historia-ndryshon-gjithmone-padron-iii\\\/#primaryimage\"},\"image\":{\"@id\":\"https:\\\/\\\/fjala.info\\\/2009-2015\\\/nese-historia-ndryshon-gjithmone-padron-iii\\\/#primaryimage\"},\"thumbnailUrl\":\"http:\\\/\\\/www.shkoder.net\\\/images\\\/fjala\\\/2011\\\/arjan_kallco.jpg\",\"datePublished\":\"2012-02-13T22:24:01+00:00\",\"breadcrumb\":{\"@id\":\"https:\\\/\\\/fjala.info\\\/2009-2015\\\/nese-historia-ndryshon-gjithmone-padron-iii\\\/#breadcrumb\"},\"inLanguage\":\"sq-AL\",\"potentialAction\":[{\"@type\":\"ReadAction\",\"target\":[\"https:\\\/\\\/fjala.info\\\/2009-2015\\\/nese-historia-ndryshon-gjithmone-padron-iii\\\/\"]}]},{\"@type\":\"ImageObject\",\"inLanguage\":\"sq-AL\",\"@id\":\"https:\\\/\\\/fjala.info\\\/2009-2015\\\/nese-historia-ndryshon-gjithmone-padron-iii\\\/#primaryimage\",\"url\":\"http:\\\/\\\/www.shkoder.net\\\/images\\\/fjala\\\/2011\\\/arjan_kallco.jpg\",\"contentUrl\":\"http:\\\/\\\/www.shkoder.net\\\/images\\\/fjala\\\/2011\\\/arjan_kallco.jpg\"},{\"@type\":\"BreadcrumbList\",\"@id\":\"https:\\\/\\\/fjala.info\\\/2009-2015\\\/nese-historia-ndryshon-gjithmone-padron-iii\\\/#breadcrumb\",\"itemListElement\":[{\"@type\":\"ListItem\",\"position\":1,\"name\":\"Home\",\"item\":\"https:\\\/\\\/fjala.info\\\/2009-2015\\\/\"},{\"@type\":\"ListItem\",\"position\":2,\"name\":\"N\u00ebse historia ndryshon gjithmon\u00eb padron ( III )\"}]},{\"@type\":\"WebSite\",\"@id\":\"https:\\\/\\\/fjala.info\\\/2009-2015\\\/#website\",\"url\":\"https:\\\/\\\/fjala.info\\\/2009-2015\\\/\",\"name\":\"FjALA e LIR\u00cb - Arkivi\",\"description\":\"Arkivi 2009-2015\",\"publisher\":{\"@id\":\"https:\\\/\\\/fjala.info\\\/2009-2015\\\/#organization\"},\"potentialAction\":[{\"@type\":\"SearchAction\",\"target\":{\"@type\":\"EntryPoint\",\"urlTemplate\":\"https:\\\/\\\/fjala.info\\\/2009-2015\\\/?s={search_term_string}\"},\"query-input\":{\"@type\":\"PropertyValueSpecification\",\"valueRequired\":true,\"valueName\":\"search_term_string\"}}],\"inLanguage\":\"sq-AL\"},{\"@type\":\"Organization\",\"@id\":\"https:\\\/\\\/fjala.info\\\/2009-2015\\\/#organization\",\"name\":\"FjALA e LIR\u00cb - Arkivi\",\"url\":\"https:\\\/\\\/fjala.info\\\/2009-2015\\\/\",\"logo\":{\"@type\":\"ImageObject\",\"inLanguage\":\"sq-AL\",\"@id\":\"https:\\\/\\\/fjala.info\\\/2009-2015\\\/#\\\/schema\\\/logo\\\/image\\\/\",\"url\":\"\",\"contentUrl\":\"\",\"caption\":\"FjALA e LIR\u00cb - Arkivi\"},\"image\":{\"@id\":\"https:\\\/\\\/fjala.info\\\/2009-2015\\\/#\\\/schema\\\/logo\\\/image\\\/\"}},{\"@type\":\"Person\",\"@id\":\"https:\\\/\\\/fjala.info\\\/2009-2015\\\/#\\\/schema\\\/person\\\/3aa1163ef05469c496fc94e77611ada2\",\"name\":\"admin\",\"image\":{\"@type\":\"ImageObject\",\"inLanguage\":\"sq-AL\",\"@id\":\"https:\\\/\\\/fjala.info\\\/2009-2015\\\/wp-content\\\/uploads\\\/2012\\\/02\\\/arben_cokaj-120x150.jpg\",\"url\":\"https:\\\/\\\/fjala.info\\\/2009-2015\\\/wp-content\\\/uploads\\\/2012\\\/02\\\/arben_cokaj-120x150.jpg\",\"contentUrl\":\"https:\\\/\\\/fjala.info\\\/2009-2015\\\/wp-content\\\/uploads\\\/2012\\\/02\\\/arben_cokaj-120x150.jpg\",\"caption\":\"admin\"},\"description\":\"Admin, Fjala e Lir\u00eb\",\"sameAs\":[\"https:\\\/\\\/fjala.info\\\/\"],\"url\":\"https:\\\/\\\/fjala.info\\\/2009-2015\\\/author\\\/admin\\\/\"}]}<\/script>\n<!-- \/ Yoast SEO plugin. -->","yoast_head_json":{"title":"N\u00ebse historia ndryshon gjithmon\u00eb padron ( III ) - FjALA e LIR\u00cb - Arkivi","robots":{"index":"index","follow":"follow","max-snippet":"max-snippet:-1","max-image-preview":"max-image-preview:large","max-video-preview":"max-video-preview:-1"},"canonical":"https:\/\/fjala.info\/2009-2015\/nese-historia-ndryshon-gjithmone-padron-iii\/","og_locale":"sq_AL","og_type":"article","og_title":"N\u00ebse historia ndryshon gjithmon\u00eb padron ( III ) - FjALA e LIR\u00cb - Arkivi","og_description":"Arjan Th. Kall\u00e7o dhe akademiku Emlio Benvenuto N\u00eb k\u00ebto rrethana nuk duhet t\u00eb \u00e7uditemi p\u00ebrse emri i saj u propozua si nj\u00eb mbret\u00ebresh\u00eb e mundshme. Barnesi dhe Williamsi shoq\u00ebroheshin shum\u00eb bashk\u00eb, pasi n\u00eb Tiran\u00eb kishte shum\u00eb pak anglez\u00eb, si n\u00eb k\u00ebshtjell\u00ebn e Petrel\u00ebs, ashtu edhe n\u00eb ndonj\u00eb lokalitet t\u00eb bukur, aq sa u p\u00ebrhap z\u00ebri [&hellip;]","og_url":"https:\/\/fjala.info\/2009-2015\/nese-historia-ndryshon-gjithmone-padron-iii\/","og_site_name":"FjALA e LIR\u00cb - Arkivi","article_published_time":"2012-02-13T22:24:01+00:00","og_image":[{"url":"http:\/\/www.shkoder.net\/images\/fjala\/2011\/arjan_kallco.jpg","type":"","width":"","height":""}],"author":"admin","twitter_card":"summary_large_image","twitter_misc":{"Written by":"admin","Est. reading time":"10 minutes"},"schema":{"@context":"https:\/\/schema.org","@graph":[{"@type":"Article","@id":"https:\/\/fjala.info\/2009-2015\/nese-historia-ndryshon-gjithmone-padron-iii\/#article","isPartOf":{"@id":"https:\/\/fjala.info\/2009-2015\/nese-historia-ndryshon-gjithmone-padron-iii\/"},"author":{"name":"admin","@id":"https:\/\/fjala.info\/2009-2015\/#\/schema\/person\/3aa1163ef05469c496fc94e77611ada2"},"headline":"N\u00ebse historia ndryshon gjithmon\u00eb padron ( III )","datePublished":"2012-02-13T22:24:01+00:00","mainEntityOfPage":{"@id":"https:\/\/fjala.info\/2009-2015\/nese-historia-ndryshon-gjithmone-padron-iii\/"},"wordCount":2017,"commentCount":0,"publisher":{"@id":"https:\/\/fjala.info\/2009-2015\/#organization"},"image":{"@id":"https:\/\/fjala.info\/2009-2015\/nese-historia-ndryshon-gjithmone-padron-iii\/#primaryimage"},"thumbnailUrl":"http:\/\/www.shkoder.net\/images\/fjala\/2011\/arjan_kallco.jpg","articleSection":["Artikuj"],"inLanguage":"sq-AL","potentialAction":[{"@type":"CommentAction","name":"Comment","target":["https:\/\/fjala.info\/2009-2015\/nese-historia-ndryshon-gjithmone-padron-iii\/#respond"]}]},{"@type":"WebPage","@id":"https:\/\/fjala.info\/2009-2015\/nese-historia-ndryshon-gjithmone-padron-iii\/","url":"https:\/\/fjala.info\/2009-2015\/nese-historia-ndryshon-gjithmone-padron-iii\/","name":"N\u00ebse historia ndryshon gjithmon\u00eb padron ( III ) - FjALA e LIR\u00cb - Arkivi","isPartOf":{"@id":"https:\/\/fjala.info\/2009-2015\/#website"},"primaryImageOfPage":{"@id":"https:\/\/fjala.info\/2009-2015\/nese-historia-ndryshon-gjithmone-padron-iii\/#primaryimage"},"image":{"@id":"https:\/\/fjala.info\/2009-2015\/nese-historia-ndryshon-gjithmone-padron-iii\/#primaryimage"},"thumbnailUrl":"http:\/\/www.shkoder.net\/images\/fjala\/2011\/arjan_kallco.jpg","datePublished":"2012-02-13T22:24:01+00:00","breadcrumb":{"@id":"https:\/\/fjala.info\/2009-2015\/nese-historia-ndryshon-gjithmone-padron-iii\/#breadcrumb"},"inLanguage":"sq-AL","potentialAction":[{"@type":"ReadAction","target":["https:\/\/fjala.info\/2009-2015\/nese-historia-ndryshon-gjithmone-padron-iii\/"]}]},{"@type":"ImageObject","inLanguage":"sq-AL","@id":"https:\/\/fjala.info\/2009-2015\/nese-historia-ndryshon-gjithmone-padron-iii\/#primaryimage","url":"http:\/\/www.shkoder.net\/images\/fjala\/2011\/arjan_kallco.jpg","contentUrl":"http:\/\/www.shkoder.net\/images\/fjala\/2011\/arjan_kallco.jpg"},{"@type":"BreadcrumbList","@id":"https:\/\/fjala.info\/2009-2015\/nese-historia-ndryshon-gjithmone-padron-iii\/#breadcrumb","itemListElement":[{"@type":"ListItem","position":1,"name":"Home","item":"https:\/\/fjala.info\/2009-2015\/"},{"@type":"ListItem","position":2,"name":"N\u00ebse historia ndryshon gjithmon\u00eb padron ( III )"}]},{"@type":"WebSite","@id":"https:\/\/fjala.info\/2009-2015\/#website","url":"https:\/\/fjala.info\/2009-2015\/","name":"FjALA e LIR\u00cb - Arkivi","description":"Arkivi 2009-2015","publisher":{"@id":"https:\/\/fjala.info\/2009-2015\/#organization"},"potentialAction":[{"@type":"SearchAction","target":{"@type":"EntryPoint","urlTemplate":"https:\/\/fjala.info\/2009-2015\/?s={search_term_string}"},"query-input":{"@type":"PropertyValueSpecification","valueRequired":true,"valueName":"search_term_string"}}],"inLanguage":"sq-AL"},{"@type":"Organization","@id":"https:\/\/fjala.info\/2009-2015\/#organization","name":"FjALA e LIR\u00cb - Arkivi","url":"https:\/\/fjala.info\/2009-2015\/","logo":{"@type":"ImageObject","inLanguage":"sq-AL","@id":"https:\/\/fjala.info\/2009-2015\/#\/schema\/logo\/image\/","url":"","contentUrl":"","caption":"FjALA e LIR\u00cb - Arkivi"},"image":{"@id":"https:\/\/fjala.info\/2009-2015\/#\/schema\/logo\/image\/"}},{"@type":"Person","@id":"https:\/\/fjala.info\/2009-2015\/#\/schema\/person\/3aa1163ef05469c496fc94e77611ada2","name":"admin","image":{"@type":"ImageObject","inLanguage":"sq-AL","@id":"https:\/\/fjala.info\/2009-2015\/wp-content\/uploads\/2012\/02\/arben_cokaj-120x150.jpg","url":"https:\/\/fjala.info\/2009-2015\/wp-content\/uploads\/2012\/02\/arben_cokaj-120x150.jpg","contentUrl":"https:\/\/fjala.info\/2009-2015\/wp-content\/uploads\/2012\/02\/arben_cokaj-120x150.jpg","caption":"admin"},"description":"Admin, Fjala e Lir\u00eb","sameAs":["https:\/\/fjala.info\/"],"url":"https:\/\/fjala.info\/2009-2015\/author\/admin\/"}]}},"_links":{"self":[{"href":"https:\/\/fjala.info\/2009-2015\/wp-json\/wp\/v2\/posts\/1764","targetHints":{"allow":["GET"]}}],"collection":[{"href":"https:\/\/fjala.info\/2009-2015\/wp-json\/wp\/v2\/posts"}],"about":[{"href":"https:\/\/fjala.info\/2009-2015\/wp-json\/wp\/v2\/types\/post"}],"author":[{"embeddable":true,"href":"https:\/\/fjala.info\/2009-2015\/wp-json\/wp\/v2\/users\/1"}],"replies":[{"embeddable":true,"href":"https:\/\/fjala.info\/2009-2015\/wp-json\/wp\/v2\/comments?post=1764"}],"version-history":[{"count":0,"href":"https:\/\/fjala.info\/2009-2015\/wp-json\/wp\/v2\/posts\/1764\/revisions"}],"wp:attachment":[{"href":"https:\/\/fjala.info\/2009-2015\/wp-json\/wp\/v2\/media?parent=1764"}],"wp:term":[{"taxonomy":"category","embeddable":true,"href":"https:\/\/fjala.info\/2009-2015\/wp-json\/wp\/v2\/categories?post=1764"},{"taxonomy":"post_tag","embeddable":true,"href":"https:\/\/fjala.info\/2009-2015\/wp-json\/wp\/v2\/tags?post=1764"}],"curies":[{"name":"wp","href":"https:\/\/api.w.org\/{rel}","templated":true}]}}