{"id":1759,"date":"2012-02-13T02:35:51","date_gmt":"2012-02-13T01:35:51","guid":{"rendered":"http:\/\/fjala.shkoder.net\/?p=1759"},"modified":"2012-02-13T02:35:51","modified_gmt":"2012-02-13T01:35:51","slug":"kaq-te-bukura-dhe-kaq-te-embla","status":"publish","type":"post","link":"https:\/\/fjala.info\/2009-2015\/kaq-te-bukura-dhe-kaq-te-embla\/","title":{"rendered":"Distanca e sakt\u00eb nd\u00ebrmjet zemr\u00ebs dhe fjal\u00ebs"},"content":{"rendered":"<p>(<em>Baki Ymeri, Poema t\u00eb m\u00ebndafshta, Tipo Moldova, Jash, 2012<\/em>)<\/p>\n<p><strong>Sk\u00ebnder Zogaj<\/strong><\/p>\n<p><strong>Baki Ymeri<\/strong>, ky \u201cm\u00ebkatar\u201d i prekjes s\u00eb luleve! Bbilbil, k\u00ebng\u00ebtar fluturak q\u00eb paskrupullt hap kurora dhe shfeton petale e pastaj, si nj\u00eb princ magjik, nxjerr nektarin e poleneve shum\u00ebngjyr\u00ebshe, p\u00ebr t\u00eb p\u00ebrmbushur gurrat e dashuris\u00eb njer\u00ebzore me mjaltin q\u00eb vet\u00ebm nj\u00eb \u00ebndrrimtar, zem\u00ebrndjesh\u00ebm si ajri dhe i tejduksh\u00ebm si rrezja, din t\u00eb gatuaj\u00eb dhe t\u2019i ushqej\u00eb psher\u00ebtimat p\u00ebrshp\u00ebrit\u00ebse t\u00eb zemr\u00ebs s\u00eb prekur nga magjia e frymave hyjnore, q\u00eb me shekuj e m\u00ebkojn\u00eb \u00ebndrr\u00ebn m\u00ebkatare t\u00eb Adamit dhe Ev\u00ebs!<\/p>\n<p><img decoding=\"async\" class=\"aligncenter size-thumbnail wp-image-7236\" title=\"Baki Ymeri\" src=\"http:\/\/www.shkoder.net\/2012\/baki_ymeri_zjarri_shenjte.jpg\" alt=\"\" width=\"450\" \/><\/p>\n<p>A s\u2019m\u00eb thua, kush ta solli dridhjen kaq t\u00eb \u00ebmb\u00ebl t\u00eb buz\u00ebgazit dhe st\u00ebrpikjen e lotit t\u00eb p\u00ebrv\u00ebluar p\u00ebr prekje buz\u00ebsh t\u00eb flakta? Kush? Pse? Si? Mos m\u00eb thuaj asgj\u00eb, t\u00eb gjitha i di, sepse t\u00eb pash n\u00eb l\u00ebndinat e frym\u00ebzimit me ishuj plot drit\u00eb, tek u zgjove nga \u00ebnd\u00ebrra nd\u00ebr rafte librash dhe thirre: \u201dE dashur,\/ Eja t\u00eb b\u00ebhemi fqinj\u00ebt e drit\u00ebs!\/ Eja\/ E hapi k\u00ebto libra t\u00eb lashta\/ Dhe lerm\u00eb\/ T\u00eb ta p\u00ebrk\u00ebdhel trofen\u00eb!\u201d (Fqinj\u00ebt e drit\u00ebs).<\/p>\n<p>Poeti Baki Ymeri e meriton xhelozin\u00eb e lexuesve ziliqar\u00eb, t\u00eb cil\u00ebt duke mos e pasur fatin e tij, sado zem\u00ebrakullt q\u00eb t\u00eb jen\u00eb, do t\u2019i ngacmoj\u00eb ndjenjat lakmitare ndaj gurr\u00ebs s\u00eb vargjeve t\u00eb m\u00ebndafshta, q\u00eb t\u00eb mb\u00ebrthejn\u00eb q\u00eb n\u00eb shikim t\u00eb par\u00eb dhe t\u00eb mbajn\u00eb fort sht\u00ebrnguar deri n\u00eb fund t\u00eb librit. Fillim e mbarim ndodhesh n\u00eb nj\u00eb atmosfer\u00eb magjeps\u00ebse, me: \u201cDhoma t\u00eb magjepsura,\/ Fjal\u00eb magjeps\u00ebse,\/ Vasha t\u00eb magjepsura\u201d t\u00eb cilat poeti edhe kur nuk i ka ende t\u00eb njohura, i pandeh: \u201cMa merr mendja se ato jan\u00eb\/ Porsi lulet e magjepsura\/ Q\u00eb i ka kafshuar dashuria\/ Apo shija e padurimit\/ P\u00ebr t\u2019u p\u00ebrk\u00ebdhelur.\u201d<\/p>\n<p><img decoding=\"async\" class=\"aligncenter size-thumbnail wp-image-7236\" title=\"Baki Ymeri\" src=\"http:\/\/www.shkoder.net\/2012\/baki_ymeri_libra.jpg\" alt=\"\" width=\"450\" \/><\/p>\n<p>Kjo \u00ebsht\u00eb vjersha Mendimet, n\u00eb strof\u00ebn e fundit t\u00eb s\u00eb cil\u00ebs poeti, me sharm prej xhent\u00eblmeni t\u00eb v\u00ebrtet\u00eb, magjepsjen apsolute e shijon: \u201cMadje edhe Fontana e oborrit\/ P\u00ebshp\u00ebrit\/ N\u00eb vargje t\u00eb dashuris\u00eb.\u201d i vet\u00ebdijsh\u00ebm se aventurat dashurore nuk jan\u00eb t\u00eb lehta, megjithat\u00eb sypatrembur shpreh ambicien e tij: \u201cNd\u00ebrsa un\u00eb,\/ Q\u00eb nuk e dija aq mire\/ Se prej nga \/ Mund t\u00eb filloj\u00eb disfata,\/ Kisha lakmi t\u00eb mbetem.\u201d<\/p>\n<p>Lakmia p\u00ebr t\u2019iu rrekur magjepsjes \u00ebsht\u00eb k\u00ebmb\u00ebngul\u00ebse, pavar\u00ebsisht nga disfata, dhe k\u00ebtu, Baki Ymeri na e kujton Biblilin e gjuh\u00ebs shqipe, Naim Frash\u00ebrin e pavdeksh\u00ebm, i cili n\u00eb magjepsje, prante q\u00eb t\u00eb b\u00ebhej balt\u00eb e pluhur, p\u00ebr ta shkelur k\u00ebmba e saj&#8230; I paepur &#8211; me zem\u00ebr kristali n\u00eb dor\u00eb e me shpirtin e florinjt\u00eb n\u00eb buz\u00eb, porsi Ovidi, edhe heroi lirik i Poemave t\u00eb m\u00ebndafshta, ka vajtur n\u00eb qytetin e kapitjeve t\u00eb \u00ebmbla, p\u00ebr ta ndjer\u00eb ritmin e brendsh\u00ebm t\u00eb shtatit t\u00eb hijsh\u00ebm, q\u00eb i p\u00ebrngjan nj\u00eb fushe t\u00eb bukur me dredh\u00ebza t\u00eb \u00ebmbla. Kemi k\u00ebtu nj\u00eb apostrofim aristik jasht\u00ebzakonisht p\u00ebrsonifikues, q\u00eb reflekton p\u00ebrjetim t\u00eb thell\u00eb ndjenjash t\u00eb sinqerta t\u00eb nj\u00eb bote t\u00eb pasur dhe t\u00eb past\u00ebr shpirt\u00ebrore, e cila bukuris\u00eb i gjegjet pa hezitim kur e d\u00ebgjon lutjen: \u201cEja edhe nj\u00ebher\u00eb\/ I dashur\/ T\u2019i shijosh dredh\u00ebzat\/ E buz\u00ebve t\u00eb mia\/ Porsi n\u00eb mesverr\u00eb\u201d.<\/p>\n<p>N\u00eb mjeshtrin\u00eb e t\u00eb shkruarit t\u00eb Baki Ymerit ndjenja e p\u00ebrgjegj\u00ebsis\u00eb q\u00eb arti t\u00eb jet\u00eb n\u00eb funksion t\u00eb lumturis\u00eb s\u00eb v\u00ebrtet\u00eb, \u00ebsht\u00eb vazhdimisht e theksuar dhe e shtruar qart\u00eb: mir\u00ebkuptim reciprok, larg pasionesh t\u00eb shfrenuara dhe devijimesh morale, q\u00eb e l\u00ebndojn\u00eb dashurin\u00eb e devotshme. Kur ky kriter nuk zbatohet, acarohen inater, dhe domosdo manifestohet ndjenja e hakmarrjes: \u201cTani \u00ebsht\u00eb radha jote\/ T\u00eb vraposh pas meje\/ Dhe s\u2019do t\u2019i gjesh flatrat e mia\/ Ngase aq shpirt kam v\u00ebn\u00eb n\u00eb to.\u201d (Kaltrina). Bredharakut t\u00eb pandalsh\u00ebm, dashnorit t\u00eb madh rebel dhe lozonjarit t\u00eb \u00ebmb\u00ebl, n\u00eb \u00e7ast i pikon zemra sapo shfaqet engullit dhe gjiuth\u00eb afsh pyet: \u201cKush \u00ebsht\u00eb ky \u00ebngj\u00ebl \/ Q\u00eb po pret n\u00eb dritare\/ E pyeta h\u00ebn\u00ebn\/ Dhe ajo m\u2019u p\u00ebrgjegj\/ M\u00eb mir\u00eb \u00ebsht\u00eb mos ta dish!\u201d (Fryti i ndaluar).<\/p>\n<p>D\u00ebshira p\u00ebr lumturi \u00ebsht\u00eb jetike dhe gjith\u00ebnjer\u00ebzore, por nuk \u00ebsht\u00eb mir\u00eb q\u00eb t\u00eb arrihet me \u00e7do kusht. Autori e sugjeron si m\u00ebnyr\u00ebn m\u00eb t\u00eb drejt\u00eb t\u00eb arritjes s\u00eb lumturis\u00eb individuale, n\u00eb kuad\u00ebr t\u00eb lumturis\u00eb shoq\u00ebrore, ku duhet t\u00eb sundojn\u00eb rregullat e drejta dhe obligimet e nd\u00ebrsjella njer\u00ebzore. K\u00ebt\u00eb fenomon Baki Ymeri e elaboron thjesht\u00eb dhe sakt\u00eb, duke apeluar nd\u00ebrgjegj\u00ebsim t\u00eb njer\u00ebzve q\u00eb ta kuptojn\u00eb se: \u201cAsgj\u00eb nuk na ndihmon\/ N\u00eb shqyrtimin e problemeve\/ T\u00eb nd\u00ebrgjegjes\/ Porsi nd\u00ebrgjegja\u201d, sepse \u201cBrutaliteti i burrit.\/ Besnik\u00ebria e gruas,\/ Lazdrimi i lahuris\u00eb\/\/ Jan\u00eb gjithfar\u00eb problemesh\/\/ Q\u00eb na b\u00ebjn\u00eb telashe.\u201c (Probleme t\u00eb nd\u00ebrgjegjes).<\/p>\n<p>Kjo \u00ebsht\u00eb krejt\u00ebsisht normale, sepse, jan\u00eb nj\u00eb varg faktor\u00ebsh q\u00eb e determinojn\u00eb ekzistenc\u00ebn ton\u00eb duke i dh\u00ebn\u00eb dimensione magjike qenies njerezore, q\u00eb nuk mund t\u2019i ket\u00eb kurr\u00eb dy njerez plot\u00ebsisht nj\u00ebsoj. Mbase pik\u00ebrisht kjo ve\u00e7anti apsolute e shquan dhe e b\u00ebn jet\u00ebn njer\u00ebzore kaq t\u00eb \u00ebm\u00ebb\u00ebl dhe t\u00eb bukur. Prandaj poeti kritikon shk\u00ebputjen ekstreme, e cila \u00ebsht\u00eb e keqe dhe krijon telashe. Q\u00ebndrimi ters nuk le vend p\u00ebr dashuri: \u201cKrejt bota flet p\u00ebr dashuri\/ Vet\u00ebm ti flet\/ P\u00ebr mjalt\u00ebn e mashtrimit.\u201d (Brisht\u00ebsi).<\/p>\n<p>Udha e Poemave t\u00eb m\u00ebndafshta shpie tek fontanat shqiptaro-vllahe ku, Grat\u00eb e bukura, qepalla mbyllura q\u00ebndrojn\u00eb p\u00ebrmbi foshnjet e p\u00ebrgjumura dhe luten \u201cJepma Zot qet\u00ebsin\u00eb!\u201d Poetit gjith\u00eb p\u00ebrmallim i kujtohet f\u00ebmij\u00ebria e tij dim\u00ebrore, n\u00ebna q\u00eb i flet p\u00ebr dimrin dhe krojet, v\u00ebll\u00ebz\u00ebrit q\u00eb i njeh nga trokitja n\u00eb port\u00eb, babai duke ofshar\u00eb sa her\u00eb q\u00eb shprehte nj\u00eb mall n\u00eb gjuh\u00ebn shqipe&#8230; N\u00eb k\u00ebt\u00eb varg vjershash lexuesi e ndjen pesh\u00ebn e nj\u00eb brenge t\u00eb gjall\u00eb, t\u00eb thell\u00eb, t\u00eb zjarrt\u00eb t\u2019ia ngacmoj\u00eb krah\u00ebrorin. Mir\u00ebpo, poeti nuk e pranon p\u00ebruljen as ndaj vuajtjes, dhe shp\u00ebrthen: \u201cHidhe trishtimin hyjnesh\u00eb!\/ Merre p\u00ebrs\u00ebri trajst\u00ebn, shigjetat\/ Dhe nisu gjurmave t\u00eb gjahut\/ Do ta gjuash bukurin\u00eb.\/ Hidh\u00ebrimin\/ Zhyte n\u00eb burimin e lumtur\/ Q\u00eb shikon kah ti!\/ Merri s\u00ebrish: trajst\u00ebn, shigjetat\/ Dhe nisu gjurmave t\u00eb gjahut\/ P\u00ebr ta gjuajtur bukurin\u00eb\/ Q\u00eb na e turbullon mendjen! \u00bb<\/p>\n<p>Poeti \u00e7lirohet nga ankthi i rastit dhe vazhdon shpalimin e kujtimeve. I shfaqet vllahinka e bukur: \u201cPorsi zo\u00e7k\u00eb e vjedhur je\/ Nga er\u00ebrat p\u00ebrmbi dhe.\u201d, nd\u00ebrkoh\u00eb q\u00eb b\u00ebn nj\u00eb Deklarat\u00eb dashurie p\u00ebr dilem\u00ebn ku q\u00ebndron: \u201cDistanca e sakt\u00eb\/ nd\u00ebrmjet zemr\u00ebs dhe fjal\u00ebs\u201d. Pason Finalja e madhe q\u00eb ia mund\u00ebson takimin me Bukurin\u00eb e Mrekullis\u00eb s\u00eb gjall\u00eb, n\u00eb gjinjt\u00eb e s\u00eb cil\u00ebs frym\u00ebmarrja i prehet dhe, e thot\u00eb Fjal\u00ebn e fundit dhe hidhet \u201cN\u00eb drit\u00ebn e p\u00ebrjetshme\u201d. K\u00ebtu p\u00ebrfundon Zjarri i Shenjt\u00eb i v\u00ebllimit Poema t\u00eb m\u00ebndafshta, (i botuar k\u00ebto dit\u00eb edhe n\u00eb gjuh\u00ebn rumune, me titullin \u201cPoema t\u00eb pushta\u201d), q\u00eb pa fije dyshimi n\u00eb shqip ting\u00ebllon m\u00eb bukur \u201cPoema t\u00eb m\u00ebndafshta\u201d.<\/p>\n<p>P\u00ebrshtypjet q\u00eb po ia drejtoj lexuesve, l\u00ebn\u00eb shum\u00eb p\u00ebr t\u2019u d\u00ebshiruar, sepse gjer\u00ebsia tematike dhe thell\u00ebsia artistike e krijimeve t\u00eb k\u00ebtij libri, jan\u00eb p\u00ebr nj\u00eb qasje shum\u00eb m\u00eb t\u00eb mir\u00ebfillt\u00eb analitike. E meriton kjo vep\u00ebr dhe autori, q\u00eb krahas bukurosheve t\u00eb Bukureshtit, t\u00eb Konstanc\u00ebs e t\u00eb Brail\u00ebs, e kan\u00eb frym\u00ebzuar edhe zanat e Dardanis\u00eb, me zjarrin dhe guximin e t\u00eb cilave ka realizur krijime t\u00eb shumta vlerash t\u00eb \u00e7mueshme letrare dhe artistike.<\/p>\n","protected":false},"excerpt":{"rendered":"<p>(Baki Ymeri, Poema t\u00eb m\u00ebndafshta, Tipo Moldova, Jash, 2012) Sk\u00ebnder Zogaj Baki Ymeri, ky \u201cm\u00ebkatar\u201d i prekjes s\u00eb luleve! Bbilbil, k\u00ebng\u00ebtar fluturak q\u00eb paskrupullt hap kurora dhe shfeton petale e pastaj, si nj\u00eb princ magjik, nxjerr nektarin e poleneve shum\u00ebngjyr\u00ebshe, p\u00ebr t\u00eb p\u00ebrmbushur gurrat e dashuris\u00eb njer\u00ebzore me mjaltin q\u00eb vet\u00ebm nj\u00eb \u00ebndrrimtar, zem\u00ebrndjesh\u00ebm si [&hellip;]<\/p>\n","protected":false},"author":1,"featured_media":0,"comment_status":"open","ping_status":"closed","sticky":false,"template":"","format":"standard","meta":{"footnotes":""},"categories":[2,7],"tags":[],"class_list":{"0":"post-1759","1":"post","2":"type-post","3":"status-publish","4":"format-standard","6":"category-artikuj","7":"category-letersi"},"yoast_head":"<!-- This site is optimized with the Yoast SEO plugin v27.4 - https:\/\/yoast.com\/product\/yoast-seo-wordpress\/ -->\n<title>Distanca e sakt\u00eb nd\u00ebrmjet zemr\u00ebs dhe fjal\u00ebs - FjALA e LIR\u00cb - Arkivi<\/title>\n<meta name=\"robots\" content=\"index, follow, max-snippet:-1, max-image-preview:large, max-video-preview:-1\" \/>\n<link rel=\"canonical\" href=\"https:\/\/fjala.info\/2009-2015\/kaq-te-bukura-dhe-kaq-te-embla\/\" \/>\n<meta property=\"og:locale\" content=\"sq_AL\" \/>\n<meta property=\"og:type\" content=\"article\" \/>\n<meta property=\"og:title\" content=\"Distanca e sakt\u00eb nd\u00ebrmjet zemr\u00ebs dhe fjal\u00ebs - FjALA e LIR\u00cb - Arkivi\" \/>\n<meta property=\"og:description\" content=\"(Baki Ymeri, Poema t\u00eb m\u00ebndafshta, Tipo Moldova, Jash, 2012) Sk\u00ebnder Zogaj Baki Ymeri, ky \u201cm\u00ebkatar\u201d i prekjes s\u00eb luleve! Bbilbil, k\u00ebng\u00ebtar fluturak q\u00eb paskrupullt hap kurora dhe shfeton petale e pastaj, si nj\u00eb princ magjik, nxjerr nektarin e poleneve shum\u00ebngjyr\u00ebshe, p\u00ebr t\u00eb p\u00ebrmbushur gurrat e dashuris\u00eb njer\u00ebzore me mjaltin q\u00eb vet\u00ebm nj\u00eb \u00ebndrrimtar, zem\u00ebrndjesh\u00ebm si [&hellip;]\" \/>\n<meta property=\"og:url\" content=\"https:\/\/fjala.info\/2009-2015\/kaq-te-bukura-dhe-kaq-te-embla\/\" \/>\n<meta property=\"og:site_name\" content=\"FjALA e LIR\u00cb - Arkivi\" \/>\n<meta property=\"article:published_time\" content=\"2012-02-13T01:35:51+00:00\" \/>\n<meta property=\"og:image\" content=\"http:\/\/www.shkoder.net\/2012\/baki_ymeri_zjarri_shenjte.jpg\" \/>\n<meta name=\"author\" content=\"admin\" \/>\n<meta name=\"twitter:card\" content=\"summary_large_image\" \/>\n<meta name=\"twitter:label1\" content=\"Written by\" \/>\n\t<meta name=\"twitter:data1\" content=\"admin\" \/>\n\t<meta name=\"twitter:label2\" content=\"Est. reading time\" \/>\n\t<meta name=\"twitter:data2\" content=\"7 minutes\" \/>\n<script type=\"application\/ld+json\" class=\"yoast-schema-graph\">{\"@context\":\"https:\\\/\\\/schema.org\",\"@graph\":[{\"@type\":\"Article\",\"@id\":\"https:\\\/\\\/fjala.info\\\/2009-2015\\\/kaq-te-bukura-dhe-kaq-te-embla\\\/#article\",\"isPartOf\":{\"@id\":\"https:\\\/\\\/fjala.info\\\/2009-2015\\\/kaq-te-bukura-dhe-kaq-te-embla\\\/\"},\"author\":{\"name\":\"admin\",\"@id\":\"https:\\\/\\\/fjala.info\\\/2009-2015\\\/#\\\/schema\\\/person\\\/3aa1163ef05469c496fc94e77611ada2\"},\"headline\":\"Distanca e sakt\u00eb nd\u00ebrmjet zemr\u00ebs dhe fjal\u00ebs\",\"datePublished\":\"2012-02-13T01:35:51+00:00\",\"mainEntityOfPage\":{\"@id\":\"https:\\\/\\\/fjala.info\\\/2009-2015\\\/kaq-te-bukura-dhe-kaq-te-embla\\\/\"},\"wordCount\":1340,\"commentCount\":0,\"publisher\":{\"@id\":\"https:\\\/\\\/fjala.info\\\/2009-2015\\\/#organization\"},\"image\":{\"@id\":\"https:\\\/\\\/fjala.info\\\/2009-2015\\\/kaq-te-bukura-dhe-kaq-te-embla\\\/#primaryimage\"},\"thumbnailUrl\":\"http:\\\/\\\/www.shkoder.net\\\/2012\\\/baki_ymeri_zjarri_shenjte.jpg\",\"articleSection\":[\"Artikuj\",\"Let\u00ebrsi\"],\"inLanguage\":\"sq-AL\",\"potentialAction\":[{\"@type\":\"CommentAction\",\"name\":\"Comment\",\"target\":[\"https:\\\/\\\/fjala.info\\\/2009-2015\\\/kaq-te-bukura-dhe-kaq-te-embla\\\/#respond\"]}]},{\"@type\":\"WebPage\",\"@id\":\"https:\\\/\\\/fjala.info\\\/2009-2015\\\/kaq-te-bukura-dhe-kaq-te-embla\\\/\",\"url\":\"https:\\\/\\\/fjala.info\\\/2009-2015\\\/kaq-te-bukura-dhe-kaq-te-embla\\\/\",\"name\":\"Distanca e sakt\u00eb nd\u00ebrmjet zemr\u00ebs dhe fjal\u00ebs - FjALA e LIR\u00cb - Arkivi\",\"isPartOf\":{\"@id\":\"https:\\\/\\\/fjala.info\\\/2009-2015\\\/#website\"},\"primaryImageOfPage\":{\"@id\":\"https:\\\/\\\/fjala.info\\\/2009-2015\\\/kaq-te-bukura-dhe-kaq-te-embla\\\/#primaryimage\"},\"image\":{\"@id\":\"https:\\\/\\\/fjala.info\\\/2009-2015\\\/kaq-te-bukura-dhe-kaq-te-embla\\\/#primaryimage\"},\"thumbnailUrl\":\"http:\\\/\\\/www.shkoder.net\\\/2012\\\/baki_ymeri_zjarri_shenjte.jpg\",\"datePublished\":\"2012-02-13T01:35:51+00:00\",\"breadcrumb\":{\"@id\":\"https:\\\/\\\/fjala.info\\\/2009-2015\\\/kaq-te-bukura-dhe-kaq-te-embla\\\/#breadcrumb\"},\"inLanguage\":\"sq-AL\",\"potentialAction\":[{\"@type\":\"ReadAction\",\"target\":[\"https:\\\/\\\/fjala.info\\\/2009-2015\\\/kaq-te-bukura-dhe-kaq-te-embla\\\/\"]}]},{\"@type\":\"ImageObject\",\"inLanguage\":\"sq-AL\",\"@id\":\"https:\\\/\\\/fjala.info\\\/2009-2015\\\/kaq-te-bukura-dhe-kaq-te-embla\\\/#primaryimage\",\"url\":\"http:\\\/\\\/www.shkoder.net\\\/2012\\\/baki_ymeri_zjarri_shenjte.jpg\",\"contentUrl\":\"http:\\\/\\\/www.shkoder.net\\\/2012\\\/baki_ymeri_zjarri_shenjte.jpg\"},{\"@type\":\"BreadcrumbList\",\"@id\":\"https:\\\/\\\/fjala.info\\\/2009-2015\\\/kaq-te-bukura-dhe-kaq-te-embla\\\/#breadcrumb\",\"itemListElement\":[{\"@type\":\"ListItem\",\"position\":1,\"name\":\"Home\",\"item\":\"https:\\\/\\\/fjala.info\\\/2009-2015\\\/\"},{\"@type\":\"ListItem\",\"position\":2,\"name\":\"Distanca e sakt\u00eb nd\u00ebrmjet zemr\u00ebs dhe fjal\u00ebs\"}]},{\"@type\":\"WebSite\",\"@id\":\"https:\\\/\\\/fjala.info\\\/2009-2015\\\/#website\",\"url\":\"https:\\\/\\\/fjala.info\\\/2009-2015\\\/\",\"name\":\"FjALA e LIR\u00cb - Arkivi\",\"description\":\"Arkivi 2009-2015\",\"publisher\":{\"@id\":\"https:\\\/\\\/fjala.info\\\/2009-2015\\\/#organization\"},\"potentialAction\":[{\"@type\":\"SearchAction\",\"target\":{\"@type\":\"EntryPoint\",\"urlTemplate\":\"https:\\\/\\\/fjala.info\\\/2009-2015\\\/?s={search_term_string}\"},\"query-input\":{\"@type\":\"PropertyValueSpecification\",\"valueRequired\":true,\"valueName\":\"search_term_string\"}}],\"inLanguage\":\"sq-AL\"},{\"@type\":\"Organization\",\"@id\":\"https:\\\/\\\/fjala.info\\\/2009-2015\\\/#organization\",\"name\":\"FjALA e LIR\u00cb - Arkivi\",\"url\":\"https:\\\/\\\/fjala.info\\\/2009-2015\\\/\",\"logo\":{\"@type\":\"ImageObject\",\"inLanguage\":\"sq-AL\",\"@id\":\"https:\\\/\\\/fjala.info\\\/2009-2015\\\/#\\\/schema\\\/logo\\\/image\\\/\",\"url\":\"\",\"contentUrl\":\"\",\"caption\":\"FjALA e LIR\u00cb - Arkivi\"},\"image\":{\"@id\":\"https:\\\/\\\/fjala.info\\\/2009-2015\\\/#\\\/schema\\\/logo\\\/image\\\/\"}},{\"@type\":\"Person\",\"@id\":\"https:\\\/\\\/fjala.info\\\/2009-2015\\\/#\\\/schema\\\/person\\\/3aa1163ef05469c496fc94e77611ada2\",\"name\":\"admin\",\"image\":{\"@type\":\"ImageObject\",\"inLanguage\":\"sq-AL\",\"@id\":\"https:\\\/\\\/fjala.info\\\/2009-2015\\\/wp-content\\\/uploads\\\/2012\\\/02\\\/arben_cokaj-120x150.jpg\",\"url\":\"https:\\\/\\\/fjala.info\\\/2009-2015\\\/wp-content\\\/uploads\\\/2012\\\/02\\\/arben_cokaj-120x150.jpg\",\"contentUrl\":\"https:\\\/\\\/fjala.info\\\/2009-2015\\\/wp-content\\\/uploads\\\/2012\\\/02\\\/arben_cokaj-120x150.jpg\",\"caption\":\"admin\"},\"description\":\"Admin, Fjala e Lir\u00eb\",\"sameAs\":[\"https:\\\/\\\/fjala.info\\\/\"],\"url\":\"https:\\\/\\\/fjala.info\\\/2009-2015\\\/author\\\/admin\\\/\"}]}<\/script>\n<!-- \/ Yoast SEO plugin. -->","yoast_head_json":{"title":"Distanca e sakt\u00eb nd\u00ebrmjet zemr\u00ebs dhe fjal\u00ebs - FjALA e LIR\u00cb - Arkivi","robots":{"index":"index","follow":"follow","max-snippet":"max-snippet:-1","max-image-preview":"max-image-preview:large","max-video-preview":"max-video-preview:-1"},"canonical":"https:\/\/fjala.info\/2009-2015\/kaq-te-bukura-dhe-kaq-te-embla\/","og_locale":"sq_AL","og_type":"article","og_title":"Distanca e sakt\u00eb nd\u00ebrmjet zemr\u00ebs dhe fjal\u00ebs - FjALA e LIR\u00cb - Arkivi","og_description":"(Baki Ymeri, Poema t\u00eb m\u00ebndafshta, Tipo Moldova, Jash, 2012) Sk\u00ebnder Zogaj Baki Ymeri, ky \u201cm\u00ebkatar\u201d i prekjes s\u00eb luleve! Bbilbil, k\u00ebng\u00ebtar fluturak q\u00eb paskrupullt hap kurora dhe shfeton petale e pastaj, si nj\u00eb princ magjik, nxjerr nektarin e poleneve shum\u00ebngjyr\u00ebshe, p\u00ebr t\u00eb p\u00ebrmbushur gurrat e dashuris\u00eb njer\u00ebzore me mjaltin q\u00eb vet\u00ebm nj\u00eb \u00ebndrrimtar, zem\u00ebrndjesh\u00ebm si [&hellip;]","og_url":"https:\/\/fjala.info\/2009-2015\/kaq-te-bukura-dhe-kaq-te-embla\/","og_site_name":"FjALA e LIR\u00cb - Arkivi","article_published_time":"2012-02-13T01:35:51+00:00","og_image":[{"url":"http:\/\/www.shkoder.net\/2012\/baki_ymeri_zjarri_shenjte.jpg","type":"","width":"","height":""}],"author":"admin","twitter_card":"summary_large_image","twitter_misc":{"Written by":"admin","Est. reading time":"7 minutes"},"schema":{"@context":"https:\/\/schema.org","@graph":[{"@type":"Article","@id":"https:\/\/fjala.info\/2009-2015\/kaq-te-bukura-dhe-kaq-te-embla\/#article","isPartOf":{"@id":"https:\/\/fjala.info\/2009-2015\/kaq-te-bukura-dhe-kaq-te-embla\/"},"author":{"name":"admin","@id":"https:\/\/fjala.info\/2009-2015\/#\/schema\/person\/3aa1163ef05469c496fc94e77611ada2"},"headline":"Distanca e sakt\u00eb nd\u00ebrmjet zemr\u00ebs dhe fjal\u00ebs","datePublished":"2012-02-13T01:35:51+00:00","mainEntityOfPage":{"@id":"https:\/\/fjala.info\/2009-2015\/kaq-te-bukura-dhe-kaq-te-embla\/"},"wordCount":1340,"commentCount":0,"publisher":{"@id":"https:\/\/fjala.info\/2009-2015\/#organization"},"image":{"@id":"https:\/\/fjala.info\/2009-2015\/kaq-te-bukura-dhe-kaq-te-embla\/#primaryimage"},"thumbnailUrl":"http:\/\/www.shkoder.net\/2012\/baki_ymeri_zjarri_shenjte.jpg","articleSection":["Artikuj","Let\u00ebrsi"],"inLanguage":"sq-AL","potentialAction":[{"@type":"CommentAction","name":"Comment","target":["https:\/\/fjala.info\/2009-2015\/kaq-te-bukura-dhe-kaq-te-embla\/#respond"]}]},{"@type":"WebPage","@id":"https:\/\/fjala.info\/2009-2015\/kaq-te-bukura-dhe-kaq-te-embla\/","url":"https:\/\/fjala.info\/2009-2015\/kaq-te-bukura-dhe-kaq-te-embla\/","name":"Distanca e sakt\u00eb nd\u00ebrmjet zemr\u00ebs dhe fjal\u00ebs - FjALA e LIR\u00cb - Arkivi","isPartOf":{"@id":"https:\/\/fjala.info\/2009-2015\/#website"},"primaryImageOfPage":{"@id":"https:\/\/fjala.info\/2009-2015\/kaq-te-bukura-dhe-kaq-te-embla\/#primaryimage"},"image":{"@id":"https:\/\/fjala.info\/2009-2015\/kaq-te-bukura-dhe-kaq-te-embla\/#primaryimage"},"thumbnailUrl":"http:\/\/www.shkoder.net\/2012\/baki_ymeri_zjarri_shenjte.jpg","datePublished":"2012-02-13T01:35:51+00:00","breadcrumb":{"@id":"https:\/\/fjala.info\/2009-2015\/kaq-te-bukura-dhe-kaq-te-embla\/#breadcrumb"},"inLanguage":"sq-AL","potentialAction":[{"@type":"ReadAction","target":["https:\/\/fjala.info\/2009-2015\/kaq-te-bukura-dhe-kaq-te-embla\/"]}]},{"@type":"ImageObject","inLanguage":"sq-AL","@id":"https:\/\/fjala.info\/2009-2015\/kaq-te-bukura-dhe-kaq-te-embla\/#primaryimage","url":"http:\/\/www.shkoder.net\/2012\/baki_ymeri_zjarri_shenjte.jpg","contentUrl":"http:\/\/www.shkoder.net\/2012\/baki_ymeri_zjarri_shenjte.jpg"},{"@type":"BreadcrumbList","@id":"https:\/\/fjala.info\/2009-2015\/kaq-te-bukura-dhe-kaq-te-embla\/#breadcrumb","itemListElement":[{"@type":"ListItem","position":1,"name":"Home","item":"https:\/\/fjala.info\/2009-2015\/"},{"@type":"ListItem","position":2,"name":"Distanca e sakt\u00eb nd\u00ebrmjet zemr\u00ebs dhe fjal\u00ebs"}]},{"@type":"WebSite","@id":"https:\/\/fjala.info\/2009-2015\/#website","url":"https:\/\/fjala.info\/2009-2015\/","name":"FjALA e LIR\u00cb - Arkivi","description":"Arkivi 2009-2015","publisher":{"@id":"https:\/\/fjala.info\/2009-2015\/#organization"},"potentialAction":[{"@type":"SearchAction","target":{"@type":"EntryPoint","urlTemplate":"https:\/\/fjala.info\/2009-2015\/?s={search_term_string}"},"query-input":{"@type":"PropertyValueSpecification","valueRequired":true,"valueName":"search_term_string"}}],"inLanguage":"sq-AL"},{"@type":"Organization","@id":"https:\/\/fjala.info\/2009-2015\/#organization","name":"FjALA e LIR\u00cb - Arkivi","url":"https:\/\/fjala.info\/2009-2015\/","logo":{"@type":"ImageObject","inLanguage":"sq-AL","@id":"https:\/\/fjala.info\/2009-2015\/#\/schema\/logo\/image\/","url":"","contentUrl":"","caption":"FjALA e LIR\u00cb - Arkivi"},"image":{"@id":"https:\/\/fjala.info\/2009-2015\/#\/schema\/logo\/image\/"}},{"@type":"Person","@id":"https:\/\/fjala.info\/2009-2015\/#\/schema\/person\/3aa1163ef05469c496fc94e77611ada2","name":"admin","image":{"@type":"ImageObject","inLanguage":"sq-AL","@id":"https:\/\/fjala.info\/2009-2015\/wp-content\/uploads\/2012\/02\/arben_cokaj-120x150.jpg","url":"https:\/\/fjala.info\/2009-2015\/wp-content\/uploads\/2012\/02\/arben_cokaj-120x150.jpg","contentUrl":"https:\/\/fjala.info\/2009-2015\/wp-content\/uploads\/2012\/02\/arben_cokaj-120x150.jpg","caption":"admin"},"description":"Admin, Fjala e Lir\u00eb","sameAs":["https:\/\/fjala.info\/"],"url":"https:\/\/fjala.info\/2009-2015\/author\/admin\/"}]}},"_links":{"self":[{"href":"https:\/\/fjala.info\/2009-2015\/wp-json\/wp\/v2\/posts\/1759","targetHints":{"allow":["GET"]}}],"collection":[{"href":"https:\/\/fjala.info\/2009-2015\/wp-json\/wp\/v2\/posts"}],"about":[{"href":"https:\/\/fjala.info\/2009-2015\/wp-json\/wp\/v2\/types\/post"}],"author":[{"embeddable":true,"href":"https:\/\/fjala.info\/2009-2015\/wp-json\/wp\/v2\/users\/1"}],"replies":[{"embeddable":true,"href":"https:\/\/fjala.info\/2009-2015\/wp-json\/wp\/v2\/comments?post=1759"}],"version-history":[{"count":0,"href":"https:\/\/fjala.info\/2009-2015\/wp-json\/wp\/v2\/posts\/1759\/revisions"}],"wp:attachment":[{"href":"https:\/\/fjala.info\/2009-2015\/wp-json\/wp\/v2\/media?parent=1759"}],"wp:term":[{"taxonomy":"category","embeddable":true,"href":"https:\/\/fjala.info\/2009-2015\/wp-json\/wp\/v2\/categories?post=1759"},{"taxonomy":"post_tag","embeddable":true,"href":"https:\/\/fjala.info\/2009-2015\/wp-json\/wp\/v2\/tags?post=1759"}],"curies":[{"name":"wp","href":"https:\/\/api.w.org\/{rel}","templated":true}]}}