{"id":1749,"date":"2012-02-12T19:49:03","date_gmt":"2012-02-12T18:49:03","guid":{"rendered":"http:\/\/fjala.shkoder.net\/?p=1749"},"modified":"2012-02-12T19:49:03","modified_gmt":"2012-02-12T18:49:03","slug":"ambasadat-ne-tirane-duket-se-sjane-ne-nje-mendje-me-berishen-rreth-aleances-kuqezi","status":"publish","type":"post","link":"https:\/\/fjala.info\/2009-2015\/ambasadat-ne-tirane-duket-se-sjane-ne-nje-mendje-me-berishen-rreth-aleances-kuqezi\/","title":{"rendered":"Ambasadat n\u00eb Tiran\u00eb duket se s\u2019jan\u00eb n\u00eb nj\u00eb mendje me Berish\u00ebn rreth Aleanc\u00ebs Kuqezi"},"content":{"rendered":"<p><img decoding=\"async\" class=\"alignright size-thumbnail wp-image-7236\" title=\"Berisha - Spahiu\" src=\"http:\/\/www.shkoder.net\/2012\/berisha_spahiu.jpg\" alt=\"\" width=\"300\" \/> Nga <strong>Eduard Zaloshnja<\/strong>, <em>12 Shkurt 2012<\/em><\/p>\n<p>Nj\u00eb dit\u00eb pasi Kreshnik Spahiu dha dor\u00ebheqjen nga KLD-ja, Aleanca Kuqezi, e drejtuar de facto prej tij, zhvilloi Aktivin e Qarkut t\u00eb Tiran\u00ebs n\u00eb Teatrin e Oper\u00ebs dhe Baletit. Ky aktivitet, ndryshe nga aktivitetet e m\u00ebparshme t\u00eb Aleanc\u00ebs Kuqezi, kishte t\u00eb gjitha tiparet e nj\u00eb aktivi themelues t\u00eb deg\u00ebs s\u00eb nj\u00eb partie t\u00eb re politike. Dhe ra n\u00eb sy se n\u00eb k\u00ebt\u00eb aktivitet merrnin pjes\u00eb p\u00ebrfaqsues nga amabasadat m\u00eb t\u00eb r\u00ebnd\u00ebsishme n\u00eb Tiran\u00eb, si ajo e SHBA-s\u00eb, e Bashkimit Europian, e Britanis\u00eb s\u00eb Madhe, e Gjermanis\u00eb, e Italis\u00eb, e Danimark\u00ebs, etj.<\/p>\n<p>Berisha \u00ebsht\u00eb munduar ta skicoj\u00eb Aleanc\u00ebn Kuqezi si nj\u00eb l\u00ebvizje anarkiste, q\u00eb mund t\u00eb shkaktoj\u00eb destabilitet n\u00eb rajonin rreth Shqip\u00ebris\u00eb. Ai, s\u00eb bashku me Hashim Tha\u00e7in, jan\u00eb munduar t\u00eb heqin paralele mes Aleanc\u00ebs KuqeZi dhe Vetvendosjes, duke ditur se kjo e fundit ka patur p\u00ebrplasje t\u00eb forta me diplomat\u00ebt per\u00ebndimor\u00eb. S\u00eb fundi, edhe Jozefina Topalli, n\u00eb nj\u00eb intervist\u00eb nga Gjermania, u mundua ta pikturonte Aleanc\u00ebn KuqeZi n\u00eb k\u00ebt\u00eb drit\u00eb.<\/p>\n<p>Por pjesmarrja e ambasadave m\u00eb t\u00eb r\u00ebnd\u00ebsishme per\u00ebndimore n\u00eb Aktivin e Aleanc\u00ebs Kuqezi duket se tregon q\u00eb ato nuk jan\u00eb n\u00eb nj\u00eb mendje me Berish\u00ebn\u2026<\/p>\n<p><a href=\"http:\/\/respublica.al\/artikuj\/2012\/2\/12\/ambasadat-ne-tirane-duket-se-sjane-ne-nje-mendje-me-berishen-rreth-aleances-kuqezi\">http:\/\/respublica.al\/artikuj\/2012\/2\/12\/ambasadat-ne-tirane-duket-se-sjane-ne-nje-mendje-me-berishen-rreth-aleances-kuqezi<\/a><\/p>\n","protected":false},"excerpt":{"rendered":"<p>Nga Eduard Zaloshnja, 12 Shkurt 2012 Nj\u00eb dit\u00eb pasi Kreshnik Spahiu dha dor\u00ebheqjen nga KLD-ja, Aleanca Kuqezi, e drejtuar de facto prej tij, zhvilloi Aktivin e Qarkut t\u00eb Tiran\u00ebs n\u00eb Teatrin e Oper\u00ebs dhe Baletit. Ky aktivitet, ndryshe nga aktivitetet e m\u00ebparshme t\u00eb Aleanc\u00ebs Kuqezi, kishte t\u00eb gjitha tiparet e nj\u00eb aktivi themelues t\u00eb deg\u00ebs [&hellip;]<\/p>\n","protected":false},"author":1,"featured_media":0,"comment_status":"open","ping_status":"closed","sticky":false,"template":"","format":"standard","meta":{"footnotes":""},"categories":[2,5],"tags":[],"class_list":{"0":"post-1749","1":"post","2":"type-post","3":"status-publish","4":"format-standard","6":"category-artikuj","7":"category-lajme"},"yoast_head":"<!-- This site is optimized with the Yoast SEO plugin v27.4 - https:\/\/yoast.com\/product\/yoast-seo-wordpress\/ -->\n<title>Ambasadat n\u00eb Tiran\u00eb duket se s\u2019jan\u00eb n\u00eb nj\u00eb mendje me Berish\u00ebn rreth Aleanc\u00ebs Kuqezi - FjALA e LIR\u00cb - Arkivi<\/title>\n<meta name=\"robots\" content=\"index, follow, max-snippet:-1, max-image-preview:large, max-video-preview:-1\" \/>\n<link rel=\"canonical\" href=\"https:\/\/fjala.info\/2009-2015\/ambasadat-ne-tirane-duket-se-sjane-ne-nje-mendje-me-berishen-rreth-aleances-kuqezi\/\" \/>\n<meta property=\"og:locale\" content=\"sq_AL\" \/>\n<meta property=\"og:type\" content=\"article\" \/>\n<meta property=\"og:title\" content=\"Ambasadat n\u00eb Tiran\u00eb duket se s\u2019jan\u00eb n\u00eb nj\u00eb mendje me Berish\u00ebn rreth Aleanc\u00ebs Kuqezi - FjALA e LIR\u00cb - Arkivi\" \/>\n<meta property=\"og:description\" content=\"Nga Eduard Zaloshnja, 12 Shkurt 2012 Nj\u00eb dit\u00eb pasi Kreshnik Spahiu dha dor\u00ebheqjen nga KLD-ja, Aleanca Kuqezi, e drejtuar de facto prej tij, zhvilloi Aktivin e Qarkut t\u00eb Tiran\u00ebs n\u00eb Teatrin e Oper\u00ebs dhe Baletit. Ky aktivitet, ndryshe nga aktivitetet e m\u00ebparshme t\u00eb Aleanc\u00ebs Kuqezi, kishte t\u00eb gjitha tiparet e nj\u00eb aktivi themelues t\u00eb deg\u00ebs [&hellip;]\" \/>\n<meta property=\"og:url\" content=\"https:\/\/fjala.info\/2009-2015\/ambasadat-ne-tirane-duket-se-sjane-ne-nje-mendje-me-berishen-rreth-aleances-kuqezi\/\" \/>\n<meta property=\"og:site_name\" content=\"FjALA e LIR\u00cb - Arkivi\" \/>\n<meta property=\"article:published_time\" content=\"2012-02-12T18:49:03+00:00\" \/>\n<meta property=\"og:image\" content=\"http:\/\/www.shkoder.net\/2012\/berisha_spahiu.jpg\" \/>\n<meta name=\"author\" content=\"admin\" \/>\n<meta name=\"twitter:card\" content=\"summary_large_image\" \/>\n<meta name=\"twitter:label1\" content=\"Written by\" \/>\n\t<meta name=\"twitter:data1\" content=\"admin\" \/>\n\t<meta name=\"twitter:label2\" content=\"Est. reading time\" \/>\n\t<meta name=\"twitter:data2\" content=\"1 minute\" \/>\n<script type=\"application\/ld+json\" class=\"yoast-schema-graph\">{\"@context\":\"https:\\\/\\\/schema.org\",\"@graph\":[{\"@type\":\"Article\",\"@id\":\"https:\\\/\\\/fjala.info\\\/2009-2015\\\/ambasadat-ne-tirane-duket-se-sjane-ne-nje-mendje-me-berishen-rreth-aleances-kuqezi\\\/#article\",\"isPartOf\":{\"@id\":\"https:\\\/\\\/fjala.info\\\/2009-2015\\\/ambasadat-ne-tirane-duket-se-sjane-ne-nje-mendje-me-berishen-rreth-aleances-kuqezi\\\/\"},\"author\":{\"name\":\"admin\",\"@id\":\"https:\\\/\\\/fjala.info\\\/2009-2015\\\/#\\\/schema\\\/person\\\/3aa1163ef05469c496fc94e77611ada2\"},\"headline\":\"Ambasadat n\u00eb Tiran\u00eb duket se s\u2019jan\u00eb n\u00eb nj\u00eb mendje me Berish\u00ebn rreth Aleanc\u00ebs Kuqezi\",\"datePublished\":\"2012-02-12T18:49:03+00:00\",\"mainEntityOfPage\":{\"@id\":\"https:\\\/\\\/fjala.info\\\/2009-2015\\\/ambasadat-ne-tirane-duket-se-sjane-ne-nje-mendje-me-berishen-rreth-aleances-kuqezi\\\/\"},\"wordCount\":237,\"commentCount\":0,\"publisher\":{\"@id\":\"https:\\\/\\\/fjala.info\\\/2009-2015\\\/#organization\"},\"image\":{\"@id\":\"https:\\\/\\\/fjala.info\\\/2009-2015\\\/ambasadat-ne-tirane-duket-se-sjane-ne-nje-mendje-me-berishen-rreth-aleances-kuqezi\\\/#primaryimage\"},\"thumbnailUrl\":\"http:\\\/\\\/www.shkoder.net\\\/2012\\\/berisha_spahiu.jpg\",\"articleSection\":[\"Artikuj\",\"Lajme\"],\"inLanguage\":\"sq-AL\",\"potentialAction\":[{\"@type\":\"CommentAction\",\"name\":\"Comment\",\"target\":[\"https:\\\/\\\/fjala.info\\\/2009-2015\\\/ambasadat-ne-tirane-duket-se-sjane-ne-nje-mendje-me-berishen-rreth-aleances-kuqezi\\\/#respond\"]}]},{\"@type\":\"WebPage\",\"@id\":\"https:\\\/\\\/fjala.info\\\/2009-2015\\\/ambasadat-ne-tirane-duket-se-sjane-ne-nje-mendje-me-berishen-rreth-aleances-kuqezi\\\/\",\"url\":\"https:\\\/\\\/fjala.info\\\/2009-2015\\\/ambasadat-ne-tirane-duket-se-sjane-ne-nje-mendje-me-berishen-rreth-aleances-kuqezi\\\/\",\"name\":\"Ambasadat n\u00eb Tiran\u00eb duket se s\u2019jan\u00eb n\u00eb nj\u00eb mendje me Berish\u00ebn rreth Aleanc\u00ebs Kuqezi - FjALA e LIR\u00cb - Arkivi\",\"isPartOf\":{\"@id\":\"https:\\\/\\\/fjala.info\\\/2009-2015\\\/#website\"},\"primaryImageOfPage\":{\"@id\":\"https:\\\/\\\/fjala.info\\\/2009-2015\\\/ambasadat-ne-tirane-duket-se-sjane-ne-nje-mendje-me-berishen-rreth-aleances-kuqezi\\\/#primaryimage\"},\"image\":{\"@id\":\"https:\\\/\\\/fjala.info\\\/2009-2015\\\/ambasadat-ne-tirane-duket-se-sjane-ne-nje-mendje-me-berishen-rreth-aleances-kuqezi\\\/#primaryimage\"},\"thumbnailUrl\":\"http:\\\/\\\/www.shkoder.net\\\/2012\\\/berisha_spahiu.jpg\",\"datePublished\":\"2012-02-12T18:49:03+00:00\",\"breadcrumb\":{\"@id\":\"https:\\\/\\\/fjala.info\\\/2009-2015\\\/ambasadat-ne-tirane-duket-se-sjane-ne-nje-mendje-me-berishen-rreth-aleances-kuqezi\\\/#breadcrumb\"},\"inLanguage\":\"sq-AL\",\"potentialAction\":[{\"@type\":\"ReadAction\",\"target\":[\"https:\\\/\\\/fjala.info\\\/2009-2015\\\/ambasadat-ne-tirane-duket-se-sjane-ne-nje-mendje-me-berishen-rreth-aleances-kuqezi\\\/\"]}]},{\"@type\":\"ImageObject\",\"inLanguage\":\"sq-AL\",\"@id\":\"https:\\\/\\\/fjala.info\\\/2009-2015\\\/ambasadat-ne-tirane-duket-se-sjane-ne-nje-mendje-me-berishen-rreth-aleances-kuqezi\\\/#primaryimage\",\"url\":\"http:\\\/\\\/www.shkoder.net\\\/2012\\\/berisha_spahiu.jpg\",\"contentUrl\":\"http:\\\/\\\/www.shkoder.net\\\/2012\\\/berisha_spahiu.jpg\"},{\"@type\":\"BreadcrumbList\",\"@id\":\"https:\\\/\\\/fjala.info\\\/2009-2015\\\/ambasadat-ne-tirane-duket-se-sjane-ne-nje-mendje-me-berishen-rreth-aleances-kuqezi\\\/#breadcrumb\",\"itemListElement\":[{\"@type\":\"ListItem\",\"position\":1,\"name\":\"Home\",\"item\":\"https:\\\/\\\/fjala.info\\\/2009-2015\\\/\"},{\"@type\":\"ListItem\",\"position\":2,\"name\":\"Ambasadat n\u00eb Tiran\u00eb duket se s\u2019jan\u00eb n\u00eb nj\u00eb mendje me Berish\u00ebn rreth Aleanc\u00ebs Kuqezi\"}]},{\"@type\":\"WebSite\",\"@id\":\"https:\\\/\\\/fjala.info\\\/2009-2015\\\/#website\",\"url\":\"https:\\\/\\\/fjala.info\\\/2009-2015\\\/\",\"name\":\"FjALA e LIR\u00cb - Arkivi\",\"description\":\"Arkivi 2009-2015\",\"publisher\":{\"@id\":\"https:\\\/\\\/fjala.info\\\/2009-2015\\\/#organization\"},\"potentialAction\":[{\"@type\":\"SearchAction\",\"target\":{\"@type\":\"EntryPoint\",\"urlTemplate\":\"https:\\\/\\\/fjala.info\\\/2009-2015\\\/?s={search_term_string}\"},\"query-input\":{\"@type\":\"PropertyValueSpecification\",\"valueRequired\":true,\"valueName\":\"search_term_string\"}}],\"inLanguage\":\"sq-AL\"},{\"@type\":\"Organization\",\"@id\":\"https:\\\/\\\/fjala.info\\\/2009-2015\\\/#organization\",\"name\":\"FjALA e LIR\u00cb - Arkivi\",\"url\":\"https:\\\/\\\/fjala.info\\\/2009-2015\\\/\",\"logo\":{\"@type\":\"ImageObject\",\"inLanguage\":\"sq-AL\",\"@id\":\"https:\\\/\\\/fjala.info\\\/2009-2015\\\/#\\\/schema\\\/logo\\\/image\\\/\",\"url\":\"\",\"contentUrl\":\"\",\"caption\":\"FjALA e LIR\u00cb - Arkivi\"},\"image\":{\"@id\":\"https:\\\/\\\/fjala.info\\\/2009-2015\\\/#\\\/schema\\\/logo\\\/image\\\/\"}},{\"@type\":\"Person\",\"@id\":\"https:\\\/\\\/fjala.info\\\/2009-2015\\\/#\\\/schema\\\/person\\\/3aa1163ef05469c496fc94e77611ada2\",\"name\":\"admin\",\"image\":{\"@type\":\"ImageObject\",\"inLanguage\":\"sq-AL\",\"@id\":\"https:\\\/\\\/fjala.info\\\/2009-2015\\\/wp-content\\\/uploads\\\/2012\\\/02\\\/arben_cokaj-120x150.jpg\",\"url\":\"https:\\\/\\\/fjala.info\\\/2009-2015\\\/wp-content\\\/uploads\\\/2012\\\/02\\\/arben_cokaj-120x150.jpg\",\"contentUrl\":\"https:\\\/\\\/fjala.info\\\/2009-2015\\\/wp-content\\\/uploads\\\/2012\\\/02\\\/arben_cokaj-120x150.jpg\",\"caption\":\"admin\"},\"description\":\"Admin, Fjala e Lir\u00eb\",\"sameAs\":[\"https:\\\/\\\/fjala.info\\\/\"],\"url\":\"https:\\\/\\\/fjala.info\\\/2009-2015\\\/author\\\/admin\\\/\"}]}<\/script>\n<!-- \/ Yoast SEO plugin. -->","yoast_head_json":{"title":"Ambasadat n\u00eb Tiran\u00eb duket se s\u2019jan\u00eb n\u00eb nj\u00eb mendje me Berish\u00ebn rreth Aleanc\u00ebs Kuqezi - FjALA e LIR\u00cb - Arkivi","robots":{"index":"index","follow":"follow","max-snippet":"max-snippet:-1","max-image-preview":"max-image-preview:large","max-video-preview":"max-video-preview:-1"},"canonical":"https:\/\/fjala.info\/2009-2015\/ambasadat-ne-tirane-duket-se-sjane-ne-nje-mendje-me-berishen-rreth-aleances-kuqezi\/","og_locale":"sq_AL","og_type":"article","og_title":"Ambasadat n\u00eb Tiran\u00eb duket se s\u2019jan\u00eb n\u00eb nj\u00eb mendje me Berish\u00ebn rreth Aleanc\u00ebs Kuqezi - FjALA e LIR\u00cb - Arkivi","og_description":"Nga Eduard Zaloshnja, 12 Shkurt 2012 Nj\u00eb dit\u00eb pasi Kreshnik Spahiu dha dor\u00ebheqjen nga KLD-ja, Aleanca Kuqezi, e drejtuar de facto prej tij, zhvilloi Aktivin e Qarkut t\u00eb Tiran\u00ebs n\u00eb Teatrin e Oper\u00ebs dhe Baletit. Ky aktivitet, ndryshe nga aktivitetet e m\u00ebparshme t\u00eb Aleanc\u00ebs Kuqezi, kishte t\u00eb gjitha tiparet e nj\u00eb aktivi themelues t\u00eb deg\u00ebs [&hellip;]","og_url":"https:\/\/fjala.info\/2009-2015\/ambasadat-ne-tirane-duket-se-sjane-ne-nje-mendje-me-berishen-rreth-aleances-kuqezi\/","og_site_name":"FjALA e LIR\u00cb - Arkivi","article_published_time":"2012-02-12T18:49:03+00:00","og_image":[{"url":"http:\/\/www.shkoder.net\/2012\/berisha_spahiu.jpg","type":"","width":"","height":""}],"author":"admin","twitter_card":"summary_large_image","twitter_misc":{"Written by":"admin","Est. reading time":"1 minute"},"schema":{"@context":"https:\/\/schema.org","@graph":[{"@type":"Article","@id":"https:\/\/fjala.info\/2009-2015\/ambasadat-ne-tirane-duket-se-sjane-ne-nje-mendje-me-berishen-rreth-aleances-kuqezi\/#article","isPartOf":{"@id":"https:\/\/fjala.info\/2009-2015\/ambasadat-ne-tirane-duket-se-sjane-ne-nje-mendje-me-berishen-rreth-aleances-kuqezi\/"},"author":{"name":"admin","@id":"https:\/\/fjala.info\/2009-2015\/#\/schema\/person\/3aa1163ef05469c496fc94e77611ada2"},"headline":"Ambasadat n\u00eb Tiran\u00eb duket se s\u2019jan\u00eb n\u00eb nj\u00eb mendje me Berish\u00ebn rreth Aleanc\u00ebs Kuqezi","datePublished":"2012-02-12T18:49:03+00:00","mainEntityOfPage":{"@id":"https:\/\/fjala.info\/2009-2015\/ambasadat-ne-tirane-duket-se-sjane-ne-nje-mendje-me-berishen-rreth-aleances-kuqezi\/"},"wordCount":237,"commentCount":0,"publisher":{"@id":"https:\/\/fjala.info\/2009-2015\/#organization"},"image":{"@id":"https:\/\/fjala.info\/2009-2015\/ambasadat-ne-tirane-duket-se-sjane-ne-nje-mendje-me-berishen-rreth-aleances-kuqezi\/#primaryimage"},"thumbnailUrl":"http:\/\/www.shkoder.net\/2012\/berisha_spahiu.jpg","articleSection":["Artikuj","Lajme"],"inLanguage":"sq-AL","potentialAction":[{"@type":"CommentAction","name":"Comment","target":["https:\/\/fjala.info\/2009-2015\/ambasadat-ne-tirane-duket-se-sjane-ne-nje-mendje-me-berishen-rreth-aleances-kuqezi\/#respond"]}]},{"@type":"WebPage","@id":"https:\/\/fjala.info\/2009-2015\/ambasadat-ne-tirane-duket-se-sjane-ne-nje-mendje-me-berishen-rreth-aleances-kuqezi\/","url":"https:\/\/fjala.info\/2009-2015\/ambasadat-ne-tirane-duket-se-sjane-ne-nje-mendje-me-berishen-rreth-aleances-kuqezi\/","name":"Ambasadat n\u00eb Tiran\u00eb duket se s\u2019jan\u00eb n\u00eb nj\u00eb mendje me Berish\u00ebn rreth Aleanc\u00ebs Kuqezi - FjALA e LIR\u00cb - Arkivi","isPartOf":{"@id":"https:\/\/fjala.info\/2009-2015\/#website"},"primaryImageOfPage":{"@id":"https:\/\/fjala.info\/2009-2015\/ambasadat-ne-tirane-duket-se-sjane-ne-nje-mendje-me-berishen-rreth-aleances-kuqezi\/#primaryimage"},"image":{"@id":"https:\/\/fjala.info\/2009-2015\/ambasadat-ne-tirane-duket-se-sjane-ne-nje-mendje-me-berishen-rreth-aleances-kuqezi\/#primaryimage"},"thumbnailUrl":"http:\/\/www.shkoder.net\/2012\/berisha_spahiu.jpg","datePublished":"2012-02-12T18:49:03+00:00","breadcrumb":{"@id":"https:\/\/fjala.info\/2009-2015\/ambasadat-ne-tirane-duket-se-sjane-ne-nje-mendje-me-berishen-rreth-aleances-kuqezi\/#breadcrumb"},"inLanguage":"sq-AL","potentialAction":[{"@type":"ReadAction","target":["https:\/\/fjala.info\/2009-2015\/ambasadat-ne-tirane-duket-se-sjane-ne-nje-mendje-me-berishen-rreth-aleances-kuqezi\/"]}]},{"@type":"ImageObject","inLanguage":"sq-AL","@id":"https:\/\/fjala.info\/2009-2015\/ambasadat-ne-tirane-duket-se-sjane-ne-nje-mendje-me-berishen-rreth-aleances-kuqezi\/#primaryimage","url":"http:\/\/www.shkoder.net\/2012\/berisha_spahiu.jpg","contentUrl":"http:\/\/www.shkoder.net\/2012\/berisha_spahiu.jpg"},{"@type":"BreadcrumbList","@id":"https:\/\/fjala.info\/2009-2015\/ambasadat-ne-tirane-duket-se-sjane-ne-nje-mendje-me-berishen-rreth-aleances-kuqezi\/#breadcrumb","itemListElement":[{"@type":"ListItem","position":1,"name":"Home","item":"https:\/\/fjala.info\/2009-2015\/"},{"@type":"ListItem","position":2,"name":"Ambasadat n\u00eb Tiran\u00eb duket se s\u2019jan\u00eb n\u00eb nj\u00eb mendje me Berish\u00ebn rreth Aleanc\u00ebs Kuqezi"}]},{"@type":"WebSite","@id":"https:\/\/fjala.info\/2009-2015\/#website","url":"https:\/\/fjala.info\/2009-2015\/","name":"FjALA e LIR\u00cb - Arkivi","description":"Arkivi 2009-2015","publisher":{"@id":"https:\/\/fjala.info\/2009-2015\/#organization"},"potentialAction":[{"@type":"SearchAction","target":{"@type":"EntryPoint","urlTemplate":"https:\/\/fjala.info\/2009-2015\/?s={search_term_string}"},"query-input":{"@type":"PropertyValueSpecification","valueRequired":true,"valueName":"search_term_string"}}],"inLanguage":"sq-AL"},{"@type":"Organization","@id":"https:\/\/fjala.info\/2009-2015\/#organization","name":"FjALA e LIR\u00cb - Arkivi","url":"https:\/\/fjala.info\/2009-2015\/","logo":{"@type":"ImageObject","inLanguage":"sq-AL","@id":"https:\/\/fjala.info\/2009-2015\/#\/schema\/logo\/image\/","url":"","contentUrl":"","caption":"FjALA e LIR\u00cb - Arkivi"},"image":{"@id":"https:\/\/fjala.info\/2009-2015\/#\/schema\/logo\/image\/"}},{"@type":"Person","@id":"https:\/\/fjala.info\/2009-2015\/#\/schema\/person\/3aa1163ef05469c496fc94e77611ada2","name":"admin","image":{"@type":"ImageObject","inLanguage":"sq-AL","@id":"https:\/\/fjala.info\/2009-2015\/wp-content\/uploads\/2012\/02\/arben_cokaj-120x150.jpg","url":"https:\/\/fjala.info\/2009-2015\/wp-content\/uploads\/2012\/02\/arben_cokaj-120x150.jpg","contentUrl":"https:\/\/fjala.info\/2009-2015\/wp-content\/uploads\/2012\/02\/arben_cokaj-120x150.jpg","caption":"admin"},"description":"Admin, Fjala e Lir\u00eb","sameAs":["https:\/\/fjala.info\/"],"url":"https:\/\/fjala.info\/2009-2015\/author\/admin\/"}]}},"_links":{"self":[{"href":"https:\/\/fjala.info\/2009-2015\/wp-json\/wp\/v2\/posts\/1749","targetHints":{"allow":["GET"]}}],"collection":[{"href":"https:\/\/fjala.info\/2009-2015\/wp-json\/wp\/v2\/posts"}],"about":[{"href":"https:\/\/fjala.info\/2009-2015\/wp-json\/wp\/v2\/types\/post"}],"author":[{"embeddable":true,"href":"https:\/\/fjala.info\/2009-2015\/wp-json\/wp\/v2\/users\/1"}],"replies":[{"embeddable":true,"href":"https:\/\/fjala.info\/2009-2015\/wp-json\/wp\/v2\/comments?post=1749"}],"version-history":[{"count":0,"href":"https:\/\/fjala.info\/2009-2015\/wp-json\/wp\/v2\/posts\/1749\/revisions"}],"wp:attachment":[{"href":"https:\/\/fjala.info\/2009-2015\/wp-json\/wp\/v2\/media?parent=1749"}],"wp:term":[{"taxonomy":"category","embeddable":true,"href":"https:\/\/fjala.info\/2009-2015\/wp-json\/wp\/v2\/categories?post=1749"},{"taxonomy":"post_tag","embeddable":true,"href":"https:\/\/fjala.info\/2009-2015\/wp-json\/wp\/v2\/tags?post=1749"}],"curies":[{"name":"wp","href":"https:\/\/api.w.org\/{rel}","templated":true}]}}