{"id":1746,"date":"2012-02-12T10:46:09","date_gmt":"2012-02-12T09:46:09","guid":{"rendered":"http:\/\/fjala.shkoder.net\/?p=1746"},"modified":"2012-02-12T10:46:09","modified_gmt":"2012-02-12T09:46:09","slug":"rritja-e-krimit-dhe-ministria-e-brendshme","status":"publish","type":"post","link":"https:\/\/fjala.info\/2009-2015\/rritja-e-krimit-dhe-ministria-e-brendshme\/","title":{"rendered":"Rritja e krimit dhe Ministria e Brendshme"},"content":{"rendered":"<p><img decoding=\"async\" class=\"alignright size-thumbnail wp-image-7236\" title=\"Edi Rama\" src=\"http:\/\/www.shkoder.net\/images\/fjala\/2011\/edi_rama4.jpg\" alt=\"\" width=\"200\" \/> <strong>Edi Rama<\/strong><\/p>\n<p>Shtuar m\u00eb shum\u00eb se dyfish shifra e kriminalitetit vjetor n\u00eb vet\u00ebm tre vjet. Nga 94 vrasje para tre vjet\u00ebsh 137 t\u00eb tilla tre vjet m\u00eb von\u00eb. Afro dyfish krimet kund\u00ebr pron\u00ebs. Dyfish vjedhjet me dhun\u00eb n\u00eb t\u00eb nj\u00ebjtin hark kohor. M\u00eb shum\u00eb se dyfish vjedhjet me arm\u00eb. Nga 697 vjedhje banesash para tre vjet\u00ebsh 979 tre vjet m\u00eb pas. Rritje galopante edhe n\u00eb vjedhjet e kompanive private. Gati kat\u00ebrfish vjedhjet e quajtura \u201ct\u00eb tjera\u201d. Pran\u00eb dyfishimit arm\u00ebmbajtjet pa leje. Pes\u00ebfish shkeljet n\u00eb qarkullimin rrugor.<\/p>\n<p>Kjo \u00ebsht\u00eb trajektorja marramend\u00ebse e krimit n\u00eb tre vjet\u00ebt e fundit. Jan\u00eb shifra t\u00eb frikshme dhe edhe m\u00eb e frikshme \u00ebsht\u00eb tendenca n\u00eb ngjitje e tyre. Ngjitje e vazhdueshme q\u00eb p\u00ebrkon me r\u00ebnien e shtetit. K\u00ebto shifra jan\u00eb nxjerr\u00eb nga brenda Ministris\u00eb s\u00eb Brendshme, aty ku \u00ebsht\u00eb gatuar edhe fshehja e turpshme e tyre. Por r\u00ebnien e shtetit e tregojn\u00eb pa koment lajmet e p\u00ebrditshme q\u00eb d\u00ebshmojn\u00eb kthimin prepotent t\u00eb krimit n\u00eb nj\u00eb makth shoq\u00ebror e individual p\u00ebr qytetar\u00ebt e Shqip\u00ebris\u00eb. Krimi po e mbyt Shqip\u00ebrin\u00eb.<\/p>\n<p>Pas shifrave e lajmeve trondit\u00ebse q\u00ebndron nj\u00eb shoq\u00ebri e k\u00ebrc\u00ebnuar p\u00ebrdit\u00eb n\u00eb sigurin\u00eb e saj. Shteti e ka humbur betej\u00ebn me krimin sepse pushteti e ka rr\u00ebnuar moralisht e profesionalisht policin\u00eb, si\u00e7 ka rr\u00ebgjuar edhe jet\u00ebn shoq\u00ebrore n\u00ebn trysnin\u00eb e papun\u00ebsis\u00eb e t\u00eb degradimit t\u00eb sh\u00ebrbimeve publike. N\u00eb nj\u00eb vend me 1 milion\u00eb t\u00eb papun\u00eb ku Policia e Shtetit trajtohet si zyr\u00eb p\u00ebr t\u00eb pun\u00ebsuar sh\u00ebrb\u00ebtor\u00ebt e partive t\u00eb qeveris\u00eb, kush\u00ebrinjt\u00eb apo miqt\u00eb krahinor\u00eb dhe ende m\u00eb keq, njer\u00ebzit me precedent\u00eb penal\u00eb p\u00ebr fushata elektorale, s\u2019ka se si krimi t\u00eb mos e fundos\u00eb shtetin n\u00ebn pesh\u00ebn e vet.<\/p>\n<p>Ministria e Brendshme rendi edhe dje t\u00eb mbrohet duke u hedhur n\u00eb sulm menj\u00ebher\u00eb pas tryez\u00ebs son\u00eb t\u00eb programit t\u00eb ri mbi rendin e sigurin\u00eb publike dhe pas shifrave t\u00eb m\u00ebsip\u00ebrme t\u00eb publikuara prej nesh. I falenderoj publikisht ata q\u00eb nga brenda strukturave t\u00eb asaj ministrie k\u00ebrkuan ndihm\u00ebn ton\u00eb p\u00ebr t\u2019i nxjerr\u00eb n\u00eb drit\u00eb ato shifrat t\u00eb fshehura dhe v\u00ebn\u00eb alarmin. Kemi t\u00eb dokumentuar po ashtu edhe metod\u00ebn e manipulimit t\u00eb Ministris\u00eb s\u00eb Brendshme me shifrat e rreme q\u00eb ka p\u00ebrdorur p\u00ebr t\u00eb g\u00ebnjyer publikun n\u00eb kuadrin e propagand\u00ebs s\u00eb p\u00ebrgjithshme qeveritare.<\/p>\n<p>Nj\u00eb tjet\u00ebr shembull ky i t\u00eb v\u00ebrtet\u00ebs s\u00eb hidhur se qeveria shqiptare \u00ebsht\u00eb kthyer n\u00eb nj\u00eb nd\u00ebrmarrje propagandistike manipulimesh q\u00eb ka humbur plot\u00ebsisht kuptimin si qeveri e Republik\u00ebs s\u00eb Shqip\u00ebris\u00eb. Nj\u00eb tjet\u00ebr shembull kuptimplot\u00eb i faktit se qeveria shqiptare \u00ebsht\u00eb shnd\u00ebruar n\u00eb nj\u00eb trup\u00eb q\u00eb m\u00eb shum\u00eb ngjan e interesuar p\u00ebr t\u2019i shp\u00ebtuar t\u00eb v\u00ebrtet\u00ebs dhe ligjit se sa p\u00ebr t\u00eb dh\u00ebn\u00eb shembullin e duhur t\u00eb sjelljes sociale e p\u00ebr t\u00eb imponuar rendin ligjor n\u00eb Shqip\u00ebri. Nj\u00eb tjet\u00ebr shembull drith\u00ebrues p\u00ebr t\u00eb kuptuar se kjo qeveri nuk ndalet n\u00eb kriminalizimin shum\u00ebplan\u00ebsh t\u00eb procesit qeveris\u00ebs.<\/p>\n<p>Sjellja antisociale \u00ebsht\u00eb ushqimi baz\u00eb i kriminalitetit dhe zbutja e k\u00ebsaj sjelljeje t\u00eb gjith\u00ebp\u00ebrhapur n\u00eb shoq\u00ebrin\u00eb ton\u00eb \u00ebsht\u00eb nj\u00eb mision shum\u00eb i gjer\u00eb social q\u00eb qeveria e vendit duhet ta ndaj\u00eb me prind\u00ebrit, me familjet, me m\u00ebsuesit e pedagog\u00ebt, me komunitetet e me median, me publikun n\u00eb t\u00ebr\u00ebsi. Esht\u00eb nj\u00eb mision q\u00eb ze fill nga vet\u00eb sjellja e qeveris\u00eb ndaj vendit, publikut, fakteve. Por fatkeq\u00ebsisht qeveria jon\u00eb nuk e lufton por e motivon sjelljen antisociale n\u00eb Shqip\u00ebri me shembullin e saj t\u00eb mjer\u00eb dhe mjerues p\u00ebr shoq\u00ebrin\u00eb. Sot qeveria e ka pranuar ep\u00ebrsin\u00eb e kriz\u00ebs ekonomike, sepse masat e saj nuk e zbusin po e thellojn\u00eb kriz\u00ebn.<\/p>\n<p>T\u00eb cil\u00ebn kryeministri mundohet vet\u00ebm ta fsheh\u00eb duke fshehur t\u00eb v\u00ebrtet\u00ebn, manipuluar shifrat, g\u00ebnjyer papushim publikun. Qeveria ka pranuar po nj\u00ebsoj edhe ep\u00ebrsin\u00eb e krimit dhe madje \u00ebsht\u00eb b\u00ebr\u00eb burim inkurajimi p\u00ebr krimin me sjelljen e vet t\u00eb padenj\u00eb publike dhe me vendimmarrjen e vet t\u00eb err\u00ebt; me retorik\u00ebn e shifrave t\u00eb g\u00ebnjesht\u00ebrta dhe me sulmet barbare ndaj prokuroris\u00eb; me bashk\u00ebpunimin e hapur me kriminel\u00ebt n\u00eb fushata elektorale dhe me gradimin e pinjoll\u00ebve t\u00eb krimit n\u00eb poste drejtuese t\u00eb policis\u00eb.<\/p>\n<p>Qeveria sot \u00ebsht\u00eb b\u00ebr\u00eb pa ekzagjerim konkurente e krimit n\u00eb goditjet haptaz kriminale t\u00eb Kushtetut\u00ebs e ligjit. P\u00ebrmes plumbave t\u00eb nxjerr\u00eb nga pushk\u00ebt e saj p\u00ebr t\u00eb vrar\u00eb protestues opozitar\u00eb, p\u00ebrmes pengimit t\u00eb dhunsh\u00ebm t\u00eb hetimeve me fshirje gjurm\u00ebsh e k\u00ebrc\u00ebnime publike ndaj Prokurores s\u00eb P\u00ebrgjithshme, p\u00ebrmes vjedhjeve t\u00eb hatashme me z\u00eb e me figur\u00eb dhe p\u00ebrmes korruptimit spektakolar t\u00eb proceseve gjyq\u00ebsore ku \u00ebsht\u00eb gjendur n\u00eb bank\u00ebn e t\u00eb akuzuarit nga prokuroria, qeveria ka zgjedhur metod\u00ebn e krimit n\u00eb raport me ligjin, me drejt\u00ebsin\u00eb, me njer\u00ebzit e zakonsh\u00ebm.<\/p>\n<p>Sjellja e saj antiligj dhe antishtet e b\u00ebn natyrsh\u00ebm krimin m\u00eb t\u00eb guximsh\u00ebm e m\u00eb t\u00eb sukssessh\u00ebm n\u00eb aksionin e tij barbar dhe n\u00eb dyert e drejt\u00ebsis\u00eb po ashtu. Kriminel\u00ebt dhe bandat kriminale e kan\u00eb rritur forc\u00ebn godit\u00ebse t\u00eb tyre sepse veprojn\u00eb n\u00eb nj\u00eb terren ku muret mbrojt\u00ebse t\u00eb ligjit e t\u00eb shtetit jan\u00eb d\u00ebmtuar r\u00ebnd\u00eb nga braktisja e detyrimeve kushtetuese e ligjore prej qeveris\u00eb.<\/p>\n<p>Nga forca e shembullit t\u00eb saj zvet\u00ebnues p\u00ebr moralin shoq\u00ebror e p\u00ebr autoritetin e shtetit. Nga t\u00ebrmetet e r\u00ebnda q\u00eb vet\u00eb qeverisja ka shkaktuar n\u00eb themelet e tyre me vrasjet, shp\u00ebrthimet, grabitjet, plag\u00ebt e pangush\u00ebllueshme n\u00eb familjet e njer\u00ebzve t\u00eb zakonsh\u00ebm q\u00eb p\u00ebr shkak t\u00eb qeveris\u00eb kan\u00eb humbur t\u00eb af\u00ebrm, kan\u00eb humbur prona, kan\u00eb humbur biznesin, pun\u00ebn, sigurin\u00eb. Nd\u00ebrsa policia e ka ulur forc\u00ebn godit\u00ebse t\u00eb saj sepse \u00ebsht\u00eb e tradh\u00ebtuar dhe e braktisur n\u00ebn drejtimin e atyre q\u00eb duhen t\u00eb ishin para drejt\u00ebsis\u00eb e jo t\u00eb kishin n\u00ebn urdh\u00ebra policin\u00eb.<\/p>\n<p>N\u00eb reagimin e vet patetik Ministria e Brendshme fliste p\u00ebr suksese imagjinare e p\u00ebr mosmir\u00ebnjohje nga ana e opozit\u00ebs ndaj policis\u00eb. Nj\u00eb reagim absurd, dob\u00ebsi e dukshme e arroganc\u00ebs s\u00eb nj\u00eb pushteti q\u00eb ka humbur \u00e7do arsye e q\u00ebllim tjet\u00ebr ve\u00e7 t\u00eb ndenjurit aty ku \u00ebsht\u00eb, p\u00ebr t\u00eb b\u00ebr\u00eb pun\u00ebt e veta krejt pa lidhje me pun\u00ebt e Shqip\u00ebris\u00eb. Por edhe m\u00eb keq se kaq ishte n\u00eb at\u00eb reagim idiotik krahasimi tall\u00ebs me Bashkimin Europian, ku sipas Ministris\u00eb s\u00eb Brendshme qenkemi n\u00eb pararoj\u00eb edhe n\u00eb pun\u00ebt e rendit.<\/p>\n<p>As m\u00eb shum\u00eb e as m\u00eb pak po mbi mesataren e BE-s\u00eb! Tamam ashtu si me ekonomin\u00eb pakashum\u00eb, ku jemi t\u00eb dyt\u00ebt pas Gjermanis\u00eb si\u00e7 thot\u00eb kryeministri dhe nj\u00ebkoh\u00ebsisht p\u00ebrgjegj\u00ebsi i madh p\u00ebr t\u00ebr\u00eb k\u00ebt\u00eb propagand\u00eb turp\u00ebruese p\u00ebr Shqip\u00ebrin\u00eb, p\u00ebr politik\u00ebn, p\u00ebr \u00e7do njeri t\u00eb logjiksh\u00ebm n\u00eb k\u00ebt\u00eb vend. Kjo qeveri do t\u00eb vazhdoj\u00eb rrug\u00ebn pa kthim t\u00eb falimentimit t\u00eb shtetit e t\u00eb shpartallimit t\u00eb moralit publik e politik p\u00ebrmes fjal\u00ebve e veprave t\u00eb saj t\u00eb ul\u00ebta. Derisa, n\u00eb zgjedhjet e ardhshme t\u00eb marr\u00eb nd\u00ebshkimin e shum\u00ebmerituar e t\u2019u hiqet sysh shqiptar\u00ebve dhe partner\u00ebve nd\u00ebrkomb\u00ebtar\u00eb. P\u00ebr t\u2019ia l\u00ebn\u00eb vendin opozit\u00ebs s\u00eb sotme duke i hapur rrug\u00eb realizimit t\u00eb programit ton\u00eb p\u00ebr nj\u00eb Rilindje Shqiptare.<\/p>\n<p>Sot krimi e ka fituar luft\u00ebn me shtetin. Nes\u00ebr, p\u00ebrmes qeveris\u00eb son\u00eb t\u00eb re dhe programit ton\u00eb t\u00eb qart\u00eb kund\u00ebr krimit e shkaqeve t\u00eb krimit, shteti do ta fitoj\u00eb luft\u00ebn me krimin.<\/p>\n","protected":false},"excerpt":{"rendered":"<p>Edi Rama Shtuar m\u00eb shum\u00eb se dyfish shifra e kriminalitetit vjetor n\u00eb vet\u00ebm tre vjet. Nga 94 vrasje para tre vjet\u00ebsh 137 t\u00eb tilla tre vjet m\u00eb von\u00eb. Afro dyfish krimet kund\u00ebr pron\u00ebs. Dyfish vjedhjet me dhun\u00eb n\u00eb t\u00eb nj\u00ebjtin hark kohor. M\u00eb shum\u00eb se dyfish vjedhjet me arm\u00eb. Nga 697 vjedhje banesash para tre [&hellip;]<\/p>\n","protected":false},"author":1,"featured_media":0,"comment_status":"open","ping_status":"closed","sticky":false,"template":"","format":"standard","meta":{"footnotes":""},"categories":[2],"tags":[],"class_list":{"0":"post-1746","1":"post","2":"type-post","3":"status-publish","4":"format-standard","6":"category-artikuj"},"yoast_head":"<!-- This site is optimized with the Yoast SEO plugin v27.4 - https:\/\/yoast.com\/product\/yoast-seo-wordpress\/ -->\n<title>Rritja e krimit dhe Ministria e Brendshme - FjALA e LIR\u00cb - Arkivi<\/title>\n<meta name=\"robots\" content=\"index, follow, max-snippet:-1, max-image-preview:large, max-video-preview:-1\" \/>\n<link rel=\"canonical\" href=\"https:\/\/fjala.info\/2009-2015\/rritja-e-krimit-dhe-ministria-e-brendshme\/\" \/>\n<meta property=\"og:locale\" content=\"sq_AL\" \/>\n<meta property=\"og:type\" content=\"article\" \/>\n<meta property=\"og:title\" content=\"Rritja e krimit dhe Ministria e Brendshme - FjALA e LIR\u00cb - Arkivi\" \/>\n<meta property=\"og:description\" content=\"Edi Rama Shtuar m\u00eb shum\u00eb se dyfish shifra e kriminalitetit vjetor n\u00eb vet\u00ebm tre vjet. Nga 94 vrasje para tre vjet\u00ebsh 137 t\u00eb tilla tre vjet m\u00eb von\u00eb. Afro dyfish krimet kund\u00ebr pron\u00ebs. Dyfish vjedhjet me dhun\u00eb n\u00eb t\u00eb nj\u00ebjtin hark kohor. M\u00eb shum\u00eb se dyfish vjedhjet me arm\u00eb. Nga 697 vjedhje banesash para tre [&hellip;]\" \/>\n<meta property=\"og:url\" content=\"https:\/\/fjala.info\/2009-2015\/rritja-e-krimit-dhe-ministria-e-brendshme\/\" \/>\n<meta property=\"og:site_name\" content=\"FjALA e LIR\u00cb - Arkivi\" \/>\n<meta property=\"article:published_time\" content=\"2012-02-12T09:46:09+00:00\" \/>\n<meta property=\"og:image\" content=\"http:\/\/www.shkoder.net\/images\/fjala\/2011\/edi_rama4.jpg\" \/>\n<meta name=\"author\" content=\"admin\" \/>\n<meta name=\"twitter:card\" content=\"summary_large_image\" \/>\n<meta name=\"twitter:label1\" content=\"Written by\" \/>\n\t<meta name=\"twitter:data1\" content=\"admin\" \/>\n\t<meta name=\"twitter:label2\" content=\"Est. reading time\" \/>\n\t<meta name=\"twitter:data2\" content=\"7 minutes\" \/>\n<script type=\"application\/ld+json\" class=\"yoast-schema-graph\">{\"@context\":\"https:\\\/\\\/schema.org\",\"@graph\":[{\"@type\":\"Article\",\"@id\":\"https:\\\/\\\/fjala.info\\\/2009-2015\\\/rritja-e-krimit-dhe-ministria-e-brendshme\\\/#article\",\"isPartOf\":{\"@id\":\"https:\\\/\\\/fjala.info\\\/2009-2015\\\/rritja-e-krimit-dhe-ministria-e-brendshme\\\/\"},\"author\":{\"name\":\"admin\",\"@id\":\"https:\\\/\\\/fjala.info\\\/2009-2015\\\/#\\\/schema\\\/person\\\/3aa1163ef05469c496fc94e77611ada2\"},\"headline\":\"Rritja e krimit dhe Ministria e Brendshme\",\"datePublished\":\"2012-02-12T09:46:09+00:00\",\"mainEntityOfPage\":{\"@id\":\"https:\\\/\\\/fjala.info\\\/2009-2015\\\/rritja-e-krimit-dhe-ministria-e-brendshme\\\/\"},\"wordCount\":1345,\"commentCount\":0,\"publisher\":{\"@id\":\"https:\\\/\\\/fjala.info\\\/2009-2015\\\/#organization\"},\"image\":{\"@id\":\"https:\\\/\\\/fjala.info\\\/2009-2015\\\/rritja-e-krimit-dhe-ministria-e-brendshme\\\/#primaryimage\"},\"thumbnailUrl\":\"http:\\\/\\\/www.shkoder.net\\\/images\\\/fjala\\\/2011\\\/edi_rama4.jpg\",\"articleSection\":[\"Artikuj\"],\"inLanguage\":\"sq-AL\",\"potentialAction\":[{\"@type\":\"CommentAction\",\"name\":\"Comment\",\"target\":[\"https:\\\/\\\/fjala.info\\\/2009-2015\\\/rritja-e-krimit-dhe-ministria-e-brendshme\\\/#respond\"]}]},{\"@type\":\"WebPage\",\"@id\":\"https:\\\/\\\/fjala.info\\\/2009-2015\\\/rritja-e-krimit-dhe-ministria-e-brendshme\\\/\",\"url\":\"https:\\\/\\\/fjala.info\\\/2009-2015\\\/rritja-e-krimit-dhe-ministria-e-brendshme\\\/\",\"name\":\"Rritja e krimit dhe Ministria e Brendshme - FjALA e LIR\u00cb - Arkivi\",\"isPartOf\":{\"@id\":\"https:\\\/\\\/fjala.info\\\/2009-2015\\\/#website\"},\"primaryImageOfPage\":{\"@id\":\"https:\\\/\\\/fjala.info\\\/2009-2015\\\/rritja-e-krimit-dhe-ministria-e-brendshme\\\/#primaryimage\"},\"image\":{\"@id\":\"https:\\\/\\\/fjala.info\\\/2009-2015\\\/rritja-e-krimit-dhe-ministria-e-brendshme\\\/#primaryimage\"},\"thumbnailUrl\":\"http:\\\/\\\/www.shkoder.net\\\/images\\\/fjala\\\/2011\\\/edi_rama4.jpg\",\"datePublished\":\"2012-02-12T09:46:09+00:00\",\"breadcrumb\":{\"@id\":\"https:\\\/\\\/fjala.info\\\/2009-2015\\\/rritja-e-krimit-dhe-ministria-e-brendshme\\\/#breadcrumb\"},\"inLanguage\":\"sq-AL\",\"potentialAction\":[{\"@type\":\"ReadAction\",\"target\":[\"https:\\\/\\\/fjala.info\\\/2009-2015\\\/rritja-e-krimit-dhe-ministria-e-brendshme\\\/\"]}]},{\"@type\":\"ImageObject\",\"inLanguage\":\"sq-AL\",\"@id\":\"https:\\\/\\\/fjala.info\\\/2009-2015\\\/rritja-e-krimit-dhe-ministria-e-brendshme\\\/#primaryimage\",\"url\":\"http:\\\/\\\/www.shkoder.net\\\/images\\\/fjala\\\/2011\\\/edi_rama4.jpg\",\"contentUrl\":\"http:\\\/\\\/www.shkoder.net\\\/images\\\/fjala\\\/2011\\\/edi_rama4.jpg\"},{\"@type\":\"BreadcrumbList\",\"@id\":\"https:\\\/\\\/fjala.info\\\/2009-2015\\\/rritja-e-krimit-dhe-ministria-e-brendshme\\\/#breadcrumb\",\"itemListElement\":[{\"@type\":\"ListItem\",\"position\":1,\"name\":\"Home\",\"item\":\"https:\\\/\\\/fjala.info\\\/2009-2015\\\/\"},{\"@type\":\"ListItem\",\"position\":2,\"name\":\"Rritja e krimit dhe Ministria e Brendshme\"}]},{\"@type\":\"WebSite\",\"@id\":\"https:\\\/\\\/fjala.info\\\/2009-2015\\\/#website\",\"url\":\"https:\\\/\\\/fjala.info\\\/2009-2015\\\/\",\"name\":\"FjALA e LIR\u00cb - Arkivi\",\"description\":\"Arkivi 2009-2015\",\"publisher\":{\"@id\":\"https:\\\/\\\/fjala.info\\\/2009-2015\\\/#organization\"},\"potentialAction\":[{\"@type\":\"SearchAction\",\"target\":{\"@type\":\"EntryPoint\",\"urlTemplate\":\"https:\\\/\\\/fjala.info\\\/2009-2015\\\/?s={search_term_string}\"},\"query-input\":{\"@type\":\"PropertyValueSpecification\",\"valueRequired\":true,\"valueName\":\"search_term_string\"}}],\"inLanguage\":\"sq-AL\"},{\"@type\":\"Organization\",\"@id\":\"https:\\\/\\\/fjala.info\\\/2009-2015\\\/#organization\",\"name\":\"FjALA e LIR\u00cb - Arkivi\",\"url\":\"https:\\\/\\\/fjala.info\\\/2009-2015\\\/\",\"logo\":{\"@type\":\"ImageObject\",\"inLanguage\":\"sq-AL\",\"@id\":\"https:\\\/\\\/fjala.info\\\/2009-2015\\\/#\\\/schema\\\/logo\\\/image\\\/\",\"url\":\"\",\"contentUrl\":\"\",\"caption\":\"FjALA e LIR\u00cb - Arkivi\"},\"image\":{\"@id\":\"https:\\\/\\\/fjala.info\\\/2009-2015\\\/#\\\/schema\\\/logo\\\/image\\\/\"}},{\"@type\":\"Person\",\"@id\":\"https:\\\/\\\/fjala.info\\\/2009-2015\\\/#\\\/schema\\\/person\\\/3aa1163ef05469c496fc94e77611ada2\",\"name\":\"admin\",\"image\":{\"@type\":\"ImageObject\",\"inLanguage\":\"sq-AL\",\"@id\":\"https:\\\/\\\/fjala.info\\\/2009-2015\\\/wp-content\\\/uploads\\\/2012\\\/02\\\/arben_cokaj-120x150.jpg\",\"url\":\"https:\\\/\\\/fjala.info\\\/2009-2015\\\/wp-content\\\/uploads\\\/2012\\\/02\\\/arben_cokaj-120x150.jpg\",\"contentUrl\":\"https:\\\/\\\/fjala.info\\\/2009-2015\\\/wp-content\\\/uploads\\\/2012\\\/02\\\/arben_cokaj-120x150.jpg\",\"caption\":\"admin\"},\"description\":\"Admin, Fjala e Lir\u00eb\",\"sameAs\":[\"https:\\\/\\\/fjala.info\\\/\"],\"url\":\"https:\\\/\\\/fjala.info\\\/2009-2015\\\/author\\\/admin\\\/\"}]}<\/script>\n<!-- \/ Yoast SEO plugin. -->","yoast_head_json":{"title":"Rritja e krimit dhe Ministria e Brendshme - FjALA e LIR\u00cb - Arkivi","robots":{"index":"index","follow":"follow","max-snippet":"max-snippet:-1","max-image-preview":"max-image-preview:large","max-video-preview":"max-video-preview:-1"},"canonical":"https:\/\/fjala.info\/2009-2015\/rritja-e-krimit-dhe-ministria-e-brendshme\/","og_locale":"sq_AL","og_type":"article","og_title":"Rritja e krimit dhe Ministria e Brendshme - FjALA e LIR\u00cb - Arkivi","og_description":"Edi Rama Shtuar m\u00eb shum\u00eb se dyfish shifra e kriminalitetit vjetor n\u00eb vet\u00ebm tre vjet. Nga 94 vrasje para tre vjet\u00ebsh 137 t\u00eb tilla tre vjet m\u00eb von\u00eb. Afro dyfish krimet kund\u00ebr pron\u00ebs. Dyfish vjedhjet me dhun\u00eb n\u00eb t\u00eb nj\u00ebjtin hark kohor. M\u00eb shum\u00eb se dyfish vjedhjet me arm\u00eb. Nga 697 vjedhje banesash para tre [&hellip;]","og_url":"https:\/\/fjala.info\/2009-2015\/rritja-e-krimit-dhe-ministria-e-brendshme\/","og_site_name":"FjALA e LIR\u00cb - Arkivi","article_published_time":"2012-02-12T09:46:09+00:00","og_image":[{"url":"http:\/\/www.shkoder.net\/images\/fjala\/2011\/edi_rama4.jpg","type":"","width":"","height":""}],"author":"admin","twitter_card":"summary_large_image","twitter_misc":{"Written by":"admin","Est. reading time":"7 minutes"},"schema":{"@context":"https:\/\/schema.org","@graph":[{"@type":"Article","@id":"https:\/\/fjala.info\/2009-2015\/rritja-e-krimit-dhe-ministria-e-brendshme\/#article","isPartOf":{"@id":"https:\/\/fjala.info\/2009-2015\/rritja-e-krimit-dhe-ministria-e-brendshme\/"},"author":{"name":"admin","@id":"https:\/\/fjala.info\/2009-2015\/#\/schema\/person\/3aa1163ef05469c496fc94e77611ada2"},"headline":"Rritja e krimit dhe Ministria e Brendshme","datePublished":"2012-02-12T09:46:09+00:00","mainEntityOfPage":{"@id":"https:\/\/fjala.info\/2009-2015\/rritja-e-krimit-dhe-ministria-e-brendshme\/"},"wordCount":1345,"commentCount":0,"publisher":{"@id":"https:\/\/fjala.info\/2009-2015\/#organization"},"image":{"@id":"https:\/\/fjala.info\/2009-2015\/rritja-e-krimit-dhe-ministria-e-brendshme\/#primaryimage"},"thumbnailUrl":"http:\/\/www.shkoder.net\/images\/fjala\/2011\/edi_rama4.jpg","articleSection":["Artikuj"],"inLanguage":"sq-AL","potentialAction":[{"@type":"CommentAction","name":"Comment","target":["https:\/\/fjala.info\/2009-2015\/rritja-e-krimit-dhe-ministria-e-brendshme\/#respond"]}]},{"@type":"WebPage","@id":"https:\/\/fjala.info\/2009-2015\/rritja-e-krimit-dhe-ministria-e-brendshme\/","url":"https:\/\/fjala.info\/2009-2015\/rritja-e-krimit-dhe-ministria-e-brendshme\/","name":"Rritja e krimit dhe Ministria e Brendshme - FjALA e LIR\u00cb - Arkivi","isPartOf":{"@id":"https:\/\/fjala.info\/2009-2015\/#website"},"primaryImageOfPage":{"@id":"https:\/\/fjala.info\/2009-2015\/rritja-e-krimit-dhe-ministria-e-brendshme\/#primaryimage"},"image":{"@id":"https:\/\/fjala.info\/2009-2015\/rritja-e-krimit-dhe-ministria-e-brendshme\/#primaryimage"},"thumbnailUrl":"http:\/\/www.shkoder.net\/images\/fjala\/2011\/edi_rama4.jpg","datePublished":"2012-02-12T09:46:09+00:00","breadcrumb":{"@id":"https:\/\/fjala.info\/2009-2015\/rritja-e-krimit-dhe-ministria-e-brendshme\/#breadcrumb"},"inLanguage":"sq-AL","potentialAction":[{"@type":"ReadAction","target":["https:\/\/fjala.info\/2009-2015\/rritja-e-krimit-dhe-ministria-e-brendshme\/"]}]},{"@type":"ImageObject","inLanguage":"sq-AL","@id":"https:\/\/fjala.info\/2009-2015\/rritja-e-krimit-dhe-ministria-e-brendshme\/#primaryimage","url":"http:\/\/www.shkoder.net\/images\/fjala\/2011\/edi_rama4.jpg","contentUrl":"http:\/\/www.shkoder.net\/images\/fjala\/2011\/edi_rama4.jpg"},{"@type":"BreadcrumbList","@id":"https:\/\/fjala.info\/2009-2015\/rritja-e-krimit-dhe-ministria-e-brendshme\/#breadcrumb","itemListElement":[{"@type":"ListItem","position":1,"name":"Home","item":"https:\/\/fjala.info\/2009-2015\/"},{"@type":"ListItem","position":2,"name":"Rritja e krimit dhe Ministria e Brendshme"}]},{"@type":"WebSite","@id":"https:\/\/fjala.info\/2009-2015\/#website","url":"https:\/\/fjala.info\/2009-2015\/","name":"FjALA e LIR\u00cb - Arkivi","description":"Arkivi 2009-2015","publisher":{"@id":"https:\/\/fjala.info\/2009-2015\/#organization"},"potentialAction":[{"@type":"SearchAction","target":{"@type":"EntryPoint","urlTemplate":"https:\/\/fjala.info\/2009-2015\/?s={search_term_string}"},"query-input":{"@type":"PropertyValueSpecification","valueRequired":true,"valueName":"search_term_string"}}],"inLanguage":"sq-AL"},{"@type":"Organization","@id":"https:\/\/fjala.info\/2009-2015\/#organization","name":"FjALA e LIR\u00cb - Arkivi","url":"https:\/\/fjala.info\/2009-2015\/","logo":{"@type":"ImageObject","inLanguage":"sq-AL","@id":"https:\/\/fjala.info\/2009-2015\/#\/schema\/logo\/image\/","url":"","contentUrl":"","caption":"FjALA e LIR\u00cb - Arkivi"},"image":{"@id":"https:\/\/fjala.info\/2009-2015\/#\/schema\/logo\/image\/"}},{"@type":"Person","@id":"https:\/\/fjala.info\/2009-2015\/#\/schema\/person\/3aa1163ef05469c496fc94e77611ada2","name":"admin","image":{"@type":"ImageObject","inLanguage":"sq-AL","@id":"https:\/\/fjala.info\/2009-2015\/wp-content\/uploads\/2012\/02\/arben_cokaj-120x150.jpg","url":"https:\/\/fjala.info\/2009-2015\/wp-content\/uploads\/2012\/02\/arben_cokaj-120x150.jpg","contentUrl":"https:\/\/fjala.info\/2009-2015\/wp-content\/uploads\/2012\/02\/arben_cokaj-120x150.jpg","caption":"admin"},"description":"Admin, Fjala e Lir\u00eb","sameAs":["https:\/\/fjala.info\/"],"url":"https:\/\/fjala.info\/2009-2015\/author\/admin\/"}]}},"_links":{"self":[{"href":"https:\/\/fjala.info\/2009-2015\/wp-json\/wp\/v2\/posts\/1746","targetHints":{"allow":["GET"]}}],"collection":[{"href":"https:\/\/fjala.info\/2009-2015\/wp-json\/wp\/v2\/posts"}],"about":[{"href":"https:\/\/fjala.info\/2009-2015\/wp-json\/wp\/v2\/types\/post"}],"author":[{"embeddable":true,"href":"https:\/\/fjala.info\/2009-2015\/wp-json\/wp\/v2\/users\/1"}],"replies":[{"embeddable":true,"href":"https:\/\/fjala.info\/2009-2015\/wp-json\/wp\/v2\/comments?post=1746"}],"version-history":[{"count":0,"href":"https:\/\/fjala.info\/2009-2015\/wp-json\/wp\/v2\/posts\/1746\/revisions"}],"wp:attachment":[{"href":"https:\/\/fjala.info\/2009-2015\/wp-json\/wp\/v2\/media?parent=1746"}],"wp:term":[{"taxonomy":"category","embeddable":true,"href":"https:\/\/fjala.info\/2009-2015\/wp-json\/wp\/v2\/categories?post=1746"},{"taxonomy":"post_tag","embeddable":true,"href":"https:\/\/fjala.info\/2009-2015\/wp-json\/wp\/v2\/tags?post=1746"}],"curies":[{"name":"wp","href":"https:\/\/api.w.org\/{rel}","templated":true}]}}