{"id":1744,"date":"2012-02-12T10:42:03","date_gmt":"2012-02-12T09:42:03","guid":{"rendered":"http:\/\/fjala.shkoder.net\/?p=1744"},"modified":"2012-02-12T10:42:03","modified_gmt":"2012-02-12T09:42:03","slug":"tirana-e-ideve-te-vogla","status":"publish","type":"post","link":"https:\/\/fjala.info\/2009-2015\/tirana-e-ideve-te-vogla\/","title":{"rendered":"Tirana e ideve t\u00eb vogla"},"content":{"rendered":"<p><img decoding=\"async\" class=\"alignright size-thumbnail wp-image-7236\" title=\"Koloreto Cukali\" src=\"http:\/\/www.shkoder.net\/images\/fjala\/koloreto_cukali.jpg\" alt=\"\" width=\"150\" \/> <strong>Koloreto Cukali<\/strong><\/p>\n<p>Duke l\u00ebvizur n\u00ebp\u00ebr qytet, ndjesia \u00ebsht\u00eb q\u00eb nuk ke m\u00eb \u00e7far\u00eb t\u2019i b\u00ebsh. Horrori ka ndodhur. N\u00eb k\u00ebt\u00eb genocid urban, King-kongut do t\u2019i merrej fryma, Al Kapone nuk do t\u00eb gjente dot ku e ka sht\u00ebpin\u00eb, Gaudi do t\u00eb refuzonte t\u00eb dilte nga sht\u00ebpia.<\/p>\n<p>Megjithat\u00eb, Tirana mund t\u00eb ishte nj\u00eb qytet m\u00eb njer\u00ebzor. Un\u00eb e kuptoj q\u00eb projektet e m\u00ebdha jan\u00eb mund\u00ebsi p\u00ebr t\u00eb reklamuar m\u00eb shum\u00eb pun\u00ebn, ndoshta dhe vjedhur m\u00eb shum\u00eb, por, qyteti ndryshon jo me megaprojekte, me megand\u00ebrtesa, me megatramvaje, por me ide m\u00eb t\u00eb vogla e m\u00eb njer\u00ebzore.<\/p>\n<p>Tirana nuk ka problem tramesh, por trafiku; nuk ka problem mungese super-kishash e super-xhamish, por probleme that\u00ebsire shpirt\u00ebrore; nuk ka probleme lulishtesh, por probleme njer\u00ebzill\u00ebku.<\/p>\n<p>Tirana, ka nevoj\u00eb p\u00ebr idet\u00eb e vogla. Mjafton q\u00eb t\u00eb jen\u00eb njer\u00ebzore.<\/p>\n<p><strong>Nga Basora n\u00eb Bathore<\/strong><\/p>\n<p>N\u00eb fillim duhet t\u00eb ngrem\u00eb z\u00ebrin p\u00ebr t\u2019u treguar t\u00eb pushtetshm\u00ebve q\u00eb Tirana nuk fillon te \u201cKulla e Sahatit\u201d e mbaron tek Universiteti. Tirana, fillon te Banka e mbaron n\u00eb Kombinat; nis te ish-\u201cPasti\u00e7eri Flora\u201d e p\u00ebrfundon n\u00eb Kod\u00ebr-Kamz\u00eb; shtrihet nga N\u00ebna Shqip\u00ebri e deri tek ura e Peshkatarit; z\u00eb fill nga \u201cStadiumi Dinamo\u201d e mbaron ehuu\u2026 n\u00eb at\u00eb an\u00eb nuk i shihet as fundi.<\/p>\n<p>Nuk \u00ebsht\u00eb as \u201cBlloku\u201d e as qendra, por jan\u00eb periferit\u00eb q\u00eb e p\u00ebrb\u00ebjn\u00eb Tiran\u00ebn. Politikat e Bashkis\u00eb duhet t\u00eb fillojn\u00eb nga periferit\u00eb, ku ka akoma hap\u00ebsira p\u00ebr t\u00eb nd\u00ebrtuar (civilizim, jo pallate), q\u00eb ajo zon\u00eb t\u00eb mos i ngjaj\u00eb m\u00eb Irakut t\u00eb pushtuar.<\/p>\n<p>Rivitalizmi i periferive, fillon q\u00eb me \u00e7\u2019zanien e tok\u00ebs. Mund ta kuptoj legalizimin e sht\u00ebpive abuzive, por nuk kam p\u00ebr ta kuptuar kurr\u00eb sesi mund t\u00eb legalizohet toka e grabitur q\u00eb rrethon sht\u00ebpin\u00eb. Ajo tok\u00eb duhet kthyer n\u00eb pron\u00eb publike, duke zgjeruar rrug\u00ebt aty ku ka vet\u00ebm shtigje dhie, duke shtuar trotuare aty ku ka vet\u00ebm balt\u00eb, duke mbjell\u00eb pem\u00eb aty ku ka goma t\u00eb hedhura e duke vendosur stola aty ku rrisin pula.<\/p>\n<p>Tiran\u00ebs nuk i duhet nj\u00eb plan i ri p\u00ebr sheshin, por plane specifike urbanizimi p\u00ebr periferit\u00eb. Periferit\u00eb duhen leht\u00ebsuar nga betoni e muret abuzive. N\u00eb Periferi duhet \u00e7uar jeta.<\/p>\n<p><strong>Parlamenti i Bregut t\u00eb Lumit<\/strong><\/p>\n<p>Koncepti i p\u00ebrqendrimit t\u00eb nd\u00ebrtesave, qoft\u00eb dhe atyre qeveritare n\u00eb qend\u00ebr, \u00ebsht\u00eb gati-gati feudal. Shteti nuk mund t\u00eb funksionoj\u00eb si oborr Princi. Ne nuk mund t\u00eb nd\u00ebrtojm\u00eb nj\u00eb stadium t\u00eb ri n\u00eb Qend\u00ebr, nj\u00eb Parlament t\u00eb ri n\u00eb Qend\u00ebr, e \u00e7do gj\u00eb n\u00eb qend\u00ebr, meq\u00eb dikush, d\u00ebshiron q\u00eb t\u00eb ndjehet madh\u00ebshtor mes veprave t\u00eb veta teksa b\u00ebn 100 metra n\u00eb k\u00ebmb\u00eb nga sht\u00ebpia n\u00eb zyr\u00eb.<\/p>\n<p>Parlamenti dhe Stadiumi duhen nd\u00ebrtuar n\u00eb periferi, p\u00ebr t\u2019i dh\u00ebn\u00eb jet\u00eb zonave ku ka vet\u00ebm mure, avlli t\u00eb paligjshme e kulla gjakmarrjeje.<\/p>\n<p>Dhe jo vet\u00ebm megand\u00ebrtesat, por dhe teatro t\u00eb vegj\u00ebl, studio arti apo nd\u00ebrtesa cirku duhen nd\u00ebrtuar e stimuluar n\u00eb periferi, p\u00ebr t\u00eb angazhuar artist\u00eb t\u00eb papun\u00eb e p\u00ebr t\u00eb mbushur me shpirt k\u00ebto zona ku i vetmi arg\u00ebtim \u00ebsht\u00eb Van Dami n\u00eb televizor e n\u00eb rrug\u00eb.<\/p>\n<p><strong>Instalacionet e Alliasit<\/strong><\/p>\n<p>P\u00ebrvoja bot\u00ebrore ka treguar q\u00eb arti i zbut periferit\u00eb e degraduara. Bashkia duhet t\u00eb krijoj\u00eb mekanizmat q\u00eb piktor\u00ebt e rinj e t\u00eb etur p\u00ebr pun\u00eb t\u00eb mund t\u00eb marrin studio falas n\u00eb periferi. Ato vende ku i vetmi arg\u00ebtim \u00ebsht\u00eb loja me thika e me grushte, mund t\u00eb zbuten m\u00eb shpejt e m\u00eb mir\u00eb p\u00ebrmes artit. 100 piktor\u00eb n\u00eb Allias, nuk do ta b\u00ebjn\u00eb zon\u00ebn m\u00eb t\u00eb pasur, por do t\u00eb krijojn\u00eb klim\u00eb artistike, vatra kulture dhe zon\u00eb qarkullimi artist\u00ebsh e idesh.<\/p>\n<p>Tirana ka plot hap\u00ebsira q\u00eb mund t\u2019u jepeshin artist\u00ebve vizual\u00eb p\u00ebr t\u2019i p\u00ebrkthyer n\u00eb ide artistike. Mij\u00ebra piktor\u00ebt e papun\u00eb t\u00eb Tiran\u00ebs mund t\u00eb konkurrojn\u00eb me ide e projekte p\u00ebr t\u00eb shnd\u00ebrruar mure t\u00eb trisht\u00eb a masiv\u00eb nd\u00ebrtesash \u00e7njer\u00ebzore n\u00eb piktura murale e n\u00eb vepra arti konceptuale, t\u00eb cilat do t\u2019i b\u00ebjn\u00eb qytetar\u00ebt t\u00eb ndjehen m\u00eb mir\u00eb e piktor\u00ebt m\u00eb t\u00eb vler\u00ebsuar, e mbi t\u00eb gjitha, t\u00eb pun\u00ebsuar.<\/p>\n<p>Pallatet nuk mund t\u00eb lyhen nga Kryetari i Bashkis\u00eb me shigjeta t\u00eb shtremb\u00ebta. Pallatet, duhen kthyer n\u00eb koncepte arti nga artist\u00ebt vizual\u00eb.<\/p>\n<p>Sa her\u00eb t\u00eb shfaqen n\u00eb nj\u00eb zon\u00eb periferike shenja t\u00eb degradimit, t\u00eb dhun\u00ebs e depresionit urban, bashkia duhet t\u00eb nd\u00ebrhyj\u00eb me armat\u00ebn e piktor\u00ebve e artist\u00ebve vizual\u00eb. N\u00eb nj\u00eb Allias me instalacione, \u00ebsht\u00eb m\u00eb v\u00ebshtir\u00eb t\u00eb vras\u00ebsh.<\/p>\n<p><strong>Muret e Babilonis\u00eb<\/strong><\/p>\n<p>Ne jetojm\u00eb mes muresh. T\u00eb t\u00ebr\u00eb p\u00ebrpiqen t\u2019i kthejn\u00eb sht\u00ebpit\u00eb e tyre n\u00eb k\u00ebshtjella t\u00eb papushtueshme. Prandaj, nd\u00ebrtojm\u00eb mure pas muresh, i ngrem\u00eb dhe nga dy metra, u v\u00ebm\u00eb dhe xhama t\u00eb thyer e tela me gjemba sip\u00ebr. K\u00ebshtu jemi b\u00ebr\u00eb. Ne jetojm\u00eb si n\u00eb rrethim n\u00eb k\u00ebt\u00eb qytet, e harrojm\u00eb se k\u00ebshtjellat v\u00ebrtet nuk l\u00ebn\u00eb t\u00eb hyj\u00eb njeri, por jan\u00eb dhe burgje p\u00ebr ata q\u00eb jan\u00eb brenda.<\/p>\n<p>Muret tona e kan\u00eb historin\u00eb t\u00eb larg\u00ebt, ndoshta 50 vjet. Dikur, muri t\u00eb mbronte nga syt\u00eb spiun\u00eb. Bota nuk kishte pse t\u00eb shihte anten\u00ebn t\u00ebnde, rrobat e tua n\u00eb tel, \u00e7far\u00eb flisje, e \u00e7far\u00eb kishe n\u00eb oborr e sht\u00ebpi, por shumica e k\u00ebtyre mureve jan\u00eb ngritur mbi pron\u00ebn publike.<\/p>\n<p>Ka ardhur koha q\u00eb k\u00ebto mure t\u00eb shemben. Mua do t\u00eb m\u00eb p\u00eblqente q\u00eb vendin e tyre ta zinin kangjella, dhe n\u00eb vend t\u00eb pulave t\u00eb shihja lule, ose t\u00eb pakt\u00ebn domate n\u00eb oborret e rrethuara. Ka ardhur koha q\u00eb komunitetet t\u00eb hapen. Asnj\u00eb cop\u00eb trotuar apo lehe bari nuk i p\u00ebrket dikujt, por t\u00eb gjith\u00ebve. Ishujt, jan\u00eb filozofia e atyre q\u00eb mbijetojn\u00eb n\u00eb maj\u00eb t\u00eb malit. N\u00eb qytet nuk mund t\u00eb g\u00ebzohet n\u00eb ishuj.<\/p>\n<p><strong>Kinemaja mes trash-kultur\u00ebs<\/strong><\/p>\n<p>N\u00eb periferit\u00eb tona e vetmja jet\u00eb \u00ebsht\u00eb ajo e bilardove. Tirana e para \u201890-s ka pasur 7-8 kinema n\u00ebp\u00ebr lagje. Sot, kinemaja \u00ebsht\u00eb b\u00ebr\u00eb luks i qendr\u00ebs. N\u00eb t\u00eb kund\u00ebrt, Bashkia duhet t\u00eb inicioj\u00eb e favorizoj\u00eb rihapjen e rrjetit t\u00eb kinemave n\u00eb periferi. Nd\u00ebrkoh\u00eb q\u00eb Bashkia duhet t\u00eb mb\u00ebshtes\u00eb jo nj\u00eb, por dhe m\u00eb shum\u00eb festivale e aktivitete filmi n\u00eb Tiran\u00eb, p\u00ebr t\u00eb thithur artist\u00eb, talente e v\u00ebmendje, duke zhvilluar konkurse t\u00eb filmit t\u00eb shkurt\u00ebr e t\u00eb gjat\u00eb, duke hapur iniciativa t\u00eb tipit \u201cTirana I Love You\u201d, duke e rikthyer Kinostudion n\u00eb nj\u00eb zon\u00eb preferenciale filmi. (haha, k\u00ebt\u00eb t\u00eb fundit e thash\u00eb p\u00ebr humor. Kinostudio tashm\u00eb ka vdekur.)<\/p>\n<p>Bashkia e ka p\u00ebr detyr\u00eb q\u00eb t\u00eb nd\u00ebrtoj\u00eb (ose t\u00eb rikthej\u00eb n\u00eb origjin\u00eb) nj\u00eb kinema bashkiake, ku t\u00eb transmetohen vet\u00ebm filma t\u00eb rrall\u00eb e autor, filma jo komercial\u00eb e q\u00eb nuk kan\u00eb ku t\u00eb shihen tjet\u00ebr, q\u00eb t\u00eb jet\u00eb pik\u00eb referimi kulture filmike dhe qendra q\u00eb mbledh komunitetin jo dhe aq t\u00eb vog\u00ebl t\u00eb t\u00eb pasionuarve pas kinemas\u00eb. Java e filmit rus a \u00e7ek, java e Fritz Langut, klasik\u00ebt e kinemas\u00eb pa z\u00eb, kinemaja kubane, e shum\u00eb iniciativa t\u00eb tjera, duhet t\u00eb ken\u00eb \u201csht\u00ebpin\u00eb\u201d e tyre n\u00eb Tiran\u00eb.<\/p>\n<p><strong>Sheshet e gijotinave<\/strong><\/p>\n<p>Sheshet tona, jan\u00eb vende ku dilet p\u00ebr t\u00eb b\u00ebrtitur se kush duhet t\u00eb shkoj\u00eb n\u00eb litar. Sheshet, jan\u00eb vendet q\u00eb e kan\u00eb humbur demokracin\u00eb, n\u00eb favor t\u00eb \u00e7jerrjeve. Prandaj, un\u00eb do t\u00eb doja n\u00eb \u00e7do shesh nj\u00eb foltore, ku kushdo mund t\u00eb hip\u00eb e t\u2019u flas\u00eb qytetar\u00ebve, nj\u00ebsoj si n\u00eb demoset e lashta greke. Sheshet, gjithnj\u00eb e m\u00eb shum\u00eb u duhen shk\u00ebputur tymit e makinave dhe u duhen rikthyer njer\u00ebzve.<\/p>\n<p><strong>Parkimi i anijeve kozmike<\/strong><\/p>\n<p>Parkingjet abuzive, gjithashtu duhen futur n\u00eb sistem. K\u00ebto iniciativa t\u00eb egra q\u00eb kan\u00eb z\u00ebn\u00eb hap\u00ebsira mes pallateve duhen sistemuar n\u00eb m\u00ebnyr\u00eb urbane. Risistemimi i parkingjeve, duhet b\u00ebr\u00eb paralelisht me nj\u00eb reform\u00eb t\u00eb thell\u00eb transporti publik.<\/p>\n<p>Tirana dikur b\u00ebhej p\u00ebr 15 minuta me bi\u00e7iklet\u00eb nga cepi n\u00eb cep. Sot, n\u00eb Tiran\u00eb \u00e7do dit\u00eb kryhet nj\u00eb krim i madh. P\u00ebr t\u00eb ardhur nga \u201cBlloku\u201d deri n\u00eb \u201cLaprak\u00eb\u201d mund t\u00eb t\u00eb duhet nj\u00eb or\u00eb. Pra, ti mund t\u00eb humbas\u00ebsh dy or\u00eb n\u00eb dit\u00eb n\u00eb Tiran\u00eb n\u00ebp\u00ebr autobus\u00eb, nj\u00ebsoj sa po t\u2019i biesh Nju Jorkut cep m\u00eb cep me metro.<\/p>\n<p>Dita jon\u00eb nuk ka 60 or\u00eb. Ka vet\u00ebm 8 or\u00eb liri, pos 8 or\u00ebve burg pune e 8 or\u00ebve koma. Dikush duhet t\u00eb mbaj\u00eb p\u00ebrgjegj\u00ebsi p\u00ebr k\u00ebto or\u00eb t\u00eb vrara \u00e7do dit\u00eb nga jeta e mij\u00ebra njer\u00ebzve, or\u00eb kreative q\u00eb nuk kthehen dot m\u00eb pas. Makthi i transportit, nuk prek ask\u00ebnd nga njer\u00ebzit me pushtet. Ata vet\u00eb e hapin rrug\u00ebn n\u00eb trafik me sirena policie.<\/p>\n<p><strong>Music for the masses<\/strong><\/p>\n<p>Tirana \u00ebsht\u00eb i vetmi metropol, q\u00eb nuk ka nj\u00eb nd\u00ebrtes\u00eb apostafat p\u00ebr koncerte. I vetmi vend, Pallati i Kongreseve, \u00ebsht\u00eb nj\u00eb sall\u00eb q\u00eb e vret muzik\u00ebn, sepse \u00ebsht\u00eb b\u00ebr\u00eb p\u00ebr t\u2019u d\u00ebgjuar nj\u00eb z\u00eb, e jo nj\u00eb melodi.<\/p>\n<p>Tirana ka nevoj\u00eb urgjente p\u00ebr t\u00eb krijuar nj\u00eb aren\u00eb koncertesh, dhe mbi t\u00eb gjitha p\u00ebr t\u00eb krijuar nj\u00eb zinxhir festivalesh q\u00eb t\u00eb promovojn\u00eb artist\u00eb e rinj e rrymat muzikore me publik t\u00eb kufizuar.<\/p>\n<p>Bashkis\u00eb nuk i kushton asgj\u00eb q\u00eb t\u00eb menaxhoj\u00eb nj\u00eb studio muzikore ku \u00e7do artist apo grup muzikor t\u00eb mund ta b\u00ebj\u00eb albumin e vet falas, t\u00eb distribuuar me fondet e Bashkis\u00eb.<\/p>\n<p><strong>Panairi i kot\u00ebsive urbane<\/strong><\/p>\n<p>N\u00eb vend q\u00eb t\u00eb thirret t\u00ebr\u00eb periferia n\u00eb qend\u00ebr, duhet shkuar n\u00eb kah t\u00eb kund\u00ebrt. Qendra duhet t\u00eb b\u00ebj\u00eb vizita n\u00eb periferi. Panairi i salsi\u00e7eve nuk mund t\u00eb stabilizohet n\u00eb qend\u00ebr, por, mund t\u00eb ishte nj\u00eb panair sh\u00ebtit\u00ebs n\u00ebp\u00ebr zona t\u00eb ndryshme t\u00eb qytetit. Po k\u00ebshtu panairi i mjaltit, i rrobave t\u00eb p\u00ebrdorura, i antikuar\u00ebve etj., duhet t\u00eb jet\u00eb nj\u00eb struktur\u00eb q\u00eb l\u00ebviz nj\u00eb her\u00eb n\u00eb dy jav\u00eb n\u00eb nj\u00eb lagje t\u00eb re.<\/p>\n<p><strong>Tirana, nj\u00eb vend ku t\u00eb jetohet e jo thjesht mbijetohet<\/strong><\/p>\n<p>Q\u00eb t\u00eb mbijetosh n\u00eb Tiran\u00eb, duhet t\u00eb kthesh vazhdimisht kok\u00ebn majtas-djathtas p\u00ebr t\u2019u ruajtur nga King-kongu 4\u00d74. Tirana \u00ebsht\u00eb parajsa e Al Kaponeve t\u00eb tranzicionit. Tirana nuk ka asnj\u00eb Gaudi. Tirana mund t\u00eb ishte nj\u00eb qytet m\u00eb njer\u00ebzor.Por, n\u00ebse p\u00ebr kreun e Bashkis\u00eb s\u00eb Tiran\u00ebs luftohet me mjete, artileri e financa t\u00eb ngjashme me ato p\u00ebr pushtimin e Irakut, kushdo q\u00eb do t\u00eb vij\u00eb n\u00eb pushtet do t\u00eb largohet duke l\u00ebn\u00eb pas rafineri n\u00eb flak\u00eb e kamikaz\u00eb. Tirana, mund t\u00eb b\u00ebhet edhe me ide t\u00eb vogla. Por fatkeq\u00ebsisht, k\u00ebrkon burra t\u00eb m\u00ebdhenj.<\/p>\n","protected":false},"excerpt":{"rendered":"<p>Koloreto Cukali Duke l\u00ebvizur n\u00ebp\u00ebr qytet, ndjesia \u00ebsht\u00eb q\u00eb nuk ke m\u00eb \u00e7far\u00eb t\u2019i b\u00ebsh. Horrori ka ndodhur. N\u00eb k\u00ebt\u00eb genocid urban, King-kongut do t\u2019i merrej fryma, Al Kapone nuk do t\u00eb gjente dot ku e ka sht\u00ebpin\u00eb, Gaudi do t\u00eb refuzonte t\u00eb dilte nga sht\u00ebpia. Megjithat\u00eb, Tirana mund t\u00eb ishte nj\u00eb qytet m\u00eb njer\u00ebzor. [&hellip;]<\/p>\n","protected":false},"author":1,"featured_media":0,"comment_status":"open","ping_status":"closed","sticky":false,"template":"","format":"standard","meta":{"footnotes":""},"categories":[2],"tags":[],"class_list":{"0":"post-1744","1":"post","2":"type-post","3":"status-publish","4":"format-standard","6":"category-artikuj"},"yoast_head":"<!-- This site is optimized with the Yoast SEO plugin v27.4 - https:\/\/yoast.com\/product\/yoast-seo-wordpress\/ -->\n<title>Tirana e ideve t\u00eb vogla - FjALA e LIR\u00cb - Arkivi<\/title>\n<meta name=\"robots\" content=\"index, follow, max-snippet:-1, max-image-preview:large, max-video-preview:-1\" \/>\n<link rel=\"canonical\" href=\"https:\/\/fjala.info\/2009-2015\/tirana-e-ideve-te-vogla\/\" \/>\n<meta property=\"og:locale\" content=\"sq_AL\" \/>\n<meta property=\"og:type\" content=\"article\" \/>\n<meta property=\"og:title\" content=\"Tirana e ideve t\u00eb vogla - FjALA e LIR\u00cb - Arkivi\" \/>\n<meta property=\"og:description\" content=\"Koloreto Cukali Duke l\u00ebvizur n\u00ebp\u00ebr qytet, ndjesia \u00ebsht\u00eb q\u00eb nuk ke m\u00eb \u00e7far\u00eb t\u2019i b\u00ebsh. Horrori ka ndodhur. N\u00eb k\u00ebt\u00eb genocid urban, King-kongut do t\u2019i merrej fryma, Al Kapone nuk do t\u00eb gjente dot ku e ka sht\u00ebpin\u00eb, Gaudi do t\u00eb refuzonte t\u00eb dilte nga sht\u00ebpia. Megjithat\u00eb, Tirana mund t\u00eb ishte nj\u00eb qytet m\u00eb njer\u00ebzor. [&hellip;]\" \/>\n<meta property=\"og:url\" content=\"https:\/\/fjala.info\/2009-2015\/tirana-e-ideve-te-vogla\/\" \/>\n<meta property=\"og:site_name\" content=\"FjALA e LIR\u00cb - Arkivi\" \/>\n<meta property=\"article:published_time\" content=\"2012-02-12T09:42:03+00:00\" \/>\n<meta property=\"og:image\" content=\"http:\/\/www.shkoder.net\/images\/fjala\/koloreto_cukali.jpg\" \/>\n<meta name=\"author\" content=\"admin\" \/>\n<meta name=\"twitter:card\" content=\"summary_large_image\" \/>\n<meta name=\"twitter:label1\" content=\"Written by\" \/>\n\t<meta name=\"twitter:data1\" content=\"admin\" \/>\n\t<meta name=\"twitter:label2\" content=\"Est. reading time\" \/>\n\t<meta name=\"twitter:data2\" content=\"9 minutes\" \/>\n<script type=\"application\/ld+json\" class=\"yoast-schema-graph\">{\"@context\":\"https:\\\/\\\/schema.org\",\"@graph\":[{\"@type\":\"Article\",\"@id\":\"https:\\\/\\\/fjala.info\\\/2009-2015\\\/tirana-e-ideve-te-vogla\\\/#article\",\"isPartOf\":{\"@id\":\"https:\\\/\\\/fjala.info\\\/2009-2015\\\/tirana-e-ideve-te-vogla\\\/\"},\"author\":{\"name\":\"admin\",\"@id\":\"https:\\\/\\\/fjala.info\\\/2009-2015\\\/#\\\/schema\\\/person\\\/3aa1163ef05469c496fc94e77611ada2\"},\"headline\":\"Tirana e ideve t\u00eb vogla\",\"datePublished\":\"2012-02-12T09:42:03+00:00\",\"mainEntityOfPage\":{\"@id\":\"https:\\\/\\\/fjala.info\\\/2009-2015\\\/tirana-e-ideve-te-vogla\\\/\"},\"wordCount\":1840,\"commentCount\":0,\"publisher\":{\"@id\":\"https:\\\/\\\/fjala.info\\\/2009-2015\\\/#organization\"},\"image\":{\"@id\":\"https:\\\/\\\/fjala.info\\\/2009-2015\\\/tirana-e-ideve-te-vogla\\\/#primaryimage\"},\"thumbnailUrl\":\"http:\\\/\\\/www.shkoder.net\\\/images\\\/fjala\\\/koloreto_cukali.jpg\",\"articleSection\":[\"Artikuj\"],\"inLanguage\":\"sq-AL\",\"potentialAction\":[{\"@type\":\"CommentAction\",\"name\":\"Comment\",\"target\":[\"https:\\\/\\\/fjala.info\\\/2009-2015\\\/tirana-e-ideve-te-vogla\\\/#respond\"]}]},{\"@type\":\"WebPage\",\"@id\":\"https:\\\/\\\/fjala.info\\\/2009-2015\\\/tirana-e-ideve-te-vogla\\\/\",\"url\":\"https:\\\/\\\/fjala.info\\\/2009-2015\\\/tirana-e-ideve-te-vogla\\\/\",\"name\":\"Tirana e ideve t\u00eb vogla - FjALA e LIR\u00cb - Arkivi\",\"isPartOf\":{\"@id\":\"https:\\\/\\\/fjala.info\\\/2009-2015\\\/#website\"},\"primaryImageOfPage\":{\"@id\":\"https:\\\/\\\/fjala.info\\\/2009-2015\\\/tirana-e-ideve-te-vogla\\\/#primaryimage\"},\"image\":{\"@id\":\"https:\\\/\\\/fjala.info\\\/2009-2015\\\/tirana-e-ideve-te-vogla\\\/#primaryimage\"},\"thumbnailUrl\":\"http:\\\/\\\/www.shkoder.net\\\/images\\\/fjala\\\/koloreto_cukali.jpg\",\"datePublished\":\"2012-02-12T09:42:03+00:00\",\"breadcrumb\":{\"@id\":\"https:\\\/\\\/fjala.info\\\/2009-2015\\\/tirana-e-ideve-te-vogla\\\/#breadcrumb\"},\"inLanguage\":\"sq-AL\",\"potentialAction\":[{\"@type\":\"ReadAction\",\"target\":[\"https:\\\/\\\/fjala.info\\\/2009-2015\\\/tirana-e-ideve-te-vogla\\\/\"]}]},{\"@type\":\"ImageObject\",\"inLanguage\":\"sq-AL\",\"@id\":\"https:\\\/\\\/fjala.info\\\/2009-2015\\\/tirana-e-ideve-te-vogla\\\/#primaryimage\",\"url\":\"http:\\\/\\\/www.shkoder.net\\\/images\\\/fjala\\\/koloreto_cukali.jpg\",\"contentUrl\":\"http:\\\/\\\/www.shkoder.net\\\/images\\\/fjala\\\/koloreto_cukali.jpg\"},{\"@type\":\"BreadcrumbList\",\"@id\":\"https:\\\/\\\/fjala.info\\\/2009-2015\\\/tirana-e-ideve-te-vogla\\\/#breadcrumb\",\"itemListElement\":[{\"@type\":\"ListItem\",\"position\":1,\"name\":\"Home\",\"item\":\"https:\\\/\\\/fjala.info\\\/2009-2015\\\/\"},{\"@type\":\"ListItem\",\"position\":2,\"name\":\"Tirana e ideve t\u00eb vogla\"}]},{\"@type\":\"WebSite\",\"@id\":\"https:\\\/\\\/fjala.info\\\/2009-2015\\\/#website\",\"url\":\"https:\\\/\\\/fjala.info\\\/2009-2015\\\/\",\"name\":\"FjALA e LIR\u00cb - Arkivi\",\"description\":\"Arkivi 2009-2015\",\"publisher\":{\"@id\":\"https:\\\/\\\/fjala.info\\\/2009-2015\\\/#organization\"},\"potentialAction\":[{\"@type\":\"SearchAction\",\"target\":{\"@type\":\"EntryPoint\",\"urlTemplate\":\"https:\\\/\\\/fjala.info\\\/2009-2015\\\/?s={search_term_string}\"},\"query-input\":{\"@type\":\"PropertyValueSpecification\",\"valueRequired\":true,\"valueName\":\"search_term_string\"}}],\"inLanguage\":\"sq-AL\"},{\"@type\":\"Organization\",\"@id\":\"https:\\\/\\\/fjala.info\\\/2009-2015\\\/#organization\",\"name\":\"FjALA e LIR\u00cb - Arkivi\",\"url\":\"https:\\\/\\\/fjala.info\\\/2009-2015\\\/\",\"logo\":{\"@type\":\"ImageObject\",\"inLanguage\":\"sq-AL\",\"@id\":\"https:\\\/\\\/fjala.info\\\/2009-2015\\\/#\\\/schema\\\/logo\\\/image\\\/\",\"url\":\"\",\"contentUrl\":\"\",\"caption\":\"FjALA e LIR\u00cb - Arkivi\"},\"image\":{\"@id\":\"https:\\\/\\\/fjala.info\\\/2009-2015\\\/#\\\/schema\\\/logo\\\/image\\\/\"}},{\"@type\":\"Person\",\"@id\":\"https:\\\/\\\/fjala.info\\\/2009-2015\\\/#\\\/schema\\\/person\\\/3aa1163ef05469c496fc94e77611ada2\",\"name\":\"admin\",\"image\":{\"@type\":\"ImageObject\",\"inLanguage\":\"sq-AL\",\"@id\":\"https:\\\/\\\/fjala.info\\\/2009-2015\\\/wp-content\\\/uploads\\\/2012\\\/02\\\/arben_cokaj-120x150.jpg\",\"url\":\"https:\\\/\\\/fjala.info\\\/2009-2015\\\/wp-content\\\/uploads\\\/2012\\\/02\\\/arben_cokaj-120x150.jpg\",\"contentUrl\":\"https:\\\/\\\/fjala.info\\\/2009-2015\\\/wp-content\\\/uploads\\\/2012\\\/02\\\/arben_cokaj-120x150.jpg\",\"caption\":\"admin\"},\"description\":\"Admin, Fjala e Lir\u00eb\",\"sameAs\":[\"https:\\\/\\\/fjala.info\\\/\"],\"url\":\"https:\\\/\\\/fjala.info\\\/2009-2015\\\/author\\\/admin\\\/\"}]}<\/script>\n<!-- \/ Yoast SEO plugin. -->","yoast_head_json":{"title":"Tirana e ideve t\u00eb vogla - FjALA e LIR\u00cb - Arkivi","robots":{"index":"index","follow":"follow","max-snippet":"max-snippet:-1","max-image-preview":"max-image-preview:large","max-video-preview":"max-video-preview:-1"},"canonical":"https:\/\/fjala.info\/2009-2015\/tirana-e-ideve-te-vogla\/","og_locale":"sq_AL","og_type":"article","og_title":"Tirana e ideve t\u00eb vogla - FjALA e LIR\u00cb - Arkivi","og_description":"Koloreto Cukali Duke l\u00ebvizur n\u00ebp\u00ebr qytet, ndjesia \u00ebsht\u00eb q\u00eb nuk ke m\u00eb \u00e7far\u00eb t\u2019i b\u00ebsh. Horrori ka ndodhur. N\u00eb k\u00ebt\u00eb genocid urban, King-kongut do t\u2019i merrej fryma, Al Kapone nuk do t\u00eb gjente dot ku e ka sht\u00ebpin\u00eb, Gaudi do t\u00eb refuzonte t\u00eb dilte nga sht\u00ebpia. Megjithat\u00eb, Tirana mund t\u00eb ishte nj\u00eb qytet m\u00eb njer\u00ebzor. [&hellip;]","og_url":"https:\/\/fjala.info\/2009-2015\/tirana-e-ideve-te-vogla\/","og_site_name":"FjALA e LIR\u00cb - Arkivi","article_published_time":"2012-02-12T09:42:03+00:00","og_image":[{"url":"http:\/\/www.shkoder.net\/images\/fjala\/koloreto_cukali.jpg","type":"","width":"","height":""}],"author":"admin","twitter_card":"summary_large_image","twitter_misc":{"Written by":"admin","Est. reading time":"9 minutes"},"schema":{"@context":"https:\/\/schema.org","@graph":[{"@type":"Article","@id":"https:\/\/fjala.info\/2009-2015\/tirana-e-ideve-te-vogla\/#article","isPartOf":{"@id":"https:\/\/fjala.info\/2009-2015\/tirana-e-ideve-te-vogla\/"},"author":{"name":"admin","@id":"https:\/\/fjala.info\/2009-2015\/#\/schema\/person\/3aa1163ef05469c496fc94e77611ada2"},"headline":"Tirana e ideve t\u00eb vogla","datePublished":"2012-02-12T09:42:03+00:00","mainEntityOfPage":{"@id":"https:\/\/fjala.info\/2009-2015\/tirana-e-ideve-te-vogla\/"},"wordCount":1840,"commentCount":0,"publisher":{"@id":"https:\/\/fjala.info\/2009-2015\/#organization"},"image":{"@id":"https:\/\/fjala.info\/2009-2015\/tirana-e-ideve-te-vogla\/#primaryimage"},"thumbnailUrl":"http:\/\/www.shkoder.net\/images\/fjala\/koloreto_cukali.jpg","articleSection":["Artikuj"],"inLanguage":"sq-AL","potentialAction":[{"@type":"CommentAction","name":"Comment","target":["https:\/\/fjala.info\/2009-2015\/tirana-e-ideve-te-vogla\/#respond"]}]},{"@type":"WebPage","@id":"https:\/\/fjala.info\/2009-2015\/tirana-e-ideve-te-vogla\/","url":"https:\/\/fjala.info\/2009-2015\/tirana-e-ideve-te-vogla\/","name":"Tirana e ideve t\u00eb vogla - FjALA e LIR\u00cb - Arkivi","isPartOf":{"@id":"https:\/\/fjala.info\/2009-2015\/#website"},"primaryImageOfPage":{"@id":"https:\/\/fjala.info\/2009-2015\/tirana-e-ideve-te-vogla\/#primaryimage"},"image":{"@id":"https:\/\/fjala.info\/2009-2015\/tirana-e-ideve-te-vogla\/#primaryimage"},"thumbnailUrl":"http:\/\/www.shkoder.net\/images\/fjala\/koloreto_cukali.jpg","datePublished":"2012-02-12T09:42:03+00:00","breadcrumb":{"@id":"https:\/\/fjala.info\/2009-2015\/tirana-e-ideve-te-vogla\/#breadcrumb"},"inLanguage":"sq-AL","potentialAction":[{"@type":"ReadAction","target":["https:\/\/fjala.info\/2009-2015\/tirana-e-ideve-te-vogla\/"]}]},{"@type":"ImageObject","inLanguage":"sq-AL","@id":"https:\/\/fjala.info\/2009-2015\/tirana-e-ideve-te-vogla\/#primaryimage","url":"http:\/\/www.shkoder.net\/images\/fjala\/koloreto_cukali.jpg","contentUrl":"http:\/\/www.shkoder.net\/images\/fjala\/koloreto_cukali.jpg"},{"@type":"BreadcrumbList","@id":"https:\/\/fjala.info\/2009-2015\/tirana-e-ideve-te-vogla\/#breadcrumb","itemListElement":[{"@type":"ListItem","position":1,"name":"Home","item":"https:\/\/fjala.info\/2009-2015\/"},{"@type":"ListItem","position":2,"name":"Tirana e ideve t\u00eb vogla"}]},{"@type":"WebSite","@id":"https:\/\/fjala.info\/2009-2015\/#website","url":"https:\/\/fjala.info\/2009-2015\/","name":"FjALA e LIR\u00cb - Arkivi","description":"Arkivi 2009-2015","publisher":{"@id":"https:\/\/fjala.info\/2009-2015\/#organization"},"potentialAction":[{"@type":"SearchAction","target":{"@type":"EntryPoint","urlTemplate":"https:\/\/fjala.info\/2009-2015\/?s={search_term_string}"},"query-input":{"@type":"PropertyValueSpecification","valueRequired":true,"valueName":"search_term_string"}}],"inLanguage":"sq-AL"},{"@type":"Organization","@id":"https:\/\/fjala.info\/2009-2015\/#organization","name":"FjALA e LIR\u00cb - Arkivi","url":"https:\/\/fjala.info\/2009-2015\/","logo":{"@type":"ImageObject","inLanguage":"sq-AL","@id":"https:\/\/fjala.info\/2009-2015\/#\/schema\/logo\/image\/","url":"","contentUrl":"","caption":"FjALA e LIR\u00cb - Arkivi"},"image":{"@id":"https:\/\/fjala.info\/2009-2015\/#\/schema\/logo\/image\/"}},{"@type":"Person","@id":"https:\/\/fjala.info\/2009-2015\/#\/schema\/person\/3aa1163ef05469c496fc94e77611ada2","name":"admin","image":{"@type":"ImageObject","inLanguage":"sq-AL","@id":"https:\/\/fjala.info\/2009-2015\/wp-content\/uploads\/2012\/02\/arben_cokaj-120x150.jpg","url":"https:\/\/fjala.info\/2009-2015\/wp-content\/uploads\/2012\/02\/arben_cokaj-120x150.jpg","contentUrl":"https:\/\/fjala.info\/2009-2015\/wp-content\/uploads\/2012\/02\/arben_cokaj-120x150.jpg","caption":"admin"},"description":"Admin, Fjala e Lir\u00eb","sameAs":["https:\/\/fjala.info\/"],"url":"https:\/\/fjala.info\/2009-2015\/author\/admin\/"}]}},"_links":{"self":[{"href":"https:\/\/fjala.info\/2009-2015\/wp-json\/wp\/v2\/posts\/1744","targetHints":{"allow":["GET"]}}],"collection":[{"href":"https:\/\/fjala.info\/2009-2015\/wp-json\/wp\/v2\/posts"}],"about":[{"href":"https:\/\/fjala.info\/2009-2015\/wp-json\/wp\/v2\/types\/post"}],"author":[{"embeddable":true,"href":"https:\/\/fjala.info\/2009-2015\/wp-json\/wp\/v2\/users\/1"}],"replies":[{"embeddable":true,"href":"https:\/\/fjala.info\/2009-2015\/wp-json\/wp\/v2\/comments?post=1744"}],"version-history":[{"count":0,"href":"https:\/\/fjala.info\/2009-2015\/wp-json\/wp\/v2\/posts\/1744\/revisions"}],"wp:attachment":[{"href":"https:\/\/fjala.info\/2009-2015\/wp-json\/wp\/v2\/media?parent=1744"}],"wp:term":[{"taxonomy":"category","embeddable":true,"href":"https:\/\/fjala.info\/2009-2015\/wp-json\/wp\/v2\/categories?post=1744"},{"taxonomy":"post_tag","embeddable":true,"href":"https:\/\/fjala.info\/2009-2015\/wp-json\/wp\/v2\/tags?post=1744"}],"curies":[{"name":"wp","href":"https:\/\/api.w.org\/{rel}","templated":true}]}}