{"id":1739,"date":"2012-02-11T22:16:14","date_gmt":"2012-02-11T21:16:14","guid":{"rendered":"http:\/\/fjala.shkoder.net\/?p=1739"},"modified":"2012-02-11T22:16:14","modified_gmt":"2012-02-11T21:16:14","slug":"andis-harasani-hajt-te-diskutojme-se-bashku-per-situaten-energjitike","status":"publish","type":"post","link":"https:\/\/fjala.info\/2009-2015\/andis-harasani-hajt-te-diskutojme-se-bashku-per-situaten-energjitike\/","title":{"rendered":"Andis Harasani: Hajt t\u00eb diskutojm\u00eb s\u00eb bashku p\u00ebr situat\u00ebn energjitike!"},"content":{"rendered":"<p><img decoding=\"async\" class=\"alignleft size-thumbnail wp-image-7236\" title=\"Qiri\" src=\"http:\/\/www.shkoder.net\/2012\/qiri.jpg\" alt=\"\" width=\"200\" \/> <strong>ResPublica.al<\/strong>, <em>11 shkurt 2012<\/em><\/p>\n<p>I kishim harruar p\u00ebr ca koh\u00eb nd\u00ebrprerjet e energjis\u00eb elektrike, por ato jan\u00eb rishfaqur po aq shpesh sa m\u00eb par\u00eb. P\u00ebrve\u00e7 nd\u00ebrprerjeve prej difekteve t\u00eb natyr\u00ebs teknike, kemi dhe nj\u00eb situat\u00eb energjitike krejt t\u00eb pafavorshme. Prodhimi i brendsh\u00ebm ka r\u00ebn\u00eb n\u00eb m\u00ebnyr\u00eb drastike, nd\u00ebrsa importimi i energjis\u00eb n\u00eb k\u00ebto rrethana t\u00eb emergjenc\u00ebs do t\u00eb b\u00ebhet me kosto; n\u00ebse gjenden eksportues, kuptohet.<\/p>\n<p>Ish-drejtori i p\u00ebrgjithsh\u00ebm i KESH-it, Andis Harasani, thot\u00eb t\u00eb vet\u00ebn me k\u00ebt\u00eb rast, por nuk t\u00eb ngush\u00ebllon: &#8220;Konsumi vjetor parashikohet t\u00eb jet\u00eb diku te 7.2-7.5 miliard\u00eb kilovator\u00eb. Prodhimi nuk \u00ebsht\u00eb m\u00eb shum\u00eb se 4 miliard\u00eb, pra k\u00ebrkohen fonde p\u00ebr t\u00eb bler\u00eb 3.2 miliard\u00eb. Korporata nuk i ka k\u00ebto fonde&#8221;.<\/p>\n<p>Qeveria ka zgjidhur qesen, por aty jan\u00eb qindarkat e fundit t\u00eb fondit t\u00eb kontingjenc\u00ebs. E n\u00ebse kriza vijon p\u00ebr nj\u00eb koh\u00eb t\u00eb gjat\u00eb (Kemi nj\u00eb vendim t\u00eb qeveris\u00eb bullgare p\u00ebr t\u00eb bllokuar eksportin, pra jan\u00eb rreth 1 mij\u00eb mega q\u00eb hiqen nga sistemi, dhe kjo do t\u00eb sjell\u00eb automatikisht rritjen e \u00e7mimit t\u00eb energjis\u00eb\u201d, thot\u00eb Harasani), qeveris\u00eb do t\u2019i duhet t\u00eb b\u00ebj\u00eb shkurtime t\u00eb shpenzimeve publike, kryesisht n\u00eb investime.<\/p>\n<p>&#8220;Mendoj q\u00eb ka nevoj\u00eb urgjente t\u00eb mblidhet Komisioni Nd\u00ebrshtet\u00ebror p\u00ebr Energjin\u00eb. Do t\u00eb ishte e detyrueshme q\u00eb t\u00eb kishte ekspert\u00eb t\u00eb opozit\u00ebs dhe t\u00eb maxhoranc\u00ebs, t\u00eb cil\u00ebt t\u00eb diskutonin pa ngjyra politike se si mund t\u00eb zgjidhet kjo situat\u00eb&#8221;, p\u00ebrfundon Harasani.<\/p>\n<p>Me k\u00ebt\u00eb jep metod\u00ebn e pun\u00ebs, por nuk jep nj\u00eb ide p\u00ebr t\u00eb zgjidhur kriz\u00ebn. Ndoshta \u00ebsht\u00eb e v\u00ebshtir\u00eb t\u00eb gjesh ide n\u00eb k\u00ebto rrethana.<\/p>\n<p>E.G.<\/p>\n","protected":false},"excerpt":{"rendered":"<p>ResPublica.al, 11 shkurt 2012 I kishim harruar p\u00ebr ca koh\u00eb nd\u00ebrprerjet e energjis\u00eb elektrike, por ato jan\u00eb rishfaqur po aq shpesh sa m\u00eb par\u00eb. P\u00ebrve\u00e7 nd\u00ebrprerjeve prej difekteve t\u00eb natyr\u00ebs teknike, kemi dhe nj\u00eb situat\u00eb energjitike krejt t\u00eb pafavorshme. Prodhimi i brendsh\u00ebm ka r\u00ebn\u00eb n\u00eb m\u00ebnyr\u00eb drastike, nd\u00ebrsa importimi i energjis\u00eb n\u00eb k\u00ebto rrethana t\u00eb [&hellip;]<\/p>\n","protected":false},"author":1,"featured_media":0,"comment_status":"open","ping_status":"closed","sticky":false,"template":"","format":"standard","meta":{"footnotes":""},"categories":[5],"tags":[],"class_list":{"0":"post-1739","1":"post","2":"type-post","3":"status-publish","4":"format-standard","6":"category-lajme"},"yoast_head":"<!-- This site is optimized with the Yoast SEO plugin v27.4 - https:\/\/yoast.com\/product\/yoast-seo-wordpress\/ -->\n<title>Andis Harasani: Hajt t\u00eb diskutojm\u00eb s\u00eb bashku p\u00ebr situat\u00ebn energjitike! - FjALA e LIR\u00cb - Arkivi<\/title>\n<meta name=\"robots\" content=\"index, follow, max-snippet:-1, max-image-preview:large, max-video-preview:-1\" \/>\n<link rel=\"canonical\" href=\"https:\/\/fjala.info\/2009-2015\/andis-harasani-hajt-te-diskutojme-se-bashku-per-situaten-energjitike\/\" \/>\n<meta property=\"og:locale\" content=\"sq_AL\" \/>\n<meta property=\"og:type\" content=\"article\" \/>\n<meta property=\"og:title\" content=\"Andis Harasani: Hajt t\u00eb diskutojm\u00eb s\u00eb bashku p\u00ebr situat\u00ebn energjitike! - FjALA e LIR\u00cb - Arkivi\" \/>\n<meta property=\"og:description\" content=\"ResPublica.al, 11 shkurt 2012 I kishim harruar p\u00ebr ca koh\u00eb nd\u00ebrprerjet e energjis\u00eb elektrike, por ato jan\u00eb rishfaqur po aq shpesh sa m\u00eb par\u00eb. P\u00ebrve\u00e7 nd\u00ebrprerjeve prej difekteve t\u00eb natyr\u00ebs teknike, kemi dhe nj\u00eb situat\u00eb energjitike krejt t\u00eb pafavorshme. Prodhimi i brendsh\u00ebm ka r\u00ebn\u00eb n\u00eb m\u00ebnyr\u00eb drastike, nd\u00ebrsa importimi i energjis\u00eb n\u00eb k\u00ebto rrethana t\u00eb [&hellip;]\" \/>\n<meta property=\"og:url\" content=\"https:\/\/fjala.info\/2009-2015\/andis-harasani-hajt-te-diskutojme-se-bashku-per-situaten-energjitike\/\" \/>\n<meta property=\"og:site_name\" content=\"FjALA e LIR\u00cb - Arkivi\" \/>\n<meta property=\"article:published_time\" content=\"2012-02-11T21:16:14+00:00\" \/>\n<meta property=\"og:image\" content=\"http:\/\/www.shkoder.net\/2012\/qiri.jpg\" \/>\n<meta name=\"author\" content=\"admin\" \/>\n<meta name=\"twitter:card\" content=\"summary_large_image\" \/>\n<meta name=\"twitter:label1\" content=\"Written by\" \/>\n\t<meta name=\"twitter:data1\" content=\"admin\" \/>\n\t<meta name=\"twitter:label2\" content=\"Est. reading time\" \/>\n\t<meta name=\"twitter:data2\" content=\"1 minute\" \/>\n<script type=\"application\/ld+json\" class=\"yoast-schema-graph\">{\"@context\":\"https:\\\/\\\/schema.org\",\"@graph\":[{\"@type\":\"Article\",\"@id\":\"https:\\\/\\\/fjala.info\\\/2009-2015\\\/andis-harasani-hajt-te-diskutojme-se-bashku-per-situaten-energjitike\\\/#article\",\"isPartOf\":{\"@id\":\"https:\\\/\\\/fjala.info\\\/2009-2015\\\/andis-harasani-hajt-te-diskutojme-se-bashku-per-situaten-energjitike\\\/\"},\"author\":{\"name\":\"admin\",\"@id\":\"https:\\\/\\\/fjala.info\\\/2009-2015\\\/#\\\/schema\\\/person\\\/3aa1163ef05469c496fc94e77611ada2\"},\"headline\":\"Andis Harasani: Hajt t\u00eb diskutojm\u00eb s\u00eb bashku p\u00ebr situat\u00ebn energjitike!\",\"datePublished\":\"2012-02-11T21:16:14+00:00\",\"mainEntityOfPage\":{\"@id\":\"https:\\\/\\\/fjala.info\\\/2009-2015\\\/andis-harasani-hajt-te-diskutojme-se-bashku-per-situaten-energjitike\\\/\"},\"wordCount\":300,\"commentCount\":0,\"publisher\":{\"@id\":\"https:\\\/\\\/fjala.info\\\/2009-2015\\\/#organization\"},\"image\":{\"@id\":\"https:\\\/\\\/fjala.info\\\/2009-2015\\\/andis-harasani-hajt-te-diskutojme-se-bashku-per-situaten-energjitike\\\/#primaryimage\"},\"thumbnailUrl\":\"http:\\\/\\\/www.shkoder.net\\\/2012\\\/qiri.jpg\",\"articleSection\":[\"Lajme\"],\"inLanguage\":\"sq-AL\",\"potentialAction\":[{\"@type\":\"CommentAction\",\"name\":\"Comment\",\"target\":[\"https:\\\/\\\/fjala.info\\\/2009-2015\\\/andis-harasani-hajt-te-diskutojme-se-bashku-per-situaten-energjitike\\\/#respond\"]}]},{\"@type\":\"WebPage\",\"@id\":\"https:\\\/\\\/fjala.info\\\/2009-2015\\\/andis-harasani-hajt-te-diskutojme-se-bashku-per-situaten-energjitike\\\/\",\"url\":\"https:\\\/\\\/fjala.info\\\/2009-2015\\\/andis-harasani-hajt-te-diskutojme-se-bashku-per-situaten-energjitike\\\/\",\"name\":\"Andis Harasani: Hajt t\u00eb diskutojm\u00eb s\u00eb bashku p\u00ebr situat\u00ebn energjitike! - FjALA e LIR\u00cb - Arkivi\",\"isPartOf\":{\"@id\":\"https:\\\/\\\/fjala.info\\\/2009-2015\\\/#website\"},\"primaryImageOfPage\":{\"@id\":\"https:\\\/\\\/fjala.info\\\/2009-2015\\\/andis-harasani-hajt-te-diskutojme-se-bashku-per-situaten-energjitike\\\/#primaryimage\"},\"image\":{\"@id\":\"https:\\\/\\\/fjala.info\\\/2009-2015\\\/andis-harasani-hajt-te-diskutojme-se-bashku-per-situaten-energjitike\\\/#primaryimage\"},\"thumbnailUrl\":\"http:\\\/\\\/www.shkoder.net\\\/2012\\\/qiri.jpg\",\"datePublished\":\"2012-02-11T21:16:14+00:00\",\"breadcrumb\":{\"@id\":\"https:\\\/\\\/fjala.info\\\/2009-2015\\\/andis-harasani-hajt-te-diskutojme-se-bashku-per-situaten-energjitike\\\/#breadcrumb\"},\"inLanguage\":\"sq-AL\",\"potentialAction\":[{\"@type\":\"ReadAction\",\"target\":[\"https:\\\/\\\/fjala.info\\\/2009-2015\\\/andis-harasani-hajt-te-diskutojme-se-bashku-per-situaten-energjitike\\\/\"]}]},{\"@type\":\"ImageObject\",\"inLanguage\":\"sq-AL\",\"@id\":\"https:\\\/\\\/fjala.info\\\/2009-2015\\\/andis-harasani-hajt-te-diskutojme-se-bashku-per-situaten-energjitike\\\/#primaryimage\",\"url\":\"http:\\\/\\\/www.shkoder.net\\\/2012\\\/qiri.jpg\",\"contentUrl\":\"http:\\\/\\\/www.shkoder.net\\\/2012\\\/qiri.jpg\"},{\"@type\":\"BreadcrumbList\",\"@id\":\"https:\\\/\\\/fjala.info\\\/2009-2015\\\/andis-harasani-hajt-te-diskutojme-se-bashku-per-situaten-energjitike\\\/#breadcrumb\",\"itemListElement\":[{\"@type\":\"ListItem\",\"position\":1,\"name\":\"Home\",\"item\":\"https:\\\/\\\/fjala.info\\\/2009-2015\\\/\"},{\"@type\":\"ListItem\",\"position\":2,\"name\":\"Andis Harasani: Hajt t\u00eb diskutojm\u00eb s\u00eb bashku p\u00ebr situat\u00ebn energjitike!\"}]},{\"@type\":\"WebSite\",\"@id\":\"https:\\\/\\\/fjala.info\\\/2009-2015\\\/#website\",\"url\":\"https:\\\/\\\/fjala.info\\\/2009-2015\\\/\",\"name\":\"FjALA e LIR\u00cb - Arkivi\",\"description\":\"Arkivi 2009-2015\",\"publisher\":{\"@id\":\"https:\\\/\\\/fjala.info\\\/2009-2015\\\/#organization\"},\"potentialAction\":[{\"@type\":\"SearchAction\",\"target\":{\"@type\":\"EntryPoint\",\"urlTemplate\":\"https:\\\/\\\/fjala.info\\\/2009-2015\\\/?s={search_term_string}\"},\"query-input\":{\"@type\":\"PropertyValueSpecification\",\"valueRequired\":true,\"valueName\":\"search_term_string\"}}],\"inLanguage\":\"sq-AL\"},{\"@type\":\"Organization\",\"@id\":\"https:\\\/\\\/fjala.info\\\/2009-2015\\\/#organization\",\"name\":\"FjALA e LIR\u00cb - Arkivi\",\"url\":\"https:\\\/\\\/fjala.info\\\/2009-2015\\\/\",\"logo\":{\"@type\":\"ImageObject\",\"inLanguage\":\"sq-AL\",\"@id\":\"https:\\\/\\\/fjala.info\\\/2009-2015\\\/#\\\/schema\\\/logo\\\/image\\\/\",\"url\":\"\",\"contentUrl\":\"\",\"caption\":\"FjALA e LIR\u00cb - Arkivi\"},\"image\":{\"@id\":\"https:\\\/\\\/fjala.info\\\/2009-2015\\\/#\\\/schema\\\/logo\\\/image\\\/\"}},{\"@type\":\"Person\",\"@id\":\"https:\\\/\\\/fjala.info\\\/2009-2015\\\/#\\\/schema\\\/person\\\/3aa1163ef05469c496fc94e77611ada2\",\"name\":\"admin\",\"image\":{\"@type\":\"ImageObject\",\"inLanguage\":\"sq-AL\",\"@id\":\"https:\\\/\\\/fjala.info\\\/2009-2015\\\/wp-content\\\/uploads\\\/2012\\\/02\\\/arben_cokaj-120x150.jpg\",\"url\":\"https:\\\/\\\/fjala.info\\\/2009-2015\\\/wp-content\\\/uploads\\\/2012\\\/02\\\/arben_cokaj-120x150.jpg\",\"contentUrl\":\"https:\\\/\\\/fjala.info\\\/2009-2015\\\/wp-content\\\/uploads\\\/2012\\\/02\\\/arben_cokaj-120x150.jpg\",\"caption\":\"admin\"},\"description\":\"Admin, Fjala e Lir\u00eb\",\"sameAs\":[\"https:\\\/\\\/fjala.info\\\/\"],\"url\":\"https:\\\/\\\/fjala.info\\\/2009-2015\\\/author\\\/admin\\\/\"}]}<\/script>\n<!-- \/ Yoast SEO plugin. -->","yoast_head_json":{"title":"Andis Harasani: Hajt t\u00eb diskutojm\u00eb s\u00eb bashku p\u00ebr situat\u00ebn energjitike! - FjALA e LIR\u00cb - Arkivi","robots":{"index":"index","follow":"follow","max-snippet":"max-snippet:-1","max-image-preview":"max-image-preview:large","max-video-preview":"max-video-preview:-1"},"canonical":"https:\/\/fjala.info\/2009-2015\/andis-harasani-hajt-te-diskutojme-se-bashku-per-situaten-energjitike\/","og_locale":"sq_AL","og_type":"article","og_title":"Andis Harasani: Hajt t\u00eb diskutojm\u00eb s\u00eb bashku p\u00ebr situat\u00ebn energjitike! - FjALA e LIR\u00cb - Arkivi","og_description":"ResPublica.al, 11 shkurt 2012 I kishim harruar p\u00ebr ca koh\u00eb nd\u00ebrprerjet e energjis\u00eb elektrike, por ato jan\u00eb rishfaqur po aq shpesh sa m\u00eb par\u00eb. P\u00ebrve\u00e7 nd\u00ebrprerjeve prej difekteve t\u00eb natyr\u00ebs teknike, kemi dhe nj\u00eb situat\u00eb energjitike krejt t\u00eb pafavorshme. Prodhimi i brendsh\u00ebm ka r\u00ebn\u00eb n\u00eb m\u00ebnyr\u00eb drastike, nd\u00ebrsa importimi i energjis\u00eb n\u00eb k\u00ebto rrethana t\u00eb [&hellip;]","og_url":"https:\/\/fjala.info\/2009-2015\/andis-harasani-hajt-te-diskutojme-se-bashku-per-situaten-energjitike\/","og_site_name":"FjALA e LIR\u00cb - Arkivi","article_published_time":"2012-02-11T21:16:14+00:00","og_image":[{"url":"http:\/\/www.shkoder.net\/2012\/qiri.jpg","type":"","width":"","height":""}],"author":"admin","twitter_card":"summary_large_image","twitter_misc":{"Written by":"admin","Est. reading time":"1 minute"},"schema":{"@context":"https:\/\/schema.org","@graph":[{"@type":"Article","@id":"https:\/\/fjala.info\/2009-2015\/andis-harasani-hajt-te-diskutojme-se-bashku-per-situaten-energjitike\/#article","isPartOf":{"@id":"https:\/\/fjala.info\/2009-2015\/andis-harasani-hajt-te-diskutojme-se-bashku-per-situaten-energjitike\/"},"author":{"name":"admin","@id":"https:\/\/fjala.info\/2009-2015\/#\/schema\/person\/3aa1163ef05469c496fc94e77611ada2"},"headline":"Andis Harasani: Hajt t\u00eb diskutojm\u00eb s\u00eb bashku p\u00ebr situat\u00ebn energjitike!","datePublished":"2012-02-11T21:16:14+00:00","mainEntityOfPage":{"@id":"https:\/\/fjala.info\/2009-2015\/andis-harasani-hajt-te-diskutojme-se-bashku-per-situaten-energjitike\/"},"wordCount":300,"commentCount":0,"publisher":{"@id":"https:\/\/fjala.info\/2009-2015\/#organization"},"image":{"@id":"https:\/\/fjala.info\/2009-2015\/andis-harasani-hajt-te-diskutojme-se-bashku-per-situaten-energjitike\/#primaryimage"},"thumbnailUrl":"http:\/\/www.shkoder.net\/2012\/qiri.jpg","articleSection":["Lajme"],"inLanguage":"sq-AL","potentialAction":[{"@type":"CommentAction","name":"Comment","target":["https:\/\/fjala.info\/2009-2015\/andis-harasani-hajt-te-diskutojme-se-bashku-per-situaten-energjitike\/#respond"]}]},{"@type":"WebPage","@id":"https:\/\/fjala.info\/2009-2015\/andis-harasani-hajt-te-diskutojme-se-bashku-per-situaten-energjitike\/","url":"https:\/\/fjala.info\/2009-2015\/andis-harasani-hajt-te-diskutojme-se-bashku-per-situaten-energjitike\/","name":"Andis Harasani: Hajt t\u00eb diskutojm\u00eb s\u00eb bashku p\u00ebr situat\u00ebn energjitike! - FjALA e LIR\u00cb - Arkivi","isPartOf":{"@id":"https:\/\/fjala.info\/2009-2015\/#website"},"primaryImageOfPage":{"@id":"https:\/\/fjala.info\/2009-2015\/andis-harasani-hajt-te-diskutojme-se-bashku-per-situaten-energjitike\/#primaryimage"},"image":{"@id":"https:\/\/fjala.info\/2009-2015\/andis-harasani-hajt-te-diskutojme-se-bashku-per-situaten-energjitike\/#primaryimage"},"thumbnailUrl":"http:\/\/www.shkoder.net\/2012\/qiri.jpg","datePublished":"2012-02-11T21:16:14+00:00","breadcrumb":{"@id":"https:\/\/fjala.info\/2009-2015\/andis-harasani-hajt-te-diskutojme-se-bashku-per-situaten-energjitike\/#breadcrumb"},"inLanguage":"sq-AL","potentialAction":[{"@type":"ReadAction","target":["https:\/\/fjala.info\/2009-2015\/andis-harasani-hajt-te-diskutojme-se-bashku-per-situaten-energjitike\/"]}]},{"@type":"ImageObject","inLanguage":"sq-AL","@id":"https:\/\/fjala.info\/2009-2015\/andis-harasani-hajt-te-diskutojme-se-bashku-per-situaten-energjitike\/#primaryimage","url":"http:\/\/www.shkoder.net\/2012\/qiri.jpg","contentUrl":"http:\/\/www.shkoder.net\/2012\/qiri.jpg"},{"@type":"BreadcrumbList","@id":"https:\/\/fjala.info\/2009-2015\/andis-harasani-hajt-te-diskutojme-se-bashku-per-situaten-energjitike\/#breadcrumb","itemListElement":[{"@type":"ListItem","position":1,"name":"Home","item":"https:\/\/fjala.info\/2009-2015\/"},{"@type":"ListItem","position":2,"name":"Andis Harasani: Hajt t\u00eb diskutojm\u00eb s\u00eb bashku p\u00ebr situat\u00ebn energjitike!"}]},{"@type":"WebSite","@id":"https:\/\/fjala.info\/2009-2015\/#website","url":"https:\/\/fjala.info\/2009-2015\/","name":"FjALA e LIR\u00cb - Arkivi","description":"Arkivi 2009-2015","publisher":{"@id":"https:\/\/fjala.info\/2009-2015\/#organization"},"potentialAction":[{"@type":"SearchAction","target":{"@type":"EntryPoint","urlTemplate":"https:\/\/fjala.info\/2009-2015\/?s={search_term_string}"},"query-input":{"@type":"PropertyValueSpecification","valueRequired":true,"valueName":"search_term_string"}}],"inLanguage":"sq-AL"},{"@type":"Organization","@id":"https:\/\/fjala.info\/2009-2015\/#organization","name":"FjALA e LIR\u00cb - Arkivi","url":"https:\/\/fjala.info\/2009-2015\/","logo":{"@type":"ImageObject","inLanguage":"sq-AL","@id":"https:\/\/fjala.info\/2009-2015\/#\/schema\/logo\/image\/","url":"","contentUrl":"","caption":"FjALA e LIR\u00cb - Arkivi"},"image":{"@id":"https:\/\/fjala.info\/2009-2015\/#\/schema\/logo\/image\/"}},{"@type":"Person","@id":"https:\/\/fjala.info\/2009-2015\/#\/schema\/person\/3aa1163ef05469c496fc94e77611ada2","name":"admin","image":{"@type":"ImageObject","inLanguage":"sq-AL","@id":"https:\/\/fjala.info\/2009-2015\/wp-content\/uploads\/2012\/02\/arben_cokaj-120x150.jpg","url":"https:\/\/fjala.info\/2009-2015\/wp-content\/uploads\/2012\/02\/arben_cokaj-120x150.jpg","contentUrl":"https:\/\/fjala.info\/2009-2015\/wp-content\/uploads\/2012\/02\/arben_cokaj-120x150.jpg","caption":"admin"},"description":"Admin, Fjala e Lir\u00eb","sameAs":["https:\/\/fjala.info\/"],"url":"https:\/\/fjala.info\/2009-2015\/author\/admin\/"}]}},"_links":{"self":[{"href":"https:\/\/fjala.info\/2009-2015\/wp-json\/wp\/v2\/posts\/1739","targetHints":{"allow":["GET"]}}],"collection":[{"href":"https:\/\/fjala.info\/2009-2015\/wp-json\/wp\/v2\/posts"}],"about":[{"href":"https:\/\/fjala.info\/2009-2015\/wp-json\/wp\/v2\/types\/post"}],"author":[{"embeddable":true,"href":"https:\/\/fjala.info\/2009-2015\/wp-json\/wp\/v2\/users\/1"}],"replies":[{"embeddable":true,"href":"https:\/\/fjala.info\/2009-2015\/wp-json\/wp\/v2\/comments?post=1739"}],"version-history":[{"count":0,"href":"https:\/\/fjala.info\/2009-2015\/wp-json\/wp\/v2\/posts\/1739\/revisions"}],"wp:attachment":[{"href":"https:\/\/fjala.info\/2009-2015\/wp-json\/wp\/v2\/media?parent=1739"}],"wp:term":[{"taxonomy":"category","embeddable":true,"href":"https:\/\/fjala.info\/2009-2015\/wp-json\/wp\/v2\/categories?post=1739"},{"taxonomy":"post_tag","embeddable":true,"href":"https:\/\/fjala.info\/2009-2015\/wp-json\/wp\/v2\/tags?post=1739"}],"curies":[{"name":"wp","href":"https:\/\/api.w.org\/{rel}","templated":true}]}}