{"id":1737,"date":"2012-02-11T22:12:42","date_gmt":"2012-02-11T21:12:42","guid":{"rendered":"http:\/\/fjala.shkoder.net\/?p=1737"},"modified":"2012-02-11T22:12:42","modified_gmt":"2012-02-11T21:12:42","slug":"ilir-gjoni-po-ngrihen-mure-ndarese-mes-tre-besimeve-fetare","status":"publish","type":"post","link":"https:\/\/fjala.info\/2009-2015\/ilir-gjoni-po-ngrihen-mure-ndarese-mes-tre-besimeve-fetare\/","title":{"rendered":"Ilir Gjoni: Po ngrihen mure ndar\u00ebse mes tre besimeve fetare"},"content":{"rendered":"<p><img decoding=\"async\" class=\"alignleft size-thumbnail wp-image-7236\" title=\"Ilir Gjoni\" src=\"http:\/\/www.shkoder.net\/2012\/ilir_gjoni.jpg\" alt=\"\" width=\"200\" \/> <strong>Denis Dedej<\/strong><\/p>\n<p>Partia Socialiste ka shprehur shqet\u00ebsimin dje p\u00ebr situat\u00ebn e krijuar n\u00eb vend p\u00ebr shkak t\u00eb rritjes s\u00eb kriminalitetit, duke e konsideruar k\u00ebt\u00eb si di\u00e7ka jasht\u00ebzakonisht alarmante. P\u00ebr k\u00ebt\u00eb q\u00ebllim, selia roz\u00eb organizoi dje nj\u00eb tryez\u00eb t\u00eb grupit t\u00eb pun\u00ebs s\u00eb programit t\u00eb politik socialist p\u00ebr rendin dhe sigurin\u00eb, i cili drejtohet nga Ilir Gjoni. N\u00eb k\u00ebt\u00eb takim, ishte dhe kryetrari i Partis\u00eb Socialiste, Edi Rama, i cili n\u00eb fjal\u00ebn solli n\u00eb v\u00ebmendje shifrat q\u00eb selia roz\u00eb disponon p\u00ebr rritjen e kriminalitetit n\u00eb vend.<\/p>\n<p>\u201cKrimi po e mbyt Shqip\u00ebrin\u00eb dita-dit\u00ebs. Pas shifrave e grafik\u00ebve n\u00eb rritje t\u00eb t\u00eb gjitha formave t\u00eb kriminalitetit q\u00ebndron nj\u00eb shoq\u00ebri e k\u00ebrc\u00ebnuar p\u00ebrdit\u00eb n\u00eb sigurin\u00eb e saj dhe e privuar dita-dit\u00ebs nga mund\u00ebsia p\u00ebr pun\u00ebsim, p\u00ebr edukim t\u00eb v\u00ebrtet\u00eb, p\u00ebr sh\u00ebrbim sh\u00ebndet\u00ebsor normal, p\u00ebr nj\u00eb jet\u00eb kulturore reale\u201d,- deklaroi kreu i opozit\u00ebs.<\/p>\n<p>N\u00eb tabel\u00ebn e paraqitur nga selia roz\u00eb vihet re trendi i rritjes s\u00eb kriminalitetit vjetor, krimeve kund\u00ebr personit, vrasjet, krimeve kund\u00ebr pron\u00ebs, vjedhjet me dhun\u00eb, vjedhjet me arm\u00eb, vjedhjet e banesave, vjedhjet e kompanive private, arm\u00ebmbajtjet pa leje dhe vjedhjet e tjera. \u201cVrasjet, shp\u00ebrthimet me eksploziv, vjedhjet e pasuris\u00eb s\u00eb shqiptar\u00ebve jan\u00eb kthyer n\u00eb lajme q\u00eb nuk p\u00ebrb\u00ebjn\u00eb m\u00eb asnj\u00eb lajm duke thyer \u00e7do ekuilib\u00ebr t\u00eb luft\u00ebs ndaj krimit. Qeveria me vendimmarrjen e vet\u00eb t\u00eb err\u00ebt, me sulmet barbare ndaj prokuroris\u00eb q\u00eb nuk kan\u00eb reshtur gjasht\u00eb vjet m\u00eb radh\u00eb dhe me gradimin e pinjoll\u00ebve t\u00eb krimit n\u00eb postet e policis\u00eb, nuk ka b\u00ebr\u00eb gj\u00eb tjet\u00ebr ve\u00e7se e ka inkurajuar krimin. Policia \u00ebsht\u00eb zyr\u00eb pun\u00ebsimi p\u00ebr sh\u00ebrb\u00ebtoret e partis\u00eb n\u00eb pushtet\u201d,- tha Rama<\/p>\n<p>P\u00ebr kreun e grupit p\u00ebr programin mbi rendin dhe sigurin\u00eb, Ilir Gjoni, rreziku m\u00eb i madh q\u00eb i kanoset Shqip\u00ebris\u00eb \u00ebsht\u00eb p\u00ebr\u00e7arja e popullsis\u00eb dhe mungesa e kohezionit social. \u201cJan\u00eb thelluar ndarjet veri-jug; Po punohet p\u00ebr ngritjen e mureve ndar\u00ebse mes tre besimeve kryesore fetare. Disa prej tyre po tentohet t\u00eb vihen n\u00ebn kontrollin e rrymave ekstremiste; dhe \u00e7\u2019\u00ebsht\u00eb m\u00eb e keqja, shoq\u00ebria e ndar\u00eb n\u00eb p\u00ebrkrah\u00ebs t\u00eb partive politike i ka kap\u00ebrcyer kufijt\u00eb dhe caqet e funksionimit demokratik dhe po b\u00ebhet gjithnj\u00eb e m\u00eb evidente ndarja \u2018armiq\u00ebsore\u2019 dhe urrejtja mes p\u00ebrkrah\u00ebsve t\u00eb nj\u00ebr\u00ebs apo tjetr\u00ebs forc\u00eb politike\u201d, shprehu shqet\u00ebsimin Ilir Gjoni.<\/p>\n<p>Deputeti i Partis\u00eb Socialiste, nj\u00ebher\u00ebsh n\u00ebnkryetar i Komisionit t\u00eb Siguris\u00eb vler\u00ebsoi se \u201crreziku tjet\u00ebr \u00ebsht\u00eb k\u00ebrc\u00ebnimi real ndaj integritetit t\u00eb kufijve t\u00eb Shqip\u00ebris\u00eb\u201d. P\u00ebr zyrtarin socialist nj\u00eb tjet\u00ebr rrezik p\u00ebr vendin \u00ebsht\u00eb dhe zhdukja \u201cartificiale t\u00eb vet\u00eb kompakt\u00ebsis\u00eb etnike q\u00eb po tentohet t\u00eb realizohet p\u00ebrmes politikave klienteliste e n\u00eb d\u00ebm t\u00eb interesave komb\u00ebtare t\u00eb ndjekura nga elemente politik\u00eb me influenc\u00eb dhe veprimtaris\u00eb s\u00eb pareshtur t\u00eb agjenturave t\u00eb huaja\u201d.<\/p>\n","protected":false},"excerpt":{"rendered":"<p>Denis Dedej Partia Socialiste ka shprehur shqet\u00ebsimin dje p\u00ebr situat\u00ebn e krijuar n\u00eb vend p\u00ebr shkak t\u00eb rritjes s\u00eb kriminalitetit, duke e konsideruar k\u00ebt\u00eb si di\u00e7ka jasht\u00ebzakonisht alarmante. P\u00ebr k\u00ebt\u00eb q\u00ebllim, selia roz\u00eb organizoi dje nj\u00eb tryez\u00eb t\u00eb grupit t\u00eb pun\u00ebs s\u00eb programit t\u00eb politik socialist p\u00ebr rendin dhe sigurin\u00eb, i cili drejtohet nga Ilir [&hellip;]<\/p>\n","protected":false},"author":1,"featured_media":0,"comment_status":"open","ping_status":"closed","sticky":false,"template":"","format":"standard","meta":{"footnotes":""},"categories":[2,5],"tags":[],"class_list":{"0":"post-1737","1":"post","2":"type-post","3":"status-publish","4":"format-standard","6":"category-artikuj","7":"category-lajme"},"yoast_head":"<!-- This site is optimized with the Yoast SEO plugin v27.4 - https:\/\/yoast.com\/product\/yoast-seo-wordpress\/ -->\n<title>Ilir Gjoni: Po ngrihen mure ndar\u00ebse mes tre besimeve fetare - FjALA e LIR\u00cb - Arkivi<\/title>\n<meta name=\"robots\" content=\"index, follow, max-snippet:-1, max-image-preview:large, max-video-preview:-1\" \/>\n<link rel=\"canonical\" href=\"https:\/\/fjala.info\/2009-2015\/ilir-gjoni-po-ngrihen-mure-ndarese-mes-tre-besimeve-fetare\/\" \/>\n<meta property=\"og:locale\" content=\"sq_AL\" \/>\n<meta property=\"og:type\" content=\"article\" \/>\n<meta property=\"og:title\" content=\"Ilir Gjoni: Po ngrihen mure ndar\u00ebse mes tre besimeve fetare - FjALA e LIR\u00cb - Arkivi\" \/>\n<meta property=\"og:description\" content=\"Denis Dedej Partia Socialiste ka shprehur shqet\u00ebsimin dje p\u00ebr situat\u00ebn e krijuar n\u00eb vend p\u00ebr shkak t\u00eb rritjes s\u00eb kriminalitetit, duke e konsideruar k\u00ebt\u00eb si di\u00e7ka jasht\u00ebzakonisht alarmante. P\u00ebr k\u00ebt\u00eb q\u00ebllim, selia roz\u00eb organizoi dje nj\u00eb tryez\u00eb t\u00eb grupit t\u00eb pun\u00ebs s\u00eb programit t\u00eb politik socialist p\u00ebr rendin dhe sigurin\u00eb, i cili drejtohet nga Ilir [&hellip;]\" \/>\n<meta property=\"og:url\" content=\"https:\/\/fjala.info\/2009-2015\/ilir-gjoni-po-ngrihen-mure-ndarese-mes-tre-besimeve-fetare\/\" \/>\n<meta property=\"og:site_name\" content=\"FjALA e LIR\u00cb - Arkivi\" \/>\n<meta property=\"article:published_time\" content=\"2012-02-11T21:12:42+00:00\" \/>\n<meta property=\"og:image\" content=\"http:\/\/www.shkoder.net\/2012\/ilir_gjoni.jpg\" \/>\n<meta name=\"author\" content=\"admin\" \/>\n<meta name=\"twitter:card\" content=\"summary_large_image\" \/>\n<meta name=\"twitter:label1\" content=\"Written by\" \/>\n\t<meta name=\"twitter:data1\" content=\"admin\" \/>\n\t<meta name=\"twitter:label2\" content=\"Est. reading time\" \/>\n\t<meta name=\"twitter:data2\" content=\"3 minutes\" \/>\n<script type=\"application\/ld+json\" class=\"yoast-schema-graph\">{\"@context\":\"https:\\\/\\\/schema.org\",\"@graph\":[{\"@type\":\"Article\",\"@id\":\"https:\\\/\\\/fjala.info\\\/2009-2015\\\/ilir-gjoni-po-ngrihen-mure-ndarese-mes-tre-besimeve-fetare\\\/#article\",\"isPartOf\":{\"@id\":\"https:\\\/\\\/fjala.info\\\/2009-2015\\\/ilir-gjoni-po-ngrihen-mure-ndarese-mes-tre-besimeve-fetare\\\/\"},\"author\":{\"name\":\"admin\",\"@id\":\"https:\\\/\\\/fjala.info\\\/2009-2015\\\/#\\\/schema\\\/person\\\/3aa1163ef05469c496fc94e77611ada2\"},\"headline\":\"Ilir Gjoni: Po ngrihen mure ndar\u00ebse mes tre besimeve fetare\",\"datePublished\":\"2012-02-11T21:12:42+00:00\",\"mainEntityOfPage\":{\"@id\":\"https:\\\/\\\/fjala.info\\\/2009-2015\\\/ilir-gjoni-po-ngrihen-mure-ndarese-mes-tre-besimeve-fetare\\\/\"},\"wordCount\":534,\"commentCount\":0,\"publisher\":{\"@id\":\"https:\\\/\\\/fjala.info\\\/2009-2015\\\/#organization\"},\"image\":{\"@id\":\"https:\\\/\\\/fjala.info\\\/2009-2015\\\/ilir-gjoni-po-ngrihen-mure-ndarese-mes-tre-besimeve-fetare\\\/#primaryimage\"},\"thumbnailUrl\":\"http:\\\/\\\/www.shkoder.net\\\/2012\\\/ilir_gjoni.jpg\",\"articleSection\":[\"Artikuj\",\"Lajme\"],\"inLanguage\":\"sq-AL\",\"potentialAction\":[{\"@type\":\"CommentAction\",\"name\":\"Comment\",\"target\":[\"https:\\\/\\\/fjala.info\\\/2009-2015\\\/ilir-gjoni-po-ngrihen-mure-ndarese-mes-tre-besimeve-fetare\\\/#respond\"]}]},{\"@type\":\"WebPage\",\"@id\":\"https:\\\/\\\/fjala.info\\\/2009-2015\\\/ilir-gjoni-po-ngrihen-mure-ndarese-mes-tre-besimeve-fetare\\\/\",\"url\":\"https:\\\/\\\/fjala.info\\\/2009-2015\\\/ilir-gjoni-po-ngrihen-mure-ndarese-mes-tre-besimeve-fetare\\\/\",\"name\":\"Ilir Gjoni: Po ngrihen mure ndar\u00ebse mes tre besimeve fetare - FjALA e LIR\u00cb - Arkivi\",\"isPartOf\":{\"@id\":\"https:\\\/\\\/fjala.info\\\/2009-2015\\\/#website\"},\"primaryImageOfPage\":{\"@id\":\"https:\\\/\\\/fjala.info\\\/2009-2015\\\/ilir-gjoni-po-ngrihen-mure-ndarese-mes-tre-besimeve-fetare\\\/#primaryimage\"},\"image\":{\"@id\":\"https:\\\/\\\/fjala.info\\\/2009-2015\\\/ilir-gjoni-po-ngrihen-mure-ndarese-mes-tre-besimeve-fetare\\\/#primaryimage\"},\"thumbnailUrl\":\"http:\\\/\\\/www.shkoder.net\\\/2012\\\/ilir_gjoni.jpg\",\"datePublished\":\"2012-02-11T21:12:42+00:00\",\"breadcrumb\":{\"@id\":\"https:\\\/\\\/fjala.info\\\/2009-2015\\\/ilir-gjoni-po-ngrihen-mure-ndarese-mes-tre-besimeve-fetare\\\/#breadcrumb\"},\"inLanguage\":\"sq-AL\",\"potentialAction\":[{\"@type\":\"ReadAction\",\"target\":[\"https:\\\/\\\/fjala.info\\\/2009-2015\\\/ilir-gjoni-po-ngrihen-mure-ndarese-mes-tre-besimeve-fetare\\\/\"]}]},{\"@type\":\"ImageObject\",\"inLanguage\":\"sq-AL\",\"@id\":\"https:\\\/\\\/fjala.info\\\/2009-2015\\\/ilir-gjoni-po-ngrihen-mure-ndarese-mes-tre-besimeve-fetare\\\/#primaryimage\",\"url\":\"http:\\\/\\\/www.shkoder.net\\\/2012\\\/ilir_gjoni.jpg\",\"contentUrl\":\"http:\\\/\\\/www.shkoder.net\\\/2012\\\/ilir_gjoni.jpg\"},{\"@type\":\"BreadcrumbList\",\"@id\":\"https:\\\/\\\/fjala.info\\\/2009-2015\\\/ilir-gjoni-po-ngrihen-mure-ndarese-mes-tre-besimeve-fetare\\\/#breadcrumb\",\"itemListElement\":[{\"@type\":\"ListItem\",\"position\":1,\"name\":\"Home\",\"item\":\"https:\\\/\\\/fjala.info\\\/2009-2015\\\/\"},{\"@type\":\"ListItem\",\"position\":2,\"name\":\"Ilir Gjoni: Po ngrihen mure ndar\u00ebse mes tre besimeve fetare\"}]},{\"@type\":\"WebSite\",\"@id\":\"https:\\\/\\\/fjala.info\\\/2009-2015\\\/#website\",\"url\":\"https:\\\/\\\/fjala.info\\\/2009-2015\\\/\",\"name\":\"FjALA e LIR\u00cb - Arkivi\",\"description\":\"Arkivi 2009-2015\",\"publisher\":{\"@id\":\"https:\\\/\\\/fjala.info\\\/2009-2015\\\/#organization\"},\"potentialAction\":[{\"@type\":\"SearchAction\",\"target\":{\"@type\":\"EntryPoint\",\"urlTemplate\":\"https:\\\/\\\/fjala.info\\\/2009-2015\\\/?s={search_term_string}\"},\"query-input\":{\"@type\":\"PropertyValueSpecification\",\"valueRequired\":true,\"valueName\":\"search_term_string\"}}],\"inLanguage\":\"sq-AL\"},{\"@type\":\"Organization\",\"@id\":\"https:\\\/\\\/fjala.info\\\/2009-2015\\\/#organization\",\"name\":\"FjALA e LIR\u00cb - Arkivi\",\"url\":\"https:\\\/\\\/fjala.info\\\/2009-2015\\\/\",\"logo\":{\"@type\":\"ImageObject\",\"inLanguage\":\"sq-AL\",\"@id\":\"https:\\\/\\\/fjala.info\\\/2009-2015\\\/#\\\/schema\\\/logo\\\/image\\\/\",\"url\":\"\",\"contentUrl\":\"\",\"caption\":\"FjALA e LIR\u00cb - Arkivi\"},\"image\":{\"@id\":\"https:\\\/\\\/fjala.info\\\/2009-2015\\\/#\\\/schema\\\/logo\\\/image\\\/\"}},{\"@type\":\"Person\",\"@id\":\"https:\\\/\\\/fjala.info\\\/2009-2015\\\/#\\\/schema\\\/person\\\/3aa1163ef05469c496fc94e77611ada2\",\"name\":\"admin\",\"image\":{\"@type\":\"ImageObject\",\"inLanguage\":\"sq-AL\",\"@id\":\"https:\\\/\\\/fjala.info\\\/2009-2015\\\/wp-content\\\/uploads\\\/2012\\\/02\\\/arben_cokaj-120x150.jpg\",\"url\":\"https:\\\/\\\/fjala.info\\\/2009-2015\\\/wp-content\\\/uploads\\\/2012\\\/02\\\/arben_cokaj-120x150.jpg\",\"contentUrl\":\"https:\\\/\\\/fjala.info\\\/2009-2015\\\/wp-content\\\/uploads\\\/2012\\\/02\\\/arben_cokaj-120x150.jpg\",\"caption\":\"admin\"},\"description\":\"Admin, Fjala e Lir\u00eb\",\"sameAs\":[\"https:\\\/\\\/fjala.info\\\/\"],\"url\":\"https:\\\/\\\/fjala.info\\\/2009-2015\\\/author\\\/admin\\\/\"}]}<\/script>\n<!-- \/ Yoast SEO plugin. -->","yoast_head_json":{"title":"Ilir Gjoni: Po ngrihen mure ndar\u00ebse mes tre besimeve fetare - FjALA e LIR\u00cb - Arkivi","robots":{"index":"index","follow":"follow","max-snippet":"max-snippet:-1","max-image-preview":"max-image-preview:large","max-video-preview":"max-video-preview:-1"},"canonical":"https:\/\/fjala.info\/2009-2015\/ilir-gjoni-po-ngrihen-mure-ndarese-mes-tre-besimeve-fetare\/","og_locale":"sq_AL","og_type":"article","og_title":"Ilir Gjoni: Po ngrihen mure ndar\u00ebse mes tre besimeve fetare - FjALA e LIR\u00cb - Arkivi","og_description":"Denis Dedej Partia Socialiste ka shprehur shqet\u00ebsimin dje p\u00ebr situat\u00ebn e krijuar n\u00eb vend p\u00ebr shkak t\u00eb rritjes s\u00eb kriminalitetit, duke e konsideruar k\u00ebt\u00eb si di\u00e7ka jasht\u00ebzakonisht alarmante. P\u00ebr k\u00ebt\u00eb q\u00ebllim, selia roz\u00eb organizoi dje nj\u00eb tryez\u00eb t\u00eb grupit t\u00eb pun\u00ebs s\u00eb programit t\u00eb politik socialist p\u00ebr rendin dhe sigurin\u00eb, i cili drejtohet nga Ilir [&hellip;]","og_url":"https:\/\/fjala.info\/2009-2015\/ilir-gjoni-po-ngrihen-mure-ndarese-mes-tre-besimeve-fetare\/","og_site_name":"FjALA e LIR\u00cb - Arkivi","article_published_time":"2012-02-11T21:12:42+00:00","og_image":[{"url":"http:\/\/www.shkoder.net\/2012\/ilir_gjoni.jpg","type":"","width":"","height":""}],"author":"admin","twitter_card":"summary_large_image","twitter_misc":{"Written by":"admin","Est. reading time":"3 minutes"},"schema":{"@context":"https:\/\/schema.org","@graph":[{"@type":"Article","@id":"https:\/\/fjala.info\/2009-2015\/ilir-gjoni-po-ngrihen-mure-ndarese-mes-tre-besimeve-fetare\/#article","isPartOf":{"@id":"https:\/\/fjala.info\/2009-2015\/ilir-gjoni-po-ngrihen-mure-ndarese-mes-tre-besimeve-fetare\/"},"author":{"name":"admin","@id":"https:\/\/fjala.info\/2009-2015\/#\/schema\/person\/3aa1163ef05469c496fc94e77611ada2"},"headline":"Ilir Gjoni: Po ngrihen mure ndar\u00ebse mes tre besimeve fetare","datePublished":"2012-02-11T21:12:42+00:00","mainEntityOfPage":{"@id":"https:\/\/fjala.info\/2009-2015\/ilir-gjoni-po-ngrihen-mure-ndarese-mes-tre-besimeve-fetare\/"},"wordCount":534,"commentCount":0,"publisher":{"@id":"https:\/\/fjala.info\/2009-2015\/#organization"},"image":{"@id":"https:\/\/fjala.info\/2009-2015\/ilir-gjoni-po-ngrihen-mure-ndarese-mes-tre-besimeve-fetare\/#primaryimage"},"thumbnailUrl":"http:\/\/www.shkoder.net\/2012\/ilir_gjoni.jpg","articleSection":["Artikuj","Lajme"],"inLanguage":"sq-AL","potentialAction":[{"@type":"CommentAction","name":"Comment","target":["https:\/\/fjala.info\/2009-2015\/ilir-gjoni-po-ngrihen-mure-ndarese-mes-tre-besimeve-fetare\/#respond"]}]},{"@type":"WebPage","@id":"https:\/\/fjala.info\/2009-2015\/ilir-gjoni-po-ngrihen-mure-ndarese-mes-tre-besimeve-fetare\/","url":"https:\/\/fjala.info\/2009-2015\/ilir-gjoni-po-ngrihen-mure-ndarese-mes-tre-besimeve-fetare\/","name":"Ilir Gjoni: Po ngrihen mure ndar\u00ebse mes tre besimeve fetare - FjALA e LIR\u00cb - Arkivi","isPartOf":{"@id":"https:\/\/fjala.info\/2009-2015\/#website"},"primaryImageOfPage":{"@id":"https:\/\/fjala.info\/2009-2015\/ilir-gjoni-po-ngrihen-mure-ndarese-mes-tre-besimeve-fetare\/#primaryimage"},"image":{"@id":"https:\/\/fjala.info\/2009-2015\/ilir-gjoni-po-ngrihen-mure-ndarese-mes-tre-besimeve-fetare\/#primaryimage"},"thumbnailUrl":"http:\/\/www.shkoder.net\/2012\/ilir_gjoni.jpg","datePublished":"2012-02-11T21:12:42+00:00","breadcrumb":{"@id":"https:\/\/fjala.info\/2009-2015\/ilir-gjoni-po-ngrihen-mure-ndarese-mes-tre-besimeve-fetare\/#breadcrumb"},"inLanguage":"sq-AL","potentialAction":[{"@type":"ReadAction","target":["https:\/\/fjala.info\/2009-2015\/ilir-gjoni-po-ngrihen-mure-ndarese-mes-tre-besimeve-fetare\/"]}]},{"@type":"ImageObject","inLanguage":"sq-AL","@id":"https:\/\/fjala.info\/2009-2015\/ilir-gjoni-po-ngrihen-mure-ndarese-mes-tre-besimeve-fetare\/#primaryimage","url":"http:\/\/www.shkoder.net\/2012\/ilir_gjoni.jpg","contentUrl":"http:\/\/www.shkoder.net\/2012\/ilir_gjoni.jpg"},{"@type":"BreadcrumbList","@id":"https:\/\/fjala.info\/2009-2015\/ilir-gjoni-po-ngrihen-mure-ndarese-mes-tre-besimeve-fetare\/#breadcrumb","itemListElement":[{"@type":"ListItem","position":1,"name":"Home","item":"https:\/\/fjala.info\/2009-2015\/"},{"@type":"ListItem","position":2,"name":"Ilir Gjoni: Po ngrihen mure ndar\u00ebse mes tre besimeve fetare"}]},{"@type":"WebSite","@id":"https:\/\/fjala.info\/2009-2015\/#website","url":"https:\/\/fjala.info\/2009-2015\/","name":"FjALA e LIR\u00cb - Arkivi","description":"Arkivi 2009-2015","publisher":{"@id":"https:\/\/fjala.info\/2009-2015\/#organization"},"potentialAction":[{"@type":"SearchAction","target":{"@type":"EntryPoint","urlTemplate":"https:\/\/fjala.info\/2009-2015\/?s={search_term_string}"},"query-input":{"@type":"PropertyValueSpecification","valueRequired":true,"valueName":"search_term_string"}}],"inLanguage":"sq-AL"},{"@type":"Organization","@id":"https:\/\/fjala.info\/2009-2015\/#organization","name":"FjALA e LIR\u00cb - Arkivi","url":"https:\/\/fjala.info\/2009-2015\/","logo":{"@type":"ImageObject","inLanguage":"sq-AL","@id":"https:\/\/fjala.info\/2009-2015\/#\/schema\/logo\/image\/","url":"","contentUrl":"","caption":"FjALA e LIR\u00cb - Arkivi"},"image":{"@id":"https:\/\/fjala.info\/2009-2015\/#\/schema\/logo\/image\/"}},{"@type":"Person","@id":"https:\/\/fjala.info\/2009-2015\/#\/schema\/person\/3aa1163ef05469c496fc94e77611ada2","name":"admin","image":{"@type":"ImageObject","inLanguage":"sq-AL","@id":"https:\/\/fjala.info\/2009-2015\/wp-content\/uploads\/2012\/02\/arben_cokaj-120x150.jpg","url":"https:\/\/fjala.info\/2009-2015\/wp-content\/uploads\/2012\/02\/arben_cokaj-120x150.jpg","contentUrl":"https:\/\/fjala.info\/2009-2015\/wp-content\/uploads\/2012\/02\/arben_cokaj-120x150.jpg","caption":"admin"},"description":"Admin, Fjala e Lir\u00eb","sameAs":["https:\/\/fjala.info\/"],"url":"https:\/\/fjala.info\/2009-2015\/author\/admin\/"}]}},"_links":{"self":[{"href":"https:\/\/fjala.info\/2009-2015\/wp-json\/wp\/v2\/posts\/1737","targetHints":{"allow":["GET"]}}],"collection":[{"href":"https:\/\/fjala.info\/2009-2015\/wp-json\/wp\/v2\/posts"}],"about":[{"href":"https:\/\/fjala.info\/2009-2015\/wp-json\/wp\/v2\/types\/post"}],"author":[{"embeddable":true,"href":"https:\/\/fjala.info\/2009-2015\/wp-json\/wp\/v2\/users\/1"}],"replies":[{"embeddable":true,"href":"https:\/\/fjala.info\/2009-2015\/wp-json\/wp\/v2\/comments?post=1737"}],"version-history":[{"count":0,"href":"https:\/\/fjala.info\/2009-2015\/wp-json\/wp\/v2\/posts\/1737\/revisions"}],"wp:attachment":[{"href":"https:\/\/fjala.info\/2009-2015\/wp-json\/wp\/v2\/media?parent=1737"}],"wp:term":[{"taxonomy":"category","embeddable":true,"href":"https:\/\/fjala.info\/2009-2015\/wp-json\/wp\/v2\/categories?post=1737"},{"taxonomy":"post_tag","embeddable":true,"href":"https:\/\/fjala.info\/2009-2015\/wp-json\/wp\/v2\/tags?post=1737"}],"curies":[{"name":"wp","href":"https:\/\/api.w.org\/{rel}","templated":true}]}}