{"id":1726,"date":"2012-02-11T20:54:18","date_gmt":"2012-02-11T19:54:18","guid":{"rendered":"http:\/\/fjala.shkoder.net\/?p=1726"},"modified":"2012-02-11T20:54:18","modified_gmt":"2012-02-11T19:54:18","slug":"prapaskenat-e-gjeneral-hoxhes-denoncimi-i-shkelzen-berishes-dhe-arratisja-ne-shba","status":"publish","type":"post","link":"https:\/\/fjala.info\/2009-2015\/prapaskenat-e-gjeneral-hoxhes-denoncimi-i-shkelzen-berishes-dhe-arratisja-ne-shba\/","title":{"rendered":"Prapaskenat e gjeneral Hoxh\u00ebs, denoncimi i Shk\u00eblzen Berish\u00ebs dhe \u201carratisja\u201d n\u00eb SHBA"},"content":{"rendered":"<p><img decoding=\"async\" class=\"alignleft size-thumbnail wp-image-7236\" title=\"Luan Hoxha\" src=\"http:\/\/www.shkoder.net\/2012\/ish_shefi_shtabit_luan_hoxha.jpg\" alt=\"\" width=\"300\" \/> <strong>TemA Online<\/strong>, <em>11 Shkurt 2012<\/em><\/p>\n<p><em>SPECIALE <\/em>\u2014 Largimi i ish-shefit t\u00eb Shtabit t\u00eb P\u00ebrgjithsh\u00ebm t\u00eb Ushtris\u00eb shqiptare gjeneral Luan Hoxha drejt Shteteve t\u00eb Bashkuara t\u00eb Amerik\u00ebs familjarisht \u00ebsht\u00eb vet\u00ebm etapa e fundit e veprimeve t\u00eb tija n\u00eb kuad\u00ebr t\u00eb \u00e7\u00ebshtjes G\u00ebrdeci. Largimi i tij mbetet ende enigm\u00eb n\u00eb momentin kur pritet q\u00eb Gjykata t\u00eb jap\u00eb vendimin n\u00ebse do ta d\u00ebnoj\u00eb apo jo Luan Hoxh\u00ebn me burg si\u00e7 ka k\u00ebrkuar prokuroria. Fakti se mes Shqip\u00ebris\u00eb dhe Shteteve t\u00eb Bashkuara t\u00eb Amerik\u00ebs funksionon marr\u00ebveshja e ekstradimit kjo e b\u00ebn paksa aventureske largimin familjarisht t\u00eb ish-shefit t\u00eb Shtabit.<\/p>\n<p>Nj\u00eb element q\u00eb nuk duhet harruar \u00ebsht\u00eb se Hoxha ka arritur t\u00eb siguroj\u00eb jo vet\u00ebm nj\u00eb viz\u00eb amerikane por familjarisht \u00ebsht\u00eb pajisur me t\u00eb tilla. Nisur nga v\u00ebshtir\u00ebsia q\u00eb hasin shqiptar\u00ebt p\u00ebr tu pajisur me nj\u00eb viz\u00eb amerikane (aq m\u00eb pak nj\u00eb qytetar i thjesht\u00eb shqiptar q\u00eb gjendet i pandehur nga prokuroria dhe n\u00eb gjykim) leht\u00ebsia me t\u00eb cil\u00ebn ambasada ka pajisur me viz\u00eb gjeneralin t\u00eb l\u00eb t\u00eb kuptosh se ka patur nj\u00eb pakt t\u00eb brendsh\u00ebm.<\/p>\n<p>Mbetet p\u00ebr tu par\u00eb se cil\u00ebn strategji ka zgjedhur Hoxha p\u00ebr t\u00eb flutuar drejt Shteteve t\u00eb Bashkuara t\u00eb Amerik\u00ebs. N\u00ebse ai ka zgjedhur t\u00eb vazhdoj\u00eb t\u00eb mbroj\u00eb urdh\u00ebruesit dhe projektuesit e fabrik\u00ebs s\u00eb G\u00ebrdecit udh\u00ebtimi i tij drejt Shteteve t\u00eb Bashkuara ka shum\u00eb gjasa t\u00eb jet\u00eb b\u00ebr\u00eb me mb\u00ebshtetjen dhe frym\u00ebzimin e strukturave n\u00eb pushtet.<\/p>\n<p>Por Hoxha mund t\u00eb ket\u00eb zgjedhur edhe nj\u00eb strategji t\u00eb dyt\u00eb, at\u00eb t\u00eb rikthimit tek d\u00ebshmia e b\u00ebr\u00eb vite m\u00eb par\u00eb n\u00eb bised\u00ebn me ambasadorin Amerikan n\u00eb Tiran\u00eb John Uidhers ku i deklaronte se kishte patur presion prej djalit t\u00eb kryeministrit, Shk\u00eblzen Berish\u00ebs. N\u00ebse Hoxha ka vendosur q\u00eb t\u00eb tregoj\u00eb t\u00eb v\u00ebrtet\u00ebn dhe t\u00eb rikthehet tek ajo bised\u00eb konfidenciale t\u00eb cil\u00ebn u detyrua ta p\u00ebrg\u00ebnjeshtroj\u00eb n\u00eb t\u00eb nj\u00ebjt\u00ebn dit\u00eb kur u prononcua kryeministri Berisha, at\u00ebher\u00eb ka gjasa q\u00eb Hoxh\u00ebs ti jet\u00eb dh\u00ebn\u00eb mb\u00ebshtetja amerikane duke ja besuar se ndjehet n\u00ebn k\u00ebrc\u00ebnimin e atyre t\u00eb cil\u00ebt kishte denoncuar n\u00eb bised\u00ebn me Uidhers.<\/p>\n<p>M\u00eb posht\u00eb sjellim n\u00eb kujtes\u00eb kabllogramin e wikileaks p\u00ebr gjeneralin Luan Hoxha.<\/p>\n<p><strong>Kabllogrami i Wikileaks<\/strong><\/p>\n<p>N\u00eb nj\u00eb prej kabllogrameve t\u00eb mbasad\u00ebs amerikane n\u00eb Tira\u00eb raportohej se si Shk\u00eblzen Berisha ka k\u00ebrc\u00ebnuar gjeneralin e Forcave t\u00eb Armatosura, Luan Hoxha, p\u00ebr t\u00eb mbyllur syt\u00eb p\u00ebr at\u00eb q\u00eb po ndodhte n\u00eb G\u00ebrdec. M\u00eb posht\u00eb \u00ebsht kabllogrami i ambasad\u00ebs amerikane p\u00ebr k\u00ebt\u00eb rast:<\/p>\n<p>N\u00eb nj\u00eb takim t\u00eb k\u00ebrkuar me ambasadorin, Hoxha tregoi historin\u00eb e tij q\u00eb q\u00ebndronte pas shkarkimit q\u00eb iu b\u00eb koh\u00ebt e fundit duke e lidhur k\u00ebt\u00eb me shp\u00ebrthimin e G\u00ebrdecit. N\u00eb ndryshim nga ish-ministri i Mbrojtjes, Fatmir Mediu, i cili n\u00ebp\u00ebrmjet deklaratave publike u v\u00eb fajin operativ\u00ebve t\u00eb ushtris\u00eb p\u00ebr G\u00ebrdecin, Hoxha deklaroi q\u00eb nga fillimi se ish-ministri Mediu ka b\u00ebr\u00eb t\u00eb gjitha vendimet, nga zgjedhja e G\u00ebrdecit si vend p\u00ebr shkat\u00ebrrimin e municioneve, deri tek llojet e municionive q\u00eb do t\u00eb shkat\u00ebrroheshin dhe planifikimi i koh\u00ebs se kur do t\u00eb b\u00ebhej shkat\u00ebrrimi.<\/p>\n<p>Hoxha pranoi se stafit t\u00eb tij ishte th\u00ebn\u00eb t\u00eb transportonte municionin n\u00eb at\u00eb vend dhe t\u00eb ruante vendin, asgj\u00eb m\u00eb tep\u00ebr. Hoxha tha se kur ai vizitoi G\u00ebrdecin n\u00eb mes t\u00eb 2007-\u00ebs, ushtar\u00ebt e tij po b\u00ebnin k\u00ebto dy detyra, dhe n\u00eb sip\u00ebrfaqe u duk se s\u2019kishte asgj\u00eb t\u00eb gabuar.<\/p>\n<p>Ai akuzon se gjat\u00eb pjes\u00ebs s\u00eb dyt\u00eb t\u00eb projektit, nisur n\u00eb dhjetor 2007, ishte urdh\u00ebruar nga Mediu, pavar\u00ebsisht shqet\u00ebsimit t\u00eb tij drejtuar me nj\u00eb let\u00ebr kryeministrit Berisha, zonj\u00ebs Topalli dhe Mediut. Pas k\u00ebsaj, presioni mb\u00ebrriti p\u00ebrmes telefonit nga nj\u00eb \u2018djal\u00eb i ri\u201d, i cili m\u00eb pas u konfirmua si Shk\u00eblzen Berisha, djali i kryeministrit, q\u00eb e urdh\u00ebroi t\u00eb vijonte d\u00ebrgimin e municionit t\u00eb kalibrit t\u00eb lart\u00eb n\u00eb G\u00ebrdec, pa patur asnj\u00eb vones\u00eb.<\/p>\n<p>I pyetur n\u00ebse e kishte raportuar k\u00ebt\u00eb informacion p\u00ebr Prokurorin\u00eb e P\u00ebrgjithshme, Hoxha u p\u00ebrgjigj \u201cpo\u201d, ai kishte dh\u00ebn\u00eb t\u00eb gjitha informatat dhe dokumentet p\u00ebr hetuesit, me p\u00ebrjashtim t\u00eb informacionit lidhur me djalin e Berish\u00ebs.<\/p>\n<p>Mbi k\u00ebt\u00eb ai tha se nuk ishte i sigurt\u00eb q\u00eb t\u00eb fliste. Ambasadori tha se n\u00ebse hetimet e prokuris\u00eb do t\u00eb jen\u00eb t\u00eb suksesshme ata q\u00eb din\u00eb t\u00eb v\u00ebrtet\u00ebn duhet t\u00eb flasin hapur. Hoxha ishte dakord se n\u00eb interes t\u00eb drejt\u00ebsis\u00eb ai duhej t\u00eb fliste hapur, por nuk e konfirmoi q\u00eb ai do ta b\u00ebnte k\u00ebt\u00eb. ( sh\u00ebnim: Hoxha tha se ka plot t\u00eb tjet\u00eb q\u00eb e din\u00eb k\u00ebt\u00eb informacion)<\/p>\n<p>Koment:<\/p>\n<p>Ky \u00ebsht\u00eb incidenti i dyt\u00eb q\u00eb nj\u00eb zyrtar shpreh nj\u00eb shqet\u00ebsim t\u00eb fort\u00eb, rrethuar me frik\u00eb, p\u00ebr sigurin\u00eb personale dhe profesionale, n\u00eb fsheht\u00ebsi t\u00eb plot\u00eb me Ambasadorin. (I pari erdhi nga n\u00ebnkryetari i K\u00ebshillit t\u00eb Lart\u00eb t\u00eb Drejt\u00ebsis\u00eb, Kreshnik Spahiu). Disa jasht\u00eb mb\u00ebshtesin versionin e ngjarjeve t\u00eb Hoxh\u00ebs. Si shef i ushtris\u00eb marr\u00ebdh\u00ebniet me ish-ministrin Mediu ishin gjithmon\u00eb t\u00eb tendosura, sikurse n\u00eb marr\u00ebdh\u00ebniet tona, ai duket se n\u00eb m\u00ebnyr\u00eb frekuente ishte jasht\u00eb loje duke patur munges\u00eb autoriteti p\u00ebr t\u00eb p\u00ebrmbushur detyrat n\u00eb zyr\u00ebn e tij.<\/p>\n<p>Sipas t\u00eb dh\u00ebnave publike, Prokurorja e P\u00ebrgjithshme duket se e ka fokusuar investigimin e saj larg ushtris\u00eb dhe ndaj Mediut, psi provat mbase e kan\u00eb \u00e7uar n\u00eb at\u00eb drejtim deri m\u00eb tani. N\u00ebse versioni i Hoxh\u00ebs p\u00ebrmban element\u00eb t\u00eb v\u00ebrt\u00ebt\u00eb mund t\u00eb ndihmoj\u00eb n\u00eb dh\u00ebnien p\u00ebrgjigje t\u00eb element\u00ebve relevant\u00eb dhe pyetjes m\u00eb t\u00eb madhe: P\u00ebrse PD ka avancuar me sulmet konstante ndaj institucioneve t\u00eb pavaruara pik\u00ebrisht n\u00eb k\u00ebt\u00eb koh\u00eb, duke alarmuar komunitetin nd\u00ebrkomb\u00ebtar dhe duke e drejtuar at\u00eb drejt pik\u00ebpyetjeve p\u00ebr kredencialet demokratike t\u00eb Shqip\u00ebris\u00eb kur ndodhet p\u00ebrpara ratifikimit t\u00eb marr\u00ebveshjes m\u00eb NATO-n?<\/p>\n<p><strong>Deklarata e Berish\u00ebs: Djali im nuk e ka telefonuar kurr\u00eb Luan Hoxh\u00ebn<\/strong><\/p>\n<p>\u201cKur im bir m\u00eb tha se do i drejtohem gjyqit i thash\u00eb jo. Nuk mund ta p\u00ebrfillim ne Wikileaks si\u00e7 e p\u00ebrfilli Edi Rama q\u00eb u an\u00ebtar\u00ebsua n\u00eb partin\u00eb e tij. Kablli thoshte se n\u00eb vitin 2007, zoti Luan Hoxha paska marr\u00eb nj\u00eb telefon nga nj\u00eb z\u00eb q\u00eb dukej si z\u00eb i t\u00eb riut dhe mendonte se ishte z\u00eb i Shk\u00eblzen Berish\u00ebs.<\/p>\n<p>Kjo ishte gj\u00ebja m\u00eb e verifikueshme dhe n\u00ebse ky kishte marr\u00eb nj\u00eb telefonat\u00eb dhe v\u00ebrtet ishte k\u00ebrc\u00ebnuar apo i ishte k\u00ebrkuar kjo gj\u00eb at\u00ebher\u00eb nuk kishte gj\u00eb m\u00eb t\u00eb thjesht\u00eb t\u00eb gjente kush ishte autori. Sot ky zotri tha p\u00ebmes nj\u00eb deklarate se nuk e ka th\u00ebn\u00eb kurr\u00eb di\u00e7ka t\u00eb till\u00eb. Dua t\u00eb them se n\u00eb gjitha dokumentet e dosjes faktohet se marr\u00ebveshja e dyt\u00eb ishte p\u00ebr \u00e7montim gjylesh dhe ky ishte akti m\u00eb i r\u00ebnd\u00eb q\u00eb ka ndodhur.<\/p>\n<p>Djali im nuk ka patur kurr\u00eb ndonj\u00eb bised\u00eb telefonike me Luan Hoxh\u00ebn apo ndonj\u00eb ushtarak tjet\u00ebr\u201d, u shpreh Berisha duke i th\u00ebn\u00eb p\u00ebrgjigje kabllogramit q\u00eb thoshte se Luan Hoxha ishte ankuar tek Withers se i ishte b\u00ebr\u00eb presion n\u00eb telefon nga Shk\u00eblzen Berisha p\u00ebr vazhdimin e pun\u00ebs n\u00eb G\u00ebrdec.<\/p>\n<p><strong>P\u00ebrg\u00ebnjeshtrimi i gjeneralit: Nuk kam folur me Shk\u00eblzen Berish\u00ebn<\/strong><\/p>\n<p>\u201cDuke konfirmuar k\u00ebt\u00eb takim si konfidencial e kortezie q\u00eb un\u00eb, n\u00eb cil\u00ebsin\u00eb e ish-shefit t\u00eb Shtabit kam pasur me ish-ambasadorin John Withers, d\u00ebshiroj t\u00eb sqaroj se gjat\u00eb k\u00ebtij takimi, nga ana ime nuk \u00ebsht\u00eb p\u00ebrmendur emri i z. Shk\u00eblzen Berisha, as n\u00eb lidhje me ngjarjen e G\u00ebrdecit dhe as p\u00ebr \u00e7\u00ebshtje t\u00eb tjera pune q\u00eb u trajtuan miq\u00ebsisht e konfidencialisht\u201d, thot\u00eb Hoxha n\u00eb reagimin e tij. Ai sqaron m\u00eb tej se ka d\u00ebshmuar n\u00eb lidhje me shp\u00ebrthimin e G\u00ebrdecit me vullnetin e tij t\u00eb lir\u00eb para institucioneve p\u00ebrkat\u00ebse, dhe kjo, sipas tij, \u00ebsht\u00eb d\u00ebshmia e tij e vetme p\u00ebr k\u00ebt\u00eb ngjarje.<\/p>\n<p>\u201cShpjegimin tim mbi p\u00ebrgjegj\u00ebsit\u00eb, procedurat dhe rrethanat e fatkeq\u00ebsis\u00eb teknologjike t\u00eb G\u00ebrdecit, un\u00eb i kam dh\u00ebn\u00eb me vullnetin tim t\u00eb lir\u00eb n\u00eb Ministrin\u00eb e Mbrojtjes, n\u00eb K\u00ebshillin e Siguris\u00eb Komb\u00ebtare, n\u00eb prokurori dhe n\u00eb gjykat\u00eb, duke u bazuar n\u00eb t\u00eb v\u00ebrtet\u00ebn dhe ligjin. P\u00ebrtej \u00e7do spekulimi, kjo ngelet d\u00ebshmia ime e plot\u00eb dhe e vetme mbi k\u00ebt\u00eb ngjarje\u201d, tha Hoxha m\u00eb tej. Ai shprehet se \u201cgjat\u00eb gjith\u00eb karrier\u00ebs sime si ushtarak, jam p\u00ebrpjekur t\u00eb jap maksimumin n\u00eb t\u00eb gjitha detyrat q\u00eb m\u00eb jan\u00eb ngarkuar, si n\u00eb situata normale apo dhe shum\u00eb t\u00eb v\u00ebshtira. P\u00ebr k\u00ebt\u00eb kam pasur vler\u00ebsimet m\u00eb t\u00eb mira nga institucionet shtet\u00ebrore komb\u00ebtare e nd\u00ebrkomb\u00ebtare\u201d.\/lajmifundit.com<\/p>\n","protected":false},"excerpt":{"rendered":"<p>TemA Online, 11 Shkurt 2012 SPECIALE \u2014 Largimi i ish-shefit t\u00eb Shtabit t\u00eb P\u00ebrgjithsh\u00ebm t\u00eb Ushtris\u00eb shqiptare gjeneral Luan Hoxha drejt Shteteve t\u00eb Bashkuara t\u00eb Amerik\u00ebs familjarisht \u00ebsht\u00eb vet\u00ebm etapa e fundit e veprimeve t\u00eb tija n\u00eb kuad\u00ebr t\u00eb \u00e7\u00ebshtjes G\u00ebrdeci. Largimi i tij mbetet ende enigm\u00eb n\u00eb momentin kur pritet q\u00eb Gjykata t\u00eb jap\u00eb [&hellip;]<\/p>\n","protected":false},"author":1,"featured_media":0,"comment_status":"open","ping_status":"closed","sticky":false,"template":"","format":"standard","meta":{"footnotes":""},"categories":[2],"tags":[],"class_list":{"0":"post-1726","1":"post","2":"type-post","3":"status-publish","4":"format-standard","6":"category-artikuj"},"yoast_head":"<!-- This site is optimized with the Yoast SEO plugin v27.4 - https:\/\/yoast.com\/product\/yoast-seo-wordpress\/ -->\n<title>Prapaskenat e gjeneral Hoxh\u00ebs, denoncimi i Shk\u00eblzen Berish\u00ebs dhe \u201carratisja\u201d n\u00eb SHBA - FjALA e LIR\u00cb - Arkivi<\/title>\n<meta name=\"robots\" content=\"index, follow, max-snippet:-1, max-image-preview:large, max-video-preview:-1\" \/>\n<link rel=\"canonical\" href=\"https:\/\/fjala.info\/2009-2015\/prapaskenat-e-gjeneral-hoxhes-denoncimi-i-shkelzen-berishes-dhe-arratisja-ne-shba\/\" \/>\n<meta property=\"og:locale\" content=\"sq_AL\" \/>\n<meta property=\"og:type\" content=\"article\" \/>\n<meta property=\"og:title\" content=\"Prapaskenat e gjeneral Hoxh\u00ebs, denoncimi i Shk\u00eblzen Berish\u00ebs dhe \u201carratisja\u201d n\u00eb SHBA - FjALA e LIR\u00cb - Arkivi\" \/>\n<meta property=\"og:description\" content=\"TemA Online, 11 Shkurt 2012 SPECIALE \u2014 Largimi i ish-shefit t\u00eb Shtabit t\u00eb P\u00ebrgjithsh\u00ebm t\u00eb Ushtris\u00eb shqiptare gjeneral Luan Hoxha drejt Shteteve t\u00eb Bashkuara t\u00eb Amerik\u00ebs familjarisht \u00ebsht\u00eb vet\u00ebm etapa e fundit e veprimeve t\u00eb tija n\u00eb kuad\u00ebr t\u00eb \u00e7\u00ebshtjes G\u00ebrdeci. Largimi i tij mbetet ende enigm\u00eb n\u00eb momentin kur pritet q\u00eb Gjykata t\u00eb jap\u00eb [&hellip;]\" \/>\n<meta property=\"og:url\" content=\"https:\/\/fjala.info\/2009-2015\/prapaskenat-e-gjeneral-hoxhes-denoncimi-i-shkelzen-berishes-dhe-arratisja-ne-shba\/\" \/>\n<meta property=\"og:site_name\" content=\"FjALA e LIR\u00cb - Arkivi\" \/>\n<meta property=\"article:published_time\" content=\"2012-02-11T19:54:18+00:00\" \/>\n<meta property=\"og:image\" content=\"http:\/\/www.shkoder.net\/2012\/ish_shefi_shtabit_luan_hoxha.jpg\" \/>\n<meta name=\"author\" content=\"admin\" \/>\n<meta name=\"twitter:card\" content=\"summary_large_image\" \/>\n<meta name=\"twitter:label1\" content=\"Written by\" \/>\n\t<meta name=\"twitter:data1\" content=\"admin\" \/>\n\t<meta name=\"twitter:label2\" content=\"Est. reading time\" \/>\n\t<meta name=\"twitter:data2\" content=\"8 minutes\" \/>\n<script type=\"application\/ld+json\" class=\"yoast-schema-graph\">{\"@context\":\"https:\\\/\\\/schema.org\",\"@graph\":[{\"@type\":\"Article\",\"@id\":\"https:\\\/\\\/fjala.info\\\/2009-2015\\\/prapaskenat-e-gjeneral-hoxhes-denoncimi-i-shkelzen-berishes-dhe-arratisja-ne-shba\\\/#article\",\"isPartOf\":{\"@id\":\"https:\\\/\\\/fjala.info\\\/2009-2015\\\/prapaskenat-e-gjeneral-hoxhes-denoncimi-i-shkelzen-berishes-dhe-arratisja-ne-shba\\\/\"},\"author\":{\"name\":\"admin\",\"@id\":\"https:\\\/\\\/fjala.info\\\/2009-2015\\\/#\\\/schema\\\/person\\\/3aa1163ef05469c496fc94e77611ada2\"},\"headline\":\"Prapaskenat e gjeneral Hoxh\u00ebs, denoncimi i Shk\u00eblzen Berish\u00ebs dhe \u201carratisja\u201d n\u00eb SHBA\",\"datePublished\":\"2012-02-11T19:54:18+00:00\",\"mainEntityOfPage\":{\"@id\":\"https:\\\/\\\/fjala.info\\\/2009-2015\\\/prapaskenat-e-gjeneral-hoxhes-denoncimi-i-shkelzen-berishes-dhe-arratisja-ne-shba\\\/\"},\"wordCount\":1550,\"commentCount\":0,\"publisher\":{\"@id\":\"https:\\\/\\\/fjala.info\\\/2009-2015\\\/#organization\"},\"image\":{\"@id\":\"https:\\\/\\\/fjala.info\\\/2009-2015\\\/prapaskenat-e-gjeneral-hoxhes-denoncimi-i-shkelzen-berishes-dhe-arratisja-ne-shba\\\/#primaryimage\"},\"thumbnailUrl\":\"http:\\\/\\\/www.shkoder.net\\\/2012\\\/ish_shefi_shtabit_luan_hoxha.jpg\",\"articleSection\":[\"Artikuj\"],\"inLanguage\":\"sq-AL\",\"potentialAction\":[{\"@type\":\"CommentAction\",\"name\":\"Comment\",\"target\":[\"https:\\\/\\\/fjala.info\\\/2009-2015\\\/prapaskenat-e-gjeneral-hoxhes-denoncimi-i-shkelzen-berishes-dhe-arratisja-ne-shba\\\/#respond\"]}]},{\"@type\":\"WebPage\",\"@id\":\"https:\\\/\\\/fjala.info\\\/2009-2015\\\/prapaskenat-e-gjeneral-hoxhes-denoncimi-i-shkelzen-berishes-dhe-arratisja-ne-shba\\\/\",\"url\":\"https:\\\/\\\/fjala.info\\\/2009-2015\\\/prapaskenat-e-gjeneral-hoxhes-denoncimi-i-shkelzen-berishes-dhe-arratisja-ne-shba\\\/\",\"name\":\"Prapaskenat e gjeneral Hoxh\u00ebs, denoncimi i Shk\u00eblzen Berish\u00ebs dhe \u201carratisja\u201d n\u00eb SHBA - FjALA e LIR\u00cb - Arkivi\",\"isPartOf\":{\"@id\":\"https:\\\/\\\/fjala.info\\\/2009-2015\\\/#website\"},\"primaryImageOfPage\":{\"@id\":\"https:\\\/\\\/fjala.info\\\/2009-2015\\\/prapaskenat-e-gjeneral-hoxhes-denoncimi-i-shkelzen-berishes-dhe-arratisja-ne-shba\\\/#primaryimage\"},\"image\":{\"@id\":\"https:\\\/\\\/fjala.info\\\/2009-2015\\\/prapaskenat-e-gjeneral-hoxhes-denoncimi-i-shkelzen-berishes-dhe-arratisja-ne-shba\\\/#primaryimage\"},\"thumbnailUrl\":\"http:\\\/\\\/www.shkoder.net\\\/2012\\\/ish_shefi_shtabit_luan_hoxha.jpg\",\"datePublished\":\"2012-02-11T19:54:18+00:00\",\"breadcrumb\":{\"@id\":\"https:\\\/\\\/fjala.info\\\/2009-2015\\\/prapaskenat-e-gjeneral-hoxhes-denoncimi-i-shkelzen-berishes-dhe-arratisja-ne-shba\\\/#breadcrumb\"},\"inLanguage\":\"sq-AL\",\"potentialAction\":[{\"@type\":\"ReadAction\",\"target\":[\"https:\\\/\\\/fjala.info\\\/2009-2015\\\/prapaskenat-e-gjeneral-hoxhes-denoncimi-i-shkelzen-berishes-dhe-arratisja-ne-shba\\\/\"]}]},{\"@type\":\"ImageObject\",\"inLanguage\":\"sq-AL\",\"@id\":\"https:\\\/\\\/fjala.info\\\/2009-2015\\\/prapaskenat-e-gjeneral-hoxhes-denoncimi-i-shkelzen-berishes-dhe-arratisja-ne-shba\\\/#primaryimage\",\"url\":\"http:\\\/\\\/www.shkoder.net\\\/2012\\\/ish_shefi_shtabit_luan_hoxha.jpg\",\"contentUrl\":\"http:\\\/\\\/www.shkoder.net\\\/2012\\\/ish_shefi_shtabit_luan_hoxha.jpg\"},{\"@type\":\"BreadcrumbList\",\"@id\":\"https:\\\/\\\/fjala.info\\\/2009-2015\\\/prapaskenat-e-gjeneral-hoxhes-denoncimi-i-shkelzen-berishes-dhe-arratisja-ne-shba\\\/#breadcrumb\",\"itemListElement\":[{\"@type\":\"ListItem\",\"position\":1,\"name\":\"Home\",\"item\":\"https:\\\/\\\/fjala.info\\\/2009-2015\\\/\"},{\"@type\":\"ListItem\",\"position\":2,\"name\":\"Prapaskenat e gjeneral Hoxh\u00ebs, denoncimi i Shk\u00eblzen Berish\u00ebs dhe \u201carratisja\u201d n\u00eb SHBA\"}]},{\"@type\":\"WebSite\",\"@id\":\"https:\\\/\\\/fjala.info\\\/2009-2015\\\/#website\",\"url\":\"https:\\\/\\\/fjala.info\\\/2009-2015\\\/\",\"name\":\"FjALA e LIR\u00cb - Arkivi\",\"description\":\"Arkivi 2009-2015\",\"publisher\":{\"@id\":\"https:\\\/\\\/fjala.info\\\/2009-2015\\\/#organization\"},\"potentialAction\":[{\"@type\":\"SearchAction\",\"target\":{\"@type\":\"EntryPoint\",\"urlTemplate\":\"https:\\\/\\\/fjala.info\\\/2009-2015\\\/?s={search_term_string}\"},\"query-input\":{\"@type\":\"PropertyValueSpecification\",\"valueRequired\":true,\"valueName\":\"search_term_string\"}}],\"inLanguage\":\"sq-AL\"},{\"@type\":\"Organization\",\"@id\":\"https:\\\/\\\/fjala.info\\\/2009-2015\\\/#organization\",\"name\":\"FjALA e LIR\u00cb - Arkivi\",\"url\":\"https:\\\/\\\/fjala.info\\\/2009-2015\\\/\",\"logo\":{\"@type\":\"ImageObject\",\"inLanguage\":\"sq-AL\",\"@id\":\"https:\\\/\\\/fjala.info\\\/2009-2015\\\/#\\\/schema\\\/logo\\\/image\\\/\",\"url\":\"\",\"contentUrl\":\"\",\"caption\":\"FjALA e LIR\u00cb - Arkivi\"},\"image\":{\"@id\":\"https:\\\/\\\/fjala.info\\\/2009-2015\\\/#\\\/schema\\\/logo\\\/image\\\/\"}},{\"@type\":\"Person\",\"@id\":\"https:\\\/\\\/fjala.info\\\/2009-2015\\\/#\\\/schema\\\/person\\\/3aa1163ef05469c496fc94e77611ada2\",\"name\":\"admin\",\"image\":{\"@type\":\"ImageObject\",\"inLanguage\":\"sq-AL\",\"@id\":\"https:\\\/\\\/fjala.info\\\/2009-2015\\\/wp-content\\\/uploads\\\/2012\\\/02\\\/arben_cokaj-120x150.jpg\",\"url\":\"https:\\\/\\\/fjala.info\\\/2009-2015\\\/wp-content\\\/uploads\\\/2012\\\/02\\\/arben_cokaj-120x150.jpg\",\"contentUrl\":\"https:\\\/\\\/fjala.info\\\/2009-2015\\\/wp-content\\\/uploads\\\/2012\\\/02\\\/arben_cokaj-120x150.jpg\",\"caption\":\"admin\"},\"description\":\"Admin, Fjala e Lir\u00eb\",\"sameAs\":[\"https:\\\/\\\/fjala.info\\\/\"],\"url\":\"https:\\\/\\\/fjala.info\\\/2009-2015\\\/author\\\/admin\\\/\"}]}<\/script>\n<!-- \/ Yoast SEO plugin. -->","yoast_head_json":{"title":"Prapaskenat e gjeneral Hoxh\u00ebs, denoncimi i Shk\u00eblzen Berish\u00ebs dhe \u201carratisja\u201d n\u00eb SHBA - FjALA e LIR\u00cb - Arkivi","robots":{"index":"index","follow":"follow","max-snippet":"max-snippet:-1","max-image-preview":"max-image-preview:large","max-video-preview":"max-video-preview:-1"},"canonical":"https:\/\/fjala.info\/2009-2015\/prapaskenat-e-gjeneral-hoxhes-denoncimi-i-shkelzen-berishes-dhe-arratisja-ne-shba\/","og_locale":"sq_AL","og_type":"article","og_title":"Prapaskenat e gjeneral Hoxh\u00ebs, denoncimi i Shk\u00eblzen Berish\u00ebs dhe \u201carratisja\u201d n\u00eb SHBA - FjALA e LIR\u00cb - Arkivi","og_description":"TemA Online, 11 Shkurt 2012 SPECIALE \u2014 Largimi i ish-shefit t\u00eb Shtabit t\u00eb P\u00ebrgjithsh\u00ebm t\u00eb Ushtris\u00eb shqiptare gjeneral Luan Hoxha drejt Shteteve t\u00eb Bashkuara t\u00eb Amerik\u00ebs familjarisht \u00ebsht\u00eb vet\u00ebm etapa e fundit e veprimeve t\u00eb tija n\u00eb kuad\u00ebr t\u00eb \u00e7\u00ebshtjes G\u00ebrdeci. Largimi i tij mbetet ende enigm\u00eb n\u00eb momentin kur pritet q\u00eb Gjykata t\u00eb jap\u00eb [&hellip;]","og_url":"https:\/\/fjala.info\/2009-2015\/prapaskenat-e-gjeneral-hoxhes-denoncimi-i-shkelzen-berishes-dhe-arratisja-ne-shba\/","og_site_name":"FjALA e LIR\u00cb - Arkivi","article_published_time":"2012-02-11T19:54:18+00:00","og_image":[{"url":"http:\/\/www.shkoder.net\/2012\/ish_shefi_shtabit_luan_hoxha.jpg","type":"","width":"","height":""}],"author":"admin","twitter_card":"summary_large_image","twitter_misc":{"Written by":"admin","Est. reading time":"8 minutes"},"schema":{"@context":"https:\/\/schema.org","@graph":[{"@type":"Article","@id":"https:\/\/fjala.info\/2009-2015\/prapaskenat-e-gjeneral-hoxhes-denoncimi-i-shkelzen-berishes-dhe-arratisja-ne-shba\/#article","isPartOf":{"@id":"https:\/\/fjala.info\/2009-2015\/prapaskenat-e-gjeneral-hoxhes-denoncimi-i-shkelzen-berishes-dhe-arratisja-ne-shba\/"},"author":{"name":"admin","@id":"https:\/\/fjala.info\/2009-2015\/#\/schema\/person\/3aa1163ef05469c496fc94e77611ada2"},"headline":"Prapaskenat e gjeneral Hoxh\u00ebs, denoncimi i Shk\u00eblzen Berish\u00ebs dhe \u201carratisja\u201d n\u00eb SHBA","datePublished":"2012-02-11T19:54:18+00:00","mainEntityOfPage":{"@id":"https:\/\/fjala.info\/2009-2015\/prapaskenat-e-gjeneral-hoxhes-denoncimi-i-shkelzen-berishes-dhe-arratisja-ne-shba\/"},"wordCount":1550,"commentCount":0,"publisher":{"@id":"https:\/\/fjala.info\/2009-2015\/#organization"},"image":{"@id":"https:\/\/fjala.info\/2009-2015\/prapaskenat-e-gjeneral-hoxhes-denoncimi-i-shkelzen-berishes-dhe-arratisja-ne-shba\/#primaryimage"},"thumbnailUrl":"http:\/\/www.shkoder.net\/2012\/ish_shefi_shtabit_luan_hoxha.jpg","articleSection":["Artikuj"],"inLanguage":"sq-AL","potentialAction":[{"@type":"CommentAction","name":"Comment","target":["https:\/\/fjala.info\/2009-2015\/prapaskenat-e-gjeneral-hoxhes-denoncimi-i-shkelzen-berishes-dhe-arratisja-ne-shba\/#respond"]}]},{"@type":"WebPage","@id":"https:\/\/fjala.info\/2009-2015\/prapaskenat-e-gjeneral-hoxhes-denoncimi-i-shkelzen-berishes-dhe-arratisja-ne-shba\/","url":"https:\/\/fjala.info\/2009-2015\/prapaskenat-e-gjeneral-hoxhes-denoncimi-i-shkelzen-berishes-dhe-arratisja-ne-shba\/","name":"Prapaskenat e gjeneral Hoxh\u00ebs, denoncimi i Shk\u00eblzen Berish\u00ebs dhe \u201carratisja\u201d n\u00eb SHBA - FjALA e LIR\u00cb - Arkivi","isPartOf":{"@id":"https:\/\/fjala.info\/2009-2015\/#website"},"primaryImageOfPage":{"@id":"https:\/\/fjala.info\/2009-2015\/prapaskenat-e-gjeneral-hoxhes-denoncimi-i-shkelzen-berishes-dhe-arratisja-ne-shba\/#primaryimage"},"image":{"@id":"https:\/\/fjala.info\/2009-2015\/prapaskenat-e-gjeneral-hoxhes-denoncimi-i-shkelzen-berishes-dhe-arratisja-ne-shba\/#primaryimage"},"thumbnailUrl":"http:\/\/www.shkoder.net\/2012\/ish_shefi_shtabit_luan_hoxha.jpg","datePublished":"2012-02-11T19:54:18+00:00","breadcrumb":{"@id":"https:\/\/fjala.info\/2009-2015\/prapaskenat-e-gjeneral-hoxhes-denoncimi-i-shkelzen-berishes-dhe-arratisja-ne-shba\/#breadcrumb"},"inLanguage":"sq-AL","potentialAction":[{"@type":"ReadAction","target":["https:\/\/fjala.info\/2009-2015\/prapaskenat-e-gjeneral-hoxhes-denoncimi-i-shkelzen-berishes-dhe-arratisja-ne-shba\/"]}]},{"@type":"ImageObject","inLanguage":"sq-AL","@id":"https:\/\/fjala.info\/2009-2015\/prapaskenat-e-gjeneral-hoxhes-denoncimi-i-shkelzen-berishes-dhe-arratisja-ne-shba\/#primaryimage","url":"http:\/\/www.shkoder.net\/2012\/ish_shefi_shtabit_luan_hoxha.jpg","contentUrl":"http:\/\/www.shkoder.net\/2012\/ish_shefi_shtabit_luan_hoxha.jpg"},{"@type":"BreadcrumbList","@id":"https:\/\/fjala.info\/2009-2015\/prapaskenat-e-gjeneral-hoxhes-denoncimi-i-shkelzen-berishes-dhe-arratisja-ne-shba\/#breadcrumb","itemListElement":[{"@type":"ListItem","position":1,"name":"Home","item":"https:\/\/fjala.info\/2009-2015\/"},{"@type":"ListItem","position":2,"name":"Prapaskenat e gjeneral Hoxh\u00ebs, denoncimi i Shk\u00eblzen Berish\u00ebs dhe \u201carratisja\u201d n\u00eb SHBA"}]},{"@type":"WebSite","@id":"https:\/\/fjala.info\/2009-2015\/#website","url":"https:\/\/fjala.info\/2009-2015\/","name":"FjALA e LIR\u00cb - Arkivi","description":"Arkivi 2009-2015","publisher":{"@id":"https:\/\/fjala.info\/2009-2015\/#organization"},"potentialAction":[{"@type":"SearchAction","target":{"@type":"EntryPoint","urlTemplate":"https:\/\/fjala.info\/2009-2015\/?s={search_term_string}"},"query-input":{"@type":"PropertyValueSpecification","valueRequired":true,"valueName":"search_term_string"}}],"inLanguage":"sq-AL"},{"@type":"Organization","@id":"https:\/\/fjala.info\/2009-2015\/#organization","name":"FjALA e LIR\u00cb - Arkivi","url":"https:\/\/fjala.info\/2009-2015\/","logo":{"@type":"ImageObject","inLanguage":"sq-AL","@id":"https:\/\/fjala.info\/2009-2015\/#\/schema\/logo\/image\/","url":"","contentUrl":"","caption":"FjALA e LIR\u00cb - Arkivi"},"image":{"@id":"https:\/\/fjala.info\/2009-2015\/#\/schema\/logo\/image\/"}},{"@type":"Person","@id":"https:\/\/fjala.info\/2009-2015\/#\/schema\/person\/3aa1163ef05469c496fc94e77611ada2","name":"admin","image":{"@type":"ImageObject","inLanguage":"sq-AL","@id":"https:\/\/fjala.info\/2009-2015\/wp-content\/uploads\/2012\/02\/arben_cokaj-120x150.jpg","url":"https:\/\/fjala.info\/2009-2015\/wp-content\/uploads\/2012\/02\/arben_cokaj-120x150.jpg","contentUrl":"https:\/\/fjala.info\/2009-2015\/wp-content\/uploads\/2012\/02\/arben_cokaj-120x150.jpg","caption":"admin"},"description":"Admin, Fjala e Lir\u00eb","sameAs":["https:\/\/fjala.info\/"],"url":"https:\/\/fjala.info\/2009-2015\/author\/admin\/"}]}},"_links":{"self":[{"href":"https:\/\/fjala.info\/2009-2015\/wp-json\/wp\/v2\/posts\/1726","targetHints":{"allow":["GET"]}}],"collection":[{"href":"https:\/\/fjala.info\/2009-2015\/wp-json\/wp\/v2\/posts"}],"about":[{"href":"https:\/\/fjala.info\/2009-2015\/wp-json\/wp\/v2\/types\/post"}],"author":[{"embeddable":true,"href":"https:\/\/fjala.info\/2009-2015\/wp-json\/wp\/v2\/users\/1"}],"replies":[{"embeddable":true,"href":"https:\/\/fjala.info\/2009-2015\/wp-json\/wp\/v2\/comments?post=1726"}],"version-history":[{"count":0,"href":"https:\/\/fjala.info\/2009-2015\/wp-json\/wp\/v2\/posts\/1726\/revisions"}],"wp:attachment":[{"href":"https:\/\/fjala.info\/2009-2015\/wp-json\/wp\/v2\/media?parent=1726"}],"wp:term":[{"taxonomy":"category","embeddable":true,"href":"https:\/\/fjala.info\/2009-2015\/wp-json\/wp\/v2\/categories?post=1726"},{"taxonomy":"post_tag","embeddable":true,"href":"https:\/\/fjala.info\/2009-2015\/wp-json\/wp\/v2\/tags?post=1726"}],"curies":[{"name":"wp","href":"https:\/\/api.w.org\/{rel}","templated":true}]}}