{"id":172,"date":"2011-11-16T00:26:09","date_gmt":"2011-11-15T23:26:09","guid":{"rendered":"http:\/\/fjala.shkoder.net\/?p=172"},"modified":"2011-11-16T00:26:09","modified_gmt":"2011-11-15T23:26:09","slug":"raimondaaah","status":"publish","type":"post","link":"https:\/\/fjala.info\/2009-2015\/raimondaaah\/","title":{"rendered":"Raimondaaah!"},"content":{"rendered":"<p><img decoding=\"async\" class=\"alignleft size-thumbnail wp-image-7236\" title=\"Rajmonda Bulku\" src=\"http:\/\/www.shkoder.net\/images\/fjala\/2011\/rajmonda_bulku.jpg\" alt=\"\" width=\"300\" \/> Nga <strong>Bledi Mane<\/strong>, <em>15 N\u00ebntor 2011<\/em><br \/>\nfacebook.com\/bledi.mane<\/p>\n<p><strong>1.\/Ti s\u2019je as Berluscon as Papandre<\/strong><\/p>\n<p>Eh t\u00eb shikoje \u00e7far\u00eb gallate plasi jav\u00ebn e shkuar n\u00ebp\u00ebr Shqip\u00ebri. U mpreh kot gjindja e g\u00ebzonte para kohe. Kujtuan se vala e dor\u00ebheqjeve mesdhetare q\u00eb fryu nga Athina n\u00eb Rom\u00eb do t\u00eb tranzitonte edhe mbi Tiran\u00eb. Ngaq\u00eb vendi po lundron mbi llumin e krimit, korrupsionit, maskarall\u00ebkut, varf\u00ebris\u00eb, fudull\u00ebkut opozitar\u00ebve t\u00eb vjet\u00ebr e rishtas t\u00eb rinj iu duk sikur kap\u00ebrcyen ng\u00ebr\u00e7in 6 vje\u00e7ar t\u00eb qeverisjes t\u00ebnde q\u00eb u ishte b\u00ebr\u00eb komb n\u00eb fyt e klith\u00ebn si t\u00eb pataksuar: Iku S.B-ja e Italis\u00eb e bashk\u00eb me t\u00eb edhe S.B-ja e Shqip\u00ebris\u00eb!!!<\/p>\n<p>Fest\u00eb e madhe anemban\u00eb vendit, lumturi e pllakosur forc\u00ebrisht n\u00eb fytyrat e plakura para kohe ngase \u00e7dokush besonte n\u00eb fisnik\u00ebrin\u00eb t\u00ebnde e edhe p\u00ebr arsye moshe fjet\u00ebn mendjen. P\u00ebrfundimisht po ikje duke i hapur rrug\u00ebn nj\u00eb qeverisjeje teknike deri n\u00eb hartimin e kodit t\u00eb ri, t\u00eb ri, t\u00eb ri zgjedhor dhe mbajtjen e zgjedhjeve t\u00eb parakohshme.<\/p>\n<p>Eh sa gabojn\u00eb njer\u00ebzia n\u00eb k\u00ebt\u00eb vend, gabojn\u00eb se nuk ta njohin mir\u00eb l\u00ebkur\u00ebn.<\/p>\n<p>Donin t\u00eb krahasonin me ish kryeministrin Jorgo Papandreu, djalin e legjendarit majtist grek Andrea Papandreu (idhullin e Fatos Nano Nanos). Hoq\u00ebn shenj\u00eb barazie mes tij dhe teje e harruan se ai greku i lindur n\u00eb Minesota t\u00eb Amerik\u00ebs ishte vite larg kasolleve pa drita e me pleshta t\u00eb Vi\u00e7idolit. Kur ishte f\u00ebmij\u00eb e adoleshent at\u00eb e priste school bus te dera e sht\u00ebpis\u00eb, nd\u00ebrsa ti pasi pije qum\u00ebsht t\u00eb fresk\u00ebt direkt nga cica e dhis\u00eb s\u00eb vetme q\u00eb kishit, vrapoje 3 or\u00eb mal m\u00eb mal e kod\u00ebr m\u00eb kod\u00ebr p\u00ebr t\u00eb shkuar n\u00eb shkoll\u00ebn m\u00eb t\u00eb af\u00ebrt.<\/p>\n<p>Ai arg\u00ebtohej me lodra, filma, kinema, dhurata nd\u00ebrsa ti garoje me ujkun dhe arushat e pyllit t\u00eb fshatit se kush do t\u00eb kapte lepurin m\u00eb shpejt. Ti flije mbi dyshek\u00ebt me kasht\u00eb bashk\u00eb me kunupin, miun, urithin dhe lop\u00ebn, nd\u00ebrsa ai greku u rrit e u edukua me sh\u00ebrb\u00ebtore te koka. Ti m\u00ebsove intrigat, vjedhjet, posht\u00ebrsit\u00eb se duhej t\u00eb mbijetoje n\u00eb at\u00eb humb\u00ebtir\u00eb ku linde e u rrite, nd\u00ebrsa ai greku p\u00ebrball\u00eb u arsimua n\u00eb Toronto, Boston, Stokholm e Lond\u00ebr e m\u00ebsoi \u00e7far\u00eb jan\u00eb klasik\u00ebt, filozofia, toleranca, ekonomia, dashuria\u2026<\/p>\n<p>Ai grek laj- thaj vet\u00ebm n\u00eb nj\u00eb parti politike u an\u00ebtar\u00ebsua, nd\u00ebrsa ti e nise me Parti Komuniste, Pune e dole te PD.<\/p>\n<p>Ai e mbrojti vendin e tij edhe kur po zgripohej drejt humner\u00ebs s\u00eb falimentit, e pasi siguroi k\u00ebstet e shp\u00ebtimit u tregua burr\u00eb e dha dor\u00ebheqje si babaxhan duke ia l\u00ebn\u00eb vendin personalitetit bot\u00ebror t\u00eb financave Lukas Papadhimos. Ti as nuk e rruan e as nuk e qeth kur shikon se k\u00ebtu jetohet buz\u00eb zgripit \u00e7do dit\u00eb dhe mizerja \u00ebsht\u00eb legalizuar si t\u00eb jet\u00eb barak\u00eb Kamze.<\/p>\n<p>Num\u00ebroja pak sesa protesta jan\u00eb b\u00ebr\u00eb vet\u00ebm n\u00eb Athin\u00eb gjat\u00eb qeverisjes s\u00eb Papandreut, sa d\u00ebme t\u00eb pron\u00ebs publike e private, por ai nuk shtiu e vrau asnj\u00eb protestues.<\/p>\n<p>Nj\u00eb njeri i lindur e i rritur mes njer\u00ebzve e me njerzill\u00ebk padyshim do t\u00eb reagonte e sillej k\u00ebshtu me situat\u00ebn apo kund\u00ebrshtar\u00ebt nd\u00ebrsa ti\u2026<\/p>\n<p>Ti vjedh vota e para publike, vret hallexhinj e shan t\u00eb vdekur e t\u00eb gjall\u00eb, monarkon me dor\u00eb t\u00eb hekurt e nd\u00ebrkoh\u00eb un\u00eb dyshoj te e kaluara jote. I katandisur n\u00eb k\u00ebt\u00eb lloj derexheje ti patjet\u00ebr do t\u00eb kesh pasur f\u00ebmij\u00ebri e jet\u00eb t\u00eb v\u00ebshtir\u00eb. Ti vjedh votat e kund\u00ebrshtarit sepse t\u00eb kan\u00eb vjedhur buk\u00ebn e misrit familjar\u00ebt e tu, ty t\u00eb p\u00eblqen t\u00eb dhunosh sepse t\u00eb kan\u00eb rrahur e masakruar \u00e7unat e fshatit, t\u00eb p\u00eblqen t\u00eb vras\u00ebsh tinzarisht se nuk ke pasur kurr\u00eb byth\u00eb t\u00eb ndeshesh ballas me m\u00eb t\u00eb zotin se ti, ti shan e mallkon sepse do tu ken\u00eb shar\u00eb para e mbrapa dhe ende ato sharje t\u00eb gum\u00ebzhijn\u00eb n\u00eb vesh\u00ebt e tu plot lesh. Ti biologjikisht, organikisht, shkenc\u00ebrisht, folklorikisht, shqiptarisht je dhe mbetesh produkt i nj\u00eb familjeje fshati dhe rrethi social tep\u00ebr ordiner e t\u00eb varf\u00ebr n\u00eb xhepa e n\u00eb shpirt ndaj edhe Shqip\u00ebrin\u00eb mundohesh ta vi\u00e7idolizosh sipas gustos t\u00ebnde.<\/p>\n<p>Donin t\u00eb krahasonin edhe me Silvio Berlusconin (idhullin e Fatos Nano Nanos), perversin italian q\u00eb la pa frym\u00eb Evrop\u00eb e Amerik\u00eb, por p\u00ebrs\u00ebri edhe me t\u00eb je vite larg. Jo sepse ti nuk lyen flok\u00ebt n\u00eb ngjyr\u00eb karote apo t\u00ebrheq l\u00ebkur\u00ebn si ai, por pavar\u00ebsisht se mund t\u00eb kesh b\u00ebr\u00eb para pa fund edhe ti prap\u00eb stonon n\u00ebse u krahason t\u00eb dyve.<\/p>\n<p>Berlusconi \u00ebsht\u00eb dor\u00ebhequr qysh nga 1994 t\u00eb pakt\u00ebn 2-3 her\u00eb e ka formuar edhe dy parti t\u00eb reja nd\u00ebrsa ti edhe n\u00eb 1997 u dor\u00ebhoqe me 2 mij\u00eb t\u00eb vdekur mbi vete. Kavalieri m\u00eb plak se ty, por i qante orgjit\u00eb \u201cbunga-bunga\u201d e i vinin dashnoret tufa-tufa zerdeli, nd\u00ebrsa ti ke vite i tredhur e nuk t\u00eb shkon m\u00eb mendja p\u00ebr qejfe e sevdaja, por posht\u00ebrsit\u00eb dhe diktati jan\u00eb kthyer n\u00eb orgazm\u00ebn e andropauz\u00ebs t\u00ebnde. Njer\u00ebzit qejflinj jan\u00eb babaxhan\u00eb t\u00eb pa rreziksh\u00ebm e n\u00ebse ti do t\u00eb ishe i till\u00eb, e meritoje edhe nj\u00eb mandat tjet\u00ebr. T\u00eb krahasojn\u00eb me Berlusconin e kujtojn\u00eb se edhe ti si ai e more Erla M\u00ebhillin t\u00eb vog\u00ebl porsi marokenia Ruby, por ndryshe nga Silvio ti nuk e arg\u00ebton e as e relakson me qejfe dhe para, por e ke b\u00ebr\u00eb si veten e nuk i ke len\u00eb posht\u00ebrsi pa m\u00ebsuar.<\/p>\n<p><strong>2.\/Rajmondaaah!<\/strong><\/p>\n<p>Kemi rreth dy vjet q\u00eb k\u00ebto grat\u00eb- burra dhe k\u00ebta burrat- gra t\u00eb PD-s\u00eb nuk lan\u00eb njeri pa shar\u00eb e pa ua marr\u00eb erzin. E nis\u00ebn me grat\u00eb e kund\u00ebrshtar\u00ebve, me prind\u00ebrit e vdekur, me loj\u00ebrat e f\u00ebmij\u00ebris\u00eb, me biografi komshinjsh dhe p\u00ebrfunduan te dashnor\u00ebt e gocave t\u00eb tezeve t\u00eb opozitar\u00ebve. Nj\u00eb nga z\u00ebrat m\u00eb melodioz\u00eb e m\u00eb t\u00eb spikatur t\u00eb korit blu ishte edhe c\u00ebrriksja aktore Rajmonda Bulku, e cila u kthye si pa kuptuar n\u00eb personazhin e muajit. Si bumerang i ran\u00eb mbi vete sharjet dhe klithmat histerike q\u00eb nxirrte nga goja partia e saj, kryetari i saj, dhe ajo vet\u00eb. Si nj\u00eb prej aktoreve modele t\u00eb realizmit socialist q\u00eb prodhoi Kinostudio nd\u00ebr vite, edhe k\u00ebsaj here besoj se roli q\u00eb i ka veshur vetes do t\u2019i dal\u00eb prej duarve.<\/p>\n<p>Rajmonda! Ke dhe ti fatin t\u00ebnd dhe ke betej\u00ebn t\u00ebnde p\u00ebr tu mbrojtur. Si nuk tu dhimb motra e Taulantit, gruaja e tij, koleget e tua aktore q\u00eb u p\u00ebrfol\u00ebn nga kryetari yt\u2026 Si nuk tu dhimbsen kur i d\u00ebgjoje si fyheshin dhe heshtje duk\u00eb \u201cmerituar\u201d t\u00eb qenit n\u00eb ushtrin\u00eb e kryeshar\u00ebsit. Tani fati t\u00eb solli ty n\u00eb pozit\u00ebn e atyre. A e shikon sa t\u00eb njer\u00ebzish\u00ebm jan\u00eb pala tjet\u00ebr. Askush nuk t\u00eb ka th\u00ebn\u00eb kurv\u00eb, askush nuk t\u00eb ka th\u00ebne e p\u00ebrdal\u00eb\u2026 Kan\u00eb heshtur gjith\u00eb fisnik\u00ebri.<\/p>\n<p>Por ajo q\u00eb m\u00eb tremb n\u00eb k\u00ebt\u00eb histori nuk \u00ebsht\u00eb fati yt, por falsiteti i brezit t\u00eb ri \u201ct\u00eb emancipuar\u201d. M\u00eb trendy ngjan Helena, Ismaili, bile dhe personazhet e tyre se sa f\u00ebmij\u00ebt e tyre (jo vet\u00ebm biologjik), q\u00eb nxitojn\u00eb t\u00eb lexojn\u00eb libra jo se u duhet kultur\u00eb, por se u duhen t\u00eb din\u00eb dashnor\u00ebt e prind\u00ebrve. Raimondaaah \u00e7\u2019na b\u00ebre! Na nxore gjith\u00eb t\u00eb palarat.<\/p>\n","protected":false},"excerpt":{"rendered":"<p>Nga Bledi Mane, 15 N\u00ebntor 2011 facebook.com\/bledi.mane 1.\/Ti s\u2019je as Berluscon as Papandre Eh t\u00eb shikoje \u00e7far\u00eb gallate plasi jav\u00ebn e shkuar n\u00ebp\u00ebr Shqip\u00ebri. U mpreh kot gjindja e g\u00ebzonte para kohe. Kujtuan se vala e dor\u00ebheqjeve mesdhetare q\u00eb fryu nga Athina n\u00eb Rom\u00eb do t\u00eb tranzitonte edhe mbi Tiran\u00eb. Ngaq\u00eb vendi po lundron mbi [&hellip;]<\/p>\n","protected":false},"author":1,"featured_media":0,"comment_status":"open","ping_status":"closed","sticky":false,"template":"","format":"standard","meta":{"footnotes":""},"categories":[2],"tags":[],"class_list":{"0":"post-172","1":"post","2":"type-post","3":"status-publish","4":"format-standard","6":"category-artikuj"},"yoast_head":"<!-- This site is optimized with the Yoast SEO plugin v27.4 - https:\/\/yoast.com\/product\/yoast-seo-wordpress\/ -->\n<title>Raimondaaah! - FjALA e LIR\u00cb - Arkivi<\/title>\n<meta name=\"robots\" content=\"index, follow, max-snippet:-1, max-image-preview:large, max-video-preview:-1\" \/>\n<link rel=\"canonical\" href=\"https:\/\/fjala.info\/2009-2015\/raimondaaah\/\" \/>\n<meta property=\"og:locale\" content=\"sq_AL\" \/>\n<meta property=\"og:type\" content=\"article\" \/>\n<meta property=\"og:title\" content=\"Raimondaaah! - FjALA e LIR\u00cb - Arkivi\" \/>\n<meta property=\"og:description\" content=\"Nga Bledi Mane, 15 N\u00ebntor 2011 facebook.com\/bledi.mane 1.\/Ti s\u2019je as Berluscon as Papandre Eh t\u00eb shikoje \u00e7far\u00eb gallate plasi jav\u00ebn e shkuar n\u00ebp\u00ebr Shqip\u00ebri. U mpreh kot gjindja e g\u00ebzonte para kohe. Kujtuan se vala e dor\u00ebheqjeve mesdhetare q\u00eb fryu nga Athina n\u00eb Rom\u00eb do t\u00eb tranzitonte edhe mbi Tiran\u00eb. Ngaq\u00eb vendi po lundron mbi [&hellip;]\" \/>\n<meta property=\"og:url\" content=\"https:\/\/fjala.info\/2009-2015\/raimondaaah\/\" \/>\n<meta property=\"og:site_name\" content=\"FjALA e LIR\u00cb - Arkivi\" \/>\n<meta property=\"article:published_time\" content=\"2011-11-15T23:26:09+00:00\" \/>\n<meta property=\"og:image\" content=\"http:\/\/www.shkoder.net\/images\/fjala\/2011\/rajmonda_bulku.jpg\" \/>\n<meta name=\"author\" content=\"admin\" \/>\n<meta name=\"twitter:card\" content=\"summary_large_image\" \/>\n<meta name=\"twitter:label1\" content=\"Written by\" \/>\n\t<meta name=\"twitter:data1\" content=\"admin\" \/>\n\t<meta name=\"twitter:label2\" content=\"Est. reading time\" \/>\n\t<meta name=\"twitter:data2\" content=\"7 minutes\" \/>\n<script type=\"application\/ld+json\" class=\"yoast-schema-graph\">{\"@context\":\"https:\\\/\\\/schema.org\",\"@graph\":[{\"@type\":\"Article\",\"@id\":\"https:\\\/\\\/fjala.info\\\/2009-2015\\\/raimondaaah\\\/#article\",\"isPartOf\":{\"@id\":\"https:\\\/\\\/fjala.info\\\/2009-2015\\\/raimondaaah\\\/\"},\"author\":{\"name\":\"admin\",\"@id\":\"https:\\\/\\\/fjala.info\\\/2009-2015\\\/#\\\/schema\\\/person\\\/3aa1163ef05469c496fc94e77611ada2\"},\"headline\":\"Raimondaaah!\",\"datePublished\":\"2011-11-15T23:26:09+00:00\",\"mainEntityOfPage\":{\"@id\":\"https:\\\/\\\/fjala.info\\\/2009-2015\\\/raimondaaah\\\/\"},\"wordCount\":1320,\"commentCount\":0,\"publisher\":{\"@id\":\"https:\\\/\\\/fjala.info\\\/2009-2015\\\/#organization\"},\"image\":{\"@id\":\"https:\\\/\\\/fjala.info\\\/2009-2015\\\/raimondaaah\\\/#primaryimage\"},\"thumbnailUrl\":\"http:\\\/\\\/www.shkoder.net\\\/images\\\/fjala\\\/2011\\\/rajmonda_bulku.jpg\",\"articleSection\":[\"Artikuj\"],\"inLanguage\":\"sq-AL\",\"potentialAction\":[{\"@type\":\"CommentAction\",\"name\":\"Comment\",\"target\":[\"https:\\\/\\\/fjala.info\\\/2009-2015\\\/raimondaaah\\\/#respond\"]}]},{\"@type\":\"WebPage\",\"@id\":\"https:\\\/\\\/fjala.info\\\/2009-2015\\\/raimondaaah\\\/\",\"url\":\"https:\\\/\\\/fjala.info\\\/2009-2015\\\/raimondaaah\\\/\",\"name\":\"Raimondaaah! - FjALA e LIR\u00cb - Arkivi\",\"isPartOf\":{\"@id\":\"https:\\\/\\\/fjala.info\\\/2009-2015\\\/#website\"},\"primaryImageOfPage\":{\"@id\":\"https:\\\/\\\/fjala.info\\\/2009-2015\\\/raimondaaah\\\/#primaryimage\"},\"image\":{\"@id\":\"https:\\\/\\\/fjala.info\\\/2009-2015\\\/raimondaaah\\\/#primaryimage\"},\"thumbnailUrl\":\"http:\\\/\\\/www.shkoder.net\\\/images\\\/fjala\\\/2011\\\/rajmonda_bulku.jpg\",\"datePublished\":\"2011-11-15T23:26:09+00:00\",\"breadcrumb\":{\"@id\":\"https:\\\/\\\/fjala.info\\\/2009-2015\\\/raimondaaah\\\/#breadcrumb\"},\"inLanguage\":\"sq-AL\",\"potentialAction\":[{\"@type\":\"ReadAction\",\"target\":[\"https:\\\/\\\/fjala.info\\\/2009-2015\\\/raimondaaah\\\/\"]}]},{\"@type\":\"ImageObject\",\"inLanguage\":\"sq-AL\",\"@id\":\"https:\\\/\\\/fjala.info\\\/2009-2015\\\/raimondaaah\\\/#primaryimage\",\"url\":\"http:\\\/\\\/www.shkoder.net\\\/images\\\/fjala\\\/2011\\\/rajmonda_bulku.jpg\",\"contentUrl\":\"http:\\\/\\\/www.shkoder.net\\\/images\\\/fjala\\\/2011\\\/rajmonda_bulku.jpg\"},{\"@type\":\"BreadcrumbList\",\"@id\":\"https:\\\/\\\/fjala.info\\\/2009-2015\\\/raimondaaah\\\/#breadcrumb\",\"itemListElement\":[{\"@type\":\"ListItem\",\"position\":1,\"name\":\"Home\",\"item\":\"https:\\\/\\\/fjala.info\\\/2009-2015\\\/\"},{\"@type\":\"ListItem\",\"position\":2,\"name\":\"Raimondaaah!\"}]},{\"@type\":\"WebSite\",\"@id\":\"https:\\\/\\\/fjala.info\\\/2009-2015\\\/#website\",\"url\":\"https:\\\/\\\/fjala.info\\\/2009-2015\\\/\",\"name\":\"FjALA e LIR\u00cb - Arkivi\",\"description\":\"Arkivi 2009-2015\",\"publisher\":{\"@id\":\"https:\\\/\\\/fjala.info\\\/2009-2015\\\/#organization\"},\"potentialAction\":[{\"@type\":\"SearchAction\",\"target\":{\"@type\":\"EntryPoint\",\"urlTemplate\":\"https:\\\/\\\/fjala.info\\\/2009-2015\\\/?s={search_term_string}\"},\"query-input\":{\"@type\":\"PropertyValueSpecification\",\"valueRequired\":true,\"valueName\":\"search_term_string\"}}],\"inLanguage\":\"sq-AL\"},{\"@type\":\"Organization\",\"@id\":\"https:\\\/\\\/fjala.info\\\/2009-2015\\\/#organization\",\"name\":\"FjALA e LIR\u00cb - Arkivi\",\"url\":\"https:\\\/\\\/fjala.info\\\/2009-2015\\\/\",\"logo\":{\"@type\":\"ImageObject\",\"inLanguage\":\"sq-AL\",\"@id\":\"https:\\\/\\\/fjala.info\\\/2009-2015\\\/#\\\/schema\\\/logo\\\/image\\\/\",\"url\":\"\",\"contentUrl\":\"\",\"caption\":\"FjALA e LIR\u00cb - Arkivi\"},\"image\":{\"@id\":\"https:\\\/\\\/fjala.info\\\/2009-2015\\\/#\\\/schema\\\/logo\\\/image\\\/\"}},{\"@type\":\"Person\",\"@id\":\"https:\\\/\\\/fjala.info\\\/2009-2015\\\/#\\\/schema\\\/person\\\/3aa1163ef05469c496fc94e77611ada2\",\"name\":\"admin\",\"image\":{\"@type\":\"ImageObject\",\"inLanguage\":\"sq-AL\",\"@id\":\"https:\\\/\\\/fjala.info\\\/2009-2015\\\/wp-content\\\/uploads\\\/2012\\\/02\\\/arben_cokaj-120x150.jpg\",\"url\":\"https:\\\/\\\/fjala.info\\\/2009-2015\\\/wp-content\\\/uploads\\\/2012\\\/02\\\/arben_cokaj-120x150.jpg\",\"contentUrl\":\"https:\\\/\\\/fjala.info\\\/2009-2015\\\/wp-content\\\/uploads\\\/2012\\\/02\\\/arben_cokaj-120x150.jpg\",\"caption\":\"admin\"},\"description\":\"Admin, Fjala e Lir\u00eb\",\"sameAs\":[\"https:\\\/\\\/fjala.info\\\/\"],\"url\":\"https:\\\/\\\/fjala.info\\\/2009-2015\\\/author\\\/admin\\\/\"}]}<\/script>\n<!-- \/ Yoast SEO plugin. -->","yoast_head_json":{"title":"Raimondaaah! - FjALA e LIR\u00cb - Arkivi","robots":{"index":"index","follow":"follow","max-snippet":"max-snippet:-1","max-image-preview":"max-image-preview:large","max-video-preview":"max-video-preview:-1"},"canonical":"https:\/\/fjala.info\/2009-2015\/raimondaaah\/","og_locale":"sq_AL","og_type":"article","og_title":"Raimondaaah! - FjALA e LIR\u00cb - Arkivi","og_description":"Nga Bledi Mane, 15 N\u00ebntor 2011 facebook.com\/bledi.mane 1.\/Ti s\u2019je as Berluscon as Papandre Eh t\u00eb shikoje \u00e7far\u00eb gallate plasi jav\u00ebn e shkuar n\u00ebp\u00ebr Shqip\u00ebri. U mpreh kot gjindja e g\u00ebzonte para kohe. Kujtuan se vala e dor\u00ebheqjeve mesdhetare q\u00eb fryu nga Athina n\u00eb Rom\u00eb do t\u00eb tranzitonte edhe mbi Tiran\u00eb. Ngaq\u00eb vendi po lundron mbi [&hellip;]","og_url":"https:\/\/fjala.info\/2009-2015\/raimondaaah\/","og_site_name":"FjALA e LIR\u00cb - Arkivi","article_published_time":"2011-11-15T23:26:09+00:00","og_image":[{"url":"http:\/\/www.shkoder.net\/images\/fjala\/2011\/rajmonda_bulku.jpg","type":"","width":"","height":""}],"author":"admin","twitter_card":"summary_large_image","twitter_misc":{"Written by":"admin","Est. reading time":"7 minutes"},"schema":{"@context":"https:\/\/schema.org","@graph":[{"@type":"Article","@id":"https:\/\/fjala.info\/2009-2015\/raimondaaah\/#article","isPartOf":{"@id":"https:\/\/fjala.info\/2009-2015\/raimondaaah\/"},"author":{"name":"admin","@id":"https:\/\/fjala.info\/2009-2015\/#\/schema\/person\/3aa1163ef05469c496fc94e77611ada2"},"headline":"Raimondaaah!","datePublished":"2011-11-15T23:26:09+00:00","mainEntityOfPage":{"@id":"https:\/\/fjala.info\/2009-2015\/raimondaaah\/"},"wordCount":1320,"commentCount":0,"publisher":{"@id":"https:\/\/fjala.info\/2009-2015\/#organization"},"image":{"@id":"https:\/\/fjala.info\/2009-2015\/raimondaaah\/#primaryimage"},"thumbnailUrl":"http:\/\/www.shkoder.net\/images\/fjala\/2011\/rajmonda_bulku.jpg","articleSection":["Artikuj"],"inLanguage":"sq-AL","potentialAction":[{"@type":"CommentAction","name":"Comment","target":["https:\/\/fjala.info\/2009-2015\/raimondaaah\/#respond"]}]},{"@type":"WebPage","@id":"https:\/\/fjala.info\/2009-2015\/raimondaaah\/","url":"https:\/\/fjala.info\/2009-2015\/raimondaaah\/","name":"Raimondaaah! - FjALA e LIR\u00cb - Arkivi","isPartOf":{"@id":"https:\/\/fjala.info\/2009-2015\/#website"},"primaryImageOfPage":{"@id":"https:\/\/fjala.info\/2009-2015\/raimondaaah\/#primaryimage"},"image":{"@id":"https:\/\/fjala.info\/2009-2015\/raimondaaah\/#primaryimage"},"thumbnailUrl":"http:\/\/www.shkoder.net\/images\/fjala\/2011\/rajmonda_bulku.jpg","datePublished":"2011-11-15T23:26:09+00:00","breadcrumb":{"@id":"https:\/\/fjala.info\/2009-2015\/raimondaaah\/#breadcrumb"},"inLanguage":"sq-AL","potentialAction":[{"@type":"ReadAction","target":["https:\/\/fjala.info\/2009-2015\/raimondaaah\/"]}]},{"@type":"ImageObject","inLanguage":"sq-AL","@id":"https:\/\/fjala.info\/2009-2015\/raimondaaah\/#primaryimage","url":"http:\/\/www.shkoder.net\/images\/fjala\/2011\/rajmonda_bulku.jpg","contentUrl":"http:\/\/www.shkoder.net\/images\/fjala\/2011\/rajmonda_bulku.jpg"},{"@type":"BreadcrumbList","@id":"https:\/\/fjala.info\/2009-2015\/raimondaaah\/#breadcrumb","itemListElement":[{"@type":"ListItem","position":1,"name":"Home","item":"https:\/\/fjala.info\/2009-2015\/"},{"@type":"ListItem","position":2,"name":"Raimondaaah!"}]},{"@type":"WebSite","@id":"https:\/\/fjala.info\/2009-2015\/#website","url":"https:\/\/fjala.info\/2009-2015\/","name":"FjALA e LIR\u00cb - Arkivi","description":"Arkivi 2009-2015","publisher":{"@id":"https:\/\/fjala.info\/2009-2015\/#organization"},"potentialAction":[{"@type":"SearchAction","target":{"@type":"EntryPoint","urlTemplate":"https:\/\/fjala.info\/2009-2015\/?s={search_term_string}"},"query-input":{"@type":"PropertyValueSpecification","valueRequired":true,"valueName":"search_term_string"}}],"inLanguage":"sq-AL"},{"@type":"Organization","@id":"https:\/\/fjala.info\/2009-2015\/#organization","name":"FjALA e LIR\u00cb - Arkivi","url":"https:\/\/fjala.info\/2009-2015\/","logo":{"@type":"ImageObject","inLanguage":"sq-AL","@id":"https:\/\/fjala.info\/2009-2015\/#\/schema\/logo\/image\/","url":"","contentUrl":"","caption":"FjALA e LIR\u00cb - Arkivi"},"image":{"@id":"https:\/\/fjala.info\/2009-2015\/#\/schema\/logo\/image\/"}},{"@type":"Person","@id":"https:\/\/fjala.info\/2009-2015\/#\/schema\/person\/3aa1163ef05469c496fc94e77611ada2","name":"admin","image":{"@type":"ImageObject","inLanguage":"sq-AL","@id":"https:\/\/fjala.info\/2009-2015\/wp-content\/uploads\/2012\/02\/arben_cokaj-120x150.jpg","url":"https:\/\/fjala.info\/2009-2015\/wp-content\/uploads\/2012\/02\/arben_cokaj-120x150.jpg","contentUrl":"https:\/\/fjala.info\/2009-2015\/wp-content\/uploads\/2012\/02\/arben_cokaj-120x150.jpg","caption":"admin"},"description":"Admin, Fjala e Lir\u00eb","sameAs":["https:\/\/fjala.info\/"],"url":"https:\/\/fjala.info\/2009-2015\/author\/admin\/"}]}},"_links":{"self":[{"href":"https:\/\/fjala.info\/2009-2015\/wp-json\/wp\/v2\/posts\/172","targetHints":{"allow":["GET"]}}],"collection":[{"href":"https:\/\/fjala.info\/2009-2015\/wp-json\/wp\/v2\/posts"}],"about":[{"href":"https:\/\/fjala.info\/2009-2015\/wp-json\/wp\/v2\/types\/post"}],"author":[{"embeddable":true,"href":"https:\/\/fjala.info\/2009-2015\/wp-json\/wp\/v2\/users\/1"}],"replies":[{"embeddable":true,"href":"https:\/\/fjala.info\/2009-2015\/wp-json\/wp\/v2\/comments?post=172"}],"version-history":[{"count":0,"href":"https:\/\/fjala.info\/2009-2015\/wp-json\/wp\/v2\/posts\/172\/revisions"}],"wp:attachment":[{"href":"https:\/\/fjala.info\/2009-2015\/wp-json\/wp\/v2\/media?parent=172"}],"wp:term":[{"taxonomy":"category","embeddable":true,"href":"https:\/\/fjala.info\/2009-2015\/wp-json\/wp\/v2\/categories?post=172"},{"taxonomy":"post_tag","embeddable":true,"href":"https:\/\/fjala.info\/2009-2015\/wp-json\/wp\/v2\/tags?post=172"}],"curies":[{"name":"wp","href":"https:\/\/api.w.org\/{rel}","templated":true}]}}