{"id":1716,"date":"2012-02-11T09:39:10","date_gmt":"2012-02-11T08:39:10","guid":{"rendered":"http:\/\/fjala.shkoder.net\/?p=1716"},"modified":"2012-02-11T09:39:10","modified_gmt":"2012-02-11T08:39:10","slug":"teza-per-ndarjen-e-kosoves-skandal-politik-ne-rajon-dhe-nxitje-kah-destabiliteti-i-ballkanit","status":"publish","type":"post","link":"https:\/\/fjala.info\/2009-2015\/teza-per-ndarjen-e-kosoves-skandal-politik-ne-rajon-dhe-nxitje-kah-destabiliteti-i-ballkanit\/","title":{"rendered":"Teza p\u00ebr ndarjen e Kosov\u00ebs skandal politik n\u00eb rajon dhe nxitje kah destabiliteti i Ballkanit!"},"content":{"rendered":"<p><img decoding=\"async\" class=\"alignright size-thumbnail wp-image-7236\" title=\"Asllan Dibrani\" src=\"http:\/\/www.shkoder.net\/images\/fjala\/asllan_dibrani.jpg\" alt=\"\" width=\"150\" \/> Nga <strong>Asllan Dibrani<\/strong><\/p>\n<p>Po qe teatrohet me k\u00ebto loj\u00ebra &#8220;Statusi special p\u00ebr veriun e Mitrovic\u00ebs&#8221; dhe &#8220;Teza p\u00ebr ndarjen e Kosov\u00ebs&#8221; at\u00ebher\u00eb t&#8217;i rikthen Shqip\u00ebris\u00eb territoret e veta, lugina e Preshev\u00ebs, gjysma e Maqedonis\u00eb, pjes\u00ebt e banuara me shqiptar n\u00eb krahin\u00ebn e \u00c7am\u00ebris\u00eb n\u00eb Greqi,ti kthehet gjysma e territorit shqiptar n\u00eb Mal t\u00eb Zi, dhe bashkimi i Kosov\u00ebs me shtetin am\u00eb , kuptohet me Shqip\u00ebrin\u00eb). Ky do t\u00eb jet\u00eb nj\u00eb &#8220;kompromis qe duhet politika kosovaro-shqiptare ta ndjek pran faktorit nd\u00ebrkomb\u00ebtar&#8221;, atij serb dhe pran faktor\u00ebve n\u00eb Ballkan.<\/p>\n<p>Meq\u00eb shpesh her\u00eb po p\u00ebrmendet statusi special p\u00ebr veriun e Mitrovic\u00ebs dhe se ndarja e Kosov\u00ebs \u00ebsht\u00eb si shprehje e shpesht\u00eb nga qarqe serbe, evropiane por edhe nga ndonj\u00eb qyqar politik shqiptar qe sa jan\u00eb iritues po aq banal n\u00eb propozimet e tyre!Nj\u00eb gj\u00eb e till\u00eb u theksua edhe nga Ish-koordinatori i Paktit t\u00eb Stabilitetit p\u00ebr Evrop\u00ebn Juglindore, Erhard Busek, ne takimin Munihut ne Gjermani. Idet\u00eb p\u00ebr ndarjen e Kosov\u00ebs dhe p\u00ebr shk\u00ebmbimet e territoreve midis Kosov\u00ebs dhe Serbis\u00eb, ka deklaruar se Prishtina dhe Beogradi duhet t\u00eb nisin diskutimet p\u00ebr ndarjen.<\/p>\n<p>Dihet se kjo ide nuk sjell as nj\u00eb zgjedhje, pos rritjen e tensionit n\u00eb rajona!<\/p>\n<p>Njoh\u00ebsit e mir\u00eb t\u00eb taktikeve t\u00eb marketingut politik, p\u00ebr Kosov\u00ebn e din\u00eb se, sado q\u00eb fillimisht nj\u00eb ide e parashtruar publike, nga ndonj\u00eb autoritet i lart\u00eb politik nd\u00ebrkomb\u00ebtar \u00ebsht\u00eb me qellim t\u00eb mir\u00eb n\u00eb nd\u00ebrmjet\u00ebsimin e hendekut politik p\u00ebr Kosov\u00ebn, por kur p\u00ebrmendet ndarja n\u00ebnkuptohet se ai njeri, cili do qoft\u00eb, \u00ebsht\u00eb i nj\u00eb ansh\u00ebm dhe duke gjuajt kasht\u00eb n\u00eb zjarr!Dihet se kjo ide nuk sjell as nj\u00eb zgjedhje, pos rritjen e tensionit n\u00eb rajonal.<\/p>\n<p>Provokimet e k\u00ebtij diplomati, k\u00ebto dit\u00eb p\u00ebr ndarjen e Kosov\u00ebs \u00ebsht\u00eb, po aq i pa toleruesh\u00ebm sa qe v\u00ebrtet, klas\u00ebn politike n\u00eb Kosov\u00eb e ka gjet\u00eb t\u00eb pa p\u00ebrgatitur p\u00ebr reagime diplomatike nd\u00ebrkomb\u00ebtare. Pse e themi k\u00ebshtu ?Sepse dukej nga pala jon\u00eb nj\u00eb vobekt\u00ebsi naive, tolerance dhe nj\u00eb heshtje graduale sikur nuk ka ndodhur as gj\u00eb ! Me rastin e k\u00ebtyre provokimeve, p\u00ebrse mos t\u00eb reagohet nga zyrtar\u00ebt tan\u00eb, n\u00eb ato shtete nga vijn\u00eb ata z\u00ebra, fundi i fundit edhe ndonj\u00eb reagim zyrtar, note proteste apo di\u00e7 tjet\u00ebr.<\/p>\n<p>Z\u00ebrat t\u00eb ngjash\u00ebm ka qe si zgjedhje adekuate gjejn\u00eb ndarjen e Kosov\u00ebs si ky tipi, edhe nga t\u00eb tjer\u00eb duke u prononcuar, pos ndarjes, edhe shk\u00ebmbimin e territoreve, (Lugina e Preshev\u00ebs t\u2019i bashkohet Kosov\u00ebs dhe veriu i Kosov\u00ebs Serbis\u00eb)!. Nga njeriu i nd\u00ebrgjegj\u00ebsohem, i vet\u00ebdijesohem, largpam\u00ebs, me vizione t\u00eb spektrit politik duhet ta gjykojn\u00eb dhe mos t\u00eb pranohet nj\u00eb marketing politik i till\u00eb, kur dihet se ato territore jan\u00eb shqiptaro-kosovare, po aq sa jan\u00eb territore tonat edhe pjesa veriore e Kosov\u00eb qe pretendohet ti p\u00ebrfitoj\u00eb Serbia.<\/p>\n<p>Sot n\u00eb k\u00ebt\u00eb tem\u00eb &#8220;t\u00eb ndarjes&#8221;, po spekulohet nd\u00ebrsjell\u00ebtas me nj\u00eb pseudo-politik\u00eb, Serbi- qarqe evropiane dhe politika e &#8220;verb\u00ebr&#8221; kosovare!<\/p>\n<p>A thau politika serbe po i nxit disa politikaj nd\u00ebrkomb\u00ebtar t\u00eb provokojn\u00eb dhe t\u00eb b\u00ebjn\u00eb pazarll\u00ebqe, me tok\u00ebn dhe territorin e Kosov\u00ebs, sikur t\u00eb ishte pasuri e trash\u00ebguar nga baballar\u00ebt e tyre&#8230;!? Orkestrimi muzikal pro politikes serbe \u00ebsht\u00eb imponim artificial dhe duhet t\u00eb demaskohet, nga vet ne shqiptaret dhe agjenda politike. Por sot n\u00eb k\u00ebt\u00eb tem\u00eb &#8220;t\u00eb ndarjes&#8221;, po spekulohet nd\u00ebrsjell\u00ebtas me nj\u00eb pseudo-politik\u00eb, Serbi &#8211; qarqe evropiane dhe politika e &#8220;verb\u00ebr&#8221; kosovare. Pas k\u00ebtyre preferencave aktuale, po priten edhe bisedime nd\u00ebrmjet Kosov\u00ebs dhe Serbis\u00eb, qe shpeshher\u00eb theksohen edhe nga media vendore Beograd &#8211; Prishtin\u00eb duke e minimizuar vler\u00ebn e pavar\u00ebsis\u00eb s\u00eb Kosov\u00ebs, pra nuk thuhet t\u00eb &#8220;Kosov\u00ebs dhe Serbis\u00eb&#8221;.<\/p>\n<p>Theksohet n\u00eb shprehje mediatike t\u00eb arrihet e ndonj\u00eb marr\u00ebveshjeje ne mes &#8220;Prishtin\u00eb dhe Beogradin&#8221; citojm\u00eb ( k\u00ebto jan\u00eb qytete, e jo shteteve sovrane), marr\u00ebveshje p\u00ebr t\u00eb v\u00ebn\u00eb n\u00eb &#8220;tem\u00eb&#8221; mund\u00ebsin\u00eb e ndarjes s\u00eb veriut t\u00eb Kosov\u00ebs, i cili territor, sipas tyre, nuk do t\u00eb jet\u00eb m\u00eb Kosov\u00eb (veriore), por do t\u2019i bashk\u00ebngjitet territorit t\u00eb Serbis\u00eb dhe si i till\u00eb do t\u00eb quhej brenda Serbis\u00eb &#8211; Serbi, e jo Kosov\u00eb as veriore as jugore por e ndare nga Kosova?. Pra krejt kjo \u00ebsht\u00eb nj\u00eb opsion i Serbis\u00eb, e jo i Kosov\u00ebs dhe as &#8211; i asnj\u00eb shqiptari n\u00eb Ballkan prandaj edhe politika aktuale e Kosov\u00ebs duhet ta p\u00ebrqendroj diplomacin\u00eb e vet n\u00eb baraspesh\u00eb n\u00eb spektrin komb\u00ebtar, me qellim qe t\u00eb ruhet sovraniteti i Kosov\u00ebs, nga politika agresive serbe, me nj\u00eb pretekst p\u00ebr Serbin\u00eb e madhe.<\/p>\n<p>Kjo &#8220;tez\u00eb&#8221; t\u00eb iniciuar nga Serbia n\u00ebse klasa politike e Kosov\u00ebs, din\u00eb dhe ka vullnet t\u00eb mir\u00eb pa e cenuar veten, as n\u00eb fush\u00ebn politike si personalitete, ata mund ta godasin Serbin\u00eb, me fakte paraprake duke e kusht\u00ebzuar Serbin\u00eb dhe faktorin nd\u00ebrkomb\u00ebtare me(denoncim nd\u00ebrkomb\u00ebtar) ndaj Serbis\u00eb, p\u00ebr &#8220;gjenocidin e mbi 6oo fshatrave e qyteteve nga Toplica&#8221; e jon\u00eb, qe me dhun\u00eb dhe terror u dogj\u00ebn u vran\u00eb masivisht. U p\u00ebrzun\u00eb dhe u d\u00ebbuan me dhun\u00eb p\u00ebr Kosov\u00ebn e tanishme, p\u00ebr &#8220;Turqi&#8221; e gjetiu.<\/p>\n<p>Tu kujtojm\u00eb politikan\u00ebve tan\u00eb se n\u00ebse bisedohet, duhet t\u00eb bisedohet p\u00ebr t\u00eb zhdukurit, p\u00ebr masakrat, p\u00ebr d\u00ebmet materiale dhe p\u00ebr (dokumentacionet mbi tapit\u00eb e veta qe pati popullata e asaj ane), qe sot jan\u00eb, t\u00eb t\u00ebrat n\u00eb arkivat e Turqis\u00eb. T\u00eb bisedohet p\u00ebr gjenocidin dhe d\u00ebmshp\u00ebrblimin nga Serbia qe i b\u00ebri Serbia, Kosov\u00ebs n\u00eb luft\u00ebn e fundit me mij\u00ebra t\u00eb pa gjetur, me mij\u00ebra t\u00eb vrar\u00eb e t\u00eb masakruar !<\/p>\n<p>Tu kujtojm\u00eb se &#8220;d\u00ebbimi i shqiptar\u00ebve nga Kosova, para 13 vitesh ishte nj\u00eb skenar dhe nj\u00eb projekt i ngjash\u00ebm me q\u00ebllimet dhe projektet e sotshme&#8221;. Tu kujtojm\u00eb, se ishte politika shfar\u00ebros\u00ebse e nj\u00ebjta, sikurse me at\u00eb t\u00eb &#8220;Toplic\u00ebs&#8221; qe e b\u00ebri politika serbe kund\u00ebr shqiptareve, por duke ju fal\u00ebnderuar aleanc\u00ebs shqiptaro-amerikane i shp\u00ebtuam atij projekti t\u00eb &#8220;akademis\u00eb serbe&#8221; dhe ati skenari t\u00eb tmerrsh\u00ebm kund\u00ebr popullit shqiptar t\u00eb Kosov\u00ebs !<\/p>\n<p>Tu kujtojm\u00eb politikajve tan\u00eb se politika duhet te zhvillohet ne fusha te barabarta n\u00eb p\u00ebrmir\u00ebsimin e marr\u00ebdh\u00ebnieve reciproke ekonomike, politike, kulturore dhe ne shume dimensione paralele si dy shtete t\u00eb barabarta. Pas \u00e7do bisede me Serbin\u00eb, Kosova del m\u00eb e rrezikuar, ma e n\u00ebp\u00ebrk\u00ebmbur, ma e zbeht\u00eb&#8230;!? Kemi shembullin e Edita Tahirit me Stefanoviqin nga Brukseli&#8230;!<\/p>\n<p>N\u00eb biseda, pala kosovare \u00ebsht\u00eb inferiore dhe shum\u00eb dob\u00ebt karshi ekipit serb, prandaj \u00ebsht\u00eb mir\u00eb q\u00eb mos t\u00eb bisedohet deri sa Serbia ta njoh pavar\u00ebsin\u00eb e Kosov\u00ebs, e pastaj bisedat mund t\u00eb vazhdojn\u00eb deri n\u00eb pakufi, pasi nuk rrezikohet as pavar\u00ebsia as sovraniteti as integriteti i Republik\u00ebs s\u00eb Kosov\u00ebs. Mos t\u00eb mashtrohemi ne bisedimet qe planifikohen nga Serbia mes Tadiqit dhe kryeministrit Thaqi sepse Tadiqi nuk dallon nga kryekasapi Millosheviq, q\u00ebllimet sa i p\u00ebrket Kosov\u00ebs i kan\u00eb t\u00eb nj\u00ebjta, ve\u00e7 m\u00ebnyr\u00ebn dhe taktiken e realizimit e kan\u00eb tjet\u00ebr !<\/p>\n<p>T&#8217;i rikthen Shqip\u00ebris\u00eb territoret e veta, lugina e Preshev\u00ebs, gjysma e Maqedonis\u00eb, pjes\u00ebt e banuara me shqiptar n\u00eb krahin\u00ebn e \u00c7am\u00ebris\u00eb n\u00eb Greqi, ti kthehet gjysma e territorit t\u00eb Malit t\u00eb Zi, qe \u00ebsht\u00eb e banuar me shqiptare !<\/p>\n<p>M\u00eb duhet t\u2019ua p\u00ebrkujtoj analist\u00ebve q\u00eb marrin rolin e funksionar\u00ebve zyrtar\u00eb politik p\u00ebr k\u00ebto bisedime qe t\u00eb jen\u00eb sy\u00e7el\u00eb, po qe t\u00eb hapen dhe diskutohet kjo tem\u00eb e (ndarjes se Kosov\u00ebs) at\u00ebher\u00eb k\u00ebtu duhet t\u00eb prishen kufijt\u00eb e Ballkanit n\u00eb t\u00ebr\u00ebsi. K\u00ebtu duhet t\u00eb futet n\u00eb bisedime edhe &#8220;Shqiperia n\u00eb bashkimin e territorit&#8221;, qe padrejt\u00ebsisht ju aneksuan, po nga baballar\u00ebt e k\u00ebtyre politikajve n\u00eb Ballkan e n\u00eb Evrop\u00ebn e sotshme. At\u00ebher\u00eb po qe teatrohet me k\u00ebto loj\u00ebra (t&#8217;i rikthen Shqip\u00ebris\u00eb territoret e veta, lugina e Preshev\u00ebs, gjysma e Maqedonis\u00eb, pjes\u00ebt e banuara me shqiptar n\u00eb krahin\u00ebn e \u00c7am\u00ebris\u00eb n\u00eb Greqi, ti kthehet gjysma e territorit shqiptar n\u00eb Mal t\u00eb Zi, dhe bashkimi i Kosov\u00ebs me shtetin am\u00eb, kuptohet me Shqip\u00ebrin\u00eb).<\/p>\n<p>Ky do t\u00eb jet\u00eb nj\u00eb &#8220;kompromis qe duhet politika kosovaro-shqiptare ta ndjek pran faktorit nd\u00ebrkomb\u00ebtar&#8221;, atij serb dhe pran faktor\u00ebve n\u00eb Ballkan. Asnj\u00ebher\u00eb n\u00eb histori, shqiptar\u00ebt nuk kan\u00eb vendosur p\u00ebr kufijt\u00eb e Shqip\u00ebris\u00eb, pos kur kan\u00eb b\u00ebr\u00eb kinse &#8220;kompromise t\u00eb dhimbshme n\u00eb d\u00ebmin e Shqip\u00ebris\u00eb&#8221; nga &#8220;kuisling\u00eb dhe bashibozuk&#8221;, prandaj mos t\u00eb ndodh edhe k\u00ebsaj here nj\u00eb rast i ngjash\u00ebm&#8230;!? Politikan\u00eb kosovar, mos u trembeni, ngreh\u00ebne kok\u00ebn lart me krenari dhe mbrone interesin e kombit, se historia nuk p\u00ebrs\u00ebritet dhe p\u00ebrpiquni t&#8217;i ktheni vendit identitetin, dhe sovranitetin e merituar qe me gjak, mund dhe djers\u00eb e meriton ky popull, nj\u00eb &#8220;liri t\u00eb plot\u00eb&#8221;.<\/p>\n","protected":false},"excerpt":{"rendered":"<p>Nga Asllan Dibrani Po qe teatrohet me k\u00ebto loj\u00ebra &#8220;Statusi special p\u00ebr veriun e Mitrovic\u00ebs&#8221; dhe &#8220;Teza p\u00ebr ndarjen e Kosov\u00ebs&#8221; at\u00ebher\u00eb t&#8217;i rikthen Shqip\u00ebris\u00eb territoret e veta, lugina e Preshev\u00ebs, gjysma e Maqedonis\u00eb, pjes\u00ebt e banuara me shqiptar n\u00eb krahin\u00ebn e \u00c7am\u00ebris\u00eb n\u00eb Greqi,ti kthehet gjysma e territorit shqiptar n\u00eb Mal t\u00eb Zi, dhe [&hellip;]<\/p>\n","protected":false},"author":1,"featured_media":0,"comment_status":"open","ping_status":"closed","sticky":false,"template":"","format":"standard","meta":{"footnotes":""},"categories":[2],"tags":[],"class_list":{"0":"post-1716","1":"post","2":"type-post","3":"status-publish","4":"format-standard","6":"category-artikuj"},"yoast_head":"<!-- This site is optimized with the Yoast SEO plugin v27.4 - https:\/\/yoast.com\/product\/yoast-seo-wordpress\/ -->\n<title>Teza p\u00ebr ndarjen e Kosov\u00ebs skandal politik n\u00eb rajon dhe nxitje kah destabiliteti i Ballkanit! - FjALA e LIR\u00cb - Arkivi<\/title>\n<meta name=\"robots\" content=\"index, follow, max-snippet:-1, max-image-preview:large, max-video-preview:-1\" \/>\n<link rel=\"canonical\" href=\"https:\/\/fjala.info\/2009-2015\/teza-per-ndarjen-e-kosoves-skandal-politik-ne-rajon-dhe-nxitje-kah-destabiliteti-i-ballkanit\/\" \/>\n<meta property=\"og:locale\" content=\"sq_AL\" \/>\n<meta property=\"og:type\" content=\"article\" \/>\n<meta property=\"og:title\" content=\"Teza p\u00ebr ndarjen e Kosov\u00ebs skandal politik n\u00eb rajon dhe nxitje kah destabiliteti i Ballkanit! - FjALA e LIR\u00cb - Arkivi\" \/>\n<meta property=\"og:description\" content=\"Nga Asllan Dibrani Po qe teatrohet me k\u00ebto loj\u00ebra &#8220;Statusi special p\u00ebr veriun e Mitrovic\u00ebs&#8221; dhe &#8220;Teza p\u00ebr ndarjen e Kosov\u00ebs&#8221; at\u00ebher\u00eb t&#8217;i rikthen Shqip\u00ebris\u00eb territoret e veta, lugina e Preshev\u00ebs, gjysma e Maqedonis\u00eb, pjes\u00ebt e banuara me shqiptar n\u00eb krahin\u00ebn e \u00c7am\u00ebris\u00eb n\u00eb Greqi,ti kthehet gjysma e territorit shqiptar n\u00eb Mal t\u00eb Zi, dhe [&hellip;]\" \/>\n<meta property=\"og:url\" content=\"https:\/\/fjala.info\/2009-2015\/teza-per-ndarjen-e-kosoves-skandal-politik-ne-rajon-dhe-nxitje-kah-destabiliteti-i-ballkanit\/\" \/>\n<meta property=\"og:site_name\" content=\"FjALA e LIR\u00cb - Arkivi\" \/>\n<meta property=\"article:published_time\" content=\"2012-02-11T08:39:10+00:00\" \/>\n<meta property=\"og:image\" content=\"http:\/\/www.shkoder.net\/images\/fjala\/asllan_dibrani.jpg\" \/>\n<meta name=\"author\" content=\"admin\" \/>\n<meta name=\"twitter:card\" content=\"summary_large_image\" \/>\n<meta name=\"twitter:label1\" content=\"Written by\" \/>\n\t<meta name=\"twitter:data1\" content=\"admin\" \/>\n\t<meta name=\"twitter:label2\" content=\"Est. reading time\" \/>\n\t<meta name=\"twitter:data2\" content=\"8 minutes\" \/>\n<script type=\"application\/ld+json\" class=\"yoast-schema-graph\">{\"@context\":\"https:\\\/\\\/schema.org\",\"@graph\":[{\"@type\":\"Article\",\"@id\":\"https:\\\/\\\/fjala.info\\\/2009-2015\\\/teza-per-ndarjen-e-kosoves-skandal-politik-ne-rajon-dhe-nxitje-kah-destabiliteti-i-ballkanit\\\/#article\",\"isPartOf\":{\"@id\":\"https:\\\/\\\/fjala.info\\\/2009-2015\\\/teza-per-ndarjen-e-kosoves-skandal-politik-ne-rajon-dhe-nxitje-kah-destabiliteti-i-ballkanit\\\/\"},\"author\":{\"name\":\"admin\",\"@id\":\"https:\\\/\\\/fjala.info\\\/2009-2015\\\/#\\\/schema\\\/person\\\/3aa1163ef05469c496fc94e77611ada2\"},\"headline\":\"Teza p\u00ebr ndarjen e Kosov\u00ebs skandal politik n\u00eb rajon dhe nxitje kah destabiliteti i Ballkanit!\",\"datePublished\":\"2012-02-11T08:39:10+00:00\",\"mainEntityOfPage\":{\"@id\":\"https:\\\/\\\/fjala.info\\\/2009-2015\\\/teza-per-ndarjen-e-kosoves-skandal-politik-ne-rajon-dhe-nxitje-kah-destabiliteti-i-ballkanit\\\/\"},\"wordCount\":1578,\"commentCount\":0,\"publisher\":{\"@id\":\"https:\\\/\\\/fjala.info\\\/2009-2015\\\/#organization\"},\"image\":{\"@id\":\"https:\\\/\\\/fjala.info\\\/2009-2015\\\/teza-per-ndarjen-e-kosoves-skandal-politik-ne-rajon-dhe-nxitje-kah-destabiliteti-i-ballkanit\\\/#primaryimage\"},\"thumbnailUrl\":\"http:\\\/\\\/www.shkoder.net\\\/images\\\/fjala\\\/asllan_dibrani.jpg\",\"articleSection\":[\"Artikuj\"],\"inLanguage\":\"sq-AL\",\"potentialAction\":[{\"@type\":\"CommentAction\",\"name\":\"Comment\",\"target\":[\"https:\\\/\\\/fjala.info\\\/2009-2015\\\/teza-per-ndarjen-e-kosoves-skandal-politik-ne-rajon-dhe-nxitje-kah-destabiliteti-i-ballkanit\\\/#respond\"]}]},{\"@type\":\"WebPage\",\"@id\":\"https:\\\/\\\/fjala.info\\\/2009-2015\\\/teza-per-ndarjen-e-kosoves-skandal-politik-ne-rajon-dhe-nxitje-kah-destabiliteti-i-ballkanit\\\/\",\"url\":\"https:\\\/\\\/fjala.info\\\/2009-2015\\\/teza-per-ndarjen-e-kosoves-skandal-politik-ne-rajon-dhe-nxitje-kah-destabiliteti-i-ballkanit\\\/\",\"name\":\"Teza p\u00ebr ndarjen e Kosov\u00ebs skandal politik n\u00eb rajon dhe nxitje kah destabiliteti i Ballkanit! - FjALA e LIR\u00cb - Arkivi\",\"isPartOf\":{\"@id\":\"https:\\\/\\\/fjala.info\\\/2009-2015\\\/#website\"},\"primaryImageOfPage\":{\"@id\":\"https:\\\/\\\/fjala.info\\\/2009-2015\\\/teza-per-ndarjen-e-kosoves-skandal-politik-ne-rajon-dhe-nxitje-kah-destabiliteti-i-ballkanit\\\/#primaryimage\"},\"image\":{\"@id\":\"https:\\\/\\\/fjala.info\\\/2009-2015\\\/teza-per-ndarjen-e-kosoves-skandal-politik-ne-rajon-dhe-nxitje-kah-destabiliteti-i-ballkanit\\\/#primaryimage\"},\"thumbnailUrl\":\"http:\\\/\\\/www.shkoder.net\\\/images\\\/fjala\\\/asllan_dibrani.jpg\",\"datePublished\":\"2012-02-11T08:39:10+00:00\",\"breadcrumb\":{\"@id\":\"https:\\\/\\\/fjala.info\\\/2009-2015\\\/teza-per-ndarjen-e-kosoves-skandal-politik-ne-rajon-dhe-nxitje-kah-destabiliteti-i-ballkanit\\\/#breadcrumb\"},\"inLanguage\":\"sq-AL\",\"potentialAction\":[{\"@type\":\"ReadAction\",\"target\":[\"https:\\\/\\\/fjala.info\\\/2009-2015\\\/teza-per-ndarjen-e-kosoves-skandal-politik-ne-rajon-dhe-nxitje-kah-destabiliteti-i-ballkanit\\\/\"]}]},{\"@type\":\"ImageObject\",\"inLanguage\":\"sq-AL\",\"@id\":\"https:\\\/\\\/fjala.info\\\/2009-2015\\\/teza-per-ndarjen-e-kosoves-skandal-politik-ne-rajon-dhe-nxitje-kah-destabiliteti-i-ballkanit\\\/#primaryimage\",\"url\":\"http:\\\/\\\/www.shkoder.net\\\/images\\\/fjala\\\/asllan_dibrani.jpg\",\"contentUrl\":\"http:\\\/\\\/www.shkoder.net\\\/images\\\/fjala\\\/asllan_dibrani.jpg\"},{\"@type\":\"BreadcrumbList\",\"@id\":\"https:\\\/\\\/fjala.info\\\/2009-2015\\\/teza-per-ndarjen-e-kosoves-skandal-politik-ne-rajon-dhe-nxitje-kah-destabiliteti-i-ballkanit\\\/#breadcrumb\",\"itemListElement\":[{\"@type\":\"ListItem\",\"position\":1,\"name\":\"Home\",\"item\":\"https:\\\/\\\/fjala.info\\\/2009-2015\\\/\"},{\"@type\":\"ListItem\",\"position\":2,\"name\":\"Teza p\u00ebr ndarjen e Kosov\u00ebs skandal politik n\u00eb rajon dhe nxitje kah destabiliteti i Ballkanit!\"}]},{\"@type\":\"WebSite\",\"@id\":\"https:\\\/\\\/fjala.info\\\/2009-2015\\\/#website\",\"url\":\"https:\\\/\\\/fjala.info\\\/2009-2015\\\/\",\"name\":\"FjALA e LIR\u00cb - Arkivi\",\"description\":\"Arkivi 2009-2015\",\"publisher\":{\"@id\":\"https:\\\/\\\/fjala.info\\\/2009-2015\\\/#organization\"},\"potentialAction\":[{\"@type\":\"SearchAction\",\"target\":{\"@type\":\"EntryPoint\",\"urlTemplate\":\"https:\\\/\\\/fjala.info\\\/2009-2015\\\/?s={search_term_string}\"},\"query-input\":{\"@type\":\"PropertyValueSpecification\",\"valueRequired\":true,\"valueName\":\"search_term_string\"}}],\"inLanguage\":\"sq-AL\"},{\"@type\":\"Organization\",\"@id\":\"https:\\\/\\\/fjala.info\\\/2009-2015\\\/#organization\",\"name\":\"FjALA e LIR\u00cb - Arkivi\",\"url\":\"https:\\\/\\\/fjala.info\\\/2009-2015\\\/\",\"logo\":{\"@type\":\"ImageObject\",\"inLanguage\":\"sq-AL\",\"@id\":\"https:\\\/\\\/fjala.info\\\/2009-2015\\\/#\\\/schema\\\/logo\\\/image\\\/\",\"url\":\"\",\"contentUrl\":\"\",\"caption\":\"FjALA e LIR\u00cb - Arkivi\"},\"image\":{\"@id\":\"https:\\\/\\\/fjala.info\\\/2009-2015\\\/#\\\/schema\\\/logo\\\/image\\\/\"}},{\"@type\":\"Person\",\"@id\":\"https:\\\/\\\/fjala.info\\\/2009-2015\\\/#\\\/schema\\\/person\\\/3aa1163ef05469c496fc94e77611ada2\",\"name\":\"admin\",\"image\":{\"@type\":\"ImageObject\",\"inLanguage\":\"sq-AL\",\"@id\":\"https:\\\/\\\/fjala.info\\\/2009-2015\\\/wp-content\\\/uploads\\\/2012\\\/02\\\/arben_cokaj-120x150.jpg\",\"url\":\"https:\\\/\\\/fjala.info\\\/2009-2015\\\/wp-content\\\/uploads\\\/2012\\\/02\\\/arben_cokaj-120x150.jpg\",\"contentUrl\":\"https:\\\/\\\/fjala.info\\\/2009-2015\\\/wp-content\\\/uploads\\\/2012\\\/02\\\/arben_cokaj-120x150.jpg\",\"caption\":\"admin\"},\"description\":\"Admin, Fjala e Lir\u00eb\",\"sameAs\":[\"https:\\\/\\\/fjala.info\\\/\"],\"url\":\"https:\\\/\\\/fjala.info\\\/2009-2015\\\/author\\\/admin\\\/\"}]}<\/script>\n<!-- \/ Yoast SEO plugin. -->","yoast_head_json":{"title":"Teza p\u00ebr ndarjen e Kosov\u00ebs skandal politik n\u00eb rajon dhe nxitje kah destabiliteti i Ballkanit! - FjALA e LIR\u00cb - Arkivi","robots":{"index":"index","follow":"follow","max-snippet":"max-snippet:-1","max-image-preview":"max-image-preview:large","max-video-preview":"max-video-preview:-1"},"canonical":"https:\/\/fjala.info\/2009-2015\/teza-per-ndarjen-e-kosoves-skandal-politik-ne-rajon-dhe-nxitje-kah-destabiliteti-i-ballkanit\/","og_locale":"sq_AL","og_type":"article","og_title":"Teza p\u00ebr ndarjen e Kosov\u00ebs skandal politik n\u00eb rajon dhe nxitje kah destabiliteti i Ballkanit! - FjALA e LIR\u00cb - Arkivi","og_description":"Nga Asllan Dibrani Po qe teatrohet me k\u00ebto loj\u00ebra &#8220;Statusi special p\u00ebr veriun e Mitrovic\u00ebs&#8221; dhe &#8220;Teza p\u00ebr ndarjen e Kosov\u00ebs&#8221; at\u00ebher\u00eb t&#8217;i rikthen Shqip\u00ebris\u00eb territoret e veta, lugina e Preshev\u00ebs, gjysma e Maqedonis\u00eb, pjes\u00ebt e banuara me shqiptar n\u00eb krahin\u00ebn e \u00c7am\u00ebris\u00eb n\u00eb Greqi,ti kthehet gjysma e territorit shqiptar n\u00eb Mal t\u00eb Zi, dhe [&hellip;]","og_url":"https:\/\/fjala.info\/2009-2015\/teza-per-ndarjen-e-kosoves-skandal-politik-ne-rajon-dhe-nxitje-kah-destabiliteti-i-ballkanit\/","og_site_name":"FjALA e LIR\u00cb - Arkivi","article_published_time":"2012-02-11T08:39:10+00:00","og_image":[{"url":"http:\/\/www.shkoder.net\/images\/fjala\/asllan_dibrani.jpg","type":"","width":"","height":""}],"author":"admin","twitter_card":"summary_large_image","twitter_misc":{"Written by":"admin","Est. reading time":"8 minutes"},"schema":{"@context":"https:\/\/schema.org","@graph":[{"@type":"Article","@id":"https:\/\/fjala.info\/2009-2015\/teza-per-ndarjen-e-kosoves-skandal-politik-ne-rajon-dhe-nxitje-kah-destabiliteti-i-ballkanit\/#article","isPartOf":{"@id":"https:\/\/fjala.info\/2009-2015\/teza-per-ndarjen-e-kosoves-skandal-politik-ne-rajon-dhe-nxitje-kah-destabiliteti-i-ballkanit\/"},"author":{"name":"admin","@id":"https:\/\/fjala.info\/2009-2015\/#\/schema\/person\/3aa1163ef05469c496fc94e77611ada2"},"headline":"Teza p\u00ebr ndarjen e Kosov\u00ebs skandal politik n\u00eb rajon dhe nxitje kah destabiliteti i Ballkanit!","datePublished":"2012-02-11T08:39:10+00:00","mainEntityOfPage":{"@id":"https:\/\/fjala.info\/2009-2015\/teza-per-ndarjen-e-kosoves-skandal-politik-ne-rajon-dhe-nxitje-kah-destabiliteti-i-ballkanit\/"},"wordCount":1578,"commentCount":0,"publisher":{"@id":"https:\/\/fjala.info\/2009-2015\/#organization"},"image":{"@id":"https:\/\/fjala.info\/2009-2015\/teza-per-ndarjen-e-kosoves-skandal-politik-ne-rajon-dhe-nxitje-kah-destabiliteti-i-ballkanit\/#primaryimage"},"thumbnailUrl":"http:\/\/www.shkoder.net\/images\/fjala\/asllan_dibrani.jpg","articleSection":["Artikuj"],"inLanguage":"sq-AL","potentialAction":[{"@type":"CommentAction","name":"Comment","target":["https:\/\/fjala.info\/2009-2015\/teza-per-ndarjen-e-kosoves-skandal-politik-ne-rajon-dhe-nxitje-kah-destabiliteti-i-ballkanit\/#respond"]}]},{"@type":"WebPage","@id":"https:\/\/fjala.info\/2009-2015\/teza-per-ndarjen-e-kosoves-skandal-politik-ne-rajon-dhe-nxitje-kah-destabiliteti-i-ballkanit\/","url":"https:\/\/fjala.info\/2009-2015\/teza-per-ndarjen-e-kosoves-skandal-politik-ne-rajon-dhe-nxitje-kah-destabiliteti-i-ballkanit\/","name":"Teza p\u00ebr ndarjen e Kosov\u00ebs skandal politik n\u00eb rajon dhe nxitje kah destabiliteti i Ballkanit! - FjALA e LIR\u00cb - Arkivi","isPartOf":{"@id":"https:\/\/fjala.info\/2009-2015\/#website"},"primaryImageOfPage":{"@id":"https:\/\/fjala.info\/2009-2015\/teza-per-ndarjen-e-kosoves-skandal-politik-ne-rajon-dhe-nxitje-kah-destabiliteti-i-ballkanit\/#primaryimage"},"image":{"@id":"https:\/\/fjala.info\/2009-2015\/teza-per-ndarjen-e-kosoves-skandal-politik-ne-rajon-dhe-nxitje-kah-destabiliteti-i-ballkanit\/#primaryimage"},"thumbnailUrl":"http:\/\/www.shkoder.net\/images\/fjala\/asllan_dibrani.jpg","datePublished":"2012-02-11T08:39:10+00:00","breadcrumb":{"@id":"https:\/\/fjala.info\/2009-2015\/teza-per-ndarjen-e-kosoves-skandal-politik-ne-rajon-dhe-nxitje-kah-destabiliteti-i-ballkanit\/#breadcrumb"},"inLanguage":"sq-AL","potentialAction":[{"@type":"ReadAction","target":["https:\/\/fjala.info\/2009-2015\/teza-per-ndarjen-e-kosoves-skandal-politik-ne-rajon-dhe-nxitje-kah-destabiliteti-i-ballkanit\/"]}]},{"@type":"ImageObject","inLanguage":"sq-AL","@id":"https:\/\/fjala.info\/2009-2015\/teza-per-ndarjen-e-kosoves-skandal-politik-ne-rajon-dhe-nxitje-kah-destabiliteti-i-ballkanit\/#primaryimage","url":"http:\/\/www.shkoder.net\/images\/fjala\/asllan_dibrani.jpg","contentUrl":"http:\/\/www.shkoder.net\/images\/fjala\/asllan_dibrani.jpg"},{"@type":"BreadcrumbList","@id":"https:\/\/fjala.info\/2009-2015\/teza-per-ndarjen-e-kosoves-skandal-politik-ne-rajon-dhe-nxitje-kah-destabiliteti-i-ballkanit\/#breadcrumb","itemListElement":[{"@type":"ListItem","position":1,"name":"Home","item":"https:\/\/fjala.info\/2009-2015\/"},{"@type":"ListItem","position":2,"name":"Teza p\u00ebr ndarjen e Kosov\u00ebs skandal politik n\u00eb rajon dhe nxitje kah destabiliteti i Ballkanit!"}]},{"@type":"WebSite","@id":"https:\/\/fjala.info\/2009-2015\/#website","url":"https:\/\/fjala.info\/2009-2015\/","name":"FjALA e LIR\u00cb - Arkivi","description":"Arkivi 2009-2015","publisher":{"@id":"https:\/\/fjala.info\/2009-2015\/#organization"},"potentialAction":[{"@type":"SearchAction","target":{"@type":"EntryPoint","urlTemplate":"https:\/\/fjala.info\/2009-2015\/?s={search_term_string}"},"query-input":{"@type":"PropertyValueSpecification","valueRequired":true,"valueName":"search_term_string"}}],"inLanguage":"sq-AL"},{"@type":"Organization","@id":"https:\/\/fjala.info\/2009-2015\/#organization","name":"FjALA e LIR\u00cb - Arkivi","url":"https:\/\/fjala.info\/2009-2015\/","logo":{"@type":"ImageObject","inLanguage":"sq-AL","@id":"https:\/\/fjala.info\/2009-2015\/#\/schema\/logo\/image\/","url":"","contentUrl":"","caption":"FjALA e LIR\u00cb - Arkivi"},"image":{"@id":"https:\/\/fjala.info\/2009-2015\/#\/schema\/logo\/image\/"}},{"@type":"Person","@id":"https:\/\/fjala.info\/2009-2015\/#\/schema\/person\/3aa1163ef05469c496fc94e77611ada2","name":"admin","image":{"@type":"ImageObject","inLanguage":"sq-AL","@id":"https:\/\/fjala.info\/2009-2015\/wp-content\/uploads\/2012\/02\/arben_cokaj-120x150.jpg","url":"https:\/\/fjala.info\/2009-2015\/wp-content\/uploads\/2012\/02\/arben_cokaj-120x150.jpg","contentUrl":"https:\/\/fjala.info\/2009-2015\/wp-content\/uploads\/2012\/02\/arben_cokaj-120x150.jpg","caption":"admin"},"description":"Admin, Fjala e Lir\u00eb","sameAs":["https:\/\/fjala.info\/"],"url":"https:\/\/fjala.info\/2009-2015\/author\/admin\/"}]}},"_links":{"self":[{"href":"https:\/\/fjala.info\/2009-2015\/wp-json\/wp\/v2\/posts\/1716","targetHints":{"allow":["GET"]}}],"collection":[{"href":"https:\/\/fjala.info\/2009-2015\/wp-json\/wp\/v2\/posts"}],"about":[{"href":"https:\/\/fjala.info\/2009-2015\/wp-json\/wp\/v2\/types\/post"}],"author":[{"embeddable":true,"href":"https:\/\/fjala.info\/2009-2015\/wp-json\/wp\/v2\/users\/1"}],"replies":[{"embeddable":true,"href":"https:\/\/fjala.info\/2009-2015\/wp-json\/wp\/v2\/comments?post=1716"}],"version-history":[{"count":0,"href":"https:\/\/fjala.info\/2009-2015\/wp-json\/wp\/v2\/posts\/1716\/revisions"}],"wp:attachment":[{"href":"https:\/\/fjala.info\/2009-2015\/wp-json\/wp\/v2\/media?parent=1716"}],"wp:term":[{"taxonomy":"category","embeddable":true,"href":"https:\/\/fjala.info\/2009-2015\/wp-json\/wp\/v2\/categories?post=1716"},{"taxonomy":"post_tag","embeddable":true,"href":"https:\/\/fjala.info\/2009-2015\/wp-json\/wp\/v2\/tags?post=1716"}],"curies":[{"name":"wp","href":"https:\/\/api.w.org\/{rel}","templated":true}]}}