{"id":1709,"date":"2012-02-11T06:00:04","date_gmt":"2012-02-11T05:00:04","guid":{"rendered":"http:\/\/fjala.shkoder.net\/?p=1709"},"modified":"2012-02-11T06:00:04","modified_gmt":"2012-02-11T05:00:04","slug":"gjuha-poetike-qender-e-semantikes-figurative","status":"publish","type":"post","link":"https:\/\/fjala.info\/2009-2015\/gjuha-poetike-qender-e-semantikes-figurative\/","title":{"rendered":"GJUHA POETIKE QEND\u00cbR E SEMANTIK\u00cbS FIGURATIVE"},"content":{"rendered":"<p>(<em>Mihai Pascaru: Definicione, poezi, Editura Limes, Cluzh-Napoka, 2011<\/em>)<\/p>\n<p><strong>Halil Haxhosaj<\/strong><\/p>\n<p>Qasjet poetike ndaj problemeve dhe intrigimeve p\u00ebr poetin \u00ebsht\u00eb nj\u00eb kategori paksa e ve\u00e7ant\u00eb nga njer\u00ebzit e tjer\u00eb. Kjo b\u00ebhet nga shum\u00eb arsye, por sipas disa teorive kjo qasje varet edhe nga inspirimet, ndijesimet, por edhe q\u00ebndrimet e poetit, gjegj\u00ebsisht krijuesit, n\u00eb koh\u00eb dhe hap\u00ebsir\u00eb t\u00eb caktuar. Dhe k\u00ebt\u00eb koh\u00eb, por edhe k\u00ebt\u00eb hap\u00ebsir\u00eb t\u00eb caktuar, ai e poetizon me qasje paksa t\u00eb ve\u00e7ant\u00eb, si\u00e7 u tha m\u00eb lart\u00eb.<\/p>\n<p>Edhe poeti bashk\u00ebkohor rumun Mihai Pascaru n\u00eb k\u00ebt\u00eb v\u00ebllim poetik, q\u00eb na vjen n\u00eb biliguing gjuh\u00ebsor rumunisht e shqip, heton k\u00ebt\u00eb qasje, madje me q\u00ebllim t\u00eb caktuar, sepse do patjet\u00ebr t\u00eb thot\u00eb at\u00eb \u00e7ka \u00ebsht\u00eb dominuese n\u00eb koh\u00ebn e tij, por edhe n\u00eb hap\u00ebsir\u00ebn ku jeton. Madje ky q\u00ebndrim poetik i poetit Pascaru detajisht p\u00ebrafrohet me Rumanin\u00eb, gjendjen dhe pozit\u00ebn e saj n\u00eb k\u00ebt\u00eb koh\u00eb epokale t\u00eb historis\u00eb s\u00eb saj.<\/p>\n<p>Andaj, vendlindja, pse jo edhe atdheu i poetit \u00ebsht\u00eb epiqendra e frym\u00ebzimit poetik, por edhe e transformimit n\u00eb aspektin artistik, n\u00eb k\u00ebt\u00eb rast poetik: \/ Sorra\/ Zog i parajs\u00ebs\/ Rumune\/. M\u00eb k\u00ebt\u00eb gjuh\u00eb poetike, autori derdh\u00eb n\u00eb qendr\u00ebn e semantik\u00ebs se vet figurative t\u00ebr\u00eb mllefin, madje edhe mospajtimin e tij me koh\u00ebn dhe hap\u00ebsir\u00ebn. Nuk i v\u00eb n\u00eb dyshim, madje as n\u00eb duel k\u00ebto nocione, por duke i ballafaquar, ai suksessh\u00ebm paraqet jet\u00ebn e tyre n\u00eb simbioz\u00eb si te nj\u00ebqelizor\u00ebt. Edhe forma e shprehjes poetike del tejet e kapshme, e thjesht\u00eb, por jo hermetike dhe e mbingarkuar.<\/p>\n<p>Duke q\u00ebndruar n\u00eb k\u00ebt\u00eb nivel, ky poet \u00ebsht\u00eb mjesht\u00ebr i vargut t\u00eb dendur, konciz, harmonik, p\u00ebrmbajtjesor, figurativ, por t\u00eb \u00e7liruar prej bagazhit t\u00eb r\u00ebnd\u00eb dhe t\u00eb st\u00ebrzgjatur t\u00eb form\u00ebs s\u00eb rr\u00ebfimit deklarativ. K\u00ebshtu kjo poezi \u00ebsht\u00eb e shkurt\u00eb, \u00ebsht\u00eb p\u00ebrmbajtjesore me semantik\u00eb figurative, e pse jo edhe me nj\u00eb ironi e sarkaz\u00ebm t\u00eb mbreht\u00eb dhe t\u00eb q\u00eblluar. Dhe k\u00ebsaj ai ia arrin duke ik\u00eb edhe nga disa norma teorike t\u00eb cilat me siguri se do ta ngurt\u00ebsonin k\u00ebt\u00eb form\u00eb t\u00eb poetik\u00ebs s\u00eb tij.<\/p>\n<p>Qasja e varg\u00ebzimit t\u00eb poezis\u00eb s\u00eb k\u00ebtij poeti paraqitet q\u00eb n\u00eb mbar\u00ebshtimin e poem\u00ebs si form\u00eb e poezis\u00eb. Poema e tij \u00ebsht\u00eb e shkurt\u00ebr, \u00ebsht\u00eb koncize, \u00ebsht\u00eb madje edhe eliptike, do t\u00eb thosha. Ajo nuk mbushet, madje as q\u00eb st\u00ebrzgjatet me p\u00ebrshkrime, deklarime dhe qasje t\u00eb tjera mbingarkese, por rrjedh lirsh\u00ebm dhe tejet sakt\u00ebsisht, e artistikisht. Poema e tij, sipas Mircea St\u00e2ncel \u00ebsht\u00eb: \u201ePo qe se do t\u00eb doja t\u2019u jap\u00eb nj\u00eb em\u00ebr Mendimeve t\u00eb Mihai Pascaru-t, do t\u2019i quaja past\u00ebr e thjesht, poemoparima.\u201d.<\/p>\n<p>K\u00ebto poema, por edhe poezi t\u00eb tjera jan\u00eb koncize, madje edhe shum\u00eb t\u00eb kapshme dhe lexuesi i kupton dhe absorbon mir\u00eb dhe pa ndonj\u00eb v\u00ebshtir\u00ebsi. Poemat e tij flasin por nuk \u201cllomotisin\u201d sepse: \u201cPoemat flasin me goj\u00eb t\u00eb mbyllur\/ mu p\u00ebr k\u00ebt\u00eb dallohen\/ nga fjalimi politik e forma tjera\/ t\u00eb vajtjes nga sht\u00ebpia.\u201d, p\u00ebr t\u00eb vazhduar m\u00eb tutje n\u00eb t\u00eb nj\u00ebjt\u00ebn poezi apo poemoparem\u00eb: \u201cMos ia hapni goj\u00ebn poem\u00ebs; \/poema do t\u00eb kafshoj\u00eb me t\u00ebrbim\/ Nuk e keni par\u00eb kurr\u00eb nj\u00eb njeri \/T\u00eb kafshuar nga poemat?\u201d.<\/p>\n<p>Poemoparemat z\u00ebn\u00eb vend t\u00eb duksh\u00ebm n\u00eb k\u00ebt\u00eb v\u00ebllim poetik me titull \u201cDefinicione\u201d t\u00eb poetit dhe krijuesit rumun Milai Parescu. Dhe v\u00ebrtet\u00eb k\u00ebto jan\u00eb qasje t\u00eb reja poetike t\u00eb tij, por jan\u00eb edhe definom\u00eb t\u00eb reja p\u00ebr t\u00eb varg\u00ebzuar paksa ndryshe poem\u00ebn si zhan\u00ebr t\u00eb poezis\u00eb artistike. Shkuar n\u00eb t\u00ebr\u00ebsin\u00eb e k\u00ebtill\u00eb t\u00eb mbar\u00ebshtimit poetik vargjet, ai i lejon vetit q\u00eb t\u00ebr\u00eb poetik\u00ebn e vet ta mb\u00ebshtes\u00eb mbi elips\u00ebn, mbi sarkazmin, por edhe metafor\u00ebn e pse jo edhe paradoksin e figura t\u00eb tjera q\u00eb funksionalizohen dhe bashk\u00ebdyzohen nd\u00ebrmjet vete.<\/p>\n<p>Bashk\u00ebdyzimi i k\u00ebtill\u00eb del mjaft interesant, por edhe ndijesor p\u00ebr lexuesin, madje edhe p\u00ebr kritik\u00ebn letrare. T\u00eb gjitha k\u00ebto ai i b\u00ebn n\u00ebp\u00ebrmes fjal\u00ebs e gjuh\u00ebs, kuptohet asaj poetike, ngase: \u201cE mb\u00ebltova nj\u00eb fjal\u00eb\/ n\u00eb tok\u00eb\/ t\u00eb mugulloj\u00eb\/ dhe m\u00eb dol\u00ebn \/ fjal\u00eb.\u201d Mbi k\u00ebt\u00eb parim biblik shprehet artistikja, latohen versionet poetike dhe dep\u00ebrton n\u00ebp\u00ebr shtyllat e figurave q\u00eb jan\u00eb nj\u00eb simbioz\u00eb e mozaikut shpreh\u00ebs.<\/p>\n<p>Duke dep\u00ebrtuar n\u00eb embrionin e skalitur nga pena e poetit Pascaru, lexuesi do t\u00eb ndeshet me disa forma t\u00eb poetik\u00ebs q\u00eb nuk b\u00ebhen me q\u00ebllim ngush\u00ebllimi, por as p\u00ebrurimi dhe p\u00ebrg\u00ebzimi p\u00ebr t\u00eb. N\u00ebp\u00ebr nuancimet e k\u00ebsaj poetike shkall\u00ebzohen nyj\u00ebtime dhe p\u00ebrshkall\u00ebzime q\u00eb mbars\u00ebn me t\u00eb gjitha elementet e nj\u00eb bashk\u00ebkoh\u00ebsie t\u00eb dekad\u00ebs s\u00eb par\u00eb t\u00eb k\u00ebtij shekullir, pra t\u00eb bashk\u00ebkohores t\u00eb shekullit t\u00eb XXI.<\/p>\n<p>Dhe e t\u00ebr\u00eb kjo arrihet me shprehje poetike koncize e t\u00eb shkurt\u00ebs. K\u00ebshtu n\u00eb qerthullin poetik\u00eb \u201cSentenca\u201d, por dhe t\u00eb tjer\u00ebt e vepr\u00ebs \u201cDefinicione\u201d, poeti kultivon poetik\u00ebn sentenciale, e pse jo edhe proverbiale. Kjo form\u00eb e shprehjes n\u00eb varg\u00ebzimin e poezive buron sakt\u00ebsisht pa ndonj\u00eb shkap\u00ebrderdhje e as mbingark\u00ebs t\u00eb tep\u00ebrt e t\u00eb zgjatur.<\/p>\n<p>Funksioni i k\u00ebtyre vargjeve \u00ebsht\u00eb tejet i kursyer, madje edhe meditativ dhe kuptimplot\u00eb. Por kjo gj\u00eb n\u00eb disa poezi shnd\u00ebrrohet edhe n\u00eb formula: \/E=mc3\/ shkruan ai n\u00eb poezin\u00eb \u201cApokalipsa 3\u201d, e cila p\u00ebrb\u00ebhet vet\u00ebm me k\u00ebt\u00eb varg poetik t\u00eb shnd\u00ebrruar n\u00eb formul\u00eb. Kjo form\u00eb p\u00ebrdor\u00ebt edhe n\u00eb disa poezi t\u00eb tjera t\u00eb k\u00ebtij v\u00ebllimi poetik, por vargjet e tyre m\u00eb tep\u00ebr kan\u00eb m\u00ebtim t\u00eb proverbit, apo edhe t\u00eb aforizmave poetik\u00eb. K\u00ebshtu n\u00eb poezin\u00eb \u201cKonfuzion\u201d shkruan: \/Deti i Kuq\/ derdhet n\u00eb\/ Detin e vdekur\/. Apo n\u00eb poezin\u00eb \u201cGjeneza\u201d, thot\u00eb: \/N\u00eb fillim ka qen\u00eb\/ Fjala\/ q\u00eb luante\/ me Faktin\/.<\/p>\n<p>Gjuha poetike e k\u00ebtyre poezive \u00ebsht\u00eb poashtu nj\u00eb specifik\u00eb q\u00eb inkuadrohet afirmuesh\u00ebm n\u00eb alfabetik e shprehjes s\u00eb vet. Ky shtresim nuk rrjedh zorsh\u00ebm, por fiton ndjeshm\u00ebri, por edhe bukuri artistike, duke u shtrir\u00eb n\u00eb t\u00eb gjitha qelizat e saj. K\u00ebsaj u ndihmon edhe gjuha e p\u00ebrkthyesit, e cila \u00ebsht\u00eb aq e ndjeshme, e sakt\u00eb dhe po aq lirike dhe figurative. Th\u00ebn\u00eb n\u00eb p\u00ebrgjith\u00ebsi, edhe elementi i gjuh\u00ebs poetike e p\u00ebrmbush an\u00ebn e poetik\u00ebs s\u00eb poetit Mihai Paccaru q\u00eb vjen te lexuesi shqiptar kudo q\u00eb ai \u00ebsht\u00eb, n\u00eb Shqip\u00ebri, Kosov\u00eb, Maqedoni, Lugin\u00eb t\u00eb Preshev\u00ebs, Mal t\u00eb Zi, por edhe n\u00eb Diaspor\u00eb n\u00eb t\u00eb gjitha kontinentet.<\/p>\n","protected":false},"excerpt":{"rendered":"<p>(Mihai Pascaru: Definicione, poezi, Editura Limes, Cluzh-Napoka, 2011) Halil Haxhosaj Qasjet poetike ndaj problemeve dhe intrigimeve p\u00ebr poetin \u00ebsht\u00eb nj\u00eb kategori paksa e ve\u00e7ant\u00eb nga njer\u00ebzit e tjer\u00eb. Kjo b\u00ebhet nga shum\u00eb arsye, por sipas disa teorive kjo qasje varet edhe nga inspirimet, ndijesimet, por edhe q\u00ebndrimet e poetit, gjegj\u00ebsisht krijuesit, n\u00eb koh\u00eb dhe hap\u00ebsir\u00eb [&hellip;]<\/p>\n","protected":false},"author":1,"featured_media":0,"comment_status":"open","ping_status":"closed","sticky":false,"template":"","format":"standard","meta":{"footnotes":""},"categories":[7],"tags":[],"class_list":{"0":"post-1709","1":"post","2":"type-post","3":"status-publish","4":"format-standard","6":"category-letersi"},"yoast_head":"<!-- This site is optimized with the Yoast SEO plugin v27.4 - https:\/\/yoast.com\/product\/yoast-seo-wordpress\/ -->\n<title>GJUHA POETIKE QEND\u00cbR E SEMANTIK\u00cbS FIGURATIVE - FjALA e LIR\u00cb - Arkivi<\/title>\n<meta name=\"robots\" content=\"index, follow, max-snippet:-1, max-image-preview:large, max-video-preview:-1\" \/>\n<link rel=\"canonical\" href=\"https:\/\/fjala.info\/2009-2015\/gjuha-poetike-qender-e-semantikes-figurative\/\" \/>\n<meta property=\"og:locale\" content=\"sq_AL\" \/>\n<meta property=\"og:type\" content=\"article\" \/>\n<meta property=\"og:title\" content=\"GJUHA POETIKE QEND\u00cbR E SEMANTIK\u00cbS FIGURATIVE - FjALA e LIR\u00cb - Arkivi\" \/>\n<meta property=\"og:description\" content=\"(Mihai Pascaru: Definicione, poezi, Editura Limes, Cluzh-Napoka, 2011) Halil Haxhosaj Qasjet poetike ndaj problemeve dhe intrigimeve p\u00ebr poetin \u00ebsht\u00eb nj\u00eb kategori paksa e ve\u00e7ant\u00eb nga njer\u00ebzit e tjer\u00eb. Kjo b\u00ebhet nga shum\u00eb arsye, por sipas disa teorive kjo qasje varet edhe nga inspirimet, ndijesimet, por edhe q\u00ebndrimet e poetit, gjegj\u00ebsisht krijuesit, n\u00eb koh\u00eb dhe hap\u00ebsir\u00eb [&hellip;]\" \/>\n<meta property=\"og:url\" content=\"https:\/\/fjala.info\/2009-2015\/gjuha-poetike-qender-e-semantikes-figurative\/\" \/>\n<meta property=\"og:site_name\" content=\"FjALA e LIR\u00cb - Arkivi\" \/>\n<meta property=\"article:published_time\" content=\"2012-02-11T05:00:04+00:00\" \/>\n<meta name=\"author\" content=\"admin\" \/>\n<meta name=\"twitter:card\" content=\"summary_large_image\" \/>\n<meta name=\"twitter:label1\" content=\"Written by\" \/>\n\t<meta name=\"twitter:data1\" content=\"admin\" \/>\n\t<meta name=\"twitter:label2\" content=\"Est. reading time\" \/>\n\t<meta name=\"twitter:data2\" content=\"6 minutes\" \/>\n<script type=\"application\/ld+json\" class=\"yoast-schema-graph\">{\"@context\":\"https:\\\/\\\/schema.org\",\"@graph\":[{\"@type\":\"Article\",\"@id\":\"https:\\\/\\\/fjala.info\\\/2009-2015\\\/gjuha-poetike-qender-e-semantikes-figurative\\\/#article\",\"isPartOf\":{\"@id\":\"https:\\\/\\\/fjala.info\\\/2009-2015\\\/gjuha-poetike-qender-e-semantikes-figurative\\\/\"},\"author\":{\"name\":\"admin\",\"@id\":\"https:\\\/\\\/fjala.info\\\/2009-2015\\\/#\\\/schema\\\/person\\\/3aa1163ef05469c496fc94e77611ada2\"},\"headline\":\"GJUHA POETIKE QEND\u00cbR E SEMANTIK\u00cbS FIGURATIVE\",\"datePublished\":\"2012-02-11T05:00:04+00:00\",\"mainEntityOfPage\":{\"@id\":\"https:\\\/\\\/fjala.info\\\/2009-2015\\\/gjuha-poetike-qender-e-semantikes-figurative\\\/\"},\"wordCount\":1160,\"commentCount\":0,\"publisher\":{\"@id\":\"https:\\\/\\\/fjala.info\\\/2009-2015\\\/#organization\"},\"articleSection\":[\"Let\u00ebrsi\"],\"inLanguage\":\"sq-AL\",\"potentialAction\":[{\"@type\":\"CommentAction\",\"name\":\"Comment\",\"target\":[\"https:\\\/\\\/fjala.info\\\/2009-2015\\\/gjuha-poetike-qender-e-semantikes-figurative\\\/#respond\"]}]},{\"@type\":\"WebPage\",\"@id\":\"https:\\\/\\\/fjala.info\\\/2009-2015\\\/gjuha-poetike-qender-e-semantikes-figurative\\\/\",\"url\":\"https:\\\/\\\/fjala.info\\\/2009-2015\\\/gjuha-poetike-qender-e-semantikes-figurative\\\/\",\"name\":\"GJUHA POETIKE QEND\u00cbR E SEMANTIK\u00cbS FIGURATIVE - FjALA e LIR\u00cb - Arkivi\",\"isPartOf\":{\"@id\":\"https:\\\/\\\/fjala.info\\\/2009-2015\\\/#website\"},\"datePublished\":\"2012-02-11T05:00:04+00:00\",\"breadcrumb\":{\"@id\":\"https:\\\/\\\/fjala.info\\\/2009-2015\\\/gjuha-poetike-qender-e-semantikes-figurative\\\/#breadcrumb\"},\"inLanguage\":\"sq-AL\",\"potentialAction\":[{\"@type\":\"ReadAction\",\"target\":[\"https:\\\/\\\/fjala.info\\\/2009-2015\\\/gjuha-poetike-qender-e-semantikes-figurative\\\/\"]}]},{\"@type\":\"BreadcrumbList\",\"@id\":\"https:\\\/\\\/fjala.info\\\/2009-2015\\\/gjuha-poetike-qender-e-semantikes-figurative\\\/#breadcrumb\",\"itemListElement\":[{\"@type\":\"ListItem\",\"position\":1,\"name\":\"Home\",\"item\":\"https:\\\/\\\/fjala.info\\\/2009-2015\\\/\"},{\"@type\":\"ListItem\",\"position\":2,\"name\":\"GJUHA POETIKE QEND\u00cbR E SEMANTIK\u00cbS FIGURATIVE\"}]},{\"@type\":\"WebSite\",\"@id\":\"https:\\\/\\\/fjala.info\\\/2009-2015\\\/#website\",\"url\":\"https:\\\/\\\/fjala.info\\\/2009-2015\\\/\",\"name\":\"FjALA e LIR\u00cb - Arkivi\",\"description\":\"Arkivi 2009-2015\",\"publisher\":{\"@id\":\"https:\\\/\\\/fjala.info\\\/2009-2015\\\/#organization\"},\"potentialAction\":[{\"@type\":\"SearchAction\",\"target\":{\"@type\":\"EntryPoint\",\"urlTemplate\":\"https:\\\/\\\/fjala.info\\\/2009-2015\\\/?s={search_term_string}\"},\"query-input\":{\"@type\":\"PropertyValueSpecification\",\"valueRequired\":true,\"valueName\":\"search_term_string\"}}],\"inLanguage\":\"sq-AL\"},{\"@type\":\"Organization\",\"@id\":\"https:\\\/\\\/fjala.info\\\/2009-2015\\\/#organization\",\"name\":\"FjALA e LIR\u00cb - Arkivi\",\"url\":\"https:\\\/\\\/fjala.info\\\/2009-2015\\\/\",\"logo\":{\"@type\":\"ImageObject\",\"inLanguage\":\"sq-AL\",\"@id\":\"https:\\\/\\\/fjala.info\\\/2009-2015\\\/#\\\/schema\\\/logo\\\/image\\\/\",\"url\":\"\",\"contentUrl\":\"\",\"caption\":\"FjALA e LIR\u00cb - Arkivi\"},\"image\":{\"@id\":\"https:\\\/\\\/fjala.info\\\/2009-2015\\\/#\\\/schema\\\/logo\\\/image\\\/\"}},{\"@type\":\"Person\",\"@id\":\"https:\\\/\\\/fjala.info\\\/2009-2015\\\/#\\\/schema\\\/person\\\/3aa1163ef05469c496fc94e77611ada2\",\"name\":\"admin\",\"image\":{\"@type\":\"ImageObject\",\"inLanguage\":\"sq-AL\",\"@id\":\"https:\\\/\\\/fjala.info\\\/2009-2015\\\/wp-content\\\/uploads\\\/2012\\\/02\\\/arben_cokaj-120x150.jpg\",\"url\":\"https:\\\/\\\/fjala.info\\\/2009-2015\\\/wp-content\\\/uploads\\\/2012\\\/02\\\/arben_cokaj-120x150.jpg\",\"contentUrl\":\"https:\\\/\\\/fjala.info\\\/2009-2015\\\/wp-content\\\/uploads\\\/2012\\\/02\\\/arben_cokaj-120x150.jpg\",\"caption\":\"admin\"},\"description\":\"Admin, Fjala e Lir\u00eb\",\"sameAs\":[\"https:\\\/\\\/fjala.info\\\/\"],\"url\":\"https:\\\/\\\/fjala.info\\\/2009-2015\\\/author\\\/admin\\\/\"}]}<\/script>\n<!-- \/ Yoast SEO plugin. -->","yoast_head_json":{"title":"GJUHA POETIKE QEND\u00cbR E SEMANTIK\u00cbS FIGURATIVE - FjALA e LIR\u00cb - Arkivi","robots":{"index":"index","follow":"follow","max-snippet":"max-snippet:-1","max-image-preview":"max-image-preview:large","max-video-preview":"max-video-preview:-1"},"canonical":"https:\/\/fjala.info\/2009-2015\/gjuha-poetike-qender-e-semantikes-figurative\/","og_locale":"sq_AL","og_type":"article","og_title":"GJUHA POETIKE QEND\u00cbR E SEMANTIK\u00cbS FIGURATIVE - FjALA e LIR\u00cb - Arkivi","og_description":"(Mihai Pascaru: Definicione, poezi, Editura Limes, Cluzh-Napoka, 2011) Halil Haxhosaj Qasjet poetike ndaj problemeve dhe intrigimeve p\u00ebr poetin \u00ebsht\u00eb nj\u00eb kategori paksa e ve\u00e7ant\u00eb nga njer\u00ebzit e tjer\u00eb. Kjo b\u00ebhet nga shum\u00eb arsye, por sipas disa teorive kjo qasje varet edhe nga inspirimet, ndijesimet, por edhe q\u00ebndrimet e poetit, gjegj\u00ebsisht krijuesit, n\u00eb koh\u00eb dhe hap\u00ebsir\u00eb [&hellip;]","og_url":"https:\/\/fjala.info\/2009-2015\/gjuha-poetike-qender-e-semantikes-figurative\/","og_site_name":"FjALA e LIR\u00cb - Arkivi","article_published_time":"2012-02-11T05:00:04+00:00","author":"admin","twitter_card":"summary_large_image","twitter_misc":{"Written by":"admin","Est. reading time":"6 minutes"},"schema":{"@context":"https:\/\/schema.org","@graph":[{"@type":"Article","@id":"https:\/\/fjala.info\/2009-2015\/gjuha-poetike-qender-e-semantikes-figurative\/#article","isPartOf":{"@id":"https:\/\/fjala.info\/2009-2015\/gjuha-poetike-qender-e-semantikes-figurative\/"},"author":{"name":"admin","@id":"https:\/\/fjala.info\/2009-2015\/#\/schema\/person\/3aa1163ef05469c496fc94e77611ada2"},"headline":"GJUHA POETIKE QEND\u00cbR E SEMANTIK\u00cbS FIGURATIVE","datePublished":"2012-02-11T05:00:04+00:00","mainEntityOfPage":{"@id":"https:\/\/fjala.info\/2009-2015\/gjuha-poetike-qender-e-semantikes-figurative\/"},"wordCount":1160,"commentCount":0,"publisher":{"@id":"https:\/\/fjala.info\/2009-2015\/#organization"},"articleSection":["Let\u00ebrsi"],"inLanguage":"sq-AL","potentialAction":[{"@type":"CommentAction","name":"Comment","target":["https:\/\/fjala.info\/2009-2015\/gjuha-poetike-qender-e-semantikes-figurative\/#respond"]}]},{"@type":"WebPage","@id":"https:\/\/fjala.info\/2009-2015\/gjuha-poetike-qender-e-semantikes-figurative\/","url":"https:\/\/fjala.info\/2009-2015\/gjuha-poetike-qender-e-semantikes-figurative\/","name":"GJUHA POETIKE QEND\u00cbR E SEMANTIK\u00cbS FIGURATIVE - FjALA e LIR\u00cb - Arkivi","isPartOf":{"@id":"https:\/\/fjala.info\/2009-2015\/#website"},"datePublished":"2012-02-11T05:00:04+00:00","breadcrumb":{"@id":"https:\/\/fjala.info\/2009-2015\/gjuha-poetike-qender-e-semantikes-figurative\/#breadcrumb"},"inLanguage":"sq-AL","potentialAction":[{"@type":"ReadAction","target":["https:\/\/fjala.info\/2009-2015\/gjuha-poetike-qender-e-semantikes-figurative\/"]}]},{"@type":"BreadcrumbList","@id":"https:\/\/fjala.info\/2009-2015\/gjuha-poetike-qender-e-semantikes-figurative\/#breadcrumb","itemListElement":[{"@type":"ListItem","position":1,"name":"Home","item":"https:\/\/fjala.info\/2009-2015\/"},{"@type":"ListItem","position":2,"name":"GJUHA POETIKE QEND\u00cbR E SEMANTIK\u00cbS FIGURATIVE"}]},{"@type":"WebSite","@id":"https:\/\/fjala.info\/2009-2015\/#website","url":"https:\/\/fjala.info\/2009-2015\/","name":"FjALA e LIR\u00cb - Arkivi","description":"Arkivi 2009-2015","publisher":{"@id":"https:\/\/fjala.info\/2009-2015\/#organization"},"potentialAction":[{"@type":"SearchAction","target":{"@type":"EntryPoint","urlTemplate":"https:\/\/fjala.info\/2009-2015\/?s={search_term_string}"},"query-input":{"@type":"PropertyValueSpecification","valueRequired":true,"valueName":"search_term_string"}}],"inLanguage":"sq-AL"},{"@type":"Organization","@id":"https:\/\/fjala.info\/2009-2015\/#organization","name":"FjALA e LIR\u00cb - Arkivi","url":"https:\/\/fjala.info\/2009-2015\/","logo":{"@type":"ImageObject","inLanguage":"sq-AL","@id":"https:\/\/fjala.info\/2009-2015\/#\/schema\/logo\/image\/","url":"","contentUrl":"","caption":"FjALA e LIR\u00cb - Arkivi"},"image":{"@id":"https:\/\/fjala.info\/2009-2015\/#\/schema\/logo\/image\/"}},{"@type":"Person","@id":"https:\/\/fjala.info\/2009-2015\/#\/schema\/person\/3aa1163ef05469c496fc94e77611ada2","name":"admin","image":{"@type":"ImageObject","inLanguage":"sq-AL","@id":"https:\/\/fjala.info\/2009-2015\/wp-content\/uploads\/2012\/02\/arben_cokaj-120x150.jpg","url":"https:\/\/fjala.info\/2009-2015\/wp-content\/uploads\/2012\/02\/arben_cokaj-120x150.jpg","contentUrl":"https:\/\/fjala.info\/2009-2015\/wp-content\/uploads\/2012\/02\/arben_cokaj-120x150.jpg","caption":"admin"},"description":"Admin, Fjala e Lir\u00eb","sameAs":["https:\/\/fjala.info\/"],"url":"https:\/\/fjala.info\/2009-2015\/author\/admin\/"}]}},"_links":{"self":[{"href":"https:\/\/fjala.info\/2009-2015\/wp-json\/wp\/v2\/posts\/1709","targetHints":{"allow":["GET"]}}],"collection":[{"href":"https:\/\/fjala.info\/2009-2015\/wp-json\/wp\/v2\/posts"}],"about":[{"href":"https:\/\/fjala.info\/2009-2015\/wp-json\/wp\/v2\/types\/post"}],"author":[{"embeddable":true,"href":"https:\/\/fjala.info\/2009-2015\/wp-json\/wp\/v2\/users\/1"}],"replies":[{"embeddable":true,"href":"https:\/\/fjala.info\/2009-2015\/wp-json\/wp\/v2\/comments?post=1709"}],"version-history":[{"count":0,"href":"https:\/\/fjala.info\/2009-2015\/wp-json\/wp\/v2\/posts\/1709\/revisions"}],"wp:attachment":[{"href":"https:\/\/fjala.info\/2009-2015\/wp-json\/wp\/v2\/media?parent=1709"}],"wp:term":[{"taxonomy":"category","embeddable":true,"href":"https:\/\/fjala.info\/2009-2015\/wp-json\/wp\/v2\/categories?post=1709"},{"taxonomy":"post_tag","embeddable":true,"href":"https:\/\/fjala.info\/2009-2015\/wp-json\/wp\/v2\/tags?post=1709"}],"curies":[{"name":"wp","href":"https:\/\/api.w.org\/{rel}","templated":true}]}}