{"id":1691,"date":"2012-02-10T20:06:51","date_gmt":"2012-02-10T19:06:51","guid":{"rendered":"http:\/\/fjala.shkoder.net\/?p=1691"},"modified":"2012-02-10T20:06:51","modified_gmt":"2012-02-10T19:06:51","slug":"zef-ndrecaj-ozurpatoret-e-lirise","status":"publish","type":"post","link":"https:\/\/fjala.info\/2009-2015\/zef-ndrecaj-ozurpatoret-e-lirise\/","title":{"rendered":"Zef Ndrecaj: Ozurpator\u00ebt e liris\u00eb"},"content":{"rendered":"<p><strong>Zef Ndrecaj<\/strong>, <em>AUSTRI<\/em>, <em>N\u00ebntor 2011<\/em><\/p>\n<p>Lufta popullit shqiptar (pa dallim konfesioni), p\u00ebr \u00e7lirimin e atdheut t\u00eb tyre \u00ebsht\u00eb e hershme sa edhe vet\u00eb p\u00ebr p\u00ebrpjekjet e tyre p\u00ebr k\u00ebt\u00eb kauz\u00eb. Nd\u00ebr shqiptar\u00eb, gjat\u00eb shekujve njihen shum\u00eb luft\u00ebra, kur ata luftonin dhe sakrifikonin jet\u00ebn, familjen dhe t\u00ebr\u00eb qenien e tyre p\u00ebr liri dhe \u00e7lirim komb\u00ebtar. <\/p>\n<p><img decoding=\"async\" class=\"aligncenter size-thumbnail wp-image-7236\" title=\"D\u00ebshmor\u00ebr e liris\u00eb\" src=\"http:\/\/www.shkoder.net\/2012\/deshmoret_ks.jpg\" alt=\"\" width=\"500\" \/><\/p>\n<p>Por, njihet edhe ajo kur ata p\u00ebr deri sa luftonin nj\u00eb pushtues (otoman), m\u00eb ngadal\u00eb dinak\u00ebrisht ato vende \u201ct\u00eb lira\u201d pushtoheshin nga sllavo \u2013 malaziasit. Dhe, n\u00eb vend se ato vende t\u00eb g\u00ebzonin lirin\u00eb, ata luftonin nj\u00eb zgjedh\u00eb t\u00eb huaj dhe binin n\u00eb tjetr\u00ebn duke u vrar\u00eb mizorisht nga pushtuesi tjet\u00ebr.<\/p>\n<p>Pik\u00ebnisjen m\u00eb t\u00eb zez\u00eb, trojet Ilire historikisht e p\u00ebrjetuam nga r\u00ebnia e Bizantine, duke filluar q\u00eb nga r\u00ebnia e Konstatinopolit, ku me dob\u00ebsimin e k\u00ebsaj perandorie tradhtisht edhe tokat shqiptare i l\u00ebshoheshin, apo z\u00ebvend\u00ebsoheshin nga sllav\u00ebt, t\u00eb cil\u00ebt dal\u00eb nga dal\u00eb arrit\u00ebn ta pushtojn\u00eb po thuaj t\u00ebr\u00eb Dardanin\u00eb. Por, kjo ndodhi edhe n\u00eb historin\u00eb ton\u00eb t\u00eb m\u00ebvonshme, Kryengritjes s\u00eb Mal\u00ebsis\u00eb n\u00eb krye me Ded\u00eb Gjo\u2019 Lulin, Luft\u00ebs s\u00eb Par\u00eb Bot\u00ebrore, por, edhe asaj t\u00eb Dyt\u00eb, pas kapitullimit t\u00eb Gjermanis\u00eb naziste dhe, pa dyshim gjat\u00eb koh\u00ebs s\u00eb Jugosllavis\u00eb komuniste.<\/p>\n<p>Pra, edhe pse shqiptar\u00ebt luftuan dhe derdhen gjak ta fitojn\u00eb lirin\u00eb, at\u00eb ua grabiti pushtuesi tjet\u00ebr, e, q\u00eb, synimi ishte i nj\u00ebjt\u00eb p\u00ebr faqosjen dhe p\u00ebrfitimit t\u00eb territoreve nga shqiptar\u00ebt.<\/p>\n<p>Por, kjo ishte nga pushtuesit, nga ata q\u00eb ne si popull i quam armiq.<\/p>\n<p><strong>Por, kush ua grabit, kush ua uzurpon sot popullit ton\u00eb lirin\u00eb? <\/strong><\/p>\n<p>Pik\u00ebv\u00ebshtrimi i k\u00ebsaj teme, k\u00ebsaj radhe nuk q\u00ebndrojn\u00eb pushtuesit, nga se nga asnj\u00eb k\u00ebta pushtues nuk pritnim lirin\u00eb p\u00ebr t\u00eb cil\u00ebn gjat\u00eb shekujve derdhem gjak m\u00eb shum\u00eb se \u00e7do popull tjet\u00ebr.<\/p>\n<p>Sot n\u00eb Shqip\u00ebri dhe Kosov\u00eb, ndon\u00ebse m\u00eb shum\u00eb sakrific\u00eb kemi krijuar pushtetet, edhe pse pushtetet e derisotme q\u00eb ne kishim ishin pothuajse gati m\u00eb fatale se ato t\u00eb pushtuesve. Ishin t\u00eb tilla, sepse p\u00ebrjetoheshin (po ashtu edhe sot gati se nj\u00ebjt\u00eb (!) po p\u00ebrjetohen), m\u00eb r\u00ebnd\u00eb, sepse vinin nga soji i nj\u00ebjt\u00eb, i gjuh\u00ebs, flamurit\u2026 (Plag\u00ebn q\u00eb ta shkakton yti t\u00eb dhemb m\u00eb shum\u00eb!).<\/p>\n<p>Nisemi nga ai i fundit, nga ai regjimi i ideologjis\u00eb ekstreme diktatoriale enveriste n\u00eb Shqip\u00ebri, i cili vrau dhe persekutoi pa asnj\u00eb m\u00ebshir\u00eb dhe at\u00eb mizorisht pjes\u00ebn m\u00eb vitale t\u00eb popullit t\u00eb tij. Vrau dhe persekutoi, po at\u00eb kategori t\u00eb atij populli m\u00eb idealist dhe me nj\u00eb vizion p\u00ebrparimtar proevropian, t\u00eb cil\u00ebt m\u00eb shum\u00eb se t\u00eb gjith\u00eb t\u00eb tjer\u00ebt e donin lirin\u00eb e k\u00ebtij vendi.<\/p>\n<p>Pra, ky pushtet diktatorial vrau, burgosi, internoi dhe persekutoi pjes\u00ebn m\u00eb intelektuale, m\u00eb idealiste dhe m\u00eb t\u00eb arsimuar te popullit. K\u00ebt\u00eb nuk kishte arritur ta b\u00ebnte asnj\u00eb pushtues q\u00eb shkeli k\u00ebto troje dhe as turku 540 vite m\u00eb par\u00eb, sepse asnj\u00eb pushtues nuk mund ta dinte kurr\u00eb at\u00eb, se ku q\u00ebndronte trungu, zjarri i pashuar komb\u00ebtar q\u00eb k\u00ebtij populli i jepte fuqi dhe q\u00eb \u00e7doher\u00eb e ngrit\u00ebt n\u00eb k\u00ebmb\u00eb.<\/p>\n<p>Po i nj\u00ebjti tmerr mjerisht u jet\u00ebsua n\u00eb Kosov\u00eb pothuaj nga t\u00eb nj\u00ebjtit pinjoll, q\u00eb duke i shtuar edhe at\u00eb shovinist sllav, lau n\u00eb gjak t\u00ebr\u00eb Kosov\u00ebn dhe trojet shqiptare, duke i vrar\u00eb s\u00eb pari ata q\u00eb me arm\u00eb n\u00eb dor\u00eb luftonin p\u00ebr liri dhe m\u00eb pas duke iu kthyer spastrimeve familjare. K\u00ebshtu, duke filluar q\u00eb nga Tivari dhe vrasjet e m\u00ebpastajme n\u00eb Kosov\u00eb dhe trojet tjera sot jasht\u00eb trojeve am\u00eb, me q\u00ebllim t\u00eb spastrimit etnik u vran\u00eb, pren\u00eb, theren mbi 60 000 shqiptar\u00eb, nd\u00ebrsa u burgosen dhe internuan me qindra mija t\u00eb tjer\u00eb.<\/p>\n<p>Ndryshimi mes Shqip\u00ebris\u00eb dhe Kosov\u00ebs at\u00ebher\u00eb t\u00eb ndara p\u00ebrfundimisht q\u00ebndron vet\u00ebm n\u00eb at\u00eb se shqiptar\u00ebt e Shqip\u00ebris\u00eb burgoseshin dhe internoheshin mizorisht brenda Shqip\u00ebris\u00eb, nd\u00ebrsa ata t\u00eb Kosov\u00ebs internoheshin edhe n\u00eb Turqi. Ndryshim tjet\u00ebr \u00ebsht\u00eb edhe ai se n\u00eb Shqip\u00ebri pik\u00ebsynim ishin shqiptar\u00ebt e konfesionit katolik t\u00eb cilin pushtetar\u00ebt donin me \u00e7do kushte t\u2019i zhduknin dhe n\u00ebnshtronin, nd\u00ebrsa n\u00eb Kosov\u00eb kjo zbatohej n\u00eb p\u00ebrgjith\u00ebsi.<\/p>\n<p>Mir\u00ebpo, tema ime bosht nuk i referohet k\u00ebsaj, nuk i referohet as servil\u00ebve as vras\u00ebsve t\u00eb asaj kohe dhe i referohet nj\u00eb pyetje t\u00eb vetme.<\/p>\n<p><strong>Kush shkel, uzurpon dhe kush na vret lirin\u00eb?<\/strong><\/p>\n<p>K\u00ebsaj motoje, padyshim i shtohen edhe pyetje t\u00eb tjera: kush po shkel sot mbi gjakun e d\u00ebshmoreve tan\u00eb? Kush i privon nga e drejta k\u00ebta t\u00eb vrar\u00eb qe t\u00eb quhen d\u00ebshmor\u00eb, nga e drejta q\u00eb edhe k\u00ebta ishin gjak yni q\u00eb ran\u00eb p\u00ebr liri? Vall\u00eb, jan\u00eb k\u00ebta njer\u00ebz dhe k\u00ebto familje nd\u00ebrgjegjeje e jon\u00eb komb\u00ebtare e njer\u00ebzore. Kush prek sot n\u00eb k\u00ebto familje t\u00eb shenjta t\u00eb kombit? Kush i ndan k\u00ebta d\u00ebshmor\u00eb n\u00eb baza konfesionale, emra, apo n\u00eb regjione. Kush ndan sot v\u00ebllan\u00eb m\u00eb v\u00eblla t\u00eb nj\u00eb gjaku q\u00eb luftuan p\u00ebr t\u00eb nj\u00ebjt\u00ebn liri, q\u00eb ran\u00eb dhe u varrosen me nj\u00eb flamur, me nj\u00eb gjuh\u00eb me nj\u00eb grusht dhe, t\u00eb tok\u00ebs q\u00eb i lindi dhe jet\u00ebs q\u00eb t\u00eb gjith\u00eb e desh\u00ebn.<\/p>\n<p>K\u00ebta d\u00ebshmor\u00eb, k\u00ebta martir\u00eb dhe viktima t\u00eb luft\u00ebs t\u00eb vrar\u00eb mizorisht nga pushtuesi dhe \u00e7etnik\u00ebt serb\u00eb n\u00eb sht\u00ebpit\u00eb e tyre, n\u00eb token e tyre, shum\u00eb nga ata t\u00eb vrar\u00eb dhe t\u00eb prer\u00eb mizorisht, t\u00eb varrosur dhe prap\u00eb t\u00eb rivarrosur po nga ai vras\u00ebs, q\u00eb donte t\u2019i fshinte gjurm\u00ebt e krimit. Nuk i ve\u00e7ova p\u00ebr t\u00eb krijuar nj\u00eb vij\u00eb demarkacioni n\u00eb aspektin religjioz, as racor e as regjional, nga se k\u00ebta u vran\u00eb vet\u00ebm se ishin shqiptar\u00eb. Por, p\u00ebr t\u00eb prezantuar nj\u00eb realitet q\u00eb sot po ndodh e q\u00eb historia kurr\u00eb nuk do t\u2019ua fal. Nuk do t\u2019ua fal historia, sepse ajo gjithher\u00eb flet m\u00eb von\u00eb.<\/p>\n<p>Pushtuesi, k\u00ebta nuk i ndau as kur i vrau, as populli nuk i ndau n\u00eb asnj\u00eb lloj m\u00ebnyr\u00eb, por i vendosi varr ashtu si\u00e7 ishin vrar\u00eb, sepse n\u00eb jet\u00eb kan\u00eb pasur ideale t\u00eb p\u00ebrbashk\u00ebta, prandaj, ishte shum\u00eb racionale q\u00eb edhe n\u00eb varr t\u00eb q\u00ebndrojn\u00eb t\u00eb p\u00ebrbashk\u00ebt. Familjet q\u00eb pasuan (pa dallim feje), priten dit\u00eb dhe net eshtrat e t\u00eb t\u00eb af\u00ebrmve t\u00eb tyre, ose ndonj\u00eb kumt p\u00ebr t\u00eb ditur p\u00ebr fatin e tyre. Asnj\u00ebrin nuk i riktheu s\u00eb bashku edhe eshtrat e t\u00eb vrarave munguan. K\u00ebt\u00eb loj\u00eb t\u00eb makabre dhe ndyt\u00eb e luajti Serbia mu ajo q\u00eb e vrau dhe me t\u00eb vetmin q\u00ebllim q\u00eb t\u2019i vret dhe fyej\u00eb edhe k\u00ebta q\u00eb jan\u00eb t\u00eb gjall\u00eb.<\/p>\n<p>Por k\u00ebt\u00eb nuk e b\u00ebri vet\u00ebm ai q\u00eb i vrau, k\u00ebt\u00eb e b\u00ebjn\u00eb sot pushtetar\u00ebt tan\u00eb dit\u00eb m\u00eb dit\u00eb edhe dymb\u00ebdhjet\u00eb vjet t\u00eb quajtur \u201cliri\u201d. E vura n\u00eb thonj\u00ebza fjal\u00ebn liri, sepse k\u00ebto familje s\u2019kan\u00eb liri, nga se pushtetar\u00ebt tan\u00eb atyre ua uzurpuan at\u00eb, ata nuk njohin p\u00ebr d\u00ebshmor\u00eb, as familjet q\u00eb i dhan\u00eb k\u00ebta d\u00ebshmor\u00eb mbi gjakun e t\u00eb cil\u00ebve ne sot g\u00ebzojm\u00eb lirin\u00eb, ata njohin vet\u00ebm pushtet.<\/p>\n<p>S\u2019\u00ebsht\u00eb fjal\u00eb e leht\u00eb q\u00eb i vetmi njeri nga k\u00ebto familje q\u00eb ka vet\u00ebm qoft\u00eb nj\u00eb t\u00eb vrar\u00eb, n\u00eb zhg\u00ebnjim, kuptohet n\u00eb piedestalin e zhg\u00ebnjimit t\u00eb tij nga realiteti i shnd\u00ebrruar sot, do thot\u00eb: \u201c Mallkuar t\u00eb qoft\u00eb Kosov\u00eb gjaku i im!\u201d Meqen\u00ebse, edhe pse aspak nuk e ka ndjenj\u00ebn e zhg\u00ebnjimit, pse gjakun i ka falur vendlindjes\/atdheut t\u00eb tij, Kosov\u00ebs. Mir\u00ebpo, nj\u00eb fraz\u00eb e till\u00eb e shprehur \u00ebsht\u00eb shprehje q\u00eb n\u00eb \u00e7\u2019shkall\u00eb u ka t\u00ebholluar substanc\u00ebn komb\u00ebtare k\u00ebsaj kategorie t\u00eb njer\u00ebzve tan\u00eb, kjo shoq\u00ebri aktuale. Pra, \u00ebsht\u00eb nj\u00eb shtytje tej mase q\u00eb e detyron nj\u00eb njeri ta thot\u00eb k\u00ebt\u00eb fjal\u00eb qoft\u00eb ai vetmi njeri. Dhe po e tha ket\u00eb ai q\u00eb ka 16 t\u00eb vrar\u00eb, apo atij q\u00eb si mbeti f\u00ebmij\u00eb n\u00eb vat\u00ebr, at\u00ebher\u00eb kjo n\u00ebm\u00eb, ky mallkim do t\u00eb r\u00ebndoj\u00eb aq sa kurr\u00eb si popull s\u2019do t\u00eb shohim drit\u00eb.<\/p>\n<p>I b\u00ebj t\u00eb ditur opinionit t\u00eb gjer\u00eb shqiptar se k\u00ebta heronj, d\u00ebshmor\u00eb, sot nga pushtetar\u00ebt tan\u00eb mbeten t\u00eb harruar; familjet e tyre t\u00eb shkelura, t\u00eb anashkaluar dhe edhe t\u00eb n\u00ebn\u00e7muara.<\/p>\n<p>Ua b\u00ebj t\u00eb ditur k\u00ebtyre pushtetar\u00ebve q\u00eb sot kan\u00eb b\u00ebr\u00eb q\u00ebndrueshm\u00ebri ekonomike, nj\u00eb kapital t\u00eb madh dhe pallate, t\u00eb cil\u00ebt, po ashtu jan\u00eb verbuar mbas kolltuk\u00ebve dhe lakmis\u00eb se k\u00ebtu nuk do t\u00eb kalojn\u00eb. D\u00ebshmori \u00ebsht\u00eb d\u00ebshmor kudo q\u00eb ai vritet, kudo q\u00eb ai prehet n\u00eb tok\u00ebn e tij dhe at\u00eb an\u00eb e k\u00ebnd trojeve tona etnike. Dhe familjet q\u00eb dhan\u00eb edhe t\u00eb vetmin d\u00ebshmor jan\u00eb nderi dhe dhimbja e k\u00ebtij kombi, nd\u00ebrsa ato q\u00eb sakrifikuan kaq shum\u00eb, si familja Dedaj n\u00eb Gusk\u00eb t\u00eb Gjakov\u00ebs jan\u00eb t\u00eb shenjta ashtu si\u00e7 jan\u00eb ato Jashari, Delija, Berisha, Ahmeti, Haradinaj, Ndrejaj e sa e sa tjera.<\/p>\n<p>Pushtuesi mizor ata i vrau, nd\u00ebrsa pushtetar\u00ebt tan\u00eb i vrasin prap\u00eb, duke i b\u00ebr\u00eb t\u00eb harruara edhe varret e tyre, kurr\u00eb pa e vizituar as t\u00eb vetmen familje; kurr\u00eb pa e pun\u00ebsuar as ndihmuar asnj\u00eb familje t\u00eb vetme, por edhe duke shkelur mbi k\u00ebto familje n\u00eb m\u00ebnyr\u00ebn m\u00eb vulgare dhe m\u00eb t\u00eb pa nd\u00ebrgjegjshme.<\/p>\n<p>Un\u00eb b\u00ebj vet\u00ebm nj\u00eb pyetje: i kujt \u00ebsht\u00eb ky shtet vall\u00eb? N\u00eb mos \u00ebsht\u00eb pron\u00ebsuar i t\u00ebri dhe drejtohet nga njer\u00ebz dhe forca m\u00eb t\u00eb kompromentuar, edhe n\u00eb aspektin komb\u00ebtar, po ashtu edhe n\u00eb at\u00eb t\u00eb korruptimit. N\u00eb mos luftuam q\u00eb ky shtet te jet\u00eb shtet turqish, serb\u00ebsh, cigan\u00ebsh? K\u00ebta kan\u00eb sot \u00e7do t\u00eb drejt dhe ne (nj\u00eb pjes\u00eb) q\u00eb i takojm\u00eb etnitetit t\u00eb v\u00ebrtet\u00eb shqiptar paskemi derdh gjak p\u00ebr ta, apo m\u00eb kot!!!<\/p>\n<p>Duhet t\u00eb jem m\u00eb i qart\u00eb qe ky shkrim mos t\u00eb jet\u00eb komplot as politik dhe as me asnj\u00eb far\u00eb q\u00ebllimi tjet\u00ebr q\u00eb t\u00eb nxit urrejtje fetare apo tjera, por \u00ebsht\u00eb nj\u00eb realitet i turpsh\u00ebm q\u00eb sot zbaton politika aktuale n\u00eb krye me Hashim Thaqin n\u00eb Kosov\u00eb.<\/p>\n<p>Ky \u00ebsht\u00eb nj\u00eb realitet q\u00eb ndodh m\u00eb t\u00eb vrar\u00ebt por edhe t\u00eb gjall\u00ebt tan\u00eb, realitet q\u00eb ndodh sot n\u00eb Kosov\u00eb dhe k\u00ebtij realiteti duhet t\u2019i heqim mask\u00ebn nj\u00eb her\u00eb e p\u00ebrgjithmon\u00eb. Se kjo ndodh sot n\u00eb zem\u00ebr te Kosov\u00ebs dhe kjo loj\u00eb e rrezikshme ushtrohet kryesisht dhe drejtp\u00ebrdrejt\u00eb ndaj komunitetit katolik shqiptar kudo q\u00eb ai shtrihet.<\/p>\n<p>Ky komunitet sot \u00ebsht\u00eb i shkelur, i p\u00ebrbuzur i anashkaluar n\u00eb t\u00eb gjitha segmentet e jet\u00ebs. Dhe, th\u00ebne tro\u00e7 edhe pse k\u00ebta u flijuan sikur \u00e7do her\u00eb n\u00eb histori, lufta e tyre u uzurpua nga matrapaz\u00ebt . Lirin\u00eb sot e g\u00ebzojn\u00eb m\u00eb shum\u00eb rom\u00ebt, ashkalinjt\u00eb, dhe turqit. Nga ky komunitet s\u2019ka njeri as n\u00eb Parlament dhe askund tjet\u00ebr n\u00eb institucionet qendrore, nd\u00ebrsa p\u00ebrkundrazi k\u00ebt\u00eb privilegj e kan\u00eb ashkalinjt\u00eb, boshnjak\u00ebt dhe turqit, egjiptian\u00ebt e te mos flasim p\u00ebr serb\u00ebt. Kisha p\u00ebr ta b\u00ebr\u00eb pyetje: sa i ka Haxhi Merxha t\u00eb vrar\u00eb, t\u00eb armatosur ka pasur anek\u00ebnd Prishtin\u00ebs por n\u00eb an t\u00eb serbit, q\u00eb nga ta kem pasur edhe t\u00eb pla\u00e7kitur edhe t\u00eb vrar\u00eb.<\/p>\n<p>Nga k\u00ebta pushtetar\u00eb komuniteti katolik me qellim \u00ebsht\u00eb privuar nga e drejta qoft\u00eb n\u00eb nj\u00eb pozit\u00eb t\u00eb vetme ky\u00e7e dhe kjo me t\u00eb vetmin q\u00ebllim, q\u00eb z\u00ebri i tyre t\u00eb jet\u00eb i shuar, t\u00eb jet\u00eb z\u00eb n\u00eb qiell, z\u00eb eteri.<\/p>\n<p>Ky komunitet \u00ebsht\u00eb i zhveshur edhe ekonomikisht pa asnj\u00eb t\u00eb vetmin njeri q\u00eb do t\u00eb kishte kapital q\u00eb s\u00eb paku ky ta mbaj\u00eb veten e tij. Edhe ata njer\u00ebz q\u00eb s\u00eb paku kan\u00eb nj\u00eb biznes t\u00eb vog\u00ebl, ata jan\u00eb t\u00eb privuar edhe nga tender\u00ebt dhe pun\u00ebmarrja, vet\u00ebm me q\u00ebllim q\u00eb t\u00eb diskriminohen dhe t\u00eb zhb\u00ebhen.<\/p>\n<p>Ky komunitet nuk k\u00ebrkon l\u00ebmosh\u00eb as privilegj nga pushtetar\u00ebt aktual\u00eb. Nuk luftoi t\u00eb jet\u00eb sh\u00ebrb\u00ebtor ne vendin e tij, miro k\u00ebrkon q\u00eb lufta e tij t\u00eb shp\u00ebrblehet dhe t\u00eb pranohet n\u00eb t\u00eb gjitha instancat q\u00eb ai e meriton. Ua b\u00ebj t\u00eb ditur pushtetar\u00ebve q\u00eb gjysma e tyre sot jan\u00eb me \u201cmjek\u00ebr\u201d, se ne nuk jetojm\u00eb n\u00eb enklava, ne jemi v\u00ebllez\u00ebr p\u00ebr t\u00eb gjith\u00eb ata q\u00eb na pranojn\u00eb si t\u00eb till\u00eb, por jo p\u00ebr ata q\u00eb ngr\u00ebn\u00eb dhe shfryt\u00ebzojn\u00eb buk\u00ebn e Kosov\u00ebs dhe aminin i b\u00ebjn\u00eb Turqis\u00eb dhe Arabis\u00eb.<\/p>\n<p>K\u00ebt\u00eb tem\u00eb e shkruaj dhe p\u00ebr k\u00ebt\u00eb edhe mbaj p\u00ebrgjegj\u00ebsi si shqiptar, por edhe njeri. E shkruaj ta paraqes rrezikun dhe ta paralajm\u00ebroj \u00e7do njeri q\u00eb ka nd\u00ebrgjegje, sepse n\u00ebse vazhdon k\u00ebshtu ky komunitet do t\u00eb gjej rrug\u00eb dhe kjo mund t\u00eb jet\u00eb fatale edhe p\u00ebr kombin q\u00eb k\u00ebt\u00eb nuk e don asnj\u00eb njeri. Ju b\u00ebj t\u00eb ditur edhe at\u00eb se po u l\u00ebkunden rr\u00ebnj\u00ebt e k\u00ebtij komuniteti, do t\u00eb l\u00ebkundet mbar\u00eb p\u00ebll\u00ebmb\u00eb p\u00ebr p\u00ebll\u00ebmb\u00eb \u00e7do dhe q\u00eb ne e quajm\u00eb: shqiptar.<\/p>\n<p>Edhe nj\u00eb her\u00eb dua t\u00eb p\u00ebrs\u00ebris: jemi t\u00eb shkelur dhe n\u00ebp\u00ebrk\u00ebmbur nga pushtetar\u00ebt e sot\u00ebm. K\u00ebrkojm\u00eb, q\u00eb n\u00eb radh\u00eb t\u00eb par\u00eb t\u00eb na respektohen s\u00eb pari d\u00ebshmor\u00ebt, heronjt\u00eb tan\u00eb, jo si katolik, por si shqiptar, sepse t\u00eb till\u00eb jemi dhe t\u00eb till\u00eb vdesim. Mos shkelni mbi gjakun tuaj duke shikuar veten dhe b\u00ebr\u00eb t\u00eb tjer\u00ebt v\u00ebllez\u00ebr, q\u00eb nuk u lidh as gjaku, as gjuha, as flamuri.<\/p>\n<p>Ky komunitet \u00ebsht\u00eb shkelur nga pushtetar\u00ebt dhe assesi nga populli mazhoranc\u00eb, i cili nga k\u00ebta pushtetar\u00eb kan\u00eb z\u00ebrin e ngulfatur, atij, edhe po t\u2019i flas z\u00ebri, nuk zgjon nd\u00ebrgjegjen e k\u00ebtyre uzurpator\u00ebve t\u00eb liris\u00eb. Nuk e zgjon nga se nd\u00ebrgjegjja atyre ju mungon. Ky p\u00ebrcaktim konfesional i ruajtur mbi dy mij\u00eb shekuj, \u00ebsht\u00eb identiteti yn\u00eb si popull por edhe n\u00eb autoktoni. Po u shp\u00ebrb\u00eb nga k\u00ebto treva prap\u00ebseprap\u00eb, kuptohet se do t\u00eb gjallohet edhe m\u00eb tutje, por pa etnin\u00eb q\u00eb sot e quajm\u00eb shqiptar, ashtu si\u00e7 edhe lindem. K\u00ebta ishim dhe do te mbesim pjesa me vitale , e k\u00ebtij kombi.<\/p>\n<p>Dhe, po qe se k\u00ebta pushtetar\u00eb sot nuk i thon\u00eb vetvetes: NDAL, do te jet\u00eb mjerimi m\u00eb e madh n\u00eb rrug\u00ebn historike t\u00eb k\u00ebtij kombi.<\/p>\n<p><em>P.S. Ne foto anetare dhe te afrem te kryetarit te Partise Liberale te Kosoves z. <strong>Gjergj Dedaj<\/strong>, te vrare dhe masakruar nga forcat serbe me 27 prill 1999.<\/em><\/p>\n","protected":false},"excerpt":{"rendered":"<p>Zef Ndrecaj, AUSTRI, N\u00ebntor 2011 Lufta popullit shqiptar (pa dallim konfesioni), p\u00ebr \u00e7lirimin e atdheut t\u00eb tyre \u00ebsht\u00eb e hershme sa edhe vet\u00eb p\u00ebr p\u00ebrpjekjet e tyre p\u00ebr k\u00ebt\u00eb kauz\u00eb. Nd\u00ebr shqiptar\u00eb, gjat\u00eb shekujve njihen shum\u00eb luft\u00ebra, kur ata luftonin dhe sakrifikonin jet\u00ebn, familjen dhe t\u00ebr\u00eb qenien e tyre p\u00ebr liri dhe \u00e7lirim komb\u00ebtar. Por, [&hellip;]<\/p>\n","protected":false},"author":1,"featured_media":0,"comment_status":"open","ping_status":"closed","sticky":false,"template":"","format":"standard","meta":{"footnotes":""},"categories":[2],"tags":[],"class_list":{"0":"post-1691","1":"post","2":"type-post","3":"status-publish","4":"format-standard","6":"category-artikuj"},"yoast_head":"<!-- This site is optimized with the Yoast SEO plugin v27.4 - https:\/\/yoast.com\/product\/yoast-seo-wordpress\/ -->\n<title>Zef Ndrecaj: Ozurpator\u00ebt e liris\u00eb - FjALA e LIR\u00cb - Arkivi<\/title>\n<meta name=\"robots\" content=\"index, follow, max-snippet:-1, max-image-preview:large, max-video-preview:-1\" \/>\n<link rel=\"canonical\" href=\"https:\/\/fjala.info\/2009-2015\/zef-ndrecaj-ozurpatoret-e-lirise\/\" \/>\n<meta property=\"og:locale\" content=\"sq_AL\" \/>\n<meta property=\"og:type\" content=\"article\" \/>\n<meta property=\"og:title\" content=\"Zef Ndrecaj: Ozurpator\u00ebt e liris\u00eb - FjALA e LIR\u00cb - Arkivi\" \/>\n<meta property=\"og:description\" content=\"Zef Ndrecaj, AUSTRI, N\u00ebntor 2011 Lufta popullit shqiptar (pa dallim konfesioni), p\u00ebr \u00e7lirimin e atdheut t\u00eb tyre \u00ebsht\u00eb e hershme sa edhe vet\u00eb p\u00ebr p\u00ebrpjekjet e tyre p\u00ebr k\u00ebt\u00eb kauz\u00eb. Nd\u00ebr shqiptar\u00eb, gjat\u00eb shekujve njihen shum\u00eb luft\u00ebra, kur ata luftonin dhe sakrifikonin jet\u00ebn, familjen dhe t\u00ebr\u00eb qenien e tyre p\u00ebr liri dhe \u00e7lirim komb\u00ebtar. Por, [&hellip;]\" \/>\n<meta property=\"og:url\" content=\"https:\/\/fjala.info\/2009-2015\/zef-ndrecaj-ozurpatoret-e-lirise\/\" \/>\n<meta property=\"og:site_name\" content=\"FjALA e LIR\u00cb - Arkivi\" \/>\n<meta property=\"article:published_time\" content=\"2012-02-10T19:06:51+00:00\" \/>\n<meta property=\"og:image\" content=\"http:\/\/www.shkoder.net\/2012\/deshmoret_ks.jpg\" \/>\n<meta name=\"author\" content=\"admin\" \/>\n<meta name=\"twitter:card\" content=\"summary_large_image\" \/>\n<meta name=\"twitter:label1\" content=\"Written by\" \/>\n\t<meta name=\"twitter:data1\" content=\"admin\" \/>\n\t<meta name=\"twitter:label2\" content=\"Est. reading time\" \/>\n\t<meta name=\"twitter:data2\" content=\"13 minutes\" \/>\n<script type=\"application\/ld+json\" class=\"yoast-schema-graph\">{\"@context\":\"https:\\\/\\\/schema.org\",\"@graph\":[{\"@type\":\"Article\",\"@id\":\"https:\\\/\\\/fjala.info\\\/2009-2015\\\/zef-ndrecaj-ozurpatoret-e-lirise\\\/#article\",\"isPartOf\":{\"@id\":\"https:\\\/\\\/fjala.info\\\/2009-2015\\\/zef-ndrecaj-ozurpatoret-e-lirise\\\/\"},\"author\":{\"name\":\"admin\",\"@id\":\"https:\\\/\\\/fjala.info\\\/2009-2015\\\/#\\\/schema\\\/person\\\/3aa1163ef05469c496fc94e77611ada2\"},\"headline\":\"Zef Ndrecaj: Ozurpator\u00ebt e liris\u00eb\",\"datePublished\":\"2012-02-10T19:06:51+00:00\",\"mainEntityOfPage\":{\"@id\":\"https:\\\/\\\/fjala.info\\\/2009-2015\\\/zef-ndrecaj-ozurpatoret-e-lirise\\\/\"},\"wordCount\":2541,\"commentCount\":0,\"publisher\":{\"@id\":\"https:\\\/\\\/fjala.info\\\/2009-2015\\\/#organization\"},\"image\":{\"@id\":\"https:\\\/\\\/fjala.info\\\/2009-2015\\\/zef-ndrecaj-ozurpatoret-e-lirise\\\/#primaryimage\"},\"thumbnailUrl\":\"http:\\\/\\\/www.shkoder.net\\\/2012\\\/deshmoret_ks.jpg\",\"articleSection\":[\"Artikuj\"],\"inLanguage\":\"sq-AL\",\"potentialAction\":[{\"@type\":\"CommentAction\",\"name\":\"Comment\",\"target\":[\"https:\\\/\\\/fjala.info\\\/2009-2015\\\/zef-ndrecaj-ozurpatoret-e-lirise\\\/#respond\"]}]},{\"@type\":\"WebPage\",\"@id\":\"https:\\\/\\\/fjala.info\\\/2009-2015\\\/zef-ndrecaj-ozurpatoret-e-lirise\\\/\",\"url\":\"https:\\\/\\\/fjala.info\\\/2009-2015\\\/zef-ndrecaj-ozurpatoret-e-lirise\\\/\",\"name\":\"Zef Ndrecaj: Ozurpator\u00ebt e liris\u00eb - FjALA e LIR\u00cb - Arkivi\",\"isPartOf\":{\"@id\":\"https:\\\/\\\/fjala.info\\\/2009-2015\\\/#website\"},\"primaryImageOfPage\":{\"@id\":\"https:\\\/\\\/fjala.info\\\/2009-2015\\\/zef-ndrecaj-ozurpatoret-e-lirise\\\/#primaryimage\"},\"image\":{\"@id\":\"https:\\\/\\\/fjala.info\\\/2009-2015\\\/zef-ndrecaj-ozurpatoret-e-lirise\\\/#primaryimage\"},\"thumbnailUrl\":\"http:\\\/\\\/www.shkoder.net\\\/2012\\\/deshmoret_ks.jpg\",\"datePublished\":\"2012-02-10T19:06:51+00:00\",\"breadcrumb\":{\"@id\":\"https:\\\/\\\/fjala.info\\\/2009-2015\\\/zef-ndrecaj-ozurpatoret-e-lirise\\\/#breadcrumb\"},\"inLanguage\":\"sq-AL\",\"potentialAction\":[{\"@type\":\"ReadAction\",\"target\":[\"https:\\\/\\\/fjala.info\\\/2009-2015\\\/zef-ndrecaj-ozurpatoret-e-lirise\\\/\"]}]},{\"@type\":\"ImageObject\",\"inLanguage\":\"sq-AL\",\"@id\":\"https:\\\/\\\/fjala.info\\\/2009-2015\\\/zef-ndrecaj-ozurpatoret-e-lirise\\\/#primaryimage\",\"url\":\"http:\\\/\\\/www.shkoder.net\\\/2012\\\/deshmoret_ks.jpg\",\"contentUrl\":\"http:\\\/\\\/www.shkoder.net\\\/2012\\\/deshmoret_ks.jpg\"},{\"@type\":\"BreadcrumbList\",\"@id\":\"https:\\\/\\\/fjala.info\\\/2009-2015\\\/zef-ndrecaj-ozurpatoret-e-lirise\\\/#breadcrumb\",\"itemListElement\":[{\"@type\":\"ListItem\",\"position\":1,\"name\":\"Home\",\"item\":\"https:\\\/\\\/fjala.info\\\/2009-2015\\\/\"},{\"@type\":\"ListItem\",\"position\":2,\"name\":\"Zef Ndrecaj: Ozurpator\u00ebt e liris\u00eb\"}]},{\"@type\":\"WebSite\",\"@id\":\"https:\\\/\\\/fjala.info\\\/2009-2015\\\/#website\",\"url\":\"https:\\\/\\\/fjala.info\\\/2009-2015\\\/\",\"name\":\"FjALA e LIR\u00cb - Arkivi\",\"description\":\"Arkivi 2009-2015\",\"publisher\":{\"@id\":\"https:\\\/\\\/fjala.info\\\/2009-2015\\\/#organization\"},\"potentialAction\":[{\"@type\":\"SearchAction\",\"target\":{\"@type\":\"EntryPoint\",\"urlTemplate\":\"https:\\\/\\\/fjala.info\\\/2009-2015\\\/?s={search_term_string}\"},\"query-input\":{\"@type\":\"PropertyValueSpecification\",\"valueRequired\":true,\"valueName\":\"search_term_string\"}}],\"inLanguage\":\"sq-AL\"},{\"@type\":\"Organization\",\"@id\":\"https:\\\/\\\/fjala.info\\\/2009-2015\\\/#organization\",\"name\":\"FjALA e LIR\u00cb - Arkivi\",\"url\":\"https:\\\/\\\/fjala.info\\\/2009-2015\\\/\",\"logo\":{\"@type\":\"ImageObject\",\"inLanguage\":\"sq-AL\",\"@id\":\"https:\\\/\\\/fjala.info\\\/2009-2015\\\/#\\\/schema\\\/logo\\\/image\\\/\",\"url\":\"\",\"contentUrl\":\"\",\"caption\":\"FjALA e LIR\u00cb - Arkivi\"},\"image\":{\"@id\":\"https:\\\/\\\/fjala.info\\\/2009-2015\\\/#\\\/schema\\\/logo\\\/image\\\/\"}},{\"@type\":\"Person\",\"@id\":\"https:\\\/\\\/fjala.info\\\/2009-2015\\\/#\\\/schema\\\/person\\\/3aa1163ef05469c496fc94e77611ada2\",\"name\":\"admin\",\"image\":{\"@type\":\"ImageObject\",\"inLanguage\":\"sq-AL\",\"@id\":\"https:\\\/\\\/fjala.info\\\/2009-2015\\\/wp-content\\\/uploads\\\/2012\\\/02\\\/arben_cokaj-120x150.jpg\",\"url\":\"https:\\\/\\\/fjala.info\\\/2009-2015\\\/wp-content\\\/uploads\\\/2012\\\/02\\\/arben_cokaj-120x150.jpg\",\"contentUrl\":\"https:\\\/\\\/fjala.info\\\/2009-2015\\\/wp-content\\\/uploads\\\/2012\\\/02\\\/arben_cokaj-120x150.jpg\",\"caption\":\"admin\"},\"description\":\"Admin, Fjala e Lir\u00eb\",\"sameAs\":[\"https:\\\/\\\/fjala.info\\\/\"],\"url\":\"https:\\\/\\\/fjala.info\\\/2009-2015\\\/author\\\/admin\\\/\"}]}<\/script>\n<!-- \/ Yoast SEO plugin. -->","yoast_head_json":{"title":"Zef Ndrecaj: Ozurpator\u00ebt e liris\u00eb - FjALA e LIR\u00cb - Arkivi","robots":{"index":"index","follow":"follow","max-snippet":"max-snippet:-1","max-image-preview":"max-image-preview:large","max-video-preview":"max-video-preview:-1"},"canonical":"https:\/\/fjala.info\/2009-2015\/zef-ndrecaj-ozurpatoret-e-lirise\/","og_locale":"sq_AL","og_type":"article","og_title":"Zef Ndrecaj: Ozurpator\u00ebt e liris\u00eb - FjALA e LIR\u00cb - Arkivi","og_description":"Zef Ndrecaj, AUSTRI, N\u00ebntor 2011 Lufta popullit shqiptar (pa dallim konfesioni), p\u00ebr \u00e7lirimin e atdheut t\u00eb tyre \u00ebsht\u00eb e hershme sa edhe vet\u00eb p\u00ebr p\u00ebrpjekjet e tyre p\u00ebr k\u00ebt\u00eb kauz\u00eb. Nd\u00ebr shqiptar\u00eb, gjat\u00eb shekujve njihen shum\u00eb luft\u00ebra, kur ata luftonin dhe sakrifikonin jet\u00ebn, familjen dhe t\u00ebr\u00eb qenien e tyre p\u00ebr liri dhe \u00e7lirim komb\u00ebtar. Por, [&hellip;]","og_url":"https:\/\/fjala.info\/2009-2015\/zef-ndrecaj-ozurpatoret-e-lirise\/","og_site_name":"FjALA e LIR\u00cb - Arkivi","article_published_time":"2012-02-10T19:06:51+00:00","og_image":[{"url":"http:\/\/www.shkoder.net\/2012\/deshmoret_ks.jpg","type":"","width":"","height":""}],"author":"admin","twitter_card":"summary_large_image","twitter_misc":{"Written by":"admin","Est. reading time":"13 minutes"},"schema":{"@context":"https:\/\/schema.org","@graph":[{"@type":"Article","@id":"https:\/\/fjala.info\/2009-2015\/zef-ndrecaj-ozurpatoret-e-lirise\/#article","isPartOf":{"@id":"https:\/\/fjala.info\/2009-2015\/zef-ndrecaj-ozurpatoret-e-lirise\/"},"author":{"name":"admin","@id":"https:\/\/fjala.info\/2009-2015\/#\/schema\/person\/3aa1163ef05469c496fc94e77611ada2"},"headline":"Zef Ndrecaj: Ozurpator\u00ebt e liris\u00eb","datePublished":"2012-02-10T19:06:51+00:00","mainEntityOfPage":{"@id":"https:\/\/fjala.info\/2009-2015\/zef-ndrecaj-ozurpatoret-e-lirise\/"},"wordCount":2541,"commentCount":0,"publisher":{"@id":"https:\/\/fjala.info\/2009-2015\/#organization"},"image":{"@id":"https:\/\/fjala.info\/2009-2015\/zef-ndrecaj-ozurpatoret-e-lirise\/#primaryimage"},"thumbnailUrl":"http:\/\/www.shkoder.net\/2012\/deshmoret_ks.jpg","articleSection":["Artikuj"],"inLanguage":"sq-AL","potentialAction":[{"@type":"CommentAction","name":"Comment","target":["https:\/\/fjala.info\/2009-2015\/zef-ndrecaj-ozurpatoret-e-lirise\/#respond"]}]},{"@type":"WebPage","@id":"https:\/\/fjala.info\/2009-2015\/zef-ndrecaj-ozurpatoret-e-lirise\/","url":"https:\/\/fjala.info\/2009-2015\/zef-ndrecaj-ozurpatoret-e-lirise\/","name":"Zef Ndrecaj: Ozurpator\u00ebt e liris\u00eb - FjALA e LIR\u00cb - Arkivi","isPartOf":{"@id":"https:\/\/fjala.info\/2009-2015\/#website"},"primaryImageOfPage":{"@id":"https:\/\/fjala.info\/2009-2015\/zef-ndrecaj-ozurpatoret-e-lirise\/#primaryimage"},"image":{"@id":"https:\/\/fjala.info\/2009-2015\/zef-ndrecaj-ozurpatoret-e-lirise\/#primaryimage"},"thumbnailUrl":"http:\/\/www.shkoder.net\/2012\/deshmoret_ks.jpg","datePublished":"2012-02-10T19:06:51+00:00","breadcrumb":{"@id":"https:\/\/fjala.info\/2009-2015\/zef-ndrecaj-ozurpatoret-e-lirise\/#breadcrumb"},"inLanguage":"sq-AL","potentialAction":[{"@type":"ReadAction","target":["https:\/\/fjala.info\/2009-2015\/zef-ndrecaj-ozurpatoret-e-lirise\/"]}]},{"@type":"ImageObject","inLanguage":"sq-AL","@id":"https:\/\/fjala.info\/2009-2015\/zef-ndrecaj-ozurpatoret-e-lirise\/#primaryimage","url":"http:\/\/www.shkoder.net\/2012\/deshmoret_ks.jpg","contentUrl":"http:\/\/www.shkoder.net\/2012\/deshmoret_ks.jpg"},{"@type":"BreadcrumbList","@id":"https:\/\/fjala.info\/2009-2015\/zef-ndrecaj-ozurpatoret-e-lirise\/#breadcrumb","itemListElement":[{"@type":"ListItem","position":1,"name":"Home","item":"https:\/\/fjala.info\/2009-2015\/"},{"@type":"ListItem","position":2,"name":"Zef Ndrecaj: Ozurpator\u00ebt e liris\u00eb"}]},{"@type":"WebSite","@id":"https:\/\/fjala.info\/2009-2015\/#website","url":"https:\/\/fjala.info\/2009-2015\/","name":"FjALA e LIR\u00cb - Arkivi","description":"Arkivi 2009-2015","publisher":{"@id":"https:\/\/fjala.info\/2009-2015\/#organization"},"potentialAction":[{"@type":"SearchAction","target":{"@type":"EntryPoint","urlTemplate":"https:\/\/fjala.info\/2009-2015\/?s={search_term_string}"},"query-input":{"@type":"PropertyValueSpecification","valueRequired":true,"valueName":"search_term_string"}}],"inLanguage":"sq-AL"},{"@type":"Organization","@id":"https:\/\/fjala.info\/2009-2015\/#organization","name":"FjALA e LIR\u00cb - Arkivi","url":"https:\/\/fjala.info\/2009-2015\/","logo":{"@type":"ImageObject","inLanguage":"sq-AL","@id":"https:\/\/fjala.info\/2009-2015\/#\/schema\/logo\/image\/","url":"","contentUrl":"","caption":"FjALA e LIR\u00cb - Arkivi"},"image":{"@id":"https:\/\/fjala.info\/2009-2015\/#\/schema\/logo\/image\/"}},{"@type":"Person","@id":"https:\/\/fjala.info\/2009-2015\/#\/schema\/person\/3aa1163ef05469c496fc94e77611ada2","name":"admin","image":{"@type":"ImageObject","inLanguage":"sq-AL","@id":"https:\/\/fjala.info\/2009-2015\/wp-content\/uploads\/2012\/02\/arben_cokaj-120x150.jpg","url":"https:\/\/fjala.info\/2009-2015\/wp-content\/uploads\/2012\/02\/arben_cokaj-120x150.jpg","contentUrl":"https:\/\/fjala.info\/2009-2015\/wp-content\/uploads\/2012\/02\/arben_cokaj-120x150.jpg","caption":"admin"},"description":"Admin, Fjala e Lir\u00eb","sameAs":["https:\/\/fjala.info\/"],"url":"https:\/\/fjala.info\/2009-2015\/author\/admin\/"}]}},"_links":{"self":[{"href":"https:\/\/fjala.info\/2009-2015\/wp-json\/wp\/v2\/posts\/1691","targetHints":{"allow":["GET"]}}],"collection":[{"href":"https:\/\/fjala.info\/2009-2015\/wp-json\/wp\/v2\/posts"}],"about":[{"href":"https:\/\/fjala.info\/2009-2015\/wp-json\/wp\/v2\/types\/post"}],"author":[{"embeddable":true,"href":"https:\/\/fjala.info\/2009-2015\/wp-json\/wp\/v2\/users\/1"}],"replies":[{"embeddable":true,"href":"https:\/\/fjala.info\/2009-2015\/wp-json\/wp\/v2\/comments?post=1691"}],"version-history":[{"count":0,"href":"https:\/\/fjala.info\/2009-2015\/wp-json\/wp\/v2\/posts\/1691\/revisions"}],"wp:attachment":[{"href":"https:\/\/fjala.info\/2009-2015\/wp-json\/wp\/v2\/media?parent=1691"}],"wp:term":[{"taxonomy":"category","embeddable":true,"href":"https:\/\/fjala.info\/2009-2015\/wp-json\/wp\/v2\/categories?post=1691"},{"taxonomy":"post_tag","embeddable":true,"href":"https:\/\/fjala.info\/2009-2015\/wp-json\/wp\/v2\/tags?post=1691"}],"curies":[{"name":"wp","href":"https:\/\/api.w.org\/{rel}","templated":true}]}}