{"id":1689,"date":"2012-02-10T19:49:08","date_gmt":"2012-02-10T18:49:08","guid":{"rendered":"http:\/\/fjala.shkoder.net\/?p=1689"},"modified":"2012-02-10T19:49:08","modified_gmt":"2012-02-10T18:49:08","slug":"pushkatimi-i-fundit","status":"publish","type":"post","link":"https:\/\/fjala.info\/2009-2015\/pushkatimi-i-fundit\/","title":{"rendered":"Pushkatimi i fundit"},"content":{"rendered":"<p><img decoding=\"async\" class=\"alignright size-thumbnail wp-image-7236\" title=\"Dom Mikel Beltoja\" src=\"http:\/\/www.shkoder.net\/2012\/dom_mikel_beltoja.jpg\" alt=\"\" width=\"200\" \/><br \/>\nNga <strong>Daniel G\u00c0ZULLI<\/strong>, <em>9 Shkurt 2012<\/em><\/p>\n<p>&#8211; <strong>Dom Mikel Beltoja <\/strong>\u2013<br \/>\n<em>Martir i Atdheut dhe i Fes\u00eb<\/em><br \/>\n(<em>17 Prill 1935 \u2013 10 Shkurt 1974<\/em>)<\/p>\n<p>Viti 1966, Kongresi V fam\u00ebkeq i PPSH, do t\u00eb sh\u00ebnonte nj\u00eb nd\u00ebr periudhat ma t\u00eb zeza t\u00eb jet\u00ebs politike e shoqnore t\u00eb Shqipnis\u00eb, thuejse si n\u00eb vitet e p\u00ebrgjak\u00ebshme 1944-1949. Mbas tij erdh\u00ebn si fortun\u00eb shkatrrimtare lufta kund\u00ebr fes\u00eb, shkatrrimi barbar i Kishave e i Xhamive dhe kthimi i tyne n\u00eb depo armatimesh apo prodhimesh bujq\u00ebsore; kund\u00ebr kultur\u00ebs e artit ma t\u00eb mir\u00eb kombtar e nd\u00ebrkombtar; denigrimi i \u00e7do tradite t\u00eb sh\u00ebndosh\u00eb shqiptare; militarizimi politik i shkoll\u00ebs; kthimi i grues n\u00eb nj\u00eb robot sfilit\u00ebs n\u00ebp\u00ebr aksione (pun\u00eb pa pages\u00eb), st\u00ebrvitje ushtarake e shp\u00ebrfytyrime t\u00eb tjera n\u00eb em\u00ebn t\u00eb t\u00eb ashtuquejtunit emancipim; tjet\u00ebrsimi i rinis\u00eb; kallja e frik\u00ebs tek t\u00eb gjith\u00eb n\u00ebp\u00ebrmjet riakutizimit t\u00eb luft\u00ebs s\u00eb klasave, e sa e sa sh\u00ebmtimeve t\u00eb tjera.<\/p>\n<p>Nuk kan\u00eb qen\u00eb t\u00eb shumt\u00eb ata q\u00eb mund\u00ebn t\u2019i banin ball\u00eb nj\u00eb presioni t\u00eb till\u00eb politik, social, ekonomik, psikologjik, e deri thjesht\u00eb policesk. Ata q\u00eb i rrezistuen pa u l\u00ebkund\u00eb nj\u00eb \u00e7ast n\u00eb udh\u00ebn e nj\u00eb jete kalvar, ishin thjesht\u00eb heroj. Mjaft t\u00eb kujtojm\u00eb dy prej tyne: T\u00eb madhin At Pjet\u00ebr M\u00ebshkalla dhe stoikun Dom Mikel Beltoja.<\/p>\n<p>P\u00ebr njenin prej tyne, p\u00ebr t\u00eb thjeshtin, por madh\u00ebshtorin, t\u00eb paharrueshmin Dom Mikel Beltoja do t\u00eb p\u00ebrpiqem t\u00eb them dy fjal\u00eb.<\/p>\n<p>Me pushkatimin e legjendarit Dom Ded\u00eb Malajt e t\u00eb Dom Ej\u00ebll Kova\u00e7it, sidhe d\u00ebnimin me 20 vjet burg t\u00eb At Kondrad Gjolajt, si t\u00eb thuesh, ishte mbyll\u00eb cikli edhe i eliminmit fizik t\u00eb Klerit Katolik Shqiptar. Tashma kund\u00ebrshtari ma i vendosun e i nivelit ma t\u00eb nalt\u00eb t\u00eb komunizmit ishte eliminue thuejse krejt\u00ebsisht. Terrori psikologjik nd\u00ebrkoh\u00eb kishte ba pun\u00ebn e vet: Ata t\u00eb pakt\u00eb meshtar\u00eb q\u00eb kishin ngel\u00eb ende gjall\u00eb, dhe ende \u201ct\u00eb lir\u00eb\u201d, duhej t\u00eb m\u00ebsoheshin t\u00eb heshtnin.<\/p>\n<p>N\u00eb k\u00ebto rrethana, e mbas izolimit t\u00eb plot\u00eb nga bota per\u00ebndimore, ve\u00e7anarisht nga Vatikani, Imzot \u00c7oba u p\u00ebrpoq t\u00eb z\u00ebvend\u00ebsonte numurin e reduktuem t\u00eb meshtar\u00ebve pothuejse n\u00eb zero tue hap\u00eb pran\u00eb Arqipeshkvis\u00eb n\u00eb Shkod\u00ebr nj\u00eb kurs teologjik e filozofik t\u00eb drejtuem prej atij vet\u00eb, q\u00eb t\u00eb mund t\u00eb p\u00ebrgatiste edhe ndonj\u00eb meshtar t\u00eb ri. N\u00eb at\u00eb kurs mor\u00ebn pjes\u00eb kryesisht ish student\u00eb t\u00eb Seminarit Papnor t\u00eb Shkodr\u00ebs, mbyll\u00eb n\u00eb vitin 1946. P\u00ebrjashtim bante vet\u00ebm nj\u00eb djal\u00eb i thjesht\u00eb nga Beltoja, Hil\u00eb Gjergji, i njohun ma von\u00eb me emnin Dom Mikel Beltoja.<\/p>\n<p>Ata q\u00eb ndiqnin at\u00eb kurs ishin t\u00eb vet\u00ebdijsh\u00ebm \u00e7far\u00eb mund t\u2019i priste: si paraardh\u00ebsit e tyne \u2013 burgjet, pushkatimet, persekutimi i gjith\u00ebfar\u00ebllojsh\u00ebm.<\/p>\n<p>Por nd\u00ebrsa t\u00eb tjer\u00ebt, n\u00eb fund t\u00eb fundit, e kishin pas\u00eb me koh\u00eb vokacionin drejt meshtaris\u00eb, ishin pra t\u00eb p\u00ebrgatitun edhe shpirtnisht e psikologjikisht me p\u00ebrball\u00eb \u00e7far\u00ebdo rreziku, \u00e7far\u00eb e kishte shty at\u00eb djaloshin fshatar nga Beltoja me marr\u00eb n\u00eb sy ashtu rrezikun?<\/p>\n<p>Hil\u00eb Gjergji kishte le me 17 prill 1935 n\u00eb nj\u00eb familje t\u00eb thjesht\u00eb fshatare, por t\u00eb devot\u00ebshme ndaj fes\u00eb. U rrit n\u00eb nj\u00eb mjedis ku thjesht\u00ebsia e nj\u00eb jete gati biblike dhe atdhetarizmi kishin rraj\u00eb t\u00eb lashta: n\u00eb ato treva historia shqiptare ishte shkrue me shkronja t\u00eb arta, ashtu siedhe ruente n\u00eb kujtes\u00ebn e vet historike tradita t\u00eb shqueme t\u00eb katoli\u00e7izmit.<\/p>\n<p>Nj\u00eb ndikim t\u00eb ve\u00e7ant\u00eb n\u00eb edukimin e djaloshit t\u00eb ri pat edhe ishseminaristi Pjeter Gjoka, nj\u00eb prej student\u00ebve t\u00eb fundit t\u00eb Seminarit Papnor t\u00eb Shkodr\u00ebs, i cili ishte d\u00ebnue me 10 vjet burg n\u00eb gjyqin fam\u00ebkeq kund\u00ebr At Gjon Shllakut, At Giovanni Faustit, At Daniel Dajanit e themeluesit t\u00eb s\u00eb par\u00ebs organizat\u00eb demokratike dhe antrikomuniste n\u00eb Shqipni, semianristit Mark \u00c7uni, t\u00eb kat\u00ebrt t\u00eb d\u00ebnuem me vdekje.<\/p>\n<p>Vitet e para t\u00eb jet\u00ebs s\u00eb Hil\u00ebs s\u00eb vog\u00ebl nuk kan\u00eb asgja t\u00eb ve\u00e7ant\u00eb p\u00ebr t\u2019u sh\u00ebnue. Ai kreu shkollen e detyrueshme, 7-vje\u00e7aren, si i thonin at\u00ebher\u00eb, punoi n\u00eb kooperativ\u00eb bujq\u00ebsore nd\u00ebr pun\u00ebt ma t\u00eb randa p\u00ebr mosh\u00ebn e tij t\u00eb njom\u00eb, kreu sh\u00ebrbimin e detyruesh\u00ebm ushtarak.<\/p>\n<p>Asgja p\u00ebr t\u2019u sh\u00ebnue n\u00eb jet\u00ebn e tij t\u00eb p\u00ebrvuejt\u00eb, por me nj\u00eb devotshm\u00ebni shembullore ndaj fes\u00eb.<\/p>\n<p>Paraqitja e Hil\u00eb Gjergjit n\u00eb Arqipeshkvi p\u00ebr t\u2019u regjistrue n\u00eb kursin e meshtaris\u00eb ishte befasuese p\u00ebr t\u00eb gjith\u00eb: p\u00ebr bashkfshatar\u00ebt, q\u00eb pyesnin, \u201cpo ky, a e di se \u00e7far\u00eb do ta gjej\u00eb\u201d; p\u00ebr vet\u00eb Imzot \u00c7ob\u00ebn, i vet\u00ebdijsh\u00ebm p\u00ebr nivelin e ult\u00eb arsimor t\u00eb djaloshit, por i befasuem p\u00ebr kthjellt\u00ebsin\u00eb dhe vendosm\u00ebnin\u00eb e tij p\u00ebr t\u00eb marr\u00eb rrug\u00ebn e meshtaris\u00eb. Sa fillonte pyetjen Imzot \u00c7oba p\u00ebr ta paralajmrue se \u00e7ka mund ta priste e n\u00ebse ai ishte i p\u00ebrgatitun me i p\u00ebrballue v\u00ebshtir\u00ebsit\u00eb, Hila i ri i p\u00ebrgjigjej pa mbarue: \u201cPo, e di. Edhe Jezusi e dinte se do t\u00eb shkonte n\u00eb Kryq. \u00c7ka jam un\u00eb para Tij?!\u201d<\/p>\n<p>Mbas tre vjet\u00ebsh p\u00ebrgatitje intensive, dit\u00eb e nat\u00eb mbi libra t\u00eb shejta, Hil\u00eb Gjergji u shugurue meshtar me dat\u00eb 08\/12\/1961. And\u00ebrra e tij me u ba sh\u00ebrb\u00ebtor i fes\u00eb s\u00eb Krishtit e mos me lan\u00eb t\u00eb krishten\u00ebt pa bari, ishte ba realitet.<\/p>\n<p>Ata q\u00eb e njoh\u00ebn nga af\u00ebr do t\u00eb kujtojn\u00eb se Dom Mikel Beltoja nuk dallohej p\u00ebr ndonj\u00eb gja t\u00eb ve\u00e7ant\u00eb: Nuk ishte erudit si paraardh\u00ebsit e tij; nuk shfaqte ndonj\u00eb mpreht\u00ebsi t\u00eb jasht\u00ebzakon\u00ebshme as n\u00eb shtjellimin e predikimeve; nuk ishte ndonj\u00eb orator i shquem si p\u00ebrmendeshin At Anton Harapi, Dom Ndre Zadeja, Dom Kolec Prennushi etj.; por n\u00eb vendosm\u00ebni e p\u00ebrkushtim ai nuk i l\u00ebshonte radh\u00eb askujt.<\/p>\n<p>Po n\u00eb fund t\u00eb fundit edhe ato vite t\u00eb pakta meshtarie, pse m\u00eb 1967 u mbyllen Kishat, nuk asht q\u00eb lan\u00eb ndonj\u00eb gjurm\u00eb t\u00eb ve\u00e7ant\u00eb nd\u00ebr besimtar\u00eb gjat\u00eb sh\u00ebrbimit t\u00eb tij n\u00eb Daj\u00e7 t\u00eb Bregut t\u00eb Bun\u00ebs, Shllak e Barbullush.<\/p>\n<p>Kur fam\u00ebkeqi revolucion kulturor \u00e7oi n\u00eb mbylljen e Kishave, Dom Mikeli u t\u00ebrhoq n\u00eb Beltoj\u00eb pran\u00eb familjes. Kishte fillue arrestimi n\u00eb mas\u00eb i atyne pak meshtar\u00ebve q\u00eb ishin ende n\u00eb sh\u00ebrbim (shumica e t\u00eb cil\u00ebve e kishin provue burgun t\u00eb pakt\u00ebn edhe nj\u00eb her\u00eb ma par\u00eb). Dom Mikeli u t\u00ebrhoq n\u00eb Beltoj\u00eb, por nuk u t\u00ebrhoq p\u00ebr anj\u00eb \u00e7ast nga sh\u00ebrbimet fetare q\u00eb ia k\u00ebrkonin besimtar\u00ebt. Nd\u00ebrsa meshtar\u00ebt tjer\u00eb, ende \u201ct\u00eb lir\u00eb\u201d, ishin struk\u00eb t\u00eb tmerruem n\u00eb ndonj\u00eb barak\u00eb apo pran\u00eb ndonj\u00eb t\u00eb af\u00ebrmi, ai shkonte kudo e th\u00ebrriste detyra: prej Barbullushit deri n\u00eb Shllak, atje ku njer\u00ebzit kishin nevoj\u00eb ma shum\u00eb t\u00eb besonin se ky nuk mund t\u00eb ishte fundi. Ai vinte kunora martese (tin\u00ebz, natyrisht), pag\u00ebzonte e krezmonte f\u00ebmij\u00eb, pa pyet\u00eb se cilat do t\u00eb ishin rrjedhojat.<\/p>\n<p>Prifti fshatar, i heshtun, por edhe i amb\u00ebl, i thjesht\u00eb deri aty, por edhe trim deri aty, nuk desht t\u2019ia dinte si e ndiqte rrjeta e merimang\u00ebs s\u00eb zez\u00eb, Sigurimit t\u00eb Shtetit. Kur ndokush e paralajmronte se \u00e7ka po i p\u00ebrgatiste vetes, ai i p\u00ebrgjegjej buz\u00ebgaz: \u201cMir\u00eb, k\u00ebshtu thanka partia? Po ligji? A asht kund e ndalueme me ligj me pag\u00ebzue f\u00ebmijt\u00eb?\u201d<\/p>\n<p>Prangat e zeza, t\u00eb trash\u00ebgueme pa numur qysh kur pun\u00ebt me Jugosllavin\u00eb ishin grun\u00eb, e \u201cdhurue\u201d me zem\u00ebrgjansi p\u00ebr duer t\u00eb shqipatr\u00ebve, ran\u00eb edhe mbi duert e ndershme t\u00eb priftit fshatar. Ishte data 19 prill 1973.<\/p>\n<p>Motivi? Agjitacion e propagand\u00eb kund\u00ebr partis\u00eb. Ia d\u00ebshmuen dhe ai e pranoi se kishte than\u00eb: \u201cDashnia e Zotit asht e p\u00ebrjet\u00ebshme, drejt\u00ebsia (padrejt\u00ebsia) e njer\u00ebzve asht e p\u00ebrkoh\u00ebshme\u2026 Bashk\u00eb me buk\u00ebn e p\u00ebrdit\u00ebshme duhet t\u2019u jepni f\u00ebmij\u00ebve edhe virtytin. Atdheu forcohet nga virtyti i bij\u00ebve tuej. D\u00ebvotshm\u00ebnia ndaj Zotit asht d\u00ebvotshm\u00ebni ndaj Kombit.\u201d<\/p>\n<p>Ja, pra, \u201cagjitacioni e propaganda\u201d, p\u00ebr t\u00eb cilat d\u00ebnohej deri n\u00eb 10 vjet burg: \u201cAtdheu forcohet nga virtyti i bij\u00ebve tuej. D\u00ebvotshm\u00ebnia ndaj Zotit asht d\u00ebvotshm\u00ebni ndaj Kombit.\u201d<\/p>\n<p>Prokurori k\u00ebrkoi shtat\u00eb vjet burg e poaq i dha edhe trupi gjykues.<\/p>\n<p>Por pik\u00ebrisht at\u00ebher\u00eb, n\u00eb fjal\u00ebn e tij t\u00eb fundit, aty n\u00eb sall\u00ebn mjerane t\u00eb Kandit t\u00eb Kuq (si quheshin at\u00ebher\u00eb disa godina gjoja p\u00ebr \u201cedukim e arg\u00ebtim\u201d), para bashk\u00ebfshatar\u00ebve t\u00eb tij, Ai, i thjeshti Dom Mikel Beltoja, u ngrit me tan\u00eb madh\u00ebshtin\u00eb e tij dhe tha: \u201cK\u00ebtu, n\u00eb bank\u00ebn e t\u00eb akuzuem\u00ebve duhej t\u00eb ishte Enver Hoxha, jo un\u00eb!\u201d<\/p>\n<p>A mund t\u00eb parafytyrohet sot si iu hodh\u00ebn bishat sip\u00ebr, si ia shpun\u00eb trupin me biza, aty n\u00eb sall\u00eb, para trupit gjykues e bashk\u00ebfshatar\u00ebve, a mund t\u00eb parafytyroni se si gjaku i t\u00eb pafajshmit Dom Mikel Beltoja shndriti mbi rrobat e tij e deri mbi dyshemen\u00eb e pist\u00eb t\u00eb sall\u00ebs, nd\u00ebrsa Ai, kafshonte dhimbjet dhe lutej: \u201cFali o Zot, v\u00ebllaznit e mi, se nuk din\u00eb \u00e7ka bajn\u00eb!\u201d.<\/p>\n<p>Kan\u00eb kalue vet\u00ebm shum\u00eb vjet nga ajo dit\u00eb. Jan\u00eb ende gjall\u00eb mjaft ata q\u00eb u gjenden t\u00eb pranish\u00ebm para atij masakrimi.<\/p>\n<p>Gjykata vet\u00eb (jo Prokuroria) iu drejtue Gjykat\u00ebs s\u00eb Nalt\u00eb t\u00eb \u201dlejonte\u201d zhvillimin e nj\u00eb gjyqi tjet\u00ebr \u201cplot\u00ebsues\u201d. Bashk\u00eb me k\u00ebrkes\u00ebn e saj, Aranit \u00c7el\u00ebs i arrinte edhe nj\u00eb relacion i Deg\u00ebs s\u00eb Pun\u00ebve t\u00eb Mbrend\u00ebshme t\u00eb Shkodres nga kryetari i saj Tomas Beqari dhe nj\u00eb sh\u00ebnim nga katili Feqor Shehu, ku kerkohej ndryshimi i denimit \u201cp\u00ebr ta pushkatuar\u201d.<\/p>\n<p>Aranit \u00c7ela, q\u00eb kishte firmos\u00eb pushkatimin e sa e sa klerik\u00ebve, nuk kishte si t\u00eb mos e pranonte k\u00ebte k\u00ebrkes\u00eb.<\/p>\n<p>Nuk vonoi edhe gjyqi i dyt\u00eb. Me dat\u00eb 04 shtator 1973 Dom Mikel Beltoja d\u00ebnohet me vdekje me pushkatim.<\/p>\n<p>\u00c7\u2019fakte t\u00eb reja u soll\u00ebn n\u00eb gjyq, q\u00eb t\u00eb p\u00ebrligjte ndryshimin nga shtat\u00eb vjet burg n\u00eb pushkatim? Asnj\u00eb. N\u00ebse \u201ce re\u201d nuk do t\u00eb konsiderohej fjala e tij e fundit n\u00eb gjyqin e par\u00eb: \u201cK\u00ebtu, n\u00eb bank\u00ebn e t\u00eb akuzuem\u00ebve duhej t\u00eb ishte Enver Hoxha, jo un\u00eb!\u201d<\/p>\n<p>E Ai nuk pranoi as t\u00eb bante ankes\u00eb, as kerkese p\u00ebr falje jete dhe as t\u00eb shprehte pendim. P\u00ebr \u00e7far\u00eb pendim? Po, \u201cjam i penduem se nuk kam mund\u00eb ma ba gja nga ajo qe duhej me ba po, jo se kam krye ndonj\u00eb vep\u00ebr\u201d.<\/p>\n<p>N\u00eb pritje t\u00eb \u201cmiratimit\u201d t\u00eb pushkatimit, Dom Mikeli provoi nj\u00eb nd\u00ebr kalvaret ma ngjeth\u00ebse n\u00eb burgun e Deg\u00ebs s\u00eb Mbrend\u00ebshme n\u00eb Shkod\u00ebr.<\/p>\n<p>Ato dit\u00eb ishte arrestue edhe gjasht\u00ebmb\u00ebdhjet\u00ebvje\u00e7arja shkodrane Laura Ke\u00e7i, q\u00eb do t\u00eb ishte fqinje qelie me Dom Mikelin e q\u00eb ka shkrue n\u00eb nj\u00eb let\u00ebr t\u00eb Saj k\u00ebte d\u00ebshmi . Ja disa fragmente nga kujtimet e saj:<\/p>\n<p>\u201cKur isha ende pa u arrestue, kisha ndigjue se nj\u00eb prift i ri predikonte pa frik\u00eb p\u00ebr Jezu Krishtin dhe bante sh\u00ebrbime fetare \u2026\u2026\u2026\u2026\u2026\u2026 prandej edhe e d\u00ebnuan me vdekje. Populli i Shkodr\u00ebs u trondit shum\u00eb nga ky v\u00ebndim kundrejt nj\u00eb njeriu t\u00eb pafajsh\u00ebm, q\u00eb me q\u00ebndrimin e tij burrnor, ringjalli n\u00eb opinionin publik edh\u00eb nj\u00ebher\u00eb kujtimin e Martir\u00ebve t\u00eb Fes\u00eb.<\/p>\n<p>Isha 16 vje\u00e7 kur u arr\u00ebstova dhe shprehja e par\u00eb q\u00eb ndigjova porsa m\u00eb fut\u00ebn n\u00eb hetuesi, ishte: \u201c\u00c7\u2019ti b\u00ebsh, po t\u00eb ishte pak m\u00eb e madhe n\u00eb mosh\u00eb, do ta pushkatoja pa m\u00ebshir\u00eb me priftin q\u00eb sonte\u2026\u201d \u2013 dhe, m\u00eb fut\u00ebn n\u00eb nj\u00eb biruc\u00eb aty af\u00ebr tij.<\/p>\n<p>Dua t\u00eb tregoj si e torturonin njeriun e Zotit: Komandanti Basri Temja nga Lushnja i sillte gjell\u00ebn Don Mikelit, q\u00eb ishte i lidhun kamb\u00ebsh e duersh me zingjir n\u00eb biruc\u00ebn e tij tue prit\u00eb v\u00ebndimin e Tiran\u00ebs p\u00ebr pushkatim. Gjella si duk\u00ebt ishte shum\u00eb e ngroh\u00ebt, mbasi nga djeg\u00ebja e saj ndigjohej britma e Priftit, q\u00eb nuk mund ta kap\u00ebrdinte. Kur mbyllte goj\u00ebn, d\u00ebgjohej krisma e tasit t\u00eb aluminit, q\u00eb rrokullisej n\u00ebp\u00ebr \u00e7imento, mbasi ia hidhte f\u00ebtyr\u00ebs \u201csup\u00ebn\u201d p\u00ebrvluese.<\/p>\n<p>Kjo ishte nj\u00eb tortur\u00eb q\u00eb p\u00ebrs\u00ebritej gati \u00e7do dit\u00eb, ose edhe dy her\u00eb n\u00eb dit\u00eb. Nj\u00eb polic i birucave me emnin Shefik, vinte me \u00e7izm\u00ebt e tija t\u00eb randa, hapte biruc\u00ebn e Don Mikelit, e ve\u00e7 kur ndigjohej krisma e kockave t\u00eb kupave t\u00eb gjunj\u00ebve nga shqelmat q\u00eb i binte t\u00eb shkretit Prift. Goditjet ishin aq t\u00eb forta, sa q\u00eb, betohem, se kam ndigjue me vesh\u00ebt e mi kockat e Don Mikelit tue u thye\u2026<\/p>\n<p>Nj\u00eb dit\u00eb, p\u00ebrsonaliteti dhe v\u00ebndosm\u00ebnia e tij e friksoi antikatolikun Shyqyri Qoku, i cili shfreu dufin e tij patologjik prej sadisti tue e torturue aq shum\u00eb fizikisht Don Mikelin, sa, kur m\u00eb mori mue fill\u00eb mbas tij n\u00eb zyr\u00ebn e hetuesis\u00eb, u tmerova dhe gati nxora zorr\u00eb e mushkni nga goja kur pash\u00eb nj\u00eb bluz\u00eb t\u00eb bardh\u00eb me t\u00eb cil\u00ebn na mb\u00ebshtillnin gjat\u00eb tortur\u00ebs, t\u00eb lame me gjakun e past\u00ebr t\u00eb Martirit dhe me njolla ngjyr\u00eb jeshile t\u00eb bame nga vjelljet, prej shqelmave t\u00eb tyne\u2026 E mbajta vedin, u kap\u00ebrdiva dy-tre her\u00eb p\u00ebr mos me k\u00ebnaq\u00eb xhelatin e p\u00ebrbashk\u00ebt tonin dhe komandantin q\u00eb ishte aty me te.<\/p>\n<p>Kur i pash\u00eb f\u00ebtyrat e tyne t\u00eb zverdhuna, si f\u00ebtyra t\u00eb vdekunish, q\u00eb zbulonte nd\u00ebrgjegj\u00ebn e tyne t\u00eb randueme me krime, q\u00eb shpesh edhe i kalonte n\u00eb bisha t\u00eb pavet\u00ebdijshme, m\u2019u duk sikur po analizonin pafajsin\u00eb e Don Mikelit dhe pesh\u00ebn e rand\u00eb t\u00eb \u201cfajeve\u201d t\u00eb mija, q\u00eb nuk isha aspak ma shum\u00eb se 16 vje\u00e7are\u2026 mora zem\u00ebr nga q\u00ebndrimi i mpim\u00eb i k\u00ebtyne dy kafsh\u00ebve t\u00eb t\u00ebrbueme, e u thash\u00eb: Shihni veht\u00ebn n\u00eb pasqyr\u00eb!\u2026 Shihni si jeni ba!\u2026 Moralisht jeni t\u00eb dy t\u00eb mposhtun nga Don Mikeli \u2026\u2026 Ai ka fitue mbi ju, edhe pse fizikisht ndoshta Ai asht i shkatrruem, ju jeni t\u00eb shpartalluem n\u00eb nd\u00ebrgjegj\u00ebn tuej, mbasi nuk dini se p\u00ebr \u00e7ka e torturoni. Kjo asht dishmia ma e kjart\u00eb e fitor\u00ebs s\u00eb Jezu Krishtit, p\u00ebrmes dyshepullit t\u00eb tij Don Mikelit \u2026\u2026\u2026\u2026<\/p>\n<p>P\u00ebrgjigja e tyne kje vet\u00ebm kjo: \u201cPrandej asht tue ju ndihmue\u2026\u201d<\/p>\n<p>Kur pash\u00eb gjunj\u00ebzimin e tyne, mora edhe nj\u00ebher\u00eb zem\u00ebr dhe u thash\u00eb: \u201cPse, ndihm\u00eb e vog\u00ebl ju duk\u00ebt ju lutja e tij, ju e torturoni dhe Ai lut\u00ebt p\u00ebr shpirtin tuej \u2026\u2026. Pse, a ndihm\u00eb e vog\u00ebl ju duket ju, q\u00eb un\u00eb nj\u00eb vajz\u00eb e re nuk frigoh\u00ebm aspak para jush?\u2026<\/p>\n<p>Ve\u00e7 nj\u00eb virr\u00ebm qeni ndigjova: \u201cDil jasht\u00eb!\u2026 Jasht\u00eb!\u2026\u201d Aq shum\u00eb ishte torollos\u00eb, sa kishte harrue se un\u00eb nuk kisha si me l\u00ebviz\u00eb, se isha e lidhun p\u00ebr karrige. Kur u kujtue komandanti, m\u00eb zgjidhi, urdhnoi policin q\u00eb ishte mbas dere me m\u00eb \u00e7ue n\u00eb biruc\u00eb. U shtrina p\u00ebrtok\u00eb si zakonisht, por e k\u00ebnaqun \u2026 fjeta \u2026<\/p>\n<p>Mbas pak kohe m\u00eb doli gjumi nga zani i fuqish\u00ebm i predikuesit t\u00eb Ungjillit. Dom Mikeli ishte zgjue para meje dhe po bante lutjen e p\u00ebrdit\u00ebshme p\u00ebr shp\u00ebtimin e shpirtit t\u00eb torturuesve t\u00eb tij: \u201cMos torturoni v\u00ebllaun tuej\u2026 Jam tue u lut\u00eb p\u00ebr shp\u00ebtimin tuej edhe pse ju m\u00eb torturoni mue, k\u00ebrkoni falje Jezusit, se, Ai asht aq i m\u00ebshir\u00ebsh\u00ebm, sa ka me i fal\u00eb m\u00ebkatet tueja\u2026\u2026\u2026..<\/p>\n<p>Tregoni edhe Hoxh\u00ebs e Shehut, se nd\u00ebshkimi i Zotit asht aq i madh p\u00ebr krimet q\u00eb kan\u00eb ba, sa fundi i shekujve nuk ka me i shp\u00ebtue \u2026\u2026. Tregoni atyne q\u00eb me krimet q\u00eb kan\u00eb ba, kan\u00eb shkretnue familjet shqiptare dhe kan\u00eb vorfnue kombin ton\u00eb\u2026 Hiqni dor\u00eb nga vrasjet e djelm\u00ebve, v\u00ebllaz\u00ebnve tuej, mos vishni n\u00eb zi nanat, motrat e grat\u00eb shqiptare, q\u00eb tash sa vjet nuk i kan\u00eb hjek\u00eb rrobat e zis\u00eb\u2026\u2026\u2026\u2026.<\/p>\n<p>Ndigjova se u hap biruca numur 3, ku ishin dy p\u00ebrsona p\u00ebr \u00e7\u00ebshtje ordinere dhe u fut\u00ebn n\u00eb biruc\u00ebn ku ishte tue predikue Don Mikeli. Filluan me i ra me shqelma, mbasi torturat q\u00eb i banin ata Priftit, ishin mjet leht\u00ebsues p\u00ebr vuejtjen e tyne \u2026\u2026\u2026\u2026\u2026\u2026..<\/p>\n<p>\u2026\u2026\u2026\u2026\u2026\u2026\u2026\u2026\u2026..<\/p>\n<p>Kishin kalue disa muej q\u00eb Ai vuante pand\u00ebrpremje e bashk\u00eb me t\u00eb edhe un\u00eb, q\u00eb ndigjojsha me vesh\u00eb dhe shpesh, nga nj\u00eb vrim\u00eb e vog\u00ebl e der\u00ebs e shihja tue e marr\u00eb rr\u00ebshqan\u00eb p\u00ebr me e \u00e7ue n\u00eb tortura, ose tue e k\u00ebthye nga zyrat e tmer\u00ebshme t\u00eb hetuesis\u00eb, ku vuejtjet ishin ma t\u00eb m\u00ebdha se ata t\u00eb fundit t\u00eb ferrit. Asnj\u00ebher\u00eb nuk e pash\u00eb at\u00eb njeri tue u k\u00ebthye me kamb\u00ebt e veta n\u00eb biruc\u00eb\u2026por gjithmone zharg\u2026<\/p>\n<p>\u2026\u2026\u2026\u2026\u2026\u2026\u2026\u2026\u2026\u2026<\/p>\n<p>Jam ken\u00eb interesue se \u00e7ka u ba me Don Mikelin mbasi e mor\u00ebn at\u00eb nat\u00eb, nga nj\u00eb roje q\u00eb ndryshonte pak nga t\u00eb tjer\u00ebt me emnin Ndue. Ai m\u00eb pat tregue se jan\u00eb nis\u00eb p\u00ebr Tiran\u00eb, dhe rrug\u00ebs i kan\u00eb ba nj\u00eb inxheksion dhe ka vdek\u00eb. E kan\u00eb \u00e7ue t\u00eb vdekun n\u00eb Ministrin\u00eb e Mbrendshme dhe prej aty e kan\u00eb fut\u00eb n\u00eb nj\u00eb kaset\u00eb frigoriferike me nr. 7 (shtat\u00eb). Mendonte se ai asht coptue nga mjek\u00ebt e besuesh\u00ebm qeveritar\u00eb p\u00ebr studim, nga student\u00ebt e fakultetit t\u00eb mjeksis\u00eb s\u00eb Universitetit t\u00eb Tiran\u00ebs.<\/p>\n<p>\u2026\u2026\u2026\u2026\u2026\u2026\u2026\u2026\u2026\u2026\u2026\u2026\u2026..<\/p>\n<p>Gjithmon\u00eb kam besue se Don Mikeli asht Shenjt i pashpallun n\u00eb Mbretnin\u00eb e Qiellit!<\/p>\n<p>Ai asht i p\u00ebrjet\u00ebsh\u00ebm n\u00eb kujtimet dhe lutjet e mija!<\/p>\n<p>Shkod\u00ebr, 15 shtator 2000 Bashk\u00ebvuejt\u00ebsja e Tij, Laura Ke\u00e7i d.v.<\/p>\n<p>Dosja e Dom Mikel Beltoj\u00ebs, edhe pse ishim n\u00eb vitin 1974, asht nd\u00ebr ma t\u00eb paplotat. Duket se fashikuj t\u00eb tan\u00eb jan\u00eb heq\u00eb prej saj.<\/p>\n<p>Asgja nuk sh\u00ebnohet p\u00ebr rrethanat e pushkatimit t\u00eb tij, nuk thuhet cili ishte prokurori q\u00eb mori pjes\u00eb (n\u00ebse u pushkatue, apo u shkye gjymtyr\u00ebsh, apo u vra gjat\u00eb rrug\u00ebs p\u00ebr n\u00eb Tiran\u00eb, ku ua kishin k\u00ebrkue trupin e tij p\u00ebr student\u00ebt e mjeksis\u00eb).<\/p>\n<p>Mjeku S. Rr. deklaron: \u201cNa shumic\u00ebn e her\u00ebs as e dinim i kujt ishte trupi \u2026 Na thonin q\u00eb ishte i nj\u00eb t\u00eb pushkatuemi \u2026. E mbaj mend mir\u00eb at\u00eb trup t\u00eb gjymtuem para se t\u00eb na e sillnin ne \u2026. Por nuk e dinim i kujt ishte\u201d.<\/p>\n<p>Ku p\u00ebrfundoi trupi i masakruem i Martirit Dom Mikel Beltoja? Ku?!<\/p>\n<p>Pa varr, si sa e sa Martir\u00eb t\u00eb tjer\u00eb. Vet\u00ebm pse kishte than\u00eb \u201cK\u00ebtu, n\u00eb bank\u00ebn e t\u00eb akuzuem\u00ebve duhej t\u00eb ishte Enver Hoxha, jo un\u00eb!\u201d<\/p>\n<p>Pa varr. Por n\u00eb Pavdeksi.<\/p>\n","protected":false},"excerpt":{"rendered":"<p>Nga Daniel G\u00c0ZULLI, 9 Shkurt 2012 &#8211; Dom Mikel Beltoja \u2013 Martir i Atdheut dhe i Fes\u00eb (17 Prill 1935 \u2013 10 Shkurt 1974) Viti 1966, Kongresi V fam\u00ebkeq i PPSH, do t\u00eb sh\u00ebnonte nj\u00eb nd\u00ebr periudhat ma t\u00eb zeza t\u00eb jet\u00ebs politike e shoqnore t\u00eb Shqipnis\u00eb, thuejse si n\u00eb vitet e p\u00ebrgjak\u00ebshme 1944-1949. Mbas [&hellip;]<\/p>\n","protected":false},"author":1,"featured_media":0,"comment_status":"open","ping_status":"closed","sticky":false,"template":"","format":"standard","meta":{"footnotes":""},"categories":[2],"tags":[],"class_list":{"0":"post-1689","1":"post","2":"type-post","3":"status-publish","4":"format-standard","6":"category-artikuj"},"yoast_head":"<!-- This site is optimized with the Yoast SEO plugin v27.4 - https:\/\/yoast.com\/product\/yoast-seo-wordpress\/ -->\n<title>Pushkatimi i fundit - FjALA e LIR\u00cb - Arkivi<\/title>\n<meta name=\"robots\" content=\"index, follow, max-snippet:-1, max-image-preview:large, max-video-preview:-1\" \/>\n<link rel=\"canonical\" href=\"https:\/\/fjala.info\/2009-2015\/pushkatimi-i-fundit\/\" \/>\n<meta property=\"og:locale\" content=\"sq_AL\" \/>\n<meta property=\"og:type\" content=\"article\" \/>\n<meta property=\"og:title\" content=\"Pushkatimi i fundit - FjALA e LIR\u00cb - Arkivi\" \/>\n<meta property=\"og:description\" content=\"Nga Daniel G\u00c0ZULLI, 9 Shkurt 2012 &#8211; Dom Mikel Beltoja \u2013 Martir i Atdheut dhe i Fes\u00eb (17 Prill 1935 \u2013 10 Shkurt 1974) Viti 1966, Kongresi V fam\u00ebkeq i PPSH, do t\u00eb sh\u00ebnonte nj\u00eb nd\u00ebr periudhat ma t\u00eb zeza t\u00eb jet\u00ebs politike e shoqnore t\u00eb Shqipnis\u00eb, thuejse si n\u00eb vitet e p\u00ebrgjak\u00ebshme 1944-1949. Mbas [&hellip;]\" \/>\n<meta property=\"og:url\" content=\"https:\/\/fjala.info\/2009-2015\/pushkatimi-i-fundit\/\" \/>\n<meta property=\"og:site_name\" content=\"FjALA e LIR\u00cb - Arkivi\" \/>\n<meta property=\"article:published_time\" content=\"2012-02-10T18:49:08+00:00\" \/>\n<meta property=\"og:image\" content=\"http:\/\/www.shkoder.net\/2012\/dom_mikel_beltoja.jpg\" \/>\n<meta name=\"author\" content=\"admin\" \/>\n<meta name=\"twitter:card\" content=\"summary_large_image\" \/>\n<meta name=\"twitter:label1\" content=\"Written by\" \/>\n\t<meta name=\"twitter:data1\" content=\"admin\" \/>\n\t<meta name=\"twitter:label2\" content=\"Est. reading time\" \/>\n\t<meta name=\"twitter:data2\" content=\"16 minutes\" \/>\n<script type=\"application\/ld+json\" class=\"yoast-schema-graph\">{\"@context\":\"https:\\\/\\\/schema.org\",\"@graph\":[{\"@type\":\"Article\",\"@id\":\"https:\\\/\\\/fjala.info\\\/2009-2015\\\/pushkatimi-i-fundit\\\/#article\",\"isPartOf\":{\"@id\":\"https:\\\/\\\/fjala.info\\\/2009-2015\\\/pushkatimi-i-fundit\\\/\"},\"author\":{\"name\":\"admin\",\"@id\":\"https:\\\/\\\/fjala.info\\\/2009-2015\\\/#\\\/schema\\\/person\\\/3aa1163ef05469c496fc94e77611ada2\"},\"headline\":\"Pushkatimi i fundit\",\"datePublished\":\"2012-02-10T18:49:08+00:00\",\"mainEntityOfPage\":{\"@id\":\"https:\\\/\\\/fjala.info\\\/2009-2015\\\/pushkatimi-i-fundit\\\/\"},\"wordCount\":3184,\"commentCount\":0,\"publisher\":{\"@id\":\"https:\\\/\\\/fjala.info\\\/2009-2015\\\/#organization\"},\"image\":{\"@id\":\"https:\\\/\\\/fjala.info\\\/2009-2015\\\/pushkatimi-i-fundit\\\/#primaryimage\"},\"thumbnailUrl\":\"http:\\\/\\\/www.shkoder.net\\\/2012\\\/dom_mikel_beltoja.jpg\",\"articleSection\":[\"Artikuj\"],\"inLanguage\":\"sq-AL\",\"potentialAction\":[{\"@type\":\"CommentAction\",\"name\":\"Comment\",\"target\":[\"https:\\\/\\\/fjala.info\\\/2009-2015\\\/pushkatimi-i-fundit\\\/#respond\"]}]},{\"@type\":\"WebPage\",\"@id\":\"https:\\\/\\\/fjala.info\\\/2009-2015\\\/pushkatimi-i-fundit\\\/\",\"url\":\"https:\\\/\\\/fjala.info\\\/2009-2015\\\/pushkatimi-i-fundit\\\/\",\"name\":\"Pushkatimi i fundit - FjALA e LIR\u00cb - Arkivi\",\"isPartOf\":{\"@id\":\"https:\\\/\\\/fjala.info\\\/2009-2015\\\/#website\"},\"primaryImageOfPage\":{\"@id\":\"https:\\\/\\\/fjala.info\\\/2009-2015\\\/pushkatimi-i-fundit\\\/#primaryimage\"},\"image\":{\"@id\":\"https:\\\/\\\/fjala.info\\\/2009-2015\\\/pushkatimi-i-fundit\\\/#primaryimage\"},\"thumbnailUrl\":\"http:\\\/\\\/www.shkoder.net\\\/2012\\\/dom_mikel_beltoja.jpg\",\"datePublished\":\"2012-02-10T18:49:08+00:00\",\"breadcrumb\":{\"@id\":\"https:\\\/\\\/fjala.info\\\/2009-2015\\\/pushkatimi-i-fundit\\\/#breadcrumb\"},\"inLanguage\":\"sq-AL\",\"potentialAction\":[{\"@type\":\"ReadAction\",\"target\":[\"https:\\\/\\\/fjala.info\\\/2009-2015\\\/pushkatimi-i-fundit\\\/\"]}]},{\"@type\":\"ImageObject\",\"inLanguage\":\"sq-AL\",\"@id\":\"https:\\\/\\\/fjala.info\\\/2009-2015\\\/pushkatimi-i-fundit\\\/#primaryimage\",\"url\":\"http:\\\/\\\/www.shkoder.net\\\/2012\\\/dom_mikel_beltoja.jpg\",\"contentUrl\":\"http:\\\/\\\/www.shkoder.net\\\/2012\\\/dom_mikel_beltoja.jpg\"},{\"@type\":\"BreadcrumbList\",\"@id\":\"https:\\\/\\\/fjala.info\\\/2009-2015\\\/pushkatimi-i-fundit\\\/#breadcrumb\",\"itemListElement\":[{\"@type\":\"ListItem\",\"position\":1,\"name\":\"Home\",\"item\":\"https:\\\/\\\/fjala.info\\\/2009-2015\\\/\"},{\"@type\":\"ListItem\",\"position\":2,\"name\":\"Pushkatimi i fundit\"}]},{\"@type\":\"WebSite\",\"@id\":\"https:\\\/\\\/fjala.info\\\/2009-2015\\\/#website\",\"url\":\"https:\\\/\\\/fjala.info\\\/2009-2015\\\/\",\"name\":\"FjALA e LIR\u00cb - Arkivi\",\"description\":\"Arkivi 2009-2015\",\"publisher\":{\"@id\":\"https:\\\/\\\/fjala.info\\\/2009-2015\\\/#organization\"},\"potentialAction\":[{\"@type\":\"SearchAction\",\"target\":{\"@type\":\"EntryPoint\",\"urlTemplate\":\"https:\\\/\\\/fjala.info\\\/2009-2015\\\/?s={search_term_string}\"},\"query-input\":{\"@type\":\"PropertyValueSpecification\",\"valueRequired\":true,\"valueName\":\"search_term_string\"}}],\"inLanguage\":\"sq-AL\"},{\"@type\":\"Organization\",\"@id\":\"https:\\\/\\\/fjala.info\\\/2009-2015\\\/#organization\",\"name\":\"FjALA e LIR\u00cb - Arkivi\",\"url\":\"https:\\\/\\\/fjala.info\\\/2009-2015\\\/\",\"logo\":{\"@type\":\"ImageObject\",\"inLanguage\":\"sq-AL\",\"@id\":\"https:\\\/\\\/fjala.info\\\/2009-2015\\\/#\\\/schema\\\/logo\\\/image\\\/\",\"url\":\"\",\"contentUrl\":\"\",\"caption\":\"FjALA e LIR\u00cb - Arkivi\"},\"image\":{\"@id\":\"https:\\\/\\\/fjala.info\\\/2009-2015\\\/#\\\/schema\\\/logo\\\/image\\\/\"}},{\"@type\":\"Person\",\"@id\":\"https:\\\/\\\/fjala.info\\\/2009-2015\\\/#\\\/schema\\\/person\\\/3aa1163ef05469c496fc94e77611ada2\",\"name\":\"admin\",\"image\":{\"@type\":\"ImageObject\",\"inLanguage\":\"sq-AL\",\"@id\":\"https:\\\/\\\/fjala.info\\\/2009-2015\\\/wp-content\\\/uploads\\\/2012\\\/02\\\/arben_cokaj-120x150.jpg\",\"url\":\"https:\\\/\\\/fjala.info\\\/2009-2015\\\/wp-content\\\/uploads\\\/2012\\\/02\\\/arben_cokaj-120x150.jpg\",\"contentUrl\":\"https:\\\/\\\/fjala.info\\\/2009-2015\\\/wp-content\\\/uploads\\\/2012\\\/02\\\/arben_cokaj-120x150.jpg\",\"caption\":\"admin\"},\"description\":\"Admin, Fjala e Lir\u00eb\",\"sameAs\":[\"https:\\\/\\\/fjala.info\\\/\"],\"url\":\"https:\\\/\\\/fjala.info\\\/2009-2015\\\/author\\\/admin\\\/\"}]}<\/script>\n<!-- \/ Yoast SEO plugin. -->","yoast_head_json":{"title":"Pushkatimi i fundit - FjALA e LIR\u00cb - Arkivi","robots":{"index":"index","follow":"follow","max-snippet":"max-snippet:-1","max-image-preview":"max-image-preview:large","max-video-preview":"max-video-preview:-1"},"canonical":"https:\/\/fjala.info\/2009-2015\/pushkatimi-i-fundit\/","og_locale":"sq_AL","og_type":"article","og_title":"Pushkatimi i fundit - FjALA e LIR\u00cb - Arkivi","og_description":"Nga Daniel G\u00c0ZULLI, 9 Shkurt 2012 &#8211; Dom Mikel Beltoja \u2013 Martir i Atdheut dhe i Fes\u00eb (17 Prill 1935 \u2013 10 Shkurt 1974) Viti 1966, Kongresi V fam\u00ebkeq i PPSH, do t\u00eb sh\u00ebnonte nj\u00eb nd\u00ebr periudhat ma t\u00eb zeza t\u00eb jet\u00ebs politike e shoqnore t\u00eb Shqipnis\u00eb, thuejse si n\u00eb vitet e p\u00ebrgjak\u00ebshme 1944-1949. Mbas [&hellip;]","og_url":"https:\/\/fjala.info\/2009-2015\/pushkatimi-i-fundit\/","og_site_name":"FjALA e LIR\u00cb - Arkivi","article_published_time":"2012-02-10T18:49:08+00:00","og_image":[{"url":"http:\/\/www.shkoder.net\/2012\/dom_mikel_beltoja.jpg","type":"","width":"","height":""}],"author":"admin","twitter_card":"summary_large_image","twitter_misc":{"Written by":"admin","Est. reading time":"16 minutes"},"schema":{"@context":"https:\/\/schema.org","@graph":[{"@type":"Article","@id":"https:\/\/fjala.info\/2009-2015\/pushkatimi-i-fundit\/#article","isPartOf":{"@id":"https:\/\/fjala.info\/2009-2015\/pushkatimi-i-fundit\/"},"author":{"name":"admin","@id":"https:\/\/fjala.info\/2009-2015\/#\/schema\/person\/3aa1163ef05469c496fc94e77611ada2"},"headline":"Pushkatimi i fundit","datePublished":"2012-02-10T18:49:08+00:00","mainEntityOfPage":{"@id":"https:\/\/fjala.info\/2009-2015\/pushkatimi-i-fundit\/"},"wordCount":3184,"commentCount":0,"publisher":{"@id":"https:\/\/fjala.info\/2009-2015\/#organization"},"image":{"@id":"https:\/\/fjala.info\/2009-2015\/pushkatimi-i-fundit\/#primaryimage"},"thumbnailUrl":"http:\/\/www.shkoder.net\/2012\/dom_mikel_beltoja.jpg","articleSection":["Artikuj"],"inLanguage":"sq-AL","potentialAction":[{"@type":"CommentAction","name":"Comment","target":["https:\/\/fjala.info\/2009-2015\/pushkatimi-i-fundit\/#respond"]}]},{"@type":"WebPage","@id":"https:\/\/fjala.info\/2009-2015\/pushkatimi-i-fundit\/","url":"https:\/\/fjala.info\/2009-2015\/pushkatimi-i-fundit\/","name":"Pushkatimi i fundit - FjALA e LIR\u00cb - Arkivi","isPartOf":{"@id":"https:\/\/fjala.info\/2009-2015\/#website"},"primaryImageOfPage":{"@id":"https:\/\/fjala.info\/2009-2015\/pushkatimi-i-fundit\/#primaryimage"},"image":{"@id":"https:\/\/fjala.info\/2009-2015\/pushkatimi-i-fundit\/#primaryimage"},"thumbnailUrl":"http:\/\/www.shkoder.net\/2012\/dom_mikel_beltoja.jpg","datePublished":"2012-02-10T18:49:08+00:00","breadcrumb":{"@id":"https:\/\/fjala.info\/2009-2015\/pushkatimi-i-fundit\/#breadcrumb"},"inLanguage":"sq-AL","potentialAction":[{"@type":"ReadAction","target":["https:\/\/fjala.info\/2009-2015\/pushkatimi-i-fundit\/"]}]},{"@type":"ImageObject","inLanguage":"sq-AL","@id":"https:\/\/fjala.info\/2009-2015\/pushkatimi-i-fundit\/#primaryimage","url":"http:\/\/www.shkoder.net\/2012\/dom_mikel_beltoja.jpg","contentUrl":"http:\/\/www.shkoder.net\/2012\/dom_mikel_beltoja.jpg"},{"@type":"BreadcrumbList","@id":"https:\/\/fjala.info\/2009-2015\/pushkatimi-i-fundit\/#breadcrumb","itemListElement":[{"@type":"ListItem","position":1,"name":"Home","item":"https:\/\/fjala.info\/2009-2015\/"},{"@type":"ListItem","position":2,"name":"Pushkatimi i fundit"}]},{"@type":"WebSite","@id":"https:\/\/fjala.info\/2009-2015\/#website","url":"https:\/\/fjala.info\/2009-2015\/","name":"FjALA e LIR\u00cb - Arkivi","description":"Arkivi 2009-2015","publisher":{"@id":"https:\/\/fjala.info\/2009-2015\/#organization"},"potentialAction":[{"@type":"SearchAction","target":{"@type":"EntryPoint","urlTemplate":"https:\/\/fjala.info\/2009-2015\/?s={search_term_string}"},"query-input":{"@type":"PropertyValueSpecification","valueRequired":true,"valueName":"search_term_string"}}],"inLanguage":"sq-AL"},{"@type":"Organization","@id":"https:\/\/fjala.info\/2009-2015\/#organization","name":"FjALA e LIR\u00cb - Arkivi","url":"https:\/\/fjala.info\/2009-2015\/","logo":{"@type":"ImageObject","inLanguage":"sq-AL","@id":"https:\/\/fjala.info\/2009-2015\/#\/schema\/logo\/image\/","url":"","contentUrl":"","caption":"FjALA e LIR\u00cb - Arkivi"},"image":{"@id":"https:\/\/fjala.info\/2009-2015\/#\/schema\/logo\/image\/"}},{"@type":"Person","@id":"https:\/\/fjala.info\/2009-2015\/#\/schema\/person\/3aa1163ef05469c496fc94e77611ada2","name":"admin","image":{"@type":"ImageObject","inLanguage":"sq-AL","@id":"https:\/\/fjala.info\/2009-2015\/wp-content\/uploads\/2012\/02\/arben_cokaj-120x150.jpg","url":"https:\/\/fjala.info\/2009-2015\/wp-content\/uploads\/2012\/02\/arben_cokaj-120x150.jpg","contentUrl":"https:\/\/fjala.info\/2009-2015\/wp-content\/uploads\/2012\/02\/arben_cokaj-120x150.jpg","caption":"admin"},"description":"Admin, Fjala e Lir\u00eb","sameAs":["https:\/\/fjala.info\/"],"url":"https:\/\/fjala.info\/2009-2015\/author\/admin\/"}]}},"_links":{"self":[{"href":"https:\/\/fjala.info\/2009-2015\/wp-json\/wp\/v2\/posts\/1689","targetHints":{"allow":["GET"]}}],"collection":[{"href":"https:\/\/fjala.info\/2009-2015\/wp-json\/wp\/v2\/posts"}],"about":[{"href":"https:\/\/fjala.info\/2009-2015\/wp-json\/wp\/v2\/types\/post"}],"author":[{"embeddable":true,"href":"https:\/\/fjala.info\/2009-2015\/wp-json\/wp\/v2\/users\/1"}],"replies":[{"embeddable":true,"href":"https:\/\/fjala.info\/2009-2015\/wp-json\/wp\/v2\/comments?post=1689"}],"version-history":[{"count":0,"href":"https:\/\/fjala.info\/2009-2015\/wp-json\/wp\/v2\/posts\/1689\/revisions"}],"wp:attachment":[{"href":"https:\/\/fjala.info\/2009-2015\/wp-json\/wp\/v2\/media?parent=1689"}],"wp:term":[{"taxonomy":"category","embeddable":true,"href":"https:\/\/fjala.info\/2009-2015\/wp-json\/wp\/v2\/categories?post=1689"},{"taxonomy":"post_tag","embeddable":true,"href":"https:\/\/fjala.info\/2009-2015\/wp-json\/wp\/v2\/tags?post=1689"}],"curies":[{"name":"wp","href":"https:\/\/api.w.org\/{rel}","templated":true}]}}