{"id":1687,"date":"2012-02-10T10:02:47","date_gmt":"2012-02-10T09:02:47","guid":{"rendered":"http:\/\/fjala.shkoder.net\/?p=1687"},"modified":"2012-02-10T10:02:47","modified_gmt":"2012-02-10T09:02:47","slug":"rrethimi-amerikan-dhe-kuqezinjte","status":"publish","type":"post","link":"https:\/\/fjala.info\/2009-2015\/rrethimi-amerikan-dhe-kuqezinjte\/","title":{"rendered":"Rrethimi amerikan dhe kuqezinjt\u00eb"},"content":{"rendered":"<p><img decoding=\"async\" class=\"alignleft size-thumbnail wp-image-7236\" title=\"Eduard Zaloshnja\" src=\"http:\/\/www.shkoder.net\/images\/fjala\/eduard_zaloshnja.jpg\" alt=\"\" width=\"200\" \/> <strong>Eduard Zaloshnja<\/strong> \/ <em>ResPublica<\/em><\/p>\n<p>Dje ambasadori amerikan n\u00eb Tiran\u00eb, pas nj\u00eb takimi me Edi Ram\u00ebn n\u00eb selin\u00eb e PS-s\u00eb, deklaroi n\u00eb m\u00ebnyr\u00eb t\u00eb drejt\u00ebp\u00ebrdrejt\u00eb se SHBA-t\u00eb duan t\u00eb shohin nj\u00eb konsultim t\u00eb pal\u00ebve p\u00ebr zgjedhjen e Presidentit t\u00eb Republik\u00ebs. Ai iu shmang termit \u201cpresident konsensual\u201d, por la t\u00eb kuptohej qart\u00eb se SHBA-t\u00eb nuk do t\u00eb donin nj\u00eb president t\u00eb zgjedhur n\u00eb m\u00ebnyr\u00eb t\u00eb nj\u00ebanshme nga PD-ja. Nd\u00ebrkoh\u00eb, ambasadori deklaroi se kishte diskutuar me Ram\u00ebn n\u00eb parim p\u00ebr nj\u00eb vizit\u00eb zyrtare t\u00eb k\u00ebtij t\u00eb fundit n\u00eb Uashington.<\/p>\n<p>Dy dit\u00eb m\u00eb par\u00eb, ambasadori amerikan ishte takuar publikisht n\u00eb nj\u00eb lokal te \u201cblloku\u201d me \u201cyllin n\u00eb ngjitje\u201d Basha, pas vizit\u00ebs s\u00eb k\u00ebtij t\u00eb fundit n\u00eb Uashington. Ky takim vinte edhe pas deklarat\u00ebs s\u00eb fort\u00eb t\u00eb amabasadorit n\u00eb ABC News, se politikan\u00ebt n\u00eb mosh\u00ebn mbi 60-vje\u00e7 b\u00ebjn\u00eb mir\u00eb t\u2019u hapin rrug\u00ebn politikan\u00ebve t\u00eb rinj.<\/p>\n<p>Nd\u00ebrmjet k\u00ebtyre dy takimeve publike, ka ndodhur edhe nj\u00eb takim q\u00eb nuk \u00ebsht\u00eb p\u00ebrmendur n\u00eb media. N\u00eb t\u00eb nj\u00ebjtin lokal ku u takua me Bash\u00ebn, ambasadori amerikan, i shoq\u00ebruar me disa punonj\u00ebs t\u00eb tjer\u00eb t\u00eb ambasad\u00ebs, u takua nj\u00eb dit\u00eb m\u00eb par\u00eb edhe me udh\u00ebheq\u00ebsin de facto t\u00eb Aleanc\u00ebs Kuqezi, Kreshnik Spahiun. Takimi u krye n\u00eb nj\u00eb or\u00eb t\u00eb dit\u00ebs kur lokali ishte i mbushur plot me t\u00eb rinj, grupmosha q\u00eb duket se e p\u00ebrkrah m\u00eb shum\u00eb k\u00ebt\u00eb aleanc\u00eb.<\/p>\n<p>Nuk kemi informacion se \u00e7far\u00eb \u00ebsht\u00eb biseduar gjat\u00eb takimit t\u00eb gjat\u00eb mes diplomat\u00ebve amerikan\u00eb dhe Spahiut, por dihet se ambasadori amerikan, n\u00eb intrevistat e tij n\u00eb Top Channel dhe ABC News, ka dh\u00ebn\u00eb konsiderata pozitive p\u00ebr l\u00ebvizjet patriotike (jo nacionaliste). Nuk \u00ebsht\u00eb \u00e7udi q\u00eb, pas vizit\u00ebs s\u00eb Bash\u00ebs n\u00eb Uashington dhe asaj t\u00eb pritshme t\u00eb Ram\u00ebs atje, t\u00eb d\u00ebgjojm\u00eb edhe p\u00ebr nj\u00eb vizit\u00eb t\u00eb Kreshnik Spahiut.<\/p>\n<p>Duket se Berisha nuk ka fituar pik\u00eb n\u00eb Uashington me sulmin q\u00eb u b\u00ebri \u201cfaqezinjve\u201d t\u00eb Aleanc\u00ebs Kuqezi\u2026<\/p>\n","protected":false},"excerpt":{"rendered":"<p>Eduard Zaloshnja \/ ResPublica Dje ambasadori amerikan n\u00eb Tiran\u00eb, pas nj\u00eb takimi me Edi Ram\u00ebn n\u00eb selin\u00eb e PS-s\u00eb, deklaroi n\u00eb m\u00ebnyr\u00eb t\u00eb drejt\u00ebp\u00ebrdrejt\u00eb se SHBA-t\u00eb duan t\u00eb shohin nj\u00eb konsultim t\u00eb pal\u00ebve p\u00ebr zgjedhjen e Presidentit t\u00eb Republik\u00ebs. Ai iu shmang termit \u201cpresident konsensual\u201d, por la t\u00eb kuptohej qart\u00eb se SHBA-t\u00eb nuk do t\u00eb [&hellip;]<\/p>\n","protected":false},"author":1,"featured_media":0,"comment_status":"open","ping_status":"closed","sticky":false,"template":"","format":"standard","meta":{"footnotes":""},"categories":[2],"tags":[],"class_list":{"0":"post-1687","1":"post","2":"type-post","3":"status-publish","4":"format-standard","6":"category-artikuj"},"yoast_head":"<!-- This site is optimized with the Yoast SEO plugin v27.4 - https:\/\/yoast.com\/product\/yoast-seo-wordpress\/ -->\n<title>Rrethimi amerikan dhe kuqezinjt\u00eb - FjALA e LIR\u00cb - Arkivi<\/title>\n<meta name=\"robots\" content=\"index, follow, max-snippet:-1, max-image-preview:large, max-video-preview:-1\" \/>\n<link rel=\"canonical\" href=\"https:\/\/fjala.info\/2009-2015\/rrethimi-amerikan-dhe-kuqezinjte\/\" \/>\n<meta property=\"og:locale\" content=\"sq_AL\" \/>\n<meta property=\"og:type\" content=\"article\" \/>\n<meta property=\"og:title\" content=\"Rrethimi amerikan dhe kuqezinjt\u00eb - FjALA e LIR\u00cb - Arkivi\" \/>\n<meta property=\"og:description\" content=\"Eduard Zaloshnja \/ ResPublica Dje ambasadori amerikan n\u00eb Tiran\u00eb, pas nj\u00eb takimi me Edi Ram\u00ebn n\u00eb selin\u00eb e PS-s\u00eb, deklaroi n\u00eb m\u00ebnyr\u00eb t\u00eb drejt\u00ebp\u00ebrdrejt\u00eb se SHBA-t\u00eb duan t\u00eb shohin nj\u00eb konsultim t\u00eb pal\u00ebve p\u00ebr zgjedhjen e Presidentit t\u00eb Republik\u00ebs. Ai iu shmang termit \u201cpresident konsensual\u201d, por la t\u00eb kuptohej qart\u00eb se SHBA-t\u00eb nuk do t\u00eb [&hellip;]\" \/>\n<meta property=\"og:url\" content=\"https:\/\/fjala.info\/2009-2015\/rrethimi-amerikan-dhe-kuqezinjte\/\" \/>\n<meta property=\"og:site_name\" content=\"FjALA e LIR\u00cb - Arkivi\" \/>\n<meta property=\"article:published_time\" content=\"2012-02-10T09:02:47+00:00\" \/>\n<meta property=\"og:image\" content=\"http:\/\/www.shkoder.net\/images\/fjala\/eduard_zaloshnja.jpg\" \/>\n<meta name=\"author\" content=\"admin\" \/>\n<meta name=\"twitter:card\" content=\"summary_large_image\" \/>\n<meta name=\"twitter:label1\" content=\"Written by\" \/>\n\t<meta name=\"twitter:data1\" content=\"admin\" \/>\n\t<meta name=\"twitter:label2\" content=\"Est. reading time\" \/>\n\t<meta name=\"twitter:data2\" content=\"2 minutes\" \/>\n<script type=\"application\/ld+json\" class=\"yoast-schema-graph\">{\"@context\":\"https:\\\/\\\/schema.org\",\"@graph\":[{\"@type\":\"Article\",\"@id\":\"https:\\\/\\\/fjala.info\\\/2009-2015\\\/rrethimi-amerikan-dhe-kuqezinjte\\\/#article\",\"isPartOf\":{\"@id\":\"https:\\\/\\\/fjala.info\\\/2009-2015\\\/rrethimi-amerikan-dhe-kuqezinjte\\\/\"},\"author\":{\"name\":\"admin\",\"@id\":\"https:\\\/\\\/fjala.info\\\/2009-2015\\\/#\\\/schema\\\/person\\\/3aa1163ef05469c496fc94e77611ada2\"},\"headline\":\"Rrethimi amerikan dhe kuqezinjt\u00eb\",\"datePublished\":\"2012-02-10T09:02:47+00:00\",\"mainEntityOfPage\":{\"@id\":\"https:\\\/\\\/fjala.info\\\/2009-2015\\\/rrethimi-amerikan-dhe-kuqezinjte\\\/\"},\"wordCount\":353,\"commentCount\":0,\"publisher\":{\"@id\":\"https:\\\/\\\/fjala.info\\\/2009-2015\\\/#organization\"},\"image\":{\"@id\":\"https:\\\/\\\/fjala.info\\\/2009-2015\\\/rrethimi-amerikan-dhe-kuqezinjte\\\/#primaryimage\"},\"thumbnailUrl\":\"http:\\\/\\\/www.shkoder.net\\\/images\\\/fjala\\\/eduard_zaloshnja.jpg\",\"articleSection\":[\"Artikuj\"],\"inLanguage\":\"sq-AL\",\"potentialAction\":[{\"@type\":\"CommentAction\",\"name\":\"Comment\",\"target\":[\"https:\\\/\\\/fjala.info\\\/2009-2015\\\/rrethimi-amerikan-dhe-kuqezinjte\\\/#respond\"]}]},{\"@type\":\"WebPage\",\"@id\":\"https:\\\/\\\/fjala.info\\\/2009-2015\\\/rrethimi-amerikan-dhe-kuqezinjte\\\/\",\"url\":\"https:\\\/\\\/fjala.info\\\/2009-2015\\\/rrethimi-amerikan-dhe-kuqezinjte\\\/\",\"name\":\"Rrethimi amerikan dhe kuqezinjt\u00eb - FjALA e LIR\u00cb - Arkivi\",\"isPartOf\":{\"@id\":\"https:\\\/\\\/fjala.info\\\/2009-2015\\\/#website\"},\"primaryImageOfPage\":{\"@id\":\"https:\\\/\\\/fjala.info\\\/2009-2015\\\/rrethimi-amerikan-dhe-kuqezinjte\\\/#primaryimage\"},\"image\":{\"@id\":\"https:\\\/\\\/fjala.info\\\/2009-2015\\\/rrethimi-amerikan-dhe-kuqezinjte\\\/#primaryimage\"},\"thumbnailUrl\":\"http:\\\/\\\/www.shkoder.net\\\/images\\\/fjala\\\/eduard_zaloshnja.jpg\",\"datePublished\":\"2012-02-10T09:02:47+00:00\",\"breadcrumb\":{\"@id\":\"https:\\\/\\\/fjala.info\\\/2009-2015\\\/rrethimi-amerikan-dhe-kuqezinjte\\\/#breadcrumb\"},\"inLanguage\":\"sq-AL\",\"potentialAction\":[{\"@type\":\"ReadAction\",\"target\":[\"https:\\\/\\\/fjala.info\\\/2009-2015\\\/rrethimi-amerikan-dhe-kuqezinjte\\\/\"]}]},{\"@type\":\"ImageObject\",\"inLanguage\":\"sq-AL\",\"@id\":\"https:\\\/\\\/fjala.info\\\/2009-2015\\\/rrethimi-amerikan-dhe-kuqezinjte\\\/#primaryimage\",\"url\":\"http:\\\/\\\/www.shkoder.net\\\/images\\\/fjala\\\/eduard_zaloshnja.jpg\",\"contentUrl\":\"http:\\\/\\\/www.shkoder.net\\\/images\\\/fjala\\\/eduard_zaloshnja.jpg\"},{\"@type\":\"BreadcrumbList\",\"@id\":\"https:\\\/\\\/fjala.info\\\/2009-2015\\\/rrethimi-amerikan-dhe-kuqezinjte\\\/#breadcrumb\",\"itemListElement\":[{\"@type\":\"ListItem\",\"position\":1,\"name\":\"Home\",\"item\":\"https:\\\/\\\/fjala.info\\\/2009-2015\\\/\"},{\"@type\":\"ListItem\",\"position\":2,\"name\":\"Rrethimi amerikan dhe kuqezinjt\u00eb\"}]},{\"@type\":\"WebSite\",\"@id\":\"https:\\\/\\\/fjala.info\\\/2009-2015\\\/#website\",\"url\":\"https:\\\/\\\/fjala.info\\\/2009-2015\\\/\",\"name\":\"FjALA e LIR\u00cb - Arkivi\",\"description\":\"Arkivi 2009-2015\",\"publisher\":{\"@id\":\"https:\\\/\\\/fjala.info\\\/2009-2015\\\/#organization\"},\"potentialAction\":[{\"@type\":\"SearchAction\",\"target\":{\"@type\":\"EntryPoint\",\"urlTemplate\":\"https:\\\/\\\/fjala.info\\\/2009-2015\\\/?s={search_term_string}\"},\"query-input\":{\"@type\":\"PropertyValueSpecification\",\"valueRequired\":true,\"valueName\":\"search_term_string\"}}],\"inLanguage\":\"sq-AL\"},{\"@type\":\"Organization\",\"@id\":\"https:\\\/\\\/fjala.info\\\/2009-2015\\\/#organization\",\"name\":\"FjALA e LIR\u00cb - Arkivi\",\"url\":\"https:\\\/\\\/fjala.info\\\/2009-2015\\\/\",\"logo\":{\"@type\":\"ImageObject\",\"inLanguage\":\"sq-AL\",\"@id\":\"https:\\\/\\\/fjala.info\\\/2009-2015\\\/#\\\/schema\\\/logo\\\/image\\\/\",\"url\":\"\",\"contentUrl\":\"\",\"caption\":\"FjALA e LIR\u00cb - Arkivi\"},\"image\":{\"@id\":\"https:\\\/\\\/fjala.info\\\/2009-2015\\\/#\\\/schema\\\/logo\\\/image\\\/\"}},{\"@type\":\"Person\",\"@id\":\"https:\\\/\\\/fjala.info\\\/2009-2015\\\/#\\\/schema\\\/person\\\/3aa1163ef05469c496fc94e77611ada2\",\"name\":\"admin\",\"image\":{\"@type\":\"ImageObject\",\"inLanguage\":\"sq-AL\",\"@id\":\"https:\\\/\\\/fjala.info\\\/2009-2015\\\/wp-content\\\/uploads\\\/2012\\\/02\\\/arben_cokaj-120x150.jpg\",\"url\":\"https:\\\/\\\/fjala.info\\\/2009-2015\\\/wp-content\\\/uploads\\\/2012\\\/02\\\/arben_cokaj-120x150.jpg\",\"contentUrl\":\"https:\\\/\\\/fjala.info\\\/2009-2015\\\/wp-content\\\/uploads\\\/2012\\\/02\\\/arben_cokaj-120x150.jpg\",\"caption\":\"admin\"},\"description\":\"Admin, Fjala e Lir\u00eb\",\"sameAs\":[\"https:\\\/\\\/fjala.info\\\/\"],\"url\":\"https:\\\/\\\/fjala.info\\\/2009-2015\\\/author\\\/admin\\\/\"}]}<\/script>\n<!-- \/ Yoast SEO plugin. -->","yoast_head_json":{"title":"Rrethimi amerikan dhe kuqezinjt\u00eb - FjALA e LIR\u00cb - Arkivi","robots":{"index":"index","follow":"follow","max-snippet":"max-snippet:-1","max-image-preview":"max-image-preview:large","max-video-preview":"max-video-preview:-1"},"canonical":"https:\/\/fjala.info\/2009-2015\/rrethimi-amerikan-dhe-kuqezinjte\/","og_locale":"sq_AL","og_type":"article","og_title":"Rrethimi amerikan dhe kuqezinjt\u00eb - FjALA e LIR\u00cb - Arkivi","og_description":"Eduard Zaloshnja \/ ResPublica Dje ambasadori amerikan n\u00eb Tiran\u00eb, pas nj\u00eb takimi me Edi Ram\u00ebn n\u00eb selin\u00eb e PS-s\u00eb, deklaroi n\u00eb m\u00ebnyr\u00eb t\u00eb drejt\u00ebp\u00ebrdrejt\u00eb se SHBA-t\u00eb duan t\u00eb shohin nj\u00eb konsultim t\u00eb pal\u00ebve p\u00ebr zgjedhjen e Presidentit t\u00eb Republik\u00ebs. Ai iu shmang termit \u201cpresident konsensual\u201d, por la t\u00eb kuptohej qart\u00eb se SHBA-t\u00eb nuk do t\u00eb [&hellip;]","og_url":"https:\/\/fjala.info\/2009-2015\/rrethimi-amerikan-dhe-kuqezinjte\/","og_site_name":"FjALA e LIR\u00cb - Arkivi","article_published_time":"2012-02-10T09:02:47+00:00","og_image":[{"url":"http:\/\/www.shkoder.net\/images\/fjala\/eduard_zaloshnja.jpg","type":"","width":"","height":""}],"author":"admin","twitter_card":"summary_large_image","twitter_misc":{"Written by":"admin","Est. reading time":"2 minutes"},"schema":{"@context":"https:\/\/schema.org","@graph":[{"@type":"Article","@id":"https:\/\/fjala.info\/2009-2015\/rrethimi-amerikan-dhe-kuqezinjte\/#article","isPartOf":{"@id":"https:\/\/fjala.info\/2009-2015\/rrethimi-amerikan-dhe-kuqezinjte\/"},"author":{"name":"admin","@id":"https:\/\/fjala.info\/2009-2015\/#\/schema\/person\/3aa1163ef05469c496fc94e77611ada2"},"headline":"Rrethimi amerikan dhe kuqezinjt\u00eb","datePublished":"2012-02-10T09:02:47+00:00","mainEntityOfPage":{"@id":"https:\/\/fjala.info\/2009-2015\/rrethimi-amerikan-dhe-kuqezinjte\/"},"wordCount":353,"commentCount":0,"publisher":{"@id":"https:\/\/fjala.info\/2009-2015\/#organization"},"image":{"@id":"https:\/\/fjala.info\/2009-2015\/rrethimi-amerikan-dhe-kuqezinjte\/#primaryimage"},"thumbnailUrl":"http:\/\/www.shkoder.net\/images\/fjala\/eduard_zaloshnja.jpg","articleSection":["Artikuj"],"inLanguage":"sq-AL","potentialAction":[{"@type":"CommentAction","name":"Comment","target":["https:\/\/fjala.info\/2009-2015\/rrethimi-amerikan-dhe-kuqezinjte\/#respond"]}]},{"@type":"WebPage","@id":"https:\/\/fjala.info\/2009-2015\/rrethimi-amerikan-dhe-kuqezinjte\/","url":"https:\/\/fjala.info\/2009-2015\/rrethimi-amerikan-dhe-kuqezinjte\/","name":"Rrethimi amerikan dhe kuqezinjt\u00eb - FjALA e LIR\u00cb - Arkivi","isPartOf":{"@id":"https:\/\/fjala.info\/2009-2015\/#website"},"primaryImageOfPage":{"@id":"https:\/\/fjala.info\/2009-2015\/rrethimi-amerikan-dhe-kuqezinjte\/#primaryimage"},"image":{"@id":"https:\/\/fjala.info\/2009-2015\/rrethimi-amerikan-dhe-kuqezinjte\/#primaryimage"},"thumbnailUrl":"http:\/\/www.shkoder.net\/images\/fjala\/eduard_zaloshnja.jpg","datePublished":"2012-02-10T09:02:47+00:00","breadcrumb":{"@id":"https:\/\/fjala.info\/2009-2015\/rrethimi-amerikan-dhe-kuqezinjte\/#breadcrumb"},"inLanguage":"sq-AL","potentialAction":[{"@type":"ReadAction","target":["https:\/\/fjala.info\/2009-2015\/rrethimi-amerikan-dhe-kuqezinjte\/"]}]},{"@type":"ImageObject","inLanguage":"sq-AL","@id":"https:\/\/fjala.info\/2009-2015\/rrethimi-amerikan-dhe-kuqezinjte\/#primaryimage","url":"http:\/\/www.shkoder.net\/images\/fjala\/eduard_zaloshnja.jpg","contentUrl":"http:\/\/www.shkoder.net\/images\/fjala\/eduard_zaloshnja.jpg"},{"@type":"BreadcrumbList","@id":"https:\/\/fjala.info\/2009-2015\/rrethimi-amerikan-dhe-kuqezinjte\/#breadcrumb","itemListElement":[{"@type":"ListItem","position":1,"name":"Home","item":"https:\/\/fjala.info\/2009-2015\/"},{"@type":"ListItem","position":2,"name":"Rrethimi amerikan dhe kuqezinjt\u00eb"}]},{"@type":"WebSite","@id":"https:\/\/fjala.info\/2009-2015\/#website","url":"https:\/\/fjala.info\/2009-2015\/","name":"FjALA e LIR\u00cb - Arkivi","description":"Arkivi 2009-2015","publisher":{"@id":"https:\/\/fjala.info\/2009-2015\/#organization"},"potentialAction":[{"@type":"SearchAction","target":{"@type":"EntryPoint","urlTemplate":"https:\/\/fjala.info\/2009-2015\/?s={search_term_string}"},"query-input":{"@type":"PropertyValueSpecification","valueRequired":true,"valueName":"search_term_string"}}],"inLanguage":"sq-AL"},{"@type":"Organization","@id":"https:\/\/fjala.info\/2009-2015\/#organization","name":"FjALA e LIR\u00cb - Arkivi","url":"https:\/\/fjala.info\/2009-2015\/","logo":{"@type":"ImageObject","inLanguage":"sq-AL","@id":"https:\/\/fjala.info\/2009-2015\/#\/schema\/logo\/image\/","url":"","contentUrl":"","caption":"FjALA e LIR\u00cb - Arkivi"},"image":{"@id":"https:\/\/fjala.info\/2009-2015\/#\/schema\/logo\/image\/"}},{"@type":"Person","@id":"https:\/\/fjala.info\/2009-2015\/#\/schema\/person\/3aa1163ef05469c496fc94e77611ada2","name":"admin","image":{"@type":"ImageObject","inLanguage":"sq-AL","@id":"https:\/\/fjala.info\/2009-2015\/wp-content\/uploads\/2012\/02\/arben_cokaj-120x150.jpg","url":"https:\/\/fjala.info\/2009-2015\/wp-content\/uploads\/2012\/02\/arben_cokaj-120x150.jpg","contentUrl":"https:\/\/fjala.info\/2009-2015\/wp-content\/uploads\/2012\/02\/arben_cokaj-120x150.jpg","caption":"admin"},"description":"Admin, Fjala e Lir\u00eb","sameAs":["https:\/\/fjala.info\/"],"url":"https:\/\/fjala.info\/2009-2015\/author\/admin\/"}]}},"_links":{"self":[{"href":"https:\/\/fjala.info\/2009-2015\/wp-json\/wp\/v2\/posts\/1687","targetHints":{"allow":["GET"]}}],"collection":[{"href":"https:\/\/fjala.info\/2009-2015\/wp-json\/wp\/v2\/posts"}],"about":[{"href":"https:\/\/fjala.info\/2009-2015\/wp-json\/wp\/v2\/types\/post"}],"author":[{"embeddable":true,"href":"https:\/\/fjala.info\/2009-2015\/wp-json\/wp\/v2\/users\/1"}],"replies":[{"embeddable":true,"href":"https:\/\/fjala.info\/2009-2015\/wp-json\/wp\/v2\/comments?post=1687"}],"version-history":[{"count":0,"href":"https:\/\/fjala.info\/2009-2015\/wp-json\/wp\/v2\/posts\/1687\/revisions"}],"wp:attachment":[{"href":"https:\/\/fjala.info\/2009-2015\/wp-json\/wp\/v2\/media?parent=1687"}],"wp:term":[{"taxonomy":"category","embeddable":true,"href":"https:\/\/fjala.info\/2009-2015\/wp-json\/wp\/v2\/categories?post=1687"},{"taxonomy":"post_tag","embeddable":true,"href":"https:\/\/fjala.info\/2009-2015\/wp-json\/wp\/v2\/tags?post=1687"}],"curies":[{"name":"wp","href":"https:\/\/api.w.org\/{rel}","templated":true}]}}