{"id":1673,"date":"2012-02-09T21:05:53","date_gmt":"2012-02-09T20:05:53","guid":{"rendered":"http:\/\/fjala.shkoder.net\/?p=1673"},"modified":"2012-02-09T21:05:53","modified_gmt":"2012-02-09T20:05:53","slug":"nje-pervjetor-i-denje-per-shkrimtaren-elsa-moranten","status":"publish","type":"post","link":"https:\/\/fjala.info\/2009-2015\/nje-pervjetor-i-denje-per-shkrimtaren-elsa-moranten\/","title":{"rendered":"Nj\u00eb p\u00ebrvjetor i denj\u00eb p\u00ebr shkrimtaren Elsa Moranten"},"content":{"rendered":"<p><img decoding=\"async\" class=\"alignright size-thumbnail wp-image-7236\" title=\"Arjan Th. Kall\u00e7o\" src=\"http:\/\/www.shkoder.net\/images\/fjala\/2011\/arjan_kallco.jpg\" alt=\"\" width=\"150\" \/> P\u00ebrgatiti <strong>Arjan Th. Kall\u00e7o<\/strong> dhe <strong>Pierangelo Filigheddu<\/strong><\/p>\n<p>Gjenialiteti nuk \u00ebsht\u00eb nj\u00eb tabu q\u00eb i p\u00ebrket vet\u00ebm meshkujve, por ka doza t\u00eb qarta, jo t\u00eb shpeshta, si tek t\u00eb par\u00ebt, edhe tek grat\u00eb. E nd\u00ebrsa realiteti i shekullit t\u00eb kaluar flet p\u00ebr nj\u00eb shkrimtare italiane q\u00eb \u00ebsht\u00eb Nobeliste n\u00eb fillimet tij, dekadave m\u00eb pas i shtohen list\u00ebs shum\u00eb emra t\u00eb tjer\u00eb t\u00eb shkrimtareve femra. Morante nuk e arriti dot fam\u00ebn e nobelistes, por arriti at\u00eb t\u00eb nj\u00eb shkrimtareje me fantazi dhe pen\u00eb t\u00eb fort\u00eb n\u00eb p\u00ebrshkrimin e realitet t\u00eb dhimbsh\u00ebm, sidomos gjat\u00eb ngjarjeve t\u00eb m\u00ebdha bot\u00ebrore t\u00eb viteve t\u00eb shekullit t\u00eb XX.<\/p>\n<p>100 vjet m\u00eb par\u00eb n\u00eb vitin 1912 lindi Elsa Morante, shkrimtare, poete, eseiste, p\u00ebrkthyese, q\u00eb bashk\u00eb me disa autor\u00eb t\u00eb tjer\u00eb si Gadda dhe Di Lampeduza jan\u00eb n\u00eb majat e tregimtaris\u00eb italiane t\u00eb \u2018900, dhe e romaneve t\u00eb pasluft\u00ebs. Qysh e re filloi botimet e saj me p\u00ebrralla, poezi dhe tregime t\u00eb shkurtra, duke filluar nga viti 1933 deri n\u00eb fillimin e Luft\u00ebs s\u00eb Dyt\u00eb bot\u00ebrore.<\/p>\n<p>N\u00eb vitin 1936 njohet me Moravia me t\u00eb cilin martohet n\u00eb vitin 1941 dhe bashk\u00eb frekuentuan shkrimtar\u00ebt m\u00eb n\u00eb z\u00eb si Pazolinin, Sab\u00ebn, Bassanin, Pen\u00ebn, Bertolu\u00e7in etj. Nga fundi i luft\u00ebs p\u00ebr t\u2019iu shp\u00ebtuar raprezaljeve naziste u larguan nga Roma dhe jugu i Italis\u00eb shfaqet shpesh n\u00eb veprat e saj t\u00eb m\u00ebvonshme si Historia. Veprat e saj m\u00eb t\u00eb njohura jan\u00eb G\u00ebnjeshtra dhe magji n\u00eb vitin 1948, Ishulli i Arturit n\u00eb 1957 dhe Historia n\u00eb 1974. Shum\u00eb vepra t\u00eb saj jan\u00eb shnd\u00ebrruar n\u00eb filma nga regjizor\u00eb t\u00eb njohur italian\u00eb.<\/p>\n<p>G\u00ebnjesht\u00ebr dhe magji \u00ebsht\u00eb libri q\u00eb sh\u00ebnoi debutimin e saj t\u00eb jasht\u00ebzakonsh\u00ebm, duke marr\u00eb parasysh mosh\u00ebn e saj t\u00eb re, 36 vje\u00e7e dhe nj\u00eb lib\u00ebr me rreth 700 faqe. Ky fakt flet shum\u00eb pasi \u00ebsht\u00eb e zakonshme q\u00eb gjeniu letrar t\u00eb lul\u00ebzoj\u00eb me kaq thell\u00ebsi n\u00eb shpirtin fem\u00ebror si dhe takimi i lumtur i saj me siksesin, i nj\u00eb shkrimtareje t\u00eb pajisur me talent dhe me romanit tradicional t\u00eb \u2018800. N\u00eb at\u00eb koh\u00eb dikush do t\u00eb kishte dekretuar se romani tradicional ishte n\u00eb fundin e vet, marr\u00ebzi pasi romani transofrmohet dhe nuk merr fund. Romani \u00ebsht\u00eb nj\u00eb lib\u00ebr i nj\u00eb jorealiteti m\u00eb t\u00eb pam\u00ebshirsh\u00ebm, b\u00ebn nj\u00eb luft\u00eb trime kund\u00ebr bot\u00ebs reale.<\/p>\n<p>Nuk ka r\u00ebnd\u00ebsi se kush del fitimtar n\u00eb fund, shpirt\u00ebrat q\u00eb e popullojn\u00eb mendjen e Morantes &#8211; figura qiellore dhe zymt\u00ebsi t\u00eb izoluara n\u00eb nj\u00eb sht\u00ebpi qiellore q\u00eb i ngjan m\u00eb shum\u00eb nj\u00eb burgu ku zhvillohet nj\u00eb jet\u00eb larvash apo e v\u00ebrteta lakuriqe dhe e ftoht\u00eb q\u00eb vret \u00e7do iluzion, zbulon g\u00ebnjeshtra, anulon \u00e7do thyerje, p\u00ebrhumb \u00e7do \u00ebnd\u00ebrr. Bukuria e romanit q\u00ebndron tek ajo betej\u00eb e d\u00ebshp\u00ebruar dhe titanike mes banor\u00ebve t\u00eb krahinave mbinjer\u00ebzore dhe banor\u00ebve t\u00eb p\u00ebrulur t\u00eb atyre tok\u00ebsore, midis m\u00ebrgimit tok\u00ebsor dhe parajs\u00ebs.<\/p>\n<p><strong>Pak histori e romanit<\/strong>N\u00eb nj\u00eb epok\u00eb jo fort t\u00eb p\u00ebrcaktuar, n\u00eb nj\u00eb qytet t\u00eb jugut t\u00eb Italis\u00eb edhe ky jo i p\u00ebrcaktuar, plasi nj\u00eb dashuri tep\u00ebr pasionale midis nj\u00eb vajze, Anas dhe kush\u00ebririt t\u00eb saj tep\u00ebr fisnik dhe t\u00eb pasur, Edoardo. Ana q\u00eb kur i ati ia tregoi f\u00ebmij\u00eb n\u00eb karroc\u00eb, e pati gjithmon\u00eb n\u00eb zem\u00ebr kush\u00ebririn e saj biond. Kur t\u00eb dy ritakohen dhe njihen n\u00eb nj\u00eb dit\u00eb t\u00eb pazakont\u00eb me bor\u00eb, para nj\u00eb dyqani \u00e7okollatash ku t\u00eb papun\u00ebt zbaviteshin, duke ua marr\u00eb mendjen q\u00eb t\u00eb rr\u00ebshqisnin n\u00eb akull, nd\u00ebrsa pasioni i tyre i menj\u00ebhersh\u00ebm rritej.<\/p>\n<p>Por kush\u00ebriri nuk i p\u00ebrkiste tok\u00ebs, ai si per\u00ebndit\u00eb Olimpit q\u00eb dashurohen me njer\u00ebzor\u00ebt dhe zbresin n\u00eb tok\u00eb, q\u00eb t\u00eb marrin k\u00ebnaq\u00ebsit\u00eb e tyre, por pa i gritur n\u00eb selin\u00eb e tyre qiellore. Ka kapri\u00e7o, \u00ebsht\u00eb tiran, xheloz edhe p\u00ebr macet e An\u00ebs, m\u00ebdysh\u00ebs. Edhe pse e deshte marr\u00ebzisht e torturonte. Por \u00ebsht\u00eb edhe i brisht\u00eb, megjithat\u00eb ka agresivitet t\u00eb s\u00ebmur\u00eb q\u00eb \u00ebsht\u00eb tipar i krijesave ditore n\u00eb stin\u00ebn e zajrrit t\u00eb tyre m\u00eb t\u00eb madh.<\/p>\n<p>N\u00eb fakt vuan nga veremi. Largohet, mbyll me brutalitet lidhjen me kush\u00ebrir\u00ebn, duke futur nj\u00eb mikun e tij : nj\u00eb djal\u00eb t\u00eb thjesht\u00eb, Fran\u00e7eskon, nj\u00eb njeri i shtyr\u00eb nga nj\u00eb ndjenj\u00eb e thell\u00eb pabarazie sociale, p\u00ebrhap\u00ebs i ideve t\u00eb zjarrta dhe retorike t\u00eb rebelimit. Ana e urren me t\u00eb gjitha forcat at\u00eb individ t\u00eb err\u00ebt dhe me qepalla t\u00eb m\u00ebdha q\u00eb shpejt do t\u00eb dilte se nuk ishte ve\u00e7 nj\u00eb gdh\u00eb, por p\u00ebr kushtet dramatike t\u00eb familjes s\u00eb vet, pranon q\u00eb t\u00eb martohet. Martesa \u00ebsht\u00eb nj\u00eb ferr i v\u00ebrtet\u00eb.<\/p>\n<p>Lind f\u00ebmija q\u00eb mori emrin Eliza, tregimtarja q\u00eb gjendet n\u00eb fillim t\u00eb romanit, e rrethuar nga fantazmat e veta, n\u00eb dhom\u00ebn e nj\u00eb pallati t\u00eb madh roman n\u00eb periferi. Eliza e do n\u00ebn\u00ebn e vet m\u00eb shum\u00eb se \u00e7do q\u00ebnie tjet\u00ebr n\u00eb bot\u00eb : e sheh si nj\u00eb mbret\u00ebresh\u00eb, si nj\u00eb Sh\u00ebn Mari t\u00eb lindjes. Ana mendon vet\u00ebm p\u00ebr Edoardon dhe e urren Fran\u00e7eskon q\u00eb vuan dhimbje t\u00eb pap\u00ebrshkrueshme. Nj\u00eb dit\u00eb n\u00eb qytet shfaqet s\u00ebrisht Rozaria, nj\u00eb prostitut\u00eb q\u00eb e ka dashur Fran\u00e7eskon dhe q\u00eb nuk e ka harruar kurr\u00eb.<\/p>\n<p>Me t\u00eb, bironi ngush\u00ebllohet pad\u00ebshir\u00eb p\u00ebr disfatat e jet\u00ebs dhe q\u00eb i mbyt shpesh duke pir\u00eb ver\u00eb. Edoardo vdes nj\u00eb dit\u00eb dhe kur Ana e mori vesh nga roja i pallatit, ik\u00ebn si e marr\u00eb. K\u00ebtu fillon \u00e7menduria q\u00eb pasqyron edhe at\u00eb t\u00eb Kon\u00e7et\u00ebs. T\u00eb dyja grat\u00eb lexojn\u00eb letra t\u00eb shtira q\u00eb Ana i shkruan vet\u00eb sikur t\u2019ia shkruante Edoardi. Vdes edhe Fran\u00e7eskoja n\u00eb nj\u00eb aksident. I vjen radha An\u00ebs q\u00eb dergjet e tretur nga dalldia e mendjes. Rozaria pret n\u00eb sht\u00ebpi Elis\u00ebn dhe n\u00eb Rom\u00eb fillon t\u00eb ushtroj\u00eb zanatin e m\u00ebparsh\u00ebm.<\/p>\n<p>N\u00eb qend\u00ebr t\u00eb librit \u00ebsht\u00eb dashuria e An\u00ebs dhe Edoardit, nj\u00eb dashuri q\u00eb nuk njeh kufij, por tep\u00ebri sentimentale dhe intransigjenca q\u00eb jan\u00eb pjes\u00eb e t\u00eb gjith\u00eb personazheve, pap\u00ebrjashtim. T\u00eb gjith\u00eb dashurojn\u00eb me nj\u00eb dhun\u00eb q\u00eb t\u00eb tmerron, t\u00eb gjith\u00eb u besojn\u00eb fantazmave, udh\u00ebtimeve me aventur\u00eb, g\u00ebnjeshtrave nga m\u00eb t\u00eb paturpshmet q\u00eb tregojn\u00eb dhe d\u00ebgjojn\u00eb. Ky pasqyrim prodhon nj\u00eb s\u00ebmundje alu\u00e7inante shkat\u00ebrruese. Si mund t\u00eb reagojn\u00eb personazhet para nj\u00eb shkat\u00ebrrimi q\u00eb nuk i \u00e7on ve\u00e7 tek vdekja?<\/p>\n<p>Megjithat\u00eb romani reziston dhe ndaj magjis\u00eb edhe g\u00ebnjeshtr\u00ebs. Morante ruan n\u00eb subkoshienc\u00ebn e vet at\u00eb pik\u00eb t\u00eb pal\u00ebvizur t\u00eb reales. Libri fillon n\u00eb nj\u00eb dhom\u00ebz\u00eb dhe p\u00ebrfundon n\u00eb at\u00eb ku vdes Ana. P\u00ebr 11 dit\u00eb Ana dalldisi dhe Eliza i mban dor\u00ebn tek shtrati derisa e kupton se dora \u00ebsht\u00eb e ftoht\u00eb. \u201c Nj\u00eb er\u00eb dim\u00ebri m\u2019u v\u00ebrtit, m\u00eb g\u00eblltiti nj\u00eb uj\u00eb I ftoht\u00eb pa drita. Dhe dhoma e dashur prind\u00ebrore, e ndezur nga mesdita e gushtit, u largua p\u00ebrgjithmon\u00eb nga pamja ime, si nj\u00eb anije e huaj.<\/p>\n","protected":false},"excerpt":{"rendered":"<p>P\u00ebrgatiti Arjan Th. Kall\u00e7o dhe Pierangelo Filigheddu Gjenialiteti nuk \u00ebsht\u00eb nj\u00eb tabu q\u00eb i p\u00ebrket vet\u00ebm meshkujve, por ka doza t\u00eb qarta, jo t\u00eb shpeshta, si tek t\u00eb par\u00ebt, edhe tek grat\u00eb. E nd\u00ebrsa realiteti i shekullit t\u00eb kaluar flet p\u00ebr nj\u00eb shkrimtare italiane q\u00eb \u00ebsht\u00eb Nobeliste n\u00eb fillimet tij, dekadave m\u00eb pas i shtohen [&hellip;]<\/p>\n","protected":false},"author":1,"featured_media":0,"comment_status":"open","ping_status":"closed","sticky":false,"template":"","format":"standard","meta":{"footnotes":""},"categories":[2],"tags":[],"class_list":{"0":"post-1673","1":"post","2":"type-post","3":"status-publish","4":"format-standard","6":"category-artikuj"},"yoast_head":"<!-- This site is optimized with the Yoast SEO plugin v27.4 - https:\/\/yoast.com\/product\/yoast-seo-wordpress\/ -->\n<title>Nj\u00eb p\u00ebrvjetor i denj\u00eb p\u00ebr shkrimtaren Elsa Moranten - FjALA e LIR\u00cb - Arkivi<\/title>\n<meta name=\"robots\" content=\"index, follow, max-snippet:-1, max-image-preview:large, max-video-preview:-1\" \/>\n<link rel=\"canonical\" href=\"https:\/\/fjala.info\/2009-2015\/nje-pervjetor-i-denje-per-shkrimtaren-elsa-moranten\/\" \/>\n<meta property=\"og:locale\" content=\"sq_AL\" \/>\n<meta property=\"og:type\" content=\"article\" \/>\n<meta property=\"og:title\" content=\"Nj\u00eb p\u00ebrvjetor i denj\u00eb p\u00ebr shkrimtaren Elsa Moranten - FjALA e LIR\u00cb - Arkivi\" \/>\n<meta property=\"og:description\" content=\"P\u00ebrgatiti Arjan Th. Kall\u00e7o dhe Pierangelo Filigheddu Gjenialiteti nuk \u00ebsht\u00eb nj\u00eb tabu q\u00eb i p\u00ebrket vet\u00ebm meshkujve, por ka doza t\u00eb qarta, jo t\u00eb shpeshta, si tek t\u00eb par\u00ebt, edhe tek grat\u00eb. E nd\u00ebrsa realiteti i shekullit t\u00eb kaluar flet p\u00ebr nj\u00eb shkrimtare italiane q\u00eb \u00ebsht\u00eb Nobeliste n\u00eb fillimet tij, dekadave m\u00eb pas i shtohen [&hellip;]\" \/>\n<meta property=\"og:url\" content=\"https:\/\/fjala.info\/2009-2015\/nje-pervjetor-i-denje-per-shkrimtaren-elsa-moranten\/\" \/>\n<meta property=\"og:site_name\" content=\"FjALA e LIR\u00cb - Arkivi\" \/>\n<meta property=\"article:published_time\" content=\"2012-02-09T20:05:53+00:00\" \/>\n<meta property=\"og:image\" content=\"http:\/\/www.shkoder.net\/images\/fjala\/2011\/arjan_kallco.jpg\" \/>\n<meta name=\"author\" content=\"admin\" \/>\n<meta name=\"twitter:card\" content=\"summary_large_image\" \/>\n<meta name=\"twitter:label1\" content=\"Written by\" \/>\n\t<meta name=\"twitter:data1\" content=\"admin\" \/>\n\t<meta name=\"twitter:label2\" content=\"Est. reading time\" \/>\n\t<meta name=\"twitter:data2\" content=\"6 minutes\" \/>\n<script type=\"application\/ld+json\" class=\"yoast-schema-graph\">{\"@context\":\"https:\\\/\\\/schema.org\",\"@graph\":[{\"@type\":\"Article\",\"@id\":\"https:\\\/\\\/fjala.info\\\/2009-2015\\\/nje-pervjetor-i-denje-per-shkrimtaren-elsa-moranten\\\/#article\",\"isPartOf\":{\"@id\":\"https:\\\/\\\/fjala.info\\\/2009-2015\\\/nje-pervjetor-i-denje-per-shkrimtaren-elsa-moranten\\\/\"},\"author\":{\"name\":\"admin\",\"@id\":\"https:\\\/\\\/fjala.info\\\/2009-2015\\\/#\\\/schema\\\/person\\\/3aa1163ef05469c496fc94e77611ada2\"},\"headline\":\"Nj\u00eb p\u00ebrvjetor i denj\u00eb p\u00ebr shkrimtaren Elsa Moranten\",\"datePublished\":\"2012-02-09T20:05:53+00:00\",\"mainEntityOfPage\":{\"@id\":\"https:\\\/\\\/fjala.info\\\/2009-2015\\\/nje-pervjetor-i-denje-per-shkrimtaren-elsa-moranten\\\/\"},\"wordCount\":1215,\"commentCount\":0,\"publisher\":{\"@id\":\"https:\\\/\\\/fjala.info\\\/2009-2015\\\/#organization\"},\"image\":{\"@id\":\"https:\\\/\\\/fjala.info\\\/2009-2015\\\/nje-pervjetor-i-denje-per-shkrimtaren-elsa-moranten\\\/#primaryimage\"},\"thumbnailUrl\":\"http:\\\/\\\/www.shkoder.net\\\/images\\\/fjala\\\/2011\\\/arjan_kallco.jpg\",\"articleSection\":[\"Artikuj\"],\"inLanguage\":\"sq-AL\",\"potentialAction\":[{\"@type\":\"CommentAction\",\"name\":\"Comment\",\"target\":[\"https:\\\/\\\/fjala.info\\\/2009-2015\\\/nje-pervjetor-i-denje-per-shkrimtaren-elsa-moranten\\\/#respond\"]}]},{\"@type\":\"WebPage\",\"@id\":\"https:\\\/\\\/fjala.info\\\/2009-2015\\\/nje-pervjetor-i-denje-per-shkrimtaren-elsa-moranten\\\/\",\"url\":\"https:\\\/\\\/fjala.info\\\/2009-2015\\\/nje-pervjetor-i-denje-per-shkrimtaren-elsa-moranten\\\/\",\"name\":\"Nj\u00eb p\u00ebrvjetor i denj\u00eb p\u00ebr shkrimtaren Elsa Moranten - FjALA e LIR\u00cb - Arkivi\",\"isPartOf\":{\"@id\":\"https:\\\/\\\/fjala.info\\\/2009-2015\\\/#website\"},\"primaryImageOfPage\":{\"@id\":\"https:\\\/\\\/fjala.info\\\/2009-2015\\\/nje-pervjetor-i-denje-per-shkrimtaren-elsa-moranten\\\/#primaryimage\"},\"image\":{\"@id\":\"https:\\\/\\\/fjala.info\\\/2009-2015\\\/nje-pervjetor-i-denje-per-shkrimtaren-elsa-moranten\\\/#primaryimage\"},\"thumbnailUrl\":\"http:\\\/\\\/www.shkoder.net\\\/images\\\/fjala\\\/2011\\\/arjan_kallco.jpg\",\"datePublished\":\"2012-02-09T20:05:53+00:00\",\"breadcrumb\":{\"@id\":\"https:\\\/\\\/fjala.info\\\/2009-2015\\\/nje-pervjetor-i-denje-per-shkrimtaren-elsa-moranten\\\/#breadcrumb\"},\"inLanguage\":\"sq-AL\",\"potentialAction\":[{\"@type\":\"ReadAction\",\"target\":[\"https:\\\/\\\/fjala.info\\\/2009-2015\\\/nje-pervjetor-i-denje-per-shkrimtaren-elsa-moranten\\\/\"]}]},{\"@type\":\"ImageObject\",\"inLanguage\":\"sq-AL\",\"@id\":\"https:\\\/\\\/fjala.info\\\/2009-2015\\\/nje-pervjetor-i-denje-per-shkrimtaren-elsa-moranten\\\/#primaryimage\",\"url\":\"http:\\\/\\\/www.shkoder.net\\\/images\\\/fjala\\\/2011\\\/arjan_kallco.jpg\",\"contentUrl\":\"http:\\\/\\\/www.shkoder.net\\\/images\\\/fjala\\\/2011\\\/arjan_kallco.jpg\"},{\"@type\":\"BreadcrumbList\",\"@id\":\"https:\\\/\\\/fjala.info\\\/2009-2015\\\/nje-pervjetor-i-denje-per-shkrimtaren-elsa-moranten\\\/#breadcrumb\",\"itemListElement\":[{\"@type\":\"ListItem\",\"position\":1,\"name\":\"Home\",\"item\":\"https:\\\/\\\/fjala.info\\\/2009-2015\\\/\"},{\"@type\":\"ListItem\",\"position\":2,\"name\":\"Nj\u00eb p\u00ebrvjetor i denj\u00eb p\u00ebr shkrimtaren Elsa Moranten\"}]},{\"@type\":\"WebSite\",\"@id\":\"https:\\\/\\\/fjala.info\\\/2009-2015\\\/#website\",\"url\":\"https:\\\/\\\/fjala.info\\\/2009-2015\\\/\",\"name\":\"FjALA e LIR\u00cb - Arkivi\",\"description\":\"Arkivi 2009-2015\",\"publisher\":{\"@id\":\"https:\\\/\\\/fjala.info\\\/2009-2015\\\/#organization\"},\"potentialAction\":[{\"@type\":\"SearchAction\",\"target\":{\"@type\":\"EntryPoint\",\"urlTemplate\":\"https:\\\/\\\/fjala.info\\\/2009-2015\\\/?s={search_term_string}\"},\"query-input\":{\"@type\":\"PropertyValueSpecification\",\"valueRequired\":true,\"valueName\":\"search_term_string\"}}],\"inLanguage\":\"sq-AL\"},{\"@type\":\"Organization\",\"@id\":\"https:\\\/\\\/fjala.info\\\/2009-2015\\\/#organization\",\"name\":\"FjALA e LIR\u00cb - Arkivi\",\"url\":\"https:\\\/\\\/fjala.info\\\/2009-2015\\\/\",\"logo\":{\"@type\":\"ImageObject\",\"inLanguage\":\"sq-AL\",\"@id\":\"https:\\\/\\\/fjala.info\\\/2009-2015\\\/#\\\/schema\\\/logo\\\/image\\\/\",\"url\":\"\",\"contentUrl\":\"\",\"caption\":\"FjALA e LIR\u00cb - Arkivi\"},\"image\":{\"@id\":\"https:\\\/\\\/fjala.info\\\/2009-2015\\\/#\\\/schema\\\/logo\\\/image\\\/\"}},{\"@type\":\"Person\",\"@id\":\"https:\\\/\\\/fjala.info\\\/2009-2015\\\/#\\\/schema\\\/person\\\/3aa1163ef05469c496fc94e77611ada2\",\"name\":\"admin\",\"image\":{\"@type\":\"ImageObject\",\"inLanguage\":\"sq-AL\",\"@id\":\"https:\\\/\\\/fjala.info\\\/2009-2015\\\/wp-content\\\/uploads\\\/2012\\\/02\\\/arben_cokaj-120x150.jpg\",\"url\":\"https:\\\/\\\/fjala.info\\\/2009-2015\\\/wp-content\\\/uploads\\\/2012\\\/02\\\/arben_cokaj-120x150.jpg\",\"contentUrl\":\"https:\\\/\\\/fjala.info\\\/2009-2015\\\/wp-content\\\/uploads\\\/2012\\\/02\\\/arben_cokaj-120x150.jpg\",\"caption\":\"admin\"},\"description\":\"Admin, Fjala e Lir\u00eb\",\"sameAs\":[\"https:\\\/\\\/fjala.info\\\/\"],\"url\":\"https:\\\/\\\/fjala.info\\\/2009-2015\\\/author\\\/admin\\\/\"}]}<\/script>\n<!-- \/ Yoast SEO plugin. -->","yoast_head_json":{"title":"Nj\u00eb p\u00ebrvjetor i denj\u00eb p\u00ebr shkrimtaren Elsa Moranten - FjALA e LIR\u00cb - Arkivi","robots":{"index":"index","follow":"follow","max-snippet":"max-snippet:-1","max-image-preview":"max-image-preview:large","max-video-preview":"max-video-preview:-1"},"canonical":"https:\/\/fjala.info\/2009-2015\/nje-pervjetor-i-denje-per-shkrimtaren-elsa-moranten\/","og_locale":"sq_AL","og_type":"article","og_title":"Nj\u00eb p\u00ebrvjetor i denj\u00eb p\u00ebr shkrimtaren Elsa Moranten - FjALA e LIR\u00cb - Arkivi","og_description":"P\u00ebrgatiti Arjan Th. Kall\u00e7o dhe Pierangelo Filigheddu Gjenialiteti nuk \u00ebsht\u00eb nj\u00eb tabu q\u00eb i p\u00ebrket vet\u00ebm meshkujve, por ka doza t\u00eb qarta, jo t\u00eb shpeshta, si tek t\u00eb par\u00ebt, edhe tek grat\u00eb. E nd\u00ebrsa realiteti i shekullit t\u00eb kaluar flet p\u00ebr nj\u00eb shkrimtare italiane q\u00eb \u00ebsht\u00eb Nobeliste n\u00eb fillimet tij, dekadave m\u00eb pas i shtohen [&hellip;]","og_url":"https:\/\/fjala.info\/2009-2015\/nje-pervjetor-i-denje-per-shkrimtaren-elsa-moranten\/","og_site_name":"FjALA e LIR\u00cb - Arkivi","article_published_time":"2012-02-09T20:05:53+00:00","og_image":[{"url":"http:\/\/www.shkoder.net\/images\/fjala\/2011\/arjan_kallco.jpg","type":"","width":"","height":""}],"author":"admin","twitter_card":"summary_large_image","twitter_misc":{"Written by":"admin","Est. reading time":"6 minutes"},"schema":{"@context":"https:\/\/schema.org","@graph":[{"@type":"Article","@id":"https:\/\/fjala.info\/2009-2015\/nje-pervjetor-i-denje-per-shkrimtaren-elsa-moranten\/#article","isPartOf":{"@id":"https:\/\/fjala.info\/2009-2015\/nje-pervjetor-i-denje-per-shkrimtaren-elsa-moranten\/"},"author":{"name":"admin","@id":"https:\/\/fjala.info\/2009-2015\/#\/schema\/person\/3aa1163ef05469c496fc94e77611ada2"},"headline":"Nj\u00eb p\u00ebrvjetor i denj\u00eb p\u00ebr shkrimtaren Elsa Moranten","datePublished":"2012-02-09T20:05:53+00:00","mainEntityOfPage":{"@id":"https:\/\/fjala.info\/2009-2015\/nje-pervjetor-i-denje-per-shkrimtaren-elsa-moranten\/"},"wordCount":1215,"commentCount":0,"publisher":{"@id":"https:\/\/fjala.info\/2009-2015\/#organization"},"image":{"@id":"https:\/\/fjala.info\/2009-2015\/nje-pervjetor-i-denje-per-shkrimtaren-elsa-moranten\/#primaryimage"},"thumbnailUrl":"http:\/\/www.shkoder.net\/images\/fjala\/2011\/arjan_kallco.jpg","articleSection":["Artikuj"],"inLanguage":"sq-AL","potentialAction":[{"@type":"CommentAction","name":"Comment","target":["https:\/\/fjala.info\/2009-2015\/nje-pervjetor-i-denje-per-shkrimtaren-elsa-moranten\/#respond"]}]},{"@type":"WebPage","@id":"https:\/\/fjala.info\/2009-2015\/nje-pervjetor-i-denje-per-shkrimtaren-elsa-moranten\/","url":"https:\/\/fjala.info\/2009-2015\/nje-pervjetor-i-denje-per-shkrimtaren-elsa-moranten\/","name":"Nj\u00eb p\u00ebrvjetor i denj\u00eb p\u00ebr shkrimtaren Elsa Moranten - FjALA e LIR\u00cb - Arkivi","isPartOf":{"@id":"https:\/\/fjala.info\/2009-2015\/#website"},"primaryImageOfPage":{"@id":"https:\/\/fjala.info\/2009-2015\/nje-pervjetor-i-denje-per-shkrimtaren-elsa-moranten\/#primaryimage"},"image":{"@id":"https:\/\/fjala.info\/2009-2015\/nje-pervjetor-i-denje-per-shkrimtaren-elsa-moranten\/#primaryimage"},"thumbnailUrl":"http:\/\/www.shkoder.net\/images\/fjala\/2011\/arjan_kallco.jpg","datePublished":"2012-02-09T20:05:53+00:00","breadcrumb":{"@id":"https:\/\/fjala.info\/2009-2015\/nje-pervjetor-i-denje-per-shkrimtaren-elsa-moranten\/#breadcrumb"},"inLanguage":"sq-AL","potentialAction":[{"@type":"ReadAction","target":["https:\/\/fjala.info\/2009-2015\/nje-pervjetor-i-denje-per-shkrimtaren-elsa-moranten\/"]}]},{"@type":"ImageObject","inLanguage":"sq-AL","@id":"https:\/\/fjala.info\/2009-2015\/nje-pervjetor-i-denje-per-shkrimtaren-elsa-moranten\/#primaryimage","url":"http:\/\/www.shkoder.net\/images\/fjala\/2011\/arjan_kallco.jpg","contentUrl":"http:\/\/www.shkoder.net\/images\/fjala\/2011\/arjan_kallco.jpg"},{"@type":"BreadcrumbList","@id":"https:\/\/fjala.info\/2009-2015\/nje-pervjetor-i-denje-per-shkrimtaren-elsa-moranten\/#breadcrumb","itemListElement":[{"@type":"ListItem","position":1,"name":"Home","item":"https:\/\/fjala.info\/2009-2015\/"},{"@type":"ListItem","position":2,"name":"Nj\u00eb p\u00ebrvjetor i denj\u00eb p\u00ebr shkrimtaren Elsa Moranten"}]},{"@type":"WebSite","@id":"https:\/\/fjala.info\/2009-2015\/#website","url":"https:\/\/fjala.info\/2009-2015\/","name":"FjALA e LIR\u00cb - Arkivi","description":"Arkivi 2009-2015","publisher":{"@id":"https:\/\/fjala.info\/2009-2015\/#organization"},"potentialAction":[{"@type":"SearchAction","target":{"@type":"EntryPoint","urlTemplate":"https:\/\/fjala.info\/2009-2015\/?s={search_term_string}"},"query-input":{"@type":"PropertyValueSpecification","valueRequired":true,"valueName":"search_term_string"}}],"inLanguage":"sq-AL"},{"@type":"Organization","@id":"https:\/\/fjala.info\/2009-2015\/#organization","name":"FjALA e LIR\u00cb - Arkivi","url":"https:\/\/fjala.info\/2009-2015\/","logo":{"@type":"ImageObject","inLanguage":"sq-AL","@id":"https:\/\/fjala.info\/2009-2015\/#\/schema\/logo\/image\/","url":"","contentUrl":"","caption":"FjALA e LIR\u00cb - Arkivi"},"image":{"@id":"https:\/\/fjala.info\/2009-2015\/#\/schema\/logo\/image\/"}},{"@type":"Person","@id":"https:\/\/fjala.info\/2009-2015\/#\/schema\/person\/3aa1163ef05469c496fc94e77611ada2","name":"admin","image":{"@type":"ImageObject","inLanguage":"sq-AL","@id":"https:\/\/fjala.info\/2009-2015\/wp-content\/uploads\/2012\/02\/arben_cokaj-120x150.jpg","url":"https:\/\/fjala.info\/2009-2015\/wp-content\/uploads\/2012\/02\/arben_cokaj-120x150.jpg","contentUrl":"https:\/\/fjala.info\/2009-2015\/wp-content\/uploads\/2012\/02\/arben_cokaj-120x150.jpg","caption":"admin"},"description":"Admin, Fjala e Lir\u00eb","sameAs":["https:\/\/fjala.info\/"],"url":"https:\/\/fjala.info\/2009-2015\/author\/admin\/"}]}},"_links":{"self":[{"href":"https:\/\/fjala.info\/2009-2015\/wp-json\/wp\/v2\/posts\/1673","targetHints":{"allow":["GET"]}}],"collection":[{"href":"https:\/\/fjala.info\/2009-2015\/wp-json\/wp\/v2\/posts"}],"about":[{"href":"https:\/\/fjala.info\/2009-2015\/wp-json\/wp\/v2\/types\/post"}],"author":[{"embeddable":true,"href":"https:\/\/fjala.info\/2009-2015\/wp-json\/wp\/v2\/users\/1"}],"replies":[{"embeddable":true,"href":"https:\/\/fjala.info\/2009-2015\/wp-json\/wp\/v2\/comments?post=1673"}],"version-history":[{"count":0,"href":"https:\/\/fjala.info\/2009-2015\/wp-json\/wp\/v2\/posts\/1673\/revisions"}],"wp:attachment":[{"href":"https:\/\/fjala.info\/2009-2015\/wp-json\/wp\/v2\/media?parent=1673"}],"wp:term":[{"taxonomy":"category","embeddable":true,"href":"https:\/\/fjala.info\/2009-2015\/wp-json\/wp\/v2\/categories?post=1673"},{"taxonomy":"post_tag","embeddable":true,"href":"https:\/\/fjala.info\/2009-2015\/wp-json\/wp\/v2\/tags?post=1673"}],"curies":[{"name":"wp","href":"https:\/\/api.w.org\/{rel}","templated":true}]}}