{"id":1670,"date":"2012-02-09T10:58:47","date_gmt":"2012-02-09T09:58:47","guid":{"rendered":"http:\/\/fjala.shkoder.net\/?p=1670"},"modified":"2012-02-09T10:58:47","modified_gmt":"2012-02-09T09:58:47","slug":"diplomacia-e-kusherinjve-dhe-e-militanteve","status":"publish","type":"post","link":"https:\/\/fjala.info\/2009-2015\/diplomacia-e-kusherinjve-dhe-e-militanteve\/","title":{"rendered":"Diplomacia e kush\u00ebrinjve dhe e militant\u00ebve"},"content":{"rendered":"<p><img decoding=\"async\" class=\"alignleft size-thumbnail wp-image-7236\" title=\"Mustafa Nano\" src=\"http:\/\/www.shkoder.net\/images\/fjala\/mustafa_nano.jpg\" alt=\"\" width=\"150\" \/> <strong>Mustafa Nano<\/strong>, <em>08.02.2012<\/em><\/p>\n<p>Para dy dit\u00ebsh, n\u00eb komisionin parlamentar p\u00ebr politik\u00ebn e jashtme, ish thirrur ministri yn\u00eb i Jasht\u00ebm, i cili foli p\u00ebr nj\u00eb reform\u00eb n\u00eb diplomaci. Por u gjend n\u00ebn kritikat e forta t\u00eb deputet\u00ebve t\u00eb opozit\u00ebs, nj\u00eb prej t\u00eb cilave ka t\u00eb b\u00ebj\u00eb me nepotizmin n\u00eb diplomaci. Ministri tentoi t\u2019i b\u00ebnte bisht v\u00ebzhgimit t\u00eb koleg\u00ebve n\u00eb parlament, duke th\u00ebn\u00eb se \u201c\u00ebsht\u00eb mir\u00eb t\u00eb fokusohemi tek konceptet e jo tek emrat e p\u00ebrve\u00e7\u00ebm\u201d, por do b\u00ebnte mir\u00eb t\u00eb p\u00ebrballej me k\u00ebt\u00eb fenomen q\u00eb, p\u00ebr hir t\u00eb s\u00eb v\u00ebrtet\u00ebs, nuk duket se ka t\u00eb b\u00ebj\u00eb me t\u00eb personalisht.<\/p>\n<p>Nuk ka t\u00eb b\u00ebj\u00eb me t\u00eb, n\u00eb kuptimin q\u00eb nuk \u00ebsht\u00eb ai q\u00eb denoncohet p\u00ebr em\u00ebrimin e njer\u00ebzve t\u00eb vet; por nuk ka diskutim q\u00eb ai nuk \u00ebsht\u00eb dor\u00ebjasht\u00eb n\u00eb k\u00ebt\u00eb mes. Edmond Haxhinasto \u00ebsht\u00eb minist\u00ebr i Jasht\u00ebm, dhe \u00ebsht\u00eb p\u00ebrgjegj\u00ebs p\u00ebr at\u00eb q\u00eb ndodh n\u00eb ministrin\u00eb e tij. N\u00ebse ka gj\u00ebra q\u00eb kan\u00eb ndodhur p\u00ebrpara se ai vet\u00eb t\u00eb em\u00ebrohej n\u00eb at\u00eb post, ministri ka p\u00ebr detyr\u00eb t\u00eb na thot\u00eb n\u00ebse em\u00ebrimet e natyr\u00ebs nepotike (emrat jan\u00eb publikuar m\u00eb se nj\u00ebher\u00eb e n\u00eb m\u00eb shum\u00eb se nj\u00eb gazet\u00eb) jan\u00eb b\u00ebr\u00eb n\u00eb p\u00ebrputhje me rregullat e ligjet, apo jo. Nuk ka pse ai t\u00eb mbaj\u00eb p\u00ebrgjegj\u00ebsi p\u00ebr zullumet e t\u00eb tjer\u00ebve.<\/p>\n<p>Fjala vjen, ai nuk ka pse t\u2019mos na thot\u00eb se mbi \u00e7\u2019baz\u00eb ligjore e mbi \u00e7\u2019kritere \u00ebsht\u00eb em\u00ebruar dh\u00ebndri i vjehrr\u00ebs Jozefin\u00eb n\u00eb ambasad\u00ebn ton\u00eb n\u00eb Paris. Nj\u00eb mij\u00eb her\u00eb \u00ebsht\u00eb denoncuar ky fakt, dhe askush nga Ministria e Jashtme s\u2019ka marr\u00eb mundimin (apo guximin?) t\u00eb na tregoj\u00eb praktik\u00ebn e em\u00ebrimit t\u00eb k\u00ebtij dh\u00ebndurri n\u00eb at\u00eb ambasad\u00eb. Vet\u00eb ministri kish rast pardje ta b\u00ebnte nj\u00eb sqarim \u2018n\u00ebn presion\u2019, gj\u00eb q\u00eb do ta justifikonte p\u00ebrball\u00eb kryetares s\u00eb parlamentit, por ai nuk e b\u00ebri. N\u00eb vend t\u00eb sqarimit, ai na tha \u201ct\u00eb mos merremi me emra t\u00eb p\u00ebrve\u00e7\u00ebm!!!\u201d<\/p>\n<p>Nj\u00eb minist\u00ebr nuk mund t\u00eb p\u00ebrgjigjet k\u00ebshtu n\u00eb nj\u00eb komision parlamentar. Ministri mbrohet me bazueshm\u00ebrin\u00eb ligjore t\u00eb t\u00eb gjith\u00eb aktivitetit t\u00eb vet, e n\u00eb k\u00ebt\u00eb kuptim, ai pritej t\u2019u thosh n\u00eb at\u00eb rrethan\u00eb deputet\u00ebve t\u00eb opozit\u00ebs, rrjedhimisht dhe publikut, se \u00e7far\u00eb thot\u00eb ligji mbi em\u00ebrimin e ambasador\u00ebve, mbi em\u00ebrimin e diplomat\u00ebve, dhe si \u00ebsht\u00eb praktika e ndjekur p\u00ebr em\u00ebrimet n\u00eb diplomaci.<\/p>\n<p>Ministri jo vet\u00ebm s\u2019b\u00ebri k\u00ebt\u00eb, por ra n\u00eb nivelin e arsyetimeve t\u00eb deputetes Bulku, e cila s\u2019e kish p\u00ebr gj\u00eb t\u00eb thosh n\u00eb mbrojtje t\u00eb k\u00ebtyre abuzimeve t\u00eb natyr\u00ebs nepotike, se \u2013 po e perifrazoj, pasi n\u00eb versionin origjinal t\u00eb marr\u00eb nga shqiptarja.com frazat ishin t\u00eb shthurura \u2013 \u201cf\u00ebmij\u00ebt tan\u00eb jan\u00eb me CV t\u00eb mir\u00eb, dhe prandaj ata s\u2019kan\u00eb pse t\u00eb mos punojn\u00eb n\u00eb diplomaci. Mos na flisni p\u00ebr konflikt interesi, por shikoni dinjitetin e tyre, dhe pas k\u00ebsaj do duhet t\u00eb thoni faleminderit q\u00eb i kemi pun\u00ebsuar, pasi jan\u00eb shum\u00eb t\u00eb zot\u00eb\u201d.<\/p>\n<p>Ka di\u00e7ka esenciale q\u00eb nuk shkon n\u00eb k\u00ebt\u00eb bilbilosje t\u00eb k\u00ebsaj deputeteje (\u00ebsht\u00eb po e nj\u00ebjta gj\u00eb q\u00eb s\u2019shkon as n\u00eb p\u00ebrgjigjen e ministrit: t\u00eb mos merremi me emra t\u00eb p\u00ebrve\u00e7\u00ebm, por me koncepte). Deputetja n\u00eb fjal\u00eb nuk e kupton se n\u00eb gjith\u00eb k\u00ebt\u00eb debat nuk hidhet dyshim mbi njer\u00ebzit e em\u00ebruar, pasi askush nuk i njeh, e p\u00ebr pasoj\u00eb, askush nuk ka t\u00eb drejt\u00eb t\u00eb flas\u00eb pa i njohur; n\u00eb k\u00ebt\u00eb mes hidhet dyshim mbi praktikat joligjore t\u00eb em\u00ebrimit t\u00eb tyre. Nga ana tjet\u00ebr, askush (p\u00ebrve\u00e7 Ball\u00ebs; dhe n\u00eb k\u00ebt\u00eb pik\u00eb duket se \u00ebsht\u00eb gabim), nuk \u00ebsht\u00eb duke th\u00ebn\u00eb se f\u00ebmij\u00ebt e Bulkut, Topallit, Berish\u00ebs, Haxhinastos, Ram\u00ebs, Met\u00ebs, Ru\u00e7it, Bushatit etj., etj. nuk duhet t\u00eb punojn\u00eb n\u00eb diplomaci, apo diku tjet\u00ebr n\u00eb administrat\u00ebn publike.<\/p>\n<p>Jo, nuk po shtrohet problemi q\u00eb ata t\u00eb penalizohen si f\u00ebmij\u00eb t\u00eb prind\u00ebrve me pushtet; po shtrohet problemi q\u00eb ata t\u00eb mos favorizohen si f\u00ebmij\u00eb t\u00eb k\u00ebtyre prind\u00ebrve. Dhe q\u00eb t\u00eb mos ndodh\u00eb kjo gj\u00eb, nuk na mjafton vet\u00ebm opinioni q\u00eb Bulku ka mbi \u201cf\u00ebmij\u00ebt e vet t\u00eb zot\u00eb\u201d; na duhet q\u00eb k\u00ebta \u201cf\u00ebmij\u00eb t\u00eb zot\u00eb\u201d t\u00eb matin forcat, vlerat, aft\u00ebsit\u00eb, CV-t\u00eb edhe me f\u00ebmij\u00eb t\u00eb tjer\u00eb, t\u00eb cil\u00ebt gjithashtu mendojn\u00eb se jan\u00eb t\u00eb zot\u00eb. Meritat njihen kur ato ballafaqohen me merita t\u00eb t\u00eb tjer\u00ebve, e jo kur ato t\u2019i njeh mamaja apo babi.<\/p>\n<p>Ai dh\u00ebndri i Jozefin\u00ebs ka marr\u00eb nj\u00eb \u00e7mim n\u00eb nj\u00eb konkurs t\u00eb k\u00ebng\u00ebs, por k\u00ebt\u00eb \u00e7mim nuk ia dhan\u00eb, ngaq\u00eb prind\u00ebrit apo vjehrra e tij kan\u00eb pasur mendim t\u00eb mir\u00eb p\u00ebr t\u00eb si k\u00ebng\u00ebtar. Jo, k\u00ebt\u00eb \u00e7mim e mori pas nj\u00eb konkursi, n\u00eb t\u00eb cilin ky demonstroi se vlente m\u00eb shum\u00eb se t\u00eb tjer\u00ebt. E nj\u00ebjta logjik\u00eb do duhet t\u00eb ndiqet edhe n\u00eb em\u00ebrimet q\u00eb b\u00ebhen n\u00eb diplomaci. Mbi k\u00ebt\u00eb logjik\u00eb kaq elementare ngrihet i gjith\u00eb sistemi i meritokracis\u00eb. Duket si nj\u00eb gj\u00eb krejt e pavend, madje budallaqe, t\u00eb thuash gj\u00ebra kaq t\u00eb thjeshta e t\u00eb ditura p\u00ebr \u00e7dok\u00ebnd, mir\u00ebpo s\u2019ke \u00e7\u2019b\u00ebn, pasi disa deputet\u00ebve tan\u00eb u duhen futur konceptet llokum n\u00eb goj\u00eb.<\/p>\n<p>* * *<\/p>\n<p>Pati dhe nj\u00eb denoncim tjet\u00ebr t\u00eb opozit\u00ebs n\u00eb debatin q\u00eb u zhvillua n\u00eb komisionin parlamentar p\u00ebr pun\u00eb t\u00eb jashtme. Sipas meje, b\u00ebhet fjal\u00eb p\u00ebr nj\u00eb gj\u00eb edhe m\u00eb t\u00eb r\u00ebnd\u00eb se sa nepotizmi. \u00cbsht\u00eb fjala p\u00ebr nj\u00eb qarkore q\u00eb, bazuar tek ajo q\u00eb tha Ditmir Bushati, \u00ebsht\u00eb p\u00ebrpiluar n\u00eb Ministrin\u00eb e Jashtme, dhe u \u00ebsht\u00eb d\u00ebrguar nj\u00eb numri ambasadash n\u00eb rajon. P\u00ebrse b\u00ebn fjal\u00eb? Duhet t\u2019ju jet\u00eb b\u00ebr\u00eb l\u00ebkura sholl\u00eb, n\u00ebse nuk keni fuqi t\u00eb skandalizoheni: \u201cQarkorja ka p\u00ebr objekt librin \u2018Kurban\u2019 t\u00eb Edi Ram\u00ebs, dhe promovimet q\u00eb ky i fundit i ka b\u00ebr\u00eb librit t\u00eb vet n\u00eb disa shtete fqinje\u201d. Bushati nuk e b\u00ebri publike p\u00ebrmbajtjen e qarkores, por merret me mend.<\/p>\n<p>Ministri i Jasht\u00ebm e mohoi k\u00ebt\u00eb fakt; madje, ai u k\u00ebrkoi deputet\u00ebve t\u00eb opozit\u00ebs q\u00eb ta publikojn\u00eb k\u00ebt\u00eb qarkore, gj\u00eb q\u00eb do t\u00eb thot\u00eb se ai \u201cnuk ndihet pjes\u00eb e k\u00ebsaj loje t\u00eb ndyr\u00eb, ku resurset e energjit\u00eb e diplomacis\u00eb nacionale e shtet\u00ebrore shfryt\u00ebzohen p\u00ebr t\u00eb goditur opozit\u00ebn\u201d (aty u tha se k\u00ebt\u00eb e kan\u00eb b\u00ebr\u00eb \u201czonjat e Berish\u00ebs n\u00eb k\u00ebt\u00eb dikaster\u201d). \u00cbsht\u00eb e v\u00ebrtet\u00eb kjo gj\u00eb? Duket se po. Opozita nuk ka n\u00eb duar nj\u00eb kopje t\u00eb qarkores, por nga brenda jan\u00eb t\u00eb sigurt se nj\u00eb qarkore e till\u00eb ekziston. Ministri do b\u00ebnte mir\u00eb ta b\u00ebnte vet\u00eb nj\u00eb verifikim t\u00eb till\u00eb (n\u00eb m\u00ebnyr\u00eb q\u00eb t\u00eb jet\u00eb krejt jasht\u00eb loj\u00ebs), pasi nes\u00ebr, n\u00ebse kjo qarkore del n\u00eb drit\u00eb, ministri do t\u00eb mbetet ligsht.<\/p>\n<p>Por deri \u201cnes\u00ebr\u201d, ministri b\u00ebn mir\u00eb ta dij\u00eb se diplomacia ka dal\u00eb qoft\u00eb nga binar\u00ebt e ligjit (n\u00eb l\u00ebmin e em\u00ebrimeve), qoft\u00eb nga binar\u00ebt e deontologjis\u00eb (kjo qarkore turp\u00ebron \u00e7do diplomat t\u00eb bot\u00ebs).<\/p>\n","protected":false},"excerpt":{"rendered":"<p>Mustafa Nano, 08.02.2012 Para dy dit\u00ebsh, n\u00eb komisionin parlamentar p\u00ebr politik\u00ebn e jashtme, ish thirrur ministri yn\u00eb i Jasht\u00ebm, i cili foli p\u00ebr nj\u00eb reform\u00eb n\u00eb diplomaci. Por u gjend n\u00ebn kritikat e forta t\u00eb deputet\u00ebve t\u00eb opozit\u00ebs, nj\u00eb prej t\u00eb cilave ka t\u00eb b\u00ebj\u00eb me nepotizmin n\u00eb diplomaci. Ministri tentoi t\u2019i b\u00ebnte bisht v\u00ebzhgimit [&hellip;]<\/p>\n","protected":false},"author":1,"featured_media":0,"comment_status":"open","ping_status":"closed","sticky":false,"template":"","format":"standard","meta":{"footnotes":""},"categories":[2],"tags":[],"class_list":{"0":"post-1670","1":"post","2":"type-post","3":"status-publish","4":"format-standard","6":"category-artikuj"},"yoast_head":"<!-- This site is optimized with the Yoast SEO plugin v27.4 - https:\/\/yoast.com\/product\/yoast-seo-wordpress\/ -->\n<title>Diplomacia e kush\u00ebrinjve dhe e militant\u00ebve - FjALA e LIR\u00cb - Arkivi<\/title>\n<meta name=\"robots\" content=\"index, follow, max-snippet:-1, max-image-preview:large, max-video-preview:-1\" \/>\n<link rel=\"canonical\" href=\"https:\/\/fjala.info\/2009-2015\/diplomacia-e-kusherinjve-dhe-e-militanteve\/\" \/>\n<meta property=\"og:locale\" content=\"sq_AL\" \/>\n<meta property=\"og:type\" content=\"article\" \/>\n<meta property=\"og:title\" content=\"Diplomacia e kush\u00ebrinjve dhe e militant\u00ebve - FjALA e LIR\u00cb - Arkivi\" \/>\n<meta property=\"og:description\" content=\"Mustafa Nano, 08.02.2012 Para dy dit\u00ebsh, n\u00eb komisionin parlamentar p\u00ebr politik\u00ebn e jashtme, ish thirrur ministri yn\u00eb i Jasht\u00ebm, i cili foli p\u00ebr nj\u00eb reform\u00eb n\u00eb diplomaci. Por u gjend n\u00ebn kritikat e forta t\u00eb deputet\u00ebve t\u00eb opozit\u00ebs, nj\u00eb prej t\u00eb cilave ka t\u00eb b\u00ebj\u00eb me nepotizmin n\u00eb diplomaci. Ministri tentoi t\u2019i b\u00ebnte bisht v\u00ebzhgimit [&hellip;]\" \/>\n<meta property=\"og:url\" content=\"https:\/\/fjala.info\/2009-2015\/diplomacia-e-kusherinjve-dhe-e-militanteve\/\" \/>\n<meta property=\"og:site_name\" content=\"FjALA e LIR\u00cb - Arkivi\" \/>\n<meta property=\"article:published_time\" content=\"2012-02-09T09:58:47+00:00\" \/>\n<meta property=\"og:image\" content=\"http:\/\/www.shkoder.net\/images\/fjala\/mustafa_nano.jpg\" \/>\n<meta name=\"author\" content=\"admin\" \/>\n<meta name=\"twitter:card\" content=\"summary_large_image\" \/>\n<meta name=\"twitter:label1\" content=\"Written by\" \/>\n\t<meta name=\"twitter:data1\" content=\"admin\" \/>\n\t<meta name=\"twitter:label2\" content=\"Est. reading time\" \/>\n\t<meta name=\"twitter:data2\" content=\"6 minutes\" \/>\n<script type=\"application\/ld+json\" class=\"yoast-schema-graph\">{\"@context\":\"https:\\\/\\\/schema.org\",\"@graph\":[{\"@type\":\"Article\",\"@id\":\"https:\\\/\\\/fjala.info\\\/2009-2015\\\/diplomacia-e-kusherinjve-dhe-e-militanteve\\\/#article\",\"isPartOf\":{\"@id\":\"https:\\\/\\\/fjala.info\\\/2009-2015\\\/diplomacia-e-kusherinjve-dhe-e-militanteve\\\/\"},\"author\":{\"name\":\"admin\",\"@id\":\"https:\\\/\\\/fjala.info\\\/2009-2015\\\/#\\\/schema\\\/person\\\/3aa1163ef05469c496fc94e77611ada2\"},\"headline\":\"Diplomacia e kush\u00ebrinjve dhe e militant\u00ebve\",\"datePublished\":\"2012-02-09T09:58:47+00:00\",\"mainEntityOfPage\":{\"@id\":\"https:\\\/\\\/fjala.info\\\/2009-2015\\\/diplomacia-e-kusherinjve-dhe-e-militanteve\\\/\"},\"wordCount\":1273,\"commentCount\":0,\"publisher\":{\"@id\":\"https:\\\/\\\/fjala.info\\\/2009-2015\\\/#organization\"},\"image\":{\"@id\":\"https:\\\/\\\/fjala.info\\\/2009-2015\\\/diplomacia-e-kusherinjve-dhe-e-militanteve\\\/#primaryimage\"},\"thumbnailUrl\":\"http:\\\/\\\/www.shkoder.net\\\/images\\\/fjala\\\/mustafa_nano.jpg\",\"articleSection\":[\"Artikuj\"],\"inLanguage\":\"sq-AL\",\"potentialAction\":[{\"@type\":\"CommentAction\",\"name\":\"Comment\",\"target\":[\"https:\\\/\\\/fjala.info\\\/2009-2015\\\/diplomacia-e-kusherinjve-dhe-e-militanteve\\\/#respond\"]}]},{\"@type\":\"WebPage\",\"@id\":\"https:\\\/\\\/fjala.info\\\/2009-2015\\\/diplomacia-e-kusherinjve-dhe-e-militanteve\\\/\",\"url\":\"https:\\\/\\\/fjala.info\\\/2009-2015\\\/diplomacia-e-kusherinjve-dhe-e-militanteve\\\/\",\"name\":\"Diplomacia e kush\u00ebrinjve dhe e militant\u00ebve - FjALA e LIR\u00cb - Arkivi\",\"isPartOf\":{\"@id\":\"https:\\\/\\\/fjala.info\\\/2009-2015\\\/#website\"},\"primaryImageOfPage\":{\"@id\":\"https:\\\/\\\/fjala.info\\\/2009-2015\\\/diplomacia-e-kusherinjve-dhe-e-militanteve\\\/#primaryimage\"},\"image\":{\"@id\":\"https:\\\/\\\/fjala.info\\\/2009-2015\\\/diplomacia-e-kusherinjve-dhe-e-militanteve\\\/#primaryimage\"},\"thumbnailUrl\":\"http:\\\/\\\/www.shkoder.net\\\/images\\\/fjala\\\/mustafa_nano.jpg\",\"datePublished\":\"2012-02-09T09:58:47+00:00\",\"breadcrumb\":{\"@id\":\"https:\\\/\\\/fjala.info\\\/2009-2015\\\/diplomacia-e-kusherinjve-dhe-e-militanteve\\\/#breadcrumb\"},\"inLanguage\":\"sq-AL\",\"potentialAction\":[{\"@type\":\"ReadAction\",\"target\":[\"https:\\\/\\\/fjala.info\\\/2009-2015\\\/diplomacia-e-kusherinjve-dhe-e-militanteve\\\/\"]}]},{\"@type\":\"ImageObject\",\"inLanguage\":\"sq-AL\",\"@id\":\"https:\\\/\\\/fjala.info\\\/2009-2015\\\/diplomacia-e-kusherinjve-dhe-e-militanteve\\\/#primaryimage\",\"url\":\"http:\\\/\\\/www.shkoder.net\\\/images\\\/fjala\\\/mustafa_nano.jpg\",\"contentUrl\":\"http:\\\/\\\/www.shkoder.net\\\/images\\\/fjala\\\/mustafa_nano.jpg\"},{\"@type\":\"BreadcrumbList\",\"@id\":\"https:\\\/\\\/fjala.info\\\/2009-2015\\\/diplomacia-e-kusherinjve-dhe-e-militanteve\\\/#breadcrumb\",\"itemListElement\":[{\"@type\":\"ListItem\",\"position\":1,\"name\":\"Home\",\"item\":\"https:\\\/\\\/fjala.info\\\/2009-2015\\\/\"},{\"@type\":\"ListItem\",\"position\":2,\"name\":\"Diplomacia e kush\u00ebrinjve dhe e militant\u00ebve\"}]},{\"@type\":\"WebSite\",\"@id\":\"https:\\\/\\\/fjala.info\\\/2009-2015\\\/#website\",\"url\":\"https:\\\/\\\/fjala.info\\\/2009-2015\\\/\",\"name\":\"FjALA e LIR\u00cb - Arkivi\",\"description\":\"Arkivi 2009-2015\",\"publisher\":{\"@id\":\"https:\\\/\\\/fjala.info\\\/2009-2015\\\/#organization\"},\"potentialAction\":[{\"@type\":\"SearchAction\",\"target\":{\"@type\":\"EntryPoint\",\"urlTemplate\":\"https:\\\/\\\/fjala.info\\\/2009-2015\\\/?s={search_term_string}\"},\"query-input\":{\"@type\":\"PropertyValueSpecification\",\"valueRequired\":true,\"valueName\":\"search_term_string\"}}],\"inLanguage\":\"sq-AL\"},{\"@type\":\"Organization\",\"@id\":\"https:\\\/\\\/fjala.info\\\/2009-2015\\\/#organization\",\"name\":\"FjALA e LIR\u00cb - Arkivi\",\"url\":\"https:\\\/\\\/fjala.info\\\/2009-2015\\\/\",\"logo\":{\"@type\":\"ImageObject\",\"inLanguage\":\"sq-AL\",\"@id\":\"https:\\\/\\\/fjala.info\\\/2009-2015\\\/#\\\/schema\\\/logo\\\/image\\\/\",\"url\":\"\",\"contentUrl\":\"\",\"caption\":\"FjALA e LIR\u00cb - Arkivi\"},\"image\":{\"@id\":\"https:\\\/\\\/fjala.info\\\/2009-2015\\\/#\\\/schema\\\/logo\\\/image\\\/\"}},{\"@type\":\"Person\",\"@id\":\"https:\\\/\\\/fjala.info\\\/2009-2015\\\/#\\\/schema\\\/person\\\/3aa1163ef05469c496fc94e77611ada2\",\"name\":\"admin\",\"image\":{\"@type\":\"ImageObject\",\"inLanguage\":\"sq-AL\",\"@id\":\"https:\\\/\\\/fjala.info\\\/2009-2015\\\/wp-content\\\/uploads\\\/2012\\\/02\\\/arben_cokaj-120x150.jpg\",\"url\":\"https:\\\/\\\/fjala.info\\\/2009-2015\\\/wp-content\\\/uploads\\\/2012\\\/02\\\/arben_cokaj-120x150.jpg\",\"contentUrl\":\"https:\\\/\\\/fjala.info\\\/2009-2015\\\/wp-content\\\/uploads\\\/2012\\\/02\\\/arben_cokaj-120x150.jpg\",\"caption\":\"admin\"},\"description\":\"Admin, Fjala e Lir\u00eb\",\"sameAs\":[\"https:\\\/\\\/fjala.info\\\/\"],\"url\":\"https:\\\/\\\/fjala.info\\\/2009-2015\\\/author\\\/admin\\\/\"}]}<\/script>\n<!-- \/ Yoast SEO plugin. -->","yoast_head_json":{"title":"Diplomacia e kush\u00ebrinjve dhe e militant\u00ebve - FjALA e LIR\u00cb - Arkivi","robots":{"index":"index","follow":"follow","max-snippet":"max-snippet:-1","max-image-preview":"max-image-preview:large","max-video-preview":"max-video-preview:-1"},"canonical":"https:\/\/fjala.info\/2009-2015\/diplomacia-e-kusherinjve-dhe-e-militanteve\/","og_locale":"sq_AL","og_type":"article","og_title":"Diplomacia e kush\u00ebrinjve dhe e militant\u00ebve - FjALA e LIR\u00cb - Arkivi","og_description":"Mustafa Nano, 08.02.2012 Para dy dit\u00ebsh, n\u00eb komisionin parlamentar p\u00ebr politik\u00ebn e jashtme, ish thirrur ministri yn\u00eb i Jasht\u00ebm, i cili foli p\u00ebr nj\u00eb reform\u00eb n\u00eb diplomaci. Por u gjend n\u00ebn kritikat e forta t\u00eb deputet\u00ebve t\u00eb opozit\u00ebs, nj\u00eb prej t\u00eb cilave ka t\u00eb b\u00ebj\u00eb me nepotizmin n\u00eb diplomaci. Ministri tentoi t\u2019i b\u00ebnte bisht v\u00ebzhgimit [&hellip;]","og_url":"https:\/\/fjala.info\/2009-2015\/diplomacia-e-kusherinjve-dhe-e-militanteve\/","og_site_name":"FjALA e LIR\u00cb - Arkivi","article_published_time":"2012-02-09T09:58:47+00:00","og_image":[{"url":"http:\/\/www.shkoder.net\/images\/fjala\/mustafa_nano.jpg","type":"","width":"","height":""}],"author":"admin","twitter_card":"summary_large_image","twitter_misc":{"Written by":"admin","Est. reading time":"6 minutes"},"schema":{"@context":"https:\/\/schema.org","@graph":[{"@type":"Article","@id":"https:\/\/fjala.info\/2009-2015\/diplomacia-e-kusherinjve-dhe-e-militanteve\/#article","isPartOf":{"@id":"https:\/\/fjala.info\/2009-2015\/diplomacia-e-kusherinjve-dhe-e-militanteve\/"},"author":{"name":"admin","@id":"https:\/\/fjala.info\/2009-2015\/#\/schema\/person\/3aa1163ef05469c496fc94e77611ada2"},"headline":"Diplomacia e kush\u00ebrinjve dhe e militant\u00ebve","datePublished":"2012-02-09T09:58:47+00:00","mainEntityOfPage":{"@id":"https:\/\/fjala.info\/2009-2015\/diplomacia-e-kusherinjve-dhe-e-militanteve\/"},"wordCount":1273,"commentCount":0,"publisher":{"@id":"https:\/\/fjala.info\/2009-2015\/#organization"},"image":{"@id":"https:\/\/fjala.info\/2009-2015\/diplomacia-e-kusherinjve-dhe-e-militanteve\/#primaryimage"},"thumbnailUrl":"http:\/\/www.shkoder.net\/images\/fjala\/mustafa_nano.jpg","articleSection":["Artikuj"],"inLanguage":"sq-AL","potentialAction":[{"@type":"CommentAction","name":"Comment","target":["https:\/\/fjala.info\/2009-2015\/diplomacia-e-kusherinjve-dhe-e-militanteve\/#respond"]}]},{"@type":"WebPage","@id":"https:\/\/fjala.info\/2009-2015\/diplomacia-e-kusherinjve-dhe-e-militanteve\/","url":"https:\/\/fjala.info\/2009-2015\/diplomacia-e-kusherinjve-dhe-e-militanteve\/","name":"Diplomacia e kush\u00ebrinjve dhe e militant\u00ebve - FjALA e LIR\u00cb - Arkivi","isPartOf":{"@id":"https:\/\/fjala.info\/2009-2015\/#website"},"primaryImageOfPage":{"@id":"https:\/\/fjala.info\/2009-2015\/diplomacia-e-kusherinjve-dhe-e-militanteve\/#primaryimage"},"image":{"@id":"https:\/\/fjala.info\/2009-2015\/diplomacia-e-kusherinjve-dhe-e-militanteve\/#primaryimage"},"thumbnailUrl":"http:\/\/www.shkoder.net\/images\/fjala\/mustafa_nano.jpg","datePublished":"2012-02-09T09:58:47+00:00","breadcrumb":{"@id":"https:\/\/fjala.info\/2009-2015\/diplomacia-e-kusherinjve-dhe-e-militanteve\/#breadcrumb"},"inLanguage":"sq-AL","potentialAction":[{"@type":"ReadAction","target":["https:\/\/fjala.info\/2009-2015\/diplomacia-e-kusherinjve-dhe-e-militanteve\/"]}]},{"@type":"ImageObject","inLanguage":"sq-AL","@id":"https:\/\/fjala.info\/2009-2015\/diplomacia-e-kusherinjve-dhe-e-militanteve\/#primaryimage","url":"http:\/\/www.shkoder.net\/images\/fjala\/mustafa_nano.jpg","contentUrl":"http:\/\/www.shkoder.net\/images\/fjala\/mustafa_nano.jpg"},{"@type":"BreadcrumbList","@id":"https:\/\/fjala.info\/2009-2015\/diplomacia-e-kusherinjve-dhe-e-militanteve\/#breadcrumb","itemListElement":[{"@type":"ListItem","position":1,"name":"Home","item":"https:\/\/fjala.info\/2009-2015\/"},{"@type":"ListItem","position":2,"name":"Diplomacia e kush\u00ebrinjve dhe e militant\u00ebve"}]},{"@type":"WebSite","@id":"https:\/\/fjala.info\/2009-2015\/#website","url":"https:\/\/fjala.info\/2009-2015\/","name":"FjALA e LIR\u00cb - Arkivi","description":"Arkivi 2009-2015","publisher":{"@id":"https:\/\/fjala.info\/2009-2015\/#organization"},"potentialAction":[{"@type":"SearchAction","target":{"@type":"EntryPoint","urlTemplate":"https:\/\/fjala.info\/2009-2015\/?s={search_term_string}"},"query-input":{"@type":"PropertyValueSpecification","valueRequired":true,"valueName":"search_term_string"}}],"inLanguage":"sq-AL"},{"@type":"Organization","@id":"https:\/\/fjala.info\/2009-2015\/#organization","name":"FjALA e LIR\u00cb - Arkivi","url":"https:\/\/fjala.info\/2009-2015\/","logo":{"@type":"ImageObject","inLanguage":"sq-AL","@id":"https:\/\/fjala.info\/2009-2015\/#\/schema\/logo\/image\/","url":"","contentUrl":"","caption":"FjALA e LIR\u00cb - Arkivi"},"image":{"@id":"https:\/\/fjala.info\/2009-2015\/#\/schema\/logo\/image\/"}},{"@type":"Person","@id":"https:\/\/fjala.info\/2009-2015\/#\/schema\/person\/3aa1163ef05469c496fc94e77611ada2","name":"admin","image":{"@type":"ImageObject","inLanguage":"sq-AL","@id":"https:\/\/fjala.info\/2009-2015\/wp-content\/uploads\/2012\/02\/arben_cokaj-120x150.jpg","url":"https:\/\/fjala.info\/2009-2015\/wp-content\/uploads\/2012\/02\/arben_cokaj-120x150.jpg","contentUrl":"https:\/\/fjala.info\/2009-2015\/wp-content\/uploads\/2012\/02\/arben_cokaj-120x150.jpg","caption":"admin"},"description":"Admin, Fjala e Lir\u00eb","sameAs":["https:\/\/fjala.info\/"],"url":"https:\/\/fjala.info\/2009-2015\/author\/admin\/"}]}},"_links":{"self":[{"href":"https:\/\/fjala.info\/2009-2015\/wp-json\/wp\/v2\/posts\/1670","targetHints":{"allow":["GET"]}}],"collection":[{"href":"https:\/\/fjala.info\/2009-2015\/wp-json\/wp\/v2\/posts"}],"about":[{"href":"https:\/\/fjala.info\/2009-2015\/wp-json\/wp\/v2\/types\/post"}],"author":[{"embeddable":true,"href":"https:\/\/fjala.info\/2009-2015\/wp-json\/wp\/v2\/users\/1"}],"replies":[{"embeddable":true,"href":"https:\/\/fjala.info\/2009-2015\/wp-json\/wp\/v2\/comments?post=1670"}],"version-history":[{"count":0,"href":"https:\/\/fjala.info\/2009-2015\/wp-json\/wp\/v2\/posts\/1670\/revisions"}],"wp:attachment":[{"href":"https:\/\/fjala.info\/2009-2015\/wp-json\/wp\/v2\/media?parent=1670"}],"wp:term":[{"taxonomy":"category","embeddable":true,"href":"https:\/\/fjala.info\/2009-2015\/wp-json\/wp\/v2\/categories?post=1670"},{"taxonomy":"post_tag","embeddable":true,"href":"https:\/\/fjala.info\/2009-2015\/wp-json\/wp\/v2\/tags?post=1670"}],"curies":[{"name":"wp","href":"https:\/\/api.w.org\/{rel}","templated":true}]}}