{"id":1666,"date":"2013-03-28T16:48:42","date_gmt":"2013-03-28T15:48:42","guid":{"rendered":"http:\/\/fjala.info\/?p=1666"},"modified":"2013-03-28T16:48:42","modified_gmt":"2013-03-28T15:48:42","slug":"rama-u-perpoqen-me-kot-te-perbaltin-saimirin-pd-ja-nuk-merr-dot-as-60-deputete-kete-radhe","status":"publish","type":"post","link":"https:\/\/fjala.info\/2009-2015\/rama-u-perpoqen-me-kot-te-perbaltin-saimirin-pd-ja-nuk-merr-dot-as-60-deputete-kete-radhe\/","title":{"rendered":"Rama: U p\u00ebrpoq\u00ebn m\u00eb kot t\u00eb p\u00ebrbaltin Saimirin. PD-ja nuk merr dot as 60 deputet\u00eb k\u00ebt\u00eb radh\u00eb"},"content":{"rendered":"<p><img decoding=\"async\" class=\"alignright size-thumbnail wp-image-7236\" title=\"Edi Rama\" alt=\"\" src=\"http:\/\/www.fjala.info\/2013\/edi_rama1.jpg\" width=\"200\" \/> <strong>TemA Online<\/strong>, <em>28 Mars 2013<\/em><\/p>\n<p><strong>Edi Rama<\/strong> e ka cil\u00ebsuar si nj\u00eb p\u00ebrpjekje p\u00ebr t\u00eb p\u00ebrbaltur Saimir Tahirin, arrestimin e babait t\u00eb tij nga ana e policis\u00eb, q\u00eb sot u la i lir\u00eb nga Gjykata e Tiran\u00ebs. Sipas Ram\u00ebs, tashm\u00eb atyre q\u00eb tentuan k\u00ebt\u00eb gj\u00eb nuk u mbetet ve\u00e7 turpi.<\/p>\n<p>\u201cArrestojn\u00eb babain p\u00ebr t\u00eb p\u00ebrbaltur t\u00eb birin! Babai del i pafajsh\u00ebm, po k\u00ebtyre \u00e7far\u00eb u mbetet? Ve\u00e7 turpi q\u00eb s\u2019din\u00eb t\u00eb ikin me nder nga pushteti.<\/p>\n<p>Saimir Tahiri \u00ebsht\u00eb nj\u00eb djal\u00eb i shk\u00eblqyer, nj\u00eb deputet i denj\u00eb, nj\u00eb drejtues dinjitoz p\u00ebr PS-n\u00eb e Tiran\u00ebs. K\u00ebto goditje t\u00eb ul\u00ebta ve\u00e7 e nderojn\u00eb!<\/p>\n<p>Ta harrojn\u00eb se shtojn\u00eb balt\u00ebn e hedhur ndaj nesh e do ia hedhin k\u00ebt\u00eb her\u00eb popullit shqiptar! PD-ja s\u2019arrin\u00eb dot 60 deputete. Ruajeni kete mesazh\u201d, ka th\u00ebn\u00eb Rama.<\/p>\n<p>Nd\u00ebrkoh\u00eb, duke u ndalur tek refuzimi i Berish\u00ebs p\u00ebr t\u00eb dal\u00eb me t\u00eb n\u00eb debat, Rama ka ironizuar, duke th\u00ebn\u00eb se kryeministri me arritjet e tij, mund t\u00eb shtrij\u00eb p\u00ebrdhe edhe kancelaren gjermane.<\/p>\n<p>\u201cAh,nuk do debat? Po pse? Megjith\u00eb k\u00ebto suksese do kishte shtrir\u00eb p\u00ebrdhe edhe Anxhel\u00ebn! Po ska faj, e di dhe ai q\u00eb \u00ebsht\u00eb fundi. Koha p\u00ebr t\u00eb ikur\u201d, p\u00ebrfundon Rama.\/b.l<\/p>\n","protected":false},"excerpt":{"rendered":"<p>TemA Online, 28 Mars 2013 Edi Rama e ka cil\u00ebsuar si nj\u00eb p\u00ebrpjekje p\u00ebr t\u00eb p\u00ebrbaltur Saimir Tahirin, arrestimin e babait t\u00eb tij nga ana e policis\u00eb, q\u00eb sot u la i lir\u00eb nga Gjykata e Tiran\u00ebs. Sipas Ram\u00ebs, tashm\u00eb atyre q\u00eb tentuan k\u00ebt\u00eb gj\u00eb nuk u mbetet ve\u00e7 turpi. \u201cArrestojn\u00eb babain p\u00ebr t\u00eb p\u00ebrbaltur [&hellip;]<\/p>\n","protected":false},"author":1,"featured_media":0,"comment_status":"open","ping_status":"closed","sticky":false,"template":"","format":"standard","meta":{"footnotes":""},"categories":[2],"tags":[],"class_list":{"0":"post-1666","1":"post","2":"type-post","3":"status-publish","4":"format-standard","6":"category-artikuj"},"yoast_head":"<!-- This site is optimized with the Yoast SEO plugin v27.4 - https:\/\/yoast.com\/product\/yoast-seo-wordpress\/ -->\n<title>Rama: U p\u00ebrpoq\u00ebn m\u00eb kot t\u00eb p\u00ebrbaltin Saimirin. PD-ja nuk merr dot as 60 deputet\u00eb k\u00ebt\u00eb radh\u00eb - FjALA e LIR\u00cb - Arkivi<\/title>\n<meta name=\"robots\" content=\"index, follow, max-snippet:-1, max-image-preview:large, max-video-preview:-1\" \/>\n<link rel=\"canonical\" href=\"https:\/\/fjala.info\/2009-2015\/rama-u-perpoqen-me-kot-te-perbaltin-saimirin-pd-ja-nuk-merr-dot-as-60-deputete-kete-radhe\/\" \/>\n<meta property=\"og:locale\" content=\"sq_AL\" \/>\n<meta property=\"og:type\" content=\"article\" \/>\n<meta property=\"og:title\" content=\"Rama: U p\u00ebrpoq\u00ebn m\u00eb kot t\u00eb p\u00ebrbaltin Saimirin. PD-ja nuk merr dot as 60 deputet\u00eb k\u00ebt\u00eb radh\u00eb - FjALA e LIR\u00cb - Arkivi\" \/>\n<meta property=\"og:description\" content=\"TemA Online, 28 Mars 2013 Edi Rama e ka cil\u00ebsuar si nj\u00eb p\u00ebrpjekje p\u00ebr t\u00eb p\u00ebrbaltur Saimir Tahirin, arrestimin e babait t\u00eb tij nga ana e policis\u00eb, q\u00eb sot u la i lir\u00eb nga Gjykata e Tiran\u00ebs. Sipas Ram\u00ebs, tashm\u00eb atyre q\u00eb tentuan k\u00ebt\u00eb gj\u00eb nuk u mbetet ve\u00e7 turpi. \u201cArrestojn\u00eb babain p\u00ebr t\u00eb p\u00ebrbaltur [&hellip;]\" \/>\n<meta property=\"og:url\" content=\"https:\/\/fjala.info\/2009-2015\/rama-u-perpoqen-me-kot-te-perbaltin-saimirin-pd-ja-nuk-merr-dot-as-60-deputete-kete-radhe\/\" \/>\n<meta property=\"og:site_name\" content=\"FjALA e LIR\u00cb - Arkivi\" \/>\n<meta property=\"article:published_time\" content=\"2013-03-28T15:48:42+00:00\" \/>\n<meta property=\"og:image\" content=\"http:\/\/www.fjala.info\/2013\/edi_rama1.jpg\" \/>\n<meta name=\"author\" content=\"admin\" \/>\n<meta name=\"twitter:card\" content=\"summary_large_image\" \/>\n<meta name=\"twitter:label1\" content=\"Written by\" \/>\n\t<meta name=\"twitter:data1\" content=\"admin\" \/>\n\t<meta name=\"twitter:label2\" content=\"Est. reading time\" \/>\n\t<meta name=\"twitter:data2\" content=\"1 minute\" \/>\n<script type=\"application\/ld+json\" class=\"yoast-schema-graph\">{\"@context\":\"https:\\\/\\\/schema.org\",\"@graph\":[{\"@type\":\"Article\",\"@id\":\"https:\\\/\\\/fjala.info\\\/2009-2015\\\/rama-u-perpoqen-me-kot-te-perbaltin-saimirin-pd-ja-nuk-merr-dot-as-60-deputete-kete-radhe\\\/#article\",\"isPartOf\":{\"@id\":\"https:\\\/\\\/fjala.info\\\/2009-2015\\\/rama-u-perpoqen-me-kot-te-perbaltin-saimirin-pd-ja-nuk-merr-dot-as-60-deputete-kete-radhe\\\/\"},\"author\":{\"name\":\"admin\",\"@id\":\"https:\\\/\\\/fjala.info\\\/2009-2015\\\/#\\\/schema\\\/person\\\/3aa1163ef05469c496fc94e77611ada2\"},\"headline\":\"Rama: U p\u00ebrpoq\u00ebn m\u00eb kot t\u00eb p\u00ebrbaltin Saimirin. PD-ja nuk merr dot as 60 deputet\u00eb k\u00ebt\u00eb radh\u00eb\",\"datePublished\":\"2013-03-28T15:48:42+00:00\",\"mainEntityOfPage\":{\"@id\":\"https:\\\/\\\/fjala.info\\\/2009-2015\\\/rama-u-perpoqen-me-kot-te-perbaltin-saimirin-pd-ja-nuk-merr-dot-as-60-deputete-kete-radhe\\\/\"},\"wordCount\":243,\"commentCount\":0,\"publisher\":{\"@id\":\"https:\\\/\\\/fjala.info\\\/2009-2015\\\/#organization\"},\"image\":{\"@id\":\"https:\\\/\\\/fjala.info\\\/2009-2015\\\/rama-u-perpoqen-me-kot-te-perbaltin-saimirin-pd-ja-nuk-merr-dot-as-60-deputete-kete-radhe\\\/#primaryimage\"},\"thumbnailUrl\":\"http:\\\/\\\/www.fjala.info\\\/2013\\\/edi_rama1.jpg\",\"articleSection\":[\"Artikuj\"],\"inLanguage\":\"sq-AL\",\"potentialAction\":[{\"@type\":\"CommentAction\",\"name\":\"Comment\",\"target\":[\"https:\\\/\\\/fjala.info\\\/2009-2015\\\/rama-u-perpoqen-me-kot-te-perbaltin-saimirin-pd-ja-nuk-merr-dot-as-60-deputete-kete-radhe\\\/#respond\"]}]},{\"@type\":\"WebPage\",\"@id\":\"https:\\\/\\\/fjala.info\\\/2009-2015\\\/rama-u-perpoqen-me-kot-te-perbaltin-saimirin-pd-ja-nuk-merr-dot-as-60-deputete-kete-radhe\\\/\",\"url\":\"https:\\\/\\\/fjala.info\\\/2009-2015\\\/rama-u-perpoqen-me-kot-te-perbaltin-saimirin-pd-ja-nuk-merr-dot-as-60-deputete-kete-radhe\\\/\",\"name\":\"Rama: U p\u00ebrpoq\u00ebn m\u00eb kot t\u00eb p\u00ebrbaltin Saimirin. PD-ja nuk merr dot as 60 deputet\u00eb k\u00ebt\u00eb radh\u00eb - FjALA e LIR\u00cb - Arkivi\",\"isPartOf\":{\"@id\":\"https:\\\/\\\/fjala.info\\\/2009-2015\\\/#website\"},\"primaryImageOfPage\":{\"@id\":\"https:\\\/\\\/fjala.info\\\/2009-2015\\\/rama-u-perpoqen-me-kot-te-perbaltin-saimirin-pd-ja-nuk-merr-dot-as-60-deputete-kete-radhe\\\/#primaryimage\"},\"image\":{\"@id\":\"https:\\\/\\\/fjala.info\\\/2009-2015\\\/rama-u-perpoqen-me-kot-te-perbaltin-saimirin-pd-ja-nuk-merr-dot-as-60-deputete-kete-radhe\\\/#primaryimage\"},\"thumbnailUrl\":\"http:\\\/\\\/www.fjala.info\\\/2013\\\/edi_rama1.jpg\",\"datePublished\":\"2013-03-28T15:48:42+00:00\",\"breadcrumb\":{\"@id\":\"https:\\\/\\\/fjala.info\\\/2009-2015\\\/rama-u-perpoqen-me-kot-te-perbaltin-saimirin-pd-ja-nuk-merr-dot-as-60-deputete-kete-radhe\\\/#breadcrumb\"},\"inLanguage\":\"sq-AL\",\"potentialAction\":[{\"@type\":\"ReadAction\",\"target\":[\"https:\\\/\\\/fjala.info\\\/2009-2015\\\/rama-u-perpoqen-me-kot-te-perbaltin-saimirin-pd-ja-nuk-merr-dot-as-60-deputete-kete-radhe\\\/\"]}]},{\"@type\":\"ImageObject\",\"inLanguage\":\"sq-AL\",\"@id\":\"https:\\\/\\\/fjala.info\\\/2009-2015\\\/rama-u-perpoqen-me-kot-te-perbaltin-saimirin-pd-ja-nuk-merr-dot-as-60-deputete-kete-radhe\\\/#primaryimage\",\"url\":\"http:\\\/\\\/www.fjala.info\\\/2013\\\/edi_rama1.jpg\",\"contentUrl\":\"http:\\\/\\\/www.fjala.info\\\/2013\\\/edi_rama1.jpg\"},{\"@type\":\"BreadcrumbList\",\"@id\":\"https:\\\/\\\/fjala.info\\\/2009-2015\\\/rama-u-perpoqen-me-kot-te-perbaltin-saimirin-pd-ja-nuk-merr-dot-as-60-deputete-kete-radhe\\\/#breadcrumb\",\"itemListElement\":[{\"@type\":\"ListItem\",\"position\":1,\"name\":\"Home\",\"item\":\"https:\\\/\\\/fjala.info\\\/2009-2015\\\/\"},{\"@type\":\"ListItem\",\"position\":2,\"name\":\"Rama: U p\u00ebrpoq\u00ebn m\u00eb kot t\u00eb p\u00ebrbaltin Saimirin. PD-ja nuk merr dot as 60 deputet\u00eb k\u00ebt\u00eb radh\u00eb\"}]},{\"@type\":\"WebSite\",\"@id\":\"https:\\\/\\\/fjala.info\\\/2009-2015\\\/#website\",\"url\":\"https:\\\/\\\/fjala.info\\\/2009-2015\\\/\",\"name\":\"FjALA e LIR\u00cb - Arkivi\",\"description\":\"Arkivi 2009-2015\",\"publisher\":{\"@id\":\"https:\\\/\\\/fjala.info\\\/2009-2015\\\/#organization\"},\"potentialAction\":[{\"@type\":\"SearchAction\",\"target\":{\"@type\":\"EntryPoint\",\"urlTemplate\":\"https:\\\/\\\/fjala.info\\\/2009-2015\\\/?s={search_term_string}\"},\"query-input\":{\"@type\":\"PropertyValueSpecification\",\"valueRequired\":true,\"valueName\":\"search_term_string\"}}],\"inLanguage\":\"sq-AL\"},{\"@type\":\"Organization\",\"@id\":\"https:\\\/\\\/fjala.info\\\/2009-2015\\\/#organization\",\"name\":\"FjALA e LIR\u00cb - Arkivi\",\"url\":\"https:\\\/\\\/fjala.info\\\/2009-2015\\\/\",\"logo\":{\"@type\":\"ImageObject\",\"inLanguage\":\"sq-AL\",\"@id\":\"https:\\\/\\\/fjala.info\\\/2009-2015\\\/#\\\/schema\\\/logo\\\/image\\\/\",\"url\":\"\",\"contentUrl\":\"\",\"caption\":\"FjALA e LIR\u00cb - Arkivi\"},\"image\":{\"@id\":\"https:\\\/\\\/fjala.info\\\/2009-2015\\\/#\\\/schema\\\/logo\\\/image\\\/\"}},{\"@type\":\"Person\",\"@id\":\"https:\\\/\\\/fjala.info\\\/2009-2015\\\/#\\\/schema\\\/person\\\/3aa1163ef05469c496fc94e77611ada2\",\"name\":\"admin\",\"image\":{\"@type\":\"ImageObject\",\"inLanguage\":\"sq-AL\",\"@id\":\"https:\\\/\\\/fjala.info\\\/2009-2015\\\/wp-content\\\/uploads\\\/2012\\\/02\\\/arben_cokaj-120x150.jpg\",\"url\":\"https:\\\/\\\/fjala.info\\\/2009-2015\\\/wp-content\\\/uploads\\\/2012\\\/02\\\/arben_cokaj-120x150.jpg\",\"contentUrl\":\"https:\\\/\\\/fjala.info\\\/2009-2015\\\/wp-content\\\/uploads\\\/2012\\\/02\\\/arben_cokaj-120x150.jpg\",\"caption\":\"admin\"},\"description\":\"Admin, Fjala e Lir\u00eb\",\"sameAs\":[\"https:\\\/\\\/fjala.info\\\/\"],\"url\":\"https:\\\/\\\/fjala.info\\\/2009-2015\\\/author\\\/admin\\\/\"}]}<\/script>\n<!-- \/ Yoast SEO plugin. -->","yoast_head_json":{"title":"Rama: U p\u00ebrpoq\u00ebn m\u00eb kot t\u00eb p\u00ebrbaltin Saimirin. PD-ja nuk merr dot as 60 deputet\u00eb k\u00ebt\u00eb radh\u00eb - FjALA e LIR\u00cb - Arkivi","robots":{"index":"index","follow":"follow","max-snippet":"max-snippet:-1","max-image-preview":"max-image-preview:large","max-video-preview":"max-video-preview:-1"},"canonical":"https:\/\/fjala.info\/2009-2015\/rama-u-perpoqen-me-kot-te-perbaltin-saimirin-pd-ja-nuk-merr-dot-as-60-deputete-kete-radhe\/","og_locale":"sq_AL","og_type":"article","og_title":"Rama: U p\u00ebrpoq\u00ebn m\u00eb kot t\u00eb p\u00ebrbaltin Saimirin. PD-ja nuk merr dot as 60 deputet\u00eb k\u00ebt\u00eb radh\u00eb - FjALA e LIR\u00cb - Arkivi","og_description":"TemA Online, 28 Mars 2013 Edi Rama e ka cil\u00ebsuar si nj\u00eb p\u00ebrpjekje p\u00ebr t\u00eb p\u00ebrbaltur Saimir Tahirin, arrestimin e babait t\u00eb tij nga ana e policis\u00eb, q\u00eb sot u la i lir\u00eb nga Gjykata e Tiran\u00ebs. Sipas Ram\u00ebs, tashm\u00eb atyre q\u00eb tentuan k\u00ebt\u00eb gj\u00eb nuk u mbetet ve\u00e7 turpi. \u201cArrestojn\u00eb babain p\u00ebr t\u00eb p\u00ebrbaltur [&hellip;]","og_url":"https:\/\/fjala.info\/2009-2015\/rama-u-perpoqen-me-kot-te-perbaltin-saimirin-pd-ja-nuk-merr-dot-as-60-deputete-kete-radhe\/","og_site_name":"FjALA e LIR\u00cb - Arkivi","article_published_time":"2013-03-28T15:48:42+00:00","og_image":[{"url":"http:\/\/www.fjala.info\/2013\/edi_rama1.jpg","type":"","width":"","height":""}],"author":"admin","twitter_card":"summary_large_image","twitter_misc":{"Written by":"admin","Est. reading time":"1 minute"},"schema":{"@context":"https:\/\/schema.org","@graph":[{"@type":"Article","@id":"https:\/\/fjala.info\/2009-2015\/rama-u-perpoqen-me-kot-te-perbaltin-saimirin-pd-ja-nuk-merr-dot-as-60-deputete-kete-radhe\/#article","isPartOf":{"@id":"https:\/\/fjala.info\/2009-2015\/rama-u-perpoqen-me-kot-te-perbaltin-saimirin-pd-ja-nuk-merr-dot-as-60-deputete-kete-radhe\/"},"author":{"name":"admin","@id":"https:\/\/fjala.info\/2009-2015\/#\/schema\/person\/3aa1163ef05469c496fc94e77611ada2"},"headline":"Rama: U p\u00ebrpoq\u00ebn m\u00eb kot t\u00eb p\u00ebrbaltin Saimirin. PD-ja nuk merr dot as 60 deputet\u00eb k\u00ebt\u00eb radh\u00eb","datePublished":"2013-03-28T15:48:42+00:00","mainEntityOfPage":{"@id":"https:\/\/fjala.info\/2009-2015\/rama-u-perpoqen-me-kot-te-perbaltin-saimirin-pd-ja-nuk-merr-dot-as-60-deputete-kete-radhe\/"},"wordCount":243,"commentCount":0,"publisher":{"@id":"https:\/\/fjala.info\/2009-2015\/#organization"},"image":{"@id":"https:\/\/fjala.info\/2009-2015\/rama-u-perpoqen-me-kot-te-perbaltin-saimirin-pd-ja-nuk-merr-dot-as-60-deputete-kete-radhe\/#primaryimage"},"thumbnailUrl":"http:\/\/www.fjala.info\/2013\/edi_rama1.jpg","articleSection":["Artikuj"],"inLanguage":"sq-AL","potentialAction":[{"@type":"CommentAction","name":"Comment","target":["https:\/\/fjala.info\/2009-2015\/rama-u-perpoqen-me-kot-te-perbaltin-saimirin-pd-ja-nuk-merr-dot-as-60-deputete-kete-radhe\/#respond"]}]},{"@type":"WebPage","@id":"https:\/\/fjala.info\/2009-2015\/rama-u-perpoqen-me-kot-te-perbaltin-saimirin-pd-ja-nuk-merr-dot-as-60-deputete-kete-radhe\/","url":"https:\/\/fjala.info\/2009-2015\/rama-u-perpoqen-me-kot-te-perbaltin-saimirin-pd-ja-nuk-merr-dot-as-60-deputete-kete-radhe\/","name":"Rama: U p\u00ebrpoq\u00ebn m\u00eb kot t\u00eb p\u00ebrbaltin Saimirin. PD-ja nuk merr dot as 60 deputet\u00eb k\u00ebt\u00eb radh\u00eb - FjALA e LIR\u00cb - Arkivi","isPartOf":{"@id":"https:\/\/fjala.info\/2009-2015\/#website"},"primaryImageOfPage":{"@id":"https:\/\/fjala.info\/2009-2015\/rama-u-perpoqen-me-kot-te-perbaltin-saimirin-pd-ja-nuk-merr-dot-as-60-deputete-kete-radhe\/#primaryimage"},"image":{"@id":"https:\/\/fjala.info\/2009-2015\/rama-u-perpoqen-me-kot-te-perbaltin-saimirin-pd-ja-nuk-merr-dot-as-60-deputete-kete-radhe\/#primaryimage"},"thumbnailUrl":"http:\/\/www.fjala.info\/2013\/edi_rama1.jpg","datePublished":"2013-03-28T15:48:42+00:00","breadcrumb":{"@id":"https:\/\/fjala.info\/2009-2015\/rama-u-perpoqen-me-kot-te-perbaltin-saimirin-pd-ja-nuk-merr-dot-as-60-deputete-kete-radhe\/#breadcrumb"},"inLanguage":"sq-AL","potentialAction":[{"@type":"ReadAction","target":["https:\/\/fjala.info\/2009-2015\/rama-u-perpoqen-me-kot-te-perbaltin-saimirin-pd-ja-nuk-merr-dot-as-60-deputete-kete-radhe\/"]}]},{"@type":"ImageObject","inLanguage":"sq-AL","@id":"https:\/\/fjala.info\/2009-2015\/rama-u-perpoqen-me-kot-te-perbaltin-saimirin-pd-ja-nuk-merr-dot-as-60-deputete-kete-radhe\/#primaryimage","url":"http:\/\/www.fjala.info\/2013\/edi_rama1.jpg","contentUrl":"http:\/\/www.fjala.info\/2013\/edi_rama1.jpg"},{"@type":"BreadcrumbList","@id":"https:\/\/fjala.info\/2009-2015\/rama-u-perpoqen-me-kot-te-perbaltin-saimirin-pd-ja-nuk-merr-dot-as-60-deputete-kete-radhe\/#breadcrumb","itemListElement":[{"@type":"ListItem","position":1,"name":"Home","item":"https:\/\/fjala.info\/2009-2015\/"},{"@type":"ListItem","position":2,"name":"Rama: U p\u00ebrpoq\u00ebn m\u00eb kot t\u00eb p\u00ebrbaltin Saimirin. PD-ja nuk merr dot as 60 deputet\u00eb k\u00ebt\u00eb radh\u00eb"}]},{"@type":"WebSite","@id":"https:\/\/fjala.info\/2009-2015\/#website","url":"https:\/\/fjala.info\/2009-2015\/","name":"FjALA e LIR\u00cb - Arkivi","description":"Arkivi 2009-2015","publisher":{"@id":"https:\/\/fjala.info\/2009-2015\/#organization"},"potentialAction":[{"@type":"SearchAction","target":{"@type":"EntryPoint","urlTemplate":"https:\/\/fjala.info\/2009-2015\/?s={search_term_string}"},"query-input":{"@type":"PropertyValueSpecification","valueRequired":true,"valueName":"search_term_string"}}],"inLanguage":"sq-AL"},{"@type":"Organization","@id":"https:\/\/fjala.info\/2009-2015\/#organization","name":"FjALA e LIR\u00cb - Arkivi","url":"https:\/\/fjala.info\/2009-2015\/","logo":{"@type":"ImageObject","inLanguage":"sq-AL","@id":"https:\/\/fjala.info\/2009-2015\/#\/schema\/logo\/image\/","url":"","contentUrl":"","caption":"FjALA e LIR\u00cb - Arkivi"},"image":{"@id":"https:\/\/fjala.info\/2009-2015\/#\/schema\/logo\/image\/"}},{"@type":"Person","@id":"https:\/\/fjala.info\/2009-2015\/#\/schema\/person\/3aa1163ef05469c496fc94e77611ada2","name":"admin","image":{"@type":"ImageObject","inLanguage":"sq-AL","@id":"https:\/\/fjala.info\/2009-2015\/wp-content\/uploads\/2012\/02\/arben_cokaj-120x150.jpg","url":"https:\/\/fjala.info\/2009-2015\/wp-content\/uploads\/2012\/02\/arben_cokaj-120x150.jpg","contentUrl":"https:\/\/fjala.info\/2009-2015\/wp-content\/uploads\/2012\/02\/arben_cokaj-120x150.jpg","caption":"admin"},"description":"Admin, Fjala e Lir\u00eb","sameAs":["https:\/\/fjala.info\/"],"url":"https:\/\/fjala.info\/2009-2015\/author\/admin\/"}]}},"_links":{"self":[{"href":"https:\/\/fjala.info\/2009-2015\/wp-json\/wp\/v2\/posts\/1666","targetHints":{"allow":["GET"]}}],"collection":[{"href":"https:\/\/fjala.info\/2009-2015\/wp-json\/wp\/v2\/posts"}],"about":[{"href":"https:\/\/fjala.info\/2009-2015\/wp-json\/wp\/v2\/types\/post"}],"author":[{"embeddable":true,"href":"https:\/\/fjala.info\/2009-2015\/wp-json\/wp\/v2\/users\/1"}],"replies":[{"embeddable":true,"href":"https:\/\/fjala.info\/2009-2015\/wp-json\/wp\/v2\/comments?post=1666"}],"version-history":[{"count":0,"href":"https:\/\/fjala.info\/2009-2015\/wp-json\/wp\/v2\/posts\/1666\/revisions"}],"wp:attachment":[{"href":"https:\/\/fjala.info\/2009-2015\/wp-json\/wp\/v2\/media?parent=1666"}],"wp:term":[{"taxonomy":"category","embeddable":true,"href":"https:\/\/fjala.info\/2009-2015\/wp-json\/wp\/v2\/categories?post=1666"},{"taxonomy":"post_tag","embeddable":true,"href":"https:\/\/fjala.info\/2009-2015\/wp-json\/wp\/v2\/tags?post=1666"}],"curies":[{"name":"wp","href":"https:\/\/api.w.org\/{rel}","templated":true}]}}