{"id":1656,"date":"2012-02-09T09:27:11","date_gmt":"2012-02-09T08:27:11","guid":{"rendered":"http:\/\/fjala.shkoder.net\/?p=1656"},"modified":"2012-02-09T09:27:11","modified_gmt":"2012-02-09T08:27:11","slug":"gjykatesi-artan-broci-vret-te-vellain-per-te-dyten-here","status":"publish","type":"post","link":"https:\/\/fjala.info\/2009-2015\/gjykatesi-artan-broci-vret-te-vellain-per-te-dyten-here\/","title":{"rendered":"Gjykat\u00ebsi Artan Broci \u201cvret\u201d t\u00eb v\u00ebllain p\u00ebr t\u00eb dyt\u00ebn her\u00eb"},"content":{"rendered":"<p><img decoding=\"async\" class=\"alignleft size-thumbnail wp-image-7236\" title=\"Artan Broci\" src=\"http:\/\/www.shkoder.net\/2012\/artan_broci.jpg\" alt=\"\" width=\"200\" \/> Nga <strong>Bledi Mane<\/strong> &#8211; <strong><em>Public Enemy<\/em><\/strong>, <em>8 Shkurt 2012<\/em><br \/>\nwww.facebook.com\/bledi.mane<\/p>\n<p><strong>1.\/ U b\u00ebra i bezdisur, por nuk mundem t\u00eb rri indiferent<\/strong><\/p>\n<p>Ishte 2 prill i 1991-shit kur n\u00eb nj\u00eb tjet\u00ebr protest\u00eb antikomuniste n\u00eb Shkodr\u00ebn ende komuniste jeta e kat\u00ebr qytetar\u00ebve t\u00eb pafajsh\u00ebm u sharrua nga plumbat e regjimit. Mes viktimave, vdekja e studentit t\u00eb l\u00ebvizjes s\u00eb dhjetorit 20 vje\u00e7arit Arben Broci, nj\u00eb nga mij\u00ebra idealist\u00ebt e furish\u00ebm t\u00eb pranver\u00ebs postbolshevike, tronditi vendin nga veriu deri posht\u00eb n\u00eb jug. Trupi i tij u q\u00ebllua nga arm\u00ebt e pushtetit q\u00eb villnin zjarr nga dritaret e ngrehin\u00ebs s\u00eb Komitetit t\u00eb Partis\u00eb p\u00ebrpara s\u00eb cil\u00ebs protestohej paq\u00ebsisht. Nga ngrehina e nj\u00eb tjet\u00ebr komiteti partie kamufluar si zyra kryeministrore, 20 vjet m\u00eb pas nj\u00eb tjet\u00ebr regjim n\u00eb kalbje q\u00ebllonte me zjarr mbi protestues t\u00eb s\u00eb nj\u00ebjt\u00ebs komb\u00ebsi t\u00eb cil\u00ebt paq\u00ebsisht k\u00ebrkonin ndryshimin. Numri i t\u00eb vrar\u00ebve t\u00eb pafajsh\u00ebm ishte i nj\u00ebjt\u00eb. Kat\u00ebr!<\/p>\n<p>At\u00eb prill t\u00eb n\u00ebmur brenda atij komitet partie atje n\u00eb Shkod\u00ebr nuk ishte strukur as Ramiz Alia presidenti shkodran i Republik\u00ebs dhe as Gramoz Ru\u00e7i labi minist\u00ebr rendi. Ekspertizat primitive dhe hetimet blic nuk zbuluan kurr\u00eb t\u00eb kishte urdh\u00ebr zyrtar p\u00ebr t\u00eb sht\u00ebna. Askush nuk pa t\u00eb dilte ndonj\u00eb zyrtar shteti me uniform\u00eb t\u00eb q\u00ebllonte mbi turm\u00ebn. Megjithat\u00eb, gjyqi ushtarak burgosi e penalizoi 5 titullar\u00eb e polic\u00eb.<\/p>\n<p>20 vjet m\u00eb pas n\u00eb at\u00eb janar t\u00eb rraskapitur t\u00eb Tiran\u00ebs brenda ngrehin\u00ebs s\u00eb komitetit t\u00eb partis\u00eb, i kamufluar si zyra kryeministrore ishte strukur kryeministri, ministri i Rendit dhe shpurra e tyre e sh(p)urrur. Ekspertizat moderne balistike t\u00eb b\u00ebra enkas pran\u00eb laborator\u00ebve t\u00eb FBI-s\u00eb n\u00eb Amerik\u00eb zbuluan se nj\u00eb nga viktimat e ndjera ishte q\u00eblluar nga t\u00eb sht\u00ebnat e 11 plumbave t\u00eb arm\u00ebs s\u00eb kryegardistit t\u00eb republik\u00ebs, i fshehur trembur brenda ngrehin\u00ebs qeveris\u00ebse. Gjyqi mbi k\u00ebt\u00eb precedent t\u00eb papar\u00eb kriminal ende nuk \u00ebsht\u00eb zhvilluar, por me hetimet dhe urdhrat paraprak\u00eb t\u00eb arrestimeve thjesht po tallet e abuzohet nga gjykatat e dy niveleve.<\/p>\n<p>21 vjet m\u00eb par\u00eb n\u00eb masakr\u00ebn e Shkodr\u00ebs nj\u00eb prej viktimave, studenti idealist Arben Broci do t\u00eb linte pas vetes shpirtk\u00ebputjen e s\u00eb \u00ebm\u00ebs Lije Broci dhe pik\u00ebllimin e madh t\u00eb v\u00ebllait t\u00eb tij t\u00eb vog\u00ebl, Artan Broci. Ky i fundit, i rritur para kohe me privilegje t\u00eb pa merituara si pasardh\u00ebs d\u00ebshmor\u00ebsh, u shp\u00ebrblye pa fund me shkollim dhe karrier\u00eb juristi.<\/p>\n<p>21 vjet m\u00eb pas, zoti, natyra,fati, ironia, koincidenca, k\u00ebrkesa, nevoja, tregu, shp\u00ebrblimi, mallkimi, p\u00ebsimi, m\u00ebsimi, pra t\u00eb gjith\u00eb k\u00ebta faktor\u00eb natyral\u00eb e artificial\u00eb kompensimi vendos\u00ebn ball\u00eb p\u00ebr ball\u00eb v\u00ebllain e viktim\u00ebs prej plumbave t\u00eb regjimit me vras\u00ebsin e regjimit.<\/p>\n<p>N\u00ebse Arben Broci nuk ka n\u00eb trup plumbat e pistolet\u00ebs s\u00eb Ndrea Prendit, patjet\u00ebr tashm\u00eb ndjehet i turp\u00ebruar nga dhimbjet e plag\u00ebve t\u00eb Faik Myrtajt.<\/p>\n<p>N\u00ebse Lije Broci ka 2 dekada q\u00eb akuzon pa prova Alin\u00eb e Ru\u00e7in p\u00ebr vrasjen e t\u00eb birit, Mahmude Myrtaj tashm\u00eb e di zyrtarisht se kush ia vrau t\u00eb shoqin.<\/p>\n<p>N\u00ebse Lije Brocit djali i vog\u00ebl Artani iu b\u00eb gjykat\u00ebs e majmet si qerrata, Mahmude Myrtajt djali i vog\u00ebl Bardhoshi iu vet\u00ebvra prej breng\u00ebs dhe mallit p\u00ebr t\u00eb atin.<\/p>\n<p>N\u00ebse Lije Brocit i b\u00ebhen nderimet e merituara si n\u00ebna e nj\u00eb d\u00ebshmori, Mahmude Myrtajt i mor\u00ebn erz\u00ebn duke ia posht\u00ebruar t\u00eb shoqin e vdekur si kok\u00ebpalar\u00eb.<\/p>\n<p>Me gjakun e t\u00eb ndjerit Myrtaj po tallet tani ve\u00e7 gjak\u00ebsorit edhe peshorja e drejt\u00ebsis\u00eb, e cila n\u00eb duart e Artan Brocit po anon fare duksh\u00ebm nga kahu i t\u00eb ndyrit.<\/p>\n<p>Nj\u00eb vras\u00ebs q\u00eb k\u00ebrkon t\u00eb rehatohet n\u00eb sht\u00ebpi dhe kjo k\u00ebrkes\u00eb i vuloset nga v\u00ebllai i nj\u00eb viktime t\u00eb pafajshme e vrar\u00eb n\u00eb rrethana t\u00eb nj\u00ebjta, p\u00ebr kauz\u00eb t\u00eb nj\u00ebjt\u00eb.<\/p>\n<p>Nj\u00eb gjykat\u00ebs, i cili jo p\u00ebr hakmarrje, por p\u00ebr shpirtfisnik\u00ebri e integritet profesional duhet t\u00eb \u00e7onte pas hekurave vras\u00ebsin e k\u00ebshtu \u00e7lironte edhe breng\u00ebn e v\u00ebllait t\u00eb vrar\u00eb po kaq posht\u00ebrsisht.<\/p>\n<p>Nd\u00ebrkoh\u00eb q\u00eb sot publicisti Mustafa Nano klithte duke i etiketuar gjyqtar\u00ebt tan\u00eb m\u00eb t\u00eb rreziksh\u00ebm se vet\u00eb gardist\u00ebt, Artan Broci qet\u00ebsisht dha vendimin, u largua nga salla e gjyqit, i hipi makin\u00ebs luksoze dhe shkoi drejt sht\u00ebpis\u00eb. Trokiti dhe der\u00ebn ia hapi e \u00ebma.<\/p>\n<p>&#8211; Mir\u00ebseerdhe bir! &#8211; e p\u00ebrsh\u00ebndeti Lije Broci.<\/p>\n<p>&#8211; T\u00eb pash\u00eb live n\u00eb televizor, ulur p\u00ebrball\u00eb Ndrea Prendit. E le n\u00eb arrest sht\u00ebpie. Mir\u00eb b\u00ebre, boll u lodh\u00ebm duke mos shkelur mbi gjakun e v\u00ebllait. Na duhen lek\u00eb, mos harro se nuk do jesh gjith\u00eb jet\u00ebn gjykat\u00ebs. Tirana \u00ebsht\u00eb boll e shtrenjt\u00eb.<\/p>\n<p>&#8211; E ke gabim mama. E b\u00ebra pa lek\u00eb k\u00ebt\u00eb posht\u00ebrsi. Nuk munda t\u2019i k\u00ebrkoja asgj\u00eb send.<\/p>\n<p>&#8211; U dogja kot!- psher\u00ebtiu Artani dhe i tregoi mesazhin q\u00eb kish marr\u00eb n\u00eb celular qysh n\u00eb m\u00ebngjes nga Ai\u2026<\/p>\n<p>Nga Ai q\u00eb po ia shk\u00ebrdhen edhe brinj\u00ebt Atdheut. Atdheut tim, t\u00ebndit. Atdheut ton\u00eb jo t\u00eb Arben Brocit dhe Faik Myrtajt. K\u00ebta t\u00eb fundit jan\u00eb me fat se shp\u00ebtuan, na lan\u00eb ne t\u00eb vuajm\u00eb edhe 16 muaj t\u00eb tjer\u00eb.<\/p>\n","protected":false},"excerpt":{"rendered":"<p>Nga Bledi Mane &#8211; Public Enemy, 8 Shkurt 2012 www.facebook.com\/bledi.mane 1.\/ U b\u00ebra i bezdisur, por nuk mundem t\u00eb rri indiferent Ishte 2 prill i 1991-shit kur n\u00eb nj\u00eb tjet\u00ebr protest\u00eb antikomuniste n\u00eb Shkodr\u00ebn ende komuniste jeta e kat\u00ebr qytetar\u00ebve t\u00eb pafajsh\u00ebm u sharrua nga plumbat e regjimit. Mes viktimave, vdekja e studentit t\u00eb l\u00ebvizjes [&hellip;]<\/p>\n","protected":false},"author":1,"featured_media":0,"comment_status":"open","ping_status":"closed","sticky":false,"template":"","format":"standard","meta":{"footnotes":""},"categories":[2,5],"tags":[],"class_list":{"0":"post-1656","1":"post","2":"type-post","3":"status-publish","4":"format-standard","6":"category-artikuj","7":"category-lajme"},"yoast_head":"<!-- This site is optimized with the Yoast SEO plugin v27.4 - https:\/\/yoast.com\/product\/yoast-seo-wordpress\/ -->\n<title>Gjykat\u00ebsi Artan Broci \u201cvret\u201d t\u00eb v\u00ebllain p\u00ebr t\u00eb dyt\u00ebn her\u00eb - FjALA e LIR\u00cb - Arkivi<\/title>\n<meta name=\"robots\" content=\"index, follow, max-snippet:-1, max-image-preview:large, max-video-preview:-1\" \/>\n<link rel=\"canonical\" href=\"https:\/\/fjala.info\/2009-2015\/gjykatesi-artan-broci-vret-te-vellain-per-te-dyten-here\/\" \/>\n<meta property=\"og:locale\" content=\"sq_AL\" \/>\n<meta property=\"og:type\" content=\"article\" \/>\n<meta property=\"og:title\" content=\"Gjykat\u00ebsi Artan Broci \u201cvret\u201d t\u00eb v\u00ebllain p\u00ebr t\u00eb dyt\u00ebn her\u00eb - FjALA e LIR\u00cb - Arkivi\" \/>\n<meta property=\"og:description\" content=\"Nga Bledi Mane &#8211; Public Enemy, 8 Shkurt 2012 www.facebook.com\/bledi.mane 1.\/ U b\u00ebra i bezdisur, por nuk mundem t\u00eb rri indiferent Ishte 2 prill i 1991-shit kur n\u00eb nj\u00eb tjet\u00ebr protest\u00eb antikomuniste n\u00eb Shkodr\u00ebn ende komuniste jeta e kat\u00ebr qytetar\u00ebve t\u00eb pafajsh\u00ebm u sharrua nga plumbat e regjimit. Mes viktimave, vdekja e studentit t\u00eb l\u00ebvizjes [&hellip;]\" \/>\n<meta property=\"og:url\" content=\"https:\/\/fjala.info\/2009-2015\/gjykatesi-artan-broci-vret-te-vellain-per-te-dyten-here\/\" \/>\n<meta property=\"og:site_name\" content=\"FjALA e LIR\u00cb - Arkivi\" \/>\n<meta property=\"article:published_time\" content=\"2012-02-09T08:27:11+00:00\" \/>\n<meta property=\"og:image\" content=\"http:\/\/www.shkoder.net\/2012\/artan_broci.jpg\" \/>\n<meta name=\"author\" content=\"admin\" \/>\n<meta name=\"twitter:card\" content=\"summary_large_image\" \/>\n<meta name=\"twitter:label1\" content=\"Written by\" \/>\n\t<meta name=\"twitter:data1\" content=\"admin\" \/>\n\t<meta name=\"twitter:label2\" content=\"Est. reading time\" \/>\n\t<meta name=\"twitter:data2\" content=\"5 minutes\" \/>\n<script type=\"application\/ld+json\" class=\"yoast-schema-graph\">{\"@context\":\"https:\\\/\\\/schema.org\",\"@graph\":[{\"@type\":\"Article\",\"@id\":\"https:\\\/\\\/fjala.info\\\/2009-2015\\\/gjykatesi-artan-broci-vret-te-vellain-per-te-dyten-here\\\/#article\",\"isPartOf\":{\"@id\":\"https:\\\/\\\/fjala.info\\\/2009-2015\\\/gjykatesi-artan-broci-vret-te-vellain-per-te-dyten-here\\\/\"},\"author\":{\"name\":\"admin\",\"@id\":\"https:\\\/\\\/fjala.info\\\/2009-2015\\\/#\\\/schema\\\/person\\\/3aa1163ef05469c496fc94e77611ada2\"},\"headline\":\"Gjykat\u00ebsi Artan Broci \u201cvret\u201d t\u00eb v\u00ebllain p\u00ebr t\u00eb dyt\u00ebn her\u00eb\",\"datePublished\":\"2012-02-09T08:27:11+00:00\",\"mainEntityOfPage\":{\"@id\":\"https:\\\/\\\/fjala.info\\\/2009-2015\\\/gjykatesi-artan-broci-vret-te-vellain-per-te-dyten-here\\\/\"},\"wordCount\":947,\"commentCount\":0,\"publisher\":{\"@id\":\"https:\\\/\\\/fjala.info\\\/2009-2015\\\/#organization\"},\"image\":{\"@id\":\"https:\\\/\\\/fjala.info\\\/2009-2015\\\/gjykatesi-artan-broci-vret-te-vellain-per-te-dyten-here\\\/#primaryimage\"},\"thumbnailUrl\":\"http:\\\/\\\/www.shkoder.net\\\/2012\\\/artan_broci.jpg\",\"articleSection\":[\"Artikuj\",\"Lajme\"],\"inLanguage\":\"sq-AL\",\"potentialAction\":[{\"@type\":\"CommentAction\",\"name\":\"Comment\",\"target\":[\"https:\\\/\\\/fjala.info\\\/2009-2015\\\/gjykatesi-artan-broci-vret-te-vellain-per-te-dyten-here\\\/#respond\"]}]},{\"@type\":\"WebPage\",\"@id\":\"https:\\\/\\\/fjala.info\\\/2009-2015\\\/gjykatesi-artan-broci-vret-te-vellain-per-te-dyten-here\\\/\",\"url\":\"https:\\\/\\\/fjala.info\\\/2009-2015\\\/gjykatesi-artan-broci-vret-te-vellain-per-te-dyten-here\\\/\",\"name\":\"Gjykat\u00ebsi Artan Broci \u201cvret\u201d t\u00eb v\u00ebllain p\u00ebr t\u00eb dyt\u00ebn her\u00eb - FjALA e LIR\u00cb - Arkivi\",\"isPartOf\":{\"@id\":\"https:\\\/\\\/fjala.info\\\/2009-2015\\\/#website\"},\"primaryImageOfPage\":{\"@id\":\"https:\\\/\\\/fjala.info\\\/2009-2015\\\/gjykatesi-artan-broci-vret-te-vellain-per-te-dyten-here\\\/#primaryimage\"},\"image\":{\"@id\":\"https:\\\/\\\/fjala.info\\\/2009-2015\\\/gjykatesi-artan-broci-vret-te-vellain-per-te-dyten-here\\\/#primaryimage\"},\"thumbnailUrl\":\"http:\\\/\\\/www.shkoder.net\\\/2012\\\/artan_broci.jpg\",\"datePublished\":\"2012-02-09T08:27:11+00:00\",\"breadcrumb\":{\"@id\":\"https:\\\/\\\/fjala.info\\\/2009-2015\\\/gjykatesi-artan-broci-vret-te-vellain-per-te-dyten-here\\\/#breadcrumb\"},\"inLanguage\":\"sq-AL\",\"potentialAction\":[{\"@type\":\"ReadAction\",\"target\":[\"https:\\\/\\\/fjala.info\\\/2009-2015\\\/gjykatesi-artan-broci-vret-te-vellain-per-te-dyten-here\\\/\"]}]},{\"@type\":\"ImageObject\",\"inLanguage\":\"sq-AL\",\"@id\":\"https:\\\/\\\/fjala.info\\\/2009-2015\\\/gjykatesi-artan-broci-vret-te-vellain-per-te-dyten-here\\\/#primaryimage\",\"url\":\"http:\\\/\\\/www.shkoder.net\\\/2012\\\/artan_broci.jpg\",\"contentUrl\":\"http:\\\/\\\/www.shkoder.net\\\/2012\\\/artan_broci.jpg\"},{\"@type\":\"BreadcrumbList\",\"@id\":\"https:\\\/\\\/fjala.info\\\/2009-2015\\\/gjykatesi-artan-broci-vret-te-vellain-per-te-dyten-here\\\/#breadcrumb\",\"itemListElement\":[{\"@type\":\"ListItem\",\"position\":1,\"name\":\"Home\",\"item\":\"https:\\\/\\\/fjala.info\\\/2009-2015\\\/\"},{\"@type\":\"ListItem\",\"position\":2,\"name\":\"Gjykat\u00ebsi Artan Broci \u201cvret\u201d t\u00eb v\u00ebllain p\u00ebr t\u00eb dyt\u00ebn her\u00eb\"}]},{\"@type\":\"WebSite\",\"@id\":\"https:\\\/\\\/fjala.info\\\/2009-2015\\\/#website\",\"url\":\"https:\\\/\\\/fjala.info\\\/2009-2015\\\/\",\"name\":\"FjALA e LIR\u00cb - Arkivi\",\"description\":\"Arkivi 2009-2015\",\"publisher\":{\"@id\":\"https:\\\/\\\/fjala.info\\\/2009-2015\\\/#organization\"},\"potentialAction\":[{\"@type\":\"SearchAction\",\"target\":{\"@type\":\"EntryPoint\",\"urlTemplate\":\"https:\\\/\\\/fjala.info\\\/2009-2015\\\/?s={search_term_string}\"},\"query-input\":{\"@type\":\"PropertyValueSpecification\",\"valueRequired\":true,\"valueName\":\"search_term_string\"}}],\"inLanguage\":\"sq-AL\"},{\"@type\":\"Organization\",\"@id\":\"https:\\\/\\\/fjala.info\\\/2009-2015\\\/#organization\",\"name\":\"FjALA e LIR\u00cb - Arkivi\",\"url\":\"https:\\\/\\\/fjala.info\\\/2009-2015\\\/\",\"logo\":{\"@type\":\"ImageObject\",\"inLanguage\":\"sq-AL\",\"@id\":\"https:\\\/\\\/fjala.info\\\/2009-2015\\\/#\\\/schema\\\/logo\\\/image\\\/\",\"url\":\"\",\"contentUrl\":\"\",\"caption\":\"FjALA e LIR\u00cb - Arkivi\"},\"image\":{\"@id\":\"https:\\\/\\\/fjala.info\\\/2009-2015\\\/#\\\/schema\\\/logo\\\/image\\\/\"}},{\"@type\":\"Person\",\"@id\":\"https:\\\/\\\/fjala.info\\\/2009-2015\\\/#\\\/schema\\\/person\\\/3aa1163ef05469c496fc94e77611ada2\",\"name\":\"admin\",\"image\":{\"@type\":\"ImageObject\",\"inLanguage\":\"sq-AL\",\"@id\":\"https:\\\/\\\/fjala.info\\\/2009-2015\\\/wp-content\\\/uploads\\\/2012\\\/02\\\/arben_cokaj-120x150.jpg\",\"url\":\"https:\\\/\\\/fjala.info\\\/2009-2015\\\/wp-content\\\/uploads\\\/2012\\\/02\\\/arben_cokaj-120x150.jpg\",\"contentUrl\":\"https:\\\/\\\/fjala.info\\\/2009-2015\\\/wp-content\\\/uploads\\\/2012\\\/02\\\/arben_cokaj-120x150.jpg\",\"caption\":\"admin\"},\"description\":\"Admin, Fjala e Lir\u00eb\",\"sameAs\":[\"https:\\\/\\\/fjala.info\\\/\"],\"url\":\"https:\\\/\\\/fjala.info\\\/2009-2015\\\/author\\\/admin\\\/\"}]}<\/script>\n<!-- \/ Yoast SEO plugin. -->","yoast_head_json":{"title":"Gjykat\u00ebsi Artan Broci \u201cvret\u201d t\u00eb v\u00ebllain p\u00ebr t\u00eb dyt\u00ebn her\u00eb - FjALA e LIR\u00cb - Arkivi","robots":{"index":"index","follow":"follow","max-snippet":"max-snippet:-1","max-image-preview":"max-image-preview:large","max-video-preview":"max-video-preview:-1"},"canonical":"https:\/\/fjala.info\/2009-2015\/gjykatesi-artan-broci-vret-te-vellain-per-te-dyten-here\/","og_locale":"sq_AL","og_type":"article","og_title":"Gjykat\u00ebsi Artan Broci \u201cvret\u201d t\u00eb v\u00ebllain p\u00ebr t\u00eb dyt\u00ebn her\u00eb - FjALA e LIR\u00cb - Arkivi","og_description":"Nga Bledi Mane &#8211; Public Enemy, 8 Shkurt 2012 www.facebook.com\/bledi.mane 1.\/ U b\u00ebra i bezdisur, por nuk mundem t\u00eb rri indiferent Ishte 2 prill i 1991-shit kur n\u00eb nj\u00eb tjet\u00ebr protest\u00eb antikomuniste n\u00eb Shkodr\u00ebn ende komuniste jeta e kat\u00ebr qytetar\u00ebve t\u00eb pafajsh\u00ebm u sharrua nga plumbat e regjimit. Mes viktimave, vdekja e studentit t\u00eb l\u00ebvizjes [&hellip;]","og_url":"https:\/\/fjala.info\/2009-2015\/gjykatesi-artan-broci-vret-te-vellain-per-te-dyten-here\/","og_site_name":"FjALA e LIR\u00cb - Arkivi","article_published_time":"2012-02-09T08:27:11+00:00","og_image":[{"url":"http:\/\/www.shkoder.net\/2012\/artan_broci.jpg","type":"","width":"","height":""}],"author":"admin","twitter_card":"summary_large_image","twitter_misc":{"Written by":"admin","Est. reading time":"5 minutes"},"schema":{"@context":"https:\/\/schema.org","@graph":[{"@type":"Article","@id":"https:\/\/fjala.info\/2009-2015\/gjykatesi-artan-broci-vret-te-vellain-per-te-dyten-here\/#article","isPartOf":{"@id":"https:\/\/fjala.info\/2009-2015\/gjykatesi-artan-broci-vret-te-vellain-per-te-dyten-here\/"},"author":{"name":"admin","@id":"https:\/\/fjala.info\/2009-2015\/#\/schema\/person\/3aa1163ef05469c496fc94e77611ada2"},"headline":"Gjykat\u00ebsi Artan Broci \u201cvret\u201d t\u00eb v\u00ebllain p\u00ebr t\u00eb dyt\u00ebn her\u00eb","datePublished":"2012-02-09T08:27:11+00:00","mainEntityOfPage":{"@id":"https:\/\/fjala.info\/2009-2015\/gjykatesi-artan-broci-vret-te-vellain-per-te-dyten-here\/"},"wordCount":947,"commentCount":0,"publisher":{"@id":"https:\/\/fjala.info\/2009-2015\/#organization"},"image":{"@id":"https:\/\/fjala.info\/2009-2015\/gjykatesi-artan-broci-vret-te-vellain-per-te-dyten-here\/#primaryimage"},"thumbnailUrl":"http:\/\/www.shkoder.net\/2012\/artan_broci.jpg","articleSection":["Artikuj","Lajme"],"inLanguage":"sq-AL","potentialAction":[{"@type":"CommentAction","name":"Comment","target":["https:\/\/fjala.info\/2009-2015\/gjykatesi-artan-broci-vret-te-vellain-per-te-dyten-here\/#respond"]}]},{"@type":"WebPage","@id":"https:\/\/fjala.info\/2009-2015\/gjykatesi-artan-broci-vret-te-vellain-per-te-dyten-here\/","url":"https:\/\/fjala.info\/2009-2015\/gjykatesi-artan-broci-vret-te-vellain-per-te-dyten-here\/","name":"Gjykat\u00ebsi Artan Broci \u201cvret\u201d t\u00eb v\u00ebllain p\u00ebr t\u00eb dyt\u00ebn her\u00eb - FjALA e LIR\u00cb - Arkivi","isPartOf":{"@id":"https:\/\/fjala.info\/2009-2015\/#website"},"primaryImageOfPage":{"@id":"https:\/\/fjala.info\/2009-2015\/gjykatesi-artan-broci-vret-te-vellain-per-te-dyten-here\/#primaryimage"},"image":{"@id":"https:\/\/fjala.info\/2009-2015\/gjykatesi-artan-broci-vret-te-vellain-per-te-dyten-here\/#primaryimage"},"thumbnailUrl":"http:\/\/www.shkoder.net\/2012\/artan_broci.jpg","datePublished":"2012-02-09T08:27:11+00:00","breadcrumb":{"@id":"https:\/\/fjala.info\/2009-2015\/gjykatesi-artan-broci-vret-te-vellain-per-te-dyten-here\/#breadcrumb"},"inLanguage":"sq-AL","potentialAction":[{"@type":"ReadAction","target":["https:\/\/fjala.info\/2009-2015\/gjykatesi-artan-broci-vret-te-vellain-per-te-dyten-here\/"]}]},{"@type":"ImageObject","inLanguage":"sq-AL","@id":"https:\/\/fjala.info\/2009-2015\/gjykatesi-artan-broci-vret-te-vellain-per-te-dyten-here\/#primaryimage","url":"http:\/\/www.shkoder.net\/2012\/artan_broci.jpg","contentUrl":"http:\/\/www.shkoder.net\/2012\/artan_broci.jpg"},{"@type":"BreadcrumbList","@id":"https:\/\/fjala.info\/2009-2015\/gjykatesi-artan-broci-vret-te-vellain-per-te-dyten-here\/#breadcrumb","itemListElement":[{"@type":"ListItem","position":1,"name":"Home","item":"https:\/\/fjala.info\/2009-2015\/"},{"@type":"ListItem","position":2,"name":"Gjykat\u00ebsi Artan Broci \u201cvret\u201d t\u00eb v\u00ebllain p\u00ebr t\u00eb dyt\u00ebn her\u00eb"}]},{"@type":"WebSite","@id":"https:\/\/fjala.info\/2009-2015\/#website","url":"https:\/\/fjala.info\/2009-2015\/","name":"FjALA e LIR\u00cb - Arkivi","description":"Arkivi 2009-2015","publisher":{"@id":"https:\/\/fjala.info\/2009-2015\/#organization"},"potentialAction":[{"@type":"SearchAction","target":{"@type":"EntryPoint","urlTemplate":"https:\/\/fjala.info\/2009-2015\/?s={search_term_string}"},"query-input":{"@type":"PropertyValueSpecification","valueRequired":true,"valueName":"search_term_string"}}],"inLanguage":"sq-AL"},{"@type":"Organization","@id":"https:\/\/fjala.info\/2009-2015\/#organization","name":"FjALA e LIR\u00cb - Arkivi","url":"https:\/\/fjala.info\/2009-2015\/","logo":{"@type":"ImageObject","inLanguage":"sq-AL","@id":"https:\/\/fjala.info\/2009-2015\/#\/schema\/logo\/image\/","url":"","contentUrl":"","caption":"FjALA e LIR\u00cb - Arkivi"},"image":{"@id":"https:\/\/fjala.info\/2009-2015\/#\/schema\/logo\/image\/"}},{"@type":"Person","@id":"https:\/\/fjala.info\/2009-2015\/#\/schema\/person\/3aa1163ef05469c496fc94e77611ada2","name":"admin","image":{"@type":"ImageObject","inLanguage":"sq-AL","@id":"https:\/\/fjala.info\/2009-2015\/wp-content\/uploads\/2012\/02\/arben_cokaj-120x150.jpg","url":"https:\/\/fjala.info\/2009-2015\/wp-content\/uploads\/2012\/02\/arben_cokaj-120x150.jpg","contentUrl":"https:\/\/fjala.info\/2009-2015\/wp-content\/uploads\/2012\/02\/arben_cokaj-120x150.jpg","caption":"admin"},"description":"Admin, Fjala e Lir\u00eb","sameAs":["https:\/\/fjala.info\/"],"url":"https:\/\/fjala.info\/2009-2015\/author\/admin\/"}]}},"_links":{"self":[{"href":"https:\/\/fjala.info\/2009-2015\/wp-json\/wp\/v2\/posts\/1656","targetHints":{"allow":["GET"]}}],"collection":[{"href":"https:\/\/fjala.info\/2009-2015\/wp-json\/wp\/v2\/posts"}],"about":[{"href":"https:\/\/fjala.info\/2009-2015\/wp-json\/wp\/v2\/types\/post"}],"author":[{"embeddable":true,"href":"https:\/\/fjala.info\/2009-2015\/wp-json\/wp\/v2\/users\/1"}],"replies":[{"embeddable":true,"href":"https:\/\/fjala.info\/2009-2015\/wp-json\/wp\/v2\/comments?post=1656"}],"version-history":[{"count":0,"href":"https:\/\/fjala.info\/2009-2015\/wp-json\/wp\/v2\/posts\/1656\/revisions"}],"wp:attachment":[{"href":"https:\/\/fjala.info\/2009-2015\/wp-json\/wp\/v2\/media?parent=1656"}],"wp:term":[{"taxonomy":"category","embeddable":true,"href":"https:\/\/fjala.info\/2009-2015\/wp-json\/wp\/v2\/categories?post=1656"},{"taxonomy":"post_tag","embeddable":true,"href":"https:\/\/fjala.info\/2009-2015\/wp-json\/wp\/v2\/tags?post=1656"}],"curies":[{"name":"wp","href":"https:\/\/api.w.org\/{rel}","templated":true}]}}