{"id":1651,"date":"2012-02-08T22:46:08","date_gmt":"2012-02-08T21:46:08","guid":{"rendered":"http:\/\/fjala.shkoder.net\/?p=1651"},"modified":"2012-02-08T22:46:08","modified_gmt":"2012-02-08T21:46:08","slug":"sos-keta-gjyqtare-jane-me-te-rrezikshem-se-sa-gardistet-vrases","status":"publish","type":"post","link":"https:\/\/fjala.info\/2009-2015\/sos-keta-gjyqtare-jane-me-te-rrezikshem-se-sa-gardistet-vrases\/","title":{"rendered":"SOS: K\u00ebta gjyqtar\u00eb jan\u00eb m\u00eb t\u00eb rreziksh\u00ebm se sa gardist\u00ebt vras\u00ebs"},"content":{"rendered":"<p><img decoding=\"async\" class=\"alignright size-thumbnail wp-image-7236\" title=\"Peshore gjykate\" src=\"http:\/\/www.shkoder.net\/2012\/peshore_gjykate.jpg\" alt=\"\" width=\"300\" \/> Nga <strong>Mustafa Nano<\/strong>, <em>8 Shkurt 2012<\/em><\/p>\n<p>Ndodhi ajo q\u00eb dihej e q\u00eb pritej. Gjykata e Apelit ka rr\u00ebzuar k\u00ebrkes\u00ebn e Prokuroris\u00eb, dhe ka vendosur t\u00eb l\u00ebr\u00eb n\u00eb arrest sht\u00ebpie Ndrea Prendin, i cili \u00ebsht\u00eb akuzuar se ka q\u00eblluar mbi turm\u00ebn m\u00eb 21 janar t\u00eb vitit 2011, dhe ka vrar\u00eb, t\u00eb pakt\u00ebn, protestuesin e opozit\u00ebs, Faik Myrtaj.<\/p>\n<p>Duket e pabesueshme q\u00eb nj\u00eb gjykat\u00eb t\u00eb l\u00ebr\u00eb n\u00eb arrest sht\u00ebpie dik\u00eb q\u00eb \u00ebsht\u00eb akuzuar p\u00ebr nj\u00eb vep\u00ebr t\u00eb till\u00eb penale, por tanim\u00eb jan\u00eb dy gjykata q\u00eb e kan\u00eb b\u00ebr\u00eb k\u00ebt\u00eb. Kjo \u00ebsht\u00eb prova e n-t\u00eb se sistemi yn\u00eb i drejt\u00ebsis\u00eb \u00ebsht\u00eb frikshm\u00ebrisht i korruptuar, materialisht dhe politikisht. N\u00eb k\u00ebto rrethana nuk vlen asnj\u00eb rotacion pushteti, n\u00ebse opozita nuk tregon nj\u00eb plan se \u00e7\u2019do t\u00eb b\u00ebj\u00eb me k\u00ebt\u00eb sistem e se si do t\u00eb sillet me k\u00ebta gjyqtar\u00eb.<\/p>\n<p>A mos vall\u00eb ka ardhur koha q\u00eb opozita t\u00eb b\u00ebj\u00eb premtimin e par\u00eb elektoral: \u201cMe t\u00eb ardhur n\u00eb pushtet, do b\u00ebhet verifikimi i pasuris\u00eb t\u00eb t\u00eb gjith\u00eb gjyqtar\u00ebve, e n\u00eb rast se kjo pasuri nuk justifikohet me t\u00eb ardhurat e tyre personale e legale, gjyqtar\u00ebt duhen q\u00ebruar nga sistemi e duhen ndjekur penalisht (por jo duke i mbajtur n\u00eb arrest sht\u00ebpie)?<\/p>\n<p>http:\/\/respublica.al\/artikuj\/2012\/2\/8\/sos-keta-gjyqtare-jane-me-te-rrezikshem-se-sa-gardistet-vrases<\/p>\n","protected":false},"excerpt":{"rendered":"<p>Nga Mustafa Nano, 8 Shkurt 2012 Ndodhi ajo q\u00eb dihej e q\u00eb pritej. Gjykata e Apelit ka rr\u00ebzuar k\u00ebrkes\u00ebn e Prokuroris\u00eb, dhe ka vendosur t\u00eb l\u00ebr\u00eb n\u00eb arrest sht\u00ebpie Ndrea Prendin, i cili \u00ebsht\u00eb akuzuar se ka q\u00eblluar mbi turm\u00ebn m\u00eb 21 janar t\u00eb vitit 2011, dhe ka vrar\u00eb, t\u00eb pakt\u00ebn, protestuesin e opozit\u00ebs, Faik [&hellip;]<\/p>\n","protected":false},"author":1,"featured_media":0,"comment_status":"open","ping_status":"closed","sticky":false,"template":"","format":"standard","meta":{"footnotes":""},"categories":[2,5],"tags":[],"class_list":{"0":"post-1651","1":"post","2":"type-post","3":"status-publish","4":"format-standard","6":"category-artikuj","7":"category-lajme"},"yoast_head":"<!-- This site is optimized with the Yoast SEO plugin v27.4 - https:\/\/yoast.com\/product\/yoast-seo-wordpress\/ -->\n<title>SOS: K\u00ebta gjyqtar\u00eb jan\u00eb m\u00eb t\u00eb rreziksh\u00ebm se sa gardist\u00ebt vras\u00ebs - FjALA e LIR\u00cb - Arkivi<\/title>\n<meta name=\"robots\" content=\"index, follow, max-snippet:-1, max-image-preview:large, max-video-preview:-1\" \/>\n<link rel=\"canonical\" href=\"https:\/\/fjala.info\/2009-2015\/sos-keta-gjyqtare-jane-me-te-rrezikshem-se-sa-gardistet-vrases\/\" \/>\n<meta property=\"og:locale\" content=\"sq_AL\" \/>\n<meta property=\"og:type\" content=\"article\" \/>\n<meta property=\"og:title\" content=\"SOS: K\u00ebta gjyqtar\u00eb jan\u00eb m\u00eb t\u00eb rreziksh\u00ebm se sa gardist\u00ebt vras\u00ebs - FjALA e LIR\u00cb - Arkivi\" \/>\n<meta property=\"og:description\" content=\"Nga Mustafa Nano, 8 Shkurt 2012 Ndodhi ajo q\u00eb dihej e q\u00eb pritej. Gjykata e Apelit ka rr\u00ebzuar k\u00ebrkes\u00ebn e Prokuroris\u00eb, dhe ka vendosur t\u00eb l\u00ebr\u00eb n\u00eb arrest sht\u00ebpie Ndrea Prendin, i cili \u00ebsht\u00eb akuzuar se ka q\u00eblluar mbi turm\u00ebn m\u00eb 21 janar t\u00eb vitit 2011, dhe ka vrar\u00eb, t\u00eb pakt\u00ebn, protestuesin e opozit\u00ebs, Faik [&hellip;]\" \/>\n<meta property=\"og:url\" content=\"https:\/\/fjala.info\/2009-2015\/sos-keta-gjyqtare-jane-me-te-rrezikshem-se-sa-gardistet-vrases\/\" \/>\n<meta property=\"og:site_name\" content=\"FjALA e LIR\u00cb - Arkivi\" \/>\n<meta property=\"article:published_time\" content=\"2012-02-08T21:46:08+00:00\" \/>\n<meta property=\"og:image\" content=\"http:\/\/www.shkoder.net\/2012\/peshore_gjykate.jpg\" \/>\n<meta name=\"author\" content=\"admin\" \/>\n<meta name=\"twitter:card\" content=\"summary_large_image\" \/>\n<meta name=\"twitter:label1\" content=\"Written by\" \/>\n\t<meta name=\"twitter:data1\" content=\"admin\" \/>\n\t<meta name=\"twitter:label2\" content=\"Est. reading time\" \/>\n\t<meta name=\"twitter:data2\" content=\"1 minute\" \/>\n<script type=\"application\/ld+json\" class=\"yoast-schema-graph\">{\"@context\":\"https:\\\/\\\/schema.org\",\"@graph\":[{\"@type\":\"Article\",\"@id\":\"https:\\\/\\\/fjala.info\\\/2009-2015\\\/sos-keta-gjyqtare-jane-me-te-rrezikshem-se-sa-gardistet-vrases\\\/#article\",\"isPartOf\":{\"@id\":\"https:\\\/\\\/fjala.info\\\/2009-2015\\\/sos-keta-gjyqtare-jane-me-te-rrezikshem-se-sa-gardistet-vrases\\\/\"},\"author\":{\"name\":\"admin\",\"@id\":\"https:\\\/\\\/fjala.info\\\/2009-2015\\\/#\\\/schema\\\/person\\\/3aa1163ef05469c496fc94e77611ada2\"},\"headline\":\"SOS: K\u00ebta gjyqtar\u00eb jan\u00eb m\u00eb t\u00eb rreziksh\u00ebm se sa gardist\u00ebt vras\u00ebs\",\"datePublished\":\"2012-02-08T21:46:08+00:00\",\"mainEntityOfPage\":{\"@id\":\"https:\\\/\\\/fjala.info\\\/2009-2015\\\/sos-keta-gjyqtare-jane-me-te-rrezikshem-se-sa-gardistet-vrases\\\/\"},\"wordCount\":239,\"commentCount\":0,\"publisher\":{\"@id\":\"https:\\\/\\\/fjala.info\\\/2009-2015\\\/#organization\"},\"image\":{\"@id\":\"https:\\\/\\\/fjala.info\\\/2009-2015\\\/sos-keta-gjyqtare-jane-me-te-rrezikshem-se-sa-gardistet-vrases\\\/#primaryimage\"},\"thumbnailUrl\":\"http:\\\/\\\/www.shkoder.net\\\/2012\\\/peshore_gjykate.jpg\",\"articleSection\":[\"Artikuj\",\"Lajme\"],\"inLanguage\":\"sq-AL\",\"potentialAction\":[{\"@type\":\"CommentAction\",\"name\":\"Comment\",\"target\":[\"https:\\\/\\\/fjala.info\\\/2009-2015\\\/sos-keta-gjyqtare-jane-me-te-rrezikshem-se-sa-gardistet-vrases\\\/#respond\"]}]},{\"@type\":\"WebPage\",\"@id\":\"https:\\\/\\\/fjala.info\\\/2009-2015\\\/sos-keta-gjyqtare-jane-me-te-rrezikshem-se-sa-gardistet-vrases\\\/\",\"url\":\"https:\\\/\\\/fjala.info\\\/2009-2015\\\/sos-keta-gjyqtare-jane-me-te-rrezikshem-se-sa-gardistet-vrases\\\/\",\"name\":\"SOS: K\u00ebta gjyqtar\u00eb jan\u00eb m\u00eb t\u00eb rreziksh\u00ebm se sa gardist\u00ebt vras\u00ebs - FjALA e LIR\u00cb - Arkivi\",\"isPartOf\":{\"@id\":\"https:\\\/\\\/fjala.info\\\/2009-2015\\\/#website\"},\"primaryImageOfPage\":{\"@id\":\"https:\\\/\\\/fjala.info\\\/2009-2015\\\/sos-keta-gjyqtare-jane-me-te-rrezikshem-se-sa-gardistet-vrases\\\/#primaryimage\"},\"image\":{\"@id\":\"https:\\\/\\\/fjala.info\\\/2009-2015\\\/sos-keta-gjyqtare-jane-me-te-rrezikshem-se-sa-gardistet-vrases\\\/#primaryimage\"},\"thumbnailUrl\":\"http:\\\/\\\/www.shkoder.net\\\/2012\\\/peshore_gjykate.jpg\",\"datePublished\":\"2012-02-08T21:46:08+00:00\",\"breadcrumb\":{\"@id\":\"https:\\\/\\\/fjala.info\\\/2009-2015\\\/sos-keta-gjyqtare-jane-me-te-rrezikshem-se-sa-gardistet-vrases\\\/#breadcrumb\"},\"inLanguage\":\"sq-AL\",\"potentialAction\":[{\"@type\":\"ReadAction\",\"target\":[\"https:\\\/\\\/fjala.info\\\/2009-2015\\\/sos-keta-gjyqtare-jane-me-te-rrezikshem-se-sa-gardistet-vrases\\\/\"]}]},{\"@type\":\"ImageObject\",\"inLanguage\":\"sq-AL\",\"@id\":\"https:\\\/\\\/fjala.info\\\/2009-2015\\\/sos-keta-gjyqtare-jane-me-te-rrezikshem-se-sa-gardistet-vrases\\\/#primaryimage\",\"url\":\"http:\\\/\\\/www.shkoder.net\\\/2012\\\/peshore_gjykate.jpg\",\"contentUrl\":\"http:\\\/\\\/www.shkoder.net\\\/2012\\\/peshore_gjykate.jpg\"},{\"@type\":\"BreadcrumbList\",\"@id\":\"https:\\\/\\\/fjala.info\\\/2009-2015\\\/sos-keta-gjyqtare-jane-me-te-rrezikshem-se-sa-gardistet-vrases\\\/#breadcrumb\",\"itemListElement\":[{\"@type\":\"ListItem\",\"position\":1,\"name\":\"Home\",\"item\":\"https:\\\/\\\/fjala.info\\\/2009-2015\\\/\"},{\"@type\":\"ListItem\",\"position\":2,\"name\":\"SOS: K\u00ebta gjyqtar\u00eb jan\u00eb m\u00eb t\u00eb rreziksh\u00ebm se sa gardist\u00ebt vras\u00ebs\"}]},{\"@type\":\"WebSite\",\"@id\":\"https:\\\/\\\/fjala.info\\\/2009-2015\\\/#website\",\"url\":\"https:\\\/\\\/fjala.info\\\/2009-2015\\\/\",\"name\":\"FjALA e LIR\u00cb - Arkivi\",\"description\":\"Arkivi 2009-2015\",\"publisher\":{\"@id\":\"https:\\\/\\\/fjala.info\\\/2009-2015\\\/#organization\"},\"potentialAction\":[{\"@type\":\"SearchAction\",\"target\":{\"@type\":\"EntryPoint\",\"urlTemplate\":\"https:\\\/\\\/fjala.info\\\/2009-2015\\\/?s={search_term_string}\"},\"query-input\":{\"@type\":\"PropertyValueSpecification\",\"valueRequired\":true,\"valueName\":\"search_term_string\"}}],\"inLanguage\":\"sq-AL\"},{\"@type\":\"Organization\",\"@id\":\"https:\\\/\\\/fjala.info\\\/2009-2015\\\/#organization\",\"name\":\"FjALA e LIR\u00cb - Arkivi\",\"url\":\"https:\\\/\\\/fjala.info\\\/2009-2015\\\/\",\"logo\":{\"@type\":\"ImageObject\",\"inLanguage\":\"sq-AL\",\"@id\":\"https:\\\/\\\/fjala.info\\\/2009-2015\\\/#\\\/schema\\\/logo\\\/image\\\/\",\"url\":\"\",\"contentUrl\":\"\",\"caption\":\"FjALA e LIR\u00cb - Arkivi\"},\"image\":{\"@id\":\"https:\\\/\\\/fjala.info\\\/2009-2015\\\/#\\\/schema\\\/logo\\\/image\\\/\"}},{\"@type\":\"Person\",\"@id\":\"https:\\\/\\\/fjala.info\\\/2009-2015\\\/#\\\/schema\\\/person\\\/3aa1163ef05469c496fc94e77611ada2\",\"name\":\"admin\",\"image\":{\"@type\":\"ImageObject\",\"inLanguage\":\"sq-AL\",\"@id\":\"https:\\\/\\\/fjala.info\\\/2009-2015\\\/wp-content\\\/uploads\\\/2012\\\/02\\\/arben_cokaj-120x150.jpg\",\"url\":\"https:\\\/\\\/fjala.info\\\/2009-2015\\\/wp-content\\\/uploads\\\/2012\\\/02\\\/arben_cokaj-120x150.jpg\",\"contentUrl\":\"https:\\\/\\\/fjala.info\\\/2009-2015\\\/wp-content\\\/uploads\\\/2012\\\/02\\\/arben_cokaj-120x150.jpg\",\"caption\":\"admin\"},\"description\":\"Admin, Fjala e Lir\u00eb\",\"sameAs\":[\"https:\\\/\\\/fjala.info\\\/\"],\"url\":\"https:\\\/\\\/fjala.info\\\/2009-2015\\\/author\\\/admin\\\/\"}]}<\/script>\n<!-- \/ Yoast SEO plugin. -->","yoast_head_json":{"title":"SOS: K\u00ebta gjyqtar\u00eb jan\u00eb m\u00eb t\u00eb rreziksh\u00ebm se sa gardist\u00ebt vras\u00ebs - FjALA e LIR\u00cb - Arkivi","robots":{"index":"index","follow":"follow","max-snippet":"max-snippet:-1","max-image-preview":"max-image-preview:large","max-video-preview":"max-video-preview:-1"},"canonical":"https:\/\/fjala.info\/2009-2015\/sos-keta-gjyqtare-jane-me-te-rrezikshem-se-sa-gardistet-vrases\/","og_locale":"sq_AL","og_type":"article","og_title":"SOS: K\u00ebta gjyqtar\u00eb jan\u00eb m\u00eb t\u00eb rreziksh\u00ebm se sa gardist\u00ebt vras\u00ebs - FjALA e LIR\u00cb - Arkivi","og_description":"Nga Mustafa Nano, 8 Shkurt 2012 Ndodhi ajo q\u00eb dihej e q\u00eb pritej. Gjykata e Apelit ka rr\u00ebzuar k\u00ebrkes\u00ebn e Prokuroris\u00eb, dhe ka vendosur t\u00eb l\u00ebr\u00eb n\u00eb arrest sht\u00ebpie Ndrea Prendin, i cili \u00ebsht\u00eb akuzuar se ka q\u00eblluar mbi turm\u00ebn m\u00eb 21 janar t\u00eb vitit 2011, dhe ka vrar\u00eb, t\u00eb pakt\u00ebn, protestuesin e opozit\u00ebs, Faik [&hellip;]","og_url":"https:\/\/fjala.info\/2009-2015\/sos-keta-gjyqtare-jane-me-te-rrezikshem-se-sa-gardistet-vrases\/","og_site_name":"FjALA e LIR\u00cb - Arkivi","article_published_time":"2012-02-08T21:46:08+00:00","og_image":[{"url":"http:\/\/www.shkoder.net\/2012\/peshore_gjykate.jpg","type":"","width":"","height":""}],"author":"admin","twitter_card":"summary_large_image","twitter_misc":{"Written by":"admin","Est. reading time":"1 minute"},"schema":{"@context":"https:\/\/schema.org","@graph":[{"@type":"Article","@id":"https:\/\/fjala.info\/2009-2015\/sos-keta-gjyqtare-jane-me-te-rrezikshem-se-sa-gardistet-vrases\/#article","isPartOf":{"@id":"https:\/\/fjala.info\/2009-2015\/sos-keta-gjyqtare-jane-me-te-rrezikshem-se-sa-gardistet-vrases\/"},"author":{"name":"admin","@id":"https:\/\/fjala.info\/2009-2015\/#\/schema\/person\/3aa1163ef05469c496fc94e77611ada2"},"headline":"SOS: K\u00ebta gjyqtar\u00eb jan\u00eb m\u00eb t\u00eb rreziksh\u00ebm se sa gardist\u00ebt vras\u00ebs","datePublished":"2012-02-08T21:46:08+00:00","mainEntityOfPage":{"@id":"https:\/\/fjala.info\/2009-2015\/sos-keta-gjyqtare-jane-me-te-rrezikshem-se-sa-gardistet-vrases\/"},"wordCount":239,"commentCount":0,"publisher":{"@id":"https:\/\/fjala.info\/2009-2015\/#organization"},"image":{"@id":"https:\/\/fjala.info\/2009-2015\/sos-keta-gjyqtare-jane-me-te-rrezikshem-se-sa-gardistet-vrases\/#primaryimage"},"thumbnailUrl":"http:\/\/www.shkoder.net\/2012\/peshore_gjykate.jpg","articleSection":["Artikuj","Lajme"],"inLanguage":"sq-AL","potentialAction":[{"@type":"CommentAction","name":"Comment","target":["https:\/\/fjala.info\/2009-2015\/sos-keta-gjyqtare-jane-me-te-rrezikshem-se-sa-gardistet-vrases\/#respond"]}]},{"@type":"WebPage","@id":"https:\/\/fjala.info\/2009-2015\/sos-keta-gjyqtare-jane-me-te-rrezikshem-se-sa-gardistet-vrases\/","url":"https:\/\/fjala.info\/2009-2015\/sos-keta-gjyqtare-jane-me-te-rrezikshem-se-sa-gardistet-vrases\/","name":"SOS: K\u00ebta gjyqtar\u00eb jan\u00eb m\u00eb t\u00eb rreziksh\u00ebm se sa gardist\u00ebt vras\u00ebs - FjALA e LIR\u00cb - Arkivi","isPartOf":{"@id":"https:\/\/fjala.info\/2009-2015\/#website"},"primaryImageOfPage":{"@id":"https:\/\/fjala.info\/2009-2015\/sos-keta-gjyqtare-jane-me-te-rrezikshem-se-sa-gardistet-vrases\/#primaryimage"},"image":{"@id":"https:\/\/fjala.info\/2009-2015\/sos-keta-gjyqtare-jane-me-te-rrezikshem-se-sa-gardistet-vrases\/#primaryimage"},"thumbnailUrl":"http:\/\/www.shkoder.net\/2012\/peshore_gjykate.jpg","datePublished":"2012-02-08T21:46:08+00:00","breadcrumb":{"@id":"https:\/\/fjala.info\/2009-2015\/sos-keta-gjyqtare-jane-me-te-rrezikshem-se-sa-gardistet-vrases\/#breadcrumb"},"inLanguage":"sq-AL","potentialAction":[{"@type":"ReadAction","target":["https:\/\/fjala.info\/2009-2015\/sos-keta-gjyqtare-jane-me-te-rrezikshem-se-sa-gardistet-vrases\/"]}]},{"@type":"ImageObject","inLanguage":"sq-AL","@id":"https:\/\/fjala.info\/2009-2015\/sos-keta-gjyqtare-jane-me-te-rrezikshem-se-sa-gardistet-vrases\/#primaryimage","url":"http:\/\/www.shkoder.net\/2012\/peshore_gjykate.jpg","contentUrl":"http:\/\/www.shkoder.net\/2012\/peshore_gjykate.jpg"},{"@type":"BreadcrumbList","@id":"https:\/\/fjala.info\/2009-2015\/sos-keta-gjyqtare-jane-me-te-rrezikshem-se-sa-gardistet-vrases\/#breadcrumb","itemListElement":[{"@type":"ListItem","position":1,"name":"Home","item":"https:\/\/fjala.info\/2009-2015\/"},{"@type":"ListItem","position":2,"name":"SOS: K\u00ebta gjyqtar\u00eb jan\u00eb m\u00eb t\u00eb rreziksh\u00ebm se sa gardist\u00ebt vras\u00ebs"}]},{"@type":"WebSite","@id":"https:\/\/fjala.info\/2009-2015\/#website","url":"https:\/\/fjala.info\/2009-2015\/","name":"FjALA e LIR\u00cb - Arkivi","description":"Arkivi 2009-2015","publisher":{"@id":"https:\/\/fjala.info\/2009-2015\/#organization"},"potentialAction":[{"@type":"SearchAction","target":{"@type":"EntryPoint","urlTemplate":"https:\/\/fjala.info\/2009-2015\/?s={search_term_string}"},"query-input":{"@type":"PropertyValueSpecification","valueRequired":true,"valueName":"search_term_string"}}],"inLanguage":"sq-AL"},{"@type":"Organization","@id":"https:\/\/fjala.info\/2009-2015\/#organization","name":"FjALA e LIR\u00cb - Arkivi","url":"https:\/\/fjala.info\/2009-2015\/","logo":{"@type":"ImageObject","inLanguage":"sq-AL","@id":"https:\/\/fjala.info\/2009-2015\/#\/schema\/logo\/image\/","url":"","contentUrl":"","caption":"FjALA e LIR\u00cb - Arkivi"},"image":{"@id":"https:\/\/fjala.info\/2009-2015\/#\/schema\/logo\/image\/"}},{"@type":"Person","@id":"https:\/\/fjala.info\/2009-2015\/#\/schema\/person\/3aa1163ef05469c496fc94e77611ada2","name":"admin","image":{"@type":"ImageObject","inLanguage":"sq-AL","@id":"https:\/\/fjala.info\/2009-2015\/wp-content\/uploads\/2012\/02\/arben_cokaj-120x150.jpg","url":"https:\/\/fjala.info\/2009-2015\/wp-content\/uploads\/2012\/02\/arben_cokaj-120x150.jpg","contentUrl":"https:\/\/fjala.info\/2009-2015\/wp-content\/uploads\/2012\/02\/arben_cokaj-120x150.jpg","caption":"admin"},"description":"Admin, Fjala e Lir\u00eb","sameAs":["https:\/\/fjala.info\/"],"url":"https:\/\/fjala.info\/2009-2015\/author\/admin\/"}]}},"_links":{"self":[{"href":"https:\/\/fjala.info\/2009-2015\/wp-json\/wp\/v2\/posts\/1651","targetHints":{"allow":["GET"]}}],"collection":[{"href":"https:\/\/fjala.info\/2009-2015\/wp-json\/wp\/v2\/posts"}],"about":[{"href":"https:\/\/fjala.info\/2009-2015\/wp-json\/wp\/v2\/types\/post"}],"author":[{"embeddable":true,"href":"https:\/\/fjala.info\/2009-2015\/wp-json\/wp\/v2\/users\/1"}],"replies":[{"embeddable":true,"href":"https:\/\/fjala.info\/2009-2015\/wp-json\/wp\/v2\/comments?post=1651"}],"version-history":[{"count":0,"href":"https:\/\/fjala.info\/2009-2015\/wp-json\/wp\/v2\/posts\/1651\/revisions"}],"wp:attachment":[{"href":"https:\/\/fjala.info\/2009-2015\/wp-json\/wp\/v2\/media?parent=1651"}],"wp:term":[{"taxonomy":"category","embeddable":true,"href":"https:\/\/fjala.info\/2009-2015\/wp-json\/wp\/v2\/categories?post=1651"},{"taxonomy":"post_tag","embeddable":true,"href":"https:\/\/fjala.info\/2009-2015\/wp-json\/wp\/v2\/tags?post=1651"}],"curies":[{"name":"wp","href":"https:\/\/api.w.org\/{rel}","templated":true}]}}