{"id":165,"date":"2011-11-15T23:39:10","date_gmt":"2011-11-15T22:39:10","guid":{"rendered":"http:\/\/fjala.shkoder.net\/?p=165"},"modified":"2011-11-15T23:39:10","modified_gmt":"2011-11-15T22:39:10","slug":"ja-pse-shtepia-botuese-dudaj-do-ta-coje-ne-gjyq-g-sh","status":"publish","type":"post","link":"https:\/\/fjala.info\/2009-2015\/ja-pse-shtepia-botuese-dudaj-do-ta-coje-ne-gjyq-g-sh\/","title":{"rendered":"JA PSE SHTEPIA BOTUESE DUDAJ DO TA \u00c7OJE NE GJYQ \u2018G.SH\u2019"},"content":{"rendered":"<p><img decoding=\"async\" class=\"alignright size-thumbnail wp-image-7236\" title=\"Arlinda Dudaj\" src=\"http:\/\/www.shkoder.net\/images\/fjala\/2011\/arlinda_dudaj.jpg\" alt=\"\" width=\"150\" \/> <strong>Arlinda Dudaj<\/strong><br \/>\n<em>Drejtore e Sht\u00ebpis\u00eb Botuese Dudaj <\/em><\/p>\n<p>Gazeta Shqiptare jo vet\u00ebm e ka p\u00ebrdorur librin \u201cKurban\u201d pa u kujdesur s\u00eb paku t\u00eb marr\u00eb nj\u00eb leje, si\u00e7 ka b\u00ebr\u00eb mir\u00ebsisht ndonj\u00eb gazet\u00eb tjet\u00ebr, por e ka masakruar deri ku s\u2019durohet hi\u00e7 tekstin letrar. Arsyeja pse po e shkruaj k\u00ebt\u00eb let\u00ebr shpjeguese q\u00eb shpresoj t\u00eb botohet, \u00ebsht\u00eb nj\u00eb p\u00ebrpjekje e habitshme e Gazet\u00ebs Shqiptare p\u00ebr t\u2019u justifikuar n\u00eb numrin e saj t\u00eb s\u00eb h\u00ebn\u00ebs 14 n\u00ebntor. Po edhe m\u00eb i habitsh\u00ebm \u00ebsht\u00eb fakti se Gazeta Shqiptare vendos madje faksimile t\u00eb faqeve t\u00eb librit p\u00ebr t\u00eb provuar se nuk e ka masakruar tekstin. Sepse pik\u00ebrisht faksimilet e krahasuara me titujt abuziv\u00eb t\u00eb gazet\u00ebs, provojn\u00eb bazueshm\u00ebrin\u00eb e plot\u00eb t\u00eb padis\u00eb q\u00eb sht\u00ebpia jon\u00eb botuese do t\u00eb b\u00ebj\u00eb ndaj Gazet\u00ebs Shqiptare.<\/p>\n<p>Por le t\u2019i marrim me rradh\u00eb edhe pse, duke par\u00eb se \u00e7far\u00eb respekti tregon n\u00eb k\u00ebt\u00eb rast gazeta p\u00ebr gjuh\u00ebn shqipe, ky mund t\u00eb jet\u00eb nj\u00eb ushtrim i kot\u00eb. E le ta fillojm\u00eb nga fakti q\u00eb n\u00eb ballafaqimin e faksimileve Gazeta Shqiptare \u00ebsht\u00eb kujdesur ta fsheh\u00eb etiketimin e sajuar prej vet\u00eb asaj, kur citon lart n\u00eb titull Edi Ram\u00ebn t\u00eb ket\u00eb shkruar se mbreti Zog \u00ebsht\u00eb \u201ctradh\u00ebtar\u201d. Ky etiketim nuk ekziston asgj\u00ebkundi n\u00eb tekst, pse Gazeta Shqiptare e ka v\u00ebn\u00eb n\u00eb goj\u00ebn e autorit?<\/p>\n<p>K\u00ebt\u00eb do ta m\u00ebsojm\u00eb ndoshta n\u00eb gjyq. Vazhdojm\u00eb. N\u00eb tekst, si\u00e7 provon faksimilja, Edi Rama shkruan p\u00ebr mbret\u00ebresh\u00ebn rrezatuese q\u00eb mbante n\u00eb gjirin e bukur djalin dydit\u00ebsh, nd\u00ebrsa Gazeta Shqiptare titullon vrazhd\u00eb: Geraldina, me gjinj t\u00eb bukur! A mund t\u00eb barbarizohet m\u00eb keq se kaq let\u00ebrsia, duke e kthyer nj\u00eb p\u00ebrshkrim poetik n\u00eb nj\u00eb kumt vulgar dhe duke e v\u00ebn\u00eb n\u00eb goj\u00ebn e autorit pa asnj\u00eb gajle?<\/p>\n<p>Ose kur Edi Rama shkruan se vuan qysh n\u00eb f\u00ebmij\u00ebri nga nj\u00eb astm\u00eb bronkiale, p\u00ebrs\u00ebri kemi nj\u00eb tekst dhe nj\u00eb kontekst, q\u00eb s\u2019ka t\u00eb b\u00ebj\u00eb gj\u00ebkundi as n\u00eb form\u00eb as n\u00eb ting\u00ebllim me titullin banal t\u00eb Gazet\u00ebs Shqiptare: \u201cJam azmatik kronik\u201d.<\/p>\n<p>Sigurisht q\u00eb kush i ka b\u00ebr\u00eb apo lejuar k\u00ebto pa\u00e7avra q\u00eb fyejn\u00eb shqipen e lart\u00eb t\u00eb autorit t\u00eb \u201cKurban\u201d-it, ka pak mund\u00ebsi t\u00eb kuptoj\u00eb se \u00e7far\u00eb po them. Mund t\u2019i duken krejt normale dhe t\u00eb habitet se me \u00e7far\u00eb habitet sht\u00ebpia jon\u00eb botuese. Por masakra q\u00eb ka pasuar shfryt\u00ebzimin e paligjsh\u00ebm t\u00eb librit s\u2019\u00ebsht\u00eb vet\u00ebm kaq. S\u2019\u00ebsht\u00eb vet\u00ebm \u00e7\u00ebshtje \u201cnuancash\u201d. Esht\u00eb ende m\u00eb shum\u00eb se kaq. Sepse edhe n\u00eb botimin e copave q\u00eb kan\u00eb mbushur k\u00ebto dit\u00eb faqet e saj, Gazeta Shqiptare i ka montuar tekstet sipas qejfit apo vendit q\u00eb ka pasur n\u00eb dispozicion! Jan\u00eb prer\u00eb e ngjitur arbitrarisht pjes\u00eb t\u00eb t\u00ebra duke e shp\u00ebrfytyruar fare vij\u00ebn melodike t\u00eb tekstit origjinal. E kjo ka vet\u00ebm nj\u00eb em\u00ebr: Barbari!<\/p>\n<p>Gazeta Shqiptare p\u00ebrpiqet t\u00eb argumentoj\u00eb se vendosi t\u00eb botoj\u00eb pjes\u00eb t\u00eb librit \u201cKurban\u201d p\u00ebr nj\u00eb \u201carsye shum\u00eb t\u00eb thjesht\u00eb\u201d si\u00e7 shprehet shum\u00eb habitsh\u00ebm. Citoj: \u201cP\u00ebr t\u2019iu sh\u00ebrbyer maksimalisht lexuesve t\u00eb saj, t\u00eb cil\u00ebt pavar\u00ebsisht k\u00ebrsh\u00ebris\u00eb s\u00eb madhe e kishin t\u00eb pamundur ta lexonin \u201cKurbanin\u201d n\u00eb internet\u201d. \u201cE p\u00ebr m\u00eb tep\u00ebr\u201d, vijon argumentimi i habitsh\u00ebm,\u201dky ishte nj\u00eb sh\u00ebrbim i ve\u00e7ant\u00eb q\u00eb (GSH) vendosi ta b\u00ebnte ndaj t\u00eb gjith\u00eb atyre lexuesve q\u00eb n\u00eb kushte t\u00eb v\u00ebshtira ekonomike e kan\u00eb t\u00eb pamundur ta blejn\u00eb librin n\u00eb treg kundrejt nj\u00eb \u00e7mimi prej 10 mij\u00eb lek\u00ebsh t\u00eb vjetra\u201d!<\/p>\n<p>S\u2019besoj se do t\u00eb ndodhte kund n\u00eb bot\u00eb q\u00eb nj\u00eb gazet\u00eb t\u00eb mb\u00ebrrinte deri n\u00eb pik\u00ebn kulmore t\u00eb justifikimit t\u00eb vjedhjes s\u00eb nj\u00eb prone intelektuale dhe t\u00eb shp\u00ebrdorimit abuziv t\u00eb saj si nj\u00eb akt humanizmi! Pra qenka m\u00eb \u201csociale\u201d q\u00eb lexuesit e Gazet\u00ebs Shqiptare ta blejn\u00eb gazet\u00ebn 500 lek\u00eb t\u00eb vjetra \u00e7do dit\u00eb, p\u00ebr t\u00eb lexuar copa e \u00e7ika nga libri \u201cKurban\u201d, t\u00eb prera e t\u00eb ngjitura si s\u2019ka m\u00eb mjerisht dhe t\u00eb ambalazhuara si mos m\u00eb keq me tituj abuziv\u00eb, se sa t\u00eb blejn\u00eb 444 faqet e librit t\u00eb plot\u00eb p\u00ebr 10 mij\u00eb lek\u00eb t\u00eb vjetra! N\u00ebnvizoj se sht\u00ebpin\u00eb ton\u00eb botuese nuk e shqet\u00ebson fare n\u00eb k\u00ebt\u00eb rast aspekti komercial, sepse pavar\u00ebsisht vulgaritetit me t\u00eb cilin \u00ebsht\u00eb keqtrajtuar vepra n\u00eb fjal\u00eb n\u00eb faqet e Gazet\u00ebs Shqiptare, ritmi i shitjes s\u00eb librit \u201cKurban\u201d \u00ebsht\u00eb absolutisht marramend\u00ebs.<\/p>\n<p>\u00c7ka ne na \u00e7on drejt rrug\u00ebs gjyq\u00ebsore me k\u00ebt\u00eb gazet\u00eb \u00ebsht\u00eb fakti se kurr\u00ebsesi nj\u00eb lib\u00ebr nuk mund t\u00eb mblla\u00e7itet k\u00ebshtu si pjes\u00eb e konsumit t\u00eb ngutsh\u00ebm t\u00eb banaliteteve t\u00eb dit\u00ebs. Askush s\u2019ka t\u00eb drejt\u00eb ta b\u00ebj\u00eb k\u00ebt\u00eb, si\u00e7 nuk ka t\u00eb drejt\u00eb askush t\u00eb trajtoj\u00eb librin si mall pa zot. Libri \u00ebsht\u00eb nj\u00eb pron\u00eb q\u00eb si \u00e7do pron\u00eb \u00ebsht\u00eb e shenjt\u00eb dhe mbrohet me ligj e me gjyq kur \u00ebsht\u00eb nevoja. Dhe n\u00eb k\u00ebt\u00eb rast \u00ebsht\u00eb q\u00eb \u00e7\u2019ke me t\u00eb nevoja. Jo thjesht p\u00ebr \u201cKurban\u201d-in e Edi Ram\u00ebs, po p\u00ebr t\u00eb mos lejuar kurbanizimin e librave n\u00eb pazarin e p\u00ebrditsh\u00ebm t\u00eb shtypit t\u00eb shkruar dhe r\u00ebndom t\u00eb keqshkruar shqiptar.<\/p>\n<p>Me shpres\u00ebn q\u00eb ky tekst do t\u00eb botohet i pac\u00ebnuar dhe autorja e k\u00ebtyre rradh\u00ebve nuk do t\u00eb citohet shtremb\u00ebr n\u00eb funksion t\u00eb kultur\u00ebs s\u00eb titujve abuziv\u00eb, uroj q\u00eb kjo p\u00ebrpjekje t\u00eb vlej\u00eb sadopak p\u00ebr t\u00eb kuptuar e respektuar nj\u00ebri-tjetrin dhe pun\u00ebn e secilit.<\/p>\n","protected":false},"excerpt":{"rendered":"<p>Arlinda Dudaj Drejtore e Sht\u00ebpis\u00eb Botuese Dudaj Gazeta Shqiptare jo vet\u00ebm e ka p\u00ebrdorur librin \u201cKurban\u201d pa u kujdesur s\u00eb paku t\u00eb marr\u00eb nj\u00eb leje, si\u00e7 ka b\u00ebr\u00eb mir\u00ebsisht ndonj\u00eb gazet\u00eb tjet\u00ebr, por e ka masakruar deri ku s\u2019durohet hi\u00e7 tekstin letrar. Arsyeja pse po e shkruaj k\u00ebt\u00eb let\u00ebr shpjeguese q\u00eb shpresoj t\u00eb botohet, \u00ebsht\u00eb [&hellip;]<\/p>\n","protected":false},"author":1,"featured_media":0,"comment_status":"open","ping_status":"closed","sticky":false,"template":"","format":"standard","meta":{"footnotes":""},"categories":[2],"tags":[],"class_list":{"0":"post-165","1":"post","2":"type-post","3":"status-publish","4":"format-standard","6":"category-artikuj"},"yoast_head":"<!-- This site is optimized with the Yoast SEO plugin v27.4 - https:\/\/yoast.com\/product\/yoast-seo-wordpress\/ -->\n<title>JA PSE SHTEPIA BOTUESE DUDAJ DO TA \u00c7OJE NE GJYQ \u2018G.SH\u2019 - FjALA e LIR\u00cb - Arkivi<\/title>\n<meta name=\"robots\" content=\"index, follow, max-snippet:-1, max-image-preview:large, max-video-preview:-1\" \/>\n<link rel=\"canonical\" href=\"https:\/\/fjala.info\/2009-2015\/ja-pse-shtepia-botuese-dudaj-do-ta-coje-ne-gjyq-g-sh\/\" \/>\n<meta property=\"og:locale\" content=\"sq_AL\" \/>\n<meta property=\"og:type\" content=\"article\" \/>\n<meta property=\"og:title\" content=\"JA PSE SHTEPIA BOTUESE DUDAJ DO TA \u00c7OJE NE GJYQ \u2018G.SH\u2019 - FjALA e LIR\u00cb - Arkivi\" \/>\n<meta property=\"og:description\" content=\"Arlinda Dudaj Drejtore e Sht\u00ebpis\u00eb Botuese Dudaj Gazeta Shqiptare jo vet\u00ebm e ka p\u00ebrdorur librin \u201cKurban\u201d pa u kujdesur s\u00eb paku t\u00eb marr\u00eb nj\u00eb leje, si\u00e7 ka b\u00ebr\u00eb mir\u00ebsisht ndonj\u00eb gazet\u00eb tjet\u00ebr, por e ka masakruar deri ku s\u2019durohet hi\u00e7 tekstin letrar. Arsyeja pse po e shkruaj k\u00ebt\u00eb let\u00ebr shpjeguese q\u00eb shpresoj t\u00eb botohet, \u00ebsht\u00eb [&hellip;]\" \/>\n<meta property=\"og:url\" content=\"https:\/\/fjala.info\/2009-2015\/ja-pse-shtepia-botuese-dudaj-do-ta-coje-ne-gjyq-g-sh\/\" \/>\n<meta property=\"og:site_name\" content=\"FjALA e LIR\u00cb - Arkivi\" \/>\n<meta property=\"article:published_time\" content=\"2011-11-15T22:39:10+00:00\" \/>\n<meta property=\"og:image\" content=\"http:\/\/www.shkoder.net\/images\/fjala\/2011\/arlinda_dudaj.jpg\" \/>\n<meta name=\"author\" content=\"admin\" \/>\n<meta name=\"twitter:card\" content=\"summary_large_image\" \/>\n<meta name=\"twitter:label1\" content=\"Written by\" \/>\n\t<meta name=\"twitter:data1\" content=\"admin\" \/>\n\t<meta name=\"twitter:label2\" content=\"Est. reading time\" \/>\n\t<meta name=\"twitter:data2\" content=\"5 minutes\" \/>\n<script type=\"application\/ld+json\" class=\"yoast-schema-graph\">{\"@context\":\"https:\\\/\\\/schema.org\",\"@graph\":[{\"@type\":\"Article\",\"@id\":\"https:\\\/\\\/fjala.info\\\/2009-2015\\\/ja-pse-shtepia-botuese-dudaj-do-ta-coje-ne-gjyq-g-sh\\\/#article\",\"isPartOf\":{\"@id\":\"https:\\\/\\\/fjala.info\\\/2009-2015\\\/ja-pse-shtepia-botuese-dudaj-do-ta-coje-ne-gjyq-g-sh\\\/\"},\"author\":{\"name\":\"admin\",\"@id\":\"https:\\\/\\\/fjala.info\\\/2009-2015\\\/#\\\/schema\\\/person\\\/3aa1163ef05469c496fc94e77611ada2\"},\"headline\":\"JA PSE SHTEPIA BOTUESE DUDAJ DO TA \u00c7OJE NE GJYQ \u2018G.SH\u2019\",\"datePublished\":\"2011-11-15T22:39:10+00:00\",\"mainEntityOfPage\":{\"@id\":\"https:\\\/\\\/fjala.info\\\/2009-2015\\\/ja-pse-shtepia-botuese-dudaj-do-ta-coje-ne-gjyq-g-sh\\\/\"},\"wordCount\":964,\"commentCount\":0,\"publisher\":{\"@id\":\"https:\\\/\\\/fjala.info\\\/2009-2015\\\/#organization\"},\"image\":{\"@id\":\"https:\\\/\\\/fjala.info\\\/2009-2015\\\/ja-pse-shtepia-botuese-dudaj-do-ta-coje-ne-gjyq-g-sh\\\/#primaryimage\"},\"thumbnailUrl\":\"http:\\\/\\\/www.shkoder.net\\\/images\\\/fjala\\\/2011\\\/arlinda_dudaj.jpg\",\"articleSection\":[\"Artikuj\"],\"inLanguage\":\"sq-AL\",\"potentialAction\":[{\"@type\":\"CommentAction\",\"name\":\"Comment\",\"target\":[\"https:\\\/\\\/fjala.info\\\/2009-2015\\\/ja-pse-shtepia-botuese-dudaj-do-ta-coje-ne-gjyq-g-sh\\\/#respond\"]}]},{\"@type\":\"WebPage\",\"@id\":\"https:\\\/\\\/fjala.info\\\/2009-2015\\\/ja-pse-shtepia-botuese-dudaj-do-ta-coje-ne-gjyq-g-sh\\\/\",\"url\":\"https:\\\/\\\/fjala.info\\\/2009-2015\\\/ja-pse-shtepia-botuese-dudaj-do-ta-coje-ne-gjyq-g-sh\\\/\",\"name\":\"JA PSE SHTEPIA BOTUESE DUDAJ DO TA \u00c7OJE NE GJYQ \u2018G.SH\u2019 - FjALA e LIR\u00cb - Arkivi\",\"isPartOf\":{\"@id\":\"https:\\\/\\\/fjala.info\\\/2009-2015\\\/#website\"},\"primaryImageOfPage\":{\"@id\":\"https:\\\/\\\/fjala.info\\\/2009-2015\\\/ja-pse-shtepia-botuese-dudaj-do-ta-coje-ne-gjyq-g-sh\\\/#primaryimage\"},\"image\":{\"@id\":\"https:\\\/\\\/fjala.info\\\/2009-2015\\\/ja-pse-shtepia-botuese-dudaj-do-ta-coje-ne-gjyq-g-sh\\\/#primaryimage\"},\"thumbnailUrl\":\"http:\\\/\\\/www.shkoder.net\\\/images\\\/fjala\\\/2011\\\/arlinda_dudaj.jpg\",\"datePublished\":\"2011-11-15T22:39:10+00:00\",\"breadcrumb\":{\"@id\":\"https:\\\/\\\/fjala.info\\\/2009-2015\\\/ja-pse-shtepia-botuese-dudaj-do-ta-coje-ne-gjyq-g-sh\\\/#breadcrumb\"},\"inLanguage\":\"sq-AL\",\"potentialAction\":[{\"@type\":\"ReadAction\",\"target\":[\"https:\\\/\\\/fjala.info\\\/2009-2015\\\/ja-pse-shtepia-botuese-dudaj-do-ta-coje-ne-gjyq-g-sh\\\/\"]}]},{\"@type\":\"ImageObject\",\"inLanguage\":\"sq-AL\",\"@id\":\"https:\\\/\\\/fjala.info\\\/2009-2015\\\/ja-pse-shtepia-botuese-dudaj-do-ta-coje-ne-gjyq-g-sh\\\/#primaryimage\",\"url\":\"http:\\\/\\\/www.shkoder.net\\\/images\\\/fjala\\\/2011\\\/arlinda_dudaj.jpg\",\"contentUrl\":\"http:\\\/\\\/www.shkoder.net\\\/images\\\/fjala\\\/2011\\\/arlinda_dudaj.jpg\"},{\"@type\":\"BreadcrumbList\",\"@id\":\"https:\\\/\\\/fjala.info\\\/2009-2015\\\/ja-pse-shtepia-botuese-dudaj-do-ta-coje-ne-gjyq-g-sh\\\/#breadcrumb\",\"itemListElement\":[{\"@type\":\"ListItem\",\"position\":1,\"name\":\"Home\",\"item\":\"https:\\\/\\\/fjala.info\\\/2009-2015\\\/\"},{\"@type\":\"ListItem\",\"position\":2,\"name\":\"JA PSE SHTEPIA BOTUESE DUDAJ DO TA \u00c7OJE NE GJYQ \u2018G.SH\u2019\"}]},{\"@type\":\"WebSite\",\"@id\":\"https:\\\/\\\/fjala.info\\\/2009-2015\\\/#website\",\"url\":\"https:\\\/\\\/fjala.info\\\/2009-2015\\\/\",\"name\":\"FjALA e LIR\u00cb - Arkivi\",\"description\":\"Arkivi 2009-2015\",\"publisher\":{\"@id\":\"https:\\\/\\\/fjala.info\\\/2009-2015\\\/#organization\"},\"potentialAction\":[{\"@type\":\"SearchAction\",\"target\":{\"@type\":\"EntryPoint\",\"urlTemplate\":\"https:\\\/\\\/fjala.info\\\/2009-2015\\\/?s={search_term_string}\"},\"query-input\":{\"@type\":\"PropertyValueSpecification\",\"valueRequired\":true,\"valueName\":\"search_term_string\"}}],\"inLanguage\":\"sq-AL\"},{\"@type\":\"Organization\",\"@id\":\"https:\\\/\\\/fjala.info\\\/2009-2015\\\/#organization\",\"name\":\"FjALA e LIR\u00cb - Arkivi\",\"url\":\"https:\\\/\\\/fjala.info\\\/2009-2015\\\/\",\"logo\":{\"@type\":\"ImageObject\",\"inLanguage\":\"sq-AL\",\"@id\":\"https:\\\/\\\/fjala.info\\\/2009-2015\\\/#\\\/schema\\\/logo\\\/image\\\/\",\"url\":\"\",\"contentUrl\":\"\",\"caption\":\"FjALA e LIR\u00cb - Arkivi\"},\"image\":{\"@id\":\"https:\\\/\\\/fjala.info\\\/2009-2015\\\/#\\\/schema\\\/logo\\\/image\\\/\"}},{\"@type\":\"Person\",\"@id\":\"https:\\\/\\\/fjala.info\\\/2009-2015\\\/#\\\/schema\\\/person\\\/3aa1163ef05469c496fc94e77611ada2\",\"name\":\"admin\",\"image\":{\"@type\":\"ImageObject\",\"inLanguage\":\"sq-AL\",\"@id\":\"https:\\\/\\\/fjala.info\\\/2009-2015\\\/wp-content\\\/uploads\\\/2012\\\/02\\\/arben_cokaj-120x150.jpg\",\"url\":\"https:\\\/\\\/fjala.info\\\/2009-2015\\\/wp-content\\\/uploads\\\/2012\\\/02\\\/arben_cokaj-120x150.jpg\",\"contentUrl\":\"https:\\\/\\\/fjala.info\\\/2009-2015\\\/wp-content\\\/uploads\\\/2012\\\/02\\\/arben_cokaj-120x150.jpg\",\"caption\":\"admin\"},\"description\":\"Admin, Fjala e Lir\u00eb\",\"sameAs\":[\"https:\\\/\\\/fjala.info\\\/\"],\"url\":\"https:\\\/\\\/fjala.info\\\/2009-2015\\\/author\\\/admin\\\/\"}]}<\/script>\n<!-- \/ Yoast SEO plugin. -->","yoast_head_json":{"title":"JA PSE SHTEPIA BOTUESE DUDAJ DO TA \u00c7OJE NE GJYQ \u2018G.SH\u2019 - FjALA e LIR\u00cb - Arkivi","robots":{"index":"index","follow":"follow","max-snippet":"max-snippet:-1","max-image-preview":"max-image-preview:large","max-video-preview":"max-video-preview:-1"},"canonical":"https:\/\/fjala.info\/2009-2015\/ja-pse-shtepia-botuese-dudaj-do-ta-coje-ne-gjyq-g-sh\/","og_locale":"sq_AL","og_type":"article","og_title":"JA PSE SHTEPIA BOTUESE DUDAJ DO TA \u00c7OJE NE GJYQ \u2018G.SH\u2019 - FjALA e LIR\u00cb - Arkivi","og_description":"Arlinda Dudaj Drejtore e Sht\u00ebpis\u00eb Botuese Dudaj Gazeta Shqiptare jo vet\u00ebm e ka p\u00ebrdorur librin \u201cKurban\u201d pa u kujdesur s\u00eb paku t\u00eb marr\u00eb nj\u00eb leje, si\u00e7 ka b\u00ebr\u00eb mir\u00ebsisht ndonj\u00eb gazet\u00eb tjet\u00ebr, por e ka masakruar deri ku s\u2019durohet hi\u00e7 tekstin letrar. Arsyeja pse po e shkruaj k\u00ebt\u00eb let\u00ebr shpjeguese q\u00eb shpresoj t\u00eb botohet, \u00ebsht\u00eb [&hellip;]","og_url":"https:\/\/fjala.info\/2009-2015\/ja-pse-shtepia-botuese-dudaj-do-ta-coje-ne-gjyq-g-sh\/","og_site_name":"FjALA e LIR\u00cb - Arkivi","article_published_time":"2011-11-15T22:39:10+00:00","og_image":[{"url":"http:\/\/www.shkoder.net\/images\/fjala\/2011\/arlinda_dudaj.jpg","type":"","width":"","height":""}],"author":"admin","twitter_card":"summary_large_image","twitter_misc":{"Written by":"admin","Est. reading time":"5 minutes"},"schema":{"@context":"https:\/\/schema.org","@graph":[{"@type":"Article","@id":"https:\/\/fjala.info\/2009-2015\/ja-pse-shtepia-botuese-dudaj-do-ta-coje-ne-gjyq-g-sh\/#article","isPartOf":{"@id":"https:\/\/fjala.info\/2009-2015\/ja-pse-shtepia-botuese-dudaj-do-ta-coje-ne-gjyq-g-sh\/"},"author":{"name":"admin","@id":"https:\/\/fjala.info\/2009-2015\/#\/schema\/person\/3aa1163ef05469c496fc94e77611ada2"},"headline":"JA PSE SHTEPIA BOTUESE DUDAJ DO TA \u00c7OJE NE GJYQ \u2018G.SH\u2019","datePublished":"2011-11-15T22:39:10+00:00","mainEntityOfPage":{"@id":"https:\/\/fjala.info\/2009-2015\/ja-pse-shtepia-botuese-dudaj-do-ta-coje-ne-gjyq-g-sh\/"},"wordCount":964,"commentCount":0,"publisher":{"@id":"https:\/\/fjala.info\/2009-2015\/#organization"},"image":{"@id":"https:\/\/fjala.info\/2009-2015\/ja-pse-shtepia-botuese-dudaj-do-ta-coje-ne-gjyq-g-sh\/#primaryimage"},"thumbnailUrl":"http:\/\/www.shkoder.net\/images\/fjala\/2011\/arlinda_dudaj.jpg","articleSection":["Artikuj"],"inLanguage":"sq-AL","potentialAction":[{"@type":"CommentAction","name":"Comment","target":["https:\/\/fjala.info\/2009-2015\/ja-pse-shtepia-botuese-dudaj-do-ta-coje-ne-gjyq-g-sh\/#respond"]}]},{"@type":"WebPage","@id":"https:\/\/fjala.info\/2009-2015\/ja-pse-shtepia-botuese-dudaj-do-ta-coje-ne-gjyq-g-sh\/","url":"https:\/\/fjala.info\/2009-2015\/ja-pse-shtepia-botuese-dudaj-do-ta-coje-ne-gjyq-g-sh\/","name":"JA PSE SHTEPIA BOTUESE DUDAJ DO TA \u00c7OJE NE GJYQ \u2018G.SH\u2019 - FjALA e LIR\u00cb - Arkivi","isPartOf":{"@id":"https:\/\/fjala.info\/2009-2015\/#website"},"primaryImageOfPage":{"@id":"https:\/\/fjala.info\/2009-2015\/ja-pse-shtepia-botuese-dudaj-do-ta-coje-ne-gjyq-g-sh\/#primaryimage"},"image":{"@id":"https:\/\/fjala.info\/2009-2015\/ja-pse-shtepia-botuese-dudaj-do-ta-coje-ne-gjyq-g-sh\/#primaryimage"},"thumbnailUrl":"http:\/\/www.shkoder.net\/images\/fjala\/2011\/arlinda_dudaj.jpg","datePublished":"2011-11-15T22:39:10+00:00","breadcrumb":{"@id":"https:\/\/fjala.info\/2009-2015\/ja-pse-shtepia-botuese-dudaj-do-ta-coje-ne-gjyq-g-sh\/#breadcrumb"},"inLanguage":"sq-AL","potentialAction":[{"@type":"ReadAction","target":["https:\/\/fjala.info\/2009-2015\/ja-pse-shtepia-botuese-dudaj-do-ta-coje-ne-gjyq-g-sh\/"]}]},{"@type":"ImageObject","inLanguage":"sq-AL","@id":"https:\/\/fjala.info\/2009-2015\/ja-pse-shtepia-botuese-dudaj-do-ta-coje-ne-gjyq-g-sh\/#primaryimage","url":"http:\/\/www.shkoder.net\/images\/fjala\/2011\/arlinda_dudaj.jpg","contentUrl":"http:\/\/www.shkoder.net\/images\/fjala\/2011\/arlinda_dudaj.jpg"},{"@type":"BreadcrumbList","@id":"https:\/\/fjala.info\/2009-2015\/ja-pse-shtepia-botuese-dudaj-do-ta-coje-ne-gjyq-g-sh\/#breadcrumb","itemListElement":[{"@type":"ListItem","position":1,"name":"Home","item":"https:\/\/fjala.info\/2009-2015\/"},{"@type":"ListItem","position":2,"name":"JA PSE SHTEPIA BOTUESE DUDAJ DO TA \u00c7OJE NE GJYQ \u2018G.SH\u2019"}]},{"@type":"WebSite","@id":"https:\/\/fjala.info\/2009-2015\/#website","url":"https:\/\/fjala.info\/2009-2015\/","name":"FjALA e LIR\u00cb - Arkivi","description":"Arkivi 2009-2015","publisher":{"@id":"https:\/\/fjala.info\/2009-2015\/#organization"},"potentialAction":[{"@type":"SearchAction","target":{"@type":"EntryPoint","urlTemplate":"https:\/\/fjala.info\/2009-2015\/?s={search_term_string}"},"query-input":{"@type":"PropertyValueSpecification","valueRequired":true,"valueName":"search_term_string"}}],"inLanguage":"sq-AL"},{"@type":"Organization","@id":"https:\/\/fjala.info\/2009-2015\/#organization","name":"FjALA e LIR\u00cb - Arkivi","url":"https:\/\/fjala.info\/2009-2015\/","logo":{"@type":"ImageObject","inLanguage":"sq-AL","@id":"https:\/\/fjala.info\/2009-2015\/#\/schema\/logo\/image\/","url":"","contentUrl":"","caption":"FjALA e LIR\u00cb - Arkivi"},"image":{"@id":"https:\/\/fjala.info\/2009-2015\/#\/schema\/logo\/image\/"}},{"@type":"Person","@id":"https:\/\/fjala.info\/2009-2015\/#\/schema\/person\/3aa1163ef05469c496fc94e77611ada2","name":"admin","image":{"@type":"ImageObject","inLanguage":"sq-AL","@id":"https:\/\/fjala.info\/2009-2015\/wp-content\/uploads\/2012\/02\/arben_cokaj-120x150.jpg","url":"https:\/\/fjala.info\/2009-2015\/wp-content\/uploads\/2012\/02\/arben_cokaj-120x150.jpg","contentUrl":"https:\/\/fjala.info\/2009-2015\/wp-content\/uploads\/2012\/02\/arben_cokaj-120x150.jpg","caption":"admin"},"description":"Admin, Fjala e Lir\u00eb","sameAs":["https:\/\/fjala.info\/"],"url":"https:\/\/fjala.info\/2009-2015\/author\/admin\/"}]}},"_links":{"self":[{"href":"https:\/\/fjala.info\/2009-2015\/wp-json\/wp\/v2\/posts\/165","targetHints":{"allow":["GET"]}}],"collection":[{"href":"https:\/\/fjala.info\/2009-2015\/wp-json\/wp\/v2\/posts"}],"about":[{"href":"https:\/\/fjala.info\/2009-2015\/wp-json\/wp\/v2\/types\/post"}],"author":[{"embeddable":true,"href":"https:\/\/fjala.info\/2009-2015\/wp-json\/wp\/v2\/users\/1"}],"replies":[{"embeddable":true,"href":"https:\/\/fjala.info\/2009-2015\/wp-json\/wp\/v2\/comments?post=165"}],"version-history":[{"count":0,"href":"https:\/\/fjala.info\/2009-2015\/wp-json\/wp\/v2\/posts\/165\/revisions"}],"wp:attachment":[{"href":"https:\/\/fjala.info\/2009-2015\/wp-json\/wp\/v2\/media?parent=165"}],"wp:term":[{"taxonomy":"category","embeddable":true,"href":"https:\/\/fjala.info\/2009-2015\/wp-json\/wp\/v2\/categories?post=165"},{"taxonomy":"post_tag","embeddable":true,"href":"https:\/\/fjala.info\/2009-2015\/wp-json\/wp\/v2\/tags?post=165"}],"curies":[{"name":"wp","href":"https:\/\/api.w.org\/{rel}","templated":true}]}}