{"id":1633,"date":"2012-02-07T20:06:02","date_gmt":"2012-02-07T19:06:02","guid":{"rendered":"http:\/\/fjala.shkoder.net\/?p=1633"},"modified":"2012-02-07T20:06:02","modified_gmt":"2012-02-07T19:06:02","slug":"metodat-e-tiranes-me-albinin","status":"publish","type":"post","link":"https:\/\/fjala.info\/2009-2015\/metodat-e-tiranes-me-albinin\/","title":{"rendered":"Metodat e Tiran\u00ebs me Albinin"},"content":{"rendered":"<p><img decoding=\"async\" class=\"alignright size-thumbnail wp-image-7236\" title=\"Albin Kurti\" src=\"http:\/\/www.shkoder.net\/2012\/albin_kurti_merdare.jpg\" alt=\"\" width=\"300\" \/> <strong>Andi Kananaj<\/strong><\/p>\n<p>\u00c7far\u00eb b\u00ebnte Albin Kurti me 3 serb\u00eb n\u00eb makin\u00eb, me suxhuk dhe ver\u00eb? Po djath\u00eb t\u00eb mir\u00eb nga ai i Sharrit kishin me vete? Pse u ul\u00ebn me batanije n\u00eb tok\u00eb dhe nuk u fut\u00ebn n\u00eb lokal? K\u00ebto pyetje jan\u00eb n\u00eb m\u00ebnyr\u00eb perverse kaq arg\u00ebtuese, sa n\u00eb k\u00ebt\u00eb shkrim do t\u00eb mundohem t\u2019i fus vend e pa vend.<\/p>\n<p>Politika kosovare, me nd\u00ebrmjet\u00ebsin\u00eb e deputetit Haxhiu (Kamishi n\u00eb art), ka nxjerr\u00eb n\u00eb pah dy aspekte q\u00eb fillimisht mund t\u00eb kalonin p\u00ebr simptoma t\u00eb par\u00ebnd\u00ebsishme, por q\u00eb pas akuzave t\u00eb fundit, d\u00ebshmojn\u00eb qartazi p\u00ebr zhvillime shqet\u00ebsuese, n\u00eb stadin e s\u00ebmundjes s\u00eb mir\u00ebfillt\u00eb. Opozita kosovare, e mish\u00ebruar p\u00ebr her\u00eb t\u00eb par\u00eb si institucion me Vet\u00ebvendosjen, ka tronditur jo vet\u00ebm partit\u00eb n\u00eb pushtet, por edhe ato jasht\u00eb tij. U kujdesa t\u00eb mos e p\u00ebrdorja termin \u201copozit\u00eb\u201d, p\u00ebr faktin se qeverit\u00eb n\u00eb Kosov\u00eb nuk para kan\u00eb hasur oponenc\u00eb, n\u00eb konsiderat\u00eb t\u00eb spektrit mjaft t\u00eb gjer\u00eb mir\u00ebprit\u00ebs t\u00eb pushtetit.<\/p>\n<p>Nj\u00eb m\u00ebnyr\u00eb kjo p\u00ebr t\u00eb fshehur shum\u00eb probleme, q\u00eb ka b\u00ebr\u00eb q\u00eb Kosova ende sot t\u00eb mos ket\u00eb kultur\u00eb opozitare, e p\u00ebr pasoj\u00eb nj\u00eb grumbullim t\u00eb forcave politike kund\u00ebr L\u00ebvizjes. Megjithat\u00eb e r\u00ebnd\u00ebsishme \u00ebsht\u00eb q\u00eb Albini t\u00eb p\u00ebrgjigjet n\u00ebse batanija ishte e past\u00ebr apo me njolla vaji ulliri. N\u00ebse ka lavatri\u00e7e, apo i lan rrobat me dor\u00eb e uj\u00eb t\u00eb ftoht\u00eb. E n\u00ebse serb\u00ebt kan\u00eb lavatri\u00e7e si Albini.<\/p>\n<p>Aspekti tjet\u00ebr problematik lidhur me pozit\u00ebn e PDK-s\u00eb dhe t\u00eb partive rulet\u00eb n\u00eb Qeverin\u00eb e Kosov\u00ebs, ka t\u00eb b\u00ebj\u00eb me faktin se koh\u00ebt e fundit, krahas retorik\u00ebs mbi \u201cRrug\u00ebn e Kombit\u201d, p\u00ebrve\u00e7 fjalorit brutal, politikan\u00ebt kan\u00eb b\u00ebr\u00eb pjes\u00eb t\u00eb komunikimit politik edhe sjelljet e dhunshme t\u00eb Qeveris\u00eb m\u00eb t\u00eb keqe shqiptare t\u00eb k\u00ebtyre 20 viteve t\u00eb fundit.<\/p>\n<p>B\u00ebhet fjal\u00eb p\u00ebr sulmet ad hominem, t\u00eb p\u00ebrlart\u00ebsuara n\u00eb shpifje, p\u00ebr t\u00eb cilat nuk mbahet m\u00eb asnj\u00eb p\u00ebrgjegj\u00ebsi ligjore (si n\u00eb rastin e vendimit t\u00eb koh\u00ebve t\u00eb fundit t\u00eb Gjykat\u00ebs s\u00eb Lart\u00eb, n\u00eb \u00e7\u00ebshtjen Rama kund\u00ebr Berish\u00ebs), p\u00ebrtej asaj politike e njer\u00ebzore. Shkalla e zhvillimit t\u00eb k\u00ebtij sistemi l\u00eb hap\u00ebsir\u00eb p\u00ebr shum\u00eb m\u00eb tep\u00ebr se ndonj\u00eb pyetje me n\u00ebnkuptime. Albini i mbuluar me batanije, p\u00ebrb\u00ebn ende stadin embrional t\u00eb akuzave, krahasuar me zhvillimet q\u00eb kemi arritur n\u00eb Shqip\u00ebri: sulmi pasardh\u00ebs do t\u00eb jet\u00eb i drejtp\u00ebrdrejt\u00eb, pa zig-zage suspansi.<\/p>\n<p>Jam i mendimit se edhe k\u00ebt\u00eb her\u00eb ideja ka ardhur nga Tirana: Mos u lodhni shum\u00eb, shpalleni spiun serb. Gjeni nj\u00eb deputet tip Paloke, apo si Emin Gjana, njer\u00ebz q\u00eb nuk merr mundimin t\u2019u jap\u00ebsh p\u00ebrgjigje, dhe loja u b\u00eb. N\u00eb rastin m\u00eb t\u00eb keq, do t\u00eb mbetet n\u00eb mendjet e disave. Nd\u00ebrkoh\u00eb q\u00eb nuk humbisni asgj\u00eb.<\/p>\n<p>Nxirrni edhe ndonj\u00eb militant q\u00eb ta konfirmoj\u00eb lajmin me thashetheme. Ne k\u00ebtej e kemi nxjerr\u00eb Nanon spiun grek gjith\u00eb koh\u00ebn. Me Ram\u00ebn pastaj ka qen\u00eb spektak\u00ebl fare. Ka njer\u00ebz q\u00eb ende besojn\u00eb se ka hedhur n\u00eb gjyq t\u00eb atin p\u00ebr at\u00ebsin\u00eb e t\u00eb birit. Tani edhe t\u2019u themi t\u00eb v\u00ebrtet\u00ebn nuk e besojn\u00eb m\u00eb. U ka p\u00eblqyer kaq shum\u00eb versioni fiksh\u00ebn sa nuk heqin m\u00eb dor\u00eb prej tij. P\u00ebr ca tipa \u00ebsht\u00eb si t\u2019u mohosh ekzistenc\u00ebn e Plakut t\u00eb Vitit t\u00eb Ri.<\/p>\n<p>E treguar me seriozitetin e duhur si dhe n\u00eb proporcion t\u00eb drejt\u00eb me infantilizmin e ngjarjes, goj\u00ebdh\u00ebna b\u00ebhet faktor i domosdosh\u00ebm i manipulimit ideologjik. Sa m\u00eb shum\u00eb ta trajtosh opinionin publik si infantil, aq m\u00eb shum\u00eb rriten gjasat q\u00eb ai t\u00eb sillet si i till\u00eb. Nuk \u00ebsht\u00eb ngjarja n\u00eb vetvete q\u00eb duhet nd\u00ebrtuar mir\u00eb, por m\u00ebnyra se si do t\u00eb p\u00ebrcillet n\u00eb v\u00ebmendjen e infantil\u00ebve. P\u00ebr k\u00ebt\u00eb nuk ka limit.<\/p>\n<p>Njer\u00ebzit derdh\u00ebn lot edhe p\u00ebr \u201cFjalimin e Mbretit\u201d, teksa mbreti, n\u00eb zem\u00ebrim e sip\u00ebr, i hak\u00ebrrehej psikoanalistit se i zuri karrigen mbret\u00ebrore, t\u00eb trash\u00ebguar fal\u00eb vullnetit hyjnor. Nd\u00ebrkoh\u00eb q\u00eb psikoanalisti mbetej i k\u00ebnaqur q\u00eb arrinte t\u00eb bindte mbretin t\u00eb besonte k\u00ebt\u00eb far\u00eb idiot\u00ebsie. Autor\u00ebt e filmit nd\u00ebrkoh\u00eb mbet\u00ebn edhe m\u00eb t\u00eb k\u00ebnaqur me efektin q\u00eb pat\u00ebn te publiku, i cili pajtohej me faktin se mbreti e kishte n\u00eb dor\u00ebzim fronin nga vullneti i krijuesit biblik. Propaganda nuk njeh kufij n\u00eb imagjinat\u00eb.<\/p>\n<p>N\u00eb rastin e Kosov\u00ebs duhet pranuar se nuk mungojn\u00eb aspekte t\u00eb caktuara, t\u00eb dukshme lidhur me akuzat, edhe pse pa logjik\u00eb n\u00eb argument, e krejt n\u00eb kund\u00ebrshtim me shqet\u00ebsimet fillestare. Pyetja se p\u00ebrse Albin Kurti ishte i mbuluar me batanije teksa takonte disa serb\u00eb n\u00eb nj\u00eb zon\u00eb t\u00eb hapur, m\u00eb duket kulmi i nxitimit n\u00eb zgjedhjen e argumenteve t\u00eb sulmit. E para, si u kuptua se posht\u00eb k\u00ebsaj batanije mondane ishte Kurti? E dyta, si ka mund\u00ebsi q\u00eb nj\u00eb skuad\u00ebr struc\u00ebsh t\u00eb till\u00eb u zbulua vet\u00ebm sot?<\/p>\n<p>Pse kur gj\u00ebrat jan\u00eb kaq urgjente, pritet q\u00eb Kurti t\u00eb \u00e7oj\u00eb \u00e7\u00ebshtjen n\u00eb Gjykat\u00eb, dhe jo Kamishi n\u00eb organet e specializuara t\u00eb hetimit? Jam i sigurt se edhe n\u00eb Kodin Penal kosovar, ka nene q\u00eb penalizojn\u00eb veprimtarin\u00eb e spiunazhit kund\u00ebr shtetit. \u00cbsht\u00eb absurd argumenti serb, se Albini posht\u00eb batanijes, ka marr\u00eb urdh\u00ebr t\u00eb mos pranoj\u00eb q\u00eb Kosov\u00ebs t\u2019i hiqet em\u00ebrtimi \u201cRepublik\u00eb\u201d si p\u00ebrcaktues i pavar\u00ebsis\u00eb s\u00eb saj.<\/p>\n<p>Diplomat\u00ebt serb\u00eb s\u2019kan\u00eb l\u00ebn\u00eb negociat\u00eb t\u00eb gjat\u00eb e t\u00eb lodhshme pa k\u00ebrkuar me forc\u00eb heqjen e termit \u201cRepublik\u00eb\u201d n\u00eb prezantimin e Kosov\u00ebs, dhe kur m\u00eb n\u00eb fund ia arrijn\u00eb q\u00ebllimit, vendosin papritur q\u00eb agjent\u00ebt e tyre t\u00eb fsheht\u00eb ta kund\u00ebrshtojn\u00eb at\u00eb. Alogjik\u00eb dhe t\u00eb pakuptimt\u00eb k\u00ebta serb\u00ebt. Na mbetet p\u00ebr t\u00eb kuptuar edhe arsyeja pse Qeveria e Kosov\u00ebs pranon kushtet e negociatave. Ndoshta p\u00ebr t\u00eb nxjerr\u00eb bllof Kurtin. Sidoqoft\u00eb, biseda n\u00ebn batanije t\u00eb llojit Big Brother, e ndan k\u00ebt\u00eb pun\u00eb, megjith\u00ebse me kaq t\u00eb dh\u00ebna duket se nuk \u00ebsht\u00eb Albini spiun serb, po serb\u00ebt spiun\u00eb t\u00eb Albinit.<\/p>\n<p>Deputeti ish-spiun i ShIK-ut tashm\u00eb mund t\u00eb kaloj\u00eb n\u00eb voyeur-iz\u00ebm t\u00eb hapur, e t\u00eb k\u00ebrkoj\u00eb t\u00eb dij\u00eb edhe me k\u00eb shoq\u00ebrohet Albini. \u00cbsht\u00eb serbe? Do t\u00eb martohen? Do t\u00eb b\u00ebjn\u00eb dasm\u00eb? Sa vet\u00eb do t\u00eb jen\u00eb t\u00eb ftuar? Do t\u00eb ket\u00eb suxhuk kosove apo sallam turist nga Shqip\u00ebria? Po alkooli, e sigurt q\u00eb b\u00ebn mir\u00eb?<\/p>\n<p>Duket se emisioni i pasdites n\u00eb TV Klan, ka marr\u00eb p\u00ebrmas\u00eb t\u00eb r\u00ebnd\u00ebsishme politike, meqen\u00ebse pyetjet e politik\u00ebs ting\u00ebllojn\u00eb si t\u00eb marra borxh nga revista adoleshent\u00ebsh me pu\u00e7rra moshe. Edhe pse pyetjeve dhe analizave t\u00eb Vet\u00ebvendosjes mbi r\u00ebnd\u00ebsin\u00eb q\u00eb ka reciprociteti n\u00eb shk\u00ebmbimet e mallrave dhe t\u00eb sh\u00ebrbimeve n\u00eb ekonomit\u00eb respektive, nuk mund t\u2019u dal\u00ebsh kundra me shpifje me natyr\u00eb adoleshento-erotike.<\/p>\n<p>\u2026<\/p>\n<p>Nd\u00ebrkoh\u00eb q\u00eb rreziku q\u00eb politika e Qeveris\u00eb s\u00eb Kosov\u00ebs kund\u00ebr opozit\u00ebs t\u00eb ket\u00eb sukses, \u00ebsht\u00eb real. Hartuesit e k\u00ebsaj politike t\u00eb deformuar, k\u00ebtu n\u00eb Tiran\u00eb jan\u00eb ende gjall\u00eb e t\u00eb pushtetsh\u00ebm. Shqiptar\u00ebt n\u00eb Kosov\u00eb, t\u00eb pakt\u00ebn jan\u00eb t\u00eb lajm\u00ebruar. Nd\u00ebrkoh\u00eb, Albini t\u00eb p\u00ebrgjigjet: \u00e7far\u00eb b\u00ebnte me 3 serb\u00eb, n\u00eb makin\u00eb, me suxhuk dhe ver\u00eb?<\/p>\n","protected":false},"excerpt":{"rendered":"<p>Andi Kananaj \u00c7far\u00eb b\u00ebnte Albin Kurti me 3 serb\u00eb n\u00eb makin\u00eb, me suxhuk dhe ver\u00eb? Po djath\u00eb t\u00eb mir\u00eb nga ai i Sharrit kishin me vete? Pse u ul\u00ebn me batanije n\u00eb tok\u00eb dhe nuk u fut\u00ebn n\u00eb lokal? K\u00ebto pyetje jan\u00eb n\u00eb m\u00ebnyr\u00eb perverse kaq arg\u00ebtuese, sa n\u00eb k\u00ebt\u00eb shkrim do t\u00eb mundohem t\u2019i [&hellip;]<\/p>\n","protected":false},"author":1,"featured_media":0,"comment_status":"open","ping_status":"closed","sticky":false,"template":"","format":"standard","meta":{"footnotes":""},"categories":[2],"tags":[],"class_list":{"0":"post-1633","1":"post","2":"type-post","3":"status-publish","4":"format-standard","6":"category-artikuj"},"yoast_head":"<!-- This site is optimized with the Yoast SEO plugin v27.4 - https:\/\/yoast.com\/product\/yoast-seo-wordpress\/ -->\n<title>Metodat e Tiran\u00ebs me Albinin - FjALA e LIR\u00cb - Arkivi<\/title>\n<meta name=\"robots\" content=\"index, follow, max-snippet:-1, max-image-preview:large, max-video-preview:-1\" \/>\n<link rel=\"canonical\" href=\"https:\/\/fjala.info\/2009-2015\/metodat-e-tiranes-me-albinin\/\" \/>\n<meta property=\"og:locale\" content=\"sq_AL\" \/>\n<meta property=\"og:type\" content=\"article\" \/>\n<meta property=\"og:title\" content=\"Metodat e Tiran\u00ebs me Albinin - FjALA e LIR\u00cb - Arkivi\" \/>\n<meta property=\"og:description\" content=\"Andi Kananaj \u00c7far\u00eb b\u00ebnte Albin Kurti me 3 serb\u00eb n\u00eb makin\u00eb, me suxhuk dhe ver\u00eb? Po djath\u00eb t\u00eb mir\u00eb nga ai i Sharrit kishin me vete? Pse u ul\u00ebn me batanije n\u00eb tok\u00eb dhe nuk u fut\u00ebn n\u00eb lokal? K\u00ebto pyetje jan\u00eb n\u00eb m\u00ebnyr\u00eb perverse kaq arg\u00ebtuese, sa n\u00eb k\u00ebt\u00eb shkrim do t\u00eb mundohem t\u2019i [&hellip;]\" \/>\n<meta property=\"og:url\" content=\"https:\/\/fjala.info\/2009-2015\/metodat-e-tiranes-me-albinin\/\" \/>\n<meta property=\"og:site_name\" content=\"FjALA e LIR\u00cb - Arkivi\" \/>\n<meta property=\"article:published_time\" content=\"2012-02-07T19:06:02+00:00\" \/>\n<meta property=\"og:image\" content=\"http:\/\/www.shkoder.net\/2012\/albin_kurti_merdare.jpg\" \/>\n<meta name=\"author\" content=\"admin\" \/>\n<meta name=\"twitter:card\" content=\"summary_large_image\" \/>\n<meta name=\"twitter:label1\" content=\"Written by\" \/>\n\t<meta name=\"twitter:data1\" content=\"admin\" \/>\n\t<meta name=\"twitter:label2\" content=\"Est. reading time\" \/>\n\t<meta name=\"twitter:data2\" content=\"6 minutes\" \/>\n<script type=\"application\/ld+json\" class=\"yoast-schema-graph\">{\"@context\":\"https:\\\/\\\/schema.org\",\"@graph\":[{\"@type\":\"Article\",\"@id\":\"https:\\\/\\\/fjala.info\\\/2009-2015\\\/metodat-e-tiranes-me-albinin\\\/#article\",\"isPartOf\":{\"@id\":\"https:\\\/\\\/fjala.info\\\/2009-2015\\\/metodat-e-tiranes-me-albinin\\\/\"},\"author\":{\"name\":\"admin\",\"@id\":\"https:\\\/\\\/fjala.info\\\/2009-2015\\\/#\\\/schema\\\/person\\\/3aa1163ef05469c496fc94e77611ada2\"},\"headline\":\"Metodat e Tiran\u00ebs me Albinin\",\"datePublished\":\"2012-02-07T19:06:02+00:00\",\"mainEntityOfPage\":{\"@id\":\"https:\\\/\\\/fjala.info\\\/2009-2015\\\/metodat-e-tiranes-me-albinin\\\/\"},\"wordCount\":1277,\"commentCount\":0,\"publisher\":{\"@id\":\"https:\\\/\\\/fjala.info\\\/2009-2015\\\/#organization\"},\"image\":{\"@id\":\"https:\\\/\\\/fjala.info\\\/2009-2015\\\/metodat-e-tiranes-me-albinin\\\/#primaryimage\"},\"thumbnailUrl\":\"http:\\\/\\\/www.shkoder.net\\\/2012\\\/albin_kurti_merdare.jpg\",\"articleSection\":[\"Artikuj\"],\"inLanguage\":\"sq-AL\",\"potentialAction\":[{\"@type\":\"CommentAction\",\"name\":\"Comment\",\"target\":[\"https:\\\/\\\/fjala.info\\\/2009-2015\\\/metodat-e-tiranes-me-albinin\\\/#respond\"]}]},{\"@type\":\"WebPage\",\"@id\":\"https:\\\/\\\/fjala.info\\\/2009-2015\\\/metodat-e-tiranes-me-albinin\\\/\",\"url\":\"https:\\\/\\\/fjala.info\\\/2009-2015\\\/metodat-e-tiranes-me-albinin\\\/\",\"name\":\"Metodat e Tiran\u00ebs me Albinin - FjALA e LIR\u00cb - Arkivi\",\"isPartOf\":{\"@id\":\"https:\\\/\\\/fjala.info\\\/2009-2015\\\/#website\"},\"primaryImageOfPage\":{\"@id\":\"https:\\\/\\\/fjala.info\\\/2009-2015\\\/metodat-e-tiranes-me-albinin\\\/#primaryimage\"},\"image\":{\"@id\":\"https:\\\/\\\/fjala.info\\\/2009-2015\\\/metodat-e-tiranes-me-albinin\\\/#primaryimage\"},\"thumbnailUrl\":\"http:\\\/\\\/www.shkoder.net\\\/2012\\\/albin_kurti_merdare.jpg\",\"datePublished\":\"2012-02-07T19:06:02+00:00\",\"breadcrumb\":{\"@id\":\"https:\\\/\\\/fjala.info\\\/2009-2015\\\/metodat-e-tiranes-me-albinin\\\/#breadcrumb\"},\"inLanguage\":\"sq-AL\",\"potentialAction\":[{\"@type\":\"ReadAction\",\"target\":[\"https:\\\/\\\/fjala.info\\\/2009-2015\\\/metodat-e-tiranes-me-albinin\\\/\"]}]},{\"@type\":\"ImageObject\",\"inLanguage\":\"sq-AL\",\"@id\":\"https:\\\/\\\/fjala.info\\\/2009-2015\\\/metodat-e-tiranes-me-albinin\\\/#primaryimage\",\"url\":\"http:\\\/\\\/www.shkoder.net\\\/2012\\\/albin_kurti_merdare.jpg\",\"contentUrl\":\"http:\\\/\\\/www.shkoder.net\\\/2012\\\/albin_kurti_merdare.jpg\"},{\"@type\":\"BreadcrumbList\",\"@id\":\"https:\\\/\\\/fjala.info\\\/2009-2015\\\/metodat-e-tiranes-me-albinin\\\/#breadcrumb\",\"itemListElement\":[{\"@type\":\"ListItem\",\"position\":1,\"name\":\"Home\",\"item\":\"https:\\\/\\\/fjala.info\\\/2009-2015\\\/\"},{\"@type\":\"ListItem\",\"position\":2,\"name\":\"Metodat e Tiran\u00ebs me Albinin\"}]},{\"@type\":\"WebSite\",\"@id\":\"https:\\\/\\\/fjala.info\\\/2009-2015\\\/#website\",\"url\":\"https:\\\/\\\/fjala.info\\\/2009-2015\\\/\",\"name\":\"FjALA e LIR\u00cb - Arkivi\",\"description\":\"Arkivi 2009-2015\",\"publisher\":{\"@id\":\"https:\\\/\\\/fjala.info\\\/2009-2015\\\/#organization\"},\"potentialAction\":[{\"@type\":\"SearchAction\",\"target\":{\"@type\":\"EntryPoint\",\"urlTemplate\":\"https:\\\/\\\/fjala.info\\\/2009-2015\\\/?s={search_term_string}\"},\"query-input\":{\"@type\":\"PropertyValueSpecification\",\"valueRequired\":true,\"valueName\":\"search_term_string\"}}],\"inLanguage\":\"sq-AL\"},{\"@type\":\"Organization\",\"@id\":\"https:\\\/\\\/fjala.info\\\/2009-2015\\\/#organization\",\"name\":\"FjALA e LIR\u00cb - Arkivi\",\"url\":\"https:\\\/\\\/fjala.info\\\/2009-2015\\\/\",\"logo\":{\"@type\":\"ImageObject\",\"inLanguage\":\"sq-AL\",\"@id\":\"https:\\\/\\\/fjala.info\\\/2009-2015\\\/#\\\/schema\\\/logo\\\/image\\\/\",\"url\":\"\",\"contentUrl\":\"\",\"caption\":\"FjALA e LIR\u00cb - Arkivi\"},\"image\":{\"@id\":\"https:\\\/\\\/fjala.info\\\/2009-2015\\\/#\\\/schema\\\/logo\\\/image\\\/\"}},{\"@type\":\"Person\",\"@id\":\"https:\\\/\\\/fjala.info\\\/2009-2015\\\/#\\\/schema\\\/person\\\/3aa1163ef05469c496fc94e77611ada2\",\"name\":\"admin\",\"image\":{\"@type\":\"ImageObject\",\"inLanguage\":\"sq-AL\",\"@id\":\"https:\\\/\\\/fjala.info\\\/2009-2015\\\/wp-content\\\/uploads\\\/2012\\\/02\\\/arben_cokaj-120x150.jpg\",\"url\":\"https:\\\/\\\/fjala.info\\\/2009-2015\\\/wp-content\\\/uploads\\\/2012\\\/02\\\/arben_cokaj-120x150.jpg\",\"contentUrl\":\"https:\\\/\\\/fjala.info\\\/2009-2015\\\/wp-content\\\/uploads\\\/2012\\\/02\\\/arben_cokaj-120x150.jpg\",\"caption\":\"admin\"},\"description\":\"Admin, Fjala e Lir\u00eb\",\"sameAs\":[\"https:\\\/\\\/fjala.info\\\/\"],\"url\":\"https:\\\/\\\/fjala.info\\\/2009-2015\\\/author\\\/admin\\\/\"}]}<\/script>\n<!-- \/ Yoast SEO plugin. -->","yoast_head_json":{"title":"Metodat e Tiran\u00ebs me Albinin - FjALA e LIR\u00cb - Arkivi","robots":{"index":"index","follow":"follow","max-snippet":"max-snippet:-1","max-image-preview":"max-image-preview:large","max-video-preview":"max-video-preview:-1"},"canonical":"https:\/\/fjala.info\/2009-2015\/metodat-e-tiranes-me-albinin\/","og_locale":"sq_AL","og_type":"article","og_title":"Metodat e Tiran\u00ebs me Albinin - FjALA e LIR\u00cb - Arkivi","og_description":"Andi Kananaj \u00c7far\u00eb b\u00ebnte Albin Kurti me 3 serb\u00eb n\u00eb makin\u00eb, me suxhuk dhe ver\u00eb? Po djath\u00eb t\u00eb mir\u00eb nga ai i Sharrit kishin me vete? Pse u ul\u00ebn me batanije n\u00eb tok\u00eb dhe nuk u fut\u00ebn n\u00eb lokal? K\u00ebto pyetje jan\u00eb n\u00eb m\u00ebnyr\u00eb perverse kaq arg\u00ebtuese, sa n\u00eb k\u00ebt\u00eb shkrim do t\u00eb mundohem t\u2019i [&hellip;]","og_url":"https:\/\/fjala.info\/2009-2015\/metodat-e-tiranes-me-albinin\/","og_site_name":"FjALA e LIR\u00cb - Arkivi","article_published_time":"2012-02-07T19:06:02+00:00","og_image":[{"url":"http:\/\/www.shkoder.net\/2012\/albin_kurti_merdare.jpg","type":"","width":"","height":""}],"author":"admin","twitter_card":"summary_large_image","twitter_misc":{"Written by":"admin","Est. reading time":"6 minutes"},"schema":{"@context":"https:\/\/schema.org","@graph":[{"@type":"Article","@id":"https:\/\/fjala.info\/2009-2015\/metodat-e-tiranes-me-albinin\/#article","isPartOf":{"@id":"https:\/\/fjala.info\/2009-2015\/metodat-e-tiranes-me-albinin\/"},"author":{"name":"admin","@id":"https:\/\/fjala.info\/2009-2015\/#\/schema\/person\/3aa1163ef05469c496fc94e77611ada2"},"headline":"Metodat e Tiran\u00ebs me Albinin","datePublished":"2012-02-07T19:06:02+00:00","mainEntityOfPage":{"@id":"https:\/\/fjala.info\/2009-2015\/metodat-e-tiranes-me-albinin\/"},"wordCount":1277,"commentCount":0,"publisher":{"@id":"https:\/\/fjala.info\/2009-2015\/#organization"},"image":{"@id":"https:\/\/fjala.info\/2009-2015\/metodat-e-tiranes-me-albinin\/#primaryimage"},"thumbnailUrl":"http:\/\/www.shkoder.net\/2012\/albin_kurti_merdare.jpg","articleSection":["Artikuj"],"inLanguage":"sq-AL","potentialAction":[{"@type":"CommentAction","name":"Comment","target":["https:\/\/fjala.info\/2009-2015\/metodat-e-tiranes-me-albinin\/#respond"]}]},{"@type":"WebPage","@id":"https:\/\/fjala.info\/2009-2015\/metodat-e-tiranes-me-albinin\/","url":"https:\/\/fjala.info\/2009-2015\/metodat-e-tiranes-me-albinin\/","name":"Metodat e Tiran\u00ebs me Albinin - FjALA e LIR\u00cb - Arkivi","isPartOf":{"@id":"https:\/\/fjala.info\/2009-2015\/#website"},"primaryImageOfPage":{"@id":"https:\/\/fjala.info\/2009-2015\/metodat-e-tiranes-me-albinin\/#primaryimage"},"image":{"@id":"https:\/\/fjala.info\/2009-2015\/metodat-e-tiranes-me-albinin\/#primaryimage"},"thumbnailUrl":"http:\/\/www.shkoder.net\/2012\/albin_kurti_merdare.jpg","datePublished":"2012-02-07T19:06:02+00:00","breadcrumb":{"@id":"https:\/\/fjala.info\/2009-2015\/metodat-e-tiranes-me-albinin\/#breadcrumb"},"inLanguage":"sq-AL","potentialAction":[{"@type":"ReadAction","target":["https:\/\/fjala.info\/2009-2015\/metodat-e-tiranes-me-albinin\/"]}]},{"@type":"ImageObject","inLanguage":"sq-AL","@id":"https:\/\/fjala.info\/2009-2015\/metodat-e-tiranes-me-albinin\/#primaryimage","url":"http:\/\/www.shkoder.net\/2012\/albin_kurti_merdare.jpg","contentUrl":"http:\/\/www.shkoder.net\/2012\/albin_kurti_merdare.jpg"},{"@type":"BreadcrumbList","@id":"https:\/\/fjala.info\/2009-2015\/metodat-e-tiranes-me-albinin\/#breadcrumb","itemListElement":[{"@type":"ListItem","position":1,"name":"Home","item":"https:\/\/fjala.info\/2009-2015\/"},{"@type":"ListItem","position":2,"name":"Metodat e Tiran\u00ebs me Albinin"}]},{"@type":"WebSite","@id":"https:\/\/fjala.info\/2009-2015\/#website","url":"https:\/\/fjala.info\/2009-2015\/","name":"FjALA e LIR\u00cb - Arkivi","description":"Arkivi 2009-2015","publisher":{"@id":"https:\/\/fjala.info\/2009-2015\/#organization"},"potentialAction":[{"@type":"SearchAction","target":{"@type":"EntryPoint","urlTemplate":"https:\/\/fjala.info\/2009-2015\/?s={search_term_string}"},"query-input":{"@type":"PropertyValueSpecification","valueRequired":true,"valueName":"search_term_string"}}],"inLanguage":"sq-AL"},{"@type":"Organization","@id":"https:\/\/fjala.info\/2009-2015\/#organization","name":"FjALA e LIR\u00cb - Arkivi","url":"https:\/\/fjala.info\/2009-2015\/","logo":{"@type":"ImageObject","inLanguage":"sq-AL","@id":"https:\/\/fjala.info\/2009-2015\/#\/schema\/logo\/image\/","url":"","contentUrl":"","caption":"FjALA e LIR\u00cb - Arkivi"},"image":{"@id":"https:\/\/fjala.info\/2009-2015\/#\/schema\/logo\/image\/"}},{"@type":"Person","@id":"https:\/\/fjala.info\/2009-2015\/#\/schema\/person\/3aa1163ef05469c496fc94e77611ada2","name":"admin","image":{"@type":"ImageObject","inLanguage":"sq-AL","@id":"https:\/\/fjala.info\/2009-2015\/wp-content\/uploads\/2012\/02\/arben_cokaj-120x150.jpg","url":"https:\/\/fjala.info\/2009-2015\/wp-content\/uploads\/2012\/02\/arben_cokaj-120x150.jpg","contentUrl":"https:\/\/fjala.info\/2009-2015\/wp-content\/uploads\/2012\/02\/arben_cokaj-120x150.jpg","caption":"admin"},"description":"Admin, Fjala e Lir\u00eb","sameAs":["https:\/\/fjala.info\/"],"url":"https:\/\/fjala.info\/2009-2015\/author\/admin\/"}]}},"_links":{"self":[{"href":"https:\/\/fjala.info\/2009-2015\/wp-json\/wp\/v2\/posts\/1633","targetHints":{"allow":["GET"]}}],"collection":[{"href":"https:\/\/fjala.info\/2009-2015\/wp-json\/wp\/v2\/posts"}],"about":[{"href":"https:\/\/fjala.info\/2009-2015\/wp-json\/wp\/v2\/types\/post"}],"author":[{"embeddable":true,"href":"https:\/\/fjala.info\/2009-2015\/wp-json\/wp\/v2\/users\/1"}],"replies":[{"embeddable":true,"href":"https:\/\/fjala.info\/2009-2015\/wp-json\/wp\/v2\/comments?post=1633"}],"version-history":[{"count":0,"href":"https:\/\/fjala.info\/2009-2015\/wp-json\/wp\/v2\/posts\/1633\/revisions"}],"wp:attachment":[{"href":"https:\/\/fjala.info\/2009-2015\/wp-json\/wp\/v2\/media?parent=1633"}],"wp:term":[{"taxonomy":"category","embeddable":true,"href":"https:\/\/fjala.info\/2009-2015\/wp-json\/wp\/v2\/categories?post=1633"},{"taxonomy":"post_tag","embeddable":true,"href":"https:\/\/fjala.info\/2009-2015\/wp-json\/wp\/v2\/tags?post=1633"}],"curies":[{"name":"wp","href":"https:\/\/api.w.org\/{rel}","templated":true}]}}