{"id":1626,"date":"2012-02-07T22:53:21","date_gmt":"2012-02-07T21:53:21","guid":{"rendered":"http:\/\/fjala.shkoder.net\/?p=1626"},"modified":"2012-02-07T22:53:21","modified_gmt":"2012-02-07T21:53:21","slug":"krimi-po-mbyt-shqiperine","status":"publish","type":"post","link":"https:\/\/fjala.info\/2009-2015\/krimi-po-mbyt-shqiperine\/","title":{"rendered":"Krimi po mbyt Shqip\u00ebrin\u00eb"},"content":{"rendered":"<p><img decoding=\"async\" class=\"alignright size-thumbnail wp-image-7236\" title=\"Edi Rama\" src=\"http:\/\/www.shkoder.net\/images\/fjala\/2011\/edi_rama4.jpg\" alt=\"\" width=\"150\" \/> Nga <strong>Edi Rama<\/strong><\/p>\n<p>N\u00eb t\u00eb majt\u00ebn tuaj jan\u00eb forcat e pun\u00ebs n\u00eb Shqip\u00ebri dhe n\u00eb t\u00eb djatht\u00eb jan\u00eb shqiptar\u00ebt e pun\u00ebsuar. P\u00ebrfshin 10 vjet, nga viti 2000 n\u00eb vitin 2010. \u00cbsht\u00eb e dat\u00ebs 3 shkurt, pra e vet\u00ebm pak dit\u00ebve m\u00eb par\u00eb. Rritja e forcave t\u00eb pun\u00ebs dhe r\u00ebnia e numrit t\u00eb t\u00eb pun\u00ebsuarve n\u00eb 10 vjet \u00ebsht\u00eb dramatike. Kryeministri nuk rresht s\u00eb akuzuari opozit\u00ebn si g\u00ebnjeshtare, sepse prej vitit t\u00eb shkuar ne themi se n\u00eb Shqip\u00ebri ka 1 milion\u00eb t\u00eb papun\u00eb. Le ta shohin t\u00eb gjith\u00eb shqiptar\u00ebt tabel\u00ebn e t\u00eb dh\u00ebnave nga Banka e Shqip\u00ebris\u00eb ku del qart\u00eb si drita e diellit se kush g\u00ebnjen.<\/p>\n<p><img decoding=\"async\" class=\"aligncenter size-thumbnail wp-image-7236\" title=\"Papun\u00ebsia - statistik\u00eb\" src=\"http:\/\/www.shkoder.net\/2012\/papunesia_stats.jpg\" alt=\"\" width=\"450\" \/><\/p>\n<p>G\u00ebnjen opozita q\u00eb thot\u00eb se t\u00eb papun\u00ebt n\u00eb Shqip\u00ebri kan\u00eb arritur n\u00eb 1 milion\u00eb, apo g\u00ebnjen kryeministri q\u00eb flet p\u00ebr rritje t\u00eb pun\u00ebsimit dhe p\u00ebr opozit\u00ebn, q\u00eb sipas tij g\u00ebnjyeka 1 milion\u00eb her\u00eb. N\u00ebse g\u00ebnjen Banka e Shqip\u00ebris\u00eb at\u00ebher\u00eb ka vet\u00ebm nj\u00eb gjas\u00eb, papun\u00ebsia \u00ebsht\u00eb edhe m\u00eb shum\u00eb se kaq. Sepse Banka e Shqip\u00ebris\u00eb nuk \u00ebsht\u00eb as institucion i opozit\u00ebs, as institucion i pavarur, por nj\u00eb institucion q\u00eb e ka humbur pavar\u00ebsin\u00eb n\u00eb funksion t\u00eb propagand\u00ebs dhe t\u00eb politik\u00ebs barbare ekonomike t\u00eb kryeministrit t\u00eb Shqip\u00ebris\u00eb.<\/p>\n<p>Shiheni n\u00eb t\u00eb majt\u00ebn tuaj si jan\u00eb rritur n\u00eb vite forcat e pun\u00ebs, nd\u00ebrsa n\u00eb t\u00eb djatht\u00eb shihet qart\u00eb sesi sot Shqip\u00ebria ka nivelin m\u00eb t\u00eb ul\u00ebt t\u00eb pun\u00ebsimit q\u00eb nga viti 2001. K\u00ebto jan\u00eb shifrat, kjo \u00ebsht\u00eb e v\u00ebrteta, n\u00eb mos qoft\u00eb edhe m\u00eb keq se kaq. Prandaj edhe un\u00eb sot i them kryeministrit n\u00eb em\u00ebr t\u00eb opozit\u00ebs dhe t\u00eb s\u00eb v\u00ebrtet\u00ebs s\u00eb shifrave:<\/p>\n<p>Turp! Turp! Turp!<\/p>\n<p>Tre her\u00eb turp! Turp p\u00ebr qeverin\u00eb q\u00eb ka d\u00ebshtuar si mos m\u00eb keq n\u00eb sfid\u00ebn m\u00eb t\u00eb madhe q\u00eb ka sot familja shqiptare, q\u00eb \u00ebsht\u00eb pun\u00ebsimi.<\/p>\n<p>Turp p\u00ebr kryeministrin q\u00eb e g\u00ebnjen, si derri i k\u00ebnaqun i Migjenit, popullin shqiptar duke fshehur me rrena t\u00eb p\u00ebrbindshme t\u00eb v\u00ebrtet\u00ebn e hidhur t\u00eb gjendjes ekonomike e sociale t\u00eb vendit.<\/p>\n<p>Turp p\u00ebr Saliun, q\u00eb n\u00eb vend q\u00eb t\u00eb pranoj d\u00ebshtimin e shprehur kok\u00ebfort\u00ebsish n\u00eb shifra, i turret opozit\u00ebs q\u00eb e thot\u00eb dhe do ta thot\u00eb me z\u00eb t\u00eb lart\u00eb t\u00eb v\u00ebrtet\u00ebn.<\/p>\n<p>Shqip\u00ebria ka 1 milion\u00eb t\u00eb papun\u00eb, sepse shqiptar\u00ebt kan\u00eb nj\u00eb qeveri q\u00eb nuk punon p\u00ebr mir\u00ebqenien e tyre, sepse \u00ebsht\u00eb e paaft\u00eb, sepse \u00ebsht\u00eb e paditur, sepse \u00ebsht\u00eb e korruptuar deri n\u00eb thonj. E n\u00eb nj\u00eb vend ku forcat e pun\u00ebs jan\u00eb 2 166 000, e t\u00eb pun\u00ebsuarit vet\u00ebm 917 000, s\u2019 ka sesi t\u00eb mos rriten p\u00ebrdit\u00eb shifrat e kriminalitetit.<\/p>\n<p>Edhe p\u00ebr shifrat e kriminalitetit kemi tabela shum\u00eb interesante, q\u00eb hedhin posht\u00eb shifrat e propaganduara nga qeveria. Do t\u2019i b\u00ebjm\u00eb publike t\u00eb premten, n\u00eb Tryez\u00ebn e Programit p\u00ebr Rendin Publik. Por, lejom\u00ebni t\u00eb them sot se programi yn\u00eb \u201cP\u00ebr nj\u00eb Rilindje Shqiptare\u201d \u00ebsht\u00eb e vetmja rrug\u00eb p\u00ebr ta sfiduar frontalisht krimin. Duke luftuar ball\u00eb p\u00ebr ball\u00eb me krimin, por edhe me shkaqet e tij. Sot jetojm\u00eb n\u00eb nj\u00eb vend q\u00eb tronditet p\u00ebrdit\u00eb nga vrasjet, eksploziv\u00ebt dhe nga grabitjet me arm\u00eb n\u00eb dor\u00eb. Vrasin bandat kriminale, por vrasin edhe t\u00eb rinjt\u00eb e d\u00ebshp\u00ebruar n\u00eb rrug\u00ebn e grabitjeve p\u00ebr t\u2019i mbijetuar varf\u00ebris\u00eb dhe papun\u00ebsis\u00eb. Vret vet shteti me arm\u00eb zjarri dhe kryeministri i quan vras\u00ebsit heronj, duke goditur haptas ata q\u00eb e luftojn\u00eb krimin me n\u00eb krye Prokuroren e P\u00ebrgjithshme t\u00eb Republik\u00ebs.<\/p>\n<p>Humbasin jet\u00ebn njer\u00ebz t\u00eb pafajsh\u00ebm q\u00eb gjenden rast\u00ebsisht n\u00eb rrug\u00ebn ku k\u00ebrcasin plumbat e bandit\u00ebve q\u00eb jan\u00eb sot sundimtar\u00ebt e dit\u00ebs dhe t\u00eb lajmeve t\u00eb dit\u00ebs. Mij\u00ebra vjedhje \u201ct\u00eb vogla\u201d as nuk regjistrohen fare nga policia q\u00eb b\u00ebn sikur merret me vrasjet dhe me grabitjet e m\u00ebdha. N\u00eb krye t\u00eb policis\u00eb q\u00ebndrojn\u00eb xhagajdur\u00eb me imunitet kryeministror q\u00eb shp\u00ebrdorojn\u00eb detyr\u00ebn p\u00ebr p\u00ebrfitime krejt personale. Q\u00eb kontrollojn\u00eb me uniform\u00eb dhe radio policie rrug\u00ebt e kontraband\u00ebs s\u00eb drog\u00ebs dhe t\u00eb naft\u00ebs. Q\u00eb bashk\u00ebpunojn\u00eb me krimin n\u00eb nj\u00eb simbioz\u00eb monstruoze dhe pastaj i kthejn\u00eb pushk\u00ebt popullit q\u00eb proteston. Jeta \u00ebsht\u00eb e pambrojtur, prona \u00ebsht\u00eb e pambrojtur, biznesi \u00ebsht\u00eb i pambrojtur. M\u00eb keq akoma, e ardhmja \u00ebsht\u00eb e pambrojtur!<\/p>\n<p>Papun\u00ebsia e t\u00eb rinjve, m\u00eb e r\u00ebnda papun\u00ebsi p\u00ebr nj\u00eb shoq\u00ebri nuk zbutet dot me shqyerjen e dyerve t\u00eb universiteteve publike dhe me k\u00ebrpudh\u00ebzimin e universiteteve private. Rr\u00ebnj\u00ebt e k\u00ebtij kriminaliteti q\u00eb po ndrydh p\u00ebrdit\u00eb e m\u00eb shum\u00eb shoq\u00ebrin\u00eb dhe po tmerron njer\u00ebzit e zakonsh\u00ebm dhe t\u00eb ndersh\u00ebm t\u00eb k\u00ebtij vendi jan\u00eb t\u00eb thella. Jan\u00eb tek politika e eg\u00ebr q\u00eb s\u2019ka asnj\u00eb standard etik dhe pushtetin vetjak e ka t\u00eb vetmin q\u00ebllim. Jan\u00eb tek arsimimi kallp dhe shkollat e mb\u00ebrthyera nga terri i militantizmit partiak q\u00eb p\u00ebrcakton standardet e papranueshme t\u00eb jet\u00ebs n\u00eb shkoll\u00eb.<\/p>\n<p>Jan\u00eb tek plag\u00ebt e tmerrshme sociale, varf\u00ebria e papun\u00ebsia n\u00eb radh\u00eb t\u00eb par\u00eb dhe korrupsioni i kudondodhur q\u00eb ju jep njer\u00ebzve shembullin m\u00eb shkurajues t\u00eb paligjshm\u00ebris\u00eb. Jan\u00eb tek kultura e pand\u00ebshkueshm\u00ebris\u00eb q\u00eb ka asgj\u00ebsuar parimin themelor t\u00eb demokracis\u00eb q\u00eb \u00ebsht\u00eb barazia para ligjit. Jan\u00eb tek drejt\u00ebsia e kalbur prej sh\u00ebrbimeve haptazi t\u00eb paligjshme ndaj pushtetit dhe n\u00ebnshtrimit ndaj paras\u00eb q\u00eb p\u00ebrcakton fatin e proceseve gjyq\u00ebsore. Jan\u00eb tek nj\u00eb sh\u00ebrbim policor i rr\u00ebnuar prej shkat\u00ebrrimit t\u00eb standardeve t\u00eb profesionalizimit dhe t\u00eb merit\u00ebs n\u00eb karrier\u00eb. Shkurt jan\u00eb tek mungesa e shtetit t\u00eb kthyer n\u00eb nj\u00eb funksion t\u00eb pushtetit q\u00eb vjedh votat p\u00ebr t\u00eb vjedhur dhe sunduar me p\u00ebrdhun\u00eb Shqip\u00ebrin\u00eb.<\/p>\n<p>Programi yn\u00eb synon goditjen frontale t\u00eb krimit duke prer\u00eb nj\u00ebkoh\u00ebsisht rr\u00ebnj\u00ebt q\u00eb e ushqejn\u00eb pem\u00ebn e tij p\u00ebrdit\u00eb edhe m\u00eb hijer\u00ebnd\u00eb. Ne do t\u2019i japim shqiptar\u00ebve n\u00eb dor\u00eb nj\u00eb platform\u00eb t\u00eb detajuar t\u00eb luft\u00ebs q\u00eb do t\u2019i hapim krimit dhe shkaqeve t\u00eb krimit qysh dit\u00ebn e par\u00eb t\u00eb qeverisjes son\u00eb. Nd\u00ebrkoh\u00eb, duhet t\u00eb paraqesim n\u00eb parlament disa masa urgjente ligjore p\u00ebr t\u00eb r\u00ebnduar d\u00ebnimet, si pjes\u00eb e ligjeve q\u00eb do t\u00eb diskutohen s\u00eb shpejti p\u00ebr t\u00eb marr\u00eb 3\/5 e votave t\u00eb parlamentit. Gjendja \u00ebsht\u00eb e padurueshme, e patolerueshme, e pajustifikueshme.<\/p>\n<p>Krimi po merr p\u00ebrdit\u00eb terren dhe po dikton axhend\u00ebn e lajmeve t\u00eb p\u00ebrditshme duke e r\u00ebnduar dit\u00ebs dit\u00ebs psikologjin\u00eb shoq\u00ebrore. Kriminel\u00ebt po fitojn\u00eb \u00e7do dit\u00eb nj\u00eb superioritet t\u00eb friksh\u00ebm ndaj shtetit, t\u00eb r\u00ebn\u00eb n\u00eb kthetrat e krimit dhe t\u00eb korrupsionit. Vras\u00ebsit dhe grabit\u00ebsit po g\u00eblojn\u00eb, sepse kan\u00eb vrar\u00eb n\u00eb radh\u00eb t\u00eb par\u00eb frik\u00ebn nga ligji dhe nga gjykatat q\u00eb jan\u00eb gjunj\u00ebzuar p\u00ebrball\u00eb tyre dhe parave t\u00eb tyre. Kjo gjendje duhet t\u00eb ndryshoj\u00eb! K\u00ebt\u00eb gjendje nuk e ndryshon dot kjo qeveri. Kjo sfid\u00eb \u00ebsht\u00eb e jona. Ne duhet t\u00eb jemi n\u00eb lart\u00ebsin\u00eb e saj.<\/p>\n<p>I garantoj shqiptar\u00ebt se ne jemi plot\u00ebsisht t\u00eb vet\u00ebdijsh\u00ebm p\u00ebr k\u00ebt\u00eb dhe jemi gati ta p\u00ebrballojm\u00eb k\u00ebt\u00eb sfid\u00eb me reforma t\u00eb thella, vendime t\u00eb guximshme, veprim t\u00eb pand\u00ebrprer\u00eb kund\u00ebr krimit dhe shkaqeve t\u00eb krimit.<\/p>\n<p>S\u00eb fundmi, lejom\u00ebni ta fal\u00ebnderoj median p\u00ebr zbulimin e djesh\u00ebm t\u00eb dokumentit trondit\u00ebs t\u00eb analiz\u00ebs q\u00eb vet\u00eb struktura e brendshme e policis\u00eb i kan\u00eb b\u00ebr\u00eb katrahur\u00ebs s\u00eb 21 janarit. Ai dokument flet m\u00eb mir\u00eb se \u00e7do koment p\u00ebr katandin\u00eb e policis\u00eb s\u00eb shtetit. P\u00ebr rr\u00ebnimin e profesionalizimit dhe t\u00eb moralit t\u00eb policis\u00eb. P\u00ebr keqp\u00ebrdorimin e forcave t\u00eb rendit n\u00eb 21 janar. P\u00ebr faktin se vrasjet ishin t\u00eb paramenduara dhe u kryen jo p\u00ebr t\u00eb mbrojtur institucionin, por p\u00ebr t\u00eb ekzekutuar d\u00ebnime me vdekje ndaj opozit\u00ebs.<\/p>\n<p>P\u00ebr t\u00eb v\u00ebrtet\u00ebn se p\u00ebrgjegj\u00ebsia p\u00ebr ato vrasje barbare \u00ebsht\u00eb politike dhe p\u00ebrgjegj\u00ebsit e drejtp\u00ebrdrejt\u00eb jan\u00eb ish ministri i brendsh\u00ebm dhe vet\u00eb personalisht kryeministri. Kjo \u00ebsht\u00eb nj\u00eb e v\u00ebrtet\u00eb gjithnj\u00eb e m\u00eb e qart\u00eb p\u00ebr t\u00eb gjith\u00eb. Mbi k\u00ebt\u00eb t\u00eb v\u00ebrtet\u00eb duhet t\u00eb b\u00ebhet drejt\u00ebsi, jo vet\u00ebm p\u00ebr t\u00eb nd\u00ebshkuar deri n\u00eb fund masakr\u00ebn e 21 janarit, por edhe p\u00ebr t\u00eb ndar\u00eb p\u00ebrfundimisht t\u00eb shkuar\u00ebn n\u00eb pushtet nga e ardhmja e shtetit t\u00eb t\u00eb gjith\u00eb shqiptar\u00ebve.<\/p>\n<p>* * * * *<\/p>\n<p>Kryesocialisti Rama u shpreh sot se shifrat e Bank\u00ebs s\u00eb Shqip\u00ebris\u00eb n\u00eb lidhje me papun\u00ebsin\u00eb n\u00eb vend faktojn\u00eb at\u00eb q\u00eb opozita e ka deklaruar prej koh\u00ebsh: nivelin alarmant t\u00eb papun\u00ebsis\u00eb n\u00eb vend.<\/p>\n<p>Duke folur n\u00eb mbledhjen e grupit parlamentar t\u00eb Partis\u00eb Socialiste, Rama u shpreh se shifrat tregojn\u00eb se Shqip\u00ebria ka tashm\u00eb nivelin m\u00eb t\u00eb ul\u00ebt t\u00eb pun\u00ebsimit q\u00eb nga viti 2001.<\/p>\n<p>\u201cN\u00eb tabel\u00ebn e nxjerr\u00eb nga BSH del qart\u00eb si drita e diellit se kush g\u00ebnjen. Opozita q\u00eb thot\u00eb se jan\u00eb 1 milion t\u00eb papun\u00eb apo kryeministri q\u00eb thot\u00eb q\u00eb \u00ebsht\u00eb rritur numri i t\u00eb pun\u00ebsuarve. Shiheni si jan\u00eb rritur n\u00eb vite forcat e pun\u00ebs, nd\u00ebrsa sivjet Shqip\u00ebria ka nivelin m\u00eb t\u00eb ul\u00ebt t\u00eb pun\u00ebsimit q\u00eb nga viti 2001. Kjo \u00ebsht\u00eb e v\u00ebrteta, n\u00eb mos qoft\u00eb edhe m\u00eb keq se kaq\u201d, tha kreu i selis\u00eb roz\u00eb.<\/p>\n<p>Sipas tij, shifrat tregojn\u00eb d\u00ebshtimin e qeveris\u00eb n\u00eb politikat e pun\u00ebsimit dhe jan\u00eb turp p\u00ebr kryeministrin, i cili thot\u00eb se opozita g\u00ebnjen kur flet p\u00ebr numrin e t\u00eb papun\u00ebve.<\/p>\n<p>Rama u ndal n\u00eb nivelin e kriminalitetit n\u00eb vend, rritja e t\u00eb cilit nuk mund t\u00eb mos lidhet me gjendjen e v\u00ebshtir\u00eb ekonomike dhe munges\u00ebn e drejt\u00ebsis\u00eb.<\/p>\n<p>\u201cJetojm\u00eb n\u00eb nj\u00eb vend q\u00eb tronditet p\u00ebrdit\u00eb nga vrasjet e grabitjet. Vrasin grupet kriminale, vrasin t\u00eb rinjt\u00eb p\u00ebr t\u00eb shp\u00ebtuar nga kthetrat e varf\u00ebris\u00eb, vret shteti dhe shpall heronj vras\u00ebsit. Jeta \u00ebsht\u00eb e pambrojtur, prona, biznesi dhe e ardhmja.<\/p>\n<p>Krimi po merr p\u00ebrdit\u00eb terren. Kriminel\u00ebt po fitojn\u00eb superioritet ndaj shtetit. Vras\u00ebsit dhe grabit\u00ebsit g\u00eblojn\u00eb sepse kan\u00eb vrar\u00eb frik\u00ebn ndaj drejt\u00ebsis\u00eb. Ne jemi t\u00eb vet\u00ebdidjsh\u00ebm p\u00ebr k\u00ebt\u00eb situat\u00eb dhe jemi gati ta p\u00ebrballojm\u00eb k\u00ebt\u00eb sfid\u00eb\u201d, tha Rama. \/ <strong>Gazmira Ndoja<\/strong><\/p>\n","protected":false},"excerpt":{"rendered":"<p>Nga Edi Rama N\u00eb t\u00eb majt\u00ebn tuaj jan\u00eb forcat e pun\u00ebs n\u00eb Shqip\u00ebri dhe n\u00eb t\u00eb djatht\u00eb jan\u00eb shqiptar\u00ebt e pun\u00ebsuar. P\u00ebrfshin 10 vjet, nga viti 2000 n\u00eb vitin 2010. \u00cbsht\u00eb e dat\u00ebs 3 shkurt, pra e vet\u00ebm pak dit\u00ebve m\u00eb par\u00eb. Rritja e forcave t\u00eb pun\u00ebs dhe r\u00ebnia e numrit t\u00eb t\u00eb pun\u00ebsuarve n\u00eb [&hellip;]<\/p>\n","protected":false},"author":1,"featured_media":0,"comment_status":"open","ping_status":"closed","sticky":false,"template":"","format":"standard","meta":{"footnotes":""},"categories":[2],"tags":[],"class_list":{"0":"post-1626","1":"post","2":"type-post","3":"status-publish","4":"format-standard","6":"category-artikuj"},"yoast_head":"<!-- This site is optimized with the Yoast SEO plugin v27.4 - https:\/\/yoast.com\/product\/yoast-seo-wordpress\/ -->\n<title>Krimi po mbyt Shqip\u00ebrin\u00eb - FjALA e LIR\u00cb - Arkivi<\/title>\n<meta name=\"robots\" content=\"index, follow, max-snippet:-1, max-image-preview:large, max-video-preview:-1\" \/>\n<link rel=\"canonical\" href=\"https:\/\/fjala.info\/2009-2015\/krimi-po-mbyt-shqiperine\/\" \/>\n<meta property=\"og:locale\" content=\"sq_AL\" \/>\n<meta property=\"og:type\" content=\"article\" \/>\n<meta property=\"og:title\" content=\"Krimi po mbyt Shqip\u00ebrin\u00eb - FjALA e LIR\u00cb - Arkivi\" \/>\n<meta property=\"og:description\" content=\"Nga Edi Rama N\u00eb t\u00eb majt\u00ebn tuaj jan\u00eb forcat e pun\u00ebs n\u00eb Shqip\u00ebri dhe n\u00eb t\u00eb djatht\u00eb jan\u00eb shqiptar\u00ebt e pun\u00ebsuar. P\u00ebrfshin 10 vjet, nga viti 2000 n\u00eb vitin 2010. \u00cbsht\u00eb e dat\u00ebs 3 shkurt, pra e vet\u00ebm pak dit\u00ebve m\u00eb par\u00eb. Rritja e forcave t\u00eb pun\u00ebs dhe r\u00ebnia e numrit t\u00eb t\u00eb pun\u00ebsuarve n\u00eb [&hellip;]\" \/>\n<meta property=\"og:url\" content=\"https:\/\/fjala.info\/2009-2015\/krimi-po-mbyt-shqiperine\/\" \/>\n<meta property=\"og:site_name\" content=\"FjALA e LIR\u00cb - Arkivi\" \/>\n<meta property=\"article:published_time\" content=\"2012-02-07T21:53:21+00:00\" \/>\n<meta property=\"og:image\" content=\"http:\/\/www.shkoder.net\/images\/fjala\/2011\/edi_rama4.jpg\" \/>\n<meta name=\"author\" content=\"admin\" \/>\n<meta name=\"twitter:card\" content=\"summary_large_image\" \/>\n<meta name=\"twitter:label1\" content=\"Written by\" \/>\n\t<meta name=\"twitter:data1\" content=\"admin\" \/>\n\t<meta name=\"twitter:label2\" content=\"Est. reading time\" \/>\n\t<meta name=\"twitter:data2\" content=\"9 minutes\" \/>\n<script type=\"application\/ld+json\" class=\"yoast-schema-graph\">{\"@context\":\"https:\\\/\\\/schema.org\",\"@graph\":[{\"@type\":\"Article\",\"@id\":\"https:\\\/\\\/fjala.info\\\/2009-2015\\\/krimi-po-mbyt-shqiperine\\\/#article\",\"isPartOf\":{\"@id\":\"https:\\\/\\\/fjala.info\\\/2009-2015\\\/krimi-po-mbyt-shqiperine\\\/\"},\"author\":{\"name\":\"admin\",\"@id\":\"https:\\\/\\\/fjala.info\\\/2009-2015\\\/#\\\/schema\\\/person\\\/3aa1163ef05469c496fc94e77611ada2\"},\"headline\":\"Krimi po mbyt Shqip\u00ebrin\u00eb\",\"datePublished\":\"2012-02-07T21:53:21+00:00\",\"mainEntityOfPage\":{\"@id\":\"https:\\\/\\\/fjala.info\\\/2009-2015\\\/krimi-po-mbyt-shqiperine\\\/\"},\"wordCount\":1781,\"commentCount\":0,\"publisher\":{\"@id\":\"https:\\\/\\\/fjala.info\\\/2009-2015\\\/#organization\"},\"image\":{\"@id\":\"https:\\\/\\\/fjala.info\\\/2009-2015\\\/krimi-po-mbyt-shqiperine\\\/#primaryimage\"},\"thumbnailUrl\":\"http:\\\/\\\/www.shkoder.net\\\/images\\\/fjala\\\/2011\\\/edi_rama4.jpg\",\"articleSection\":[\"Artikuj\"],\"inLanguage\":\"sq-AL\",\"potentialAction\":[{\"@type\":\"CommentAction\",\"name\":\"Comment\",\"target\":[\"https:\\\/\\\/fjala.info\\\/2009-2015\\\/krimi-po-mbyt-shqiperine\\\/#respond\"]}]},{\"@type\":\"WebPage\",\"@id\":\"https:\\\/\\\/fjala.info\\\/2009-2015\\\/krimi-po-mbyt-shqiperine\\\/\",\"url\":\"https:\\\/\\\/fjala.info\\\/2009-2015\\\/krimi-po-mbyt-shqiperine\\\/\",\"name\":\"Krimi po mbyt Shqip\u00ebrin\u00eb - FjALA e LIR\u00cb - Arkivi\",\"isPartOf\":{\"@id\":\"https:\\\/\\\/fjala.info\\\/2009-2015\\\/#website\"},\"primaryImageOfPage\":{\"@id\":\"https:\\\/\\\/fjala.info\\\/2009-2015\\\/krimi-po-mbyt-shqiperine\\\/#primaryimage\"},\"image\":{\"@id\":\"https:\\\/\\\/fjala.info\\\/2009-2015\\\/krimi-po-mbyt-shqiperine\\\/#primaryimage\"},\"thumbnailUrl\":\"http:\\\/\\\/www.shkoder.net\\\/images\\\/fjala\\\/2011\\\/edi_rama4.jpg\",\"datePublished\":\"2012-02-07T21:53:21+00:00\",\"breadcrumb\":{\"@id\":\"https:\\\/\\\/fjala.info\\\/2009-2015\\\/krimi-po-mbyt-shqiperine\\\/#breadcrumb\"},\"inLanguage\":\"sq-AL\",\"potentialAction\":[{\"@type\":\"ReadAction\",\"target\":[\"https:\\\/\\\/fjala.info\\\/2009-2015\\\/krimi-po-mbyt-shqiperine\\\/\"]}]},{\"@type\":\"ImageObject\",\"inLanguage\":\"sq-AL\",\"@id\":\"https:\\\/\\\/fjala.info\\\/2009-2015\\\/krimi-po-mbyt-shqiperine\\\/#primaryimage\",\"url\":\"http:\\\/\\\/www.shkoder.net\\\/images\\\/fjala\\\/2011\\\/edi_rama4.jpg\",\"contentUrl\":\"http:\\\/\\\/www.shkoder.net\\\/images\\\/fjala\\\/2011\\\/edi_rama4.jpg\"},{\"@type\":\"BreadcrumbList\",\"@id\":\"https:\\\/\\\/fjala.info\\\/2009-2015\\\/krimi-po-mbyt-shqiperine\\\/#breadcrumb\",\"itemListElement\":[{\"@type\":\"ListItem\",\"position\":1,\"name\":\"Home\",\"item\":\"https:\\\/\\\/fjala.info\\\/2009-2015\\\/\"},{\"@type\":\"ListItem\",\"position\":2,\"name\":\"Krimi po mbyt Shqip\u00ebrin\u00eb\"}]},{\"@type\":\"WebSite\",\"@id\":\"https:\\\/\\\/fjala.info\\\/2009-2015\\\/#website\",\"url\":\"https:\\\/\\\/fjala.info\\\/2009-2015\\\/\",\"name\":\"FjALA e LIR\u00cb - Arkivi\",\"description\":\"Arkivi 2009-2015\",\"publisher\":{\"@id\":\"https:\\\/\\\/fjala.info\\\/2009-2015\\\/#organization\"},\"potentialAction\":[{\"@type\":\"SearchAction\",\"target\":{\"@type\":\"EntryPoint\",\"urlTemplate\":\"https:\\\/\\\/fjala.info\\\/2009-2015\\\/?s={search_term_string}\"},\"query-input\":{\"@type\":\"PropertyValueSpecification\",\"valueRequired\":true,\"valueName\":\"search_term_string\"}}],\"inLanguage\":\"sq-AL\"},{\"@type\":\"Organization\",\"@id\":\"https:\\\/\\\/fjala.info\\\/2009-2015\\\/#organization\",\"name\":\"FjALA e LIR\u00cb - Arkivi\",\"url\":\"https:\\\/\\\/fjala.info\\\/2009-2015\\\/\",\"logo\":{\"@type\":\"ImageObject\",\"inLanguage\":\"sq-AL\",\"@id\":\"https:\\\/\\\/fjala.info\\\/2009-2015\\\/#\\\/schema\\\/logo\\\/image\\\/\",\"url\":\"\",\"contentUrl\":\"\",\"caption\":\"FjALA e LIR\u00cb - Arkivi\"},\"image\":{\"@id\":\"https:\\\/\\\/fjala.info\\\/2009-2015\\\/#\\\/schema\\\/logo\\\/image\\\/\"}},{\"@type\":\"Person\",\"@id\":\"https:\\\/\\\/fjala.info\\\/2009-2015\\\/#\\\/schema\\\/person\\\/3aa1163ef05469c496fc94e77611ada2\",\"name\":\"admin\",\"image\":{\"@type\":\"ImageObject\",\"inLanguage\":\"sq-AL\",\"@id\":\"https:\\\/\\\/fjala.info\\\/2009-2015\\\/wp-content\\\/uploads\\\/2012\\\/02\\\/arben_cokaj-120x150.jpg\",\"url\":\"https:\\\/\\\/fjala.info\\\/2009-2015\\\/wp-content\\\/uploads\\\/2012\\\/02\\\/arben_cokaj-120x150.jpg\",\"contentUrl\":\"https:\\\/\\\/fjala.info\\\/2009-2015\\\/wp-content\\\/uploads\\\/2012\\\/02\\\/arben_cokaj-120x150.jpg\",\"caption\":\"admin\"},\"description\":\"Admin, Fjala e Lir\u00eb\",\"sameAs\":[\"https:\\\/\\\/fjala.info\\\/\"],\"url\":\"https:\\\/\\\/fjala.info\\\/2009-2015\\\/author\\\/admin\\\/\"}]}<\/script>\n<!-- \/ Yoast SEO plugin. -->","yoast_head_json":{"title":"Krimi po mbyt Shqip\u00ebrin\u00eb - FjALA e LIR\u00cb - Arkivi","robots":{"index":"index","follow":"follow","max-snippet":"max-snippet:-1","max-image-preview":"max-image-preview:large","max-video-preview":"max-video-preview:-1"},"canonical":"https:\/\/fjala.info\/2009-2015\/krimi-po-mbyt-shqiperine\/","og_locale":"sq_AL","og_type":"article","og_title":"Krimi po mbyt Shqip\u00ebrin\u00eb - FjALA e LIR\u00cb - Arkivi","og_description":"Nga Edi Rama N\u00eb t\u00eb majt\u00ebn tuaj jan\u00eb forcat e pun\u00ebs n\u00eb Shqip\u00ebri dhe n\u00eb t\u00eb djatht\u00eb jan\u00eb shqiptar\u00ebt e pun\u00ebsuar. P\u00ebrfshin 10 vjet, nga viti 2000 n\u00eb vitin 2010. \u00cbsht\u00eb e dat\u00ebs 3 shkurt, pra e vet\u00ebm pak dit\u00ebve m\u00eb par\u00eb. Rritja e forcave t\u00eb pun\u00ebs dhe r\u00ebnia e numrit t\u00eb t\u00eb pun\u00ebsuarve n\u00eb [&hellip;]","og_url":"https:\/\/fjala.info\/2009-2015\/krimi-po-mbyt-shqiperine\/","og_site_name":"FjALA e LIR\u00cb - Arkivi","article_published_time":"2012-02-07T21:53:21+00:00","og_image":[{"url":"http:\/\/www.shkoder.net\/images\/fjala\/2011\/edi_rama4.jpg","type":"","width":"","height":""}],"author":"admin","twitter_card":"summary_large_image","twitter_misc":{"Written by":"admin","Est. reading time":"9 minutes"},"schema":{"@context":"https:\/\/schema.org","@graph":[{"@type":"Article","@id":"https:\/\/fjala.info\/2009-2015\/krimi-po-mbyt-shqiperine\/#article","isPartOf":{"@id":"https:\/\/fjala.info\/2009-2015\/krimi-po-mbyt-shqiperine\/"},"author":{"name":"admin","@id":"https:\/\/fjala.info\/2009-2015\/#\/schema\/person\/3aa1163ef05469c496fc94e77611ada2"},"headline":"Krimi po mbyt Shqip\u00ebrin\u00eb","datePublished":"2012-02-07T21:53:21+00:00","mainEntityOfPage":{"@id":"https:\/\/fjala.info\/2009-2015\/krimi-po-mbyt-shqiperine\/"},"wordCount":1781,"commentCount":0,"publisher":{"@id":"https:\/\/fjala.info\/2009-2015\/#organization"},"image":{"@id":"https:\/\/fjala.info\/2009-2015\/krimi-po-mbyt-shqiperine\/#primaryimage"},"thumbnailUrl":"http:\/\/www.shkoder.net\/images\/fjala\/2011\/edi_rama4.jpg","articleSection":["Artikuj"],"inLanguage":"sq-AL","potentialAction":[{"@type":"CommentAction","name":"Comment","target":["https:\/\/fjala.info\/2009-2015\/krimi-po-mbyt-shqiperine\/#respond"]}]},{"@type":"WebPage","@id":"https:\/\/fjala.info\/2009-2015\/krimi-po-mbyt-shqiperine\/","url":"https:\/\/fjala.info\/2009-2015\/krimi-po-mbyt-shqiperine\/","name":"Krimi po mbyt Shqip\u00ebrin\u00eb - FjALA e LIR\u00cb - Arkivi","isPartOf":{"@id":"https:\/\/fjala.info\/2009-2015\/#website"},"primaryImageOfPage":{"@id":"https:\/\/fjala.info\/2009-2015\/krimi-po-mbyt-shqiperine\/#primaryimage"},"image":{"@id":"https:\/\/fjala.info\/2009-2015\/krimi-po-mbyt-shqiperine\/#primaryimage"},"thumbnailUrl":"http:\/\/www.shkoder.net\/images\/fjala\/2011\/edi_rama4.jpg","datePublished":"2012-02-07T21:53:21+00:00","breadcrumb":{"@id":"https:\/\/fjala.info\/2009-2015\/krimi-po-mbyt-shqiperine\/#breadcrumb"},"inLanguage":"sq-AL","potentialAction":[{"@type":"ReadAction","target":["https:\/\/fjala.info\/2009-2015\/krimi-po-mbyt-shqiperine\/"]}]},{"@type":"ImageObject","inLanguage":"sq-AL","@id":"https:\/\/fjala.info\/2009-2015\/krimi-po-mbyt-shqiperine\/#primaryimage","url":"http:\/\/www.shkoder.net\/images\/fjala\/2011\/edi_rama4.jpg","contentUrl":"http:\/\/www.shkoder.net\/images\/fjala\/2011\/edi_rama4.jpg"},{"@type":"BreadcrumbList","@id":"https:\/\/fjala.info\/2009-2015\/krimi-po-mbyt-shqiperine\/#breadcrumb","itemListElement":[{"@type":"ListItem","position":1,"name":"Home","item":"https:\/\/fjala.info\/2009-2015\/"},{"@type":"ListItem","position":2,"name":"Krimi po mbyt Shqip\u00ebrin\u00eb"}]},{"@type":"WebSite","@id":"https:\/\/fjala.info\/2009-2015\/#website","url":"https:\/\/fjala.info\/2009-2015\/","name":"FjALA e LIR\u00cb - Arkivi","description":"Arkivi 2009-2015","publisher":{"@id":"https:\/\/fjala.info\/2009-2015\/#organization"},"potentialAction":[{"@type":"SearchAction","target":{"@type":"EntryPoint","urlTemplate":"https:\/\/fjala.info\/2009-2015\/?s={search_term_string}"},"query-input":{"@type":"PropertyValueSpecification","valueRequired":true,"valueName":"search_term_string"}}],"inLanguage":"sq-AL"},{"@type":"Organization","@id":"https:\/\/fjala.info\/2009-2015\/#organization","name":"FjALA e LIR\u00cb - Arkivi","url":"https:\/\/fjala.info\/2009-2015\/","logo":{"@type":"ImageObject","inLanguage":"sq-AL","@id":"https:\/\/fjala.info\/2009-2015\/#\/schema\/logo\/image\/","url":"","contentUrl":"","caption":"FjALA e LIR\u00cb - Arkivi"},"image":{"@id":"https:\/\/fjala.info\/2009-2015\/#\/schema\/logo\/image\/"}},{"@type":"Person","@id":"https:\/\/fjala.info\/2009-2015\/#\/schema\/person\/3aa1163ef05469c496fc94e77611ada2","name":"admin","image":{"@type":"ImageObject","inLanguage":"sq-AL","@id":"https:\/\/fjala.info\/2009-2015\/wp-content\/uploads\/2012\/02\/arben_cokaj-120x150.jpg","url":"https:\/\/fjala.info\/2009-2015\/wp-content\/uploads\/2012\/02\/arben_cokaj-120x150.jpg","contentUrl":"https:\/\/fjala.info\/2009-2015\/wp-content\/uploads\/2012\/02\/arben_cokaj-120x150.jpg","caption":"admin"},"description":"Admin, Fjala e Lir\u00eb","sameAs":["https:\/\/fjala.info\/"],"url":"https:\/\/fjala.info\/2009-2015\/author\/admin\/"}]}},"_links":{"self":[{"href":"https:\/\/fjala.info\/2009-2015\/wp-json\/wp\/v2\/posts\/1626","targetHints":{"allow":["GET"]}}],"collection":[{"href":"https:\/\/fjala.info\/2009-2015\/wp-json\/wp\/v2\/posts"}],"about":[{"href":"https:\/\/fjala.info\/2009-2015\/wp-json\/wp\/v2\/types\/post"}],"author":[{"embeddable":true,"href":"https:\/\/fjala.info\/2009-2015\/wp-json\/wp\/v2\/users\/1"}],"replies":[{"embeddable":true,"href":"https:\/\/fjala.info\/2009-2015\/wp-json\/wp\/v2\/comments?post=1626"}],"version-history":[{"count":0,"href":"https:\/\/fjala.info\/2009-2015\/wp-json\/wp\/v2\/posts\/1626\/revisions"}],"wp:attachment":[{"href":"https:\/\/fjala.info\/2009-2015\/wp-json\/wp\/v2\/media?parent=1626"}],"wp:term":[{"taxonomy":"category","embeddable":true,"href":"https:\/\/fjala.info\/2009-2015\/wp-json\/wp\/v2\/categories?post=1626"},{"taxonomy":"post_tag","embeddable":true,"href":"https:\/\/fjala.info\/2009-2015\/wp-json\/wp\/v2\/tags?post=1626"}],"curies":[{"name":"wp","href":"https:\/\/api.w.org\/{rel}","templated":true}]}}