{"id":1621,"date":"2012-02-07T22:34:03","date_gmt":"2012-02-07T21:34:03","guid":{"rendered":"http:\/\/fjala.shkoder.net\/?p=1621"},"modified":"2012-02-07T22:34:03","modified_gmt":"2012-02-07T21:34:03","slug":"mosndeshkimi-i-krimit-dhe-ndeshkimi-i-gazetareve","status":"publish","type":"post","link":"https:\/\/fjala.info\/2009-2015\/mosndeshkimi-i-krimit-dhe-ndeshkimi-i-gazetareve\/","title":{"rendered":"Mosnd\u00ebshkimi i krimit dhe nd\u00ebshkimi i gazetar\u00ebve"},"content":{"rendered":"<p><img decoding=\"async\" class=\"alignright size-thumbnail wp-image-7236\" title=\"Mero Baze\" src=\"http:\/\/www.shkoder.net\/images\/fjala\/mero_baze1.jpg\" alt=\"\" width=\"150\" \/> Nga <strong>Mero Baze<\/strong>, <em>7 Shkurt 2012<\/em><\/p>\n<p>Redaksia e emisionit \u2018Fiks Fare\u2019 do t\u00eb p\u00ebrballet s\u00ebrish n\u00eb Gjykat\u00ebn e Lart\u00eb me rastin e ish- ministrit, Ylli Pango, i cili k\u00ebrkon nj\u00eb d\u00ebmshp\u00ebrblim prej 400 mij\u00eb euro nga redaksia p\u00ebr transmetimin e nj\u00eb videoregjistrimi, i cili n\u00eb m\u00ebnyr\u00ebn m\u00eb t\u00eb qart\u00eb d\u00ebshmon p\u00ebrdorimin e nj\u00eb posti publik, n\u00eb rastin konkret p\u00ebr joshje seksuale. Nuk dua t\u00eb ndalem as tek \u00e7menduria e vendimit t\u00eb Gjykat\u00ebs s\u00eb Faktit p\u00ebr sasin\u00eb e gjob\u00ebs dhe as tek m\u00ebnyra se si do t\u00eb p\u00ebrfundoj\u00eb kjo \u00e7\u00ebshtje nga Gjykata e Lart\u00eb dhe nga rigjykimi n\u00eb themel n\u00eb Gjykat\u00ebn e Shkall\u00ebs s\u00eb Par\u00eb.<\/p>\n<p>Ajo q\u00eb bie n\u00eb sy n\u00eb raportin e fundit t\u00eb Departamentit t\u00eb Shtetit si dhe n\u00eb shqet\u00ebsimin q\u00eb organizatat e liris\u00eb s\u00eb shtypit po i adresojn\u00eb Bashkimit Evropian p\u00ebr Shqip\u00ebrin\u00eb k\u00ebt\u00eb vit, jan\u00eb gjobat e larta n\u00eb adres\u00eb t\u00eb gazetar\u00ebve, t\u00eb cilat tejkalojn\u00eb jo vet\u00ebm pag\u00ebn e gjith\u00eb jet\u00ebs s\u00eb tyre, por dhe fusin gazetarin\u00eb n\u00eb kurthin e ngritur nga politika p\u00ebr posht\u00ebrimin e saj. Nj\u00eb gjob\u00eb 400 mij\u00eb euro p\u00ebr nj\u00eb redaksi \u00ebsht\u00eb af\u00ebrsisht buxheti i asaj redaksie p\u00ebr pagat p\u00ebr gati 5 vjet pun\u00eb, \u00e7ka do t\u00eb thot\u00eb se \u00ebsht\u00eb automatikisht nj\u00eb p\u00ebrpjekje jo p\u00ebr t\u2019i mbyllur goj\u00ebn, por p\u00ebr ta asgj\u00ebsuar at\u00eb redaksi. Edhe pse Gjykata e Lart\u00eb e Shqip\u00ebris\u00eb ka nj\u00eb vendim unifikues, q\u00eb u referohet gjobave ndaj gazetar\u00ebve, t\u00eb cilat nuk duhet t\u00eb synojn\u00eb pasurimin e pal\u00ebs padit\u00ebse, po krijohet precedenti i gjobave, t\u00eb cilat mund t\u00eb krahasohen me d\u00ebnime me burg t\u00eb p\u00ebrjetsh\u00ebm.<\/p>\n<p>Ndaj meje dhe gazet\u00ebs Tema brenda nj\u00eb viti gjykatat e Shkall\u00ebs s\u00eb Par\u00eb, t\u00eb Apelit dhe ajo e Lart\u00eb, kan\u00eb dh\u00ebn\u00eb her\u00eb fshehur e her\u00eb hapur, por asnj\u00ebher\u00eb duke zbatuar procedurat, gjoba q\u00eb n\u00eb t\u00ebr\u00ebsi k\u00ebrkojn\u00eb deri 500 mij\u00eb euro. Nj\u00ebr\u00ebn prej tyre, at\u00eb me biznesmenin e pushtetit, Rezart Ta\u00e7i, e kam n\u00eb proces gjykimi dhe ai k\u00ebrkon 100 mij\u00eb euro d\u00ebmshp\u00ebrblim, pasi mendon se ka mbyllur n\u00eb gjykat\u00eb dhe ka marr\u00eb pafaj\u00ebsin\u00eb rreth sulmit fizik q\u00eb m\u00eb ka b\u00ebr\u00eb mua n\u00eb prani t\u00eb disa koleg\u00ebve. E nj\u00ebjta gjykat\u00eb q\u00eb m\u00eb ka d\u00ebgjuar mua, dy koleg\u00ebt e mi dhe policin\u00eb q\u00eb ai ishte agresori, ka besuar vet\u00ebm at\u00eb q\u00eb nuk ishte dhe e ka shpallur t\u00eb pafajsh\u00ebm.<\/p>\n<p>Tani un\u00eb n\u00ebse vazhdoj t\u00eb them q\u00eb gjyqtari \u00ebsht\u00eb i korruptuar apo Rezart Ta\u00e7i m\u00eb ka q\u00eblluar, sipas tyre quhet q\u00eb kam shpifur dhe duhet t\u00eb d\u00ebnohem dhe 100 mij\u00eb euro t\u00eb tjera. Po t\u00eb mbledh dhe gjyqe t\u00eb tjera t\u00eb m\u00ebparshme t\u00eb gjykuara arbitrarisht dhe me klienteliz\u00ebm gati banditesk gjyqtar\u00ebsh dhe natyrisht me inkurajim nga pushteti, i bie q\u00eb un\u00eb t\u00eb jetoj 135 vjet p\u00ebr t\u00eb shlyer gjobat e vendosura n\u00eb m\u00ebnyr\u00eb arbitrare, nd\u00ebrkoh\u00eb q\u00eb d\u00ebnimi i p\u00ebrjetsh\u00ebm n\u00eb Shqip\u00ebri, i cili \u00ebsht\u00eb burg, parasheh vet\u00ebm 25 vjet. Pra nj\u00eb gazetar q\u00eb e ka rrog\u00ebn 500 euro n\u00eb muaj t\u00eb deklaruar n\u00eb tatime, i duhen 1 mij\u00eb muaj pun\u00eb, ose af\u00ebrsisht 90 vjet pun\u00eb p\u00ebr t\u00eb shlyer at\u00eb.<\/p>\n<p>Po e b\u00ebj k\u00ebt\u00eb llogari p\u00ebr t\u00eb kuptuar se gjykatat shqiptare, t\u00eb cilat jan\u00eb duksh\u00ebm mekanizmi i politik\u00ebs kund\u00ebr liris\u00eb s\u00eb shtypit n\u00eb Shqip\u00ebri, po p\u00ebrdoren p\u00ebr t\u00eb futur gazetarin\u00eb investigative n\u00eb spiralen e mafies dhe mbylljen e goj\u00ebs s\u00eb gazetar\u00ebve. N\u00ebse \u2018Fiks Fare\u2019 d\u00ebnohet 400 mij\u00eb euro, ose un\u00eb arrij t\u00eb paguaj 500 mij\u00eb euro, po ua them qysh tani se ose do kem shitur drog\u00eb, ose do kem b\u00ebr\u00eb pazar me Sali Berish\u00ebn, ose do jem futur n\u00eb LSI se aq para s\u2019i b\u00ebj dot kurr\u00eb.<\/p>\n<p>Dje d\u00ebgjova Sali Berish\u00ebn t\u00eb fliste p\u00ebr nj\u00eb val\u00eb t\u00eb re d\u00ebnimesh ndaj gazetar\u00ebve, sidomos p\u00ebr ata q\u00eb prekin privat\u00ebsin\u00eb e artist\u00ebve dhe k\u00ebng\u00ebtar\u00ebve. N\u00eb t\u00eb v\u00ebrtet\u00eb nuk \u00ebsht\u00eb aq i shqet\u00ebsuar p\u00ebr ta, se sa p\u00ebr precedentin e nd\u00ebshkimit t\u00eb shtypit dhe \u00e7uarjes s\u00eb tij drejt falimentit, n\u00ebse \u00ebsht\u00eb kritik me t\u00eb. Kjo ndodh n\u00eb nj\u00eb koh\u00eb kur Sali Berisha dhe Edi Rama, edhe pse merren vesh bashk\u00eb deri p\u00ebr ndryshimin e Kushtetut\u00ebs, nuk merren vesh p\u00ebr nj\u00eb ligj p\u00ebr shtypin, ku gazetar\u00ebt dhe raportet e tyre t\u00eb mos trajtohen si fyerje apo shpifje apriori vet\u00ebm pse shteti fsheh informacionin dhe faktet, por t\u00eb trajtohen si kontribut p\u00ebr lirin\u00eb e fjal\u00ebs dhe shteti t\u00eb marr\u00eb p\u00ebrsip\u00ebr barr\u00ebn e hetimit t\u00eb prov\u00ebs n\u00ebse \u00ebsht\u00eb i pafajsh\u00ebm. E nj\u00ebjta gj\u00eb duhet t\u00eb ndodh\u00eb dhe kur shkrimi apo raporti u drejtohet atyre q\u00eb Berisha ka filluar t\u2019i quaj\u00eb personazhe VIP.<\/p>\n<p>N\u00ebse Bashkimi Evropian shpreh si shqet\u00ebsim kryesor pik\u00ebrisht k\u00ebto gjoba t\u00eb larta, as opozita dhe as qeveria nuk kan\u00eb folur p\u00ebr nj\u00eb plan veprimi p\u00ebr t\u00eb rregulluar k\u00ebt\u00eb \u00e7\u00ebshtje, p\u00ebrkundrazi, duket sikur merren vesh n\u00eb heshtje q\u00eb media t\u00eb mbetet peng e tyre.<\/p>\n<p>N\u00eb t\u00eb v\u00ebrtet\u00eb kjo ka p\u00ebr t\u00eb qen\u00eb nj\u00eb bumerang i madh p\u00ebr ta. Mund\u00ebsia p\u00ebr t\u00eb penalizuar nj\u00eb medie- natyrisht q\u00eb n\u00eb kushtet e nj\u00eb shteti t\u00eb kontrolluar nga mafia si shteti yn\u00eb ekziston, por mund\u00ebsia p\u00ebr t\u2019u mbyllur goj\u00ebn gazetar\u00ebve \u00ebsht\u00eb thuajse zero. Infrastruktura e sotme e medies online dhe rrjeteve sociale e b\u00ebn t\u00eb pamundur q\u00eb lig\u00ebsia e njer\u00ebzve t\u00eb politik\u00ebs t\u00eb mposht\u00eb gazetar\u00ebt. \u00c7mimi q\u00eb ata mund t\u00eb paguajn\u00eb p\u00ebr kriteret q\u00eb i ngren\u00eb medies mund t\u00eb jet\u00eb m\u00eb i r\u00ebnd\u00eb se g\u00ebzimi i lig p\u00ebr posht\u00ebrimin e tyre me gjoba marramend\u00ebse, p\u00ebr t\u00eb cilat duhen disa jet\u00eb p\u00ebr t\u2019i paguar.<\/p>\n<p>Berisha ka arsye t\u00eb nxitoj\u00eb t\u00eb shtr\u00ebngoj\u00eb lakun mbi gazetar\u00ebt e pakt\u00eb kritik\u00eb q\u00eb i kan\u00eb mbetur n\u00eb vend, dhe po ashtu ka arsye q\u00eb t\u00eb inkurajoj\u00eb gjykatat p\u00ebr t\u2019i shtuar d\u00ebnimet ndaj kritik\u00ebve t\u00eb tij, por opozita nuk ka arsye t\u00eb ndjehet komode, duke b\u00ebr\u00eb sikur nuk e shikon \u00e7far\u00eb po ndodh me shpres\u00eb se kur t\u00eb jet\u00eb n\u00eb pushtet i duhet ky komoditet. \u2018Fiks Fare\u2019 do t\u00eb vazhdoj\u00eb t\u00eb jet\u00eb kritik dhe nes\u00ebr kur ata t\u00eb vijn\u00eb n\u00eb pushtet. Un\u00eb do ta kem gjithmon\u00eb nj\u00eb laptop dhe akses n\u00eb internet p\u00ebr t\u00eb shkruar. Por n\u00ebse sot opozita nuk d\u00ebshmon se \u00ebsht\u00eb n\u00eb an\u00ebn e liris\u00eb s\u00eb medies, do t\u2019i ket\u00eb t\u00eb pakta shanset t\u00eb ngrej\u00eb moralin e nj\u00eb shoq\u00ebrie q\u00eb po traumatizohet nga mosnd\u00ebshkimi i krimit dhe nd\u00ebshkimi i gazetar\u00ebve.<\/p>\n","protected":false},"excerpt":{"rendered":"<p>Nga Mero Baze, 7 Shkurt 2012 Redaksia e emisionit \u2018Fiks Fare\u2019 do t\u00eb p\u00ebrballet s\u00ebrish n\u00eb Gjykat\u00ebn e Lart\u00eb me rastin e ish- ministrit, Ylli Pango, i cili k\u00ebrkon nj\u00eb d\u00ebmshp\u00ebrblim prej 400 mij\u00eb euro nga redaksia p\u00ebr transmetimin e nj\u00eb videoregjistrimi, i cili n\u00eb m\u00ebnyr\u00ebn m\u00eb t\u00eb qart\u00eb d\u00ebshmon p\u00ebrdorimin e nj\u00eb posti publik, [&hellip;]<\/p>\n","protected":false},"author":1,"featured_media":0,"comment_status":"open","ping_status":"closed","sticky":false,"template":"","format":"standard","meta":{"footnotes":""},"categories":[2],"tags":[],"class_list":{"0":"post-1621","1":"post","2":"type-post","3":"status-publish","4":"format-standard","6":"category-artikuj"},"yoast_head":"<!-- This site is optimized with the Yoast SEO plugin v27.4 - https:\/\/yoast.com\/product\/yoast-seo-wordpress\/ -->\n<title>Mosnd\u00ebshkimi i krimit dhe nd\u00ebshkimi i gazetar\u00ebve - FjALA e LIR\u00cb - Arkivi<\/title>\n<meta name=\"robots\" content=\"index, follow, max-snippet:-1, max-image-preview:large, max-video-preview:-1\" \/>\n<link rel=\"canonical\" href=\"https:\/\/fjala.info\/2009-2015\/mosndeshkimi-i-krimit-dhe-ndeshkimi-i-gazetareve\/\" \/>\n<meta property=\"og:locale\" content=\"sq_AL\" \/>\n<meta property=\"og:type\" content=\"article\" \/>\n<meta property=\"og:title\" content=\"Mosnd\u00ebshkimi i krimit dhe nd\u00ebshkimi i gazetar\u00ebve - FjALA e LIR\u00cb - Arkivi\" \/>\n<meta property=\"og:description\" content=\"Nga Mero Baze, 7 Shkurt 2012 Redaksia e emisionit \u2018Fiks Fare\u2019 do t\u00eb p\u00ebrballet s\u00ebrish n\u00eb Gjykat\u00ebn e Lart\u00eb me rastin e ish- ministrit, Ylli Pango, i cili k\u00ebrkon nj\u00eb d\u00ebmshp\u00ebrblim prej 400 mij\u00eb euro nga redaksia p\u00ebr transmetimin e nj\u00eb videoregjistrimi, i cili n\u00eb m\u00ebnyr\u00ebn m\u00eb t\u00eb qart\u00eb d\u00ebshmon p\u00ebrdorimin e nj\u00eb posti publik, [&hellip;]\" \/>\n<meta property=\"og:url\" content=\"https:\/\/fjala.info\/2009-2015\/mosndeshkimi-i-krimit-dhe-ndeshkimi-i-gazetareve\/\" \/>\n<meta property=\"og:site_name\" content=\"FjALA e LIR\u00cb - Arkivi\" \/>\n<meta property=\"article:published_time\" content=\"2012-02-07T21:34:03+00:00\" \/>\n<meta property=\"og:image\" content=\"http:\/\/www.shkoder.net\/images\/fjala\/mero_baze1.jpg\" \/>\n<meta name=\"author\" content=\"admin\" \/>\n<meta name=\"twitter:card\" content=\"summary_large_image\" \/>\n<meta name=\"twitter:label1\" content=\"Written by\" \/>\n\t<meta name=\"twitter:data1\" content=\"admin\" \/>\n\t<meta name=\"twitter:label2\" content=\"Est. reading time\" \/>\n\t<meta name=\"twitter:data2\" content=\"6 minutes\" \/>\n<script type=\"application\/ld+json\" class=\"yoast-schema-graph\">{\"@context\":\"https:\\\/\\\/schema.org\",\"@graph\":[{\"@type\":\"Article\",\"@id\":\"https:\\\/\\\/fjala.info\\\/2009-2015\\\/mosndeshkimi-i-krimit-dhe-ndeshkimi-i-gazetareve\\\/#article\",\"isPartOf\":{\"@id\":\"https:\\\/\\\/fjala.info\\\/2009-2015\\\/mosndeshkimi-i-krimit-dhe-ndeshkimi-i-gazetareve\\\/\"},\"author\":{\"name\":\"admin\",\"@id\":\"https:\\\/\\\/fjala.info\\\/2009-2015\\\/#\\\/schema\\\/person\\\/3aa1163ef05469c496fc94e77611ada2\"},\"headline\":\"Mosnd\u00ebshkimi i krimit dhe nd\u00ebshkimi i gazetar\u00ebve\",\"datePublished\":\"2012-02-07T21:34:03+00:00\",\"mainEntityOfPage\":{\"@id\":\"https:\\\/\\\/fjala.info\\\/2009-2015\\\/mosndeshkimi-i-krimit-dhe-ndeshkimi-i-gazetareve\\\/\"},\"wordCount\":1184,\"commentCount\":0,\"publisher\":{\"@id\":\"https:\\\/\\\/fjala.info\\\/2009-2015\\\/#organization\"},\"image\":{\"@id\":\"https:\\\/\\\/fjala.info\\\/2009-2015\\\/mosndeshkimi-i-krimit-dhe-ndeshkimi-i-gazetareve\\\/#primaryimage\"},\"thumbnailUrl\":\"http:\\\/\\\/www.shkoder.net\\\/images\\\/fjala\\\/mero_baze1.jpg\",\"articleSection\":[\"Artikuj\"],\"inLanguage\":\"sq-AL\",\"potentialAction\":[{\"@type\":\"CommentAction\",\"name\":\"Comment\",\"target\":[\"https:\\\/\\\/fjala.info\\\/2009-2015\\\/mosndeshkimi-i-krimit-dhe-ndeshkimi-i-gazetareve\\\/#respond\"]}]},{\"@type\":\"WebPage\",\"@id\":\"https:\\\/\\\/fjala.info\\\/2009-2015\\\/mosndeshkimi-i-krimit-dhe-ndeshkimi-i-gazetareve\\\/\",\"url\":\"https:\\\/\\\/fjala.info\\\/2009-2015\\\/mosndeshkimi-i-krimit-dhe-ndeshkimi-i-gazetareve\\\/\",\"name\":\"Mosnd\u00ebshkimi i krimit dhe nd\u00ebshkimi i gazetar\u00ebve - FjALA e LIR\u00cb - Arkivi\",\"isPartOf\":{\"@id\":\"https:\\\/\\\/fjala.info\\\/2009-2015\\\/#website\"},\"primaryImageOfPage\":{\"@id\":\"https:\\\/\\\/fjala.info\\\/2009-2015\\\/mosndeshkimi-i-krimit-dhe-ndeshkimi-i-gazetareve\\\/#primaryimage\"},\"image\":{\"@id\":\"https:\\\/\\\/fjala.info\\\/2009-2015\\\/mosndeshkimi-i-krimit-dhe-ndeshkimi-i-gazetareve\\\/#primaryimage\"},\"thumbnailUrl\":\"http:\\\/\\\/www.shkoder.net\\\/images\\\/fjala\\\/mero_baze1.jpg\",\"datePublished\":\"2012-02-07T21:34:03+00:00\",\"breadcrumb\":{\"@id\":\"https:\\\/\\\/fjala.info\\\/2009-2015\\\/mosndeshkimi-i-krimit-dhe-ndeshkimi-i-gazetareve\\\/#breadcrumb\"},\"inLanguage\":\"sq-AL\",\"potentialAction\":[{\"@type\":\"ReadAction\",\"target\":[\"https:\\\/\\\/fjala.info\\\/2009-2015\\\/mosndeshkimi-i-krimit-dhe-ndeshkimi-i-gazetareve\\\/\"]}]},{\"@type\":\"ImageObject\",\"inLanguage\":\"sq-AL\",\"@id\":\"https:\\\/\\\/fjala.info\\\/2009-2015\\\/mosndeshkimi-i-krimit-dhe-ndeshkimi-i-gazetareve\\\/#primaryimage\",\"url\":\"http:\\\/\\\/www.shkoder.net\\\/images\\\/fjala\\\/mero_baze1.jpg\",\"contentUrl\":\"http:\\\/\\\/www.shkoder.net\\\/images\\\/fjala\\\/mero_baze1.jpg\"},{\"@type\":\"BreadcrumbList\",\"@id\":\"https:\\\/\\\/fjala.info\\\/2009-2015\\\/mosndeshkimi-i-krimit-dhe-ndeshkimi-i-gazetareve\\\/#breadcrumb\",\"itemListElement\":[{\"@type\":\"ListItem\",\"position\":1,\"name\":\"Home\",\"item\":\"https:\\\/\\\/fjala.info\\\/2009-2015\\\/\"},{\"@type\":\"ListItem\",\"position\":2,\"name\":\"Mosnd\u00ebshkimi i krimit dhe nd\u00ebshkimi i gazetar\u00ebve\"}]},{\"@type\":\"WebSite\",\"@id\":\"https:\\\/\\\/fjala.info\\\/2009-2015\\\/#website\",\"url\":\"https:\\\/\\\/fjala.info\\\/2009-2015\\\/\",\"name\":\"FjALA e LIR\u00cb - Arkivi\",\"description\":\"Arkivi 2009-2015\",\"publisher\":{\"@id\":\"https:\\\/\\\/fjala.info\\\/2009-2015\\\/#organization\"},\"potentialAction\":[{\"@type\":\"SearchAction\",\"target\":{\"@type\":\"EntryPoint\",\"urlTemplate\":\"https:\\\/\\\/fjala.info\\\/2009-2015\\\/?s={search_term_string}\"},\"query-input\":{\"@type\":\"PropertyValueSpecification\",\"valueRequired\":true,\"valueName\":\"search_term_string\"}}],\"inLanguage\":\"sq-AL\"},{\"@type\":\"Organization\",\"@id\":\"https:\\\/\\\/fjala.info\\\/2009-2015\\\/#organization\",\"name\":\"FjALA e LIR\u00cb - Arkivi\",\"url\":\"https:\\\/\\\/fjala.info\\\/2009-2015\\\/\",\"logo\":{\"@type\":\"ImageObject\",\"inLanguage\":\"sq-AL\",\"@id\":\"https:\\\/\\\/fjala.info\\\/2009-2015\\\/#\\\/schema\\\/logo\\\/image\\\/\",\"url\":\"\",\"contentUrl\":\"\",\"caption\":\"FjALA e LIR\u00cb - Arkivi\"},\"image\":{\"@id\":\"https:\\\/\\\/fjala.info\\\/2009-2015\\\/#\\\/schema\\\/logo\\\/image\\\/\"}},{\"@type\":\"Person\",\"@id\":\"https:\\\/\\\/fjala.info\\\/2009-2015\\\/#\\\/schema\\\/person\\\/3aa1163ef05469c496fc94e77611ada2\",\"name\":\"admin\",\"image\":{\"@type\":\"ImageObject\",\"inLanguage\":\"sq-AL\",\"@id\":\"https:\\\/\\\/fjala.info\\\/2009-2015\\\/wp-content\\\/uploads\\\/2012\\\/02\\\/arben_cokaj-120x150.jpg\",\"url\":\"https:\\\/\\\/fjala.info\\\/2009-2015\\\/wp-content\\\/uploads\\\/2012\\\/02\\\/arben_cokaj-120x150.jpg\",\"contentUrl\":\"https:\\\/\\\/fjala.info\\\/2009-2015\\\/wp-content\\\/uploads\\\/2012\\\/02\\\/arben_cokaj-120x150.jpg\",\"caption\":\"admin\"},\"description\":\"Admin, Fjala e Lir\u00eb\",\"sameAs\":[\"https:\\\/\\\/fjala.info\\\/\"],\"url\":\"https:\\\/\\\/fjala.info\\\/2009-2015\\\/author\\\/admin\\\/\"}]}<\/script>\n<!-- \/ Yoast SEO plugin. -->","yoast_head_json":{"title":"Mosnd\u00ebshkimi i krimit dhe nd\u00ebshkimi i gazetar\u00ebve - FjALA e LIR\u00cb - Arkivi","robots":{"index":"index","follow":"follow","max-snippet":"max-snippet:-1","max-image-preview":"max-image-preview:large","max-video-preview":"max-video-preview:-1"},"canonical":"https:\/\/fjala.info\/2009-2015\/mosndeshkimi-i-krimit-dhe-ndeshkimi-i-gazetareve\/","og_locale":"sq_AL","og_type":"article","og_title":"Mosnd\u00ebshkimi i krimit dhe nd\u00ebshkimi i gazetar\u00ebve - FjALA e LIR\u00cb - Arkivi","og_description":"Nga Mero Baze, 7 Shkurt 2012 Redaksia e emisionit \u2018Fiks Fare\u2019 do t\u00eb p\u00ebrballet s\u00ebrish n\u00eb Gjykat\u00ebn e Lart\u00eb me rastin e ish- ministrit, Ylli Pango, i cili k\u00ebrkon nj\u00eb d\u00ebmshp\u00ebrblim prej 400 mij\u00eb euro nga redaksia p\u00ebr transmetimin e nj\u00eb videoregjistrimi, i cili n\u00eb m\u00ebnyr\u00ebn m\u00eb t\u00eb qart\u00eb d\u00ebshmon p\u00ebrdorimin e nj\u00eb posti publik, [&hellip;]","og_url":"https:\/\/fjala.info\/2009-2015\/mosndeshkimi-i-krimit-dhe-ndeshkimi-i-gazetareve\/","og_site_name":"FjALA e LIR\u00cb - Arkivi","article_published_time":"2012-02-07T21:34:03+00:00","og_image":[{"url":"http:\/\/www.shkoder.net\/images\/fjala\/mero_baze1.jpg","type":"","width":"","height":""}],"author":"admin","twitter_card":"summary_large_image","twitter_misc":{"Written by":"admin","Est. reading time":"6 minutes"},"schema":{"@context":"https:\/\/schema.org","@graph":[{"@type":"Article","@id":"https:\/\/fjala.info\/2009-2015\/mosndeshkimi-i-krimit-dhe-ndeshkimi-i-gazetareve\/#article","isPartOf":{"@id":"https:\/\/fjala.info\/2009-2015\/mosndeshkimi-i-krimit-dhe-ndeshkimi-i-gazetareve\/"},"author":{"name":"admin","@id":"https:\/\/fjala.info\/2009-2015\/#\/schema\/person\/3aa1163ef05469c496fc94e77611ada2"},"headline":"Mosnd\u00ebshkimi i krimit dhe nd\u00ebshkimi i gazetar\u00ebve","datePublished":"2012-02-07T21:34:03+00:00","mainEntityOfPage":{"@id":"https:\/\/fjala.info\/2009-2015\/mosndeshkimi-i-krimit-dhe-ndeshkimi-i-gazetareve\/"},"wordCount":1184,"commentCount":0,"publisher":{"@id":"https:\/\/fjala.info\/2009-2015\/#organization"},"image":{"@id":"https:\/\/fjala.info\/2009-2015\/mosndeshkimi-i-krimit-dhe-ndeshkimi-i-gazetareve\/#primaryimage"},"thumbnailUrl":"http:\/\/www.shkoder.net\/images\/fjala\/mero_baze1.jpg","articleSection":["Artikuj"],"inLanguage":"sq-AL","potentialAction":[{"@type":"CommentAction","name":"Comment","target":["https:\/\/fjala.info\/2009-2015\/mosndeshkimi-i-krimit-dhe-ndeshkimi-i-gazetareve\/#respond"]}]},{"@type":"WebPage","@id":"https:\/\/fjala.info\/2009-2015\/mosndeshkimi-i-krimit-dhe-ndeshkimi-i-gazetareve\/","url":"https:\/\/fjala.info\/2009-2015\/mosndeshkimi-i-krimit-dhe-ndeshkimi-i-gazetareve\/","name":"Mosnd\u00ebshkimi i krimit dhe nd\u00ebshkimi i gazetar\u00ebve - FjALA e LIR\u00cb - Arkivi","isPartOf":{"@id":"https:\/\/fjala.info\/2009-2015\/#website"},"primaryImageOfPage":{"@id":"https:\/\/fjala.info\/2009-2015\/mosndeshkimi-i-krimit-dhe-ndeshkimi-i-gazetareve\/#primaryimage"},"image":{"@id":"https:\/\/fjala.info\/2009-2015\/mosndeshkimi-i-krimit-dhe-ndeshkimi-i-gazetareve\/#primaryimage"},"thumbnailUrl":"http:\/\/www.shkoder.net\/images\/fjala\/mero_baze1.jpg","datePublished":"2012-02-07T21:34:03+00:00","breadcrumb":{"@id":"https:\/\/fjala.info\/2009-2015\/mosndeshkimi-i-krimit-dhe-ndeshkimi-i-gazetareve\/#breadcrumb"},"inLanguage":"sq-AL","potentialAction":[{"@type":"ReadAction","target":["https:\/\/fjala.info\/2009-2015\/mosndeshkimi-i-krimit-dhe-ndeshkimi-i-gazetareve\/"]}]},{"@type":"ImageObject","inLanguage":"sq-AL","@id":"https:\/\/fjala.info\/2009-2015\/mosndeshkimi-i-krimit-dhe-ndeshkimi-i-gazetareve\/#primaryimage","url":"http:\/\/www.shkoder.net\/images\/fjala\/mero_baze1.jpg","contentUrl":"http:\/\/www.shkoder.net\/images\/fjala\/mero_baze1.jpg"},{"@type":"BreadcrumbList","@id":"https:\/\/fjala.info\/2009-2015\/mosndeshkimi-i-krimit-dhe-ndeshkimi-i-gazetareve\/#breadcrumb","itemListElement":[{"@type":"ListItem","position":1,"name":"Home","item":"https:\/\/fjala.info\/2009-2015\/"},{"@type":"ListItem","position":2,"name":"Mosnd\u00ebshkimi i krimit dhe nd\u00ebshkimi i gazetar\u00ebve"}]},{"@type":"WebSite","@id":"https:\/\/fjala.info\/2009-2015\/#website","url":"https:\/\/fjala.info\/2009-2015\/","name":"FjALA e LIR\u00cb - Arkivi","description":"Arkivi 2009-2015","publisher":{"@id":"https:\/\/fjala.info\/2009-2015\/#organization"},"potentialAction":[{"@type":"SearchAction","target":{"@type":"EntryPoint","urlTemplate":"https:\/\/fjala.info\/2009-2015\/?s={search_term_string}"},"query-input":{"@type":"PropertyValueSpecification","valueRequired":true,"valueName":"search_term_string"}}],"inLanguage":"sq-AL"},{"@type":"Organization","@id":"https:\/\/fjala.info\/2009-2015\/#organization","name":"FjALA e LIR\u00cb - Arkivi","url":"https:\/\/fjala.info\/2009-2015\/","logo":{"@type":"ImageObject","inLanguage":"sq-AL","@id":"https:\/\/fjala.info\/2009-2015\/#\/schema\/logo\/image\/","url":"","contentUrl":"","caption":"FjALA e LIR\u00cb - Arkivi"},"image":{"@id":"https:\/\/fjala.info\/2009-2015\/#\/schema\/logo\/image\/"}},{"@type":"Person","@id":"https:\/\/fjala.info\/2009-2015\/#\/schema\/person\/3aa1163ef05469c496fc94e77611ada2","name":"admin","image":{"@type":"ImageObject","inLanguage":"sq-AL","@id":"https:\/\/fjala.info\/2009-2015\/wp-content\/uploads\/2012\/02\/arben_cokaj-120x150.jpg","url":"https:\/\/fjala.info\/2009-2015\/wp-content\/uploads\/2012\/02\/arben_cokaj-120x150.jpg","contentUrl":"https:\/\/fjala.info\/2009-2015\/wp-content\/uploads\/2012\/02\/arben_cokaj-120x150.jpg","caption":"admin"},"description":"Admin, Fjala e Lir\u00eb","sameAs":["https:\/\/fjala.info\/"],"url":"https:\/\/fjala.info\/2009-2015\/author\/admin\/"}]}},"_links":{"self":[{"href":"https:\/\/fjala.info\/2009-2015\/wp-json\/wp\/v2\/posts\/1621","targetHints":{"allow":["GET"]}}],"collection":[{"href":"https:\/\/fjala.info\/2009-2015\/wp-json\/wp\/v2\/posts"}],"about":[{"href":"https:\/\/fjala.info\/2009-2015\/wp-json\/wp\/v2\/types\/post"}],"author":[{"embeddable":true,"href":"https:\/\/fjala.info\/2009-2015\/wp-json\/wp\/v2\/users\/1"}],"replies":[{"embeddable":true,"href":"https:\/\/fjala.info\/2009-2015\/wp-json\/wp\/v2\/comments?post=1621"}],"version-history":[{"count":0,"href":"https:\/\/fjala.info\/2009-2015\/wp-json\/wp\/v2\/posts\/1621\/revisions"}],"wp:attachment":[{"href":"https:\/\/fjala.info\/2009-2015\/wp-json\/wp\/v2\/media?parent=1621"}],"wp:term":[{"taxonomy":"category","embeddable":true,"href":"https:\/\/fjala.info\/2009-2015\/wp-json\/wp\/v2\/categories?post=1621"},{"taxonomy":"post_tag","embeddable":true,"href":"https:\/\/fjala.info\/2009-2015\/wp-json\/wp\/v2\/tags?post=1621"}],"curies":[{"name":"wp","href":"https:\/\/api.w.org\/{rel}","templated":true}]}}