{"id":162,"date":"2011-11-15T23:34:10","date_gmt":"2011-11-15T22:34:10","guid":{"rendered":"http:\/\/fjala.shkoder.net\/?p=162"},"modified":"2011-11-15T23:34:10","modified_gmt":"2011-11-15T22:34:10","slug":"per-raportin-camaj-kadare","status":"publish","type":"post","link":"https:\/\/fjala.info\/2009-2015\/per-raportin-camaj-kadare\/","title":{"rendered":"P\u00ebr raportin Camaj \u2013 Kadare"},"content":{"rendered":"<p><img decoding=\"async\" class=\"alignleft size-thumbnail wp-image-7236\" title=\"Hans-Joachim Lanksch\" src=\"http:\/\/www.shkoder.net\/images\/fjala\/hans_joachim_lanksch.jpg\" alt=\"\" width=\"150\" \/> <strong>Hans-Joachim Lanksch<\/strong>*<\/p>\n<p>1.) M\u00eb 29 tetor gazeta SHEKULLI botoi nji fragment nga libri i kujtimeve t\u00eb Helena Kadares\u00eb me titull \u201cRr\u00ebfimi i Helena Kadares\u00eb: Dy rastet kur Ismailin e kan\u00eb k\u00ebrc\u00ebnuar me jet\u00eb\u201d ku gjendet ky pasazh n\u00eb lidhje me ikjen e Kadares\u00eb p\u00ebr n\u00eb Paris: \u201cNga njer\u00ebzit e shquar t\u00eb diaspor\u00ebs ishin deklaratat miratuese t\u00eb shkrimtarit t\u00eb madh Martin Camaj, nga Munihu i Gjermanis\u00eb dhe t\u00eb personalitetit tjet\u00ebr, Sami Repishti, nga Nju-Jorku.\u201d Nji deklarat\u00eb e till\u00eb e Martin Camajt nuk ekziston.<\/p>\n<p>Martin Camaj kurr\u00eb nuk asht shpreh\u00eb publikisht, as me shkrim dhe as me goj\u00eb, kjoft\u00eb miratues kjoft\u00eb mosmiratues, p\u00ebr Ismail Kadaren\u00eb apo p\u00ebr arratisjen e Ismail Kadares\u00eb nga Shqipnija. Jopublikisht, Martin Camaj foli p\u00ebr arratin\u00eb e Kadares\u00eb. N\u00eb nji takim mbas arratis\u00eb s\u00eb z. Kadare, Martin Camaj m\u00eb tha, fjal\u00ebpak si\u00e7 e kishte zakon: \u201cKadareja gjendet n\u00ebParis. Iku n\u00eb prag t\u00eb fitimit t\u00eb demokracis\u00eb\u201d.<\/p>\n<p>2.) M\u00eb 11 nandor u botue teksti i nji interviste t\u00eb gjat\u00eb q\u00eb i dha Ismail Kadare gazetarit Blendi Fevziu. N\u00eb k\u00ebte intervist\u00eb q\u00eb u botue te SHEKULLI me titull \u201cIsmail Kadare: Marr\u00ebdh\u00ebniet e mia me grat\u00eb\u201d, intervistuesi e pyet Ismail Kadaren\u00eb nd\u00ebr t\u00eb tjera edhe p\u00ebr nji takim me Martin Camajn n\u00eb vitin 1981. Kadareja flet p\u00ebr pranin\u00eb e tij n\u00eb Panairin e Librit t\u00eb Frankfurtit dhe shton: \u201cMartin Camaj erdhi n\u00ebFrankfurtdhe n\u00eb nj\u00eb konferenc\u00eb u paraqit dhe m\u00eb tha, un\u00eb jam Martin Camaj, a m\u00eb njeh?Poi thash\u00eb. Biseduam n\u00eb k\u00ebmb\u00eb 3-4 minuta. Jam shum\u00eb i g\u00ebzuar q\u00eb ju takoj tha, kaq.\u201d Asht e v\u00ebrtet\u00eb q\u00eb Martin Camaj m\u00eb 1981 shkoi n\u00eb Panairin e Librit n\u00ebFrankfurtku iu afrue Ismail Kadares\u00eb dhe foli me te p\u00ebr 3-4 minuta.<\/p>\n<p>Mir\u00ebpo, z. Kadare shton edhe kat\u00ebr fjali: \u201cM\u00eb von\u00eb un\u00eb kam pasur shk\u00ebmbim mendimesh me t\u00eb, n\u00ebp\u00ebrmjet ish ambasadorit t\u00eb Gjermanis\u00eb n\u00eb Tiran\u00eb, Verner Daun, ai filloi t\u00eb vinte n\u00ebParism\u00eb sillte lajme prej tij, i \u00e7onte mendimet e mia atij. Dhe jam i lumtur t\u2019i transmetoj mendimin tim p\u00ebr novelat e tij. Ai u g\u00ebzua shum\u00eb dhe na ftoi p\u00ebr drek\u00eb. Caktuam dhe drek\u00ebn, por ai vdiq nj\u00eb jav\u00eb para saj dhe nuk u takuam kurr\u00eb.\u201d \u2013 P\u00ebr fat t\u00eb keq, n\u00eb k\u00ebto kat\u00ebr fjali asnjena s\u2019 asht e v\u00ebrtet\u00eb. \u00cberner Daum nuk ka ken\u00eb ambasadori i Gjermanis\u00eb n\u00eb Tiran\u00eb, por m\u00ebkamb\u00ebsi i ambasadorit Friedrich Kroneck. Mes Kadares\u00eb dhe Camajt nuk ka pas\u00eb \u201cshk\u00ebmbim mendimesh\u201d as me ndihm\u00ebn dhe as pa ndihm\u00ebn e z. Daum. Martin Camaj nuk i ftoi p\u00ebr drek\u00eb zotnit\u00eb Kadare e Daum dhe as nuk u caktue dreka.<\/p>\n<p>T\u00eb gjitha k\u00ebto do duhej ta dinte e shoqja dhe dora e djatht\u00eb e shkrimtarit, zonja Camaj, e cila e mohon nji gja t\u00eb till\u00eb. P\u00ebr nji \u201cshk\u00ebmbim mendimesh\u201d me z. Kadare dhe p\u00ebr ftes\u00ebn n\u00eb drek\u00eb t\u00eb z. Kadare dhe Daum, Martin Camaj nuk m\u00eb ka tregue gja as mue q\u00eb takohesha rregullisht me te, ku ai m\u00eb tregonte t\u00eb rejat e tij, ngjarjet e rand\u00ebsishme dhe gjanat me t\u00eb cilat merrej si, fjala vjen, lidhjet e tij me intelektual\u00ebt e rinj t\u00eb Tiran\u00ebs (Ardian Klosi, Edi Rama, Pre\u00e7 Zogaj) apo m\u00eb tregoi gjith\u00eb g\u00ebzim e lumtuni q\u00eb i vinin lajme q\u00eb po hapeshin dyert e burgjeve nga dilnin, si\u00e7 m\u00eb tha, shkrimtar\u00ebt dhe intelektual\u00ebt e v\u00ebrtet\u00eb shqiptar\u00eb. Lidhun me z. Kadare ma kishte p\u00ebrmend\u00eb, p\u00ebraf\u00ebrsisht 10 vjet ma par\u00eb, vet\u00ebm takimin me te gjat\u00eb Panairit t\u00eb Librit ku tha q\u00eb ia shtriu dor\u00ebn Ismail Kadares\u00eb dhe foli me te p\u00ebr pak minuta.<\/p>\n<p>3.) Pretendimi i tash\u00ebm i Kadares\u00eb ka nji histori paraprij\u00ebse. M\u00eb 18 shtator 2008, gjithashtu n\u00eb faqet e gazet\u00ebs SHEKULLI, ai botoi nji shkrim t\u00eb gjat\u00eb \u201cRaportet e mia me Pip\u00ebn dhe Camajn\u201d ku e quen z. Daum \u201cnj\u00eb miku yn\u00eb i p\u00ebrbashk\u00ebt\u201d q\u00eb \u201cm\u00eb foli p\u00ebr miq\u00ebsin\u00eb e tij me Camajn\u201d. Dr. \u00cberner Daum nuk ka ken\u00eb mik i Camajt. Bashk\u00ebshort\u00ebt Camaj e kan\u00eb pa z. Daum vet\u00ebm p\u00ebr nji or\u00eb kah fundi i vitit 1991 kur ishin t\u00eb ftuem te kush\u00ebrirja e z. Daum prej s\u00eb cil\u00ebs e kishin ble trollin e sht\u00ebpis\u00eb s\u00eb tyne n\u00eb Lenggries. Gjat\u00eb k\u00ebsaj ore z. Daum bisedoi sidomos me Martin Camajn. Mbas nji ore, Camajt u larguen dhe as nuk mbet\u00ebn p\u00ebr dark\u00ebn e p\u00ebrgatitun sepse Martin Camaj ishte n\u00eb gjendj\u00eb tep\u00ebr t\u00eb keqe sh\u00ebndet\u00ebsore.<\/p>\n<p>Ismail Kadare shton q\u00eb Daumi ia paska transmetue Camajt vler\u00ebsimin pozitiv t\u00eb Kadares\u00eb p\u00ebr novelat dhe poezit\u00eb e Camajt ku ky i fundit qe shum\u00eb i lumtun dhe e ftoi Kadaren\u00eb dhe Daumin p\u00ebr drek\u00eb\u2026 Pas takimit njior\u00ebsh te kush\u00ebrirja e Daumit, Martin Camaj nuk ka pas\u00eb ma kontakt me z. Daum. N\u00eb k\u00ebte mes duhet me shtue q\u00eb Martin Camaj n\u2019 ate koh\u00eb ka ken\u00eb shum\u00eb i s\u00ebmut\u00eb dhe vuente tmerr\u00ebsisht nga s\u00ebmundja vdekjeprur\u00ebse, ku nji \u00e7erek viti para vdekjes kishtehallet\u00eb tjera nga mendimi i z. Kadare.<\/p>\n<p>Nuk mund t\u00eb them q\u00eb pretendimet e Ismail Kadares\u00eb p\u00ebr \u201cmikun e p\u00ebrbashk\u00ebt\u201d Daum dhe p\u00ebrcjelljen e mendimeve, lajmeve dhe t\u00eb kinse ftes\u00ebs jan\u00eb rrena a instrumentalizim i q\u00ebllimsh\u00ebm nga ana e z. Kadare. Ka mund\u00ebsi q\u00eb diplomati gjerman kapardisej me \u201cmiq\u00ebsin\u00eb\u201d e tij me dy shkrimtar\u00eb t\u00eb shquem dhe q\u00eb te puna prej kuririt mes atyne t\u00eb dyve dhe te puna e ftes\u00ebs p\u00ebr drek\u00eb, si\u00e7 thuhet n\u00eb gjermanisht, i ati i mendimit paska ken\u00eb d\u00ebshira. Sidokjoft\u00eb, e v\u00ebrteta q\u00ebndron ndryshe dhe ajo duhet than\u00eb q\u00eb t\u00eb mos linden t\u00eb pav\u00ebrteta e legjenda t\u00eb tjera shtes\u00eb.<\/p>\n<p>*<em>P\u00ebrkthyes i let\u00ebrsis\u00eb shqipe, nx\u00ebn\u00ebs i Camajt. Sh\u00ebnim i autorit: Ky shkrim bahet me dijen dhe p\u00eblqimin e zonj\u00ebs Erika Camaj<\/em><\/p>\n","protected":false},"excerpt":{"rendered":"<p>Hans-Joachim Lanksch* 1.) M\u00eb 29 tetor gazeta SHEKULLI botoi nji fragment nga libri i kujtimeve t\u00eb Helena Kadares\u00eb me titull \u201cRr\u00ebfimi i Helena Kadares\u00eb: Dy rastet kur Ismailin e kan\u00eb k\u00ebrc\u00ebnuar me jet\u00eb\u201d ku gjendet ky pasazh n\u00eb lidhje me ikjen e Kadares\u00eb p\u00ebr n\u00eb Paris: \u201cNga njer\u00ebzit e shquar t\u00eb diaspor\u00ebs ishin deklaratat miratuese [&hellip;]<\/p>\n","protected":false},"author":1,"featured_media":0,"comment_status":"open","ping_status":"closed","sticky":false,"template":"","format":"standard","meta":{"footnotes":""},"categories":[2],"tags":[],"class_list":{"0":"post-162","1":"post","2":"type-post","3":"status-publish","4":"format-standard","6":"category-artikuj"},"yoast_head":"<!-- This site is optimized with the Yoast SEO plugin v27.4 - https:\/\/yoast.com\/product\/yoast-seo-wordpress\/ -->\n<title>P\u00ebr raportin Camaj \u2013 Kadare - FjALA e LIR\u00cb - Arkivi<\/title>\n<meta name=\"robots\" content=\"index, follow, max-snippet:-1, max-image-preview:large, max-video-preview:-1\" \/>\n<link rel=\"canonical\" href=\"https:\/\/fjala.info\/2009-2015\/per-raportin-camaj-kadare\/\" \/>\n<meta property=\"og:locale\" content=\"sq_AL\" \/>\n<meta property=\"og:type\" content=\"article\" \/>\n<meta property=\"og:title\" content=\"P\u00ebr raportin Camaj \u2013 Kadare - FjALA e LIR\u00cb - Arkivi\" \/>\n<meta property=\"og:description\" content=\"Hans-Joachim Lanksch* 1.) M\u00eb 29 tetor gazeta SHEKULLI botoi nji fragment nga libri i kujtimeve t\u00eb Helena Kadares\u00eb me titull \u201cRr\u00ebfimi i Helena Kadares\u00eb: Dy rastet kur Ismailin e kan\u00eb k\u00ebrc\u00ebnuar me jet\u00eb\u201d ku gjendet ky pasazh n\u00eb lidhje me ikjen e Kadares\u00eb p\u00ebr n\u00eb Paris: \u201cNga njer\u00ebzit e shquar t\u00eb diaspor\u00ebs ishin deklaratat miratuese [&hellip;]\" \/>\n<meta property=\"og:url\" content=\"https:\/\/fjala.info\/2009-2015\/per-raportin-camaj-kadare\/\" \/>\n<meta property=\"og:site_name\" content=\"FjALA e LIR\u00cb - Arkivi\" \/>\n<meta property=\"article:published_time\" content=\"2011-11-15T22:34:10+00:00\" \/>\n<meta property=\"og:image\" content=\"http:\/\/www.shkoder.net\/images\/fjala\/hans_joachim_lanksch.jpg\" \/>\n<meta name=\"author\" content=\"admin\" \/>\n<meta name=\"twitter:card\" content=\"summary_large_image\" \/>\n<meta name=\"twitter:label1\" content=\"Written by\" \/>\n\t<meta name=\"twitter:data1\" content=\"admin\" \/>\n\t<meta name=\"twitter:label2\" content=\"Est. reading time\" \/>\n\t<meta name=\"twitter:data2\" content=\"5 minutes\" \/>\n<script type=\"application\/ld+json\" class=\"yoast-schema-graph\">{\"@context\":\"https:\\\/\\\/schema.org\",\"@graph\":[{\"@type\":\"Article\",\"@id\":\"https:\\\/\\\/fjala.info\\\/2009-2015\\\/per-raportin-camaj-kadare\\\/#article\",\"isPartOf\":{\"@id\":\"https:\\\/\\\/fjala.info\\\/2009-2015\\\/per-raportin-camaj-kadare\\\/\"},\"author\":{\"name\":\"admin\",\"@id\":\"https:\\\/\\\/fjala.info\\\/2009-2015\\\/#\\\/schema\\\/person\\\/3aa1163ef05469c496fc94e77611ada2\"},\"headline\":\"P\u00ebr raportin Camaj \u2013 Kadare\",\"datePublished\":\"2011-11-15T22:34:10+00:00\",\"mainEntityOfPage\":{\"@id\":\"https:\\\/\\\/fjala.info\\\/2009-2015\\\/per-raportin-camaj-kadare\\\/\"},\"wordCount\":1021,\"commentCount\":0,\"publisher\":{\"@id\":\"https:\\\/\\\/fjala.info\\\/2009-2015\\\/#organization\"},\"image\":{\"@id\":\"https:\\\/\\\/fjala.info\\\/2009-2015\\\/per-raportin-camaj-kadare\\\/#primaryimage\"},\"thumbnailUrl\":\"http:\\\/\\\/www.shkoder.net\\\/images\\\/fjala\\\/hans_joachim_lanksch.jpg\",\"articleSection\":[\"Artikuj\"],\"inLanguage\":\"sq-AL\",\"potentialAction\":[{\"@type\":\"CommentAction\",\"name\":\"Comment\",\"target\":[\"https:\\\/\\\/fjala.info\\\/2009-2015\\\/per-raportin-camaj-kadare\\\/#respond\"]}]},{\"@type\":\"WebPage\",\"@id\":\"https:\\\/\\\/fjala.info\\\/2009-2015\\\/per-raportin-camaj-kadare\\\/\",\"url\":\"https:\\\/\\\/fjala.info\\\/2009-2015\\\/per-raportin-camaj-kadare\\\/\",\"name\":\"P\u00ebr raportin Camaj \u2013 Kadare - FjALA e LIR\u00cb - Arkivi\",\"isPartOf\":{\"@id\":\"https:\\\/\\\/fjala.info\\\/2009-2015\\\/#website\"},\"primaryImageOfPage\":{\"@id\":\"https:\\\/\\\/fjala.info\\\/2009-2015\\\/per-raportin-camaj-kadare\\\/#primaryimage\"},\"image\":{\"@id\":\"https:\\\/\\\/fjala.info\\\/2009-2015\\\/per-raportin-camaj-kadare\\\/#primaryimage\"},\"thumbnailUrl\":\"http:\\\/\\\/www.shkoder.net\\\/images\\\/fjala\\\/hans_joachim_lanksch.jpg\",\"datePublished\":\"2011-11-15T22:34:10+00:00\",\"breadcrumb\":{\"@id\":\"https:\\\/\\\/fjala.info\\\/2009-2015\\\/per-raportin-camaj-kadare\\\/#breadcrumb\"},\"inLanguage\":\"sq-AL\",\"potentialAction\":[{\"@type\":\"ReadAction\",\"target\":[\"https:\\\/\\\/fjala.info\\\/2009-2015\\\/per-raportin-camaj-kadare\\\/\"]}]},{\"@type\":\"ImageObject\",\"inLanguage\":\"sq-AL\",\"@id\":\"https:\\\/\\\/fjala.info\\\/2009-2015\\\/per-raportin-camaj-kadare\\\/#primaryimage\",\"url\":\"http:\\\/\\\/www.shkoder.net\\\/images\\\/fjala\\\/hans_joachim_lanksch.jpg\",\"contentUrl\":\"http:\\\/\\\/www.shkoder.net\\\/images\\\/fjala\\\/hans_joachim_lanksch.jpg\"},{\"@type\":\"BreadcrumbList\",\"@id\":\"https:\\\/\\\/fjala.info\\\/2009-2015\\\/per-raportin-camaj-kadare\\\/#breadcrumb\",\"itemListElement\":[{\"@type\":\"ListItem\",\"position\":1,\"name\":\"Home\",\"item\":\"https:\\\/\\\/fjala.info\\\/2009-2015\\\/\"},{\"@type\":\"ListItem\",\"position\":2,\"name\":\"P\u00ebr raportin Camaj \u2013 Kadare\"}]},{\"@type\":\"WebSite\",\"@id\":\"https:\\\/\\\/fjala.info\\\/2009-2015\\\/#website\",\"url\":\"https:\\\/\\\/fjala.info\\\/2009-2015\\\/\",\"name\":\"FjALA e LIR\u00cb - Arkivi\",\"description\":\"Arkivi 2009-2015\",\"publisher\":{\"@id\":\"https:\\\/\\\/fjala.info\\\/2009-2015\\\/#organization\"},\"potentialAction\":[{\"@type\":\"SearchAction\",\"target\":{\"@type\":\"EntryPoint\",\"urlTemplate\":\"https:\\\/\\\/fjala.info\\\/2009-2015\\\/?s={search_term_string}\"},\"query-input\":{\"@type\":\"PropertyValueSpecification\",\"valueRequired\":true,\"valueName\":\"search_term_string\"}}],\"inLanguage\":\"sq-AL\"},{\"@type\":\"Organization\",\"@id\":\"https:\\\/\\\/fjala.info\\\/2009-2015\\\/#organization\",\"name\":\"FjALA e LIR\u00cb - Arkivi\",\"url\":\"https:\\\/\\\/fjala.info\\\/2009-2015\\\/\",\"logo\":{\"@type\":\"ImageObject\",\"inLanguage\":\"sq-AL\",\"@id\":\"https:\\\/\\\/fjala.info\\\/2009-2015\\\/#\\\/schema\\\/logo\\\/image\\\/\",\"url\":\"\",\"contentUrl\":\"\",\"caption\":\"FjALA e LIR\u00cb - Arkivi\"},\"image\":{\"@id\":\"https:\\\/\\\/fjala.info\\\/2009-2015\\\/#\\\/schema\\\/logo\\\/image\\\/\"}},{\"@type\":\"Person\",\"@id\":\"https:\\\/\\\/fjala.info\\\/2009-2015\\\/#\\\/schema\\\/person\\\/3aa1163ef05469c496fc94e77611ada2\",\"name\":\"admin\",\"image\":{\"@type\":\"ImageObject\",\"inLanguage\":\"sq-AL\",\"@id\":\"https:\\\/\\\/fjala.info\\\/2009-2015\\\/wp-content\\\/uploads\\\/2012\\\/02\\\/arben_cokaj-120x150.jpg\",\"url\":\"https:\\\/\\\/fjala.info\\\/2009-2015\\\/wp-content\\\/uploads\\\/2012\\\/02\\\/arben_cokaj-120x150.jpg\",\"contentUrl\":\"https:\\\/\\\/fjala.info\\\/2009-2015\\\/wp-content\\\/uploads\\\/2012\\\/02\\\/arben_cokaj-120x150.jpg\",\"caption\":\"admin\"},\"description\":\"Admin, Fjala e Lir\u00eb\",\"sameAs\":[\"https:\\\/\\\/fjala.info\\\/\"],\"url\":\"https:\\\/\\\/fjala.info\\\/2009-2015\\\/author\\\/admin\\\/\"}]}<\/script>\n<!-- \/ Yoast SEO plugin. -->","yoast_head_json":{"title":"P\u00ebr raportin Camaj \u2013 Kadare - FjALA e LIR\u00cb - Arkivi","robots":{"index":"index","follow":"follow","max-snippet":"max-snippet:-1","max-image-preview":"max-image-preview:large","max-video-preview":"max-video-preview:-1"},"canonical":"https:\/\/fjala.info\/2009-2015\/per-raportin-camaj-kadare\/","og_locale":"sq_AL","og_type":"article","og_title":"P\u00ebr raportin Camaj \u2013 Kadare - FjALA e LIR\u00cb - Arkivi","og_description":"Hans-Joachim Lanksch* 1.) M\u00eb 29 tetor gazeta SHEKULLI botoi nji fragment nga libri i kujtimeve t\u00eb Helena Kadares\u00eb me titull \u201cRr\u00ebfimi i Helena Kadares\u00eb: Dy rastet kur Ismailin e kan\u00eb k\u00ebrc\u00ebnuar me jet\u00eb\u201d ku gjendet ky pasazh n\u00eb lidhje me ikjen e Kadares\u00eb p\u00ebr n\u00eb Paris: \u201cNga njer\u00ebzit e shquar t\u00eb diaspor\u00ebs ishin deklaratat miratuese [&hellip;]","og_url":"https:\/\/fjala.info\/2009-2015\/per-raportin-camaj-kadare\/","og_site_name":"FjALA e LIR\u00cb - Arkivi","article_published_time":"2011-11-15T22:34:10+00:00","og_image":[{"url":"http:\/\/www.shkoder.net\/images\/fjala\/hans_joachim_lanksch.jpg","type":"","width":"","height":""}],"author":"admin","twitter_card":"summary_large_image","twitter_misc":{"Written by":"admin","Est. reading time":"5 minutes"},"schema":{"@context":"https:\/\/schema.org","@graph":[{"@type":"Article","@id":"https:\/\/fjala.info\/2009-2015\/per-raportin-camaj-kadare\/#article","isPartOf":{"@id":"https:\/\/fjala.info\/2009-2015\/per-raportin-camaj-kadare\/"},"author":{"name":"admin","@id":"https:\/\/fjala.info\/2009-2015\/#\/schema\/person\/3aa1163ef05469c496fc94e77611ada2"},"headline":"P\u00ebr raportin Camaj \u2013 Kadare","datePublished":"2011-11-15T22:34:10+00:00","mainEntityOfPage":{"@id":"https:\/\/fjala.info\/2009-2015\/per-raportin-camaj-kadare\/"},"wordCount":1021,"commentCount":0,"publisher":{"@id":"https:\/\/fjala.info\/2009-2015\/#organization"},"image":{"@id":"https:\/\/fjala.info\/2009-2015\/per-raportin-camaj-kadare\/#primaryimage"},"thumbnailUrl":"http:\/\/www.shkoder.net\/images\/fjala\/hans_joachim_lanksch.jpg","articleSection":["Artikuj"],"inLanguage":"sq-AL","potentialAction":[{"@type":"CommentAction","name":"Comment","target":["https:\/\/fjala.info\/2009-2015\/per-raportin-camaj-kadare\/#respond"]}]},{"@type":"WebPage","@id":"https:\/\/fjala.info\/2009-2015\/per-raportin-camaj-kadare\/","url":"https:\/\/fjala.info\/2009-2015\/per-raportin-camaj-kadare\/","name":"P\u00ebr raportin Camaj \u2013 Kadare - FjALA e LIR\u00cb - Arkivi","isPartOf":{"@id":"https:\/\/fjala.info\/2009-2015\/#website"},"primaryImageOfPage":{"@id":"https:\/\/fjala.info\/2009-2015\/per-raportin-camaj-kadare\/#primaryimage"},"image":{"@id":"https:\/\/fjala.info\/2009-2015\/per-raportin-camaj-kadare\/#primaryimage"},"thumbnailUrl":"http:\/\/www.shkoder.net\/images\/fjala\/hans_joachim_lanksch.jpg","datePublished":"2011-11-15T22:34:10+00:00","breadcrumb":{"@id":"https:\/\/fjala.info\/2009-2015\/per-raportin-camaj-kadare\/#breadcrumb"},"inLanguage":"sq-AL","potentialAction":[{"@type":"ReadAction","target":["https:\/\/fjala.info\/2009-2015\/per-raportin-camaj-kadare\/"]}]},{"@type":"ImageObject","inLanguage":"sq-AL","@id":"https:\/\/fjala.info\/2009-2015\/per-raportin-camaj-kadare\/#primaryimage","url":"http:\/\/www.shkoder.net\/images\/fjala\/hans_joachim_lanksch.jpg","contentUrl":"http:\/\/www.shkoder.net\/images\/fjala\/hans_joachim_lanksch.jpg"},{"@type":"BreadcrumbList","@id":"https:\/\/fjala.info\/2009-2015\/per-raportin-camaj-kadare\/#breadcrumb","itemListElement":[{"@type":"ListItem","position":1,"name":"Home","item":"https:\/\/fjala.info\/2009-2015\/"},{"@type":"ListItem","position":2,"name":"P\u00ebr raportin Camaj \u2013 Kadare"}]},{"@type":"WebSite","@id":"https:\/\/fjala.info\/2009-2015\/#website","url":"https:\/\/fjala.info\/2009-2015\/","name":"FjALA e LIR\u00cb - Arkivi","description":"Arkivi 2009-2015","publisher":{"@id":"https:\/\/fjala.info\/2009-2015\/#organization"},"potentialAction":[{"@type":"SearchAction","target":{"@type":"EntryPoint","urlTemplate":"https:\/\/fjala.info\/2009-2015\/?s={search_term_string}"},"query-input":{"@type":"PropertyValueSpecification","valueRequired":true,"valueName":"search_term_string"}}],"inLanguage":"sq-AL"},{"@type":"Organization","@id":"https:\/\/fjala.info\/2009-2015\/#organization","name":"FjALA e LIR\u00cb - Arkivi","url":"https:\/\/fjala.info\/2009-2015\/","logo":{"@type":"ImageObject","inLanguage":"sq-AL","@id":"https:\/\/fjala.info\/2009-2015\/#\/schema\/logo\/image\/","url":"","contentUrl":"","caption":"FjALA e LIR\u00cb - Arkivi"},"image":{"@id":"https:\/\/fjala.info\/2009-2015\/#\/schema\/logo\/image\/"}},{"@type":"Person","@id":"https:\/\/fjala.info\/2009-2015\/#\/schema\/person\/3aa1163ef05469c496fc94e77611ada2","name":"admin","image":{"@type":"ImageObject","inLanguage":"sq-AL","@id":"https:\/\/fjala.info\/2009-2015\/wp-content\/uploads\/2012\/02\/arben_cokaj-120x150.jpg","url":"https:\/\/fjala.info\/2009-2015\/wp-content\/uploads\/2012\/02\/arben_cokaj-120x150.jpg","contentUrl":"https:\/\/fjala.info\/2009-2015\/wp-content\/uploads\/2012\/02\/arben_cokaj-120x150.jpg","caption":"admin"},"description":"Admin, Fjala e Lir\u00eb","sameAs":["https:\/\/fjala.info\/"],"url":"https:\/\/fjala.info\/2009-2015\/author\/admin\/"}]}},"_links":{"self":[{"href":"https:\/\/fjala.info\/2009-2015\/wp-json\/wp\/v2\/posts\/162","targetHints":{"allow":["GET"]}}],"collection":[{"href":"https:\/\/fjala.info\/2009-2015\/wp-json\/wp\/v2\/posts"}],"about":[{"href":"https:\/\/fjala.info\/2009-2015\/wp-json\/wp\/v2\/types\/post"}],"author":[{"embeddable":true,"href":"https:\/\/fjala.info\/2009-2015\/wp-json\/wp\/v2\/users\/1"}],"replies":[{"embeddable":true,"href":"https:\/\/fjala.info\/2009-2015\/wp-json\/wp\/v2\/comments?post=162"}],"version-history":[{"count":0,"href":"https:\/\/fjala.info\/2009-2015\/wp-json\/wp\/v2\/posts\/162\/revisions"}],"wp:attachment":[{"href":"https:\/\/fjala.info\/2009-2015\/wp-json\/wp\/v2\/media?parent=162"}],"wp:term":[{"taxonomy":"category","embeddable":true,"href":"https:\/\/fjala.info\/2009-2015\/wp-json\/wp\/v2\/categories?post=162"},{"taxonomy":"post_tag","embeddable":true,"href":"https:\/\/fjala.info\/2009-2015\/wp-json\/wp\/v2\/tags?post=162"}],"curies":[{"name":"wp","href":"https:\/\/api.w.org\/{rel}","templated":true}]}}