{"id":1604,"date":"2012-02-07T06:34:45","date_gmt":"2012-02-07T05:34:45","guid":{"rendered":"http:\/\/fjala.shkoder.net\/?p=1604"},"modified":"2012-02-07T06:34:45","modified_gmt":"2012-02-07T05:34:45","slug":"demi-i-pariparueshem-i-berishes-ne-drejtesi","status":"publish","type":"post","link":"https:\/\/fjala.info\/2009-2015\/demi-i-pariparueshem-i-berishes-ne-drejtesi\/","title":{"rendered":"D\u00ebmi i pariparuesh\u00ebm i Berish\u00ebs n\u00eb drejt\u00ebsi"},"content":{"rendered":"<p><img decoding=\"async\" class=\"alignright size-thumbnail wp-image-7236\" title=\"Mero Baze\" src=\"http:\/\/www.shkoder.net\/images\/fjala\/mero_baze1.jpg\" alt=\"\" width=\"150\" \/> Nga <strong>Mero Baze<\/strong>, <em>6 Shkurt 2012<\/em><\/p>\n<p>Gjykata e Lart\u00eb e Shqip\u00ebris\u00eb u vu n\u00ebn dyshime t\u00eb besueshme se ka qen\u00eb n\u00eb lidhje me nj\u00eb grup sekser\u00ebsh, t\u00eb cil\u00ebt k\u00ebrkonin t\u00eb ndryshonin nj\u00eb vendim gjykate duke paguar. Sipas prokuroris\u00eb, gjith\u00e7ka u shmang fal\u00eb faktit q\u00eb gjyqtari ishte n\u00eb dijeni t\u00eb p\u00ebrgjimit. Ky fakt hap nj\u00eb debat t\u00eb ri thelb\u00ebsor p\u00ebr fatin e shtetit ligjor n\u00eb Shqip\u00ebri, pasi \u00ebsht\u00eb d\u00ebshmia m\u00eb e pakund\u00ebrshtueshme e ekzistenc\u00ebs s\u00eb nj\u00eb linje politike brenda drejt\u00ebsis\u00eb, q\u00eb ka kapur shtetin.<\/p>\n<p>Kjo linj\u00eb politike merr n\u00eb mbrojtje \u00e7do zyrtar t\u00eb drejt\u00ebsis\u00eb q\u00eb \u00ebsht\u00eb politikisht korrekt dhe dekonspiron \u00e7do veprim apo procedur\u00eb ligjore t\u00eb nj\u00eb institucioni q\u00eb tashm\u00eb konsiderohet armik i shtetit dhe q\u00eb p\u00ebr fatin ton\u00eb t\u00eb keq \u00ebsht\u00eb prokuroria. Ajo na tregon t\u00eb gjith\u00ebve fytyr\u00ebn tribale t\u00eb shtetit shqiptar dhe funksionimin e linj\u00ebs politike t\u00eb pushtetit brenda shtetit.<\/p>\n<p>Un\u00eb personalisht nuk e paragjykoj gjyqtarin Gani Dizdari dhe do t\u00eb doja ta shikoja se ai do t\u2019i rezistonte ofert\u00ebs s\u00eb sekser\u00ebve pa e ditur q\u00eb po p\u00ebrgjohet. M\u00ebnyra e t\u00eb sjellurit t\u00eb tij si n\u00eb nj\u00eb \u201cBig Brother\u201d me leje, \u00ebsht\u00eb nj\u00eb d\u00ebm i shum\u00ebfisht\u00eb p\u00ebr drejt\u00ebsin\u00eb shqiptare.<\/p>\n<p>D\u00ebmi kryesor vjen nga fakti se brenda sistemit t\u00eb drejt\u00ebsis\u00eb inkurajohet ajo q\u00eb do ta quaj pa m\u00ebdyshje banda e pushtetit, t\u00eb cil\u00ebt kuptojn\u00eb se po sh\u00ebrbeve politikisht je i mbrojtur nga ligji dhe kur e shkel at\u00eb.<\/p>\n<p>D\u00ebmi i dyt\u00eb \u00ebsht\u00eb personal pasi ky gjyqtar edhe mund t\u00eb mos i kish marr\u00eb ato pare, por fakti q\u00eb e ka ditur q\u00eb po p\u00ebrgjohet tregon q\u00eb e ka ditur dhe pse po p\u00ebrgjohet dhe kjo e b\u00ebn at\u00eb shum\u00eb pis.<\/p>\n<p>Por kryed\u00ebmi mendoj se ka t\u00eb b\u00ebj\u00eb me modelin q\u00eb prodhohet p\u00ebr gjykatat shqiptare. E kam th\u00ebn\u00eb dhe m\u00eb par\u00eb se modeli me t\u00eb cilin Sali Berisha ka futur n\u00ebn kontroll drejt\u00ebsin\u00eb \u00ebsht\u00eb i pazakont\u00eb. Ai nuk \u00ebsht\u00eb tipi i kryeministrit apo pushtetarit q\u00eb shp\u00ebrndan dhurata, para apo privilegje direkte p\u00ebr gjyqtar\u00ebt q\u00eb i sh\u00ebrbejn\u00eb politikisht. Ai \u00ebsht\u00eb shum\u00eb larg skenarit t\u00eb p\u00ebrfytyruar se Argita ka thirrur Sashenk\u00ebn n\u00eb zyr\u00eb, apo Halimi ka thirrur Ndrec\u00ebn n\u00eb Selanik dhe i ka dh\u00ebn\u00eb kaq apo aq pare.<\/p>\n<p>Sali Berisha nuk parapaguan ask\u00ebnd. Ai pret vullnetar\u00eb n\u00eb procesin e rekrutimit dhe gjunj\u00ebzimit t\u00eb drejt\u00ebsis\u00eb dhe ata i shp\u00ebrblen me gj\u00ebn\u00eb m\u00eb t\u00eb sh\u00ebmtuar n\u00eb bot\u00eb, me heqjen dor\u00eb nga profesioni, me shkeljen mbi betimin e gjyqtarit. Gjyqtar\u00ebt q\u00eb dalin vullnetar\u00eb p\u00ebr t\u2019i b\u00ebr\u00eb sh\u00ebrbime politike Sali Berish\u00ebs, jan\u00eb ata q\u00eb m\u00eb pas mund t\u00eb b\u00ebhen milioner\u00eb me gjyqe ordinere, gjoba marramend\u00ebse, ryshfete dhe \u00e7do gj\u00eb tjet\u00ebr q\u00eb nuk ka lidhje m\u00eb me drejt\u00ebsin\u00eb. Dhe kjo ka nisur qysh n\u00eb vitin 1992.<\/p>\n<p>Shikoni gjyqtar\u00ebt dhe prokuror\u00ebt q\u00eb fut\u00ebn n\u00eb burg Fatos Nanon, sot i keni ose avokat\u00eb t\u00eb familjes Berisha, ose pjes\u00ebtar\u00eb t\u00eb studiove t\u00eb Familjes. Shikoni ata q\u00eb i rish\u00ebrbyen pas vitit 2005 si tolerohen kur b\u00ebjn\u00eb skandale me kriminel\u00eb, trafikant\u00eb droge apo \u00e7\u00ebshtje pron\u00ebsish. Shikoni kush ka liruar nga akuza Fazlli\u00e7in, kush ka mbyllur dosjen e Rr\u00ebshen- Kalimash, kush ka mbrojtur Fatmir Mediun, kush ka liruar trafikantin turk q\u00eb k\u00ebrkohej p\u00ebr gjys\u00ebm toni droge dhe do t\u00eb kuptoni se \u00e7far\u00eb privilegji u jep Berisha atyre q\u00eb i sh\u00ebrbejn\u00eb politikisht.<\/p>\n<p>Linja e gjyqtar\u00ebve n\u00eb sh\u00ebrbim t\u00eb tij nga shkalla e par\u00eb deri n\u00eb Gjykat\u00eb t\u00eb Lart\u00eb \u00ebsht\u00eb t\u00ebr\u00ebsisht e lexueshme dhe e hetueshme.<\/p>\n<p>D\u00ebmi n\u00eb k\u00ebt\u00eb pik\u00eb \u00ebsht\u00eb m\u00eb i madh edhe p\u00ebr faktin se Berisha k\u00ebt\u00eb rac\u00eb gjyqtar\u00ebsh apo avokat\u00ebsh nuk e zgjedh vet\u00eb, por i ofrohen. Mos mendoni se ata jan\u00eb t\u00eb majt\u00eb apo t\u00eb djatht\u00eb. Ata jan\u00eb thjesht t\u00eb korruptuar. Shum\u00eb prej tyre kan\u00eb qen\u00eb beniamin\u00eb t\u00eb s\u00eb majt\u00ebs, biles mund t\u00eb jen\u00eb akoma, dhe plot t\u00eb tjer\u00eb jan\u00eb t\u00eb s\u00eb djatht\u00ebs, por ata nuk i bashkojn\u00eb idealet politike, pasi dhe ato i kan\u00eb pazar. Ata i bashkon thjesht kapja e sistemit t\u00eb drejt\u00ebsis\u00eb p\u00ebr interesa personale.<\/p>\n<p>Ata q\u00eb mbrojn\u00eb sot \u00e7\u00ebshtje shum\u00eb t\u00eb ndjeshme t\u00eb pushtetit, biles dhe \u00e7\u00ebshtje q\u00eb kan\u00eb t\u00eb b\u00ebjn\u00eb me familjen Berisha si\u00e7 \u00ebsht\u00eb ajo e G\u00ebrdecit, jan\u00eb ish-prokuror\u00eb t\u00eb cil\u00ebt jan\u00eb anatemuar nga Berisha si mafioz\u00eb. Ata q\u00eb jan\u00eb n\u00eb Gjykat\u00eb t\u00eb Lart\u00eb, n\u00eb Apel apo Shkall\u00eb t\u00eb Par\u00eb si grup i gatsh\u00ebm p\u00ebr t\u00eb shp\u00ebtuar Berish\u00ebn nga \u00e7\u00ebshtjet kund\u00ebr tij, jan\u00eb n\u00eb shumic\u00eb t\u00eb em\u00ebruar nga koha kur socialist\u00ebt ishin n\u00eb pushtet, por kjo s\u2019i pengon ata t\u00eb jen\u00eb ushtar\u00eb t\u00eb Berish\u00ebs.<\/p>\n<p>\u00cbsht\u00eb pik\u00ebrisht leja q\u00eb Berisha i jep gjithkujt p\u00ebr t\u00eb vjedhur dhe abuzuar pa u nd\u00ebshkuar n\u00ebse i sh\u00ebrben atij, ajo q\u00eb ka trim\u00ebruar k\u00ebt\u00eb band\u00eb q\u00eb mban peng drejt\u00ebsin\u00eb shqiptare. Jan\u00eb ata q\u00eb mua dhe koleg\u00ebt e mi na d\u00ebnojn\u00eb me qindra- mij\u00ebra euro p\u00ebr nj\u00eb fjal\u00eb goje dhe nuk \u00e7ojn\u00eb n\u00eb qeli Komandantin e Gard\u00ebs q\u00eb vret, jan\u00eb ata q\u00eb b\u00ebjn\u00eb sh\u00ebrbime duke mbyllur \u00e7\u00ebshtje t\u00eb Berish\u00ebs dhe pastaj hyjn\u00eb n\u00eb pazare me trafikant\u00eb, jan\u00eb ata q\u00eb lirojn\u00eb trafikant\u00eb droge pasi jan\u00eb lavd\u00ebruar tek Berisha se kan\u00eb gjobitur kund\u00ebrshtar\u00eb t\u00eb tij. Ky \u00ebsht\u00eb virusi m\u00eb i r\u00ebnd\u00eb q\u00eb po shkat\u00ebrron sot drejt\u00ebsin\u00eb shqiptare.<\/p>\n<p>Gani Dizdari \u00ebsht\u00eb formalisht pa faj, si\u00e7 \u00ebsht\u00eb pa faj formalisht Ndreca, Sashenka, Gjoni, dhe shum\u00eb gjyqtar\u00eb t\u00eb tjer\u00eb q\u00eb kan\u00eb b\u00ebr\u00eb gjeste t\u00eb qarta t\u00eb sh\u00ebrbimit politik dhe pastaj askush nuk ka dashur t\u00eb shikoj\u00eb se \u00e7\u2019kan\u00eb b\u00ebr\u00eb m\u00eb pas. Disa jav\u00eb m\u00eb par\u00eb ky gjyqtar shpalli t\u00eb pafajsh\u00ebm Sali Berish\u00ebn, edhe pse ky i fundit kishte akuzuar liderin e opozit\u00ebs se \u201ckishte zbuar nga krevati gruan e nj\u00eb miku t\u00eb vet dhe kishte fjetur me t\u00eb\u201d, nd\u00ebrkoh\u00eb q\u00eb ka ngritur dor\u00ebn p\u00ebr d\u00ebnime t\u00eb r\u00ebnda ndaj gazetar\u00ebve kritik me pushtetin.<\/p>\n<p>E ritheksoj se gjyqtari Dizdari ka pasur vet\u00ebm nj\u00eb shans t\u00eb pastroj\u00eb veten e vet, t\u00eb refuzonte si gjyqtar ryshfetin dhe jo si gjyqtar n\u00eb p\u00ebrgjim. Ai nuk e ka b\u00ebr\u00eb k\u00ebt\u00eb, dhe kjo e b\u00ebn at\u00eb nj\u00eb fajtor \u2018pa faj\u2019, i cili ilustron faktin se brenda sistemit t\u00eb drejt\u00ebsis\u00eb paprekshm\u00ebria nuk buron nga imuniteti i gjyqtarit, por nga af\u00ebrsia me pushtetin. Dhe n\u00eb k\u00ebt\u00eb rast pak dhe m\u00eb e trisht\u00eb, m\u00eb tribale dhe m\u00eb krahinore! Nga af\u00ebrsia me Tropoj\u00ebn!<\/p>\n","protected":false},"excerpt":{"rendered":"<p>Nga Mero Baze, 6 Shkurt 2012 Gjykata e Lart\u00eb e Shqip\u00ebris\u00eb u vu n\u00ebn dyshime t\u00eb besueshme se ka qen\u00eb n\u00eb lidhje me nj\u00eb grup sekser\u00ebsh, t\u00eb cil\u00ebt k\u00ebrkonin t\u00eb ndryshonin nj\u00eb vendim gjykate duke paguar. Sipas prokuroris\u00eb, gjith\u00e7ka u shmang fal\u00eb faktit q\u00eb gjyqtari ishte n\u00eb dijeni t\u00eb p\u00ebrgjimit. Ky fakt hap nj\u00eb debat [&hellip;]<\/p>\n","protected":false},"author":1,"featured_media":0,"comment_status":"open","ping_status":"closed","sticky":false,"template":"","format":"standard","meta":{"footnotes":""},"categories":[2],"tags":[],"class_list":{"0":"post-1604","1":"post","2":"type-post","3":"status-publish","4":"format-standard","6":"category-artikuj"},"yoast_head":"<!-- This site is optimized with the Yoast SEO plugin v27.4 - https:\/\/yoast.com\/product\/yoast-seo-wordpress\/ -->\n<title>D\u00ebmi i pariparuesh\u00ebm i Berish\u00ebs n\u00eb drejt\u00ebsi - FjALA e LIR\u00cb - Arkivi<\/title>\n<meta name=\"robots\" content=\"index, follow, max-snippet:-1, max-image-preview:large, max-video-preview:-1\" \/>\n<link rel=\"canonical\" href=\"https:\/\/fjala.info\/2009-2015\/demi-i-pariparueshem-i-berishes-ne-drejtesi\/\" \/>\n<meta property=\"og:locale\" content=\"sq_AL\" \/>\n<meta property=\"og:type\" content=\"article\" \/>\n<meta property=\"og:title\" content=\"D\u00ebmi i pariparuesh\u00ebm i Berish\u00ebs n\u00eb drejt\u00ebsi - FjALA e LIR\u00cb - Arkivi\" \/>\n<meta property=\"og:description\" content=\"Nga Mero Baze, 6 Shkurt 2012 Gjykata e Lart\u00eb e Shqip\u00ebris\u00eb u vu n\u00ebn dyshime t\u00eb besueshme se ka qen\u00eb n\u00eb lidhje me nj\u00eb grup sekser\u00ebsh, t\u00eb cil\u00ebt k\u00ebrkonin t\u00eb ndryshonin nj\u00eb vendim gjykate duke paguar. Sipas prokuroris\u00eb, gjith\u00e7ka u shmang fal\u00eb faktit q\u00eb gjyqtari ishte n\u00eb dijeni t\u00eb p\u00ebrgjimit. Ky fakt hap nj\u00eb debat [&hellip;]\" \/>\n<meta property=\"og:url\" content=\"https:\/\/fjala.info\/2009-2015\/demi-i-pariparueshem-i-berishes-ne-drejtesi\/\" \/>\n<meta property=\"og:site_name\" content=\"FjALA e LIR\u00cb - Arkivi\" \/>\n<meta property=\"article:published_time\" content=\"2012-02-07T05:34:45+00:00\" \/>\n<meta property=\"og:image\" content=\"http:\/\/www.shkoder.net\/images\/fjala\/mero_baze1.jpg\" \/>\n<meta name=\"author\" content=\"admin\" \/>\n<meta name=\"twitter:card\" content=\"summary_large_image\" \/>\n<meta name=\"twitter:label1\" content=\"Written by\" \/>\n\t<meta name=\"twitter:data1\" content=\"admin\" \/>\n\t<meta name=\"twitter:label2\" content=\"Est. reading time\" \/>\n\t<meta name=\"twitter:data2\" content=\"6 minutes\" \/>\n<script type=\"application\/ld+json\" class=\"yoast-schema-graph\">{\"@context\":\"https:\\\/\\\/schema.org\",\"@graph\":[{\"@type\":\"Article\",\"@id\":\"https:\\\/\\\/fjala.info\\\/2009-2015\\\/demi-i-pariparueshem-i-berishes-ne-drejtesi\\\/#article\",\"isPartOf\":{\"@id\":\"https:\\\/\\\/fjala.info\\\/2009-2015\\\/demi-i-pariparueshem-i-berishes-ne-drejtesi\\\/\"},\"author\":{\"name\":\"admin\",\"@id\":\"https:\\\/\\\/fjala.info\\\/2009-2015\\\/#\\\/schema\\\/person\\\/3aa1163ef05469c496fc94e77611ada2\"},\"headline\":\"D\u00ebmi i pariparuesh\u00ebm i Berish\u00ebs n\u00eb drejt\u00ebsi\",\"datePublished\":\"2012-02-07T05:34:45+00:00\",\"mainEntityOfPage\":{\"@id\":\"https:\\\/\\\/fjala.info\\\/2009-2015\\\/demi-i-pariparueshem-i-berishes-ne-drejtesi\\\/\"},\"wordCount\":1153,\"commentCount\":0,\"publisher\":{\"@id\":\"https:\\\/\\\/fjala.info\\\/2009-2015\\\/#organization\"},\"image\":{\"@id\":\"https:\\\/\\\/fjala.info\\\/2009-2015\\\/demi-i-pariparueshem-i-berishes-ne-drejtesi\\\/#primaryimage\"},\"thumbnailUrl\":\"http:\\\/\\\/www.shkoder.net\\\/images\\\/fjala\\\/mero_baze1.jpg\",\"articleSection\":[\"Artikuj\"],\"inLanguage\":\"sq-AL\",\"potentialAction\":[{\"@type\":\"CommentAction\",\"name\":\"Comment\",\"target\":[\"https:\\\/\\\/fjala.info\\\/2009-2015\\\/demi-i-pariparueshem-i-berishes-ne-drejtesi\\\/#respond\"]}]},{\"@type\":\"WebPage\",\"@id\":\"https:\\\/\\\/fjala.info\\\/2009-2015\\\/demi-i-pariparueshem-i-berishes-ne-drejtesi\\\/\",\"url\":\"https:\\\/\\\/fjala.info\\\/2009-2015\\\/demi-i-pariparueshem-i-berishes-ne-drejtesi\\\/\",\"name\":\"D\u00ebmi i pariparuesh\u00ebm i Berish\u00ebs n\u00eb drejt\u00ebsi - FjALA e LIR\u00cb - Arkivi\",\"isPartOf\":{\"@id\":\"https:\\\/\\\/fjala.info\\\/2009-2015\\\/#website\"},\"primaryImageOfPage\":{\"@id\":\"https:\\\/\\\/fjala.info\\\/2009-2015\\\/demi-i-pariparueshem-i-berishes-ne-drejtesi\\\/#primaryimage\"},\"image\":{\"@id\":\"https:\\\/\\\/fjala.info\\\/2009-2015\\\/demi-i-pariparueshem-i-berishes-ne-drejtesi\\\/#primaryimage\"},\"thumbnailUrl\":\"http:\\\/\\\/www.shkoder.net\\\/images\\\/fjala\\\/mero_baze1.jpg\",\"datePublished\":\"2012-02-07T05:34:45+00:00\",\"breadcrumb\":{\"@id\":\"https:\\\/\\\/fjala.info\\\/2009-2015\\\/demi-i-pariparueshem-i-berishes-ne-drejtesi\\\/#breadcrumb\"},\"inLanguage\":\"sq-AL\",\"potentialAction\":[{\"@type\":\"ReadAction\",\"target\":[\"https:\\\/\\\/fjala.info\\\/2009-2015\\\/demi-i-pariparueshem-i-berishes-ne-drejtesi\\\/\"]}]},{\"@type\":\"ImageObject\",\"inLanguage\":\"sq-AL\",\"@id\":\"https:\\\/\\\/fjala.info\\\/2009-2015\\\/demi-i-pariparueshem-i-berishes-ne-drejtesi\\\/#primaryimage\",\"url\":\"http:\\\/\\\/www.shkoder.net\\\/images\\\/fjala\\\/mero_baze1.jpg\",\"contentUrl\":\"http:\\\/\\\/www.shkoder.net\\\/images\\\/fjala\\\/mero_baze1.jpg\"},{\"@type\":\"BreadcrumbList\",\"@id\":\"https:\\\/\\\/fjala.info\\\/2009-2015\\\/demi-i-pariparueshem-i-berishes-ne-drejtesi\\\/#breadcrumb\",\"itemListElement\":[{\"@type\":\"ListItem\",\"position\":1,\"name\":\"Home\",\"item\":\"https:\\\/\\\/fjala.info\\\/2009-2015\\\/\"},{\"@type\":\"ListItem\",\"position\":2,\"name\":\"D\u00ebmi i pariparuesh\u00ebm i Berish\u00ebs n\u00eb drejt\u00ebsi\"}]},{\"@type\":\"WebSite\",\"@id\":\"https:\\\/\\\/fjala.info\\\/2009-2015\\\/#website\",\"url\":\"https:\\\/\\\/fjala.info\\\/2009-2015\\\/\",\"name\":\"FjALA e LIR\u00cb - Arkivi\",\"description\":\"Arkivi 2009-2015\",\"publisher\":{\"@id\":\"https:\\\/\\\/fjala.info\\\/2009-2015\\\/#organization\"},\"potentialAction\":[{\"@type\":\"SearchAction\",\"target\":{\"@type\":\"EntryPoint\",\"urlTemplate\":\"https:\\\/\\\/fjala.info\\\/2009-2015\\\/?s={search_term_string}\"},\"query-input\":{\"@type\":\"PropertyValueSpecification\",\"valueRequired\":true,\"valueName\":\"search_term_string\"}}],\"inLanguage\":\"sq-AL\"},{\"@type\":\"Organization\",\"@id\":\"https:\\\/\\\/fjala.info\\\/2009-2015\\\/#organization\",\"name\":\"FjALA e LIR\u00cb - Arkivi\",\"url\":\"https:\\\/\\\/fjala.info\\\/2009-2015\\\/\",\"logo\":{\"@type\":\"ImageObject\",\"inLanguage\":\"sq-AL\",\"@id\":\"https:\\\/\\\/fjala.info\\\/2009-2015\\\/#\\\/schema\\\/logo\\\/image\\\/\",\"url\":\"\",\"contentUrl\":\"\",\"caption\":\"FjALA e LIR\u00cb - Arkivi\"},\"image\":{\"@id\":\"https:\\\/\\\/fjala.info\\\/2009-2015\\\/#\\\/schema\\\/logo\\\/image\\\/\"}},{\"@type\":\"Person\",\"@id\":\"https:\\\/\\\/fjala.info\\\/2009-2015\\\/#\\\/schema\\\/person\\\/3aa1163ef05469c496fc94e77611ada2\",\"name\":\"admin\",\"image\":{\"@type\":\"ImageObject\",\"inLanguage\":\"sq-AL\",\"@id\":\"https:\\\/\\\/fjala.info\\\/2009-2015\\\/wp-content\\\/uploads\\\/2012\\\/02\\\/arben_cokaj-120x150.jpg\",\"url\":\"https:\\\/\\\/fjala.info\\\/2009-2015\\\/wp-content\\\/uploads\\\/2012\\\/02\\\/arben_cokaj-120x150.jpg\",\"contentUrl\":\"https:\\\/\\\/fjala.info\\\/2009-2015\\\/wp-content\\\/uploads\\\/2012\\\/02\\\/arben_cokaj-120x150.jpg\",\"caption\":\"admin\"},\"description\":\"Admin, Fjala e Lir\u00eb\",\"sameAs\":[\"https:\\\/\\\/fjala.info\\\/\"],\"url\":\"https:\\\/\\\/fjala.info\\\/2009-2015\\\/author\\\/admin\\\/\"}]}<\/script>\n<!-- \/ Yoast SEO plugin. -->","yoast_head_json":{"title":"D\u00ebmi i pariparuesh\u00ebm i Berish\u00ebs n\u00eb drejt\u00ebsi - FjALA e LIR\u00cb - Arkivi","robots":{"index":"index","follow":"follow","max-snippet":"max-snippet:-1","max-image-preview":"max-image-preview:large","max-video-preview":"max-video-preview:-1"},"canonical":"https:\/\/fjala.info\/2009-2015\/demi-i-pariparueshem-i-berishes-ne-drejtesi\/","og_locale":"sq_AL","og_type":"article","og_title":"D\u00ebmi i pariparuesh\u00ebm i Berish\u00ebs n\u00eb drejt\u00ebsi - FjALA e LIR\u00cb - Arkivi","og_description":"Nga Mero Baze, 6 Shkurt 2012 Gjykata e Lart\u00eb e Shqip\u00ebris\u00eb u vu n\u00ebn dyshime t\u00eb besueshme se ka qen\u00eb n\u00eb lidhje me nj\u00eb grup sekser\u00ebsh, t\u00eb cil\u00ebt k\u00ebrkonin t\u00eb ndryshonin nj\u00eb vendim gjykate duke paguar. Sipas prokuroris\u00eb, gjith\u00e7ka u shmang fal\u00eb faktit q\u00eb gjyqtari ishte n\u00eb dijeni t\u00eb p\u00ebrgjimit. Ky fakt hap nj\u00eb debat [&hellip;]","og_url":"https:\/\/fjala.info\/2009-2015\/demi-i-pariparueshem-i-berishes-ne-drejtesi\/","og_site_name":"FjALA e LIR\u00cb - Arkivi","article_published_time":"2012-02-07T05:34:45+00:00","og_image":[{"url":"http:\/\/www.shkoder.net\/images\/fjala\/mero_baze1.jpg","type":"","width":"","height":""}],"author":"admin","twitter_card":"summary_large_image","twitter_misc":{"Written by":"admin","Est. reading time":"6 minutes"},"schema":{"@context":"https:\/\/schema.org","@graph":[{"@type":"Article","@id":"https:\/\/fjala.info\/2009-2015\/demi-i-pariparueshem-i-berishes-ne-drejtesi\/#article","isPartOf":{"@id":"https:\/\/fjala.info\/2009-2015\/demi-i-pariparueshem-i-berishes-ne-drejtesi\/"},"author":{"name":"admin","@id":"https:\/\/fjala.info\/2009-2015\/#\/schema\/person\/3aa1163ef05469c496fc94e77611ada2"},"headline":"D\u00ebmi i pariparuesh\u00ebm i Berish\u00ebs n\u00eb drejt\u00ebsi","datePublished":"2012-02-07T05:34:45+00:00","mainEntityOfPage":{"@id":"https:\/\/fjala.info\/2009-2015\/demi-i-pariparueshem-i-berishes-ne-drejtesi\/"},"wordCount":1153,"commentCount":0,"publisher":{"@id":"https:\/\/fjala.info\/2009-2015\/#organization"},"image":{"@id":"https:\/\/fjala.info\/2009-2015\/demi-i-pariparueshem-i-berishes-ne-drejtesi\/#primaryimage"},"thumbnailUrl":"http:\/\/www.shkoder.net\/images\/fjala\/mero_baze1.jpg","articleSection":["Artikuj"],"inLanguage":"sq-AL","potentialAction":[{"@type":"CommentAction","name":"Comment","target":["https:\/\/fjala.info\/2009-2015\/demi-i-pariparueshem-i-berishes-ne-drejtesi\/#respond"]}]},{"@type":"WebPage","@id":"https:\/\/fjala.info\/2009-2015\/demi-i-pariparueshem-i-berishes-ne-drejtesi\/","url":"https:\/\/fjala.info\/2009-2015\/demi-i-pariparueshem-i-berishes-ne-drejtesi\/","name":"D\u00ebmi i pariparuesh\u00ebm i Berish\u00ebs n\u00eb drejt\u00ebsi - FjALA e LIR\u00cb - Arkivi","isPartOf":{"@id":"https:\/\/fjala.info\/2009-2015\/#website"},"primaryImageOfPage":{"@id":"https:\/\/fjala.info\/2009-2015\/demi-i-pariparueshem-i-berishes-ne-drejtesi\/#primaryimage"},"image":{"@id":"https:\/\/fjala.info\/2009-2015\/demi-i-pariparueshem-i-berishes-ne-drejtesi\/#primaryimage"},"thumbnailUrl":"http:\/\/www.shkoder.net\/images\/fjala\/mero_baze1.jpg","datePublished":"2012-02-07T05:34:45+00:00","breadcrumb":{"@id":"https:\/\/fjala.info\/2009-2015\/demi-i-pariparueshem-i-berishes-ne-drejtesi\/#breadcrumb"},"inLanguage":"sq-AL","potentialAction":[{"@type":"ReadAction","target":["https:\/\/fjala.info\/2009-2015\/demi-i-pariparueshem-i-berishes-ne-drejtesi\/"]}]},{"@type":"ImageObject","inLanguage":"sq-AL","@id":"https:\/\/fjala.info\/2009-2015\/demi-i-pariparueshem-i-berishes-ne-drejtesi\/#primaryimage","url":"http:\/\/www.shkoder.net\/images\/fjala\/mero_baze1.jpg","contentUrl":"http:\/\/www.shkoder.net\/images\/fjala\/mero_baze1.jpg"},{"@type":"BreadcrumbList","@id":"https:\/\/fjala.info\/2009-2015\/demi-i-pariparueshem-i-berishes-ne-drejtesi\/#breadcrumb","itemListElement":[{"@type":"ListItem","position":1,"name":"Home","item":"https:\/\/fjala.info\/2009-2015\/"},{"@type":"ListItem","position":2,"name":"D\u00ebmi i pariparuesh\u00ebm i Berish\u00ebs n\u00eb drejt\u00ebsi"}]},{"@type":"WebSite","@id":"https:\/\/fjala.info\/2009-2015\/#website","url":"https:\/\/fjala.info\/2009-2015\/","name":"FjALA e LIR\u00cb - Arkivi","description":"Arkivi 2009-2015","publisher":{"@id":"https:\/\/fjala.info\/2009-2015\/#organization"},"potentialAction":[{"@type":"SearchAction","target":{"@type":"EntryPoint","urlTemplate":"https:\/\/fjala.info\/2009-2015\/?s={search_term_string}"},"query-input":{"@type":"PropertyValueSpecification","valueRequired":true,"valueName":"search_term_string"}}],"inLanguage":"sq-AL"},{"@type":"Organization","@id":"https:\/\/fjala.info\/2009-2015\/#organization","name":"FjALA e LIR\u00cb - Arkivi","url":"https:\/\/fjala.info\/2009-2015\/","logo":{"@type":"ImageObject","inLanguage":"sq-AL","@id":"https:\/\/fjala.info\/2009-2015\/#\/schema\/logo\/image\/","url":"","contentUrl":"","caption":"FjALA e LIR\u00cb - Arkivi"},"image":{"@id":"https:\/\/fjala.info\/2009-2015\/#\/schema\/logo\/image\/"}},{"@type":"Person","@id":"https:\/\/fjala.info\/2009-2015\/#\/schema\/person\/3aa1163ef05469c496fc94e77611ada2","name":"admin","image":{"@type":"ImageObject","inLanguage":"sq-AL","@id":"https:\/\/fjala.info\/2009-2015\/wp-content\/uploads\/2012\/02\/arben_cokaj-120x150.jpg","url":"https:\/\/fjala.info\/2009-2015\/wp-content\/uploads\/2012\/02\/arben_cokaj-120x150.jpg","contentUrl":"https:\/\/fjala.info\/2009-2015\/wp-content\/uploads\/2012\/02\/arben_cokaj-120x150.jpg","caption":"admin"},"description":"Admin, Fjala e Lir\u00eb","sameAs":["https:\/\/fjala.info\/"],"url":"https:\/\/fjala.info\/2009-2015\/author\/admin\/"}]}},"_links":{"self":[{"href":"https:\/\/fjala.info\/2009-2015\/wp-json\/wp\/v2\/posts\/1604","targetHints":{"allow":["GET"]}}],"collection":[{"href":"https:\/\/fjala.info\/2009-2015\/wp-json\/wp\/v2\/posts"}],"about":[{"href":"https:\/\/fjala.info\/2009-2015\/wp-json\/wp\/v2\/types\/post"}],"author":[{"embeddable":true,"href":"https:\/\/fjala.info\/2009-2015\/wp-json\/wp\/v2\/users\/1"}],"replies":[{"embeddable":true,"href":"https:\/\/fjala.info\/2009-2015\/wp-json\/wp\/v2\/comments?post=1604"}],"version-history":[{"count":0,"href":"https:\/\/fjala.info\/2009-2015\/wp-json\/wp\/v2\/posts\/1604\/revisions"}],"wp:attachment":[{"href":"https:\/\/fjala.info\/2009-2015\/wp-json\/wp\/v2\/media?parent=1604"}],"wp:term":[{"taxonomy":"category","embeddable":true,"href":"https:\/\/fjala.info\/2009-2015\/wp-json\/wp\/v2\/categories?post=1604"},{"taxonomy":"post_tag","embeddable":true,"href":"https:\/\/fjala.info\/2009-2015\/wp-json\/wp\/v2\/tags?post=1604"}],"curies":[{"name":"wp","href":"https:\/\/api.w.org\/{rel}","templated":true}]}}