{"id":1588,"date":"2012-02-05T21:58:35","date_gmt":"2012-02-05T20:58:35","guid":{"rendered":"http:\/\/fjala.shkoder.net\/?p=1588"},"modified":"2012-02-05T21:58:35","modified_gmt":"2012-02-05T20:58:35","slug":"ndrea-prendi-qelloi-i-pari-pas-tij-llupo-dhe-grupi-i-zjarrit","status":"publish","type":"post","link":"https:\/\/fjala.info\/2009-2015\/ndrea-prendi-qelloi-i-pari-pas-tij-llupo-dhe-grupi-i-zjarrit\/","title":{"rendered":"\u201cNdrea Prendi q\u00eblloi i pari, pas tij Llupo dhe \u2018grupi i zjarrit\u2019\u201d"},"content":{"rendered":"<p><img decoding=\"async\" class=\"alignleft size-thumbnail wp-image-7236\" title=\"21 janar 2011 - vrasjet\" src=\"http:\/\/www.shkoder.net\/2012\/21jan_vrasjet.jpg\" alt=\"\" width=\"300\" \/> <strong>TemA Online<\/strong>, <em>5 Shkurt 2012<\/em><\/p>\n<p>Prokuroria vijon hetimet p\u00ebr kat\u00ebr vrasjet n\u00eb bulevardin \u201cD\u00ebshmor\u00ebt e Kombit\u201d m\u00eb 21 janar 2011. Verifikimet e fundit po p\u00ebrqendrohen te personat q\u00eb kan\u00eb q\u00eblluar t\u00eb par\u00ebt apo urdh\u00ebruesit. Ka dyshime, t\u00eb lindura nga raportet mjekoligjore t\u00eb viktimave, se i pari \u00ebsht\u00eb q\u00eblluar Faik Myrtaj nga pistoleta \u201cBeretta\u201d e Ndrea Prendit. Nd\u00ebrkoh\u00eb, i vetmi q\u00eb ndodhet n\u00eb qeli, Agim Llupo, ka kund\u00ebrshtuar zgjatjen e hetimeve t\u00eb prokuroris\u00eb.<\/p>\n<p>Ish-komandanti i Gard\u00ebs s\u00eb Republik\u00ebs, Ndrea Prendi, i pezulluar me urdh\u00ebr t\u00eb Kryeministrit Berisha nga detyra, pas nisjes s\u00eb hetimeve p\u00ebr vrasje me dashje t\u00eb Faik Myrtajt, ka q\u00eblluar i pari me arm\u00eb zjarri m\u00eb 21 janar. Prokuroria ka dyshime se kryegardisti ka shprehur i pari t\u00eb gjith\u00eb karikatorin e pistolet\u00ebs s\u00eb tij \u201cBeretta\u201d ndaj turm\u00ebs. Prokuroria e akuzon Prendin vet\u00ebm p\u00ebr vrasjen e Myrtajt, nd\u00ebrsa dyshohet se ai mund t\u00eb ket\u00eb plagosur t\u00eb tjer\u00eb persona q\u00eb ishin n\u00eb protest\u00eb.<\/p>\n<p>\u201cNga hetimet e deritanishme kemi dyshime se Komandanti i Gard\u00ebs s\u00eb Republik\u00ebs, n\u00eb detyr\u00eb m\u00eb 21 janar 2012, Ndrea Prendi, ka q\u00eblluar i pari drejt turm\u00ebs. Ai ka q\u00eblluar 11 plumba n\u00eb distanc\u00eb t\u00eb ul\u00ebt nga toka. Nga ekspertimi i arm\u00ebve dhe predhave n\u00eb laboratorin e FBI-s\u00eb n\u00eb SHBA ka rezultuar se me arm\u00ebn e tij \u00ebsht\u00eb vrar\u00eb shtetasi Faik Myrtaj\u201d than\u00eb burimet nga prokuroria, t\u00eb cilat sakt\u00ebsojn\u00eb se do t\u00eb vijojn\u00eb hetimet edhe me t\u00eb pakt\u00ebn tre muaj deri n\u00eb zbardhjen e plot\u00eb t\u00eb vrasjeve m\u00eb 21 janar.<\/p>\n<p>\/Shqip<\/p>\n","protected":false},"excerpt":{"rendered":"<p>TemA Online, 5 Shkurt 2012 Prokuroria vijon hetimet p\u00ebr kat\u00ebr vrasjet n\u00eb bulevardin \u201cD\u00ebshmor\u00ebt e Kombit\u201d m\u00eb 21 janar 2011. Verifikimet e fundit po p\u00ebrqendrohen te personat q\u00eb kan\u00eb q\u00eblluar t\u00eb par\u00ebt apo urdh\u00ebruesit. Ka dyshime, t\u00eb lindura nga raportet mjekoligjore t\u00eb viktimave, se i pari \u00ebsht\u00eb q\u00eblluar Faik Myrtaj nga pistoleta \u201cBeretta\u201d e Ndrea [&hellip;]<\/p>\n","protected":false},"author":1,"featured_media":0,"comment_status":"open","ping_status":"closed","sticky":false,"template":"","format":"standard","meta":{"footnotes":""},"categories":[2,5],"tags":[],"class_list":{"0":"post-1588","1":"post","2":"type-post","3":"status-publish","4":"format-standard","6":"category-artikuj","7":"category-lajme"},"yoast_head":"<!-- This site is optimized with the Yoast SEO plugin v27.4 - https:\/\/yoast.com\/product\/yoast-seo-wordpress\/ -->\n<title>\u201cNdrea Prendi q\u00eblloi i pari, pas tij Llupo dhe \u2018grupi i zjarrit\u2019\u201d - FjALA e LIR\u00cb - Arkivi<\/title>\n<meta name=\"robots\" content=\"index, follow, max-snippet:-1, max-image-preview:large, max-video-preview:-1\" \/>\n<link rel=\"canonical\" href=\"https:\/\/fjala.info\/2009-2015\/ndrea-prendi-qelloi-i-pari-pas-tij-llupo-dhe-grupi-i-zjarrit\/\" \/>\n<meta property=\"og:locale\" content=\"sq_AL\" \/>\n<meta property=\"og:type\" content=\"article\" \/>\n<meta property=\"og:title\" content=\"\u201cNdrea Prendi q\u00eblloi i pari, pas tij Llupo dhe \u2018grupi i zjarrit\u2019\u201d - FjALA e LIR\u00cb - Arkivi\" \/>\n<meta property=\"og:description\" content=\"TemA Online, 5 Shkurt 2012 Prokuroria vijon hetimet p\u00ebr kat\u00ebr vrasjet n\u00eb bulevardin \u201cD\u00ebshmor\u00ebt e Kombit\u201d m\u00eb 21 janar 2011. Verifikimet e fundit po p\u00ebrqendrohen te personat q\u00eb kan\u00eb q\u00eblluar t\u00eb par\u00ebt apo urdh\u00ebruesit. Ka dyshime, t\u00eb lindura nga raportet mjekoligjore t\u00eb viktimave, se i pari \u00ebsht\u00eb q\u00eblluar Faik Myrtaj nga pistoleta \u201cBeretta\u201d e Ndrea [&hellip;]\" \/>\n<meta property=\"og:url\" content=\"https:\/\/fjala.info\/2009-2015\/ndrea-prendi-qelloi-i-pari-pas-tij-llupo-dhe-grupi-i-zjarrit\/\" \/>\n<meta property=\"og:site_name\" content=\"FjALA e LIR\u00cb - Arkivi\" \/>\n<meta property=\"article:published_time\" content=\"2012-02-05T20:58:35+00:00\" \/>\n<meta property=\"og:image\" content=\"http:\/\/www.shkoder.net\/2012\/21jan_vrasjet.jpg\" \/>\n<meta name=\"author\" content=\"admin\" \/>\n<meta name=\"twitter:card\" content=\"summary_large_image\" \/>\n<meta name=\"twitter:label1\" content=\"Written by\" \/>\n\t<meta name=\"twitter:data1\" content=\"admin\" \/>\n\t<meta name=\"twitter:label2\" content=\"Est. reading time\" \/>\n\t<meta name=\"twitter:data2\" content=\"1 minute\" \/>\n<script type=\"application\/ld+json\" class=\"yoast-schema-graph\">{\"@context\":\"https:\\\/\\\/schema.org\",\"@graph\":[{\"@type\":\"Article\",\"@id\":\"https:\\\/\\\/fjala.info\\\/2009-2015\\\/ndrea-prendi-qelloi-i-pari-pas-tij-llupo-dhe-grupi-i-zjarrit\\\/#article\",\"isPartOf\":{\"@id\":\"https:\\\/\\\/fjala.info\\\/2009-2015\\\/ndrea-prendi-qelloi-i-pari-pas-tij-llupo-dhe-grupi-i-zjarrit\\\/\"},\"author\":{\"name\":\"admin\",\"@id\":\"https:\\\/\\\/fjala.info\\\/2009-2015\\\/#\\\/schema\\\/person\\\/3aa1163ef05469c496fc94e77611ada2\"},\"headline\":\"\u201cNdrea Prendi q\u00eblloi i pari, pas tij Llupo dhe \u2018grupi i zjarrit\u2019\u201d\",\"datePublished\":\"2012-02-05T20:58:35+00:00\",\"mainEntityOfPage\":{\"@id\":\"https:\\\/\\\/fjala.info\\\/2009-2015\\\/ndrea-prendi-qelloi-i-pari-pas-tij-llupo-dhe-grupi-i-zjarrit\\\/\"},\"wordCount\":277,\"commentCount\":0,\"publisher\":{\"@id\":\"https:\\\/\\\/fjala.info\\\/2009-2015\\\/#organization\"},\"image\":{\"@id\":\"https:\\\/\\\/fjala.info\\\/2009-2015\\\/ndrea-prendi-qelloi-i-pari-pas-tij-llupo-dhe-grupi-i-zjarrit\\\/#primaryimage\"},\"thumbnailUrl\":\"http:\\\/\\\/www.shkoder.net\\\/2012\\\/21jan_vrasjet.jpg\",\"articleSection\":[\"Artikuj\",\"Lajme\"],\"inLanguage\":\"sq-AL\",\"potentialAction\":[{\"@type\":\"CommentAction\",\"name\":\"Comment\",\"target\":[\"https:\\\/\\\/fjala.info\\\/2009-2015\\\/ndrea-prendi-qelloi-i-pari-pas-tij-llupo-dhe-grupi-i-zjarrit\\\/#respond\"]}]},{\"@type\":\"WebPage\",\"@id\":\"https:\\\/\\\/fjala.info\\\/2009-2015\\\/ndrea-prendi-qelloi-i-pari-pas-tij-llupo-dhe-grupi-i-zjarrit\\\/\",\"url\":\"https:\\\/\\\/fjala.info\\\/2009-2015\\\/ndrea-prendi-qelloi-i-pari-pas-tij-llupo-dhe-grupi-i-zjarrit\\\/\",\"name\":\"\u201cNdrea Prendi q\u00eblloi i pari, pas tij Llupo dhe \u2018grupi i zjarrit\u2019\u201d - FjALA e LIR\u00cb - Arkivi\",\"isPartOf\":{\"@id\":\"https:\\\/\\\/fjala.info\\\/2009-2015\\\/#website\"},\"primaryImageOfPage\":{\"@id\":\"https:\\\/\\\/fjala.info\\\/2009-2015\\\/ndrea-prendi-qelloi-i-pari-pas-tij-llupo-dhe-grupi-i-zjarrit\\\/#primaryimage\"},\"image\":{\"@id\":\"https:\\\/\\\/fjala.info\\\/2009-2015\\\/ndrea-prendi-qelloi-i-pari-pas-tij-llupo-dhe-grupi-i-zjarrit\\\/#primaryimage\"},\"thumbnailUrl\":\"http:\\\/\\\/www.shkoder.net\\\/2012\\\/21jan_vrasjet.jpg\",\"datePublished\":\"2012-02-05T20:58:35+00:00\",\"breadcrumb\":{\"@id\":\"https:\\\/\\\/fjala.info\\\/2009-2015\\\/ndrea-prendi-qelloi-i-pari-pas-tij-llupo-dhe-grupi-i-zjarrit\\\/#breadcrumb\"},\"inLanguage\":\"sq-AL\",\"potentialAction\":[{\"@type\":\"ReadAction\",\"target\":[\"https:\\\/\\\/fjala.info\\\/2009-2015\\\/ndrea-prendi-qelloi-i-pari-pas-tij-llupo-dhe-grupi-i-zjarrit\\\/\"]}]},{\"@type\":\"ImageObject\",\"inLanguage\":\"sq-AL\",\"@id\":\"https:\\\/\\\/fjala.info\\\/2009-2015\\\/ndrea-prendi-qelloi-i-pari-pas-tij-llupo-dhe-grupi-i-zjarrit\\\/#primaryimage\",\"url\":\"http:\\\/\\\/www.shkoder.net\\\/2012\\\/21jan_vrasjet.jpg\",\"contentUrl\":\"http:\\\/\\\/www.shkoder.net\\\/2012\\\/21jan_vrasjet.jpg\"},{\"@type\":\"BreadcrumbList\",\"@id\":\"https:\\\/\\\/fjala.info\\\/2009-2015\\\/ndrea-prendi-qelloi-i-pari-pas-tij-llupo-dhe-grupi-i-zjarrit\\\/#breadcrumb\",\"itemListElement\":[{\"@type\":\"ListItem\",\"position\":1,\"name\":\"Home\",\"item\":\"https:\\\/\\\/fjala.info\\\/2009-2015\\\/\"},{\"@type\":\"ListItem\",\"position\":2,\"name\":\"\u201cNdrea Prendi q\u00eblloi i pari, pas tij Llupo dhe \u2018grupi i zjarrit\u2019\u201d\"}]},{\"@type\":\"WebSite\",\"@id\":\"https:\\\/\\\/fjala.info\\\/2009-2015\\\/#website\",\"url\":\"https:\\\/\\\/fjala.info\\\/2009-2015\\\/\",\"name\":\"FjALA e LIR\u00cb - Arkivi\",\"description\":\"Arkivi 2009-2015\",\"publisher\":{\"@id\":\"https:\\\/\\\/fjala.info\\\/2009-2015\\\/#organization\"},\"potentialAction\":[{\"@type\":\"SearchAction\",\"target\":{\"@type\":\"EntryPoint\",\"urlTemplate\":\"https:\\\/\\\/fjala.info\\\/2009-2015\\\/?s={search_term_string}\"},\"query-input\":{\"@type\":\"PropertyValueSpecification\",\"valueRequired\":true,\"valueName\":\"search_term_string\"}}],\"inLanguage\":\"sq-AL\"},{\"@type\":\"Organization\",\"@id\":\"https:\\\/\\\/fjala.info\\\/2009-2015\\\/#organization\",\"name\":\"FjALA e LIR\u00cb - Arkivi\",\"url\":\"https:\\\/\\\/fjala.info\\\/2009-2015\\\/\",\"logo\":{\"@type\":\"ImageObject\",\"inLanguage\":\"sq-AL\",\"@id\":\"https:\\\/\\\/fjala.info\\\/2009-2015\\\/#\\\/schema\\\/logo\\\/image\\\/\",\"url\":\"\",\"contentUrl\":\"\",\"caption\":\"FjALA e LIR\u00cb - Arkivi\"},\"image\":{\"@id\":\"https:\\\/\\\/fjala.info\\\/2009-2015\\\/#\\\/schema\\\/logo\\\/image\\\/\"}},{\"@type\":\"Person\",\"@id\":\"https:\\\/\\\/fjala.info\\\/2009-2015\\\/#\\\/schema\\\/person\\\/3aa1163ef05469c496fc94e77611ada2\",\"name\":\"admin\",\"image\":{\"@type\":\"ImageObject\",\"inLanguage\":\"sq-AL\",\"@id\":\"https:\\\/\\\/fjala.info\\\/2009-2015\\\/wp-content\\\/uploads\\\/2012\\\/02\\\/arben_cokaj-120x150.jpg\",\"url\":\"https:\\\/\\\/fjala.info\\\/2009-2015\\\/wp-content\\\/uploads\\\/2012\\\/02\\\/arben_cokaj-120x150.jpg\",\"contentUrl\":\"https:\\\/\\\/fjala.info\\\/2009-2015\\\/wp-content\\\/uploads\\\/2012\\\/02\\\/arben_cokaj-120x150.jpg\",\"caption\":\"admin\"},\"description\":\"Admin, Fjala e Lir\u00eb\",\"sameAs\":[\"https:\\\/\\\/fjala.info\\\/\"],\"url\":\"https:\\\/\\\/fjala.info\\\/2009-2015\\\/author\\\/admin\\\/\"}]}<\/script>\n<!-- \/ Yoast SEO plugin. -->","yoast_head_json":{"title":"\u201cNdrea Prendi q\u00eblloi i pari, pas tij Llupo dhe \u2018grupi i zjarrit\u2019\u201d - FjALA e LIR\u00cb - Arkivi","robots":{"index":"index","follow":"follow","max-snippet":"max-snippet:-1","max-image-preview":"max-image-preview:large","max-video-preview":"max-video-preview:-1"},"canonical":"https:\/\/fjala.info\/2009-2015\/ndrea-prendi-qelloi-i-pari-pas-tij-llupo-dhe-grupi-i-zjarrit\/","og_locale":"sq_AL","og_type":"article","og_title":"\u201cNdrea Prendi q\u00eblloi i pari, pas tij Llupo dhe \u2018grupi i zjarrit\u2019\u201d - FjALA e LIR\u00cb - Arkivi","og_description":"TemA Online, 5 Shkurt 2012 Prokuroria vijon hetimet p\u00ebr kat\u00ebr vrasjet n\u00eb bulevardin \u201cD\u00ebshmor\u00ebt e Kombit\u201d m\u00eb 21 janar 2011. Verifikimet e fundit po p\u00ebrqendrohen te personat q\u00eb kan\u00eb q\u00eblluar t\u00eb par\u00ebt apo urdh\u00ebruesit. Ka dyshime, t\u00eb lindura nga raportet mjekoligjore t\u00eb viktimave, se i pari \u00ebsht\u00eb q\u00eblluar Faik Myrtaj nga pistoleta \u201cBeretta\u201d e Ndrea [&hellip;]","og_url":"https:\/\/fjala.info\/2009-2015\/ndrea-prendi-qelloi-i-pari-pas-tij-llupo-dhe-grupi-i-zjarrit\/","og_site_name":"FjALA e LIR\u00cb - Arkivi","article_published_time":"2012-02-05T20:58:35+00:00","og_image":[{"url":"http:\/\/www.shkoder.net\/2012\/21jan_vrasjet.jpg","type":"","width":"","height":""}],"author":"admin","twitter_card":"summary_large_image","twitter_misc":{"Written by":"admin","Est. reading time":"1 minute"},"schema":{"@context":"https:\/\/schema.org","@graph":[{"@type":"Article","@id":"https:\/\/fjala.info\/2009-2015\/ndrea-prendi-qelloi-i-pari-pas-tij-llupo-dhe-grupi-i-zjarrit\/#article","isPartOf":{"@id":"https:\/\/fjala.info\/2009-2015\/ndrea-prendi-qelloi-i-pari-pas-tij-llupo-dhe-grupi-i-zjarrit\/"},"author":{"name":"admin","@id":"https:\/\/fjala.info\/2009-2015\/#\/schema\/person\/3aa1163ef05469c496fc94e77611ada2"},"headline":"\u201cNdrea Prendi q\u00eblloi i pari, pas tij Llupo dhe \u2018grupi i zjarrit\u2019\u201d","datePublished":"2012-02-05T20:58:35+00:00","mainEntityOfPage":{"@id":"https:\/\/fjala.info\/2009-2015\/ndrea-prendi-qelloi-i-pari-pas-tij-llupo-dhe-grupi-i-zjarrit\/"},"wordCount":277,"commentCount":0,"publisher":{"@id":"https:\/\/fjala.info\/2009-2015\/#organization"},"image":{"@id":"https:\/\/fjala.info\/2009-2015\/ndrea-prendi-qelloi-i-pari-pas-tij-llupo-dhe-grupi-i-zjarrit\/#primaryimage"},"thumbnailUrl":"http:\/\/www.shkoder.net\/2012\/21jan_vrasjet.jpg","articleSection":["Artikuj","Lajme"],"inLanguage":"sq-AL","potentialAction":[{"@type":"CommentAction","name":"Comment","target":["https:\/\/fjala.info\/2009-2015\/ndrea-prendi-qelloi-i-pari-pas-tij-llupo-dhe-grupi-i-zjarrit\/#respond"]}]},{"@type":"WebPage","@id":"https:\/\/fjala.info\/2009-2015\/ndrea-prendi-qelloi-i-pari-pas-tij-llupo-dhe-grupi-i-zjarrit\/","url":"https:\/\/fjala.info\/2009-2015\/ndrea-prendi-qelloi-i-pari-pas-tij-llupo-dhe-grupi-i-zjarrit\/","name":"\u201cNdrea Prendi q\u00eblloi i pari, pas tij Llupo dhe \u2018grupi i zjarrit\u2019\u201d - FjALA e LIR\u00cb - Arkivi","isPartOf":{"@id":"https:\/\/fjala.info\/2009-2015\/#website"},"primaryImageOfPage":{"@id":"https:\/\/fjala.info\/2009-2015\/ndrea-prendi-qelloi-i-pari-pas-tij-llupo-dhe-grupi-i-zjarrit\/#primaryimage"},"image":{"@id":"https:\/\/fjala.info\/2009-2015\/ndrea-prendi-qelloi-i-pari-pas-tij-llupo-dhe-grupi-i-zjarrit\/#primaryimage"},"thumbnailUrl":"http:\/\/www.shkoder.net\/2012\/21jan_vrasjet.jpg","datePublished":"2012-02-05T20:58:35+00:00","breadcrumb":{"@id":"https:\/\/fjala.info\/2009-2015\/ndrea-prendi-qelloi-i-pari-pas-tij-llupo-dhe-grupi-i-zjarrit\/#breadcrumb"},"inLanguage":"sq-AL","potentialAction":[{"@type":"ReadAction","target":["https:\/\/fjala.info\/2009-2015\/ndrea-prendi-qelloi-i-pari-pas-tij-llupo-dhe-grupi-i-zjarrit\/"]}]},{"@type":"ImageObject","inLanguage":"sq-AL","@id":"https:\/\/fjala.info\/2009-2015\/ndrea-prendi-qelloi-i-pari-pas-tij-llupo-dhe-grupi-i-zjarrit\/#primaryimage","url":"http:\/\/www.shkoder.net\/2012\/21jan_vrasjet.jpg","contentUrl":"http:\/\/www.shkoder.net\/2012\/21jan_vrasjet.jpg"},{"@type":"BreadcrumbList","@id":"https:\/\/fjala.info\/2009-2015\/ndrea-prendi-qelloi-i-pari-pas-tij-llupo-dhe-grupi-i-zjarrit\/#breadcrumb","itemListElement":[{"@type":"ListItem","position":1,"name":"Home","item":"https:\/\/fjala.info\/2009-2015\/"},{"@type":"ListItem","position":2,"name":"\u201cNdrea Prendi q\u00eblloi i pari, pas tij Llupo dhe \u2018grupi i zjarrit\u2019\u201d"}]},{"@type":"WebSite","@id":"https:\/\/fjala.info\/2009-2015\/#website","url":"https:\/\/fjala.info\/2009-2015\/","name":"FjALA e LIR\u00cb - Arkivi","description":"Arkivi 2009-2015","publisher":{"@id":"https:\/\/fjala.info\/2009-2015\/#organization"},"potentialAction":[{"@type":"SearchAction","target":{"@type":"EntryPoint","urlTemplate":"https:\/\/fjala.info\/2009-2015\/?s={search_term_string}"},"query-input":{"@type":"PropertyValueSpecification","valueRequired":true,"valueName":"search_term_string"}}],"inLanguage":"sq-AL"},{"@type":"Organization","@id":"https:\/\/fjala.info\/2009-2015\/#organization","name":"FjALA e LIR\u00cb - Arkivi","url":"https:\/\/fjala.info\/2009-2015\/","logo":{"@type":"ImageObject","inLanguage":"sq-AL","@id":"https:\/\/fjala.info\/2009-2015\/#\/schema\/logo\/image\/","url":"","contentUrl":"","caption":"FjALA e LIR\u00cb - Arkivi"},"image":{"@id":"https:\/\/fjala.info\/2009-2015\/#\/schema\/logo\/image\/"}},{"@type":"Person","@id":"https:\/\/fjala.info\/2009-2015\/#\/schema\/person\/3aa1163ef05469c496fc94e77611ada2","name":"admin","image":{"@type":"ImageObject","inLanguage":"sq-AL","@id":"https:\/\/fjala.info\/2009-2015\/wp-content\/uploads\/2012\/02\/arben_cokaj-120x150.jpg","url":"https:\/\/fjala.info\/2009-2015\/wp-content\/uploads\/2012\/02\/arben_cokaj-120x150.jpg","contentUrl":"https:\/\/fjala.info\/2009-2015\/wp-content\/uploads\/2012\/02\/arben_cokaj-120x150.jpg","caption":"admin"},"description":"Admin, Fjala e Lir\u00eb","sameAs":["https:\/\/fjala.info\/"],"url":"https:\/\/fjala.info\/2009-2015\/author\/admin\/"}]}},"_links":{"self":[{"href":"https:\/\/fjala.info\/2009-2015\/wp-json\/wp\/v2\/posts\/1588","targetHints":{"allow":["GET"]}}],"collection":[{"href":"https:\/\/fjala.info\/2009-2015\/wp-json\/wp\/v2\/posts"}],"about":[{"href":"https:\/\/fjala.info\/2009-2015\/wp-json\/wp\/v2\/types\/post"}],"author":[{"embeddable":true,"href":"https:\/\/fjala.info\/2009-2015\/wp-json\/wp\/v2\/users\/1"}],"replies":[{"embeddable":true,"href":"https:\/\/fjala.info\/2009-2015\/wp-json\/wp\/v2\/comments?post=1588"}],"version-history":[{"count":0,"href":"https:\/\/fjala.info\/2009-2015\/wp-json\/wp\/v2\/posts\/1588\/revisions"}],"wp:attachment":[{"href":"https:\/\/fjala.info\/2009-2015\/wp-json\/wp\/v2\/media?parent=1588"}],"wp:term":[{"taxonomy":"category","embeddable":true,"href":"https:\/\/fjala.info\/2009-2015\/wp-json\/wp\/v2\/categories?post=1588"},{"taxonomy":"post_tag","embeddable":true,"href":"https:\/\/fjala.info\/2009-2015\/wp-json\/wp\/v2\/tags?post=1588"}],"curies":[{"name":"wp","href":"https:\/\/api.w.org\/{rel}","templated":true}]}}