{"id":1586,"date":"2012-02-05T21:40:52","date_gmt":"2012-02-05T20:40:52","guid":{"rendered":"http:\/\/fjala.shkoder.net\/?p=1586"},"modified":"2012-02-05T21:40:52","modified_gmt":"2012-02-05T20:40:52","slug":"fuqia-kercenuese-e-te-keqes","status":"publish","type":"post","link":"https:\/\/fjala.info\/2009-2015\/fuqia-kercenuese-e-te-keqes\/","title":{"rendered":"Fuqia k\u00ebrc\u00ebnuese e t\u00eb keqes"},"content":{"rendered":"<p><img decoding=\"async\" class=\"alignright size-thumbnail wp-image-7236\" title=\"Afrim Krasniqi\" src=\"http:\/\/www.shkoder.net\/images\/fjala\/afrim_krasniqi.jpg\" alt=\"\" width=\"150\" \/> <strong><em>Shqip\u00ebria e vitit 2012 mbetet ende peng i t\u00eb nj\u00ebjtave mentaliteteve t\u00eb p\u00ebrndjekjes dhe etiketimit politik, t\u00eb refuzimit t\u00eb vot\u00ebs dhe mendimit ndryshe <\/em><\/strong><\/p>\n<p>Nga <strong>AFRIM KRASNIQI<\/strong><\/p>\n<p>Shqip\u00ebria kaloi 46 vjet n\u00eb regjim totalitar. Modeli shqiptar ishte unik n\u00eb ashp\u00ebrsin\u00eb, natyr\u00ebn ekstreme, organizimin piramidal shtet\u00ebror, p\u00ebrndjekjen kolektive klasore dhe mekanizmin shtet\u00ebror e publik t\u00eb dhun\u00ebs. N\u00eb krye t\u00eb piramid\u00ebs ishte diktatori, pran\u00eb tij Byroja Politike, m\u00eb tej struktura besnike e PPSH dhe paralelisht, struktura e dhun\u00ebs, simbolizuar nga Sigurimi i Shtetit.<\/p>\n<p>Me r\u00ebnien e sistemit komunist, ra edhe piramida shtet\u00ebrore e tij, u shp\u00ebrb\u00eb PPSH dhe sigurimi dhe me kalimin e viteve, vet\u00eb komunist\u00ebt nis\u00ebn nj\u00eb gar\u00eb publike me kujtime disidente e distancimi nga sistemi i kaluar. Ata q\u00eb me bindje ose detyrim shkaktuan viktima, n\u00eb demokraci mor\u00ebn rolin e viktim\u00ebs; ata q\u00eb b\u00ebn\u00eb karrier\u00eb duke mbushur me njer\u00ebz t\u00eb pafajsh\u00ebm burgjet apo kampet e internimit, n\u00eb sistemin e ri vrapuan t\u00eb marrin poste politike e partiake, t\u00eb dominojn\u00eb biznesin dhe debatet publike, t\u00eb rishkruajn\u00eb historin\u00eb dhe t\u00eb krijojn\u00eb me \u00e7do \u00e7mim nj\u00eb identitet t\u00eb ri p\u00ebr veten dhe jet\u00ebn e tyre.<\/p>\n<p>Shqip\u00ebria e vitit 2012 ka ndryshuar shum\u00eb nga 1990: ka shum\u00eb pallate t\u00eb reja, shum\u00eb biznese, shum\u00eb rrug\u00eb e makina, shum\u00eb zhurm\u00eb dhe liri, por n\u00eb raport me identitetin moral dhe me t\u00eb kaluar\u00ebn, \u2013 mbetet ende n\u00eb hapat e par\u00eb. Shqip\u00ebria e vitit 2012 dominohet nga nj\u00eb klas\u00eb politike e lindur, rritur dhe edukuar n\u00eb regjimin e vjet\u00ebr, madje edhe e promovuar n\u00eb karrier\u00eb politike n\u00eb diktatur\u00eb.<\/p>\n<p><img decoding=\"async\" class=\"alignleft size-thumbnail wp-image-7236\" title=\"Autokracia\" src=\"http:\/\/www.shkoder.net\/2012\/autocracy.jpg\" alt=\"\" width=\"300\" \/>Shqip\u00ebria e vitit 2012 mbetet ende peng i t\u00eb nj\u00ebjtave mentaliteteve t\u00eb p\u00ebrndjekjes dhe etiketimit politik, t\u00eb refuzimit t\u00eb vot\u00ebs dhe mendimit ndryshe, t\u00eb pafuqis\u00eb p\u00ebr ta ndar\u00eb partin\u00eb qeveris\u00ebse t\u00eb radh\u00ebs nga shteti, si dhe t\u00eb aft\u00ebsis\u00eb p\u00ebr t\u00eb mbajtur n\u00eb k\u00ebmb\u00eb nj\u00eb sistem antivler\u00eb, \u2013 burim kryesor i kriz\u00ebs shoq\u00ebrore t\u00eb tranzicionit.<\/p>\n<p>Ja p\u00ebr shembull, askund n\u00eb Europ\u00ebn Lindore nuk shkruhet e botohet as shum\u00eb me admirim e kujtime pozitive p\u00ebr diktatur\u00ebn, diktatorin e bashk\u00ebpun\u00ebtor\u00ebt e tij sesa n\u00eb Shqip\u00ebri. Askund nuk gjen aq libra personal\u00eb me kujtime nga ish funksionar\u00eb t\u00eb lart\u00eb t\u00eb regjimit, thelbi i t\u00eb cilave \u00ebsht\u00eb ngritja n\u00eb piedestal e karrier\u00ebs s\u00eb tyre, evokimi i kujtimeve personale me diktatorin apo mekanizmat e tij t\u00eb dhun\u00ebs, si dhe nj\u00ebher\u00ebsh, denigrimi i gjith\u00e7kaje pozitive q\u00eb p\u00ebrfaq\u00ebson demokracia dhe modeli gjysm\u00eb-demokratik q\u00eb ndjek Shqip\u00ebria prej 1990.<\/p>\n<p>Vet\u00ebm n\u00eb Shqip\u00ebri mund t\u00eb ndodh\u00eb q\u00eb dit\u00ebn e pluralizmit t\u00eb mbushim ekranet me kujtimet e diktatorit t\u00eb fundit; n\u00eb dit\u00ebn e \u00e7lirimit t\u00eb mbushim lajmet me kujtimet lapidare t\u00eb atyre q\u00eb pasi vran\u00eb kund\u00ebrshtar\u00ebt politik\u00eb, vran\u00eb edhe shok\u00ebt e tyre t\u00eb luft\u00ebs; n\u00eb dit\u00ebn e pavar\u00ebsis\u00eb s\u00eb Kosov\u00ebs t\u00eb mbushin gazetat me gjoja planet e luft\u00ebs t\u00eb regjimit komunist p\u00ebr \u00e7lirimin e Kosov\u00ebs; etj.<\/p>\n<p>Kudo n\u00eb Europ\u00ebn Lindore do t\u00eb ishte e papranueshme p.sh, q\u00eb nj\u00eb eksponent kriminal i sigurimit t\u00eb shtetit, i famsh\u00ebm p\u00ebr p\u00ebrndjekjen e elit\u00ebs intelektuale e akademike t\u00eb Tiran\u00ebs, t\u00eb ket\u00eb kurajon, si\u00e7 ndodhi k\u00ebto dit\u00eb, q\u00eb pas dy dekadash t\u00eb baltos\u00eb n\u00eb publik shtetin demokratik, diplomacin\u00eb dhe politik\u00ebn integruese shqiptare t\u00eb 20 viteve t\u00eb fundit.<\/p>\n<p>N\u00eb Gjermanin\u00eb Lindore njer\u00ebz t\u00eb till\u00eb kan\u00eb zgjedhur faljen publike, t\u00ebrheqjen nga jeta publike, emigrimin ose rr\u00ebfimin n\u00eb gjykata, kurse n\u00eb Shqip\u00ebri, ata jo vet\u00ebm refuzuan faljen apo rr\u00ebfimin, por u b\u00ebn\u00eb e vijojn\u00eb t\u00eb jen\u00eb protagonist\u00eb t\u00eb politik\u00ebs vendimmarr\u00ebse, her\u00eb n\u00eb qeveri, her\u00eb n\u00eb parlament, her\u00eb n\u00eb diplomaci, her\u00eb n\u00eb institucione dhe gjithher\u00eb n\u00eb mediat publike. P\u00ebrpjekja e tyre p\u00ebr t\u2019i b\u00ebr\u00eb gjith\u00eb shqiptar\u00ebt bashk\u00ebfajtor\u00eb p\u00ebr fajet e tyre, dhe bashk\u00ebvuajt\u00ebs p\u00ebr vuajtjet e viktimave t\u00eb tyre, \u00ebsht\u00eb sa anti-humane, jo e drejt\u00eb aq edhe e padenj\u00eb dhe posht\u00ebruese p\u00ebr nj\u00eb shoq\u00ebri t\u00eb lir\u00eb.<\/p>\n<p>Ky shembull posht\u00ebrues i baltosjes s\u00eb moralit publik dhe hap\u00ebsirave q\u00eb ofron demokracia, i denigrimit t\u00eb konceptit t\u00eb mas\u00ebs dhe nd\u00ebrgjegjes qytetare, i himnizimit t\u00eb s\u00eb keqes dhe p\u00ebr rrjedhoj\u00eb, i mbajtjes edhe m\u00eb tej t\u00eb shoq\u00ebris\u00eb dhe vendit si peng i t\u00eb kaluar\u00ebs, peng i iluzioneve mashtruese dhe mentaliteteve inkriminuese, \u2013 p\u00ebrb\u00ebn nj\u00eb prej arsyeve kryesore pse Shqip\u00ebria ndodhet ende n\u00eb kriz\u00eb identiteti, kriz\u00eb shtetfunksionimi dhe kriz\u00eb t\u00eb thell\u00eb morale p\u00ebrfaq\u00ebsimi.<\/p>\n<p>Nj\u00eb shoq\u00ebri pa kujtes\u00eb, pa ndjesi ndaj t\u00eb keqes, pa forc\u00eb p\u00ebr t\u2019u distancuar prej saj, pa aft\u00ebsi p\u00ebr t\u00eb reflektuar ndaj gabimeve t\u00eb saj, pa vullnet p\u00ebr t\u00eb ndryshuar, pa kurajo dhe vizion p\u00ebr t\u00eb zgjedhur rrug\u00ebn e duhur, \u2013 rrezikon t\u00eb (vet)d\u00ebnohet p\u00ebr t\u00eb mbetur pafund\u00ebsisht nj\u00eb shoq\u00ebri parademokratike, tranzicioni dhe e destinuar t\u00eb rrezikoj\u00eb edhe t\u00eb ardhmen e saj.<\/p>\n","protected":false},"excerpt":{"rendered":"<p>Shqip\u00ebria e vitit 2012 mbetet ende peng i t\u00eb nj\u00ebjtave mentaliteteve t\u00eb p\u00ebrndjekjes dhe etiketimit politik, t\u00eb refuzimit t\u00eb vot\u00ebs dhe mendimit ndryshe Nga AFRIM KRASNIQI Shqip\u00ebria kaloi 46 vjet n\u00eb regjim totalitar. Modeli shqiptar ishte unik n\u00eb ashp\u00ebrsin\u00eb, natyr\u00ebn ekstreme, organizimin piramidal shtet\u00ebror, p\u00ebrndjekjen kolektive klasore dhe mekanizmin shtet\u00ebror e publik t\u00eb dhun\u00ebs. N\u00eb [&hellip;]<\/p>\n","protected":false},"author":1,"featured_media":0,"comment_status":"open","ping_status":"closed","sticky":false,"template":"","format":"standard","meta":{"footnotes":""},"categories":[2],"tags":[],"class_list":{"0":"post-1586","1":"post","2":"type-post","3":"status-publish","4":"format-standard","6":"category-artikuj"},"yoast_head":"<!-- This site is optimized with the Yoast SEO plugin v27.4 - https:\/\/yoast.com\/product\/yoast-seo-wordpress\/ -->\n<title>Fuqia k\u00ebrc\u00ebnuese e t\u00eb keqes - FjALA e LIR\u00cb - Arkivi<\/title>\n<meta name=\"robots\" content=\"index, follow, max-snippet:-1, max-image-preview:large, max-video-preview:-1\" \/>\n<link rel=\"canonical\" href=\"https:\/\/fjala.info\/2009-2015\/fuqia-kercenuese-e-te-keqes\/\" \/>\n<meta property=\"og:locale\" content=\"sq_AL\" \/>\n<meta property=\"og:type\" content=\"article\" \/>\n<meta property=\"og:title\" content=\"Fuqia k\u00ebrc\u00ebnuese e t\u00eb keqes - FjALA e LIR\u00cb - Arkivi\" \/>\n<meta property=\"og:description\" content=\"Shqip\u00ebria e vitit 2012 mbetet ende peng i t\u00eb nj\u00ebjtave mentaliteteve t\u00eb p\u00ebrndjekjes dhe etiketimit politik, t\u00eb refuzimit t\u00eb vot\u00ebs dhe mendimit ndryshe Nga AFRIM KRASNIQI Shqip\u00ebria kaloi 46 vjet n\u00eb regjim totalitar. Modeli shqiptar ishte unik n\u00eb ashp\u00ebrsin\u00eb, natyr\u00ebn ekstreme, organizimin piramidal shtet\u00ebror, p\u00ebrndjekjen kolektive klasore dhe mekanizmin shtet\u00ebror e publik t\u00eb dhun\u00ebs. N\u00eb [&hellip;]\" \/>\n<meta property=\"og:url\" content=\"https:\/\/fjala.info\/2009-2015\/fuqia-kercenuese-e-te-keqes\/\" \/>\n<meta property=\"og:site_name\" content=\"FjALA e LIR\u00cb - Arkivi\" \/>\n<meta property=\"article:published_time\" content=\"2012-02-05T20:40:52+00:00\" \/>\n<meta property=\"og:image\" content=\"http:\/\/www.shkoder.net\/images\/fjala\/afrim_krasniqi.jpg\" \/>\n<meta name=\"author\" content=\"admin\" \/>\n<meta name=\"twitter:card\" content=\"summary_large_image\" \/>\n<meta name=\"twitter:label1\" content=\"Written by\" \/>\n\t<meta name=\"twitter:data1\" content=\"admin\" \/>\n\t<meta name=\"twitter:label2\" content=\"Est. reading time\" \/>\n\t<meta name=\"twitter:data2\" content=\"4 minutes\" \/>\n<script type=\"application\/ld+json\" class=\"yoast-schema-graph\">{\"@context\":\"https:\\\/\\\/schema.org\",\"@graph\":[{\"@type\":\"Article\",\"@id\":\"https:\\\/\\\/fjala.info\\\/2009-2015\\\/fuqia-kercenuese-e-te-keqes\\\/#article\",\"isPartOf\":{\"@id\":\"https:\\\/\\\/fjala.info\\\/2009-2015\\\/fuqia-kercenuese-e-te-keqes\\\/\"},\"author\":{\"name\":\"admin\",\"@id\":\"https:\\\/\\\/fjala.info\\\/2009-2015\\\/#\\\/schema\\\/person\\\/3aa1163ef05469c496fc94e77611ada2\"},\"headline\":\"Fuqia k\u00ebrc\u00ebnuese e t\u00eb keqes\",\"datePublished\":\"2012-02-05T20:40:52+00:00\",\"mainEntityOfPage\":{\"@id\":\"https:\\\/\\\/fjala.info\\\/2009-2015\\\/fuqia-kercenuese-e-te-keqes\\\/\"},\"wordCount\":861,\"commentCount\":0,\"publisher\":{\"@id\":\"https:\\\/\\\/fjala.info\\\/2009-2015\\\/#organization\"},\"image\":{\"@id\":\"https:\\\/\\\/fjala.info\\\/2009-2015\\\/fuqia-kercenuese-e-te-keqes\\\/#primaryimage\"},\"thumbnailUrl\":\"http:\\\/\\\/www.shkoder.net\\\/images\\\/fjala\\\/afrim_krasniqi.jpg\",\"articleSection\":[\"Artikuj\"],\"inLanguage\":\"sq-AL\",\"potentialAction\":[{\"@type\":\"CommentAction\",\"name\":\"Comment\",\"target\":[\"https:\\\/\\\/fjala.info\\\/2009-2015\\\/fuqia-kercenuese-e-te-keqes\\\/#respond\"]}]},{\"@type\":\"WebPage\",\"@id\":\"https:\\\/\\\/fjala.info\\\/2009-2015\\\/fuqia-kercenuese-e-te-keqes\\\/\",\"url\":\"https:\\\/\\\/fjala.info\\\/2009-2015\\\/fuqia-kercenuese-e-te-keqes\\\/\",\"name\":\"Fuqia k\u00ebrc\u00ebnuese e t\u00eb keqes - FjALA e LIR\u00cb - Arkivi\",\"isPartOf\":{\"@id\":\"https:\\\/\\\/fjala.info\\\/2009-2015\\\/#website\"},\"primaryImageOfPage\":{\"@id\":\"https:\\\/\\\/fjala.info\\\/2009-2015\\\/fuqia-kercenuese-e-te-keqes\\\/#primaryimage\"},\"image\":{\"@id\":\"https:\\\/\\\/fjala.info\\\/2009-2015\\\/fuqia-kercenuese-e-te-keqes\\\/#primaryimage\"},\"thumbnailUrl\":\"http:\\\/\\\/www.shkoder.net\\\/images\\\/fjala\\\/afrim_krasniqi.jpg\",\"datePublished\":\"2012-02-05T20:40:52+00:00\",\"breadcrumb\":{\"@id\":\"https:\\\/\\\/fjala.info\\\/2009-2015\\\/fuqia-kercenuese-e-te-keqes\\\/#breadcrumb\"},\"inLanguage\":\"sq-AL\",\"potentialAction\":[{\"@type\":\"ReadAction\",\"target\":[\"https:\\\/\\\/fjala.info\\\/2009-2015\\\/fuqia-kercenuese-e-te-keqes\\\/\"]}]},{\"@type\":\"ImageObject\",\"inLanguage\":\"sq-AL\",\"@id\":\"https:\\\/\\\/fjala.info\\\/2009-2015\\\/fuqia-kercenuese-e-te-keqes\\\/#primaryimage\",\"url\":\"http:\\\/\\\/www.shkoder.net\\\/images\\\/fjala\\\/afrim_krasniqi.jpg\",\"contentUrl\":\"http:\\\/\\\/www.shkoder.net\\\/images\\\/fjala\\\/afrim_krasniqi.jpg\"},{\"@type\":\"BreadcrumbList\",\"@id\":\"https:\\\/\\\/fjala.info\\\/2009-2015\\\/fuqia-kercenuese-e-te-keqes\\\/#breadcrumb\",\"itemListElement\":[{\"@type\":\"ListItem\",\"position\":1,\"name\":\"Home\",\"item\":\"https:\\\/\\\/fjala.info\\\/2009-2015\\\/\"},{\"@type\":\"ListItem\",\"position\":2,\"name\":\"Fuqia k\u00ebrc\u00ebnuese e t\u00eb keqes\"}]},{\"@type\":\"WebSite\",\"@id\":\"https:\\\/\\\/fjala.info\\\/2009-2015\\\/#website\",\"url\":\"https:\\\/\\\/fjala.info\\\/2009-2015\\\/\",\"name\":\"FjALA e LIR\u00cb - Arkivi\",\"description\":\"Arkivi 2009-2015\",\"publisher\":{\"@id\":\"https:\\\/\\\/fjala.info\\\/2009-2015\\\/#organization\"},\"potentialAction\":[{\"@type\":\"SearchAction\",\"target\":{\"@type\":\"EntryPoint\",\"urlTemplate\":\"https:\\\/\\\/fjala.info\\\/2009-2015\\\/?s={search_term_string}\"},\"query-input\":{\"@type\":\"PropertyValueSpecification\",\"valueRequired\":true,\"valueName\":\"search_term_string\"}}],\"inLanguage\":\"sq-AL\"},{\"@type\":\"Organization\",\"@id\":\"https:\\\/\\\/fjala.info\\\/2009-2015\\\/#organization\",\"name\":\"FjALA e LIR\u00cb - Arkivi\",\"url\":\"https:\\\/\\\/fjala.info\\\/2009-2015\\\/\",\"logo\":{\"@type\":\"ImageObject\",\"inLanguage\":\"sq-AL\",\"@id\":\"https:\\\/\\\/fjala.info\\\/2009-2015\\\/#\\\/schema\\\/logo\\\/image\\\/\",\"url\":\"\",\"contentUrl\":\"\",\"caption\":\"FjALA e LIR\u00cb - Arkivi\"},\"image\":{\"@id\":\"https:\\\/\\\/fjala.info\\\/2009-2015\\\/#\\\/schema\\\/logo\\\/image\\\/\"}},{\"@type\":\"Person\",\"@id\":\"https:\\\/\\\/fjala.info\\\/2009-2015\\\/#\\\/schema\\\/person\\\/3aa1163ef05469c496fc94e77611ada2\",\"name\":\"admin\",\"image\":{\"@type\":\"ImageObject\",\"inLanguage\":\"sq-AL\",\"@id\":\"https:\\\/\\\/fjala.info\\\/2009-2015\\\/wp-content\\\/uploads\\\/2012\\\/02\\\/arben_cokaj-120x150.jpg\",\"url\":\"https:\\\/\\\/fjala.info\\\/2009-2015\\\/wp-content\\\/uploads\\\/2012\\\/02\\\/arben_cokaj-120x150.jpg\",\"contentUrl\":\"https:\\\/\\\/fjala.info\\\/2009-2015\\\/wp-content\\\/uploads\\\/2012\\\/02\\\/arben_cokaj-120x150.jpg\",\"caption\":\"admin\"},\"description\":\"Admin, Fjala e Lir\u00eb\",\"sameAs\":[\"https:\\\/\\\/fjala.info\\\/\"],\"url\":\"https:\\\/\\\/fjala.info\\\/2009-2015\\\/author\\\/admin\\\/\"}]}<\/script>\n<!-- \/ Yoast SEO plugin. -->","yoast_head_json":{"title":"Fuqia k\u00ebrc\u00ebnuese e t\u00eb keqes - FjALA e LIR\u00cb - Arkivi","robots":{"index":"index","follow":"follow","max-snippet":"max-snippet:-1","max-image-preview":"max-image-preview:large","max-video-preview":"max-video-preview:-1"},"canonical":"https:\/\/fjala.info\/2009-2015\/fuqia-kercenuese-e-te-keqes\/","og_locale":"sq_AL","og_type":"article","og_title":"Fuqia k\u00ebrc\u00ebnuese e t\u00eb keqes - FjALA e LIR\u00cb - Arkivi","og_description":"Shqip\u00ebria e vitit 2012 mbetet ende peng i t\u00eb nj\u00ebjtave mentaliteteve t\u00eb p\u00ebrndjekjes dhe etiketimit politik, t\u00eb refuzimit t\u00eb vot\u00ebs dhe mendimit ndryshe Nga AFRIM KRASNIQI Shqip\u00ebria kaloi 46 vjet n\u00eb regjim totalitar. Modeli shqiptar ishte unik n\u00eb ashp\u00ebrsin\u00eb, natyr\u00ebn ekstreme, organizimin piramidal shtet\u00ebror, p\u00ebrndjekjen kolektive klasore dhe mekanizmin shtet\u00ebror e publik t\u00eb dhun\u00ebs. N\u00eb [&hellip;]","og_url":"https:\/\/fjala.info\/2009-2015\/fuqia-kercenuese-e-te-keqes\/","og_site_name":"FjALA e LIR\u00cb - Arkivi","article_published_time":"2012-02-05T20:40:52+00:00","og_image":[{"url":"http:\/\/www.shkoder.net\/images\/fjala\/afrim_krasniqi.jpg","type":"","width":"","height":""}],"author":"admin","twitter_card":"summary_large_image","twitter_misc":{"Written by":"admin","Est. reading time":"4 minutes"},"schema":{"@context":"https:\/\/schema.org","@graph":[{"@type":"Article","@id":"https:\/\/fjala.info\/2009-2015\/fuqia-kercenuese-e-te-keqes\/#article","isPartOf":{"@id":"https:\/\/fjala.info\/2009-2015\/fuqia-kercenuese-e-te-keqes\/"},"author":{"name":"admin","@id":"https:\/\/fjala.info\/2009-2015\/#\/schema\/person\/3aa1163ef05469c496fc94e77611ada2"},"headline":"Fuqia k\u00ebrc\u00ebnuese e t\u00eb keqes","datePublished":"2012-02-05T20:40:52+00:00","mainEntityOfPage":{"@id":"https:\/\/fjala.info\/2009-2015\/fuqia-kercenuese-e-te-keqes\/"},"wordCount":861,"commentCount":0,"publisher":{"@id":"https:\/\/fjala.info\/2009-2015\/#organization"},"image":{"@id":"https:\/\/fjala.info\/2009-2015\/fuqia-kercenuese-e-te-keqes\/#primaryimage"},"thumbnailUrl":"http:\/\/www.shkoder.net\/images\/fjala\/afrim_krasniqi.jpg","articleSection":["Artikuj"],"inLanguage":"sq-AL","potentialAction":[{"@type":"CommentAction","name":"Comment","target":["https:\/\/fjala.info\/2009-2015\/fuqia-kercenuese-e-te-keqes\/#respond"]}]},{"@type":"WebPage","@id":"https:\/\/fjala.info\/2009-2015\/fuqia-kercenuese-e-te-keqes\/","url":"https:\/\/fjala.info\/2009-2015\/fuqia-kercenuese-e-te-keqes\/","name":"Fuqia k\u00ebrc\u00ebnuese e t\u00eb keqes - FjALA e LIR\u00cb - Arkivi","isPartOf":{"@id":"https:\/\/fjala.info\/2009-2015\/#website"},"primaryImageOfPage":{"@id":"https:\/\/fjala.info\/2009-2015\/fuqia-kercenuese-e-te-keqes\/#primaryimage"},"image":{"@id":"https:\/\/fjala.info\/2009-2015\/fuqia-kercenuese-e-te-keqes\/#primaryimage"},"thumbnailUrl":"http:\/\/www.shkoder.net\/images\/fjala\/afrim_krasniqi.jpg","datePublished":"2012-02-05T20:40:52+00:00","breadcrumb":{"@id":"https:\/\/fjala.info\/2009-2015\/fuqia-kercenuese-e-te-keqes\/#breadcrumb"},"inLanguage":"sq-AL","potentialAction":[{"@type":"ReadAction","target":["https:\/\/fjala.info\/2009-2015\/fuqia-kercenuese-e-te-keqes\/"]}]},{"@type":"ImageObject","inLanguage":"sq-AL","@id":"https:\/\/fjala.info\/2009-2015\/fuqia-kercenuese-e-te-keqes\/#primaryimage","url":"http:\/\/www.shkoder.net\/images\/fjala\/afrim_krasniqi.jpg","contentUrl":"http:\/\/www.shkoder.net\/images\/fjala\/afrim_krasniqi.jpg"},{"@type":"BreadcrumbList","@id":"https:\/\/fjala.info\/2009-2015\/fuqia-kercenuese-e-te-keqes\/#breadcrumb","itemListElement":[{"@type":"ListItem","position":1,"name":"Home","item":"https:\/\/fjala.info\/2009-2015\/"},{"@type":"ListItem","position":2,"name":"Fuqia k\u00ebrc\u00ebnuese e t\u00eb keqes"}]},{"@type":"WebSite","@id":"https:\/\/fjala.info\/2009-2015\/#website","url":"https:\/\/fjala.info\/2009-2015\/","name":"FjALA e LIR\u00cb - Arkivi","description":"Arkivi 2009-2015","publisher":{"@id":"https:\/\/fjala.info\/2009-2015\/#organization"},"potentialAction":[{"@type":"SearchAction","target":{"@type":"EntryPoint","urlTemplate":"https:\/\/fjala.info\/2009-2015\/?s={search_term_string}"},"query-input":{"@type":"PropertyValueSpecification","valueRequired":true,"valueName":"search_term_string"}}],"inLanguage":"sq-AL"},{"@type":"Organization","@id":"https:\/\/fjala.info\/2009-2015\/#organization","name":"FjALA e LIR\u00cb - Arkivi","url":"https:\/\/fjala.info\/2009-2015\/","logo":{"@type":"ImageObject","inLanguage":"sq-AL","@id":"https:\/\/fjala.info\/2009-2015\/#\/schema\/logo\/image\/","url":"","contentUrl":"","caption":"FjALA e LIR\u00cb - Arkivi"},"image":{"@id":"https:\/\/fjala.info\/2009-2015\/#\/schema\/logo\/image\/"}},{"@type":"Person","@id":"https:\/\/fjala.info\/2009-2015\/#\/schema\/person\/3aa1163ef05469c496fc94e77611ada2","name":"admin","image":{"@type":"ImageObject","inLanguage":"sq-AL","@id":"https:\/\/fjala.info\/2009-2015\/wp-content\/uploads\/2012\/02\/arben_cokaj-120x150.jpg","url":"https:\/\/fjala.info\/2009-2015\/wp-content\/uploads\/2012\/02\/arben_cokaj-120x150.jpg","contentUrl":"https:\/\/fjala.info\/2009-2015\/wp-content\/uploads\/2012\/02\/arben_cokaj-120x150.jpg","caption":"admin"},"description":"Admin, Fjala e Lir\u00eb","sameAs":["https:\/\/fjala.info\/"],"url":"https:\/\/fjala.info\/2009-2015\/author\/admin\/"}]}},"_links":{"self":[{"href":"https:\/\/fjala.info\/2009-2015\/wp-json\/wp\/v2\/posts\/1586","targetHints":{"allow":["GET"]}}],"collection":[{"href":"https:\/\/fjala.info\/2009-2015\/wp-json\/wp\/v2\/posts"}],"about":[{"href":"https:\/\/fjala.info\/2009-2015\/wp-json\/wp\/v2\/types\/post"}],"author":[{"embeddable":true,"href":"https:\/\/fjala.info\/2009-2015\/wp-json\/wp\/v2\/users\/1"}],"replies":[{"embeddable":true,"href":"https:\/\/fjala.info\/2009-2015\/wp-json\/wp\/v2\/comments?post=1586"}],"version-history":[{"count":0,"href":"https:\/\/fjala.info\/2009-2015\/wp-json\/wp\/v2\/posts\/1586\/revisions"}],"wp:attachment":[{"href":"https:\/\/fjala.info\/2009-2015\/wp-json\/wp\/v2\/media?parent=1586"}],"wp:term":[{"taxonomy":"category","embeddable":true,"href":"https:\/\/fjala.info\/2009-2015\/wp-json\/wp\/v2\/categories?post=1586"},{"taxonomy":"post_tag","embeddable":true,"href":"https:\/\/fjala.info\/2009-2015\/wp-json\/wp\/v2\/tags?post=1586"}],"curies":[{"name":"wp","href":"https:\/\/api.w.org\/{rel}","templated":true}]}}