{"id":1565,"date":"2012-02-03T20:47:21","date_gmt":"2012-02-03T19:47:21","guid":{"rendered":"http:\/\/fjala.shkoder.net\/?p=1565"},"modified":"2012-02-03T20:47:21","modified_gmt":"2012-02-03T19:47:21","slug":"kryeministri-don-te-maskoje-izolimin-me-pjesemarrjen-ne-konferenca","status":"publish","type":"post","link":"https:\/\/fjala.info\/2009-2015\/kryeministri-don-te-maskoje-izolimin-me-pjesemarrjen-ne-konferenca\/","title":{"rendered":"Kryeministri don t\u00eb maskoj\u00eb izolimin me pjes\u00ebmarrjen n\u00eb konferenca"},"content":{"rendered":"<p><img decoding=\"async\" class=\"alignright size-thumbnail wp-image-7236\" title=\"Berisha n\u00eb Izrael\" src=\"http:\/\/www.shkoder.net\/2012\/berisha_izrael.jpg\" alt=\"\" width=\"300\" \/> <strong>ResPublica.al<\/strong>, <em>3 shkurt 2012<\/em><\/p>\n<p>Kryeministri Berisha \u00ebsht\u00eb nisur p\u00ebr nj\u00eb tjet\u00ebr konferenc\u00eb n\u00eb Gjermani. N\u00eb fakt, koh\u00ebt e fundit zoti Berisha ka marr\u00eb pjes\u00eb n\u00eb aq konferenca e seminare sa ka filluar t\u2019i ngjaj\u00eb m\u00eb shum\u00eb nj\u00eb akademiku apo p\u00ebrfaq\u00ebsuesi t\u00eb shoq\u00ebris\u00eb civile sesa kryeministrit t\u00eb nj\u00eb vendi. \u00cbsht\u00eb interesant fakti q\u00eb n\u00eb faqen e K\u00ebshillit t\u00eb Ministrave lajmi se n\u00eb konferenc\u00eb do t\u00eb marrin pjes\u00eb edhe shum\u00eb personalitete si Hillary Clinton, Catherine Ashton, Mario Monti, etj, shoq\u00ebrohet dhe me nj\u00eb njoftim, shum\u00eb t\u00eb varf\u00ebr n\u00eb detaje, sipas t\u00eb cilit gjat\u00eb konferenc\u00ebs Kryeministri Berisha do t\u00eb takohet me personalitete t\u00eb ndryshme, pjes\u00ebmarr\u00ebs n\u00eb k\u00ebt\u00eb Konferenc\u00eb.<\/p>\n<p>Me pak fjal\u00eb, nuk duhet t\u00eb habitet kush n\u00ebse t\u00eb shtun\u00ebn apo t\u00eb diel\u00ebn mediat do t\u00eb mbushen me imazhe t\u00eb Kryeministrit Berisha q\u00eb u z\u00eb prit\u00eb n\u00ebp\u00ebr korridore dinjitar\u00ebve t\u00eb ndrysh\u00ebm ose bredh nga nj\u00ebri cep i sall\u00ebs n\u00eb tjetrin, me fotograf\u00eb a kameraman\u00eb me vete, p\u00ebr t\u00eb fiksuar \u00e7astin kur i jep dor\u00ebn x-it apo p\u00ebrsh\u00ebndetet me y-in. Por puna \u00ebsht\u00eb se, n\u00ebse p\u00ebrjashtojm\u00eb nj\u00eb vizit\u00eb n\u00eb Malin e Zi dhe nj\u00eb tjet\u00ebr n\u00eb Izrael, Kryeministri Berisha u b\u00eb koh\u00eb q\u00eb as ka b\u00ebr\u00eb ndonj\u00eb vizit\u00eb zyrtare dhe as i ka ardhur kush p\u00ebr vizit\u00eb. Prandaj dhe rreket ta bombardoj\u00eb opinionin publik me njoftime t\u00eb cilat n\u00eb thelb u ngjajn\u00eb si dy pika uji atyre historive t\u00eb tipit \u201cisha ulur n\u00eb avion af\u00ebr Julia Roberts&#8230;\u201d<\/p>\n<p>M.M.<\/p>\n","protected":false},"excerpt":{"rendered":"<p>ResPublica.al, 3 shkurt 2012 Kryeministri Berisha \u00ebsht\u00eb nisur p\u00ebr nj\u00eb tjet\u00ebr konferenc\u00eb n\u00eb Gjermani. N\u00eb fakt, koh\u00ebt e fundit zoti Berisha ka marr\u00eb pjes\u00eb n\u00eb aq konferenca e seminare sa ka filluar t\u2019i ngjaj\u00eb m\u00eb shum\u00eb nj\u00eb akademiku apo p\u00ebrfaq\u00ebsuesi t\u00eb shoq\u00ebris\u00eb civile sesa kryeministrit t\u00eb nj\u00eb vendi. \u00cbsht\u00eb interesant fakti q\u00eb n\u00eb faqen e [&hellip;]<\/p>\n","protected":false},"author":1,"featured_media":0,"comment_status":"open","ping_status":"closed","sticky":false,"template":"","format":"standard","meta":{"footnotes":""},"categories":[2],"tags":[],"class_list":{"0":"post-1565","1":"post","2":"type-post","3":"status-publish","4":"format-standard","6":"category-artikuj"},"yoast_head":"<!-- This site is optimized with the Yoast SEO plugin v27.4 - https:\/\/yoast.com\/product\/yoast-seo-wordpress\/ -->\n<title>Kryeministri don t\u00eb maskoj\u00eb izolimin me pjes\u00ebmarrjen n\u00eb konferenca - FjALA e LIR\u00cb - Arkivi<\/title>\n<meta name=\"robots\" content=\"index, follow, max-snippet:-1, max-image-preview:large, max-video-preview:-1\" \/>\n<link rel=\"canonical\" href=\"https:\/\/fjala.info\/2009-2015\/kryeministri-don-te-maskoje-izolimin-me-pjesemarrjen-ne-konferenca\/\" \/>\n<meta property=\"og:locale\" content=\"sq_AL\" \/>\n<meta property=\"og:type\" content=\"article\" \/>\n<meta property=\"og:title\" content=\"Kryeministri don t\u00eb maskoj\u00eb izolimin me pjes\u00ebmarrjen n\u00eb konferenca - FjALA e LIR\u00cb - Arkivi\" \/>\n<meta property=\"og:description\" content=\"ResPublica.al, 3 shkurt 2012 Kryeministri Berisha \u00ebsht\u00eb nisur p\u00ebr nj\u00eb tjet\u00ebr konferenc\u00eb n\u00eb Gjermani. N\u00eb fakt, koh\u00ebt e fundit zoti Berisha ka marr\u00eb pjes\u00eb n\u00eb aq konferenca e seminare sa ka filluar t\u2019i ngjaj\u00eb m\u00eb shum\u00eb nj\u00eb akademiku apo p\u00ebrfaq\u00ebsuesi t\u00eb shoq\u00ebris\u00eb civile sesa kryeministrit t\u00eb nj\u00eb vendi. \u00cbsht\u00eb interesant fakti q\u00eb n\u00eb faqen e [&hellip;]\" \/>\n<meta property=\"og:url\" content=\"https:\/\/fjala.info\/2009-2015\/kryeministri-don-te-maskoje-izolimin-me-pjesemarrjen-ne-konferenca\/\" \/>\n<meta property=\"og:site_name\" content=\"FjALA e LIR\u00cb - Arkivi\" \/>\n<meta property=\"article:published_time\" content=\"2012-02-03T19:47:21+00:00\" \/>\n<meta property=\"og:image\" content=\"http:\/\/www.shkoder.net\/2012\/berisha_izrael.jpg\" \/>\n<meta name=\"author\" content=\"admin\" \/>\n<meta name=\"twitter:card\" content=\"summary_large_image\" \/>\n<meta name=\"twitter:label1\" content=\"Written by\" \/>\n\t<meta name=\"twitter:data1\" content=\"admin\" \/>\n\t<meta name=\"twitter:label2\" content=\"Est. reading time\" \/>\n\t<meta name=\"twitter:data2\" content=\"1 minute\" \/>\n<script type=\"application\/ld+json\" class=\"yoast-schema-graph\">{\"@context\":\"https:\\\/\\\/schema.org\",\"@graph\":[{\"@type\":\"Article\",\"@id\":\"https:\\\/\\\/fjala.info\\\/2009-2015\\\/kryeministri-don-te-maskoje-izolimin-me-pjesemarrjen-ne-konferenca\\\/#article\",\"isPartOf\":{\"@id\":\"https:\\\/\\\/fjala.info\\\/2009-2015\\\/kryeministri-don-te-maskoje-izolimin-me-pjesemarrjen-ne-konferenca\\\/\"},\"author\":{\"name\":\"admin\",\"@id\":\"https:\\\/\\\/fjala.info\\\/2009-2015\\\/#\\\/schema\\\/person\\\/3aa1163ef05469c496fc94e77611ada2\"},\"headline\":\"Kryeministri don t\u00eb maskoj\u00eb izolimin me pjes\u00ebmarrjen n\u00eb konferenca\",\"datePublished\":\"2012-02-03T19:47:21+00:00\",\"mainEntityOfPage\":{\"@id\":\"https:\\\/\\\/fjala.info\\\/2009-2015\\\/kryeministri-don-te-maskoje-izolimin-me-pjesemarrjen-ne-konferenca\\\/\"},\"wordCount\":276,\"commentCount\":0,\"publisher\":{\"@id\":\"https:\\\/\\\/fjala.info\\\/2009-2015\\\/#organization\"},\"image\":{\"@id\":\"https:\\\/\\\/fjala.info\\\/2009-2015\\\/kryeministri-don-te-maskoje-izolimin-me-pjesemarrjen-ne-konferenca\\\/#primaryimage\"},\"thumbnailUrl\":\"http:\\\/\\\/www.shkoder.net\\\/2012\\\/berisha_izrael.jpg\",\"articleSection\":[\"Artikuj\"],\"inLanguage\":\"sq-AL\",\"potentialAction\":[{\"@type\":\"CommentAction\",\"name\":\"Comment\",\"target\":[\"https:\\\/\\\/fjala.info\\\/2009-2015\\\/kryeministri-don-te-maskoje-izolimin-me-pjesemarrjen-ne-konferenca\\\/#respond\"]}]},{\"@type\":\"WebPage\",\"@id\":\"https:\\\/\\\/fjala.info\\\/2009-2015\\\/kryeministri-don-te-maskoje-izolimin-me-pjesemarrjen-ne-konferenca\\\/\",\"url\":\"https:\\\/\\\/fjala.info\\\/2009-2015\\\/kryeministri-don-te-maskoje-izolimin-me-pjesemarrjen-ne-konferenca\\\/\",\"name\":\"Kryeministri don t\u00eb maskoj\u00eb izolimin me pjes\u00ebmarrjen n\u00eb konferenca - FjALA e LIR\u00cb - Arkivi\",\"isPartOf\":{\"@id\":\"https:\\\/\\\/fjala.info\\\/2009-2015\\\/#website\"},\"primaryImageOfPage\":{\"@id\":\"https:\\\/\\\/fjala.info\\\/2009-2015\\\/kryeministri-don-te-maskoje-izolimin-me-pjesemarrjen-ne-konferenca\\\/#primaryimage\"},\"image\":{\"@id\":\"https:\\\/\\\/fjala.info\\\/2009-2015\\\/kryeministri-don-te-maskoje-izolimin-me-pjesemarrjen-ne-konferenca\\\/#primaryimage\"},\"thumbnailUrl\":\"http:\\\/\\\/www.shkoder.net\\\/2012\\\/berisha_izrael.jpg\",\"datePublished\":\"2012-02-03T19:47:21+00:00\",\"breadcrumb\":{\"@id\":\"https:\\\/\\\/fjala.info\\\/2009-2015\\\/kryeministri-don-te-maskoje-izolimin-me-pjesemarrjen-ne-konferenca\\\/#breadcrumb\"},\"inLanguage\":\"sq-AL\",\"potentialAction\":[{\"@type\":\"ReadAction\",\"target\":[\"https:\\\/\\\/fjala.info\\\/2009-2015\\\/kryeministri-don-te-maskoje-izolimin-me-pjesemarrjen-ne-konferenca\\\/\"]}]},{\"@type\":\"ImageObject\",\"inLanguage\":\"sq-AL\",\"@id\":\"https:\\\/\\\/fjala.info\\\/2009-2015\\\/kryeministri-don-te-maskoje-izolimin-me-pjesemarrjen-ne-konferenca\\\/#primaryimage\",\"url\":\"http:\\\/\\\/www.shkoder.net\\\/2012\\\/berisha_izrael.jpg\",\"contentUrl\":\"http:\\\/\\\/www.shkoder.net\\\/2012\\\/berisha_izrael.jpg\"},{\"@type\":\"BreadcrumbList\",\"@id\":\"https:\\\/\\\/fjala.info\\\/2009-2015\\\/kryeministri-don-te-maskoje-izolimin-me-pjesemarrjen-ne-konferenca\\\/#breadcrumb\",\"itemListElement\":[{\"@type\":\"ListItem\",\"position\":1,\"name\":\"Home\",\"item\":\"https:\\\/\\\/fjala.info\\\/2009-2015\\\/\"},{\"@type\":\"ListItem\",\"position\":2,\"name\":\"Kryeministri don t\u00eb maskoj\u00eb izolimin me pjes\u00ebmarrjen n\u00eb konferenca\"}]},{\"@type\":\"WebSite\",\"@id\":\"https:\\\/\\\/fjala.info\\\/2009-2015\\\/#website\",\"url\":\"https:\\\/\\\/fjala.info\\\/2009-2015\\\/\",\"name\":\"FjALA e LIR\u00cb - Arkivi\",\"description\":\"Arkivi 2009-2015\",\"publisher\":{\"@id\":\"https:\\\/\\\/fjala.info\\\/2009-2015\\\/#organization\"},\"potentialAction\":[{\"@type\":\"SearchAction\",\"target\":{\"@type\":\"EntryPoint\",\"urlTemplate\":\"https:\\\/\\\/fjala.info\\\/2009-2015\\\/?s={search_term_string}\"},\"query-input\":{\"@type\":\"PropertyValueSpecification\",\"valueRequired\":true,\"valueName\":\"search_term_string\"}}],\"inLanguage\":\"sq-AL\"},{\"@type\":\"Organization\",\"@id\":\"https:\\\/\\\/fjala.info\\\/2009-2015\\\/#organization\",\"name\":\"FjALA e LIR\u00cb - Arkivi\",\"url\":\"https:\\\/\\\/fjala.info\\\/2009-2015\\\/\",\"logo\":{\"@type\":\"ImageObject\",\"inLanguage\":\"sq-AL\",\"@id\":\"https:\\\/\\\/fjala.info\\\/2009-2015\\\/#\\\/schema\\\/logo\\\/image\\\/\",\"url\":\"\",\"contentUrl\":\"\",\"caption\":\"FjALA e LIR\u00cb - Arkivi\"},\"image\":{\"@id\":\"https:\\\/\\\/fjala.info\\\/2009-2015\\\/#\\\/schema\\\/logo\\\/image\\\/\"}},{\"@type\":\"Person\",\"@id\":\"https:\\\/\\\/fjala.info\\\/2009-2015\\\/#\\\/schema\\\/person\\\/3aa1163ef05469c496fc94e77611ada2\",\"name\":\"admin\",\"image\":{\"@type\":\"ImageObject\",\"inLanguage\":\"sq-AL\",\"@id\":\"https:\\\/\\\/fjala.info\\\/2009-2015\\\/wp-content\\\/uploads\\\/2012\\\/02\\\/arben_cokaj-120x150.jpg\",\"url\":\"https:\\\/\\\/fjala.info\\\/2009-2015\\\/wp-content\\\/uploads\\\/2012\\\/02\\\/arben_cokaj-120x150.jpg\",\"contentUrl\":\"https:\\\/\\\/fjala.info\\\/2009-2015\\\/wp-content\\\/uploads\\\/2012\\\/02\\\/arben_cokaj-120x150.jpg\",\"caption\":\"admin\"},\"description\":\"Admin, Fjala e Lir\u00eb\",\"sameAs\":[\"https:\\\/\\\/fjala.info\\\/\"],\"url\":\"https:\\\/\\\/fjala.info\\\/2009-2015\\\/author\\\/admin\\\/\"}]}<\/script>\n<!-- \/ Yoast SEO plugin. -->","yoast_head_json":{"title":"Kryeministri don t\u00eb maskoj\u00eb izolimin me pjes\u00ebmarrjen n\u00eb konferenca - FjALA e LIR\u00cb - Arkivi","robots":{"index":"index","follow":"follow","max-snippet":"max-snippet:-1","max-image-preview":"max-image-preview:large","max-video-preview":"max-video-preview:-1"},"canonical":"https:\/\/fjala.info\/2009-2015\/kryeministri-don-te-maskoje-izolimin-me-pjesemarrjen-ne-konferenca\/","og_locale":"sq_AL","og_type":"article","og_title":"Kryeministri don t\u00eb maskoj\u00eb izolimin me pjes\u00ebmarrjen n\u00eb konferenca - FjALA e LIR\u00cb - Arkivi","og_description":"ResPublica.al, 3 shkurt 2012 Kryeministri Berisha \u00ebsht\u00eb nisur p\u00ebr nj\u00eb tjet\u00ebr konferenc\u00eb n\u00eb Gjermani. N\u00eb fakt, koh\u00ebt e fundit zoti Berisha ka marr\u00eb pjes\u00eb n\u00eb aq konferenca e seminare sa ka filluar t\u2019i ngjaj\u00eb m\u00eb shum\u00eb nj\u00eb akademiku apo p\u00ebrfaq\u00ebsuesi t\u00eb shoq\u00ebris\u00eb civile sesa kryeministrit t\u00eb nj\u00eb vendi. \u00cbsht\u00eb interesant fakti q\u00eb n\u00eb faqen e [&hellip;]","og_url":"https:\/\/fjala.info\/2009-2015\/kryeministri-don-te-maskoje-izolimin-me-pjesemarrjen-ne-konferenca\/","og_site_name":"FjALA e LIR\u00cb - Arkivi","article_published_time":"2012-02-03T19:47:21+00:00","og_image":[{"url":"http:\/\/www.shkoder.net\/2012\/berisha_izrael.jpg","type":"","width":"","height":""}],"author":"admin","twitter_card":"summary_large_image","twitter_misc":{"Written by":"admin","Est. reading time":"1 minute"},"schema":{"@context":"https:\/\/schema.org","@graph":[{"@type":"Article","@id":"https:\/\/fjala.info\/2009-2015\/kryeministri-don-te-maskoje-izolimin-me-pjesemarrjen-ne-konferenca\/#article","isPartOf":{"@id":"https:\/\/fjala.info\/2009-2015\/kryeministri-don-te-maskoje-izolimin-me-pjesemarrjen-ne-konferenca\/"},"author":{"name":"admin","@id":"https:\/\/fjala.info\/2009-2015\/#\/schema\/person\/3aa1163ef05469c496fc94e77611ada2"},"headline":"Kryeministri don t\u00eb maskoj\u00eb izolimin me pjes\u00ebmarrjen n\u00eb konferenca","datePublished":"2012-02-03T19:47:21+00:00","mainEntityOfPage":{"@id":"https:\/\/fjala.info\/2009-2015\/kryeministri-don-te-maskoje-izolimin-me-pjesemarrjen-ne-konferenca\/"},"wordCount":276,"commentCount":0,"publisher":{"@id":"https:\/\/fjala.info\/2009-2015\/#organization"},"image":{"@id":"https:\/\/fjala.info\/2009-2015\/kryeministri-don-te-maskoje-izolimin-me-pjesemarrjen-ne-konferenca\/#primaryimage"},"thumbnailUrl":"http:\/\/www.shkoder.net\/2012\/berisha_izrael.jpg","articleSection":["Artikuj"],"inLanguage":"sq-AL","potentialAction":[{"@type":"CommentAction","name":"Comment","target":["https:\/\/fjala.info\/2009-2015\/kryeministri-don-te-maskoje-izolimin-me-pjesemarrjen-ne-konferenca\/#respond"]}]},{"@type":"WebPage","@id":"https:\/\/fjala.info\/2009-2015\/kryeministri-don-te-maskoje-izolimin-me-pjesemarrjen-ne-konferenca\/","url":"https:\/\/fjala.info\/2009-2015\/kryeministri-don-te-maskoje-izolimin-me-pjesemarrjen-ne-konferenca\/","name":"Kryeministri don t\u00eb maskoj\u00eb izolimin me pjes\u00ebmarrjen n\u00eb konferenca - FjALA e LIR\u00cb - Arkivi","isPartOf":{"@id":"https:\/\/fjala.info\/2009-2015\/#website"},"primaryImageOfPage":{"@id":"https:\/\/fjala.info\/2009-2015\/kryeministri-don-te-maskoje-izolimin-me-pjesemarrjen-ne-konferenca\/#primaryimage"},"image":{"@id":"https:\/\/fjala.info\/2009-2015\/kryeministri-don-te-maskoje-izolimin-me-pjesemarrjen-ne-konferenca\/#primaryimage"},"thumbnailUrl":"http:\/\/www.shkoder.net\/2012\/berisha_izrael.jpg","datePublished":"2012-02-03T19:47:21+00:00","breadcrumb":{"@id":"https:\/\/fjala.info\/2009-2015\/kryeministri-don-te-maskoje-izolimin-me-pjesemarrjen-ne-konferenca\/#breadcrumb"},"inLanguage":"sq-AL","potentialAction":[{"@type":"ReadAction","target":["https:\/\/fjala.info\/2009-2015\/kryeministri-don-te-maskoje-izolimin-me-pjesemarrjen-ne-konferenca\/"]}]},{"@type":"ImageObject","inLanguage":"sq-AL","@id":"https:\/\/fjala.info\/2009-2015\/kryeministri-don-te-maskoje-izolimin-me-pjesemarrjen-ne-konferenca\/#primaryimage","url":"http:\/\/www.shkoder.net\/2012\/berisha_izrael.jpg","contentUrl":"http:\/\/www.shkoder.net\/2012\/berisha_izrael.jpg"},{"@type":"BreadcrumbList","@id":"https:\/\/fjala.info\/2009-2015\/kryeministri-don-te-maskoje-izolimin-me-pjesemarrjen-ne-konferenca\/#breadcrumb","itemListElement":[{"@type":"ListItem","position":1,"name":"Home","item":"https:\/\/fjala.info\/2009-2015\/"},{"@type":"ListItem","position":2,"name":"Kryeministri don t\u00eb maskoj\u00eb izolimin me pjes\u00ebmarrjen n\u00eb konferenca"}]},{"@type":"WebSite","@id":"https:\/\/fjala.info\/2009-2015\/#website","url":"https:\/\/fjala.info\/2009-2015\/","name":"FjALA e LIR\u00cb - Arkivi","description":"Arkivi 2009-2015","publisher":{"@id":"https:\/\/fjala.info\/2009-2015\/#organization"},"potentialAction":[{"@type":"SearchAction","target":{"@type":"EntryPoint","urlTemplate":"https:\/\/fjala.info\/2009-2015\/?s={search_term_string}"},"query-input":{"@type":"PropertyValueSpecification","valueRequired":true,"valueName":"search_term_string"}}],"inLanguage":"sq-AL"},{"@type":"Organization","@id":"https:\/\/fjala.info\/2009-2015\/#organization","name":"FjALA e LIR\u00cb - Arkivi","url":"https:\/\/fjala.info\/2009-2015\/","logo":{"@type":"ImageObject","inLanguage":"sq-AL","@id":"https:\/\/fjala.info\/2009-2015\/#\/schema\/logo\/image\/","url":"","contentUrl":"","caption":"FjALA e LIR\u00cb - Arkivi"},"image":{"@id":"https:\/\/fjala.info\/2009-2015\/#\/schema\/logo\/image\/"}},{"@type":"Person","@id":"https:\/\/fjala.info\/2009-2015\/#\/schema\/person\/3aa1163ef05469c496fc94e77611ada2","name":"admin","image":{"@type":"ImageObject","inLanguage":"sq-AL","@id":"https:\/\/fjala.info\/2009-2015\/wp-content\/uploads\/2012\/02\/arben_cokaj-120x150.jpg","url":"https:\/\/fjala.info\/2009-2015\/wp-content\/uploads\/2012\/02\/arben_cokaj-120x150.jpg","contentUrl":"https:\/\/fjala.info\/2009-2015\/wp-content\/uploads\/2012\/02\/arben_cokaj-120x150.jpg","caption":"admin"},"description":"Admin, Fjala e Lir\u00eb","sameAs":["https:\/\/fjala.info\/"],"url":"https:\/\/fjala.info\/2009-2015\/author\/admin\/"}]}},"_links":{"self":[{"href":"https:\/\/fjala.info\/2009-2015\/wp-json\/wp\/v2\/posts\/1565","targetHints":{"allow":["GET"]}}],"collection":[{"href":"https:\/\/fjala.info\/2009-2015\/wp-json\/wp\/v2\/posts"}],"about":[{"href":"https:\/\/fjala.info\/2009-2015\/wp-json\/wp\/v2\/types\/post"}],"author":[{"embeddable":true,"href":"https:\/\/fjala.info\/2009-2015\/wp-json\/wp\/v2\/users\/1"}],"replies":[{"embeddable":true,"href":"https:\/\/fjala.info\/2009-2015\/wp-json\/wp\/v2\/comments?post=1565"}],"version-history":[{"count":0,"href":"https:\/\/fjala.info\/2009-2015\/wp-json\/wp\/v2\/posts\/1565\/revisions"}],"wp:attachment":[{"href":"https:\/\/fjala.info\/2009-2015\/wp-json\/wp\/v2\/media?parent=1565"}],"wp:term":[{"taxonomy":"category","embeddable":true,"href":"https:\/\/fjala.info\/2009-2015\/wp-json\/wp\/v2\/categories?post=1565"},{"taxonomy":"post_tag","embeddable":true,"href":"https:\/\/fjala.info\/2009-2015\/wp-json\/wp\/v2\/tags?post=1565"}],"curies":[{"name":"wp","href":"https:\/\/api.w.org\/{rel}","templated":true}]}}