{"id":1559,"date":"2012-02-03T11:13:23","date_gmt":"2012-02-03T10:13:23","guid":{"rendered":"http:\/\/fjala.shkoder.net\/?p=1559"},"modified":"2012-02-03T11:13:23","modified_gmt":"2012-02-03T10:13:23","slug":"libri-qe-perjetoi","status":"publish","type":"post","link":"https:\/\/fjala.info\/2009-2015\/libri-qe-perjetoi\/","title":{"rendered":"Libri q\u00eb p\u00ebrjetoi promovimin e tret\u00eb"},"content":{"rendered":"<p><strong><em>Brenda disa jav\u00ebsh n\u00eb Zvic\u00ebr<\/em><\/strong><\/p>\n<p><strong>REXHEP Rifati<\/strong><\/p>\n<p><strong>Libri &#8220;11 MINUTA PARA OR\u00cbS &#8217;00&#8221;<\/strong>, i autorit Shefqet Dibrani, vet\u00ebm brenda nj\u00eb muaji e gjysm\u00eb p\u00ebrjetoi tri promovime para publikut artdash\u00ebs. M\u00eb par\u00eb n\u00eb St. Galen e Interlaken e t\u00eb diel\u00ebn m\u00eb 29 janar edhe n\u00eb Qendra Shqiptare p\u00ebr Kultur\u00eb dhe Integrim n\u00eb Kreuzlingen \/TG. Do theksuar q\u00eb n\u00eb fillim se libri q\u00eb n\u00eb t\u00eb tria takimet e promovimit t\u00eb mbajtura n\u00eb kantone t\u00eb ndryshme, ngjalli interesimin e t\u00eb pranishm\u00ebve edhe nga fakti se vet p\u00ebrmbajtja e librit nd\u00ebrlidhej me nj\u00eb tem\u00eb t\u00eb aktualitetit, rrug\u00ebtimin e nj\u00eb partie.<\/p>\n<p><img decoding=\"async\" class=\"aligncenter size-thumbnail wp-image-7236\" title=\"Shefqet Dibrani - promovim - Kreuzlingen\" src=\"http:\/\/www.shkoder.net\/2012\/shd_promovim_kreuzlingen.jpg\" alt=\"\" width=\"450\" \/><\/p>\n<p>LDK-s\u00eb, ku edhe vet autori kishte dh\u00ebn\u00eb nj\u00eb kontribut t\u00eb \u00e7muesh\u00ebm, por q\u00eb n\u00eb lib\u00ebr i kishte nxjerr n\u00eb shesh edhe t\u00eb gjitha bastardimet q\u00eb kan\u00eb ndodhur n\u00eb ket\u00eb ecje shum\u00ebvje\u00e7are, ndaj edhe n\u00eb m\u00ebnyr\u00eb shum\u00eb argumentuese i nxjerr\u00eb n\u00eb spikam\u00eb disa nga aktor\u00ebt e k\u00ebsaj partie q\u00eb m\u00eb tep\u00ebr se interesin e p\u00ebrgjithsh\u00ebm pat\u00ebn at\u00eb individual, ndaj edhe i demaskon veprimet dhe spekulimet e tyre.<\/p>\n<p><img decoding=\"async\" class=\"alignleft size-thumbnail wp-image-7236\" title=\"Shefqet Dibrani - promovim - Kreuzlingen\" src=\"http:\/\/www.shkoder.net\/2012\/shd_promovim_kreuzlingen2.jpg\" alt=\"\" width=\"300\" \/> P\u00ebr dallim nga dy promovimet e m\u00ebparshme ky n\u00eb Kreuzlingen ishte pak sa m\u00eb i ve\u00e7ant\u00eb, sepse pos fjal\u00ebve t\u00eb rastit p\u00ebrshkohej edhe me disa pika artistike, kryesisht t\u00eb interpretuara me instrumente nga m\u00eb t\u00eb vegjlit. V\u00ebrehej dhe nj\u00eb prani e artdash\u00ebsve edhe nga kantonet tjera por edhe e bashkatdhetar\u00ebve me banim n\u00eb Gjermani, nd\u00ebr t\u00eb cil\u00ebt ishte edhe Shpend Shala, ish komandant n\u00eb Epopen\u00eb e Koshares. P\u00ebr k\u00ebt\u00eb organizim merita u p\u00ebrket, drejtuesve t\u00eb k\u00ebsaj qendre kulturore, Tom\u00eb Berish\u00ebs e Rrustem Selc\u00ebs, t\u00eb cil\u00ebt me aktivitete tashm\u00eb k\u00ebsaj qendre i kan\u00eb dh\u00ebn\u00eb nj\u00eb ngjyrim t\u00eb spikatur kulturor.<\/p>\n<p>Q\u00eb n\u00eb fillim p\u00ebr librin nj\u00eb fjale rasti e mbajti nj\u00eb nga njoh\u00ebsit m\u00eb t\u00eb mir\u00eb t\u00eb jet\u00eb e t\u00eb vepr\u00ebs s\u00eb\u00a0 shkrimtarit, bashk\u00ebveprimtari, Sallah Januzi, i cili duke folur p\u00ebr rrug\u00ebtimin. \u201cp\u00ebrplot pengesa, t\u00eb<br \/>\np\u00ebrcjell\u00eb edhe me k\u00ebrc\u00ebnime e likuidime fizike, jo p\u00ebr gj\u00eb tjet\u00ebr, vet\u00ebm pse Sh. D. gjithmon\u00eb e tha \u00a0t\u00eb v\u00ebrtet\u00ebn, drejt, tro\u00e7 mu ashtu si\u00e7 edhe ishte\u201d. Nd\u00ebrsa sa i p\u00ebrket vepr\u00ebs ai shtoi se: Me k\u00ebt\u00eb vep\u00ebr<br \/>\nautori u tregua si Njeriu q\u00eb m\u00eb s\u00eb miri i ka mbrojtur pik\u00ebpamjet politike dhe komb\u00ebtare q\u00eb udh\u00ebhiqeshin\u00a0nga Presidenti Historik i Kosov\u00ebs Dr. Ibrahim Rugova.<\/p>\n<p>Vullneti i mir\u00eb dhe misioni i tij fisnik p\u00ebrmes LDK-s\u00eb i sh\u00ebrbeu Kosov\u00ebs. K\u00ebt\u00eb gj\u00eb m\u00eb mir\u00eb se kushdo tjet\u00ebr e ka konkretizuar Shefqet Dibrani, qoft\u00eb p\u00ebrmes angazhimit t\u00eb tij n\u00eb politik\u00eb, e qoft\u00eb me analizat brilante t\u00eb cilat me kalimin e koh\u00ebs u d\u00ebshmuan mjaft\u00eb t\u00eb sakta. Shkrimet e autorit bazohen n\u00eb ngjarjet e p\u00ebrditshme, qofshin ato n\u00eb vendlindjen e tij a n\u00eb trojet shqiptare, po m\u00eb shum\u00eb n\u00eb diaspor\u00ebn\u00a0 shqiptare.<\/p>\n<p><img decoding=\"async\" class=\"aligncenter size-thumbnail wp-image-7236\" title=\"Shefqet Dibrani - promovim - Kreuzlingen\" src=\"http:\/\/www.shkoder.net\/2012\/shd_promovim_kreuzlingen1.jpg\" alt=\"\" width=\"450\" \/><\/p>\n<p>Pra, libri \u201c11 MINUTA PARA OR\u00cbS &#8217;00 ose mirazhi i suksesit t\u00eb LDK-s\u00eb\u201d, \u00ebsht\u00eb nj\u00eb p\u00ebrmbledhje kronologjike<br \/>\ne parashikimeve t\u00eb tij rreth zhvillimeve politike q\u00eb ndodhnin n\u00eb vendlindje, si dhe parashikimet dhe pasojat q\u00eb do t\u00eb l\u00ebn\u00eb vrag\u00eb n\u00eb t\u00eb ardhmen e Kosov\u00ebs, n\u00ebnvizoi nd\u00ebr t\u00eb tjera S. Januzi. Me nj\u00eb fjal\u00eb t\u00eb pranishm\u00ebve iu drejtua edhe autori, Sh. Dibrani, q\u00eb hyn\u00eb n\u00eb radh\u00ebn e shkrimtar\u00ebve m\u00eb t\u00eb frytsh\u00ebm e cil\u00ebsor shqiptar n\u00eb Zvic\u00ebr.<\/p>\n<p>P\u00ebrmbajtja e librit nxiti nj\u00eb bised\u00eb n\u00eb form\u00eb debati nga t\u00eb pranishmit, meq\u00eb rast n\u00eb te u nd\u00ebrlidh\u00ebn\u00a0 me mjaft kompetenc\u00eb, Rami Miftari, veprimtar nga Bil Biena, Ahmet Asani, k\u00ebshilltar i ministrit t\u00eb diaspor\u00ebs n\u00eb Zvic\u00ebr, Sadik Rrustemi, Gjok\u00eb M. Gjoka etj. Pikat artistike t\u00eb realizuar me ekzekutim\u00a0n\u00eb instrumente muzikore nga vog\u00eblushet Nora Selca e Dbora Qoti dhe p\u00ebrmes nj\u00eb recitimi i Rabije Aliut i dha nj\u00eb ngjyrim edhe kreativ e festiv k\u00ebtij promovimi, ku nikoqiri kishte organizuar edhe nj\u00eb apero p\u00ebr t\u00eb pranishmit.<\/p>\n<p><img decoding=\"async\" class=\"aligncenter size-thumbnail wp-image-7236\" title=\"Shefqet Dibrani - promovim - Kreuzlingen\" src=\"http:\/\/www.shkoder.net\/2012\/shd_promovim_kreuzlingen3.jpg\" alt=\"\" width=\"450\" \/><\/p>\n<p>Takimi i mbajtur n\u00eb Qendra Shqiptare p\u00ebr Kultur\u00eb dhe Integrim n\u00eb Kreuzlingen \/TG , ku u promovua libri m\u00eb<br \/>\ni ri shkrimtarit i Shefqet Dibranit, u p\u00ebrshkua, pos me nj\u00eb debat t\u00eb theksuar edhe me disa pika artistike n\u00eb realizim t\u00eb f\u00ebmij\u00ebve shqiptar\u00eb.<\/p>\n","protected":false},"excerpt":{"rendered":"<p>Brenda disa jav\u00ebsh n\u00eb Zvic\u00ebr REXHEP Rifati Libri &#8220;11 MINUTA PARA OR\u00cbS &#8217;00&#8221;, i autorit Shefqet Dibrani, vet\u00ebm brenda nj\u00eb muaji e gjysm\u00eb p\u00ebrjetoi tri promovime para publikut artdash\u00ebs. M\u00eb par\u00eb n\u00eb St. Galen e Interlaken e t\u00eb diel\u00ebn m\u00eb 29 janar edhe n\u00eb Qendra Shqiptare p\u00ebr Kultur\u00eb dhe Integrim n\u00eb Kreuzlingen \/TG. Do theksuar [&hellip;]<\/p>\n","protected":false},"author":1,"featured_media":0,"comment_status":"open","ping_status":"closed","sticky":false,"template":"","format":"standard","meta":{"footnotes":""},"categories":[2,7],"tags":[],"class_list":{"0":"post-1559","1":"post","2":"type-post","3":"status-publish","4":"format-standard","6":"category-artikuj","7":"category-letersi"},"yoast_head":"<!-- This site is optimized with the Yoast SEO plugin v27.4 - https:\/\/yoast.com\/product\/yoast-seo-wordpress\/ -->\n<title>Libri q\u00eb p\u00ebrjetoi promovimin e tret\u00eb - FjALA e LIR\u00cb - Arkivi<\/title>\n<meta name=\"robots\" content=\"index, follow, max-snippet:-1, max-image-preview:large, max-video-preview:-1\" \/>\n<link rel=\"canonical\" href=\"https:\/\/fjala.info\/2009-2015\/libri-qe-perjetoi\/\" \/>\n<meta property=\"og:locale\" content=\"sq_AL\" \/>\n<meta property=\"og:type\" content=\"article\" \/>\n<meta property=\"og:title\" content=\"Libri q\u00eb p\u00ebrjetoi promovimin e tret\u00eb - FjALA e LIR\u00cb - Arkivi\" \/>\n<meta property=\"og:description\" content=\"Brenda disa jav\u00ebsh n\u00eb Zvic\u00ebr REXHEP Rifati Libri &#8220;11 MINUTA PARA OR\u00cbS &#8217;00&#8221;, i autorit Shefqet Dibrani, vet\u00ebm brenda nj\u00eb muaji e gjysm\u00eb p\u00ebrjetoi tri promovime para publikut artdash\u00ebs. M\u00eb par\u00eb n\u00eb St. Galen e Interlaken e t\u00eb diel\u00ebn m\u00eb 29 janar edhe n\u00eb Qendra Shqiptare p\u00ebr Kultur\u00eb dhe Integrim n\u00eb Kreuzlingen \/TG. Do theksuar [&hellip;]\" \/>\n<meta property=\"og:url\" content=\"https:\/\/fjala.info\/2009-2015\/libri-qe-perjetoi\/\" \/>\n<meta property=\"og:site_name\" content=\"FjALA e LIR\u00cb - Arkivi\" \/>\n<meta property=\"article:published_time\" content=\"2012-02-03T10:13:23+00:00\" \/>\n<meta property=\"og:image\" content=\"http:\/\/www.shkoder.net\/2012\/shd_promovim_kreuzlingen.jpg\" \/>\n<meta name=\"author\" content=\"admin\" \/>\n<meta name=\"twitter:card\" content=\"summary_large_image\" \/>\n<meta name=\"twitter:label1\" content=\"Written by\" \/>\n\t<meta name=\"twitter:data1\" content=\"admin\" \/>\n\t<meta name=\"twitter:label2\" content=\"Est. reading time\" \/>\n\t<meta name=\"twitter:data2\" content=\"4 minutes\" \/>\n<script type=\"application\/ld+json\" class=\"yoast-schema-graph\">{\"@context\":\"https:\\\/\\\/schema.org\",\"@graph\":[{\"@type\":\"Article\",\"@id\":\"https:\\\/\\\/fjala.info\\\/2009-2015\\\/libri-qe-perjetoi\\\/#article\",\"isPartOf\":{\"@id\":\"https:\\\/\\\/fjala.info\\\/2009-2015\\\/libri-qe-perjetoi\\\/\"},\"author\":{\"name\":\"admin\",\"@id\":\"https:\\\/\\\/fjala.info\\\/2009-2015\\\/#\\\/schema\\\/person\\\/3aa1163ef05469c496fc94e77611ada2\"},\"headline\":\"Libri q\u00eb p\u00ebrjetoi promovimin e tret\u00eb\",\"datePublished\":\"2012-02-03T10:13:23+00:00\",\"mainEntityOfPage\":{\"@id\":\"https:\\\/\\\/fjala.info\\\/2009-2015\\\/libri-qe-perjetoi\\\/\"},\"wordCount\":737,\"commentCount\":0,\"publisher\":{\"@id\":\"https:\\\/\\\/fjala.info\\\/2009-2015\\\/#organization\"},\"image\":{\"@id\":\"https:\\\/\\\/fjala.info\\\/2009-2015\\\/libri-qe-perjetoi\\\/#primaryimage\"},\"thumbnailUrl\":\"http:\\\/\\\/www.shkoder.net\\\/2012\\\/shd_promovim_kreuzlingen.jpg\",\"articleSection\":[\"Artikuj\",\"Let\u00ebrsi\"],\"inLanguage\":\"sq-AL\",\"potentialAction\":[{\"@type\":\"CommentAction\",\"name\":\"Comment\",\"target\":[\"https:\\\/\\\/fjala.info\\\/2009-2015\\\/libri-qe-perjetoi\\\/#respond\"]}]},{\"@type\":\"WebPage\",\"@id\":\"https:\\\/\\\/fjala.info\\\/2009-2015\\\/libri-qe-perjetoi\\\/\",\"url\":\"https:\\\/\\\/fjala.info\\\/2009-2015\\\/libri-qe-perjetoi\\\/\",\"name\":\"Libri q\u00eb p\u00ebrjetoi promovimin e tret\u00eb - FjALA e LIR\u00cb - Arkivi\",\"isPartOf\":{\"@id\":\"https:\\\/\\\/fjala.info\\\/2009-2015\\\/#website\"},\"primaryImageOfPage\":{\"@id\":\"https:\\\/\\\/fjala.info\\\/2009-2015\\\/libri-qe-perjetoi\\\/#primaryimage\"},\"image\":{\"@id\":\"https:\\\/\\\/fjala.info\\\/2009-2015\\\/libri-qe-perjetoi\\\/#primaryimage\"},\"thumbnailUrl\":\"http:\\\/\\\/www.shkoder.net\\\/2012\\\/shd_promovim_kreuzlingen.jpg\",\"datePublished\":\"2012-02-03T10:13:23+00:00\",\"breadcrumb\":{\"@id\":\"https:\\\/\\\/fjala.info\\\/2009-2015\\\/libri-qe-perjetoi\\\/#breadcrumb\"},\"inLanguage\":\"sq-AL\",\"potentialAction\":[{\"@type\":\"ReadAction\",\"target\":[\"https:\\\/\\\/fjala.info\\\/2009-2015\\\/libri-qe-perjetoi\\\/\"]}]},{\"@type\":\"ImageObject\",\"inLanguage\":\"sq-AL\",\"@id\":\"https:\\\/\\\/fjala.info\\\/2009-2015\\\/libri-qe-perjetoi\\\/#primaryimage\",\"url\":\"http:\\\/\\\/www.shkoder.net\\\/2012\\\/shd_promovim_kreuzlingen.jpg\",\"contentUrl\":\"http:\\\/\\\/www.shkoder.net\\\/2012\\\/shd_promovim_kreuzlingen.jpg\"},{\"@type\":\"BreadcrumbList\",\"@id\":\"https:\\\/\\\/fjala.info\\\/2009-2015\\\/libri-qe-perjetoi\\\/#breadcrumb\",\"itemListElement\":[{\"@type\":\"ListItem\",\"position\":1,\"name\":\"Home\",\"item\":\"https:\\\/\\\/fjala.info\\\/2009-2015\\\/\"},{\"@type\":\"ListItem\",\"position\":2,\"name\":\"Libri q\u00eb p\u00ebrjetoi promovimin e tret\u00eb\"}]},{\"@type\":\"WebSite\",\"@id\":\"https:\\\/\\\/fjala.info\\\/2009-2015\\\/#website\",\"url\":\"https:\\\/\\\/fjala.info\\\/2009-2015\\\/\",\"name\":\"FjALA e LIR\u00cb - Arkivi\",\"description\":\"Arkivi 2009-2015\",\"publisher\":{\"@id\":\"https:\\\/\\\/fjala.info\\\/2009-2015\\\/#organization\"},\"potentialAction\":[{\"@type\":\"SearchAction\",\"target\":{\"@type\":\"EntryPoint\",\"urlTemplate\":\"https:\\\/\\\/fjala.info\\\/2009-2015\\\/?s={search_term_string}\"},\"query-input\":{\"@type\":\"PropertyValueSpecification\",\"valueRequired\":true,\"valueName\":\"search_term_string\"}}],\"inLanguage\":\"sq-AL\"},{\"@type\":\"Organization\",\"@id\":\"https:\\\/\\\/fjala.info\\\/2009-2015\\\/#organization\",\"name\":\"FjALA e LIR\u00cb - Arkivi\",\"url\":\"https:\\\/\\\/fjala.info\\\/2009-2015\\\/\",\"logo\":{\"@type\":\"ImageObject\",\"inLanguage\":\"sq-AL\",\"@id\":\"https:\\\/\\\/fjala.info\\\/2009-2015\\\/#\\\/schema\\\/logo\\\/image\\\/\",\"url\":\"\",\"contentUrl\":\"\",\"caption\":\"FjALA e LIR\u00cb - Arkivi\"},\"image\":{\"@id\":\"https:\\\/\\\/fjala.info\\\/2009-2015\\\/#\\\/schema\\\/logo\\\/image\\\/\"}},{\"@type\":\"Person\",\"@id\":\"https:\\\/\\\/fjala.info\\\/2009-2015\\\/#\\\/schema\\\/person\\\/3aa1163ef05469c496fc94e77611ada2\",\"name\":\"admin\",\"image\":{\"@type\":\"ImageObject\",\"inLanguage\":\"sq-AL\",\"@id\":\"https:\\\/\\\/fjala.info\\\/2009-2015\\\/wp-content\\\/uploads\\\/2012\\\/02\\\/arben_cokaj-120x150.jpg\",\"url\":\"https:\\\/\\\/fjala.info\\\/2009-2015\\\/wp-content\\\/uploads\\\/2012\\\/02\\\/arben_cokaj-120x150.jpg\",\"contentUrl\":\"https:\\\/\\\/fjala.info\\\/2009-2015\\\/wp-content\\\/uploads\\\/2012\\\/02\\\/arben_cokaj-120x150.jpg\",\"caption\":\"admin\"},\"description\":\"Admin, Fjala e Lir\u00eb\",\"sameAs\":[\"https:\\\/\\\/fjala.info\\\/\"],\"url\":\"https:\\\/\\\/fjala.info\\\/2009-2015\\\/author\\\/admin\\\/\"}]}<\/script>\n<!-- \/ Yoast SEO plugin. -->","yoast_head_json":{"title":"Libri q\u00eb p\u00ebrjetoi promovimin e tret\u00eb - FjALA e LIR\u00cb - Arkivi","robots":{"index":"index","follow":"follow","max-snippet":"max-snippet:-1","max-image-preview":"max-image-preview:large","max-video-preview":"max-video-preview:-1"},"canonical":"https:\/\/fjala.info\/2009-2015\/libri-qe-perjetoi\/","og_locale":"sq_AL","og_type":"article","og_title":"Libri q\u00eb p\u00ebrjetoi promovimin e tret\u00eb - FjALA e LIR\u00cb - Arkivi","og_description":"Brenda disa jav\u00ebsh n\u00eb Zvic\u00ebr REXHEP Rifati Libri &#8220;11 MINUTA PARA OR\u00cbS &#8217;00&#8221;, i autorit Shefqet Dibrani, vet\u00ebm brenda nj\u00eb muaji e gjysm\u00eb p\u00ebrjetoi tri promovime para publikut artdash\u00ebs. M\u00eb par\u00eb n\u00eb St. Galen e Interlaken e t\u00eb diel\u00ebn m\u00eb 29 janar edhe n\u00eb Qendra Shqiptare p\u00ebr Kultur\u00eb dhe Integrim n\u00eb Kreuzlingen \/TG. Do theksuar [&hellip;]","og_url":"https:\/\/fjala.info\/2009-2015\/libri-qe-perjetoi\/","og_site_name":"FjALA e LIR\u00cb - Arkivi","article_published_time":"2012-02-03T10:13:23+00:00","og_image":[{"url":"http:\/\/www.shkoder.net\/2012\/shd_promovim_kreuzlingen.jpg","type":"","width":"","height":""}],"author":"admin","twitter_card":"summary_large_image","twitter_misc":{"Written by":"admin","Est. reading time":"4 minutes"},"schema":{"@context":"https:\/\/schema.org","@graph":[{"@type":"Article","@id":"https:\/\/fjala.info\/2009-2015\/libri-qe-perjetoi\/#article","isPartOf":{"@id":"https:\/\/fjala.info\/2009-2015\/libri-qe-perjetoi\/"},"author":{"name":"admin","@id":"https:\/\/fjala.info\/2009-2015\/#\/schema\/person\/3aa1163ef05469c496fc94e77611ada2"},"headline":"Libri q\u00eb p\u00ebrjetoi promovimin e tret\u00eb","datePublished":"2012-02-03T10:13:23+00:00","mainEntityOfPage":{"@id":"https:\/\/fjala.info\/2009-2015\/libri-qe-perjetoi\/"},"wordCount":737,"commentCount":0,"publisher":{"@id":"https:\/\/fjala.info\/2009-2015\/#organization"},"image":{"@id":"https:\/\/fjala.info\/2009-2015\/libri-qe-perjetoi\/#primaryimage"},"thumbnailUrl":"http:\/\/www.shkoder.net\/2012\/shd_promovim_kreuzlingen.jpg","articleSection":["Artikuj","Let\u00ebrsi"],"inLanguage":"sq-AL","potentialAction":[{"@type":"CommentAction","name":"Comment","target":["https:\/\/fjala.info\/2009-2015\/libri-qe-perjetoi\/#respond"]}]},{"@type":"WebPage","@id":"https:\/\/fjala.info\/2009-2015\/libri-qe-perjetoi\/","url":"https:\/\/fjala.info\/2009-2015\/libri-qe-perjetoi\/","name":"Libri q\u00eb p\u00ebrjetoi promovimin e tret\u00eb - FjALA e LIR\u00cb - Arkivi","isPartOf":{"@id":"https:\/\/fjala.info\/2009-2015\/#website"},"primaryImageOfPage":{"@id":"https:\/\/fjala.info\/2009-2015\/libri-qe-perjetoi\/#primaryimage"},"image":{"@id":"https:\/\/fjala.info\/2009-2015\/libri-qe-perjetoi\/#primaryimage"},"thumbnailUrl":"http:\/\/www.shkoder.net\/2012\/shd_promovim_kreuzlingen.jpg","datePublished":"2012-02-03T10:13:23+00:00","breadcrumb":{"@id":"https:\/\/fjala.info\/2009-2015\/libri-qe-perjetoi\/#breadcrumb"},"inLanguage":"sq-AL","potentialAction":[{"@type":"ReadAction","target":["https:\/\/fjala.info\/2009-2015\/libri-qe-perjetoi\/"]}]},{"@type":"ImageObject","inLanguage":"sq-AL","@id":"https:\/\/fjala.info\/2009-2015\/libri-qe-perjetoi\/#primaryimage","url":"http:\/\/www.shkoder.net\/2012\/shd_promovim_kreuzlingen.jpg","contentUrl":"http:\/\/www.shkoder.net\/2012\/shd_promovim_kreuzlingen.jpg"},{"@type":"BreadcrumbList","@id":"https:\/\/fjala.info\/2009-2015\/libri-qe-perjetoi\/#breadcrumb","itemListElement":[{"@type":"ListItem","position":1,"name":"Home","item":"https:\/\/fjala.info\/2009-2015\/"},{"@type":"ListItem","position":2,"name":"Libri q\u00eb p\u00ebrjetoi promovimin e tret\u00eb"}]},{"@type":"WebSite","@id":"https:\/\/fjala.info\/2009-2015\/#website","url":"https:\/\/fjala.info\/2009-2015\/","name":"FjALA e LIR\u00cb - Arkivi","description":"Arkivi 2009-2015","publisher":{"@id":"https:\/\/fjala.info\/2009-2015\/#organization"},"potentialAction":[{"@type":"SearchAction","target":{"@type":"EntryPoint","urlTemplate":"https:\/\/fjala.info\/2009-2015\/?s={search_term_string}"},"query-input":{"@type":"PropertyValueSpecification","valueRequired":true,"valueName":"search_term_string"}}],"inLanguage":"sq-AL"},{"@type":"Organization","@id":"https:\/\/fjala.info\/2009-2015\/#organization","name":"FjALA e LIR\u00cb - Arkivi","url":"https:\/\/fjala.info\/2009-2015\/","logo":{"@type":"ImageObject","inLanguage":"sq-AL","@id":"https:\/\/fjala.info\/2009-2015\/#\/schema\/logo\/image\/","url":"","contentUrl":"","caption":"FjALA e LIR\u00cb - Arkivi"},"image":{"@id":"https:\/\/fjala.info\/2009-2015\/#\/schema\/logo\/image\/"}},{"@type":"Person","@id":"https:\/\/fjala.info\/2009-2015\/#\/schema\/person\/3aa1163ef05469c496fc94e77611ada2","name":"admin","image":{"@type":"ImageObject","inLanguage":"sq-AL","@id":"https:\/\/fjala.info\/2009-2015\/wp-content\/uploads\/2012\/02\/arben_cokaj-120x150.jpg","url":"https:\/\/fjala.info\/2009-2015\/wp-content\/uploads\/2012\/02\/arben_cokaj-120x150.jpg","contentUrl":"https:\/\/fjala.info\/2009-2015\/wp-content\/uploads\/2012\/02\/arben_cokaj-120x150.jpg","caption":"admin"},"description":"Admin, Fjala e Lir\u00eb","sameAs":["https:\/\/fjala.info\/"],"url":"https:\/\/fjala.info\/2009-2015\/author\/admin\/"}]}},"_links":{"self":[{"href":"https:\/\/fjala.info\/2009-2015\/wp-json\/wp\/v2\/posts\/1559","targetHints":{"allow":["GET"]}}],"collection":[{"href":"https:\/\/fjala.info\/2009-2015\/wp-json\/wp\/v2\/posts"}],"about":[{"href":"https:\/\/fjala.info\/2009-2015\/wp-json\/wp\/v2\/types\/post"}],"author":[{"embeddable":true,"href":"https:\/\/fjala.info\/2009-2015\/wp-json\/wp\/v2\/users\/1"}],"replies":[{"embeddable":true,"href":"https:\/\/fjala.info\/2009-2015\/wp-json\/wp\/v2\/comments?post=1559"}],"version-history":[{"count":0,"href":"https:\/\/fjala.info\/2009-2015\/wp-json\/wp\/v2\/posts\/1559\/revisions"}],"wp:attachment":[{"href":"https:\/\/fjala.info\/2009-2015\/wp-json\/wp\/v2\/media?parent=1559"}],"wp:term":[{"taxonomy":"category","embeddable":true,"href":"https:\/\/fjala.info\/2009-2015\/wp-json\/wp\/v2\/categories?post=1559"},{"taxonomy":"post_tag","embeddable":true,"href":"https:\/\/fjala.info\/2009-2015\/wp-json\/wp\/v2\/tags?post=1559"}],"curies":[{"name":"wp","href":"https:\/\/api.w.org\/{rel}","templated":true}]}}