{"id":155,"date":"2014-01-15T05:15:53","date_gmt":"2014-01-15T04:15:53","guid":{"rendered":"http:\/\/www.fjala.info\/?p=155"},"modified":"2014-01-15T05:15:53","modified_gmt":"2014-01-15T04:15:53","slug":"revista-buzuku-arkiv-ne-miniature","status":"publish","type":"post","link":"https:\/\/fjala.info\/2009-2015\/revista-buzuku-arkiv-ne-miniature\/","title":{"rendered":"Revista BUZUKU, arkiv n\u00eb miniatur\u00eb"},"content":{"rendered":"<p>(<em>me rastin e botimit t\u00eb numrit 40-jubilar<\/em>)<\/p>\n<p>N\u00eb gam\u00ebn e revistave dhe periodikut n\u00eb shqip n\u00eb Mal t\u00eb Zi, n\u00eb periudh\u00ebn e pluralizmit vend t\u00eb r\u00ebnd\u00ebsish\u00ebm z\u00ebn\u00eb edhe revista BUZUKU, ku dit\u00eb m\u00eb par\u00eb doli n\u00eb qarkullim numri jubilar i 40-ti m\u00eb radh\u00eb i saj. Numri i par\u00eb revsit\u00ebs BUZUKU \u00ebsht\u00eb botuar me 27.6.2001, nd\u00ebrsa i 40-ti me 16.12.2013. Fillimisht revista botohej si organ i Shoqat\u00ebs Dom Gjon Buzuku, nd\u00ebrsa nga numri 37 \u00ebsht\u00eb revist\u00eb e pavarur, ku nga numri i par\u00eb e deri m\u00eb tash kryeredaktor \u00ebsht\u00eb dr. Sim\u00eb Dobreci.<\/p>\n<p><img decoding=\"async\" class=\"aligncenter size-thumbnail wp-image-7236\" title=\"Revista Buzuku - perurimi i 40-t\u00eb, Ulqin\" alt=\"\" src=\"http:\/\/www.fjala.info\/2014\/revista_buzuku_perurimi_40_ulqin.jpg\" width=\"500\" \/><\/p>\n<p>Esht\u00eb p\u00ebrshtypje e p\u00ebrgjithshme, se materialet e botuara n\u00eb ket\u00eb revist\u00eb, d\u00ebshmojn\u00eb qart\u00eb se misioni i saj ishte sensibilizimi i popullsis\u00eb shqiptare nga Kraja, p\u00ebrkat\u00ebsisht zona e Shestanit, p\u00ebr t\u00eb ruajtur dhe ngritur vet\u00ebdijen komb\u00ebtare shqiptare. N\u00ebse shfletohen numrat e botuar deri m\u00eb tash, del qart\u00eb se \u00ebsht\u00eb prezantuar nj\u00eb material shum\u00ebplanesh si nga gjuh\u00ebsia, folklori, historia, gjeografia, etnologjia, arkivistika etj, duke d\u00ebshmuar pasurin\u00eb e k\u00ebtij mjedisi dhe popullsis\u00eb p\u00ebrkat\u00ebse.<\/p>\n<p>N\u00eb rethana t\u00eb ndryshme shoq\u00ebrore si m\u00eb par\u00eb por edhe tash, popullsia shqiptare e k\u00ebtij mjedisi ka emigruar, duke u vendosur kryesisht n\u00eb rrethin\u00eb t\u00eb Tivarit, Ulqinit e po ashtu edhe n\u00eb Shkod\u00ebr, Amerik\u00eb, Australi etj. Por, var\u00ebsisht prej vendit ku jan\u00eb vendosur, ata jan\u00eb tjet\u00ebrsuar, duke shkuar drejt asimilimit, ku nj\u00eb dukuri e till\u00eb \u00ebsht\u00eb e pranishme edhe n\u00eb dit\u00ebt tona. Rast tipik \u00ebsht\u00eb qyteti i Tivarit por edhe rrethina e tij, ku jan\u00eb duke humbur gjuh\u00ebn dhe tradit\u00ebn kulturore shqiptare.<\/p>\n<p>Fillimisht, kjo revist\u00eb ndon\u00ebse \u00ebsht\u00eb informative, kulturore dhe shoq\u00ebrore, ka pasur karakter lokal, por me kalimin e koh\u00ebs, \u00ebsht\u00eb b\u00ebr\u00eb pothuaj revist\u00eb mbar\u00ebkomb\u00ebtare. N\u00eb saj\u00eb t\u00eb materialeve t\u00eb botuara deri m\u00eb tash, m\u00eb t\u00eb drejt\u00eb mund ta quajm\u00eb se \u00ebsht\u00eb b\u00ebr\u00eb nj\u00eb lloj arkivi n\u00eb miniatur\u00eb. Madje nuk e teprojm\u00eb n\u00ebse themi se \u00ebsht\u00eb botuar \u00e7do gj\u00eb q\u00eb ka t\u00eb b\u00ebj\u00eb me Shestanin dhe popullsin\u00eb e saj, duke ofruar nj\u00eb l\u00ebnd\u00eb me interes edhe p\u00ebr studiuesit e profileve t\u00eb ndryshme shkencore. Jemi t\u00eb bindur se n\u00eb t\u00eb ardhmen studiues t\u00eb ndrysh\u00ebm, kur t\u00eb shfletojn\u00eb revist\u00ebn BUZUKU, do t\u00eb gjejn\u00eb inspirim p\u00ebr hulumtime t\u00eb metutjeshme shkencore.<\/p>\n<p>N\u00ebse n\u00eb t\u00eb ardhm\u00ebn do t\u00eb analizohet kontributi i disa personaliteteve nga Ulqini e rrethina n\u00eb profilet e tyre profesionale, nuk ka dilem\u00eb se vend nderi zen\u00eb edhe dr. Sim\u00eb Dobreci. Por ndonse ai njihet si specialist nga fusha e mjek\u00ebsis\u00eb, n\u00eb t\u00eb ardhm\u00ebn do t\u00eb njihet edhe si kryeredaktor i revist\u00ebs BUZUKU. Sepse \u00ebsht\u00eb merita e tij ekskluzive n\u00eb mbledhjen, sistematizimin dhe redaktimin e materialeve, q\u00eb jan\u00eb botuar n\u00eb k\u00ebto 40 numra t\u00eb revist\u00ebs. Nuk ka dilem\u00eb se n\u00eb ket\u00eb aspekt ndihmes\u00eb kan\u00eb dh\u00ebn\u00eb edhe bashk\u00ebpun\u00ebtor\u00ebt, si dhe stafi i redaksis\u00eb, por puna m\u00eb e madhe ka r\u00ebn\u00eb mbi dr. Sim\u00eb Dobrecin, i cili ka arritur me i sfidua edhe rrethanat e pavolitshme shoq\u00ebrore t\u00eb koh\u00ebs.<\/p>\n<p>Ne ket\u00eb jubile t\u00eb revist\u00ebs, ai sot duhet t\u00eb jet\u00eb krenar p\u00ebr pun\u00ebn e realizuar, por edhe ne mburremi, sepse nuk \u00ebsht\u00eb e leht\u00eb t\u00eb botoh\u00ebn 40 numra t\u00eb revist\u00ebs, pa mbeshtetje financiare, por e ka realizuar me sukses k\u00ebt\u00eb mision fal\u00eb donatoreve t\u00eb ndrysh\u00ebm, si pak kush n\u00eb mjedisin ton\u00eb.<br \/>\nAndaj, me rastin e k\u00ebtij numri jubilar, urojm\u00eb q\u00eb dr. Sim\u00eb Dobreci t\u00eb na dhuroj\u00eb edhe numra t\u00eb tjer\u00eb t\u00eb revist\u00ebs, duke vazhduar misionin p\u00ebr ruajtjen e trash\u00ebgimis\u00eb kulturore t\u00eb shqiptar\u00ebve n\u00eb Mal t\u00eb Zi dhe m\u00eb gjer\u00eb.<\/p>\n<p><em>Ulqin, m\u00eb 28.12.2013<\/em><\/p>\n<p><strong>Dr. Nail Draga <\/strong><br \/>\n(<em>Fjala e rastit n\u00eb p\u00ebrurimin e numrit jubilar-40, t\u00eb revist\u00ebs BUZUKU<\/em>)<\/p>\n","protected":false},"excerpt":{"rendered":"<p>(me rastin e botimit t\u00eb numrit 40-jubilar) N\u00eb gam\u00ebn e revistave dhe periodikut n\u00eb shqip n\u00eb Mal t\u00eb Zi, n\u00eb periudh\u00ebn e pluralizmit vend t\u00eb r\u00ebnd\u00ebsish\u00ebm z\u00ebn\u00eb edhe revista BUZUKU, ku dit\u00eb m\u00eb par\u00eb doli n\u00eb qarkullim numri jubilar i 40-ti m\u00eb radh\u00eb i saj. Numri i par\u00eb revsit\u00ebs BUZUKU \u00ebsht\u00eb botuar me 27.6.2001, nd\u00ebrsa [&hellip;]<\/p>\n","protected":false},"author":1,"featured_media":0,"comment_status":"open","ping_status":"closed","sticky":false,"template":"","format":"standard","meta":{"footnotes":""},"categories":[2],"tags":[],"class_list":{"0":"post-155","1":"post","2":"type-post","3":"status-publish","4":"format-standard","6":"category-artikuj"},"yoast_head":"<!-- This site is optimized with the Yoast SEO plugin v27.4 - https:\/\/yoast.com\/product\/yoast-seo-wordpress\/ -->\n<title>Revista BUZUKU, arkiv n\u00eb miniatur\u00eb - FjALA e LIR\u00cb - Arkivi<\/title>\n<meta name=\"robots\" content=\"index, follow, max-snippet:-1, max-image-preview:large, max-video-preview:-1\" \/>\n<link rel=\"canonical\" href=\"https:\/\/fjala.info\/2009-2015\/revista-buzuku-arkiv-ne-miniature\/\" \/>\n<meta property=\"og:locale\" content=\"sq_AL\" \/>\n<meta property=\"og:type\" content=\"article\" \/>\n<meta property=\"og:title\" content=\"Revista BUZUKU, arkiv n\u00eb miniatur\u00eb - FjALA e LIR\u00cb - Arkivi\" \/>\n<meta property=\"og:description\" content=\"(me rastin e botimit t\u00eb numrit 40-jubilar) N\u00eb gam\u00ebn e revistave dhe periodikut n\u00eb shqip n\u00eb Mal t\u00eb Zi, n\u00eb periudh\u00ebn e pluralizmit vend t\u00eb r\u00ebnd\u00ebsish\u00ebm z\u00ebn\u00eb edhe revista BUZUKU, ku dit\u00eb m\u00eb par\u00eb doli n\u00eb qarkullim numri jubilar i 40-ti m\u00eb radh\u00eb i saj. Numri i par\u00eb revsit\u00ebs BUZUKU \u00ebsht\u00eb botuar me 27.6.2001, nd\u00ebrsa [&hellip;]\" \/>\n<meta property=\"og:url\" content=\"https:\/\/fjala.info\/2009-2015\/revista-buzuku-arkiv-ne-miniature\/\" \/>\n<meta property=\"og:site_name\" content=\"FjALA e LIR\u00cb - Arkivi\" \/>\n<meta property=\"article:published_time\" content=\"2014-01-15T04:15:53+00:00\" \/>\n<meta property=\"og:image\" content=\"http:\/\/www.fjala.info\/2014\/revista_buzuku_perurimi_40_ulqin.jpg\" \/>\n<meta name=\"author\" content=\"admin\" \/>\n<meta name=\"twitter:card\" content=\"summary_large_image\" \/>\n<meta name=\"twitter:label1\" content=\"Written by\" \/>\n\t<meta name=\"twitter:data1\" content=\"admin\" \/>\n\t<meta name=\"twitter:label2\" content=\"Est. reading time\" \/>\n\t<meta name=\"twitter:data2\" content=\"3 minutes\" \/>\n<script type=\"application\/ld+json\" class=\"yoast-schema-graph\">{\"@context\":\"https:\\\/\\\/schema.org\",\"@graph\":[{\"@type\":\"Article\",\"@id\":\"https:\\\/\\\/fjala.info\\\/2009-2015\\\/revista-buzuku-arkiv-ne-miniature\\\/#article\",\"isPartOf\":{\"@id\":\"https:\\\/\\\/fjala.info\\\/2009-2015\\\/revista-buzuku-arkiv-ne-miniature\\\/\"},\"author\":{\"name\":\"admin\",\"@id\":\"https:\\\/\\\/fjala.info\\\/2009-2015\\\/#\\\/schema\\\/person\\\/3aa1163ef05469c496fc94e77611ada2\"},\"headline\":\"Revista BUZUKU, arkiv n\u00eb miniatur\u00eb\",\"datePublished\":\"2014-01-15T04:15:53+00:00\",\"mainEntityOfPage\":{\"@id\":\"https:\\\/\\\/fjala.info\\\/2009-2015\\\/revista-buzuku-arkiv-ne-miniature\\\/\"},\"wordCount\":645,\"commentCount\":0,\"publisher\":{\"@id\":\"https:\\\/\\\/fjala.info\\\/2009-2015\\\/#organization\"},\"image\":{\"@id\":\"https:\\\/\\\/fjala.info\\\/2009-2015\\\/revista-buzuku-arkiv-ne-miniature\\\/#primaryimage\"},\"thumbnailUrl\":\"http:\\\/\\\/www.fjala.info\\\/2014\\\/revista_buzuku_perurimi_40_ulqin.jpg\",\"articleSection\":[\"Artikuj\"],\"inLanguage\":\"sq-AL\",\"potentialAction\":[{\"@type\":\"CommentAction\",\"name\":\"Comment\",\"target\":[\"https:\\\/\\\/fjala.info\\\/2009-2015\\\/revista-buzuku-arkiv-ne-miniature\\\/#respond\"]}]},{\"@type\":\"WebPage\",\"@id\":\"https:\\\/\\\/fjala.info\\\/2009-2015\\\/revista-buzuku-arkiv-ne-miniature\\\/\",\"url\":\"https:\\\/\\\/fjala.info\\\/2009-2015\\\/revista-buzuku-arkiv-ne-miniature\\\/\",\"name\":\"Revista BUZUKU, arkiv n\u00eb miniatur\u00eb - FjALA e LIR\u00cb - Arkivi\",\"isPartOf\":{\"@id\":\"https:\\\/\\\/fjala.info\\\/2009-2015\\\/#website\"},\"primaryImageOfPage\":{\"@id\":\"https:\\\/\\\/fjala.info\\\/2009-2015\\\/revista-buzuku-arkiv-ne-miniature\\\/#primaryimage\"},\"image\":{\"@id\":\"https:\\\/\\\/fjala.info\\\/2009-2015\\\/revista-buzuku-arkiv-ne-miniature\\\/#primaryimage\"},\"thumbnailUrl\":\"http:\\\/\\\/www.fjala.info\\\/2014\\\/revista_buzuku_perurimi_40_ulqin.jpg\",\"datePublished\":\"2014-01-15T04:15:53+00:00\",\"breadcrumb\":{\"@id\":\"https:\\\/\\\/fjala.info\\\/2009-2015\\\/revista-buzuku-arkiv-ne-miniature\\\/#breadcrumb\"},\"inLanguage\":\"sq-AL\",\"potentialAction\":[{\"@type\":\"ReadAction\",\"target\":[\"https:\\\/\\\/fjala.info\\\/2009-2015\\\/revista-buzuku-arkiv-ne-miniature\\\/\"]}]},{\"@type\":\"ImageObject\",\"inLanguage\":\"sq-AL\",\"@id\":\"https:\\\/\\\/fjala.info\\\/2009-2015\\\/revista-buzuku-arkiv-ne-miniature\\\/#primaryimage\",\"url\":\"http:\\\/\\\/www.fjala.info\\\/2014\\\/revista_buzuku_perurimi_40_ulqin.jpg\",\"contentUrl\":\"http:\\\/\\\/www.fjala.info\\\/2014\\\/revista_buzuku_perurimi_40_ulqin.jpg\"},{\"@type\":\"BreadcrumbList\",\"@id\":\"https:\\\/\\\/fjala.info\\\/2009-2015\\\/revista-buzuku-arkiv-ne-miniature\\\/#breadcrumb\",\"itemListElement\":[{\"@type\":\"ListItem\",\"position\":1,\"name\":\"Home\",\"item\":\"https:\\\/\\\/fjala.info\\\/2009-2015\\\/\"},{\"@type\":\"ListItem\",\"position\":2,\"name\":\"Revista BUZUKU, arkiv n\u00eb miniatur\u00eb\"}]},{\"@type\":\"WebSite\",\"@id\":\"https:\\\/\\\/fjala.info\\\/2009-2015\\\/#website\",\"url\":\"https:\\\/\\\/fjala.info\\\/2009-2015\\\/\",\"name\":\"FjALA e LIR\u00cb - Arkivi\",\"description\":\"Arkivi 2009-2015\",\"publisher\":{\"@id\":\"https:\\\/\\\/fjala.info\\\/2009-2015\\\/#organization\"},\"potentialAction\":[{\"@type\":\"SearchAction\",\"target\":{\"@type\":\"EntryPoint\",\"urlTemplate\":\"https:\\\/\\\/fjala.info\\\/2009-2015\\\/?s={search_term_string}\"},\"query-input\":{\"@type\":\"PropertyValueSpecification\",\"valueRequired\":true,\"valueName\":\"search_term_string\"}}],\"inLanguage\":\"sq-AL\"},{\"@type\":\"Organization\",\"@id\":\"https:\\\/\\\/fjala.info\\\/2009-2015\\\/#organization\",\"name\":\"FjALA e LIR\u00cb - Arkivi\",\"url\":\"https:\\\/\\\/fjala.info\\\/2009-2015\\\/\",\"logo\":{\"@type\":\"ImageObject\",\"inLanguage\":\"sq-AL\",\"@id\":\"https:\\\/\\\/fjala.info\\\/2009-2015\\\/#\\\/schema\\\/logo\\\/image\\\/\",\"url\":\"\",\"contentUrl\":\"\",\"caption\":\"FjALA e LIR\u00cb - Arkivi\"},\"image\":{\"@id\":\"https:\\\/\\\/fjala.info\\\/2009-2015\\\/#\\\/schema\\\/logo\\\/image\\\/\"}},{\"@type\":\"Person\",\"@id\":\"https:\\\/\\\/fjala.info\\\/2009-2015\\\/#\\\/schema\\\/person\\\/3aa1163ef05469c496fc94e77611ada2\",\"name\":\"admin\",\"image\":{\"@type\":\"ImageObject\",\"inLanguage\":\"sq-AL\",\"@id\":\"https:\\\/\\\/fjala.info\\\/2009-2015\\\/wp-content\\\/uploads\\\/2012\\\/02\\\/arben_cokaj-120x150.jpg\",\"url\":\"https:\\\/\\\/fjala.info\\\/2009-2015\\\/wp-content\\\/uploads\\\/2012\\\/02\\\/arben_cokaj-120x150.jpg\",\"contentUrl\":\"https:\\\/\\\/fjala.info\\\/2009-2015\\\/wp-content\\\/uploads\\\/2012\\\/02\\\/arben_cokaj-120x150.jpg\",\"caption\":\"admin\"},\"description\":\"Admin, Fjala e Lir\u00eb\",\"sameAs\":[\"https:\\\/\\\/fjala.info\\\/\"],\"url\":\"https:\\\/\\\/fjala.info\\\/2009-2015\\\/author\\\/admin\\\/\"}]}<\/script>\n<!-- \/ Yoast SEO plugin. -->","yoast_head_json":{"title":"Revista BUZUKU, arkiv n\u00eb miniatur\u00eb - FjALA e LIR\u00cb - Arkivi","robots":{"index":"index","follow":"follow","max-snippet":"max-snippet:-1","max-image-preview":"max-image-preview:large","max-video-preview":"max-video-preview:-1"},"canonical":"https:\/\/fjala.info\/2009-2015\/revista-buzuku-arkiv-ne-miniature\/","og_locale":"sq_AL","og_type":"article","og_title":"Revista BUZUKU, arkiv n\u00eb miniatur\u00eb - FjALA e LIR\u00cb - Arkivi","og_description":"(me rastin e botimit t\u00eb numrit 40-jubilar) N\u00eb gam\u00ebn e revistave dhe periodikut n\u00eb shqip n\u00eb Mal t\u00eb Zi, n\u00eb periudh\u00ebn e pluralizmit vend t\u00eb r\u00ebnd\u00ebsish\u00ebm z\u00ebn\u00eb edhe revista BUZUKU, ku dit\u00eb m\u00eb par\u00eb doli n\u00eb qarkullim numri jubilar i 40-ti m\u00eb radh\u00eb i saj. Numri i par\u00eb revsit\u00ebs BUZUKU \u00ebsht\u00eb botuar me 27.6.2001, nd\u00ebrsa [&hellip;]","og_url":"https:\/\/fjala.info\/2009-2015\/revista-buzuku-arkiv-ne-miniature\/","og_site_name":"FjALA e LIR\u00cb - Arkivi","article_published_time":"2014-01-15T04:15:53+00:00","og_image":[{"url":"http:\/\/www.fjala.info\/2014\/revista_buzuku_perurimi_40_ulqin.jpg","type":"","width":"","height":""}],"author":"admin","twitter_card":"summary_large_image","twitter_misc":{"Written by":"admin","Est. reading time":"3 minutes"},"schema":{"@context":"https:\/\/schema.org","@graph":[{"@type":"Article","@id":"https:\/\/fjala.info\/2009-2015\/revista-buzuku-arkiv-ne-miniature\/#article","isPartOf":{"@id":"https:\/\/fjala.info\/2009-2015\/revista-buzuku-arkiv-ne-miniature\/"},"author":{"name":"admin","@id":"https:\/\/fjala.info\/2009-2015\/#\/schema\/person\/3aa1163ef05469c496fc94e77611ada2"},"headline":"Revista BUZUKU, arkiv n\u00eb miniatur\u00eb","datePublished":"2014-01-15T04:15:53+00:00","mainEntityOfPage":{"@id":"https:\/\/fjala.info\/2009-2015\/revista-buzuku-arkiv-ne-miniature\/"},"wordCount":645,"commentCount":0,"publisher":{"@id":"https:\/\/fjala.info\/2009-2015\/#organization"},"image":{"@id":"https:\/\/fjala.info\/2009-2015\/revista-buzuku-arkiv-ne-miniature\/#primaryimage"},"thumbnailUrl":"http:\/\/www.fjala.info\/2014\/revista_buzuku_perurimi_40_ulqin.jpg","articleSection":["Artikuj"],"inLanguage":"sq-AL","potentialAction":[{"@type":"CommentAction","name":"Comment","target":["https:\/\/fjala.info\/2009-2015\/revista-buzuku-arkiv-ne-miniature\/#respond"]}]},{"@type":"WebPage","@id":"https:\/\/fjala.info\/2009-2015\/revista-buzuku-arkiv-ne-miniature\/","url":"https:\/\/fjala.info\/2009-2015\/revista-buzuku-arkiv-ne-miniature\/","name":"Revista BUZUKU, arkiv n\u00eb miniatur\u00eb - FjALA e LIR\u00cb - Arkivi","isPartOf":{"@id":"https:\/\/fjala.info\/2009-2015\/#website"},"primaryImageOfPage":{"@id":"https:\/\/fjala.info\/2009-2015\/revista-buzuku-arkiv-ne-miniature\/#primaryimage"},"image":{"@id":"https:\/\/fjala.info\/2009-2015\/revista-buzuku-arkiv-ne-miniature\/#primaryimage"},"thumbnailUrl":"http:\/\/www.fjala.info\/2014\/revista_buzuku_perurimi_40_ulqin.jpg","datePublished":"2014-01-15T04:15:53+00:00","breadcrumb":{"@id":"https:\/\/fjala.info\/2009-2015\/revista-buzuku-arkiv-ne-miniature\/#breadcrumb"},"inLanguage":"sq-AL","potentialAction":[{"@type":"ReadAction","target":["https:\/\/fjala.info\/2009-2015\/revista-buzuku-arkiv-ne-miniature\/"]}]},{"@type":"ImageObject","inLanguage":"sq-AL","@id":"https:\/\/fjala.info\/2009-2015\/revista-buzuku-arkiv-ne-miniature\/#primaryimage","url":"http:\/\/www.fjala.info\/2014\/revista_buzuku_perurimi_40_ulqin.jpg","contentUrl":"http:\/\/www.fjala.info\/2014\/revista_buzuku_perurimi_40_ulqin.jpg"},{"@type":"BreadcrumbList","@id":"https:\/\/fjala.info\/2009-2015\/revista-buzuku-arkiv-ne-miniature\/#breadcrumb","itemListElement":[{"@type":"ListItem","position":1,"name":"Home","item":"https:\/\/fjala.info\/2009-2015\/"},{"@type":"ListItem","position":2,"name":"Revista BUZUKU, arkiv n\u00eb miniatur\u00eb"}]},{"@type":"WebSite","@id":"https:\/\/fjala.info\/2009-2015\/#website","url":"https:\/\/fjala.info\/2009-2015\/","name":"FjALA e LIR\u00cb - Arkivi","description":"Arkivi 2009-2015","publisher":{"@id":"https:\/\/fjala.info\/2009-2015\/#organization"},"potentialAction":[{"@type":"SearchAction","target":{"@type":"EntryPoint","urlTemplate":"https:\/\/fjala.info\/2009-2015\/?s={search_term_string}"},"query-input":{"@type":"PropertyValueSpecification","valueRequired":true,"valueName":"search_term_string"}}],"inLanguage":"sq-AL"},{"@type":"Organization","@id":"https:\/\/fjala.info\/2009-2015\/#organization","name":"FjALA e LIR\u00cb - Arkivi","url":"https:\/\/fjala.info\/2009-2015\/","logo":{"@type":"ImageObject","inLanguage":"sq-AL","@id":"https:\/\/fjala.info\/2009-2015\/#\/schema\/logo\/image\/","url":"","contentUrl":"","caption":"FjALA e LIR\u00cb - Arkivi"},"image":{"@id":"https:\/\/fjala.info\/2009-2015\/#\/schema\/logo\/image\/"}},{"@type":"Person","@id":"https:\/\/fjala.info\/2009-2015\/#\/schema\/person\/3aa1163ef05469c496fc94e77611ada2","name":"admin","image":{"@type":"ImageObject","inLanguage":"sq-AL","@id":"https:\/\/fjala.info\/2009-2015\/wp-content\/uploads\/2012\/02\/arben_cokaj-120x150.jpg","url":"https:\/\/fjala.info\/2009-2015\/wp-content\/uploads\/2012\/02\/arben_cokaj-120x150.jpg","contentUrl":"https:\/\/fjala.info\/2009-2015\/wp-content\/uploads\/2012\/02\/arben_cokaj-120x150.jpg","caption":"admin"},"description":"Admin, Fjala e Lir\u00eb","sameAs":["https:\/\/fjala.info\/"],"url":"https:\/\/fjala.info\/2009-2015\/author\/admin\/"}]}},"_links":{"self":[{"href":"https:\/\/fjala.info\/2009-2015\/wp-json\/wp\/v2\/posts\/155","targetHints":{"allow":["GET"]}}],"collection":[{"href":"https:\/\/fjala.info\/2009-2015\/wp-json\/wp\/v2\/posts"}],"about":[{"href":"https:\/\/fjala.info\/2009-2015\/wp-json\/wp\/v2\/types\/post"}],"author":[{"embeddable":true,"href":"https:\/\/fjala.info\/2009-2015\/wp-json\/wp\/v2\/users\/1"}],"replies":[{"embeddable":true,"href":"https:\/\/fjala.info\/2009-2015\/wp-json\/wp\/v2\/comments?post=155"}],"version-history":[{"count":0,"href":"https:\/\/fjala.info\/2009-2015\/wp-json\/wp\/v2\/posts\/155\/revisions"}],"wp:attachment":[{"href":"https:\/\/fjala.info\/2009-2015\/wp-json\/wp\/v2\/media?parent=155"}],"wp:term":[{"taxonomy":"category","embeddable":true,"href":"https:\/\/fjala.info\/2009-2015\/wp-json\/wp\/v2\/categories?post=155"},{"taxonomy":"post_tag","embeddable":true,"href":"https:\/\/fjala.info\/2009-2015\/wp-json\/wp\/v2\/tags?post=155"}],"curies":[{"name":"wp","href":"https:\/\/api.w.org\/{rel}","templated":true}]}}